{"id":20110,"date":"2023-05-25T00:05:16","date_gmt":"2023-05-24T22:05:16","guid":{"rendered":"https:\/\/www.salesianos.edu\/revistasmx\/?p=20110"},"modified":"2023-03-28T14:06:14","modified_gmt":"2023-03-28T12:06:14","slug":"la-basilica-de-maria-auxiliadora-2","status":"publish","type":"post","link":"https:\/\/www.salesianos.edu\/revistasmx\/ca\/la-basilica-de-maria-auxiliadora-2\/","title":{"rendered":"La Bas\u00edlica de Maria Auxiliadora"},"content":{"rendered":"<div id=\"fb-root\"><\/div>\n<p>[et_pb_section fb_built=\u00bb1&#8243; admin_label=\u00bbsection\u00bb _builder_version=\u00bb4.16&#8243; global_colors_info=\u00bb{}\u00bb][et_pb_row admin_label=\u00bbrow\u00bb _builder_version=\u00bb4.16&#8243; background_size=\u00bbinitial\u00bb background_position=\u00bbtop_left\u00bb background_repeat=\u00bbrepeat\u00bb global_colors_info=\u00bb{}\u00bb][et_pb_column type=\u00bb4_4&#8243; _builder_version=\u00bb4.16&#8243; custom_padding=\u00bb|||\u00bb global_colors_info=\u00bb{}\u00bb custom_padding__hover=\u00bb|||\u00bb][et_pb_text _builder_version=\u00bb4.20.2&#8243; _module_preset=\u00bbdefault\u00bb hover_enabled=\u00bb0&#8243; sticky_enabled=\u00bb0&#8243;]<\/p>\n<p><span style=\"font-weight: 400\">Aquesta fotografia de la Bas\u00edlica de Maria Auxiliadora l&#8217;any 1878 exposa en una vista exterior panor\u00e0mica de l&#8217;Oratori Salesi\u00e0 de Valdocco a Tor\u00ed. La imatge mostra l\u2019aspecte d\u2019aquesta casa salesiana a escassos anys de la inauguraci\u00f3 de la bas\u00edlica. Pot ser una de les primeres fotos d\u2019aquest edifici acabat.<\/span><\/p>\n<p><span style=\"font-weight: 400\">Des de llavors, l&#8217;esgl\u00e9sia de Maria Auxiliadora ja no era un somni de Don Bosco; \u00e9s una realitat per a tots nosaltres. Un somni als nou anys orienta Don Bosco en el projecte de la seva vida i li ofereix a una mestra.<\/span><\/p>\n<p><span style=\"font-weight: 400\">Un altre somni li reclama: \u201cEn aquest lloc&#8230; jo vull que D\u00e9u sigui honrat de manera espl\u00e8ndida. Vaig veure una grandiosa esgl\u00e9sia&#8230;\u201d. Una bella Esgl\u00e9sia realitzada per un gran Sant. Un lloc on es pot apreciar el magn\u00edfic quadre devocional de Maria Auxiliadora, obra del pintor Lorenzone amb indicacions del mateix Don Bosco.<\/span><\/p>\n<p><span style=\"font-weight: 400\">Constru\u00efda per l&#8217;arquitecte Spezia, que va dissenyar una esgl\u00e9sia de planta de creu llatina, gaireb\u00e9 sense ornaments. La seva consagraci\u00f3 va ser el 9 de juny del 1868 amb la celebraci\u00f3 de la primera missa de l&#8217;arquebisbe de Tor\u00ed, Monsenyor Alejandro Riccardi; a continuaci\u00f3 va celebrar Don Bosco la segona missa. A l&#8217;esgl\u00e9sia hi havia 1.200 joves.<\/span><\/p>\n<p><span style=\"font-weight: 400\">Don Bosco va comen\u00e7ar aquesta construcci\u00f3 nom\u00e9s amb tres monedes de vint centaus. \u201cI quan hem comen\u00e7at una obra tenint diners per al projecte? \u00c9s bo que deixem a la Divina Provid\u00e8ncia que faci la seva feina!\u201d Don Bosco comentava a les seves mem\u00f2ries.<\/span><\/p>\n<p><span style=\"font-weight: 400\">Dades imatge:<\/span><\/p>\n<p><span style=\"font-weight: 400\">Fotografia en paper fotogr\u00e0fic sobre suport cartr\u00f3, original d\u2019epoca.1878.<\/span><\/p>\n<p><span style=\"font-weight: 400\">Reproducci\u00f3 amb dispositiu m\u00f2bil de 32 M.<\/span><\/p>\n<p><span style=\"font-weight: 400\">ARXIU HIST\u00d2RIC SALESI\u00c0 DE ROMA.<\/span><\/p>\n<p>&nbsp;<\/p>\n<p>[\/et_pb_text][\/et_pb_column][\/et_pb_row][\/et_pb_section]<\/p>\n","protected":false},"excerpt":{"rendered":"<p>Aquesta fotografia de la Bas\u00edlica de Maria Auxiliadora l&#8217;any 1878 exposa en una vista exterior panor\u00e0mica de l&#8217;Oratori Salesi\u00e0 de Valdocco a Tor\u00ed.<\/p>\n","protected":false},"author":5,"featured_media":20097,"comment_status":"open","ping_status":"closed","sticky":false,"template":"","format":"standard","meta":{"_et_pb_use_builder":"on","_et_pb_old_content":"","_et_gb_content_width":"","footnotes":""},"categories":[66],"tags":[],"class_list":["post-20110","post","type-post","status-publish","format-standard","has-post-thumbnail","hentry","category-imatge-historica"],"yoast_head":"<!-- This site is optimized with the Yoast SEO plugin v27.5 - https:\/\/yoast.com\/product\/yoast-seo-wordpress\/ -->\n<title>La Bas\u00edlica de Maria Auxiliadora - Revista SMX<\/title>\n<meta name=\"robots\" content=\"index, follow, max-snippet:-1, max-image-preview:large, max-video-preview:-1\" \/>\n<link rel=\"canonical\" href=\"https:\/\/www.salesianos.edu\/revistasmx\/ca\/la-basilica-de-maria-auxiliadora-2\/\" \/>\n<meta property=\"og:locale\" content=\"es_ES\" \/>\n<meta property=\"og:type\" content=\"article\" \/>\n<meta property=\"og:title\" content=\"La Bas\u00edlica de Maria Auxiliadora - Revista SMX\" \/>\n<meta property=\"og:description\" content=\"Aquesta fotografia de la Bas\u00edlica de Maria Auxiliadora l&#039;any 1878 exposa en una vista exterior panor\u00e0mica de l&#039;Oratori Salesi\u00e0 de Valdocco a Tor\u00ed.\" \/>\n<meta property=\"og:url\" content=\"https:\/\/www.salesianos.edu\/revistasmx\/ca\/la-basilica-de-maria-auxiliadora-2\/\" \/>\n<meta property=\"og:site_name\" content=\"Revista SMX\" \/>\n<meta property=\"article:published_time\" content=\"2023-05-24T22:05:16+00:00\" \/>\n<meta property=\"og:image\" content=\"https:\/\/www.salesianos.edu\/revistasmx\/wp-content\/uploads\/sites\/8\/2023\/03\/Captura-de-pantalla-2023-03-08-a-las-8.59.41.png\" \/>\n\t<meta property=\"og:image:width\" content=\"444\" \/>\n\t<meta property=\"og:image:height\" content=\"338\" \/>\n\t<meta property=\"og:image:type\" content=\"image\/png\" \/>\n<meta name=\"author\" content=\"martapeirat\" \/>\n<meta name=\"twitter:card\" content=\"summary_large_image\" \/>\n<meta name=\"twitter:label1\" content=\"Escrito por\" \/>\n\t<meta name=\"twitter:data1\" content=\"martapeirat\" \/>\n<script type=\"application\/ld+json\" class=\"yoast-schema-graph\">{\"@context\":\"https:\\\/\\\/schema.org\",\"@graph\":[{\"@type\":\"Article\",\"@id\":\"https:\\\/\\\/www.salesianos.edu\\\/revistasmx\\\/ca\\\/la-basilica-de-maria-auxiliadora-2\\\/#article\",\"isPartOf\":{\"@id\":\"https:\\\/\\\/www.salesianos.edu\\\/revistasmx\\\/ca\\\/la-basilica-de-maria-auxiliadora-2\\\/\"},\"author\":{\"name\":\"martapeirat\",\"@id\":\"https:\\\/\\\/www.salesianos.edu\\\/revistasmx\\\/#\\\/schema\\\/person\\\/20a80be1bb4e0ed82068c57facf5b237\"},\"headline\":\"La Bas\u00edlica de Maria Auxiliadora\",\"datePublished\":\"2023-05-24T22:05:16+00:00\",\"mainEntityOfPage\":{\"@id\":\"https:\\\/\\\/www.salesianos.edu\\\/revistasmx\\\/ca\\\/la-basilica-de-maria-auxiliadora-2\\\/\"},\"wordCount\":373,\"commentCount\":0,\"image\":{\"@id\":\"https:\\\/\\\/www.salesianos.edu\\\/revistasmx\\\/ca\\\/la-basilica-de-maria-auxiliadora-2\\\/#primaryimage\"},\"thumbnailUrl\":\"https:\\\/\\\/www.salesianos.edu\\\/revistasmx\\\/wp-content\\\/uploads\\\/sites\\\/8\\\/2023\\\/03\\\/Captura-de-pantalla-2023-03-08-a-las-8.59.41.png\",\"articleSection\":[\"IMATGE HISTORICA\"],\"inLanguage\":\"es\",\"potentialAction\":[{\"@type\":\"CommentAction\",\"name\":\"Comment\",\"target\":[\"https:\\\/\\\/www.salesianos.edu\\\/revistasmx\\\/ca\\\/la-basilica-de-maria-auxiliadora-2\\\/#respond\"]}]},{\"@type\":\"WebPage\",\"@id\":\"https:\\\/\\\/www.salesianos.edu\\\/revistasmx\\\/ca\\\/la-basilica-de-maria-auxiliadora-2\\\/\",\"url\":\"https:\\\/\\\/www.salesianos.edu\\\/revistasmx\\\/ca\\\/la-basilica-de-maria-auxiliadora-2\\\/\",\"name\":\"La Bas\u00edlica de Maria Auxiliadora - Revista SMX\",\"isPartOf\":{\"@id\":\"https:\\\/\\\/www.salesianos.edu\\\/revistasmx\\\/#website\"},\"primaryImageOfPage\":{\"@id\":\"https:\\\/\\\/www.salesianos.edu\\\/revistasmx\\\/ca\\\/la-basilica-de-maria-auxiliadora-2\\\/#primaryimage\"},\"image\":{\"@id\":\"https:\\\/\\\/www.salesianos.edu\\\/revistasmx\\\/ca\\\/la-basilica-de-maria-auxiliadora-2\\\/#primaryimage\"},\"thumbnailUrl\":\"https:\\\/\\\/www.salesianos.edu\\\/revistasmx\\\/wp-content\\\/uploads\\\/sites\\\/8\\\/2023\\\/03\\\/Captura-de-pantalla-2023-03-08-a-las-8.59.41.png\",\"datePublished\":\"2023-05-24T22:05:16+00:00\",\"author\":{\"@id\":\"https:\\\/\\\/www.salesianos.edu\\\/revistasmx\\\/#\\\/schema\\\/person\\\/20a80be1bb4e0ed82068c57facf5b237\"},\"breadcrumb\":{\"@id\":\"https:\\\/\\\/www.salesianos.edu\\\/revistasmx\\\/ca\\\/la-basilica-de-maria-auxiliadora-2\\\/#breadcrumb\"},\"inLanguage\":\"es\",\"potentialAction\":[{\"@type\":\"ReadAction\",\"target\":[\"https:\\\/\\\/www.salesianos.edu\\\/revistasmx\\\/ca\\\/la-basilica-de-maria-auxiliadora-2\\\/\"]}]},{\"@type\":\"ImageObject\",\"inLanguage\":\"es\",\"@id\":\"https:\\\/\\\/www.salesianos.edu\\\/revistasmx\\\/ca\\\/la-basilica-de-maria-auxiliadora-2\\\/#primaryimage\",\"url\":\"https:\\\/\\\/www.salesianos.edu\\\/revistasmx\\\/wp-content\\\/uploads\\\/sites\\\/8\\\/2023\\\/03\\\/Captura-de-pantalla-2023-03-08-a-las-8.59.41.png\",\"contentUrl\":\"https:\\\/\\\/www.salesianos.edu\\\/revistasmx\\\/wp-content\\\/uploads\\\/sites\\\/8\\\/2023\\\/03\\\/Captura-de-pantalla-2023-03-08-a-las-8.59.41.png\",\"width\":444,\"height\":338},{\"@type\":\"BreadcrumbList\",\"@id\":\"https:\\\/\\\/www.salesianos.edu\\\/revistasmx\\\/ca\\\/la-basilica-de-maria-auxiliadora-2\\\/#breadcrumb\",\"itemListElement\":[{\"@type\":\"ListItem\",\"position\":1,\"name\":\"Portada\",\"item\":\"https:\\\/\\\/www.salesianos.edu\\\/revistasmx\\\/\"},{\"@type\":\"ListItem\",\"position\":2,\"name\":\"La Bas\u00edlica de Maria Auxiliadora\"}]},{\"@type\":\"WebSite\",\"@id\":\"https:\\\/\\\/www.salesianos.edu\\\/revistasmx\\\/#website\",\"url\":\"https:\\\/\\\/www.salesianos.edu\\\/revistasmx\\\/\",\"name\":\"Revista SMX\",\"description\":\"P\u00e1gina oficial de Inspector\u00eda Salesiana Mar\u00eda Auxiliadora\",\"potentialAction\":[{\"@type\":\"SearchAction\",\"target\":{\"@type\":\"EntryPoint\",\"urlTemplate\":\"https:\\\/\\\/www.salesianos.edu\\\/revistasmx\\\/?s={search_term_string}\"},\"query-input\":{\"@type\":\"PropertyValueSpecification\",\"valueRequired\":true,\"valueName\":\"search_term_string\"}}],\"inLanguage\":\"es\"},{\"@type\":\"Person\",\"@id\":\"https:\\\/\\\/www.salesianos.edu\\\/revistasmx\\\/#\\\/schema\\\/person\\\/20a80be1bb4e0ed82068c57facf5b237\",\"name\":\"martapeirat\",\"image\":{\"@type\":\"ImageObject\",\"inLanguage\":\"es\",\"@id\":\"https:\\\/\\\/secure.gravatar.com\\\/avatar\\\/1139b81b40ed1dde466563679597db378e7092bbfdd7ebb264c437fedde866d7?s=96&d=mm&r=g\",\"url\":\"https:\\\/\\\/secure.gravatar.com\\\/avatar\\\/1139b81b40ed1dde466563679597db378e7092bbfdd7ebb264c437fedde866d7?s=96&d=mm&r=g\",\"contentUrl\":\"https:\\\/\\\/secure.gravatar.com\\\/avatar\\\/1139b81b40ed1dde466563679597db378e7092bbfdd7ebb264c437fedde866d7?s=96&d=mm&r=g\",\"caption\":\"martapeirat\"}}]}<\/script>\n<!-- \/ Yoast SEO plugin. -->","yoast_head_json":{"title":"La Bas\u00edlica de Maria Auxiliadora - Revista SMX","robots":{"index":"index","follow":"follow","max-snippet":"max-snippet:-1","max-image-preview":"max-image-preview:large","max-video-preview":"max-video-preview:-1"},"canonical":"https:\/\/www.salesianos.edu\/revistasmx\/ca\/la-basilica-de-maria-auxiliadora-2\/","og_locale":"es_ES","og_type":"article","og_title":"La Bas\u00edlica de Maria Auxiliadora - Revista SMX","og_description":"Aquesta fotografia de la Bas\u00edlica de Maria Auxiliadora l'any 1878 exposa en una vista exterior panor\u00e0mica de l'Oratori Salesi\u00e0 de Valdocco a Tor\u00ed.","og_url":"https:\/\/www.salesianos.edu\/revistasmx\/ca\/la-basilica-de-maria-auxiliadora-2\/","og_site_name":"Revista SMX","article_published_time":"2023-05-24T22:05:16+00:00","og_image":[{"width":444,"height":338,"url":"https:\/\/www.salesianos.edu\/revistasmx\/wp-content\/uploads\/sites\/8\/2023\/03\/Captura-de-pantalla-2023-03-08-a-las-8.59.41.png","type":"image\/png"}],"author":"martapeirat","twitter_card":"summary_large_image","twitter_misc":{"Escrito por":"martapeirat"},"schema":{"@context":"https:\/\/schema.org","@graph":[{"@type":"Article","@id":"https:\/\/www.salesianos.edu\/revistasmx\/ca\/la-basilica-de-maria-auxiliadora-2\/#article","isPartOf":{"@id":"https:\/\/www.salesianos.edu\/revistasmx\/ca\/la-basilica-de-maria-auxiliadora-2\/"},"author":{"name":"martapeirat","@id":"https:\/\/www.salesianos.edu\/revistasmx\/#\/schema\/person\/20a80be1bb4e0ed82068c57facf5b237"},"headline":"La Bas\u00edlica de Maria Auxiliadora","datePublished":"2023-05-24T22:05:16+00:00","mainEntityOfPage":{"@id":"https:\/\/www.salesianos.edu\/revistasmx\/ca\/la-basilica-de-maria-auxiliadora-2\/"},"wordCount":373,"commentCount":0,"image":{"@id":"https:\/\/www.salesianos.edu\/revistasmx\/ca\/la-basilica-de-maria-auxiliadora-2\/#primaryimage"},"thumbnailUrl":"https:\/\/www.salesianos.edu\/revistasmx\/wp-content\/uploads\/sites\/8\/2023\/03\/Captura-de-pantalla-2023-03-08-a-las-8.59.41.png","articleSection":["IMATGE HISTORICA"],"inLanguage":"es","potentialAction":[{"@type":"CommentAction","name":"Comment","target":["https:\/\/www.salesianos.edu\/revistasmx\/ca\/la-basilica-de-maria-auxiliadora-2\/#respond"]}]},{"@type":"WebPage","@id":"https:\/\/www.salesianos.edu\/revistasmx\/ca\/la-basilica-de-maria-auxiliadora-2\/","url":"https:\/\/www.salesianos.edu\/revistasmx\/ca\/la-basilica-de-maria-auxiliadora-2\/","name":"La Bas\u00edlica de Maria Auxiliadora - Revista SMX","isPartOf":{"@id":"https:\/\/www.salesianos.edu\/revistasmx\/#website"},"primaryImageOfPage":{"@id":"https:\/\/www.salesianos.edu\/revistasmx\/ca\/la-basilica-de-maria-auxiliadora-2\/#primaryimage"},"image":{"@id":"https:\/\/www.salesianos.edu\/revistasmx\/ca\/la-basilica-de-maria-auxiliadora-2\/#primaryimage"},"thumbnailUrl":"https:\/\/www.salesianos.edu\/revistasmx\/wp-content\/uploads\/sites\/8\/2023\/03\/Captura-de-pantalla-2023-03-08-a-las-8.59.41.png","datePublished":"2023-05-24T22:05:16+00:00","author":{"@id":"https:\/\/www.salesianos.edu\/revistasmx\/#\/schema\/person\/20a80be1bb4e0ed82068c57facf5b237"},"breadcrumb":{"@id":"https:\/\/www.salesianos.edu\/revistasmx\/ca\/la-basilica-de-maria-auxiliadora-2\/#breadcrumb"},"inLanguage":"es","potentialAction":[{"@type":"ReadAction","target":["https:\/\/www.salesianos.edu\/revistasmx\/ca\/la-basilica-de-maria-auxiliadora-2\/"]}]},{"@type":"ImageObject","inLanguage":"es","@id":"https:\/\/www.salesianos.edu\/revistasmx\/ca\/la-basilica-de-maria-auxiliadora-2\/#primaryimage","url":"https:\/\/www.salesianos.edu\/revistasmx\/wp-content\/uploads\/sites\/8\/2023\/03\/Captura-de-pantalla-2023-03-08-a-las-8.59.41.png","contentUrl":"https:\/\/www.salesianos.edu\/revistasmx\/wp-content\/uploads\/sites\/8\/2023\/03\/Captura-de-pantalla-2023-03-08-a-las-8.59.41.png","width":444,"height":338},{"@type":"BreadcrumbList","@id":"https:\/\/www.salesianos.edu\/revistasmx\/ca\/la-basilica-de-maria-auxiliadora-2\/#breadcrumb","itemListElement":[{"@type":"ListItem","position":1,"name":"Portada","item":"https:\/\/www.salesianos.edu\/revistasmx\/"},{"@type":"ListItem","position":2,"name":"La Bas\u00edlica de Maria Auxiliadora"}]},{"@type":"WebSite","@id":"https:\/\/www.salesianos.edu\/revistasmx\/#website","url":"https:\/\/www.salesianos.edu\/revistasmx\/","name":"Revista SMX","description":"P\u00e1gina oficial de Inspector\u00eda Salesiana Mar\u00eda Auxiliadora","potentialAction":[{"@type":"SearchAction","target":{"@type":"EntryPoint","urlTemplate":"https:\/\/www.salesianos.edu\/revistasmx\/?s={search_term_string}"},"query-input":{"@type":"PropertyValueSpecification","valueRequired":true,"valueName":"search_term_string"}}],"inLanguage":"es"},{"@type":"Person","@id":"https:\/\/www.salesianos.edu\/revistasmx\/#\/schema\/person\/20a80be1bb4e0ed82068c57facf5b237","name":"martapeirat","image":{"@type":"ImageObject","inLanguage":"es","@id":"https:\/\/secure.gravatar.com\/avatar\/1139b81b40ed1dde466563679597db378e7092bbfdd7ebb264c437fedde866d7?s=96&d=mm&r=g","url":"https:\/\/secure.gravatar.com\/avatar\/1139b81b40ed1dde466563679597db378e7092bbfdd7ebb264c437fedde866d7?s=96&d=mm&r=g","contentUrl":"https:\/\/secure.gravatar.com\/avatar\/1139b81b40ed1dde466563679597db378e7092bbfdd7ebb264c437fedde866d7?s=96&d=mm&r=g","caption":"martapeirat"}}]}},"_links":{"self":[{"href":"https:\/\/www.salesianos.edu\/revistasmx\/wp-json\/wp\/v2\/posts\/20110","targetHints":{"allow":["GET"]}}],"collection":[{"href":"https:\/\/www.salesianos.edu\/revistasmx\/wp-json\/wp\/v2\/posts"}],"about":[{"href":"https:\/\/www.salesianos.edu\/revistasmx\/wp-json\/wp\/v2\/types\/post"}],"author":[{"embeddable":true,"href":"https:\/\/www.salesianos.edu\/revistasmx\/wp-json\/wp\/v2\/users\/5"}],"replies":[{"embeddable":true,"href":"https:\/\/www.salesianos.edu\/revistasmx\/wp-json\/wp\/v2\/comments?post=20110"}],"version-history":[{"count":3,"href":"https:\/\/www.salesianos.edu\/revistasmx\/wp-json\/wp\/v2\/posts\/20110\/revisions"}],"predecessor-version":[{"id":20114,"href":"https:\/\/www.salesianos.edu\/revistasmx\/wp-json\/wp\/v2\/posts\/20110\/revisions\/20114"}],"wp:featuredmedia":[{"embeddable":true,"href":"https:\/\/www.salesianos.edu\/revistasmx\/wp-json\/wp\/v2\/media\/20097"}],"wp:attachment":[{"href":"https:\/\/www.salesianos.edu\/revistasmx\/wp-json\/wp\/v2\/media?parent=20110"}],"wp:term":[{"taxonomy":"category","embeddable":true,"href":"https:\/\/www.salesianos.edu\/revistasmx\/wp-json\/wp\/v2\/categories?post=20110"},{"taxonomy":"post_tag","embeddable":true,"href":"https:\/\/www.salesianos.edu\/revistasmx\/wp-json\/wp\/v2\/tags?post=20110"}],"curies":[{"name":"wp","href":"https:\/\/api.w.org\/{rel}","templated":true}]}}