{"id":19932,"date":"2023-03-02T00:35:11","date_gmt":"2023-03-01T23:35:11","guid":{"rendered":"https:\/\/www.salesianos.edu\/revistasmx\/?p=19932"},"modified":"2023-03-03T13:09:21","modified_gmt":"2023-03-03T12:09:21","slug":"les-24-de-nerea-ferri","status":"publish","type":"post","link":"https:\/\/www.salesianos.edu\/revistasmx\/ca\/les-24-de-nerea-ferri\/","title":{"rendered":"Les 24 de Nerea Ferri"},"content":{"rendered":"<div id=\"fb-root\"><\/div>\n<p>[et_pb_section fb_built=\u00bb1&#8243; admin_label=\u00bbsection\u00bb _builder_version=\u00bb4.16&#8243; global_colors_info=\u00bb{}\u00bb][et_pb_row admin_label=\u00bbrow\u00bb _builder_version=\u00bb4.16&#8243; background_size=\u00bbinitial\u00bb background_position=\u00bbtop_left\u00bb background_repeat=\u00bbrepeat\u00bb global_colors_info=\u00bb{}\u00bb][et_pb_column type=\u00bb4_4&#8243; _builder_version=\u00bb4.16&#8243; custom_padding=\u00bb|||\u00bb global_colors_info=\u00bb{}\u00bb custom_padding__hover=\u00bb|||\u00bb][et_pb_text _builder_version=\u00bb4.20.0&#8243; _module_preset=\u00bbdefault\u00bb global_colors_info=\u00bb{}\u00bb]<\/p>\n<p>Quan tenia 15 anys va arribar per casualitat a una associaci\u00f3 juvenil salesiana i, un parell d&#8217;anys m\u00e9s tard, va comen\u00e7ar el seu voluntariat. Ara, viu el carisma salesi\u00e0 com a estil de vida a diferents entitats, com el Centre Juvenil Joan XXIII o Pinardi, la Fede, l&#8217;Escola Don Bosco, FISAT\u2026<\/p>\n<p>\u2022 Edat: 29<\/p>\n<p>\u2022 Un n\u00famero: 22<\/p>\n<p>\u2022 Una ciutat: Val\u00e8ncia<\/p>\n<p>\u2022 Una can\u00e7\u00f3: Mapa Tesoro, de Nicol\u00e1s Ibarburu<\/p>\n<p>\u2022 Un llibre: Memorias de una salvaje, de Bebi Fern\u00e1ndez<\/p>\n<p>\u2022 Una pel\u00b7l\u00edcula: La caba\u00f1a<\/p>\n<p>\u2022 Quin personatge de s\u00e8rie voldries ser? Amanita, de Sense8<\/p>\n<p>\u2022 Aficionat a: passar temps amb mi mateixa<\/p>\n<p>\u2022 Menjar preferit: Una bona amanida d&#8217;aquelles que porten de tot<\/p>\n<p>\u2022 Alguna cosa que no et treus mai: La inquietud per aprendre i reconstruir<\/p>\n<p>\u2022 Una qualitat: La intenci\u00f3 de ser coherent<\/p>\n<p>\u2022 Un record d&#8217;estiu salesi\u00e0: La meva primera vegada com a claustre de l&#8217;Escola Don Bosco<\/p>\n<p>\u2022 La veritable amistat: aquella que no exigeix<\/p>\n<p>\u2022 L&#8217;amor m\u00e9s pur: el que es construeix amb paci\u00e8ncia<\/p>\n<p>\u2022 La millor experi\u00e8ncia en clau salesiana: Les col\u00f2nies d&#8217;estiu del 2016<\/p>\n<p>\u2022 \u00c9s possible renunciar a tot per: no crec que sigui possible<\/p>\n<p>\u2022 Si tornessis enrere: intentaria gaudir m\u00e9s del cam\u00ed<\/p>\n<p>\u2022 Un lema: millorar la versi\u00f3<\/p>\n<p>\u2022 Cosa que canviaries del m\u00f3n: les persones que no reconeixen els seus privilegis<\/p>\n<p>\u2022 Maria Auxiliadora: mare amable<\/p>\n<p>\u2022 La vocaci\u00f3 en 140 car\u00e0cters: estar al servei i sentir-te agra\u00efda<\/p>\n<p>\u2022 Un desig: que perdonem no nom\u00e9s quan ho mereixen, sin\u00f3 quan ho necessiten<\/p>\n<p>\u2022 Un passatge de la vida de Don Bosco: El senyor Pinardi i l&#8217;inici d&#8217;un somni.<\/p>\n<p>\u2022 Un missatge adre\u00e7at als joves: Com diu la M.O.D.A. \u201cimpossible ser neutral sobre un tren en moviment\u201d, agafem el present i transformem el m\u00f3n.<\/p>\n<p>[\/et_pb_text][\/et_pb_column][\/et_pb_row][\/et_pb_section]<\/p>\n","protected":false},"excerpt":{"rendered":"<p>Viu el carisma salesi\u00e0 com a estil de vida a diferents entitats, com el Centre Juvenil Joan XXIII o Pinardi, la Fede, l&#8217;Escola Don Bosco, FISAT.<\/p>\n","protected":false},"author":5,"featured_media":19908,"comment_status":"open","ping_status":"closed","sticky":false,"template":"","format":"standard","meta":{"_et_pb_use_builder":"on","_et_pb_old_content":"","_et_gb_content_width":"","footnotes":""},"categories":[55],"tags":[],"class_list":["post-19932","post","type-post","status-publish","format-standard","has-post-thumbnail","hentry","category-les-24-de"],"yoast_head":"<!-- This site is optimized with the Yoast SEO plugin v27.5 - https:\/\/yoast.com\/product\/yoast-seo-wordpress\/ -->\n<title>Les 24 de Nerea Ferri - Revista SMX<\/title>\n<meta name=\"robots\" content=\"index, follow, max-snippet:-1, max-image-preview:large, max-video-preview:-1\" \/>\n<link rel=\"canonical\" href=\"https:\/\/www.salesianos.edu\/revistasmx\/ca\/les-24-de-nerea-ferri\/\" \/>\n<meta property=\"og:locale\" content=\"es_ES\" \/>\n<meta property=\"og:type\" content=\"article\" \/>\n<meta property=\"og:title\" content=\"Les 24 de Nerea Ferri - Revista SMX\" \/>\n<meta property=\"og:description\" content=\"Viu el carisma salesi\u00e0 com a estil de vida a diferents entitats, com el Centre Juvenil Joan XXIII o Pinardi, la Fede, l&#039;Escola Don Bosco, FISAT.\" \/>\n<meta property=\"og:url\" content=\"https:\/\/www.salesianos.edu\/revistasmx\/ca\/les-24-de-nerea-ferri\/\" \/>\n<meta property=\"og:site_name\" content=\"Revista SMX\" \/>\n<meta property=\"article:published_time\" content=\"2023-03-01T23:35:11+00:00\" \/>\n<meta property=\"article:modified_time\" content=\"2023-03-03T12:09:21+00:00\" \/>\n<meta property=\"og:image\" content=\"https:\/\/www.salesianos.edu\/revistasmx\/wp-content\/uploads\/sites\/8\/2023\/02\/IMG-20180913-WA0001.jpg\" \/>\n\t<meta property=\"og:image:width\" content=\"1078\" \/>\n\t<meta property=\"og:image:height\" content=\"1018\" \/>\n\t<meta property=\"og:image:type\" content=\"image\/jpeg\" \/>\n<meta name=\"author\" content=\"martapeirat\" \/>\n<meta name=\"twitter:card\" content=\"summary_large_image\" \/>\n<meta name=\"twitter:label1\" content=\"Escrito por\" \/>\n\t<meta name=\"twitter:data1\" content=\"martapeirat\" \/>\n\t<meta name=\"twitter:label2\" content=\"Tiempo de lectura\" \/>\n\t<meta name=\"twitter:data2\" content=\"2 minutos\" \/>\n<script type=\"application\/ld+json\" class=\"yoast-schema-graph\">{\"@context\":\"https:\\\/\\\/schema.org\",\"@graph\":[{\"@type\":\"Article\",\"@id\":\"https:\\\/\\\/www.salesianos.edu\\\/revistasmx\\\/ca\\\/les-24-de-nerea-ferri\\\/#article\",\"isPartOf\":{\"@id\":\"https:\\\/\\\/www.salesianos.edu\\\/revistasmx\\\/ca\\\/les-24-de-nerea-ferri\\\/\"},\"author\":{\"name\":\"martapeirat\",\"@id\":\"https:\\\/\\\/www.salesianos.edu\\\/revistasmx\\\/#\\\/schema\\\/person\\\/20a80be1bb4e0ed82068c57facf5b237\"},\"headline\":\"Les 24 de Nerea Ferri\",\"datePublished\":\"2023-03-01T23:35:11+00:00\",\"dateModified\":\"2023-03-03T12:09:21+00:00\",\"mainEntityOfPage\":{\"@id\":\"https:\\\/\\\/www.salesianos.edu\\\/revistasmx\\\/ca\\\/les-24-de-nerea-ferri\\\/\"},\"wordCount\":374,\"commentCount\":0,\"image\":{\"@id\":\"https:\\\/\\\/www.salesianos.edu\\\/revistasmx\\\/ca\\\/les-24-de-nerea-ferri\\\/#primaryimage\"},\"thumbnailUrl\":\"https:\\\/\\\/www.salesianos.edu\\\/revistasmx\\\/wp-content\\\/uploads\\\/sites\\\/8\\\/2023\\\/02\\\/IMG-20180913-WA0001.jpg\",\"articleSection\":[\"LES 24 DE\"],\"inLanguage\":\"es\",\"potentialAction\":[{\"@type\":\"CommentAction\",\"name\":\"Comment\",\"target\":[\"https:\\\/\\\/www.salesianos.edu\\\/revistasmx\\\/ca\\\/les-24-de-nerea-ferri\\\/#respond\"]}]},{\"@type\":\"WebPage\",\"@id\":\"https:\\\/\\\/www.salesianos.edu\\\/revistasmx\\\/ca\\\/les-24-de-nerea-ferri\\\/\",\"url\":\"https:\\\/\\\/www.salesianos.edu\\\/revistasmx\\\/ca\\\/les-24-de-nerea-ferri\\\/\",\"name\":\"Les 24 de Nerea Ferri - Revista SMX\",\"isPartOf\":{\"@id\":\"https:\\\/\\\/www.salesianos.edu\\\/revistasmx\\\/#website\"},\"primaryImageOfPage\":{\"@id\":\"https:\\\/\\\/www.salesianos.edu\\\/revistasmx\\\/ca\\\/les-24-de-nerea-ferri\\\/#primaryimage\"},\"image\":{\"@id\":\"https:\\\/\\\/www.salesianos.edu\\\/revistasmx\\\/ca\\\/les-24-de-nerea-ferri\\\/#primaryimage\"},\"thumbnailUrl\":\"https:\\\/\\\/www.salesianos.edu\\\/revistasmx\\\/wp-content\\\/uploads\\\/sites\\\/8\\\/2023\\\/02\\\/IMG-20180913-WA0001.jpg\",\"datePublished\":\"2023-03-01T23:35:11+00:00\",\"dateModified\":\"2023-03-03T12:09:21+00:00\",\"author\":{\"@id\":\"https:\\\/\\\/www.salesianos.edu\\\/revistasmx\\\/#\\\/schema\\\/person\\\/20a80be1bb4e0ed82068c57facf5b237\"},\"breadcrumb\":{\"@id\":\"https:\\\/\\\/www.salesianos.edu\\\/revistasmx\\\/ca\\\/les-24-de-nerea-ferri\\\/#breadcrumb\"},\"inLanguage\":\"es\",\"potentialAction\":[{\"@type\":\"ReadAction\",\"target\":[\"https:\\\/\\\/www.salesianos.edu\\\/revistasmx\\\/ca\\\/les-24-de-nerea-ferri\\\/\"]}]},{\"@type\":\"ImageObject\",\"inLanguage\":\"es\",\"@id\":\"https:\\\/\\\/www.salesianos.edu\\\/revistasmx\\\/ca\\\/les-24-de-nerea-ferri\\\/#primaryimage\",\"url\":\"https:\\\/\\\/www.salesianos.edu\\\/revistasmx\\\/wp-content\\\/uploads\\\/sites\\\/8\\\/2023\\\/02\\\/IMG-20180913-WA0001.jpg\",\"contentUrl\":\"https:\\\/\\\/www.salesianos.edu\\\/revistasmx\\\/wp-content\\\/uploads\\\/sites\\\/8\\\/2023\\\/02\\\/IMG-20180913-WA0001.jpg\",\"width\":1078,\"height\":1018},{\"@type\":\"BreadcrumbList\",\"@id\":\"https:\\\/\\\/www.salesianos.edu\\\/revistasmx\\\/ca\\\/les-24-de-nerea-ferri\\\/#breadcrumb\",\"itemListElement\":[{\"@type\":\"ListItem\",\"position\":1,\"name\":\"Portada\",\"item\":\"https:\\\/\\\/www.salesianos.edu\\\/revistasmx\\\/\"},{\"@type\":\"ListItem\",\"position\":2,\"name\":\"Les 24 de Nerea Ferri\"}]},{\"@type\":\"WebSite\",\"@id\":\"https:\\\/\\\/www.salesianos.edu\\\/revistasmx\\\/#website\",\"url\":\"https:\\\/\\\/www.salesianos.edu\\\/revistasmx\\\/\",\"name\":\"Revista SMX\",\"description\":\"P\u00e1gina oficial de Inspector\u00eda Salesiana Mar\u00eda Auxiliadora\",\"potentialAction\":[{\"@type\":\"SearchAction\",\"target\":{\"@type\":\"EntryPoint\",\"urlTemplate\":\"https:\\\/\\\/www.salesianos.edu\\\/revistasmx\\\/?s={search_term_string}\"},\"query-input\":{\"@type\":\"PropertyValueSpecification\",\"valueRequired\":true,\"valueName\":\"search_term_string\"}}],\"inLanguage\":\"es\"},{\"@type\":\"Person\",\"@id\":\"https:\\\/\\\/www.salesianos.edu\\\/revistasmx\\\/#\\\/schema\\\/person\\\/20a80be1bb4e0ed82068c57facf5b237\",\"name\":\"martapeirat\",\"image\":{\"@type\":\"ImageObject\",\"inLanguage\":\"es\",\"@id\":\"https:\\\/\\\/secure.gravatar.com\\\/avatar\\\/1139b81b40ed1dde466563679597db378e7092bbfdd7ebb264c437fedde866d7?s=96&d=mm&r=g\",\"url\":\"https:\\\/\\\/secure.gravatar.com\\\/avatar\\\/1139b81b40ed1dde466563679597db378e7092bbfdd7ebb264c437fedde866d7?s=96&d=mm&r=g\",\"contentUrl\":\"https:\\\/\\\/secure.gravatar.com\\\/avatar\\\/1139b81b40ed1dde466563679597db378e7092bbfdd7ebb264c437fedde866d7?s=96&d=mm&r=g\",\"caption\":\"martapeirat\"}}]}<\/script>\n<!-- \/ Yoast SEO plugin. -->","yoast_head_json":{"title":"Les 24 de Nerea Ferri - Revista SMX","robots":{"index":"index","follow":"follow","max-snippet":"max-snippet:-1","max-image-preview":"max-image-preview:large","max-video-preview":"max-video-preview:-1"},"canonical":"https:\/\/www.salesianos.edu\/revistasmx\/ca\/les-24-de-nerea-ferri\/","og_locale":"es_ES","og_type":"article","og_title":"Les 24 de Nerea Ferri - Revista SMX","og_description":"Viu el carisma salesi\u00e0 com a estil de vida a diferents entitats, com el Centre Juvenil Joan XXIII o Pinardi, la Fede, l'Escola Don Bosco, FISAT.","og_url":"https:\/\/www.salesianos.edu\/revistasmx\/ca\/les-24-de-nerea-ferri\/","og_site_name":"Revista SMX","article_published_time":"2023-03-01T23:35:11+00:00","article_modified_time":"2023-03-03T12:09:21+00:00","og_image":[{"width":1078,"height":1018,"url":"https:\/\/www.salesianos.edu\/revistasmx\/wp-content\/uploads\/sites\/8\/2023\/02\/IMG-20180913-WA0001.jpg","type":"image\/jpeg"}],"author":"martapeirat","twitter_card":"summary_large_image","twitter_misc":{"Escrito por":"martapeirat","Tiempo de lectura":"2 minutos"},"schema":{"@context":"https:\/\/schema.org","@graph":[{"@type":"Article","@id":"https:\/\/www.salesianos.edu\/revistasmx\/ca\/les-24-de-nerea-ferri\/#article","isPartOf":{"@id":"https:\/\/www.salesianos.edu\/revistasmx\/ca\/les-24-de-nerea-ferri\/"},"author":{"name":"martapeirat","@id":"https:\/\/www.salesianos.edu\/revistasmx\/#\/schema\/person\/20a80be1bb4e0ed82068c57facf5b237"},"headline":"Les 24 de Nerea Ferri","datePublished":"2023-03-01T23:35:11+00:00","dateModified":"2023-03-03T12:09:21+00:00","mainEntityOfPage":{"@id":"https:\/\/www.salesianos.edu\/revistasmx\/ca\/les-24-de-nerea-ferri\/"},"wordCount":374,"commentCount":0,"image":{"@id":"https:\/\/www.salesianos.edu\/revistasmx\/ca\/les-24-de-nerea-ferri\/#primaryimage"},"thumbnailUrl":"https:\/\/www.salesianos.edu\/revistasmx\/wp-content\/uploads\/sites\/8\/2023\/02\/IMG-20180913-WA0001.jpg","articleSection":["LES 24 DE"],"inLanguage":"es","potentialAction":[{"@type":"CommentAction","name":"Comment","target":["https:\/\/www.salesianos.edu\/revistasmx\/ca\/les-24-de-nerea-ferri\/#respond"]}]},{"@type":"WebPage","@id":"https:\/\/www.salesianos.edu\/revistasmx\/ca\/les-24-de-nerea-ferri\/","url":"https:\/\/www.salesianos.edu\/revistasmx\/ca\/les-24-de-nerea-ferri\/","name":"Les 24 de Nerea Ferri - Revista SMX","isPartOf":{"@id":"https:\/\/www.salesianos.edu\/revistasmx\/#website"},"primaryImageOfPage":{"@id":"https:\/\/www.salesianos.edu\/revistasmx\/ca\/les-24-de-nerea-ferri\/#primaryimage"},"image":{"@id":"https:\/\/www.salesianos.edu\/revistasmx\/ca\/les-24-de-nerea-ferri\/#primaryimage"},"thumbnailUrl":"https:\/\/www.salesianos.edu\/revistasmx\/wp-content\/uploads\/sites\/8\/2023\/02\/IMG-20180913-WA0001.jpg","datePublished":"2023-03-01T23:35:11+00:00","dateModified":"2023-03-03T12:09:21+00:00","author":{"@id":"https:\/\/www.salesianos.edu\/revistasmx\/#\/schema\/person\/20a80be1bb4e0ed82068c57facf5b237"},"breadcrumb":{"@id":"https:\/\/www.salesianos.edu\/revistasmx\/ca\/les-24-de-nerea-ferri\/#breadcrumb"},"inLanguage":"es","potentialAction":[{"@type":"ReadAction","target":["https:\/\/www.salesianos.edu\/revistasmx\/ca\/les-24-de-nerea-ferri\/"]}]},{"@type":"ImageObject","inLanguage":"es","@id":"https:\/\/www.salesianos.edu\/revistasmx\/ca\/les-24-de-nerea-ferri\/#primaryimage","url":"https:\/\/www.salesianos.edu\/revistasmx\/wp-content\/uploads\/sites\/8\/2023\/02\/IMG-20180913-WA0001.jpg","contentUrl":"https:\/\/www.salesianos.edu\/revistasmx\/wp-content\/uploads\/sites\/8\/2023\/02\/IMG-20180913-WA0001.jpg","width":1078,"height":1018},{"@type":"BreadcrumbList","@id":"https:\/\/www.salesianos.edu\/revistasmx\/ca\/les-24-de-nerea-ferri\/#breadcrumb","itemListElement":[{"@type":"ListItem","position":1,"name":"Portada","item":"https:\/\/www.salesianos.edu\/revistasmx\/"},{"@type":"ListItem","position":2,"name":"Les 24 de Nerea Ferri"}]},{"@type":"WebSite","@id":"https:\/\/www.salesianos.edu\/revistasmx\/#website","url":"https:\/\/www.salesianos.edu\/revistasmx\/","name":"Revista SMX","description":"P\u00e1gina oficial de Inspector\u00eda Salesiana Mar\u00eda Auxiliadora","potentialAction":[{"@type":"SearchAction","target":{"@type":"EntryPoint","urlTemplate":"https:\/\/www.salesianos.edu\/revistasmx\/?s={search_term_string}"},"query-input":{"@type":"PropertyValueSpecification","valueRequired":true,"valueName":"search_term_string"}}],"inLanguage":"es"},{"@type":"Person","@id":"https:\/\/www.salesianos.edu\/revistasmx\/#\/schema\/person\/20a80be1bb4e0ed82068c57facf5b237","name":"martapeirat","image":{"@type":"ImageObject","inLanguage":"es","@id":"https:\/\/secure.gravatar.com\/avatar\/1139b81b40ed1dde466563679597db378e7092bbfdd7ebb264c437fedde866d7?s=96&d=mm&r=g","url":"https:\/\/secure.gravatar.com\/avatar\/1139b81b40ed1dde466563679597db378e7092bbfdd7ebb264c437fedde866d7?s=96&d=mm&r=g","contentUrl":"https:\/\/secure.gravatar.com\/avatar\/1139b81b40ed1dde466563679597db378e7092bbfdd7ebb264c437fedde866d7?s=96&d=mm&r=g","caption":"martapeirat"}}]}},"_links":{"self":[{"href":"https:\/\/www.salesianos.edu\/revistasmx\/wp-json\/wp\/v2\/posts\/19932","targetHints":{"allow":["GET"]}}],"collection":[{"href":"https:\/\/www.salesianos.edu\/revistasmx\/wp-json\/wp\/v2\/posts"}],"about":[{"href":"https:\/\/www.salesianos.edu\/revistasmx\/wp-json\/wp\/v2\/types\/post"}],"author":[{"embeddable":true,"href":"https:\/\/www.salesianos.edu\/revistasmx\/wp-json\/wp\/v2\/users\/5"}],"replies":[{"embeddable":true,"href":"https:\/\/www.salesianos.edu\/revistasmx\/wp-json\/wp\/v2\/comments?post=19932"}],"version-history":[{"count":5,"href":"https:\/\/www.salesianos.edu\/revistasmx\/wp-json\/wp\/v2\/posts\/19932\/revisions"}],"predecessor-version":[{"id":19937,"href":"https:\/\/www.salesianos.edu\/revistasmx\/wp-json\/wp\/v2\/posts\/19932\/revisions\/19937"}],"wp:featuredmedia":[{"embeddable":true,"href":"https:\/\/www.salesianos.edu\/revistasmx\/wp-json\/wp\/v2\/media\/19908"}],"wp:attachment":[{"href":"https:\/\/www.salesianos.edu\/revistasmx\/wp-json\/wp\/v2\/media?parent=19932"}],"wp:term":[{"taxonomy":"category","embeddable":true,"href":"https:\/\/www.salesianos.edu\/revistasmx\/wp-json\/wp\/v2\/categories?post=19932"},{"taxonomy":"post_tag","embeddable":true,"href":"https:\/\/www.salesianos.edu\/revistasmx\/wp-json\/wp\/v2\/tags?post=19932"}],"curies":[{"name":"wp","href":"https:\/\/api.w.org\/{rel}","templated":true}]}}