{"id":19745,"date":"2023-02-01T13:43:29","date_gmt":"2023-02-01T12:43:29","guid":{"rendered":"https:\/\/www.salesianos.edu\/revistasmx\/?p=19745"},"modified":"2023-02-02T13:26:50","modified_gmt":"2023-02-02T12:26:50","slug":"la-vocacion-sin-limites-patente-en-los-educadores-salesianos-de-las-plataformas-de-educacion-social","status":"publish","type":"post","link":"https:\/\/www.salesianos.edu\/revistasmx\/la-vocacion-sin-limites-patente-en-los-educadores-salesianos-de-las-plataformas-de-educacion-social\/","title":{"rendered":"La vocaci\u00f3n sin l\u00edmites en los educadores de las Plataformas de Educaci\u00f3n Social Salesianas"},"content":{"rendered":"<div id=\"fb-root\"><\/div>\n<p>[et_pb_section fb_built=\u00bb1&#8243; admin_label=\u00bbsection\u00bb _builder_version=\u00bb4.16&#8243; global_colors_info=\u00bb{}\u00bb][et_pb_row admin_label=\u00bbrow\u00bb _builder_version=\u00bb4.16&#8243; background_size=\u00bbinitial\u00bb background_position=\u00bbtop_left\u00bb background_repeat=\u00bbrepeat\u00bb global_colors_info=\u00bb{}\u00bb][et_pb_column type=\u00bb4_4&#8243; _builder_version=\u00bb4.16&#8243; custom_padding=\u00bb|||\u00bb global_colors_info=\u00bb{}\u00bb custom_padding__hover=\u00bb|||\u00bb][et_pb_text _builder_version=\u00bb4.19.5&#8243; _module_preset=\u00bbdefault\u00bb global_colors_info=\u00bb{}\u00bb]<\/p>\n<p><strong>Los educadores salesianos de las Plataformas de Educaci\u00f3n Social dedican un espacio a hablar de su labor educativa y preventiva con la juventud m\u00e1s necesitada. Una oportunidad para contar su experiencia y su visi\u00f3n del trabajo de los Salesianos por los \u00faltimos de la sociedad.<\/strong><\/p>\n<p><span style=\"font-weight: 400\">Las <\/span><b>entidades sociales salesianas<\/b><span style=\"font-weight: 400\"> son servicios educativos integrales que responden a una verdadera <\/span><b>opci\u00f3n misionera y de presencia familiar entre los j\u00f3venes en situaci\u00f3n de riesgo<\/b><span style=\"font-weight: 400\">. Actualmente son tres las entidades Salesianas que desarrollan esta labor en toda la Inspector\u00eda Salesiana Mar\u00eda Auxiliadora: <a href=\"https:\/\/fundaciondonbosco.es\/\">Fundaci\u00f3n Don Bosco<\/a>, <a href=\"https:\/\/www.fisat.es\/\">Fundaci\u00f3n FISAT<\/a> y <a href=\"https:\/\/www.salesianssantjordi.org\/es\/fundacion-jovent\/\">Fundaci\u00f3n Sant Jordi.<\/a><\/span><\/p>\n<p><span style=\"font-weight: 400\">La visibilizaci\u00f3n de la labor que se desarrolla en las mismas es muy importante para\u00a0 acercar el valor de los proyectos sociales salesianos como espacios de transformaci\u00f3n. Uno de los principales altavoces est\u00e1 en los canales de comunicaci\u00f3n. Cuentan con perfiles activos en redes sociales (<strong>Instagram, Facebook, Twitter, Linkedin y Youtube<\/strong>) y un apartado de noticias en cada web donde se puede seguir el d\u00eda a d\u00eda de los diversos proyectos y programas. Cabe destacar que toda esta tarea de difusi\u00f3n est\u00e1 respaldada tanto desde la delegaci\u00f3n de Comunicaci\u00f3n inspectorial como desde las propias casas salesianas que a trav\u00e9s de sus perfiles tambi\u00e9n difunden la labor de los proyectos. Por otro lado, de forma m\u00e1s directa, cada mes se env\u00edan boletines informativos con las noticias destacadas a todas las personas interesadas en conocer el trabajo de la fundaci\u00f3n (socios y socias, voluntariado, etc.).<\/span><\/p>\n<p>[\/et_pb_text][et_pb_video _builder_version=\u00bb4.19.5&#8243; _module_preset=\u00bbdefault\u00bb hover_enabled=\u00bb0&#8243; global_colors_info=\u00bb{}\u00bb src=\u00bbhttps:\/\/www.youtube.com\/watch?v=IBiBp_jCdQs\u00bb sticky_enabled=\u00bb0&#8243;][\/et_pb_video][et_pb_text _builder_version=\u00bb4.19.5&#8243; _module_preset=\u00bbdefault\u00bb global_colors_info=\u00bb{}\u00bb]<\/p>\n<p><span style=\"font-weight: 400\">En el caso de <strong>FISAT<\/strong> se han creado tambi\u00e9n otros productos muy interesantes como los programas de <\/span><b>La Tutor\u00eda de FISAT<\/b><span style=\"font-weight: 400\">, que se pueden ver en youtube y que a trav\u00e9s de un formato de entrevista tipo<\/span><i><span style=\"font-weight: 400\"> late night <\/span><\/i><span style=\"font-weight: 400\">acercan de una manera distinta y con el di\u00e1logo familiar a las experiencia de las personas que trabajan en la entidad, visibilizando no solo el proyecto, sino la vocaci\u00f3n y el carisma salesiano con el que se vive profesionalmente.\u00a0<\/span><\/p>\n<p><span style=\"font-weight: 400\">Por otra parte, cada dos meses la <strong>Fundaci\u00f3n Don Bosco<\/strong> lanza una <a href=\"https:\/\/fundaciondonbosco.es\/innovacion-social\/\">newsletter<\/a> sobre avances y buenas pr\u00e1cticas en innovaci\u00f3n en el tercer sector. Se trata de una publicaci\u00f3n interactiva que como invitaci\u00f3n colectiva a so\u00f1ar un mundo mejor.<\/span><\/p>\n<p><span style=\"font-weight: 400\">Numerosas iniciativas que, como se comparte en cada programa de \u2018La Tutor\u00eda\u2019, siempre habr\u00e1 un espacio para darle voz a los que normalmente escuchan. Las personas que trabajan apostando por la presencia familiar entre los j\u00f3venes en situaci\u00f3n de riesgo.<\/span><\/p>\n<p>[\/et_pb_text][deg_elastic_gallery gallery_ids=\u00bb19748,19749,19750,19751&#8243; _builder_version=\u00bb4.19.5&#8243; _module_preset=\u00bbdefault\u00bb global_colors_info=\u00bb{}\u00bb][\/deg_elastic_gallery][et_pb_text _builder_version=\u00bb4.19.5&#8243; _module_preset=\u00bbdefault\u00bb global_colors_info=\u00bb{}\u00bb]<\/p>\n<h2 style=\"text-align: center\"><span style=\"color: #993300\"><strong>TESTIMONIOS: HABLAN LOS QUE NORMALMENTE ESCUCHAN<\/strong><\/span><\/h2>\n<p>[\/et_pb_text][et_pb_accordion _builder_version=\u00bb4.19.5&#8243; _module_preset=\u00bbdefault\u00bb closed_toggle_font_size=\u00bb18px\u00bb global_colors_info=\u00bb{}\u00bb][et_pb_accordion_item title=\u00bb&#8216;Todo lo que entregas te viene multiplicado por dos&#8217; Natividad Marrero, Taco\u00bb open=\u00bbon\u00bb _builder_version=\u00bb4.19.5&#8243; _module_preset=\u00bbdefault\u00bb global_colors_info=\u00bb{}\u00bb]<\/p>\n<p><em><b>Natividad Marrero<\/b><span style=\"font-weight: 400\"> trabaja en la Escuela de Segunda Oportunidad de Taco.\u00a0<\/span><\/em><\/p>\n<p><span style=\"font-weight: 400\">Mi labor en la Fundaci\u00f3n est\u00e1 destinada, casi por completo, al colectivo de J\u00f3venes que viven una situaci\u00f3n de desventaja con respecto a sus iguales. Chicos y chicas que han salido del sistema reglado, en su mayor parte, o que han migrado y se encuentran fuera del acceso al mercado laboral.\u00a0<\/span><\/p>\n<blockquote>\n<p><b><i>Es un trabajo maravilloso, donde todo lo que entregas te viene multiplicado por dos, y en el que las Segundas Oportunidades, realmente son muy importantes y decisivas para retomar un desarrollo personal adecuado.<\/i><\/b><\/p>\n<\/blockquote>\n<p><span style=\"font-weight: 400\">Acompa\u00f1arlos, guiarlos, proporcionarles ayuda y oportunidades es mi principal funci\u00f3n, para que en un tiempo, lo m\u00e1s corto posible, se encuentren plenamente integrados en la sociedad con igualdad de condiciones que el resto de j\u00f3venes.<\/span><\/p>\n<p>[\/et_pb_accordion_item][et_pb_accordion_item title=\u00bb&#8216;Lo vivo como un reto diario, que exige lo mejor de mi&#8217;, Sonia Humada, Valencia\u00bb _builder_version=\u00bb4.19.5&#8243; _module_preset=\u00bbdefault\u00bb global_colors_info=\u00bb{}\u00bb open=\u00bboff\u00bb]<\/p>\n<p><em><b>Sonia Humada<\/b><span style=\"font-weight: 400\">, directora de la Plataforma Social Salesiana de San Juan Bosco Valencia<\/span><\/em><\/p>\n<p><span style=\"font-weight: 400\">Valoro mucho el estilo salesiano con el que trabajamos, vivir con alegr\u00eda\u00a0 y optimismo, la acogida incondicional, la flexibilidad y el amor educativo. Lo vivo como un reto diario, que exige lo mejor de mi\/nosotros.<\/span><\/p>\n<blockquote>\n<p><b><i>Es muy bonito ver c\u00f3mo pasados los a\u00f1os de haber trabajado y acompa\u00f1ado a un ni\u00f1o, vienen y te expresan c\u00f3mo vivieron ese estilo de primera mano y lo describen perfectamente, c\u00f3mo una forma de hacer que tuvimos con ellos, que les dio sensaci\u00f3n de casa-familia y les reconfort\u00f3 a\u00a0 diario.<\/i><\/b><span style=\"font-weight: 400\">\u00a0<\/span><\/p>\n<\/blockquote>\n<p><span style=\"font-weight: 400\">De esas situaciones extraemos mucha energ\u00eda para seguir con el trabajo que es muy exigente, y adem\u00e1s nos ayuda a ver que el legado de\u00a0 Don Bosco sigue hoy y vivo.<\/span><\/p>\n<p>[\/et_pb_accordion_item][et_pb_accordion_item title=\u00bb&#8216;Es muy importante que los j\u00f3venes se sientan amados y como en casa&#8217;, Joan Pujol\u00e1s, La Mina\u00bb _builder_version=\u00bb4.19.5&#8243; _module_preset=\u00bbdefault\u00bb global_colors_info=\u00bb{}\u00bb open=\u00bboff\u00bb]<\/p>\n<p><em><b>Joan Pujol\u00e0s <\/b><span style=\"font-weight: 400\">es<\/span> <span style=\"font-weight: 400\">director de Plataforma Social en el barrio de La Mina.<\/span><\/em><\/p>\n<p><span style=\"font-weight: 400\">Los diferentes servicios y proyectos que desarrollamos quieren dar respuesta a las necesidades de los ni\u00f1os, adolescentes, j\u00f3venes y sus familias, especialmente a aquellos\/as que se encuentran en una situaci\u00f3n de mayor vulnerabilidad.\u00a0<\/span><\/p>\n<blockquote>\n<p><b><i>Nuestra misi\u00f3n es acompa\u00f1ar a los j\u00f3venes desde el carisma de Don Bosco y los Salesianos, con la gu\u00eda del Sistema Preventivo que nos leg\u00f3 Don Bosco y su amorevolezza. Para nosotros es muy importante que los j\u00f3venes se sientan amados y como en casa, creemos que es desde ah\u00ed desde donde mejor podemos acompa\u00f1ar procesos que los\/as ayuden a ser personas cr\u00edticas, aut\u00f3nomas y participativas, implicadas en la construcci\u00f3n de un barrio mejor y un mundo m\u00e1s justo.<\/i><\/b><\/p>\n<\/blockquote>\n<p>[\/et_pb_accordion_item][et_pb_accordion_item title=\u00bb&#8216;Al estar con ellos, intento que est\u00e9n en un sue\u00f1o y sean capaces de olvidar las realidades que viven en su d\u00eda a d\u00eda&#8217; Pablo Gont\u00e1n, Alcoy\u00bb _builder_version=\u00bb4.19.5&#8243; _module_preset=\u00bbdefault\u00bb global_colors_info=\u00bb{}\u00bb open=\u00bboff\u00bb]<\/p>\n<p><em><b>Pablo Gontan<\/b><span style=\"font-weight: 400\">, educador social del Proyecto de Apoyo Educativo Don Bosco Juan 23 Alcoy<\/span><\/em><\/p>\n<p><span style=\"font-weight: 400\">Todas las tardes nos juntamos con el objetivo de evitar que estos j\u00f3venes est\u00e9n en la calle o realizando actividades\u00a0 no adecuadas para ellos. Una de las actividades m\u00e1s importantes que desempe\u00f1o es el repaso escolar, ya que tener un buen rendimiento acad\u00e9mico, ayuda a evitar la exclusi\u00f3n, porque as\u00ed no se separan del grupo de clase y no se sienten excluidos, adem\u00e1s de este repaso.\u00a0\u00a0<\/span><\/p>\n<blockquote>\n<p><b><i>Lo que m\u00e1s valoro de mi trabajo es que los destinatarios del proyecto sean felices, ver que son capaces de sentirse ni\u00f1os y ni\u00f1as. El objetivo que me he planteado al estar con ellos, es que est\u00e9n en un sue\u00f1o, del cual no quieran despertar y sean capaces de olvidar las realidades que viven en su d\u00eda a d\u00eda.\u00a0<\/i><\/b><\/p>\n<\/blockquote>\n<p><span style=\"font-weight: 400\">Para mi no hay mejor recompensa que cuando alguno de ellos me dice que ha\u00a0 aprobado un examen o directamente cuando vienen y me dan abrazos, ver sus caras de alegr\u00eda no tiene precio y parece un t\u00f3pico pero es as\u00ed.<\/span><\/p>\n<p><span style=\"font-weight: 400\">Yo\u00a0 no soy antiguo alumno de los salesianos, pero un d\u00eda cuando ten\u00eda 7 a\u00f1os un salesiano me invit\u00f3 a entrar a una actividad del centro juvenil, hoy en d\u00eda tengo 32 a\u00f1os\u00a0 y sigo vinculado al 100% a los salesianos, como educador, ese d\u00eda hizo que mi vida cambiase por completo, ya que todo mi entorno est\u00e1 relacionado a los salesianos.\u00a0<\/span><\/p>\n<blockquote>\n<p><b><i>Para mi la labor que hacen los salesianos por los j\u00f3venes es muy importante porque gracias a ellos muchos ni\u00f1os y ni\u00f1as tienen\u00a0 una educaci\u00f3n y pueden tener una segunda oportunidad.\u00a0<\/i><\/b><\/p>\n<\/blockquote>\n<p><span style=\"font-weight: 400\">Al final son un referente para los j\u00f3venes, ya que muchos de ellos no tienen esa figura y gracias a los salesianos pueden ver la vida de otra forma y ver que hay m\u00e1s salidas de las que ellos conocen.\u00a0<\/span><\/p>\n<p>[\/et_pb_accordion_item][et_pb_accordion_item title=\u00bb&#8216;Se sienten que forman parte de una familia y que son acogidos de manera incondicional&#8217;, Olga Garc\u00eda Quintero, Matar\u00f3\u00bb _builder_version=\u00bb4.19.5&#8243; _module_preset=\u00bbdefault\u00bb global_colors_info=\u00bb{}\u00bb open=\u00bboff\u00bb]<\/p>\n<p><em><b>Olga Garc\u00eda\u00a0 Quintero<\/b><span style=\"font-weight: 400\">, Coordinadora de Pastoral y Educadora del Centro Abierto y del Servicio de Atenci\u00f3n a Familias en Matar\u00f3<\/span><\/em><\/p>\n<p><span style=\"font-weight: 400\">El centro abierto es un recurso socioeducativo que atiende a ni\u00f1os y familias fuera del horario lectivo escolar.\u00a0\u00a0<\/span><\/p>\n<blockquote>\n<p><em><b>Lo que m\u00e1s valoro de mi trabajo y de la labor de los salesianos con j\u00f3venes, es ese acompa\u00f1amiento que se hace tanto a nivel educativo como a nivel personal; que estos ni\u00f1os y ni\u00f1as se sientan uno m\u00e1s en un grupo, que se sientan que forman parte de una familia y que son acogidos de manera incondicional.\u00a0<\/b><\/em><\/p>\n<\/blockquote>\n<p><span style=\"font-weight: 400\">A nivel de acompa\u00f1amiento familiar encontramos ciertos momentos en los que las mujeres viven situaciones muy duras. El hecho de encontrar un lugar en el que poder desahogarse y sentirse reconfortadas es algo muy positivo, al mismo tiempo que las acompa\u00f1amos en el aprendizaje e interiorizaci\u00f3n de esas herramientas que las ayuden en su d\u00eda a d\u00eda para poder seguir adelante y afrontar esas situaciones que anteriormente no sab\u00edan gestionar.\u00a0<\/span><\/p>\n<p><span style=\"font-weight: 400\">Y todo en base a esos valores que nos transmiti\u00f3 Don Bosco a lo largo de su vida y de su trabajo: el trabajo preventivo con una sonrisa siempre hacia todos nuestros j\u00f3venes y sus familias.\u00a0<\/span><\/p>\n<p>[\/et_pb_accordion_item][et_pb_accordion_item title=\u00bb&#8216;En muchas ocasiones les hace falta que se les acompa\u00f1e, se les apoye y que les mostremos que les queremos&#8217; David Barqueros, Cartagena\u00bb _builder_version=\u00bb4.19.5&#8243; _module_preset=\u00bbdefault\u00bb global_colors_info=\u00bb{}\u00bb open=\u00bboff\u00bb]<\/p>\n<p><em><b>David Barqueros<\/b><span style=\"font-weight: 400\">, director de la Plataforma Social Salesiana de Cartagena<\/span><\/em><\/p>\n<p><span style=\"font-weight: 400\">Lo que m\u00e1s valoro de mi trabajo es el poder acompa\u00f1ar a personas, tanto destinatarias como los propios compa\u00f1eros y compa\u00f1eras de FISAT, como a voluntarios, en sus distintos momentos y procesos vitales. Tener distintos momentos durante el a\u00f1o para encontrarnos, para conocernos, y poder aprender de unos y de otras.\u00a0<\/span><\/p>\n<blockquote>\n<p><b><i>Lo que m\u00e1s valoro de los salesianos con los j\u00f3venes es la confianza en ellos y ellas, en el creer y apostar que pueden hacer lo que quieran y deseen, solo que en muchas ocasiones les hace falta que se les acompa\u00f1e, que les demos un empuj\u00f3n y que les mostremos que les queremos y les apoyamos.<\/i><\/b><\/p>\n<\/blockquote>\n<p><span style=\"font-weight: 400\">Me vienen muchos nombres, recuerdos y experiencias, pero me quedo sobre todo, con el perfil de chico o chica joven que se acerca a la plataforma social sin \u00e1nimo, sin tener nada claro en su vida, sin estudios, mal asesorado&#8230; y con los\/as que se logra que vuelvan a estudiar o encuentren su primer empleo.<\/span><\/p>\n<p>[\/et_pb_accordion_item][et_pb_accordion_item title=\u00bb&#8216;Lo que m\u00e1s valoro de mi trabajo, es poder acompa\u00f1ar a los j\u00f3venes&#8217; Conchi Recuero, Sevilla\u00bb _builder_version=\u00bb4.19.5&#8243; _module_preset=\u00bbdefault\u00bb global_colors_info=\u00bb{}\u00bb open=\u00bboff\u00bb]<\/p>\n<p><em><b>Conchi Recuero<\/b><span style=\"font-weight: 400\">, Coordinadora del Programa de j\u00f3venes extutelados \u201cBuzzetti\u201d de la Fundaci\u00f3n Don Bosco en Sevilla.<\/span><\/em><\/p>\n<p><span style=\"font-weight: 400\">Lo que m\u00e1s valoro de mi trabajo, es poder acompa\u00f1ar a los j\u00f3venes desde el momento que llegan al recurso, hasta que salen, observando el crecimiento personal y la evoluci\u00f3n formativa, y su inserci\u00f3n laboral, como colof\u00f3n a todo su esfuerzo, viendo cumplidos sus sue\u00f1os.\u00a0<\/span><\/p>\n<blockquote>\n<p><b><i>El sentirse parte de la familia salesiana, la familia de Don Bosco, a la finalizaci\u00f3n de su proceso, es un regalo que nos hacen los j\u00f3venes, porque realmente lo sienten.<\/i><\/b><\/p>\n<\/blockquote>\n<p><span style=\"font-weight: 400\">Mantener el contacto y el v\u00ednculo afectivo con el joven es un regalo, que te sientan como parte de su familia, que te llamen para saber c\u00f3mo est\u00e1s, para compartir sus alegr\u00edas y sus tristezas, y para seguir dando las gracias por todo lo recibido de Don Bosco.<\/span><\/p>\n<blockquote>\n<p><b><i>De los salesianos valoro el compromiso y la labor educativa preventiva e integral, fomentando el protagonismo y la participaci\u00f3n de los j\u00f3venes m\u00e1s vulnerables, los \u00faltimos de esta sociedad, que son los primeros para la familia salesiana. Y sobre todo, una labor realizada desde el coraz\u00f3n, de manera vocacional y con una sonrisa, porque Dios nos quiere alegres. La acogida incondicional a los j\u00f3venes, la confianza, sin olvidar el esfuerzo como instrumento de crecimiento.<\/i><\/b><\/p>\n<\/blockquote>\n<p><span style=\"font-weight: 400\">Momentos especiales me vienen muchos a la cabeza, tanto buenos como menos buenos. La regularizaci\u00f3n administrativa de los j\u00f3venes es uno de los pilares fundamentales en su vida, cuando tienen esa \u00e1rea resuelta ya se centran en la formaci\u00f3n y la inserci\u00f3n laboral.\u00a0<\/span><\/p>\n<blockquote>\n<p><b><i>Cuando tienen resuelta su situaci\u00f3n administrativa de manera favorable, es una alegr\u00eda inexplicable, verlos c\u00f3mo sonr\u00eden, lloran, te abrazan, y dan mil veces las gracias, por haberlos ayudado en la consecuci\u00f3n de dicho tr\u00e1mite para poder seguir viviendo de manera digna en la sociedad de acogida.\u00a0<\/i><\/b><\/p>\n<\/blockquote>\n<p>[\/et_pb_accordion_item][\/et_pb_accordion][deg_elastic_gallery gallery_ids=\u00bb19752,19753,19754,19755,19756,19757,19758,19759,19760,19761,19762,19763,19764,19765,19766,19767,19768,19769,19770,19771,19772,19773,19774,19775,19776,19777,19778,19779,19780,19781,19782,19783,19784,19785,19788&#8243; _builder_version=\u00bb4.19.5&#8243; _module_preset=\u00bbdefault\u00bb global_colors_info=\u00bb{}\u00bb][\/deg_elastic_gallery][\/et_pb_column][\/et_pb_row][\/et_pb_section]<\/p>\n","protected":false},"excerpt":{"rendered":"<p>Los educadores salesianos de las Plataformas de Educaci\u00f3n Social dedican un espacio a hablar de su labor educativa y preventiva con la juventud m\u00e1s necesitada. Una oportunidad para contar su experiencia y su visi\u00f3n del trabajo de los Salesianos por los \u00faltimos de la sociedad.<\/p>\n","protected":false},"author":5,"featured_media":19786,"comment_status":"open","ping_status":"closed","sticky":false,"template":"","format":"standard","meta":{"_et_pb_use_builder":"on","_et_pb_old_content":"","_et_gb_content_width":"","footnotes":""},"categories":[34],"tags":[],"class_list":["post-19745","post","type-post","status-publish","format-standard","has-post-thumbnail","hentry","category-a-fondo"],"yoast_head":"<!-- This site is optimized with the Yoast SEO plugin v27.5 - https:\/\/yoast.com\/product\/yoast-seo-wordpress\/ -->\n<title>La vocaci\u00f3n sin l\u00edmites en los educadores de las Plataformas de Educaci\u00f3n Social Salesianas - Revista SMX<\/title>\n<meta name=\"robots\" content=\"index, follow, max-snippet:-1, max-image-preview:large, max-video-preview:-1\" \/>\n<link rel=\"canonical\" href=\"https:\/\/www.salesianos.edu\/revistasmx\/la-vocacion-sin-limites-patente-en-los-educadores-salesianos-de-las-plataformas-de-educacion-social\/\" \/>\n<meta property=\"og:locale\" content=\"es_ES\" \/>\n<meta property=\"og:type\" content=\"article\" \/>\n<meta property=\"og:title\" content=\"La vocaci\u00f3n sin l\u00edmites en los educadores de las Plataformas de Educaci\u00f3n Social Salesianas - Revista SMX\" \/>\n<meta property=\"og:description\" content=\"Los educadores salesianos de las Plataformas de Educaci\u00f3n Social dedican un espacio a hablar de su labor educativa y preventiva con la juventud m\u00e1s necesitada. Una oportunidad para contar su experiencia y su visi\u00f3n del trabajo de los Salesianos por los \u00faltimos de la sociedad.\" \/>\n<meta property=\"og:url\" content=\"https:\/\/www.salesianos.edu\/revistasmx\/la-vocacion-sin-limites-patente-en-los-educadores-salesianos-de-las-plataformas-de-educacion-social\/\" \/>\n<meta property=\"og:site_name\" content=\"Revista SMX\" \/>\n<meta property=\"article:published_time\" content=\"2023-02-01T12:43:29+00:00\" \/>\n<meta property=\"article:modified_time\" content=\"2023-02-02T12:26:50+00:00\" \/>\n<meta property=\"og:image\" content=\"https:\/\/www.salesianos.edu\/revistasmx\/wp-content\/uploads\/sites\/8\/2023\/02\/0A.ADOLESCENTS-2.jpg\" \/>\n\t<meta property=\"og:image:width\" content=\"2000\" \/>\n\t<meta property=\"og:image:height\" content=\"1500\" \/>\n\t<meta property=\"og:image:type\" content=\"image\/jpeg\" \/>\n<meta name=\"author\" content=\"martapeirat\" \/>\n<meta name=\"twitter:card\" content=\"summary_large_image\" \/>\n<meta name=\"twitter:label1\" content=\"Escrito por\" \/>\n\t<meta name=\"twitter:data1\" content=\"martapeirat\" \/>\n\t<meta name=\"twitter:label2\" content=\"Tiempo de lectura\" \/>\n\t<meta name=\"twitter:data2\" content=\"10 minutos\" \/>\n<script type=\"application\/ld+json\" class=\"yoast-schema-graph\">{\"@context\":\"https:\\\/\\\/schema.org\",\"@graph\":[{\"@type\":\"Article\",\"@id\":\"https:\\\/\\\/www.salesianos.edu\\\/revistasmx\\\/la-vocacion-sin-limites-patente-en-los-educadores-salesianos-de-las-plataformas-de-educacion-social\\\/#article\",\"isPartOf\":{\"@id\":\"https:\\\/\\\/www.salesianos.edu\\\/revistasmx\\\/la-vocacion-sin-limites-patente-en-los-educadores-salesianos-de-las-plataformas-de-educacion-social\\\/\"},\"author\":{\"name\":\"martapeirat\",\"@id\":\"https:\\\/\\\/www.salesianos.edu\\\/revistasmx\\\/#\\\/schema\\\/person\\\/20a80be1bb4e0ed82068c57facf5b237\"},\"headline\":\"La vocaci\u00f3n sin l\u00edmites en los educadores de las Plataformas de Educaci\u00f3n Social Salesianas\",\"datePublished\":\"2023-02-01T12:43:29+00:00\",\"dateModified\":\"2023-02-02T12:26:50+00:00\",\"mainEntityOfPage\":{\"@id\":\"https:\\\/\\\/www.salesianos.edu\\\/revistasmx\\\/la-vocacion-sin-limites-patente-en-los-educadores-salesianos-de-las-plataformas-de-educacion-social\\\/\"},\"wordCount\":2398,\"commentCount\":0,\"image\":{\"@id\":\"https:\\\/\\\/www.salesianos.edu\\\/revistasmx\\\/la-vocacion-sin-limites-patente-en-los-educadores-salesianos-de-las-plataformas-de-educacion-social\\\/#primaryimage\"},\"thumbnailUrl\":\"https:\\\/\\\/www.salesianos.edu\\\/revistasmx\\\/wp-content\\\/uploads\\\/sites\\\/8\\\/2023\\\/02\\\/0A.ADOLESCENTS-2.jpg\",\"articleSection\":[\"A FONDO\"],\"inLanguage\":\"es\",\"potentialAction\":[{\"@type\":\"CommentAction\",\"name\":\"Comment\",\"target\":[\"https:\\\/\\\/www.salesianos.edu\\\/revistasmx\\\/la-vocacion-sin-limites-patente-en-los-educadores-salesianos-de-las-plataformas-de-educacion-social\\\/#respond\"]}]},{\"@type\":\"WebPage\",\"@id\":\"https:\\\/\\\/www.salesianos.edu\\\/revistasmx\\\/la-vocacion-sin-limites-patente-en-los-educadores-salesianos-de-las-plataformas-de-educacion-social\\\/\",\"url\":\"https:\\\/\\\/www.salesianos.edu\\\/revistasmx\\\/la-vocacion-sin-limites-patente-en-los-educadores-salesianos-de-las-plataformas-de-educacion-social\\\/\",\"name\":\"La vocaci\u00f3n sin l\u00edmites en los educadores de las Plataformas de Educaci\u00f3n Social Salesianas - Revista SMX\",\"isPartOf\":{\"@id\":\"https:\\\/\\\/www.salesianos.edu\\\/revistasmx\\\/#website\"},\"primaryImageOfPage\":{\"@id\":\"https:\\\/\\\/www.salesianos.edu\\\/revistasmx\\\/la-vocacion-sin-limites-patente-en-los-educadores-salesianos-de-las-plataformas-de-educacion-social\\\/#primaryimage\"},\"image\":{\"@id\":\"https:\\\/\\\/www.salesianos.edu\\\/revistasmx\\\/la-vocacion-sin-limites-patente-en-los-educadores-salesianos-de-las-plataformas-de-educacion-social\\\/#primaryimage\"},\"thumbnailUrl\":\"https:\\\/\\\/www.salesianos.edu\\\/revistasmx\\\/wp-content\\\/uploads\\\/sites\\\/8\\\/2023\\\/02\\\/0A.ADOLESCENTS-2.jpg\",\"datePublished\":\"2023-02-01T12:43:29+00:00\",\"dateModified\":\"2023-02-02T12:26:50+00:00\",\"author\":{\"@id\":\"https:\\\/\\\/www.salesianos.edu\\\/revistasmx\\\/#\\\/schema\\\/person\\\/20a80be1bb4e0ed82068c57facf5b237\"},\"breadcrumb\":{\"@id\":\"https:\\\/\\\/www.salesianos.edu\\\/revistasmx\\\/la-vocacion-sin-limites-patente-en-los-educadores-salesianos-de-las-plataformas-de-educacion-social\\\/#breadcrumb\"},\"inLanguage\":\"es\",\"potentialAction\":[{\"@type\":\"ReadAction\",\"target\":[\"https:\\\/\\\/www.salesianos.edu\\\/revistasmx\\\/la-vocacion-sin-limites-patente-en-los-educadores-salesianos-de-las-plataformas-de-educacion-social\\\/\"]}]},{\"@type\":\"ImageObject\",\"inLanguage\":\"es\",\"@id\":\"https:\\\/\\\/www.salesianos.edu\\\/revistasmx\\\/la-vocacion-sin-limites-patente-en-los-educadores-salesianos-de-las-plataformas-de-educacion-social\\\/#primaryimage\",\"url\":\"https:\\\/\\\/www.salesianos.edu\\\/revistasmx\\\/wp-content\\\/uploads\\\/sites\\\/8\\\/2023\\\/02\\\/0A.ADOLESCENTS-2.jpg\",\"contentUrl\":\"https:\\\/\\\/www.salesianos.edu\\\/revistasmx\\\/wp-content\\\/uploads\\\/sites\\\/8\\\/2023\\\/02\\\/0A.ADOLESCENTS-2.jpg\",\"width\":2000,\"height\":1500},{\"@type\":\"BreadcrumbList\",\"@id\":\"https:\\\/\\\/www.salesianos.edu\\\/revistasmx\\\/la-vocacion-sin-limites-patente-en-los-educadores-salesianos-de-las-plataformas-de-educacion-social\\\/#breadcrumb\",\"itemListElement\":[{\"@type\":\"ListItem\",\"position\":1,\"name\":\"Portada\",\"item\":\"https:\\\/\\\/www.salesianos.edu\\\/revistasmx\\\/\"},{\"@type\":\"ListItem\",\"position\":2,\"name\":\"La vocaci\u00f3n sin l\u00edmites en los educadores de las Plataformas de Educaci\u00f3n Social Salesianas\"}]},{\"@type\":\"WebSite\",\"@id\":\"https:\\\/\\\/www.salesianos.edu\\\/revistasmx\\\/#website\",\"url\":\"https:\\\/\\\/www.salesianos.edu\\\/revistasmx\\\/\",\"name\":\"Revista SMX\",\"description\":\"P\u00e1gina oficial de Inspector\u00eda Salesiana Mar\u00eda Auxiliadora\",\"potentialAction\":[{\"@type\":\"SearchAction\",\"target\":{\"@type\":\"EntryPoint\",\"urlTemplate\":\"https:\\\/\\\/www.salesianos.edu\\\/revistasmx\\\/?s={search_term_string}\"},\"query-input\":{\"@type\":\"PropertyValueSpecification\",\"valueRequired\":true,\"valueName\":\"search_term_string\"}}],\"inLanguage\":\"es\"},{\"@type\":\"Person\",\"@id\":\"https:\\\/\\\/www.salesianos.edu\\\/revistasmx\\\/#\\\/schema\\\/person\\\/20a80be1bb4e0ed82068c57facf5b237\",\"name\":\"martapeirat\",\"image\":{\"@type\":\"ImageObject\",\"inLanguage\":\"es\",\"@id\":\"https:\\\/\\\/secure.gravatar.com\\\/avatar\\\/1139b81b40ed1dde466563679597db378e7092bbfdd7ebb264c437fedde866d7?s=96&d=mm&r=g\",\"url\":\"https:\\\/\\\/secure.gravatar.com\\\/avatar\\\/1139b81b40ed1dde466563679597db378e7092bbfdd7ebb264c437fedde866d7?s=96&d=mm&r=g\",\"contentUrl\":\"https:\\\/\\\/secure.gravatar.com\\\/avatar\\\/1139b81b40ed1dde466563679597db378e7092bbfdd7ebb264c437fedde866d7?s=96&d=mm&r=g\",\"caption\":\"martapeirat\"}}]}<\/script>\n<!-- \/ Yoast SEO plugin. -->","yoast_head_json":{"title":"La vocaci\u00f3n sin l\u00edmites en los educadores de las Plataformas de Educaci\u00f3n Social Salesianas - Revista SMX","robots":{"index":"index","follow":"follow","max-snippet":"max-snippet:-1","max-image-preview":"max-image-preview:large","max-video-preview":"max-video-preview:-1"},"canonical":"https:\/\/www.salesianos.edu\/revistasmx\/la-vocacion-sin-limites-patente-en-los-educadores-salesianos-de-las-plataformas-de-educacion-social\/","og_locale":"es_ES","og_type":"article","og_title":"La vocaci\u00f3n sin l\u00edmites en los educadores de las Plataformas de Educaci\u00f3n Social Salesianas - Revista SMX","og_description":"Los educadores salesianos de las Plataformas de Educaci\u00f3n Social dedican un espacio a hablar de su labor educativa y preventiva con la juventud m\u00e1s necesitada. Una oportunidad para contar su experiencia y su visi\u00f3n del trabajo de los Salesianos por los \u00faltimos de la sociedad.","og_url":"https:\/\/www.salesianos.edu\/revistasmx\/la-vocacion-sin-limites-patente-en-los-educadores-salesianos-de-las-plataformas-de-educacion-social\/","og_site_name":"Revista SMX","article_published_time":"2023-02-01T12:43:29+00:00","article_modified_time":"2023-02-02T12:26:50+00:00","og_image":[{"width":2000,"height":1500,"url":"https:\/\/www.salesianos.edu\/revistasmx\/wp-content\/uploads\/sites\/8\/2023\/02\/0A.ADOLESCENTS-2.jpg","type":"image\/jpeg"}],"author":"martapeirat","twitter_card":"summary_large_image","twitter_misc":{"Escrito por":"martapeirat","Tiempo de lectura":"10 minutos"},"schema":{"@context":"https:\/\/schema.org","@graph":[{"@type":"Article","@id":"https:\/\/www.salesianos.edu\/revistasmx\/la-vocacion-sin-limites-patente-en-los-educadores-salesianos-de-las-plataformas-de-educacion-social\/#article","isPartOf":{"@id":"https:\/\/www.salesianos.edu\/revistasmx\/la-vocacion-sin-limites-patente-en-los-educadores-salesianos-de-las-plataformas-de-educacion-social\/"},"author":{"name":"martapeirat","@id":"https:\/\/www.salesianos.edu\/revistasmx\/#\/schema\/person\/20a80be1bb4e0ed82068c57facf5b237"},"headline":"La vocaci\u00f3n sin l\u00edmites en los educadores de las Plataformas de Educaci\u00f3n Social Salesianas","datePublished":"2023-02-01T12:43:29+00:00","dateModified":"2023-02-02T12:26:50+00:00","mainEntityOfPage":{"@id":"https:\/\/www.salesianos.edu\/revistasmx\/la-vocacion-sin-limites-patente-en-los-educadores-salesianos-de-las-plataformas-de-educacion-social\/"},"wordCount":2398,"commentCount":0,"image":{"@id":"https:\/\/www.salesianos.edu\/revistasmx\/la-vocacion-sin-limites-patente-en-los-educadores-salesianos-de-las-plataformas-de-educacion-social\/#primaryimage"},"thumbnailUrl":"https:\/\/www.salesianos.edu\/revistasmx\/wp-content\/uploads\/sites\/8\/2023\/02\/0A.ADOLESCENTS-2.jpg","articleSection":["A FONDO"],"inLanguage":"es","potentialAction":[{"@type":"CommentAction","name":"Comment","target":["https:\/\/www.salesianos.edu\/revistasmx\/la-vocacion-sin-limites-patente-en-los-educadores-salesianos-de-las-plataformas-de-educacion-social\/#respond"]}]},{"@type":"WebPage","@id":"https:\/\/www.salesianos.edu\/revistasmx\/la-vocacion-sin-limites-patente-en-los-educadores-salesianos-de-las-plataformas-de-educacion-social\/","url":"https:\/\/www.salesianos.edu\/revistasmx\/la-vocacion-sin-limites-patente-en-los-educadores-salesianos-de-las-plataformas-de-educacion-social\/","name":"La vocaci\u00f3n sin l\u00edmites en los educadores de las Plataformas de Educaci\u00f3n Social Salesianas - Revista SMX","isPartOf":{"@id":"https:\/\/www.salesianos.edu\/revistasmx\/#website"},"primaryImageOfPage":{"@id":"https:\/\/www.salesianos.edu\/revistasmx\/la-vocacion-sin-limites-patente-en-los-educadores-salesianos-de-las-plataformas-de-educacion-social\/#primaryimage"},"image":{"@id":"https:\/\/www.salesianos.edu\/revistasmx\/la-vocacion-sin-limites-patente-en-los-educadores-salesianos-de-las-plataformas-de-educacion-social\/#primaryimage"},"thumbnailUrl":"https:\/\/www.salesianos.edu\/revistasmx\/wp-content\/uploads\/sites\/8\/2023\/02\/0A.ADOLESCENTS-2.jpg","datePublished":"2023-02-01T12:43:29+00:00","dateModified":"2023-02-02T12:26:50+00:00","author":{"@id":"https:\/\/www.salesianos.edu\/revistasmx\/#\/schema\/person\/20a80be1bb4e0ed82068c57facf5b237"},"breadcrumb":{"@id":"https:\/\/www.salesianos.edu\/revistasmx\/la-vocacion-sin-limites-patente-en-los-educadores-salesianos-de-las-plataformas-de-educacion-social\/#breadcrumb"},"inLanguage":"es","potentialAction":[{"@type":"ReadAction","target":["https:\/\/www.salesianos.edu\/revistasmx\/la-vocacion-sin-limites-patente-en-los-educadores-salesianos-de-las-plataformas-de-educacion-social\/"]}]},{"@type":"ImageObject","inLanguage":"es","@id":"https:\/\/www.salesianos.edu\/revistasmx\/la-vocacion-sin-limites-patente-en-los-educadores-salesianos-de-las-plataformas-de-educacion-social\/#primaryimage","url":"https:\/\/www.salesianos.edu\/revistasmx\/wp-content\/uploads\/sites\/8\/2023\/02\/0A.ADOLESCENTS-2.jpg","contentUrl":"https:\/\/www.salesianos.edu\/revistasmx\/wp-content\/uploads\/sites\/8\/2023\/02\/0A.ADOLESCENTS-2.jpg","width":2000,"height":1500},{"@type":"BreadcrumbList","@id":"https:\/\/www.salesianos.edu\/revistasmx\/la-vocacion-sin-limites-patente-en-los-educadores-salesianos-de-las-plataformas-de-educacion-social\/#breadcrumb","itemListElement":[{"@type":"ListItem","position":1,"name":"Portada","item":"https:\/\/www.salesianos.edu\/revistasmx\/"},{"@type":"ListItem","position":2,"name":"La vocaci\u00f3n sin l\u00edmites en los educadores de las Plataformas de Educaci\u00f3n Social Salesianas"}]},{"@type":"WebSite","@id":"https:\/\/www.salesianos.edu\/revistasmx\/#website","url":"https:\/\/www.salesianos.edu\/revistasmx\/","name":"Revista SMX","description":"P\u00e1gina oficial de Inspector\u00eda Salesiana Mar\u00eda Auxiliadora","potentialAction":[{"@type":"SearchAction","target":{"@type":"EntryPoint","urlTemplate":"https:\/\/www.salesianos.edu\/revistasmx\/?s={search_term_string}"},"query-input":{"@type":"PropertyValueSpecification","valueRequired":true,"valueName":"search_term_string"}}],"inLanguage":"es"},{"@type":"Person","@id":"https:\/\/www.salesianos.edu\/revistasmx\/#\/schema\/person\/20a80be1bb4e0ed82068c57facf5b237","name":"martapeirat","image":{"@type":"ImageObject","inLanguage":"es","@id":"https:\/\/secure.gravatar.com\/avatar\/1139b81b40ed1dde466563679597db378e7092bbfdd7ebb264c437fedde866d7?s=96&d=mm&r=g","url":"https:\/\/secure.gravatar.com\/avatar\/1139b81b40ed1dde466563679597db378e7092bbfdd7ebb264c437fedde866d7?s=96&d=mm&r=g","contentUrl":"https:\/\/secure.gravatar.com\/avatar\/1139b81b40ed1dde466563679597db378e7092bbfdd7ebb264c437fedde866d7?s=96&d=mm&r=g","caption":"martapeirat"}}]}},"_links":{"self":[{"href":"https:\/\/www.salesianos.edu\/revistasmx\/wp-json\/wp\/v2\/posts\/19745","targetHints":{"allow":["GET"]}}],"collection":[{"href":"https:\/\/www.salesianos.edu\/revistasmx\/wp-json\/wp\/v2\/posts"}],"about":[{"href":"https:\/\/www.salesianos.edu\/revistasmx\/wp-json\/wp\/v2\/types\/post"}],"author":[{"embeddable":true,"href":"https:\/\/www.salesianos.edu\/revistasmx\/wp-json\/wp\/v2\/users\/5"}],"replies":[{"embeddable":true,"href":"https:\/\/www.salesianos.edu\/revistasmx\/wp-json\/wp\/v2\/comments?post=19745"}],"version-history":[{"count":9,"href":"https:\/\/www.salesianos.edu\/revistasmx\/wp-json\/wp\/v2\/posts\/19745\/revisions"}],"predecessor-version":[{"id":19877,"href":"https:\/\/www.salesianos.edu\/revistasmx\/wp-json\/wp\/v2\/posts\/19745\/revisions\/19877"}],"wp:featuredmedia":[{"embeddable":true,"href":"https:\/\/www.salesianos.edu\/revistasmx\/wp-json\/wp\/v2\/media\/19786"}],"wp:attachment":[{"href":"https:\/\/www.salesianos.edu\/revistasmx\/wp-json\/wp\/v2\/media?parent=19745"}],"wp:term":[{"taxonomy":"category","embeddable":true,"href":"https:\/\/www.salesianos.edu\/revistasmx\/wp-json\/wp\/v2\/categories?post=19745"},{"taxonomy":"post_tag","embeddable":true,"href":"https:\/\/www.salesianos.edu\/revistasmx\/wp-json\/wp\/v2\/tags?post=19745"}],"curies":[{"name":"wp","href":"https:\/\/api.w.org\/{rel}","templated":true}]}}