{"id":19705,"date":"2022-12-28T13:12:39","date_gmt":"2022-12-28T12:12:39","guid":{"rendered":"https:\/\/www.salesianos.edu\/revistasmx\/?p=19705"},"modified":"2022-12-28T13:12:45","modified_gmt":"2022-12-28T12:12:45","slug":"las-palmas-i-la-orotava-dos-aniversaris-amb-el-segell-salesia-de-les-canaries-i-el-compromis-intacte-pel-desenvolupament-de-la-joventut","status":"publish","type":"post","link":"https:\/\/www.salesianos.edu\/revistasmx\/ca\/las-palmas-i-la-orotava-dos-aniversaris-amb-el-segell-salesia-de-les-canaries-i-el-compromis-intacte-pel-desenvolupament-de-la-joventut\/","title":{"rendered":"Las Palmas i La Orotava, dos aniversaris amb el segell salesi\u00e0 de les Can\u00e0ries i el comprom\u00eds intacte pel desenvolupament de la joventut"},"content":{"rendered":"<div id=\"fb-root\"><\/div>\n<p>[et_pb_section fb_built=\u00bb1&#8243; admin_label=\u00bbsection\u00bb _builder_version=\u00bb4.16&#8243; global_colors_info=\u00bb{}\u00bb][et_pb_row admin_label=\u00bbrow\u00bb _builder_version=\u00bb4.16&#8243; background_size=\u00bbinitial\u00bb background_position=\u00bbtop_left\u00bb background_repeat=\u00bbrepeat\u00bb global_colors_info=\u00bb{}\u00bb][et_pb_column type=\u00bb4_4&#8243; _builder_version=\u00bb4.16&#8243; custom_padding=\u00bb|||\u00bb global_colors_info=\u00bb{}\u00bb custom_padding__hover=\u00bb|||\u00bb][et_pb_text _builder_version=\u00bb4.19.4&#8243; _module_preset=\u00bbdefault\u00bb hover_enabled=\u00bb0&#8243; sticky_enabled=\u00bb0&#8243;]<\/p>\n<p><span style=\"font-weight: 400\">La Inspectoria Maria Auxiliadora encara la recta final de l&#8217;any 2022 i mira amb esperan\u00e7a el 2023 en comprovar la intensa vida que emana de les diferents pres\u00e8ncies salesianes. Tot i que dins aquest conjunt hi ha diverses cases que tenen el curs actual assenyalat en vermell per un motiu especial. Entre elles, <\/span><span style=\"font-weight: 400;color: #800000\"><strong>Las Palmas i La Orotava<\/strong> <\/span><span style=\"font-weight: 400\">que apaguen 100 i 75 espelmes amb el comprom\u00eds intacte amb el desenvolupament de la joventut.<\/span><span style=\"font-weight: 400\">\u00a0<\/span><\/p>\n<p><span style=\"font-weight: 400\">\u201cLa hist\u00f2ria de la pres\u00e8ncia salesiana a La Orotava \u00e9s profunda i intensos els fruits que han donat en la cultura, en la pol\u00edtica, en l&#8217;esport, en la devoci\u00f3 a Maria Auxiliadora i en la lluita social en favor dels m\u00e9s necessitats\u201d, afirmava el salesi\u00e0 Felipe Acosta, alumne de la primera promoci\u00f3 del col\u00b7legi de la vila de Tenerife, que va ser l&#8217;encarregat de pregonar el 75\u00e8 aniversari. El seu missatge tamb\u00e9 va servir per exaltar l&#8217;entrega incansable de salesians com Claudio S\u00e1nchez, V\u00edctor Rodr\u00edguez o Antonio Jim\u00e9nez, entre d\u2019altres que van deixar el seu llegat fins a aquests dies.\u00a0<\/span><\/p>\n<p><span style=\"font-weight: 400\">\u201cAquest gran moment que vivim amb la celebraci\u00f3 del 75\u00e8 aniversari de la pres\u00e8ncia salesiana a La Orotava, que es prolongar\u00e0 durant tot l&#8217;any 2023, no va poder tenir millor comen\u00e7ament que aquest, que va remoure el cor dels presents i va convidar amb insist\u00e8ncia a viure&#8217;l des de l&#8217;agra\u00efment i la projecci\u00f3 al futur\u201d, compartia Fernando B\u00e1\u00f1ez, conseller inspectorial, a la conclusi\u00f3 de l&#8217;acte inaugural que va tenir lloc el desembre del 2022.\u00a0<\/span><\/p>\n<p>[\/et_pb_text][et_pb_video _builder_version=\u00bb4.19.4&#8243; _module_preset=\u00bbdefault\u00bb src=\u00bbhttps:\/\/www.youtube.com\/watch?time_continue=1&amp;v=r6qZ49-hNaI&amp;feature=emb_logo\u00bb hover_enabled=\u00bb0&#8243; sticky_enabled=\u00bb0&#8243;][\/et_pb_video][et_pb_text _builder_version=\u00bb4.19.4&#8243; _module_preset=\u00bbdefault\u00bb hover_enabled=\u00bb0&#8243; sticky_enabled=\u00bb0&#8243;]<\/p>\n<p><span style=\"font-weight: 400\">D&#8217;altra banda, al novembre va ser la presentaci\u00f3 oficial dels actes que donaran forma al programa en una jornada que va comptar amb la pres\u00e8ncia de<\/span> <b>Paco Jaldo<\/b><span style=\"font-weight: 400\">, director de la casa salesiana; <\/span><b>Jon\u00e1s \u00c1lvarez<\/b><span style=\"font-weight: 400\">, <\/span><span style=\"font-weight: 400\">coordinador de la comissi\u00f3 organitzadora dels actes del 75\u00e8 aniversari, i<\/span> <b>Francisco Linares<\/b><span style=\"font-weight: 400\">, <\/span><span style=\"font-weight: 400\">alcalde de la Vila<\/span><span style=\"font-weight: 400\"> de La Orotava. <\/span><span style=\"font-weight: 400\">Entre altres actes, destaca la Coronaci\u00f3 de la imatge de<\/span><span style=\"font-weight: 400\"> Maria Auxiliadora, <\/span><span style=\"font-weight: 400\">concedida pel Bisbe de la di\u00f2cesi nivarenca<\/span><span style=\"font-weight: 400\">, don <\/span><b>Bernardo \u00c1lvarez<\/b><span style=\"font-weight: 400\">, <\/span><span style=\"font-weight: 400\">que es realitzar\u00e0 a la pla\u00e7a de l&#8217;ajuntament de<\/span><span style=\"font-weight: 400\"> La Orotava <\/span><span style=\"font-weight: 400\">el 23 d&#8217;abril del 2023. Com a esdeveniment extraordinari, durant la primera setmana de maig<\/span><span style=\"font-weight: 400\">, La Orotava <\/span><span style=\"font-weight: 400\">rebr\u00e0 la visita del des\u00e8 successor de<\/span><span style=\"font-weight: 400\"> Don Bosco, <\/span><span style=\"font-weight: 400\">el Rector Major de la congregaci\u00f3 salesiana,<\/span><span style=\"font-weight: 400\"> don <\/span><b>\u00c1ngel Fern\u00e1ndez Artime<\/b><span style=\"font-weight: 400\">.\u00a0<\/span><\/p>\n<p>[\/et_pb_text][et_pb_video _builder_version=\u00bb4.19.4&#8243; _module_preset=\u00bbdefault\u00bb src=\u00bbhttps:\/\/www.youtube.com\/watch?v=f1_bWs92j1A&amp;feature=emb_logo\u00bb hover_enabled=\u00bb0&#8243; sticky_enabled=\u00bb0&#8243;][\/et_pb_video][et_pb_text _builder_version=\u00bb4.19.4&#8243; _module_preset=\u00bbdefault\u00bb hover_enabled=\u00bb0&#8243; sticky_enabled=\u00bb0&#8243;]<\/p>\n<p><span style=\"font-weight: 400\">De <strong>Santa Cruz de Tenerife<\/strong>, <\/span><span style=\"font-weight: 400\">a lloms d&#8217;un binter, es fa un salt a una altra illa del mateix arxip\u00e8lag. All\u00e0 la casa salesiana de<\/span> <b>Las Palmas<\/b> <span style=\"font-weight: 400\">es troba immersa en els preparatius del seu centenari que tindr\u00e0 la seva obertura el proper 24 de gener amb una roda de premsa institucional. Un acte que s&#8217;est\u00e0 preparant amb molta cura i que tindr\u00e0, entre diferents sorpreses, el llan\u00e7ament del logotip que presidir\u00e0 els diferents actes.<\/span><span style=\"font-weight: 400\">\u00a0<\/span><\/p>\n<p><span style=\"font-weight: 400\">A principis del segle XX les religioses del Sagrat Cor de Jes\u00fas van construir, en el que avui \u00e9s Ciudad Jard\u00edn, un col\u00b7legi per educar cinquanta nenes de Las Palmas. L&#8217;obra, d&#8217;estil modernista-colonial, es deu a la intel\u00b7lig\u00e8ncia de l&#8217;arquitecte Fernando Navarro. L&#8217;any 1920 van abandonar l&#8217;edifici per fundar-ne un altre a Tafira. El 1923, don Alejandro Hidalgo i Romero i el matrimoni Ascanio-Manrique de Lara el van comprar i van demanar a una nova congregaci\u00f3, aquesta vegada de religiosos, perqu\u00e8 se&#8217;n fessin c\u00e0rrec: els salesians.\u00a0<\/span><\/p>\n<p><span style=\"font-weight: 400\">Al principi, els salesians van establir unes escoles professionals amb tallers de sastreria, sabateria, impremta, enquadernaci\u00f3 i fusteria. Els alumnes procedien de l&#8217;internat de San Antonio.\u00a0<\/span><\/p>\n<p><span style=\"font-weight: 400\">L&#8217;any 1960 es va implantar el Batxillerat, que atorgaria al col\u00b7legi la seva fesomia actual. Amb les lleis d&#8217;Educaci\u00f3 successives es van establir successivament l&#8217;Educaci\u00f3 General B\u00e0sica (EGB), el Batxillerat Unificat Polivalent (BUP) i el Curs d&#8217;Orientaci\u00f3 Universit\u00e0ria (COU). La reforma educativa, des dels anys 90 va contemplar la distribuci\u00f3 en les etapes seg\u00fcents: Educaci\u00f3 Infantil (3 a 5 anys), Educaci\u00f3 Prim\u00e0ria (6 a 11), Educaci\u00f3 Secund\u00e0ria Obligat\u00f2ria (ESO, 12 a 16 anys), Batxillerat (17 a 18 anys), per arribar, actualment, a supera els 1.200 alumnes.<\/span><b>\u00a0<\/b><\/p>\n<p>[\/et_pb_text][deg_elastic_gallery _builder_version=\u00bb4.19.4&#8243; _module_preset=\u00bbdefault\u00bb gallery_ids=\u00bb19708,19709,19710,19711,19712,19713,19714&#8243; hover_enabled=\u00bb0&#8243; sticky_enabled=\u00bb0&#8243;][\/deg_elastic_gallery][et_pb_text _builder_version=\u00bb4.19.4&#8243; _module_preset=\u00bbdefault\u00bb hover_enabled=\u00bb0&#8243; sticky_enabled=\u00bb0&#8243;]<\/p>\n<p><span style=\"font-size: 12pt\"><b>Granada, Carmona i Jerez, <\/b><b>altres ciutats que segueixen de festa<\/b><\/span><\/p>\n<p><span style=\"font-weight: 400\">La celebraci\u00f3 tamb\u00e9 es trasllada a Andalusia. En el cas de Granada, aquest mes de desembre es van viure moments emocionants amb la celebraci\u00f3 hist\u00f2rica de tota la Comunitat Salesiana que va commemorar l&#8217;arribada dels primers salesians a la localitat nassarita.\u00a0<\/span><\/p>\n<p><span style=\"font-weight: 400\">El dia 8, membres de la Fam\u00edlia Salesiana, entre ells salesians, antics alumnes i amics dels salesians van acudir al descobriment de la placa a l&#8217;antic edifici on el col\u00b7legi salesi\u00e0 es trobava als seus inicis. \u201cPrecedint a l&#8217;acte els participants es van reunir al Triomf i davant de la Immaculada per escoltar unes paraules, recordant an\u00e8cdotes dels salesians<\/span><span style=\"font-weight: 400\"> Juan Fuentes, Ernesto Granja <\/span><span style=\"font-weight: 400\">i antics alumnes del Triumfo; els qui van agrair a la comunitat de ve\u00efns de l&#8217;edifici l&#8217;acte\u201d.\u00a0<\/span><\/p>\n<p><span style=\"font-weight: 400\">Despr\u00e9s d&#8217;aquest homenatge va comen\u00e7ar l&#8217;emotiva eucaristia presidida per l&#8217;arquebisbe<\/span><span style=\"font-weight: 400\"> Don Jos\u00e9 Mar\u00eda Gil Tamayo <\/span><span style=\"font-weight: 400\">durant la commemoraci\u00f3 de la Immaculada, tenint Maria Auxiliadora a prop de l&#8217;altar. La Catedral estava plena de persones que es defineixen salesianes per vinculaci\u00f3 amb la casa, per moltes raons, per\u00f2 totes amb alguna cosa en com\u00fa, \u201cel bon record i l&#8217;amor a la congregaci\u00f3\u201d. \u00c9s aix\u00ed com es defineix aquesta casa, recordant la seva tasca a la ciutat de Granada i la influ\u00e8ncia en milers de joves que pels seus patis han passat fent-los ser bons cristians.<\/span><span style=\"font-weight: 400\">\u00a0<\/span><\/p>\n<p>[\/et_pb_text][et_pb_video _builder_version=\u00bb4.19.4&#8243; _module_preset=\u00bbdefault\u00bb src=\u00bbhttps:\/\/www.youtube.com\/watch?v=ynw6Wa8Kujg&amp;feature=emb_logo\u00bb hover_enabled=\u00bb0&#8243; sticky_enabled=\u00bb0&#8243;][\/et_pb_video][et_pb_text _builder_version=\u00bb4.19.4&#8243; _module_preset=\u00bbdefault\u00bb hover_enabled=\u00bb0&#8243; sticky_enabled=\u00bb0&#8243;]<\/p>\n<p><span style=\"font-weight: 400\">D&#8217;altra banda, la casa salesiana de <span style=\"color: #800000\"><strong>Jerez Torres Silva<\/strong><\/span> continua amb les celebracions del seu aniversari despr\u00e9s de la jornada d&#8217;obertura el 24 d&#8217;octubre passat. Un ampli programa d&#8217;actes, en qu\u00e8 recentment han retut homenatge a la figura del campaner \u00c1lvaro Domecq Romero, que va contribuir a culturitzar i alfabetitzar joves de les classes m\u00e9s desafavorides despr\u00e9s de la postguerra, servir\u00e0 per recon\u00e8ixer la tasca de diferents figures hist\u00f2riques i per posar en valor l&#8217;enlla\u00e7 de la pres\u00e8ncia salesiana amb la ciutat.\u00a0<\/span><\/p>\n<p><span style=\"font-weight: 400\">El lema escollit per a les celebracions d\u00b4aquesta casa \u00e9s &#8216;Creiem amb alegria&#8217;. \u201cEs tracta d&#8217;un element essencial per aconseguir la santedat, com va dir St. Dom\u00e8nec Savio, i com a element \u00edntegre d&#8217;una pastoral que viu amb entusiasme el misteri de la Pasqua, des del carisma juvenil salesi\u00e0. Indispensable en el car\u00e0cter del nostre \u00abOratori Festiu\u00bb\u201d, conclouen des de la casa salesiana agafant for\u00e7a des del passat, vivint amb intensitat el present i afrontant el futur amb molta il\u00b7lusi\u00f3.\u00a0<\/span><\/p>\n<p><span style=\"font-weight: 400\">A la recta final de l&#8217;efem\u00e8ride hi ha Carmona. Amb 125 anys d&#8217;hist\u00f2ria \u00e9s la segona entitat educativa m\u00e9s antiga de la ciutat, per aix\u00f2 aquest aniversari ha possibilitat comptar amb milers d&#8217;antics alumnes carmonencs amb el pas de les diferents generacions entre els seus patis. \u00c9s Carmona la primera pres\u00e8ncia salesiana de la Inspectoria de Maria Auxiliadora a cedir la seva tasca a un equip de laics, educadors i animadors, que fins avui segueixen compartint la missi\u00f3 salesiana. La tasca pastoral i educativa de la comunitat educativa de Carmona est\u00e0 deixant const\u00e0ncia que l&#8217;esperit de Don Bosco continua present en aquesta terra andalusa.\u00a0<\/span><\/p>\n<p><span style=\"font-weight: 400\">\u00a0<\/span><\/p>\n<p>[\/et_pb_text][deg_elastic_gallery _builder_version=\u00bb4.19.4&#8243; _module_preset=\u00bbdefault\u00bb gallery_ids=\u00bb19715,19716,19717,19718,19719,19720,19721,19722,19723,19724,19725,19726,19727,19728,19729,19730,19731,19732&#8243; hover_enabled=\u00bb0&#8243; sticky_enabled=\u00bb0&#8243;][\/deg_elastic_gallery][deg_elastic_gallery _builder_version=\u00bb4.19.4&#8243; _module_preset=\u00bbdefault\u00bb gallery_ids=\u00bb19733,19734,19735,19736,19737,19738,19739,19740,19741&#8243; hover_enabled=\u00bb0&#8243; sticky_enabled=\u00bb0&#8243;][\/deg_elastic_gallery][\/et_pb_column][\/et_pb_row][\/et_pb_section]<\/p>\n","protected":false},"excerpt":{"rendered":"<p>La Inspectoria Maria Auxiliadora encara la recta final de l&#8217;any 2022 i mira amb esperan\u00e7a el 2023 en comprovar la intensa vida que emana de les diferents pres\u00e8ncies salesianes. Tot i que dins aquest conjunt hi ha diverses cases que tenen el curs actual assenyalat en vermell per un motiu especial. <\/p>\n","protected":false},"author":5,"featured_media":19679,"comment_status":"open","ping_status":"closed","sticky":false,"template":"","format":"standard","meta":{"_et_pb_use_builder":"on","_et_pb_old_content":"","_et_gb_content_width":"","footnotes":""},"categories":[53],"tags":[],"class_list":["post-19705","post","type-post","status-publish","format-standard","has-post-thumbnail","hentry","category-a-fons"],"yoast_head":"<!-- This site is optimized with the Yoast SEO plugin v27.5 - https:\/\/yoast.com\/product\/yoast-seo-wordpress\/ -->\n<title>Las Palmas i La Orotava, dos aniversaris amb el segell salesi\u00e0 de les Can\u00e0ries i el comprom\u00eds intacte pel desenvolupament de la joventut - Revista SMX<\/title>\n<meta name=\"robots\" content=\"index, follow, max-snippet:-1, max-image-preview:large, max-video-preview:-1\" \/>\n<link rel=\"canonical\" href=\"https:\/\/www.salesianos.edu\/revistasmx\/ca\/las-palmas-i-la-orotava-dos-aniversaris-amb-el-segell-salesia-de-les-canaries-i-el-compromis-intacte-pel-desenvolupament-de-la-joventut\/\" \/>\n<meta property=\"og:locale\" content=\"es_ES\" \/>\n<meta property=\"og:type\" content=\"article\" \/>\n<meta property=\"og:title\" content=\"Las Palmas i La Orotava, dos aniversaris amb el segell salesi\u00e0 de les Can\u00e0ries i el comprom\u00eds intacte pel desenvolupament de la joventut - Revista SMX\" \/>\n<meta property=\"og:description\" content=\"La Inspectoria Maria Auxiliadora encara la recta final de l&#039;any 2022 i mira amb esperan\u00e7a el 2023 en comprovar la intensa vida que emana de les diferents pres\u00e8ncies salesianes. Tot i que dins aquest conjunt hi ha diverses cases que tenen el curs actual assenyalat en vermell per un motiu especial.\" \/>\n<meta property=\"og:url\" content=\"https:\/\/www.salesianos.edu\/revistasmx\/ca\/las-palmas-i-la-orotava-dos-aniversaris-amb-el-segell-salesia-de-les-canaries-i-el-compromis-intacte-pel-desenvolupament-de-la-joventut\/\" \/>\n<meta property=\"og:site_name\" content=\"Revista SMX\" \/>\n<meta property=\"article:published_time\" content=\"2022-12-28T12:12:39+00:00\" \/>\n<meta property=\"article:modified_time\" content=\"2022-12-28T12:12:45+00:00\" \/>\n<meta property=\"og:image\" content=\"http:\/\/www.salesianos.edu\/revistasmx\/wp-content\/uploads\/sites\/8\/2022\/12\/lao7-1.jpeg\" \/>\n\t<meta property=\"og:image:width\" content=\"1600\" \/>\n\t<meta property=\"og:image:height\" content=\"1066\" \/>\n\t<meta property=\"og:image:type\" content=\"image\/jpeg\" \/>\n<meta name=\"author\" content=\"martapeirat\" \/>\n<meta name=\"twitter:card\" content=\"summary_large_image\" \/>\n<meta name=\"twitter:label1\" content=\"Escrito por\" \/>\n\t<meta name=\"twitter:data1\" content=\"martapeirat\" \/>\n<script type=\"application\/ld+json\" class=\"yoast-schema-graph\">{\"@context\":\"https:\\\/\\\/schema.org\",\"@graph\":[{\"@type\":\"Article\",\"@id\":\"https:\\\/\\\/www.salesianos.edu\\\/revistasmx\\\/ca\\\/las-palmas-i-la-orotava-dos-aniversaris-amb-el-segell-salesia-de-les-canaries-i-el-compromis-intacte-pel-desenvolupament-de-la-joventut\\\/#article\",\"isPartOf\":{\"@id\":\"https:\\\/\\\/www.salesianos.edu\\\/revistasmx\\\/ca\\\/las-palmas-i-la-orotava-dos-aniversaris-amb-el-segell-salesia-de-les-canaries-i-el-compromis-intacte-pel-desenvolupament-de-la-joventut\\\/\"},\"author\":{\"name\":\"martapeirat\",\"@id\":\"https:\\\/\\\/www.salesianos.edu\\\/revistasmx\\\/#\\\/schema\\\/person\\\/20a80be1bb4e0ed82068c57facf5b237\"},\"headline\":\"Las Palmas i La Orotava, dos aniversaris amb el segell salesi\u00e0 de les Can\u00e0ries i el comprom\u00eds intacte pel desenvolupament de la joventut\",\"datePublished\":\"2022-12-28T12:12:39+00:00\",\"dateModified\":\"2022-12-28T12:12:45+00:00\",\"mainEntityOfPage\":{\"@id\":\"https:\\\/\\\/www.salesianos.edu\\\/revistasmx\\\/ca\\\/las-palmas-i-la-orotava-dos-aniversaris-amb-el-segell-salesia-de-les-canaries-i-el-compromis-intacte-pel-desenvolupament-de-la-joventut\\\/\"},\"wordCount\":1516,\"commentCount\":0,\"image\":{\"@id\":\"https:\\\/\\\/www.salesianos.edu\\\/revistasmx\\\/ca\\\/las-palmas-i-la-orotava-dos-aniversaris-amb-el-segell-salesia-de-les-canaries-i-el-compromis-intacte-pel-desenvolupament-de-la-joventut\\\/#primaryimage\"},\"thumbnailUrl\":\"https:\\\/\\\/www.salesianos.edu\\\/revistasmx\\\/wp-content\\\/uploads\\\/sites\\\/8\\\/2022\\\/12\\\/lao7-1.jpeg\",\"articleSection\":[\"A FONS\"],\"inLanguage\":\"es\",\"potentialAction\":[{\"@type\":\"CommentAction\",\"name\":\"Comment\",\"target\":[\"https:\\\/\\\/www.salesianos.edu\\\/revistasmx\\\/ca\\\/las-palmas-i-la-orotava-dos-aniversaris-amb-el-segell-salesia-de-les-canaries-i-el-compromis-intacte-pel-desenvolupament-de-la-joventut\\\/#respond\"]}]},{\"@type\":\"WebPage\",\"@id\":\"https:\\\/\\\/www.salesianos.edu\\\/revistasmx\\\/ca\\\/las-palmas-i-la-orotava-dos-aniversaris-amb-el-segell-salesia-de-les-canaries-i-el-compromis-intacte-pel-desenvolupament-de-la-joventut\\\/\",\"url\":\"https:\\\/\\\/www.salesianos.edu\\\/revistasmx\\\/ca\\\/las-palmas-i-la-orotava-dos-aniversaris-amb-el-segell-salesia-de-les-canaries-i-el-compromis-intacte-pel-desenvolupament-de-la-joventut\\\/\",\"name\":\"Las Palmas i La Orotava, dos aniversaris amb el segell salesi\u00e0 de les Can\u00e0ries i el comprom\u00eds intacte pel desenvolupament de la joventut - Revista SMX\",\"isPartOf\":{\"@id\":\"https:\\\/\\\/www.salesianos.edu\\\/revistasmx\\\/#website\"},\"primaryImageOfPage\":{\"@id\":\"https:\\\/\\\/www.salesianos.edu\\\/revistasmx\\\/ca\\\/las-palmas-i-la-orotava-dos-aniversaris-amb-el-segell-salesia-de-les-canaries-i-el-compromis-intacte-pel-desenvolupament-de-la-joventut\\\/#primaryimage\"},\"image\":{\"@id\":\"https:\\\/\\\/www.salesianos.edu\\\/revistasmx\\\/ca\\\/las-palmas-i-la-orotava-dos-aniversaris-amb-el-segell-salesia-de-les-canaries-i-el-compromis-intacte-pel-desenvolupament-de-la-joventut\\\/#primaryimage\"},\"thumbnailUrl\":\"https:\\\/\\\/www.salesianos.edu\\\/revistasmx\\\/wp-content\\\/uploads\\\/sites\\\/8\\\/2022\\\/12\\\/lao7-1.jpeg\",\"datePublished\":\"2022-12-28T12:12:39+00:00\",\"dateModified\":\"2022-12-28T12:12:45+00:00\",\"author\":{\"@id\":\"https:\\\/\\\/www.salesianos.edu\\\/revistasmx\\\/#\\\/schema\\\/person\\\/20a80be1bb4e0ed82068c57facf5b237\"},\"breadcrumb\":{\"@id\":\"https:\\\/\\\/www.salesianos.edu\\\/revistasmx\\\/ca\\\/las-palmas-i-la-orotava-dos-aniversaris-amb-el-segell-salesia-de-les-canaries-i-el-compromis-intacte-pel-desenvolupament-de-la-joventut\\\/#breadcrumb\"},\"inLanguage\":\"es\",\"potentialAction\":[{\"@type\":\"ReadAction\",\"target\":[\"https:\\\/\\\/www.salesianos.edu\\\/revistasmx\\\/ca\\\/las-palmas-i-la-orotava-dos-aniversaris-amb-el-segell-salesia-de-les-canaries-i-el-compromis-intacte-pel-desenvolupament-de-la-joventut\\\/\"]}]},{\"@type\":\"ImageObject\",\"inLanguage\":\"es\",\"@id\":\"https:\\\/\\\/www.salesianos.edu\\\/revistasmx\\\/ca\\\/las-palmas-i-la-orotava-dos-aniversaris-amb-el-segell-salesia-de-les-canaries-i-el-compromis-intacte-pel-desenvolupament-de-la-joventut\\\/#primaryimage\",\"url\":\"https:\\\/\\\/www.salesianos.edu\\\/revistasmx\\\/wp-content\\\/uploads\\\/sites\\\/8\\\/2022\\\/12\\\/lao7-1.jpeg\",\"contentUrl\":\"https:\\\/\\\/www.salesianos.edu\\\/revistasmx\\\/wp-content\\\/uploads\\\/sites\\\/8\\\/2022\\\/12\\\/lao7-1.jpeg\",\"width\":1600,\"height\":1066},{\"@type\":\"BreadcrumbList\",\"@id\":\"https:\\\/\\\/www.salesianos.edu\\\/revistasmx\\\/ca\\\/las-palmas-i-la-orotava-dos-aniversaris-amb-el-segell-salesia-de-les-canaries-i-el-compromis-intacte-pel-desenvolupament-de-la-joventut\\\/#breadcrumb\",\"itemListElement\":[{\"@type\":\"ListItem\",\"position\":1,\"name\":\"Portada\",\"item\":\"https:\\\/\\\/www.salesianos.edu\\\/revistasmx\\\/\"},{\"@type\":\"ListItem\",\"position\":2,\"name\":\"Las Palmas i La Orotava, dos aniversaris amb el segell salesi\u00e0 de les Can\u00e0ries i el comprom\u00eds intacte pel desenvolupament de la joventut\"}]},{\"@type\":\"WebSite\",\"@id\":\"https:\\\/\\\/www.salesianos.edu\\\/revistasmx\\\/#website\",\"url\":\"https:\\\/\\\/www.salesianos.edu\\\/revistasmx\\\/\",\"name\":\"Revista SMX\",\"description\":\"P\u00e1gina oficial de Inspector\u00eda Salesiana Mar\u00eda Auxiliadora\",\"potentialAction\":[{\"@type\":\"SearchAction\",\"target\":{\"@type\":\"EntryPoint\",\"urlTemplate\":\"https:\\\/\\\/www.salesianos.edu\\\/revistasmx\\\/?s={search_term_string}\"},\"query-input\":{\"@type\":\"PropertyValueSpecification\",\"valueRequired\":true,\"valueName\":\"search_term_string\"}}],\"inLanguage\":\"es\"},{\"@type\":\"Person\",\"@id\":\"https:\\\/\\\/www.salesianos.edu\\\/revistasmx\\\/#\\\/schema\\\/person\\\/20a80be1bb4e0ed82068c57facf5b237\",\"name\":\"martapeirat\",\"image\":{\"@type\":\"ImageObject\",\"inLanguage\":\"es\",\"@id\":\"https:\\\/\\\/secure.gravatar.com\\\/avatar\\\/1139b81b40ed1dde466563679597db378e7092bbfdd7ebb264c437fedde866d7?s=96&d=mm&r=g\",\"url\":\"https:\\\/\\\/secure.gravatar.com\\\/avatar\\\/1139b81b40ed1dde466563679597db378e7092bbfdd7ebb264c437fedde866d7?s=96&d=mm&r=g\",\"contentUrl\":\"https:\\\/\\\/secure.gravatar.com\\\/avatar\\\/1139b81b40ed1dde466563679597db378e7092bbfdd7ebb264c437fedde866d7?s=96&d=mm&r=g\",\"caption\":\"martapeirat\"}}]}<\/script>\n<!-- \/ Yoast SEO plugin. -->","yoast_head_json":{"title":"Las Palmas i La Orotava, dos aniversaris amb el segell salesi\u00e0 de les Can\u00e0ries i el comprom\u00eds intacte pel desenvolupament de la joventut - Revista SMX","robots":{"index":"index","follow":"follow","max-snippet":"max-snippet:-1","max-image-preview":"max-image-preview:large","max-video-preview":"max-video-preview:-1"},"canonical":"https:\/\/www.salesianos.edu\/revistasmx\/ca\/las-palmas-i-la-orotava-dos-aniversaris-amb-el-segell-salesia-de-les-canaries-i-el-compromis-intacte-pel-desenvolupament-de-la-joventut\/","og_locale":"es_ES","og_type":"article","og_title":"Las Palmas i La Orotava, dos aniversaris amb el segell salesi\u00e0 de les Can\u00e0ries i el comprom\u00eds intacte pel desenvolupament de la joventut - Revista SMX","og_description":"La Inspectoria Maria Auxiliadora encara la recta final de l'any 2022 i mira amb esperan\u00e7a el 2023 en comprovar la intensa vida que emana de les diferents pres\u00e8ncies salesianes. Tot i que dins aquest conjunt hi ha diverses cases que tenen el curs actual assenyalat en vermell per un motiu especial.","og_url":"https:\/\/www.salesianos.edu\/revistasmx\/ca\/las-palmas-i-la-orotava-dos-aniversaris-amb-el-segell-salesia-de-les-canaries-i-el-compromis-intacte-pel-desenvolupament-de-la-joventut\/","og_site_name":"Revista SMX","article_published_time":"2022-12-28T12:12:39+00:00","article_modified_time":"2022-12-28T12:12:45+00:00","og_image":[{"width":1600,"height":1066,"url":"http:\/\/www.salesianos.edu\/revistasmx\/wp-content\/uploads\/sites\/8\/2022\/12\/lao7-1.jpeg","type":"image\/jpeg"}],"author":"martapeirat","twitter_card":"summary_large_image","twitter_misc":{"Escrito por":"martapeirat"},"schema":{"@context":"https:\/\/schema.org","@graph":[{"@type":"Article","@id":"https:\/\/www.salesianos.edu\/revistasmx\/ca\/las-palmas-i-la-orotava-dos-aniversaris-amb-el-segell-salesia-de-les-canaries-i-el-compromis-intacte-pel-desenvolupament-de-la-joventut\/#article","isPartOf":{"@id":"https:\/\/www.salesianos.edu\/revistasmx\/ca\/las-palmas-i-la-orotava-dos-aniversaris-amb-el-segell-salesia-de-les-canaries-i-el-compromis-intacte-pel-desenvolupament-de-la-joventut\/"},"author":{"name":"martapeirat","@id":"https:\/\/www.salesianos.edu\/revistasmx\/#\/schema\/person\/20a80be1bb4e0ed82068c57facf5b237"},"headline":"Las Palmas i La Orotava, dos aniversaris amb el segell salesi\u00e0 de les Can\u00e0ries i el comprom\u00eds intacte pel desenvolupament de la joventut","datePublished":"2022-12-28T12:12:39+00:00","dateModified":"2022-12-28T12:12:45+00:00","mainEntityOfPage":{"@id":"https:\/\/www.salesianos.edu\/revistasmx\/ca\/las-palmas-i-la-orotava-dos-aniversaris-amb-el-segell-salesia-de-les-canaries-i-el-compromis-intacte-pel-desenvolupament-de-la-joventut\/"},"wordCount":1516,"commentCount":0,"image":{"@id":"https:\/\/www.salesianos.edu\/revistasmx\/ca\/las-palmas-i-la-orotava-dos-aniversaris-amb-el-segell-salesia-de-les-canaries-i-el-compromis-intacte-pel-desenvolupament-de-la-joventut\/#primaryimage"},"thumbnailUrl":"https:\/\/www.salesianos.edu\/revistasmx\/wp-content\/uploads\/sites\/8\/2022\/12\/lao7-1.jpeg","articleSection":["A FONS"],"inLanguage":"es","potentialAction":[{"@type":"CommentAction","name":"Comment","target":["https:\/\/www.salesianos.edu\/revistasmx\/ca\/las-palmas-i-la-orotava-dos-aniversaris-amb-el-segell-salesia-de-les-canaries-i-el-compromis-intacte-pel-desenvolupament-de-la-joventut\/#respond"]}]},{"@type":"WebPage","@id":"https:\/\/www.salesianos.edu\/revistasmx\/ca\/las-palmas-i-la-orotava-dos-aniversaris-amb-el-segell-salesia-de-les-canaries-i-el-compromis-intacte-pel-desenvolupament-de-la-joventut\/","url":"https:\/\/www.salesianos.edu\/revistasmx\/ca\/las-palmas-i-la-orotava-dos-aniversaris-amb-el-segell-salesia-de-les-canaries-i-el-compromis-intacte-pel-desenvolupament-de-la-joventut\/","name":"Las Palmas i La Orotava, dos aniversaris amb el segell salesi\u00e0 de les Can\u00e0ries i el comprom\u00eds intacte pel desenvolupament de la joventut - Revista SMX","isPartOf":{"@id":"https:\/\/www.salesianos.edu\/revistasmx\/#website"},"primaryImageOfPage":{"@id":"https:\/\/www.salesianos.edu\/revistasmx\/ca\/las-palmas-i-la-orotava-dos-aniversaris-amb-el-segell-salesia-de-les-canaries-i-el-compromis-intacte-pel-desenvolupament-de-la-joventut\/#primaryimage"},"image":{"@id":"https:\/\/www.salesianos.edu\/revistasmx\/ca\/las-palmas-i-la-orotava-dos-aniversaris-amb-el-segell-salesia-de-les-canaries-i-el-compromis-intacte-pel-desenvolupament-de-la-joventut\/#primaryimage"},"thumbnailUrl":"https:\/\/www.salesianos.edu\/revistasmx\/wp-content\/uploads\/sites\/8\/2022\/12\/lao7-1.jpeg","datePublished":"2022-12-28T12:12:39+00:00","dateModified":"2022-12-28T12:12:45+00:00","author":{"@id":"https:\/\/www.salesianos.edu\/revistasmx\/#\/schema\/person\/20a80be1bb4e0ed82068c57facf5b237"},"breadcrumb":{"@id":"https:\/\/www.salesianos.edu\/revistasmx\/ca\/las-palmas-i-la-orotava-dos-aniversaris-amb-el-segell-salesia-de-les-canaries-i-el-compromis-intacte-pel-desenvolupament-de-la-joventut\/#breadcrumb"},"inLanguage":"es","potentialAction":[{"@type":"ReadAction","target":["https:\/\/www.salesianos.edu\/revistasmx\/ca\/las-palmas-i-la-orotava-dos-aniversaris-amb-el-segell-salesia-de-les-canaries-i-el-compromis-intacte-pel-desenvolupament-de-la-joventut\/"]}]},{"@type":"ImageObject","inLanguage":"es","@id":"https:\/\/www.salesianos.edu\/revistasmx\/ca\/las-palmas-i-la-orotava-dos-aniversaris-amb-el-segell-salesia-de-les-canaries-i-el-compromis-intacte-pel-desenvolupament-de-la-joventut\/#primaryimage","url":"https:\/\/www.salesianos.edu\/revistasmx\/wp-content\/uploads\/sites\/8\/2022\/12\/lao7-1.jpeg","contentUrl":"https:\/\/www.salesianos.edu\/revistasmx\/wp-content\/uploads\/sites\/8\/2022\/12\/lao7-1.jpeg","width":1600,"height":1066},{"@type":"BreadcrumbList","@id":"https:\/\/www.salesianos.edu\/revistasmx\/ca\/las-palmas-i-la-orotava-dos-aniversaris-amb-el-segell-salesia-de-les-canaries-i-el-compromis-intacte-pel-desenvolupament-de-la-joventut\/#breadcrumb","itemListElement":[{"@type":"ListItem","position":1,"name":"Portada","item":"https:\/\/www.salesianos.edu\/revistasmx\/"},{"@type":"ListItem","position":2,"name":"Las Palmas i La Orotava, dos aniversaris amb el segell salesi\u00e0 de les Can\u00e0ries i el comprom\u00eds intacte pel desenvolupament de la joventut"}]},{"@type":"WebSite","@id":"https:\/\/www.salesianos.edu\/revistasmx\/#website","url":"https:\/\/www.salesianos.edu\/revistasmx\/","name":"Revista SMX","description":"P\u00e1gina oficial de Inspector\u00eda Salesiana Mar\u00eda Auxiliadora","potentialAction":[{"@type":"SearchAction","target":{"@type":"EntryPoint","urlTemplate":"https:\/\/www.salesianos.edu\/revistasmx\/?s={search_term_string}"},"query-input":{"@type":"PropertyValueSpecification","valueRequired":true,"valueName":"search_term_string"}}],"inLanguage":"es"},{"@type":"Person","@id":"https:\/\/www.salesianos.edu\/revistasmx\/#\/schema\/person\/20a80be1bb4e0ed82068c57facf5b237","name":"martapeirat","image":{"@type":"ImageObject","inLanguage":"es","@id":"https:\/\/secure.gravatar.com\/avatar\/1139b81b40ed1dde466563679597db378e7092bbfdd7ebb264c437fedde866d7?s=96&d=mm&r=g","url":"https:\/\/secure.gravatar.com\/avatar\/1139b81b40ed1dde466563679597db378e7092bbfdd7ebb264c437fedde866d7?s=96&d=mm&r=g","contentUrl":"https:\/\/secure.gravatar.com\/avatar\/1139b81b40ed1dde466563679597db378e7092bbfdd7ebb264c437fedde866d7?s=96&d=mm&r=g","caption":"martapeirat"}}]}},"_links":{"self":[{"href":"https:\/\/www.salesianos.edu\/revistasmx\/wp-json\/wp\/v2\/posts\/19705","targetHints":{"allow":["GET"]}}],"collection":[{"href":"https:\/\/www.salesianos.edu\/revistasmx\/wp-json\/wp\/v2\/posts"}],"about":[{"href":"https:\/\/www.salesianos.edu\/revistasmx\/wp-json\/wp\/v2\/types\/post"}],"author":[{"embeddable":true,"href":"https:\/\/www.salesianos.edu\/revistasmx\/wp-json\/wp\/v2\/users\/5"}],"replies":[{"embeddable":true,"href":"https:\/\/www.salesianos.edu\/revistasmx\/wp-json\/wp\/v2\/comments?post=19705"}],"version-history":[{"count":3,"href":"https:\/\/www.salesianos.edu\/revistasmx\/wp-json\/wp\/v2\/posts\/19705\/revisions"}],"predecessor-version":[{"id":19743,"href":"https:\/\/www.salesianos.edu\/revistasmx\/wp-json\/wp\/v2\/posts\/19705\/revisions\/19743"}],"wp:featuredmedia":[{"embeddable":true,"href":"https:\/\/www.salesianos.edu\/revistasmx\/wp-json\/wp\/v2\/media\/19679"}],"wp:attachment":[{"href":"https:\/\/www.salesianos.edu\/revistasmx\/wp-json\/wp\/v2\/media?parent=19705"}],"wp:term":[{"taxonomy":"category","embeddable":true,"href":"https:\/\/www.salesianos.edu\/revistasmx\/wp-json\/wp\/v2\/categories?post=19705"},{"taxonomy":"post_tag","embeddable":true,"href":"https:\/\/www.salesianos.edu\/revistasmx\/wp-json\/wp\/v2\/tags?post=19705"}],"curies":[{"name":"wp","href":"https:\/\/api.w.org\/{rel}","templated":true}]}}