{"id":19640,"date":"2022-12-28T11:40:07","date_gmt":"2022-12-28T10:40:07","guid":{"rendered":"https:\/\/www.salesianos.edu\/revistasmx\/?p=19640"},"modified":"2022-12-28T11:58:51","modified_gmt":"2022-12-28T10:58:51","slug":"las-palmas-y-la-orotava-dos-aniversarios-con-el-sello-salesiano-de-canarias-y-el-compromiso-intacto-por-el-desarrollo-de-la-juventud","status":"publish","type":"post","link":"https:\/\/www.salesianos.edu\/revistasmx\/las-palmas-y-la-orotava-dos-aniversarios-con-el-sello-salesiano-de-canarias-y-el-compromiso-intacto-por-el-desarrollo-de-la-juventud\/","title":{"rendered":"Las Palmas y La Orotava, dos aniversarios con el sello salesiano de Canarias y el compromiso intacto por el desarrollo de la juventud"},"content":{"rendered":"<div id=\"fb-root\"><\/div>\n<p>[et_pb_section fb_built=\u00bb1&#8243; admin_label=\u00bbsection\u00bb _builder_version=\u00bb4.16&#8243; global_colors_info=\u00bb{}\u00bb][et_pb_row admin_label=\u00bbrow\u00bb _builder_version=\u00bb4.16&#8243; background_size=\u00bbinitial\u00bb background_position=\u00bbtop_left\u00bb background_repeat=\u00bbrepeat\u00bb global_colors_info=\u00bb{}\u00bb][et_pb_column type=\u00bb4_4&#8243; _builder_version=\u00bb4.16&#8243; custom_padding=\u00bb|||\u00bb global_colors_info=\u00bb{}\u00bb custom_padding__hover=\u00bb|||\u00bb][et_pb_text _builder_version=\u00bb4.19.4&#8243; _module_preset=\u00bbdefault\u00bb global_colors_info=\u00bb{}\u00bb]<\/p>\n<p><strong>La Inspector\u00eda Mar\u00eda Auxiliadora encara la recta final del a\u00f1o 2022 y mira con esperanza al 2023 al comprobar la intensa vida que emana de las diferentes presencias salesianas. Aunque dentro de este conjunto hay varias casas que tienen el curso actual se\u00f1alado en rojo por un motivo especial. Entre ellas, <span style=\"color: #800000\">Las Palmas<\/span> y <span style=\"color: #800000\">La Orotava<\/span> que apagan 100 y 75 velas con el compromiso intacto con el desarrollo de la juventud.<\/strong><span style=\"font-weight: 400\"><br \/><\/span><\/p>\n<p><span style=\"font-weight: 400\">\u201cLa historia de la presencia salesiana en La Orotava es profunda e intensos los frutos que de la misma han florecido en la cultura, en la pol\u00edtica, en el deporte, en la devoci\u00f3n a Mar\u00eda Auxiliadora y en la lucha social en favor de los m\u00e1s necesitados\u201d, afirmaba el salesiano <span style=\"color: #333333\"><strong>Felipe Acosta<\/strong><\/span>, alumno de la primera promoci\u00f3n del colegio de la villa tinerfe\u00f1a,que fue el encargado de pregonar el 75 aniversario. Su mensaje sirvi\u00f3 tambi\u00e9n para exaltar la entrega incansable de salesianos como Claudio S\u00e1nchez, V\u00edctor Rodr\u00edguez o Antonio Jim\u00e9nez, entre otros que dejaron su legado hasta estos d\u00edas.<\/span><\/p>\n<p><span style=\"font-weight: 400\">\u201cEste gran acontecimiento que vivimos con la celebraci\u00f3n del 75 aniversario de la presencia salesiana en La Orotava, que se prolongar\u00e1 durante todo el a\u00f1o 2023, no pudo tener mejor comienzo que \u00e9ste, que removi\u00f3 el coraz\u00f3n de los presentes e invit\u00f3 con insistencia a vivirlo desde el agradecimiento y la proyecci\u00f3n hacia el futuro\u201d, compart\u00eda <span style=\"color: #333333\"><strong>Fernando B\u00e1\u00f1ez<\/strong>,<\/span> consejero inspectorial, a la conclusi\u00f3n del acto inaugural que tuvo lugar en diciembre de 2022.<\/span><\/p>\n<p>[\/et_pb_text][et_pb_video src=\u00bbhttps:\/\/www.youtube.com\/watch?time_continue=1&amp;v=r6qZ49-hNaI&amp;feature=emb_logo\u00bb _builder_version=\u00bb4.19.4&#8243; _module_preset=\u00bbdefault\u00bb global_colors_info=\u00bb{}\u00bb][\/et_pb_video][et_pb_text _builder_version=\u00bb4.19.4&#8243; _module_preset=\u00bbdefault\u00bb global_colors_info=\u00bb{}\u00bb]<\/p>\n<p><span style=\"font-weight: 400\">Por otra parte, en noviembre fue la presentaci\u00f3n oficial de los actos que dar\u00e1n forma al programa en una jornada que cont\u00f3 con la presencia de <\/span><b>Paco Jaldo<\/b><span style=\"font-weight: 400\">, director de la casa salesiana; <\/span><b>Jon\u00e1s \u00c1lvarez<\/b><span style=\"font-weight: 400\">, coordinador de la comisi\u00f3n organizadora de los actos del 75\u00ba aniversario, y <\/span><b>Francisco Linares<\/b><span style=\"font-weight: 400\">, alcalde de La Villa de La Orotava. Entre otros actos, destaca la Coronaci\u00f3n de la imagen de Mar\u00eda Auxiliadora, concedida por el Obispo de la di\u00f3cesis nivariense, don <\/span><b>Bernardo \u00c1lvarez<\/b><span style=\"font-weight: 400\">, que se realizar\u00e1 en la plaza del ayuntamiento de La Orotava el 23 de abril de 2023. Como acontecimiento extraordinario, durante la primera semana de mayo, La Orotava recibir\u00e1 la visita del d\u00e9cimo sucesor de Don Bosco, el Rector Mayor de la congregaci\u00f3n Salesiana don <\/span><b>\u00c1ngel Fern\u00e1ndez Artime<\/b><span style=\"font-weight: 400\">.<\/span><\/p>\n<p>[\/et_pb_text][et_pb_video src=\u00bbhttps:\/\/www.youtube.com\/watch?v=f1_bWs92j1A&amp;feature=emb_logo\u00bb _builder_version=\u00bb4.19.4&#8243; _module_preset=\u00bbdefault\u00bb global_colors_info=\u00bb{}\u00bb][\/et_pb_video][et_pb_text _builder_version=\u00bb4.19.4&#8243; _module_preset=\u00bbdefault\u00bb global_colors_info=\u00bb{}\u00bb]<\/p>\n<p><span style=\"font-weight: 400\">De <strong>Santa Cruz de Tenerife<\/strong>, a lomos de un binter, se da un salto a otra isla del mismo archipi\u00e9lago. All\u00e1 la casa salesiana de <\/span><b>Las Palmas<\/b><span style=\"font-weight: 400\"> se encuentra inmersa en los preparativos de su centenario que tendr\u00e1 su apertura el pr\u00f3ximo 24 de enero con una rueda de prensa institucional. Un acto que se est\u00e1 preparando con mucho mimo y que tendr\u00e1, entre diferentes sorpresas, el lanzamiento del logo que presidir\u00e1 los diferentes actos.\u00a0<\/span><\/p>\n<p><span style=\"font-weight: 400\">A principios del siglo XX las religiosas del Sagrado Coraz\u00f3n de Jes\u00fas construyeron, en lo que hoy es Ciudad Jard\u00edn, un colegio para educar a cincuenta ni\u00f1as de Las Palmas. La obra, de estilo modernista-colonial, se debe a la inteligencia del arquitecto don Fernando Navarro. En el a\u00f1o 1920 abandonaron el edificio para fundar otro en Tafira. En 1923, <strong>don Alejandro Hidalgo y Romero<\/strong> y el matrimonio Ascanio-Manrique de Lara lo compraron y llamaron a una nueva congregaci\u00f3n, esta vez de religiosos, para que se hicieran cargo de \u00e9l: los salesianos.<\/span><\/p>\n<p><span style=\"font-weight: 400\">Al principio los salesianos establecieron unas escuelas profesionales con talleres de sastrer\u00eda, zapater\u00eda, imprenta, encuadernaci\u00f3n y carpinter\u00eda. Los alumnos proced\u00edan del internado de San Antonio.<\/span><\/p>\n<p><span style=\"font-weight: 400\">En el a\u00f1o 1960 se implant\u00f3 el Bachillerato, que otorgar\u00eda al colegio su fisonom\u00eda actual. Con las sucesivas leyes de Educaci\u00f3n se establecieron sucesivamente la Educaci\u00f3n General B\u00e1sica (EGB), el Bachillerato Unificado Polivalente (BUP) y el Curso de Orientaci\u00f3n Universitaria (COU). La reforma educativa, desde los a\u00f1os 90 contempl\u00f3 la distribuci\u00f3n en las siguientes etapas: Educaci\u00f3n Infantil (3 a 5 a\u00f1os), Educaci\u00f3n Primaria (6 a 11), Educaci\u00f3n Secundaria Obligatoria (ESO, 12 a 16 a\u00f1os), Bachillerato (17 a 18 a\u00f1os), para llegar, en la actualidad, a supera los 1.200 alumnos.\u00a0<\/span><\/p>\n<p>[\/et_pb_text][deg_elastic_gallery gallery_ids=\u00bb19668,19667,19666,19665,19664,19662,19663&#8243; _builder_version=\u00bb4.19.4&#8243; _module_preset=\u00bbdefault\u00bb global_colors_info=\u00bb{}\u00bb][\/deg_elastic_gallery][et_pb_text _builder_version=\u00bb4.19.4&#8243; _module_preset=\u00bbdefault\u00bb global_colors_info=\u00bb{}\u00bb]<\/p>\n<p><span style=\"font-size: 18pt;color: #800000\"><b>Granada, Carmona y Jerez, otras ciudades que siguen de fiesta <\/b><b><br \/><\/b><\/span><b><br \/><\/b><span style=\"font-weight: 400;font-size: 10pt\">La celebraci\u00f3n tambi\u00e9n se traslada a <strong>Andaluc\u00eda<\/strong>. En el caso de Granada este mes de diciembre se vivieron momentos emocionantes con la celebraci\u00f3n hist\u00f3rica de toda la Comunidad Salesiana que conmemor\u00f3 la llegada de los primeros salesianos a la localidad nazar\u00ed.\u00a0<\/span><\/p>\n<p><span style=\"font-weight: 400\">El d\u00eda 8, miembros de la Familia Salesiana, entre ellos salesianos, antiguos alumnos y amigos de los salesianos acudieron al descubrimiento de la placa en el antiguo edificio donde el colegio salesiano se encontraba en sus inicios. \u201cPrecediendo al acto los participantes se reunieron en el Triunfo y frente a la Inmaculada para escuchar unas palabras, recordando an\u00e9cdotas de los salesianos Juan Fuentes, Ernesto Granja y antiguos alumnos del Triunfo; quienes, agradecieron a la comunidad de vecinos del edificio el acto\u201d.<\/span><\/p>\n<p><span style=\"font-weight: 400\">Tras este homenaje comenz\u00f3 la emotiva eucarist\u00eda presidida por el arzobispo Don Jos\u00e9 Mar\u00eda Gil Tamayo durante la conmemoraci\u00f3n de la Inmaculada teniendo a Mar\u00eda Auxiliadora cerca del altar. La Catedral estaba llena de personas que se definen salesianas por vinculaci\u00f3n con la casa, por muchas razones, pero todas las escuchadas con algo en com\u00fan \u201cel buen recuerdo y amor a la congregaci\u00f3n\u201d. Es as\u00ed como se define a esta casa, recordando su labor en la ciudad de Granada y la influencia en miles de j\u00f3venes que por sus patios han pasado haci\u00e9ndoles ser buenos cristianos.\u00a0<\/span><\/p>\n<p>[\/et_pb_text][et_pb_video src=\u00bbhttps:\/\/www.youtube.com\/watch?v=ynw6Wa8Kujg&amp;feature=emb_logo\u00bb _builder_version=\u00bb4.19.4&#8243; _module_preset=\u00bbdefault\u00bb global_colors_info=\u00bb{}\u00bb][\/et_pb_video][et_pb_text _builder_version=\u00bb4.19.4&#8243; _module_preset=\u00bbdefault\u00bb hover_enabled=\u00bb0&#8243; global_colors_info=\u00bb{}\u00bb sticky_enabled=\u00bb0&#8243;]<\/p>\n<p><span style=\"font-weight: 400\">Por otra parte, la casa salesiana de <span style=\"color: #800000\"><strong>Jerez Torres Silva<\/strong><\/span> contin\u00faa con las celebraciones de su aniversario tras la jornada de apertura el pasado 24 de octubre. Un amplio programa de actos, en el que recientemente han rendido homenaje a la figura del campanero \u00c1lvaro Domecq Romero, quien contribuy\u00f3 a culturizar y alfabetizar a j\u00f3venes de las clases m\u00e1s desfavorecidas tras la postguerra, servir\u00e1 para reconocer la labor de distintas figuras hist\u00f3ricas y para poner en valor el v\u00ednculo de la presencia salesiana con la ciudad.<\/span><\/p>\n<p><span style=\"font-weight: 400\">El lema escogido para las celebraciones de esta casa es \u2018<strong>Crecemos con alegr\u00eda<\/strong>\u2019. \u201cSe trata de un elemento esencial para conseguir la santidad, como bien dijo Sto. Domingo Savio, y como elemento \u00edntegro de una pastoral que vive con entusiasmo el misterio de la Pascua, desde el carisma juvenil salesiano. Indispensable en el car\u00e1cter de nuestro \u00abOratorio Festivo\u00bb\u201d, concluyen desde la casa salesiana cogiendo fuerza desde el pasado, viviendo con intensidad el presente y afrontando el futuro con mucha ilusi\u00f3n.<\/span><\/p>\n<p><span style=\"font-weight: 400\">En la recta final de la efem\u00e9ride se encuentra <strong><span style=\"color: #800000\">Carmona<\/span><\/strong>. Con 125 a\u00f1os de historia es la segunda entidad educativa m\u00e1s antigua de la ciudad, por lo que este aniversario ha posibilitado contar con miles de antiguos alumnos carmonenses con el paso de las distintas generaciones entre sus patios. Es Carmona la primera presencia salesiana de la Inspector\u00eda de Mar\u00eda Auxiliadora en ceder su labor a un equipo de laicos, educadores y animadores, que hasta hoy siguen compartiendo la misi\u00f3n salesiana. La labor pastoral y educativa de la comunidad educativa de Carmona est\u00e1 dejando constancia que el esp\u00edritu de Don Bosco sigue presente en esta tierra andaluza.<\/span><\/p>\n<p>[\/et_pb_text][deg_elastic_gallery gallery_ids=\u00bb19678,19677,19676,19675,19674,19673,19672,19671,19670&#8243; _builder_version=\u00bb4.19.4&#8243; _module_preset=\u00bbdefault\u00bb global_colors_info=\u00bb{}\u00bb][\/deg_elastic_gallery][deg_elastic_gallery gallery_ids=\u00bb19680,19681,19682,19683,19684,19685,19686,19687,19688,19689,19690,19691,19692,19693,19694,19695,19696,19697,19669&#8243; _builder_version=\u00bb4.19.4&#8243; _module_preset=\u00bbdefault\u00bb global_colors_info=\u00bb{}\u00bb][\/deg_elastic_gallery][\/et_pb_column][\/et_pb_row][\/et_pb_section]<\/p>\n","protected":false},"excerpt":{"rendered":"<p>La Inspector\u00eda Mar\u00eda Auxiliadora encara la recta final del a\u00f1o 2022 y mira con esperanza al 2023 al comprobar la intensa vida que emana de las diferentes presencias salesianas.<\/p>\n","protected":false},"author":5,"featured_media":19679,"comment_status":"open","ping_status":"closed","sticky":false,"template":"","format":"standard","meta":{"_et_pb_use_builder":"on","_et_pb_old_content":"","_et_gb_content_width":"","footnotes":""},"categories":[34],"tags":[],"class_list":["post-19640","post","type-post","status-publish","format-standard","has-post-thumbnail","hentry","category-a-fondo"],"yoast_head":"<!-- This site is optimized with the Yoast SEO plugin v27.5 - https:\/\/yoast.com\/product\/yoast-seo-wordpress\/ -->\n<title>Las Palmas y La Orotava, dos aniversarios con el sello salesiano de Canarias y el compromiso intacto por el desarrollo de la juventud - Revista SMX<\/title>\n<meta name=\"robots\" content=\"index, follow, max-snippet:-1, max-image-preview:large, max-video-preview:-1\" \/>\n<link rel=\"canonical\" href=\"https:\/\/www.salesianos.edu\/revistasmx\/las-palmas-y-la-orotava-dos-aniversarios-con-el-sello-salesiano-de-canarias-y-el-compromiso-intacto-por-el-desarrollo-de-la-juventud\/\" \/>\n<meta property=\"og:locale\" content=\"es_ES\" \/>\n<meta property=\"og:type\" content=\"article\" \/>\n<meta property=\"og:title\" content=\"Las Palmas y La Orotava, dos aniversarios con el sello salesiano de Canarias y el compromiso intacto por el desarrollo de la juventud - Revista SMX\" \/>\n<meta property=\"og:description\" content=\"La Inspector\u00eda Mar\u00eda Auxiliadora encara la recta final del a\u00f1o 2022 y mira con esperanza al 2023 al comprobar la intensa vida que emana de las diferentes presencias salesianas.\" \/>\n<meta property=\"og:url\" content=\"https:\/\/www.salesianos.edu\/revistasmx\/las-palmas-y-la-orotava-dos-aniversarios-con-el-sello-salesiano-de-canarias-y-el-compromiso-intacto-por-el-desarrollo-de-la-juventud\/\" \/>\n<meta property=\"og:site_name\" content=\"Revista SMX\" \/>\n<meta property=\"article:published_time\" content=\"2022-12-28T10:40:07+00:00\" \/>\n<meta property=\"article:modified_time\" content=\"2022-12-28T10:58:51+00:00\" \/>\n<meta property=\"og:image\" content=\"http:\/\/www.salesianos.edu\/revistasmx\/wp-content\/uploads\/sites\/8\/2022\/12\/lao7-1.jpeg\" \/>\n\t<meta property=\"og:image:width\" content=\"1600\" \/>\n\t<meta property=\"og:image:height\" content=\"1066\" \/>\n\t<meta property=\"og:image:type\" content=\"image\/jpeg\" \/>\n<meta name=\"author\" content=\"martapeirat\" \/>\n<meta name=\"twitter:card\" content=\"summary_large_image\" \/>\n<meta name=\"twitter:label1\" content=\"Escrito por\" \/>\n\t<meta name=\"twitter:data1\" content=\"martapeirat\" \/>\n\t<meta name=\"twitter:label2\" content=\"Tiempo de lectura\" \/>\n\t<meta name=\"twitter:data2\" content=\"6 minutos\" \/>\n<script type=\"application\/ld+json\" class=\"yoast-schema-graph\">{\"@context\":\"https:\\\/\\\/schema.org\",\"@graph\":[{\"@type\":\"Article\",\"@id\":\"https:\\\/\\\/www.salesianos.edu\\\/revistasmx\\\/las-palmas-y-la-orotava-dos-aniversarios-con-el-sello-salesiano-de-canarias-y-el-compromiso-intacto-por-el-desarrollo-de-la-juventud\\\/#article\",\"isPartOf\":{\"@id\":\"https:\\\/\\\/www.salesianos.edu\\\/revistasmx\\\/las-palmas-y-la-orotava-dos-aniversarios-con-el-sello-salesiano-de-canarias-y-el-compromiso-intacto-por-el-desarrollo-de-la-juventud\\\/\"},\"author\":{\"name\":\"martapeirat\",\"@id\":\"https:\\\/\\\/www.salesianos.edu\\\/revistasmx\\\/#\\\/schema\\\/person\\\/20a80be1bb4e0ed82068c57facf5b237\"},\"headline\":\"Las Palmas y La Orotava, dos aniversarios con el sello salesiano de Canarias y el compromiso intacto por el desarrollo de la juventud\",\"datePublished\":\"2022-12-28T10:40:07+00:00\",\"dateModified\":\"2022-12-28T10:58:51+00:00\",\"mainEntityOfPage\":{\"@id\":\"https:\\\/\\\/www.salesianos.edu\\\/revistasmx\\\/las-palmas-y-la-orotava-dos-aniversarios-con-el-sello-salesiano-de-canarias-y-el-compromiso-intacto-por-el-desarrollo-de-la-juventud\\\/\"},\"wordCount\":1507,\"commentCount\":0,\"image\":{\"@id\":\"https:\\\/\\\/www.salesianos.edu\\\/revistasmx\\\/las-palmas-y-la-orotava-dos-aniversarios-con-el-sello-salesiano-de-canarias-y-el-compromiso-intacto-por-el-desarrollo-de-la-juventud\\\/#primaryimage\"},\"thumbnailUrl\":\"https:\\\/\\\/www.salesianos.edu\\\/revistasmx\\\/wp-content\\\/uploads\\\/sites\\\/8\\\/2022\\\/12\\\/lao7-1.jpeg\",\"articleSection\":[\"A FONDO\"],\"inLanguage\":\"es\",\"potentialAction\":[{\"@type\":\"CommentAction\",\"name\":\"Comment\",\"target\":[\"https:\\\/\\\/www.salesianos.edu\\\/revistasmx\\\/las-palmas-y-la-orotava-dos-aniversarios-con-el-sello-salesiano-de-canarias-y-el-compromiso-intacto-por-el-desarrollo-de-la-juventud\\\/#respond\"]}]},{\"@type\":\"WebPage\",\"@id\":\"https:\\\/\\\/www.salesianos.edu\\\/revistasmx\\\/las-palmas-y-la-orotava-dos-aniversarios-con-el-sello-salesiano-de-canarias-y-el-compromiso-intacto-por-el-desarrollo-de-la-juventud\\\/\",\"url\":\"https:\\\/\\\/www.salesianos.edu\\\/revistasmx\\\/las-palmas-y-la-orotava-dos-aniversarios-con-el-sello-salesiano-de-canarias-y-el-compromiso-intacto-por-el-desarrollo-de-la-juventud\\\/\",\"name\":\"Las Palmas y La Orotava, dos aniversarios con el sello salesiano de Canarias y el compromiso intacto por el desarrollo de la juventud - Revista SMX\",\"isPartOf\":{\"@id\":\"https:\\\/\\\/www.salesianos.edu\\\/revistasmx\\\/#website\"},\"primaryImageOfPage\":{\"@id\":\"https:\\\/\\\/www.salesianos.edu\\\/revistasmx\\\/las-palmas-y-la-orotava-dos-aniversarios-con-el-sello-salesiano-de-canarias-y-el-compromiso-intacto-por-el-desarrollo-de-la-juventud\\\/#primaryimage\"},\"image\":{\"@id\":\"https:\\\/\\\/www.salesianos.edu\\\/revistasmx\\\/las-palmas-y-la-orotava-dos-aniversarios-con-el-sello-salesiano-de-canarias-y-el-compromiso-intacto-por-el-desarrollo-de-la-juventud\\\/#primaryimage\"},\"thumbnailUrl\":\"https:\\\/\\\/www.salesianos.edu\\\/revistasmx\\\/wp-content\\\/uploads\\\/sites\\\/8\\\/2022\\\/12\\\/lao7-1.jpeg\",\"datePublished\":\"2022-12-28T10:40:07+00:00\",\"dateModified\":\"2022-12-28T10:58:51+00:00\",\"author\":{\"@id\":\"https:\\\/\\\/www.salesianos.edu\\\/revistasmx\\\/#\\\/schema\\\/person\\\/20a80be1bb4e0ed82068c57facf5b237\"},\"breadcrumb\":{\"@id\":\"https:\\\/\\\/www.salesianos.edu\\\/revistasmx\\\/las-palmas-y-la-orotava-dos-aniversarios-con-el-sello-salesiano-de-canarias-y-el-compromiso-intacto-por-el-desarrollo-de-la-juventud\\\/#breadcrumb\"},\"inLanguage\":\"es\",\"potentialAction\":[{\"@type\":\"ReadAction\",\"target\":[\"https:\\\/\\\/www.salesianos.edu\\\/revistasmx\\\/las-palmas-y-la-orotava-dos-aniversarios-con-el-sello-salesiano-de-canarias-y-el-compromiso-intacto-por-el-desarrollo-de-la-juventud\\\/\"]}]},{\"@type\":\"ImageObject\",\"inLanguage\":\"es\",\"@id\":\"https:\\\/\\\/www.salesianos.edu\\\/revistasmx\\\/las-palmas-y-la-orotava-dos-aniversarios-con-el-sello-salesiano-de-canarias-y-el-compromiso-intacto-por-el-desarrollo-de-la-juventud\\\/#primaryimage\",\"url\":\"https:\\\/\\\/www.salesianos.edu\\\/revistasmx\\\/wp-content\\\/uploads\\\/sites\\\/8\\\/2022\\\/12\\\/lao7-1.jpeg\",\"contentUrl\":\"https:\\\/\\\/www.salesianos.edu\\\/revistasmx\\\/wp-content\\\/uploads\\\/sites\\\/8\\\/2022\\\/12\\\/lao7-1.jpeg\",\"width\":1600,\"height\":1066},{\"@type\":\"BreadcrumbList\",\"@id\":\"https:\\\/\\\/www.salesianos.edu\\\/revistasmx\\\/las-palmas-y-la-orotava-dos-aniversarios-con-el-sello-salesiano-de-canarias-y-el-compromiso-intacto-por-el-desarrollo-de-la-juventud\\\/#breadcrumb\",\"itemListElement\":[{\"@type\":\"ListItem\",\"position\":1,\"name\":\"Portada\",\"item\":\"https:\\\/\\\/www.salesianos.edu\\\/revistasmx\\\/\"},{\"@type\":\"ListItem\",\"position\":2,\"name\":\"Las Palmas y La Orotava, dos aniversarios con el sello salesiano de Canarias y el compromiso intacto por el desarrollo de la juventud\"}]},{\"@type\":\"WebSite\",\"@id\":\"https:\\\/\\\/www.salesianos.edu\\\/revistasmx\\\/#website\",\"url\":\"https:\\\/\\\/www.salesianos.edu\\\/revistasmx\\\/\",\"name\":\"Revista SMX\",\"description\":\"P\u00e1gina oficial de Inspector\u00eda Salesiana Mar\u00eda Auxiliadora\",\"potentialAction\":[{\"@type\":\"SearchAction\",\"target\":{\"@type\":\"EntryPoint\",\"urlTemplate\":\"https:\\\/\\\/www.salesianos.edu\\\/revistasmx\\\/?s={search_term_string}\"},\"query-input\":{\"@type\":\"PropertyValueSpecification\",\"valueRequired\":true,\"valueName\":\"search_term_string\"}}],\"inLanguage\":\"es\"},{\"@type\":\"Person\",\"@id\":\"https:\\\/\\\/www.salesianos.edu\\\/revistasmx\\\/#\\\/schema\\\/person\\\/20a80be1bb4e0ed82068c57facf5b237\",\"name\":\"martapeirat\",\"image\":{\"@type\":\"ImageObject\",\"inLanguage\":\"es\",\"@id\":\"https:\\\/\\\/secure.gravatar.com\\\/avatar\\\/1139b81b40ed1dde466563679597db378e7092bbfdd7ebb264c437fedde866d7?s=96&d=mm&r=g\",\"url\":\"https:\\\/\\\/secure.gravatar.com\\\/avatar\\\/1139b81b40ed1dde466563679597db378e7092bbfdd7ebb264c437fedde866d7?s=96&d=mm&r=g\",\"contentUrl\":\"https:\\\/\\\/secure.gravatar.com\\\/avatar\\\/1139b81b40ed1dde466563679597db378e7092bbfdd7ebb264c437fedde866d7?s=96&d=mm&r=g\",\"caption\":\"martapeirat\"}}]}<\/script>\n<!-- \/ Yoast SEO plugin. -->","yoast_head_json":{"title":"Las Palmas y La Orotava, dos aniversarios con el sello salesiano de Canarias y el compromiso intacto por el desarrollo de la juventud - Revista SMX","robots":{"index":"index","follow":"follow","max-snippet":"max-snippet:-1","max-image-preview":"max-image-preview:large","max-video-preview":"max-video-preview:-1"},"canonical":"https:\/\/www.salesianos.edu\/revistasmx\/las-palmas-y-la-orotava-dos-aniversarios-con-el-sello-salesiano-de-canarias-y-el-compromiso-intacto-por-el-desarrollo-de-la-juventud\/","og_locale":"es_ES","og_type":"article","og_title":"Las Palmas y La Orotava, dos aniversarios con el sello salesiano de Canarias y el compromiso intacto por el desarrollo de la juventud - Revista SMX","og_description":"La Inspector\u00eda Mar\u00eda Auxiliadora encara la recta final del a\u00f1o 2022 y mira con esperanza al 2023 al comprobar la intensa vida que emana de las diferentes presencias salesianas.","og_url":"https:\/\/www.salesianos.edu\/revistasmx\/las-palmas-y-la-orotava-dos-aniversarios-con-el-sello-salesiano-de-canarias-y-el-compromiso-intacto-por-el-desarrollo-de-la-juventud\/","og_site_name":"Revista SMX","article_published_time":"2022-12-28T10:40:07+00:00","article_modified_time":"2022-12-28T10:58:51+00:00","og_image":[{"width":1600,"height":1066,"url":"http:\/\/www.salesianos.edu\/revistasmx\/wp-content\/uploads\/sites\/8\/2022\/12\/lao7-1.jpeg","type":"image\/jpeg"}],"author":"martapeirat","twitter_card":"summary_large_image","twitter_misc":{"Escrito por":"martapeirat","Tiempo de lectura":"6 minutos"},"schema":{"@context":"https:\/\/schema.org","@graph":[{"@type":"Article","@id":"https:\/\/www.salesianos.edu\/revistasmx\/las-palmas-y-la-orotava-dos-aniversarios-con-el-sello-salesiano-de-canarias-y-el-compromiso-intacto-por-el-desarrollo-de-la-juventud\/#article","isPartOf":{"@id":"https:\/\/www.salesianos.edu\/revistasmx\/las-palmas-y-la-orotava-dos-aniversarios-con-el-sello-salesiano-de-canarias-y-el-compromiso-intacto-por-el-desarrollo-de-la-juventud\/"},"author":{"name":"martapeirat","@id":"https:\/\/www.salesianos.edu\/revistasmx\/#\/schema\/person\/20a80be1bb4e0ed82068c57facf5b237"},"headline":"Las Palmas y La Orotava, dos aniversarios con el sello salesiano de Canarias y el compromiso intacto por el desarrollo de la juventud","datePublished":"2022-12-28T10:40:07+00:00","dateModified":"2022-12-28T10:58:51+00:00","mainEntityOfPage":{"@id":"https:\/\/www.salesianos.edu\/revistasmx\/las-palmas-y-la-orotava-dos-aniversarios-con-el-sello-salesiano-de-canarias-y-el-compromiso-intacto-por-el-desarrollo-de-la-juventud\/"},"wordCount":1507,"commentCount":0,"image":{"@id":"https:\/\/www.salesianos.edu\/revistasmx\/las-palmas-y-la-orotava-dos-aniversarios-con-el-sello-salesiano-de-canarias-y-el-compromiso-intacto-por-el-desarrollo-de-la-juventud\/#primaryimage"},"thumbnailUrl":"https:\/\/www.salesianos.edu\/revistasmx\/wp-content\/uploads\/sites\/8\/2022\/12\/lao7-1.jpeg","articleSection":["A FONDO"],"inLanguage":"es","potentialAction":[{"@type":"CommentAction","name":"Comment","target":["https:\/\/www.salesianos.edu\/revistasmx\/las-palmas-y-la-orotava-dos-aniversarios-con-el-sello-salesiano-de-canarias-y-el-compromiso-intacto-por-el-desarrollo-de-la-juventud\/#respond"]}]},{"@type":"WebPage","@id":"https:\/\/www.salesianos.edu\/revistasmx\/las-palmas-y-la-orotava-dos-aniversarios-con-el-sello-salesiano-de-canarias-y-el-compromiso-intacto-por-el-desarrollo-de-la-juventud\/","url":"https:\/\/www.salesianos.edu\/revistasmx\/las-palmas-y-la-orotava-dos-aniversarios-con-el-sello-salesiano-de-canarias-y-el-compromiso-intacto-por-el-desarrollo-de-la-juventud\/","name":"Las Palmas y La Orotava, dos aniversarios con el sello salesiano de Canarias y el compromiso intacto por el desarrollo de la juventud - Revista SMX","isPartOf":{"@id":"https:\/\/www.salesianos.edu\/revistasmx\/#website"},"primaryImageOfPage":{"@id":"https:\/\/www.salesianos.edu\/revistasmx\/las-palmas-y-la-orotava-dos-aniversarios-con-el-sello-salesiano-de-canarias-y-el-compromiso-intacto-por-el-desarrollo-de-la-juventud\/#primaryimage"},"image":{"@id":"https:\/\/www.salesianos.edu\/revistasmx\/las-palmas-y-la-orotava-dos-aniversarios-con-el-sello-salesiano-de-canarias-y-el-compromiso-intacto-por-el-desarrollo-de-la-juventud\/#primaryimage"},"thumbnailUrl":"https:\/\/www.salesianos.edu\/revistasmx\/wp-content\/uploads\/sites\/8\/2022\/12\/lao7-1.jpeg","datePublished":"2022-12-28T10:40:07+00:00","dateModified":"2022-12-28T10:58:51+00:00","author":{"@id":"https:\/\/www.salesianos.edu\/revistasmx\/#\/schema\/person\/20a80be1bb4e0ed82068c57facf5b237"},"breadcrumb":{"@id":"https:\/\/www.salesianos.edu\/revistasmx\/las-palmas-y-la-orotava-dos-aniversarios-con-el-sello-salesiano-de-canarias-y-el-compromiso-intacto-por-el-desarrollo-de-la-juventud\/#breadcrumb"},"inLanguage":"es","potentialAction":[{"@type":"ReadAction","target":["https:\/\/www.salesianos.edu\/revistasmx\/las-palmas-y-la-orotava-dos-aniversarios-con-el-sello-salesiano-de-canarias-y-el-compromiso-intacto-por-el-desarrollo-de-la-juventud\/"]}]},{"@type":"ImageObject","inLanguage":"es","@id":"https:\/\/www.salesianos.edu\/revistasmx\/las-palmas-y-la-orotava-dos-aniversarios-con-el-sello-salesiano-de-canarias-y-el-compromiso-intacto-por-el-desarrollo-de-la-juventud\/#primaryimage","url":"https:\/\/www.salesianos.edu\/revistasmx\/wp-content\/uploads\/sites\/8\/2022\/12\/lao7-1.jpeg","contentUrl":"https:\/\/www.salesianos.edu\/revistasmx\/wp-content\/uploads\/sites\/8\/2022\/12\/lao7-1.jpeg","width":1600,"height":1066},{"@type":"BreadcrumbList","@id":"https:\/\/www.salesianos.edu\/revistasmx\/las-palmas-y-la-orotava-dos-aniversarios-con-el-sello-salesiano-de-canarias-y-el-compromiso-intacto-por-el-desarrollo-de-la-juventud\/#breadcrumb","itemListElement":[{"@type":"ListItem","position":1,"name":"Portada","item":"https:\/\/www.salesianos.edu\/revistasmx\/"},{"@type":"ListItem","position":2,"name":"Las Palmas y La Orotava, dos aniversarios con el sello salesiano de Canarias y el compromiso intacto por el desarrollo de la juventud"}]},{"@type":"WebSite","@id":"https:\/\/www.salesianos.edu\/revistasmx\/#website","url":"https:\/\/www.salesianos.edu\/revistasmx\/","name":"Revista SMX","description":"P\u00e1gina oficial de Inspector\u00eda Salesiana Mar\u00eda Auxiliadora","potentialAction":[{"@type":"SearchAction","target":{"@type":"EntryPoint","urlTemplate":"https:\/\/www.salesianos.edu\/revistasmx\/?s={search_term_string}"},"query-input":{"@type":"PropertyValueSpecification","valueRequired":true,"valueName":"search_term_string"}}],"inLanguage":"es"},{"@type":"Person","@id":"https:\/\/www.salesianos.edu\/revistasmx\/#\/schema\/person\/20a80be1bb4e0ed82068c57facf5b237","name":"martapeirat","image":{"@type":"ImageObject","inLanguage":"es","@id":"https:\/\/secure.gravatar.com\/avatar\/1139b81b40ed1dde466563679597db378e7092bbfdd7ebb264c437fedde866d7?s=96&d=mm&r=g","url":"https:\/\/secure.gravatar.com\/avatar\/1139b81b40ed1dde466563679597db378e7092bbfdd7ebb264c437fedde866d7?s=96&d=mm&r=g","contentUrl":"https:\/\/secure.gravatar.com\/avatar\/1139b81b40ed1dde466563679597db378e7092bbfdd7ebb264c437fedde866d7?s=96&d=mm&r=g","caption":"martapeirat"}}]}},"_links":{"self":[{"href":"https:\/\/www.salesianos.edu\/revistasmx\/wp-json\/wp\/v2\/posts\/19640","targetHints":{"allow":["GET"]}}],"collection":[{"href":"https:\/\/www.salesianos.edu\/revistasmx\/wp-json\/wp\/v2\/posts"}],"about":[{"href":"https:\/\/www.salesianos.edu\/revistasmx\/wp-json\/wp\/v2\/types\/post"}],"author":[{"embeddable":true,"href":"https:\/\/www.salesianos.edu\/revistasmx\/wp-json\/wp\/v2\/users\/5"}],"replies":[{"embeddable":true,"href":"https:\/\/www.salesianos.edu\/revistasmx\/wp-json\/wp\/v2\/comments?post=19640"}],"version-history":[{"count":6,"href":"https:\/\/www.salesianos.edu\/revistasmx\/wp-json\/wp\/v2\/posts\/19640\/revisions"}],"predecessor-version":[{"id":19704,"href":"https:\/\/www.salesianos.edu\/revistasmx\/wp-json\/wp\/v2\/posts\/19640\/revisions\/19704"}],"wp:featuredmedia":[{"embeddable":true,"href":"https:\/\/www.salesianos.edu\/revistasmx\/wp-json\/wp\/v2\/media\/19679"}],"wp:attachment":[{"href":"https:\/\/www.salesianos.edu\/revistasmx\/wp-json\/wp\/v2\/media?parent=19640"}],"wp:term":[{"taxonomy":"category","embeddable":true,"href":"https:\/\/www.salesianos.edu\/revistasmx\/wp-json\/wp\/v2\/categories?post=19640"},{"taxonomy":"post_tag","embeddable":true,"href":"https:\/\/www.salesianos.edu\/revistasmx\/wp-json\/wp\/v2\/tags?post=19640"}],"curies":[{"name":"wp","href":"https:\/\/api.w.org\/{rel}","templated":true}]}}