{"id":18602,"date":"2022-02-23T13:03:08","date_gmt":"2022-02-23T12:03:08","guid":{"rendered":"https:\/\/www.salesianos.edu\/revistasmx\/?p=18602"},"modified":"2022-02-25T11:37:59","modified_gmt":"2022-02-25T10:37:59","slug":"la-dimensio-pastoral-de-la-comunicacio","status":"publish","type":"post","link":"https:\/\/www.salesianos.edu\/revistasmx\/ca\/la-dimensio-pastoral-de-la-comunicacio\/","title":{"rendered":"La dimensi\u00f3 Pastoral de la Comunicaci\u00f3"},"content":{"rendered":"<div id=\"fb-root\"><\/div>\n<p>[et_pb_section fb_built=\u00bb1&#8243; admin_label=\u00bbsection\u00bb _builder_version=\u00bb3.22&#8243; global_colors_info=\u00bb{}\u00bb][et_pb_row admin_label=\u00bbrow\u00bb _builder_version=\u00bb3.25&#8243; background_size=\u00bbinitial\u00bb background_position=\u00bbtop_left\u00bb background_repeat=\u00bbrepeat\u00bb global_colors_info=\u00bb{}\u00bb][et_pb_column type=\u00bb4_4&#8243; _builder_version=\u00bb3.25&#8243; custom_padding=\u00bb|||\u00bb global_colors_info=\u00bb{}\u00bb custom_padding__hover=\u00bb|||\u00bb][et_pb_text _builder_version=\u00bb4.14.7&#8243; _module_preset=\u00bbdefault\u00bb global_colors_info=\u00bb{}\u00bb]<\/p>\n<p>La <strong>Delegaci\u00f3 Nacional de Comunicaci\u00f3 Social<\/strong> va presentar el 24 de febrer la 8a Jornada Salesiana de Comunicaci\u00f3 que va tenir lloc en format online de 11:00 a 13:30 i de 16:00 a 17:30, sota el t\u00edtol \u201cDimensi\u00f3 Pastoral de la Comunicaci\u00f3\u201d. M\u00e9s de 160 responsables de comunicaci\u00f3, juntament amb directors i coordinadors de pastoral, entre altres destinataris, van participar en aquesta edici\u00f3 que va ser guiada pel delegat nacional de comunicaci\u00f3 <strong>Fco. Javier Valiente<\/strong> i el delegat inspectorial de SMX, <strong>Carlos Mart\u00edn<\/strong>.<\/p>\n<p><strong>Miguel \u00c1ngel Garc\u00eda Morcuende<\/strong>, Conseller General Salesi\u00e0 per a la Pastoral Juvenil, va ser l&#8217;encarregat de la pon\u00e8ncia principal, mentre que l&#8217;obertura va venir de la m\u00e0 de <strong>Gild\u00e1sio Mendes<\/strong>, Conseller General salesi\u00e0 per a la comunicaci\u00f3.<\/p>\n<p>En la seva intervenci\u00f3 el conseller general per a la comunicaci\u00f3 afirmava que la comunicaci\u00f3 <em><strong>no camina sola sin\u00f3 que s&#8217;insereix en el gran projecte educatiu i<img loading=\"lazy\" decoding=\"async\" class=\"size-thumbnail wp-image-18686 alignright\" src=\"https:\/\/www.salesianos.edu\/revistasmx\/wp-content\/uploads\/sites\/8\/2022\/02\/Captura-de-pantalla-2022-02-25-a-las-9.00.48-150x150.png\" alt=\"\" width=\"150\" height=\"150\" \/> pastoral salesi\u00e0.<\/strong> <\/em>\u00abPer qu\u00e8 utilitzem les xarxes socials de manera creativa? per a evangelitzar als joves. Per qu\u00e8 ens preparem t\u00e8cnicament per a comunicar-nos amb professionalitat i compet\u00e8ncia? Per a educar als joves, Per qu\u00e8 volem treballar en el m\u00f3n digital i virtual? Per a evangelitzar i educar als joves. Per qu\u00e8 viure en el m\u00f3n digital? Per a ser educadors i comunicadors dels joves a l&#8217;estil de Don Bosco!\u00bb afirmava.<\/p>\n<blockquote>\n<p><em><strong>Miguel \u00c1ngel Garc\u00eda Morcuende<\/strong>, va indicar que \u00ab<\/em><strong><em>Som una fam\u00edlia carism\u00e0tica mundial al servei dels joves. I vivim interconnectats. I aix\u00f2 ens fa m\u00e9s forts si ens escoltem i aprenem els uns dels altres. El m\u00f3n digital, i especialment les xarxes socials s\u2019han convertit en una realitat en qu\u00e8 s\u2019hi ha de ser, perqu\u00e8 els nostres joves hi s\u00f3n i \u00e9s tamb\u00e9 un espai per evangelitzar\u00bb.<\/em><\/strong><\/p>\n<\/blockquote>\n<p><img loading=\"lazy\" decoding=\"async\" class=\"size-thumbnail wp-image-18687 alignleft\" src=\"https:\/\/www.salesianos.edu\/revistasmx\/wp-content\/uploads\/sites\/8\/2022\/02\/Captura-de-pantalla-2022-02-25-a-las-9.03.56-150x150.png\" alt=\"\" width=\"150\" height=\"150\" \/>\u201cLes Delegacions de Comunicaci\u00f3 de les inspectories a Espanya treball\u00e0vem en com\u00fa molts temes com l&#8217;organitzaci\u00f3, productes i canals, idees compartides, imatge corporativa, web d&#8217;informaci\u00f3, pla de comunicaci\u00f3 compartit, etc. Personalment veia que era molt important visibilitzar aquest cam\u00ed i fer-ho al voltant de la formaci\u00f3. Quan el 2014 les sis inspectories espanyoles ens vam reorganitzar-nos en dues, vam proposar organitzar una jornada salesiana de comunicaci\u00f3, que ens serv\u00eds per unir criteris, formar-nos en aspectes que v\u00e8iem necessaris i que fos un aparador del cam\u00ed que est\u00e0vem recorrent. Aix\u00ed va sorgir la I Jornada, el 21 de febrer del 2014. El tema va ser el m\u00e0rqueting educatiu, al qual en aquell moment se li comen\u00e7ava a dedicar molta atenci\u00f3\u201d, comparteix Javier Valiente recordant els inicis d&#8217;aquella trobada.<\/p>\n<p>\u201cAquests anys s&#8217;ha consolidat aquesta jornada. Des del principi vam voler que estigu\u00e9s oberta a tots els que estem ficats al camp de la comunicaci\u00f3 de les pres\u00e8ncies salesianes. Tamb\u00e9 d&#8217;entitats salesianes, Fam\u00edlia Salesiana, i alguns anys tamb\u00e9 hi han participat fins i tot des de Portugal. I sempre hem volgut que fos una convocat\u00f2ria oberta, \u00e0mplia, no nom\u00e9s per a professionals de la comunicaci\u00f3, que a les nostres inspectories ja n\u2019hi ha un grup nombr\u00f3s, sin\u00f3 tamb\u00e9 per a tots aquells educadors, animadors, t\u00e8cnics, que porten la comunicaci\u00f3 a les obres salesianes. D&#8217;altra banda, no nom\u00e9s han estat trobades -vuit ja!!- de formaci\u00f3, sin\u00f3 de compartir bones pr\u00e0ctiques, aprendre els uns dels altres, con\u00e8ixer el que a les cases es va fent en aquest camp. I aix\u00f2 \u00e9s molt enriquidor i, a m\u00e9s, ens ajuda a seguir caminant junts\u201d, afegeix sobre el cam\u00ed recorregut que ha donat fruit abundant en les pres\u00e8ncies salesianes i entitats.<\/p>\n<p>\u201cPersonalment, m&#8217;encantaria que segu\u00eds celebrant-se molts anys. Que, com a salesians, tinguem una jornada a nivell nacional per reflexionar sobre la comunicaci\u00f3. Tamb\u00e9 m&#8217;agradaria que ens serv\u00eds per estar al corrent dels canvis que es produeixen en aquest m\u00f3n. I, com hem vingut fent, continuar convidant persones del m\u00f3n de les empreses, universitats, fora de l&#8217;entorn salesi\u00e0, perqu\u00e8 ens il\u00b7luminin i ens ofereixin punts de vista que ens ajudin a sortir del nostre cercle m\u00e9s proper. Aix\u00f2 en el camp de la comunicaci\u00f3 \u00e9s fonamental. I m&#8217;agrada molt la il\u00b7lusi\u00f3 amb qu\u00e8 \u00e9s acollida cada any, i l&#8217;esfor\u00e7 que dediquen els equips de comunicaci\u00f3 de les inspectories per preparar-la\u201d, finalitzava sobre els reptes que han d&#8217;arribar per a aquest f\u00f2rum.<\/p>\n<p>&nbsp;<\/p>\n<p>[\/et_pb_text][et_pb_video src=\u00bbhttps:\/\/www.youtube.com\/watch?v=AH6OUcEcSaU&amp;ab_channel=SalesianosEspa%C3%B1a\u00bb _builder_version=\u00bb4.14.7&#8243; _module_preset=\u00bbdefault\u00bb global_colors_info=\u00bb{}\u00bb][\/et_pb_video][et_pb_cta title=\u00bbPunt de trobada i creixement per a la comunicaci\u00f3 de les cases\u00bb _builder_version=\u00bb4.14.7&#8243; _module_preset=\u00bbdefault\u00bb global_colors_info=\u00bb{}\u00bb]<\/p>\n<p>Per a <strong>Jerem\u00edas Gonz\u00e1lez, de Salesians La Cuesta, <\/strong>la Jornada \u00e9s \u201cun punt de trobada de tots els delegats\u201d i suposa l&#8217;apoderament de la comunicaci\u00f3 social. <strong>Mayca Crespo, de Las Palmas, <\/strong>que ha participat des de la primera jornada en qu\u00e8 es va parlar del \u201cMarketing educatiu per a entitats d&#8217;avui\u201d, explica que gr\u00e0cies a la delegaci\u00f3 nacional de comunicaci\u00f3, localment les cases poden continuar creixent en comunicaci\u00f3. \u00ab\u00c9s una oportunitat per consolidar encara m\u00e9s si \u00e9s possible el sentiment de formar part d&#8217;un mateix projecte, d&#8217;un equip i per descomptat d\u2019una fam\u00edlia\u00bb, explica.<\/p>\n<p>&nbsp;<\/p>\n<p>\u201c\u00c9s un moment de trobada comuna que d\u00f3na molt d&#8217;al\u00e8 a les cases\u201d, afirma <strong>Joan Alsina, de Sant Vicen\u00e7 dels Horts<\/strong>. \u201cA m\u00e9s hi ha una part de compartir cor salesi\u00e0 i una altra que sol ser molt pr\u00e0ctica i \u00fatil, ja sigui perqu\u00e8 es donen a con\u00e8ixer eines o perqu\u00e8 es donen l\u00ednies de treball comunes\u201d, afegeix.<\/p>\n<p>&nbsp;<\/p>\n<p>Per a <strong>Guillem Benejam, de Ciutadella,<\/strong> suposa una trobada anual de molta import\u00e0ncia perqu\u00e8 posa en valor el treball com a delegat local al capdavant de la comunicaci\u00f3. \u201cAfavoreix l&#8217;aprenentatge amb companys i anima a continuar endavant amb la feina di\u00e0ria\u201d, comparteix. <strong>Pilar Al\u00f3s, d\u2019Alcoi,<\/strong> explica que la jornada interessa, i m\u00e9s en el format actual en l\u00ednia, ja que es comparteixen experi\u00e8ncies innovadores que els ajuden a millorar.<\/p>\n<p>&nbsp;<\/p>\n<p>Aquesta trobada, que comen\u00e7a a mirar de re\u00fcll la 10a edici\u00f3 que se celebrar\u00e0 el 2024, va servir tamb\u00e9 per convidar els participants a aprofundir en l&#8217;intercanvi d&#8217;experi\u00e8ncies i projectes locals, on es va presentar el nou portal de Podcast salesi\u00e0 amb temes d&#8217;actualitat , opini\u00f3 i entreteniment, i tamb\u00e9 hi va haver ocasi\u00f3 de participar en diferents tallers pr\u00e0ctics sobre gesti\u00f3 de xarxes, acompanyament de ressenyes i elaboraci\u00f3 de futurs podcasts a incorporar al nou aparador.<\/p>\n<p>&nbsp;<\/p>\n<p>[\/et_pb_cta][et_pb_button button_url=\u00bbhttps:\/\/salesianos.info\/jornadadecomunicacion\/\u00bb button_text=\u00bbTot el material i les experi\u00e8ncies compartides \u00bb _builder_version=\u00bb4.14.7&#8243; _module_preset=\u00bbdefault\u00bb global_colors_info=\u00bb{}\u00bb][\/et_pb_button][et_pb_gallery gallery_ids=\u00bb18688,18689,18690,18691,18692,18694,18695,18696,18697,18698,18699,18700,18701,18702,18703,18704,18705,18706&#8243; _builder_version=\u00bb4.14.7&#8243; _module_preset=\u00bbdefault\u00bb global_colors_info=\u00bb{}\u00bb][\/et_pb_gallery][\/et_pb_column][\/et_pb_row][\/et_pb_section]<\/p>\n","protected":false},"excerpt":{"rendered":"<p>La 8a edici\u00f3 de la Jornada de Comunicaci\u00f3 reuneix m\u00e9s de 160 responsables de la comunicaci\u00f3 salesiana per avan\u00e7ar en la visi\u00f3 estrat\u00e8gica d\u2019aquesta missi\u00f3.<\/p>\n","protected":false},"author":5,"featured_media":18707,"comment_status":"open","ping_status":"closed","sticky":false,"template":"","format":"standard","meta":{"_et_pb_use_builder":"on","_et_pb_old_content":"","_et_gb_content_width":"","footnotes":""},"categories":[53],"tags":[],"class_list":["post-18602","post","type-post","status-publish","format-standard","has-post-thumbnail","hentry","category-a-fons"],"yoast_head":"<!-- This site is optimized with the Yoast SEO plugin v27.5 - https:\/\/yoast.com\/product\/yoast-seo-wordpress\/ -->\n<title>La dimensi\u00f3 Pastoral de la Comunicaci\u00f3 - Revista SMX<\/title>\n<meta name=\"robots\" content=\"index, follow, max-snippet:-1, max-image-preview:large, max-video-preview:-1\" \/>\n<link rel=\"canonical\" href=\"https:\/\/www.salesianos.edu\/revistasmx\/ca\/la-dimensio-pastoral-de-la-comunicacio\/\" \/>\n<meta property=\"og:locale\" content=\"es_ES\" \/>\n<meta property=\"og:type\" content=\"article\" \/>\n<meta property=\"og:title\" content=\"La dimensi\u00f3 Pastoral de la Comunicaci\u00f3 - Revista SMX\" \/>\n<meta property=\"og:description\" content=\"La 8a edici\u00f3 de la Jornada de Comunicaci\u00f3 reuneix m\u00e9s de 160 responsables de la comunicaci\u00f3 salesiana per avan\u00e7ar en la visi\u00f3 estrat\u00e8gica d\u2019aquesta missi\u00f3.\" \/>\n<meta property=\"og:url\" content=\"https:\/\/www.salesianos.edu\/revistasmx\/ca\/la-dimensio-pastoral-de-la-comunicacio\/\" \/>\n<meta property=\"og:site_name\" content=\"Revista SMX\" \/>\n<meta property=\"article:published_time\" content=\"2022-02-23T12:03:08+00:00\" \/>\n<meta property=\"article:modified_time\" content=\"2022-02-25T10:37:59+00:00\" \/>\n<meta property=\"og:image\" content=\"http:\/\/www.salesianos.edu\/revistasmx\/wp-content\/uploads\/sites\/8\/2022\/02\/Jornada22-1-scaled.jpg\" \/>\n\t<meta property=\"og:image:width\" content=\"2560\" \/>\n\t<meta property=\"og:image:height\" content=\"1707\" \/>\n\t<meta property=\"og:image:type\" content=\"image\/jpeg\" \/>\n<meta name=\"author\" content=\"martapeirat\" \/>\n<meta name=\"twitter:card\" content=\"summary_large_image\" \/>\n<meta name=\"twitter:label1\" content=\"Escrito por\" \/>\n\t<meta name=\"twitter:data1\" content=\"martapeirat\" \/>\n\t<meta name=\"twitter:label2\" content=\"Tiempo de lectura\" \/>\n\t<meta name=\"twitter:data2\" content=\"6 minutos\" \/>\n<script type=\"application\/ld+json\" class=\"yoast-schema-graph\">{\"@context\":\"https:\\\/\\\/schema.org\",\"@graph\":[{\"@type\":\"Article\",\"@id\":\"https:\\\/\\\/www.salesianos.edu\\\/revistasmx\\\/ca\\\/la-dimensio-pastoral-de-la-comunicacio\\\/#article\",\"isPartOf\":{\"@id\":\"https:\\\/\\\/www.salesianos.edu\\\/revistasmx\\\/ca\\\/la-dimensio-pastoral-de-la-comunicacio\\\/\"},\"author\":{\"name\":\"martapeirat\",\"@id\":\"https:\\\/\\\/www.salesianos.edu\\\/revistasmx\\\/#\\\/schema\\\/person\\\/20a80be1bb4e0ed82068c57facf5b237\"},\"headline\":\"La dimensi\u00f3 Pastoral de la Comunicaci\u00f3\",\"datePublished\":\"2022-02-23T12:03:08+00:00\",\"dateModified\":\"2022-02-25T10:37:59+00:00\",\"mainEntityOfPage\":{\"@id\":\"https:\\\/\\\/www.salesianos.edu\\\/revistasmx\\\/ca\\\/la-dimensio-pastoral-de-la-comunicacio\\\/\"},\"wordCount\":1252,\"commentCount\":0,\"image\":{\"@id\":\"https:\\\/\\\/www.salesianos.edu\\\/revistasmx\\\/ca\\\/la-dimensio-pastoral-de-la-comunicacio\\\/#primaryimage\"},\"thumbnailUrl\":\"https:\\\/\\\/www.salesianos.edu\\\/revistasmx\\\/wp-content\\\/uploads\\\/sites\\\/8\\\/2022\\\/02\\\/Jornada22-1-scaled.jpg\",\"articleSection\":[\"A FONS\"],\"inLanguage\":\"es\",\"potentialAction\":[{\"@type\":\"CommentAction\",\"name\":\"Comment\",\"target\":[\"https:\\\/\\\/www.salesianos.edu\\\/revistasmx\\\/ca\\\/la-dimensio-pastoral-de-la-comunicacio\\\/#respond\"]}]},{\"@type\":\"WebPage\",\"@id\":\"https:\\\/\\\/www.salesianos.edu\\\/revistasmx\\\/ca\\\/la-dimensio-pastoral-de-la-comunicacio\\\/\",\"url\":\"https:\\\/\\\/www.salesianos.edu\\\/revistasmx\\\/ca\\\/la-dimensio-pastoral-de-la-comunicacio\\\/\",\"name\":\"La dimensi\u00f3 Pastoral de la Comunicaci\u00f3 - Revista SMX\",\"isPartOf\":{\"@id\":\"https:\\\/\\\/www.salesianos.edu\\\/revistasmx\\\/#website\"},\"primaryImageOfPage\":{\"@id\":\"https:\\\/\\\/www.salesianos.edu\\\/revistasmx\\\/ca\\\/la-dimensio-pastoral-de-la-comunicacio\\\/#primaryimage\"},\"image\":{\"@id\":\"https:\\\/\\\/www.salesianos.edu\\\/revistasmx\\\/ca\\\/la-dimensio-pastoral-de-la-comunicacio\\\/#primaryimage\"},\"thumbnailUrl\":\"https:\\\/\\\/www.salesianos.edu\\\/revistasmx\\\/wp-content\\\/uploads\\\/sites\\\/8\\\/2022\\\/02\\\/Jornada22-1-scaled.jpg\",\"datePublished\":\"2022-02-23T12:03:08+00:00\",\"dateModified\":\"2022-02-25T10:37:59+00:00\",\"author\":{\"@id\":\"https:\\\/\\\/www.salesianos.edu\\\/revistasmx\\\/#\\\/schema\\\/person\\\/20a80be1bb4e0ed82068c57facf5b237\"},\"breadcrumb\":{\"@id\":\"https:\\\/\\\/www.salesianos.edu\\\/revistasmx\\\/ca\\\/la-dimensio-pastoral-de-la-comunicacio\\\/#breadcrumb\"},\"inLanguage\":\"es\",\"potentialAction\":[{\"@type\":\"ReadAction\",\"target\":[\"https:\\\/\\\/www.salesianos.edu\\\/revistasmx\\\/ca\\\/la-dimensio-pastoral-de-la-comunicacio\\\/\"]}]},{\"@type\":\"ImageObject\",\"inLanguage\":\"es\",\"@id\":\"https:\\\/\\\/www.salesianos.edu\\\/revistasmx\\\/ca\\\/la-dimensio-pastoral-de-la-comunicacio\\\/#primaryimage\",\"url\":\"https:\\\/\\\/www.salesianos.edu\\\/revistasmx\\\/wp-content\\\/uploads\\\/sites\\\/8\\\/2022\\\/02\\\/Jornada22-1-scaled.jpg\",\"contentUrl\":\"https:\\\/\\\/www.salesianos.edu\\\/revistasmx\\\/wp-content\\\/uploads\\\/sites\\\/8\\\/2022\\\/02\\\/Jornada22-1-scaled.jpg\",\"width\":2560,\"height\":1707},{\"@type\":\"BreadcrumbList\",\"@id\":\"https:\\\/\\\/www.salesianos.edu\\\/revistasmx\\\/ca\\\/la-dimensio-pastoral-de-la-comunicacio\\\/#breadcrumb\",\"itemListElement\":[{\"@type\":\"ListItem\",\"position\":1,\"name\":\"Portada\",\"item\":\"https:\\\/\\\/www.salesianos.edu\\\/revistasmx\\\/\"},{\"@type\":\"ListItem\",\"position\":2,\"name\":\"La dimensi\u00f3 Pastoral de la Comunicaci\u00f3\"}]},{\"@type\":\"WebSite\",\"@id\":\"https:\\\/\\\/www.salesianos.edu\\\/revistasmx\\\/#website\",\"url\":\"https:\\\/\\\/www.salesianos.edu\\\/revistasmx\\\/\",\"name\":\"Revista SMX\",\"description\":\"P\u00e1gina oficial de Inspector\u00eda Salesiana Mar\u00eda Auxiliadora\",\"potentialAction\":[{\"@type\":\"SearchAction\",\"target\":{\"@type\":\"EntryPoint\",\"urlTemplate\":\"https:\\\/\\\/www.salesianos.edu\\\/revistasmx\\\/?s={search_term_string}\"},\"query-input\":{\"@type\":\"PropertyValueSpecification\",\"valueRequired\":true,\"valueName\":\"search_term_string\"}}],\"inLanguage\":\"es\"},{\"@type\":\"Person\",\"@id\":\"https:\\\/\\\/www.salesianos.edu\\\/revistasmx\\\/#\\\/schema\\\/person\\\/20a80be1bb4e0ed82068c57facf5b237\",\"name\":\"martapeirat\",\"image\":{\"@type\":\"ImageObject\",\"inLanguage\":\"es\",\"@id\":\"https:\\\/\\\/secure.gravatar.com\\\/avatar\\\/1139b81b40ed1dde466563679597db378e7092bbfdd7ebb264c437fedde866d7?s=96&d=mm&r=g\",\"url\":\"https:\\\/\\\/secure.gravatar.com\\\/avatar\\\/1139b81b40ed1dde466563679597db378e7092bbfdd7ebb264c437fedde866d7?s=96&d=mm&r=g\",\"contentUrl\":\"https:\\\/\\\/secure.gravatar.com\\\/avatar\\\/1139b81b40ed1dde466563679597db378e7092bbfdd7ebb264c437fedde866d7?s=96&d=mm&r=g\",\"caption\":\"martapeirat\"}}]}<\/script>\n<!-- \/ Yoast SEO plugin. -->","yoast_head_json":{"title":"La dimensi\u00f3 Pastoral de la Comunicaci\u00f3 - Revista SMX","robots":{"index":"index","follow":"follow","max-snippet":"max-snippet:-1","max-image-preview":"max-image-preview:large","max-video-preview":"max-video-preview:-1"},"canonical":"https:\/\/www.salesianos.edu\/revistasmx\/ca\/la-dimensio-pastoral-de-la-comunicacio\/","og_locale":"es_ES","og_type":"article","og_title":"La dimensi\u00f3 Pastoral de la Comunicaci\u00f3 - Revista SMX","og_description":"La 8a edici\u00f3 de la Jornada de Comunicaci\u00f3 reuneix m\u00e9s de 160 responsables de la comunicaci\u00f3 salesiana per avan\u00e7ar en la visi\u00f3 estrat\u00e8gica d\u2019aquesta missi\u00f3.","og_url":"https:\/\/www.salesianos.edu\/revistasmx\/ca\/la-dimensio-pastoral-de-la-comunicacio\/","og_site_name":"Revista SMX","article_published_time":"2022-02-23T12:03:08+00:00","article_modified_time":"2022-02-25T10:37:59+00:00","og_image":[{"width":2560,"height":1707,"url":"http:\/\/www.salesianos.edu\/revistasmx\/wp-content\/uploads\/sites\/8\/2022\/02\/Jornada22-1-scaled.jpg","type":"image\/jpeg"}],"author":"martapeirat","twitter_card":"summary_large_image","twitter_misc":{"Escrito por":"martapeirat","Tiempo de lectura":"6 minutos"},"schema":{"@context":"https:\/\/schema.org","@graph":[{"@type":"Article","@id":"https:\/\/www.salesianos.edu\/revistasmx\/ca\/la-dimensio-pastoral-de-la-comunicacio\/#article","isPartOf":{"@id":"https:\/\/www.salesianos.edu\/revistasmx\/ca\/la-dimensio-pastoral-de-la-comunicacio\/"},"author":{"name":"martapeirat","@id":"https:\/\/www.salesianos.edu\/revistasmx\/#\/schema\/person\/20a80be1bb4e0ed82068c57facf5b237"},"headline":"La dimensi\u00f3 Pastoral de la Comunicaci\u00f3","datePublished":"2022-02-23T12:03:08+00:00","dateModified":"2022-02-25T10:37:59+00:00","mainEntityOfPage":{"@id":"https:\/\/www.salesianos.edu\/revistasmx\/ca\/la-dimensio-pastoral-de-la-comunicacio\/"},"wordCount":1252,"commentCount":0,"image":{"@id":"https:\/\/www.salesianos.edu\/revistasmx\/ca\/la-dimensio-pastoral-de-la-comunicacio\/#primaryimage"},"thumbnailUrl":"https:\/\/www.salesianos.edu\/revistasmx\/wp-content\/uploads\/sites\/8\/2022\/02\/Jornada22-1-scaled.jpg","articleSection":["A FONS"],"inLanguage":"es","potentialAction":[{"@type":"CommentAction","name":"Comment","target":["https:\/\/www.salesianos.edu\/revistasmx\/ca\/la-dimensio-pastoral-de-la-comunicacio\/#respond"]}]},{"@type":"WebPage","@id":"https:\/\/www.salesianos.edu\/revistasmx\/ca\/la-dimensio-pastoral-de-la-comunicacio\/","url":"https:\/\/www.salesianos.edu\/revistasmx\/ca\/la-dimensio-pastoral-de-la-comunicacio\/","name":"La dimensi\u00f3 Pastoral de la Comunicaci\u00f3 - Revista SMX","isPartOf":{"@id":"https:\/\/www.salesianos.edu\/revistasmx\/#website"},"primaryImageOfPage":{"@id":"https:\/\/www.salesianos.edu\/revistasmx\/ca\/la-dimensio-pastoral-de-la-comunicacio\/#primaryimage"},"image":{"@id":"https:\/\/www.salesianos.edu\/revistasmx\/ca\/la-dimensio-pastoral-de-la-comunicacio\/#primaryimage"},"thumbnailUrl":"https:\/\/www.salesianos.edu\/revistasmx\/wp-content\/uploads\/sites\/8\/2022\/02\/Jornada22-1-scaled.jpg","datePublished":"2022-02-23T12:03:08+00:00","dateModified":"2022-02-25T10:37:59+00:00","author":{"@id":"https:\/\/www.salesianos.edu\/revistasmx\/#\/schema\/person\/20a80be1bb4e0ed82068c57facf5b237"},"breadcrumb":{"@id":"https:\/\/www.salesianos.edu\/revistasmx\/ca\/la-dimensio-pastoral-de-la-comunicacio\/#breadcrumb"},"inLanguage":"es","potentialAction":[{"@type":"ReadAction","target":["https:\/\/www.salesianos.edu\/revistasmx\/ca\/la-dimensio-pastoral-de-la-comunicacio\/"]}]},{"@type":"ImageObject","inLanguage":"es","@id":"https:\/\/www.salesianos.edu\/revistasmx\/ca\/la-dimensio-pastoral-de-la-comunicacio\/#primaryimage","url":"https:\/\/www.salesianos.edu\/revistasmx\/wp-content\/uploads\/sites\/8\/2022\/02\/Jornada22-1-scaled.jpg","contentUrl":"https:\/\/www.salesianos.edu\/revistasmx\/wp-content\/uploads\/sites\/8\/2022\/02\/Jornada22-1-scaled.jpg","width":2560,"height":1707},{"@type":"BreadcrumbList","@id":"https:\/\/www.salesianos.edu\/revistasmx\/ca\/la-dimensio-pastoral-de-la-comunicacio\/#breadcrumb","itemListElement":[{"@type":"ListItem","position":1,"name":"Portada","item":"https:\/\/www.salesianos.edu\/revistasmx\/"},{"@type":"ListItem","position":2,"name":"La dimensi\u00f3 Pastoral de la Comunicaci\u00f3"}]},{"@type":"WebSite","@id":"https:\/\/www.salesianos.edu\/revistasmx\/#website","url":"https:\/\/www.salesianos.edu\/revistasmx\/","name":"Revista SMX","description":"P\u00e1gina oficial de Inspector\u00eda Salesiana Mar\u00eda Auxiliadora","potentialAction":[{"@type":"SearchAction","target":{"@type":"EntryPoint","urlTemplate":"https:\/\/www.salesianos.edu\/revistasmx\/?s={search_term_string}"},"query-input":{"@type":"PropertyValueSpecification","valueRequired":true,"valueName":"search_term_string"}}],"inLanguage":"es"},{"@type":"Person","@id":"https:\/\/www.salesianos.edu\/revistasmx\/#\/schema\/person\/20a80be1bb4e0ed82068c57facf5b237","name":"martapeirat","image":{"@type":"ImageObject","inLanguage":"es","@id":"https:\/\/secure.gravatar.com\/avatar\/1139b81b40ed1dde466563679597db378e7092bbfdd7ebb264c437fedde866d7?s=96&d=mm&r=g","url":"https:\/\/secure.gravatar.com\/avatar\/1139b81b40ed1dde466563679597db378e7092bbfdd7ebb264c437fedde866d7?s=96&d=mm&r=g","contentUrl":"https:\/\/secure.gravatar.com\/avatar\/1139b81b40ed1dde466563679597db378e7092bbfdd7ebb264c437fedde866d7?s=96&d=mm&r=g","caption":"martapeirat"}}]}},"_links":{"self":[{"href":"https:\/\/www.salesianos.edu\/revistasmx\/wp-json\/wp\/v2\/posts\/18602","targetHints":{"allow":["GET"]}}],"collection":[{"href":"https:\/\/www.salesianos.edu\/revistasmx\/wp-json\/wp\/v2\/posts"}],"about":[{"href":"https:\/\/www.salesianos.edu\/revistasmx\/wp-json\/wp\/v2\/types\/post"}],"author":[{"embeddable":true,"href":"https:\/\/www.salesianos.edu\/revistasmx\/wp-json\/wp\/v2\/users\/5"}],"replies":[{"embeddable":true,"href":"https:\/\/www.salesianos.edu\/revistasmx\/wp-json\/wp\/v2\/comments?post=18602"}],"version-history":[{"count":8,"href":"https:\/\/www.salesianos.edu\/revistasmx\/wp-json\/wp\/v2\/posts\/18602\/revisions"}],"predecessor-version":[{"id":18717,"href":"https:\/\/www.salesianos.edu\/revistasmx\/wp-json\/wp\/v2\/posts\/18602\/revisions\/18717"}],"wp:featuredmedia":[{"embeddable":true,"href":"https:\/\/www.salesianos.edu\/revistasmx\/wp-json\/wp\/v2\/media\/18707"}],"wp:attachment":[{"href":"https:\/\/www.salesianos.edu\/revistasmx\/wp-json\/wp\/v2\/media?parent=18602"}],"wp:term":[{"taxonomy":"category","embeddable":true,"href":"https:\/\/www.salesianos.edu\/revistasmx\/wp-json\/wp\/v2\/categories?post=18602"},{"taxonomy":"post_tag","embeddable":true,"href":"https:\/\/www.salesianos.edu\/revistasmx\/wp-json\/wp\/v2\/tags?post=18602"}],"curies":[{"name":"wp","href":"https:\/\/api.w.org\/{rel}","templated":true}]}}