{"id":18582,"date":"2022-02-23T10:35:38","date_gmt":"2022-02-23T09:35:38","guid":{"rendered":"https:\/\/www.salesianos.edu\/revistasmx\/?p=18582"},"modified":"2022-02-25T11:34:43","modified_gmt":"2022-02-25T10:34:43","slug":"la-dimension-pastoral-de-la-comunicacion","status":"publish","type":"post","link":"https:\/\/www.salesianos.edu\/revistasmx\/la-dimension-pastoral-de-la-comunicacion\/","title":{"rendered":"La dimensi\u00f3n Pastoral de la Comunicaci\u00f3n"},"content":{"rendered":"<div id=\"fb-root\"><\/div>\n<p>[et_pb_section fb_built=\u00bb1&#8243; admin_label=\u00bbsection\u00bb _builder_version=\u00bb3.22&#8243; global_colors_info=\u00bb{}\u00bb][et_pb_row admin_label=\u00bbrow\u00bb _builder_version=\u00bb3.25&#8243; background_size=\u00bbinitial\u00bb background_position=\u00bbtop_left\u00bb background_repeat=\u00bbrepeat\u00bb global_colors_info=\u00bb{}\u00bb][et_pb_column type=\u00bb4_4&#8243; _builder_version=\u00bb3.25&#8243; custom_padding=\u00bb|||\u00bb global_colors_info=\u00bb{}\u00bb custom_padding__hover=\u00bb|||\u00bb][et_pb_text _builder_version=\u00bb4.14.7&#8243; _module_preset=\u00bbdefault\u00bb global_colors_info=\u00bb{}\u00bb]<\/p>\n<p>La <b>Delegaci\u00f3n Nacional de Comunicaci\u00f3n Social<\/b> present\u00f3 el 24 de febrero la <strong><a href=\"https:\/\/recursos.salesianos.info\/jornadadecomunicacion\/\">8\u00aa Jornada Salesiana de Comunicaci\u00f3n<\/a> <\/strong>que tuvo lugar en formato online de 11:00 a 13:30 y de 16:00 a 17:30, bajo el t\u00edtulo \u201cDimensi\u00f3n Pastoral de la Comunicaci\u00f3n\u201d. M\u00e1s de 160 responsables de comunicaci\u00f3n, junto a directores y coordinadores de pastoral, entre otros destinatarios, participaron en esta edici\u00f3n que fue guiada por el delegado nacional de comunicaci\u00f3n <b>Fco. Javier Valiente<\/b> y el delegado inspectorial de SMX, <b>Carlos Mart\u00edn<\/b>.<\/p>\n<p><b>Miguel \u00c1ngel Garc\u00eda Morcuende<\/b><span style=\"font-weight: 400\">, Consejero General Salesiano para la Pastoral Juvenil, fue el encargado de la ponencia principal, mientras que la apertura vino de la mano de <\/span><b>Gild\u00e1sio Mendes<\/b><span style=\"font-weight: 400\">, Consejero General salesiano para la comunicaci\u00f3n.<\/span><\/p>\n<p><span style=\"font-weight: 400\"><img loading=\"lazy\" decoding=\"async\" class=\"size-thumbnail wp-image-18645 alignright\" src=\"https:\/\/www.salesianos.edu\/revistasmx\/wp-content\/uploads\/sites\/8\/2022\/02\/Captura-de-pantalla-2022-02-24-a-les-11.15.59-150x150.png\" alt=\"\" width=\"150\" height=\"150\" \/>En su intervenci\u00f3n el consejero general para la comunicaci\u00f3n afirmaba que <strong>l<\/strong><\/span><strong>a comunicaci\u00f3n no camina sola sino que se inserta en el gran proyecto educativo y pastoral salesiano. <\/strong>\u00ab<span style=\"font-weight: 400\">\u00bfPor qu\u00e9 utilizamos las redes sociales de forma creativa? para evangelizar a los j\u00f3venes. \u00a0\u00bfPor qu\u00e9 nos preparamos t\u00e9cnicamente para comunicarnos con profesionalidad y competencia? Para educar a los j\u00f3venes, \u00bfPor qu\u00e9 queremos trabajar en el mundo digital y virtual? Para evangelizar y educar a los j\u00f3venes. \u00bfPor qu\u00e9 vivir en el mundo digital? \u00a1Para ser educadores y comunicadores de los j\u00f3venes al estilo de Don Bosco!\u00bb afirmaba.<\/span><\/p>\n<p>&nbsp;<\/p>\n<blockquote>\n<p><span style=\"font-weight: 400\"><b>Miguel \u00c1ngel Garc\u00eda Morcuende<\/b> por su parte indic\u00f3 que\u00a0<em>\u00abSomos una familia carism\u00e1tica mundial al servicio de los j\u00f3venes. Y vivimos interconectados. Y esto nos hace m\u00e1s fuertes si nos escuchamos y aprendemos unos de otros. El mundo digital, y especialmente las redes sociales se han convertido en una realidad en la que hay que estar, porque nuestros j\u00f3venes est\u00e1n ah\u00ed y es tambi\u00e9n un espacio para evangelizar\u00bb<\/em>.<\/span><\/p>\n<\/blockquote>\n<p>[\/et_pb_text][et_pb_blurb title=\u00bbUna semilla que empez\u00f3 a germinar en 2014&#8243; _builder_version=\u00bb4.14.7&#8243; _module_preset=\u00bbdefault\u00bb global_colors_info=\u00bb{}\u00bb][\/et_pb_blurb][et_pb_text _builder_version=\u00bb4.14.7&#8243; _module_preset=\u00bbdefault\u00bb global_colors_info=\u00bb{}\u00bb]<\/p>\n<p><span style=\"font-weight: 400\"><img loading=\"lazy\" decoding=\"async\" class=\"size-thumbnail wp-image-18654 alignleft\" src=\"https:\/\/www.salesianos.edu\/revistasmx\/wp-content\/uploads\/sites\/8\/2022\/02\/Captura-de-pantalla-2022-02-24-a-les-11.59.06-150x150.png\" alt=\"\" width=\"150\" height=\"150\" \/>\u201cLas Delegaciones de Comunicaci\u00f3n de las inspector\u00edas en <strong>Espa\u00f1a<\/strong> ven\u00edamos trabajando en com\u00fan muchos temas como la organizaci\u00f3n, productos y canales, ideas compartidas, imagen corporativa, web de informaci\u00f3n, plan de comunicaci\u00f3n compartido, etc. Personalmente ve\u00eda que era muy importante visibilizar este camino y hacerlo alrededor de la formaci\u00f3n. Cuando en 2014 las seis inspector\u00edas espa\u00f1olas nos reorganizamos en dos, propusimos organizar una jornada salesiana de comunicaci\u00f3n, que nos sirviera para aunar criterios, formarnos en aspectos que ve\u00edamos necesarios y que fuera un escaparate del camino que est\u00e1bamos recorriendo. As\u00ed surgi\u00f3 la<strong> I Jornada<\/strong>, el 21 de febrero de 2014. El tema fue el marketing educativo, al que en ese momento se le empezaba a dedicar mucha atenci\u00f3n\u201d, comparte <strong>Javier Valiente<\/strong> recordando los inicios de este encuentro.<\/span><\/p>\n<blockquote>\n<p><em><span style=\"font-weight: 400\"><strong>\u201cEn estos a\u00f1os se ha consolidado. Siempre hemos querido que fuera una convocatoria abierta, amplia, no solo para profesionales de la comunicaci\u00f3n, que en nuestras inspector\u00edas hay ya un grupo numeroso, sino tambi\u00e9n todos aquellos educadores, animadores, t\u00e9cnicos, que llevan la comunicaci\u00f3n en las obras salesianas. Por otra parte, no s\u00f3lo son encuentros de formaci\u00f3n, sino de compartir buenas pr\u00e1cticas, aprender unos de otros, conocer lo que en las casas se va realizando en este campo. Y esto es muy enriquecedor y, adem\u00e1s, nos ayuda a seguir caminando juntos\u201d,<\/strong> a\u00f1ade sobre el camino recorrido que ha dado abundante fruto en las presencias salesianas y entidades.<\/span><\/em><\/p>\n<\/blockquote>\n<p><span style=\"font-weight: 400\">\u201cPersonalmente, me encantar\u00eda que siguiera celebr\u00e1ndose muchos a\u00f1os. Que, como salesianos, tengamos una jornada, a nivel nacional, para reflexionar sobre la comunicaci\u00f3n. Tambi\u00e9n me gustar\u00eda que nos sirviera para estar al tanto de los cambios que se producen en este mundo. Y, como hemos venido haciendo, seguir invitando a personas del mundo de las empresas, universidades, fuera del entorno salesiano, para que nos iluminen y nos ofrezcan puntos de vista que nos ayuden a salir de nuestro c\u00edrculo m\u00e1s cercano. Esto en el campo de la comunicaci\u00f3n es fundamental. Y me agrada mucho la ilusi\u00f3n con la que es acogida cada a\u00f1o, y el esfuerzo que dedican los equipos de comunicaci\u00f3n de las inspector\u00edas para prepararla\u201d, finalizaba sobre los retos que est\u00e1n por llegar para este foro.<\/span><\/p>\n<p>[\/et_pb_text][et_pb_video _builder_version=\u00bb4.14.7&#8243; _module_preset=\u00bbdefault\u00bb src=\u00bbhttps:\/\/www.youtube.com\/watch?v=AH6OUcEcSaU&amp;ab_channel=SalesianosEspa%C3%B1a\u00bb hover_enabled=\u00bb0&#8243; sticky_enabled=\u00bb0&#8243;][\/et_pb_video][et_pb_cta title=\u00bbPunto de encuentro y crecimiento para la comunicaci\u00f3n de las casas salesianas\u00bb _builder_version=\u00bb4.14.7&#8243; _module_preset=\u00bbdefault\u00bb global_colors_info=\u00bb{}\u00bb]<\/p>\n<p><span style=\"font-weight: 400\">Para <\/span><b>Jerem\u00edas Gonz\u00e1lez, de Salesianos La Cuesta, <\/b><span style=\"font-weight: 400\">la Jornada es \u201cun punto de encuentro de todos los delegados\u201d y supone el empoderamiento de la comunicaci\u00f3n social. <\/span><b>Mayca Crespo, de Las Palmas, <\/b><span style=\"font-weight: 400\">que ha participado desde la primera jornada en la que se habl\u00f3 del \u201cMarketing educativo para entidades de hoy\u201d, explica que gracias a la delegaci\u00f3n nacional de comunicaci\u00f3n, localmente las casas, pueden seguir creciendo en comunicaci\u00f3n. \u201cEs una oportunidad para afianzar m\u00e1s si cabe el sentimiento de formar parte de un mismo proyecto, de equipo y por supuesto de familia\u201d, explica.<\/span><\/p>\n<p><span style=\"font-weight: 400\">\u00a0<\/span><\/p>\n<p><span style=\"font-weight: 400\">\u201cEs un momento de encuentro com\u00fan que da mucho aliento a las casas\u201d, afirma <\/span><b>Joan Alsina, de Sant Vicent dels Horts<\/b><span style=\"font-weight: 400\">. \u201cAdem\u00e1s hay una parte de compartir coraz\u00f3n salesiano y otra que suele ser muy pr\u00e1ctica y \u00fatil, ya sea porque se da a conocer herramientas o porque se dan l\u00edneas de trabajo com\u00fan\u201d, a\u00f1ade.<\/span><\/p>\n<p>&nbsp;<\/p>\n<p><span style=\"font-weight: 400\">Para <\/span><b>Guillem Benejam, de Ciutadella,<\/b><span style=\"font-weight: 400\"> supone un encuentro anual de mucha importancia porque pone en valor el trabajo como delegado local frente a la comunicaci\u00f3n. \u201cFavorece el aprendizaje junto a compa\u00f1eros y anima a continuar adelante en el trabajo diario\u201d, comparte. <\/span><b>Pilar Al\u00f3s, de Alcoy,<\/b><span style=\"font-weight: 400\"> explica que la jornada interesa, y m\u00e1s en el formato actual online, puesto que se comparten experiencias innovadoras que les ayudan a mejorar.<\/span><\/p>\n<p>&nbsp;<\/p>\n<p><span style=\"font-weight: 400\">Este encuentro, que comienza a mirar de reojo a la d\u00e9cima edici\u00f3n que se celebrar\u00e1 en 2024, sirvi\u00f3 tambi\u00e9n para invitar a los participantes a profundizar en el intercambio de experiencias y proyectos locales, donde se present\u00f3 el nuevo portal de Podcast salesianos con temas de actualidad, opini\u00f3n y entretenimiento, y tambi\u00e9n hubo ocasi\u00f3n de participar en diferentes talleres pr\u00e1cticos sobre gesti\u00f3n de redes, acompa\u00f1amiento de rese\u00f1as y elaboraci\u00f3n de futuros podcast a incorporar en el nuevo escaparate.<\/span><\/p>\n<p>[\/et_pb_cta][et_pb_button button_url=\u00bbhttps:\/\/salesianos.info\/jornadadecomunicacion\/\u00bb button_text=\u00bbTodo el material y la experiencias compartidas est\u00e1n disponibles en \u00bb button_alignment=\u00bbcenter\u00bb _builder_version=\u00bb4.14.7&#8243; _module_preset=\u00bbdefault\u00bb global_colors_info=\u00bb{}\u00bb][\/et_pb_button][et_pb_gallery gallery_ids=\u00bb18636,18638,18641,18646,18647,18648,18649,18651,18652,18654,18655,18658,18659,18660,18661,18662,18667,18657,18633&#8243; show_title_and_caption=\u00bboff\u00bb show_pagination=\u00bboff\u00bb _builder_version=\u00bb4.14.7&#8243; _module_preset=\u00bbdefault\u00bb global_colors_info=\u00bb{}\u00bb][\/et_pb_gallery][\/et_pb_column][\/et_pb_row][\/et_pb_section]<\/p>\n","protected":false},"excerpt":{"rendered":"<p>La 8\u00aa edici\u00f3n de la Jornada de Comunicaci\u00f3n re\u00fane a m\u00e1s de 160 responsables de la comunicaci\u00f3n salesiana para avanzar en la visi\u00f3n estrat\u00e9gica de esta misi\u00f3n.<\/p>\n","protected":false},"author":5,"featured_media":18633,"comment_status":"open","ping_status":"closed","sticky":false,"template":"","format":"standard","meta":{"_et_pb_use_builder":"on","_et_pb_old_content":"","_et_gb_content_width":"","footnotes":""},"categories":[34],"tags":[],"class_list":["post-18582","post","type-post","status-publish","format-standard","has-post-thumbnail","hentry","category-a-fondo"],"yoast_head":"<!-- This site is optimized with the Yoast SEO plugin v27.5 - https:\/\/yoast.com\/product\/yoast-seo-wordpress\/ -->\n<title>La dimensi\u00f3n Pastoral de la Comunicaci\u00f3n - Revista SMX<\/title>\n<meta name=\"robots\" content=\"index, follow, max-snippet:-1, max-image-preview:large, max-video-preview:-1\" \/>\n<link rel=\"canonical\" href=\"https:\/\/www.salesianos.edu\/revistasmx\/la-dimension-pastoral-de-la-comunicacion\/\" \/>\n<meta property=\"og:locale\" content=\"es_ES\" \/>\n<meta property=\"og:type\" content=\"article\" \/>\n<meta property=\"og:title\" content=\"La dimensi\u00f3n Pastoral de la Comunicaci\u00f3n - Revista SMX\" \/>\n<meta property=\"og:description\" content=\"La 8\u00aa edici\u00f3n de la Jornada de Comunicaci\u00f3n re\u00fane a m\u00e1s de 160 responsables de la comunicaci\u00f3n salesiana para avanzar en la visi\u00f3n estrat\u00e9gica de esta misi\u00f3n.\" \/>\n<meta property=\"og:url\" content=\"https:\/\/www.salesianos.edu\/revistasmx\/la-dimension-pastoral-de-la-comunicacion\/\" \/>\n<meta property=\"og:site_name\" content=\"Revista SMX\" \/>\n<meta property=\"article:published_time\" content=\"2022-02-23T09:35:38+00:00\" \/>\n<meta property=\"article:modified_time\" content=\"2022-02-25T10:34:43+00:00\" \/>\n<meta property=\"og:image\" content=\"https:\/\/www.salesianos.edu\/revistasmx\/wp-content\/uploads\/sites\/8\/2022\/02\/Jornada22-scaled.jpg\" \/>\n\t<meta property=\"og:image:width\" content=\"2560\" \/>\n\t<meta property=\"og:image:height\" content=\"1707\" \/>\n\t<meta property=\"og:image:type\" content=\"image\/jpeg\" \/>\n<meta name=\"author\" content=\"martapeirat\" \/>\n<meta name=\"twitter:card\" content=\"summary_large_image\" \/>\n<meta name=\"twitter:label1\" content=\"Escrito por\" \/>\n\t<meta name=\"twitter:data1\" content=\"martapeirat\" \/>\n\t<meta name=\"twitter:label2\" content=\"Tiempo de lectura\" \/>\n\t<meta name=\"twitter:data2\" content=\"6 minutos\" \/>\n<script type=\"application\/ld+json\" class=\"yoast-schema-graph\">{\"@context\":\"https:\\\/\\\/schema.org\",\"@graph\":[{\"@type\":\"Article\",\"@id\":\"https:\\\/\\\/www.salesianos.edu\\\/revistasmx\\\/la-dimension-pastoral-de-la-comunicacion\\\/#article\",\"isPartOf\":{\"@id\":\"https:\\\/\\\/www.salesianos.edu\\\/revistasmx\\\/la-dimension-pastoral-de-la-comunicacion\\\/\"},\"author\":{\"name\":\"martapeirat\",\"@id\":\"https:\\\/\\\/www.salesianos.edu\\\/revistasmx\\\/#\\\/schema\\\/person\\\/20a80be1bb4e0ed82068c57facf5b237\"},\"headline\":\"La dimensi\u00f3n Pastoral de la Comunicaci\u00f3n\",\"datePublished\":\"2022-02-23T09:35:38+00:00\",\"dateModified\":\"2022-02-25T10:34:43+00:00\",\"mainEntityOfPage\":{\"@id\":\"https:\\\/\\\/www.salesianos.edu\\\/revistasmx\\\/la-dimension-pastoral-de-la-comunicacion\\\/\"},\"wordCount\":1256,\"commentCount\":0,\"image\":{\"@id\":\"https:\\\/\\\/www.salesianos.edu\\\/revistasmx\\\/la-dimension-pastoral-de-la-comunicacion\\\/#primaryimage\"},\"thumbnailUrl\":\"https:\\\/\\\/www.salesianos.edu\\\/revistasmx\\\/wp-content\\\/uploads\\\/sites\\\/8\\\/2022\\\/02\\\/Jornada22-scaled.jpg\",\"articleSection\":[\"A FONDO\"],\"inLanguage\":\"es\",\"potentialAction\":[{\"@type\":\"CommentAction\",\"name\":\"Comment\",\"target\":[\"https:\\\/\\\/www.salesianos.edu\\\/revistasmx\\\/la-dimension-pastoral-de-la-comunicacion\\\/#respond\"]}]},{\"@type\":\"WebPage\",\"@id\":\"https:\\\/\\\/www.salesianos.edu\\\/revistasmx\\\/la-dimension-pastoral-de-la-comunicacion\\\/\",\"url\":\"https:\\\/\\\/www.salesianos.edu\\\/revistasmx\\\/la-dimension-pastoral-de-la-comunicacion\\\/\",\"name\":\"La dimensi\u00f3n Pastoral de la Comunicaci\u00f3n - Revista SMX\",\"isPartOf\":{\"@id\":\"https:\\\/\\\/www.salesianos.edu\\\/revistasmx\\\/#website\"},\"primaryImageOfPage\":{\"@id\":\"https:\\\/\\\/www.salesianos.edu\\\/revistasmx\\\/la-dimension-pastoral-de-la-comunicacion\\\/#primaryimage\"},\"image\":{\"@id\":\"https:\\\/\\\/www.salesianos.edu\\\/revistasmx\\\/la-dimension-pastoral-de-la-comunicacion\\\/#primaryimage\"},\"thumbnailUrl\":\"https:\\\/\\\/www.salesianos.edu\\\/revistasmx\\\/wp-content\\\/uploads\\\/sites\\\/8\\\/2022\\\/02\\\/Jornada22-scaled.jpg\",\"datePublished\":\"2022-02-23T09:35:38+00:00\",\"dateModified\":\"2022-02-25T10:34:43+00:00\",\"author\":{\"@id\":\"https:\\\/\\\/www.salesianos.edu\\\/revistasmx\\\/#\\\/schema\\\/person\\\/20a80be1bb4e0ed82068c57facf5b237\"},\"breadcrumb\":{\"@id\":\"https:\\\/\\\/www.salesianos.edu\\\/revistasmx\\\/la-dimension-pastoral-de-la-comunicacion\\\/#breadcrumb\"},\"inLanguage\":\"es\",\"potentialAction\":[{\"@type\":\"ReadAction\",\"target\":[\"https:\\\/\\\/www.salesianos.edu\\\/revistasmx\\\/la-dimension-pastoral-de-la-comunicacion\\\/\"]}]},{\"@type\":\"ImageObject\",\"inLanguage\":\"es\",\"@id\":\"https:\\\/\\\/www.salesianos.edu\\\/revistasmx\\\/la-dimension-pastoral-de-la-comunicacion\\\/#primaryimage\",\"url\":\"https:\\\/\\\/www.salesianos.edu\\\/revistasmx\\\/wp-content\\\/uploads\\\/sites\\\/8\\\/2022\\\/02\\\/Jornada22-scaled.jpg\",\"contentUrl\":\"https:\\\/\\\/www.salesianos.edu\\\/revistasmx\\\/wp-content\\\/uploads\\\/sites\\\/8\\\/2022\\\/02\\\/Jornada22-scaled.jpg\",\"width\":2560,\"height\":1707},{\"@type\":\"BreadcrumbList\",\"@id\":\"https:\\\/\\\/www.salesianos.edu\\\/revistasmx\\\/la-dimension-pastoral-de-la-comunicacion\\\/#breadcrumb\",\"itemListElement\":[{\"@type\":\"ListItem\",\"position\":1,\"name\":\"Portada\",\"item\":\"https:\\\/\\\/www.salesianos.edu\\\/revistasmx\\\/\"},{\"@type\":\"ListItem\",\"position\":2,\"name\":\"La dimensi\u00f3n Pastoral de la Comunicaci\u00f3n\"}]},{\"@type\":\"WebSite\",\"@id\":\"https:\\\/\\\/www.salesianos.edu\\\/revistasmx\\\/#website\",\"url\":\"https:\\\/\\\/www.salesianos.edu\\\/revistasmx\\\/\",\"name\":\"Revista SMX\",\"description\":\"P\u00e1gina oficial de Inspector\u00eda Salesiana Mar\u00eda Auxiliadora\",\"potentialAction\":[{\"@type\":\"SearchAction\",\"target\":{\"@type\":\"EntryPoint\",\"urlTemplate\":\"https:\\\/\\\/www.salesianos.edu\\\/revistasmx\\\/?s={search_term_string}\"},\"query-input\":{\"@type\":\"PropertyValueSpecification\",\"valueRequired\":true,\"valueName\":\"search_term_string\"}}],\"inLanguage\":\"es\"},{\"@type\":\"Person\",\"@id\":\"https:\\\/\\\/www.salesianos.edu\\\/revistasmx\\\/#\\\/schema\\\/person\\\/20a80be1bb4e0ed82068c57facf5b237\",\"name\":\"martapeirat\",\"image\":{\"@type\":\"ImageObject\",\"inLanguage\":\"es\",\"@id\":\"https:\\\/\\\/secure.gravatar.com\\\/avatar\\\/1139b81b40ed1dde466563679597db378e7092bbfdd7ebb264c437fedde866d7?s=96&d=mm&r=g\",\"url\":\"https:\\\/\\\/secure.gravatar.com\\\/avatar\\\/1139b81b40ed1dde466563679597db378e7092bbfdd7ebb264c437fedde866d7?s=96&d=mm&r=g\",\"contentUrl\":\"https:\\\/\\\/secure.gravatar.com\\\/avatar\\\/1139b81b40ed1dde466563679597db378e7092bbfdd7ebb264c437fedde866d7?s=96&d=mm&r=g\",\"caption\":\"martapeirat\"}}]}<\/script>\n<!-- \/ Yoast SEO plugin. -->","yoast_head_json":{"title":"La dimensi\u00f3n Pastoral de la Comunicaci\u00f3n - Revista SMX","robots":{"index":"index","follow":"follow","max-snippet":"max-snippet:-1","max-image-preview":"max-image-preview:large","max-video-preview":"max-video-preview:-1"},"canonical":"https:\/\/www.salesianos.edu\/revistasmx\/la-dimension-pastoral-de-la-comunicacion\/","og_locale":"es_ES","og_type":"article","og_title":"La dimensi\u00f3n Pastoral de la Comunicaci\u00f3n - Revista SMX","og_description":"La 8\u00aa edici\u00f3n de la Jornada de Comunicaci\u00f3n re\u00fane a m\u00e1s de 160 responsables de la comunicaci\u00f3n salesiana para avanzar en la visi\u00f3n estrat\u00e9gica de esta misi\u00f3n.","og_url":"https:\/\/www.salesianos.edu\/revistasmx\/la-dimension-pastoral-de-la-comunicacion\/","og_site_name":"Revista SMX","article_published_time":"2022-02-23T09:35:38+00:00","article_modified_time":"2022-02-25T10:34:43+00:00","og_image":[{"width":2560,"height":1707,"url":"https:\/\/www.salesianos.edu\/revistasmx\/wp-content\/uploads\/sites\/8\/2022\/02\/Jornada22-scaled.jpg","type":"image\/jpeg"}],"author":"martapeirat","twitter_card":"summary_large_image","twitter_misc":{"Escrito por":"martapeirat","Tiempo de lectura":"6 minutos"},"schema":{"@context":"https:\/\/schema.org","@graph":[{"@type":"Article","@id":"https:\/\/www.salesianos.edu\/revistasmx\/la-dimension-pastoral-de-la-comunicacion\/#article","isPartOf":{"@id":"https:\/\/www.salesianos.edu\/revistasmx\/la-dimension-pastoral-de-la-comunicacion\/"},"author":{"name":"martapeirat","@id":"https:\/\/www.salesianos.edu\/revistasmx\/#\/schema\/person\/20a80be1bb4e0ed82068c57facf5b237"},"headline":"La dimensi\u00f3n Pastoral de la Comunicaci\u00f3n","datePublished":"2022-02-23T09:35:38+00:00","dateModified":"2022-02-25T10:34:43+00:00","mainEntityOfPage":{"@id":"https:\/\/www.salesianos.edu\/revistasmx\/la-dimension-pastoral-de-la-comunicacion\/"},"wordCount":1256,"commentCount":0,"image":{"@id":"https:\/\/www.salesianos.edu\/revistasmx\/la-dimension-pastoral-de-la-comunicacion\/#primaryimage"},"thumbnailUrl":"https:\/\/www.salesianos.edu\/revistasmx\/wp-content\/uploads\/sites\/8\/2022\/02\/Jornada22-scaled.jpg","articleSection":["A FONDO"],"inLanguage":"es","potentialAction":[{"@type":"CommentAction","name":"Comment","target":["https:\/\/www.salesianos.edu\/revistasmx\/la-dimension-pastoral-de-la-comunicacion\/#respond"]}]},{"@type":"WebPage","@id":"https:\/\/www.salesianos.edu\/revistasmx\/la-dimension-pastoral-de-la-comunicacion\/","url":"https:\/\/www.salesianos.edu\/revistasmx\/la-dimension-pastoral-de-la-comunicacion\/","name":"La dimensi\u00f3n Pastoral de la Comunicaci\u00f3n - Revista SMX","isPartOf":{"@id":"https:\/\/www.salesianos.edu\/revistasmx\/#website"},"primaryImageOfPage":{"@id":"https:\/\/www.salesianos.edu\/revistasmx\/la-dimension-pastoral-de-la-comunicacion\/#primaryimage"},"image":{"@id":"https:\/\/www.salesianos.edu\/revistasmx\/la-dimension-pastoral-de-la-comunicacion\/#primaryimage"},"thumbnailUrl":"https:\/\/www.salesianos.edu\/revistasmx\/wp-content\/uploads\/sites\/8\/2022\/02\/Jornada22-scaled.jpg","datePublished":"2022-02-23T09:35:38+00:00","dateModified":"2022-02-25T10:34:43+00:00","author":{"@id":"https:\/\/www.salesianos.edu\/revistasmx\/#\/schema\/person\/20a80be1bb4e0ed82068c57facf5b237"},"breadcrumb":{"@id":"https:\/\/www.salesianos.edu\/revistasmx\/la-dimension-pastoral-de-la-comunicacion\/#breadcrumb"},"inLanguage":"es","potentialAction":[{"@type":"ReadAction","target":["https:\/\/www.salesianos.edu\/revistasmx\/la-dimension-pastoral-de-la-comunicacion\/"]}]},{"@type":"ImageObject","inLanguage":"es","@id":"https:\/\/www.salesianos.edu\/revistasmx\/la-dimension-pastoral-de-la-comunicacion\/#primaryimage","url":"https:\/\/www.salesianos.edu\/revistasmx\/wp-content\/uploads\/sites\/8\/2022\/02\/Jornada22-scaled.jpg","contentUrl":"https:\/\/www.salesianos.edu\/revistasmx\/wp-content\/uploads\/sites\/8\/2022\/02\/Jornada22-scaled.jpg","width":2560,"height":1707},{"@type":"BreadcrumbList","@id":"https:\/\/www.salesianos.edu\/revistasmx\/la-dimension-pastoral-de-la-comunicacion\/#breadcrumb","itemListElement":[{"@type":"ListItem","position":1,"name":"Portada","item":"https:\/\/www.salesianos.edu\/revistasmx\/"},{"@type":"ListItem","position":2,"name":"La dimensi\u00f3n Pastoral de la Comunicaci\u00f3n"}]},{"@type":"WebSite","@id":"https:\/\/www.salesianos.edu\/revistasmx\/#website","url":"https:\/\/www.salesianos.edu\/revistasmx\/","name":"Revista SMX","description":"P\u00e1gina oficial de Inspector\u00eda Salesiana Mar\u00eda Auxiliadora","potentialAction":[{"@type":"SearchAction","target":{"@type":"EntryPoint","urlTemplate":"https:\/\/www.salesianos.edu\/revistasmx\/?s={search_term_string}"},"query-input":{"@type":"PropertyValueSpecification","valueRequired":true,"valueName":"search_term_string"}}],"inLanguage":"es"},{"@type":"Person","@id":"https:\/\/www.salesianos.edu\/revistasmx\/#\/schema\/person\/20a80be1bb4e0ed82068c57facf5b237","name":"martapeirat","image":{"@type":"ImageObject","inLanguage":"es","@id":"https:\/\/secure.gravatar.com\/avatar\/1139b81b40ed1dde466563679597db378e7092bbfdd7ebb264c437fedde866d7?s=96&d=mm&r=g","url":"https:\/\/secure.gravatar.com\/avatar\/1139b81b40ed1dde466563679597db378e7092bbfdd7ebb264c437fedde866d7?s=96&d=mm&r=g","contentUrl":"https:\/\/secure.gravatar.com\/avatar\/1139b81b40ed1dde466563679597db378e7092bbfdd7ebb264c437fedde866d7?s=96&d=mm&r=g","caption":"martapeirat"}}]}},"_links":{"self":[{"href":"https:\/\/www.salesianos.edu\/revistasmx\/wp-json\/wp\/v2\/posts\/18582","targetHints":{"allow":["GET"]}}],"collection":[{"href":"https:\/\/www.salesianos.edu\/revistasmx\/wp-json\/wp\/v2\/posts"}],"about":[{"href":"https:\/\/www.salesianos.edu\/revistasmx\/wp-json\/wp\/v2\/types\/post"}],"author":[{"embeddable":true,"href":"https:\/\/www.salesianos.edu\/revistasmx\/wp-json\/wp\/v2\/users\/5"}],"replies":[{"embeddable":true,"href":"https:\/\/www.salesianos.edu\/revistasmx\/wp-json\/wp\/v2\/comments?post=18582"}],"version-history":[{"count":14,"href":"https:\/\/www.salesianos.edu\/revistasmx\/wp-json\/wp\/v2\/posts\/18582\/revisions"}],"predecessor-version":[{"id":18715,"href":"https:\/\/www.salesianos.edu\/revistasmx\/wp-json\/wp\/v2\/posts\/18582\/revisions\/18715"}],"wp:featuredmedia":[{"embeddable":true,"href":"https:\/\/www.salesianos.edu\/revistasmx\/wp-json\/wp\/v2\/media\/18633"}],"wp:attachment":[{"href":"https:\/\/www.salesianos.edu\/revistasmx\/wp-json\/wp\/v2\/media?parent=18582"}],"wp:term":[{"taxonomy":"category","embeddable":true,"href":"https:\/\/www.salesianos.edu\/revistasmx\/wp-json\/wp\/v2\/categories?post=18582"},{"taxonomy":"post_tag","embeddable":true,"href":"https:\/\/www.salesianos.edu\/revistasmx\/wp-json\/wp\/v2\/tags?post=18582"}],"curies":[{"name":"wp","href":"https:\/\/api.w.org\/{rel}","templated":true}]}}