{"id":18518,"date":"2022-01-28T09:52:40","date_gmt":"2022-01-28T08:52:40","guid":{"rendered":"https:\/\/www.salesianos.edu\/revistasmx\/?p=18518"},"modified":"2022-01-28T12:48:38","modified_gmt":"2022-01-28T11:48:38","slug":"estrena-2022-el-full-de-ruta-definit-per-a-la-familia-salesiana","status":"publish","type":"post","link":"https:\/\/www.salesianos.edu\/revistasmx\/ca\/estrena-2022-el-full-de-ruta-definit-per-a-la-familia-salesiana\/","title":{"rendered":"Estrena 2022, el full de ruta definit per a la Fam\u00edlia Salesiana"},"content":{"rendered":"<div id=\"fb-root\"><\/div>\n<p>[et_pb_section fb_built=\u00bb1&#8243; admin_label=\u00bbsection\u00bb _builder_version=\u00bb3.22&#8243; global_colors_info=\u00bb{}\u00bb theme_builder_area=\u00bbpost_content\u00bb][et_pb_row admin_label=\u00bbrow\u00bb _builder_version=\u00bb3.25&#8243; background_size=\u00bbinitial\u00bb background_position=\u00bbtop_left\u00bb background_repeat=\u00bbrepeat\u00bb global_colors_info=\u00bb{}\u00bb theme_builder_area=\u00bbpost_content\u00bb][et_pb_column type=\u00bb4_4&#8243; _builder_version=\u00bb3.25&#8243; custom_padding=\u00bb|||\u00bb global_colors_info=\u00bb{}\u00bb custom_padding__hover=\u00bb|||\u00bb theme_builder_area=\u00bbpost_content\u00bb][et_pb_text _builder_version=\u00bb4.14.5&#8243; _module_preset=\u00bbdefault\u00bb global_colors_info=\u00bb{}\u00bb theme_builder_area=\u00bbpost_content\u00bb]<\/p>\n<p><span style=\"font-weight: 400\">La comuni\u00f3 i la globalitzaci\u00f3 de la <a href=\"https:\/\/www.salesianos.edu\/familiasalesiana\/\">Fam\u00edlia Salesiana<\/a> es feu palesa en la 40\u00aa edici\u00f3 de les seves <\/span><b>Jornades d\u2019Espiritualitat<\/b><span style=\"font-weight: 400\"> que van comen\u00e7ar el 13 de gener a <\/span><b>Tor\u00ed-Valdocco<\/b><span style=\"font-weight: 400\">. En connexi\u00f3 via web, amb aproximadament 10.000 persones connectades durant els quatre dies d\u2019escolta, oraci\u00f3 i di\u00e0leg que es van desenvolupar en la Casa Mare. Aquesta trobada compt\u00e0 tamb\u00e9 amb la pres\u00e8ncia de 150 representants de les 32 agrupacions que conformen la m\u00e9s gran fam\u00edlia religiosa cat\u00f2lica i que es van fer presents a It\u00e0lia.<\/span><\/p>\n<p>&nbsp;<\/p>\n<p><span style=\"font-weight: 400\">Fou Don <\/span><b>Egidio Vigan\u00f2<\/b><span style=\"font-weight: 400\">, el VII Successor de Don Bosco, qui va instituir les \u00abJornades\u00bb, que s\u2019han convertit en una cita en la que s\u2019hi participa amb entusiasme. Segons <\/span><b>Alejandro Guevara, <\/b><span style=\"font-weight: 400\">Animador Espiritual Mundial de l\u2019Associaci\u00f3 de Maria Auxiliadora<\/span><span style=\"font-weight: 400\">,<\/span><b> \u201c<\/b><span style=\"font-weight: 400\">les Jornades s\u00f3n per a tothom i hem de cr\u00e9ixer en aquest sentit de comuni\u00f3 familiar perqu\u00e8 son una oportunitat per a <\/span><b>cr\u00e9ixer, ampliar, revitalitzar<\/b><span style=\"font-weight: 400\"> la nostra identitat carism\u00e0tica\u201d.<\/span><\/p>\n<p>&nbsp;<\/p>\n<p><span style=\"font-weight: 400\">Despr\u00e9s de veure el v\u00eddeo que resumeix els temes de l\u2019Estrena, <\/span><b>\u00c1ngel Fern\u00e1ndez Artime<\/b><span style=\"font-weight: 400\"> va insistir en la necessitat de meditar sobre aquesta veritat: \u201cD\u00e9u atrau cap a ell les seves criatures sense prendre\u2019ls la llibertat que els hi ha donat, perqu\u00e8 l\u2019amor fa aix\u00f2. El salesi\u00e0 es proposa suscitar entusiasme per D\u00e9u, per\u00f2 sempre ho fa amb cura i amb ple respecte per la persona amb qui es troba\u201d. Amb aquesta premissa podem interpretar f\u00e0cilment el lema de Sant Francesc de Sales, que s\u2019ha convertit en el lema de l\u2019 <\/span><b>Estrena 2022<\/b><span style=\"font-weight: 400\">: \u201cFeu-ho tot per amor, res per la for\u00e7a\u201d. El Rector Major, amable per\u00f2 diligentment, va afegir un aclariment quan va dir: <\/span><b>\u00abAquesta llibertat no significa que &#8216;faig el que vull&#8217;, sin\u00f3 que \u00e9s el descobriment d\u2019una joiosa responsabilitat\u00bb<\/b><span style=\"font-weight: 400\">.<\/span><\/p>\n<p><span style=\"font-weight: 400\"><br \/><\/span><b>Ivo Coelho<\/b><span style=\"font-weight: 400\">, Conseller General per a la Formaci\u00f3, en l\u2019apertura de la trobada va subratllar la connexi\u00f3 entre el \u201credescobriment\u201d de <\/span><b>Don Paolo Albera<\/b><span style=\"font-weight: 400\"> (de qui el centenari de la seva mort fou el 2021) i de Sant Francesc de Sales. Aqu\u00ed trobem la connexi\u00f3 directa amb <\/span><b>Sant Francesc de Sales<\/b><span style=\"font-weight: 400\">, home de cultura i capa\u00e7 d\u2019apropar-se a tothom. \u201c<\/span><b>\u00c9s la bondat all\u00f2 que ens distingeix<\/b><span style=\"font-weight: 400\"> \u2013va comentar el <\/span><b>Rector Major<\/b><span style=\"font-weight: 400\"> en la seva reflexi\u00f3 sobre la figura del sant que Don Bosco propos\u00e0 als seus nois com a patr\u00f3 de l\u2019aventura que van iniciar-. Nom\u00e9s en la llibertat podem apropar-nos a D\u00e9u\u201d.<\/span><\/p>\n<p><span style=\"font-weight: 400\"><br \/><\/span><b>Un recorregut pels espais que van acollir la llavor de la Fam\u00edlia Salesiana<\/b><b><br \/><\/b><b><br \/><\/b><span style=\"font-weight: 400\">Como assenyala <\/span><b>Alejandro Guevara, <\/b><span style=\"font-weight: 400\">aquests dies de trobada s\u00f3n especialment remarcables per a les persones que els viuen de forma presencial. \u201cEl segon dia van poder rec\u00f3rrer els espais que van acollir la llavor del gran arbre que avui \u00e9s la Fam\u00edlia Salesiana: els llocs de joc i els d\u2019estudi i formaci\u00f3 professional; i els espais dedicats a l\u2019espiritualitat senzilla i profunda que, juntament amb Mam\u00e0 Margarita, Don Bosco feia trobar sota un sostre o en l\u2019interior del temple: el primer dedicat a Sant Francesc de Sales\u201d, explica.\u00a0<\/span><\/p>\n<p><span style=\"font-weight: 400\"><br \/><\/span><b>Diego Arag\u00f3n, <\/b><b>president nacional dels Antics Alumnes, <\/b><span style=\"font-weight: 400\">comparteix que <\/span><span style=\"font-weight: 400\">ha ting<\/span><span style=\"font-weight: 400\">ut l\u2019oportunitat de participar en les \u00faltimes jornades presencials. \u201cDes d\u2019aquest moment experimento la import\u00e0ncia que t\u00e9 participar en aquest esdeveniment\u201d, afegeix. \u00abDe les Jornades cada any esperem ser capa\u00e7os d\u2019intuir qu\u00e8 ens demana la Congregaci\u00f3 a aquells que, d\u2019una manera o altra, ens dediquem a animar algun sector de la fam\u00edlia salesiana\u201d.<\/span><\/p>\n<p><span style=\"font-weight: 400\"><br \/><\/span><span style=\"font-weight: 400\">Durant la jornada del 14 de gener la immersi\u00f3 fins les arrels es va completar en la trobada amb la figura de sant Francesc de Sales i en la celebraci\u00f3 eucar\u00edstica que li fou dedicada. <\/span><b>Stefano Martoglio<\/b><span style=\"font-weight: 400\">, Vicari del Rector Major, va destacar en la homilia l\u2019escola de dolcesa que emana del coneixement del sant bisbe i de la confian\u00e7a cap a ell. \u201cLa veritable malaltia \u00e9s el pecat -va subratllar don Martoglio- i Jes\u00fas va venir a alleujar-nos. Per tant, amb el Sant que va inspirar Don Bosco, trobarem que D\u00e9u est\u00e0 present en cada moment de la vida, i que nom\u00e9s Ell sustenta la nostra humanitat\u201d.<\/span><\/p>\n<p><span style=\"font-weight: 400\"><br \/><\/span><span style=\"font-weight: 400\">Els ponents de la tarda del divendres van saber fer amb senzillesa que es trob\u00e9s a aquest doctor de l\u2019Esgl\u00e9sia, generador de l\u2019experi\u00e8ncia de Don Bosco. <\/span><b>Michele Molinar <\/b><span style=\"font-weight: 400\">va<\/span> <span style=\"font-weight: 400\">presentar una \u201ctaula rodona, a quatre veus per a observar una personalitat tan \u00e0mplia des de diferents punts de vista\u201d.<\/span><\/p>\n<p><b>Unes jornades mixtes per a seguir fent cam\u00ed plegats<\/b><\/p>\n<p><span style=\"font-weight: 400\"><br \/><\/span><span style=\"font-weight: 400\">\u201cL\u2019any passat, 2021, per primera vegada en la hist\u00f2ria de la FS, tots els qui van voler i poder es van fer presents en la jornada. A nivell mundial va haver-hi moments en qu\u00e8 el nivell de participaci\u00f3 fregava el pic dels vuit mil i fins i tot m\u00e9s persones que estaven enganxades a l\u2019ordenador o similar\u201d, afirma <\/span><b>J\u00f3sean Hern\u00e1ndez<\/b><span style=\"font-weight: 400\">, encarregat de la Fam\u00edlia Salesiana en la Inspectoria Santiago el Mayor i acompanyant de l\u2019experi\u00e8ncia on line per als participants d\u2019Espanya.<\/span><span style=\"font-weight: 400\"><br \/><\/span><span style=\"font-weight: 400\"><br \/><\/span><span style=\"font-weight: 400\">El 15 de gener, <\/span><b>Joan Llu\u00eds Play\u00e0<\/b><span style=\"font-weight: 400\">, Delegat Central del Rector Major per al Secretariat de la Fam\u00edlia Salesiana, en la seva homilia sobre la polaritat amor-desamor, senyalava que \u201cl\u2019amor \u00e9s la for\u00e7a transformadora m\u00e9s poderosa de l\u2019interior\u201d, va recordar, \u201ci a trav\u00e9s de les persones aquesta for\u00e7a tamb\u00e9 \u00e9s capa\u00e7 d\u2019intervenir en la realitat exterior: genera un canvi que dura per a sempre. Com n\u2019hem d\u2019estar d\u2019agra\u00efts vers tots aquells que, com Francesc de Sales i Don Bosco, ens han ajudat a descobrir i a viure l\u2019Amor dels amors!\u201d.<\/span><\/p>\n<p><b>Una Fam\u00edlia Salesiana enfortida i cada cop m\u00e9s rejovenida.<\/b><\/p>\n<p><b>J\u00f3sean Hern\u00e1ndez <\/b><span style=\"font-weight: 400\">explica que la Fam\u00edlia Salesiana a Espanya <\/span><b>es troba en un bon moment <\/b><span style=\"font-weight: 400\">despr\u00e9s d\u2019haver fet un cam\u00ed interesant, especialment en aquest segle XXI. \u00c9s veritat que en alguns Grups es nota molt l\u2019envelliment en els seus membres, per\u00f2, al mateix temps <\/span><b>es nota un rejoveniment en les ganes de seguir fent cam\u00ed i de fer-lo plegats<\/b><span style=\"font-weight: 400\">.<\/span><\/p>\n<p><span style=\"font-weight: 400\">Segons <\/span><b>Luis Fernando \u00c1lvarez<\/b><span style=\"font-weight: 400\">,<\/span><b> delegat de Fam\u00edlia Salesiana per a la Inspectoria Maria Auxiliadora (SMX)<\/b><span style=\"font-weight: 400\">, la Fam\u00edlia Salesiana d\u2019Espanya est\u00e0 forta perqu\u00e8 t\u00e9 molt clara la seva identitat, i aix\u00f2 \u00e9s una fortalesa. \u201cSomniar i treballar units \u00e9s una garantia segura. Potenciar la responsabilitat dels seglars en la primera l\u00ednia de l\u2019evangelitzaci\u00f3 indica una fe comprovada. Caminar tots junts en una Esgl\u00e9sia sinodal de tots ens fa a tots forts amb la poderosa for\u00e7a del Ressuscitat\u201d afegeix.\u00a0<\/span><\/p>\n<p><b>L\u2019espiritualitat de la Fam\u00edlia Salesiana cuidada dia a dia<\/b><\/p>\n<p><span style=\"font-weight: 400\">L\u2019\u00faltima sessi\u00f3 de las Jornades, el 16 de gener, fou el moment m\u00e9s fervent en el que es mostr\u00e0 la s\u00edntesi del treball dels grups regionals i es van proposar \u201cintencions\u201d per a l\u2019any que s\u2019obre que seran aterrades localment en cada grup i pres\u00e8ncia salesiana.<\/span><\/p>\n<p><b>Jos\u00e9 Luis Navarro, delegat inspectorial SMX d\u2019Animaci\u00f3 Vocacional <\/b><span style=\"font-weight: 400\">explica que per a la cura de l\u2019espiritualitat de la Fam\u00edlia Salesiana en el dia a dia \u00e9s important tenir en compte dos elements: la cura personal i la cura dels germans. \u201cL\u2019Esgl\u00e9sia i l\u2019espiritualitat salesiana no es poden viure a soles, necessitem de la comunitat, que \u00e9s lloc, signe i escola d\u2019espiritualitat\u201d, explica. \u201cPer aix\u00f2, es potencia qualsevol element de trobada com recessos, moments formatius, celebracions. Per\u00f2 \u00e9s important fomentar els Consells Locals de cada una de les cases salesianes i els consells de cadascun dels grups, com elements dinamitzadors de comuni\u00f3\u201d.\u00a0<\/span><\/p>\n<p><span style=\"font-weight: 400\">Aquesta cita \u00e9s un retrobament familiar per a <\/span><b>Juan Jos\u00e9 Bartolom\u00e9, delegat inspectorial de Formaci\u00f3 i Comunitat <\/b><span style=\"font-weight: 400\">de<\/span> <span style=\"font-weight: 400\">Santiago el Mayor. \u201cSense menysprear el tema que anualment ens reuneix i que aquest any toca el &#8216;cor&#8217; mateix del nostre carisma com\u00fa. Nom\u00e9s el fet de trobar-nos suposa un esdeveniment: ens agermana el D\u00e9u que va concedir a la seva Esgl\u00e9sia la persona i obra del nostre pare Don Bosco; creixem en fraternitat tots els grups de la Fam\u00edlia Salesiana i aix\u00ed, junts, enfortim el nostre lliurament als joves i en ells, i per ells, a D\u00e9u\u201d, comparteix.<\/span><\/p>\n<p><span style=\"font-weight: 400\">Darrere les conclusions de la Jornada de la Fam\u00edlia Salesiana, es pot extreure una invitaci\u00f3 a enfortir el carisma compartit per tots els grups. \u201c<\/span><b>El carisma salesi\u00e0 no \u00e9s exclusivament dels salesians de Don Bosco<\/b><span style=\"font-weight: 400\">, sin\u00f3 que \u00e9s un do que D\u00e9u ha donat a l\u2019Esgl\u00e9sia i que compartim tots i cadasc\u00fa de nosaltres\u201d, explica Jos\u00e9 Luis Navarro i afegeix, \u201cper tant a nivell pr\u00e0ctic el primer \u00e9s generar una mentalitat de carisma i de missi\u00f3 compartits, aprofundint les arrels pr\u00f2pies del nostre carisma, en aquest cas coincidint amb l\u2019Estrena, el lema del Rector Major, que ens invita a viure la nostra espiritualitat d\u2019una manera molt concreta. La nostra educaci\u00f3 i evangelitzaci\u00f3 de cara als joves ha de viure\u2019s concretament com ens ensenya Don Bosco seguint aquesta imatge de Sant Francesc. La invitaci\u00f3 a nivell local parteix d\u2019un coneixement de la pr\u00f2pia espiritualitat perqu\u00e8, coneixent-la i estimant-la, podem donar-li vida\u201d, conclou Jos\u00e9 Luis Navarro.<\/span><\/p>\n<p><span style=\"font-weight: 400\">Les Jornades d\u2019Espiritualitat han omplert de sentit el lema assignat a l\u2019 <\/span><b>Estrena del Rector Major:<\/b><span style=\"font-weight: 400\"> \u00abFeu-ho tot per amor, res a la for\u00e7a\u00bb.\u00a0<\/span><\/p>\n<p>[\/et_pb_text][et_pb_button button_url=\u00bbhttps:\/\/www.flickr.com\/photos\/infoans\/albums\/72177720295937137&#8243; url_new_window=\u00bbon\u00bb button_text=\u00bbM\u00e9s fotos\u00bb button_alignment=\u00bbcenter\u00bb _builder_version=\u00bb4.14.5&#8243; _module_preset=\u00bbdefault\u00bb custom_button=\u00bbon\u00bb button_text_size=\u00bb14px\u00bb button_text_color=\u00bb#ffffff\u00bb button_bg_color=\u00bb#dc001b\u00bb button_border_color=\u00bb#dc001b\u00bb button_border_radius=\u00bb18px\u00bb button_icon=\u00bb&#xe04e;||divi||400&#8243; button_icon_color=\u00bb#ffffff\u00bb global_colors_info=\u00bb{}\u00bb theme_builder_area=\u00bbpost_content\u00bb][\/et_pb_button][et_pb_gallery gallery_ids=\u00bb18521,18522,18523,18524,18525,18526,18527,18528,18529,18530&#8243; show_title_and_caption=\u00bboff\u00bb show_pagination=\u00bboff\u00bb _builder_version=\u00bb4.14.5&#8243; custom_margin=\u00bb||-19px|||\u00bb border_radii=\u00bbon|20px|20px|20px|20px\u00bb border_width_all=\u00bb3px\u00bb border_color_all=\u00bb#dc001b\u00bb global_colors_info=\u00bb{}\u00bb theme_builder_area=\u00bbpost_content\u00bb][\/et_pb_gallery][\/et_pb_column][\/et_pb_row][\/et_pb_section]<\/p>\n","protected":false},"excerpt":{"rendered":"<p>Les Jornades d\u2019Espiritualitat celebrades des de Tor\u00ed a nivell mundial van marcar les arrels d\u2019una santedat visible i rejovenida amb el model de Sant Francesc de Sales.<\/p>\n","protected":false},"author":5,"featured_media":18493,"comment_status":"open","ping_status":"closed","sticky":false,"template":"","format":"standard","meta":{"_et_pb_use_builder":"on","_et_pb_old_content":"","_et_gb_content_width":"","footnotes":""},"categories":[53],"tags":[],"class_list":["post-18518","post","type-post","status-publish","format-standard","has-post-thumbnail","hentry","category-a-fons"],"yoast_head":"<!-- This site is optimized with the Yoast SEO plugin v27.5 - https:\/\/yoast.com\/product\/yoast-seo-wordpress\/ -->\n<title>Estrena 2022, el full de ruta definit per a la Fam\u00edlia Salesiana - Revista SMX<\/title>\n<meta name=\"robots\" content=\"index, follow, max-snippet:-1, max-image-preview:large, max-video-preview:-1\" \/>\n<link rel=\"canonical\" href=\"https:\/\/www.salesianos.edu\/revistasmx\/ca\/estrena-2022-el-full-de-ruta-definit-per-a-la-familia-salesiana\/\" \/>\n<meta property=\"og:locale\" content=\"es_ES\" \/>\n<meta property=\"og:type\" content=\"article\" \/>\n<meta property=\"og:title\" content=\"Estrena 2022, el full de ruta definit per a la Fam\u00edlia Salesiana - Revista SMX\" \/>\n<meta property=\"og:description\" content=\"Les Jornades d\u2019Espiritualitat celebrades des de Tor\u00ed a nivell mundial van marcar les arrels d\u2019una santedat visible i rejovenida amb el model de Sant Francesc de Sales.\" \/>\n<meta property=\"og:url\" content=\"https:\/\/www.salesianos.edu\/revistasmx\/ca\/estrena-2022-el-full-de-ruta-definit-per-a-la-familia-salesiana\/\" \/>\n<meta property=\"og:site_name\" content=\"Revista SMX\" \/>\n<meta property=\"article:published_time\" content=\"2022-01-28T08:52:40+00:00\" \/>\n<meta property=\"article:modified_time\" content=\"2022-01-28T11:48:38+00:00\" \/>\n<meta property=\"og:image\" content=\"http:\/\/www.salesianos.edu\/revistasmx\/wp-content\/uploads\/sites\/8\/2022\/01\/Familia-Salesiana.jpeg\" \/>\n\t<meta property=\"og:image:width\" content=\"1600\" \/>\n\t<meta property=\"og:image:height\" content=\"1200\" \/>\n\t<meta property=\"og:image:type\" content=\"image\/jpeg\" \/>\n<meta name=\"author\" content=\"martapeirat\" \/>\n<meta name=\"twitter:card\" content=\"summary_large_image\" \/>\n<meta name=\"twitter:label1\" content=\"Escrito por\" \/>\n\t<meta name=\"twitter:data1\" content=\"martapeirat\" \/>\n\t<meta name=\"twitter:label2\" content=\"Tiempo de lectura\" \/>\n\t<meta name=\"twitter:data2\" content=\"9 minutos\" \/>\n<script type=\"application\/ld+json\" class=\"yoast-schema-graph\">{\"@context\":\"https:\\\/\\\/schema.org\",\"@graph\":[{\"@type\":\"Article\",\"@id\":\"https:\\\/\\\/www.salesianos.edu\\\/revistasmx\\\/ca\\\/estrena-2022-el-full-de-ruta-definit-per-a-la-familia-salesiana\\\/#article\",\"isPartOf\":{\"@id\":\"https:\\\/\\\/www.salesianos.edu\\\/revistasmx\\\/ca\\\/estrena-2022-el-full-de-ruta-definit-per-a-la-familia-salesiana\\\/\"},\"author\":{\"name\":\"martapeirat\",\"@id\":\"https:\\\/\\\/www.salesianos.edu\\\/revistasmx\\\/#\\\/schema\\\/person\\\/20a80be1bb4e0ed82068c57facf5b237\"},\"headline\":\"Estrena 2022, el full de ruta definit per a la Fam\u00edlia Salesiana\",\"datePublished\":\"2022-01-28T08:52:40+00:00\",\"dateModified\":\"2022-01-28T11:48:38+00:00\",\"mainEntityOfPage\":{\"@id\":\"https:\\\/\\\/www.salesianos.edu\\\/revistasmx\\\/ca\\\/estrena-2022-el-full-de-ruta-definit-per-a-la-familia-salesiana\\\/\"},\"wordCount\":1812,\"commentCount\":0,\"image\":{\"@id\":\"https:\\\/\\\/www.salesianos.edu\\\/revistasmx\\\/ca\\\/estrena-2022-el-full-de-ruta-definit-per-a-la-familia-salesiana\\\/#primaryimage\"},\"thumbnailUrl\":\"https:\\\/\\\/www.salesianos.edu\\\/revistasmx\\\/wp-content\\\/uploads\\\/sites\\\/8\\\/2022\\\/01\\\/Familia-Salesiana.jpeg\",\"articleSection\":[\"A FONS\"],\"inLanguage\":\"es\",\"potentialAction\":[{\"@type\":\"CommentAction\",\"name\":\"Comment\",\"target\":[\"https:\\\/\\\/www.salesianos.edu\\\/revistasmx\\\/ca\\\/estrena-2022-el-full-de-ruta-definit-per-a-la-familia-salesiana\\\/#respond\"]}]},{\"@type\":\"WebPage\",\"@id\":\"https:\\\/\\\/www.salesianos.edu\\\/revistasmx\\\/ca\\\/estrena-2022-el-full-de-ruta-definit-per-a-la-familia-salesiana\\\/\",\"url\":\"https:\\\/\\\/www.salesianos.edu\\\/revistasmx\\\/ca\\\/estrena-2022-el-full-de-ruta-definit-per-a-la-familia-salesiana\\\/\",\"name\":\"Estrena 2022, el full de ruta definit per a la Fam\u00edlia Salesiana - Revista SMX\",\"isPartOf\":{\"@id\":\"https:\\\/\\\/www.salesianos.edu\\\/revistasmx\\\/#website\"},\"primaryImageOfPage\":{\"@id\":\"https:\\\/\\\/www.salesianos.edu\\\/revistasmx\\\/ca\\\/estrena-2022-el-full-de-ruta-definit-per-a-la-familia-salesiana\\\/#primaryimage\"},\"image\":{\"@id\":\"https:\\\/\\\/www.salesianos.edu\\\/revistasmx\\\/ca\\\/estrena-2022-el-full-de-ruta-definit-per-a-la-familia-salesiana\\\/#primaryimage\"},\"thumbnailUrl\":\"https:\\\/\\\/www.salesianos.edu\\\/revistasmx\\\/wp-content\\\/uploads\\\/sites\\\/8\\\/2022\\\/01\\\/Familia-Salesiana.jpeg\",\"datePublished\":\"2022-01-28T08:52:40+00:00\",\"dateModified\":\"2022-01-28T11:48:38+00:00\",\"author\":{\"@id\":\"https:\\\/\\\/www.salesianos.edu\\\/revistasmx\\\/#\\\/schema\\\/person\\\/20a80be1bb4e0ed82068c57facf5b237\"},\"breadcrumb\":{\"@id\":\"https:\\\/\\\/www.salesianos.edu\\\/revistasmx\\\/ca\\\/estrena-2022-el-full-de-ruta-definit-per-a-la-familia-salesiana\\\/#breadcrumb\"},\"inLanguage\":\"es\",\"potentialAction\":[{\"@type\":\"ReadAction\",\"target\":[\"https:\\\/\\\/www.salesianos.edu\\\/revistasmx\\\/ca\\\/estrena-2022-el-full-de-ruta-definit-per-a-la-familia-salesiana\\\/\"]}]},{\"@type\":\"ImageObject\",\"inLanguage\":\"es\",\"@id\":\"https:\\\/\\\/www.salesianos.edu\\\/revistasmx\\\/ca\\\/estrena-2022-el-full-de-ruta-definit-per-a-la-familia-salesiana\\\/#primaryimage\",\"url\":\"https:\\\/\\\/www.salesianos.edu\\\/revistasmx\\\/wp-content\\\/uploads\\\/sites\\\/8\\\/2022\\\/01\\\/Familia-Salesiana.jpeg\",\"contentUrl\":\"https:\\\/\\\/www.salesianos.edu\\\/revistasmx\\\/wp-content\\\/uploads\\\/sites\\\/8\\\/2022\\\/01\\\/Familia-Salesiana.jpeg\",\"width\":1600,\"height\":1200},{\"@type\":\"BreadcrumbList\",\"@id\":\"https:\\\/\\\/www.salesianos.edu\\\/revistasmx\\\/ca\\\/estrena-2022-el-full-de-ruta-definit-per-a-la-familia-salesiana\\\/#breadcrumb\",\"itemListElement\":[{\"@type\":\"ListItem\",\"position\":1,\"name\":\"Portada\",\"item\":\"http:\\\/\\\/www.salesianos.edu\\\/revistasmx\\\/\"},{\"@type\":\"ListItem\",\"position\":2,\"name\":\"Estrena 2022, el full de ruta definit per a la Fam\u00edlia Salesiana\"}]},{\"@type\":\"WebSite\",\"@id\":\"https:\\\/\\\/www.salesianos.edu\\\/revistasmx\\\/#website\",\"url\":\"https:\\\/\\\/www.salesianos.edu\\\/revistasmx\\\/\",\"name\":\"Revista SMX\",\"description\":\"P\u00e1gina oficial de Inspector\u00eda Salesiana Mar\u00eda Auxiliadora\",\"potentialAction\":[{\"@type\":\"SearchAction\",\"target\":{\"@type\":\"EntryPoint\",\"urlTemplate\":\"https:\\\/\\\/www.salesianos.edu\\\/revistasmx\\\/?s={search_term_string}\"},\"query-input\":{\"@type\":\"PropertyValueSpecification\",\"valueRequired\":true,\"valueName\":\"search_term_string\"}}],\"inLanguage\":\"es\"},{\"@type\":\"Person\",\"@id\":\"https:\\\/\\\/www.salesianos.edu\\\/revistasmx\\\/#\\\/schema\\\/person\\\/20a80be1bb4e0ed82068c57facf5b237\",\"name\":\"martapeirat\",\"image\":{\"@type\":\"ImageObject\",\"inLanguage\":\"es\",\"@id\":\"https:\\\/\\\/secure.gravatar.com\\\/avatar\\\/1139b81b40ed1dde466563679597db378e7092bbfdd7ebb264c437fedde866d7?s=96&d=mm&r=g\",\"url\":\"https:\\\/\\\/secure.gravatar.com\\\/avatar\\\/1139b81b40ed1dde466563679597db378e7092bbfdd7ebb264c437fedde866d7?s=96&d=mm&r=g\",\"contentUrl\":\"https:\\\/\\\/secure.gravatar.com\\\/avatar\\\/1139b81b40ed1dde466563679597db378e7092bbfdd7ebb264c437fedde866d7?s=96&d=mm&r=g\",\"caption\":\"martapeirat\"}}]}<\/script>\n<!-- \/ Yoast SEO plugin. -->","yoast_head_json":{"title":"Estrena 2022, el full de ruta definit per a la Fam\u00edlia Salesiana - Revista SMX","robots":{"index":"index","follow":"follow","max-snippet":"max-snippet:-1","max-image-preview":"max-image-preview:large","max-video-preview":"max-video-preview:-1"},"canonical":"https:\/\/www.salesianos.edu\/revistasmx\/ca\/estrena-2022-el-full-de-ruta-definit-per-a-la-familia-salesiana\/","og_locale":"es_ES","og_type":"article","og_title":"Estrena 2022, el full de ruta definit per a la Fam\u00edlia Salesiana - Revista SMX","og_description":"Les Jornades d\u2019Espiritualitat celebrades des de Tor\u00ed a nivell mundial van marcar les arrels d\u2019una santedat visible i rejovenida amb el model de Sant Francesc de Sales.","og_url":"https:\/\/www.salesianos.edu\/revistasmx\/ca\/estrena-2022-el-full-de-ruta-definit-per-a-la-familia-salesiana\/","og_site_name":"Revista SMX","article_published_time":"2022-01-28T08:52:40+00:00","article_modified_time":"2022-01-28T11:48:38+00:00","og_image":[{"width":1600,"height":1200,"url":"http:\/\/www.salesianos.edu\/revistasmx\/wp-content\/uploads\/sites\/8\/2022\/01\/Familia-Salesiana.jpeg","type":"image\/jpeg"}],"author":"martapeirat","twitter_card":"summary_large_image","twitter_misc":{"Escrito por":"martapeirat","Tiempo de lectura":"9 minutos"},"schema":{"@context":"https:\/\/schema.org","@graph":[{"@type":"Article","@id":"https:\/\/www.salesianos.edu\/revistasmx\/ca\/estrena-2022-el-full-de-ruta-definit-per-a-la-familia-salesiana\/#article","isPartOf":{"@id":"https:\/\/www.salesianos.edu\/revistasmx\/ca\/estrena-2022-el-full-de-ruta-definit-per-a-la-familia-salesiana\/"},"author":{"name":"martapeirat","@id":"https:\/\/www.salesianos.edu\/revistasmx\/#\/schema\/person\/20a80be1bb4e0ed82068c57facf5b237"},"headline":"Estrena 2022, el full de ruta definit per a la Fam\u00edlia Salesiana","datePublished":"2022-01-28T08:52:40+00:00","dateModified":"2022-01-28T11:48:38+00:00","mainEntityOfPage":{"@id":"https:\/\/www.salesianos.edu\/revistasmx\/ca\/estrena-2022-el-full-de-ruta-definit-per-a-la-familia-salesiana\/"},"wordCount":1812,"commentCount":0,"image":{"@id":"https:\/\/www.salesianos.edu\/revistasmx\/ca\/estrena-2022-el-full-de-ruta-definit-per-a-la-familia-salesiana\/#primaryimage"},"thumbnailUrl":"https:\/\/www.salesianos.edu\/revistasmx\/wp-content\/uploads\/sites\/8\/2022\/01\/Familia-Salesiana.jpeg","articleSection":["A FONS"],"inLanguage":"es","potentialAction":[{"@type":"CommentAction","name":"Comment","target":["https:\/\/www.salesianos.edu\/revistasmx\/ca\/estrena-2022-el-full-de-ruta-definit-per-a-la-familia-salesiana\/#respond"]}]},{"@type":"WebPage","@id":"https:\/\/www.salesianos.edu\/revistasmx\/ca\/estrena-2022-el-full-de-ruta-definit-per-a-la-familia-salesiana\/","url":"https:\/\/www.salesianos.edu\/revistasmx\/ca\/estrena-2022-el-full-de-ruta-definit-per-a-la-familia-salesiana\/","name":"Estrena 2022, el full de ruta definit per a la Fam\u00edlia Salesiana - Revista SMX","isPartOf":{"@id":"https:\/\/www.salesianos.edu\/revistasmx\/#website"},"primaryImageOfPage":{"@id":"https:\/\/www.salesianos.edu\/revistasmx\/ca\/estrena-2022-el-full-de-ruta-definit-per-a-la-familia-salesiana\/#primaryimage"},"image":{"@id":"https:\/\/www.salesianos.edu\/revistasmx\/ca\/estrena-2022-el-full-de-ruta-definit-per-a-la-familia-salesiana\/#primaryimage"},"thumbnailUrl":"https:\/\/www.salesianos.edu\/revistasmx\/wp-content\/uploads\/sites\/8\/2022\/01\/Familia-Salesiana.jpeg","datePublished":"2022-01-28T08:52:40+00:00","dateModified":"2022-01-28T11:48:38+00:00","author":{"@id":"https:\/\/www.salesianos.edu\/revistasmx\/#\/schema\/person\/20a80be1bb4e0ed82068c57facf5b237"},"breadcrumb":{"@id":"https:\/\/www.salesianos.edu\/revistasmx\/ca\/estrena-2022-el-full-de-ruta-definit-per-a-la-familia-salesiana\/#breadcrumb"},"inLanguage":"es","potentialAction":[{"@type":"ReadAction","target":["https:\/\/www.salesianos.edu\/revistasmx\/ca\/estrena-2022-el-full-de-ruta-definit-per-a-la-familia-salesiana\/"]}]},{"@type":"ImageObject","inLanguage":"es","@id":"https:\/\/www.salesianos.edu\/revistasmx\/ca\/estrena-2022-el-full-de-ruta-definit-per-a-la-familia-salesiana\/#primaryimage","url":"https:\/\/www.salesianos.edu\/revistasmx\/wp-content\/uploads\/sites\/8\/2022\/01\/Familia-Salesiana.jpeg","contentUrl":"https:\/\/www.salesianos.edu\/revistasmx\/wp-content\/uploads\/sites\/8\/2022\/01\/Familia-Salesiana.jpeg","width":1600,"height":1200},{"@type":"BreadcrumbList","@id":"https:\/\/www.salesianos.edu\/revistasmx\/ca\/estrena-2022-el-full-de-ruta-definit-per-a-la-familia-salesiana\/#breadcrumb","itemListElement":[{"@type":"ListItem","position":1,"name":"Portada","item":"http:\/\/www.salesianos.edu\/revistasmx\/"},{"@type":"ListItem","position":2,"name":"Estrena 2022, el full de ruta definit per a la Fam\u00edlia Salesiana"}]},{"@type":"WebSite","@id":"https:\/\/www.salesianos.edu\/revistasmx\/#website","url":"https:\/\/www.salesianos.edu\/revistasmx\/","name":"Revista SMX","description":"P\u00e1gina oficial de Inspector\u00eda Salesiana Mar\u00eda Auxiliadora","potentialAction":[{"@type":"SearchAction","target":{"@type":"EntryPoint","urlTemplate":"https:\/\/www.salesianos.edu\/revistasmx\/?s={search_term_string}"},"query-input":{"@type":"PropertyValueSpecification","valueRequired":true,"valueName":"search_term_string"}}],"inLanguage":"es"},{"@type":"Person","@id":"https:\/\/www.salesianos.edu\/revistasmx\/#\/schema\/person\/20a80be1bb4e0ed82068c57facf5b237","name":"martapeirat","image":{"@type":"ImageObject","inLanguage":"es","@id":"https:\/\/secure.gravatar.com\/avatar\/1139b81b40ed1dde466563679597db378e7092bbfdd7ebb264c437fedde866d7?s=96&d=mm&r=g","url":"https:\/\/secure.gravatar.com\/avatar\/1139b81b40ed1dde466563679597db378e7092bbfdd7ebb264c437fedde866d7?s=96&d=mm&r=g","contentUrl":"https:\/\/secure.gravatar.com\/avatar\/1139b81b40ed1dde466563679597db378e7092bbfdd7ebb264c437fedde866d7?s=96&d=mm&r=g","caption":"martapeirat"}}]}},"_links":{"self":[{"href":"https:\/\/www.salesianos.edu\/revistasmx\/wp-json\/wp\/v2\/posts\/18518","targetHints":{"allow":["GET"]}}],"collection":[{"href":"https:\/\/www.salesianos.edu\/revistasmx\/wp-json\/wp\/v2\/posts"}],"about":[{"href":"https:\/\/www.salesianos.edu\/revistasmx\/wp-json\/wp\/v2\/types\/post"}],"author":[{"embeddable":true,"href":"https:\/\/www.salesianos.edu\/revistasmx\/wp-json\/wp\/v2\/users\/5"}],"replies":[{"embeddable":true,"href":"https:\/\/www.salesianos.edu\/revistasmx\/wp-json\/wp\/v2\/comments?post=18518"}],"version-history":[{"count":4,"href":"https:\/\/www.salesianos.edu\/revistasmx\/wp-json\/wp\/v2\/posts\/18518\/revisions"}],"predecessor-version":[{"id":18549,"href":"https:\/\/www.salesianos.edu\/revistasmx\/wp-json\/wp\/v2\/posts\/18518\/revisions\/18549"}],"wp:featuredmedia":[{"embeddable":true,"href":"https:\/\/www.salesianos.edu\/revistasmx\/wp-json\/wp\/v2\/media\/18493"}],"wp:attachment":[{"href":"https:\/\/www.salesianos.edu\/revistasmx\/wp-json\/wp\/v2\/media?parent=18518"}],"wp:term":[{"taxonomy":"category","embeddable":true,"href":"https:\/\/www.salesianos.edu\/revistasmx\/wp-json\/wp\/v2\/categories?post=18518"},{"taxonomy":"post_tag","embeddable":true,"href":"https:\/\/www.salesianos.edu\/revistasmx\/wp-json\/wp\/v2\/tags?post=18518"}],"curies":[{"name":"wp","href":"https:\/\/api.w.org\/{rel}","templated":true}]}}