{"id":18490,"date":"2022-01-27T12:03:32","date_gmt":"2022-01-27T11:03:32","guid":{"rendered":"https:\/\/www.salesianos.edu\/revistasmx\/?p=18490"},"modified":"2022-01-28T12:23:32","modified_gmt":"2022-01-28T11:23:32","slug":"aguinaldo-2022-la-hoja-de-ruta-definida-para-la-familia-salesiana","status":"publish","type":"post","link":"https:\/\/www.salesianos.edu\/revistasmx\/aguinaldo-2022-la-hoja-de-ruta-definida-para-la-familia-salesiana\/","title":{"rendered":"Aguinaldo 2022, la hoja de ruta definida para la Familia Salesiana"},"content":{"rendered":"<div id=\"fb-root\"><\/div>\n<p>[et_pb_section fb_built=\u00bb1&#8243; _builder_version=\u00bb4.9.4&#8243; _module_preset=\u00bbdefault\u00bb global_colors_info=\u00bb{}\u00bb][et_pb_row _builder_version=\u00bb4.9.4&#8243; _module_preset=\u00bbdefault\u00bb global_colors_info=\u00bb{}\u00bb][et_pb_column type=\u00bb4_4&#8243; _builder_version=\u00bb4.9.4&#8243; _module_preset=\u00bbdefault\u00bb global_colors_info=\u00bb{}\u00bb][et_pb_text _builder_version=\u00bb4.14.5&#8243; _module_preset=\u00bbdefault\u00bb global_colors_info=\u00bb{}\u00bb]<\/p>\n<p><span style=\"font-weight: 400\">La comuni\u00f3n y la globalizaci\u00f3n de la <a href=\"https:\/\/www.salesianos.edu\/familiasalesiana\">Familia Salesiana<\/a> se hizo patente en la 40\u00aa edici\u00f3n de sus <\/span><b>Jornadas de Espiritualidad<\/b><span style=\"font-weight: 400\"> que comenzaron el 13 de enero en <\/span><b>Tur\u00edn-Valdocco<\/b><span style=\"font-weight: 400\">. En conexi\u00f3n v\u00eda web, con aproximadamente 10.000 personas conectadas durante los cuatro d\u00edas de escucha, oraci\u00f3n y di\u00e1logo que se desarrollaron en la Casa Madre. Este encuentro cont\u00f3 tambi\u00e9n con la presencia de 150 representantes de las 32 agrupaciones que conforman la mayor familia religiosa cat\u00f3lica y que se hicieron presentes en Italia.<\/span><\/p>\n<p><span style=\"font-weight: 400\">Fue Don <\/span><b>Egidio Vigan\u00f2<\/b><span style=\"font-weight: 400\">, el VII Sucesor de Don Bosco, quien instituy\u00f3 las \u00abJornadas\u00bb, que se han convertido en una cita en la que se participa con entusiasmo. Seg\u00fan <\/span><b>Alejandro Guevara, <\/b><span style=\"font-weight: 400\">Animador Espiritual Mundial de la Asociaci\u00f3n de Mar\u00eda Auxiliadora,<\/span><b> \u201c<\/b><span style=\"font-weight: 400\">las Jornadas son para todos y tenemos que crecer en este sentido de comuni\u00f3n familiar porque son una oportunidad para <\/span><b>crecer, ampliar, revitalizar<\/b><span style=\"font-weight: 400\"> nuestra identidad carism\u00e1tica\u201d.<\/span><span style=\"font-weight: 400\"><br \/><\/span><span style=\"font-weight: 400\"><br \/><\/span><span style=\"font-weight: 400\">Tras ver el v\u00eddeo que resume los temas del Aguinaldo, <\/span><b>\u00c1ngel Fern\u00e1ndez Artime<\/b><span style=\"font-weight: 400\"> insisti\u00f3 en la necesidad de meditar sobre esta verdad: \u201cDios atrae hacia s\u00ed a sus criaturas sin quitarles la libertad que les ha dado, porque el amor hace esto. El salesiano se propone suscitar entusiasmo por Dios, pero lo hace siempre con cuidado y pleno respeto por la persona que encuentra\u201d. Con esta premisa podemos interpretar f\u00e1cilmente el lema de San Francisco de Sales, que se ha convertido en el lema del <\/span><b>Aguinaldo 2022<\/b><span style=\"font-weight: 400\">: \u201cHaced todo por amor, nada por fuerza\u201d. El Rector Mayor, amable pero diligentemente, a\u00f1adi\u00f3 una aclaraci\u00f3n cuando dijo: <\/span><b>\u00abEsta libertad no significa que &#8216;hago lo que quiero&#8217;, sino que es el descubrimiento de una gozosa responsabilidad\u00bb<\/b><span style=\"font-weight: 400\">.<\/span><span style=\"font-weight: 400\"><br \/><\/span><span style=\"font-weight: 400\"><br \/><\/span><span style=\"font-weight: 400\">Ivo<\/span><b> Coelho<\/b><span style=\"font-weight: 400\">, Consejero General para la Formaci\u00f3n, en la apertura del encuentro subray\u00f3 la conexi\u00f3n entre el \u201credescubrimiento\u201d de <\/span><b>Don Paolo Albera<\/b><span style=\"font-weight: 400\"> (cuyo centenario de su muerte fue en 2021) y el de San Francisco de Sales. Aqu\u00ed encontramos la conexi\u00f3n directa con <\/span><b>San Francisco de Sales<\/b><span style=\"font-weight: 400\">, hombre de cultura y capaz de acercarse a todos. \u201c<\/span><b>Es la bondad lo que nos distingue<\/b><span style=\"font-weight: 400\"> \u2013coment\u00f3 el <\/span><b>Rector Mayor<\/b><span style=\"font-weight: 400\"> en su reflexi\u00f3n sobre la figura del santo que Don Bosco propuso a sus muchachos como patr\u00f3n de la aventura que iniciaron-. S\u00f3lo en la libertad podemos acercarnos a Dios\u201d.<\/span><span style=\"font-weight: 400\"><br \/><\/span><span style=\"font-weight: 400\"><br \/><\/span><b>Un recorrido por los espacios que acogieron la semilla de la Familia Salesiana<\/b><b><br \/><\/b><b><br \/><\/b><span style=\"font-weight: 400\">Como se\u00f1ala <\/span><b>Alejandro Guevara, <\/b><span style=\"font-weight: 400\">estos d\u00edas de encuentro son especialmente remarcables para las personas que los viven de forma presencial. \u201cEl segundo d\u00eda pudieron recorrer los espacios que acogieron la semilla del gran \u00e1rbol que hoy es la Familia Salesiana: los lugares de juego y los de estudio y formaci\u00f3n profesional; y los espacios dedicados a la espiritualidad sencilla y profunda que, junto a Mam\u00e1 Margarita, Don Bosco hac\u00eda encontrar bajo un techo o en el interior del templo: el primero dedicado a San Francisco de Sales\u201d, explica. <\/span><span style=\"font-weight: 400\"><br \/><\/span><span style=\"font-weight: 400\"><br \/><\/span><b>Diego Arag\u00f3n, <\/b><b>presidente nacional de los Antiguos Alumnos <\/b><span style=\"font-weight: 400\">comparte que <\/span><span style=\"font-weight: 400\">t<\/span><span style=\"font-weight: 400\">uvo la oportunidad de participar en las \u00faltimas jornadas presenciales. \u201cDesde ese momento experimento la importancia que tiene participar en este evento\u201d, a\u00f1ade. \u00abDe las Jornadas cada a\u00f1o esperamos ser capaces de intuir qu\u00e9 nos pide la Congregaci\u00f3n a aquellos que, de una manera u otra, nos dedicamos a animar alg\u00fan sector de la familia salesiana\u201d.<\/span><span style=\"font-weight: 400\"><br \/><\/span><span style=\"font-weight: 400\"><br \/><\/span><span style=\"font-weight: 400\">Durante la jornada del 14 de enero la inmersi\u00f3n hasta las ra\u00edces se complet\u00f3 en el encuentro con la figura de san Francisco de Sales y en la celebraci\u00f3n eucar\u00edstica que le fue dedicada. <\/span><b>Stefano Martoglio<\/b><span style=\"font-weight: 400\">, Vicario del Rector Mayor, destac\u00f3 en su homil\u00eda la escuela de dulzura que emana del conocimiento del santo obispo y de la confianza hacia \u00e9l. \u201cLa verdadera enfermedad es el pecado -subray\u00f3 don Martoglio- y Jes\u00fas vino a aliviarnos.\u00a0 Por lo tanto, con el Santo que inspir\u00f3 a Don Bosco, encontraremos que Dios est\u00e1 presente en cada momento de la vida, y que s\u00f3lo \u00c9l sustenta nuestra humanidad\u201d.<\/span><span style=\"font-weight: 400\"><br \/><\/span><span style=\"font-weight: 400\"><br \/><\/span><span style=\"font-weight: 400\">Los ponentes de la tarde del viernes supieron hacer con sencillez que se encontrara a este doctor de la Iglesia, generador de la experiencia de Don Bosco. <\/span><b>Michele Molinar <\/b><span style=\"font-weight: 400\">present\u00f3 una \u201cmesa redonda, a cuatro voces para observar una personalidad tan amplia desde diferentes puntos de vista\u201d.<\/span><\/p>\n<p><b>Unas jornadas mixtas para seguir haciendo camino juntos<\/b><\/p>\n<p><b> <\/b><span style=\"font-weight: 400\">\u201cEl a\u00f1o pasado, 2021, por primera vez en la historia de la FS, todos los que quisieron y pudieron se hicieron presentes en la jornada. A nivel mundial hubo momentos cuyo nivel de participaci\u00f3n rozaba el pico de los ocho mil\u00a0 e incluso m\u00e1s personas que estaban enganchadas al ordenador o similar\u201d, afirma <\/span><b>J\u00f3sean Hern\u00e1ndez<\/b><span style=\"font-weight: 400\">, encargado de la Familia Salesiana en la Inspector\u00eda Santiago el Mayor y acompa\u00f1ante de la experiencia on line para los participantes de Espa\u00f1a.<\/span><span style=\"font-weight: 400\"><br \/><\/span><span style=\"font-weight: 400\"><br \/><\/span><span style=\"font-weight: 400\">El 15 de enero, <\/span><b>Joan Llu\u00eds Play\u00e0<\/b><span style=\"font-weight: 400\">, <\/span><b>Delegado Central del Rector Mayor<\/b><span style=\"font-weight: 400\"> para el Secretariado de la Familia Salesiana, en su homil\u00eda sobre la polaridad amor-desamor, se\u00f1alaba que \u201cel amor es la fuerza transformadora m\u00e1s poderosa del interior\u201d, record\u00f3, \u201cy a trav\u00e9s de las personas esta fuerza tambi\u00e9n es capaz de intervenir en la realidad exterior: genera un cambio que dura para siempre. \u00a1Qu\u00e9 agradecidos debemos estar hacia todos aquellos que, como <\/span><b>Francisco de Sales<\/b><span style=\"font-weight: 400\"> y <\/span><b>Don Bosco<\/b><span style=\"font-weight: 400\">, nos ayudaron a descubrir y vivir el Amor de los amores!\u201d.<\/span><\/p>\n<p><b>Una Familia Salesiana fortalecida y cada vez m\u00e1s rejuvenecida<\/b><\/p>\n<p><b>Josean Hern\u00e1ndez <\/b><span style=\"font-weight: 400\">explica que la Familia Salesiana en Espa\u00f1a <\/span><b>se encuentra en un buen momento <\/b><span style=\"font-weight: 400\">tras haber realizado un interesante camino, especialmente en este siglo XXI. Es verdad que en algunos Grupos se nota mucho el envejecimiento en sus miembros, pero, al mismo tiempo <\/span><b>se nota un rejuvenecimiento en las ganas de seguir haciendo camino y hacerlo juntos<\/b><span style=\"font-weight: 400\">.<\/span><\/p>\n<p><span style=\"font-weight: 400\">Seg\u00fan <\/span><b>Luis Fernando \u00c1lvarez<\/b><span style=\"font-weight: 400\">,<\/span><b> delegado de Familia Salesiana para la Inspector\u00eda Mar\u00eda Auxiliadora (SMX)<\/b><span style=\"font-weight: 400\">, la Familia Salesiana de Espa\u00f1a est\u00e1 fuerte porque tiene muy clara su identidad y esto es una fortaleza. \u201cSo\u00f1ar y trabajar unidos es una garant\u00eda segura. Potenciar la responsabilidad de los seglares en la primera l\u00ednea de la evangelizaci\u00f3n indica una fe comprobada. Caminar todos juntos en una Iglesia sinodal de todos nos hace a todos fuertes con la poderosa fuerza del Resucitado\u201d a\u00f1ade.\u00a0<\/span><\/p>\n<p><b>La espiritualidad de la Familia Salesiana cuidada d\u00eda a d\u00eda<\/b><\/p>\n<p><span style=\"font-weight: 400\">La \u00faltima sesi\u00f3n de las Jornadas, el 16 de enero, fue el momento m\u00e1s ferviente en el que se mostr\u00f3 la s\u00edntesis del trabajo de los grupos regionales y se propusieron \u201cintenciones\u201d para el a\u00f1o que se abre que ser\u00e1n aterrizadas localmente en cada grupo y presencia salesiana.<\/span><\/p>\n<p><b>Jos\u00e9 Luis Navarro, delegado inspectorial SMX de Animaci\u00f3n Vocacional <\/b><span style=\"font-weight: 400\">explica que para el cuidado de la espiritualidad de la Familia Salesiana en el d\u00eda a d\u00eda es importante tener en cuenta dos elementos: el cuidado personal y el cuidado de los hermanos. \u201cLa iglesia y la espiritualidad salesiana no se pueden vivir a solas, necesitamos de la comunidad que es lugar, signo y escuela de espiritualidad\u201d, explica. \u201cPor eso se potencia cualquier elemento de encuentro como retiros, momentos formativos, celebraciones. Pero es importante fomentar los Consejos Locales de cada una de las casas salesianas y los consejos de cada uno de los grupos, como elementos dinamizadores de comuni\u00f3n\u201d.\u00a0<\/span><\/p>\n<p><span style=\"font-weight: 400\">Esta cita es un reencuentro familiar para <\/span><b>Juan Jos\u00e9 Bartolom\u00e9, delegado inspectorial de Formaci\u00f3n y Comunidad <\/b><span style=\"font-weight: 400\">de<\/span> <span style=\"font-weight: 400\">Santiago el Mayor. \u201cSin menospreciar el tema que anualmente nos re\u00fane y que este a\u00f1o toca el &#8216;coraz\u00f3n&#8217; mismo de nuestro com\u00fan carisma, solo el hecho de encontrarnos supone un acontecimiento: nos hermana el Dios que concedi\u00f3 a su Iglesia en la persona y obra de nuestro padre Don Bosco; crecemos en hermandad todos los grupos de la Familia Salesiana y as\u00ed, juntos, fortalecemos nuestra entrega a los j\u00f3venes y en ellos, y por ellos, a Dios\u201d, comparte.<\/span><\/p>\n<p><span style=\"font-weight: 400\">Tras las conclusiones de la Jornada de la Familia Salesiana, se puede extraer una invitaci\u00f3n a fortalecer el carisma compartido por todos los grupos. \u201c<\/span><b>El carisma salesiano no es exclusivamente de los salesianos de Don Bosco<\/b><span style=\"font-weight: 400\">, sino que es un don que ha dado Dios a la iglesia y que compartimos todos y cada uno de nosotros\u201d, explica Jos\u00e9 Luis Navarro y a\u00f1ade, \u201cpor tanto a nivel pr\u00e1ctico lo primero es generar una mentalidad de carisma y de misi\u00f3n compartidos, profundizando las ra\u00edces propias de nuestro carisma, en este caso coincidiendo con el Aguinaldo, el lema del Rector Mayor, que nos invita a vivir nuestra espiritualidad de una manera muy concreta. Nuestra educaci\u00f3n y evangelizaci\u00f3n de cara a los j\u00f3venes ha de vivirse concretamente como nos ense\u00f1a Don Bosco siguiendo esa imagen de San Francisco. La invitaci\u00f3n a nivel local parte de un conocimiento de la propia espiritualidad para conoci\u00e9ndola y am\u00e1ndola poder darle vida\u201d, concluye Jos\u00e9 Luis Navarro.<\/span><\/p>\n<p><span style=\"font-weight: 400\">Las Jornadas de Espiritualidad han llenado de sentido el lema asignado al <\/span><b>Aguinaldo del Rector Mayor:<\/b><span style=\"font-weight: 400\"> \u00abHaced todo por amor, nada a la fuerza\u00bb.\u00a0<\/span><\/p>\n<p>[\/et_pb_text][\/et_pb_column][\/et_pb_row][et_pb_row _builder_version=\u00bb4.9.4&#8243; _module_preset=\u00bbdefault\u00bb global_colors_info=\u00bb{}\u00bb][et_pb_column type=\u00bb4_4&#8243; _builder_version=\u00bb4.9.4&#8243; _module_preset=\u00bbdefault\u00bb global_colors_info=\u00bb{}\u00bb][et_pb_gallery gallery_ids=\u00bb18493,18494,18495,18496,18497,18498,18499&#8243; show_title_and_caption=\u00bboff\u00bb _builder_version=\u00bb4.14.5&#8243; custom_margin=\u00bb||-19px|||\u00bb border_radii=\u00bbon|20px|20px|20px|20px\u00bb border_width_all=\u00bb3px\u00bb border_color_all=\u00bb#dc001b\u00bb global_colors_info=\u00bb{}\u00bb][\/et_pb_gallery][et_pb_button button_url=\u00bbhttps:\/\/www.flickr.com\/photos\/infoans\/albums\/72177720295937137&#8243; url_new_window=\u00bbon\u00bb button_text=\u00bbGALER\u00cdA DE FOTOS\u00bb button_alignment=\u00bbcenter\u00bb _builder_version=\u00bb4.14.5&#8243; _module_preset=\u00bbdefault\u00bb custom_button=\u00bbon\u00bb button_text_size=\u00bb14px\u00bb button_text_color=\u00bb#ffffff\u00bb button_bg_color=\u00bb#dc001b\u00bb button_border_color=\u00bb#dc001b\u00bb button_border_radius=\u00bb18px\u00bb button_icon=\u00bb&#xe04e;||divi||400&#8243; button_icon_color=\u00bb#ffffff\u00bb global_colors_info=\u00bb{}\u00bb][\/et_pb_button][\/et_pb_column][\/et_pb_row][\/et_pb_section]<\/p>\n","protected":false},"excerpt":{"rendered":"<p>Las Jornadas de Espiritualidad celebradas desde Tur\u00edn a nivel mundial marcaron las ra\u00edces de una santidad visible y rejuvenecida con el modelo de San Francisco de Sales.<\/p>\n","protected":false},"author":5,"featured_media":18493,"comment_status":"open","ping_status":"closed","sticky":false,"template":"","format":"standard","meta":{"_et_pb_use_builder":"on","_et_pb_old_content":"","_et_gb_content_width":"","footnotes":""},"categories":[34],"tags":[],"class_list":["post-18490","post","type-post","status-publish","format-standard","has-post-thumbnail","hentry","category-a-fondo"],"yoast_head":"<!-- This site is optimized with the Yoast SEO plugin v27.5 - https:\/\/yoast.com\/product\/yoast-seo-wordpress\/ -->\n<title>Aguinaldo 2022, la hoja de ruta definida para la Familia Salesiana - Revista SMX<\/title>\n<meta name=\"robots\" content=\"index, follow, max-snippet:-1, max-image-preview:large, max-video-preview:-1\" \/>\n<link rel=\"canonical\" href=\"https:\/\/www.salesianos.edu\/revistasmx\/aguinaldo-2022-la-hoja-de-ruta-definida-para-la-familia-salesiana\/\" \/>\n<meta property=\"og:locale\" content=\"es_ES\" \/>\n<meta property=\"og:type\" content=\"article\" \/>\n<meta property=\"og:title\" content=\"Aguinaldo 2022, la hoja de ruta definida para la Familia Salesiana - Revista SMX\" \/>\n<meta property=\"og:description\" content=\"Las Jornadas de Espiritualidad celebradas desde Tur\u00edn a nivel mundial marcaron las ra\u00edces de una santidad visible y rejuvenecida con el modelo de San Francisco de Sales.\" \/>\n<meta property=\"og:url\" content=\"https:\/\/www.salesianos.edu\/revistasmx\/aguinaldo-2022-la-hoja-de-ruta-definida-para-la-familia-salesiana\/\" \/>\n<meta property=\"og:site_name\" content=\"Revista SMX\" \/>\n<meta property=\"article:published_time\" content=\"2022-01-27T11:03:32+00:00\" \/>\n<meta property=\"article:modified_time\" content=\"2022-01-28T11:23:32+00:00\" \/>\n<meta property=\"og:image\" content=\"https:\/\/www.salesianos.edu\/revistasmx\/wp-content\/uploads\/sites\/8\/2022\/01\/Familia-Salesiana.jpeg\" \/>\n\t<meta property=\"og:image:width\" content=\"1600\" \/>\n\t<meta property=\"og:image:height\" content=\"1200\" \/>\n\t<meta property=\"og:image:type\" content=\"image\/jpeg\" \/>\n<meta name=\"author\" content=\"martapeirat\" \/>\n<meta name=\"twitter:card\" content=\"summary_large_image\" \/>\n<meta name=\"twitter:label1\" content=\"Escrito por\" \/>\n\t<meta name=\"twitter:data1\" content=\"martapeirat\" \/>\n\t<meta name=\"twitter:label2\" content=\"Tiempo de lectura\" \/>\n\t<meta name=\"twitter:data2\" content=\"9 minutos\" \/>\n<script type=\"application\/ld+json\" class=\"yoast-schema-graph\">{\"@context\":\"https:\\\/\\\/schema.org\",\"@graph\":[{\"@type\":\"Article\",\"@id\":\"https:\\\/\\\/www.salesianos.edu\\\/revistasmx\\\/aguinaldo-2022-la-hoja-de-ruta-definida-para-la-familia-salesiana\\\/#article\",\"isPartOf\":{\"@id\":\"https:\\\/\\\/www.salesianos.edu\\\/revistasmx\\\/aguinaldo-2022-la-hoja-de-ruta-definida-para-la-familia-salesiana\\\/\"},\"author\":{\"name\":\"martapeirat\",\"@id\":\"https:\\\/\\\/www.salesianos.edu\\\/revistasmx\\\/#\\\/schema\\\/person\\\/20a80be1bb4e0ed82068c57facf5b237\"},\"headline\":\"Aguinaldo 2022, la hoja de ruta definida para la Familia Salesiana\",\"datePublished\":\"2022-01-27T11:03:32+00:00\",\"dateModified\":\"2022-01-28T11:23:32+00:00\",\"mainEntityOfPage\":{\"@id\":\"https:\\\/\\\/www.salesianos.edu\\\/revistasmx\\\/aguinaldo-2022-la-hoja-de-ruta-definida-para-la-familia-salesiana\\\/\"},\"wordCount\":1745,\"commentCount\":0,\"image\":{\"@id\":\"https:\\\/\\\/www.salesianos.edu\\\/revistasmx\\\/aguinaldo-2022-la-hoja-de-ruta-definida-para-la-familia-salesiana\\\/#primaryimage\"},\"thumbnailUrl\":\"https:\\\/\\\/www.salesianos.edu\\\/revistasmx\\\/wp-content\\\/uploads\\\/sites\\\/8\\\/2022\\\/01\\\/Familia-Salesiana.jpeg\",\"articleSection\":[\"A FONDO\"],\"inLanguage\":\"es\",\"potentialAction\":[{\"@type\":\"CommentAction\",\"name\":\"Comment\",\"target\":[\"https:\\\/\\\/www.salesianos.edu\\\/revistasmx\\\/aguinaldo-2022-la-hoja-de-ruta-definida-para-la-familia-salesiana\\\/#respond\"]}]},{\"@type\":\"WebPage\",\"@id\":\"https:\\\/\\\/www.salesianos.edu\\\/revistasmx\\\/aguinaldo-2022-la-hoja-de-ruta-definida-para-la-familia-salesiana\\\/\",\"url\":\"https:\\\/\\\/www.salesianos.edu\\\/revistasmx\\\/aguinaldo-2022-la-hoja-de-ruta-definida-para-la-familia-salesiana\\\/\",\"name\":\"Aguinaldo 2022, la hoja de ruta definida para la Familia Salesiana - Revista SMX\",\"isPartOf\":{\"@id\":\"https:\\\/\\\/www.salesianos.edu\\\/revistasmx\\\/#website\"},\"primaryImageOfPage\":{\"@id\":\"https:\\\/\\\/www.salesianos.edu\\\/revistasmx\\\/aguinaldo-2022-la-hoja-de-ruta-definida-para-la-familia-salesiana\\\/#primaryimage\"},\"image\":{\"@id\":\"https:\\\/\\\/www.salesianos.edu\\\/revistasmx\\\/aguinaldo-2022-la-hoja-de-ruta-definida-para-la-familia-salesiana\\\/#primaryimage\"},\"thumbnailUrl\":\"https:\\\/\\\/www.salesianos.edu\\\/revistasmx\\\/wp-content\\\/uploads\\\/sites\\\/8\\\/2022\\\/01\\\/Familia-Salesiana.jpeg\",\"datePublished\":\"2022-01-27T11:03:32+00:00\",\"dateModified\":\"2022-01-28T11:23:32+00:00\",\"author\":{\"@id\":\"https:\\\/\\\/www.salesianos.edu\\\/revistasmx\\\/#\\\/schema\\\/person\\\/20a80be1bb4e0ed82068c57facf5b237\"},\"breadcrumb\":{\"@id\":\"https:\\\/\\\/www.salesianos.edu\\\/revistasmx\\\/aguinaldo-2022-la-hoja-de-ruta-definida-para-la-familia-salesiana\\\/#breadcrumb\"},\"inLanguage\":\"es\",\"potentialAction\":[{\"@type\":\"ReadAction\",\"target\":[\"https:\\\/\\\/www.salesianos.edu\\\/revistasmx\\\/aguinaldo-2022-la-hoja-de-ruta-definida-para-la-familia-salesiana\\\/\"]}]},{\"@type\":\"ImageObject\",\"inLanguage\":\"es\",\"@id\":\"https:\\\/\\\/www.salesianos.edu\\\/revistasmx\\\/aguinaldo-2022-la-hoja-de-ruta-definida-para-la-familia-salesiana\\\/#primaryimage\",\"url\":\"https:\\\/\\\/www.salesianos.edu\\\/revistasmx\\\/wp-content\\\/uploads\\\/sites\\\/8\\\/2022\\\/01\\\/Familia-Salesiana.jpeg\",\"contentUrl\":\"https:\\\/\\\/www.salesianos.edu\\\/revistasmx\\\/wp-content\\\/uploads\\\/sites\\\/8\\\/2022\\\/01\\\/Familia-Salesiana.jpeg\",\"width\":1600,\"height\":1200},{\"@type\":\"BreadcrumbList\",\"@id\":\"https:\\\/\\\/www.salesianos.edu\\\/revistasmx\\\/aguinaldo-2022-la-hoja-de-ruta-definida-para-la-familia-salesiana\\\/#breadcrumb\",\"itemListElement\":[{\"@type\":\"ListItem\",\"position\":1,\"name\":\"Portada\",\"item\":\"http:\\\/\\\/www.salesianos.edu\\\/revistasmx\\\/\"},{\"@type\":\"ListItem\",\"position\":2,\"name\":\"Aguinaldo 2022, la hoja de ruta definida para la Familia Salesiana\"}]},{\"@type\":\"WebSite\",\"@id\":\"https:\\\/\\\/www.salesianos.edu\\\/revistasmx\\\/#website\",\"url\":\"https:\\\/\\\/www.salesianos.edu\\\/revistasmx\\\/\",\"name\":\"Revista SMX\",\"description\":\"P\u00e1gina oficial de Inspector\u00eda Salesiana Mar\u00eda Auxiliadora\",\"potentialAction\":[{\"@type\":\"SearchAction\",\"target\":{\"@type\":\"EntryPoint\",\"urlTemplate\":\"https:\\\/\\\/www.salesianos.edu\\\/revistasmx\\\/?s={search_term_string}\"},\"query-input\":{\"@type\":\"PropertyValueSpecification\",\"valueRequired\":true,\"valueName\":\"search_term_string\"}}],\"inLanguage\":\"es\"},{\"@type\":\"Person\",\"@id\":\"https:\\\/\\\/www.salesianos.edu\\\/revistasmx\\\/#\\\/schema\\\/person\\\/20a80be1bb4e0ed82068c57facf5b237\",\"name\":\"martapeirat\",\"image\":{\"@type\":\"ImageObject\",\"inLanguage\":\"es\",\"@id\":\"https:\\\/\\\/secure.gravatar.com\\\/avatar\\\/1139b81b40ed1dde466563679597db378e7092bbfdd7ebb264c437fedde866d7?s=96&d=mm&r=g\",\"url\":\"https:\\\/\\\/secure.gravatar.com\\\/avatar\\\/1139b81b40ed1dde466563679597db378e7092bbfdd7ebb264c437fedde866d7?s=96&d=mm&r=g\",\"contentUrl\":\"https:\\\/\\\/secure.gravatar.com\\\/avatar\\\/1139b81b40ed1dde466563679597db378e7092bbfdd7ebb264c437fedde866d7?s=96&d=mm&r=g\",\"caption\":\"martapeirat\"}}]}<\/script>\n<!-- \/ Yoast SEO plugin. -->","yoast_head_json":{"title":"Aguinaldo 2022, la hoja de ruta definida para la Familia Salesiana - Revista SMX","robots":{"index":"index","follow":"follow","max-snippet":"max-snippet:-1","max-image-preview":"max-image-preview:large","max-video-preview":"max-video-preview:-1"},"canonical":"https:\/\/www.salesianos.edu\/revistasmx\/aguinaldo-2022-la-hoja-de-ruta-definida-para-la-familia-salesiana\/","og_locale":"es_ES","og_type":"article","og_title":"Aguinaldo 2022, la hoja de ruta definida para la Familia Salesiana - Revista SMX","og_description":"Las Jornadas de Espiritualidad celebradas desde Tur\u00edn a nivel mundial marcaron las ra\u00edces de una santidad visible y rejuvenecida con el modelo de San Francisco de Sales.","og_url":"https:\/\/www.salesianos.edu\/revistasmx\/aguinaldo-2022-la-hoja-de-ruta-definida-para-la-familia-salesiana\/","og_site_name":"Revista SMX","article_published_time":"2022-01-27T11:03:32+00:00","article_modified_time":"2022-01-28T11:23:32+00:00","og_image":[{"width":1600,"height":1200,"url":"https:\/\/www.salesianos.edu\/revistasmx\/wp-content\/uploads\/sites\/8\/2022\/01\/Familia-Salesiana.jpeg","type":"image\/jpeg"}],"author":"martapeirat","twitter_card":"summary_large_image","twitter_misc":{"Escrito por":"martapeirat","Tiempo de lectura":"9 minutos"},"schema":{"@context":"https:\/\/schema.org","@graph":[{"@type":"Article","@id":"https:\/\/www.salesianos.edu\/revistasmx\/aguinaldo-2022-la-hoja-de-ruta-definida-para-la-familia-salesiana\/#article","isPartOf":{"@id":"https:\/\/www.salesianos.edu\/revistasmx\/aguinaldo-2022-la-hoja-de-ruta-definida-para-la-familia-salesiana\/"},"author":{"name":"martapeirat","@id":"https:\/\/www.salesianos.edu\/revistasmx\/#\/schema\/person\/20a80be1bb4e0ed82068c57facf5b237"},"headline":"Aguinaldo 2022, la hoja de ruta definida para la Familia Salesiana","datePublished":"2022-01-27T11:03:32+00:00","dateModified":"2022-01-28T11:23:32+00:00","mainEntityOfPage":{"@id":"https:\/\/www.salesianos.edu\/revistasmx\/aguinaldo-2022-la-hoja-de-ruta-definida-para-la-familia-salesiana\/"},"wordCount":1745,"commentCount":0,"image":{"@id":"https:\/\/www.salesianos.edu\/revistasmx\/aguinaldo-2022-la-hoja-de-ruta-definida-para-la-familia-salesiana\/#primaryimage"},"thumbnailUrl":"https:\/\/www.salesianos.edu\/revistasmx\/wp-content\/uploads\/sites\/8\/2022\/01\/Familia-Salesiana.jpeg","articleSection":["A FONDO"],"inLanguage":"es","potentialAction":[{"@type":"CommentAction","name":"Comment","target":["https:\/\/www.salesianos.edu\/revistasmx\/aguinaldo-2022-la-hoja-de-ruta-definida-para-la-familia-salesiana\/#respond"]}]},{"@type":"WebPage","@id":"https:\/\/www.salesianos.edu\/revistasmx\/aguinaldo-2022-la-hoja-de-ruta-definida-para-la-familia-salesiana\/","url":"https:\/\/www.salesianos.edu\/revistasmx\/aguinaldo-2022-la-hoja-de-ruta-definida-para-la-familia-salesiana\/","name":"Aguinaldo 2022, la hoja de ruta definida para la Familia Salesiana - Revista SMX","isPartOf":{"@id":"https:\/\/www.salesianos.edu\/revistasmx\/#website"},"primaryImageOfPage":{"@id":"https:\/\/www.salesianos.edu\/revistasmx\/aguinaldo-2022-la-hoja-de-ruta-definida-para-la-familia-salesiana\/#primaryimage"},"image":{"@id":"https:\/\/www.salesianos.edu\/revistasmx\/aguinaldo-2022-la-hoja-de-ruta-definida-para-la-familia-salesiana\/#primaryimage"},"thumbnailUrl":"https:\/\/www.salesianos.edu\/revistasmx\/wp-content\/uploads\/sites\/8\/2022\/01\/Familia-Salesiana.jpeg","datePublished":"2022-01-27T11:03:32+00:00","dateModified":"2022-01-28T11:23:32+00:00","author":{"@id":"https:\/\/www.salesianos.edu\/revistasmx\/#\/schema\/person\/20a80be1bb4e0ed82068c57facf5b237"},"breadcrumb":{"@id":"https:\/\/www.salesianos.edu\/revistasmx\/aguinaldo-2022-la-hoja-de-ruta-definida-para-la-familia-salesiana\/#breadcrumb"},"inLanguage":"es","potentialAction":[{"@type":"ReadAction","target":["https:\/\/www.salesianos.edu\/revistasmx\/aguinaldo-2022-la-hoja-de-ruta-definida-para-la-familia-salesiana\/"]}]},{"@type":"ImageObject","inLanguage":"es","@id":"https:\/\/www.salesianos.edu\/revistasmx\/aguinaldo-2022-la-hoja-de-ruta-definida-para-la-familia-salesiana\/#primaryimage","url":"https:\/\/www.salesianos.edu\/revistasmx\/wp-content\/uploads\/sites\/8\/2022\/01\/Familia-Salesiana.jpeg","contentUrl":"https:\/\/www.salesianos.edu\/revistasmx\/wp-content\/uploads\/sites\/8\/2022\/01\/Familia-Salesiana.jpeg","width":1600,"height":1200},{"@type":"BreadcrumbList","@id":"https:\/\/www.salesianos.edu\/revistasmx\/aguinaldo-2022-la-hoja-de-ruta-definida-para-la-familia-salesiana\/#breadcrumb","itemListElement":[{"@type":"ListItem","position":1,"name":"Portada","item":"http:\/\/www.salesianos.edu\/revistasmx\/"},{"@type":"ListItem","position":2,"name":"Aguinaldo 2022, la hoja de ruta definida para la Familia Salesiana"}]},{"@type":"WebSite","@id":"https:\/\/www.salesianos.edu\/revistasmx\/#website","url":"https:\/\/www.salesianos.edu\/revistasmx\/","name":"Revista SMX","description":"P\u00e1gina oficial de Inspector\u00eda Salesiana Mar\u00eda Auxiliadora","potentialAction":[{"@type":"SearchAction","target":{"@type":"EntryPoint","urlTemplate":"https:\/\/www.salesianos.edu\/revistasmx\/?s={search_term_string}"},"query-input":{"@type":"PropertyValueSpecification","valueRequired":true,"valueName":"search_term_string"}}],"inLanguage":"es"},{"@type":"Person","@id":"https:\/\/www.salesianos.edu\/revistasmx\/#\/schema\/person\/20a80be1bb4e0ed82068c57facf5b237","name":"martapeirat","image":{"@type":"ImageObject","inLanguage":"es","@id":"https:\/\/secure.gravatar.com\/avatar\/1139b81b40ed1dde466563679597db378e7092bbfdd7ebb264c437fedde866d7?s=96&d=mm&r=g","url":"https:\/\/secure.gravatar.com\/avatar\/1139b81b40ed1dde466563679597db378e7092bbfdd7ebb264c437fedde866d7?s=96&d=mm&r=g","contentUrl":"https:\/\/secure.gravatar.com\/avatar\/1139b81b40ed1dde466563679597db378e7092bbfdd7ebb264c437fedde866d7?s=96&d=mm&r=g","caption":"martapeirat"}}]}},"_links":{"self":[{"href":"https:\/\/www.salesianos.edu\/revistasmx\/wp-json\/wp\/v2\/posts\/18490","targetHints":{"allow":["GET"]}}],"collection":[{"href":"https:\/\/www.salesianos.edu\/revistasmx\/wp-json\/wp\/v2\/posts"}],"about":[{"href":"https:\/\/www.salesianos.edu\/revistasmx\/wp-json\/wp\/v2\/types\/post"}],"author":[{"embeddable":true,"href":"https:\/\/www.salesianos.edu\/revistasmx\/wp-json\/wp\/v2\/users\/5"}],"replies":[{"embeddable":true,"href":"https:\/\/www.salesianos.edu\/revistasmx\/wp-json\/wp\/v2\/comments?post=18490"}],"version-history":[{"count":4,"href":"https:\/\/www.salesianos.edu\/revistasmx\/wp-json\/wp\/v2\/posts\/18490\/revisions"}],"predecessor-version":[{"id":18547,"href":"https:\/\/www.salesianos.edu\/revistasmx\/wp-json\/wp\/v2\/posts\/18490\/revisions\/18547"}],"wp:featuredmedia":[{"embeddable":true,"href":"https:\/\/www.salesianos.edu\/revistasmx\/wp-json\/wp\/v2\/media\/18493"}],"wp:attachment":[{"href":"https:\/\/www.salesianos.edu\/revistasmx\/wp-json\/wp\/v2\/media?parent=18490"}],"wp:term":[{"taxonomy":"category","embeddable":true,"href":"https:\/\/www.salesianos.edu\/revistasmx\/wp-json\/wp\/v2\/categories?post=18490"},{"taxonomy":"post_tag","embeddable":true,"href":"https:\/\/www.salesianos.edu\/revistasmx\/wp-json\/wp\/v2\/tags?post=18490"}],"curies":[{"name":"wp","href":"https:\/\/api.w.org\/{rel}","templated":true}]}}