{"id":16791,"date":"2021-02-27T14:30:24","date_gmt":"2021-02-27T13:30:24","guid":{"rendered":"http:\/\/www.salesianos.edu\/revistasmx\/?p=16791"},"modified":"2021-03-02T19:30:32","modified_gmt":"2021-03-02T18:30:32","slug":"en-confianza-patricia-arendibia-catequista-de-la-parroquia-santa-catalina-y-presidenta-del-cj-confeti-en-salesianos-las-palmas","status":"publish","type":"post","link":"https:\/\/www.salesianos.edu\/revistasmx\/en-confianza-patricia-arendibia-catequista-de-la-parroquia-santa-catalina-y-presidenta-del-cj-confeti-en-salesianos-las-palmas\/","title":{"rendered":"En confianza: Patricia Arencibia, catequista de la Parroquia Santa Catalina de Las Palmas."},"content":{"rendered":"<div id=\"fb-root\"><\/div>\n<p>[et_pb_section fb_built=\u00bb1&#8243; _builder_version=\u00bb4.9.0&#8243; _module_preset=\u00bbdefault\u00bb][et_pb_row _builder_version=\u00bb4.9.0&#8243; _module_preset=\u00bbdefault\u00bb][et_pb_column type=\u00bb4_4&#8243; _builder_version=\u00bb4.9.0&#8243; _module_preset=\u00bbdefault\u00bb][et_pb_text _builder_version=\u00bb4.9.0&#8243; _module_preset=\u00bbdefault\u00bb]<\/p>\n<p><span style=\"font-weight: 400\">Pertenezco a esta casa la cual cuenta con una gran parroquia, la de Santa Catalina de Alejandr\u00eda y que es para mi el punto de uni\u00f3n entre los diferentes \u00e1mbitos de la casa, y muchos de ellos colaboran con el barrio.<\/span><\/p>\n<p><span style=\"font-weight: 400\">por ejemplo C\u00e1ritas donde un domingo al mes la colecta va dirigida para ellos. Tambi\u00e9n el centro juvenil al que yo pertenezco, que colabora con ni\u00f1os del barrio y j\u00f3venes del colegio, y otros ambientes como ADMA o los salesianos de la casa.<\/span><\/p>\n<p><span style=\"font-weight: 400\">cada domingo aprovechamos para reunirnos, vernos las caras y tambi\u00e9n compartir algo muy importante como es la eucarist\u00eda.\u00a0<\/span><\/p>\n<p><span style=\"font-weight: 400\">Adem\u00e1s, los j\u00f3venes tenemos un protagonismo especial y somos punto clave en la parroquia porque participamos y colaboramos por ejemplo animando las eucarist\u00edas de los domingos, realizando otras celebraciones o colaborando con C\u00e1ritas.\u00a0<\/span><\/p>\n<p><span style=\"font-weight: 400\">La parroquia es un lugar donde entramos y salimos como en nuestra casa, venimos a ensayar, a practicar cantos, arreglamos la iglesia a nuestro gusto. Sentimos la parroquia como nuestra casa y la gente que viene est\u00e1 acostumbrada a verla llena de j\u00f3venes y creo que esto es algo bueno.<\/span><\/p>\n<p>[\/et_pb_text][et_pb_video src=\u00bbhttps:\/\/youtu.be\/ICKovs65pzw\u00bb _builder_version=\u00bb4.9.0&#8243; _module_preset=\u00bbdefault\u00bb][\/et_pb_video][\/et_pb_column][\/et_pb_row][\/et_pb_section]<\/p>\n","protected":false},"excerpt":{"rendered":"<p>\u00abSentimos la parroquia como nuestra casa y la gente que viene est\u00e1 acostumbrada a verla llena de j\u00f3venes\u00bb<\/p>\n","protected":false},"author":12,"featured_media":16794,"comment_status":"open","ping_status":"closed","sticky":false,"template":"","format":"standard","meta":{"_et_pb_use_builder":"on","_et_pb_old_content":"","_et_gb_content_width":"","footnotes":""},"categories":[32],"tags":[],"class_list":["post-16791","post","type-post","status-publish","format-standard","has-post-thumbnail","hentry","category-en-confianza"],"yoast_head":"<!-- This site is optimized with the Yoast SEO plugin v27.5 - https:\/\/yoast.com\/product\/yoast-seo-wordpress\/ -->\n<title>En confianza: Patricia Arencibia, catequista de la Parroquia Santa Catalina de Las Palmas. - Revista SMX<\/title>\n<meta name=\"robots\" content=\"index, follow, max-snippet:-1, max-image-preview:large, max-video-preview:-1\" \/>\n<link rel=\"canonical\" href=\"https:\/\/www.salesianos.edu\/revistasmx\/en-confianza-patricia-arendibia-catequista-de-la-parroquia-santa-catalina-y-presidenta-del-cj-confeti-en-salesianos-las-palmas\/\" \/>\n<meta property=\"og:locale\" content=\"es_ES\" \/>\n<meta property=\"og:type\" content=\"article\" \/>\n<meta property=\"og:title\" content=\"En confianza: Patricia Arencibia, catequista de la Parroquia Santa Catalina de Las Palmas. - Revista SMX\" \/>\n<meta property=\"og:description\" content=\"&quot;Sentimos la parroquia como nuestra casa y la gente que viene est\u00e1 acostumbrada a verla llena de j\u00f3venes&quot;\" \/>\n<meta property=\"og:url\" content=\"https:\/\/www.salesianos.edu\/revistasmx\/en-confianza-patricia-arendibia-catequista-de-la-parroquia-santa-catalina-y-presidenta-del-cj-confeti-en-salesianos-las-palmas\/\" \/>\n<meta property=\"og:site_name\" content=\"Revista SMX\" \/>\n<meta property=\"article:published_time\" content=\"2021-02-27T13:30:24+00:00\" \/>\n<meta property=\"article:modified_time\" content=\"2021-03-02T18:30:32+00:00\" \/>\n<meta property=\"og:image\" content=\"https:\/\/www.salesianos.edu\/revistasmx\/wp-content\/uploads\/sites\/8\/2021\/02\/Patricia.png\" \/>\n\t<meta property=\"og:image:width\" content=\"1165\" \/>\n\t<meta property=\"og:image:height\" content=\"654\" \/>\n\t<meta property=\"og:image:type\" content=\"image\/png\" \/>\n<meta name=\"author\" content=\"joseluisgarciamoscoso\" \/>\n<meta name=\"twitter:card\" content=\"summary_large_image\" \/>\n<meta name=\"twitter:label1\" content=\"Escrito por\" \/>\n\t<meta name=\"twitter:data1\" content=\"joseluisgarciamoscoso\" \/>\n\t<meta name=\"twitter:label2\" content=\"Tiempo de lectura\" \/>\n\t<meta name=\"twitter:data2\" content=\"1 minuto\" \/>\n<script type=\"application\/ld+json\" class=\"yoast-schema-graph\">{\"@context\":\"https:\\\/\\\/schema.org\",\"@graph\":[{\"@type\":\"Article\",\"@id\":\"https:\\\/\\\/www.salesianos.edu\\\/revistasmx\\\/en-confianza-patricia-arendibia-catequista-de-la-parroquia-santa-catalina-y-presidenta-del-cj-confeti-en-salesianos-las-palmas\\\/#article\",\"isPartOf\":{\"@id\":\"https:\\\/\\\/www.salesianos.edu\\\/revistasmx\\\/en-confianza-patricia-arendibia-catequista-de-la-parroquia-santa-catalina-y-presidenta-del-cj-confeti-en-salesianos-las-palmas\\\/\"},\"author\":{\"name\":\"joseluisgarciamoscoso\",\"@id\":\"https:\\\/\\\/www.salesianos.edu\\\/revistasmx\\\/#\\\/schema\\\/person\\\/a1d72ee5373cce7347fb2993ba9f47d6\"},\"headline\":\"En confianza: Patricia Arencibia, catequista de la Parroquia Santa Catalina de Las Palmas.\",\"datePublished\":\"2021-02-27T13:30:24+00:00\",\"dateModified\":\"2021-03-02T18:30:32+00:00\",\"mainEntityOfPage\":{\"@id\":\"https:\\\/\\\/www.salesianos.edu\\\/revistasmx\\\/en-confianza-patricia-arendibia-catequista-de-la-parroquia-santa-catalina-y-presidenta-del-cj-confeti-en-salesianos-las-palmas\\\/\"},\"wordCount\":275,\"commentCount\":0,\"image\":{\"@id\":\"https:\\\/\\\/www.salesianos.edu\\\/revistasmx\\\/en-confianza-patricia-arendibia-catequista-de-la-parroquia-santa-catalina-y-presidenta-del-cj-confeti-en-salesianos-las-palmas\\\/#primaryimage\"},\"thumbnailUrl\":\"https:\\\/\\\/www.salesianos.edu\\\/revistasmx\\\/wp-content\\\/uploads\\\/sites\\\/8\\\/2021\\\/02\\\/Patricia.png\",\"articleSection\":[\"EN CONFIANZA\"],\"inLanguage\":\"es\",\"potentialAction\":[{\"@type\":\"CommentAction\",\"name\":\"Comment\",\"target\":[\"https:\\\/\\\/www.salesianos.edu\\\/revistasmx\\\/en-confianza-patricia-arendibia-catequista-de-la-parroquia-santa-catalina-y-presidenta-del-cj-confeti-en-salesianos-las-palmas\\\/#respond\"]}]},{\"@type\":\"WebPage\",\"@id\":\"https:\\\/\\\/www.salesianos.edu\\\/revistasmx\\\/en-confianza-patricia-arendibia-catequista-de-la-parroquia-santa-catalina-y-presidenta-del-cj-confeti-en-salesianos-las-palmas\\\/\",\"url\":\"https:\\\/\\\/www.salesianos.edu\\\/revistasmx\\\/en-confianza-patricia-arendibia-catequista-de-la-parroquia-santa-catalina-y-presidenta-del-cj-confeti-en-salesianos-las-palmas\\\/\",\"name\":\"En confianza: Patricia Arencibia, catequista de la Parroquia Santa Catalina de Las Palmas. - Revista SMX\",\"isPartOf\":{\"@id\":\"https:\\\/\\\/www.salesianos.edu\\\/revistasmx\\\/#website\"},\"primaryImageOfPage\":{\"@id\":\"https:\\\/\\\/www.salesianos.edu\\\/revistasmx\\\/en-confianza-patricia-arendibia-catequista-de-la-parroquia-santa-catalina-y-presidenta-del-cj-confeti-en-salesianos-las-palmas\\\/#primaryimage\"},\"image\":{\"@id\":\"https:\\\/\\\/www.salesianos.edu\\\/revistasmx\\\/en-confianza-patricia-arendibia-catequista-de-la-parroquia-santa-catalina-y-presidenta-del-cj-confeti-en-salesianos-las-palmas\\\/#primaryimage\"},\"thumbnailUrl\":\"https:\\\/\\\/www.salesianos.edu\\\/revistasmx\\\/wp-content\\\/uploads\\\/sites\\\/8\\\/2021\\\/02\\\/Patricia.png\",\"datePublished\":\"2021-02-27T13:30:24+00:00\",\"dateModified\":\"2021-03-02T18:30:32+00:00\",\"author\":{\"@id\":\"https:\\\/\\\/www.salesianos.edu\\\/revistasmx\\\/#\\\/schema\\\/person\\\/a1d72ee5373cce7347fb2993ba9f47d6\"},\"breadcrumb\":{\"@id\":\"https:\\\/\\\/www.salesianos.edu\\\/revistasmx\\\/en-confianza-patricia-arendibia-catequista-de-la-parroquia-santa-catalina-y-presidenta-del-cj-confeti-en-salesianos-las-palmas\\\/#breadcrumb\"},\"inLanguage\":\"es\",\"potentialAction\":[{\"@type\":\"ReadAction\",\"target\":[\"https:\\\/\\\/www.salesianos.edu\\\/revistasmx\\\/en-confianza-patricia-arendibia-catequista-de-la-parroquia-santa-catalina-y-presidenta-del-cj-confeti-en-salesianos-las-palmas\\\/\"]}]},{\"@type\":\"ImageObject\",\"inLanguage\":\"es\",\"@id\":\"https:\\\/\\\/www.salesianos.edu\\\/revistasmx\\\/en-confianza-patricia-arendibia-catequista-de-la-parroquia-santa-catalina-y-presidenta-del-cj-confeti-en-salesianos-las-palmas\\\/#primaryimage\",\"url\":\"https:\\\/\\\/www.salesianos.edu\\\/revistasmx\\\/wp-content\\\/uploads\\\/sites\\\/8\\\/2021\\\/02\\\/Patricia.png\",\"contentUrl\":\"https:\\\/\\\/www.salesianos.edu\\\/revistasmx\\\/wp-content\\\/uploads\\\/sites\\\/8\\\/2021\\\/02\\\/Patricia.png\",\"width\":1165,\"height\":654},{\"@type\":\"BreadcrumbList\",\"@id\":\"https:\\\/\\\/www.salesianos.edu\\\/revistasmx\\\/en-confianza-patricia-arendibia-catequista-de-la-parroquia-santa-catalina-y-presidenta-del-cj-confeti-en-salesianos-las-palmas\\\/#breadcrumb\",\"itemListElement\":[{\"@type\":\"ListItem\",\"position\":1,\"name\":\"Portada\",\"item\":\"http:\\\/\\\/www.salesianos.edu\\\/revistasmx\\\/\"},{\"@type\":\"ListItem\",\"position\":2,\"name\":\"En confianza: Patricia Arencibia, catequista de la Parroquia Santa Catalina de Las Palmas.\"}]},{\"@type\":\"WebSite\",\"@id\":\"https:\\\/\\\/www.salesianos.edu\\\/revistasmx\\\/#website\",\"url\":\"https:\\\/\\\/www.salesianos.edu\\\/revistasmx\\\/\",\"name\":\"Revista SMX\",\"description\":\"P\u00e1gina oficial de Inspector\u00eda Salesiana Mar\u00eda Auxiliadora\",\"potentialAction\":[{\"@type\":\"SearchAction\",\"target\":{\"@type\":\"EntryPoint\",\"urlTemplate\":\"https:\\\/\\\/www.salesianos.edu\\\/revistasmx\\\/?s={search_term_string}\"},\"query-input\":{\"@type\":\"PropertyValueSpecification\",\"valueRequired\":true,\"valueName\":\"search_term_string\"}}],\"inLanguage\":\"es\"},{\"@type\":\"Person\",\"@id\":\"https:\\\/\\\/www.salesianos.edu\\\/revistasmx\\\/#\\\/schema\\\/person\\\/a1d72ee5373cce7347fb2993ba9f47d6\",\"name\":\"joseluisgarciamoscoso\",\"image\":{\"@type\":\"ImageObject\",\"inLanguage\":\"es\",\"@id\":\"https:\\\/\\\/secure.gravatar.com\\\/avatar\\\/3fda3a0b2db3bc9a39871e47cbd526b42d6c3b74755b7ae1400a87b2913fea6a?s=96&d=mm&r=g\",\"url\":\"https:\\\/\\\/secure.gravatar.com\\\/avatar\\\/3fda3a0b2db3bc9a39871e47cbd526b42d6c3b74755b7ae1400a87b2913fea6a?s=96&d=mm&r=g\",\"contentUrl\":\"https:\\\/\\\/secure.gravatar.com\\\/avatar\\\/3fda3a0b2db3bc9a39871e47cbd526b42d6c3b74755b7ae1400a87b2913fea6a?s=96&d=mm&r=g\",\"caption\":\"joseluisgarciamoscoso\"}}]}<\/script>\n<!-- \/ Yoast SEO plugin. -->","yoast_head_json":{"title":"En confianza: Patricia Arencibia, catequista de la Parroquia Santa Catalina de Las Palmas. - Revista SMX","robots":{"index":"index","follow":"follow","max-snippet":"max-snippet:-1","max-image-preview":"max-image-preview:large","max-video-preview":"max-video-preview:-1"},"canonical":"https:\/\/www.salesianos.edu\/revistasmx\/en-confianza-patricia-arendibia-catequista-de-la-parroquia-santa-catalina-y-presidenta-del-cj-confeti-en-salesianos-las-palmas\/","og_locale":"es_ES","og_type":"article","og_title":"En confianza: Patricia Arencibia, catequista de la Parroquia Santa Catalina de Las Palmas. - Revista SMX","og_description":"\"Sentimos la parroquia como nuestra casa y la gente que viene est\u00e1 acostumbrada a verla llena de j\u00f3venes\"","og_url":"https:\/\/www.salesianos.edu\/revistasmx\/en-confianza-patricia-arendibia-catequista-de-la-parroquia-santa-catalina-y-presidenta-del-cj-confeti-en-salesianos-las-palmas\/","og_site_name":"Revista SMX","article_published_time":"2021-02-27T13:30:24+00:00","article_modified_time":"2021-03-02T18:30:32+00:00","og_image":[{"width":1165,"height":654,"url":"https:\/\/www.salesianos.edu\/revistasmx\/wp-content\/uploads\/sites\/8\/2021\/02\/Patricia.png","type":"image\/png"}],"author":"joseluisgarciamoscoso","twitter_card":"summary_large_image","twitter_misc":{"Escrito por":"joseluisgarciamoscoso","Tiempo de lectura":"1 minuto"},"schema":{"@context":"https:\/\/schema.org","@graph":[{"@type":"Article","@id":"https:\/\/www.salesianos.edu\/revistasmx\/en-confianza-patricia-arendibia-catequista-de-la-parroquia-santa-catalina-y-presidenta-del-cj-confeti-en-salesianos-las-palmas\/#article","isPartOf":{"@id":"https:\/\/www.salesianos.edu\/revistasmx\/en-confianza-patricia-arendibia-catequista-de-la-parroquia-santa-catalina-y-presidenta-del-cj-confeti-en-salesianos-las-palmas\/"},"author":{"name":"joseluisgarciamoscoso","@id":"https:\/\/www.salesianos.edu\/revistasmx\/#\/schema\/person\/a1d72ee5373cce7347fb2993ba9f47d6"},"headline":"En confianza: Patricia Arencibia, catequista de la Parroquia Santa Catalina de Las Palmas.","datePublished":"2021-02-27T13:30:24+00:00","dateModified":"2021-03-02T18:30:32+00:00","mainEntityOfPage":{"@id":"https:\/\/www.salesianos.edu\/revistasmx\/en-confianza-patricia-arendibia-catequista-de-la-parroquia-santa-catalina-y-presidenta-del-cj-confeti-en-salesianos-las-palmas\/"},"wordCount":275,"commentCount":0,"image":{"@id":"https:\/\/www.salesianos.edu\/revistasmx\/en-confianza-patricia-arendibia-catequista-de-la-parroquia-santa-catalina-y-presidenta-del-cj-confeti-en-salesianos-las-palmas\/#primaryimage"},"thumbnailUrl":"https:\/\/www.salesianos.edu\/revistasmx\/wp-content\/uploads\/sites\/8\/2021\/02\/Patricia.png","articleSection":["EN CONFIANZA"],"inLanguage":"es","potentialAction":[{"@type":"CommentAction","name":"Comment","target":["https:\/\/www.salesianos.edu\/revistasmx\/en-confianza-patricia-arendibia-catequista-de-la-parroquia-santa-catalina-y-presidenta-del-cj-confeti-en-salesianos-las-palmas\/#respond"]}]},{"@type":"WebPage","@id":"https:\/\/www.salesianos.edu\/revistasmx\/en-confianza-patricia-arendibia-catequista-de-la-parroquia-santa-catalina-y-presidenta-del-cj-confeti-en-salesianos-las-palmas\/","url":"https:\/\/www.salesianos.edu\/revistasmx\/en-confianza-patricia-arendibia-catequista-de-la-parroquia-santa-catalina-y-presidenta-del-cj-confeti-en-salesianos-las-palmas\/","name":"En confianza: Patricia Arencibia, catequista de la Parroquia Santa Catalina de Las Palmas. - Revista SMX","isPartOf":{"@id":"https:\/\/www.salesianos.edu\/revistasmx\/#website"},"primaryImageOfPage":{"@id":"https:\/\/www.salesianos.edu\/revistasmx\/en-confianza-patricia-arendibia-catequista-de-la-parroquia-santa-catalina-y-presidenta-del-cj-confeti-en-salesianos-las-palmas\/#primaryimage"},"image":{"@id":"https:\/\/www.salesianos.edu\/revistasmx\/en-confianza-patricia-arendibia-catequista-de-la-parroquia-santa-catalina-y-presidenta-del-cj-confeti-en-salesianos-las-palmas\/#primaryimage"},"thumbnailUrl":"https:\/\/www.salesianos.edu\/revistasmx\/wp-content\/uploads\/sites\/8\/2021\/02\/Patricia.png","datePublished":"2021-02-27T13:30:24+00:00","dateModified":"2021-03-02T18:30:32+00:00","author":{"@id":"https:\/\/www.salesianos.edu\/revistasmx\/#\/schema\/person\/a1d72ee5373cce7347fb2993ba9f47d6"},"breadcrumb":{"@id":"https:\/\/www.salesianos.edu\/revistasmx\/en-confianza-patricia-arendibia-catequista-de-la-parroquia-santa-catalina-y-presidenta-del-cj-confeti-en-salesianos-las-palmas\/#breadcrumb"},"inLanguage":"es","potentialAction":[{"@type":"ReadAction","target":["https:\/\/www.salesianos.edu\/revistasmx\/en-confianza-patricia-arendibia-catequista-de-la-parroquia-santa-catalina-y-presidenta-del-cj-confeti-en-salesianos-las-palmas\/"]}]},{"@type":"ImageObject","inLanguage":"es","@id":"https:\/\/www.salesianos.edu\/revistasmx\/en-confianza-patricia-arendibia-catequista-de-la-parroquia-santa-catalina-y-presidenta-del-cj-confeti-en-salesianos-las-palmas\/#primaryimage","url":"https:\/\/www.salesianos.edu\/revistasmx\/wp-content\/uploads\/sites\/8\/2021\/02\/Patricia.png","contentUrl":"https:\/\/www.salesianos.edu\/revistasmx\/wp-content\/uploads\/sites\/8\/2021\/02\/Patricia.png","width":1165,"height":654},{"@type":"BreadcrumbList","@id":"https:\/\/www.salesianos.edu\/revistasmx\/en-confianza-patricia-arendibia-catequista-de-la-parroquia-santa-catalina-y-presidenta-del-cj-confeti-en-salesianos-las-palmas\/#breadcrumb","itemListElement":[{"@type":"ListItem","position":1,"name":"Portada","item":"http:\/\/www.salesianos.edu\/revistasmx\/"},{"@type":"ListItem","position":2,"name":"En confianza: Patricia Arencibia, catequista de la Parroquia Santa Catalina de Las Palmas."}]},{"@type":"WebSite","@id":"https:\/\/www.salesianos.edu\/revistasmx\/#website","url":"https:\/\/www.salesianos.edu\/revistasmx\/","name":"Revista SMX","description":"P\u00e1gina oficial de Inspector\u00eda Salesiana Mar\u00eda Auxiliadora","potentialAction":[{"@type":"SearchAction","target":{"@type":"EntryPoint","urlTemplate":"https:\/\/www.salesianos.edu\/revistasmx\/?s={search_term_string}"},"query-input":{"@type":"PropertyValueSpecification","valueRequired":true,"valueName":"search_term_string"}}],"inLanguage":"es"},{"@type":"Person","@id":"https:\/\/www.salesianos.edu\/revistasmx\/#\/schema\/person\/a1d72ee5373cce7347fb2993ba9f47d6","name":"joseluisgarciamoscoso","image":{"@type":"ImageObject","inLanguage":"es","@id":"https:\/\/secure.gravatar.com\/avatar\/3fda3a0b2db3bc9a39871e47cbd526b42d6c3b74755b7ae1400a87b2913fea6a?s=96&d=mm&r=g","url":"https:\/\/secure.gravatar.com\/avatar\/3fda3a0b2db3bc9a39871e47cbd526b42d6c3b74755b7ae1400a87b2913fea6a?s=96&d=mm&r=g","contentUrl":"https:\/\/secure.gravatar.com\/avatar\/3fda3a0b2db3bc9a39871e47cbd526b42d6c3b74755b7ae1400a87b2913fea6a?s=96&d=mm&r=g","caption":"joseluisgarciamoscoso"}}]}},"_links":{"self":[{"href":"https:\/\/www.salesianos.edu\/revistasmx\/wp-json\/wp\/v2\/posts\/16791","targetHints":{"allow":["GET"]}}],"collection":[{"href":"https:\/\/www.salesianos.edu\/revistasmx\/wp-json\/wp\/v2\/posts"}],"about":[{"href":"https:\/\/www.salesianos.edu\/revistasmx\/wp-json\/wp\/v2\/types\/post"}],"author":[{"embeddable":true,"href":"https:\/\/www.salesianos.edu\/revistasmx\/wp-json\/wp\/v2\/users\/12"}],"replies":[{"embeddable":true,"href":"https:\/\/www.salesianos.edu\/revistasmx\/wp-json\/wp\/v2\/comments?post=16791"}],"version-history":[{"count":8,"href":"https:\/\/www.salesianos.edu\/revistasmx\/wp-json\/wp\/v2\/posts\/16791\/revisions"}],"predecessor-version":[{"id":16965,"href":"https:\/\/www.salesianos.edu\/revistasmx\/wp-json\/wp\/v2\/posts\/16791\/revisions\/16965"}],"wp:featuredmedia":[{"embeddable":true,"href":"https:\/\/www.salesianos.edu\/revistasmx\/wp-json\/wp\/v2\/media\/16794"}],"wp:attachment":[{"href":"https:\/\/www.salesianos.edu\/revistasmx\/wp-json\/wp\/v2\/media?parent=16791"}],"wp:term":[{"taxonomy":"category","embeddable":true,"href":"https:\/\/www.salesianos.edu\/revistasmx\/wp-json\/wp\/v2\/categories?post=16791"},{"taxonomy":"post_tag","embeddable":true,"href":"https:\/\/www.salesianos.edu\/revistasmx\/wp-json\/wp\/v2\/tags?post=16791"}],"curies":[{"name":"wp","href":"https:\/\/api.w.org\/{rel}","templated":true}]}}