{"id":16602,"date":"2021-01-29T13:30:07","date_gmt":"2021-01-29T12:30:07","guid":{"rendered":"http:\/\/www.salesianos.edu\/revistasmx\/?p=16602"},"modified":"2021-01-29T14:04:43","modified_gmt":"2021-01-29T13:04:43","slug":"en-confianca-roberto-espana-educador-a-la-plataforma-social-salesiana-de-borriana","status":"publish","type":"post","link":"https:\/\/www.salesianos.edu\/revistasmx\/ca\/en-confianca-roberto-espana-educador-a-la-plataforma-social-salesiana-de-borriana\/","title":{"rendered":"En Confian\u00e7a: Roberto Espa\u00f1a. Educador a la Plataforma Social Salesiana de Borriana"},"content":{"rendered":"<div id=\"fb-root\"><\/div>\n<p>[et_pb_section fb_built=\u00bb1&#8243; admin_label=\u00bbsection\u00bb _builder_version=\u00bb3.22&#8243;][et_pb_row admin_label=\u00bbrow\u00bb _builder_version=\u00bb3.25&#8243; background_size=\u00bbinitial\u00bb background_position=\u00bbtop_left\u00bb background_repeat=\u00bbrepeat\u00bb][et_pb_column type=\u00bb4_4&#8243; _builder_version=\u00bb3.25&#8243; custom_padding=\u00bb|||\u00bb custom_padding__hover=\u00bb|||\u00bb][et_pb_text _builder_version=\u00bb4.8.1&#8243; _module_preset=\u00bbdefault\u00bb]<\/p>\n<p><span style=\"font-weight: 400\">Si em pregunten qui \u00e9s per a mi Don Bosco, nom\u00e9s puc dir que \u00e9s alg\u00fa fonamental en la meva vida. El treball que ell va exercir i han continuat els salesians en l\u2019actualitat, aquest treball de generar espais \u2018per\u2019, \u2018per a\u2019 i sobretot \u2018dels joves\u2019 i acompanyant els processos vitals, em van permetre a mi trobar la vocaci\u00f3 de servei en la casa Sant Joan Bosco de Val\u00e8ncia. Una vocaci\u00f3 de servei dirigida als m\u00e9s joves.<\/span><\/p>\n<p><span style=\"font-weight: 400\">Si m\u2019he de quedar amb alguna cosa de la pedagogia salesiana, que \u00e9s quelcom que intento aplicar en el meu dia a dia, ja sigui en el treball per\u00f2 tamb\u00e9 en tot moment, \u00e9s l\u2019alegria salesiana. Per a mi, el sempre alegres \u00e9s viure amb una alegria de veritat, no una alegria ing\u00e8nua. Una alegria en els moments d\u2019oportunitat o en els moments de felicitat, per\u00f2 tamb\u00e9 en l\u2019adversitat, en la por i en la incertesa.<\/span><\/p>\n<blockquote>\n<p><span style=\"font-weight: 400\">Don Bosco deia que l\u2019alegria neix de la pau del cor que se sent estimat incondicionalment. Es quelcom que jo intento tenir molt present en el meu dia a dia. Tamb\u00e9\u00a0 en el treball, a la casa, amb els nois i noies tinc molt present l\u2019acollida incondicional que ens va ensenyar Don Bosco.<\/span><\/p>\n<\/blockquote>\n<p><span style=\"font-weight: 400\">Ell s\u2019escarrassava acollint els seus nois, i \u00e9s quelcom que jo tamb\u00e9 intento fer: la seva manera de confiar en ells, de confiar en els seus processos i en les seves capacitats. I tamb\u00e9 aix\u00f2 que ens enseny\u00e0 Don Bosco: que l\u2019amor, l\u2019estimaci\u00f3, l\u2019afecte, l\u2019amabilitat, \u00e9s el motor m\u00e9s important, m\u00e9s fort per acompanyar una persona en el seu cam\u00ed i que aconsegueixi arribar a on es proposi.<\/span><\/p>\n<p><span style=\"font-weight: 400\">Tot aix\u00f2 \u00e9s el que significa Don Bosco per a mi. Una salutaci\u00f3.<\/span><\/p>\n<p>[\/et_pb_text][et_pb_video _builder_version=\u00bb4.8.1&#8243; _module_preset=\u00bbdefault\u00bb src=\u00bbhttps:\/\/youtu.be\/h5zr20eGUNY\u00bb hover_enabled=\u00bb0&#8243; sticky_enabled=\u00bb0&#8243;][\/et_pb_video][\/et_pb_column][\/et_pb_row][\/et_pb_section]<\/p>\n","protected":false},"excerpt":{"rendered":"<p>Per a mi, el sempre alegres \u00e9s viure amb una alegria de veritat, en els moments de felicitat, per\u00f2 tamb\u00e9 en l\u2019adversitat, en la por i en la incertesa.<\/p>\n","protected":false},"author":5,"featured_media":16597,"comment_status":"open","ping_status":"closed","sticky":false,"template":"","format":"standard","meta":{"_et_pb_use_builder":"on","_et_pb_old_content":"","_et_gb_content_width":"","footnotes":""},"categories":[49,21],"tags":[],"class_list":["post-16602","post","type-post","status-publish","format-standard","has-post-thumbnail","hentry","category-en-confianca","category-sin-categoria-ca"],"yoast_head":"<!-- This site is optimized with the Yoast SEO plugin v27.5 - https:\/\/yoast.com\/product\/yoast-seo-wordpress\/ -->\n<title>En Confian\u00e7a: Roberto Espa\u00f1a. Educador a la Plataforma Social Salesiana de Borriana - Revista SMX<\/title>\n<meta name=\"robots\" content=\"index, follow, max-snippet:-1, max-image-preview:large, max-video-preview:-1\" \/>\n<link rel=\"canonical\" href=\"https:\/\/www.salesianos.edu\/revistasmx\/ca\/en-confianca-roberto-espana-educador-a-la-plataforma-social-salesiana-de-borriana\/\" \/>\n<meta property=\"og:locale\" content=\"es_ES\" \/>\n<meta property=\"og:type\" content=\"article\" \/>\n<meta property=\"og:title\" content=\"En Confian\u00e7a: Roberto Espa\u00f1a. Educador a la Plataforma Social Salesiana de Borriana - Revista SMX\" \/>\n<meta property=\"og:description\" content=\"Per a mi, el sempre alegres \u00e9s viure amb una alegria de veritat, en els moments de felicitat, per\u00f2 tamb\u00e9 en l\u2019adversitat, en la por i en la incertesa.\" \/>\n<meta property=\"og:url\" content=\"https:\/\/www.salesianos.edu\/revistasmx\/ca\/en-confianca-roberto-espana-educador-a-la-plataforma-social-salesiana-de-borriana\/\" \/>\n<meta property=\"og:site_name\" content=\"Revista SMX\" \/>\n<meta property=\"article:published_time\" content=\"2021-01-29T12:30:07+00:00\" \/>\n<meta property=\"article:modified_time\" content=\"2021-01-29T13:04:43+00:00\" \/>\n<meta property=\"og:image\" content=\"https:\/\/www.salesianos.edu\/revistasmx\/wp-content\/uploads\/sites\/8\/2021\/01\/Captura-de-pantalla-2021-01-29-a-las-10.43.21.png\" \/>\n\t<meta property=\"og:image:width\" content=\"880\" \/>\n\t<meta property=\"og:image:height\" content=\"591\" \/>\n\t<meta property=\"og:image:type\" content=\"image\/png\" \/>\n<meta name=\"author\" content=\"martapeirat\" \/>\n<meta name=\"twitter:card\" content=\"summary_large_image\" \/>\n<meta name=\"twitter:label1\" content=\"Escrito por\" \/>\n\t<meta name=\"twitter:data1\" content=\"martapeirat\" \/>\n\t<meta name=\"twitter:label2\" content=\"Tiempo de lectura\" \/>\n\t<meta name=\"twitter:data2\" content=\"2 minutos\" \/>\n<script type=\"application\/ld+json\" class=\"yoast-schema-graph\">{\"@context\":\"https:\\\/\\\/schema.org\",\"@graph\":[{\"@type\":\"Article\",\"@id\":\"https:\\\/\\\/www.salesianos.edu\\\/revistasmx\\\/ca\\\/en-confianca-roberto-espana-educador-a-la-plataforma-social-salesiana-de-borriana\\\/#article\",\"isPartOf\":{\"@id\":\"https:\\\/\\\/www.salesianos.edu\\\/revistasmx\\\/ca\\\/en-confianca-roberto-espana-educador-a-la-plataforma-social-salesiana-de-borriana\\\/\"},\"author\":{\"name\":\"martapeirat\",\"@id\":\"https:\\\/\\\/www.salesianos.edu\\\/revistasmx\\\/#\\\/schema\\\/person\\\/20a80be1bb4e0ed82068c57facf5b237\"},\"headline\":\"En Confian\u00e7a: Roberto Espa\u00f1a. Educador a la Plataforma Social Salesiana de Borriana\",\"datePublished\":\"2021-01-29T12:30:07+00:00\",\"dateModified\":\"2021-01-29T13:04:43+00:00\",\"mainEntityOfPage\":{\"@id\":\"https:\\\/\\\/www.salesianos.edu\\\/revistasmx\\\/ca\\\/en-confianca-roberto-espana-educador-a-la-plataforma-social-salesiana-de-borriana\\\/\"},\"wordCount\":400,\"commentCount\":0,\"image\":{\"@id\":\"https:\\\/\\\/www.salesianos.edu\\\/revistasmx\\\/ca\\\/en-confianca-roberto-espana-educador-a-la-plataforma-social-salesiana-de-borriana\\\/#primaryimage\"},\"thumbnailUrl\":\"https:\\\/\\\/www.salesianos.edu\\\/revistasmx\\\/wp-content\\\/uploads\\\/sites\\\/8\\\/2021\\\/01\\\/Captura-de-pantalla-2021-01-29-a-las-10.43.21.png\",\"articleSection\":[\"EN CONFIAN\u00c7A\"],\"inLanguage\":\"es\",\"potentialAction\":[{\"@type\":\"CommentAction\",\"name\":\"Comment\",\"target\":[\"https:\\\/\\\/www.salesianos.edu\\\/revistasmx\\\/ca\\\/en-confianca-roberto-espana-educador-a-la-plataforma-social-salesiana-de-borriana\\\/#respond\"]}]},{\"@type\":\"WebPage\",\"@id\":\"https:\\\/\\\/www.salesianos.edu\\\/revistasmx\\\/ca\\\/en-confianca-roberto-espana-educador-a-la-plataforma-social-salesiana-de-borriana\\\/\",\"url\":\"https:\\\/\\\/www.salesianos.edu\\\/revistasmx\\\/ca\\\/en-confianca-roberto-espana-educador-a-la-plataforma-social-salesiana-de-borriana\\\/\",\"name\":\"En Confian\u00e7a: Roberto Espa\u00f1a. Educador a la Plataforma Social Salesiana de Borriana - Revista SMX\",\"isPartOf\":{\"@id\":\"https:\\\/\\\/www.salesianos.edu\\\/revistasmx\\\/#website\"},\"primaryImageOfPage\":{\"@id\":\"https:\\\/\\\/www.salesianos.edu\\\/revistasmx\\\/ca\\\/en-confianca-roberto-espana-educador-a-la-plataforma-social-salesiana-de-borriana\\\/#primaryimage\"},\"image\":{\"@id\":\"https:\\\/\\\/www.salesianos.edu\\\/revistasmx\\\/ca\\\/en-confianca-roberto-espana-educador-a-la-plataforma-social-salesiana-de-borriana\\\/#primaryimage\"},\"thumbnailUrl\":\"https:\\\/\\\/www.salesianos.edu\\\/revistasmx\\\/wp-content\\\/uploads\\\/sites\\\/8\\\/2021\\\/01\\\/Captura-de-pantalla-2021-01-29-a-las-10.43.21.png\",\"datePublished\":\"2021-01-29T12:30:07+00:00\",\"dateModified\":\"2021-01-29T13:04:43+00:00\",\"author\":{\"@id\":\"https:\\\/\\\/www.salesianos.edu\\\/revistasmx\\\/#\\\/schema\\\/person\\\/20a80be1bb4e0ed82068c57facf5b237\"},\"breadcrumb\":{\"@id\":\"https:\\\/\\\/www.salesianos.edu\\\/revistasmx\\\/ca\\\/en-confianca-roberto-espana-educador-a-la-plataforma-social-salesiana-de-borriana\\\/#breadcrumb\"},\"inLanguage\":\"es\",\"potentialAction\":[{\"@type\":\"ReadAction\",\"target\":[\"https:\\\/\\\/www.salesianos.edu\\\/revistasmx\\\/ca\\\/en-confianca-roberto-espana-educador-a-la-plataforma-social-salesiana-de-borriana\\\/\"]}]},{\"@type\":\"ImageObject\",\"inLanguage\":\"es\",\"@id\":\"https:\\\/\\\/www.salesianos.edu\\\/revistasmx\\\/ca\\\/en-confianca-roberto-espana-educador-a-la-plataforma-social-salesiana-de-borriana\\\/#primaryimage\",\"url\":\"https:\\\/\\\/www.salesianos.edu\\\/revistasmx\\\/wp-content\\\/uploads\\\/sites\\\/8\\\/2021\\\/01\\\/Captura-de-pantalla-2021-01-29-a-las-10.43.21.png\",\"contentUrl\":\"https:\\\/\\\/www.salesianos.edu\\\/revistasmx\\\/wp-content\\\/uploads\\\/sites\\\/8\\\/2021\\\/01\\\/Captura-de-pantalla-2021-01-29-a-las-10.43.21.png\",\"width\":880,\"height\":591},{\"@type\":\"BreadcrumbList\",\"@id\":\"https:\\\/\\\/www.salesianos.edu\\\/revistasmx\\\/ca\\\/en-confianca-roberto-espana-educador-a-la-plataforma-social-salesiana-de-borriana\\\/#breadcrumb\",\"itemListElement\":[{\"@type\":\"ListItem\",\"position\":1,\"name\":\"Portada\",\"item\":\"http:\\\/\\\/www.salesianos.edu\\\/revistasmx\\\/\"},{\"@type\":\"ListItem\",\"position\":2,\"name\":\"En Confian\u00e7a: Roberto Espa\u00f1a. Educador a la Plataforma Social Salesiana de Borriana\"}]},{\"@type\":\"WebSite\",\"@id\":\"https:\\\/\\\/www.salesianos.edu\\\/revistasmx\\\/#website\",\"url\":\"https:\\\/\\\/www.salesianos.edu\\\/revistasmx\\\/\",\"name\":\"Revista SMX\",\"description\":\"P\u00e1gina oficial de Inspector\u00eda Salesiana Mar\u00eda Auxiliadora\",\"potentialAction\":[{\"@type\":\"SearchAction\",\"target\":{\"@type\":\"EntryPoint\",\"urlTemplate\":\"https:\\\/\\\/www.salesianos.edu\\\/revistasmx\\\/?s={search_term_string}\"},\"query-input\":{\"@type\":\"PropertyValueSpecification\",\"valueRequired\":true,\"valueName\":\"search_term_string\"}}],\"inLanguage\":\"es\"},{\"@type\":\"Person\",\"@id\":\"https:\\\/\\\/www.salesianos.edu\\\/revistasmx\\\/#\\\/schema\\\/person\\\/20a80be1bb4e0ed82068c57facf5b237\",\"name\":\"martapeirat\",\"image\":{\"@type\":\"ImageObject\",\"inLanguage\":\"es\",\"@id\":\"https:\\\/\\\/secure.gravatar.com\\\/avatar\\\/1139b81b40ed1dde466563679597db378e7092bbfdd7ebb264c437fedde866d7?s=96&d=mm&r=g\",\"url\":\"https:\\\/\\\/secure.gravatar.com\\\/avatar\\\/1139b81b40ed1dde466563679597db378e7092bbfdd7ebb264c437fedde866d7?s=96&d=mm&r=g\",\"contentUrl\":\"https:\\\/\\\/secure.gravatar.com\\\/avatar\\\/1139b81b40ed1dde466563679597db378e7092bbfdd7ebb264c437fedde866d7?s=96&d=mm&r=g\",\"caption\":\"martapeirat\"}}]}<\/script>\n<!-- \/ Yoast SEO plugin. -->","yoast_head_json":{"title":"En Confian\u00e7a: Roberto Espa\u00f1a. Educador a la Plataforma Social Salesiana de Borriana - Revista SMX","robots":{"index":"index","follow":"follow","max-snippet":"max-snippet:-1","max-image-preview":"max-image-preview:large","max-video-preview":"max-video-preview:-1"},"canonical":"https:\/\/www.salesianos.edu\/revistasmx\/ca\/en-confianca-roberto-espana-educador-a-la-plataforma-social-salesiana-de-borriana\/","og_locale":"es_ES","og_type":"article","og_title":"En Confian\u00e7a: Roberto Espa\u00f1a. Educador a la Plataforma Social Salesiana de Borriana - Revista SMX","og_description":"Per a mi, el sempre alegres \u00e9s viure amb una alegria de veritat, en els moments de felicitat, per\u00f2 tamb\u00e9 en l\u2019adversitat, en la por i en la incertesa.","og_url":"https:\/\/www.salesianos.edu\/revistasmx\/ca\/en-confianca-roberto-espana-educador-a-la-plataforma-social-salesiana-de-borriana\/","og_site_name":"Revista SMX","article_published_time":"2021-01-29T12:30:07+00:00","article_modified_time":"2021-01-29T13:04:43+00:00","og_image":[{"width":880,"height":591,"url":"https:\/\/www.salesianos.edu\/revistasmx\/wp-content\/uploads\/sites\/8\/2021\/01\/Captura-de-pantalla-2021-01-29-a-las-10.43.21.png","type":"image\/png"}],"author":"martapeirat","twitter_card":"summary_large_image","twitter_misc":{"Escrito por":"martapeirat","Tiempo de lectura":"2 minutos"},"schema":{"@context":"https:\/\/schema.org","@graph":[{"@type":"Article","@id":"https:\/\/www.salesianos.edu\/revistasmx\/ca\/en-confianca-roberto-espana-educador-a-la-plataforma-social-salesiana-de-borriana\/#article","isPartOf":{"@id":"https:\/\/www.salesianos.edu\/revistasmx\/ca\/en-confianca-roberto-espana-educador-a-la-plataforma-social-salesiana-de-borriana\/"},"author":{"name":"martapeirat","@id":"https:\/\/www.salesianos.edu\/revistasmx\/#\/schema\/person\/20a80be1bb4e0ed82068c57facf5b237"},"headline":"En Confian\u00e7a: Roberto Espa\u00f1a. Educador a la Plataforma Social Salesiana de Borriana","datePublished":"2021-01-29T12:30:07+00:00","dateModified":"2021-01-29T13:04:43+00:00","mainEntityOfPage":{"@id":"https:\/\/www.salesianos.edu\/revistasmx\/ca\/en-confianca-roberto-espana-educador-a-la-plataforma-social-salesiana-de-borriana\/"},"wordCount":400,"commentCount":0,"image":{"@id":"https:\/\/www.salesianos.edu\/revistasmx\/ca\/en-confianca-roberto-espana-educador-a-la-plataforma-social-salesiana-de-borriana\/#primaryimage"},"thumbnailUrl":"https:\/\/www.salesianos.edu\/revistasmx\/wp-content\/uploads\/sites\/8\/2021\/01\/Captura-de-pantalla-2021-01-29-a-las-10.43.21.png","articleSection":["EN CONFIAN\u00c7A"],"inLanguage":"es","potentialAction":[{"@type":"CommentAction","name":"Comment","target":["https:\/\/www.salesianos.edu\/revistasmx\/ca\/en-confianca-roberto-espana-educador-a-la-plataforma-social-salesiana-de-borriana\/#respond"]}]},{"@type":"WebPage","@id":"https:\/\/www.salesianos.edu\/revistasmx\/ca\/en-confianca-roberto-espana-educador-a-la-plataforma-social-salesiana-de-borriana\/","url":"https:\/\/www.salesianos.edu\/revistasmx\/ca\/en-confianca-roberto-espana-educador-a-la-plataforma-social-salesiana-de-borriana\/","name":"En Confian\u00e7a: Roberto Espa\u00f1a. Educador a la Plataforma Social Salesiana de Borriana - Revista SMX","isPartOf":{"@id":"https:\/\/www.salesianos.edu\/revistasmx\/#website"},"primaryImageOfPage":{"@id":"https:\/\/www.salesianos.edu\/revistasmx\/ca\/en-confianca-roberto-espana-educador-a-la-plataforma-social-salesiana-de-borriana\/#primaryimage"},"image":{"@id":"https:\/\/www.salesianos.edu\/revistasmx\/ca\/en-confianca-roberto-espana-educador-a-la-plataforma-social-salesiana-de-borriana\/#primaryimage"},"thumbnailUrl":"https:\/\/www.salesianos.edu\/revistasmx\/wp-content\/uploads\/sites\/8\/2021\/01\/Captura-de-pantalla-2021-01-29-a-las-10.43.21.png","datePublished":"2021-01-29T12:30:07+00:00","dateModified":"2021-01-29T13:04:43+00:00","author":{"@id":"https:\/\/www.salesianos.edu\/revistasmx\/#\/schema\/person\/20a80be1bb4e0ed82068c57facf5b237"},"breadcrumb":{"@id":"https:\/\/www.salesianos.edu\/revistasmx\/ca\/en-confianca-roberto-espana-educador-a-la-plataforma-social-salesiana-de-borriana\/#breadcrumb"},"inLanguage":"es","potentialAction":[{"@type":"ReadAction","target":["https:\/\/www.salesianos.edu\/revistasmx\/ca\/en-confianca-roberto-espana-educador-a-la-plataforma-social-salesiana-de-borriana\/"]}]},{"@type":"ImageObject","inLanguage":"es","@id":"https:\/\/www.salesianos.edu\/revistasmx\/ca\/en-confianca-roberto-espana-educador-a-la-plataforma-social-salesiana-de-borriana\/#primaryimage","url":"https:\/\/www.salesianos.edu\/revistasmx\/wp-content\/uploads\/sites\/8\/2021\/01\/Captura-de-pantalla-2021-01-29-a-las-10.43.21.png","contentUrl":"https:\/\/www.salesianos.edu\/revistasmx\/wp-content\/uploads\/sites\/8\/2021\/01\/Captura-de-pantalla-2021-01-29-a-las-10.43.21.png","width":880,"height":591},{"@type":"BreadcrumbList","@id":"https:\/\/www.salesianos.edu\/revistasmx\/ca\/en-confianca-roberto-espana-educador-a-la-plataforma-social-salesiana-de-borriana\/#breadcrumb","itemListElement":[{"@type":"ListItem","position":1,"name":"Portada","item":"http:\/\/www.salesianos.edu\/revistasmx\/"},{"@type":"ListItem","position":2,"name":"En Confian\u00e7a: Roberto Espa\u00f1a. Educador a la Plataforma Social Salesiana de Borriana"}]},{"@type":"WebSite","@id":"https:\/\/www.salesianos.edu\/revistasmx\/#website","url":"https:\/\/www.salesianos.edu\/revistasmx\/","name":"Revista SMX","description":"P\u00e1gina oficial de Inspector\u00eda Salesiana Mar\u00eda Auxiliadora","potentialAction":[{"@type":"SearchAction","target":{"@type":"EntryPoint","urlTemplate":"https:\/\/www.salesianos.edu\/revistasmx\/?s={search_term_string}"},"query-input":{"@type":"PropertyValueSpecification","valueRequired":true,"valueName":"search_term_string"}}],"inLanguage":"es"},{"@type":"Person","@id":"https:\/\/www.salesianos.edu\/revistasmx\/#\/schema\/person\/20a80be1bb4e0ed82068c57facf5b237","name":"martapeirat","image":{"@type":"ImageObject","inLanguage":"es","@id":"https:\/\/secure.gravatar.com\/avatar\/1139b81b40ed1dde466563679597db378e7092bbfdd7ebb264c437fedde866d7?s=96&d=mm&r=g","url":"https:\/\/secure.gravatar.com\/avatar\/1139b81b40ed1dde466563679597db378e7092bbfdd7ebb264c437fedde866d7?s=96&d=mm&r=g","contentUrl":"https:\/\/secure.gravatar.com\/avatar\/1139b81b40ed1dde466563679597db378e7092bbfdd7ebb264c437fedde866d7?s=96&d=mm&r=g","caption":"martapeirat"}}]}},"_links":{"self":[{"href":"https:\/\/www.salesianos.edu\/revistasmx\/wp-json\/wp\/v2\/posts\/16602","targetHints":{"allow":["GET"]}}],"collection":[{"href":"https:\/\/www.salesianos.edu\/revistasmx\/wp-json\/wp\/v2\/posts"}],"about":[{"href":"https:\/\/www.salesianos.edu\/revistasmx\/wp-json\/wp\/v2\/types\/post"}],"author":[{"embeddable":true,"href":"https:\/\/www.salesianos.edu\/revistasmx\/wp-json\/wp\/v2\/users\/5"}],"replies":[{"embeddable":true,"href":"https:\/\/www.salesianos.edu\/revistasmx\/wp-json\/wp\/v2\/comments?post=16602"}],"version-history":[{"count":4,"href":"https:\/\/www.salesianos.edu\/revistasmx\/wp-json\/wp\/v2\/posts\/16602\/revisions"}],"predecessor-version":[{"id":16673,"href":"https:\/\/www.salesianos.edu\/revistasmx\/wp-json\/wp\/v2\/posts\/16602\/revisions\/16673"}],"wp:featuredmedia":[{"embeddable":true,"href":"https:\/\/www.salesianos.edu\/revistasmx\/wp-json\/wp\/v2\/media\/16597"}],"wp:attachment":[{"href":"https:\/\/www.salesianos.edu\/revistasmx\/wp-json\/wp\/v2\/media?parent=16602"}],"wp:term":[{"taxonomy":"category","embeddable":true,"href":"https:\/\/www.salesianos.edu\/revistasmx\/wp-json\/wp\/v2\/categories?post=16602"},{"taxonomy":"post_tag","embeddable":true,"href":"https:\/\/www.salesianos.edu\/revistasmx\/wp-json\/wp\/v2\/tags?post=16602"}],"curies":[{"name":"wp","href":"https:\/\/api.w.org\/{rel}","templated":true}]}}