{"id":16593,"date":"2021-01-29T13:30:18","date_gmt":"2021-01-29T12:30:18","guid":{"rendered":"http:\/\/www.salesianos.edu\/revistasmx\/?p=16593"},"modified":"2021-01-29T14:02:34","modified_gmt":"2021-01-29T13:02:34","slug":"en-confianza-roberto-espana-educador-en-la-plataforma-social-salesiana-de-burriana","status":"publish","type":"post","link":"https:\/\/www.salesianos.edu\/revistasmx\/en-confianza-roberto-espana-educador-en-la-plataforma-social-salesiana-de-burriana\/","title":{"rendered":"En confianza: Roberto Espa\u00f1a. Educador en la Plataforma Social Salesiana de Burriana"},"content":{"rendered":"<div id=\"fb-root\"><\/div>\n<p>[et_pb_section fb_built=\u00bb1&#8243; admin_label=\u00bbsection\u00bb _builder_version=\u00bb3.22&#8243;][et_pb_row admin_label=\u00bbrow\u00bb _builder_version=\u00bb3.25&#8243; background_size=\u00bbinitial\u00bb background_position=\u00bbtop_left\u00bb background_repeat=\u00bbrepeat\u00bb][et_pb_column type=\u00bb4_4&#8243; _builder_version=\u00bb3.25&#8243; custom_padding=\u00bb|||\u00bb custom_padding__hover=\u00bb|||\u00bb][et_pb_video src=\u00bbhttps:\/\/youtu.be\/h5zr20eGUNY\u00bb _builder_version=\u00bb4.8.1&#8243; _module_preset=\u00bbdefault\u00bb][\/et_pb_video][et_pb_text _builder_version=\u00bb4.8.1&#8243; _module_preset=\u00bbdefault\u00bb]<\/p>\n<p><span style=\"font-weight: 400\">Si me preguntan qui\u00e9n es para mi Don Bosco yo s\u00f3lo puedo decir que es alguien fundamental en mi vida. el trabajo que \u00e9l desempe\u00f1\u00f3 y el trabajo que han continuado los salesianos en la actualidad, ese trabajo de generar espacios \u2018por\u2019, \u2018para\u2019 y sobre todo \u2018de los j\u00f3venes\u2019 y acompa\u00f1ando los procesos vitales, me permitieron a mi encontrar la vocaci\u00f3n de servicio en la casa San Juan Bosco de Valencia. Una vocaci\u00f3n de servicio dirigida a los m\u00e1s j\u00f3venes.<\/span><\/p>\n<p><span style=\"font-weight: 400\">Si me tengo que quedar con algo de la pedagog\u00eda salesiana que es algo que yo intento aplicar a mi d\u00eda a d\u00eda ya sea en el trabajo pero tambi\u00e9n en todo momento es la Alegr\u00eda salesiana. Para mi siempre alegres, es vivir con una alegr\u00eda de verdad, no una alegr\u00eda ingenua. Una alegr\u00eda en los momentos de oportunidad o en los momentos de felicidad, pero tambi\u00e9n en la adversidad, en el miedo y en la incertidumbre.<\/span><\/p>\n<blockquote>\n<p><span style=\"font-weight: 400\">Don Bosco dec\u00eda que la alegr\u00eda nace de la paz del coraz\u00f3n que se siente amado incondicionalmente. Es algo que yo intento tener muy presente en mi d\u00eda a d\u00eda. Tambi\u00e9n\u00a0 en el trabajo, en la casa, con los chicos y con las chicas tengo muy presente la acogida incondicional que nos ense\u00f1\u00f3 Don Bosco.<\/span><\/p>\n<\/blockquote>\n<p><span style=\"font-weight: 400\">\u00c9l se desviv\u00eda acogiendo a sus chicos y es algo que intento yo tambi\u00e9n hacer. De esa manera de confiar en ellos, de confiar en sus procesos y en sus capacidades. Y tambi\u00e9n eso que nos ense\u00f1\u00f3 Don Bosco de que el amor, el cari\u00f1o, el afecto, la amabilidad, es el motor m\u00e1s importante, m\u00e1s fuerte para acompa\u00f1ar a una persona en su camino y que consiga llegar a donde se proponga.<\/span><\/p>\n<p><span style=\"font-weight: 400\">Esto para mi es lo que significa Don Bosco. Un saludo.<\/span><\/p>\n<p>[\/et_pb_text][\/et_pb_column][\/et_pb_row][\/et_pb_section]<\/p>\n","protected":false},"excerpt":{"rendered":"<p>Para mi siempre alegres, es vivir con una alegr\u00eda de verdad, tanto en los momentos de felicidad, pero tambi\u00e9n en la adversidad, en el miedo y en la incertidumbre.<\/p>\n","protected":false},"author":5,"featured_media":16597,"comment_status":"open","ping_status":"closed","sticky":false,"template":"","format":"standard","meta":{"_et_pb_use_builder":"on","_et_pb_old_content":"","_et_gb_content_width":"","footnotes":""},"categories":[32,1],"tags":[],"class_list":["post-16593","post","type-post","status-publish","format-standard","has-post-thumbnail","hentry","category-en-confianza","category-uncategorized"],"yoast_head":"<!-- This site is optimized with the Yoast SEO plugin v27.5 - https:\/\/yoast.com\/product\/yoast-seo-wordpress\/ -->\n<title>En confianza: Roberto Espa\u00f1a. Educador en la Plataforma Social Salesiana de Burriana - Revista SMX<\/title>\n<meta name=\"robots\" content=\"index, follow, max-snippet:-1, max-image-preview:large, max-video-preview:-1\" \/>\n<link rel=\"canonical\" href=\"https:\/\/www.salesianos.edu\/revistasmx\/en-confianza-roberto-espana-educador-en-la-plataforma-social-salesiana-de-burriana\/\" \/>\n<meta property=\"og:locale\" content=\"es_ES\" \/>\n<meta property=\"og:type\" content=\"article\" \/>\n<meta property=\"og:title\" content=\"En confianza: Roberto Espa\u00f1a. Educador en la Plataforma Social Salesiana de Burriana - Revista SMX\" \/>\n<meta property=\"og:description\" content=\"Para mi siempre alegres, es vivir con una alegr\u00eda de verdad, tanto en los momentos de felicidad, pero tambi\u00e9n en la adversidad, en el miedo y en la incertidumbre.\" \/>\n<meta property=\"og:url\" content=\"https:\/\/www.salesianos.edu\/revistasmx\/en-confianza-roberto-espana-educador-en-la-plataforma-social-salesiana-de-burriana\/\" \/>\n<meta property=\"og:site_name\" content=\"Revista SMX\" \/>\n<meta property=\"article:published_time\" content=\"2021-01-29T12:30:18+00:00\" \/>\n<meta property=\"article:modified_time\" content=\"2021-01-29T13:02:34+00:00\" \/>\n<meta property=\"og:image\" content=\"https:\/\/www.salesianos.edu\/revistasmx\/wp-content\/uploads\/sites\/8\/2021\/01\/Captura-de-pantalla-2021-01-29-a-las-10.43.21.png\" \/>\n\t<meta property=\"og:image:width\" content=\"880\" \/>\n\t<meta property=\"og:image:height\" content=\"591\" \/>\n\t<meta property=\"og:image:type\" content=\"image\/png\" \/>\n<meta name=\"author\" content=\"martapeirat\" \/>\n<meta name=\"twitter:card\" content=\"summary_large_image\" \/>\n<meta name=\"twitter:label1\" content=\"Escrito por\" \/>\n\t<meta name=\"twitter:data1\" content=\"martapeirat\" \/>\n\t<meta name=\"twitter:label2\" content=\"Tiempo de lectura\" \/>\n\t<meta name=\"twitter:data2\" content=\"2 minutos\" \/>\n<script type=\"application\/ld+json\" class=\"yoast-schema-graph\">{\"@context\":\"https:\\\/\\\/schema.org\",\"@graph\":[{\"@type\":\"Article\",\"@id\":\"https:\\\/\\\/www.salesianos.edu\\\/revistasmx\\\/en-confianza-roberto-espana-educador-en-la-plataforma-social-salesiana-de-burriana\\\/#article\",\"isPartOf\":{\"@id\":\"https:\\\/\\\/www.salesianos.edu\\\/revistasmx\\\/en-confianza-roberto-espana-educador-en-la-plataforma-social-salesiana-de-burriana\\\/\"},\"author\":{\"name\":\"martapeirat\",\"@id\":\"https:\\\/\\\/www.salesianos.edu\\\/revistasmx\\\/#\\\/schema\\\/person\\\/20a80be1bb4e0ed82068c57facf5b237\"},\"headline\":\"En confianza: Roberto Espa\u00f1a. Educador en la Plataforma Social Salesiana de Burriana\",\"datePublished\":\"2021-01-29T12:30:18+00:00\",\"dateModified\":\"2021-01-29T13:02:34+00:00\",\"mainEntityOfPage\":{\"@id\":\"https:\\\/\\\/www.salesianos.edu\\\/revistasmx\\\/en-confianza-roberto-espana-educador-en-la-plataforma-social-salesiana-de-burriana\\\/\"},\"wordCount\":415,\"commentCount\":0,\"image\":{\"@id\":\"https:\\\/\\\/www.salesianos.edu\\\/revistasmx\\\/en-confianza-roberto-espana-educador-en-la-plataforma-social-salesiana-de-burriana\\\/#primaryimage\"},\"thumbnailUrl\":\"https:\\\/\\\/www.salesianos.edu\\\/revistasmx\\\/wp-content\\\/uploads\\\/sites\\\/8\\\/2021\\\/01\\\/Captura-de-pantalla-2021-01-29-a-las-10.43.21.png\",\"articleSection\":[\"EN CONFIANZA\",\"Uncategorized\"],\"inLanguage\":\"es\",\"potentialAction\":[{\"@type\":\"CommentAction\",\"name\":\"Comment\",\"target\":[\"https:\\\/\\\/www.salesianos.edu\\\/revistasmx\\\/en-confianza-roberto-espana-educador-en-la-plataforma-social-salesiana-de-burriana\\\/#respond\"]}]},{\"@type\":\"WebPage\",\"@id\":\"https:\\\/\\\/www.salesianos.edu\\\/revistasmx\\\/en-confianza-roberto-espana-educador-en-la-plataforma-social-salesiana-de-burriana\\\/\",\"url\":\"https:\\\/\\\/www.salesianos.edu\\\/revistasmx\\\/en-confianza-roberto-espana-educador-en-la-plataforma-social-salesiana-de-burriana\\\/\",\"name\":\"En confianza: Roberto Espa\u00f1a. Educador en la Plataforma Social Salesiana de Burriana - Revista SMX\",\"isPartOf\":{\"@id\":\"https:\\\/\\\/www.salesianos.edu\\\/revistasmx\\\/#website\"},\"primaryImageOfPage\":{\"@id\":\"https:\\\/\\\/www.salesianos.edu\\\/revistasmx\\\/en-confianza-roberto-espana-educador-en-la-plataforma-social-salesiana-de-burriana\\\/#primaryimage\"},\"image\":{\"@id\":\"https:\\\/\\\/www.salesianos.edu\\\/revistasmx\\\/en-confianza-roberto-espana-educador-en-la-plataforma-social-salesiana-de-burriana\\\/#primaryimage\"},\"thumbnailUrl\":\"https:\\\/\\\/www.salesianos.edu\\\/revistasmx\\\/wp-content\\\/uploads\\\/sites\\\/8\\\/2021\\\/01\\\/Captura-de-pantalla-2021-01-29-a-las-10.43.21.png\",\"datePublished\":\"2021-01-29T12:30:18+00:00\",\"dateModified\":\"2021-01-29T13:02:34+00:00\",\"author\":{\"@id\":\"https:\\\/\\\/www.salesianos.edu\\\/revistasmx\\\/#\\\/schema\\\/person\\\/20a80be1bb4e0ed82068c57facf5b237\"},\"breadcrumb\":{\"@id\":\"https:\\\/\\\/www.salesianos.edu\\\/revistasmx\\\/en-confianza-roberto-espana-educador-en-la-plataforma-social-salesiana-de-burriana\\\/#breadcrumb\"},\"inLanguage\":\"es\",\"potentialAction\":[{\"@type\":\"ReadAction\",\"target\":[\"https:\\\/\\\/www.salesianos.edu\\\/revistasmx\\\/en-confianza-roberto-espana-educador-en-la-plataforma-social-salesiana-de-burriana\\\/\"]}]},{\"@type\":\"ImageObject\",\"inLanguage\":\"es\",\"@id\":\"https:\\\/\\\/www.salesianos.edu\\\/revistasmx\\\/en-confianza-roberto-espana-educador-en-la-plataforma-social-salesiana-de-burriana\\\/#primaryimage\",\"url\":\"https:\\\/\\\/www.salesianos.edu\\\/revistasmx\\\/wp-content\\\/uploads\\\/sites\\\/8\\\/2021\\\/01\\\/Captura-de-pantalla-2021-01-29-a-las-10.43.21.png\",\"contentUrl\":\"https:\\\/\\\/www.salesianos.edu\\\/revistasmx\\\/wp-content\\\/uploads\\\/sites\\\/8\\\/2021\\\/01\\\/Captura-de-pantalla-2021-01-29-a-las-10.43.21.png\",\"width\":880,\"height\":591},{\"@type\":\"BreadcrumbList\",\"@id\":\"https:\\\/\\\/www.salesianos.edu\\\/revistasmx\\\/en-confianza-roberto-espana-educador-en-la-plataforma-social-salesiana-de-burriana\\\/#breadcrumb\",\"itemListElement\":[{\"@type\":\"ListItem\",\"position\":1,\"name\":\"Portada\",\"item\":\"http:\\\/\\\/www.salesianos.edu\\\/revistasmx\\\/\"},{\"@type\":\"ListItem\",\"position\":2,\"name\":\"En confianza: Roberto Espa\u00f1a. Educador en la Plataforma Social Salesiana de Burriana\"}]},{\"@type\":\"WebSite\",\"@id\":\"https:\\\/\\\/www.salesianos.edu\\\/revistasmx\\\/#website\",\"url\":\"https:\\\/\\\/www.salesianos.edu\\\/revistasmx\\\/\",\"name\":\"Revista SMX\",\"description\":\"P\u00e1gina oficial de Inspector\u00eda Salesiana Mar\u00eda Auxiliadora\",\"potentialAction\":[{\"@type\":\"SearchAction\",\"target\":{\"@type\":\"EntryPoint\",\"urlTemplate\":\"https:\\\/\\\/www.salesianos.edu\\\/revistasmx\\\/?s={search_term_string}\"},\"query-input\":{\"@type\":\"PropertyValueSpecification\",\"valueRequired\":true,\"valueName\":\"search_term_string\"}}],\"inLanguage\":\"es\"},{\"@type\":\"Person\",\"@id\":\"https:\\\/\\\/www.salesianos.edu\\\/revistasmx\\\/#\\\/schema\\\/person\\\/20a80be1bb4e0ed82068c57facf5b237\",\"name\":\"martapeirat\",\"image\":{\"@type\":\"ImageObject\",\"inLanguage\":\"es\",\"@id\":\"https:\\\/\\\/secure.gravatar.com\\\/avatar\\\/1139b81b40ed1dde466563679597db378e7092bbfdd7ebb264c437fedde866d7?s=96&d=mm&r=g\",\"url\":\"https:\\\/\\\/secure.gravatar.com\\\/avatar\\\/1139b81b40ed1dde466563679597db378e7092bbfdd7ebb264c437fedde866d7?s=96&d=mm&r=g\",\"contentUrl\":\"https:\\\/\\\/secure.gravatar.com\\\/avatar\\\/1139b81b40ed1dde466563679597db378e7092bbfdd7ebb264c437fedde866d7?s=96&d=mm&r=g\",\"caption\":\"martapeirat\"}}]}<\/script>\n<!-- \/ Yoast SEO plugin. -->","yoast_head_json":{"title":"En confianza: Roberto Espa\u00f1a. Educador en la Plataforma Social Salesiana de Burriana - Revista SMX","robots":{"index":"index","follow":"follow","max-snippet":"max-snippet:-1","max-image-preview":"max-image-preview:large","max-video-preview":"max-video-preview:-1"},"canonical":"https:\/\/www.salesianos.edu\/revistasmx\/en-confianza-roberto-espana-educador-en-la-plataforma-social-salesiana-de-burriana\/","og_locale":"es_ES","og_type":"article","og_title":"En confianza: Roberto Espa\u00f1a. Educador en la Plataforma Social Salesiana de Burriana - Revista SMX","og_description":"Para mi siempre alegres, es vivir con una alegr\u00eda de verdad, tanto en los momentos de felicidad, pero tambi\u00e9n en la adversidad, en el miedo y en la incertidumbre.","og_url":"https:\/\/www.salesianos.edu\/revistasmx\/en-confianza-roberto-espana-educador-en-la-plataforma-social-salesiana-de-burriana\/","og_site_name":"Revista SMX","article_published_time":"2021-01-29T12:30:18+00:00","article_modified_time":"2021-01-29T13:02:34+00:00","og_image":[{"width":880,"height":591,"url":"https:\/\/www.salesianos.edu\/revistasmx\/wp-content\/uploads\/sites\/8\/2021\/01\/Captura-de-pantalla-2021-01-29-a-las-10.43.21.png","type":"image\/png"}],"author":"martapeirat","twitter_card":"summary_large_image","twitter_misc":{"Escrito por":"martapeirat","Tiempo de lectura":"2 minutos"},"schema":{"@context":"https:\/\/schema.org","@graph":[{"@type":"Article","@id":"https:\/\/www.salesianos.edu\/revistasmx\/en-confianza-roberto-espana-educador-en-la-plataforma-social-salesiana-de-burriana\/#article","isPartOf":{"@id":"https:\/\/www.salesianos.edu\/revistasmx\/en-confianza-roberto-espana-educador-en-la-plataforma-social-salesiana-de-burriana\/"},"author":{"name":"martapeirat","@id":"https:\/\/www.salesianos.edu\/revistasmx\/#\/schema\/person\/20a80be1bb4e0ed82068c57facf5b237"},"headline":"En confianza: Roberto Espa\u00f1a. Educador en la Plataforma Social Salesiana de Burriana","datePublished":"2021-01-29T12:30:18+00:00","dateModified":"2021-01-29T13:02:34+00:00","mainEntityOfPage":{"@id":"https:\/\/www.salesianos.edu\/revistasmx\/en-confianza-roberto-espana-educador-en-la-plataforma-social-salesiana-de-burriana\/"},"wordCount":415,"commentCount":0,"image":{"@id":"https:\/\/www.salesianos.edu\/revistasmx\/en-confianza-roberto-espana-educador-en-la-plataforma-social-salesiana-de-burriana\/#primaryimage"},"thumbnailUrl":"https:\/\/www.salesianos.edu\/revistasmx\/wp-content\/uploads\/sites\/8\/2021\/01\/Captura-de-pantalla-2021-01-29-a-las-10.43.21.png","articleSection":["EN CONFIANZA","Uncategorized"],"inLanguage":"es","potentialAction":[{"@type":"CommentAction","name":"Comment","target":["https:\/\/www.salesianos.edu\/revistasmx\/en-confianza-roberto-espana-educador-en-la-plataforma-social-salesiana-de-burriana\/#respond"]}]},{"@type":"WebPage","@id":"https:\/\/www.salesianos.edu\/revistasmx\/en-confianza-roberto-espana-educador-en-la-plataforma-social-salesiana-de-burriana\/","url":"https:\/\/www.salesianos.edu\/revistasmx\/en-confianza-roberto-espana-educador-en-la-plataforma-social-salesiana-de-burriana\/","name":"En confianza: Roberto Espa\u00f1a. Educador en la Plataforma Social Salesiana de Burriana - Revista SMX","isPartOf":{"@id":"https:\/\/www.salesianos.edu\/revistasmx\/#website"},"primaryImageOfPage":{"@id":"https:\/\/www.salesianos.edu\/revistasmx\/en-confianza-roberto-espana-educador-en-la-plataforma-social-salesiana-de-burriana\/#primaryimage"},"image":{"@id":"https:\/\/www.salesianos.edu\/revistasmx\/en-confianza-roberto-espana-educador-en-la-plataforma-social-salesiana-de-burriana\/#primaryimage"},"thumbnailUrl":"https:\/\/www.salesianos.edu\/revistasmx\/wp-content\/uploads\/sites\/8\/2021\/01\/Captura-de-pantalla-2021-01-29-a-las-10.43.21.png","datePublished":"2021-01-29T12:30:18+00:00","dateModified":"2021-01-29T13:02:34+00:00","author":{"@id":"https:\/\/www.salesianos.edu\/revistasmx\/#\/schema\/person\/20a80be1bb4e0ed82068c57facf5b237"},"breadcrumb":{"@id":"https:\/\/www.salesianos.edu\/revistasmx\/en-confianza-roberto-espana-educador-en-la-plataforma-social-salesiana-de-burriana\/#breadcrumb"},"inLanguage":"es","potentialAction":[{"@type":"ReadAction","target":["https:\/\/www.salesianos.edu\/revistasmx\/en-confianza-roberto-espana-educador-en-la-plataforma-social-salesiana-de-burriana\/"]}]},{"@type":"ImageObject","inLanguage":"es","@id":"https:\/\/www.salesianos.edu\/revistasmx\/en-confianza-roberto-espana-educador-en-la-plataforma-social-salesiana-de-burriana\/#primaryimage","url":"https:\/\/www.salesianos.edu\/revistasmx\/wp-content\/uploads\/sites\/8\/2021\/01\/Captura-de-pantalla-2021-01-29-a-las-10.43.21.png","contentUrl":"https:\/\/www.salesianos.edu\/revistasmx\/wp-content\/uploads\/sites\/8\/2021\/01\/Captura-de-pantalla-2021-01-29-a-las-10.43.21.png","width":880,"height":591},{"@type":"BreadcrumbList","@id":"https:\/\/www.salesianos.edu\/revistasmx\/en-confianza-roberto-espana-educador-en-la-plataforma-social-salesiana-de-burriana\/#breadcrumb","itemListElement":[{"@type":"ListItem","position":1,"name":"Portada","item":"http:\/\/www.salesianos.edu\/revistasmx\/"},{"@type":"ListItem","position":2,"name":"En confianza: Roberto Espa\u00f1a. Educador en la Plataforma Social Salesiana de Burriana"}]},{"@type":"WebSite","@id":"https:\/\/www.salesianos.edu\/revistasmx\/#website","url":"https:\/\/www.salesianos.edu\/revistasmx\/","name":"Revista SMX","description":"P\u00e1gina oficial de Inspector\u00eda Salesiana Mar\u00eda Auxiliadora","potentialAction":[{"@type":"SearchAction","target":{"@type":"EntryPoint","urlTemplate":"https:\/\/www.salesianos.edu\/revistasmx\/?s={search_term_string}"},"query-input":{"@type":"PropertyValueSpecification","valueRequired":true,"valueName":"search_term_string"}}],"inLanguage":"es"},{"@type":"Person","@id":"https:\/\/www.salesianos.edu\/revistasmx\/#\/schema\/person\/20a80be1bb4e0ed82068c57facf5b237","name":"martapeirat","image":{"@type":"ImageObject","inLanguage":"es","@id":"https:\/\/secure.gravatar.com\/avatar\/1139b81b40ed1dde466563679597db378e7092bbfdd7ebb264c437fedde866d7?s=96&d=mm&r=g","url":"https:\/\/secure.gravatar.com\/avatar\/1139b81b40ed1dde466563679597db378e7092bbfdd7ebb264c437fedde866d7?s=96&d=mm&r=g","contentUrl":"https:\/\/secure.gravatar.com\/avatar\/1139b81b40ed1dde466563679597db378e7092bbfdd7ebb264c437fedde866d7?s=96&d=mm&r=g","caption":"martapeirat"}}]}},"_links":{"self":[{"href":"https:\/\/www.salesianos.edu\/revistasmx\/wp-json\/wp\/v2\/posts\/16593","targetHints":{"allow":["GET"]}}],"collection":[{"href":"https:\/\/www.salesianos.edu\/revistasmx\/wp-json\/wp\/v2\/posts"}],"about":[{"href":"https:\/\/www.salesianos.edu\/revistasmx\/wp-json\/wp\/v2\/types\/post"}],"author":[{"embeddable":true,"href":"https:\/\/www.salesianos.edu\/revistasmx\/wp-json\/wp\/v2\/users\/5"}],"replies":[{"embeddable":true,"href":"https:\/\/www.salesianos.edu\/revistasmx\/wp-json\/wp\/v2\/comments?post=16593"}],"version-history":[{"count":5,"href":"https:\/\/www.salesianos.edu\/revistasmx\/wp-json\/wp\/v2\/posts\/16593\/revisions"}],"predecessor-version":[{"id":16670,"href":"https:\/\/www.salesianos.edu\/revistasmx\/wp-json\/wp\/v2\/posts\/16593\/revisions\/16670"}],"wp:featuredmedia":[{"embeddable":true,"href":"https:\/\/www.salesianos.edu\/revistasmx\/wp-json\/wp\/v2\/media\/16597"}],"wp:attachment":[{"href":"https:\/\/www.salesianos.edu\/revistasmx\/wp-json\/wp\/v2\/media?parent=16593"}],"wp:term":[{"taxonomy":"category","embeddable":true,"href":"https:\/\/www.salesianos.edu\/revistasmx\/wp-json\/wp\/v2\/categories?post=16593"},{"taxonomy":"post_tag","embeddable":true,"href":"https:\/\/www.salesianos.edu\/revistasmx\/wp-json\/wp\/v2\/tags?post=16593"}],"curies":[{"name":"wp","href":"https:\/\/api.w.org\/{rel}","templated":true}]}}