{"id":16464,"date":"2021-01-29T11:30:26","date_gmt":"2021-01-29T10:30:26","guid":{"rendered":"http:\/\/www.salesianos.edu\/revistasmx\/?p=16464"},"modified":"2021-01-29T13:51:10","modified_gmt":"2021-01-29T12:51:10","slug":"coneixent-la-germana-gabriela-religiosa-de-la-puresa-de-maria","status":"publish","type":"post","link":"https:\/\/www.salesianos.edu\/revistasmx\/ca\/coneixent-la-germana-gabriela-religiosa-de-la-puresa-de-maria\/","title":{"rendered":"Coneixent la germana Gabriela, Religiosa de la Puresa de Maria"},"content":{"rendered":"<div id=\"fb-root\"><\/div>\n<p>[et_pb_section fb_built=\u00bb1&#8243; admin_label=\u00bbsection\u00bb _builder_version=\u00bb3.22&#8243;][et_pb_row _builder_version=\u00bb3.25&#8243; background_size=\u00bbinitial\u00bb background_position=\u00bbtop_left\u00bb background_repeat=\u00bbrepeat\u00bb][et_pb_column type=\u00bb4_4&#8243; _builder_version=\u00bb3.25&#8243; custom_padding=\u00bb|||\u00bb custom_padding__hover=\u00bb|||\u00bb][et_pb_text _builder_version=\u00bb4.8.1&#8243; text_line_height=\u00bb1.5em\u00bb hover_enabled=\u00bb0&#8243; sticky_enabled=\u00bb0&#8243;]<\/p>\n<p><em>Per Jorge Juan Reyes sdb.<\/em><\/p>\n<p>[\/et_pb_text][et_pb_text _builder_version=\u00bb4.8.1&#8243; text_line_height=\u00bb1.5em\u00bb hover_enabled=\u00bb0&#8243; sticky_enabled=\u00bb0&#8243;]<\/p>\n<p><span style=\"font-weight: 400\">L&#8217;origen de la seva vocaci\u00f3 sorgeix a trav\u00e9s d&#8217;una experi\u00e8ncia de voluntariat que estava realitzant, al costat d&#8217;un sacerdot i altres voluntaris, a la selva mexicana. All\u00e0, enmig dels ind\u00edgenes i de la pobresa, va descobrir el rostre de Jesucrist i la crida a seguir-lo. El 24 de maig de 2019 realitzava la seva professi\u00f3 com a Religiosa de la Puresa de Maria, dient s\u00ed a la proposta de D\u00e9u.<\/span><\/p>\n<p><span style=\"font-weight: 400\">La germana Gabriela Ochoa va n\u00e9ixer l\u2019any 1990, a Cuman\u00e1, Vene\u00e7uela. T\u00e9 29 anys i \u00e9s llicenciada en Educaci\u00f3, amb menci\u00f3 en angl\u00e8s. Tamb\u00e9 \u00e9s la quarta de sis germans. Els seus pares s\u00f3n professors universitaris. Li agrada llegir, c\u00f3rrer, fer senderisme i brodar. En aquests moments viu a Madrid, al costat d&#8217;altres religioses, realitzant els estudis de teologia a Comillas.<\/span><\/p>\n<p><b>ViS: Germana, \u00bfqui s\u00f3n las Religioses de la Puresa de Maria?<\/b><\/p>\n<p><b>G<\/b><span style=\"font-weight: 400\">: Som les filles d&#8217;un carisma que va n\u00e9ixer fa uns 150 anys. En aquell moment l&#8217;Esperit va voler moure una mare a fer-se c\u00e0rrec d&#8217;un col\u00b7legi en ru\u00efnes, per fer-ne una casa oberta, per respondre a la necessitat d&#8217;una societat que havia deixat de banda la formaci\u00f3 de les nenes. Alberta era mestra, tenia un cor inquiet que feia costat a tothom qui entrava en contacte amb ella, i un desig profund\u00edssim de complir en tot la voluntat de D\u00e9u. Avui aquesta crida s&#8217;actualitza en nosaltres, l&#8217;esperit segueix necessitant de seguidores de Jes\u00fas que es facin mestres i mares.<\/span><\/p>\n<p><b>ViS: A m\u00e9s d\u2019estudiar, \u00bfquines altres coses fas en aquests moments?\u00a0<\/b><\/p>\n<p><b>G<\/b><span style=\"font-weight: 400\">: Faig un parell de classes a l&#8217;escola, s\u00f3c catequista de primera comuni\u00f3 i col\u00b7laboro amb el que calgui. Pel fet de viure en un col\u00b7legi, sempre hi ha activitats i coses a fer. La meva primera missi\u00f3 ara \u00e9s formar-me, i molta d&#8217;aquesta formaci\u00f3 ve d&#8217;estudiar, per\u00f2 un altre poc ser\u00e0 resultat del contacte que tingui en el col\u00b7legi amb els nens, amb els professors, amb el personal, no parem d&#8217;aprendre i cr\u00e9ixer. La meva casa t\u00e9 la sort d&#8217;estar plena de moltes persones i totes tenim alguna cosa que oferir.<\/span><\/p>\n<p><b>ViS<\/b><span style=\"font-weight: 400\">: <\/span><b>Vas tenir una experi\u00e8ncia de conversi\u00f3, \u00bfcom va succeir?, \u00bfper qu\u00e8 vas decidir ser religiosa?, \u00bfqu\u00e8 ha aportat a la teva vida ser religiosa?<\/b><\/p>\n<p><b>G: <\/b><span style=\"font-weight: 400\">Va comen\u00e7ar quan vaig con\u00e8ixer una realitat completament oposada a la meva, all\u00e0 van canviar les meves prioritats, la meva manera de veure i de procedir. Em vaig comen\u00e7ar a trobar assedegada d&#8217;alguna cosa m\u00e9s. Vaig anar fent passos en direcci\u00f3 a una font que calm\u00e9s la meva set i vaig acabar per entendre que nom\u00e9s trobava descans quan estava pr\u00f2xima a Ell. Vaig comen\u00e7ar a caminar amb la idea que Ell vivia en mi, i jo podia viure en el seu amor.<\/span><\/p>\n<p><span style=\"font-weight: 400\">M&#8217;ha aportat tot. Una addici\u00f3 molt tangible s\u00f3n les meves germanes, en elles em trobo estimada, cuidada, sostinguda, en elles el puc estimar. \u00c9s estrany d&#8217;explicar; abans de ser religiosa ja era feli\u00e7, ja pertanyia a una fam\u00edlia, amics, una vida estable, estava bastant satisfeta. Potser m&#8217;ha aportat nom\u00e9s un canvi de mirada, o potser puc viure aquest <\/span><i><span style=\"font-weight: 400\">\u00abJo faig que tot sigui nou\u00bb<\/span><\/i><span style=\"font-weight: 400\">.<\/span><\/p>\n<p><b>ViS: \u00bfQu\u00e8 creus que pot aportar a la nostra societat la vida consagrada?<\/b><\/p>\n<p><b>G: <\/b><span style=\"font-weight: 400\">Preguntes. Podria dir que pot aportar moltes coses; esperan\u00e7a, proximitat, tendresa, algun tipus de resposta&#8230; i de fet tamb\u00e9 aportem aix\u00f2. Per\u00f2 crec que el que amb m\u00e9s facilitat podem aportar s\u00f3n preguntes, m&#8217;agrada pensar que pel mateix fet de veure&#8217;ns, de con\u00e8ixer les nostres vides, es desperti algun interrogant. Crec que aix\u00f2 \u00e9s suficient, un interrogant que inquieti el cor ser\u00e0 suficient per emprendre el cam\u00ed, per despertar la recerca de sentit, no cal m\u00e9s. Obrir-nos a les possibilitats \u00e9s obrir-nos a D\u00e9u.<\/span><\/p>\n<p><b>ViS: Hi ha joves que senten que D\u00e9u els est\u00e0 cridant, per\u00f2 tenen por a respondre, \u00bfqu\u00e8 els diries, a aquests joves?<\/b><\/p>\n<p><b>G: <\/b><span style=\"font-weight: 400\">La por \u00e9s una cosa molt \u00fatil, ens mant\u00e9 atents, desperts, la q\u00fcesti\u00f3 est\u00e0 en no deixar que aquesta por ens governi. Per a mi la clau va ser adonar-me que no tot \u00e9s tan sobtat com aparenta, em semblava que aquesta opci\u00f3 de vida era similar a un salt en el buit, el fet \u00e9s que el Senyor no m&#8217;ha demanat mai res m\u00e9s que un pas cada vegada.<\/span><\/p>\n<p><span style=\"font-weight: 400\">Hem escoltat moltes vegades aix\u00f2 que el Senyor ens vol valents. Ser valents tamb\u00e9 \u00e9s deixar-se acompanyar, compartir la vida, confrontar. Recordar constantment que, mentre nosaltres estem comen\u00e7ant a aprendre com estimar-lo, Ell ja est\u00e0 irremeiablement enamorat de nosaltres.<\/span><\/p>\n<p>[\/et_pb_text][\/et_pb_column][\/et_pb_row][\/et_pb_section]<\/p>\n","protected":false},"excerpt":{"rendered":"<p>La meua conversi\u00f3 va comen\u00e7ar quan vaig con\u00e8ixer una realitat completament oposada a la meva, all\u00e0 van canviar les meves prioritats, la meva manera de veure i de procedir.<\/p>\n","protected":false},"author":5,"featured_media":16460,"comment_status":"open","ping_status":"closed","sticky":false,"template":"","format":"standard","meta":{"_et_pb_use_builder":"on","_et_pb_old_content":"","_et_gb_content_width":"","footnotes":""},"categories":[142,21,84],"tags":[],"class_list":["post-16464","post","type-post","status-publish","format-standard","has-post-thumbnail","hentry","category-coneixent-a","category-sin-categoria-ca","category-vine-i-segueix-me"],"yoast_head":"<!-- This site is optimized with the Yoast SEO plugin v27.5 - https:\/\/yoast.com\/product\/yoast-seo-wordpress\/ -->\n<title>Coneixent la germana Gabriela, Religiosa de la Puresa de Maria - Revista SMX<\/title>\n<meta name=\"robots\" content=\"index, follow, max-snippet:-1, max-image-preview:large, max-video-preview:-1\" \/>\n<link rel=\"canonical\" href=\"https:\/\/www.salesianos.edu\/revistasmx\/ca\/coneixent-la-germana-gabriela-religiosa-de-la-puresa-de-maria\/\" \/>\n<meta property=\"og:locale\" content=\"es_ES\" \/>\n<meta property=\"og:type\" content=\"article\" \/>\n<meta property=\"og:title\" content=\"Coneixent la germana Gabriela, Religiosa de la Puresa de Maria - Revista SMX\" \/>\n<meta property=\"og:description\" content=\"La meua conversi\u00f3 va comen\u00e7ar quan vaig con\u00e8ixer una realitat completament oposada a la meva, all\u00e0 van canviar les meves prioritats, la meva manera de veure i de procedir.\" \/>\n<meta property=\"og:url\" content=\"https:\/\/www.salesianos.edu\/revistasmx\/ca\/coneixent-la-germana-gabriela-religiosa-de-la-puresa-de-maria\/\" \/>\n<meta property=\"og:site_name\" content=\"Revista SMX\" \/>\n<meta property=\"article:published_time\" content=\"2021-01-29T10:30:26+00:00\" \/>\n<meta property=\"article:modified_time\" content=\"2021-01-29T12:51:10+00:00\" \/>\n<meta property=\"og:image\" content=\"http:\/\/www.salesianos.edu\/revistasmx\/wp-content\/uploads\/sites\/8\/2021\/01\/Captura-de-pantalla-2021-01-28-a-las-13.24.40.png\" \/>\n\t<meta property=\"og:image:width\" content=\"488\" \/>\n\t<meta property=\"og:image:height\" content=\"450\" \/>\n\t<meta property=\"og:image:type\" content=\"image\/png\" \/>\n<meta name=\"author\" content=\"martapeirat\" \/>\n<meta name=\"twitter:card\" content=\"summary_large_image\" \/>\n<meta name=\"twitter:label1\" content=\"Escrito por\" \/>\n\t<meta name=\"twitter:data1\" content=\"martapeirat\" \/>\n\t<meta name=\"twitter:label2\" content=\"Tiempo de lectura\" \/>\n\t<meta name=\"twitter:data2\" content=\"4 minutos\" \/>\n<script type=\"application\/ld+json\" class=\"yoast-schema-graph\">{\"@context\":\"https:\\\/\\\/schema.org\",\"@graph\":[{\"@type\":\"Article\",\"@id\":\"https:\\\/\\\/www.salesianos.edu\\\/revistasmx\\\/ca\\\/coneixent-la-germana-gabriela-religiosa-de-la-puresa-de-maria\\\/#article\",\"isPartOf\":{\"@id\":\"https:\\\/\\\/www.salesianos.edu\\\/revistasmx\\\/ca\\\/coneixent-la-germana-gabriela-religiosa-de-la-puresa-de-maria\\\/\"},\"author\":{\"name\":\"martapeirat\",\"@id\":\"https:\\\/\\\/www.salesianos.edu\\\/revistasmx\\\/#\\\/schema\\\/person\\\/20a80be1bb4e0ed82068c57facf5b237\"},\"headline\":\"Coneixent la germana Gabriela, Religiosa de la Puresa de Maria\",\"datePublished\":\"2021-01-29T10:30:26+00:00\",\"dateModified\":\"2021-01-29T12:51:10+00:00\",\"mainEntityOfPage\":{\"@id\":\"https:\\\/\\\/www.salesianos.edu\\\/revistasmx\\\/ca\\\/coneixent-la-germana-gabriela-religiosa-de-la-puresa-de-maria\\\/\"},\"wordCount\":904,\"commentCount\":0,\"image\":{\"@id\":\"https:\\\/\\\/www.salesianos.edu\\\/revistasmx\\\/ca\\\/coneixent-la-germana-gabriela-religiosa-de-la-puresa-de-maria\\\/#primaryimage\"},\"thumbnailUrl\":\"https:\\\/\\\/www.salesianos.edu\\\/revistasmx\\\/wp-content\\\/uploads\\\/sites\\\/8\\\/2021\\\/01\\\/Captura-de-pantalla-2021-01-28-a-las-13.24.40.png\",\"articleSection\":{\"0\":\"Coneixent a\",\"2\":\"VINE I SEGUEIX-ME\"},\"inLanguage\":\"es\",\"potentialAction\":[{\"@type\":\"CommentAction\",\"name\":\"Comment\",\"target\":[\"https:\\\/\\\/www.salesianos.edu\\\/revistasmx\\\/ca\\\/coneixent-la-germana-gabriela-religiosa-de-la-puresa-de-maria\\\/#respond\"]}]},{\"@type\":\"WebPage\",\"@id\":\"https:\\\/\\\/www.salesianos.edu\\\/revistasmx\\\/ca\\\/coneixent-la-germana-gabriela-religiosa-de-la-puresa-de-maria\\\/\",\"url\":\"https:\\\/\\\/www.salesianos.edu\\\/revistasmx\\\/ca\\\/coneixent-la-germana-gabriela-religiosa-de-la-puresa-de-maria\\\/\",\"name\":\"Coneixent la germana Gabriela, Religiosa de la Puresa de Maria - Revista SMX\",\"isPartOf\":{\"@id\":\"https:\\\/\\\/www.salesianos.edu\\\/revistasmx\\\/#website\"},\"primaryImageOfPage\":{\"@id\":\"https:\\\/\\\/www.salesianos.edu\\\/revistasmx\\\/ca\\\/coneixent-la-germana-gabriela-religiosa-de-la-puresa-de-maria\\\/#primaryimage\"},\"image\":{\"@id\":\"https:\\\/\\\/www.salesianos.edu\\\/revistasmx\\\/ca\\\/coneixent-la-germana-gabriela-religiosa-de-la-puresa-de-maria\\\/#primaryimage\"},\"thumbnailUrl\":\"https:\\\/\\\/www.salesianos.edu\\\/revistasmx\\\/wp-content\\\/uploads\\\/sites\\\/8\\\/2021\\\/01\\\/Captura-de-pantalla-2021-01-28-a-las-13.24.40.png\",\"datePublished\":\"2021-01-29T10:30:26+00:00\",\"dateModified\":\"2021-01-29T12:51:10+00:00\",\"author\":{\"@id\":\"https:\\\/\\\/www.salesianos.edu\\\/revistasmx\\\/#\\\/schema\\\/person\\\/20a80be1bb4e0ed82068c57facf5b237\"},\"breadcrumb\":{\"@id\":\"https:\\\/\\\/www.salesianos.edu\\\/revistasmx\\\/ca\\\/coneixent-la-germana-gabriela-religiosa-de-la-puresa-de-maria\\\/#breadcrumb\"},\"inLanguage\":\"es\",\"potentialAction\":[{\"@type\":\"ReadAction\",\"target\":[\"https:\\\/\\\/www.salesianos.edu\\\/revistasmx\\\/ca\\\/coneixent-la-germana-gabriela-religiosa-de-la-puresa-de-maria\\\/\"]}]},{\"@type\":\"ImageObject\",\"inLanguage\":\"es\",\"@id\":\"https:\\\/\\\/www.salesianos.edu\\\/revistasmx\\\/ca\\\/coneixent-la-germana-gabriela-religiosa-de-la-puresa-de-maria\\\/#primaryimage\",\"url\":\"https:\\\/\\\/www.salesianos.edu\\\/revistasmx\\\/wp-content\\\/uploads\\\/sites\\\/8\\\/2021\\\/01\\\/Captura-de-pantalla-2021-01-28-a-las-13.24.40.png\",\"contentUrl\":\"https:\\\/\\\/www.salesianos.edu\\\/revistasmx\\\/wp-content\\\/uploads\\\/sites\\\/8\\\/2021\\\/01\\\/Captura-de-pantalla-2021-01-28-a-las-13.24.40.png\",\"width\":488,\"height\":450},{\"@type\":\"BreadcrumbList\",\"@id\":\"https:\\\/\\\/www.salesianos.edu\\\/revistasmx\\\/ca\\\/coneixent-la-germana-gabriela-religiosa-de-la-puresa-de-maria\\\/#breadcrumb\",\"itemListElement\":[{\"@type\":\"ListItem\",\"position\":1,\"name\":\"Portada\",\"item\":\"http:\\\/\\\/www.salesianos.edu\\\/revistasmx\\\/\"},{\"@type\":\"ListItem\",\"position\":2,\"name\":\"Coneixent la germana Gabriela, Religiosa de la Puresa de Maria\"}]},{\"@type\":\"WebSite\",\"@id\":\"https:\\\/\\\/www.salesianos.edu\\\/revistasmx\\\/#website\",\"url\":\"https:\\\/\\\/www.salesianos.edu\\\/revistasmx\\\/\",\"name\":\"Revista SMX\",\"description\":\"P\u00e1gina oficial de Inspector\u00eda Salesiana Mar\u00eda Auxiliadora\",\"potentialAction\":[{\"@type\":\"SearchAction\",\"target\":{\"@type\":\"EntryPoint\",\"urlTemplate\":\"https:\\\/\\\/www.salesianos.edu\\\/revistasmx\\\/?s={search_term_string}\"},\"query-input\":{\"@type\":\"PropertyValueSpecification\",\"valueRequired\":true,\"valueName\":\"search_term_string\"}}],\"inLanguage\":\"es\"},{\"@type\":\"Person\",\"@id\":\"https:\\\/\\\/www.salesianos.edu\\\/revistasmx\\\/#\\\/schema\\\/person\\\/20a80be1bb4e0ed82068c57facf5b237\",\"name\":\"martapeirat\",\"image\":{\"@type\":\"ImageObject\",\"inLanguage\":\"es\",\"@id\":\"https:\\\/\\\/secure.gravatar.com\\\/avatar\\\/1139b81b40ed1dde466563679597db378e7092bbfdd7ebb264c437fedde866d7?s=96&d=mm&r=g\",\"url\":\"https:\\\/\\\/secure.gravatar.com\\\/avatar\\\/1139b81b40ed1dde466563679597db378e7092bbfdd7ebb264c437fedde866d7?s=96&d=mm&r=g\",\"contentUrl\":\"https:\\\/\\\/secure.gravatar.com\\\/avatar\\\/1139b81b40ed1dde466563679597db378e7092bbfdd7ebb264c437fedde866d7?s=96&d=mm&r=g\",\"caption\":\"martapeirat\"}}]}<\/script>\n<!-- \/ Yoast SEO plugin. -->","yoast_head_json":{"title":"Coneixent la germana Gabriela, Religiosa de la Puresa de Maria - Revista SMX","robots":{"index":"index","follow":"follow","max-snippet":"max-snippet:-1","max-image-preview":"max-image-preview:large","max-video-preview":"max-video-preview:-1"},"canonical":"https:\/\/www.salesianos.edu\/revistasmx\/ca\/coneixent-la-germana-gabriela-religiosa-de-la-puresa-de-maria\/","og_locale":"es_ES","og_type":"article","og_title":"Coneixent la germana Gabriela, Religiosa de la Puresa de Maria - Revista SMX","og_description":"La meua conversi\u00f3 va comen\u00e7ar quan vaig con\u00e8ixer una realitat completament oposada a la meva, all\u00e0 van canviar les meves prioritats, la meva manera de veure i de procedir.","og_url":"https:\/\/www.salesianos.edu\/revistasmx\/ca\/coneixent-la-germana-gabriela-religiosa-de-la-puresa-de-maria\/","og_site_name":"Revista SMX","article_published_time":"2021-01-29T10:30:26+00:00","article_modified_time":"2021-01-29T12:51:10+00:00","og_image":[{"width":488,"height":450,"url":"http:\/\/www.salesianos.edu\/revistasmx\/wp-content\/uploads\/sites\/8\/2021\/01\/Captura-de-pantalla-2021-01-28-a-las-13.24.40.png","type":"image\/png"}],"author":"martapeirat","twitter_card":"summary_large_image","twitter_misc":{"Escrito por":"martapeirat","Tiempo de lectura":"4 minutos"},"schema":{"@context":"https:\/\/schema.org","@graph":[{"@type":"Article","@id":"https:\/\/www.salesianos.edu\/revistasmx\/ca\/coneixent-la-germana-gabriela-religiosa-de-la-puresa-de-maria\/#article","isPartOf":{"@id":"https:\/\/www.salesianos.edu\/revistasmx\/ca\/coneixent-la-germana-gabriela-religiosa-de-la-puresa-de-maria\/"},"author":{"name":"martapeirat","@id":"https:\/\/www.salesianos.edu\/revistasmx\/#\/schema\/person\/20a80be1bb4e0ed82068c57facf5b237"},"headline":"Coneixent la germana Gabriela, Religiosa de la Puresa de Maria","datePublished":"2021-01-29T10:30:26+00:00","dateModified":"2021-01-29T12:51:10+00:00","mainEntityOfPage":{"@id":"https:\/\/www.salesianos.edu\/revistasmx\/ca\/coneixent-la-germana-gabriela-religiosa-de-la-puresa-de-maria\/"},"wordCount":904,"commentCount":0,"image":{"@id":"https:\/\/www.salesianos.edu\/revistasmx\/ca\/coneixent-la-germana-gabriela-religiosa-de-la-puresa-de-maria\/#primaryimage"},"thumbnailUrl":"https:\/\/www.salesianos.edu\/revistasmx\/wp-content\/uploads\/sites\/8\/2021\/01\/Captura-de-pantalla-2021-01-28-a-las-13.24.40.png","articleSection":{"0":"Coneixent a","2":"VINE I SEGUEIX-ME"},"inLanguage":"es","potentialAction":[{"@type":"CommentAction","name":"Comment","target":["https:\/\/www.salesianos.edu\/revistasmx\/ca\/coneixent-la-germana-gabriela-religiosa-de-la-puresa-de-maria\/#respond"]}]},{"@type":"WebPage","@id":"https:\/\/www.salesianos.edu\/revistasmx\/ca\/coneixent-la-germana-gabriela-religiosa-de-la-puresa-de-maria\/","url":"https:\/\/www.salesianos.edu\/revistasmx\/ca\/coneixent-la-germana-gabriela-religiosa-de-la-puresa-de-maria\/","name":"Coneixent la germana Gabriela, Religiosa de la Puresa de Maria - Revista SMX","isPartOf":{"@id":"https:\/\/www.salesianos.edu\/revistasmx\/#website"},"primaryImageOfPage":{"@id":"https:\/\/www.salesianos.edu\/revistasmx\/ca\/coneixent-la-germana-gabriela-religiosa-de-la-puresa-de-maria\/#primaryimage"},"image":{"@id":"https:\/\/www.salesianos.edu\/revistasmx\/ca\/coneixent-la-germana-gabriela-religiosa-de-la-puresa-de-maria\/#primaryimage"},"thumbnailUrl":"https:\/\/www.salesianos.edu\/revistasmx\/wp-content\/uploads\/sites\/8\/2021\/01\/Captura-de-pantalla-2021-01-28-a-las-13.24.40.png","datePublished":"2021-01-29T10:30:26+00:00","dateModified":"2021-01-29T12:51:10+00:00","author":{"@id":"https:\/\/www.salesianos.edu\/revistasmx\/#\/schema\/person\/20a80be1bb4e0ed82068c57facf5b237"},"breadcrumb":{"@id":"https:\/\/www.salesianos.edu\/revistasmx\/ca\/coneixent-la-germana-gabriela-religiosa-de-la-puresa-de-maria\/#breadcrumb"},"inLanguage":"es","potentialAction":[{"@type":"ReadAction","target":["https:\/\/www.salesianos.edu\/revistasmx\/ca\/coneixent-la-germana-gabriela-religiosa-de-la-puresa-de-maria\/"]}]},{"@type":"ImageObject","inLanguage":"es","@id":"https:\/\/www.salesianos.edu\/revistasmx\/ca\/coneixent-la-germana-gabriela-religiosa-de-la-puresa-de-maria\/#primaryimage","url":"https:\/\/www.salesianos.edu\/revistasmx\/wp-content\/uploads\/sites\/8\/2021\/01\/Captura-de-pantalla-2021-01-28-a-las-13.24.40.png","contentUrl":"https:\/\/www.salesianos.edu\/revistasmx\/wp-content\/uploads\/sites\/8\/2021\/01\/Captura-de-pantalla-2021-01-28-a-las-13.24.40.png","width":488,"height":450},{"@type":"BreadcrumbList","@id":"https:\/\/www.salesianos.edu\/revistasmx\/ca\/coneixent-la-germana-gabriela-religiosa-de-la-puresa-de-maria\/#breadcrumb","itemListElement":[{"@type":"ListItem","position":1,"name":"Portada","item":"http:\/\/www.salesianos.edu\/revistasmx\/"},{"@type":"ListItem","position":2,"name":"Coneixent la germana Gabriela, Religiosa de la Puresa de Maria"}]},{"@type":"WebSite","@id":"https:\/\/www.salesianos.edu\/revistasmx\/#website","url":"https:\/\/www.salesianos.edu\/revistasmx\/","name":"Revista SMX","description":"P\u00e1gina oficial de Inspector\u00eda Salesiana Mar\u00eda Auxiliadora","potentialAction":[{"@type":"SearchAction","target":{"@type":"EntryPoint","urlTemplate":"https:\/\/www.salesianos.edu\/revistasmx\/?s={search_term_string}"},"query-input":{"@type":"PropertyValueSpecification","valueRequired":true,"valueName":"search_term_string"}}],"inLanguage":"es"},{"@type":"Person","@id":"https:\/\/www.salesianos.edu\/revistasmx\/#\/schema\/person\/20a80be1bb4e0ed82068c57facf5b237","name":"martapeirat","image":{"@type":"ImageObject","inLanguage":"es","@id":"https:\/\/secure.gravatar.com\/avatar\/1139b81b40ed1dde466563679597db378e7092bbfdd7ebb264c437fedde866d7?s=96&d=mm&r=g","url":"https:\/\/secure.gravatar.com\/avatar\/1139b81b40ed1dde466563679597db378e7092bbfdd7ebb264c437fedde866d7?s=96&d=mm&r=g","contentUrl":"https:\/\/secure.gravatar.com\/avatar\/1139b81b40ed1dde466563679597db378e7092bbfdd7ebb264c437fedde866d7?s=96&d=mm&r=g","caption":"martapeirat"}}]}},"_links":{"self":[{"href":"https:\/\/www.salesianos.edu\/revistasmx\/wp-json\/wp\/v2\/posts\/16464","targetHints":{"allow":["GET"]}}],"collection":[{"href":"https:\/\/www.salesianos.edu\/revistasmx\/wp-json\/wp\/v2\/posts"}],"about":[{"href":"https:\/\/www.salesianos.edu\/revistasmx\/wp-json\/wp\/v2\/types\/post"}],"author":[{"embeddable":true,"href":"https:\/\/www.salesianos.edu\/revistasmx\/wp-json\/wp\/v2\/users\/5"}],"replies":[{"embeddable":true,"href":"https:\/\/www.salesianos.edu\/revistasmx\/wp-json\/wp\/v2\/comments?post=16464"}],"version-history":[{"count":4,"href":"https:\/\/www.salesianos.edu\/revistasmx\/wp-json\/wp\/v2\/posts\/16464\/revisions"}],"predecessor-version":[{"id":16469,"href":"https:\/\/www.salesianos.edu\/revistasmx\/wp-json\/wp\/v2\/posts\/16464\/revisions\/16469"}],"wp:featuredmedia":[{"embeddable":true,"href":"https:\/\/www.salesianos.edu\/revistasmx\/wp-json\/wp\/v2\/media\/16460"}],"wp:attachment":[{"href":"https:\/\/www.salesianos.edu\/revistasmx\/wp-json\/wp\/v2\/media?parent=16464"}],"wp:term":[{"taxonomy":"category","embeddable":true,"href":"https:\/\/www.salesianos.edu\/revistasmx\/wp-json\/wp\/v2\/categories?post=16464"},{"taxonomy":"post_tag","embeddable":true,"href":"https:\/\/www.salesianos.edu\/revistasmx\/wp-json\/wp\/v2\/tags?post=16464"}],"curies":[{"name":"wp","href":"https:\/\/api.w.org\/{rel}","templated":true}]}}