{"id":12515,"date":"2019-11-24T13:00:30","date_gmt":"2019-11-24T12:00:30","guid":{"rendered":"http:\/\/www.salesianos.edu\/revistasmx\/?p=12515"},"modified":"2019-11-29T12:12:12","modified_gmt":"2019-11-29T11:12:12","slug":"una-novela-bien-fundamentada-sobre-el-contexto-historico-de-jesus-de-nazaret","status":"publish","type":"post","link":"https:\/\/www.salesianos.edu\/revistasmx\/una-novela-bien-fundamentada-sobre-el-contexto-historico-de-jesus-de-nazaret\/","title":{"rendered":"Rese\u00f1a: La sombra de Galileo"},"content":{"rendered":"<div id=\"fb-root\"><\/div>\n<p>[et_pb_section fb_built=\u00bb1&#8243; _builder_version=\u00bb3.22&#8243;][et_pb_row _builder_version=\u00bb3.25&#8243; background_size=\u00bbinitial\u00bb background_position=\u00bbtop_left\u00bb background_repeat=\u00bbrepeat\u00bb][et_pb_column type=\u00bb4_4&#8243; _builder_version=\u00bb3.25&#8243; custom_padding=\u00bb|||\u00bb custom_padding__hover=\u00bb|||\u00bb][et_pb_text _builder_version=\u00bb4.0.6&#8243;]<\/p>\n<p><strong>Una novela bien fundamentada sobre el contexto hist\u00f3rico de Jes\u00fas de Nazaret<\/strong><\/p>\n<p>En esta fant\u00e1stica novela, Gerd Theissen nos pone en la piel de Andr\u00e9s (personaje ficticio), un jud\u00edo galileo del siglo primero que, sin comerlo ni beberlo, se ve envuelto en una manifestaci\u00f3n antirromana y acaba detenido por las autoridades. Su \u00fanica opci\u00f3n para salir es investigar para Metilio, lacayo de Poncio Pilato que pretende conocer mejor los distintos movimientos socio-religiosos de la Palestina de la \u00e9poca, y los riesgos que suponen para Roma.<\/p>\n<p>Es as\u00ed como Theissen encuentra la \u00abexcusa narrativa\u00bb para explicar los resultados de sus investigaciones sobre el contexto hist\u00f3rico, social, cultural y religioso en el que vivi\u00f3 y muri\u00f3 Jes\u00fas de Nazaret, un galileo con cuya sombra Andr\u00e9s se encuentra continuamente, y a quien no logra encajar en ninguno de los grupos religiosos del momento, a saber: saduceos, zelotas, fariseos y esenios.<\/p>\n<p>Aprenderemos durante la lectura, casi sin darnos cuenta y tras los pasos de Andr\u00e9s, sobre estos grupos, el funcionamiento del Templo, la relaci\u00f3n entre jud\u00edos y romanos, las causas de la muerte de Jes\u00fas&#8230;<\/p>\n<p>Pero lo m\u00e1s rico, a mi entender, del libro son los dos niveles de lectura que nos posibilita. Por un lado, podemos leer el texto principal como si fuese una novela, sin dejar de aprender lo ya indicado, pero con alguna imprecisi\u00f3n hist\u00f3rica. Y por el otro, podemos leer las abundantes notas a pie de p\u00e1gina, que introducen explicaciones y aclaraciones m\u00e1s t\u00e9cnicas y con total rigor hist\u00f3rico y cr\u00edtico, indicando las licencias literarias que el autor se toma en el texto principal. Adem\u00e1s, tras cada cap\u00edtulo podemos encontrar una carta escrita por el autor a su querido profesor Kratzinger, en las que expone progresivamente su intenci\u00f3n y el m\u00e9todo empleado.<\/p>\n<p>Por todo esto y mucho m\u00e1s, que solo se puede descubrir ley\u00e9ndolo, \u00abLa sombra del Galileo\u00bb es un libro mucho m\u00e1s que recomendable para cualquiera que quiera aprender un poco m\u00e1s del contexto en el que vivi\u00f3 Jes\u00fas de un modo sencillo y entretenido.<\/p>\n<p style=\"text-align: right;\"><em>Luis Manuel Pernas Goy<\/em><\/p>\n<p>&nbsp;<\/p>\n<p>GERD THEISSEN, <strong>La sombra del Galileo.<\/strong>Ediciones S\u00edgueme, Salamanca 2019, 14\u00aa edici\u00f3n.\u00a0 270 p\u00e1g.<\/p>\n<p>&nbsp;<\/p>\n<p>[\/et_pb_text][et_pb_image src=\u00bbhttps:\/\/www.salesianos.edu\/revistasmx\/wp-content\/uploads\/sites\/8\/2019\/11\/rese\u00f1a.jpg\u00bb _builder_version=\u00bb4.0.6&#8243;][\/et_pb_image][\/et_pb_column][\/et_pb_row][\/et_pb_section]<\/p>\n","protected":false},"excerpt":{"rendered":"<p>Una novela bien fundamentada sobre el contexto hist\u00f3rico de Jes\u00fas de Nazaret<\/p>\n","protected":false},"author":12,"featured_media":12520,"comment_status":"open","ping_status":"closed","sticky":false,"template":"","format":"standard","meta":{"_et_pb_use_builder":"on","_et_pb_old_content":"","_et_gb_content_width":"","footnotes":""},"categories":[42],"tags":[],"class_list":["post-12515","post","type-post","status-publish","format-standard","has-post-thumbnail","hentry","category-resena"],"yoast_head":"<!-- This site is optimized with the Yoast SEO plugin v27.5 - https:\/\/yoast.com\/product\/yoast-seo-wordpress\/ -->\n<title>Rese\u00f1a: La sombra de Galileo - Revista SMX<\/title>\n<meta name=\"robots\" content=\"index, follow, max-snippet:-1, max-image-preview:large, max-video-preview:-1\" \/>\n<link rel=\"canonical\" href=\"https:\/\/www.salesianos.edu\/revistasmx\/una-novela-bien-fundamentada-sobre-el-contexto-historico-de-jesus-de-nazaret\/\" \/>\n<meta property=\"og:locale\" content=\"es_ES\" \/>\n<meta property=\"og:type\" content=\"article\" \/>\n<meta property=\"og:title\" content=\"Rese\u00f1a: La sombra de Galileo - Revista SMX\" \/>\n<meta property=\"og:description\" content=\"Una novela bien fundamentada sobre el contexto hist\u00f3rico de Jes\u00fas de Nazaret\" \/>\n<meta property=\"og:url\" content=\"https:\/\/www.salesianos.edu\/revistasmx\/una-novela-bien-fundamentada-sobre-el-contexto-historico-de-jesus-de-nazaret\/\" \/>\n<meta property=\"og:site_name\" content=\"Revista SMX\" \/>\n<meta property=\"article:published_time\" content=\"2019-11-24T12:00:30+00:00\" \/>\n<meta property=\"article:modified_time\" content=\"2019-11-29T11:12:12+00:00\" \/>\n<meta property=\"og:image\" content=\"http:\/\/www.salesianos.edu\/revistasmx\/wp-content\/uploads\/sites\/8\/2019\/11\/rese\u00f1a.jpg\" \/>\n\t<meta property=\"og:image:width\" content=\"600\" \/>\n\t<meta property=\"og:image:height\" content=\"400\" \/>\n\t<meta property=\"og:image:type\" content=\"image\/jpeg\" \/>\n<meta name=\"author\" content=\"joseluisgarciamoscoso\" \/>\n<meta name=\"twitter:card\" content=\"summary_large_image\" \/>\n<meta name=\"twitter:label1\" content=\"Escrito por\" \/>\n\t<meta name=\"twitter:data1\" content=\"joseluisgarciamoscoso\" \/>\n\t<meta name=\"twitter:label2\" content=\"Tiempo de lectura\" \/>\n\t<meta name=\"twitter:data2\" content=\"2 minutos\" \/>\n<script type=\"application\/ld+json\" class=\"yoast-schema-graph\">{\"@context\":\"https:\\\/\\\/schema.org\",\"@graph\":[{\"@type\":\"Article\",\"@id\":\"https:\\\/\\\/www.salesianos.edu\\\/revistasmx\\\/una-novela-bien-fundamentada-sobre-el-contexto-historico-de-jesus-de-nazaret\\\/#article\",\"isPartOf\":{\"@id\":\"https:\\\/\\\/www.salesianos.edu\\\/revistasmx\\\/una-novela-bien-fundamentada-sobre-el-contexto-historico-de-jesus-de-nazaret\\\/\"},\"author\":{\"name\":\"joseluisgarciamoscoso\",\"@id\":\"https:\\\/\\\/www.salesianos.edu\\\/revistasmx\\\/#\\\/schema\\\/person\\\/a1d72ee5373cce7347fb2993ba9f47d6\"},\"headline\":\"Rese\u00f1a: La sombra de Galileo\",\"datePublished\":\"2019-11-24T12:00:30+00:00\",\"dateModified\":\"2019-11-29T11:12:12+00:00\",\"mainEntityOfPage\":{\"@id\":\"https:\\\/\\\/www.salesianos.edu\\\/revistasmx\\\/una-novela-bien-fundamentada-sobre-el-contexto-historico-de-jesus-de-nazaret\\\/\"},\"wordCount\":463,\"commentCount\":0,\"image\":{\"@id\":\"https:\\\/\\\/www.salesianos.edu\\\/revistasmx\\\/una-novela-bien-fundamentada-sobre-el-contexto-historico-de-jesus-de-nazaret\\\/#primaryimage\"},\"thumbnailUrl\":\"https:\\\/\\\/www.salesianos.edu\\\/revistasmx\\\/wp-content\\\/uploads\\\/sites\\\/8\\\/2019\\\/11\\\/rese\u00f1a.jpg\",\"articleSection\":[\"RESE\u00d1A\"],\"inLanguage\":\"es\",\"potentialAction\":[{\"@type\":\"CommentAction\",\"name\":\"Comment\",\"target\":[\"https:\\\/\\\/www.salesianos.edu\\\/revistasmx\\\/una-novela-bien-fundamentada-sobre-el-contexto-historico-de-jesus-de-nazaret\\\/#respond\"]}]},{\"@type\":\"WebPage\",\"@id\":\"https:\\\/\\\/www.salesianos.edu\\\/revistasmx\\\/una-novela-bien-fundamentada-sobre-el-contexto-historico-de-jesus-de-nazaret\\\/\",\"url\":\"https:\\\/\\\/www.salesianos.edu\\\/revistasmx\\\/una-novela-bien-fundamentada-sobre-el-contexto-historico-de-jesus-de-nazaret\\\/\",\"name\":\"Rese\u00f1a: La sombra de Galileo - Revista SMX\",\"isPartOf\":{\"@id\":\"https:\\\/\\\/www.salesianos.edu\\\/revistasmx\\\/#website\"},\"primaryImageOfPage\":{\"@id\":\"https:\\\/\\\/www.salesianos.edu\\\/revistasmx\\\/una-novela-bien-fundamentada-sobre-el-contexto-historico-de-jesus-de-nazaret\\\/#primaryimage\"},\"image\":{\"@id\":\"https:\\\/\\\/www.salesianos.edu\\\/revistasmx\\\/una-novela-bien-fundamentada-sobre-el-contexto-historico-de-jesus-de-nazaret\\\/#primaryimage\"},\"thumbnailUrl\":\"https:\\\/\\\/www.salesianos.edu\\\/revistasmx\\\/wp-content\\\/uploads\\\/sites\\\/8\\\/2019\\\/11\\\/rese\u00f1a.jpg\",\"datePublished\":\"2019-11-24T12:00:30+00:00\",\"dateModified\":\"2019-11-29T11:12:12+00:00\",\"author\":{\"@id\":\"https:\\\/\\\/www.salesianos.edu\\\/revistasmx\\\/#\\\/schema\\\/person\\\/a1d72ee5373cce7347fb2993ba9f47d6\"},\"breadcrumb\":{\"@id\":\"https:\\\/\\\/www.salesianos.edu\\\/revistasmx\\\/una-novela-bien-fundamentada-sobre-el-contexto-historico-de-jesus-de-nazaret\\\/#breadcrumb\"},\"inLanguage\":\"es\",\"potentialAction\":[{\"@type\":\"ReadAction\",\"target\":[\"https:\\\/\\\/www.salesianos.edu\\\/revistasmx\\\/una-novela-bien-fundamentada-sobre-el-contexto-historico-de-jesus-de-nazaret\\\/\"]}]},{\"@type\":\"ImageObject\",\"inLanguage\":\"es\",\"@id\":\"https:\\\/\\\/www.salesianos.edu\\\/revistasmx\\\/una-novela-bien-fundamentada-sobre-el-contexto-historico-de-jesus-de-nazaret\\\/#primaryimage\",\"url\":\"https:\\\/\\\/www.salesianos.edu\\\/revistasmx\\\/wp-content\\\/uploads\\\/sites\\\/8\\\/2019\\\/11\\\/rese\u00f1a.jpg\",\"contentUrl\":\"https:\\\/\\\/www.salesianos.edu\\\/revistasmx\\\/wp-content\\\/uploads\\\/sites\\\/8\\\/2019\\\/11\\\/rese\u00f1a.jpg\",\"width\":600,\"height\":400},{\"@type\":\"BreadcrumbList\",\"@id\":\"https:\\\/\\\/www.salesianos.edu\\\/revistasmx\\\/una-novela-bien-fundamentada-sobre-el-contexto-historico-de-jesus-de-nazaret\\\/#breadcrumb\",\"itemListElement\":[{\"@type\":\"ListItem\",\"position\":1,\"name\":\"Portada\",\"item\":\"http:\\\/\\\/www.salesianos.edu\\\/revistasmx\\\/\"},{\"@type\":\"ListItem\",\"position\":2,\"name\":\"Rese\u00f1a: La sombra de Galileo\"}]},{\"@type\":\"WebSite\",\"@id\":\"https:\\\/\\\/www.salesianos.edu\\\/revistasmx\\\/#website\",\"url\":\"https:\\\/\\\/www.salesianos.edu\\\/revistasmx\\\/\",\"name\":\"Revista SMX\",\"description\":\"P\u00e1gina oficial de Inspector\u00eda Salesiana Mar\u00eda Auxiliadora\",\"potentialAction\":[{\"@type\":\"SearchAction\",\"target\":{\"@type\":\"EntryPoint\",\"urlTemplate\":\"https:\\\/\\\/www.salesianos.edu\\\/revistasmx\\\/?s={search_term_string}\"},\"query-input\":{\"@type\":\"PropertyValueSpecification\",\"valueRequired\":true,\"valueName\":\"search_term_string\"}}],\"inLanguage\":\"es\"},{\"@type\":\"Person\",\"@id\":\"https:\\\/\\\/www.salesianos.edu\\\/revistasmx\\\/#\\\/schema\\\/person\\\/a1d72ee5373cce7347fb2993ba9f47d6\",\"name\":\"joseluisgarciamoscoso\",\"image\":{\"@type\":\"ImageObject\",\"inLanguage\":\"es\",\"@id\":\"https:\\\/\\\/secure.gravatar.com\\\/avatar\\\/3fda3a0b2db3bc9a39871e47cbd526b42d6c3b74755b7ae1400a87b2913fea6a?s=96&d=mm&r=g\",\"url\":\"https:\\\/\\\/secure.gravatar.com\\\/avatar\\\/3fda3a0b2db3bc9a39871e47cbd526b42d6c3b74755b7ae1400a87b2913fea6a?s=96&d=mm&r=g\",\"contentUrl\":\"https:\\\/\\\/secure.gravatar.com\\\/avatar\\\/3fda3a0b2db3bc9a39871e47cbd526b42d6c3b74755b7ae1400a87b2913fea6a?s=96&d=mm&r=g\",\"caption\":\"joseluisgarciamoscoso\"}}]}<\/script>\n<!-- \/ Yoast SEO plugin. -->","yoast_head_json":{"title":"Rese\u00f1a: La sombra de Galileo - Revista SMX","robots":{"index":"index","follow":"follow","max-snippet":"max-snippet:-1","max-image-preview":"max-image-preview:large","max-video-preview":"max-video-preview:-1"},"canonical":"https:\/\/www.salesianos.edu\/revistasmx\/una-novela-bien-fundamentada-sobre-el-contexto-historico-de-jesus-de-nazaret\/","og_locale":"es_ES","og_type":"article","og_title":"Rese\u00f1a: La sombra de Galileo - Revista SMX","og_description":"Una novela bien fundamentada sobre el contexto hist\u00f3rico de Jes\u00fas de Nazaret","og_url":"https:\/\/www.salesianos.edu\/revistasmx\/una-novela-bien-fundamentada-sobre-el-contexto-historico-de-jesus-de-nazaret\/","og_site_name":"Revista SMX","article_published_time":"2019-11-24T12:00:30+00:00","article_modified_time":"2019-11-29T11:12:12+00:00","og_image":[{"width":600,"height":400,"url":"http:\/\/www.salesianos.edu\/revistasmx\/wp-content\/uploads\/sites\/8\/2019\/11\/rese\u00f1a.jpg","type":"image\/jpeg"}],"author":"joseluisgarciamoscoso","twitter_card":"summary_large_image","twitter_misc":{"Escrito por":"joseluisgarciamoscoso","Tiempo de lectura":"2 minutos"},"schema":{"@context":"https:\/\/schema.org","@graph":[{"@type":"Article","@id":"https:\/\/www.salesianos.edu\/revistasmx\/una-novela-bien-fundamentada-sobre-el-contexto-historico-de-jesus-de-nazaret\/#article","isPartOf":{"@id":"https:\/\/www.salesianos.edu\/revistasmx\/una-novela-bien-fundamentada-sobre-el-contexto-historico-de-jesus-de-nazaret\/"},"author":{"name":"joseluisgarciamoscoso","@id":"https:\/\/www.salesianos.edu\/revistasmx\/#\/schema\/person\/a1d72ee5373cce7347fb2993ba9f47d6"},"headline":"Rese\u00f1a: La sombra de Galileo","datePublished":"2019-11-24T12:00:30+00:00","dateModified":"2019-11-29T11:12:12+00:00","mainEntityOfPage":{"@id":"https:\/\/www.salesianos.edu\/revistasmx\/una-novela-bien-fundamentada-sobre-el-contexto-historico-de-jesus-de-nazaret\/"},"wordCount":463,"commentCount":0,"image":{"@id":"https:\/\/www.salesianos.edu\/revistasmx\/una-novela-bien-fundamentada-sobre-el-contexto-historico-de-jesus-de-nazaret\/#primaryimage"},"thumbnailUrl":"https:\/\/www.salesianos.edu\/revistasmx\/wp-content\/uploads\/sites\/8\/2019\/11\/rese\u00f1a.jpg","articleSection":["RESE\u00d1A"],"inLanguage":"es","potentialAction":[{"@type":"CommentAction","name":"Comment","target":["https:\/\/www.salesianos.edu\/revistasmx\/una-novela-bien-fundamentada-sobre-el-contexto-historico-de-jesus-de-nazaret\/#respond"]}]},{"@type":"WebPage","@id":"https:\/\/www.salesianos.edu\/revistasmx\/una-novela-bien-fundamentada-sobre-el-contexto-historico-de-jesus-de-nazaret\/","url":"https:\/\/www.salesianos.edu\/revistasmx\/una-novela-bien-fundamentada-sobre-el-contexto-historico-de-jesus-de-nazaret\/","name":"Rese\u00f1a: La sombra de Galileo - Revista SMX","isPartOf":{"@id":"https:\/\/www.salesianos.edu\/revistasmx\/#website"},"primaryImageOfPage":{"@id":"https:\/\/www.salesianos.edu\/revistasmx\/una-novela-bien-fundamentada-sobre-el-contexto-historico-de-jesus-de-nazaret\/#primaryimage"},"image":{"@id":"https:\/\/www.salesianos.edu\/revistasmx\/una-novela-bien-fundamentada-sobre-el-contexto-historico-de-jesus-de-nazaret\/#primaryimage"},"thumbnailUrl":"https:\/\/www.salesianos.edu\/revistasmx\/wp-content\/uploads\/sites\/8\/2019\/11\/rese\u00f1a.jpg","datePublished":"2019-11-24T12:00:30+00:00","dateModified":"2019-11-29T11:12:12+00:00","author":{"@id":"https:\/\/www.salesianos.edu\/revistasmx\/#\/schema\/person\/a1d72ee5373cce7347fb2993ba9f47d6"},"breadcrumb":{"@id":"https:\/\/www.salesianos.edu\/revistasmx\/una-novela-bien-fundamentada-sobre-el-contexto-historico-de-jesus-de-nazaret\/#breadcrumb"},"inLanguage":"es","potentialAction":[{"@type":"ReadAction","target":["https:\/\/www.salesianos.edu\/revistasmx\/una-novela-bien-fundamentada-sobre-el-contexto-historico-de-jesus-de-nazaret\/"]}]},{"@type":"ImageObject","inLanguage":"es","@id":"https:\/\/www.salesianos.edu\/revistasmx\/una-novela-bien-fundamentada-sobre-el-contexto-historico-de-jesus-de-nazaret\/#primaryimage","url":"https:\/\/www.salesianos.edu\/revistasmx\/wp-content\/uploads\/sites\/8\/2019\/11\/rese\u00f1a.jpg","contentUrl":"https:\/\/www.salesianos.edu\/revistasmx\/wp-content\/uploads\/sites\/8\/2019\/11\/rese\u00f1a.jpg","width":600,"height":400},{"@type":"BreadcrumbList","@id":"https:\/\/www.salesianos.edu\/revistasmx\/una-novela-bien-fundamentada-sobre-el-contexto-historico-de-jesus-de-nazaret\/#breadcrumb","itemListElement":[{"@type":"ListItem","position":1,"name":"Portada","item":"http:\/\/www.salesianos.edu\/revistasmx\/"},{"@type":"ListItem","position":2,"name":"Rese\u00f1a: La sombra de Galileo"}]},{"@type":"WebSite","@id":"https:\/\/www.salesianos.edu\/revistasmx\/#website","url":"https:\/\/www.salesianos.edu\/revistasmx\/","name":"Revista SMX","description":"P\u00e1gina oficial de Inspector\u00eda Salesiana Mar\u00eda Auxiliadora","potentialAction":[{"@type":"SearchAction","target":{"@type":"EntryPoint","urlTemplate":"https:\/\/www.salesianos.edu\/revistasmx\/?s={search_term_string}"},"query-input":{"@type":"PropertyValueSpecification","valueRequired":true,"valueName":"search_term_string"}}],"inLanguage":"es"},{"@type":"Person","@id":"https:\/\/www.salesianos.edu\/revistasmx\/#\/schema\/person\/a1d72ee5373cce7347fb2993ba9f47d6","name":"joseluisgarciamoscoso","image":{"@type":"ImageObject","inLanguage":"es","@id":"https:\/\/secure.gravatar.com\/avatar\/3fda3a0b2db3bc9a39871e47cbd526b42d6c3b74755b7ae1400a87b2913fea6a?s=96&d=mm&r=g","url":"https:\/\/secure.gravatar.com\/avatar\/3fda3a0b2db3bc9a39871e47cbd526b42d6c3b74755b7ae1400a87b2913fea6a?s=96&d=mm&r=g","contentUrl":"https:\/\/secure.gravatar.com\/avatar\/3fda3a0b2db3bc9a39871e47cbd526b42d6c3b74755b7ae1400a87b2913fea6a?s=96&d=mm&r=g","caption":"joseluisgarciamoscoso"}}]}},"_links":{"self":[{"href":"https:\/\/www.salesianos.edu\/revistasmx\/wp-json\/wp\/v2\/posts\/12515","targetHints":{"allow":["GET"]}}],"collection":[{"href":"https:\/\/www.salesianos.edu\/revistasmx\/wp-json\/wp\/v2\/posts"}],"about":[{"href":"https:\/\/www.salesianos.edu\/revistasmx\/wp-json\/wp\/v2\/types\/post"}],"author":[{"embeddable":true,"href":"https:\/\/www.salesianos.edu\/revistasmx\/wp-json\/wp\/v2\/users\/12"}],"replies":[{"embeddable":true,"href":"https:\/\/www.salesianos.edu\/revistasmx\/wp-json\/wp\/v2\/comments?post=12515"}],"version-history":[{"count":7,"href":"https:\/\/www.salesianos.edu\/revistasmx\/wp-json\/wp\/v2\/posts\/12515\/revisions"}],"predecessor-version":[{"id":12628,"href":"https:\/\/www.salesianos.edu\/revistasmx\/wp-json\/wp\/v2\/posts\/12515\/revisions\/12628"}],"wp:featuredmedia":[{"embeddable":true,"href":"https:\/\/www.salesianos.edu\/revistasmx\/wp-json\/wp\/v2\/media\/12520"}],"wp:attachment":[{"href":"https:\/\/www.salesianos.edu\/revistasmx\/wp-json\/wp\/v2\/media?parent=12515"}],"wp:term":[{"taxonomy":"category","embeddable":true,"href":"https:\/\/www.salesianos.edu\/revistasmx\/wp-json\/wp\/v2\/categories?post=12515"},{"taxonomy":"post_tag","embeddable":true,"href":"https:\/\/www.salesianos.edu\/revistasmx\/wp-json\/wp\/v2\/tags?post=12515"}],"curies":[{"name":"wp","href":"https:\/\/api.w.org\/{rel}","templated":true}]}}