{"id":11860,"date":"2019-06-24T13:00:48","date_gmt":"2019-06-24T11:00:48","guid":{"rendered":"http:\/\/www.salesianos.edu\/revistasmx\/?p=11860"},"modified":"2019-06-27T12:21:14","modified_gmt":"2019-06-27T10:21:14","slug":"testimoni-soc-infermer-i-aviat-tambe-sere-sacerdot","status":"publish","type":"post","link":"https:\/\/www.salesianos.edu\/revistasmx\/ca\/testimoni-soc-infermer-i-aviat-tambe-sere-sacerdot\/","title":{"rendered":"Testimoni: s\u00f3c infermer, i aviat tamb\u00e9 ser\u00e9 sacerdot"},"content":{"rendered":"<div id=\"fb-root\"><\/div>\n<p>Tot va comen\u00e7ar amb 15 anys. Est\u00e0vem en catequesi de confirmaci\u00f3 quan el rector va entrar a la sala on ens trob\u00e0vem un grup d&#8217;adolescents amb la nostra catequista i ens va dir que si vol\u00edem, el divendres seg\u00fcent, podr\u00edem participar en les jornades de portes obertes del seminari dioces\u00e0 de Sevilla. Vam acceptar la invitaci\u00f3 i hi vam anar a la setmana seg\u00fcent. I estant all\u00e0 vaig sentir una cosa que fins avui no s\u00f3c capa\u00e7 d&#8217;explicar. Nom\u00e9s arribar a casa meva, vaig dir als meus pares que volia ser capell\u00e0, cosa que no els va fer gr\u00e0cia. Van passar els anys i amb 18 anys, mentre preparava la selectivitat, vaig rebre la trucada del rector del seminari oferint-me seriosament entrar al seminari. Acte seguit de la invitaci\u00f3 vaig penjar, vaig apagar el tel\u00e8fon i el vaig llen\u00e7ar darrere del llit. Vaig sentir una por terrible. Va ser com si em caigu\u00e9s una galleda d&#8217;aigua gelada. Vaig fer selectivitat i vaig entrar a la universitat per comen\u00e7ar el grau en infermeria. I estant de pr\u00e0ctiques a l&#8217;hospital, vaig descobrir que, per molt que jo volgu\u00e9s fugir de D\u00e9u i donar prioritat als meus plans, la felicitat veritable dep\u00e8n nom\u00e9s de seguir-lo a Ell. Portar D\u00e9u als malalts em va obrir els ulls per poder dir-li que s\u00ed. Quan ho vaig dir als meus amics tots es van alegrar molt. Als meus pares els va costar comprendre-ho, per\u00f2 ho van entendre i avui estan molt contents de tenir un fill escollit per a aquesta vida. Vaig acabar la carrera d&#8217;infermeria i, a l&#8217;any seg\u00fcent, vaig entrar al seminari dioces\u00e0 de la ciutat de Sevilla. Ja han passat tres anys, i puc assegurar que no em penedeixo de res. En aquests tres anys he descobert com de feli\u00e7 hom pot arribar a ser posant-se en les mans de D\u00e9u. S\u00f3c infermer i, aviat, tamb\u00e9 sacerdot.<\/p>\n<p><strong>Alejandro Morillo Carmona<\/strong><\/p>\n<p><strong>Seminarista del Seminari Metropolit\u00e0 de Sevilla \u00a0<\/strong><\/p>\n","protected":false},"excerpt":{"rendered":"<p>Alejandro Morillo Carmona, Seminarista del Seminari Metropolit\u00e0 de Sevilla \u00a0<\/p>\n","protected":false},"author":5,"featured_media":11867,"comment_status":"closed","ping_status":"closed","sticky":false,"template":"","format":"standard","meta":{"_et_pb_use_builder":"","_et_pb_old_content":"","_et_gb_content_width":"","footnotes":""},"categories":[144],"tags":[391],"class_list":["post-11860","post","type-post","status-publish","format-standard","has-post-thumbnail","hentry","category-testimoniatge","tag-smx49-ca"],"yoast_head":"<!-- This site is optimized with the Yoast SEO plugin v27.5 - https:\/\/yoast.com\/product\/yoast-seo-wordpress\/ -->\n<title>Testimoni: s\u00f3c infermer, i aviat tamb\u00e9 ser\u00e9 sacerdot - Revista SMX<\/title>\n<meta name=\"robots\" content=\"index, follow, max-snippet:-1, max-image-preview:large, max-video-preview:-1\" \/>\n<link rel=\"canonical\" href=\"https:\/\/www.salesianos.edu\/revistasmx\/ca\/testimoni-soc-infermer-i-aviat-tambe-sere-sacerdot\/\" \/>\n<meta property=\"og:locale\" content=\"es_ES\" \/>\n<meta property=\"og:type\" content=\"article\" \/>\n<meta property=\"og:title\" content=\"Testimoni: s\u00f3c infermer, i aviat tamb\u00e9 ser\u00e9 sacerdot - Revista SMX\" \/>\n<meta property=\"og:description\" content=\"Alejandro Morillo Carmona, Seminarista del Seminari Metropolit\u00e0 de Sevilla \u00a0\" \/>\n<meta property=\"og:url\" content=\"https:\/\/www.salesianos.edu\/revistasmx\/ca\/testimoni-soc-infermer-i-aviat-tambe-sere-sacerdot\/\" \/>\n<meta property=\"og:site_name\" content=\"Revista SMX\" \/>\n<meta property=\"article:published_time\" content=\"2019-06-24T11:00:48+00:00\" \/>\n<meta property=\"article:modified_time\" content=\"2019-06-27T10:21:14+00:00\" \/>\n<meta property=\"og:image\" content=\"https:\/\/www.salesianos.edu\/revistasmx\/wp-content\/uploads\/sites\/8\/2019\/06\/Captura-de-pantalla-2019-06-27-a-las-11.06.29.png\" \/>\n\t<meta property=\"og:image:width\" content=\"708\" \/>\n\t<meta property=\"og:image:height\" content=\"602\" \/>\n\t<meta property=\"og:image:type\" content=\"image\/png\" \/>\n<meta name=\"author\" content=\"martapeirat\" \/>\n<meta name=\"twitter:card\" content=\"summary_large_image\" \/>\n<meta name=\"twitter:label1\" content=\"Escrito por\" \/>\n\t<meta name=\"twitter:data1\" content=\"martapeirat\" \/>\n\t<meta name=\"twitter:label2\" content=\"Tiempo de lectura\" \/>\n\t<meta name=\"twitter:data2\" content=\"2 minutos\" \/>\n<script type=\"application\/ld+json\" class=\"yoast-schema-graph\">{\"@context\":\"https:\\\/\\\/schema.org\",\"@graph\":[{\"@type\":\"Article\",\"@id\":\"https:\\\/\\\/www.salesianos.edu\\\/revistasmx\\\/ca\\\/testimoni-soc-infermer-i-aviat-tambe-sere-sacerdot\\\/#article\",\"isPartOf\":{\"@id\":\"https:\\\/\\\/www.salesianos.edu\\\/revistasmx\\\/ca\\\/testimoni-soc-infermer-i-aviat-tambe-sere-sacerdot\\\/\"},\"author\":{\"name\":\"martapeirat\",\"@id\":\"https:\\\/\\\/www.salesianos.edu\\\/revistasmx\\\/#\\\/schema\\\/person\\\/20a80be1bb4e0ed82068c57facf5b237\"},\"headline\":\"Testimoni: s\u00f3c infermer, i aviat tamb\u00e9 ser\u00e9 sacerdot\",\"datePublished\":\"2019-06-24T11:00:48+00:00\",\"dateModified\":\"2019-06-27T10:21:14+00:00\",\"mainEntityOfPage\":{\"@id\":\"https:\\\/\\\/www.salesianos.edu\\\/revistasmx\\\/ca\\\/testimoni-soc-infermer-i-aviat-tambe-sere-sacerdot\\\/\"},\"wordCount\":359,\"image\":{\"@id\":\"https:\\\/\\\/www.salesianos.edu\\\/revistasmx\\\/ca\\\/testimoni-soc-infermer-i-aviat-tambe-sere-sacerdot\\\/#primaryimage\"},\"thumbnailUrl\":\"https:\\\/\\\/www.salesianos.edu\\\/revistasmx\\\/wp-content\\\/uploads\\\/sites\\\/8\\\/2019\\\/06\\\/Captura-de-pantalla-2019-06-27-a-las-11.06.29.png\",\"keywords\":[\"smx49\"],\"articleSection\":[\"Testimoniatge\"],\"inLanguage\":\"es\"},{\"@type\":\"WebPage\",\"@id\":\"https:\\\/\\\/www.salesianos.edu\\\/revistasmx\\\/ca\\\/testimoni-soc-infermer-i-aviat-tambe-sere-sacerdot\\\/\",\"url\":\"https:\\\/\\\/www.salesianos.edu\\\/revistasmx\\\/ca\\\/testimoni-soc-infermer-i-aviat-tambe-sere-sacerdot\\\/\",\"name\":\"Testimoni: s\u00f3c infermer, i aviat tamb\u00e9 ser\u00e9 sacerdot - Revista SMX\",\"isPartOf\":{\"@id\":\"https:\\\/\\\/www.salesianos.edu\\\/revistasmx\\\/#website\"},\"primaryImageOfPage\":{\"@id\":\"https:\\\/\\\/www.salesianos.edu\\\/revistasmx\\\/ca\\\/testimoni-soc-infermer-i-aviat-tambe-sere-sacerdot\\\/#primaryimage\"},\"image\":{\"@id\":\"https:\\\/\\\/www.salesianos.edu\\\/revistasmx\\\/ca\\\/testimoni-soc-infermer-i-aviat-tambe-sere-sacerdot\\\/#primaryimage\"},\"thumbnailUrl\":\"https:\\\/\\\/www.salesianos.edu\\\/revistasmx\\\/wp-content\\\/uploads\\\/sites\\\/8\\\/2019\\\/06\\\/Captura-de-pantalla-2019-06-27-a-las-11.06.29.png\",\"datePublished\":\"2019-06-24T11:00:48+00:00\",\"dateModified\":\"2019-06-27T10:21:14+00:00\",\"author\":{\"@id\":\"https:\\\/\\\/www.salesianos.edu\\\/revistasmx\\\/#\\\/schema\\\/person\\\/20a80be1bb4e0ed82068c57facf5b237\"},\"breadcrumb\":{\"@id\":\"https:\\\/\\\/www.salesianos.edu\\\/revistasmx\\\/ca\\\/testimoni-soc-infermer-i-aviat-tambe-sere-sacerdot\\\/#breadcrumb\"},\"inLanguage\":\"es\",\"potentialAction\":[{\"@type\":\"ReadAction\",\"target\":[\"https:\\\/\\\/www.salesianos.edu\\\/revistasmx\\\/ca\\\/testimoni-soc-infermer-i-aviat-tambe-sere-sacerdot\\\/\"]}]},{\"@type\":\"ImageObject\",\"inLanguage\":\"es\",\"@id\":\"https:\\\/\\\/www.salesianos.edu\\\/revistasmx\\\/ca\\\/testimoni-soc-infermer-i-aviat-tambe-sere-sacerdot\\\/#primaryimage\",\"url\":\"https:\\\/\\\/www.salesianos.edu\\\/revistasmx\\\/wp-content\\\/uploads\\\/sites\\\/8\\\/2019\\\/06\\\/Captura-de-pantalla-2019-06-27-a-las-11.06.29.png\",\"contentUrl\":\"https:\\\/\\\/www.salesianos.edu\\\/revistasmx\\\/wp-content\\\/uploads\\\/sites\\\/8\\\/2019\\\/06\\\/Captura-de-pantalla-2019-06-27-a-las-11.06.29.png\",\"width\":708,\"height\":602},{\"@type\":\"BreadcrumbList\",\"@id\":\"https:\\\/\\\/www.salesianos.edu\\\/revistasmx\\\/ca\\\/testimoni-soc-infermer-i-aviat-tambe-sere-sacerdot\\\/#breadcrumb\",\"itemListElement\":[{\"@type\":\"ListItem\",\"position\":1,\"name\":\"Portada\",\"item\":\"https:\\\/\\\/www.salesianos.edu\\\/revistasmx\\\/\"},{\"@type\":\"ListItem\",\"position\":2,\"name\":\"Testimoni: s\u00f3c infermer, i aviat tamb\u00e9 ser\u00e9 sacerdot\"}]},{\"@type\":\"WebSite\",\"@id\":\"https:\\\/\\\/www.salesianos.edu\\\/revistasmx\\\/#website\",\"url\":\"https:\\\/\\\/www.salesianos.edu\\\/revistasmx\\\/\",\"name\":\"Revista SMX\",\"description\":\"P\u00e1gina oficial de Inspector\u00eda Salesiana Mar\u00eda Auxiliadora\",\"potentialAction\":[{\"@type\":\"SearchAction\",\"target\":{\"@type\":\"EntryPoint\",\"urlTemplate\":\"https:\\\/\\\/www.salesianos.edu\\\/revistasmx\\\/?s={search_term_string}\"},\"query-input\":{\"@type\":\"PropertyValueSpecification\",\"valueRequired\":true,\"valueName\":\"search_term_string\"}}],\"inLanguage\":\"es\"},{\"@type\":\"Person\",\"@id\":\"https:\\\/\\\/www.salesianos.edu\\\/revistasmx\\\/#\\\/schema\\\/person\\\/20a80be1bb4e0ed82068c57facf5b237\",\"name\":\"martapeirat\",\"image\":{\"@type\":\"ImageObject\",\"inLanguage\":\"es\",\"@id\":\"https:\\\/\\\/secure.gravatar.com\\\/avatar\\\/1139b81b40ed1dde466563679597db378e7092bbfdd7ebb264c437fedde866d7?s=96&d=mm&r=g\",\"url\":\"https:\\\/\\\/secure.gravatar.com\\\/avatar\\\/1139b81b40ed1dde466563679597db378e7092bbfdd7ebb264c437fedde866d7?s=96&d=mm&r=g\",\"contentUrl\":\"https:\\\/\\\/secure.gravatar.com\\\/avatar\\\/1139b81b40ed1dde466563679597db378e7092bbfdd7ebb264c437fedde866d7?s=96&d=mm&r=g\",\"caption\":\"martapeirat\"}}]}<\/script>\n<!-- \/ Yoast SEO plugin. -->","yoast_head_json":{"title":"Testimoni: s\u00f3c infermer, i aviat tamb\u00e9 ser\u00e9 sacerdot - Revista SMX","robots":{"index":"index","follow":"follow","max-snippet":"max-snippet:-1","max-image-preview":"max-image-preview:large","max-video-preview":"max-video-preview:-1"},"canonical":"https:\/\/www.salesianos.edu\/revistasmx\/ca\/testimoni-soc-infermer-i-aviat-tambe-sere-sacerdot\/","og_locale":"es_ES","og_type":"article","og_title":"Testimoni: s\u00f3c infermer, i aviat tamb\u00e9 ser\u00e9 sacerdot - Revista SMX","og_description":"Alejandro Morillo Carmona, Seminarista del Seminari Metropolit\u00e0 de Sevilla \u00a0","og_url":"https:\/\/www.salesianos.edu\/revistasmx\/ca\/testimoni-soc-infermer-i-aviat-tambe-sere-sacerdot\/","og_site_name":"Revista SMX","article_published_time":"2019-06-24T11:00:48+00:00","article_modified_time":"2019-06-27T10:21:14+00:00","og_image":[{"width":708,"height":602,"url":"https:\/\/www.salesianos.edu\/revistasmx\/wp-content\/uploads\/sites\/8\/2019\/06\/Captura-de-pantalla-2019-06-27-a-las-11.06.29.png","type":"image\/png"}],"author":"martapeirat","twitter_card":"summary_large_image","twitter_misc":{"Escrito por":"martapeirat","Tiempo de lectura":"2 minutos"},"schema":{"@context":"https:\/\/schema.org","@graph":[{"@type":"Article","@id":"https:\/\/www.salesianos.edu\/revistasmx\/ca\/testimoni-soc-infermer-i-aviat-tambe-sere-sacerdot\/#article","isPartOf":{"@id":"https:\/\/www.salesianos.edu\/revistasmx\/ca\/testimoni-soc-infermer-i-aviat-tambe-sere-sacerdot\/"},"author":{"name":"martapeirat","@id":"https:\/\/www.salesianos.edu\/revistasmx\/#\/schema\/person\/20a80be1bb4e0ed82068c57facf5b237"},"headline":"Testimoni: s\u00f3c infermer, i aviat tamb\u00e9 ser\u00e9 sacerdot","datePublished":"2019-06-24T11:00:48+00:00","dateModified":"2019-06-27T10:21:14+00:00","mainEntityOfPage":{"@id":"https:\/\/www.salesianos.edu\/revistasmx\/ca\/testimoni-soc-infermer-i-aviat-tambe-sere-sacerdot\/"},"wordCount":359,"image":{"@id":"https:\/\/www.salesianos.edu\/revistasmx\/ca\/testimoni-soc-infermer-i-aviat-tambe-sere-sacerdot\/#primaryimage"},"thumbnailUrl":"https:\/\/www.salesianos.edu\/revistasmx\/wp-content\/uploads\/sites\/8\/2019\/06\/Captura-de-pantalla-2019-06-27-a-las-11.06.29.png","keywords":["smx49"],"articleSection":["Testimoniatge"],"inLanguage":"es"},{"@type":"WebPage","@id":"https:\/\/www.salesianos.edu\/revistasmx\/ca\/testimoni-soc-infermer-i-aviat-tambe-sere-sacerdot\/","url":"https:\/\/www.salesianos.edu\/revistasmx\/ca\/testimoni-soc-infermer-i-aviat-tambe-sere-sacerdot\/","name":"Testimoni: s\u00f3c infermer, i aviat tamb\u00e9 ser\u00e9 sacerdot - Revista SMX","isPartOf":{"@id":"https:\/\/www.salesianos.edu\/revistasmx\/#website"},"primaryImageOfPage":{"@id":"https:\/\/www.salesianos.edu\/revistasmx\/ca\/testimoni-soc-infermer-i-aviat-tambe-sere-sacerdot\/#primaryimage"},"image":{"@id":"https:\/\/www.salesianos.edu\/revistasmx\/ca\/testimoni-soc-infermer-i-aviat-tambe-sere-sacerdot\/#primaryimage"},"thumbnailUrl":"https:\/\/www.salesianos.edu\/revistasmx\/wp-content\/uploads\/sites\/8\/2019\/06\/Captura-de-pantalla-2019-06-27-a-las-11.06.29.png","datePublished":"2019-06-24T11:00:48+00:00","dateModified":"2019-06-27T10:21:14+00:00","author":{"@id":"https:\/\/www.salesianos.edu\/revistasmx\/#\/schema\/person\/20a80be1bb4e0ed82068c57facf5b237"},"breadcrumb":{"@id":"https:\/\/www.salesianos.edu\/revistasmx\/ca\/testimoni-soc-infermer-i-aviat-tambe-sere-sacerdot\/#breadcrumb"},"inLanguage":"es","potentialAction":[{"@type":"ReadAction","target":["https:\/\/www.salesianos.edu\/revistasmx\/ca\/testimoni-soc-infermer-i-aviat-tambe-sere-sacerdot\/"]}]},{"@type":"ImageObject","inLanguage":"es","@id":"https:\/\/www.salesianos.edu\/revistasmx\/ca\/testimoni-soc-infermer-i-aviat-tambe-sere-sacerdot\/#primaryimage","url":"https:\/\/www.salesianos.edu\/revistasmx\/wp-content\/uploads\/sites\/8\/2019\/06\/Captura-de-pantalla-2019-06-27-a-las-11.06.29.png","contentUrl":"https:\/\/www.salesianos.edu\/revistasmx\/wp-content\/uploads\/sites\/8\/2019\/06\/Captura-de-pantalla-2019-06-27-a-las-11.06.29.png","width":708,"height":602},{"@type":"BreadcrumbList","@id":"https:\/\/www.salesianos.edu\/revistasmx\/ca\/testimoni-soc-infermer-i-aviat-tambe-sere-sacerdot\/#breadcrumb","itemListElement":[{"@type":"ListItem","position":1,"name":"Portada","item":"https:\/\/www.salesianos.edu\/revistasmx\/"},{"@type":"ListItem","position":2,"name":"Testimoni: s\u00f3c infermer, i aviat tamb\u00e9 ser\u00e9 sacerdot"}]},{"@type":"WebSite","@id":"https:\/\/www.salesianos.edu\/revistasmx\/#website","url":"https:\/\/www.salesianos.edu\/revistasmx\/","name":"Revista SMX","description":"P\u00e1gina oficial de Inspector\u00eda Salesiana Mar\u00eda Auxiliadora","potentialAction":[{"@type":"SearchAction","target":{"@type":"EntryPoint","urlTemplate":"https:\/\/www.salesianos.edu\/revistasmx\/?s={search_term_string}"},"query-input":{"@type":"PropertyValueSpecification","valueRequired":true,"valueName":"search_term_string"}}],"inLanguage":"es"},{"@type":"Person","@id":"https:\/\/www.salesianos.edu\/revistasmx\/#\/schema\/person\/20a80be1bb4e0ed82068c57facf5b237","name":"martapeirat","image":{"@type":"ImageObject","inLanguage":"es","@id":"https:\/\/secure.gravatar.com\/avatar\/1139b81b40ed1dde466563679597db378e7092bbfdd7ebb264c437fedde866d7?s=96&d=mm&r=g","url":"https:\/\/secure.gravatar.com\/avatar\/1139b81b40ed1dde466563679597db378e7092bbfdd7ebb264c437fedde866d7?s=96&d=mm&r=g","contentUrl":"https:\/\/secure.gravatar.com\/avatar\/1139b81b40ed1dde466563679597db378e7092bbfdd7ebb264c437fedde866d7?s=96&d=mm&r=g","caption":"martapeirat"}}]}},"_links":{"self":[{"href":"https:\/\/www.salesianos.edu\/revistasmx\/wp-json\/wp\/v2\/posts\/11860","targetHints":{"allow":["GET"]}}],"collection":[{"href":"https:\/\/www.salesianos.edu\/revistasmx\/wp-json\/wp\/v2\/posts"}],"about":[{"href":"https:\/\/www.salesianos.edu\/revistasmx\/wp-json\/wp\/v2\/types\/post"}],"author":[{"embeddable":true,"href":"https:\/\/www.salesianos.edu\/revistasmx\/wp-json\/wp\/v2\/users\/5"}],"replies":[{"embeddable":true,"href":"https:\/\/www.salesianos.edu\/revistasmx\/wp-json\/wp\/v2\/comments?post=11860"}],"version-history":[{"count":1,"href":"https:\/\/www.salesianos.edu\/revistasmx\/wp-json\/wp\/v2\/posts\/11860\/revisions"}],"predecessor-version":[{"id":11861,"href":"https:\/\/www.salesianos.edu\/revistasmx\/wp-json\/wp\/v2\/posts\/11860\/revisions\/11861"}],"wp:featuredmedia":[{"embeddable":true,"href":"https:\/\/www.salesianos.edu\/revistasmx\/wp-json\/wp\/v2\/media\/11867"}],"wp:attachment":[{"href":"https:\/\/www.salesianos.edu\/revistasmx\/wp-json\/wp\/v2\/media?parent=11860"}],"wp:term":[{"taxonomy":"category","embeddable":true,"href":"https:\/\/www.salesianos.edu\/revistasmx\/wp-json\/wp\/v2\/categories?post=11860"},{"taxonomy":"post_tag","embeddable":true,"href":"https:\/\/www.salesianos.edu\/revistasmx\/wp-json\/wp\/v2\/tags?post=11860"}],"curies":[{"name":"wp","href":"https:\/\/api.w.org\/{rel}","templated":true}]}}