{"id":11858,"date":"2019-06-24T13:00:24","date_gmt":"2019-06-24T11:00:24","guid":{"rendered":"http:\/\/www.salesianos.edu\/revistasmx\/?p=11858"},"modified":"2020-09-28T10:57:11","modified_gmt":"2020-09-28T08:57:11","slug":"testimonio-soy-enfermero-y-pronto-tambien-sere-sacerdote","status":"publish","type":"post","link":"https:\/\/www.salesianos.edu\/revistasmx\/testimonio-soy-enfermero-y-pronto-tambien-sere-sacerdote\/","title":{"rendered":"Testimonio de Alejandro Morillo"},"content":{"rendered":"<div id=\"fb-root\"><\/div>\n<p>Todo comenz\u00f3 con 15 a\u00f1os. Est\u00e1bamos en catequesis de confirmaci\u00f3n cuando el p\u00e1rroco entr\u00f3 en la sala donde nos encontr\u00e1bamos un grupo de adolescentes con nuestra catequista, y nos dijo que si quer\u00edamos, el pr\u00f3ximo viernes, podr\u00edamos participar en las jornadas de puertas abiertas del seminario diocesano de Sevilla.\u00a0 Aceptamos la invitaci\u00f3n y fuimos a la siguiente semana. Y estando all\u00ed, sent\u00ed algo que hasta hoy no soy capaz de explicar. Nada m\u00e1s llegar a mi casa, le dije a mis padres que quer\u00eda ser cura, cosa que no les hizo gracia. Pasaron los a\u00f1os y con 18 a\u00f1os, mientras preparaba la selectividad, recib\u00ed la llamada del rector del seminario ofreci\u00e9ndome seriamente entrar en el seminario. Acto seguido de la invitaci\u00f3n, colgu\u00e9, apagu\u00e9 el tel\u00e9fono y lo tir\u00e9 detr\u00e1s de la cama. Sent\u00ed un miedo terrible. Fue como si me cayera un cubo de agua helada. Hice selectividad y entr\u00e9 en la universidad para comenzar el grado en enfermer\u00eda. Y estando de pr\u00e1cticas en el hospital, descubr\u00ed que, por mucho que yo quisiera huir de Dios y dar prioridad a mis planes, la felicidad verdadera est\u00e1 solo en seguirle a \u00c9l. Llevar a Dios a los enfermos me abri\u00f3 los ojos para poder decirle que s\u00ed a Dios. Cuando se lo dije a mis amigos todos se alegraron mucho. A mis padres les cost\u00f3 comprenderlo, pero lo entendieron y hoy est\u00e1n muy contentos de tener un hijo escogido para esta vida. Termin\u00e9 la carrera de enfermer\u00eda y, al a\u00f1o siguiente, entr\u00e9 en el seminario diocesano de la ciudad de Sevilla.\u00a0 Han pasado ya tres a\u00f1os, y puedo asegurar que no me arrepiento de nada. En estos tres a\u00f1os he descubierto todo lo feliz que uno puede llegar a ser poni\u00e9ndose en las manos de Dios. Soy enfermero y, pronto, tambi\u00e9n sacerdote.<\/p>\n<p><strong>Alejandro Morillo Carmona<\/strong><\/p>\n<p><strong>Seminarista del Seminario Metropolitano de Sevilla \u00a0<\/strong><\/p>\n","protected":false},"excerpt":{"rendered":"<p>Alejandro Morillo, Seminarista del Seminario Metropolitano de Sevilla \u00a0<\/p>\n","protected":false},"author":5,"featured_media":11868,"comment_status":"closed","ping_status":"closed","sticky":false,"template":"","format":"standard","meta":{"_et_pb_use_builder":"","_et_pb_old_content":"","_et_gb_content_width":"","footnotes":""},"categories":[136],"tags":[389],"class_list":["post-11858","post","type-post","status-publish","format-standard","has-post-thumbnail","hentry","category-testimonio","tag-smx49"],"yoast_head":"<!-- This site is optimized with the Yoast SEO plugin v27.5 - https:\/\/yoast.com\/product\/yoast-seo-wordpress\/ -->\n<title>Testimonio de Alejandro Morillo - Revista SMX<\/title>\n<meta name=\"robots\" content=\"index, follow, max-snippet:-1, max-image-preview:large, max-video-preview:-1\" \/>\n<link rel=\"canonical\" href=\"https:\/\/www.salesianos.edu\/revistasmx\/testimonio-soy-enfermero-y-pronto-tambien-sere-sacerdote\/\" \/>\n<meta property=\"og:locale\" content=\"es_ES\" \/>\n<meta property=\"og:type\" content=\"article\" \/>\n<meta property=\"og:title\" content=\"Testimonio de Alejandro Morillo - Revista SMX\" \/>\n<meta property=\"og:description\" content=\"Alejandro Morillo, Seminarista del Seminario Metropolitano de Sevilla \u00a0\" \/>\n<meta property=\"og:url\" content=\"https:\/\/www.salesianos.edu\/revistasmx\/testimonio-soy-enfermero-y-pronto-tambien-sere-sacerdote\/\" \/>\n<meta property=\"og:site_name\" content=\"Revista SMX\" \/>\n<meta property=\"article:published_time\" content=\"2019-06-24T11:00:24+00:00\" \/>\n<meta property=\"article:modified_time\" content=\"2020-09-28T08:57:11+00:00\" \/>\n<meta property=\"og:image\" content=\"http:\/\/www.salesianos.edu\/revistasmx\/wp-content\/uploads\/sites\/8\/2019\/06\/Captura-de-pantalla-2019-06-27-a-las-11.06.29-1.png\" \/>\n\t<meta property=\"og:image:width\" content=\"708\" \/>\n\t<meta property=\"og:image:height\" content=\"602\" \/>\n\t<meta property=\"og:image:type\" content=\"image\/png\" \/>\n<meta name=\"author\" content=\"martapeirat\" \/>\n<meta name=\"twitter:card\" content=\"summary_large_image\" \/>\n<meta name=\"twitter:label1\" content=\"Escrito por\" \/>\n\t<meta name=\"twitter:data1\" content=\"martapeirat\" \/>\n\t<meta name=\"twitter:label2\" content=\"Tiempo de lectura\" \/>\n\t<meta name=\"twitter:data2\" content=\"2 minutos\" \/>\n<script type=\"application\/ld+json\" class=\"yoast-schema-graph\">{\"@context\":\"https:\\\/\\\/schema.org\",\"@graph\":[{\"@type\":\"Article\",\"@id\":\"https:\\\/\\\/www.salesianos.edu\\\/revistasmx\\\/testimonio-soy-enfermero-y-pronto-tambien-sere-sacerdote\\\/#article\",\"isPartOf\":{\"@id\":\"https:\\\/\\\/www.salesianos.edu\\\/revistasmx\\\/testimonio-soy-enfermero-y-pronto-tambien-sere-sacerdote\\\/\"},\"author\":{\"name\":\"martapeirat\",\"@id\":\"https:\\\/\\\/www.salesianos.edu\\\/revistasmx\\\/#\\\/schema\\\/person\\\/20a80be1bb4e0ed82068c57facf5b237\"},\"headline\":\"Testimonio de Alejandro Morillo\",\"datePublished\":\"2019-06-24T11:00:24+00:00\",\"dateModified\":\"2020-09-28T08:57:11+00:00\",\"mainEntityOfPage\":{\"@id\":\"https:\\\/\\\/www.salesianos.edu\\\/revistasmx\\\/testimonio-soy-enfermero-y-pronto-tambien-sere-sacerdote\\\/\"},\"wordCount\":338,\"image\":{\"@id\":\"https:\\\/\\\/www.salesianos.edu\\\/revistasmx\\\/testimonio-soy-enfermero-y-pronto-tambien-sere-sacerdote\\\/#primaryimage\"},\"thumbnailUrl\":\"https:\\\/\\\/www.salesianos.edu\\\/revistasmx\\\/wp-content\\\/uploads\\\/sites\\\/8\\\/2019\\\/06\\\/Captura-de-pantalla-2019-06-27-a-las-11.06.29-1.png\",\"keywords\":[\"smx49\"],\"articleSection\":[\"Testimonio\"],\"inLanguage\":\"es\"},{\"@type\":\"WebPage\",\"@id\":\"https:\\\/\\\/www.salesianos.edu\\\/revistasmx\\\/testimonio-soy-enfermero-y-pronto-tambien-sere-sacerdote\\\/\",\"url\":\"https:\\\/\\\/www.salesianos.edu\\\/revistasmx\\\/testimonio-soy-enfermero-y-pronto-tambien-sere-sacerdote\\\/\",\"name\":\"Testimonio de Alejandro Morillo - Revista SMX\",\"isPartOf\":{\"@id\":\"https:\\\/\\\/www.salesianos.edu\\\/revistasmx\\\/#website\"},\"primaryImageOfPage\":{\"@id\":\"https:\\\/\\\/www.salesianos.edu\\\/revistasmx\\\/testimonio-soy-enfermero-y-pronto-tambien-sere-sacerdote\\\/#primaryimage\"},\"image\":{\"@id\":\"https:\\\/\\\/www.salesianos.edu\\\/revistasmx\\\/testimonio-soy-enfermero-y-pronto-tambien-sere-sacerdote\\\/#primaryimage\"},\"thumbnailUrl\":\"https:\\\/\\\/www.salesianos.edu\\\/revistasmx\\\/wp-content\\\/uploads\\\/sites\\\/8\\\/2019\\\/06\\\/Captura-de-pantalla-2019-06-27-a-las-11.06.29-1.png\",\"datePublished\":\"2019-06-24T11:00:24+00:00\",\"dateModified\":\"2020-09-28T08:57:11+00:00\",\"author\":{\"@id\":\"https:\\\/\\\/www.salesianos.edu\\\/revistasmx\\\/#\\\/schema\\\/person\\\/20a80be1bb4e0ed82068c57facf5b237\"},\"breadcrumb\":{\"@id\":\"https:\\\/\\\/www.salesianos.edu\\\/revistasmx\\\/testimonio-soy-enfermero-y-pronto-tambien-sere-sacerdote\\\/#breadcrumb\"},\"inLanguage\":\"es\",\"potentialAction\":[{\"@type\":\"ReadAction\",\"target\":[\"https:\\\/\\\/www.salesianos.edu\\\/revistasmx\\\/testimonio-soy-enfermero-y-pronto-tambien-sere-sacerdote\\\/\"]}]},{\"@type\":\"ImageObject\",\"inLanguage\":\"es\",\"@id\":\"https:\\\/\\\/www.salesianos.edu\\\/revistasmx\\\/testimonio-soy-enfermero-y-pronto-tambien-sere-sacerdote\\\/#primaryimage\",\"url\":\"https:\\\/\\\/www.salesianos.edu\\\/revistasmx\\\/wp-content\\\/uploads\\\/sites\\\/8\\\/2019\\\/06\\\/Captura-de-pantalla-2019-06-27-a-las-11.06.29-1.png\",\"contentUrl\":\"https:\\\/\\\/www.salesianos.edu\\\/revistasmx\\\/wp-content\\\/uploads\\\/sites\\\/8\\\/2019\\\/06\\\/Captura-de-pantalla-2019-06-27-a-las-11.06.29-1.png\",\"width\":708,\"height\":602},{\"@type\":\"BreadcrumbList\",\"@id\":\"https:\\\/\\\/www.salesianos.edu\\\/revistasmx\\\/testimonio-soy-enfermero-y-pronto-tambien-sere-sacerdote\\\/#breadcrumb\",\"itemListElement\":[{\"@type\":\"ListItem\",\"position\":1,\"name\":\"Portada\",\"item\":\"http:\\\/\\\/www.salesianos.edu\\\/revistasmx\\\/\"},{\"@type\":\"ListItem\",\"position\":2,\"name\":\"Testimonio de Alejandro Morillo\"}]},{\"@type\":\"WebSite\",\"@id\":\"https:\\\/\\\/www.salesianos.edu\\\/revistasmx\\\/#website\",\"url\":\"https:\\\/\\\/www.salesianos.edu\\\/revistasmx\\\/\",\"name\":\"Revista SMX\",\"description\":\"P\u00e1gina oficial de Inspector\u00eda Salesiana Mar\u00eda Auxiliadora\",\"potentialAction\":[{\"@type\":\"SearchAction\",\"target\":{\"@type\":\"EntryPoint\",\"urlTemplate\":\"https:\\\/\\\/www.salesianos.edu\\\/revistasmx\\\/?s={search_term_string}\"},\"query-input\":{\"@type\":\"PropertyValueSpecification\",\"valueRequired\":true,\"valueName\":\"search_term_string\"}}],\"inLanguage\":\"es\"},{\"@type\":\"Person\",\"@id\":\"https:\\\/\\\/www.salesianos.edu\\\/revistasmx\\\/#\\\/schema\\\/person\\\/20a80be1bb4e0ed82068c57facf5b237\",\"name\":\"martapeirat\",\"image\":{\"@type\":\"ImageObject\",\"inLanguage\":\"es\",\"@id\":\"https:\\\/\\\/secure.gravatar.com\\\/avatar\\\/1139b81b40ed1dde466563679597db378e7092bbfdd7ebb264c437fedde866d7?s=96&d=mm&r=g\",\"url\":\"https:\\\/\\\/secure.gravatar.com\\\/avatar\\\/1139b81b40ed1dde466563679597db378e7092bbfdd7ebb264c437fedde866d7?s=96&d=mm&r=g\",\"contentUrl\":\"https:\\\/\\\/secure.gravatar.com\\\/avatar\\\/1139b81b40ed1dde466563679597db378e7092bbfdd7ebb264c437fedde866d7?s=96&d=mm&r=g\",\"caption\":\"martapeirat\"}}]}<\/script>\n<!-- \/ Yoast SEO plugin. -->","yoast_head_json":{"title":"Testimonio de Alejandro Morillo - Revista SMX","robots":{"index":"index","follow":"follow","max-snippet":"max-snippet:-1","max-image-preview":"max-image-preview:large","max-video-preview":"max-video-preview:-1"},"canonical":"https:\/\/www.salesianos.edu\/revistasmx\/testimonio-soy-enfermero-y-pronto-tambien-sere-sacerdote\/","og_locale":"es_ES","og_type":"article","og_title":"Testimonio de Alejandro Morillo - Revista SMX","og_description":"Alejandro Morillo, Seminarista del Seminario Metropolitano de Sevilla \u00a0","og_url":"https:\/\/www.salesianos.edu\/revistasmx\/testimonio-soy-enfermero-y-pronto-tambien-sere-sacerdote\/","og_site_name":"Revista SMX","article_published_time":"2019-06-24T11:00:24+00:00","article_modified_time":"2020-09-28T08:57:11+00:00","og_image":[{"width":708,"height":602,"url":"http:\/\/www.salesianos.edu\/revistasmx\/wp-content\/uploads\/sites\/8\/2019\/06\/Captura-de-pantalla-2019-06-27-a-las-11.06.29-1.png","type":"image\/png"}],"author":"martapeirat","twitter_card":"summary_large_image","twitter_misc":{"Escrito por":"martapeirat","Tiempo de lectura":"2 minutos"},"schema":{"@context":"https:\/\/schema.org","@graph":[{"@type":"Article","@id":"https:\/\/www.salesianos.edu\/revistasmx\/testimonio-soy-enfermero-y-pronto-tambien-sere-sacerdote\/#article","isPartOf":{"@id":"https:\/\/www.salesianos.edu\/revistasmx\/testimonio-soy-enfermero-y-pronto-tambien-sere-sacerdote\/"},"author":{"name":"martapeirat","@id":"https:\/\/www.salesianos.edu\/revistasmx\/#\/schema\/person\/20a80be1bb4e0ed82068c57facf5b237"},"headline":"Testimonio de Alejandro Morillo","datePublished":"2019-06-24T11:00:24+00:00","dateModified":"2020-09-28T08:57:11+00:00","mainEntityOfPage":{"@id":"https:\/\/www.salesianos.edu\/revistasmx\/testimonio-soy-enfermero-y-pronto-tambien-sere-sacerdote\/"},"wordCount":338,"image":{"@id":"https:\/\/www.salesianos.edu\/revistasmx\/testimonio-soy-enfermero-y-pronto-tambien-sere-sacerdote\/#primaryimage"},"thumbnailUrl":"https:\/\/www.salesianos.edu\/revistasmx\/wp-content\/uploads\/sites\/8\/2019\/06\/Captura-de-pantalla-2019-06-27-a-las-11.06.29-1.png","keywords":["smx49"],"articleSection":["Testimonio"],"inLanguage":"es"},{"@type":"WebPage","@id":"https:\/\/www.salesianos.edu\/revistasmx\/testimonio-soy-enfermero-y-pronto-tambien-sere-sacerdote\/","url":"https:\/\/www.salesianos.edu\/revistasmx\/testimonio-soy-enfermero-y-pronto-tambien-sere-sacerdote\/","name":"Testimonio de Alejandro Morillo - Revista SMX","isPartOf":{"@id":"https:\/\/www.salesianos.edu\/revistasmx\/#website"},"primaryImageOfPage":{"@id":"https:\/\/www.salesianos.edu\/revistasmx\/testimonio-soy-enfermero-y-pronto-tambien-sere-sacerdote\/#primaryimage"},"image":{"@id":"https:\/\/www.salesianos.edu\/revistasmx\/testimonio-soy-enfermero-y-pronto-tambien-sere-sacerdote\/#primaryimage"},"thumbnailUrl":"https:\/\/www.salesianos.edu\/revistasmx\/wp-content\/uploads\/sites\/8\/2019\/06\/Captura-de-pantalla-2019-06-27-a-las-11.06.29-1.png","datePublished":"2019-06-24T11:00:24+00:00","dateModified":"2020-09-28T08:57:11+00:00","author":{"@id":"https:\/\/www.salesianos.edu\/revistasmx\/#\/schema\/person\/20a80be1bb4e0ed82068c57facf5b237"},"breadcrumb":{"@id":"https:\/\/www.salesianos.edu\/revistasmx\/testimonio-soy-enfermero-y-pronto-tambien-sere-sacerdote\/#breadcrumb"},"inLanguage":"es","potentialAction":[{"@type":"ReadAction","target":["https:\/\/www.salesianos.edu\/revistasmx\/testimonio-soy-enfermero-y-pronto-tambien-sere-sacerdote\/"]}]},{"@type":"ImageObject","inLanguage":"es","@id":"https:\/\/www.salesianos.edu\/revistasmx\/testimonio-soy-enfermero-y-pronto-tambien-sere-sacerdote\/#primaryimage","url":"https:\/\/www.salesianos.edu\/revistasmx\/wp-content\/uploads\/sites\/8\/2019\/06\/Captura-de-pantalla-2019-06-27-a-las-11.06.29-1.png","contentUrl":"https:\/\/www.salesianos.edu\/revistasmx\/wp-content\/uploads\/sites\/8\/2019\/06\/Captura-de-pantalla-2019-06-27-a-las-11.06.29-1.png","width":708,"height":602},{"@type":"BreadcrumbList","@id":"https:\/\/www.salesianos.edu\/revistasmx\/testimonio-soy-enfermero-y-pronto-tambien-sere-sacerdote\/#breadcrumb","itemListElement":[{"@type":"ListItem","position":1,"name":"Portada","item":"http:\/\/www.salesianos.edu\/revistasmx\/"},{"@type":"ListItem","position":2,"name":"Testimonio de Alejandro Morillo"}]},{"@type":"WebSite","@id":"https:\/\/www.salesianos.edu\/revistasmx\/#website","url":"https:\/\/www.salesianos.edu\/revistasmx\/","name":"Revista SMX","description":"P\u00e1gina oficial de Inspector\u00eda Salesiana Mar\u00eda Auxiliadora","potentialAction":[{"@type":"SearchAction","target":{"@type":"EntryPoint","urlTemplate":"https:\/\/www.salesianos.edu\/revistasmx\/?s={search_term_string}"},"query-input":{"@type":"PropertyValueSpecification","valueRequired":true,"valueName":"search_term_string"}}],"inLanguage":"es"},{"@type":"Person","@id":"https:\/\/www.salesianos.edu\/revistasmx\/#\/schema\/person\/20a80be1bb4e0ed82068c57facf5b237","name":"martapeirat","image":{"@type":"ImageObject","inLanguage":"es","@id":"https:\/\/secure.gravatar.com\/avatar\/1139b81b40ed1dde466563679597db378e7092bbfdd7ebb264c437fedde866d7?s=96&d=mm&r=g","url":"https:\/\/secure.gravatar.com\/avatar\/1139b81b40ed1dde466563679597db378e7092bbfdd7ebb264c437fedde866d7?s=96&d=mm&r=g","contentUrl":"https:\/\/secure.gravatar.com\/avatar\/1139b81b40ed1dde466563679597db378e7092bbfdd7ebb264c437fedde866d7?s=96&d=mm&r=g","caption":"martapeirat"}}]}},"_links":{"self":[{"href":"https:\/\/www.salesianos.edu\/revistasmx\/wp-json\/wp\/v2\/posts\/11858","targetHints":{"allow":["GET"]}}],"collection":[{"href":"https:\/\/www.salesianos.edu\/revistasmx\/wp-json\/wp\/v2\/posts"}],"about":[{"href":"https:\/\/www.salesianos.edu\/revistasmx\/wp-json\/wp\/v2\/types\/post"}],"author":[{"embeddable":true,"href":"https:\/\/www.salesianos.edu\/revistasmx\/wp-json\/wp\/v2\/users\/5"}],"replies":[{"embeddable":true,"href":"https:\/\/www.salesianos.edu\/revistasmx\/wp-json\/wp\/v2\/comments?post=11858"}],"version-history":[{"count":2,"href":"https:\/\/www.salesianos.edu\/revistasmx\/wp-json\/wp\/v2\/posts\/11858\/revisions"}],"predecessor-version":[{"id":15088,"href":"https:\/\/www.salesianos.edu\/revistasmx\/wp-json\/wp\/v2\/posts\/11858\/revisions\/15088"}],"wp:featuredmedia":[{"embeddable":true,"href":"https:\/\/www.salesianos.edu\/revistasmx\/wp-json\/wp\/v2\/media\/11868"}],"wp:attachment":[{"href":"https:\/\/www.salesianos.edu\/revistasmx\/wp-json\/wp\/v2\/media?parent=11858"}],"wp:term":[{"taxonomy":"category","embeddable":true,"href":"https:\/\/www.salesianos.edu\/revistasmx\/wp-json\/wp\/v2\/categories?post=11858"},{"taxonomy":"post_tag","embeddable":true,"href":"https:\/\/www.salesianos.edu\/revistasmx\/wp-json\/wp\/v2\/tags?post=11858"}],"curies":[{"name":"wp","href":"https:\/\/api.w.org\/{rel}","templated":true}]}}