{"id":11697,"date":"2019-05-24T23:00:04","date_gmt":"2019-05-24T21:00:04","guid":{"rendered":"http:\/\/www.salesianos.edu\/revistasmx\/?p=11697"},"modified":"2019-05-31T13:19:22","modified_gmt":"2019-05-31T11:19:22","slug":"magone-un-campament-vocacional-molt-especial","status":"publish","type":"post","link":"https:\/\/www.salesianos.edu\/revistasmx\/ca\/magone-un-campament-vocacional-molt-especial\/","title":{"rendered":"Magone: Un Campament vocacional molt especial"},"content":{"rendered":"<div id=\"fb-root\"><\/div>\n<p>[et_pb_section bb_built=\u00bb1&#8243; inner_width=\u00bbauto\u00bb inner_max_width=\u00bbnone\u00bb][et_pb_row][et_pb_column type=\u00bb4_4&#8243;][et_pb_image _builder_version=\u00bb3.22.7&#8243; src=\u00bbhttps:\/\/www.salesianos.edu\/revistasmx\/wp-content\/uploads\/sites\/8\/2019\/05\/chavales-de-la-experiencia-de-hace-2-an\u0303os-1.jpg\u00bb z_index_tablet=\u00bb500&#8243; \/][et_pb_text _builder_version=\u00bb3.22.7&#8243; text_text_shadow_horizontal_length=\u00bbtext_text_shadow_style,%91object Object%93&#8243; text_text_shadow_vertical_length=\u00bbtext_text_shadow_style,%91object Object%93&#8243; text_text_shadow_blur_strength=\u00bbtext_text_shadow_style,%91object Object%93&#8243; link_text_shadow_horizontal_length=\u00bblink_text_shadow_style,%91object Object%93&#8243; link_text_shadow_vertical_length=\u00bblink_text_shadow_style,%91object Object%93&#8243; link_text_shadow_blur_strength=\u00bblink_text_shadow_style,%91object Object%93&#8243; ul_text_shadow_horizontal_length=\u00bbul_text_shadow_style,%91object Object%93&#8243; ul_text_shadow_vertical_length=\u00bbul_text_shadow_style,%91object Object%93&#8243; ul_text_shadow_blur_strength=\u00bbul_text_shadow_style,%91object Object%93&#8243; ol_text_shadow_horizontal_length=\u00bbol_text_shadow_style,%91object Object%93&#8243; ol_text_shadow_vertical_length=\u00bbol_text_shadow_style,%91object Object%93&#8243; ol_text_shadow_blur_strength=\u00bbol_text_shadow_style,%91object Object%93&#8243; quote_text_shadow_horizontal_length=\u00bbquote_text_shadow_style,%91object Object%93&#8243; quote_text_shadow_vertical_length=\u00bbquote_text_shadow_style,%91object Object%93&#8243; quote_text_shadow_blur_strength=\u00bbquote_text_shadow_style,%91object Object%93&#8243; header_text_shadow_horizontal_length=\u00bbheader_text_shadow_style,%91object Object%93&#8243; header_text_shadow_vertical_length=\u00bbheader_text_shadow_style,%91object Object%93&#8243; header_text_shadow_blur_strength=\u00bbheader_text_shadow_style,%91object Object%93&#8243; header_2_text_shadow_horizontal_length=\u00bbheader_2_text_shadow_style,%91object Object%93&#8243; header_2_text_shadow_vertical_length=\u00bbheader_2_text_shadow_style,%91object Object%93&#8243; header_2_text_shadow_blur_strength=\u00bbheader_2_text_shadow_style,%91object Object%93&#8243; header_3_text_shadow_horizontal_length=\u00bbheader_3_text_shadow_style,%91object Object%93&#8243; header_3_text_shadow_vertical_length=\u00bbheader_3_text_shadow_style,%91object Object%93&#8243; header_3_text_shadow_blur_strength=\u00bbheader_3_text_shadow_style,%91object Object%93&#8243; header_4_text_shadow_horizontal_length=\u00bbheader_4_text_shadow_style,%91object Object%93&#8243; header_4_text_shadow_vertical_length=\u00bbheader_4_text_shadow_style,%91object Object%93&#8243; header_4_text_shadow_blur_strength=\u00bbheader_4_text_shadow_style,%91object Object%93&#8243; header_5_text_shadow_horizontal_length=\u00bbheader_5_text_shadow_style,%91object Object%93&#8243; header_5_text_shadow_vertical_length=\u00bbheader_5_text_shadow_style,%91object Object%93&#8243; header_5_text_shadow_blur_strength=\u00bbheader_5_text_shadow_style,%91object Object%93&#8243; header_6_text_shadow_horizontal_length=\u00bbheader_6_text_shadow_style,%91object Object%93&#8243; header_6_text_shadow_vertical_length=\u00bbheader_6_text_shadow_style,%91object Object%93&#8243; header_6_text_shadow_blur_strength=\u00bbheader_6_text_shadow_style,%91object Object%93&#8243; z_index_tablet=\u00bb500&#8243;]<\/p>\n<p>El <strong>Campament Magone<\/strong> t\u00e9 una llarga traject\u00f2ria a la nostra inspectoria. El primer va ser en l&#8217;estiu de 1994 i es va realitzar a la casa salesiana de San Jos\u00e9 del Valle (C\u00e1diz). Despr\u00e9s d&#8217;uns anys fabulosos en els quals van passar per aquesta experi\u00e8ncia nombrosos xavals, entre els quals molts d&#8217;ells avui s\u00f3n salesians, el 2016 es va traslladar l&#8217;experi\u00e8ncia a <strong>Palma del R\u00edo<\/strong>, on ja aquest estiu s&#8217;iniciar\u00e0 la 4\u00aa edici\u00f3.<\/p>\n<p>En aquesta \u00faltimes quatre edicions han participat 26 joves de diferents cases de la inspectoria. L&#8217;experi\u00e8ncia comen\u00e7a el dissabte 29 de juny i conclou el 21 de juliol. En aquests \u00faltims anys han participat 5 o 6 joves educadors cada any. S&#8217;espera un nombre similar per aquest estiu.<\/p>\n<p>El salesi\u00e0 <strong>Paco Jaldo<\/strong> \u00e9s, des del passat curs, el responsable de l&#8217;experi\u00e8ncia al costat del tamb\u00e9 salesi\u00e0 <strong>Jos\u00e9 Miguel N\u00fa\u00f1ez<\/strong>, coordinador de l&#8217;Animaci\u00f3 Vocacional de la inspectoria. Jaldo s&#8217;encarrega d&#8217;acompanyar els joves que realitzen l&#8217;experi\u00e8ncia i els ajuda a fer s\u00edntesi personal de l&#8217;experi\u00e8ncia que estan vivint. Cada any els ajuda un altre salesi\u00e0 que completa l&#8217;equip.<\/p>\n<p>\u00abEl Campament Magone vol ser una experi\u00e8ncia de vida salesiana que ajudi al jove a poder descobrir que vol D\u00e9u d&#8217;ell. Els que participen d&#8217;aquesta experi\u00e8ncia s\u00f3n joves que senten que la vida salesiana pot ser un cam\u00ed pel qual D\u00e9u els est\u00e0 guiant, un cam\u00ed per a ser feli\u00e7os. Els quatres pilars en qu\u00e8 se sustenta el camp de treball durant aquests 25 anys han ajudat a molts a descobrir que D\u00e9u els crida a ser salesians \u00ab, explica Jaldo.<\/p>\n<p>[\/et_pb_text][et_pb_video _builder_version=\u00bb3.22.7&#8243; src=\u00bbhttps:\/\/www.youtube.com\/watch?v=QeWi5sl1log  \u00bb z_index_tablet=\u00bb500&#8243; \/][et_pb_accordion _builder_version=\u00bb3.22.7&#8243; text_shadow_horizontal_length=\u00bbtext_shadow_style,%91object Object%93&#8243; text_shadow_vertical_length=\u00bbtext_shadow_style,%91object Object%93&#8243; text_shadow_blur_strength=\u00bbtext_shadow_style,%91object Object%93&#8243; body_text_shadow_horizontal_length=\u00bbbody_text_shadow_style,%91object Object%93&#8243; body_text_shadow_vertical_length=\u00bbbody_text_shadow_style,%91object Object%93&#8243; body_text_shadow_blur_strength=\u00bbbody_text_shadow_style,%91object Object%93&#8243; toggle_text_shadow_horizontal_length=\u00bbtoggle_text_shadow_style,%91object Object%93&#8243; toggle_text_shadow_vertical_length=\u00bbtoggle_text_shadow_style,%91object Object%93&#8243; toggle_text_shadow_blur_strength=\u00bbtoggle_text_shadow_style,%91object Object%93&#8243; z_index_tablet=\u00bb500&#8243;][et_pb_accordion_item _builder_version=\u00bb3.22.7&#8243; title=\u00bbEls quatre pilars de l&#8217;experi\u00e8ncia Magone\u00bb link_option_url_new_window=\u00bboff\u00bb use_background_color_gradient=\u00bboff\u00bb background_color_gradient_start=\u00bb#2b87da\u00bb background_color_gradient_end=\u00bb#29c4a9&#8243; background_color_gradient_type=\u00bblinear\u00bb background_color_gradient_direction=\u00bb180deg\u00bb background_color_gradient_direction_radial=\u00bbcenter\u00bb background_color_gradient_start_position=\u00bb0%\u00bb background_color_gradient_end_position=\u00bb100%\u00bb background_color_gradient_overlays_image=\u00bboff\u00bb parallax=\u00bboff\u00bb parallax_method=\u00bbon\u00bb background_size=\u00bbcover\u00bb background_position=\u00bbcenter\u00bb background_repeat=\u00bbno-repeat\u00bb background_blend=\u00bbnormal\u00bb allow_player_pause=\u00bboff\u00bb background_video_pause_outside_viewport=\u00bbon\u00bb text_shadow_style=\u00bbnone\u00bb text_shadow_horizontal_length=\u00bbtext_shadow_style,%91object Object%93&#8243; text_shadow_vertical_length=\u00bbtext_shadow_style,%91object Object%93&#8243; text_shadow_blur_strength=\u00bbtext_shadow_style,%91object Object%93&#8243; box_shadow_style=\u00bbnone\u00bb box_shadow_horizontal=\u00bbbox_shadow_style,%91object Object%93&#8243; box_shadow_vertical=\u00bbbox_shadow_style,%91object Object%93&#8243; box_shadow_blur=\u00bbbox_shadow_style,%91object Object%93&#8243; box_shadow_spread=\u00bbbox_shadow_style,%91object Object%93&#8243; hover_transition_duration=\u00bb300ms\u00bb hover_transition_delay=\u00bb0ms\u00bb hover_transition_speed_curve=\u00bbease\u00bb]<\/p>\n<p>L&#8217;experi\u00e8ncia Magone se sustenta en quatre pilars, m\u00e9s l&#8217;acompanyament que s&#8217;ofereix, amb els quals s&#8217;ajuda a fer el discerniment vocacional.<\/p>\n<ol>\n<li><strong> Una experi\u00e8ncia comunit\u00e0ria. <\/strong>Els dos salesians amb els joves formen una comunitat que vol compartir durant aquest mes vida i missi\u00f3, com fan els salesians en les comunitats. Tenint cura especialment de la fraternitat.<\/li>\n<\/ol>\n<ol start=\"2\">\n<li><strong> Una experi\u00e8ncia de preg\u00e0ria. <\/strong>Cuidant els moments d&#8217;oraci\u00f3 di\u00e0ria i d&#8217;una manera especial l&#8217;eucaristia di\u00e0ria que se celebra. Tamb\u00e9 es busquen espais de preg\u00e0ria tranquils per tenir un di\u00e0leg ser\u00e8 amb el Senyor.<\/li>\n<\/ol>\n<ol start=\"3\">\n<li><strong> Una experi\u00e8ncia formativa. <\/strong>A la tarda es dedica un moment a la formaci\u00f3, amb diferents tem\u00e0tiques: salesianitat, pastoral, aspecte de la fe, esgl\u00e9sia, cristologia, etc.<\/li>\n<\/ol>\n<ol start=\"4\">\n<li><strong> Una experi\u00e8ncia pastoral. <\/strong>Els salesians i el grup de joves que estan fent l&#8217;experi\u00e8ncia s&#8217;integren en l&#8217;equip d&#8217;animadors de la casa i porten endavant el campament urb\u00e0 que es realitza per a l\u2019alumnat de la secundaria al mat\u00ed, i a la nit s&#8217;anima la terrassa d&#8217;estiu i els campionats esportius que s&#8217;organitzen per a joves majors de 15 anys.<\/li>\n<\/ol>\n<p>&nbsp;<\/p>\n<p>[\/et_pb_accordion_item][\/et_pb_accordion][et_pb_image _builder_version=\u00bb3.22.7&#8243; src=\u00bbhttps:\/\/www.salesianos.edu\/revistasmx\/wp-content\/uploads\/sites\/8\/2019\/05\/Actividad2018-1.jpg\u00bb z_index_tablet=\u00bb500&#8243; \/][et_pb_accordion _builder_version=\u00bb3.22.7&#8243; text_shadow_horizontal_length=\u00bbtext_shadow_style,%91object Object%93&#8243; text_shadow_vertical_length=\u00bbtext_shadow_style,%91object Object%93&#8243; text_shadow_blur_strength=\u00bbtext_shadow_style,%91object Object%93&#8243; body_text_shadow_horizontal_length=\u00bbbody_text_shadow_style,%91object Object%93&#8243; body_text_shadow_vertical_length=\u00bbbody_text_shadow_style,%91object Object%93&#8243; body_text_shadow_blur_strength=\u00bbbody_text_shadow_style,%91object Object%93&#8243; toggle_text_shadow_horizontal_length=\u00bbtoggle_text_shadow_style,%91object Object%93&#8243; toggle_text_shadow_vertical_length=\u00bbtoggle_text_shadow_style,%91object Object%93&#8243; toggle_text_shadow_blur_strength=\u00bbtoggle_text_shadow_style,%91object Object%93&#8243; z_index_tablet=\u00bb500&#8243;][et_pb_accordion_item _builder_version=\u00bb3.22.7&#8243; title=\u00bbPreguntem a Jos\u00e9 Miguel N\u00fa\u00f1ez, coordinador de l&#8217;Animaci\u00f3 Vocacional de la inspectoria.\u00bb link_option_url_new_window=\u00bboff\u00bb use_background_color_gradient=\u00bboff\u00bb background_color_gradient_start=\u00bb#2b87da\u00bb background_color_gradient_end=\u00bb#29c4a9&#8243; background_color_gradient_type=\u00bblinear\u00bb background_color_gradient_direction=\u00bb180deg\u00bb background_color_gradient_direction_radial=\u00bbcenter\u00bb background_color_gradient_start_position=\u00bb0%\u00bb background_color_gradient_end_position=\u00bb100%\u00bb background_color_gradient_overlays_image=\u00bboff\u00bb parallax=\u00bboff\u00bb parallax_method=\u00bbon\u00bb background_size=\u00bbcover\u00bb background_position=\u00bbcenter\u00bb background_repeat=\u00bbno-repeat\u00bb background_blend=\u00bbnormal\u00bb allow_player_pause=\u00bboff\u00bb background_video_pause_outside_viewport=\u00bbon\u00bb text_shadow_style=\u00bbnone\u00bb text_shadow_horizontal_length=\u00bbtext_shadow_style,%91object Object%93&#8243; text_shadow_vertical_length=\u00bbtext_shadow_style,%91object Object%93&#8243; text_shadow_blur_strength=\u00bbtext_shadow_style,%91object Object%93&#8243; box_shadow_style=\u00bbnone\u00bb box_shadow_horizontal=\u00bbbox_shadow_style,%91object Object%93&#8243; box_shadow_vertical=\u00bbbox_shadow_style,%91object Object%93&#8243; box_shadow_blur=\u00bbbox_shadow_style,%91object Object%93&#8243; box_shadow_spread=\u00bbbox_shadow_style,%91object Object%93&#8243; hover_transition_duration=\u00bb300ms\u00bb hover_transition_delay=\u00bb0ms\u00bb hover_transition_speed_curve=\u00bbease\u00bb]<\/p>\n<p><strong>Quin valor dona la Inspectoria a aquest tipus d&#8217;experi\u00e8ncia de discerniment vocacional?<\/strong><\/p>\n<p>El campament urb\u00e0 Magone \u00e9s un campament per al <strong>discerniment vocacional<\/strong> que es ve desenvolupant, amb diferents modalitats en la inspectoria des de fa molts anys. \u00c9s un moment privilegiat dins de l&#8217;itinerari d&#8217;animaci\u00f3 vocacional de l&#8217;any i hi participen nois que ja estan realitzant un cert cam\u00ed de discerniment. Crec que \u00e9s important per a la inspectoria i s&#8217;ha intentat tenir cura en tots aquests anys amb una proposta creativa, ben acompanyada i amb els elements necessaris perqu\u00e8 els joves candidats a la vida religiosa salesiana puguin donar passos en el seu discerniment.<\/p>\n<p><strong>S&#8217;estan pensant noves experi\u00e8ncies en aquesta l\u00ednia?<\/strong><\/p>\n<p>Estem oferint experi\u00e8ncies noves cont\u00ednuament, perqu\u00e8 l&#8217;animaci\u00f3 vocacional \u00e9s sempre creativa i flexible. La <strong>Comunitat Proposta<\/strong> \u00e9s una bona prova d&#8217;aix\u00f2. En aquest moment estem treballant tamb\u00e9 sobre el projecte <strong>\u00abBEBE\u00bb<\/strong> que \u00e9s una proposta molt completa d&#8217;espiritualitat juvenil amb mires al discerniment vocacional. En el projecte, proposem moments sistem\u00e0tics de preg\u00e0ria, experi\u00e8ncies d&#8217;acompanyament, recessos espirituals, formaci\u00f3 en el carisma salesi\u00e0, voluntariat al servei dels joves m\u00e9s pobres, conviv\u00e8ncies, etc. La proposta crec que \u00e9s variada i les necessitats pastorals ens demanen estar sempre i cada vegada m\u00e9s en alerta per seguir re-proposant experi\u00e8ncies que toquin la vida dels joves.<\/p>\n<p>[\/et_pb_accordion_item][\/et_pb_accordion][et_pb_image _builder_version=\u00bb3.22.7&#8243; src=\u00bbhttps:\/\/www.salesianos.edu\/revistasmx\/wp-content\/uploads\/sites\/8\/2019\/05\/Oratorio-1.jpg\u00bb z_index_tablet=\u00bb500&#8243; \/][et_pb_accordion _builder_version=\u00bb3.22.7&#8243; text_shadow_horizontal_length=\u00bbtext_shadow_style,%91object Object%93&#8243; text_shadow_vertical_length=\u00bbtext_shadow_style,%91object Object%93&#8243; text_shadow_blur_strength=\u00bbtext_shadow_style,%91object Object%93&#8243; body_text_shadow_horizontal_length=\u00bbbody_text_shadow_style,%91object Object%93&#8243; body_text_shadow_vertical_length=\u00bbbody_text_shadow_style,%91object Object%93&#8243; body_text_shadow_blur_strength=\u00bbbody_text_shadow_style,%91object Object%93&#8243; toggle_text_shadow_horizontal_length=\u00bbtoggle_text_shadow_style,%91object Object%93&#8243; toggle_text_shadow_vertical_length=\u00bbtoggle_text_shadow_style,%91object Object%93&#8243; toggle_text_shadow_blur_strength=\u00bbtoggle_text_shadow_style,%91object Object%93&#8243; z_index_tablet=\u00bb500&#8243;][et_pb_accordion_item _builder_version=\u00bb3.22.7&#8243; title=\u00bbTestimoni: Jos\u00e9 Miguel P\u00e9rez. Salesi\u00e0 en formaci\u00f3 participant en el Campament 2018.\u00bb link_option_url_new_window=\u00bboff\u00bb use_background_color_gradient=\u00bboff\u00bb background_color_gradient_start=\u00bb#2b87da\u00bb background_color_gradient_end=\u00bb#29c4a9&#8243; background_color_gradient_type=\u00bblinear\u00bb background_color_gradient_direction=\u00bb180deg\u00bb background_color_gradient_direction_radial=\u00bbcenter\u00bb background_color_gradient_start_position=\u00bb0%\u00bb background_color_gradient_end_position=\u00bb100%\u00bb background_color_gradient_overlays_image=\u00bboff\u00bb parallax=\u00bboff\u00bb parallax_method=\u00bbon\u00bb background_size=\u00bbcover\u00bb background_position=\u00bbcenter\u00bb background_repeat=\u00bbno-repeat\u00bb background_blend=\u00bbnormal\u00bb allow_player_pause=\u00bboff\u00bb background_video_pause_outside_viewport=\u00bbon\u00bb text_shadow_style=\u00bbnone\u00bb text_shadow_horizontal_length=\u00bbtext_shadow_style,%91object Object%93&#8243; text_shadow_vertical_length=\u00bbtext_shadow_style,%91object Object%93&#8243; text_shadow_blur_strength=\u00bbtext_shadow_style,%91object Object%93&#8243; box_shadow_style=\u00bbnone\u00bb box_shadow_horizontal=\u00bbbox_shadow_style,%91object Object%93&#8243; box_shadow_vertical=\u00bbbox_shadow_style,%91object Object%93&#8243; box_shadow_blur=\u00bbbox_shadow_style,%91object Object%93&#8243; box_shadow_spread=\u00bbbox_shadow_style,%91object Object%93&#8243; hover_transition_duration=\u00bb300ms\u00bb hover_transition_delay=\u00bb0ms\u00bb hover_transition_speed_curve=\u00bbease\u00bb]<\/p>\n<p><strong>Jos\u00e9 Miguel P\u00e9rez<\/strong> ha estat un dels salesians que l&#8217;any passat va participar d&#8217;aquesta experi\u00e8ncia i ens ha fet arribar un article de reflexi\u00f3 que va escriure el juliol del 2018 sobre el que havia significat per a ell. A continuaci\u00f3 alguns extractes de l&#8217;article titulat: <strong>\u00abPa, treball i parad\u00eds\u00bb.<\/strong><\/p>\n<p>\u00abCrec que \u00e9s una experi\u00e8ncia molt rica i positiva, per poder seguir confrontant-te com a salesi\u00e0, perqu\u00e8 et veus immers en una comunitat i una activitat pastoral on hi ha germans salesians que porten m\u00e9s anys fent cam\u00ed i, per darrere, els joves que es plantegen el seu cam\u00ed vocacional.<\/p>\n<p>Aquesta experi\u00e8ncia m&#8217;ha ajudat personalment a veure com vull ser en la meva vida salesiana, mostrant-me realment com \u00e9s la vida salesiana, fent-me oblidar les cases de formaci\u00f3, que estan dedicades a l&#8217;estudi i, per tant, porten altres ritmes.<\/p>\n<p>Aqu\u00ed veus com els teus germans et donen suport i acompanyen enfront les dificultats i reptes quotidians. Podent fer tu el mateix amb els joves que fan l&#8217;experi\u00e8ncia Magone, que, fins no fa molts anys, la feies tu, i estaves amb les mateixes inquietuds, incerteses i pors.<\/p>\n<p>Tamb\u00e9 em va ajudar molt a creure que he de ser com a Don Bosco, enmig dels joves, sabent-los acompanyar i respectant els seus temps. Dono gr\u00e0cies a D\u00e9u per aquesta experi\u00e8ncia Magone, pels meus germans salesians que ens han acompanyat, que et fan la vida m\u00e9s f\u00e0cil i t&#8217;ajuden a veure D\u00e9u, germans salesians que m\u2019assisteixen cada dia i m&#8217;ajuden a ser fidel \u00ab.<\/p>\n<p>[\/et_pb_accordion_item][\/et_pb_accordion][et_pb_image _builder_version=\u00bb3.22.7&#8243; src=\u00bbhttps:\/\/www.salesianos.edu\/revistasmx\/wp-content\/uploads\/sites\/8\/2019\/05\/FotoJose\u0301Miguel.jpg\u00bb z_index_tablet=\u00bb500&#8243; \/][et_pb_accordion _builder_version=\u00bb3.22.7&#8243; text_shadow_horizontal_length=\u00bbtext_shadow_style,%91object Object%93&#8243; text_shadow_vertical_length=\u00bbtext_shadow_style,%91object Object%93&#8243; text_shadow_blur_strength=\u00bbtext_shadow_style,%91object Object%93&#8243; body_text_shadow_horizontal_length=\u00bbbody_text_shadow_style,%91object Object%93&#8243; body_text_shadow_vertical_length=\u00bbbody_text_shadow_style,%91object Object%93&#8243; body_text_shadow_blur_strength=\u00bbbody_text_shadow_style,%91object Object%93&#8243; toggle_text_shadow_horizontal_length=\u00bbtoggle_text_shadow_style,%91object Object%93&#8243; toggle_text_shadow_vertical_length=\u00bbtoggle_text_shadow_style,%91object Object%93&#8243; toggle_text_shadow_blur_strength=\u00bbtoggle_text_shadow_style,%91object Object%93&#8243; z_index_tablet=\u00bb500&#8243;][et_pb_accordion_item _builder_version=\u00bb3.22.7&#8243; title=\u00bbNova pla\u00e7a a San Jos\u00e9 del Valle per recon\u00e8ixer 25 anys de campaments salesians\u00bb link_option_url_new_window=\u00bboff\u00bb use_background_color_gradient=\u00bboff\u00bb background_color_gradient_start=\u00bb#2b87da\u00bb background_color_gradient_end=\u00bb#29c4a9&#8243; background_color_gradient_type=\u00bblinear\u00bb background_color_gradient_direction=\u00bb180deg\u00bb background_color_gradient_direction_radial=\u00bbcenter\u00bb background_color_gradient_start_position=\u00bb0%\u00bb background_color_gradient_end_position=\u00bb100%\u00bb background_color_gradient_overlays_image=\u00bboff\u00bb parallax=\u00bboff\u00bb parallax_method=\u00bbon\u00bb background_size=\u00bbcover\u00bb background_position=\u00bbcenter\u00bb background_repeat=\u00bbno-repeat\u00bb background_blend=\u00bbnormal\u00bb allow_player_pause=\u00bboff\u00bb background_video_pause_outside_viewport=\u00bbon\u00bb text_shadow_style=\u00bbnone\u00bb text_shadow_horizontal_length=\u00bbtext_shadow_style,%91object Object%93&#8243; text_shadow_vertical_length=\u00bbtext_shadow_style,%91object Object%93&#8243; text_shadow_blur_strength=\u00bbtext_shadow_style,%91object Object%93&#8243; box_shadow_style=\u00bbnone\u00bb box_shadow_horizontal=\u00bbbox_shadow_style,%91object Object%93&#8243; box_shadow_vertical=\u00bbbox_shadow_style,%91object Object%93&#8243; box_shadow_blur=\u00bbbox_shadow_style,%91object Object%93&#8243; box_shadow_spread=\u00bbbox_shadow_style,%91object Object%93&#8243; hover_transition_duration=\u00bb300ms\u00bb hover_transition_delay=\u00bb0ms\u00bb hover_transition_speed_curve=\u00bbease\u00bb]<\/p>\n<p>El nou espai guanyat per a la societat vallenca es diu <strong>Pla\u00e7a Magone<\/strong>, en refer\u00e8ncia als campaments urbans que organitza la comunitat salesiana assentada a San Jos\u00e9 del Valle. El proper juliol es compliran 25 anys de l&#8217;edici\u00f3 inicial dels citats campaments. Una escultura, aportada per Salesians i al\u00b7lusiva a la seva tasca formativa, es va instal\u00b7lar al centre de la nova pla\u00e7a.<\/p>\n<p>[\/et_pb_accordion_item][\/et_pb_accordion][\/et_pb_column][\/et_pb_row][\/et_pb_section]<\/p>\n","protected":false},"excerpt":{"rendered":"<p>El Campament Magone vol ser una experi\u00e8ncia de vida salesiana que ajudi al jove a poder descobrir que vol D\u00e9u d&#8217;ell. Els quatres pilars en qu\u00e8 se sustenta el camp de treball durant aquests 25 anys han ajudat a molts a descobrir que D\u00e9u els crida a ser salesians.<\/p>\n","protected":false},"author":5,"featured_media":11699,"comment_status":"open","ping_status":"closed","sticky":false,"template":"","format":"standard","meta":{"_et_pb_use_builder":"on","_et_pb_old_content":"<p>El <strong>Campament Magone<\/strong> t\u00e9 una llarga traject\u00f2ria a la nostra inspectoria. El primer va ser en l'estiu de 1994 i es va realitzar a la casa salesiana de San Jos\u00e9 del Valle (C\u00e1diz). Despr\u00e9s d'uns anys fabulosos en els quals van passar per aquesta experi\u00e8ncia nombrosos xavals, entre els quals molts d'ells avui s\u00f3n salesians, el 2016 es va traslladar l'experi\u00e8ncia a <strong>Palma del R\u00edo<\/strong>, on ja aquest estiu s'iniciar\u00e0 la 4\u00aa edici\u00f3.<\/p><p>En aquesta \u00faltimes quatre edicions han participat 26 joves de diferents cases de la inspectoria. L'experi\u00e8ncia comen\u00e7a el dissabte 29 de juny i conclou el 21 de juliol. En aquests \u00faltims anys han participat 5 o 6 joves educadors cada any. S'espera un nombre similar per aquest estiu.<\/p><p>El salesi\u00e0 <strong>Paco Jaldo<\/strong> \u00e9s, des del passat curs, el responsable de l'experi\u00e8ncia al costat del tamb\u00e9 salesi\u00e0 <strong>Jos\u00e9 Miguel N\u00fa\u00f1ez<\/strong>, coordinador de l'Animaci\u00f3 Vocacional de la inspectoria. Jaldo s'encarrega d'acompanyar els joves que realitzen l'experi\u00e8ncia i els ajuda a fer s\u00edntesi personal de l'experi\u00e8ncia que estan vivint. Cada any els ajuda un altre salesi\u00e0 que completa l'equip.<\/p><p>\u00a0<\/p><p>\"El Campament Magone vol ser una experi\u00e8ncia de vida salesiana que ajudi al jove a poder descobrir que vol D\u00e9u d'ell. Els que participen d'aquesta experi\u00e8ncia s\u00f3n joves que senten que la vida salesiana pot ser un cam\u00ed pel qual D\u00e9u els est\u00e0 guiant, un cam\u00ed per a ser feli\u00e7os. Els quatres pilars en qu\u00e8 se sustenta el camp de treball durant aquests 25 anys han ajudat a molts a descobrir que D\u00e9u els crida a ser salesians \", explica Jaldo.<\/p>","_et_gb_content_width":"","footnotes":""},"categories":[53],"tags":[],"class_list":["post-11697","post","type-post","status-publish","format-standard","has-post-thumbnail","hentry","category-a-fons"],"yoast_head":"<!-- This site is optimized with the Yoast SEO plugin v27.5 - https:\/\/yoast.com\/product\/yoast-seo-wordpress\/ -->\n<title>Magone: Un Campament vocacional molt especial - Revista SMX<\/title>\n<meta name=\"robots\" content=\"index, follow, max-snippet:-1, max-image-preview:large, max-video-preview:-1\" \/>\n<link rel=\"canonical\" href=\"https:\/\/www.salesianos.edu\/revistasmx\/ca\/magone-un-campament-vocacional-molt-especial\/\" \/>\n<meta property=\"og:locale\" content=\"es_ES\" \/>\n<meta property=\"og:type\" content=\"article\" \/>\n<meta property=\"og:title\" content=\"Magone: Un Campament vocacional molt especial - Revista SMX\" \/>\n<meta property=\"og:description\" content=\"El Campament Magone vol ser una experi\u00e8ncia de vida salesiana que ajudi al jove a poder descobrir que vol D\u00e9u d&#039;ell. Els quatres pilars en qu\u00e8 se sustenta el camp de treball durant aquests 25 anys han ajudat a molts a descobrir que D\u00e9u els crida a ser salesians.\" \/>\n<meta property=\"og:url\" content=\"https:\/\/www.salesianos.edu\/revistasmx\/ca\/magone-un-campament-vocacional-molt-especial\/\" \/>\n<meta property=\"og:site_name\" content=\"Revista SMX\" \/>\n<meta property=\"article:published_time\" content=\"2019-05-24T21:00:04+00:00\" \/>\n<meta property=\"article:modified_time\" content=\"2019-05-31T11:19:22+00:00\" \/>\n<meta property=\"og:image\" content=\"http:\/\/www.salesianos.edu\/revistasmx\/wp-content\/uploads\/sites\/8\/2019\/05\/chavales-de-la-experiencia-de-hace-2-an\u0303os-1.jpg\" \/>\n\t<meta property=\"og:image:width\" content=\"1200\" \/>\n\t<meta property=\"og:image:height\" content=\"675\" \/>\n\t<meta property=\"og:image:type\" content=\"image\/jpeg\" \/>\n<meta name=\"author\" content=\"martapeirat\" \/>\n<meta name=\"twitter:card\" content=\"summary_large_image\" \/>\n<meta name=\"twitter:label1\" content=\"Escrito por\" \/>\n\t<meta name=\"twitter:data1\" content=\"martapeirat\" \/>\n\t<meta name=\"twitter:label2\" content=\"Tiempo de lectura\" \/>\n\t<meta name=\"twitter:data2\" content=\"13 minutos\" \/>\n<script type=\"application\/ld+json\" class=\"yoast-schema-graph\">{\"@context\":\"https:\\\/\\\/schema.org\",\"@graph\":[{\"@type\":\"Article\",\"@id\":\"https:\\\/\\\/www.salesianos.edu\\\/revistasmx\\\/ca\\\/magone-un-campament-vocacional-molt-especial\\\/#article\",\"isPartOf\":{\"@id\":\"https:\\\/\\\/www.salesianos.edu\\\/revistasmx\\\/ca\\\/magone-un-campament-vocacional-molt-especial\\\/\"},\"author\":{\"name\":\"martapeirat\",\"@id\":\"https:\\\/\\\/www.salesianos.edu\\\/revistasmx\\\/#\\\/schema\\\/person\\\/20a80be1bb4e0ed82068c57facf5b237\"},\"headline\":\"Magone: Un Campament vocacional molt especial\",\"datePublished\":\"2019-05-24T21:00:04+00:00\",\"dateModified\":\"2019-05-31T11:19:22+00:00\",\"mainEntityOfPage\":{\"@id\":\"https:\\\/\\\/www.salesianos.edu\\\/revistasmx\\\/ca\\\/magone-un-campament-vocacional-molt-especial\\\/\"},\"wordCount\":2725,\"commentCount\":0,\"image\":{\"@id\":\"https:\\\/\\\/www.salesianos.edu\\\/revistasmx\\\/ca\\\/magone-un-campament-vocacional-molt-especial\\\/#primaryimage\"},\"thumbnailUrl\":\"https:\\\/\\\/www.salesianos.edu\\\/revistasmx\\\/wp-content\\\/uploads\\\/sites\\\/8\\\/2019\\\/05\\\/chavales-de-la-experiencia-de-hace-2-an\u0303os-1.jpg\",\"articleSection\":[\"A FONS\"],\"inLanguage\":\"es\",\"potentialAction\":[{\"@type\":\"CommentAction\",\"name\":\"Comment\",\"target\":[\"https:\\\/\\\/www.salesianos.edu\\\/revistasmx\\\/ca\\\/magone-un-campament-vocacional-molt-especial\\\/#respond\"]}]},{\"@type\":\"WebPage\",\"@id\":\"https:\\\/\\\/www.salesianos.edu\\\/revistasmx\\\/ca\\\/magone-un-campament-vocacional-molt-especial\\\/\",\"url\":\"https:\\\/\\\/www.salesianos.edu\\\/revistasmx\\\/ca\\\/magone-un-campament-vocacional-molt-especial\\\/\",\"name\":\"Magone: Un Campament vocacional molt especial - Revista SMX\",\"isPartOf\":{\"@id\":\"https:\\\/\\\/www.salesianos.edu\\\/revistasmx\\\/#website\"},\"primaryImageOfPage\":{\"@id\":\"https:\\\/\\\/www.salesianos.edu\\\/revistasmx\\\/ca\\\/magone-un-campament-vocacional-molt-especial\\\/#primaryimage\"},\"image\":{\"@id\":\"https:\\\/\\\/www.salesianos.edu\\\/revistasmx\\\/ca\\\/magone-un-campament-vocacional-molt-especial\\\/#primaryimage\"},\"thumbnailUrl\":\"https:\\\/\\\/www.salesianos.edu\\\/revistasmx\\\/wp-content\\\/uploads\\\/sites\\\/8\\\/2019\\\/05\\\/chavales-de-la-experiencia-de-hace-2-an\u0303os-1.jpg\",\"datePublished\":\"2019-05-24T21:00:04+00:00\",\"dateModified\":\"2019-05-31T11:19:22+00:00\",\"author\":{\"@id\":\"https:\\\/\\\/www.salesianos.edu\\\/revistasmx\\\/#\\\/schema\\\/person\\\/20a80be1bb4e0ed82068c57facf5b237\"},\"breadcrumb\":{\"@id\":\"https:\\\/\\\/www.salesianos.edu\\\/revistasmx\\\/ca\\\/magone-un-campament-vocacional-molt-especial\\\/#breadcrumb\"},\"inLanguage\":\"es\",\"potentialAction\":[{\"@type\":\"ReadAction\",\"target\":[\"https:\\\/\\\/www.salesianos.edu\\\/revistasmx\\\/ca\\\/magone-un-campament-vocacional-molt-especial\\\/\"]}]},{\"@type\":\"ImageObject\",\"inLanguage\":\"es\",\"@id\":\"https:\\\/\\\/www.salesianos.edu\\\/revistasmx\\\/ca\\\/magone-un-campament-vocacional-molt-especial\\\/#primaryimage\",\"url\":\"https:\\\/\\\/www.salesianos.edu\\\/revistasmx\\\/wp-content\\\/uploads\\\/sites\\\/8\\\/2019\\\/05\\\/chavales-de-la-experiencia-de-hace-2-an\u0303os-1.jpg\",\"contentUrl\":\"https:\\\/\\\/www.salesianos.edu\\\/revistasmx\\\/wp-content\\\/uploads\\\/sites\\\/8\\\/2019\\\/05\\\/chavales-de-la-experiencia-de-hace-2-an\u0303os-1.jpg\",\"width\":1200,\"height\":675},{\"@type\":\"BreadcrumbList\",\"@id\":\"https:\\\/\\\/www.salesianos.edu\\\/revistasmx\\\/ca\\\/magone-un-campament-vocacional-molt-especial\\\/#breadcrumb\",\"itemListElement\":[{\"@type\":\"ListItem\",\"position\":1,\"name\":\"Portada\",\"item\":\"https:\\\/\\\/www.salesianos.edu\\\/revistasmx\\\/\"},{\"@type\":\"ListItem\",\"position\":2,\"name\":\"Magone: Un Campament vocacional molt especial\"}]},{\"@type\":\"WebSite\",\"@id\":\"https:\\\/\\\/www.salesianos.edu\\\/revistasmx\\\/#website\",\"url\":\"https:\\\/\\\/www.salesianos.edu\\\/revistasmx\\\/\",\"name\":\"Revista SMX\",\"description\":\"P\u00e1gina oficial de Inspector\u00eda Salesiana Mar\u00eda Auxiliadora\",\"potentialAction\":[{\"@type\":\"SearchAction\",\"target\":{\"@type\":\"EntryPoint\",\"urlTemplate\":\"https:\\\/\\\/www.salesianos.edu\\\/revistasmx\\\/?s={search_term_string}\"},\"query-input\":{\"@type\":\"PropertyValueSpecification\",\"valueRequired\":true,\"valueName\":\"search_term_string\"}}],\"inLanguage\":\"es\"},{\"@type\":\"Person\",\"@id\":\"https:\\\/\\\/www.salesianos.edu\\\/revistasmx\\\/#\\\/schema\\\/person\\\/20a80be1bb4e0ed82068c57facf5b237\",\"name\":\"martapeirat\",\"image\":{\"@type\":\"ImageObject\",\"inLanguage\":\"es\",\"@id\":\"https:\\\/\\\/secure.gravatar.com\\\/avatar\\\/1139b81b40ed1dde466563679597db378e7092bbfdd7ebb264c437fedde866d7?s=96&d=mm&r=g\",\"url\":\"https:\\\/\\\/secure.gravatar.com\\\/avatar\\\/1139b81b40ed1dde466563679597db378e7092bbfdd7ebb264c437fedde866d7?s=96&d=mm&r=g\",\"contentUrl\":\"https:\\\/\\\/secure.gravatar.com\\\/avatar\\\/1139b81b40ed1dde466563679597db378e7092bbfdd7ebb264c437fedde866d7?s=96&d=mm&r=g\",\"caption\":\"martapeirat\"}}]}<\/script>\n<!-- \/ Yoast SEO plugin. -->","yoast_head_json":{"title":"Magone: Un Campament vocacional molt especial - Revista SMX","robots":{"index":"index","follow":"follow","max-snippet":"max-snippet:-1","max-image-preview":"max-image-preview:large","max-video-preview":"max-video-preview:-1"},"canonical":"https:\/\/www.salesianos.edu\/revistasmx\/ca\/magone-un-campament-vocacional-molt-especial\/","og_locale":"es_ES","og_type":"article","og_title":"Magone: Un Campament vocacional molt especial - Revista SMX","og_description":"El Campament Magone vol ser una experi\u00e8ncia de vida salesiana que ajudi al jove a poder descobrir que vol D\u00e9u d'ell. Els quatres pilars en qu\u00e8 se sustenta el camp de treball durant aquests 25 anys han ajudat a molts a descobrir que D\u00e9u els crida a ser salesians.","og_url":"https:\/\/www.salesianos.edu\/revistasmx\/ca\/magone-un-campament-vocacional-molt-especial\/","og_site_name":"Revista SMX","article_published_time":"2019-05-24T21:00:04+00:00","article_modified_time":"2019-05-31T11:19:22+00:00","og_image":[{"width":1200,"height":675,"url":"http:\/\/www.salesianos.edu\/revistasmx\/wp-content\/uploads\/sites\/8\/2019\/05\/chavales-de-la-experiencia-de-hace-2-an\u0303os-1.jpg","type":"image\/jpeg"}],"author":"martapeirat","twitter_card":"summary_large_image","twitter_misc":{"Escrito por":"martapeirat","Tiempo de lectura":"13 minutos"},"schema":{"@context":"https:\/\/schema.org","@graph":[{"@type":"Article","@id":"https:\/\/www.salesianos.edu\/revistasmx\/ca\/magone-un-campament-vocacional-molt-especial\/#article","isPartOf":{"@id":"https:\/\/www.salesianos.edu\/revistasmx\/ca\/magone-un-campament-vocacional-molt-especial\/"},"author":{"name":"martapeirat","@id":"https:\/\/www.salesianos.edu\/revistasmx\/#\/schema\/person\/20a80be1bb4e0ed82068c57facf5b237"},"headline":"Magone: Un Campament vocacional molt especial","datePublished":"2019-05-24T21:00:04+00:00","dateModified":"2019-05-31T11:19:22+00:00","mainEntityOfPage":{"@id":"https:\/\/www.salesianos.edu\/revistasmx\/ca\/magone-un-campament-vocacional-molt-especial\/"},"wordCount":2725,"commentCount":0,"image":{"@id":"https:\/\/www.salesianos.edu\/revistasmx\/ca\/magone-un-campament-vocacional-molt-especial\/#primaryimage"},"thumbnailUrl":"https:\/\/www.salesianos.edu\/revistasmx\/wp-content\/uploads\/sites\/8\/2019\/05\/chavales-de-la-experiencia-de-hace-2-an\u0303os-1.jpg","articleSection":["A FONS"],"inLanguage":"es","potentialAction":[{"@type":"CommentAction","name":"Comment","target":["https:\/\/www.salesianos.edu\/revistasmx\/ca\/magone-un-campament-vocacional-molt-especial\/#respond"]}]},{"@type":"WebPage","@id":"https:\/\/www.salesianos.edu\/revistasmx\/ca\/magone-un-campament-vocacional-molt-especial\/","url":"https:\/\/www.salesianos.edu\/revistasmx\/ca\/magone-un-campament-vocacional-molt-especial\/","name":"Magone: Un Campament vocacional molt especial - Revista SMX","isPartOf":{"@id":"https:\/\/www.salesianos.edu\/revistasmx\/#website"},"primaryImageOfPage":{"@id":"https:\/\/www.salesianos.edu\/revistasmx\/ca\/magone-un-campament-vocacional-molt-especial\/#primaryimage"},"image":{"@id":"https:\/\/www.salesianos.edu\/revistasmx\/ca\/magone-un-campament-vocacional-molt-especial\/#primaryimage"},"thumbnailUrl":"https:\/\/www.salesianos.edu\/revistasmx\/wp-content\/uploads\/sites\/8\/2019\/05\/chavales-de-la-experiencia-de-hace-2-an\u0303os-1.jpg","datePublished":"2019-05-24T21:00:04+00:00","dateModified":"2019-05-31T11:19:22+00:00","author":{"@id":"https:\/\/www.salesianos.edu\/revistasmx\/#\/schema\/person\/20a80be1bb4e0ed82068c57facf5b237"},"breadcrumb":{"@id":"https:\/\/www.salesianos.edu\/revistasmx\/ca\/magone-un-campament-vocacional-molt-especial\/#breadcrumb"},"inLanguage":"es","potentialAction":[{"@type":"ReadAction","target":["https:\/\/www.salesianos.edu\/revistasmx\/ca\/magone-un-campament-vocacional-molt-especial\/"]}]},{"@type":"ImageObject","inLanguage":"es","@id":"https:\/\/www.salesianos.edu\/revistasmx\/ca\/magone-un-campament-vocacional-molt-especial\/#primaryimage","url":"https:\/\/www.salesianos.edu\/revistasmx\/wp-content\/uploads\/sites\/8\/2019\/05\/chavales-de-la-experiencia-de-hace-2-an\u0303os-1.jpg","contentUrl":"https:\/\/www.salesianos.edu\/revistasmx\/wp-content\/uploads\/sites\/8\/2019\/05\/chavales-de-la-experiencia-de-hace-2-an\u0303os-1.jpg","width":1200,"height":675},{"@type":"BreadcrumbList","@id":"https:\/\/www.salesianos.edu\/revistasmx\/ca\/magone-un-campament-vocacional-molt-especial\/#breadcrumb","itemListElement":[{"@type":"ListItem","position":1,"name":"Portada","item":"https:\/\/www.salesianos.edu\/revistasmx\/"},{"@type":"ListItem","position":2,"name":"Magone: Un Campament vocacional molt especial"}]},{"@type":"WebSite","@id":"https:\/\/www.salesianos.edu\/revistasmx\/#website","url":"https:\/\/www.salesianos.edu\/revistasmx\/","name":"Revista SMX","description":"P\u00e1gina oficial de Inspector\u00eda Salesiana Mar\u00eda Auxiliadora","potentialAction":[{"@type":"SearchAction","target":{"@type":"EntryPoint","urlTemplate":"https:\/\/www.salesianos.edu\/revistasmx\/?s={search_term_string}"},"query-input":{"@type":"PropertyValueSpecification","valueRequired":true,"valueName":"search_term_string"}}],"inLanguage":"es"},{"@type":"Person","@id":"https:\/\/www.salesianos.edu\/revistasmx\/#\/schema\/person\/20a80be1bb4e0ed82068c57facf5b237","name":"martapeirat","image":{"@type":"ImageObject","inLanguage":"es","@id":"https:\/\/secure.gravatar.com\/avatar\/1139b81b40ed1dde466563679597db378e7092bbfdd7ebb264c437fedde866d7?s=96&d=mm&r=g","url":"https:\/\/secure.gravatar.com\/avatar\/1139b81b40ed1dde466563679597db378e7092bbfdd7ebb264c437fedde866d7?s=96&d=mm&r=g","contentUrl":"https:\/\/secure.gravatar.com\/avatar\/1139b81b40ed1dde466563679597db378e7092bbfdd7ebb264c437fedde866d7?s=96&d=mm&r=g","caption":"martapeirat"}}]}},"_links":{"self":[{"href":"https:\/\/www.salesianos.edu\/revistasmx\/wp-json\/wp\/v2\/posts\/11697","targetHints":{"allow":["GET"]}}],"collection":[{"href":"https:\/\/www.salesianos.edu\/revistasmx\/wp-json\/wp\/v2\/posts"}],"about":[{"href":"https:\/\/www.salesianos.edu\/revistasmx\/wp-json\/wp\/v2\/types\/post"}],"author":[{"embeddable":true,"href":"https:\/\/www.salesianos.edu\/revistasmx\/wp-json\/wp\/v2\/users\/5"}],"replies":[{"embeddable":true,"href":"https:\/\/www.salesianos.edu\/revistasmx\/wp-json\/wp\/v2\/comments?post=11697"}],"version-history":[{"count":3,"href":"https:\/\/www.salesianos.edu\/revistasmx\/wp-json\/wp\/v2\/posts\/11697\/revisions"}],"predecessor-version":[{"id":11745,"href":"https:\/\/www.salesianos.edu\/revistasmx\/wp-json\/wp\/v2\/posts\/11697\/revisions\/11745"}],"wp:featuredmedia":[{"embeddable":true,"href":"https:\/\/www.salesianos.edu\/revistasmx\/wp-json\/wp\/v2\/media\/11699"}],"wp:attachment":[{"href":"https:\/\/www.salesianos.edu\/revistasmx\/wp-json\/wp\/v2\/media?parent=11697"}],"wp:term":[{"taxonomy":"category","embeddable":true,"href":"https:\/\/www.salesianos.edu\/revistasmx\/wp-json\/wp\/v2\/categories?post=11697"},{"taxonomy":"post_tag","embeddable":true,"href":"https:\/\/www.salesianos.edu\/revistasmx\/wp-json\/wp\/v2\/tags?post=11697"}],"curies":[{"name":"wp","href":"https:\/\/api.w.org\/{rel}","templated":true}]}}