{"id":11690,"date":"2019-05-24T23:00:22","date_gmt":"2019-05-24T21:00:22","guid":{"rendered":"http:\/\/www.salesianos.edu\/revistasmx\/?p=11690"},"modified":"2019-05-31T13:18:20","modified_gmt":"2019-05-31T11:18:20","slug":"magone-un-campamento-vocacional-muy-especial","status":"publish","type":"post","link":"https:\/\/www.salesianos.edu\/revistasmx\/magone-un-campamento-vocacional-muy-especial\/","title":{"rendered":"Magone: Un Campamento vocacional muy especial"},"content":{"rendered":"<div id=\"fb-root\"><\/div>\n<p>[et_pb_section bb_built=\u00bb1&#8243; inner_width=\u00bbauto\u00bb inner_max_width=\u00bbnone\u00bb][et_pb_row][et_pb_column type=\u00bb4_4&#8243;][et_pb_image _builder_version=\u00bb3.22.7&#8243; src=\u00bbhttps:\/\/www.salesianos.edu\/revistasmx\/wp-content\/uploads\/sites\/8\/2019\/05\/chavales-de-la-experiencia-de-hace-2-an\u0303os.jpg\u00bb z_index_tablet=\u00bb500&#8243; \/][et_pb_text _builder_version=\u00bb3.22.7&#8243; text_text_shadow_horizontal_length=\u00bbtext_text_shadow_style,%91object Object%93&#8243; text_text_shadow_vertical_length=\u00bbtext_text_shadow_style,%91object Object%93&#8243; text_text_shadow_blur_strength=\u00bbtext_text_shadow_style,%91object Object%93&#8243; link_text_shadow_horizontal_length=\u00bblink_text_shadow_style,%91object Object%93&#8243; link_text_shadow_vertical_length=\u00bblink_text_shadow_style,%91object Object%93&#8243; link_text_shadow_blur_strength=\u00bblink_text_shadow_style,%91object Object%93&#8243; ul_text_shadow_horizontal_length=\u00bbul_text_shadow_style,%91object Object%93&#8243; ul_text_shadow_vertical_length=\u00bbul_text_shadow_style,%91object Object%93&#8243; ul_text_shadow_blur_strength=\u00bbul_text_shadow_style,%91object Object%93&#8243; ol_text_shadow_horizontal_length=\u00bbol_text_shadow_style,%91object Object%93&#8243; ol_text_shadow_vertical_length=\u00bbol_text_shadow_style,%91object Object%93&#8243; ol_text_shadow_blur_strength=\u00bbol_text_shadow_style,%91object Object%93&#8243; quote_text_shadow_horizontal_length=\u00bbquote_text_shadow_style,%91object Object%93&#8243; quote_text_shadow_vertical_length=\u00bbquote_text_shadow_style,%91object Object%93&#8243; quote_text_shadow_blur_strength=\u00bbquote_text_shadow_style,%91object Object%93&#8243; header_text_shadow_horizontal_length=\u00bbheader_text_shadow_style,%91object Object%93&#8243; header_text_shadow_vertical_length=\u00bbheader_text_shadow_style,%91object Object%93&#8243; header_text_shadow_blur_strength=\u00bbheader_text_shadow_style,%91object Object%93&#8243; header_2_text_shadow_horizontal_length=\u00bbheader_2_text_shadow_style,%91object Object%93&#8243; header_2_text_shadow_vertical_length=\u00bbheader_2_text_shadow_style,%91object Object%93&#8243; header_2_text_shadow_blur_strength=\u00bbheader_2_text_shadow_style,%91object Object%93&#8243; header_3_text_shadow_horizontal_length=\u00bbheader_3_text_shadow_style,%91object Object%93&#8243; header_3_text_shadow_vertical_length=\u00bbheader_3_text_shadow_style,%91object Object%93&#8243; header_3_text_shadow_blur_strength=\u00bbheader_3_text_shadow_style,%91object Object%93&#8243; header_4_text_shadow_horizontal_length=\u00bbheader_4_text_shadow_style,%91object Object%93&#8243; header_4_text_shadow_vertical_length=\u00bbheader_4_text_shadow_style,%91object Object%93&#8243; header_4_text_shadow_blur_strength=\u00bbheader_4_text_shadow_style,%91object Object%93&#8243; header_5_text_shadow_horizontal_length=\u00bbheader_5_text_shadow_style,%91object Object%93&#8243; header_5_text_shadow_vertical_length=\u00bbheader_5_text_shadow_style,%91object Object%93&#8243; header_5_text_shadow_blur_strength=\u00bbheader_5_text_shadow_style,%91object Object%93&#8243; header_6_text_shadow_horizontal_length=\u00bbheader_6_text_shadow_style,%91object Object%93&#8243; header_6_text_shadow_vertical_length=\u00bbheader_6_text_shadow_style,%91object Object%93&#8243; header_6_text_shadow_blur_strength=\u00bbheader_6_text_shadow_style,%91object Object%93&#8243; z_index_tablet=\u00bb500&#8243;]<\/p>\n<p>El <strong>Campamento Magone<\/strong> tiene una larga trayectoria en nuestra inspector\u00eda. El primero fue en el verano de 1994 y se realiz\u00f3 en la casa salesiana de San Jos\u00e9 del Valle (C\u00e1diz). Tras unos a\u00f1os fabulosos en los cuales pasaron por esta experiencia numerosos chavales, entre los cuales muchos de ellos hoy son salesianos, en 2016 se traslad\u00f3 la experiencia a <strong>Palma del R\u00edo<\/strong>, en donde ya este verano se iniciar\u00e1 la 4\u00aa edici\u00f3n. En esta \u00faltimas cuatro ediciones han participado 26 j\u00f3venes de diferentes casas de la inspector\u00eda. La experiencia comienza el s\u00e1bado 29 de junio y concluye el 21 de julio. En estos \u00faltimos a\u00f1os han participado 5 o 6 j\u00f3venes educadores cada a\u00f1o. Se espera un n\u00famero similar para este verano.<\/p>\n<p>El salesiano <strong>Paco Jaldo<\/strong> es, desde el pasado curso, el responsable de la experiencia junto al tambi\u00e9n salesiano <strong>Jos\u00e9 Miguel N\u00fa\u00f1ez<\/strong>, Coordinador de la Animaci\u00f3n Vocacional de la inspector\u00eda. Jaldo se encarga de acompa\u00f1ar a los j\u00f3venes que realizan la experiencia y les ayuda a hacer s\u00edntesis personal de la experiencia que est\u00e1n viviendo. Cada a\u00f1o les ayuda otro salesiano que completa el equipo. \u201cEl Campamento Magone quiere ser una experiencia de vida salesiana que ayude al joven a poder descubrir que quiere Dios de \u00e9l. Los que participan de esta experiencia son j\u00f3venes que sienten que la vida salesiana puede ser un camino por el que Dios les est\u00e1 guiando, un camino para ser felices. Los cuatros pilares en los que se sustenta el campo de trabajo durante estos 25 a\u00f1os han ayudado a muchos descubrir que Dios les llama a ser salesianos\u201d, explica Jaldo.<\/p>\n<p>[\/et_pb_text][et_pb_accordion _builder_version=\u00bb3.22.7&#8243; text_shadow_horizontal_length=\u00bbtext_shadow_style,%91object Object%93&#8243; text_shadow_vertical_length=\u00bbtext_shadow_style,%91object Object%93&#8243; text_shadow_blur_strength=\u00bbtext_shadow_style,%91object Object%93&#8243; body_text_shadow_horizontal_length=\u00bbbody_text_shadow_style,%91object Object%93&#8243; body_text_shadow_vertical_length=\u00bbbody_text_shadow_style,%91object Object%93&#8243; body_text_shadow_blur_strength=\u00bbbody_text_shadow_style,%91object Object%93&#8243; toggle_text_shadow_horizontal_length=\u00bbtoggle_text_shadow_style,%91object Object%93&#8243; toggle_text_shadow_vertical_length=\u00bbtoggle_text_shadow_style,%91object Object%93&#8243; toggle_text_shadow_blur_strength=\u00bbtoggle_text_shadow_style,%91object Object%93&#8243; z_index_tablet=\u00bb500&#8243;][et_pb_accordion_item _builder_version=\u00bb3.22.7&#8243; title=\u00bbLos cuatro pilares de la experiencia Magone\u00bb link_option_url_new_window=\u00bboff\u00bb use_background_color_gradient=\u00bboff\u00bb background_color_gradient_start=\u00bb#2b87da\u00bb background_color_gradient_end=\u00bb#29c4a9&#8243; background_color_gradient_type=\u00bblinear\u00bb background_color_gradient_direction=\u00bb180deg\u00bb background_color_gradient_direction_radial=\u00bbcenter\u00bb background_color_gradient_start_position=\u00bb0%\u00bb background_color_gradient_end_position=\u00bb100%\u00bb background_color_gradient_overlays_image=\u00bboff\u00bb parallax=\u00bboff\u00bb parallax_method=\u00bbon\u00bb background_size=\u00bbcover\u00bb background_position=\u00bbcenter\u00bb background_repeat=\u00bbno-repeat\u00bb background_blend=\u00bbnormal\u00bb allow_player_pause=\u00bboff\u00bb background_video_pause_outside_viewport=\u00bbon\u00bb text_shadow_style=\u00bbnone\u00bb text_shadow_horizontal_length=\u00bbtext_shadow_style,%91object Object%93&#8243; text_shadow_vertical_length=\u00bbtext_shadow_style,%91object Object%93&#8243; text_shadow_blur_strength=\u00bbtext_shadow_style,%91object Object%93&#8243; box_shadow_style=\u00bbnone\u00bb box_shadow_horizontal=\u00bbbox_shadow_style,%91object Object%93&#8243; box_shadow_vertical=\u00bbbox_shadow_style,%91object Object%93&#8243; box_shadow_blur=\u00bbbox_shadow_style,%91object Object%93&#8243; box_shadow_spread=\u00bbbox_shadow_style,%91object Object%93&#8243; hover_transition_duration=\u00bb300ms\u00bb hover_transition_delay=\u00bb0ms\u00bb hover_transition_speed_curve=\u00bbease\u00bb]<\/p>\n<p>La experiencia Magone se sustenta en cuatros pilares, m\u00e1s el acompa\u00f1amiento que se ofrece, con los que se ayuda a hacer el discernimiento vocacional.<\/p>\n<ul>\n<li><strong>Una experiencia comunitaria. <\/strong>Los dos salesianos con los j\u00f3venes forman una comunidad que quiere compartir durante ese mes vida y misi\u00f3n, como hacen los salesianos en las comunidades. Cuidando de forma especial la fraternidad.<\/li>\n<li><strong>Una experiencia de oraci\u00f3n.<\/strong> Cuidando los momentos de oraci\u00f3n diaria y de una forma especial la eucarist\u00eda diaria que se celebra. Tambi\u00e9n se cuidan y se buscan espacios de oraci\u00f3n tranquilos para tener un dialogo sereno con el Se\u00f1or.<\/li>\n<li><strong>Una experiencia formativa. <\/strong>Por la tarde se dedica un momento para la formaci\u00f3n, con diferentes tem\u00e1ticas: salesianidad, pastoral, aspecto de la fe, iglesia, cristolog\u00eda, etc.<\/li>\n<li><strong>Una experiencia pastoral.<\/strong> Los salesianos y el grupo de j\u00f3venes que est\u00e1n haciendo la experiencia se integran en el equipo de animadores de la casa y llevan adelante el campamento urbano que se realiza para alumnos de la secundar\u00eda por la ma\u00f1ana, y por la noche se anima la terraza de verano y los campeonatos deportivos que se organizan para j\u00f3venes mayores de 15 a\u00f1os.<\/li>\n<\/ul>\n<p>[\/et_pb_accordion_item][\/et_pb_accordion][et_pb_video _builder_version=\u00bb3.22.7&#8243; src=\u00bbhttps:\/\/www.youtube.com\/watch?v=QeWi5sl1log\u00bb z_index_tablet=\u00bb500&#8243; \/][et_pb_image _builder_version=\u00bb3.22.7&#8243; src=\u00bbhttps:\/\/www.salesianos.edu\/revistasmx\/wp-content\/uploads\/sites\/8\/2019\/05\/Oratorio.jpg\u00bb z_index_tablet=\u00bb500&#8243; \/][et_pb_accordion _builder_version=\u00bb3.22.7&#8243; text_shadow_horizontal_length=\u00bbtext_shadow_style,%91object Object%93&#8243; text_shadow_vertical_length=\u00bbtext_shadow_style,%91object Object%93&#8243; text_shadow_blur_strength=\u00bbtext_shadow_style,%91object Object%93&#8243; body_text_shadow_horizontal_length=\u00bbbody_text_shadow_style,%91object Object%93&#8243; body_text_shadow_vertical_length=\u00bbbody_text_shadow_style,%91object Object%93&#8243; body_text_shadow_blur_strength=\u00bbbody_text_shadow_style,%91object Object%93&#8243; toggle_text_shadow_horizontal_length=\u00bbtoggle_text_shadow_style,%91object Object%93&#8243; toggle_text_shadow_vertical_length=\u00bbtoggle_text_shadow_style,%91object Object%93&#8243; toggle_text_shadow_blur_strength=\u00bbtoggle_text_shadow_style,%91object Object%93&#8243; z_index_tablet=\u00bb500&#8243;][et_pb_accordion_item _builder_version=\u00bb3.22.7&#8243; title=\u00bbPreguntamos a Jos\u00e9 Miguel N\u00fa\u00f1ez, Coordinador de la Animaci\u00f3n Vocacional de la inspector\u00eda.\u00bb link_option_url_new_window=\u00bboff\u00bb use_background_color_gradient=\u00bboff\u00bb background_color_gradient_start=\u00bb#2b87da\u00bb background_color_gradient_end=\u00bb#29c4a9&#8243; background_color_gradient_type=\u00bblinear\u00bb background_color_gradient_direction=\u00bb180deg\u00bb background_color_gradient_direction_radial=\u00bbcenter\u00bb background_color_gradient_start_position=\u00bb0%\u00bb background_color_gradient_end_position=\u00bb100%\u00bb background_color_gradient_overlays_image=\u00bboff\u00bb parallax=\u00bboff\u00bb parallax_method=\u00bbon\u00bb background_size=\u00bbcover\u00bb background_position=\u00bbcenter\u00bb background_repeat=\u00bbno-repeat\u00bb background_blend=\u00bbnormal\u00bb allow_player_pause=\u00bboff\u00bb background_video_pause_outside_viewport=\u00bbon\u00bb text_shadow_style=\u00bbnone\u00bb text_shadow_horizontal_length=\u00bbtext_shadow_style,%91object Object%93&#8243; text_shadow_vertical_length=\u00bbtext_shadow_style,%91object Object%93&#8243; text_shadow_blur_strength=\u00bbtext_shadow_style,%91object Object%93&#8243; box_shadow_style=\u00bbnone\u00bb box_shadow_horizontal=\u00bbbox_shadow_style,%91object Object%93&#8243; box_shadow_vertical=\u00bbbox_shadow_style,%91object Object%93&#8243; box_shadow_blur=\u00bbbox_shadow_style,%91object Object%93&#8243; box_shadow_spread=\u00bbbox_shadow_style,%91object Object%93&#8243; hover_transition_duration=\u00bb300ms\u00bb hover_transition_delay=\u00bb0ms\u00bb hover_transition_speed_curve=\u00bbease\u00bb]<\/p>\n<p><strong>\u00bfQu\u00e9 valor le da la Inspector\u00eda a este tipo de experiencia de discernimiento vocacional?<\/strong><\/p>\n<p>El campamento urbano Magone es un campamento para el <strong>discernimiento vocacional<\/strong> que se viene desarrollando, con distintas modalidades en la inspector\u00eda desde hace muchos a\u00f1os. Es un momento privilegiado dentro del itinerario de animaci\u00f3n vocacional del a\u00f1o y en \u00e9l participan chicos que ya est\u00e1n realizando un cierto camino de discernimiento. Creo que es importante para la inspector\u00eda y se ha intentado cuidar en todos estos a\u00f1os con una propuesta creativa, bien acompa\u00f1ada y con los elementos necesarios para que los j\u00f3venes candidatos a la vida religiosa salesiana puedan dar pasos en el discernimiento.<\/p>\n<p><strong>\u00bfSe est\u00e1n pensando nuevas experiencias en esta l\u00ednea?<\/strong><\/p>\n<p>Estamos ofertando experiencias nuevas continuamente, porque la animaci\u00f3n vocacional es siempre creativa y flexible. La <strong>Comunidad Propuesta<\/strong> es una buena prueba de ello. En este momento estamos trabajando tambi\u00e9n sobre <strong>el proyecto \u201cBEBE\u201d<\/strong> que es una propuesta muy completa de espiritualidad juvenil con vistas al discernimiento vocacional. En el proyecto, proponemos momentos sistem\u00e1ticos de oraci\u00f3n, experiencias de acompa\u00f1amiento, retiros espirituales, formaci\u00f3n en el carisma salesiano, voluntariado en el servicio a los j\u00f3venes m\u00e1s pobres, convivencias, etc. La propuesta creo que es variada y las necesidades pastorales nos piden estar siempre y cada vez m\u00e1s en alerta para seguir re-proponiendo experiencias que toquen la vida de los j\u00f3venes.<\/p>\n<p>[\/et_pb_accordion_item][\/et_pb_accordion][et_pb_image _builder_version=\u00bb3.22.7&#8243; src=\u00bbhttps:\/\/www.salesianos.edu\/revistasmx\/wp-content\/uploads\/sites\/8\/2019\/05\/Actividad2018.jpg\u00bb z_index_tablet=\u00bb500&#8243; \/][et_pb_accordion _builder_version=\u00bb3.22.7&#8243; text_shadow_horizontal_length=\u00bbtext_shadow_style,%91object Object%93&#8243; text_shadow_vertical_length=\u00bbtext_shadow_style,%91object Object%93&#8243; text_shadow_blur_strength=\u00bbtext_shadow_style,%91object Object%93&#8243; body_text_shadow_horizontal_length=\u00bbbody_text_shadow_style,%91object Object%93&#8243; body_text_shadow_vertical_length=\u00bbbody_text_shadow_style,%91object Object%93&#8243; body_text_shadow_blur_strength=\u00bbbody_text_shadow_style,%91object Object%93&#8243; toggle_text_shadow_horizontal_length=\u00bbtoggle_text_shadow_style,%91object Object%93&#8243; toggle_text_shadow_vertical_length=\u00bbtoggle_text_shadow_style,%91object Object%93&#8243; toggle_text_shadow_blur_strength=\u00bbtoggle_text_shadow_style,%91object Object%93&#8243; z_index_tablet=\u00bb500&#8243;][et_pb_accordion_item _builder_version=\u00bb3.22.7&#8243; title=\u00bbTestimonio: Jos\u00e9 Miguel P\u00e9rez. Salesiano en formaci\u00f3n participante en el Campamento 2018&#8243; link_option_url_new_window=\u00bboff\u00bb use_background_color_gradient=\u00bboff\u00bb background_color_gradient_start=\u00bb#2b87da\u00bb background_color_gradient_end=\u00bb#29c4a9&#8243; background_color_gradient_type=\u00bblinear\u00bb background_color_gradient_direction=\u00bb180deg\u00bb background_color_gradient_direction_radial=\u00bbcenter\u00bb background_color_gradient_start_position=\u00bb0%\u00bb background_color_gradient_end_position=\u00bb100%\u00bb background_color_gradient_overlays_image=\u00bboff\u00bb parallax=\u00bboff\u00bb parallax_method=\u00bbon\u00bb background_size=\u00bbcover\u00bb background_position=\u00bbcenter\u00bb background_repeat=\u00bbno-repeat\u00bb background_blend=\u00bbnormal\u00bb allow_player_pause=\u00bboff\u00bb background_video_pause_outside_viewport=\u00bbon\u00bb text_shadow_style=\u00bbnone\u00bb text_shadow_horizontal_length=\u00bbtext_shadow_style,%91object Object%93&#8243; text_shadow_vertical_length=\u00bbtext_shadow_style,%91object Object%93&#8243; text_shadow_blur_strength=\u00bbtext_shadow_style,%91object Object%93&#8243; box_shadow_style=\u00bbnone\u00bb box_shadow_horizontal=\u00bbbox_shadow_style,%91object Object%93&#8243; box_shadow_vertical=\u00bbbox_shadow_style,%91object Object%93&#8243; box_shadow_blur=\u00bbbox_shadow_style,%91object Object%93&#8243; box_shadow_spread=\u00bbbox_shadow_style,%91object Object%93&#8243; hover_transition_duration=\u00bb300ms\u00bb hover_transition_delay=\u00bb0ms\u00bb hover_transition_speed_curve=\u00bbease\u00bb]<\/p>\n<p><strong>Jos\u00e9 Miguel P\u00e9rez<\/strong> ha sido uno de los salesianos que el a\u00f1o pasado particip\u00f3 de esta experiencia y nos ha hecho llegar un art\u00edculo de reflexi\u00f3n que escribi\u00f3 en julio del 2018 sobre lo que hab\u00eda significado para \u00e9l. A continuaci\u00f3n algunos extractos del art\u00edculo titulado: <strong>\u201cPan, trabajo y para\u00edso\u201d.<\/strong><\/p>\n<p>\u201cCreo que es una experiencia muy rica y positiva, para poder seguir confront\u00e1ndote como salesiano, porque te ves envuelto en una comunidad y una actividad pastoral donde hay hermanos salesianos que llevan m\u00e1s a\u00f1os en el camino y, por detr\u00e1s, los j\u00f3venes que se plantean su camino vocacional.<\/p>\n<p>Esta experiencia me ha ayudado personalmente a ver como quiero ser en mi vida salesiana, mostr\u00e1ndome realmente como es la vida salesiana, haci\u00e9ndome olvidar las casas de formaci\u00f3n, que est\u00e1n dedicadas al estudio y, por tanto, llevan otros ritmos.<\/p>\n<p>Aqu\u00ed ves como tus hermanos, te apoyan y acompa\u00f1an antes las dificultades y retos cotidianos. Pudiendo hacer t\u00fa lo mismo con los j\u00f3venes que hacen la experiencia Magone, que, hasta no hace muchos a\u00f1os, la realizabas t\u00fa, y estabas con las mismas inquietudes, incertidumbres y miedos.<\/p>\n<p>Tambi\u00e9n me ayud\u00f3 mucho a creerme que debo ser como Don Bosco, en medio de los j\u00f3venes, sabi\u00e9ndolos acompa\u00f1ar y respetar sus tiempos. Doy gracias a Dios por esta experiencia Magone, por mis hermanos salesianos que nos han acompa\u00f1ado, que te hacen la vida m\u00e1s f\u00e1cil y te ayudan a ver a Dios, hermanos salesianos que me asisten todos los d\u00edas y me ayudan a ser fiel\u201d.<\/p>\n<p>[\/et_pb_accordion_item][\/et_pb_accordion][et_pb_image _builder_version=\u00bb3.22.7&#8243; src=\u00bbhttps:\/\/www.salesianos.edu\/revistasmx\/wp-content\/uploads\/sites\/8\/2019\/05\/FotoJose\u0301Miguel-1.jpg\u00bb z_index_tablet=\u00bb500&#8243; \/][et_pb_accordion _builder_version=\u00bb3.22.7&#8243; text_shadow_horizontal_length=\u00bbtext_shadow_style,%91object Object%93&#8243; text_shadow_vertical_length=\u00bbtext_shadow_style,%91object Object%93&#8243; text_shadow_blur_strength=\u00bbtext_shadow_style,%91object Object%93&#8243; body_text_shadow_horizontal_length=\u00bbbody_text_shadow_style,%91object Object%93&#8243; body_text_shadow_vertical_length=\u00bbbody_text_shadow_style,%91object Object%93&#8243; body_text_shadow_blur_strength=\u00bbbody_text_shadow_style,%91object Object%93&#8243; toggle_text_shadow_horizontal_length=\u00bbtoggle_text_shadow_style,%91object Object%93&#8243; toggle_text_shadow_vertical_length=\u00bbtoggle_text_shadow_style,%91object Object%93&#8243; toggle_text_shadow_blur_strength=\u00bbtoggle_text_shadow_style,%91object Object%93&#8243; z_index_tablet=\u00bb500&#8243;][et_pb_accordion_item _builder_version=\u00bb3.22.7&#8243; title=\u00bbNueva plaza en San Jos\u00e9 del Valle para reconocer 25 a\u00f1os de campamentos salesianos\u00bb link_option_url_new_window=\u00bboff\u00bb use_background_color_gradient=\u00bboff\u00bb background_color_gradient_start=\u00bb#2b87da\u00bb background_color_gradient_end=\u00bb#29c4a9&#8243; background_color_gradient_type=\u00bblinear\u00bb background_color_gradient_direction=\u00bb180deg\u00bb background_color_gradient_direction_radial=\u00bbcenter\u00bb background_color_gradient_start_position=\u00bb0%\u00bb background_color_gradient_end_position=\u00bb100%\u00bb background_color_gradient_overlays_image=\u00bboff\u00bb parallax=\u00bboff\u00bb parallax_method=\u00bbon\u00bb background_size=\u00bbcover\u00bb background_position=\u00bbcenter\u00bb background_repeat=\u00bbno-repeat\u00bb background_blend=\u00bbnormal\u00bb allow_player_pause=\u00bboff\u00bb background_video_pause_outside_viewport=\u00bbon\u00bb text_shadow_style=\u00bbnone\u00bb text_shadow_horizontal_length=\u00bbtext_shadow_style,%91object Object%93&#8243; text_shadow_vertical_length=\u00bbtext_shadow_style,%91object Object%93&#8243; text_shadow_blur_strength=\u00bbtext_shadow_style,%91object Object%93&#8243; box_shadow_style=\u00bbnone\u00bb box_shadow_horizontal=\u00bbbox_shadow_style,%91object Object%93&#8243; box_shadow_vertical=\u00bbbox_shadow_style,%91object Object%93&#8243; box_shadow_blur=\u00bbbox_shadow_style,%91object Object%93&#8243; box_shadow_spread=\u00bbbox_shadow_style,%91object Object%93&#8243; hover_transition_duration=\u00bb300ms\u00bb hover_transition_delay=\u00bb0ms\u00bb hover_transition_speed_curve=\u00bbease\u00bb]<\/p>\n<p>El nuevo espacio ganado para la sociedad vallense se llama <strong>Plaza Magone<\/strong>, en referencia a los campamentos urbanos que organiza la comunidad salesiana asentada en San Jos\u00e9 del Valle. El pr\u00f3ximo julio se cumplir\u00e1n 25 a\u00f1os de la edici\u00f3n inicial de los citados campamentos.&nbsp;Una escultura, aportada por Salesianos y alusiva a su labor formativa, se instal\u00f3 en el centro de la nueva plaza.<\/p>\n<p>[\/et_pb_accordion_item][\/et_pb_accordion][\/et_pb_column][\/et_pb_row][\/et_pb_section]<\/p>\n","protected":false},"excerpt":{"rendered":"<p>El Campamento Magone quiere ser una experiencia de vida salesiana que ayude al joven a poder descubrir que quiere Dios de \u00e9l. Los cuatros pilares en los que se sustenta el campo de trabajo durante estos 25 a\u00f1os han ayudado a muchos descubrir que Dios les llama a ser salesianos.<\/p>\n","protected":false},"author":5,"featured_media":11691,"comment_status":"open","ping_status":"closed","sticky":false,"template":"","format":"standard","meta":{"_et_pb_use_builder":"on","_et_pb_old_content":"<p>El <strong>Campamento Magone<\/strong> tiene una larga trayectoria en nuestra inspector\u00eda. El primero fue en el verano de 1994 y se realiz\u00f3 en la casa salesiana de San Jos\u00e9 del Valle (C\u00e1diz). Tras unos a\u00f1os fabulosos en los cuales pasaron por esta experiencia numerosos chavales, entre los cuales muchos de ellos hoy son salesianos, en 2016 se traslad\u00f3 la experiencia a <strong>Palma del R\u00edo<\/strong>, en donde ya este verano se iniciar\u00e1 la 4\u00aa edici\u00f3n.<\/p><p>En esta \u00faltimas cuatro ediciones han participado 26 j\u00f3venes de diferentes casas de la inspector\u00eda. La experiencia comienza el s\u00e1bado 29 de junio y concluye el 21 de julio. En estos \u00faltimos a\u00f1os han participado 5 o 6 j\u00f3venes educadores cada a\u00f1o. Se espera un n\u00famero similar para este verano.<\/p><p>El salesiano <strong>Paco Jaldo<\/strong> es, desde el pasado curso, el responsable de la experiencia junto al tambi\u00e9n salesiano <strong>Jos\u00e9 Miguel N\u00fa\u00f1ez<\/strong>, Coordinador de la Animaci\u00f3n Vocacional de la inspector\u00eda. Jaldo se encarga de acompa\u00f1ar a los j\u00f3venes que realizan la experiencia y les ayuda a hacer s\u00edntesis personal de la experiencia que est\u00e1n viviendo. Cada a\u00f1o les ayuda otro salesiano que completa el equipo.<\/p><p>\u201cEl Campamento Magone quiere ser una experiencia de vida salesiana que ayude al joven a poder descubrir que quiere Dios de \u00e9l. Los que participan de esta experiencia son j\u00f3venes que sienten que la vida salesiana puede ser un camino por el que Dios les est\u00e1 guiando, un camino para ser felices. Los cuatros pilares en los que se sustenta el campo de trabajo durante estos 25 a\u00f1os han ayudado a muchos descubrir que Dios les llama a ser salesianos\u201d, explica Jaldo.<\/p>","_et_gb_content_width":"","footnotes":""},"categories":[34,1],"tags":[],"class_list":["post-11690","post","type-post","status-publish","format-standard","has-post-thumbnail","hentry","category-a-fondo","category-uncategorized"],"yoast_head":"<!-- This site is optimized with the Yoast SEO plugin v27.5 - https:\/\/yoast.com\/product\/yoast-seo-wordpress\/ -->\n<title>Magone: Un Campamento vocacional muy especial - Revista SMX<\/title>\n<meta name=\"robots\" content=\"index, follow, max-snippet:-1, max-image-preview:large, max-video-preview:-1\" \/>\n<link rel=\"canonical\" href=\"https:\/\/www.salesianos.edu\/revistasmx\/magone-un-campamento-vocacional-muy-especial\/\" \/>\n<meta property=\"og:locale\" content=\"es_ES\" \/>\n<meta property=\"og:type\" content=\"article\" \/>\n<meta property=\"og:title\" content=\"Magone: Un Campamento vocacional muy especial - Revista SMX\" \/>\n<meta property=\"og:description\" content=\"El Campamento Magone quiere ser una experiencia de vida salesiana que ayude al joven a poder descubrir que quiere Dios de \u00e9l. Los cuatros pilares en los que se sustenta el campo de trabajo durante estos 25 a\u00f1os han ayudado a muchos descubrir que Dios les llama a ser salesianos.\" \/>\n<meta property=\"og:url\" content=\"https:\/\/www.salesianos.edu\/revistasmx\/magone-un-campamento-vocacional-muy-especial\/\" \/>\n<meta property=\"og:site_name\" content=\"Revista SMX\" \/>\n<meta property=\"article:published_time\" content=\"2019-05-24T21:00:22+00:00\" \/>\n<meta property=\"article:modified_time\" content=\"2019-05-31T11:18:20+00:00\" \/>\n<meta property=\"og:image\" content=\"https:\/\/www.salesianos.edu\/revistasmx\/wp-content\/uploads\/sites\/8\/2019\/05\/chavales-de-la-experiencia-de-hace-2-an\u0303os.jpg\" \/>\n\t<meta property=\"og:image:width\" content=\"1200\" \/>\n\t<meta property=\"og:image:height\" content=\"675\" \/>\n\t<meta property=\"og:image:type\" content=\"image\/jpeg\" \/>\n<meta name=\"author\" content=\"martapeirat\" \/>\n<meta name=\"twitter:card\" content=\"summary_large_image\" \/>\n<meta name=\"twitter:label1\" content=\"Escrito por\" \/>\n\t<meta name=\"twitter:data1\" content=\"martapeirat\" \/>\n\t<meta name=\"twitter:label2\" content=\"Tiempo de lectura\" \/>\n\t<meta name=\"twitter:data2\" content=\"14 minutos\" \/>\n<script type=\"application\/ld+json\" class=\"yoast-schema-graph\">{\"@context\":\"https:\\\/\\\/schema.org\",\"@graph\":[{\"@type\":\"Article\",\"@id\":\"https:\\\/\\\/www.salesianos.edu\\\/revistasmx\\\/magone-un-campamento-vocacional-muy-especial\\\/#article\",\"isPartOf\":{\"@id\":\"https:\\\/\\\/www.salesianos.edu\\\/revistasmx\\\/magone-un-campamento-vocacional-muy-especial\\\/\"},\"author\":{\"name\":\"martapeirat\",\"@id\":\"https:\\\/\\\/www.salesianos.edu\\\/revistasmx\\\/#\\\/schema\\\/person\\\/20a80be1bb4e0ed82068c57facf5b237\"},\"headline\":\"Magone: Un Campamento vocacional muy especial\",\"datePublished\":\"2019-05-24T21:00:22+00:00\",\"dateModified\":\"2019-05-31T11:18:20+00:00\",\"mainEntityOfPage\":{\"@id\":\"https:\\\/\\\/www.salesianos.edu\\\/revistasmx\\\/magone-un-campamento-vocacional-muy-especial\\\/\"},\"wordCount\":2741,\"commentCount\":0,\"image\":{\"@id\":\"https:\\\/\\\/www.salesianos.edu\\\/revistasmx\\\/magone-un-campamento-vocacional-muy-especial\\\/#primaryimage\"},\"thumbnailUrl\":\"https:\\\/\\\/www.salesianos.edu\\\/revistasmx\\\/wp-content\\\/uploads\\\/sites\\\/8\\\/2019\\\/05\\\/chavales-de-la-experiencia-de-hace-2-an\u0303os.jpg\",\"articleSection\":[\"A FONDO\",\"Uncategorized\"],\"inLanguage\":\"es\",\"potentialAction\":[{\"@type\":\"CommentAction\",\"name\":\"Comment\",\"target\":[\"https:\\\/\\\/www.salesianos.edu\\\/revistasmx\\\/magone-un-campamento-vocacional-muy-especial\\\/#respond\"]}]},{\"@type\":\"WebPage\",\"@id\":\"https:\\\/\\\/www.salesianos.edu\\\/revistasmx\\\/magone-un-campamento-vocacional-muy-especial\\\/\",\"url\":\"https:\\\/\\\/www.salesianos.edu\\\/revistasmx\\\/magone-un-campamento-vocacional-muy-especial\\\/\",\"name\":\"Magone: Un Campamento vocacional muy especial - Revista SMX\",\"isPartOf\":{\"@id\":\"https:\\\/\\\/www.salesianos.edu\\\/revistasmx\\\/#website\"},\"primaryImageOfPage\":{\"@id\":\"https:\\\/\\\/www.salesianos.edu\\\/revistasmx\\\/magone-un-campamento-vocacional-muy-especial\\\/#primaryimage\"},\"image\":{\"@id\":\"https:\\\/\\\/www.salesianos.edu\\\/revistasmx\\\/magone-un-campamento-vocacional-muy-especial\\\/#primaryimage\"},\"thumbnailUrl\":\"https:\\\/\\\/www.salesianos.edu\\\/revistasmx\\\/wp-content\\\/uploads\\\/sites\\\/8\\\/2019\\\/05\\\/chavales-de-la-experiencia-de-hace-2-an\u0303os.jpg\",\"datePublished\":\"2019-05-24T21:00:22+00:00\",\"dateModified\":\"2019-05-31T11:18:20+00:00\",\"author\":{\"@id\":\"https:\\\/\\\/www.salesianos.edu\\\/revistasmx\\\/#\\\/schema\\\/person\\\/20a80be1bb4e0ed82068c57facf5b237\"},\"breadcrumb\":{\"@id\":\"https:\\\/\\\/www.salesianos.edu\\\/revistasmx\\\/magone-un-campamento-vocacional-muy-especial\\\/#breadcrumb\"},\"inLanguage\":\"es\",\"potentialAction\":[{\"@type\":\"ReadAction\",\"target\":[\"https:\\\/\\\/www.salesianos.edu\\\/revistasmx\\\/magone-un-campamento-vocacional-muy-especial\\\/\"]}]},{\"@type\":\"ImageObject\",\"inLanguage\":\"es\",\"@id\":\"https:\\\/\\\/www.salesianos.edu\\\/revistasmx\\\/magone-un-campamento-vocacional-muy-especial\\\/#primaryimage\",\"url\":\"https:\\\/\\\/www.salesianos.edu\\\/revistasmx\\\/wp-content\\\/uploads\\\/sites\\\/8\\\/2019\\\/05\\\/chavales-de-la-experiencia-de-hace-2-an\u0303os.jpg\",\"contentUrl\":\"https:\\\/\\\/www.salesianos.edu\\\/revistasmx\\\/wp-content\\\/uploads\\\/sites\\\/8\\\/2019\\\/05\\\/chavales-de-la-experiencia-de-hace-2-an\u0303os.jpg\",\"width\":1200,\"height\":675},{\"@type\":\"BreadcrumbList\",\"@id\":\"https:\\\/\\\/www.salesianos.edu\\\/revistasmx\\\/magone-un-campamento-vocacional-muy-especial\\\/#breadcrumb\",\"itemListElement\":[{\"@type\":\"ListItem\",\"position\":1,\"name\":\"Portada\",\"item\":\"https:\\\/\\\/www.salesianos.edu\\\/revistasmx\\\/\"},{\"@type\":\"ListItem\",\"position\":2,\"name\":\"Magone: Un Campamento vocacional muy especial\"}]},{\"@type\":\"WebSite\",\"@id\":\"https:\\\/\\\/www.salesianos.edu\\\/revistasmx\\\/#website\",\"url\":\"https:\\\/\\\/www.salesianos.edu\\\/revistasmx\\\/\",\"name\":\"Revista SMX\",\"description\":\"P\u00e1gina oficial de Inspector\u00eda Salesiana Mar\u00eda Auxiliadora\",\"potentialAction\":[{\"@type\":\"SearchAction\",\"target\":{\"@type\":\"EntryPoint\",\"urlTemplate\":\"https:\\\/\\\/www.salesianos.edu\\\/revistasmx\\\/?s={search_term_string}\"},\"query-input\":{\"@type\":\"PropertyValueSpecification\",\"valueRequired\":true,\"valueName\":\"search_term_string\"}}],\"inLanguage\":\"es\"},{\"@type\":\"Person\",\"@id\":\"https:\\\/\\\/www.salesianos.edu\\\/revistasmx\\\/#\\\/schema\\\/person\\\/20a80be1bb4e0ed82068c57facf5b237\",\"name\":\"martapeirat\",\"image\":{\"@type\":\"ImageObject\",\"inLanguage\":\"es\",\"@id\":\"https:\\\/\\\/secure.gravatar.com\\\/avatar\\\/1139b81b40ed1dde466563679597db378e7092bbfdd7ebb264c437fedde866d7?s=96&d=mm&r=g\",\"url\":\"https:\\\/\\\/secure.gravatar.com\\\/avatar\\\/1139b81b40ed1dde466563679597db378e7092bbfdd7ebb264c437fedde866d7?s=96&d=mm&r=g\",\"contentUrl\":\"https:\\\/\\\/secure.gravatar.com\\\/avatar\\\/1139b81b40ed1dde466563679597db378e7092bbfdd7ebb264c437fedde866d7?s=96&d=mm&r=g\",\"caption\":\"martapeirat\"}}]}<\/script>\n<!-- \/ Yoast SEO plugin. -->","yoast_head_json":{"title":"Magone: Un Campamento vocacional muy especial - Revista SMX","robots":{"index":"index","follow":"follow","max-snippet":"max-snippet:-1","max-image-preview":"max-image-preview:large","max-video-preview":"max-video-preview:-1"},"canonical":"https:\/\/www.salesianos.edu\/revistasmx\/magone-un-campamento-vocacional-muy-especial\/","og_locale":"es_ES","og_type":"article","og_title":"Magone: Un Campamento vocacional muy especial - Revista SMX","og_description":"El Campamento Magone quiere ser una experiencia de vida salesiana que ayude al joven a poder descubrir que quiere Dios de \u00e9l. Los cuatros pilares en los que se sustenta el campo de trabajo durante estos 25 a\u00f1os han ayudado a muchos descubrir que Dios les llama a ser salesianos.","og_url":"https:\/\/www.salesianos.edu\/revistasmx\/magone-un-campamento-vocacional-muy-especial\/","og_site_name":"Revista SMX","article_published_time":"2019-05-24T21:00:22+00:00","article_modified_time":"2019-05-31T11:18:20+00:00","og_image":[{"width":1200,"height":675,"url":"https:\/\/www.salesianos.edu\/revistasmx\/wp-content\/uploads\/sites\/8\/2019\/05\/chavales-de-la-experiencia-de-hace-2-an\u0303os.jpg","type":"image\/jpeg"}],"author":"martapeirat","twitter_card":"summary_large_image","twitter_misc":{"Escrito por":"martapeirat","Tiempo de lectura":"14 minutos"},"schema":{"@context":"https:\/\/schema.org","@graph":[{"@type":"Article","@id":"https:\/\/www.salesianos.edu\/revistasmx\/magone-un-campamento-vocacional-muy-especial\/#article","isPartOf":{"@id":"https:\/\/www.salesianos.edu\/revistasmx\/magone-un-campamento-vocacional-muy-especial\/"},"author":{"name":"martapeirat","@id":"https:\/\/www.salesianos.edu\/revistasmx\/#\/schema\/person\/20a80be1bb4e0ed82068c57facf5b237"},"headline":"Magone: Un Campamento vocacional muy especial","datePublished":"2019-05-24T21:00:22+00:00","dateModified":"2019-05-31T11:18:20+00:00","mainEntityOfPage":{"@id":"https:\/\/www.salesianos.edu\/revistasmx\/magone-un-campamento-vocacional-muy-especial\/"},"wordCount":2741,"commentCount":0,"image":{"@id":"https:\/\/www.salesianos.edu\/revistasmx\/magone-un-campamento-vocacional-muy-especial\/#primaryimage"},"thumbnailUrl":"https:\/\/www.salesianos.edu\/revistasmx\/wp-content\/uploads\/sites\/8\/2019\/05\/chavales-de-la-experiencia-de-hace-2-an\u0303os.jpg","articleSection":["A FONDO","Uncategorized"],"inLanguage":"es","potentialAction":[{"@type":"CommentAction","name":"Comment","target":["https:\/\/www.salesianos.edu\/revistasmx\/magone-un-campamento-vocacional-muy-especial\/#respond"]}]},{"@type":"WebPage","@id":"https:\/\/www.salesianos.edu\/revistasmx\/magone-un-campamento-vocacional-muy-especial\/","url":"https:\/\/www.salesianos.edu\/revistasmx\/magone-un-campamento-vocacional-muy-especial\/","name":"Magone: Un Campamento vocacional muy especial - Revista SMX","isPartOf":{"@id":"https:\/\/www.salesianos.edu\/revistasmx\/#website"},"primaryImageOfPage":{"@id":"https:\/\/www.salesianos.edu\/revistasmx\/magone-un-campamento-vocacional-muy-especial\/#primaryimage"},"image":{"@id":"https:\/\/www.salesianos.edu\/revistasmx\/magone-un-campamento-vocacional-muy-especial\/#primaryimage"},"thumbnailUrl":"https:\/\/www.salesianos.edu\/revistasmx\/wp-content\/uploads\/sites\/8\/2019\/05\/chavales-de-la-experiencia-de-hace-2-an\u0303os.jpg","datePublished":"2019-05-24T21:00:22+00:00","dateModified":"2019-05-31T11:18:20+00:00","author":{"@id":"https:\/\/www.salesianos.edu\/revistasmx\/#\/schema\/person\/20a80be1bb4e0ed82068c57facf5b237"},"breadcrumb":{"@id":"https:\/\/www.salesianos.edu\/revistasmx\/magone-un-campamento-vocacional-muy-especial\/#breadcrumb"},"inLanguage":"es","potentialAction":[{"@type":"ReadAction","target":["https:\/\/www.salesianos.edu\/revistasmx\/magone-un-campamento-vocacional-muy-especial\/"]}]},{"@type":"ImageObject","inLanguage":"es","@id":"https:\/\/www.salesianos.edu\/revistasmx\/magone-un-campamento-vocacional-muy-especial\/#primaryimage","url":"https:\/\/www.salesianos.edu\/revistasmx\/wp-content\/uploads\/sites\/8\/2019\/05\/chavales-de-la-experiencia-de-hace-2-an\u0303os.jpg","contentUrl":"https:\/\/www.salesianos.edu\/revistasmx\/wp-content\/uploads\/sites\/8\/2019\/05\/chavales-de-la-experiencia-de-hace-2-an\u0303os.jpg","width":1200,"height":675},{"@type":"BreadcrumbList","@id":"https:\/\/www.salesianos.edu\/revistasmx\/magone-un-campamento-vocacional-muy-especial\/#breadcrumb","itemListElement":[{"@type":"ListItem","position":1,"name":"Portada","item":"https:\/\/www.salesianos.edu\/revistasmx\/"},{"@type":"ListItem","position":2,"name":"Magone: Un Campamento vocacional muy especial"}]},{"@type":"WebSite","@id":"https:\/\/www.salesianos.edu\/revistasmx\/#website","url":"https:\/\/www.salesianos.edu\/revistasmx\/","name":"Revista SMX","description":"P\u00e1gina oficial de Inspector\u00eda Salesiana Mar\u00eda Auxiliadora","potentialAction":[{"@type":"SearchAction","target":{"@type":"EntryPoint","urlTemplate":"https:\/\/www.salesianos.edu\/revistasmx\/?s={search_term_string}"},"query-input":{"@type":"PropertyValueSpecification","valueRequired":true,"valueName":"search_term_string"}}],"inLanguage":"es"},{"@type":"Person","@id":"https:\/\/www.salesianos.edu\/revistasmx\/#\/schema\/person\/20a80be1bb4e0ed82068c57facf5b237","name":"martapeirat","image":{"@type":"ImageObject","inLanguage":"es","@id":"https:\/\/secure.gravatar.com\/avatar\/1139b81b40ed1dde466563679597db378e7092bbfdd7ebb264c437fedde866d7?s=96&d=mm&r=g","url":"https:\/\/secure.gravatar.com\/avatar\/1139b81b40ed1dde466563679597db378e7092bbfdd7ebb264c437fedde866d7?s=96&d=mm&r=g","contentUrl":"https:\/\/secure.gravatar.com\/avatar\/1139b81b40ed1dde466563679597db378e7092bbfdd7ebb264c437fedde866d7?s=96&d=mm&r=g","caption":"martapeirat"}}]}},"_links":{"self":[{"href":"https:\/\/www.salesianos.edu\/revistasmx\/wp-json\/wp\/v2\/posts\/11690","targetHints":{"allow":["GET"]}}],"collection":[{"href":"https:\/\/www.salesianos.edu\/revistasmx\/wp-json\/wp\/v2\/posts"}],"about":[{"href":"https:\/\/www.salesianos.edu\/revistasmx\/wp-json\/wp\/v2\/types\/post"}],"author":[{"embeddable":true,"href":"https:\/\/www.salesianos.edu\/revistasmx\/wp-json\/wp\/v2\/users\/5"}],"replies":[{"embeddable":true,"href":"https:\/\/www.salesianos.edu\/revistasmx\/wp-json\/wp\/v2\/comments?post=11690"}],"version-history":[{"count":11,"href":"https:\/\/www.salesianos.edu\/revistasmx\/wp-json\/wp\/v2\/posts\/11690\/revisions"}],"predecessor-version":[{"id":11742,"href":"https:\/\/www.salesianos.edu\/revistasmx\/wp-json\/wp\/v2\/posts\/11690\/revisions\/11742"}],"wp:featuredmedia":[{"embeddable":true,"href":"https:\/\/www.salesianos.edu\/revistasmx\/wp-json\/wp\/v2\/media\/11691"}],"wp:attachment":[{"href":"https:\/\/www.salesianos.edu\/revistasmx\/wp-json\/wp\/v2\/media?parent=11690"}],"wp:term":[{"taxonomy":"category","embeddable":true,"href":"https:\/\/www.salesianos.edu\/revistasmx\/wp-json\/wp\/v2\/categories?post=11690"},{"taxonomy":"post_tag","embeddable":true,"href":"https:\/\/www.salesianos.edu\/revistasmx\/wp-json\/wp\/v2\/tags?post=11690"}],"curies":[{"name":"wp","href":"https:\/\/api.w.org\/{rel}","templated":true}]}}