{"id":11156,"date":"2019-03-24T23:00:22","date_gmt":"2019-03-24T22:00:22","guid":{"rendered":"http:\/\/www.salesianos.edu\/revistasmx\/?p=11156"},"modified":"2019-04-03T16:24:08","modified_gmt":"2019-04-03T14:24:08","slug":"malaga-la-cuesta-i-badajoz-recullen-el-fruit-de-la-seva-rica-historia","status":"publish","type":"post","link":"https:\/\/www.salesianos.edu\/revistasmx\/ca\/malaga-la-cuesta-i-badajoz-recullen-el-fruit-de-la-seva-rica-historia\/","title":{"rendered":"M\u00e1laga, La Cuesta i Badajoz recullen el fruit de la seva rica hist\u00f2ria"},"content":{"rendered":"<div id=\"fb-root\"><\/div>\n<p>[et_pb_section bb_built=\u00bb1&#8243;][et_pb_row][et_pb_column type=\u00bb4_4&#8243;][et_pb_text _builder_version=\u00bb3.20.2&#8243;]<\/p>\n<p><strong>Les tres pres\u00e8ncies salesianes comparteixen durant aquest curs la celebraci\u00f3 dels seus 125\u00e8, 75\u00e8 i 50\u00e8 aniversaris donant gr\u00e0cies per una llarga traject\u00f2ria al servei de la joventut.<\/strong><\/p>\n<p><em>Per: Carlos Mart\u00edn Trejo<\/em><\/p>\n<p><img loading=\"lazy\" decoding=\"async\" class=\"size-medium wp-image-11135 alignleft\" src=\"https:\/\/www.salesianos.edu\/revistasmx\/wp-content\/uploads\/sites\/8\/2019\/03\/20181118Malaga-300x187.jpg\" alt=\"\" width=\"300\" height=\"187\" srcset=\"https:\/\/www.salesianos.edu\/revistasmx\/wp-content\/uploads\/sites\/8\/2019\/03\/20181118Malaga-300x187.jpg 300w, https:\/\/www.salesianos.edu\/revistasmx\/wp-content\/uploads\/sites\/8\/2019\/03\/20181118Malaga-400x250.jpg 400w, https:\/\/www.salesianos.edu\/revistasmx\/wp-content\/uploads\/sites\/8\/2019\/03\/20181118Malaga.jpg 750w\" sizes=\"(max-width: 300px) 100vw, 300px\" \/>La Inspectoria Salesiana Maria Auxiliadora viu el curs 2018\/19 amb l&#8217;alegria de recollir el fruit abundant que brolla des de les pres\u00e8ncies salesianes. Un any que t\u00e9 un valor especial per a les cases de M\u00e1laga, La Cuesta i Badajoz, les tres realitats que uneixen Andalusia, Can\u00e0ries i Extremadura des de l&#8217;arribada dels Salesians i gr\u00e0cies a la vig\u00e8ncia de l&#8217;estil de Don Bosco.<\/p>\n<p>\u00abAmb el lema <strong>&#8216;Somiem junts<\/strong>&#8216;, que es completar\u00e0 amb &#8216;<strong>Som molts + 1<\/strong>&#8216;el proper any , pretenem crear lla\u00e7os forts amb tota la Fam\u00edlia Salesiana, donar visibilitat davant la societat malaguenya i engrandir horitzons de futur a tot el nostre projecte educatiu salesi\u00e0 \u00ab, explica <strong>Antonio Gil, director titular de Salesians M\u00e0laga <\/strong>a prop\u00f2sit del seu 125\u00e8 aniversari.<\/p>\n<p>El 8 de desembre de 1841, <strong>Don Bosco<\/strong> va tenir la primera trobada amb <strong>Bartomeu Garelli<\/strong>, posant la primera llavor del model de ra\u00f3, religi\u00f3 i amor que esdev\u00e9 el lema \u00a0&#8216;<em>Da mihi animas&#8217;<\/em> fins avui. Algunes d\u00e8cades m\u00e9s tard, tamb\u00e9 un 8 de desembre, de l&#8217;any 1894, els primers salesians arribats a M\u00e1laga van comen\u00e7ar la seva generosa entrega.<\/p>\n<p>125 anys despr\u00e9s, aquests dos moments van ser recordats al carrer Eduardo Dom\u00ednguez \u00c0vila de la ciutat malaguenya com a tret de sortida als actes commemoratius. \u00abVa ser un moment molt emotiu, solemne, \u00edntim, original, molt participat i familiar, viscut amb emoci\u00f3 i que <em>va agradar especialment perqu\u00e8 es va veure clarament la quantitat de diferents tenim ben actius a la casa. <\/em><\/p>\n<p><em>Fer-ho visible d\u00b4aquesta manera ens fa sentir-nos m\u00e9s units i il\u00b7lusionats &#8230; Tot ho ha fet Ella \u00ab, <\/em>comparteix el salesi\u00e0 sobre l&#8217;ofrena realitzada el dia de la Immaculada sota el lema\u00bb Que no falti la teva flor \u00ab.<\/p>\n<p><img loading=\"lazy\" decoding=\"async\" class=\"size-medium wp-image-11137 alignleft\" src=\"https:\/\/www.salesianos.edu\/revistasmx\/wp-content\/uploads\/sites\/8\/2019\/03\/20190128Malaga1-300x225.jpg\" alt=\"\" width=\"300\" height=\"225\" srcset=\"https:\/\/www.salesianos.edu\/revistasmx\/wp-content\/uploads\/sites\/8\/2019\/03\/20190128Malaga1-300x225.jpg 300w, https:\/\/www.salesianos.edu\/revistasmx\/wp-content\/uploads\/sites\/8\/2019\/03\/20190128Malaga1-510x382.jpg 510w, https:\/\/www.salesianos.edu\/revistasmx\/wp-content\/uploads\/sites\/8\/2019\/03\/20190128Malaga1.jpg 750w\" sizes=\"(max-width: 300px) 100vw, 300px\" \/>El llibre \u201c125 anys abra\u00e7ant la vida\u201d, l&#8217;himne \u201dSeguim creant vida&#8217; o la inauguraci\u00f3 del mapamundi salesi\u00e0 s\u00f3n algunes de les mostres que aquest estil va m\u00e9s enll\u00e0 de les parets de la casa i es proclama des del barri de Capuchinos amb un distinctiu propi. \u00abRessaltar el nostre ambient educatiu sa i incloent, la dedicaci\u00f3 i promoci\u00f3 de les classes treballadores malaguenyes, amb una clara aposta pel carisma de Don Bosco i una profunda devoci\u00f3 a Maria Auxiliadora, sempre atents al \u201c<em>feu el que Ell us digui\u201d <\/em>(Jo 2 , 5) seguint els valors evang\u00e8lics.<\/p>\n<p>Apostem perqu\u00e8 aquest sigui el significat profund i el fruit esperan\u00e7ador de la celebraci\u00f3 del 125\u00e8 aniversari de la pres\u00e8ncia salesiana a M\u00e1laga \u00ab, afegeix Antonio Gil.<\/p>\n<p>Entorn a l\u00b4aniversari i amb motiu de la Festa de la Uni\u00f3, es va reunir un grup molt representatiu d&#8217;antics alumnes de M\u00e1laga, amb els professors actuals i d\u00b4anys anteriors, en una mateixa viv\u00e8ncia \u00a0prou emotiva: \u00abHe reviscut els records dels meus anys d&#8217;alumna al centre, em va encantar i m&#8217;ha animat a seguir el sentit de vida que aqu\u00ed vaig aprendre tot seguint \u00a0Don Bosco\u00bb, expressava i compartia una de les assistents.<\/p>\n<p>\u00abTot all\u00f2 que hem reflexionat i viscut ens porta a coll per a seguir sent capa\u00e7os de produir una m\u00e0gia, construir humanitat, volar darrere els somnis, proposar fites, aconseguir objectius &#8230; conven\u00e7uts que somiar \u00e9s veure m\u00e9s enll\u00e0.<\/p>\n<p>L\u00b4any 2019, ser\u00e0 un any molt especial per a sembrar desitjos i recollir il\u00b7lusions, per omplir-nos d&#8217;energia i per assolir algun dels somnis perseguits en un futur que promet \u00ab, conclou el director salesi\u00e0.<\/p>\n<div class='et-learn-more clearfix'>\n\t\t\t\t\t<h3 class='heading-more'>El Rector Major sobre l&#039;aniversari de M\u00e0laga<span class='et_learnmore_arrow'><span><\/span><\/span><\/h3>\n\t\t\t\t\t<div class='learn-more-content'>\u00abM\u00b4uneixo a tots vosaltres en aquesta efem\u00e8ride d&#8217;aquest any de gr\u00e0cia 2019. Em sembla molt bonic el que expressa el text perqu\u00e8 aix\u00ed s&#8217;ha viscut i ho veig tan ple de vida que us agraeixo aquesta invitaci\u00f3 &#8230; us felicito tamb\u00e9 per aquest apartat de la vostra publicaci\u00f3 en qu\u00e8 joves de casa vostra expressen les seves experi\u00e8ncies del que estan vivint i em reafirmo en alguna cosa que \u00e9s molt cert, que DON BOSCO ENS VA ENSENYARQUE D\u00c9U ENS VOL SEMPRE BONES PERSONES \u00bb (D. \u00c0ngel Fern\u00e1ndez Artime, Rector Major en el nostre llibre de l&#8217;aniversari \u00ab125 anys abra\u00e7ant LA VIDA\u00bb)<\/div>\n\t\t\t\t<\/div>\n<p><img loading=\"lazy\" decoding=\"async\" class=\"size-medium wp-image-11145 alignright\" src=\"https:\/\/www.salesianos.edu\/revistasmx\/wp-content\/uploads\/sites\/8\/2019\/03\/LaCuesta13-300x200.jpg\" alt=\"\" width=\"300\" height=\"200\" srcset=\"https:\/\/www.salesianos.edu\/revistasmx\/wp-content\/uploads\/sites\/8\/2019\/03\/LaCuesta13-300x200.jpg 300w, https:\/\/www.salesianos.edu\/revistasmx\/wp-content\/uploads\/sites\/8\/2019\/03\/LaCuesta13-768x512.jpg 768w, https:\/\/www.salesianos.edu\/revistasmx\/wp-content\/uploads\/sites\/8\/2019\/03\/LaCuesta13-1024x683.jpg 1024w, https:\/\/www.salesianos.edu\/revistasmx\/wp-content\/uploads\/sites\/8\/2019\/03\/LaCuesta13-1080x720.jpg 1080w, https:\/\/www.salesianos.edu\/revistasmx\/wp-content\/uploads\/sites\/8\/2019\/03\/LaCuesta13.jpg 1200w\" sizes=\"(max-width: 300px) 100vw, 300px\" \/>A 1600 quil\u00f2metres aquest mateix fil conductor marca amb goig una altra celebraci\u00f3. A <strong>Tenerife,<\/strong> Salesians La Cuesta viu durant aquest curs el <strong>75\u00e8 aniversari de l&#8217;arribada dels fills de Don Bosco a l&#8217;illa,<\/strong> i la seva primera estada al col\u00b7legi de la capital de Galcer\u00e1n, per a m\u00e9s tard, l\u00b4any 1979, traslladar-se a la seva seu actual.<\/p>\n<p>\u00abDavant l&#8217;aniversari d&#8217;aquesta obra salesiana, que ha tingut el seu fonament en l&#8217;Associaci\u00f3 Asilo Victoria i que va iniciar el seu cam\u00ed a Santa Cruz de Tenerife, la primera q\u00fcesti\u00f3 que ens vam plantejar va ser: \u00bfPaga la pena emprar temps, energies i economia per a celebrar els 75 anys o esperem al centenari? No hi va haver discussi\u00f3.<\/p>\n<p>\u00a0Hem de fer mem\u00f2ria d&#8217;una hist\u00f2ria que \u00e9s ja salesiana i socialment gloriosa \u00ab, aix\u00ed comparteix <strong>Felipe Acosta, director <\/strong>titular de la Cuesta, el significat d&#8217;un aniversari que omple de salesianitat a tota l&#8217;illa.<\/p>\n<p>Al mar\u00e7 de 1944 van comen\u00e7ar a funcionar quatre classes per a nens sense recursos i a l&#8217;octubre d&#8217;aquest mateix any, van ingressar 35 interns sostinguts per la Benefic\u00e8ncia Insular. Les autoritats civils i sobretot les militars i la Caixa d&#8217;Estalvis de l&#8217;\u00e8poca, es prendre amb seriositat aquella obra i es van construir 7 tallers que van comen\u00e7ar el seu funcionament el febrer de 1946.<\/p>\n<p>\u00abEl car\u00e0cter social i assequible a les classes populars i la Formaci\u00f3 Professional seran les notes m\u00e9s caracter\u00edstiques anomenada durant molts anys \u00abL<strong>&#8216;Escola Professional Salesiana Sant Joan Bosco \u00ab<\/strong>. Per a mantenir aquest car\u00e0cter la comunitat Salesiana va arribar a tenir fins a 20 salesians per atendre l&#8217;obra \u00ab, explica Felip.<\/p>\n<p>El recordat periodista de Tenerife Antonio Mart\u00ed va escriure fa uns anys: \u00abAls tallers i a les f\u00e0briques de Tenerife hi ha sempre homes formats pels Salesians, i diuen que s\u00f3n els millors caps responsables i tamb\u00e9 dels obrers que hi ha a l&#8217;illa. Els Fills de Don Bosco van ensenyar a molta gent, van saciar necessitats de tot tipus, morals i f\u00edsiques i van fer als seus alumnes homes de profit \u00ab. Aviat els Salesians es van identificar amb el poble i el b\u00e9 dels joves. Van fer de la joventut de Tenerife, la porci\u00f3 m\u00e9s delicada i valuosa de la societat, \u00abbons cristians i honrats ciutadans\u00bb, del que Santa Cruz s&#8217;ha sentit sempre orgullosa.<\/p>\n<p>Fins i tot el trasllat al Barri de la Candelera a La Costa en la d\u00e8cada del 70 va tenir dues motivacions molt clares: el desig de complir la exig\u00e8ncies de la Llei General d&#8217;Educaci\u00f3 del 70 i la il\u00b7lusi\u00f3 d&#8217;encarnar-se en una zona altament popular a la qual poder servir i ajudar en la seva promoci\u00f3. Avui es diu <strong>Col\u00b7legi Salesi\u00e0 Sant Joan Bosco \u00ab<\/strong>, afegeix Acosta amb el record del primer Salesi\u00e0, el senyor <strong>Ricardo Acu\u00f1a Acu\u00f1a,<\/strong> tot just arribat per a fer-se c\u00e0rrec del acondicionament de l&#8217;Asilo Victoria, i del senyor <strong>Antonio Espinosa Serra, <\/strong>director de la primera Comunitat Salesiana.<\/p>\n<div class='et-learn-more clearfix'>\n\t\t\t\t\t<h3 class='heading-more'>Alguns records d&#039;aquests 75 anys: el trasllat a la seu actual de la Cuesta<span class='et_learnmore_arrow'><span><\/span><\/span><\/h3>\n\t\t\t\t\t<div class='learn-more-content'>L\u00b4any 1972 es comen\u00e7a a pensar en el canvi de seu de l&#8217;Asil Victoria. El 1973 es veu oport\u00fa clausurar l&#8217;internat. L&#8217;operaci\u00f3 del canvi es conclou amb la inauguraci\u00f3 de la nova seu a La Cuesta durant el curs 1979-1980 nom\u00e9s per a Formaci\u00f3 Professional. El curs 1987-1988 el centre t\u00e9 836 alumnes d&#8217;aquesta etapa. A partir de la Llei LOGSE el 1990 s&#8217;autoritza la implantaci\u00f3 d&#8217;educaci\u00f3 secund\u00e0ria obligat\u00f2ria (ESO) i despr\u00e9s el Batxillerat.<\/p>\n<p>El 2002 l&#8217;Asil Victoria d\u00f3na a la Congregaci\u00f3 Salesiana seves instal\u00b7lacions. Com si fos un miracle s&#8217;aconsegueix el concert per l&#8217;educaci\u00f3 infantil que comen\u00e7a el curs 2010-2011 i el 2012 s&#8217;inaugura un edifici per la Infantil i Prim\u00e0ria. El curs 2013-2014 comen\u00e7a l&#8217;Educaci\u00f3 Prim\u00e0ria. Avui el Col\u00b7legi t\u00e9 48 unitats i 1200 alumnes amb totes les etapes educatives funcionant i desenvolupant un gran Projecte d&#8217;Innovaci\u00f3 Educativa.<\/div>\n\t\t\t\t<\/div>\n<p><img loading=\"lazy\" decoding=\"async\" class=\"size-medium wp-image-11139 alignleft\" src=\"https:\/\/www.salesianos.edu\/revistasmx\/wp-content\/uploads\/sites\/8\/2019\/03\/20190313Badajoz-1-300x200.jpg\" alt=\"\" width=\"300\" height=\"200\" srcset=\"https:\/\/www.salesianos.edu\/revistasmx\/wp-content\/uploads\/sites\/8\/2019\/03\/20190313Badajoz-1-300x200.jpg 300w, https:\/\/www.salesianos.edu\/revistasmx\/wp-content\/uploads\/sites\/8\/2019\/03\/20190313Badajoz-1.jpg 750w\" sizes=\"(max-width: 300px) 100vw, 300px\" \/>A 1500 quil\u00f2metres, tancant aquest triangle i amb el nexe de l&#8217;arribada dels salesians, se situa el 1968 en el que llavors eren les hortes de la carretera d&#8217;Olivenza de Badajoz a un grup que arriba amb la missi\u00f3 d&#8217;iniciar el seu treball des del col\u00b7legi salesi\u00e0 Ramon Izquierdo. Mig segle despr\u00e9s, per les seves classes han passat centenars de generacions. Tot va comen\u00e7ar gr\u00e0cies a l&#8217;oferiment de la filla de Ramon Izquierdo que va oferir un terreny amb el desig de crear \u00abunes escoles \u00a0amb l&#8217;\u00fanica obligaci\u00f3 que portessin el nom del seu pare\u00bb. Aix\u00ed va complir.<\/p>\n<p>\u00abAquest 50 aniversari significa un gran agra\u00efment a D\u00e9u i al Auxili de la nostra Mare perqu\u00e8, a m\u00e9s de l&#8217;ambient col\u00b7legial, en la nostra Obra han crescut altres ambients propis de la nostra missi\u00f3 que visibilitzen millor el nostre carisma\u00bb, explica <strong>Javier Sevilla, director titular de la casa de Badajoz. <\/strong>\u00abAquest Cinquantenari ens ha fet descobrir que tenim una rica hist\u00f2ria del desenvolupament del carisma salesi\u00e0 a la ciutat i que, despr\u00e9s de cinc d\u00e8cades, la podem explicar-ho amb un cor agra\u00eft. Agra\u00efment als primers salesians i seglars que, amb dificultats i visi\u00f3 de futur, van venir al lloc propi de la nostra missi\u00f3: la perif\u00e8ria d&#8217;aquell llavors de Badajoz \u00ab, afegeix.<\/p>\n<p>Aquests inicis van servir tamb\u00e9 per a posar en marxa a la ciutat la Facultat de Ci\u00e8ncies, pertanyent llavors a la Universitat de Sevilla. Va ocupar un dels edificis del col\u00b7legi i va permetre als estudiants extremenys rebre formaci\u00f3 universit\u00e0ria sense necessitat de sortir a altres regions espanyoles. Una vinculaci\u00f3 indissoluble amb la ciutat, com pot comprovar-se en el logo dissenyat per a l&#8217;ocasi\u00f3 per Ana Bolivar, alumna de 4t de l&#8217;ESO, que porta com a lema \u201950 anys amb els joves\u2019 i inclou els colors de la bandera d&#8217;Extremadura i la silueta de la ciutat al costat del curs del riu Guadiana, o amb l&#8217;himne compost pel m\u00fasic i professor de la casa Daniel L\u00f3pez Luna.<\/p>\n<p>En aquests moments, el col\u00b7legi salesi\u00e0 Ram\u00f3n Izquierdo compta amb una mica m\u00e9s de mil alumnes, gaireb\u00e9 deu vegades m\u00e9s dels 134 amb els quals es va comen\u00e7ar a funcionar, com es recordava el passada 17 en un acte commemoratiu als patis, i compta amb uns 70 professors i personal no docent per a atendre les noves generacions. \u201cNom\u00e9s tenim agra\u00efment a la ciutat de Badajoz que avui continua confiant en el sistema educatiu de Don Bosco perqu\u00e8 acompanyem els joves a cr\u00e9ixer com a bones persones\u201d, comparteix Javier Sevillla sobre unes noces d&#8217;or que van arrencar el 21 de setembre i conclouran el 7 de juny.<\/p>\n<div class='et-learn-more clearfix'>\n\t\t\t\t\t<h3 class='heading-more'>Algunes curiositats d&#039;aquests 50 anys de Badajoz<span class='et_learnmore_arrow'><span><\/span><\/span><\/h3>\n\t\t\t\t\t<div class='learn-more-content'>&#8211; El mateix any que va comen\u00e7ar a funcionar el col\u00b7legi (setembre de 1968), tamb\u00e9 es va posar en marxa, a les instal\u00b7lacions del col\u00b7legi salesi\u00e0, la primera universitat d&#8217;Extremadura durant els seus dos primers cursos (1968-1969 i 1969-70). En un dels edificis es van habilitar dues plantes per a resid\u00e8ncia dels universitaris.<\/p>\n<p>&#8211; Des del primer dia de l&#8217;arribada dels salesians, es va comen\u00e7ar a propagar la devoci\u00f3 a Maria Auxiliadora. Va tenir tal arrelament a la ciutat que el barri al costat del col\u00b7legi s\u00b4anomen\u00e0 Barrio de M\u00aa Auxiliadora, i aix\u00ed s\u00b4el reconeix avui dia.<\/p>\n<p>&#8211; Es recorden, com una gran manifestaci\u00f3 de la bona acollida de l&#8217;espiritualitat salesiana a les fam\u00edlies de la ciutat:<\/p>\n<p>&#8211; L&#8217;arribada de l&#8217;urna-rel\u00edquia de Domingo Savio de la catedral i al col\u00b7legi, els dies 13,14 i 15 de maig del 2005.<\/p>\n<p>&#8211; L&#8217;arribada de l&#8217;urna-rel\u00edquia de Don Bosco el 19 de setembre de 2012 a la frontera amb Portugal i d&#8217;aqu\u00ed a l&#8217;escola.<\/div>\n\t\t\t\t<\/div>\n<p>Aix\u00ed es viu el curs 2018\/19, un any en qu\u00e8 M\u00e0laga, La Costa i Badajoz recullen el fruit de la seva rica hist\u00f2ria.<\/p>\n<p>\u00a0<\/p>\n<p>[\/et_pb_text][et_pb_gallery _builder_version=\u00bb3.20.2&#8243; gallery_ids=\u00bb11135,11136,11137,11138,11139,11145,11147,11146,11144,11143,11142,11141,11140,11134,11133,11132,11131,11130&#8243; show_title_and_caption=\u00bboff\u00bb hover_overlay_color=\u00bbrgba(255,255,255,0.9)\u00bb \/][\/et_pb_column][\/et_pb_row][\/et_pb_section]<\/p>\n","protected":false},"excerpt":{"rendered":"<p>M\u00e1laga, La Cuesta i Badajoz comparteixen durant aquest curs la celebraci\u00f3 dels seus 125\u00e8, 75\u00e8 i 50\u00e8 aniversaris donant gr\u00e0cies per una llarga traject\u00f2ria al servei de la joventut.<\/p>\n","protected":false},"author":12,"featured_media":11265,"comment_status":"open","ping_status":"closed","sticky":false,"template":"","format":"standard","meta":{"_et_pb_use_builder":"on","_et_pb_old_content":"","_et_gb_content_width":"","footnotes":""},"categories":[53],"tags":[328],"class_list":["post-11156","post","type-post","status-publish","format-standard","has-post-thumbnail","hentry","category-a-fons","tag-smx-46-ca"],"yoast_head":"<!-- This site is optimized with the Yoast SEO plugin v27.5 - https:\/\/yoast.com\/product\/yoast-seo-wordpress\/ -->\n<title>M\u00e1laga, La Cuesta i Badajoz recullen el fruit de la seva rica hist\u00f2ria - Revista SMX<\/title>\n<meta name=\"robots\" content=\"index, follow, max-snippet:-1, max-image-preview:large, max-video-preview:-1\" \/>\n<link rel=\"canonical\" href=\"https:\/\/www.salesianos.edu\/revistasmx\/ca\/malaga-la-cuesta-i-badajoz-recullen-el-fruit-de-la-seva-rica-historia\/\" \/>\n<meta property=\"og:locale\" content=\"es_ES\" \/>\n<meta property=\"og:type\" content=\"article\" \/>\n<meta property=\"og:title\" content=\"M\u00e1laga, La Cuesta i Badajoz recullen el fruit de la seva rica hist\u00f2ria - Revista SMX\" \/>\n<meta property=\"og:description\" content=\"M\u00e1laga, La Cuesta i Badajoz comparteixen durant aquest curs la celebraci\u00f3 dels seus 125\u00e8, 75\u00e8 i 50\u00e8 aniversaris donant gr\u00e0cies per una llarga traject\u00f2ria al servei de la joventut.\" \/>\n<meta property=\"og:url\" content=\"https:\/\/www.salesianos.edu\/revistasmx\/ca\/malaga-la-cuesta-i-badajoz-recullen-el-fruit-de-la-seva-rica-historia\/\" \/>\n<meta property=\"og:site_name\" content=\"Revista SMX\" \/>\n<meta property=\"article:published_time\" content=\"2019-03-24T22:00:22+00:00\" \/>\n<meta property=\"article:modified_time\" content=\"2019-04-03T14:24:08+00:00\" \/>\n<meta property=\"og:image\" content=\"https:\/\/www.salesianos.edu\/revistasmx\/wp-content\/uploads\/sites\/8\/2019\/03\/20181208Malaga2-1.jpg\" \/>\n\t<meta property=\"og:image:width\" content=\"750\" \/>\n\t<meta property=\"og:image:height\" content=\"562\" \/>\n\t<meta property=\"og:image:type\" content=\"image\/jpeg\" \/>\n<meta name=\"author\" content=\"joseluisgarciamoscoso\" \/>\n<meta name=\"twitter:card\" content=\"summary_large_image\" \/>\n<meta name=\"twitter:label1\" content=\"Escrito por\" \/>\n\t<meta name=\"twitter:data1\" content=\"joseluisgarciamoscoso\" \/>\n\t<meta name=\"twitter:label2\" content=\"Tiempo de lectura\" \/>\n\t<meta name=\"twitter:data2\" content=\"10 minutos\" \/>\n<script type=\"application\/ld+json\" class=\"yoast-schema-graph\">{\"@context\":\"https:\\\/\\\/schema.org\",\"@graph\":[{\"@type\":\"Article\",\"@id\":\"https:\\\/\\\/www.salesianos.edu\\\/revistasmx\\\/ca\\\/malaga-la-cuesta-i-badajoz-recullen-el-fruit-de-la-seva-rica-historia\\\/#article\",\"isPartOf\":{\"@id\":\"https:\\\/\\\/www.salesianos.edu\\\/revistasmx\\\/ca\\\/malaga-la-cuesta-i-badajoz-recullen-el-fruit-de-la-seva-rica-historia\\\/\"},\"author\":{\"name\":\"joseluisgarciamoscoso\",\"@id\":\"https:\\\/\\\/www.salesianos.edu\\\/revistasmx\\\/#\\\/schema\\\/person\\\/a1d72ee5373cce7347fb2993ba9f47d6\"},\"headline\":\"M\u00e1laga, La Cuesta i Badajoz recullen el fruit de la seva rica hist\u00f2ria\",\"datePublished\":\"2019-03-24T22:00:22+00:00\",\"dateModified\":\"2019-04-03T14:24:08+00:00\",\"mainEntityOfPage\":{\"@id\":\"https:\\\/\\\/www.salesianos.edu\\\/revistasmx\\\/ca\\\/malaga-la-cuesta-i-badajoz-recullen-el-fruit-de-la-seva-rica-historia\\\/\"},\"wordCount\":2158,\"commentCount\":0,\"image\":{\"@id\":\"https:\\\/\\\/www.salesianos.edu\\\/revistasmx\\\/ca\\\/malaga-la-cuesta-i-badajoz-recullen-el-fruit-de-la-seva-rica-historia\\\/#primaryimage\"},\"thumbnailUrl\":\"https:\\\/\\\/www.salesianos.edu\\\/revistasmx\\\/wp-content\\\/uploads\\\/sites\\\/8\\\/2019\\\/03\\\/20181208Malaga2-1.jpg\",\"keywords\":[\"SMX 46\"],\"articleSection\":[\"A FONS\"],\"inLanguage\":\"es\",\"potentialAction\":[{\"@type\":\"CommentAction\",\"name\":\"Comment\",\"target\":[\"https:\\\/\\\/www.salesianos.edu\\\/revistasmx\\\/ca\\\/malaga-la-cuesta-i-badajoz-recullen-el-fruit-de-la-seva-rica-historia\\\/#respond\"]}]},{\"@type\":\"WebPage\",\"@id\":\"https:\\\/\\\/www.salesianos.edu\\\/revistasmx\\\/ca\\\/malaga-la-cuesta-i-badajoz-recullen-el-fruit-de-la-seva-rica-historia\\\/\",\"url\":\"https:\\\/\\\/www.salesianos.edu\\\/revistasmx\\\/ca\\\/malaga-la-cuesta-i-badajoz-recullen-el-fruit-de-la-seva-rica-historia\\\/\",\"name\":\"M\u00e1laga, La Cuesta i Badajoz recullen el fruit de la seva rica hist\u00f2ria - Revista SMX\",\"isPartOf\":{\"@id\":\"https:\\\/\\\/www.salesianos.edu\\\/revistasmx\\\/#website\"},\"primaryImageOfPage\":{\"@id\":\"https:\\\/\\\/www.salesianos.edu\\\/revistasmx\\\/ca\\\/malaga-la-cuesta-i-badajoz-recullen-el-fruit-de-la-seva-rica-historia\\\/#primaryimage\"},\"image\":{\"@id\":\"https:\\\/\\\/www.salesianos.edu\\\/revistasmx\\\/ca\\\/malaga-la-cuesta-i-badajoz-recullen-el-fruit-de-la-seva-rica-historia\\\/#primaryimage\"},\"thumbnailUrl\":\"https:\\\/\\\/www.salesianos.edu\\\/revistasmx\\\/wp-content\\\/uploads\\\/sites\\\/8\\\/2019\\\/03\\\/20181208Malaga2-1.jpg\",\"datePublished\":\"2019-03-24T22:00:22+00:00\",\"dateModified\":\"2019-04-03T14:24:08+00:00\",\"author\":{\"@id\":\"https:\\\/\\\/www.salesianos.edu\\\/revistasmx\\\/#\\\/schema\\\/person\\\/a1d72ee5373cce7347fb2993ba9f47d6\"},\"breadcrumb\":{\"@id\":\"https:\\\/\\\/www.salesianos.edu\\\/revistasmx\\\/ca\\\/malaga-la-cuesta-i-badajoz-recullen-el-fruit-de-la-seva-rica-historia\\\/#breadcrumb\"},\"inLanguage\":\"es\",\"potentialAction\":[{\"@type\":\"ReadAction\",\"target\":[\"https:\\\/\\\/www.salesianos.edu\\\/revistasmx\\\/ca\\\/malaga-la-cuesta-i-badajoz-recullen-el-fruit-de-la-seva-rica-historia\\\/\"]}]},{\"@type\":\"ImageObject\",\"inLanguage\":\"es\",\"@id\":\"https:\\\/\\\/www.salesianos.edu\\\/revistasmx\\\/ca\\\/malaga-la-cuesta-i-badajoz-recullen-el-fruit-de-la-seva-rica-historia\\\/#primaryimage\",\"url\":\"https:\\\/\\\/www.salesianos.edu\\\/revistasmx\\\/wp-content\\\/uploads\\\/sites\\\/8\\\/2019\\\/03\\\/20181208Malaga2-1.jpg\",\"contentUrl\":\"https:\\\/\\\/www.salesianos.edu\\\/revistasmx\\\/wp-content\\\/uploads\\\/sites\\\/8\\\/2019\\\/03\\\/20181208Malaga2-1.jpg\",\"width\":750,\"height\":562},{\"@type\":\"BreadcrumbList\",\"@id\":\"https:\\\/\\\/www.salesianos.edu\\\/revistasmx\\\/ca\\\/malaga-la-cuesta-i-badajoz-recullen-el-fruit-de-la-seva-rica-historia\\\/#breadcrumb\",\"itemListElement\":[{\"@type\":\"ListItem\",\"position\":1,\"name\":\"Portada\",\"item\":\"https:\\\/\\\/www.salesianos.edu\\\/revistasmx\\\/\"},{\"@type\":\"ListItem\",\"position\":2,\"name\":\"M\u00e1laga, La Cuesta i Badajoz recullen el fruit de la seva rica hist\u00f2ria\"}]},{\"@type\":\"WebSite\",\"@id\":\"https:\\\/\\\/www.salesianos.edu\\\/revistasmx\\\/#website\",\"url\":\"https:\\\/\\\/www.salesianos.edu\\\/revistasmx\\\/\",\"name\":\"Revista SMX\",\"description\":\"P\u00e1gina oficial de Inspector\u00eda Salesiana Mar\u00eda Auxiliadora\",\"potentialAction\":[{\"@type\":\"SearchAction\",\"target\":{\"@type\":\"EntryPoint\",\"urlTemplate\":\"https:\\\/\\\/www.salesianos.edu\\\/revistasmx\\\/?s={search_term_string}\"},\"query-input\":{\"@type\":\"PropertyValueSpecification\",\"valueRequired\":true,\"valueName\":\"search_term_string\"}}],\"inLanguage\":\"es\"},{\"@type\":\"Person\",\"@id\":\"https:\\\/\\\/www.salesianos.edu\\\/revistasmx\\\/#\\\/schema\\\/person\\\/a1d72ee5373cce7347fb2993ba9f47d6\",\"name\":\"joseluisgarciamoscoso\",\"image\":{\"@type\":\"ImageObject\",\"inLanguage\":\"es\",\"@id\":\"https:\\\/\\\/secure.gravatar.com\\\/avatar\\\/3fda3a0b2db3bc9a39871e47cbd526b42d6c3b74755b7ae1400a87b2913fea6a?s=96&d=mm&r=g\",\"url\":\"https:\\\/\\\/secure.gravatar.com\\\/avatar\\\/3fda3a0b2db3bc9a39871e47cbd526b42d6c3b74755b7ae1400a87b2913fea6a?s=96&d=mm&r=g\",\"contentUrl\":\"https:\\\/\\\/secure.gravatar.com\\\/avatar\\\/3fda3a0b2db3bc9a39871e47cbd526b42d6c3b74755b7ae1400a87b2913fea6a?s=96&d=mm&r=g\",\"caption\":\"joseluisgarciamoscoso\"}}]}<\/script>\n<!-- \/ Yoast SEO plugin. -->","yoast_head_json":{"title":"M\u00e1laga, La Cuesta i Badajoz recullen el fruit de la seva rica hist\u00f2ria - Revista SMX","robots":{"index":"index","follow":"follow","max-snippet":"max-snippet:-1","max-image-preview":"max-image-preview:large","max-video-preview":"max-video-preview:-1"},"canonical":"https:\/\/www.salesianos.edu\/revistasmx\/ca\/malaga-la-cuesta-i-badajoz-recullen-el-fruit-de-la-seva-rica-historia\/","og_locale":"es_ES","og_type":"article","og_title":"M\u00e1laga, La Cuesta i Badajoz recullen el fruit de la seva rica hist\u00f2ria - Revista SMX","og_description":"M\u00e1laga, La Cuesta i Badajoz comparteixen durant aquest curs la celebraci\u00f3 dels seus 125\u00e8, 75\u00e8 i 50\u00e8 aniversaris donant gr\u00e0cies per una llarga traject\u00f2ria al servei de la joventut.","og_url":"https:\/\/www.salesianos.edu\/revistasmx\/ca\/malaga-la-cuesta-i-badajoz-recullen-el-fruit-de-la-seva-rica-historia\/","og_site_name":"Revista SMX","article_published_time":"2019-03-24T22:00:22+00:00","article_modified_time":"2019-04-03T14:24:08+00:00","og_image":[{"width":750,"height":562,"url":"https:\/\/www.salesianos.edu\/revistasmx\/wp-content\/uploads\/sites\/8\/2019\/03\/20181208Malaga2-1.jpg","type":"image\/jpeg"}],"author":"joseluisgarciamoscoso","twitter_card":"summary_large_image","twitter_misc":{"Escrito por":"joseluisgarciamoscoso","Tiempo de lectura":"10 minutos"},"schema":{"@context":"https:\/\/schema.org","@graph":[{"@type":"Article","@id":"https:\/\/www.salesianos.edu\/revistasmx\/ca\/malaga-la-cuesta-i-badajoz-recullen-el-fruit-de-la-seva-rica-historia\/#article","isPartOf":{"@id":"https:\/\/www.salesianos.edu\/revistasmx\/ca\/malaga-la-cuesta-i-badajoz-recullen-el-fruit-de-la-seva-rica-historia\/"},"author":{"name":"joseluisgarciamoscoso","@id":"https:\/\/www.salesianos.edu\/revistasmx\/#\/schema\/person\/a1d72ee5373cce7347fb2993ba9f47d6"},"headline":"M\u00e1laga, La Cuesta i Badajoz recullen el fruit de la seva rica hist\u00f2ria","datePublished":"2019-03-24T22:00:22+00:00","dateModified":"2019-04-03T14:24:08+00:00","mainEntityOfPage":{"@id":"https:\/\/www.salesianos.edu\/revistasmx\/ca\/malaga-la-cuesta-i-badajoz-recullen-el-fruit-de-la-seva-rica-historia\/"},"wordCount":2158,"commentCount":0,"image":{"@id":"https:\/\/www.salesianos.edu\/revistasmx\/ca\/malaga-la-cuesta-i-badajoz-recullen-el-fruit-de-la-seva-rica-historia\/#primaryimage"},"thumbnailUrl":"https:\/\/www.salesianos.edu\/revistasmx\/wp-content\/uploads\/sites\/8\/2019\/03\/20181208Malaga2-1.jpg","keywords":["SMX 46"],"articleSection":["A FONS"],"inLanguage":"es","potentialAction":[{"@type":"CommentAction","name":"Comment","target":["https:\/\/www.salesianos.edu\/revistasmx\/ca\/malaga-la-cuesta-i-badajoz-recullen-el-fruit-de-la-seva-rica-historia\/#respond"]}]},{"@type":"WebPage","@id":"https:\/\/www.salesianos.edu\/revistasmx\/ca\/malaga-la-cuesta-i-badajoz-recullen-el-fruit-de-la-seva-rica-historia\/","url":"https:\/\/www.salesianos.edu\/revistasmx\/ca\/malaga-la-cuesta-i-badajoz-recullen-el-fruit-de-la-seva-rica-historia\/","name":"M\u00e1laga, La Cuesta i Badajoz recullen el fruit de la seva rica hist\u00f2ria - Revista SMX","isPartOf":{"@id":"https:\/\/www.salesianos.edu\/revistasmx\/#website"},"primaryImageOfPage":{"@id":"https:\/\/www.salesianos.edu\/revistasmx\/ca\/malaga-la-cuesta-i-badajoz-recullen-el-fruit-de-la-seva-rica-historia\/#primaryimage"},"image":{"@id":"https:\/\/www.salesianos.edu\/revistasmx\/ca\/malaga-la-cuesta-i-badajoz-recullen-el-fruit-de-la-seva-rica-historia\/#primaryimage"},"thumbnailUrl":"https:\/\/www.salesianos.edu\/revistasmx\/wp-content\/uploads\/sites\/8\/2019\/03\/20181208Malaga2-1.jpg","datePublished":"2019-03-24T22:00:22+00:00","dateModified":"2019-04-03T14:24:08+00:00","author":{"@id":"https:\/\/www.salesianos.edu\/revistasmx\/#\/schema\/person\/a1d72ee5373cce7347fb2993ba9f47d6"},"breadcrumb":{"@id":"https:\/\/www.salesianos.edu\/revistasmx\/ca\/malaga-la-cuesta-i-badajoz-recullen-el-fruit-de-la-seva-rica-historia\/#breadcrumb"},"inLanguage":"es","potentialAction":[{"@type":"ReadAction","target":["https:\/\/www.salesianos.edu\/revistasmx\/ca\/malaga-la-cuesta-i-badajoz-recullen-el-fruit-de-la-seva-rica-historia\/"]}]},{"@type":"ImageObject","inLanguage":"es","@id":"https:\/\/www.salesianos.edu\/revistasmx\/ca\/malaga-la-cuesta-i-badajoz-recullen-el-fruit-de-la-seva-rica-historia\/#primaryimage","url":"https:\/\/www.salesianos.edu\/revistasmx\/wp-content\/uploads\/sites\/8\/2019\/03\/20181208Malaga2-1.jpg","contentUrl":"https:\/\/www.salesianos.edu\/revistasmx\/wp-content\/uploads\/sites\/8\/2019\/03\/20181208Malaga2-1.jpg","width":750,"height":562},{"@type":"BreadcrumbList","@id":"https:\/\/www.salesianos.edu\/revistasmx\/ca\/malaga-la-cuesta-i-badajoz-recullen-el-fruit-de-la-seva-rica-historia\/#breadcrumb","itemListElement":[{"@type":"ListItem","position":1,"name":"Portada","item":"https:\/\/www.salesianos.edu\/revistasmx\/"},{"@type":"ListItem","position":2,"name":"M\u00e1laga, La Cuesta i Badajoz recullen el fruit de la seva rica hist\u00f2ria"}]},{"@type":"WebSite","@id":"https:\/\/www.salesianos.edu\/revistasmx\/#website","url":"https:\/\/www.salesianos.edu\/revistasmx\/","name":"Revista SMX","description":"P\u00e1gina oficial de Inspector\u00eda Salesiana Mar\u00eda Auxiliadora","potentialAction":[{"@type":"SearchAction","target":{"@type":"EntryPoint","urlTemplate":"https:\/\/www.salesianos.edu\/revistasmx\/?s={search_term_string}"},"query-input":{"@type":"PropertyValueSpecification","valueRequired":true,"valueName":"search_term_string"}}],"inLanguage":"es"},{"@type":"Person","@id":"https:\/\/www.salesianos.edu\/revistasmx\/#\/schema\/person\/a1d72ee5373cce7347fb2993ba9f47d6","name":"joseluisgarciamoscoso","image":{"@type":"ImageObject","inLanguage":"es","@id":"https:\/\/secure.gravatar.com\/avatar\/3fda3a0b2db3bc9a39871e47cbd526b42d6c3b74755b7ae1400a87b2913fea6a?s=96&d=mm&r=g","url":"https:\/\/secure.gravatar.com\/avatar\/3fda3a0b2db3bc9a39871e47cbd526b42d6c3b74755b7ae1400a87b2913fea6a?s=96&d=mm&r=g","contentUrl":"https:\/\/secure.gravatar.com\/avatar\/3fda3a0b2db3bc9a39871e47cbd526b42d6c3b74755b7ae1400a87b2913fea6a?s=96&d=mm&r=g","caption":"joseluisgarciamoscoso"}}]}},"_links":{"self":[{"href":"https:\/\/www.salesianos.edu\/revistasmx\/wp-json\/wp\/v2\/posts\/11156","targetHints":{"allow":["GET"]}}],"collection":[{"href":"https:\/\/www.salesianos.edu\/revistasmx\/wp-json\/wp\/v2\/posts"}],"about":[{"href":"https:\/\/www.salesianos.edu\/revistasmx\/wp-json\/wp\/v2\/types\/post"}],"author":[{"embeddable":true,"href":"https:\/\/www.salesianos.edu\/revistasmx\/wp-json\/wp\/v2\/users\/12"}],"replies":[{"embeddable":true,"href":"https:\/\/www.salesianos.edu\/revistasmx\/wp-json\/wp\/v2\/comments?post=11156"}],"version-history":[{"count":5,"href":"https:\/\/www.salesianos.edu\/revistasmx\/wp-json\/wp\/v2\/posts\/11156\/revisions"}],"predecessor-version":[{"id":11161,"href":"https:\/\/www.salesianos.edu\/revistasmx\/wp-json\/wp\/v2\/posts\/11156\/revisions\/11161"}],"wp:featuredmedia":[{"embeddable":true,"href":"https:\/\/www.salesianos.edu\/revistasmx\/wp-json\/wp\/v2\/media\/11265"}],"wp:attachment":[{"href":"https:\/\/www.salesianos.edu\/revistasmx\/wp-json\/wp\/v2\/media?parent=11156"}],"wp:term":[{"taxonomy":"category","embeddable":true,"href":"https:\/\/www.salesianos.edu\/revistasmx\/wp-json\/wp\/v2\/categories?post=11156"},{"taxonomy":"post_tag","embeddable":true,"href":"https:\/\/www.salesianos.edu\/revistasmx\/wp-json\/wp\/v2\/tags?post=11156"}],"curies":[{"name":"wp","href":"https:\/\/api.w.org\/{rel}","templated":true}]}}