{"id":10686,"date":"2019-01-24T23:00:26","date_gmt":"2019-01-24T22:00:26","guid":{"rendered":"http:\/\/www.salesianos.edu\/revistasmx\/?p=10686"},"modified":"2019-01-28T11:19:16","modified_gmt":"2019-01-28T10:19:16","slug":"viure-el-carisma-de-don-bosco-en-la-vellesa","status":"publish","type":"post","link":"https:\/\/www.salesianos.edu\/revistasmx\/ca\/viure-el-carisma-de-don-bosco-en-la-vellesa\/","title":{"rendered":"Viure el carisma de Don Bosco en la vellesa"},"content":{"rendered":"<div id=\"fb-root\"><\/div>\n<p>[et_pb_section bb_built=\u00bb1&#8243; _builder_version=\u00bb3.13.1&#8243;][et_pb_row _builder_version=\u00bb3.13.1&#8243; background_size=\u00bbinitial\u00bb background_position=\u00bbtop_left\u00bb background_repeat=\u00bbrepeat\u00bb][et_pb_column type=\u00bb1_2&#8243;][et_pb_text _builder_version=\u00bb3.18.7&#8243; background_size=\u00bbinitial\u00bb background_position=\u00bbtop_left\u00bb background_repeat=\u00bbrepeat\u00bb]<\/p>\n<p><em>Per: Xavier Costa<\/em><\/p>\n<p>L&#8217;edat no perdona i viure la vellesa des del carisma salesi\u00e0 \u00e9s tota una experi\u00e8ncia que es porta a terme en les tres cases de salut de la nostra Inspectoria: <strong>Barcelona &#8211; Mart\u00ed, Codolar<\/strong>, <strong>El Campello &#8211; El Mirador<\/strong>, i <strong>Sevilla &#8211; Pedro Ricaldone<\/strong>.<\/p>\n<p>Al capdavant d&#8217;aquestes cases trobem els salesians <strong>M\u00e1ximo Ech\u00e1varri<\/strong> (Mart\u00ed Codolar), <strong>Antonio Zaragoza<\/strong> (El Campello) i <strong>Fidel Mart\u00edn<\/strong> (Pedro Ricaldone), que es desviuen, conjuntament amb un equip de professionals i voluntaris, pels seus salesians ancians i malalts.<\/p>\n<p>L&#8217;objectiu \u00e9s que estiguin ben cuidats, acompanyats i puguin seguir aportant el seu granet de sorra des de la limitaci\u00f3 de capacitats que comporta la vellesa i les xacres de salut associades a l&#8217;edat.<\/p>\n<p><strong>Com ho viuen els seus responsables?<\/strong><\/p>\n<p>M\u00e1ximo explica que per a ell aquesta nova tasca \u00abha estat un moment de\u00bbtall\u00bbentre l&#8217;orientaci\u00f3 de la meva vida, fins ara, i la nova. He passat de dedicar-me a infants, joves i adults, a salesians ancians. Un canvi de 180 \u00ba. \u00c9s una sort poder-ho fer i \u00e9s digne de molt respecte. S\u00f3n germans que amb el seu esfor\u00e7, han creat, treballat i aixecat la Inspectoria durant molts anys, i han donat el millor &#8211; tot- de les seves vides \u00ab.<\/p>\n<p>Per la seva banda, Antonio explica que \u00abdescobreixo dia a dia la riquesa de saviesa i experi\u00e8ncia dels germans que constantment enriqueixen la meva vida salesiana i m&#8217;ajuden en el creixement de la meva fe. Tant de bo que cada salesi\u00e0 tingu\u00e9s l&#8217;oportunitat de con\u00e8ixer de prop el tresor que tenim a El Campello \u00ab.<\/p>\n<p>Fidel intenta cada dia \u00abtractar de la millor manera que puc, a aquests salesians que ens van ensenyar a ser el que som. Visc aquesta experi\u00e8ncia de servei, amb alegria i paci\u00e8ncia \u00ab.<\/p>\n<p><strong>Ritme d&#8217;activitats i acompanyament adaptat a les seves necessitats<\/strong><\/p>\n<p>En les tres cases de salut es realitzen diferents activitats, la m\u00e9s important per a la majoria de salesians est\u00e0 focalitzada en els serveis religiosos (moments de preg\u00e0ria, eucaristia, etc.). Cada germ\u00e0 segueix un ritme diferent segons les seves aficions i camps d&#8217;inter\u00e8s. Per\u00f2 sempre hi ha un bon grup als quals els agrada els jocs de taula, com ara jugar al d\u00f2mino, compartir estones de televisi\u00f3, escoltar la r\u00e0dio, etc. Gaudeixen i, d&#8217;aquesta manera, almenys per una estona, s\u2019obliden dels seus mals.<\/p>\n<p>En algunes de les cases el voluntariat juga un paper molt important. A m\u00e9s dels salesians de la comunitat, amb freq\u00fc\u00e8ncia persones volunt\u00e0ries de diferents ambients salesians v\u00e9nen per acompanyar-los en la sala d&#8217;estar, a les seves habitacions i fins i tot surten a fer passejades pels jardins i altres espais oberts de la casa; el bon clima els acompanya sempre i els millora la salut.<\/p>\n<p>Per\u00f2 coneguem de prop les opinions d&#8217;alguns dels salesians ancians de les nostres cases i dels professionals que els atenen.<\/p>\n<p>[\/et_pb_text][et_pb_text _builder_version=\u00bb3.18.7&#8243;]<\/p>\n<h3><strong>TESTIMONIS PROFESSIONALS<\/strong><\/h3>\n<p>[\/et_pb_text][et_pb_image _builder_version=\u00bb3.18.7&#8243; src=\u00bbhttps:\/\/www.salesianos.edu\/revistasmx\/wp-content\/uploads\/sites\/8\/2019\/01\/ResidenaciMart\u00edCodolar5.jpg\u00bb \/][et_pb_accordion _builder_version=\u00bb3.18.7&#8243;][et_pb_accordion_item _builder_version=\u00bb3.18.7&#8243; title=\u00bb%22\u00c9s una gran experi\u00e8ncia i enorme responsabilitat que cada resident pugui continuar vivint el seu salesianitat%22&#8243; link_option_url_new_window=\u00bboff\u00bb use_background_color_gradient=\u00bboff\u00bb background_color_gradient_start=\u00bb#2b87da\u00bb background_color_gradient_end=\u00bb#29c4a9&#8243; background_color_gradient_type=\u00bblinear\u00bb background_color_gradient_direction=\u00bb180deg\u00bb background_color_gradient_direction_radial=\u00bbcenter\u00bb background_color_gradient_start_position=\u00bb0%\u00bb background_color_gradient_end_position=\u00bb100%\u00bb background_color_gradient_overlays_image=\u00bboff\u00bb parallax=\u00bboff\u00bb parallax_method=\u00bbon\u00bb background_size=\u00bbcover\u00bb background_position=\u00bbcenter\u00bb background_repeat=\u00bbno-repeat\u00bb background_blend=\u00bbnormal\u00bb allow_player_pause=\u00bboff\u00bb background_video_pause_outside_viewport=\u00bbon\u00bb text_shadow_style=\u00bbnone\u00bb box_shadow_style=\u00bbnone\u00bb hover_transition_duration=\u00bb300ms\u00bb hover_transition_delay=\u00bb0ms\u00bb hover_transition_speed_curve=\u00bbease\u00bb text_shadow_horizontal_length=\u00bb0em\u00bb text_shadow_vertical_length=\u00bb0em\u00bb text_shadow_blur_strength=\u00bb0em\u00bb]<\/p>\n<p><img loading=\"lazy\" decoding=\"async\" class=\"alignnone size-full wp-image-10583\" src=\"https:\/\/www.salesianos.edu\/revistasmx\/wp-content\/uploads\/sites\/8\/2019\/01\/JordiBlancafort_Mart\u00edCodolar.jpg\" alt=\"\" width=\"231\" height=\"278\"><\/p>\n<p><b>Jordi Blancafort.<\/b><span style=\"font-weight: 400\">&nbsp;Infermeria. Barcelona \u2013 Mart\u00ed Codolar.<\/span><\/p>\n<p>Fa 10 anys que s\u00f3c a Mart\u00ed-Codolar com a responsable de l&#8217;equip d&#8217;infermeria, la meva feina \u00e9s la gesti\u00f3 i organitzaci\u00f3 de l&#8217;equip hum\u00e0 que treballa a la Resid\u00e8ncia perqu\u00e8 cada resident pugui rebre la millor assist\u00e8ncia possible dins dels recursos existents.<\/p>\n<p>Per a mi, \u00e9s una gran experi\u00e8ncia i enorme responsabilitat que cada resident pugui seguir vivint la seva salesianitat adaptat a les circumst\u00e0ncies de l&#8217;edat i la malaltia. Intentar que sigui viscuda pels seus residents com una casa m\u00e9s de la seva vida, per\u00f2 tamb\u00e9 entesa com a especial per a la Inspectoria (igual que les altres Cases de Salut) per les necessitats extraordin\u00e0ries que requereixen quan els falta aquest b\u00e9 tan preuat com \u00e9s la salut.<\/p>\n<p>[\/et_pb_accordion_item][et_pb_accordion_item _builder_version=\u00bb3.18.7&#8243; title=\u00bb%22\u00c9s molt emotiu i m&#8217;anima dia a dia a continuar creixent com a professional de la salut%22&#8243; link_option_url_new_window=\u00bboff\u00bb use_background_color_gradient=\u00bboff\u00bb background_color_gradient_start=\u00bb#2b87da\u00bb background_color_gradient_end=\u00bb#29c4a9&#8243; background_color_gradient_type=\u00bblinear\u00bb background_color_gradient_direction=\u00bb180deg\u00bb background_color_gradient_direction_radial=\u00bbcenter\u00bb background_color_gradient_start_position=\u00bb0%\u00bb background_color_gradient_end_position=\u00bb100%\u00bb background_color_gradient_overlays_image=\u00bboff\u00bb parallax=\u00bboff\u00bb parallax_method=\u00bbon\u00bb background_size=\u00bbcover\u00bb background_position=\u00bbcenter\u00bb background_repeat=\u00bbno-repeat\u00bb background_blend=\u00bbnormal\u00bb allow_player_pause=\u00bboff\u00bb background_video_pause_outside_viewport=\u00bbon\u00bb text_shadow_style=\u00bbnone\u00bb box_shadow_style=\u00bbnone\u00bb hover_transition_duration=\u00bb300ms\u00bb hover_transition_delay=\u00bb0ms\u00bb hover_transition_speed_curve=\u00bbease\u00bb text_shadow_horizontal_length=\u00bb0em\u00bb text_shadow_vertical_length=\u00bb0em\u00bb text_shadow_blur_strength=\u00bb0em\u00bb]<\/p>\n<p><img loading=\"lazy\" decoding=\"async\" class=\"alignnone size-medium wp-image-10596\" src=\"https:\/\/www.salesianos.edu\/revistasmx\/wp-content\/uploads\/sites\/8\/2019\/01\/Juan-Antonio-Garc\u00eda_PedroRicaldone-225x300.jpg\" alt=\"\" width=\"225\" height=\"300\" srcset=\"https:\/\/www.salesianos.edu\/revistasmx\/wp-content\/uploads\/sites\/8\/2019\/01\/Juan-Antonio-Garc\u00eda_PedroRicaldone-225x300.jpg 225w, https:\/\/www.salesianos.edu\/revistasmx\/wp-content\/uploads\/sites\/8\/2019\/01\/Juan-Antonio-Garc\u00eda_PedroRicaldone-768x1024.jpg 768w, https:\/\/www.salesianos.edu\/revistasmx\/wp-content\/uploads\/sites\/8\/2019\/01\/Juan-Antonio-Garc\u00eda_PedroRicaldone-1080x1440.jpg 1080w\" sizes=\"(max-width: 225px) 100vw, 225px\" \/><\/p>\n<p><b>Juan Antonio Garc\u00eda. <\/b>I<span style=\"font-weight: 400\">nfermer. Sevilla \u2013 Pedro Ricaldone.<\/span><\/p>\n<p>S\u00f3c l&#8217;infermer de la Resid\u00e8ncia Salesiana D. Pedro Ricaldone. La meva funci\u00f3 principal \u00e9s vigilar detingudament l&#8217;estat de salut de tots els pacients i acompanyar-los en la seva evoluci\u00f3. En aquesta casa rebem germans amb malalties agudes, que requereixen un tractament i una vigil\u00e0ncia intensiva durant uns mesos, i posteriorment tornen a recuperar la seva independ\u00e8ncia i poden tornar a casa seva d&#8217;origen (ictus, fractures de maluc, operacions programades &#8230; ) i d&#8217;altra banda, germans amb malalties m\u00e9s cr\u00f2niques i amb m\u00e9s depend\u00e8ncia per a les activitats b\u00e0siques de la vida di\u00e0ria, on controlem la seva evoluci\u00f3 i els acompanyem fins al seu final (Parkinson, Alzheimer, tumors, dem\u00e8ncies &#8230;).<\/p>\n<p>Sempre he estat una persona molt lligada a la congregaci\u00f3 salesiana, vaig cr\u00e9ixer a la casa mare, als salesians d&#8217;Utrera, i vaig desenvolupar la meva vocaci\u00f3 com a cristi\u00e0 en el servei als malalts. Per a mi, poder lliurar els meus coneixements i el meu afecte a aquells salesians que han donat la seva vida per nosaltres, \u00e9s molt emotiu i m&#8217;anima dia a dia a seguir creixent com a professional de la salut.<\/p>\n<p>[\/et_pb_accordion_item][et_pb_accordion_item _builder_version=\u00bb3.18.7&#8243; title=\u00bb%22L&#8217;afecte que els he donat se m&#8217;ha retornat amb escreix%22&#8243; link_option_url_new_window=\u00bboff\u00bb use_background_color_gradient=\u00bboff\u00bb background_color_gradient_start=\u00bb#2b87da\u00bb background_color_gradient_end=\u00bb#29c4a9&#8243; background_color_gradient_type=\u00bblinear\u00bb background_color_gradient_direction=\u00bb180deg\u00bb background_color_gradient_direction_radial=\u00bbcenter\u00bb background_color_gradient_start_position=\u00bb0%\u00bb background_color_gradient_end_position=\u00bb100%\u00bb background_color_gradient_overlays_image=\u00bboff\u00bb parallax=\u00bboff\u00bb parallax_method=\u00bbon\u00bb background_size=\u00bbcover\u00bb background_position=\u00bbcenter\u00bb background_repeat=\u00bbno-repeat\u00bb background_blend=\u00bbnormal\u00bb allow_player_pause=\u00bboff\u00bb background_video_pause_outside_viewport=\u00bbon\u00bb text_shadow_style=\u00bbnone\u00bb box_shadow_style=\u00bbnone\u00bb hover_transition_duration=\u00bb300ms\u00bb hover_transition_delay=\u00bb0ms\u00bb hover_transition_speed_curve=\u00bbease\u00bb text_shadow_horizontal_length=\u00bb0em\u00bb text_shadow_vertical_length=\u00bb0em\u00bb text_shadow_blur_strength=\u00bb0em\u00bb]<\/p>\n<p><img loading=\"lazy\" decoding=\"async\" class=\"alignnone size-medium wp-image-10578\" src=\"https:\/\/www.salesianos.edu\/revistasmx\/wp-content\/uploads\/sites\/8\/2019\/01\/M\u00f3nica-Carre\u00f1o_cuidadoraElMirador_ElCampello-e1548354933128-300x225.jpg\" alt=\"\" width=\"300\" height=\"225\" srcset=\"https:\/\/www.salesianos.edu\/revistasmx\/wp-content\/uploads\/sites\/8\/2019\/01\/M\u00f3nica-Carre\u00f1o_cuidadoraElMirador_ElCampello-e1548354933128-300x225.jpg 300w, https:\/\/www.salesianos.edu\/revistasmx\/wp-content\/uploads\/sites\/8\/2019\/01\/M\u00f3nica-Carre\u00f1o_cuidadoraElMirador_ElCampello-e1548354933128-768x576.jpg 768w, https:\/\/www.salesianos.edu\/revistasmx\/wp-content\/uploads\/sites\/8\/2019\/01\/M\u00f3nica-Carre\u00f1o_cuidadoraElMirador_ElCampello-e1548354933128-1024x768.jpg 1024w, https:\/\/www.salesianos.edu\/revistasmx\/wp-content\/uploads\/sites\/8\/2019\/01\/M\u00f3nica-Carre\u00f1o_cuidadoraElMirador_ElCampello-e1548354933128-510x382.jpg 510w, https:\/\/www.salesianos.edu\/revistasmx\/wp-content\/uploads\/sites\/8\/2019\/01\/M\u00f3nica-Carre\u00f1o_cuidadoraElMirador_ElCampello-e1548354933128-1080x810.jpg 1080w\" sizes=\"(max-width: 300px) 100vw, 300px\" \/><\/p>\n<p><b>M\u00f3nica Carre\u00f1o.<\/b><span style=\"font-weight: 400\"> Cuidadora. El Campello \u2013 El Mirador<\/span><\/p>\n<p>La meva tasca a la casa Salesiana, al costat de les meves companyes, i assistides per la doctora Navarro, consisteix en ajudar les persones malaltes a realitzar tasques quotidianes i atendre-les en necessitats com la neteja, la ingesta d&#8217;aliments o la companyia. La part m\u00e9s dura d&#8217;aquesta professi\u00f3 \u00e9s la d&#8217;acompanyar-los en l&#8217;\u00faltim moment de les seves vides. No tot \u00e9s de color de rosa i, m\u00e9s que un treball f\u00edsic, es requereix molta paci\u00e8ncia. Els \u00abavis\u00bb, com els anomenem afectuosament, arriben a formar una part molt important de les nostres vides.<\/p>\n<p>Treballar amb gent gran t&#8217;aporta moltes coses positives. Jo vaig venir a viure a Alacant ja fa 12 anys, que es diu aviat, i la meva \u00fanica ocupaci\u00f3 aqu\u00ed ha estat a Salesians. \u00c9s una cosa que agrair\u00e9 sempre perqu\u00e8 en aquest temps he conegut persones estupendes, de les quals he apr\u00e8s molt\u00edssim. L&#8217;afecte que els he donat se m&#8217;ha tornat amb escreix. La meva fam\u00edlia viu a Ast\u00faries i tots sabem que els \u00e9ssers estimats s\u00f3n una part molt important de les nostres vides. Per\u00f2 puc dir que des que treballo a Salesians m&#8217;he sentit en fam\u00edlia, com a casa meva. He rebut molt\u00edssima estimaci\u00f3 i mostres d&#8217;afecte i en dies que, potser, em sentia una mica sola, arribava a la feina i sempre comptava amb algun abra\u00e7ada. Per aix\u00f2 vull agrair als \u00abavis\u00bb que segueixen entre nosaltres i als que ja no hi s\u00f3n.<\/p>\n<p>[\/et_pb_accordion_item][\/et_pb_accordion][et_pb_image _builder_version=\u00bb3.18.7&#8243; src=\u00bbhttps:\/\/www.salesianos.edu\/revistasmx\/wp-content\/uploads\/sites\/8\/2019\/01\/FachadaPedroRicaldone.jpg\u00bb \/][et_pb_cta _builder_version=\u00bb3.18.7&#8243; title=\u00bbCasa de salut Pedro Ricaldone. Sevilla\u00bb]<\/p>\n<p><strong>Quin any va comen\u00e7ar a funcionar la casa de salut?\u00a0<\/strong>Va comen\u00e7ar a funcionar en el curs de 1996, sent inspector D. Cipriano Gonz\u00e1lez, creant una comunitat composta per quatre salesians dels quals, dos d&#8217;ells treballaven en la formaci\u00f3 professional de la casa. El primer director d&#8217;aquesta casa de salut va ser Rafael Mata.<\/p>\n<p><strong>A quants germans ancians ateneu a hores d&#8217;ara?\u00a0<\/strong>Actualment atenem un total de 12 salesians, 9 d&#8217;ells s\u00f3n dependents per a totes les activitats b\u00e0siques de la vida di\u00e0ria, mentre que els tres restants s\u00f3n m\u00e9s independents. Tenim capacitat per atendre\u2019n fins a un total de 18.<\/p>\n<p><strong>\u00bfAmb quin tipus de personal compteu (infermeria, cuina, metge, fisioterapeuta, etc.) i quants s\u00f3n?\u00a0<\/strong>L&#8217;equip actual est\u00e0 format per una banda, en l&#8217;atenci\u00f3 sanit\u00e0ria, per un doctor, un infermer i 10 auxiliars d&#8217;infermeria. D&#8217;altra banda, en la prestaci\u00f3 de serveis, comptem amb dos empleats de neteja i una cuinera.<\/p>\n<p>[\/et_pb_cta][\/et_pb_column][et_pb_column type=\u00bb1_2&#8243;][et_pb_image src=\u00bbhttps:\/\/www.salesianos.edu\/revistasmx\/wp-content\/uploads\/sites\/8\/2019\/01\/ResidenaciMart\u00edCodolar8.jpg\u00bb _builder_version=\u00bb3.18.7&#8243; \/][et_pb_text _builder_version=\u00bb3.18.7&#8243;]<\/p>\n<h3><strong>TESTIMONIS SALESIANS<\/strong><\/h3>\n<p>[\/et_pb_text][et_pb_accordion _builder_version=\u00bb3.18.7&#8243; open_toggle_text_color=\u00bb#b3343b\u00bb][et_pb_accordion_item title=\u00bb%22 Visc el carisma de Don Bosco, amb la voluntat de seguir la meva vida salesiana, acceptant els l\u00edmits normals%22&#8243; _builder_version=\u00bb3.18.7&#8243; open=\u00bbon\u00bb use_background_color_gradient=\u00bboff\u00bb background_color_gradient_start=\u00bb#2b87da\u00bb background_color_gradient_end=\u00bb#29c4a9&#8243; background_color_gradient_type=\u00bblinear\u00bb background_color_gradient_direction=\u00bb180deg\u00bb background_color_gradient_direction_radial=\u00bbcenter\u00bb background_color_gradient_start_position=\u00bb0%\u00bb background_color_gradient_end_position=\u00bb100%\u00bb background_color_gradient_overlays_image=\u00bboff\u00bb parallax=\u00bboff\u00bb parallax_method=\u00bbon\u00bb background_size=\u00bbcover\u00bb background_position=\u00bbcenter\u00bb background_repeat=\u00bbno-repeat\u00bb background_blend=\u00bbnormal\u00bb allow_player_pause=\u00bboff\u00bb background_video_pause_outside_viewport=\u00bbon\u00bb text_shadow_style=\u00bbnone\u00bb box_shadow_style=\u00bbnone\u00bb text_shadow_horizontal_length=\u00bb0em\u00bb text_shadow_vertical_length=\u00bb0em\u00bb text_shadow_blur_strength=\u00bb0em\u00bb link_option_url_new_window=\u00bboff\u00bb hover_transition_duration=\u00bb300ms\u00bb hover_transition_delay=\u00bb0ms\u00bb hover_transition_speed_curve=\u00bbease\u00bb]<\/p>\n<p><b><img loading=\"lazy\" decoding=\"async\" class=\"alignnone size-medium wp-image-10579\" src=\"https:\/\/www.salesianos.edu\/revistasmx\/wp-content\/uploads\/sites\/8\/2019\/01\/Don-Antonio-Armi\u00f1ana_Mart\u00edCodolar-300x225.jpg\" alt=\"\" width=\"300\" height=\"225\" srcset=\"https:\/\/www.salesianos.edu\/revistasmx\/wp-content\/uploads\/sites\/8\/2019\/01\/Don-Antonio-Armi\u00f1ana_Mart\u00edCodolar-300x225.jpg 300w, https:\/\/www.salesianos.edu\/revistasmx\/wp-content\/uploads\/sites\/8\/2019\/01\/Don-Antonio-Armi\u00f1ana_Mart\u00edCodolar-768x576.jpg 768w, https:\/\/www.salesianos.edu\/revistasmx\/wp-content\/uploads\/sites\/8\/2019\/01\/Don-Antonio-Armi\u00f1ana_Mart\u00edCodolar-1024x768.jpg 1024w, https:\/\/www.salesianos.edu\/revistasmx\/wp-content\/uploads\/sites\/8\/2019\/01\/Don-Antonio-Armi\u00f1ana_Mart\u00edCodolar-510x382.jpg 510w, https:\/\/www.salesianos.edu\/revistasmx\/wp-content\/uploads\/sites\/8\/2019\/01\/Don-Antonio-Armi\u00f1ana_Mart\u00edCodolar-1080x810.jpg 1080w\" sizes=\"(max-width: 300px) 100vw, 300px\" \/><\/b><\/p>\n<p>&nbsp;<\/p>\n<p><b>Don Antonio &nbsp;Armi\u00f1ana<\/b><span style=\"font-weight: 400\">. Salesi\u00e0, 93 anys. Barcelona \u2013 Mart\u00ed Codolar.<\/span><\/p>\n<p>Amb la meva edat avan\u00e7ada, visc el carisma de Don Bosco, amb la voluntat de seguir la meva vida salesiana, acceptant els l\u00edmits normals, acceptant la voluntat de D\u00e9u. He tingut diverses operacions, el que m&#8217;ha portat a una gran depend\u00e8ncia.<\/p>\n<p>He treballat en diferents col\u00b7legis salesians: des de Matar\u00f3 a Andorra, passant per molts col\u00b7legis. Fa 7 anys que s\u00f3c a la Resid\u00e8ncia de Ntra. Sra. De la Merc\u00e8. Agraeixo el que fan amb la meva persona. Visc com tancat en el meu inevitable a\u00efllament. Com a hobby m&#8217;han agradat les manualitats i en concret la papirofl\u00e8xia. Actualment m&#8217;ocupa forces hores del dia. En arribar l&#8217;aniversari d&#8217;un salesi\u00e0 resident, li regalo una flor de paper, tenint en compte els gustos del germ\u00e0.<\/p>\n<p>Tamb\u00e9, durant diversos anys he anat ideant, creant i modelant el Betlem que cada any muntem a la Resid\u00e8ncia. He dedicat molts afanys al projecte, desenvolupament i realitzaci\u00f3 del pessebre, per Nadal. He representat diferents escenes i edificis; un d&#8217;ells ha estat integrar la Casa de Don Bosco d&#8217;I Becchi al pessebre. Any rere any, mans m\u00e9s joves realitzen el muntatge amb noves aportacions.<\/p>\n<p>[\/et_pb_accordion_item][et_pb_accordion_item title=\u00bb%22Dono gr\u00e0cies al senyor per la seva pres\u00e8ncia en la meva vida actual, a trav\u00e9s de les persones i dels joves%22&#8243; _builder_version=\u00bb3.18.7&#8243; open=\u00bboff\u00bb use_background_color_gradient=\u00bboff\u00bb background_color_gradient_start=\u00bb#2b87da\u00bb background_color_gradient_end=\u00bb#29c4a9&#8243; background_color_gradient_type=\u00bblinear\u00bb background_color_gradient_direction=\u00bb180deg\u00bb background_color_gradient_direction_radial=\u00bbcenter\u00bb background_color_gradient_start_position=\u00bb0%\u00bb background_color_gradient_end_position=\u00bb100%\u00bb background_color_gradient_overlays_image=\u00bboff\u00bb parallax=\u00bboff\u00bb parallax_method=\u00bbon\u00bb background_size=\u00bbcover\u00bb background_position=\u00bbcenter\u00bb background_repeat=\u00bbno-repeat\u00bb background_blend=\u00bbnormal\u00bb allow_player_pause=\u00bboff\u00bb background_video_pause_outside_viewport=\u00bbon\u00bb text_shadow_style=\u00bbnone\u00bb box_shadow_style=\u00bbnone\u00bb link_option_url_new_window=\u00bboff\u00bb text_shadow_horizontal_length=\u00bb0em\u00bb text_shadow_vertical_length=\u00bb0em\u00bb text_shadow_blur_strength=\u00bb0em\u00bb hover_transition_duration=\u00bb300ms\u00bb hover_transition_delay=\u00bb0ms\u00bb hover_transition_speed_curve=\u00bbease\u00bb]<\/p>\n<p><b><img loading=\"lazy\" decoding=\"async\" class=\"size-medium wp-image-10594 alignleft\" src=\"https:\/\/www.salesianos.edu\/revistasmx\/wp-content\/uploads\/sites\/8\/2019\/01\/D.-Edesio-Fern\u00e1ndez_PedroRicaldone-225x300.jpg\" alt=\"\" width=\"225\" height=\"300\" srcset=\"https:\/\/www.salesianos.edu\/revistasmx\/wp-content\/uploads\/sites\/8\/2019\/01\/D.-Edesio-Fern\u00e1ndez_PedroRicaldone-225x300.jpg 225w, https:\/\/www.salesianos.edu\/revistasmx\/wp-content\/uploads\/sites\/8\/2019\/01\/D.-Edesio-Fern\u00e1ndez_PedroRicaldone-768x1024.jpg 768w, https:\/\/www.salesianos.edu\/revistasmx\/wp-content\/uploads\/sites\/8\/2019\/01\/D.-Edesio-Fern\u00e1ndez_PedroRicaldone-1080x1440.jpg 1080w\" sizes=\"(max-width: 225px) 100vw, 225px\" \/><\/b><\/p>\n<p>&nbsp;<\/p>\n<p>&nbsp;<\/p>\n<p>&nbsp;<\/p>\n<p>&nbsp;<\/p>\n<p>&nbsp;<\/p>\n<p>&nbsp;<\/p>\n<p>&nbsp;<\/p>\n<p><b>Don Edesio Fern\u00e1ndez. <\/b><span style=\"font-weight: 400\">Salesi\u00e0, 84 anys. Sevilla \u2013 Pedro Ricaldone.<\/span><\/p>\n<p>\u00abAmb alegria i donant gr\u00e0cies al senyor per la seva pres\u00e8ncia a la meva vida actual, a trav\u00e9s de les persones i dels joves\u00bb.<\/p>\n<p>[\/et_pb_accordion_item][et_pb_accordion_item title=\u00bb%22Despr\u00e9s de tants anys de vida activa salesiana aqu\u00ed i a Orient, li agraeixo al Senyor la vida que em concedeix%22&#8243; _builder_version=\u00bb3.18.7&#8243; open=\u00bboff\u00bb use_background_color_gradient=\u00bboff\u00bb background_color_gradient_start=\u00bb#2b87da\u00bb background_color_gradient_end=\u00bb#29c4a9&#8243; background_color_gradient_type=\u00bblinear\u00bb background_color_gradient_direction=\u00bb180deg\u00bb background_color_gradient_direction_radial=\u00bbcenter\u00bb background_color_gradient_start_position=\u00bb0%\u00bb background_color_gradient_end_position=\u00bb100%\u00bb background_color_gradient_overlays_image=\u00bboff\u00bb parallax=\u00bboff\u00bb parallax_method=\u00bbon\u00bb background_size=\u00bbcover\u00bb background_position=\u00bbcenter\u00bb background_repeat=\u00bbno-repeat\u00bb background_blend=\u00bbnormal\u00bb allow_player_pause=\u00bboff\u00bb background_video_pause_outside_viewport=\u00bbon\u00bb text_shadow_style=\u00bbnone\u00bb box_shadow_style=\u00bbnone\u00bb link_option_url_new_window=\u00bboff\u00bb text_shadow_horizontal_length=\u00bb0em\u00bb text_shadow_vertical_length=\u00bb0em\u00bb text_shadow_blur_strength=\u00bb0em\u00bb hover_transition_duration=\u00bb300ms\u00bb hover_transition_delay=\u00bb0ms\u00bb hover_transition_speed_curve=\u00bbease\u00bb]<\/p>\n<p><b><img loading=\"lazy\" decoding=\"async\" class=\"size-medium wp-image-10572 alignleft\" src=\"https:\/\/www.salesianos.edu\/revistasmx\/wp-content\/uploads\/sites\/8\/2019\/01\/Don-Jos\u00e9-Carbonell-ElMirador_ElCampello-300x169.jpg\" alt=\"\" width=\"300\" height=\"169\" srcset=\"https:\/\/www.salesianos.edu\/revistasmx\/wp-content\/uploads\/sites\/8\/2019\/01\/Don-Jos\u00e9-Carbonell-ElMirador_ElCampello-300x169.jpg 300w, https:\/\/www.salesianos.edu\/revistasmx\/wp-content\/uploads\/sites\/8\/2019\/01\/Don-Jos\u00e9-Carbonell-ElMirador_ElCampello-768x432.jpg 768w, https:\/\/www.salesianos.edu\/revistasmx\/wp-content\/uploads\/sites\/8\/2019\/01\/Don-Jos\u00e9-Carbonell-ElMirador_ElCampello-1024x576.jpg 1024w, https:\/\/www.salesianos.edu\/revistasmx\/wp-content\/uploads\/sites\/8\/2019\/01\/Don-Jos\u00e9-Carbonell-ElMirador_ElCampello-1080x608.jpg 1080w\" sizes=\"(max-width: 300px) 100vw, 300px\" \/><\/b><\/p>\n<p>&nbsp;<\/p>\n<p>&nbsp;<\/p>\n<p>&nbsp;<\/p>\n<p>&nbsp;<\/p>\n<p>&nbsp;<\/p>\n<p><b>Don &nbsp;Jos\u00e9 Carbonell, <\/b><span style=\"font-weight: 400\">Salesi\u00e0 90 anys. El Campello \u2013 El Mirador.<\/span><\/p>\n<p>Despr\u00e9s de tants anys de vida activa salesiana aqu\u00ed i a l&#8217;Orient, li agraeixo al Senyor la vida que em concedeix, i en el mateix agra\u00efment vull incloure l&#8217;oportunitat que Ell em segueix donant per resar per tantes situacions que es donen en totes les parts del m\u00f3n, tantes necessitats i no poques persones que en aquests moments em v\u00e9nen a la mem\u00f2ria.<\/p>\n<p>Des d&#8217;aquesta casa que tenim a El Campello reso cada dia per les vocacions, li demano al Senyor que il\u00b7lumini els salesians que estan ara mateix desenvolupant moltes tasques en l&#8217;exercici de diverses funcions, sense oblidar-me\u2019n cap.<\/p>\n<p>La meva vida, com la dels meus germans d&#8217;El Mirador, porta un ritme molt organitzat i ser\u00e8, que \u00e9s el que ens cal, i atesos sempre per aquestes grans persones que ens cuiden, les infermeres, la doctora i tots els que ens atenen . Esmorzem a les nou i mitja, celebrem l&#8217;eucaristia a dos quarts d&#8217;onze, mengem a un quart de dues de la tarda, berenem a les cinc, resem el Sant Rosari a les sis i sopem a un quart de vuit de &nbsp;la nit. Tenim temps per llegir, seguir les not\u00edcies del m\u00f3n, resar la lit\u00fargia, escriure correus. I per totes aquestes coses dono gr\u00e0cies a D\u00e9u.<\/p>\n<p>[\/et_pb_accordion_item][\/et_pb_accordion][et_pb_image _builder_version=\u00bb3.18.7&#8243; src=\u00bbhttps:\/\/www.salesianos.edu\/revistasmx\/wp-content\/uploads\/sites\/8\/2019\/01\/FachadaMart\u00edCodolar.jpg\u00bb \/][et_pb_cta _builder_version=\u00bb3.18.7&#8243; title=\u00bbResid\u00e8ncia Nostra Senyora de la Merc\u00e8. Barcelona Mart\u00ed-Codolar\u00bb]<\/p>\n<p><strong>Quin any va comen\u00e7ar a funcionar la casa de salut?\u00a0<\/strong>La Resid\u00e8ncia va comen\u00e7ar poc a poc, compartida amb l&#8217;antiga Comunitat. Podem situar els seus primers passos el 1979, coexistint amb els altres germans.<\/p>\n<p><strong>A quants germans ancians ateneu a hores d&#8217;ara?\u00a0<\/strong>A 22.<\/p>\n<p><strong>Amb quin tipus de personal compteu (infermeria, cuina, metge, fisioterapeuta, etc.) i quants s\u00f3n?\u00a0<\/strong>El servei especialitzat est\u00e0 externalitzat: Doctora, infermers, cuina, persones cuidadores i neteja d&#8217;espais. S\u00f3n: 1 Doctora, un Coordinador general, tres infermers sis auxiliars i una empresa responsable de cuina i neteja. I hi ha dos salesians, responsables de l&#8217;acompanyament dels salesians ancians.<\/p>\n<p>[\/et_pb_cta][et_pb_image _builder_version=\u00bb3.18.7&#8243; src=\u00bbhttps:\/\/www.salesianos.edu\/revistasmx\/wp-content\/uploads\/sites\/8\/2019\/01\/ElMirador_ElCampello3.jpg\u00bb \/][et_pb_cta _builder_version=\u00bb3.18.7&#8243; title=\u00bbCasa de salut El Mirador. El Campello \u00ab]<\/p>\n<p><strong>Quin any va comen\u00e7ar a funcionar la casa de salut?\u00a0<\/strong>Va iniciar el seu cam\u00ed el dia 5 de setembre de l&#8217;any 1995, sent Jes\u00fas Mari M\u00e9lida el seu primer habitant, per\u00f2 de seguida en les hores seg\u00fcents van comen\u00e7ar a ocupar les seves habitacions Pedro Llinares, Luis Jornet, Jos\u00e9 Choimet, Rafael Mu\u00f1oz i Ambrosio D\u00edaz. El primer responsable de la casa de salut va ser Jos\u00e9 Luis M\u00e9lida. Des del primer minut els germans van comen\u00e7ar a donar-li vida a aquesta nova f\u00f3rmula de pres\u00e8ncia salesiana, amb moltes expectatives per davant i tamb\u00e9 amb \u00abalguna que altra mosca a l&#8217;orella\u00bb, com diu el refrany.<\/p>\n<p><strong>A quants germans ancians ateneu a hores d&#8217;ara?\u00a0<\/strong>A 8 germans, m\u00e9s uns altres 2 que estan recuperant-se despr\u00e9s de diverses intervencions quir\u00fargiques.<\/p>\n<p><strong>\u00bfAmb quin tipus de personal compteu (infermeria, cuina, metge, fisioterapeuta, etc.) i quants s\u00f3n?\u00a0<\/strong>Hi ha un excel\u00b7lent equip d&#8217;infermeria amb l&#8217;especialitat en geriatria, en torn continuat de 24 h, responsables, entregat i molt professionals, guiats per una doctora, tamb\u00e9 amb l&#8217;especialitat en geriatria. El Campello, en ser una casa integrada, per dir-ho d&#8217;alguna manera, posa al servei dels salesians del Mirador a un gran equip de persones que dediquen temps per atendre&#8217;ls: cuina, neteja, manteniment i personal d&#8217;administraci\u00f3 i serveis.<\/p>\n<p>Mensualment els atenen altres grans professionals, que aix\u00ed ho demostren en cadascuna de les seves visites: mensualment un pod\u00f2leg, i amb una fisioterapeuta cada vegada que es necessita establir un per\u00edode d&#8217;atenci\u00f3. Els salesians de la comunitat tamb\u00e9 compten en el moment de fer una refer\u00e8ncia a les atencions que reben els germans de la casa de salut per l&#8217;ampli ventall d&#8217;atencions que es tenen amb ells.\u00a0<\/p>\n<p>[\/et_pb_cta][\/et_pb_column][\/et_pb_row][et_pb_row _builder_version=\u00bb3.13.1&#8243;][et_pb_column type=\u00bb4_4&#8243;][et_pb_divider _builder_version=\u00bb3.18.7&#8243; \/][et_pb_gallery _builder_version=\u00bb3.18.7&#8243; gallery_ids=\u00bb10598,10597,10593,10591,10590,10588,10587,10586,10585,10584,10582,10580,10576,10575,10574,10573&#8243; hover_overlay_color=\u00bbrgba(255,255,255,0.9)\u00bb show_title_and_caption=\u00bboff\u00bb \/][\/et_pb_column][\/et_pb_row][et_pb_row _builder_version=\u00bb3.13.1&#8243;][et_pb_column type=\u00bb4_4&#8243;][\/et_pb_column][\/et_pb_row][et_pb_row _builder_version=\u00bb3.13.1&#8243;][et_pb_column type=\u00bb1_2&#8243;][\/et_pb_column][et_pb_column type=\u00bb1_2&#8243;][\/et_pb_column][\/et_pb_row][et_pb_row _builder_version=\u00bb3.13.1&#8243;][et_pb_column type=\u00bb4_4&#8243;][\/et_pb_column][\/et_pb_row][et_pb_row _builder_version=\u00bb3.13.1&#8243;][et_pb_column type=\u00bb4_4&#8243;][\/et_pb_column][\/et_pb_row][\/et_pb_section]<\/p>\n","protected":false},"excerpt":{"rendered":"<p>L&#8217;edat no perdona i viure la vellesa des del carisma salesi\u00e0 \u00e9s tota una experi\u00e8ncia que es porta a terme en les tres cases de salut de la nostra Inspectoria: Barcelona &#8211; Mart\u00ed, Codolar, El Campello &#8211; El Mirador, i Sevilla &#8211; Pedro Ricaldone.<\/p>\n","protected":false},"author":12,"featured_media":10592,"comment_status":"open","ping_status":"closed","sticky":false,"template":"","format":"standard","meta":{"_et_pb_use_builder":"on","_et_pb_old_content":"","_et_gb_content_width":"","footnotes":""},"categories":[53],"tags":[280],"class_list":["post-10686","post","type-post","status-publish","format-standard","has-post-thumbnail","hentry","category-a-fons","tag-smx44"],"yoast_head":"<!-- This site is optimized with the Yoast SEO plugin v27.5 - https:\/\/yoast.com\/product\/yoast-seo-wordpress\/ -->\n<title>Viure el carisma de Don Bosco en la vellesa - Revista SMX<\/title>\n<meta name=\"robots\" content=\"index, follow, max-snippet:-1, max-image-preview:large, max-video-preview:-1\" \/>\n<link rel=\"canonical\" href=\"https:\/\/www.salesianos.edu\/revistasmx\/ca\/viure-el-carisma-de-don-bosco-en-la-vellesa\/\" \/>\n<meta property=\"og:locale\" content=\"es_ES\" \/>\n<meta property=\"og:type\" content=\"article\" \/>\n<meta property=\"og:title\" content=\"Viure el carisma de Don Bosco en la vellesa - Revista SMX\" \/>\n<meta property=\"og:description\" content=\"L&#039;edat no perdona i viure la vellesa des del carisma salesi\u00e0 \u00e9s tota una experi\u00e8ncia que es porta a terme en les tres cases de salut de la nostra Inspectoria: Barcelona - Mart\u00ed, Codolar, El Campello - El Mirador, i Sevilla - Pedro Ricaldone.\" \/>\n<meta property=\"og:url\" content=\"https:\/\/www.salesianos.edu\/revistasmx\/ca\/viure-el-carisma-de-don-bosco-en-la-vellesa\/\" \/>\n<meta property=\"og:site_name\" content=\"Revista SMX\" \/>\n<meta property=\"article:published_time\" content=\"2019-01-24T22:00:26+00:00\" \/>\n<meta property=\"article:modified_time\" content=\"2019-01-28T10:19:16+00:00\" \/>\n<meta property=\"og:image\" content=\"http:\/\/www.salesianos.edu\/revistasmx\/wp-content\/uploads\/sites\/8\/2019\/01\/ResidenaciMart\u00edCodolar8-1024x655.jpg\" \/>\n\t<meta property=\"og:image:width\" content=\"1024\" \/>\n\t<meta property=\"og:image:height\" content=\"655\" \/>\n\t<meta property=\"og:image:type\" content=\"image\/jpeg\" \/>\n<meta name=\"author\" content=\"joseluisgarciamoscoso\" \/>\n<meta name=\"twitter:card\" content=\"summary_large_image\" \/>\n<meta name=\"twitter:label1\" content=\"Escrito por\" \/>\n\t<meta name=\"twitter:data1\" content=\"joseluisgarciamoscoso\" \/>\n\t<meta name=\"twitter:label2\" content=\"Tiempo de lectura\" \/>\n\t<meta name=\"twitter:data2\" content=\"17 minutos\" \/>\n<script type=\"application\/ld+json\" class=\"yoast-schema-graph\">{\"@context\":\"https:\\\/\\\/schema.org\",\"@graph\":[{\"@type\":\"Article\",\"@id\":\"https:\\\/\\\/www.salesianos.edu\\\/revistasmx\\\/ca\\\/viure-el-carisma-de-don-bosco-en-la-vellesa\\\/#article\",\"isPartOf\":{\"@id\":\"https:\\\/\\\/www.salesianos.edu\\\/revistasmx\\\/ca\\\/viure-el-carisma-de-don-bosco-en-la-vellesa\\\/\"},\"author\":{\"name\":\"joseluisgarciamoscoso\",\"@id\":\"https:\\\/\\\/www.salesianos.edu\\\/revistasmx\\\/#\\\/schema\\\/person\\\/a1d72ee5373cce7347fb2993ba9f47d6\"},\"headline\":\"Viure el carisma de Don Bosco en la vellesa\",\"datePublished\":\"2019-01-24T22:00:26+00:00\",\"dateModified\":\"2019-01-28T10:19:16+00:00\",\"mainEntityOfPage\":{\"@id\":\"https:\\\/\\\/www.salesianos.edu\\\/revistasmx\\\/ca\\\/viure-el-carisma-de-don-bosco-en-la-vellesa\\\/\"},\"wordCount\":3427,\"commentCount\":0,\"image\":{\"@id\":\"https:\\\/\\\/www.salesianos.edu\\\/revistasmx\\\/ca\\\/viure-el-carisma-de-don-bosco-en-la-vellesa\\\/#primaryimage\"},\"thumbnailUrl\":\"https:\\\/\\\/www.salesianos.edu\\\/revistasmx\\\/wp-content\\\/uploads\\\/sites\\\/8\\\/2019\\\/01\\\/ResidenaciMart\u00edCodolar8.jpg\",\"keywords\":[\"smx44\"],\"articleSection\":[\"A FONS\"],\"inLanguage\":\"es\",\"potentialAction\":[{\"@type\":\"CommentAction\",\"name\":\"Comment\",\"target\":[\"https:\\\/\\\/www.salesianos.edu\\\/revistasmx\\\/ca\\\/viure-el-carisma-de-don-bosco-en-la-vellesa\\\/#respond\"]}]},{\"@type\":\"WebPage\",\"@id\":\"https:\\\/\\\/www.salesianos.edu\\\/revistasmx\\\/ca\\\/viure-el-carisma-de-don-bosco-en-la-vellesa\\\/\",\"url\":\"https:\\\/\\\/www.salesianos.edu\\\/revistasmx\\\/ca\\\/viure-el-carisma-de-don-bosco-en-la-vellesa\\\/\",\"name\":\"Viure el carisma de Don Bosco en la vellesa - Revista SMX\",\"isPartOf\":{\"@id\":\"https:\\\/\\\/www.salesianos.edu\\\/revistasmx\\\/#website\"},\"primaryImageOfPage\":{\"@id\":\"https:\\\/\\\/www.salesianos.edu\\\/revistasmx\\\/ca\\\/viure-el-carisma-de-don-bosco-en-la-vellesa\\\/#primaryimage\"},\"image\":{\"@id\":\"https:\\\/\\\/www.salesianos.edu\\\/revistasmx\\\/ca\\\/viure-el-carisma-de-don-bosco-en-la-vellesa\\\/#primaryimage\"},\"thumbnailUrl\":\"https:\\\/\\\/www.salesianos.edu\\\/revistasmx\\\/wp-content\\\/uploads\\\/sites\\\/8\\\/2019\\\/01\\\/ResidenaciMart\u00edCodolar8.jpg\",\"datePublished\":\"2019-01-24T22:00:26+00:00\",\"dateModified\":\"2019-01-28T10:19:16+00:00\",\"author\":{\"@id\":\"https:\\\/\\\/www.salesianos.edu\\\/revistasmx\\\/#\\\/schema\\\/person\\\/a1d72ee5373cce7347fb2993ba9f47d6\"},\"breadcrumb\":{\"@id\":\"https:\\\/\\\/www.salesianos.edu\\\/revistasmx\\\/ca\\\/viure-el-carisma-de-don-bosco-en-la-vellesa\\\/#breadcrumb\"},\"inLanguage\":\"es\",\"potentialAction\":[{\"@type\":\"ReadAction\",\"target\":[\"https:\\\/\\\/www.salesianos.edu\\\/revistasmx\\\/ca\\\/viure-el-carisma-de-don-bosco-en-la-vellesa\\\/\"]}]},{\"@type\":\"ImageObject\",\"inLanguage\":\"es\",\"@id\":\"https:\\\/\\\/www.salesianos.edu\\\/revistasmx\\\/ca\\\/viure-el-carisma-de-don-bosco-en-la-vellesa\\\/#primaryimage\",\"url\":\"https:\\\/\\\/www.salesianos.edu\\\/revistasmx\\\/wp-content\\\/uploads\\\/sites\\\/8\\\/2019\\\/01\\\/ResidenaciMart\u00edCodolar8.jpg\",\"contentUrl\":\"https:\\\/\\\/www.salesianos.edu\\\/revistasmx\\\/wp-content\\\/uploads\\\/sites\\\/8\\\/2019\\\/01\\\/ResidenaciMart\u00edCodolar8.jpg\",\"width\":4504,\"height\":2883},{\"@type\":\"BreadcrumbList\",\"@id\":\"https:\\\/\\\/www.salesianos.edu\\\/revistasmx\\\/ca\\\/viure-el-carisma-de-don-bosco-en-la-vellesa\\\/#breadcrumb\",\"itemListElement\":[{\"@type\":\"ListItem\",\"position\":1,\"name\":\"Portada\",\"item\":\"https:\\\/\\\/www.salesianos.edu\\\/revistasmx\\\/\"},{\"@type\":\"ListItem\",\"position\":2,\"name\":\"Viure el carisma de Don Bosco en la vellesa\"}]},{\"@type\":\"WebSite\",\"@id\":\"https:\\\/\\\/www.salesianos.edu\\\/revistasmx\\\/#website\",\"url\":\"https:\\\/\\\/www.salesianos.edu\\\/revistasmx\\\/\",\"name\":\"Revista SMX\",\"description\":\"P\u00e1gina oficial de Inspector\u00eda Salesiana Mar\u00eda Auxiliadora\",\"potentialAction\":[{\"@type\":\"SearchAction\",\"target\":{\"@type\":\"EntryPoint\",\"urlTemplate\":\"https:\\\/\\\/www.salesianos.edu\\\/revistasmx\\\/?s={search_term_string}\"},\"query-input\":{\"@type\":\"PropertyValueSpecification\",\"valueRequired\":true,\"valueName\":\"search_term_string\"}}],\"inLanguage\":\"es\"},{\"@type\":\"Person\",\"@id\":\"https:\\\/\\\/www.salesianos.edu\\\/revistasmx\\\/#\\\/schema\\\/person\\\/a1d72ee5373cce7347fb2993ba9f47d6\",\"name\":\"joseluisgarciamoscoso\",\"image\":{\"@type\":\"ImageObject\",\"inLanguage\":\"es\",\"@id\":\"https:\\\/\\\/secure.gravatar.com\\\/avatar\\\/3fda3a0b2db3bc9a39871e47cbd526b42d6c3b74755b7ae1400a87b2913fea6a?s=96&d=mm&r=g\",\"url\":\"https:\\\/\\\/secure.gravatar.com\\\/avatar\\\/3fda3a0b2db3bc9a39871e47cbd526b42d6c3b74755b7ae1400a87b2913fea6a?s=96&d=mm&r=g\",\"contentUrl\":\"https:\\\/\\\/secure.gravatar.com\\\/avatar\\\/3fda3a0b2db3bc9a39871e47cbd526b42d6c3b74755b7ae1400a87b2913fea6a?s=96&d=mm&r=g\",\"caption\":\"joseluisgarciamoscoso\"}}]}<\/script>\n<!-- \/ Yoast SEO plugin. -->","yoast_head_json":{"title":"Viure el carisma de Don Bosco en la vellesa - Revista SMX","robots":{"index":"index","follow":"follow","max-snippet":"max-snippet:-1","max-image-preview":"max-image-preview:large","max-video-preview":"max-video-preview:-1"},"canonical":"https:\/\/www.salesianos.edu\/revistasmx\/ca\/viure-el-carisma-de-don-bosco-en-la-vellesa\/","og_locale":"es_ES","og_type":"article","og_title":"Viure el carisma de Don Bosco en la vellesa - Revista SMX","og_description":"L'edat no perdona i viure la vellesa des del carisma salesi\u00e0 \u00e9s tota una experi\u00e8ncia que es porta a terme en les tres cases de salut de la nostra Inspectoria: Barcelona - Mart\u00ed, Codolar, El Campello - El Mirador, i Sevilla - Pedro Ricaldone.","og_url":"https:\/\/www.salesianos.edu\/revistasmx\/ca\/viure-el-carisma-de-don-bosco-en-la-vellesa\/","og_site_name":"Revista SMX","article_published_time":"2019-01-24T22:00:26+00:00","article_modified_time":"2019-01-28T10:19:16+00:00","og_image":[{"width":1024,"height":655,"url":"http:\/\/www.salesianos.edu\/revistasmx\/wp-content\/uploads\/sites\/8\/2019\/01\/ResidenaciMart\u00edCodolar8-1024x655.jpg","type":"image\/jpeg"}],"author":"joseluisgarciamoscoso","twitter_card":"summary_large_image","twitter_misc":{"Escrito por":"joseluisgarciamoscoso","Tiempo de lectura":"17 minutos"},"schema":{"@context":"https:\/\/schema.org","@graph":[{"@type":"Article","@id":"https:\/\/www.salesianos.edu\/revistasmx\/ca\/viure-el-carisma-de-don-bosco-en-la-vellesa\/#article","isPartOf":{"@id":"https:\/\/www.salesianos.edu\/revistasmx\/ca\/viure-el-carisma-de-don-bosco-en-la-vellesa\/"},"author":{"name":"joseluisgarciamoscoso","@id":"https:\/\/www.salesianos.edu\/revistasmx\/#\/schema\/person\/a1d72ee5373cce7347fb2993ba9f47d6"},"headline":"Viure el carisma de Don Bosco en la vellesa","datePublished":"2019-01-24T22:00:26+00:00","dateModified":"2019-01-28T10:19:16+00:00","mainEntityOfPage":{"@id":"https:\/\/www.salesianos.edu\/revistasmx\/ca\/viure-el-carisma-de-don-bosco-en-la-vellesa\/"},"wordCount":3427,"commentCount":0,"image":{"@id":"https:\/\/www.salesianos.edu\/revistasmx\/ca\/viure-el-carisma-de-don-bosco-en-la-vellesa\/#primaryimage"},"thumbnailUrl":"https:\/\/www.salesianos.edu\/revistasmx\/wp-content\/uploads\/sites\/8\/2019\/01\/ResidenaciMart\u00edCodolar8.jpg","keywords":["smx44"],"articleSection":["A FONS"],"inLanguage":"es","potentialAction":[{"@type":"CommentAction","name":"Comment","target":["https:\/\/www.salesianos.edu\/revistasmx\/ca\/viure-el-carisma-de-don-bosco-en-la-vellesa\/#respond"]}]},{"@type":"WebPage","@id":"https:\/\/www.salesianos.edu\/revistasmx\/ca\/viure-el-carisma-de-don-bosco-en-la-vellesa\/","url":"https:\/\/www.salesianos.edu\/revistasmx\/ca\/viure-el-carisma-de-don-bosco-en-la-vellesa\/","name":"Viure el carisma de Don Bosco en la vellesa - Revista SMX","isPartOf":{"@id":"https:\/\/www.salesianos.edu\/revistasmx\/#website"},"primaryImageOfPage":{"@id":"https:\/\/www.salesianos.edu\/revistasmx\/ca\/viure-el-carisma-de-don-bosco-en-la-vellesa\/#primaryimage"},"image":{"@id":"https:\/\/www.salesianos.edu\/revistasmx\/ca\/viure-el-carisma-de-don-bosco-en-la-vellesa\/#primaryimage"},"thumbnailUrl":"https:\/\/www.salesianos.edu\/revistasmx\/wp-content\/uploads\/sites\/8\/2019\/01\/ResidenaciMart\u00edCodolar8.jpg","datePublished":"2019-01-24T22:00:26+00:00","dateModified":"2019-01-28T10:19:16+00:00","author":{"@id":"https:\/\/www.salesianos.edu\/revistasmx\/#\/schema\/person\/a1d72ee5373cce7347fb2993ba9f47d6"},"breadcrumb":{"@id":"https:\/\/www.salesianos.edu\/revistasmx\/ca\/viure-el-carisma-de-don-bosco-en-la-vellesa\/#breadcrumb"},"inLanguage":"es","potentialAction":[{"@type":"ReadAction","target":["https:\/\/www.salesianos.edu\/revistasmx\/ca\/viure-el-carisma-de-don-bosco-en-la-vellesa\/"]}]},{"@type":"ImageObject","inLanguage":"es","@id":"https:\/\/www.salesianos.edu\/revistasmx\/ca\/viure-el-carisma-de-don-bosco-en-la-vellesa\/#primaryimage","url":"https:\/\/www.salesianos.edu\/revistasmx\/wp-content\/uploads\/sites\/8\/2019\/01\/ResidenaciMart\u00edCodolar8.jpg","contentUrl":"https:\/\/www.salesianos.edu\/revistasmx\/wp-content\/uploads\/sites\/8\/2019\/01\/ResidenaciMart\u00edCodolar8.jpg","width":4504,"height":2883},{"@type":"BreadcrumbList","@id":"https:\/\/www.salesianos.edu\/revistasmx\/ca\/viure-el-carisma-de-don-bosco-en-la-vellesa\/#breadcrumb","itemListElement":[{"@type":"ListItem","position":1,"name":"Portada","item":"https:\/\/www.salesianos.edu\/revistasmx\/"},{"@type":"ListItem","position":2,"name":"Viure el carisma de Don Bosco en la vellesa"}]},{"@type":"WebSite","@id":"https:\/\/www.salesianos.edu\/revistasmx\/#website","url":"https:\/\/www.salesianos.edu\/revistasmx\/","name":"Revista SMX","description":"P\u00e1gina oficial de Inspector\u00eda Salesiana Mar\u00eda Auxiliadora","potentialAction":[{"@type":"SearchAction","target":{"@type":"EntryPoint","urlTemplate":"https:\/\/www.salesianos.edu\/revistasmx\/?s={search_term_string}"},"query-input":{"@type":"PropertyValueSpecification","valueRequired":true,"valueName":"search_term_string"}}],"inLanguage":"es"},{"@type":"Person","@id":"https:\/\/www.salesianos.edu\/revistasmx\/#\/schema\/person\/a1d72ee5373cce7347fb2993ba9f47d6","name":"joseluisgarciamoscoso","image":{"@type":"ImageObject","inLanguage":"es","@id":"https:\/\/secure.gravatar.com\/avatar\/3fda3a0b2db3bc9a39871e47cbd526b42d6c3b74755b7ae1400a87b2913fea6a?s=96&d=mm&r=g","url":"https:\/\/secure.gravatar.com\/avatar\/3fda3a0b2db3bc9a39871e47cbd526b42d6c3b74755b7ae1400a87b2913fea6a?s=96&d=mm&r=g","contentUrl":"https:\/\/secure.gravatar.com\/avatar\/3fda3a0b2db3bc9a39871e47cbd526b42d6c3b74755b7ae1400a87b2913fea6a?s=96&d=mm&r=g","caption":"joseluisgarciamoscoso"}}]}},"_links":{"self":[{"href":"https:\/\/www.salesianos.edu\/revistasmx\/wp-json\/wp\/v2\/posts\/10686","targetHints":{"allow":["GET"]}}],"collection":[{"href":"https:\/\/www.salesianos.edu\/revistasmx\/wp-json\/wp\/v2\/posts"}],"about":[{"href":"https:\/\/www.salesianos.edu\/revistasmx\/wp-json\/wp\/v2\/types\/post"}],"author":[{"embeddable":true,"href":"https:\/\/www.salesianos.edu\/revistasmx\/wp-json\/wp\/v2\/users\/12"}],"replies":[{"embeddable":true,"href":"https:\/\/www.salesianos.edu\/revistasmx\/wp-json\/wp\/v2\/comments?post=10686"}],"version-history":[{"count":4,"href":"https:\/\/www.salesianos.edu\/revistasmx\/wp-json\/wp\/v2\/posts\/10686\/revisions"}],"predecessor-version":[{"id":10705,"href":"https:\/\/www.salesianos.edu\/revistasmx\/wp-json\/wp\/v2\/posts\/10686\/revisions\/10705"}],"wp:featuredmedia":[{"embeddable":true,"href":"https:\/\/www.salesianos.edu\/revistasmx\/wp-json\/wp\/v2\/media\/10592"}],"wp:attachment":[{"href":"https:\/\/www.salesianos.edu\/revistasmx\/wp-json\/wp\/v2\/media?parent=10686"}],"wp:term":[{"taxonomy":"category","embeddable":true,"href":"https:\/\/www.salesianos.edu\/revistasmx\/wp-json\/wp\/v2\/categories?post=10686"},{"taxonomy":"post_tag","embeddable":true,"href":"https:\/\/www.salesianos.edu\/revistasmx\/wp-json\/wp\/v2\/tags?post=10686"}],"curies":[{"name":"wp","href":"https:\/\/api.w.org\/{rel}","templated":true}]}}