{"id":10206,"date":"2018-12-24T23:00:28","date_gmt":"2018-12-24T22:00:28","guid":{"rendered":"http:\/\/www.salesianos.edu\/revistasmx\/?p=10206"},"modified":"2019-01-09T16:28:22","modified_gmt":"2019-01-09T15:28:22","slug":"aprenentatge-en-valors-gracies-al-servei-als-altres","status":"publish","type":"post","link":"https:\/\/www.salesianos.edu\/revistasmx\/ca\/aprenentatge-en-valors-gracies-al-servei-als-altres\/","title":{"rendered":"Aprenentatge en valors gr\u00e0cies al servei als altres"},"content":{"rendered":"<div id=\"fb-root\"><\/div>\n<p>[et_pb_section bb_built=\u00bb1&#8243; _builder_version=\u00bb3.13.1&#8243;][et_pb_row _builder_version=\u00bb3.13.1&#8243; background_size=\u00bbinitial\u00bb background_position=\u00bbtop_left\u00bb background_repeat=\u00bbrepeat\u00bb][et_pb_column type=\u00bb1_2&#8243;][et_pb_text _builder_version=\u00bb3.18.7&#8243; background_size=\u00bbinitial\u00bb background_position=\u00bbtop_left\u00bb background_repeat=\u00bbrepeat\u00bb]<\/p>\n<p><em>Marta M. Peirat<\/em><\/p>\n<p>L&#8217;<strong>Aprenentatge-Servei<\/strong> \u00e9s una metodologia que combina en una sola activitat l&#8217;aprenentatge de continguts, compet\u00e8ncies i valors del curr\u00edculum amb la realitzaci\u00f3 de tasques de servei a la comunitat. L&#8217;alumnat elabora i duu a terme un projecte que d\u00f3na resposta a necessitats reals de l&#8217;entorn amb la finalitat de millorar-lo.<\/p>\n<p>Molt d&#8217;acord amb els <a href=\"http:\/\/congresoescuelasalesiana.edebe.com\/wp-content\/uploads\/2015\/03\/PEDAGOGIA-SALESIANA-Y-OPCIONES-METODOLOGICAS.pdf\" target=\"_blank\" rel=\"noopener\">Principis de la pedagogia salesiana<\/a> el APS t\u00e9 com a objectiu principal promoure la implicaci\u00f3 social; conjugar la dimensi\u00f3 cognitiva i \u00e8tica de la persona unint el comprom\u00eds social amb l&#8217;aprenentatge de coneixements, oferir una pedagogia de qualitat educativa i ensenyar als alumnes a ser competents sent \u00fatils als altres.<\/p>\n<p>A m\u00e9s, un altre principi pedag\u00f2gic de l&#8217;Aprenentatge Servei en l\u00ednia amb la proposta educativa salesiana \u00e9s la inclusi\u00f3. Tal com es va fer patent en el <a href=\"http:\/\/www.infoans.org\/es\/secciones\/eventos\/item\/1340-rmg-vii-asamblea-general-de-la-ius\" target=\"_blank\" rel=\"noopener\">Seminari Intercontinental del IUS, Educaci\u00f3 i Inclusi\u00f3 social:<\/a> Una comprensi\u00f3 des de la Pedagogia Salesiana, pedagogia salesiana i educaci\u00f3 inclusiva es donen la m\u00e0, perqu\u00e8 \u00abla primera i m\u00e9s alta intenci\u00f3 de l&#8217;acci\u00f3 educativa per a nosaltres \u00e9s promoure la integraci\u00f3 i la cohesi\u00f3 social\u00bb.<\/p>\n<p>La prevenci\u00f3 que prepara a l&#8217;alumnat per a enfrontar-se a la vida amb els recursos necessaris, el desenvolupament de les diferents intel\u00b7lig\u00e8ncies tenint en compte que cada individu t\u00e9 un perfil d&#8217;aprenentatge, i unes intel\u00b7lig\u00e8ncies predominants que poden desenvolupar-se si s&#8217;estimulen a trav\u00e9s de la pr\u00e0ctica i l&#8217;aprenentatge. El desenvolupament de compet\u00e8ncies que enlla\u00e7a amb el desig de ser \u00abescola que prepara per a la vida\u00bb i amb l&#8217;educaci\u00f3 en la societat del coneixement del segle XXI. L&#8217;avaluaci\u00f3 formativa consistent a obtenir informaci\u00f3 sobre l&#8217;estat d&#8217;aprenentatge de cada alumne i, a partir d&#8217;aix\u00f2, prendre decisions que ajudin a millorar el desenvolupament d&#8217;aquest proc\u00e9s.<\/p>\n<p>Finalment, l&#8217;acompanyament, les relacions interpersonals estretes i el clima de fam\u00edlia s\u00f3n un element clau de l&#8217;estil educatiu salesi\u00e0, un aspecte essencial i irrenunciable de la pedagogia salesiana i del desenvolupament de la missi\u00f3 que duta a terme pels salesians.<\/p>\n<p>[\/et_pb_text][\/et_pb_column][et_pb_column type=\u00bb1_2&#8243;][et_pb_image src=\u00bbhttps:\/\/www.salesianos.edu\/revistasmx\/wp-content\/uploads\/sites\/8\/2018\/12\/Captura-de-pantalla-2018-12-03-a-las-10.43.05.png\u00bb _builder_version=\u00bb3.18.7&#8243; \/][et_pb_cta title=\u00bbServei aut\u00e8ntic a la comunitat\u00bb button_text=\u00bbClick Here\u00bb _builder_version=\u00bb3.18.7&#8243; button_text_size__hover_enabled=\u00bboff\u00bb button_text_size__hover=\u00bbnull\u00bb button_one_text_size__hover_enabled=\u00bboff\u00bb button_one_text_size__hover=\u00bbnull\u00bb button_two_text_size__hover_enabled=\u00bboff\u00bb button_two_text_size__hover=\u00bbnull\u00bb button_text_color__hover_enabled=\u00bboff\u00bb button_text_color__hover=\u00bbnull\u00bb button_one_text_color__hover_enabled=\u00bboff\u00bb button_one_text_color__hover=\u00bbnull\u00bb button_two_text_color__hover_enabled=\u00bboff\u00bb button_two_text_color__hover=\u00bbnull\u00bb button_border_width__hover_enabled=\u00bboff\u00bb button_border_width__hover=\u00bbnull\u00bb button_one_border_width__hover_enabled=\u00bboff\u00bb button_one_border_width__hover=\u00bbnull\u00bb button_two_border_width__hover_enabled=\u00bboff\u00bb button_two_border_width__hover=\u00bbnull\u00bb button_border_color__hover_enabled=\u00bboff\u00bb button_border_color__hover=\u00bbnull\u00bb button_one_border_color__hover_enabled=\u00bboff\u00bb button_one_border_color__hover=\u00bbnull\u00bb button_two_border_color__hover_enabled=\u00bboff\u00bb button_two_border_color__hover=\u00bbnull\u00bb button_border_radius__hover_enabled=\u00bboff\u00bb button_border_radius__hover=\u00bbnull\u00bb button_one_border_radius__hover_enabled=\u00bboff\u00bb button_one_border_radius__hover=\u00bbnull\u00bb button_two_border_radius__hover_enabled=\u00bboff\u00bb button_two_border_radius__hover=\u00bbnull\u00bb button_letter_spacing__hover_enabled=\u00bboff\u00bb button_letter_spacing__hover=\u00bbnull\u00bb button_one_letter_spacing__hover_enabled=\u00bboff\u00bb button_one_letter_spacing__hover=\u00bbnull\u00bb button_two_letter_spacing__hover_enabled=\u00bboff\u00bb button_two_letter_spacing__hover=\u00bbnull\u00bb button_bg_color__hover_enabled=\u00bboff\u00bb button_bg_color__hover=\u00bbnull\u00bb button_one_bg_color__hover_enabled=\u00bboff\u00bb button_one_bg_color__hover=\u00bbnull\u00bb button_two_bg_color__hover_enabled=\u00bboff\u00bb button_two_bg_color__hover=\u00bbnull\u00bb]<\/p>\n<p>L\u2019<strong>APS<\/strong> presenta <strong>sis caracter\u00edstiques desitjables<\/strong> que haurien de trobar-se en els projectes, aquestes s\u00f3n:<\/p>\n<ul>\n<li>Una estrat\u00e8gia apropiada per a l&#8217;<strong>educaci\u00f3 formal i no formal,<\/strong> v\u00e0lida per a totes les edats i aplicable en diferents espais temporals.<\/li>\n<li>El prop\u00f2sit de dur a terme un <strong>servei aut\u00e8ntic a la comunitat<\/strong> que permeti aprendre i col\u00b7laborar en un marc de<strong> reciprocitat.<\/strong><\/li>\n<li>Desencadena processos sistem\u00e0tics i ocasionals <strong>d&#8217;adquisici\u00f3 de coneixements i compet\u00e8ncies per a la vida.<\/strong><\/li>\n<li>Suposa una pedagogia de l&#8217;<strong>experi\u00e8ncia<\/strong> i la <strong>reflexi\u00f3<\/strong>.<\/li>\n<li>Requereix una xarxa d&#8217;<strong>aliances entre les institucions educatives i les entitats socials<\/strong> que faciliten serveis a la comunitat.<\/li>\n<li>Provoca efectes en el <strong>desenvolupament personal<\/strong>, canvis en les i<strong>nstitucions educatives i socials<\/strong> que l&#8217;impulsen, i millores en l&#8217;<strong>entorn comunitari<\/strong> que rep el servei.<\/li>\n<\/ul>\n<p>[\/et_pb_cta][\/et_pb_column][\/et_pb_row][et_pb_row _builder_version=\u00bb3.13.1&#8243;][et_pb_column type=\u00bb1_2&#8243;][et_pb_accordion _builder_version=\u00bb3.18.7&#8243; open_toggle_text_color=\u00bb#b3343b\u00bb][et_pb_accordion_item title=\u00bbProjecte &#8216;Bicis Solid\u00e0ries&#8217; en Salesians Elx\u00bb _builder_version=\u00bb3.18.7&#8243; open=\u00bbon\u00bb use_background_color_gradient=\u00bboff\u00bb background_color_gradient_start=\u00bb#2b87da\u00bb background_color_gradient_end=\u00bb#29c4a9&#8243; background_color_gradient_type=\u00bblinear\u00bb background_color_gradient_direction=\u00bb180deg\u00bb background_color_gradient_direction_radial=\u00bbcenter\u00bb background_color_gradient_start_position=\u00bb0%\u00bb background_color_gradient_end_position=\u00bb100%\u00bb background_color_gradient_overlays_image=\u00bboff\u00bb parallax=\u00bboff\u00bb parallax_method=\u00bbon\u00bb background_size=\u00bbcover\u00bb background_position=\u00bbcenter\u00bb background_repeat=\u00bbno-repeat\u00bb background_blend=\u00bbnormal\u00bb allow_player_pause=\u00bboff\u00bb background_video_pause_outside_viewport=\u00bbon\u00bb text_shadow_style=\u00bbnone\u00bb box_shadow_style=\u00bbnone\u00bb text_shadow_horizontal_length=\u00bb0em\u00bb text_shadow_vertical_length=\u00bb0em\u00bb text_shadow_blur_strength=\u00bb0em\u00bb link_option_url_new_window=\u00bboff\u00bb hover_transition_duration=\u00bb300ms\u00bb hover_transition_delay=\u00bb0ms\u00bb hover_transition_speed_curve=\u00bbease\u00bb]<\/p>\n<p>La iniciativa &#8216;<a href=\"https:\/\/elche.salesianos.edu\/nuestros-alumnos-repararan-70-bicicletas-tras-el-convenio-firmado-con-el-exmo-ayuntamiento-de-elche\/\" target=\"_blank\" rel=\"noopener\">Bicis Solid\u00e0ries<\/a>&#8216; duta a terme pels alumnes de Formaci\u00f3 Professional de <strong>Salesians Elx<\/strong>, fins ara, ha perm\u00e8s lliurar 200 bicis des que fa cinc anys comenc\u00e9s a rodar aquest projecte solidari. Les dues rodes del col\u00b7legi Salesians han arribat ja fins a Aldeas Infantiles de Granada, Creu Roja d&#8217;Alacant, parr\u00f2quies, C\u00e0ritas, a m\u00e9s de nombroses cases d&#8217;acolliment i d&#8217;emancipaci\u00f3 de la prov\u00edncia. \u00c9s m\u00e9s, han anat fins i tot m\u00e9s lluny, fins a Guinea Bissau, de la m\u00e0 de l&#8217;<a href=\"http:\/\/www.kasumai.org\/index.php\/noticias\/1025-bicis-solidarias-salesianos-elche\" target=\"_blank\" rel=\"noopener\"><strong>ONG il\u00b7licitana Kasumai<\/strong><\/a>.<\/p>\n<p>Per a aquest curs 2018-2019 l&#8217;ajuntament de la ciutat ha fet lliurament al col\u00b7legi salesi\u00e0 San Jos\u00e9 Artesano de 70 bicicletes, provinents del dip\u00f2sit municipal de vehicles, perqu\u00e8 siguin reparades pels alumnes d&#8217;FP del col\u00b7legi i lliurades a entitats i ONGs amb finalitats socials.<\/p>\n<p>El professor i coordinador del projecte, <strong>Pedro Moreno<\/strong>, destaca la import\u00e0ncia que aquesta iniciativa t\u00e9 tant pel que fa a la formaci\u00f3 pr\u00e0ctica dels alumnes com en la <strong>formaci\u00f3 en valors<\/strong>. L&#8217;objectiu, segons el coordinador de la iniciativa, \u00ab\u00e9s que, quan comencin a arribar els veloc\u00edpedes, previsiblement en estat de deterioraci\u00f3 per haver estat a la intemp\u00e8rie, els alumnes es posaran a la feina per a tractar de fer-los \u00fatils, aprofitant almenys les peces per a altres bicicletes\u00bb. Aix\u00ed, al llarg del curs, els xavals milloraran cada mitj\u00e0 de transport amb treballs de pintat, escatat, greixatge, reparacions, substituci\u00f3 de peces i condicionament en general, tant mec\u00e0nic com est\u00e8tic. Tot aix\u00f2 forma part d&#8217;un proc\u00e9s d&#8217;aprenentatge d&#8217;un ofici que culmina amb el lliurament de les bicicletes a les associacions. \u00ab<strong>Es tracta d&#8217;una educaci\u00f3 en valors i d&#8217;involucrar als xavals de principi a fi<\/strong>\u00ab, explica el professor.<\/p>\n<p>[\/et_pb_accordion_item][et_pb_accordion_item title=\u00bbProjecte &#8216;A mitges\u201d a Salesians Rota\u00bb _builder_version=\u00bb3.18.7&#8243; open=\u00bboff\u00bb use_background_color_gradient=\u00bboff\u00bb background_color_gradient_start=\u00bb#2b87da\u00bb background_color_gradient_end=\u00bb#29c4a9&#8243; background_color_gradient_type=\u00bblinear\u00bb background_color_gradient_direction=\u00bb180deg\u00bb background_color_gradient_direction_radial=\u00bbcenter\u00bb background_color_gradient_start_position=\u00bb0%\u00bb background_color_gradient_end_position=\u00bb100%\u00bb background_color_gradient_overlays_image=\u00bboff\u00bb parallax=\u00bboff\u00bb parallax_method=\u00bbon\u00bb background_size=\u00bbcover\u00bb background_position=\u00bbcenter\u00bb background_repeat=\u00bbno-repeat\u00bb background_blend=\u00bbnormal\u00bb allow_player_pause=\u00bboff\u00bb background_video_pause_outside_viewport=\u00bbon\u00bb text_shadow_style=\u00bbnone\u00bb box_shadow_style=\u00bbnone\u00bb link_option_url_new_window=\u00bboff\u00bb text_shadow_horizontal_length=\u00bb0em\u00bb text_shadow_vertical_length=\u00bb0em\u00bb text_shadow_blur_strength=\u00bb0em\u00bb hover_transition_duration=\u00bb300ms\u00bb hover_transition_delay=\u00bb0ms\u00bb hover_transition_speed_curve=\u00bbease\u00bb]<\/p>\n<p>L&#8217;alumnat de tercer de Secund\u00e0ria de Salesians Rota ha dut a terme el Projecte \u201c<a href=\"http:\/\/apsamedias.blogspot.com\/\" target=\"_blank\" rel=\"noopener\">A mitges<\/a>\u201d, en la resid\u00e8ncia de majors \u201cAlcalde Zoilo Ruiz-Mateos\u201d gr\u00e0cies a un conveni amb l&#8217;ajuntament de la ciutat. Pr\u00e8viament els alumnes hi van realitzar una recerca sobre l&#8217;Alzheimer, l&#8217;estimulaci\u00f3 de la mem\u00f2ria, els processos cognitius en ancians amb aquesta malaltia i la dinamitzaci\u00f3 social dels seus destinataris.<\/p>\n<p>En aquesta inoblidable experi\u00e8ncia ressalten la import\u00e0ncia i el car\u00e0cter mediador que han apr\u00e8s a aportar per a la intervenci\u00f3 educativa amb persones de la tercera edat i, en particular, amb aquells afectats d&#8217;Alzheimer.<\/p>\n<p><strong>En qu\u00e8 ha consistit el projecte?<\/strong> Cada divendres, un grup d&#8217;alumnes voluntaris acudien al centre per a realitzar <a href=\"https:\/\/www.youtube.com\/watch?v=iavINmj8kTs\" target=\"_blank\" rel=\"noopener\">activitats dirigides a la gent gran<\/a>, sempre sota la supervisi\u00f3 i els consells del psic\u00f2leg responsable i del personal que conviu amb ells. \u201cHem pintat, decorat les sales amb motiu del Nadal, la Setmana Santa o el Carnestoltes, jugat a activitats de mem\u00f2ria i jocs de taula. Fins i tot vam voler delectar-los amb un concert amb motiu de la Setmana Santa i acabem tocant can\u00e7ons de la seva \u00e8poca. Sabem que van gaudir molt perqu\u00e8 les seves cares il\u00b7luminades aix\u00ed ho transmetien, per\u00f2 el que ells no saben \u00e9s que ens van contagiar a nosaltres d&#8217;aquesta felicitat\u201d afirmen els alumnes. \u201cLes nostres expectatives han estat m\u00e9s que cobertes. A m\u00e9s d&#8217;aprendre sobre la malaltia de l&#8217;Alzheimer, les seves causes, desenvolupament i conseq\u00fc\u00e8ncies, hem creat consci\u00e8ncia sobre aquest problema i, per sobre de tot, hem apr\u00e8s a valorar l&#8217;afecte, la import\u00e0ncia de la pres\u00e8ncia de la fam\u00edlia, l&#8217;oferir una cosa tan barata com el nostre temps\u201d afegeixen.<\/p>\n<p>[\/et_pb_accordion_item][et_pb_accordion_item title=\u00bbProjecte &#8216;Solidaritat&#8217; i &#8216;Sant Egidi&#8217; en Salesians Rocafort\u00bb _builder_version=\u00bb3.18.7&#8243; open=\u00bboff\u00bb use_background_color_gradient=\u00bboff\u00bb background_color_gradient_start=\u00bb#2b87da\u00bb background_color_gradient_end=\u00bb#29c4a9&#8243; background_color_gradient_type=\u00bblinear\u00bb background_color_gradient_direction=\u00bb180deg\u00bb background_color_gradient_direction_radial=\u00bbcenter\u00bb background_color_gradient_start_position=\u00bb0%\u00bb background_color_gradient_end_position=\u00bb100%\u00bb background_color_gradient_overlays_image=\u00bboff\u00bb parallax=\u00bboff\u00bb parallax_method=\u00bbon\u00bb background_size=\u00bbcover\u00bb background_position=\u00bbcenter\u00bb background_repeat=\u00bbno-repeat\u00bb background_blend=\u00bbnormal\u00bb allow_player_pause=\u00bboff\u00bb background_video_pause_outside_viewport=\u00bbon\u00bb text_shadow_style=\u00bbnone\u00bb box_shadow_style=\u00bbnone\u00bb link_option_url_new_window=\u00bboff\u00bb text_shadow_horizontal_length=\u00bb0em\u00bb text_shadow_vertical_length=\u00bb0em\u00bb text_shadow_blur_strength=\u00bb0em\u00bb hover_transition_duration=\u00bb300ms\u00bb hover_transition_delay=\u00bb0ms\u00bb hover_transition_speed_curve=\u00bbease\u00bb]<\/p>\n<p>A Salesians Rocafort un grup d&#8217;alumnes de segon i tercer de Secund\u00e0ria han organitzat des de l&#8217;optativa de Solidaritat la Col\u00b7lecta d&#8217;Aliments a l&#8217;escola per a donar suport a la Fundaci\u00f3 del Banc d&#8217;Aliments.<\/p>\n<p>Al llarg de dos mesos han conegut la fundaci\u00f3, han planificat accions de promoci\u00f3 de la campanya, s&#8217;han organitzat per a treballar per comissions i finalment s&#8217;han encarregat de la recollida, classificaci\u00f3 i empaquetament dels aliments. Segons expliquen els alumnes: \u00abha estat una experi\u00e8ncia d&#8217;aut\u00e8ntic servei, on els principals protagonistes han estat ells mateixos\u00bb. Han pogut viure en primera persona el que suposa participar en una campanya d&#8217;aquest nivell per a treballar valors com la solidaritat i la just\u00edcia social.<\/p>\n<p>D&#8217;altra banda, en la mateixa casa salesiana, un altre grup d&#8217;alumnes de segon de Secund\u00e0ria ha col\u00b7laborat amb la comunitat de Sant Egidi a trav\u00e9s d&#8217;activitats diverses com ara la &#8216;Rejoguina&#8217;, consistent en la recollida de joguines de segona m\u00e0; visites a la gent gran del barri i l&#8217;organitzaci\u00f3 d&#8217;activitats per a ells; recollida i distribuci\u00f3 i emmagatzematge d&#8217;aliments per a fam\u00edlies necessitades de la ciutat.<\/p>\n<p>&nbsp;<\/p>\n<p>[\/et_pb_accordion_item][\/et_pb_accordion][\/et_pb_column][et_pb_column type=\u00bb1_2&#8243;][et_pb_video src=\u00bbhttps:\/\/www.youtube.com\/watch?v=ZjPWCnXwBGE\u00bb _builder_version=\u00bb3.18.7&#8243; \/][et_pb_video src=\u00bbhttps:\/\/www.youtube.com\/watch?v=jtE4oTIyOY4 \u00bb _builder_version=\u00bb3.18.7&#8243; \/][et_pb_video _builder_version=\u00bb3.18.7&#8243; src=\u00bbhttps:\/\/www.youtube.com\/watch?v=iavINmj8kTs\u00bb \/][et_pb_button button_text=\u00bbVisita m\u00e9s v\u00eddeos sobre Aprenentatge Servei\u00bb _builder_version=\u00bb3.18.7&#8243; button_url=\u00bbhttps:\/\/www.youtube.com\/watch?v=MQibIZ8tmvE\u00bb button_text_size__hover_enabled=\u00bboff\u00bb button_text_size__hover=\u00bbnull\u00bb button_one_text_size__hover_enabled=\u00bboff\u00bb button_one_text_size__hover=\u00bbnull\u00bb button_two_text_size__hover_enabled=\u00bboff\u00bb button_two_text_size__hover=\u00bbnull\u00bb button_text_color__hover_enabled=\u00bboff\u00bb button_text_color__hover=\u00bbnull\u00bb button_one_text_color__hover_enabled=\u00bboff\u00bb button_one_text_color__hover=\u00bbnull\u00bb button_two_text_color__hover_enabled=\u00bboff\u00bb button_two_text_color__hover=\u00bbnull\u00bb button_border_width__hover_enabled=\u00bboff\u00bb button_border_width__hover=\u00bbnull\u00bb button_one_border_width__hover_enabled=\u00bboff\u00bb button_one_border_width__hover=\u00bbnull\u00bb button_two_border_width__hover_enabled=\u00bboff\u00bb button_two_border_width__hover=\u00bbnull\u00bb button_border_color__hover_enabled=\u00bboff\u00bb button_border_color__hover=\u00bbnull\u00bb button_one_border_color__hover_enabled=\u00bboff\u00bb button_one_border_color__hover=\u00bbnull\u00bb button_two_border_color__hover_enabled=\u00bboff\u00bb button_two_border_color__hover=\u00bbnull\u00bb button_border_radius__hover_enabled=\u00bboff\u00bb button_border_radius__hover=\u00bbnull\u00bb button_one_border_radius__hover_enabled=\u00bboff\u00bb button_one_border_radius__hover=\u00bbnull\u00bb button_two_border_radius__hover_enabled=\u00bboff\u00bb button_two_border_radius__hover=\u00bbnull\u00bb button_letter_spacing__hover_enabled=\u00bboff\u00bb button_letter_spacing__hover=\u00bbnull\u00bb button_one_letter_spacing__hover_enabled=\u00bboff\u00bb button_one_letter_spacing__hover=\u00bbnull\u00bb button_two_letter_spacing__hover_enabled=\u00bboff\u00bb button_two_letter_spacing__hover=\u00bbnull\u00bb button_bg_color__hover_enabled=\u00bboff\u00bb button_bg_color__hover=\u00bbnull\u00bb button_one_bg_color__hover_enabled=\u00bboff\u00bb button_one_bg_color__hover=\u00bbnull\u00bb button_two_bg_color__hover_enabled=\u00bboff\u00bb button_two_bg_color__hover=\u00bbnull\u00bb \/][\/et_pb_column][\/et_pb_row][et_pb_row _builder_version=\u00bb3.13.1&#8243;][et_pb_column type=\u00bb4_4&#8243;][et_pb_divider _builder_version=\u00bb3.18.7&#8243; \/][\/et_pb_column][\/et_pb_row][et_pb_row _builder_version=\u00bb3.13.1&#8243;][et_pb_column type=\u00bb4_4&#8243;][et_pb_testimonial portrait_url=\u00bbhttps:\/\/www.salesianos.edu\/revistasmx\/wp-content\/uploads\/sites\/8\/2018\/12\/apslogo.jpg\u00bb _builder_version=\u00bb3.18.7&#8243; quote_icon_background_color=\u00bb#f5f5f5&#8243;]<\/p>\n<h1><strong>Premis Aprenentatge Servei 2018<\/strong><\/h1>\n<p><strong>Salesians Pamplona<\/strong>, amb el projecte \u00ab<strong>Electr\u00f2nica i TEA<\/strong> &#8211; Construint ponts per a la comunicaci\u00f3\u00bb, \u00e9s un dels 16 centres educatius guanyadors dels <a href=\"https:\/\/aprendizajeservicio.com\/\" target=\"_blank\" rel=\"noopener\">Premis Aprenentatge Servei<\/a> 2018 que es van lliurar el 14 de desembre a Coslada. Dels 302 projectes presentats en les categories d&#8217;Infantil-Prim\u00e0ria (24%), ESO-Batxillerat (27%) i Formaci\u00f3 Professional (49%) han resultat <a href=\"https:\/\/aprendizajeservicio.com\/wp-content\/uploads\/2018\/11\/VEREDICTO-JURADO-2018.pdf\" target=\"_blank\" rel=\"noopener\">16 centres premiats i 8 finalistes<\/a>.<\/p>\n<p>Projectes tan diversos com ara el consum responsable, l&#8217;obesitat, la immigraci\u00f3, les arts pl\u00e0stiques o la lectura han merescut el reconeixement del jurat. 44.154 joves, el doble respecte a l&#8217;<a href=\"https:\/\/www.youtube.com\/watch?time_continue=4&amp;v=5DZ6S_oCwNQ\" target=\"_blank\" rel=\"noopener\">edici\u00f3 passada,<\/a> han participat en la convocat\u00f2ria dels IV Premis Aprenentatge Servei 2018 procedents de totes les Comunitats Aut\u00f2nomes, de centres educatius p\u00fablics i concertats i entitats socials.<\/p>\n<p><a href=\"https:\/\/aprendizajeservicio.net\/premio-aprendizaje-servicio-2015\/\" target=\"_blank\" rel=\"noopener\">Salesians Sant Antoni Abat de Val\u00e8ncia<\/a> va ser un dels finalistes de la primera edici\u00f3 del Premi Aprenentatge Servei, atorgat en 2015, gr\u00e0cies al <a href=\"https:\/\/www.youtube.com\/watch?v=GWEIJDy1XLs\" target=\"_blank\" rel=\"noopener\">projecte<\/a> &#8216;<strong>ApS Filosofia i Ciutadania<\/strong>&#8216; en el qual 102 alumnes i alumnes de primer de Batxillerat es van formar en ciutadania per a atendre serveis d&#8217;alfabetitzaci\u00f3 digital, suport escolar, a acompanyament a la gent gran i atenci\u00f3 a la poblaci\u00f3 en risc d&#8217;exclusi\u00f3 social.<\/p>\n<p>[\/et_pb_testimonial][\/et_pb_column][\/et_pb_row][et_pb_row _builder_version=\u00bb3.13.1&#8243;][et_pb_column type=\u00bb1_2&#8243;][\/et_pb_column][et_pb_column type=\u00bb1_2&#8243;][\/et_pb_column][\/et_pb_row][et_pb_row _builder_version=\u00bb3.13.1&#8243;][et_pb_column type=\u00bb4_4&#8243;][\/et_pb_column][\/et_pb_row][et_pb_row _builder_version=\u00bb3.13.1&#8243;][et_pb_column type=\u00bb4_4&#8243;][et_pb_gallery fullwidth=\u00bbon\u00bb _builder_version=\u00bb3.18.7&#8243; gallery_ids=\u00bb10159,10158,10157,10156,10155,10154,10153,10152,10151,10150,10149,10147,10146,10144,10143,10142&#8243; zoom_icon_color=\u00bb#dc001b\u00bb hover_overlay_color=\u00bbrgba(255,255,255,0.9)\u00bb \/][\/et_pb_column][\/et_pb_row][\/et_pb_section]<\/p>\n","protected":false},"excerpt":{"rendered":"<p>L&#8217;Aprenentatge-Servei \u00e9s una metodologia que combina en una sola activitat l&#8217;aprenentatge de continguts, compet\u00e8ncies i valors del curr\u00edculum amb la realitzaci\u00f3 de tasques de servei a la comunitat. L&#8217;alumnat elabora i duu a terme un projecte que d\u00f3na resposta a necessitats reals de l&#8217;entorn amb la finalitat de millorar-lo.<\/p>\n","protected":false},"author":12,"featured_media":10154,"comment_status":"open","ping_status":"closed","sticky":false,"template":"","format":"standard","meta":{"_et_pb_use_builder":"on","_et_pb_old_content":"","_et_gb_content_width":"","footnotes":""},"categories":[53],"tags":[265],"class_list":["post-10206","post","type-post","status-publish","format-standard","has-post-thumbnail","hentry","category-a-fons","tag-smx43"],"yoast_head":"<!-- This site is optimized with the Yoast SEO plugin v27.5 - https:\/\/yoast.com\/product\/yoast-seo-wordpress\/ -->\n<title>Aprenentatge en valors gr\u00e0cies al servei als altres - Revista SMX<\/title>\n<meta name=\"robots\" content=\"index, follow, max-snippet:-1, max-image-preview:large, max-video-preview:-1\" \/>\n<link rel=\"canonical\" href=\"https:\/\/www.salesianos.edu\/revistasmx\/ca\/aprenentatge-en-valors-gracies-al-servei-als-altres\/\" \/>\n<meta property=\"og:locale\" content=\"es_ES\" \/>\n<meta property=\"og:type\" content=\"article\" \/>\n<meta property=\"og:title\" content=\"Aprenentatge en valors gr\u00e0cies al servei als altres - Revista SMX\" \/>\n<meta property=\"og:description\" content=\"L&#039;Aprenentatge-Servei \u00e9s una metodologia que combina en una sola activitat l&#039;aprenentatge de continguts, compet\u00e8ncies i valors del curr\u00edculum amb la realitzaci\u00f3 de tasques de servei a la comunitat. L&#039;alumnat elabora i duu a terme un projecte que d\u00f3na resposta a necessitats reals de l&#039;entorn amb la finalitat de millorar-lo.\" \/>\n<meta property=\"og:url\" content=\"https:\/\/www.salesianos.edu\/revistasmx\/ca\/aprenentatge-en-valors-gracies-al-servei-als-altres\/\" \/>\n<meta property=\"og:site_name\" content=\"Revista SMX\" \/>\n<meta property=\"article:published_time\" content=\"2018-12-24T22:00:28+00:00\" \/>\n<meta property=\"article:modified_time\" content=\"2019-01-09T15:28:22+00:00\" \/>\n<meta property=\"og:image\" content=\"https:\/\/www.salesianos.edu\/revistasmx\/wp-content\/uploads\/sites\/8\/2018\/12\/Captura-de-pantalla-2018-12-03-a-las-10.54.57.png\" \/>\n\t<meta property=\"og:image:width\" content=\"638\" \/>\n\t<meta property=\"og:image:height\" content=\"393\" \/>\n\t<meta property=\"og:image:type\" content=\"image\/png\" \/>\n<meta name=\"author\" content=\"joseluisgarciamoscoso\" \/>\n<meta name=\"twitter:card\" content=\"summary_large_image\" \/>\n<meta name=\"twitter:label1\" content=\"Escrito por\" \/>\n\t<meta name=\"twitter:data1\" content=\"joseluisgarciamoscoso\" \/>\n\t<meta name=\"twitter:label2\" content=\"Tiempo de lectura\" \/>\n\t<meta name=\"twitter:data2\" content=\"13 minutos\" \/>\n<script type=\"application\/ld+json\" class=\"yoast-schema-graph\">{\"@context\":\"https:\\\/\\\/schema.org\",\"@graph\":[{\"@type\":\"Article\",\"@id\":\"https:\\\/\\\/www.salesianos.edu\\\/revistasmx\\\/ca\\\/aprenentatge-en-valors-gracies-al-servei-als-altres\\\/#article\",\"isPartOf\":{\"@id\":\"https:\\\/\\\/www.salesianos.edu\\\/revistasmx\\\/ca\\\/aprenentatge-en-valors-gracies-al-servei-als-altres\\\/\"},\"author\":{\"name\":\"joseluisgarciamoscoso\",\"@id\":\"https:\\\/\\\/www.salesianos.edu\\\/revistasmx\\\/#\\\/schema\\\/person\\\/a1d72ee5373cce7347fb2993ba9f47d6\"},\"headline\":\"Aprenentatge en valors gr\u00e0cies al servei als altres\",\"datePublished\":\"2018-12-24T22:00:28+00:00\",\"dateModified\":\"2019-01-09T15:28:22+00:00\",\"mainEntityOfPage\":{\"@id\":\"https:\\\/\\\/www.salesianos.edu\\\/revistasmx\\\/ca\\\/aprenentatge-en-valors-gracies-al-servei-als-altres\\\/\"},\"wordCount\":2772,\"commentCount\":0,\"image\":{\"@id\":\"https:\\\/\\\/www.salesianos.edu\\\/revistasmx\\\/ca\\\/aprenentatge-en-valors-gracies-al-servei-als-altres\\\/#primaryimage\"},\"thumbnailUrl\":\"https:\\\/\\\/www.salesianos.edu\\\/revistasmx\\\/wp-content\\\/uploads\\\/sites\\\/8\\\/2018\\\/12\\\/Captura-de-pantalla-2018-12-03-a-las-10.54.57.png\",\"keywords\":[\"smx43\"],\"articleSection\":[\"A FONS\"],\"inLanguage\":\"es\",\"potentialAction\":[{\"@type\":\"CommentAction\",\"name\":\"Comment\",\"target\":[\"https:\\\/\\\/www.salesianos.edu\\\/revistasmx\\\/ca\\\/aprenentatge-en-valors-gracies-al-servei-als-altres\\\/#respond\"]}]},{\"@type\":\"WebPage\",\"@id\":\"https:\\\/\\\/www.salesianos.edu\\\/revistasmx\\\/ca\\\/aprenentatge-en-valors-gracies-al-servei-als-altres\\\/\",\"url\":\"https:\\\/\\\/www.salesianos.edu\\\/revistasmx\\\/ca\\\/aprenentatge-en-valors-gracies-al-servei-als-altres\\\/\",\"name\":\"Aprenentatge en valors gr\u00e0cies al servei als altres - Revista SMX\",\"isPartOf\":{\"@id\":\"https:\\\/\\\/www.salesianos.edu\\\/revistasmx\\\/#website\"},\"primaryImageOfPage\":{\"@id\":\"https:\\\/\\\/www.salesianos.edu\\\/revistasmx\\\/ca\\\/aprenentatge-en-valors-gracies-al-servei-als-altres\\\/#primaryimage\"},\"image\":{\"@id\":\"https:\\\/\\\/www.salesianos.edu\\\/revistasmx\\\/ca\\\/aprenentatge-en-valors-gracies-al-servei-als-altres\\\/#primaryimage\"},\"thumbnailUrl\":\"https:\\\/\\\/www.salesianos.edu\\\/revistasmx\\\/wp-content\\\/uploads\\\/sites\\\/8\\\/2018\\\/12\\\/Captura-de-pantalla-2018-12-03-a-las-10.54.57.png\",\"datePublished\":\"2018-12-24T22:00:28+00:00\",\"dateModified\":\"2019-01-09T15:28:22+00:00\",\"author\":{\"@id\":\"https:\\\/\\\/www.salesianos.edu\\\/revistasmx\\\/#\\\/schema\\\/person\\\/a1d72ee5373cce7347fb2993ba9f47d6\"},\"breadcrumb\":{\"@id\":\"https:\\\/\\\/www.salesianos.edu\\\/revistasmx\\\/ca\\\/aprenentatge-en-valors-gracies-al-servei-als-altres\\\/#breadcrumb\"},\"inLanguage\":\"es\",\"potentialAction\":[{\"@type\":\"ReadAction\",\"target\":[\"https:\\\/\\\/www.salesianos.edu\\\/revistasmx\\\/ca\\\/aprenentatge-en-valors-gracies-al-servei-als-altres\\\/\"]}]},{\"@type\":\"ImageObject\",\"inLanguage\":\"es\",\"@id\":\"https:\\\/\\\/www.salesianos.edu\\\/revistasmx\\\/ca\\\/aprenentatge-en-valors-gracies-al-servei-als-altres\\\/#primaryimage\",\"url\":\"https:\\\/\\\/www.salesianos.edu\\\/revistasmx\\\/wp-content\\\/uploads\\\/sites\\\/8\\\/2018\\\/12\\\/Captura-de-pantalla-2018-12-03-a-las-10.54.57.png\",\"contentUrl\":\"https:\\\/\\\/www.salesianos.edu\\\/revistasmx\\\/wp-content\\\/uploads\\\/sites\\\/8\\\/2018\\\/12\\\/Captura-de-pantalla-2018-12-03-a-las-10.54.57.png\",\"width\":638,\"height\":393},{\"@type\":\"BreadcrumbList\",\"@id\":\"https:\\\/\\\/www.salesianos.edu\\\/revistasmx\\\/ca\\\/aprenentatge-en-valors-gracies-al-servei-als-altres\\\/#breadcrumb\",\"itemListElement\":[{\"@type\":\"ListItem\",\"position\":1,\"name\":\"Portada\",\"item\":\"https:\\\/\\\/www.salesianos.edu\\\/revistasmx\\\/\"},{\"@type\":\"ListItem\",\"position\":2,\"name\":\"Aprenentatge en valors gr\u00e0cies al servei als altres\"}]},{\"@type\":\"WebSite\",\"@id\":\"https:\\\/\\\/www.salesianos.edu\\\/revistasmx\\\/#website\",\"url\":\"https:\\\/\\\/www.salesianos.edu\\\/revistasmx\\\/\",\"name\":\"Revista SMX\",\"description\":\"P\u00e1gina oficial de Inspector\u00eda Salesiana Mar\u00eda Auxiliadora\",\"potentialAction\":[{\"@type\":\"SearchAction\",\"target\":{\"@type\":\"EntryPoint\",\"urlTemplate\":\"https:\\\/\\\/www.salesianos.edu\\\/revistasmx\\\/?s={search_term_string}\"},\"query-input\":{\"@type\":\"PropertyValueSpecification\",\"valueRequired\":true,\"valueName\":\"search_term_string\"}}],\"inLanguage\":\"es\"},{\"@type\":\"Person\",\"@id\":\"https:\\\/\\\/www.salesianos.edu\\\/revistasmx\\\/#\\\/schema\\\/person\\\/a1d72ee5373cce7347fb2993ba9f47d6\",\"name\":\"joseluisgarciamoscoso\",\"image\":{\"@type\":\"ImageObject\",\"inLanguage\":\"es\",\"@id\":\"https:\\\/\\\/secure.gravatar.com\\\/avatar\\\/3fda3a0b2db3bc9a39871e47cbd526b42d6c3b74755b7ae1400a87b2913fea6a?s=96&d=mm&r=g\",\"url\":\"https:\\\/\\\/secure.gravatar.com\\\/avatar\\\/3fda3a0b2db3bc9a39871e47cbd526b42d6c3b74755b7ae1400a87b2913fea6a?s=96&d=mm&r=g\",\"contentUrl\":\"https:\\\/\\\/secure.gravatar.com\\\/avatar\\\/3fda3a0b2db3bc9a39871e47cbd526b42d6c3b74755b7ae1400a87b2913fea6a?s=96&d=mm&r=g\",\"caption\":\"joseluisgarciamoscoso\"}}]}<\/script>\n<!-- \/ Yoast SEO plugin. -->","yoast_head_json":{"title":"Aprenentatge en valors gr\u00e0cies al servei als altres - Revista SMX","robots":{"index":"index","follow":"follow","max-snippet":"max-snippet:-1","max-image-preview":"max-image-preview:large","max-video-preview":"max-video-preview:-1"},"canonical":"https:\/\/www.salesianos.edu\/revistasmx\/ca\/aprenentatge-en-valors-gracies-al-servei-als-altres\/","og_locale":"es_ES","og_type":"article","og_title":"Aprenentatge en valors gr\u00e0cies al servei als altres - Revista SMX","og_description":"L'Aprenentatge-Servei \u00e9s una metodologia que combina en una sola activitat l'aprenentatge de continguts, compet\u00e8ncies i valors del curr\u00edculum amb la realitzaci\u00f3 de tasques de servei a la comunitat. L'alumnat elabora i duu a terme un projecte que d\u00f3na resposta a necessitats reals de l'entorn amb la finalitat de millorar-lo.","og_url":"https:\/\/www.salesianos.edu\/revistasmx\/ca\/aprenentatge-en-valors-gracies-al-servei-als-altres\/","og_site_name":"Revista SMX","article_published_time":"2018-12-24T22:00:28+00:00","article_modified_time":"2019-01-09T15:28:22+00:00","og_image":[{"width":638,"height":393,"url":"https:\/\/www.salesianos.edu\/revistasmx\/wp-content\/uploads\/sites\/8\/2018\/12\/Captura-de-pantalla-2018-12-03-a-las-10.54.57.png","type":"image\/png"}],"author":"joseluisgarciamoscoso","twitter_card":"summary_large_image","twitter_misc":{"Escrito por":"joseluisgarciamoscoso","Tiempo de lectura":"13 minutos"},"schema":{"@context":"https:\/\/schema.org","@graph":[{"@type":"Article","@id":"https:\/\/www.salesianos.edu\/revistasmx\/ca\/aprenentatge-en-valors-gracies-al-servei-als-altres\/#article","isPartOf":{"@id":"https:\/\/www.salesianos.edu\/revistasmx\/ca\/aprenentatge-en-valors-gracies-al-servei-als-altres\/"},"author":{"name":"joseluisgarciamoscoso","@id":"https:\/\/www.salesianos.edu\/revistasmx\/#\/schema\/person\/a1d72ee5373cce7347fb2993ba9f47d6"},"headline":"Aprenentatge en valors gr\u00e0cies al servei als altres","datePublished":"2018-12-24T22:00:28+00:00","dateModified":"2019-01-09T15:28:22+00:00","mainEntityOfPage":{"@id":"https:\/\/www.salesianos.edu\/revistasmx\/ca\/aprenentatge-en-valors-gracies-al-servei-als-altres\/"},"wordCount":2772,"commentCount":0,"image":{"@id":"https:\/\/www.salesianos.edu\/revistasmx\/ca\/aprenentatge-en-valors-gracies-al-servei-als-altres\/#primaryimage"},"thumbnailUrl":"https:\/\/www.salesianos.edu\/revistasmx\/wp-content\/uploads\/sites\/8\/2018\/12\/Captura-de-pantalla-2018-12-03-a-las-10.54.57.png","keywords":["smx43"],"articleSection":["A FONS"],"inLanguage":"es","potentialAction":[{"@type":"CommentAction","name":"Comment","target":["https:\/\/www.salesianos.edu\/revistasmx\/ca\/aprenentatge-en-valors-gracies-al-servei-als-altres\/#respond"]}]},{"@type":"WebPage","@id":"https:\/\/www.salesianos.edu\/revistasmx\/ca\/aprenentatge-en-valors-gracies-al-servei-als-altres\/","url":"https:\/\/www.salesianos.edu\/revistasmx\/ca\/aprenentatge-en-valors-gracies-al-servei-als-altres\/","name":"Aprenentatge en valors gr\u00e0cies al servei als altres - Revista SMX","isPartOf":{"@id":"https:\/\/www.salesianos.edu\/revistasmx\/#website"},"primaryImageOfPage":{"@id":"https:\/\/www.salesianos.edu\/revistasmx\/ca\/aprenentatge-en-valors-gracies-al-servei-als-altres\/#primaryimage"},"image":{"@id":"https:\/\/www.salesianos.edu\/revistasmx\/ca\/aprenentatge-en-valors-gracies-al-servei-als-altres\/#primaryimage"},"thumbnailUrl":"https:\/\/www.salesianos.edu\/revistasmx\/wp-content\/uploads\/sites\/8\/2018\/12\/Captura-de-pantalla-2018-12-03-a-las-10.54.57.png","datePublished":"2018-12-24T22:00:28+00:00","dateModified":"2019-01-09T15:28:22+00:00","author":{"@id":"https:\/\/www.salesianos.edu\/revistasmx\/#\/schema\/person\/a1d72ee5373cce7347fb2993ba9f47d6"},"breadcrumb":{"@id":"https:\/\/www.salesianos.edu\/revistasmx\/ca\/aprenentatge-en-valors-gracies-al-servei-als-altres\/#breadcrumb"},"inLanguage":"es","potentialAction":[{"@type":"ReadAction","target":["https:\/\/www.salesianos.edu\/revistasmx\/ca\/aprenentatge-en-valors-gracies-al-servei-als-altres\/"]}]},{"@type":"ImageObject","inLanguage":"es","@id":"https:\/\/www.salesianos.edu\/revistasmx\/ca\/aprenentatge-en-valors-gracies-al-servei-als-altres\/#primaryimage","url":"https:\/\/www.salesianos.edu\/revistasmx\/wp-content\/uploads\/sites\/8\/2018\/12\/Captura-de-pantalla-2018-12-03-a-las-10.54.57.png","contentUrl":"https:\/\/www.salesianos.edu\/revistasmx\/wp-content\/uploads\/sites\/8\/2018\/12\/Captura-de-pantalla-2018-12-03-a-las-10.54.57.png","width":638,"height":393},{"@type":"BreadcrumbList","@id":"https:\/\/www.salesianos.edu\/revistasmx\/ca\/aprenentatge-en-valors-gracies-al-servei-als-altres\/#breadcrumb","itemListElement":[{"@type":"ListItem","position":1,"name":"Portada","item":"https:\/\/www.salesianos.edu\/revistasmx\/"},{"@type":"ListItem","position":2,"name":"Aprenentatge en valors gr\u00e0cies al servei als altres"}]},{"@type":"WebSite","@id":"https:\/\/www.salesianos.edu\/revistasmx\/#website","url":"https:\/\/www.salesianos.edu\/revistasmx\/","name":"Revista SMX","description":"P\u00e1gina oficial de Inspector\u00eda Salesiana Mar\u00eda Auxiliadora","potentialAction":[{"@type":"SearchAction","target":{"@type":"EntryPoint","urlTemplate":"https:\/\/www.salesianos.edu\/revistasmx\/?s={search_term_string}"},"query-input":{"@type":"PropertyValueSpecification","valueRequired":true,"valueName":"search_term_string"}}],"inLanguage":"es"},{"@type":"Person","@id":"https:\/\/www.salesianos.edu\/revistasmx\/#\/schema\/person\/a1d72ee5373cce7347fb2993ba9f47d6","name":"joseluisgarciamoscoso","image":{"@type":"ImageObject","inLanguage":"es","@id":"https:\/\/secure.gravatar.com\/avatar\/3fda3a0b2db3bc9a39871e47cbd526b42d6c3b74755b7ae1400a87b2913fea6a?s=96&d=mm&r=g","url":"https:\/\/secure.gravatar.com\/avatar\/3fda3a0b2db3bc9a39871e47cbd526b42d6c3b74755b7ae1400a87b2913fea6a?s=96&d=mm&r=g","contentUrl":"https:\/\/secure.gravatar.com\/avatar\/3fda3a0b2db3bc9a39871e47cbd526b42d6c3b74755b7ae1400a87b2913fea6a?s=96&d=mm&r=g","caption":"joseluisgarciamoscoso"}}]}},"_links":{"self":[{"href":"https:\/\/www.salesianos.edu\/revistasmx\/wp-json\/wp\/v2\/posts\/10206","targetHints":{"allow":["GET"]}}],"collection":[{"href":"https:\/\/www.salesianos.edu\/revistasmx\/wp-json\/wp\/v2\/posts"}],"about":[{"href":"https:\/\/www.salesianos.edu\/revistasmx\/wp-json\/wp\/v2\/types\/post"}],"author":[{"embeddable":true,"href":"https:\/\/www.salesianos.edu\/revistasmx\/wp-json\/wp\/v2\/users\/12"}],"replies":[{"embeddable":true,"href":"https:\/\/www.salesianos.edu\/revistasmx\/wp-json\/wp\/v2\/comments?post=10206"}],"version-history":[{"count":6,"href":"https:\/\/www.salesianos.edu\/revistasmx\/wp-json\/wp\/v2\/posts\/10206\/revisions"}],"predecessor-version":[{"id":10509,"href":"https:\/\/www.salesianos.edu\/revistasmx\/wp-json\/wp\/v2\/posts\/10206\/revisions\/10509"}],"wp:featuredmedia":[{"embeddable":true,"href":"https:\/\/www.salesianos.edu\/revistasmx\/wp-json\/wp\/v2\/media\/10154"}],"wp:attachment":[{"href":"https:\/\/www.salesianos.edu\/revistasmx\/wp-json\/wp\/v2\/media?parent=10206"}],"wp:term":[{"taxonomy":"category","embeddable":true,"href":"https:\/\/www.salesianos.edu\/revistasmx\/wp-json\/wp\/v2\/categories?post=10206"},{"taxonomy":"post_tag","embeddable":true,"href":"https:\/\/www.salesianos.edu\/revistasmx\/wp-json\/wp\/v2\/tags?post=10206"}],"curies":[{"name":"wp","href":"https:\/\/api.w.org\/{rel}","templated":true}]}}