{"id":9962,"date":"2022-01-24T10:02:42","date_gmt":"2022-01-24T09:02:42","guid":{"rendered":"https:\/\/www.salesianos.edu\/familiasalesiana\/?p=9962"},"modified":"2022-01-24T10:42:08","modified_gmt":"2022-01-24T09:42:08","slug":"salesianos-huelva-pone-en-marcha-el-movimiento-hogares-don-bosco","status":"publish","type":"post","link":"https:\/\/www.salesianos.edu\/familiasalesiana\/salesianos-huelva-pone-en-marcha-el-movimiento-hogares-don-bosco\/","title":{"rendered":"Salesianos Huelva pone en marcha el movimiento Hogares Don Bosco"},"content":{"rendered":"<div id=\"fb-root\"><\/div>\n<p>[et_pb_section fb_built=\u00bb1&#8243; admin_label=\u00bbsection\u00bb _builder_version=\u00bb3.22&#8243; global_colors_info=\u00bb{}\u00bb][et_pb_row admin_label=\u00bbrow\u00bb _builder_version=\u00bb3.25&#8243; background_size=\u00bbinitial\u00bb background_position=\u00bbtop_left\u00bb background_repeat=\u00bbrepeat\u00bb global_colors_info=\u00bb{}\u00bb][et_pb_column type=\u00bb4_4&#8243; _builder_version=\u00bb3.25&#8243; custom_padding=\u00bb|||\u00bb global_colors_info=\u00bb{}\u00bb custom_padding__hover=\u00bb|||\u00bb][et_pb_text _builder_version=\u00bb4.14.5&#8243; _module_preset=\u00bbdefault\u00bb hover_enabled=\u00bb0&#8243; global_colors_info=\u00bb{}\u00bb sticky_enabled=\u00bb0&#8243;]<\/p>\n<p><span style=\"font-family: arial, helvetica, sans-serif;font-size: 12pt\"><em><b>Por Hogares Don Bosco.<\/b><\/em><\/span><\/p>\n<p><span style=\"font-family: arial, helvetica, sans-serif;font-size: 12pt\">En la tarde del s\u00e1bado 22 de enero tuvo\u00a0lugar la presentaci\u00f3n del movimiento de Hogares Don Bosco en la casa de los salesianos de <strong>Huelva<\/strong>.<\/span><\/p>\n<p><span style=\"font-family: arial, helvetica, sans-serif;font-size: 12pt\">Un grupo de familias y la comunidad salesiana acogieron con entusiasmo comenzar a caminar en la formaci\u00f3n de este grupo de Familia Salesiana. Su origen se remonta hace ya m\u00e1s de 50 a\u00f1os en el sur de Espa\u00f1a, hoy ya difundido por todo el territorio e incluso en otros pa\u00edses, dirigido a todos aquellos matrimonios que deseen compartir un camino de fe.<\/span><\/p>\n<p><span style=\"font-family: arial, helvetica, sans-serif;font-size: 12pt\">\u00abCon la puesta en marcha de estos grupos queremos hacer crecer la Familia Salesiana en nuestra ciudad, que como bien sab\u00e9is cuenta con la Asociaci\u00f3n de Mar\u00eda Auxiliadora y la de Salesianos Cooperadores\u00bb, compart\u00eda Jorge Juan Reyes Mac\u00edas, director titular de la presencia salesiana. Durante la jornada se cont\u00f3 tambi\u00e9n con la presencia de Ram\u00f3n y Nuria, matrimonio de Montilla, miembro del equipo Inspectorial de Coordinaci\u00f3n del Movimiento Hogares Don Bosco.<\/span><\/p>\n<p><span style=\"font-family: arial, helvetica, sans-serif;font-size: 12pt\">\u00abMuchas gracias a todos por vuestra acogida, por vuestro inter\u00e9s, por creer en la familia como Luz en nuestra sociedad\u00bb, compart\u00edan al concluir.<\/span><\/p>\n<div>\u00a0<\/div>\n<p>[\/et_pb_text][et_pb_button button_url=\u00bbhttps:\/\/huelva.salesianos.edu\/hogares-don-bosco\/\u00bb button_text=\u00bbM\u00e1s informaci\u00f3n\u00bb button_alignment=\u00bbcenter\u00bb _builder_version=\u00bb4.14.5&#8243; _module_preset=\u00bbdefault\u00bb custom_button=\u00bbon\u00bb button_text_color=\u00bb#FFFFFF\u00bb button_bg_color=\u00bb#DC001B\u00bb button_border_color=\u00bbRGBA(255,255,255,0)\u00bb box_shadow_style=\u00bbpreset1&#8243; global_colors_info=\u00bb{}\u00bb][\/et_pb_button][\/et_pb_column][\/et_pb_row][\/et_pb_section]<\/p>\n","protected":false},"excerpt":{"rendered":"<p>Un grupo de familias y la comunidad salesiana acogieron con entusiasmo comenzar a caminar en la formaci\u00f3n de este grupo de Familia Salesiana. <\/p>\n","protected":false},"author":5,"featured_media":9994,"comment_status":"open","ping_status":"open","sticky":false,"template":"","format":"standard","meta":{"_et_pb_use_builder":"on","_et_pb_old_content":"","_et_gb_content_width":"","footnotes":""},"categories":[57,1],"tags":[],"class_list":["post-9962","post","type-post","status-publish","format-standard","has-post-thumbnail","hentry","category-hdb","category-uncategorized"],"yoast_head":"<!-- This site is optimized with the Yoast SEO plugin v27.5 - https:\/\/yoast.com\/product\/yoast-seo-wordpress\/ -->\n<title>Salesianos Huelva pone en marcha el movimiento Hogares Don Bosco - Familia Salesiana<\/title>\n<meta name=\"robots\" content=\"index, follow, max-snippet:-1, max-image-preview:large, max-video-preview:-1\" \/>\n<link rel=\"canonical\" href=\"https:\/\/www.salesianos.edu\/familiasalesiana\/salesianos-huelva-pone-en-marcha-el-movimiento-hogares-don-bosco\/\" \/>\n<meta property=\"og:locale\" content=\"es_ES\" \/>\n<meta property=\"og:type\" content=\"article\" \/>\n<meta property=\"og:title\" content=\"Salesianos Huelva pone en marcha el movimiento Hogares Don Bosco - Familia Salesiana\" \/>\n<meta property=\"og:description\" content=\"Un grupo de familias y la comunidad salesiana acogieron con entusiasmo comenzar a caminar en la formaci\u00f3n de este grupo de Familia Salesiana.\" \/>\n<meta property=\"og:url\" content=\"https:\/\/www.salesianos.edu\/familiasalesiana\/salesianos-huelva-pone-en-marcha-el-movimiento-hogares-don-bosco\/\" \/>\n<meta property=\"og:site_name\" content=\"Familia Salesiana\" \/>\n<meta property=\"article:published_time\" content=\"2022-01-24T09:02:42+00:00\" \/>\n<meta property=\"article:modified_time\" content=\"2022-01-24T09:42:08+00:00\" \/>\n<meta property=\"og:image\" content=\"https:\/\/www.salesianos.edu\/familiasalesiana\/wp-content\/uploads\/sites\/5\/2022\/01\/HogaresHuelva-2.jpeg\" \/>\n\t<meta property=\"og:image:width\" content=\"1440\" \/>\n\t<meta property=\"og:image:height\" content=\"1440\" \/>\n\t<meta property=\"og:image:type\" content=\"image\/jpeg\" \/>\n<meta name=\"author\" content=\"martapeirat\" \/>\n<meta name=\"twitter:card\" content=\"summary_large_image\" \/>\n<meta name=\"twitter:label1\" content=\"Escrito por\" \/>\n\t<meta name=\"twitter:data1\" content=\"martapeirat\" \/>\n\t<meta name=\"twitter:label2\" content=\"Tiempo de lectura\" \/>\n\t<meta name=\"twitter:data2\" content=\"2 minutos\" \/>\n<script type=\"application\/ld+json\" class=\"yoast-schema-graph\">{\"@context\":\"https:\\\/\\\/schema.org\",\"@graph\":[{\"@type\":\"Article\",\"@id\":\"https:\\\/\\\/www.salesianos.edu\\\/familiasalesiana\\\/salesianos-huelva-pone-en-marcha-el-movimiento-hogares-don-bosco\\\/#article\",\"isPartOf\":{\"@id\":\"https:\\\/\\\/www.salesianos.edu\\\/familiasalesiana\\\/salesianos-huelva-pone-en-marcha-el-movimiento-hogares-don-bosco\\\/\"},\"author\":{\"name\":\"martapeirat\",\"@id\":\"http:\\\/\\\/www.salesianos.edu\\\/familiasalesiana\\\/#\\\/schema\\\/person\\\/20a80be1bb4e0ed82068c57facf5b237\"},\"headline\":\"Salesianos Huelva pone en marcha el movimiento Hogares Don Bosco\",\"datePublished\":\"2022-01-24T09:02:42+00:00\",\"dateModified\":\"2022-01-24T09:42:08+00:00\",\"mainEntityOfPage\":{\"@id\":\"https:\\\/\\\/www.salesianos.edu\\\/familiasalesiana\\\/salesianos-huelva-pone-en-marcha-el-movimiento-hogares-don-bosco\\\/\"},\"wordCount\":336,\"commentCount\":0,\"image\":{\"@id\":\"https:\\\/\\\/www.salesianos.edu\\\/familiasalesiana\\\/salesianos-huelva-pone-en-marcha-el-movimiento-hogares-don-bosco\\\/#primaryimage\"},\"thumbnailUrl\":\"https:\\\/\\\/www.salesianos.edu\\\/familiasalesiana\\\/wp-content\\\/uploads\\\/sites\\\/5\\\/2022\\\/01\\\/HogaresHuelva-2.jpeg\",\"articleSection\":[\"HDB\",\"Uncategorized\"],\"inLanguage\":\"es\",\"potentialAction\":[{\"@type\":\"CommentAction\",\"name\":\"Comment\",\"target\":[\"https:\\\/\\\/www.salesianos.edu\\\/familiasalesiana\\\/salesianos-huelva-pone-en-marcha-el-movimiento-hogares-don-bosco\\\/#respond\"]}]},{\"@type\":\"WebPage\",\"@id\":\"https:\\\/\\\/www.salesianos.edu\\\/familiasalesiana\\\/salesianos-huelva-pone-en-marcha-el-movimiento-hogares-don-bosco\\\/\",\"url\":\"https:\\\/\\\/www.salesianos.edu\\\/familiasalesiana\\\/salesianos-huelva-pone-en-marcha-el-movimiento-hogares-don-bosco\\\/\",\"name\":\"Salesianos Huelva pone en marcha el movimiento Hogares Don Bosco - Familia Salesiana\",\"isPartOf\":{\"@id\":\"http:\\\/\\\/www.salesianos.edu\\\/familiasalesiana\\\/#website\"},\"primaryImageOfPage\":{\"@id\":\"https:\\\/\\\/www.salesianos.edu\\\/familiasalesiana\\\/salesianos-huelva-pone-en-marcha-el-movimiento-hogares-don-bosco\\\/#primaryimage\"},\"image\":{\"@id\":\"https:\\\/\\\/www.salesianos.edu\\\/familiasalesiana\\\/salesianos-huelva-pone-en-marcha-el-movimiento-hogares-don-bosco\\\/#primaryimage\"},\"thumbnailUrl\":\"https:\\\/\\\/www.salesianos.edu\\\/familiasalesiana\\\/wp-content\\\/uploads\\\/sites\\\/5\\\/2022\\\/01\\\/HogaresHuelva-2.jpeg\",\"datePublished\":\"2022-01-24T09:02:42+00:00\",\"dateModified\":\"2022-01-24T09:42:08+00:00\",\"author\":{\"@id\":\"http:\\\/\\\/www.salesianos.edu\\\/familiasalesiana\\\/#\\\/schema\\\/person\\\/20a80be1bb4e0ed82068c57facf5b237\"},\"breadcrumb\":{\"@id\":\"https:\\\/\\\/www.salesianos.edu\\\/familiasalesiana\\\/salesianos-huelva-pone-en-marcha-el-movimiento-hogares-don-bosco\\\/#breadcrumb\"},\"inLanguage\":\"es\",\"potentialAction\":[{\"@type\":\"ReadAction\",\"target\":[\"https:\\\/\\\/www.salesianos.edu\\\/familiasalesiana\\\/salesianos-huelva-pone-en-marcha-el-movimiento-hogares-don-bosco\\\/\"]}]},{\"@type\":\"ImageObject\",\"inLanguage\":\"es\",\"@id\":\"https:\\\/\\\/www.salesianos.edu\\\/familiasalesiana\\\/salesianos-huelva-pone-en-marcha-el-movimiento-hogares-don-bosco\\\/#primaryimage\",\"url\":\"https:\\\/\\\/www.salesianos.edu\\\/familiasalesiana\\\/wp-content\\\/uploads\\\/sites\\\/5\\\/2022\\\/01\\\/HogaresHuelva-2.jpeg\",\"contentUrl\":\"https:\\\/\\\/www.salesianos.edu\\\/familiasalesiana\\\/wp-content\\\/uploads\\\/sites\\\/5\\\/2022\\\/01\\\/HogaresHuelva-2.jpeg\",\"width\":1440,\"height\":1440},{\"@type\":\"BreadcrumbList\",\"@id\":\"https:\\\/\\\/www.salesianos.edu\\\/familiasalesiana\\\/salesianos-huelva-pone-en-marcha-el-movimiento-hogares-don-bosco\\\/#breadcrumb\",\"itemListElement\":[{\"@type\":\"ListItem\",\"position\":1,\"name\":\"Portada\",\"item\":\"http:\\\/\\\/www.salesianos.edu\\\/familiasalesiana\\\/\"},{\"@type\":\"ListItem\",\"position\":2,\"name\":\"Salesianos Huelva pone en marcha el movimiento Hogares Don Bosco\"}]},{\"@type\":\"WebSite\",\"@id\":\"http:\\\/\\\/www.salesianos.edu\\\/familiasalesiana\\\/#website\",\"url\":\"http:\\\/\\\/www.salesianos.edu\\\/familiasalesiana\\\/\",\"name\":\"Familia Salesiana\",\"description\":\"P\u00e1gina oficial de Inspector\u00eda Salesiana Mar\u00eda Auxiliadora\",\"potentialAction\":[{\"@type\":\"SearchAction\",\"target\":{\"@type\":\"EntryPoint\",\"urlTemplate\":\"http:\\\/\\\/www.salesianos.edu\\\/familiasalesiana\\\/?s={search_term_string}\"},\"query-input\":{\"@type\":\"PropertyValueSpecification\",\"valueRequired\":true,\"valueName\":\"search_term_string\"}}],\"inLanguage\":\"es\"},{\"@type\":\"Person\",\"@id\":\"http:\\\/\\\/www.salesianos.edu\\\/familiasalesiana\\\/#\\\/schema\\\/person\\\/20a80be1bb4e0ed82068c57facf5b237\",\"name\":\"martapeirat\",\"image\":{\"@type\":\"ImageObject\",\"inLanguage\":\"es\",\"@id\":\"https:\\\/\\\/secure.gravatar.com\\\/avatar\\\/1139b81b40ed1dde466563679597db378e7092bbfdd7ebb264c437fedde866d7?s=96&d=mm&r=g\",\"url\":\"https:\\\/\\\/secure.gravatar.com\\\/avatar\\\/1139b81b40ed1dde466563679597db378e7092bbfdd7ebb264c437fedde866d7?s=96&d=mm&r=g\",\"contentUrl\":\"https:\\\/\\\/secure.gravatar.com\\\/avatar\\\/1139b81b40ed1dde466563679597db378e7092bbfdd7ebb264c437fedde866d7?s=96&d=mm&r=g\",\"caption\":\"martapeirat\"}}]}<\/script>\n<!-- \/ Yoast SEO plugin. -->","yoast_head_json":{"title":"Salesianos Huelva pone en marcha el movimiento Hogares Don Bosco - Familia Salesiana","robots":{"index":"index","follow":"follow","max-snippet":"max-snippet:-1","max-image-preview":"max-image-preview:large","max-video-preview":"max-video-preview:-1"},"canonical":"https:\/\/www.salesianos.edu\/familiasalesiana\/salesianos-huelva-pone-en-marcha-el-movimiento-hogares-don-bosco\/","og_locale":"es_ES","og_type":"article","og_title":"Salesianos Huelva pone en marcha el movimiento Hogares Don Bosco - Familia Salesiana","og_description":"Un grupo de familias y la comunidad salesiana acogieron con entusiasmo comenzar a caminar en la formaci\u00f3n de este grupo de Familia Salesiana.","og_url":"https:\/\/www.salesianos.edu\/familiasalesiana\/salesianos-huelva-pone-en-marcha-el-movimiento-hogares-don-bosco\/","og_site_name":"Familia Salesiana","article_published_time":"2022-01-24T09:02:42+00:00","article_modified_time":"2022-01-24T09:42:08+00:00","og_image":[{"width":1440,"height":1440,"url":"https:\/\/www.salesianos.edu\/familiasalesiana\/wp-content\/uploads\/sites\/5\/2022\/01\/HogaresHuelva-2.jpeg","type":"image\/jpeg"}],"author":"martapeirat","twitter_card":"summary_large_image","twitter_misc":{"Escrito por":"martapeirat","Tiempo de lectura":"2 minutos"},"schema":{"@context":"https:\/\/schema.org","@graph":[{"@type":"Article","@id":"https:\/\/www.salesianos.edu\/familiasalesiana\/salesianos-huelva-pone-en-marcha-el-movimiento-hogares-don-bosco\/#article","isPartOf":{"@id":"https:\/\/www.salesianos.edu\/familiasalesiana\/salesianos-huelva-pone-en-marcha-el-movimiento-hogares-don-bosco\/"},"author":{"name":"martapeirat","@id":"http:\/\/www.salesianos.edu\/familiasalesiana\/#\/schema\/person\/20a80be1bb4e0ed82068c57facf5b237"},"headline":"Salesianos Huelva pone en marcha el movimiento Hogares Don Bosco","datePublished":"2022-01-24T09:02:42+00:00","dateModified":"2022-01-24T09:42:08+00:00","mainEntityOfPage":{"@id":"https:\/\/www.salesianos.edu\/familiasalesiana\/salesianos-huelva-pone-en-marcha-el-movimiento-hogares-don-bosco\/"},"wordCount":336,"commentCount":0,"image":{"@id":"https:\/\/www.salesianos.edu\/familiasalesiana\/salesianos-huelva-pone-en-marcha-el-movimiento-hogares-don-bosco\/#primaryimage"},"thumbnailUrl":"https:\/\/www.salesianos.edu\/familiasalesiana\/wp-content\/uploads\/sites\/5\/2022\/01\/HogaresHuelva-2.jpeg","articleSection":["HDB","Uncategorized"],"inLanguage":"es","potentialAction":[{"@type":"CommentAction","name":"Comment","target":["https:\/\/www.salesianos.edu\/familiasalesiana\/salesianos-huelva-pone-en-marcha-el-movimiento-hogares-don-bosco\/#respond"]}]},{"@type":"WebPage","@id":"https:\/\/www.salesianos.edu\/familiasalesiana\/salesianos-huelva-pone-en-marcha-el-movimiento-hogares-don-bosco\/","url":"https:\/\/www.salesianos.edu\/familiasalesiana\/salesianos-huelva-pone-en-marcha-el-movimiento-hogares-don-bosco\/","name":"Salesianos Huelva pone en marcha el movimiento Hogares Don Bosco - Familia Salesiana","isPartOf":{"@id":"http:\/\/www.salesianos.edu\/familiasalesiana\/#website"},"primaryImageOfPage":{"@id":"https:\/\/www.salesianos.edu\/familiasalesiana\/salesianos-huelva-pone-en-marcha-el-movimiento-hogares-don-bosco\/#primaryimage"},"image":{"@id":"https:\/\/www.salesianos.edu\/familiasalesiana\/salesianos-huelva-pone-en-marcha-el-movimiento-hogares-don-bosco\/#primaryimage"},"thumbnailUrl":"https:\/\/www.salesianos.edu\/familiasalesiana\/wp-content\/uploads\/sites\/5\/2022\/01\/HogaresHuelva-2.jpeg","datePublished":"2022-01-24T09:02:42+00:00","dateModified":"2022-01-24T09:42:08+00:00","author":{"@id":"http:\/\/www.salesianos.edu\/familiasalesiana\/#\/schema\/person\/20a80be1bb4e0ed82068c57facf5b237"},"breadcrumb":{"@id":"https:\/\/www.salesianos.edu\/familiasalesiana\/salesianos-huelva-pone-en-marcha-el-movimiento-hogares-don-bosco\/#breadcrumb"},"inLanguage":"es","potentialAction":[{"@type":"ReadAction","target":["https:\/\/www.salesianos.edu\/familiasalesiana\/salesianos-huelva-pone-en-marcha-el-movimiento-hogares-don-bosco\/"]}]},{"@type":"ImageObject","inLanguage":"es","@id":"https:\/\/www.salesianos.edu\/familiasalesiana\/salesianos-huelva-pone-en-marcha-el-movimiento-hogares-don-bosco\/#primaryimage","url":"https:\/\/www.salesianos.edu\/familiasalesiana\/wp-content\/uploads\/sites\/5\/2022\/01\/HogaresHuelva-2.jpeg","contentUrl":"https:\/\/www.salesianos.edu\/familiasalesiana\/wp-content\/uploads\/sites\/5\/2022\/01\/HogaresHuelva-2.jpeg","width":1440,"height":1440},{"@type":"BreadcrumbList","@id":"https:\/\/www.salesianos.edu\/familiasalesiana\/salesianos-huelva-pone-en-marcha-el-movimiento-hogares-don-bosco\/#breadcrumb","itemListElement":[{"@type":"ListItem","position":1,"name":"Portada","item":"http:\/\/www.salesianos.edu\/familiasalesiana\/"},{"@type":"ListItem","position":2,"name":"Salesianos Huelva pone en marcha el movimiento Hogares Don Bosco"}]},{"@type":"WebSite","@id":"http:\/\/www.salesianos.edu\/familiasalesiana\/#website","url":"http:\/\/www.salesianos.edu\/familiasalesiana\/","name":"Familia Salesiana","description":"P\u00e1gina oficial de Inspector\u00eda Salesiana Mar\u00eda Auxiliadora","potentialAction":[{"@type":"SearchAction","target":{"@type":"EntryPoint","urlTemplate":"http:\/\/www.salesianos.edu\/familiasalesiana\/?s={search_term_string}"},"query-input":{"@type":"PropertyValueSpecification","valueRequired":true,"valueName":"search_term_string"}}],"inLanguage":"es"},{"@type":"Person","@id":"http:\/\/www.salesianos.edu\/familiasalesiana\/#\/schema\/person\/20a80be1bb4e0ed82068c57facf5b237","name":"martapeirat","image":{"@type":"ImageObject","inLanguage":"es","@id":"https:\/\/secure.gravatar.com\/avatar\/1139b81b40ed1dde466563679597db378e7092bbfdd7ebb264c437fedde866d7?s=96&d=mm&r=g","url":"https:\/\/secure.gravatar.com\/avatar\/1139b81b40ed1dde466563679597db378e7092bbfdd7ebb264c437fedde866d7?s=96&d=mm&r=g","contentUrl":"https:\/\/secure.gravatar.com\/avatar\/1139b81b40ed1dde466563679597db378e7092bbfdd7ebb264c437fedde866d7?s=96&d=mm&r=g","caption":"martapeirat"}}]}},"_links":{"self":[{"href":"https:\/\/www.salesianos.edu\/familiasalesiana\/wp-json\/wp\/v2\/posts\/9962","targetHints":{"allow":["GET"]}}],"collection":[{"href":"https:\/\/www.salesianos.edu\/familiasalesiana\/wp-json\/wp\/v2\/posts"}],"about":[{"href":"https:\/\/www.salesianos.edu\/familiasalesiana\/wp-json\/wp\/v2\/types\/post"}],"author":[{"embeddable":true,"href":"https:\/\/www.salesianos.edu\/familiasalesiana\/wp-json\/wp\/v2\/users\/5"}],"replies":[{"embeddable":true,"href":"https:\/\/www.salesianos.edu\/familiasalesiana\/wp-json\/wp\/v2\/comments?post=9962"}],"version-history":[{"count":5,"href":"https:\/\/www.salesianos.edu\/familiasalesiana\/wp-json\/wp\/v2\/posts\/9962\/revisions"}],"predecessor-version":[{"id":9997,"href":"https:\/\/www.salesianos.edu\/familiasalesiana\/wp-json\/wp\/v2\/posts\/9962\/revisions\/9997"}],"wp:featuredmedia":[{"embeddable":true,"href":"https:\/\/www.salesianos.edu\/familiasalesiana\/wp-json\/wp\/v2\/media\/9994"}],"wp:attachment":[{"href":"https:\/\/www.salesianos.edu\/familiasalesiana\/wp-json\/wp\/v2\/media?parent=9962"}],"wp:term":[{"taxonomy":"category","embeddable":true,"href":"https:\/\/www.salesianos.edu\/familiasalesiana\/wp-json\/wp\/v2\/categories?post=9962"},{"taxonomy":"post_tag","embeddable":true,"href":"https:\/\/www.salesianos.edu\/familiasalesiana\/wp-json\/wp\/v2\/tags?post=9962"}],"curies":[{"name":"wp","href":"https:\/\/api.w.org\/{rel}","templated":true}]}}