{"id":9845,"date":"2021-12-28T10:40:30","date_gmt":"2021-12-28T09:40:30","guid":{"rendered":"https:\/\/www.salesianos.edu\/familiasalesiana\/?p=9845"},"modified":"2022-01-30T20:19:51","modified_gmt":"2022-01-30T19:19:51","slug":"lecturas-sobre-san-francisco-de-sales-con-el-consejo-inspectorial-de-la-asociacion-de-maria-auxiliadora","status":"publish","type":"post","link":"https:\/\/www.salesianos.edu\/familiasalesiana\/lecturas-sobre-san-francisco-de-sales-con-el-consejo-inspectorial-de-la-asociacion-de-maria-auxiliadora\/","title":{"rendered":"Lecturas sobre San Francisco de Sales con el Consejo Inspectorial de la Asociaci\u00f3n de Mar\u00eda Auxiliadora"},"content":{"rendered":"<div id=\"fb-root\"><\/div>\n<p>[et_pb_section fb_built=\u00bb1&#8243; admin_label=\u00bbsection\u00bb _builder_version=\u00bb3.22&#8243; global_colors_info=\u00bb{}\u00bb][et_pb_row admin_label=\u00bbrow\u00bb _builder_version=\u00bb4.9.4&#8243; background_size=\u00bbinitial\u00bb background_position=\u00bbtop_left\u00bb background_repeat=\u00bbrepeat\u00bb global_colors_info=\u00bb{}\u00bb][et_pb_column type=\u00bb4_4&#8243; _builder_version=\u00bb3.25&#8243; custom_padding=\u00bb|||\u00bb global_colors_info=\u00bb{}\u00bb custom_padding__hover=\u00bb|||\u00bb][et_pb_text _builder_version=\u00bb4.14.4&#8243; global_colors_info=\u00bb{}\u00bb]<\/p>\n<div>Por ADMA\u00a0 \u00a0| Valent\u00edn Viguera\u00a0<b><br \/><\/b><\/div>\n<p>[\/et_pb_text][et_pb_text _builder_version=\u00bb4.14.4&#8243; global_colors_info=\u00bb{}\u00bb]<\/p>\n<p><strong>San Francisco de Sales<\/strong> cuenta con una fama bien decantada en cuanto a director de almas, fundador genial, modelo de escritores, dialogador paciente.<\/p>\n<p>San Francisco de Sales tiene mucho que ense\u00f1ar a todos los cristianos en este crucial momento de cambio cultural. Cuenta con fama bien decantada en cuanto director de almas, fundador genial, modelo de escritores, dialogador paciente. Fascina, sobre todo, su metodolog\u00eda de acci\u00f3n, hecha de equilibrio maravilloso y de dulzura evang\u00e9lica a todas luces mod\u00e9lica. La trayectoria apost\u00f3lica del misionero del Chablais aparece sumamente sugestiva a la hora de poner en marcha \u00abla nueva evangelizaci\u00f3n\u00bb propuesta con insistencia por Juan Pablo II y Benedicto XVI.<\/p>\n<p>Para ahondar las ra\u00edces de la cultura cristiana de la Vieja Europa, nada m\u00e1s acertado que echar a caminar en pos de esos ilustres maestros que nos precedieron. Su obra no es solo digna de alabanza en el pasado, sino inspiradora de actitudes y estilos que sigan haciendo amable la verdad en todos los \u00e1mbitos de nuestro tiempo. A su t\u00edtulo de Santo, se a\u00f1ade el de Doctor de la Iglesia, y Patrono de los periodistas y comunicadores cristianos.<\/p>\n<p><strong>Valent\u00edn Viguera Franco<\/strong> es un salesiano que conoce a fondo la vida de S. Francisco y la espiritualidad salesiana. Es Licenciado en Teolog\u00eda (Pontificia Universidad Salesiana, Roma) y en Liturgia (Anselmianum, Roma).Ha desarrollado una nutrida actividad y desempe\u00f1ado los siguientes cargos: prof. del Centro de Estudios Teol\u00f3gicos de Sevilla, Director del Colegio Salesiano de Sevilla, Vicario Provincial de los Salesianos de Sevilla, Director del Colegio Salesiano de Badajoz y del Colegio San Juan Bosco de Sevilla, P\u00e1rroco de Mar\u00eda Auxiliadora de Badajoz y Vicario General de la di\u00f3cesis de Badajoz. Ha publicado diversos libros. Entre ellos, Espiritualidad salesiana (1992).<\/p>\n<p>[\/et_pb_text][et_pb_button button_url=\u00bbhttps:\/\/drive.google.com\/file\/d\/1L-EB4qDW8m9XlbZ9o-Rb2oe0Cvaavy1e\/view\u00bb button_text=\u00bbPr\u00f3logo del autor\u00bb button_alignment=\u00bbcenter\u00bb _builder_version=\u00bb4.14.4&#8243; _module_preset=\u00bbdefault\u00bb custom_button=\u00bbon\u00bb button_text_color=\u00bb#FFFFFF\u00bb button_bg_color=\u00bb#DC001B\u00bb button_border_radius=\u00bb10px\u00bb global_colors_info=\u00bb{}\u00bb][\/et_pb_button][et_pb_audio audio=\u00bbhttp:\/\/www.salesianos.edu\/familiasalesiana\/wp-content\/uploads\/sites\/5\/2021\/12\/1-de-enero.mp3&#8243; title=\u00bb1 de enero\u00bb artist_name=\u00bbDon Juan Manuel Melgar\u00bb disabled_on=\u00bboff|off|off\u00bb _builder_version=\u00bb4.14.4&#8243; _module_preset=\u00bbdefault\u00bb global_colors_info=\u00bb{}\u00bb][\/et_pb_audio][et_pb_audio audio=\u00bbhttp:\/\/www.salesianos.edu\/familiasalesiana\/wp-content\/uploads\/sites\/5\/2021\/12\/2-de-enero.mp3&#8243; title=\u00bb2 de enero\u00bb artist_name=\u00bbSor Remedios Mu\u00f1oz\u00bb disabled_on=\u00bboff|off|off\u00bb _builder_version=\u00bb4.14.4&#8243; _module_preset=\u00bbdefault\u00bb global_colors_info=\u00bb{}\u00bb][\/et_pb_audio][et_pb_audio audio=\u00bbhttp:\/\/www.salesianos.edu\/familiasalesiana\/wp-content\/uploads\/sites\/5\/2021\/12\/3-de-enero.mp3&#8243; title=\u00bb3 de enero\u00bb artist_name=\u00bbM\u00aa Dolores Moyano\u00bb disabled_on=\u00bboff|off|off\u00bb _builder_version=\u00bb4.14.4&#8243; _module_preset=\u00bbdefault\u00bb global_colors_info=\u00bb{}\u00bb][\/et_pb_audio][et_pb_audio audio=\u00bbhttp:\/\/www.salesianos.edu\/familiasalesiana\/wp-content\/uploads\/sites\/5\/2021\/12\/4-de-enero.mp3&#8243; title=\u00bb4 de enero\u00bb artist_name=\u00bbJos\u00e9 Mar\u00eda\u00bb disabled_on=\u00bboff|off|off\u00bb _builder_version=\u00bb4.14.4&#8243; _module_preset=\u00bbdefault\u00bb global_colors_info=\u00bb{}\u00bb][\/et_pb_audio][et_pb_audio audio=\u00bbhttp:\/\/www.salesianos.edu\/familiasalesiana\/wp-content\/uploads\/sites\/5\/2021\/12\/5-de-enero.mp3&#8243; title=\u00bb5 de enero\u00bb artist_name=\u00bbJosefa Vidal\u00bb disabled_on=\u00bboff|off|off\u00bb _builder_version=\u00bb4.14.4&#8243; _module_preset=\u00bbdefault\u00bb global_colors_info=\u00bb{}\u00bb][\/et_pb_audio][et_pb_audio audio=\u00bbhttp:\/\/www.salesianos.edu\/familiasalesiana\/wp-content\/uploads\/sites\/5\/2021\/12\/6-de-enero.mp3&#8243; title=\u00bb6 de enero\u00bb artist_name=\u00bbTrinidad\u00bb disabled_on=\u00bboff|off|off\u00bb _builder_version=\u00bb4.14.4&#8243; _module_preset=\u00bbdefault\u00bb global_colors_info=\u00bb{}\u00bb][\/et_pb_audio][et_pb_audio audio=\u00bbhttp:\/\/www.salesianos.edu\/familiasalesiana\/wp-content\/uploads\/sites\/5\/2021\/12\/7-de-enero.mp3&#8243; title=\u00bb7 de enero\u00bb artist_name=\u00bbOmayra\u00bb disabled_on=\u00bboff|off|off\u00bb admin_label=\u00bbAudio\u00bb _builder_version=\u00bb4.14.4&#8243; _module_preset=\u00bbdefault\u00bb global_colors_info=\u00bb{}\u00bb][\/et_pb_audio][et_pb_audio audio=\u00bbhttp:\/\/www.salesianos.edu\/familiasalesiana\/wp-content\/uploads\/sites\/5\/2021\/12\/8-de-enero.mp3&#8243; title=\u00bb8 de enero\u00bb artist_name=\u00bbPaqui Real \u00bb disabled_on=\u00bboff|off|off\u00bb admin_label=\u00bb8 de enero\u00bb _builder_version=\u00bb4.14.4&#8243; _module_preset=\u00bbdefault\u00bb global_colors_info=\u00bb{}\u00bb][\/et_pb_audio][et_pb_audio audio=\u00bbhttp:\/\/www.salesianos.edu\/familiasalesiana\/wp-content\/uploads\/sites\/5\/2021\/12\/9-de-enero.mp3&#8243; title=\u00bb9 de enero\u00bb artist_name=\u00bbMaribel Pereira\u00bb disabled_on=\u00bboff|off|off\u00bb admin_label=\u00bb9 de enero\u00bb _builder_version=\u00bb4.14.4&#8243; _module_preset=\u00bbdefault\u00bb global_colors_info=\u00bb{}\u00bb][\/et_pb_audio][et_pb_audio audio=\u00bbhttp:\/\/www.salesianos.edu\/familiasalesiana\/wp-content\/uploads\/sites\/5\/2021\/12\/10-de-enero.mp3&#8243; title=\u00bb10 de enero\u00bb artist_name=\u00bb Mar\u00eda Jos\u00e9\u00bb disabled_on=\u00bboff|off|off\u00bb admin_label=\u00bb10 de enero\u00bb _builder_version=\u00bb4.14.4&#8243; _module_preset=\u00bbdefault\u00bb global_colors_info=\u00bb{}\u00bb][\/et_pb_audio][et_pb_audio audio=\u00bbhttp:\/\/www.salesianos.edu\/familiasalesiana\/wp-content\/uploads\/sites\/5\/2021\/12\/11-de-enero.mp3&#8243; title=\u00bb11 de enero\u00bb artist_name=\u00bbMari Carmen P\u00e9rez\u00bb disabled_on=\u00bboff|off|off\u00bb admin_label=\u00bb11 de enero\u00bb _builder_version=\u00bb4.14.4&#8243; _module_preset=\u00bbdefault\u00bb global_colors_info=\u00bb{}\u00bb][\/et_pb_audio][et_pb_audio audio=\u00bbhttp:\/\/www.salesianos.edu\/familiasalesiana\/wp-content\/uploads\/sites\/5\/2021\/12\/12-de-enero.mp3&#8243; title=\u00bb12 de enero\u00bb artist_name=\u00bbJos\u00e9 Espinel Calder\u00f3n\u00bb disabled_on=\u00bboff|off|off\u00bb admin_label=\u00bb12 de enero\u00bb _builder_version=\u00bb4.14.4&#8243; _module_preset=\u00bbdefault\u00bb global_colors_info=\u00bb{}\u00bb][\/et_pb_audio][et_pb_audio audio=\u00bbhttp:\/\/www.salesianos.edu\/familiasalesiana\/wp-content\/uploads\/sites\/5\/2021\/12\/13-de-enero.mp3&#8243; title=\u00bb13 de enero\u00bb artist_name=\u00bbCarmen Puerta Puerta\u00bb disabled_on=\u00bboff|off|off\u00bb admin_label=\u00bb13 de enero\u00bb _builder_version=\u00bb4.14.4&#8243; _module_preset=\u00bbdefault\u00bb global_colors_info=\u00bb{}\u00bb][\/et_pb_audio][et_pb_audio audio=\u00bbhttp:\/\/www.salesianos.edu\/familiasalesiana\/wp-content\/uploads\/sites\/5\/2021\/12\/14-de-enero.mp3&#8243; title=\u00bb14 de enero\u00bb artist_name=\u00bbFelisa Escobar Torres\u00bb disabled_on=\u00bboff|off|off\u00bb admin_label=\u00bb14 de enero\u00bb _builder_version=\u00bb4.14.4&#8243; _module_preset=\u00bbdefault\u00bb global_colors_info=\u00bb{}\u00bb][\/et_pb_audio][et_pb_audio audio=\u00bbhttp:\/\/www.salesianos.edu\/familiasalesiana\/wp-content\/uploads\/sites\/5\/2021\/12\/15-de-enero.mp3&#8243; title=\u00bb15 de enero\u00bb artist_name=\u00bbMari Lourdes S\u00e1nchez Lima\u00bb disabled_on=\u00bboff|off|off\u00bb admin_label=\u00bb15 de enero\u00bb _builder_version=\u00bb4.14.4&#8243; _module_preset=\u00bbdefault\u00bb global_colors_info=\u00bb{}\u00bb][\/et_pb_audio][et_pb_audio audio=\u00bbhttp:\/\/www.salesianos.edu\/familiasalesiana\/wp-content\/uploads\/sites\/5\/2021\/12\/16-de-enero.m4a\u00bb title=\u00bb16 de enero\u00bb artist_name=\u00bbLuc\u00eda Barroso\u00bb disabled_on=\u00bboff|off|off\u00bb admin_label=\u00bb16 de enero\u00bb _builder_version=\u00bb4.14.4&#8243; _module_preset=\u00bbdefault\u00bb global_colors_info=\u00bb{}\u00bb][\/et_pb_audio][et_pb_audio audio=\u00bbhttp:\/\/www.salesianos.edu\/familiasalesiana\/wp-content\/uploads\/sites\/5\/2021\/12\/17-de-enero.mp3&#8243; title=\u00bb17 de enero\u00bb artist_name=\u00bbConcha Marina\u00bb disabled_on=\u00bboff|off|off\u00bb admin_label=\u00bb17 de enero\u00bb _builder_version=\u00bb4.14.5&#8243; _module_preset=\u00bbdefault\u00bb global_colors_info=\u00bb{}\u00bb][\/et_pb_audio][et_pb_audio audio=\u00bbhttp:\/\/www.salesianos.edu\/familiasalesiana\/wp-content\/uploads\/sites\/5\/2021\/12\/18-de-enero.mp3&#8243; title=\u00bb18 de enero\u00bb artist_name=\u00bbLuc\u00eda Bastante Ram\u00edrez\u00bb disabled_on=\u00bboff|off|off\u00bb admin_label=\u00bb18 de enero\u00bb _builder_version=\u00bb4.14.5&#8243; _module_preset=\u00bbdefault\u00bb global_colors_info=\u00bb{}\u00bb][\/et_pb_audio][et_pb_audio audio=\u00bbhttp:\/\/www.salesianos.edu\/familiasalesiana\/wp-content\/uploads\/sites\/5\/2021\/12\/19-de-enero.mp3&#8243; title=\u00bb19 de enero\u00bb artist_name=\u00bbManuel Blanco\u00bb disabled_on=\u00bboff|off|off\u00bb admin_label=\u00bb19 de enero\u00bb _builder_version=\u00bb4.14.4&#8243; _module_preset=\u00bbdefault\u00bb global_colors_info=\u00bb{}\u00bb][\/et_pb_audio][et_pb_audio audio=\u00bbhttp:\/\/www.salesianos.edu\/familiasalesiana\/wp-content\/uploads\/sites\/5\/2021\/12\/20-de-enero.mp3&#8243; title=\u00bb20 de enero\u00bb artist_name=\u00bbCharo Puerto\u00bb disabled_on=\u00bboff|off|off\u00bb admin_label=\u00bb20 de enero\u00bb _builder_version=\u00bb4.14.4&#8243; _module_preset=\u00bbdefault\u00bb global_colors_info=\u00bb{}\u00bb][\/et_pb_audio][et_pb_audio audio=\u00bbhttp:\/\/www.salesianos.edu\/familiasalesiana\/wp-content\/uploads\/sites\/5\/2021\/12\/21-de-enero.mp3&#8243; title=\u00bb21 de enero\u00bb artist_name=\u00bbEnrique Moreno\u00bb disabled_on=\u00bboff|off|off\u00bb admin_label=\u00bb21 de enero\u00bb _builder_version=\u00bb4.14.5&#8243; _module_preset=\u00bbdefault\u00bb global_colors_info=\u00bb{}\u00bb][\/et_pb_audio][et_pb_audio audio=\u00bbhttp:\/\/www.salesianos.edu\/familiasalesiana\/wp-content\/uploads\/sites\/5\/2021\/12\/22-de-enero.mp3&#8243; title=\u00bb22 de enero\u00bb artist_name=\u00bbAna Patricia Valenzuela\u00bb disabled_on=\u00bboff|off|off\u00bb admin_label=\u00bb22 de enero\u00bb _builder_version=\u00bb4.14.5&#8243; _module_preset=\u00bbdefault\u00bb global_colors_info=\u00bb{}\u00bb][\/et_pb_audio][et_pb_audio audio=\u00bbhttp:\/\/www.salesianos.edu\/familiasalesiana\/wp-content\/uploads\/sites\/5\/2021\/12\/23-de-enero.mp3&#8243; title=\u00bb23 de enero\u00bb artist_name=\u00bbSor Asun\u00bb disabled_on=\u00bboff|off|off\u00bb admin_label=\u00bb23 de enero\u00bb _builder_version=\u00bb4.14.5&#8243; _module_preset=\u00bbdefault\u00bb global_colors_info=\u00bb{}\u00bb][\/et_pb_audio][et_pb_audio audio=\u00bbhttp:\/\/www.salesianos.edu\/familiasalesiana\/wp-content\/uploads\/sites\/5\/2021\/12\/24-de-enero.mp3&#8243; title=\u00bb24 de enero\u00bb artist_name=\u00bbMar\u00eda del Prado Ruiz Serrano\u00bb disabled_on=\u00bboff|off|off\u00bb admin_label=\u00bb24 de enero\u00bb _builder_version=\u00bb4.14.4&#8243; _module_preset=\u00bbdefault\u00bb global_colors_info=\u00bb{}\u00bb][\/et_pb_audio][et_pb_audio audio=\u00bbhttp:\/\/www.salesianos.edu\/familiasalesiana\/wp-content\/uploads\/sites\/5\/2021\/12\/25-de-enero.mp3&#8243; title=\u00bb25 de enero\u00bb artist_name=\u00bbGloria Blanco\u00bb disabled_on=\u00bboff|off|off\u00bb admin_label=\u00bb25 de enero\u00bb _builder_version=\u00bb4.14.5&#8243; _module_preset=\u00bbdefault\u00bb global_colors_info=\u00bb{}\u00bb][\/et_pb_audio][et_pb_audio audio=\u00bbhttp:\/\/www.salesianos.edu\/familiasalesiana\/wp-content\/uploads\/sites\/5\/2021\/12\/26-de-enero.mp3&#8243; title=\u00bb26 de enero\u00bb artist_name=\u00bbPilar Olmo\u00bb disabled_on=\u00bboff|off|off\u00bb admin_label=\u00bb26 de enero\u00bb _builder_version=\u00bb4.14.5&#8243; _module_preset=\u00bbdefault\u00bb global_colors_info=\u00bb{}\u00bb][\/et_pb_audio][et_pb_audio audio=\u00bbhttp:\/\/www.salesianos.edu\/familiasalesiana\/wp-content\/uploads\/sites\/5\/2021\/12\/27-de-enero.mp3&#8243; title=\u00bb27 de enero\u00bb artist_name=\u00bbFran\u00bb disabled_on=\u00bboff|off|off\u00bb admin_label=\u00bb27 de enero\u00bb _builder_version=\u00bb4.14.5&#8243; _module_preset=\u00bbdefault\u00bb global_colors_info=\u00bb{}\u00bb][\/et_pb_audio][et_pb_audio audio=\u00bbhttp:\/\/www.salesianos.edu\/familiasalesiana\/wp-content\/uploads\/sites\/5\/2021\/12\/28-de-enero.mp3&#8243; title=\u00bb28 de enero\u00bb artist_name=\u00bbAlfonso Aldasoro, sdb\u00bb disabled_on=\u00bboff|off|off\u00bb admin_label=\u00bb28 de enero\u00bb _builder_version=\u00bb4.14.5&#8243; _module_preset=\u00bbdefault\u00bb global_colors_info=\u00bb{}\u00bb][\/et_pb_audio][et_pb_audio audio=\u00bbhttp:\/\/www.salesianos.edu\/familiasalesiana\/wp-content\/uploads\/sites\/5\/2021\/12\/29-de-enero.mp3&#8243; title=\u00bb29 de enero\u00bb artist_name=\u00bbSor Marisa\u00bb disabled_on=\u00bboff|off|off\u00bb admin_label=\u00bb29 de enero\u00bb _builder_version=\u00bb4.14.5&#8243; _module_preset=\u00bbdefault\u00bb global_colors_info=\u00bb{}\u00bb][\/et_pb_audio][et_pb_audio audio=\u00bbhttp:\/\/www.salesianos.edu\/familiasalesiana\/wp-content\/uploads\/sites\/5\/2021\/12\/30-de-enero.mp3&#8243; title=\u00bb30 de enero\u00bb artist_name=\u00bbLaura Barneto\u00bb disabled_on=\u00bboff|off|off\u00bb admin_label=\u00bb30 de enero\u00bb _builder_version=\u00bb4.14.5&#8243; _module_preset=\u00bbdefault\u00bb global_colors_info=\u00bb{}\u00bb][\/et_pb_audio][et_pb_audio audio=\u00bbhttp:\/\/www.salesianos.edu\/familiasalesiana\/wp-content\/uploads\/sites\/5\/2021\/12\/31-de-enero.mp3&#8243; title=\u00bb31 de enero\u00bb artist_name=\u00bbAlejandro Guevara\u00bb disabled_on=\u00bboff|off|off\u00bb admin_label=\u00bb31 de enero\u00bb _builder_version=\u00bb4.14.5&#8243; _module_preset=\u00bbdefault\u00bb global_colors_info=\u00bb{}\u00bb][\/et_pb_audio][\/et_pb_column][\/et_pb_row][\/et_pb_section]<\/p>\n","protected":false},"excerpt":{"rendered":"<p>El Consejo Inspectorial de ADMA compartir\u00e1 diariamente un fragmento sobre San Francisco de Sales.<\/p>\n","protected":false},"author":31,"featured_media":9846,"comment_status":"open","ping_status":"open","sticky":false,"template":"","format":"standard","meta":{"_et_pb_use_builder":"on","_et_pb_old_content":"","_et_gb_content_width":"","footnotes":""},"categories":[53,60,15],"tags":[],"class_list":["post-9845","post","type-post","status-publish","format-standard","has-post-thumbnail","hentry","category-adma","category-curso21-22","category-portada"],"yoast_head":"<!-- This site is optimized with the Yoast SEO plugin v27.5 - https:\/\/yoast.com\/product\/yoast-seo-wordpress\/ -->\n<title>Lecturas sobre San Francisco de Sales con el Consejo Inspectorial de la Asociaci\u00f3n de Mar\u00eda Auxiliadora - Familia Salesiana<\/title>\n<meta name=\"robots\" content=\"index, follow, max-snippet:-1, max-image-preview:large, max-video-preview:-1\" \/>\n<link rel=\"canonical\" href=\"https:\/\/www.salesianos.edu\/familiasalesiana\/lecturas-sobre-san-francisco-de-sales-con-el-consejo-inspectorial-de-la-asociacion-de-maria-auxiliadora\/\" \/>\n<meta property=\"og:locale\" content=\"es_ES\" \/>\n<meta property=\"og:type\" content=\"article\" \/>\n<meta property=\"og:title\" content=\"Lecturas sobre San Francisco de Sales con el Consejo Inspectorial de la Asociaci\u00f3n de Mar\u00eda Auxiliadora - Familia Salesiana\" \/>\n<meta property=\"og:description\" content=\"El Consejo Inspectorial de ADMA compartir\u00e1 diariamente un fragmento sobre San Francisco de Sales.\" \/>\n<meta property=\"og:url\" content=\"https:\/\/www.salesianos.edu\/familiasalesiana\/lecturas-sobre-san-francisco-de-sales-con-el-consejo-inspectorial-de-la-asociacion-de-maria-auxiliadora\/\" \/>\n<meta property=\"og:site_name\" content=\"Familia Salesiana\" \/>\n<meta property=\"article:published_time\" content=\"2021-12-28T09:40:30+00:00\" \/>\n<meta property=\"article:modified_time\" content=\"2022-01-30T19:19:51+00:00\" \/>\n<meta property=\"og:image\" content=\"https:\/\/www.salesianos.edu\/familiasalesiana\/wp-content\/uploads\/sites\/5\/2021\/12\/mockup-of-a-hard-cover-book-casting-a-shadow-on-a-wall-2438-el1.png\" \/>\n\t<meta property=\"og:image:width\" content=\"1723\" \/>\n\t<meta property=\"og:image:height\" content=\"890\" \/>\n\t<meta property=\"og:image:type\" content=\"image\/png\" \/>\n<meta name=\"author\" content=\"antoninogomez\" \/>\n<meta name=\"twitter:card\" content=\"summary_large_image\" \/>\n<meta name=\"twitter:label1\" content=\"Escrito por\" \/>\n\t<meta name=\"twitter:data1\" content=\"antoninogomez\" \/>\n\t<meta name=\"twitter:label2\" content=\"Tiempo de lectura\" \/>\n\t<meta name=\"twitter:data2\" content=\"2 minutos\" \/>\n<script type=\"application\/ld+json\" class=\"yoast-schema-graph\">{\"@context\":\"https:\\\/\\\/schema.org\",\"@graph\":[{\"@type\":\"Article\",\"@id\":\"https:\\\/\\\/www.salesianos.edu\\\/familiasalesiana\\\/lecturas-sobre-san-francisco-de-sales-con-el-consejo-inspectorial-de-la-asociacion-de-maria-auxiliadora\\\/#article\",\"isPartOf\":{\"@id\":\"https:\\\/\\\/www.salesianos.edu\\\/familiasalesiana\\\/lecturas-sobre-san-francisco-de-sales-con-el-consejo-inspectorial-de-la-asociacion-de-maria-auxiliadora\\\/\"},\"author\":{\"name\":\"antoninogomez\",\"@id\":\"http:\\\/\\\/www.salesianos.edu\\\/familiasalesiana\\\/#\\\/schema\\\/person\\\/a379b91cdbdb13a276ccd4465b96104e\"},\"headline\":\"Lecturas sobre San Francisco de Sales con el Consejo Inspectorial de la Asociaci\u00f3n de Mar\u00eda Auxiliadora\",\"datePublished\":\"2021-12-28T09:40:30+00:00\",\"dateModified\":\"2022-01-30T19:19:51+00:00\",\"mainEntityOfPage\":{\"@id\":\"https:\\\/\\\/www.salesianos.edu\\\/familiasalesiana\\\/lecturas-sobre-san-francisco-de-sales-con-el-consejo-inspectorial-de-la-asociacion-de-maria-auxiliadora\\\/\"},\"wordCount\":1732,\"commentCount\":4,\"image\":{\"@id\":\"https:\\\/\\\/www.salesianos.edu\\\/familiasalesiana\\\/lecturas-sobre-san-francisco-de-sales-con-el-consejo-inspectorial-de-la-asociacion-de-maria-auxiliadora\\\/#primaryimage\"},\"thumbnailUrl\":\"https:\\\/\\\/www.salesianos.edu\\\/familiasalesiana\\\/wp-content\\\/uploads\\\/sites\\\/5\\\/2021\\\/12\\\/mockup-of-a-hard-cover-book-casting-a-shadow-on-a-wall-2438-el1.png\",\"articleSection\":[\"ADMA\",\"Curso21-22\",\"portada\"],\"inLanguage\":\"es\",\"potentialAction\":[{\"@type\":\"CommentAction\",\"name\":\"Comment\",\"target\":[\"https:\\\/\\\/www.salesianos.edu\\\/familiasalesiana\\\/lecturas-sobre-san-francisco-de-sales-con-el-consejo-inspectorial-de-la-asociacion-de-maria-auxiliadora\\\/#respond\"]}]},{\"@type\":\"WebPage\",\"@id\":\"https:\\\/\\\/www.salesianos.edu\\\/familiasalesiana\\\/lecturas-sobre-san-francisco-de-sales-con-el-consejo-inspectorial-de-la-asociacion-de-maria-auxiliadora\\\/\",\"url\":\"https:\\\/\\\/www.salesianos.edu\\\/familiasalesiana\\\/lecturas-sobre-san-francisco-de-sales-con-el-consejo-inspectorial-de-la-asociacion-de-maria-auxiliadora\\\/\",\"name\":\"Lecturas sobre San Francisco de Sales con el Consejo Inspectorial de la Asociaci\u00f3n de Mar\u00eda Auxiliadora - Familia Salesiana\",\"isPartOf\":{\"@id\":\"http:\\\/\\\/www.salesianos.edu\\\/familiasalesiana\\\/#website\"},\"primaryImageOfPage\":{\"@id\":\"https:\\\/\\\/www.salesianos.edu\\\/familiasalesiana\\\/lecturas-sobre-san-francisco-de-sales-con-el-consejo-inspectorial-de-la-asociacion-de-maria-auxiliadora\\\/#primaryimage\"},\"image\":{\"@id\":\"https:\\\/\\\/www.salesianos.edu\\\/familiasalesiana\\\/lecturas-sobre-san-francisco-de-sales-con-el-consejo-inspectorial-de-la-asociacion-de-maria-auxiliadora\\\/#primaryimage\"},\"thumbnailUrl\":\"https:\\\/\\\/www.salesianos.edu\\\/familiasalesiana\\\/wp-content\\\/uploads\\\/sites\\\/5\\\/2021\\\/12\\\/mockup-of-a-hard-cover-book-casting-a-shadow-on-a-wall-2438-el1.png\",\"datePublished\":\"2021-12-28T09:40:30+00:00\",\"dateModified\":\"2022-01-30T19:19:51+00:00\",\"author\":{\"@id\":\"http:\\\/\\\/www.salesianos.edu\\\/familiasalesiana\\\/#\\\/schema\\\/person\\\/a379b91cdbdb13a276ccd4465b96104e\"},\"breadcrumb\":{\"@id\":\"https:\\\/\\\/www.salesianos.edu\\\/familiasalesiana\\\/lecturas-sobre-san-francisco-de-sales-con-el-consejo-inspectorial-de-la-asociacion-de-maria-auxiliadora\\\/#breadcrumb\"},\"inLanguage\":\"es\",\"potentialAction\":[{\"@type\":\"ReadAction\",\"target\":[\"https:\\\/\\\/www.salesianos.edu\\\/familiasalesiana\\\/lecturas-sobre-san-francisco-de-sales-con-el-consejo-inspectorial-de-la-asociacion-de-maria-auxiliadora\\\/\"]}]},{\"@type\":\"ImageObject\",\"inLanguage\":\"es\",\"@id\":\"https:\\\/\\\/www.salesianos.edu\\\/familiasalesiana\\\/lecturas-sobre-san-francisco-de-sales-con-el-consejo-inspectorial-de-la-asociacion-de-maria-auxiliadora\\\/#primaryimage\",\"url\":\"https:\\\/\\\/www.salesianos.edu\\\/familiasalesiana\\\/wp-content\\\/uploads\\\/sites\\\/5\\\/2021\\\/12\\\/mockup-of-a-hard-cover-book-casting-a-shadow-on-a-wall-2438-el1.png\",\"contentUrl\":\"https:\\\/\\\/www.salesianos.edu\\\/familiasalesiana\\\/wp-content\\\/uploads\\\/sites\\\/5\\\/2021\\\/12\\\/mockup-of-a-hard-cover-book-casting-a-shadow-on-a-wall-2438-el1.png\",\"width\":1723,\"height\":890},{\"@type\":\"BreadcrumbList\",\"@id\":\"https:\\\/\\\/www.salesianos.edu\\\/familiasalesiana\\\/lecturas-sobre-san-francisco-de-sales-con-el-consejo-inspectorial-de-la-asociacion-de-maria-auxiliadora\\\/#breadcrumb\",\"itemListElement\":[{\"@type\":\"ListItem\",\"position\":1,\"name\":\"Portada\",\"item\":\"http:\\\/\\\/www.salesianos.edu\\\/familiasalesiana\\\/\"},{\"@type\":\"ListItem\",\"position\":2,\"name\":\"Lecturas sobre San Francisco de Sales con el Consejo Inspectorial de la Asociaci\u00f3n de Mar\u00eda Auxiliadora\"}]},{\"@type\":\"WebSite\",\"@id\":\"http:\\\/\\\/www.salesianos.edu\\\/familiasalesiana\\\/#website\",\"url\":\"http:\\\/\\\/www.salesianos.edu\\\/familiasalesiana\\\/\",\"name\":\"Familia Salesiana\",\"description\":\"P\u00e1gina oficial de Inspector\u00eda Salesiana Mar\u00eda Auxiliadora\",\"potentialAction\":[{\"@type\":\"SearchAction\",\"target\":{\"@type\":\"EntryPoint\",\"urlTemplate\":\"http:\\\/\\\/www.salesianos.edu\\\/familiasalesiana\\\/?s={search_term_string}\"},\"query-input\":{\"@type\":\"PropertyValueSpecification\",\"valueRequired\":true,\"valueName\":\"search_term_string\"}}],\"inLanguage\":\"es\"},{\"@type\":\"Person\",\"@id\":\"http:\\\/\\\/www.salesianos.edu\\\/familiasalesiana\\\/#\\\/schema\\\/person\\\/a379b91cdbdb13a276ccd4465b96104e\",\"name\":\"antoninogomez\",\"image\":{\"@type\":\"ImageObject\",\"inLanguage\":\"es\",\"@id\":\"https:\\\/\\\/secure.gravatar.com\\\/avatar\\\/7ec9a9a03fb85ee41fe7eaf1bac753f58d6718a944b75d031135858e327f16cf?s=96&d=mm&r=g\",\"url\":\"https:\\\/\\\/secure.gravatar.com\\\/avatar\\\/7ec9a9a03fb85ee41fe7eaf1bac753f58d6718a944b75d031135858e327f16cf?s=96&d=mm&r=g\",\"contentUrl\":\"https:\\\/\\\/secure.gravatar.com\\\/avatar\\\/7ec9a9a03fb85ee41fe7eaf1bac753f58d6718a944b75d031135858e327f16cf?s=96&d=mm&r=g\",\"caption\":\"antoninogomez\"}}]}<\/script>\n<!-- \/ Yoast SEO plugin. -->","yoast_head_json":{"title":"Lecturas sobre San Francisco de Sales con el Consejo Inspectorial de la Asociaci\u00f3n de Mar\u00eda Auxiliadora - Familia Salesiana","robots":{"index":"index","follow":"follow","max-snippet":"max-snippet:-1","max-image-preview":"max-image-preview:large","max-video-preview":"max-video-preview:-1"},"canonical":"https:\/\/www.salesianos.edu\/familiasalesiana\/lecturas-sobre-san-francisco-de-sales-con-el-consejo-inspectorial-de-la-asociacion-de-maria-auxiliadora\/","og_locale":"es_ES","og_type":"article","og_title":"Lecturas sobre San Francisco de Sales con el Consejo Inspectorial de la Asociaci\u00f3n de Mar\u00eda Auxiliadora - Familia Salesiana","og_description":"El Consejo Inspectorial de ADMA compartir\u00e1 diariamente un fragmento sobre San Francisco de Sales.","og_url":"https:\/\/www.salesianos.edu\/familiasalesiana\/lecturas-sobre-san-francisco-de-sales-con-el-consejo-inspectorial-de-la-asociacion-de-maria-auxiliadora\/","og_site_name":"Familia Salesiana","article_published_time":"2021-12-28T09:40:30+00:00","article_modified_time":"2022-01-30T19:19:51+00:00","og_image":[{"width":1723,"height":890,"url":"https:\/\/www.salesianos.edu\/familiasalesiana\/wp-content\/uploads\/sites\/5\/2021\/12\/mockup-of-a-hard-cover-book-casting-a-shadow-on-a-wall-2438-el1.png","type":"image\/png"}],"author":"antoninogomez","twitter_card":"summary_large_image","twitter_misc":{"Escrito por":"antoninogomez","Tiempo de lectura":"2 minutos"},"schema":{"@context":"https:\/\/schema.org","@graph":[{"@type":"Article","@id":"https:\/\/www.salesianos.edu\/familiasalesiana\/lecturas-sobre-san-francisco-de-sales-con-el-consejo-inspectorial-de-la-asociacion-de-maria-auxiliadora\/#article","isPartOf":{"@id":"https:\/\/www.salesianos.edu\/familiasalesiana\/lecturas-sobre-san-francisco-de-sales-con-el-consejo-inspectorial-de-la-asociacion-de-maria-auxiliadora\/"},"author":{"name":"antoninogomez","@id":"http:\/\/www.salesianos.edu\/familiasalesiana\/#\/schema\/person\/a379b91cdbdb13a276ccd4465b96104e"},"headline":"Lecturas sobre San Francisco de Sales con el Consejo Inspectorial de la Asociaci\u00f3n de Mar\u00eda Auxiliadora","datePublished":"2021-12-28T09:40:30+00:00","dateModified":"2022-01-30T19:19:51+00:00","mainEntityOfPage":{"@id":"https:\/\/www.salesianos.edu\/familiasalesiana\/lecturas-sobre-san-francisco-de-sales-con-el-consejo-inspectorial-de-la-asociacion-de-maria-auxiliadora\/"},"wordCount":1732,"commentCount":4,"image":{"@id":"https:\/\/www.salesianos.edu\/familiasalesiana\/lecturas-sobre-san-francisco-de-sales-con-el-consejo-inspectorial-de-la-asociacion-de-maria-auxiliadora\/#primaryimage"},"thumbnailUrl":"https:\/\/www.salesianos.edu\/familiasalesiana\/wp-content\/uploads\/sites\/5\/2021\/12\/mockup-of-a-hard-cover-book-casting-a-shadow-on-a-wall-2438-el1.png","articleSection":["ADMA","Curso21-22","portada"],"inLanguage":"es","potentialAction":[{"@type":"CommentAction","name":"Comment","target":["https:\/\/www.salesianos.edu\/familiasalesiana\/lecturas-sobre-san-francisco-de-sales-con-el-consejo-inspectorial-de-la-asociacion-de-maria-auxiliadora\/#respond"]}]},{"@type":"WebPage","@id":"https:\/\/www.salesianos.edu\/familiasalesiana\/lecturas-sobre-san-francisco-de-sales-con-el-consejo-inspectorial-de-la-asociacion-de-maria-auxiliadora\/","url":"https:\/\/www.salesianos.edu\/familiasalesiana\/lecturas-sobre-san-francisco-de-sales-con-el-consejo-inspectorial-de-la-asociacion-de-maria-auxiliadora\/","name":"Lecturas sobre San Francisco de Sales con el Consejo Inspectorial de la Asociaci\u00f3n de Mar\u00eda Auxiliadora - Familia Salesiana","isPartOf":{"@id":"http:\/\/www.salesianos.edu\/familiasalesiana\/#website"},"primaryImageOfPage":{"@id":"https:\/\/www.salesianos.edu\/familiasalesiana\/lecturas-sobre-san-francisco-de-sales-con-el-consejo-inspectorial-de-la-asociacion-de-maria-auxiliadora\/#primaryimage"},"image":{"@id":"https:\/\/www.salesianos.edu\/familiasalesiana\/lecturas-sobre-san-francisco-de-sales-con-el-consejo-inspectorial-de-la-asociacion-de-maria-auxiliadora\/#primaryimage"},"thumbnailUrl":"https:\/\/www.salesianos.edu\/familiasalesiana\/wp-content\/uploads\/sites\/5\/2021\/12\/mockup-of-a-hard-cover-book-casting-a-shadow-on-a-wall-2438-el1.png","datePublished":"2021-12-28T09:40:30+00:00","dateModified":"2022-01-30T19:19:51+00:00","author":{"@id":"http:\/\/www.salesianos.edu\/familiasalesiana\/#\/schema\/person\/a379b91cdbdb13a276ccd4465b96104e"},"breadcrumb":{"@id":"https:\/\/www.salesianos.edu\/familiasalesiana\/lecturas-sobre-san-francisco-de-sales-con-el-consejo-inspectorial-de-la-asociacion-de-maria-auxiliadora\/#breadcrumb"},"inLanguage":"es","potentialAction":[{"@type":"ReadAction","target":["https:\/\/www.salesianos.edu\/familiasalesiana\/lecturas-sobre-san-francisco-de-sales-con-el-consejo-inspectorial-de-la-asociacion-de-maria-auxiliadora\/"]}]},{"@type":"ImageObject","inLanguage":"es","@id":"https:\/\/www.salesianos.edu\/familiasalesiana\/lecturas-sobre-san-francisco-de-sales-con-el-consejo-inspectorial-de-la-asociacion-de-maria-auxiliadora\/#primaryimage","url":"https:\/\/www.salesianos.edu\/familiasalesiana\/wp-content\/uploads\/sites\/5\/2021\/12\/mockup-of-a-hard-cover-book-casting-a-shadow-on-a-wall-2438-el1.png","contentUrl":"https:\/\/www.salesianos.edu\/familiasalesiana\/wp-content\/uploads\/sites\/5\/2021\/12\/mockup-of-a-hard-cover-book-casting-a-shadow-on-a-wall-2438-el1.png","width":1723,"height":890},{"@type":"BreadcrumbList","@id":"https:\/\/www.salesianos.edu\/familiasalesiana\/lecturas-sobre-san-francisco-de-sales-con-el-consejo-inspectorial-de-la-asociacion-de-maria-auxiliadora\/#breadcrumb","itemListElement":[{"@type":"ListItem","position":1,"name":"Portada","item":"http:\/\/www.salesianos.edu\/familiasalesiana\/"},{"@type":"ListItem","position":2,"name":"Lecturas sobre San Francisco de Sales con el Consejo Inspectorial de la Asociaci\u00f3n de Mar\u00eda Auxiliadora"}]},{"@type":"WebSite","@id":"http:\/\/www.salesianos.edu\/familiasalesiana\/#website","url":"http:\/\/www.salesianos.edu\/familiasalesiana\/","name":"Familia Salesiana","description":"P\u00e1gina oficial de Inspector\u00eda Salesiana Mar\u00eda Auxiliadora","potentialAction":[{"@type":"SearchAction","target":{"@type":"EntryPoint","urlTemplate":"http:\/\/www.salesianos.edu\/familiasalesiana\/?s={search_term_string}"},"query-input":{"@type":"PropertyValueSpecification","valueRequired":true,"valueName":"search_term_string"}}],"inLanguage":"es"},{"@type":"Person","@id":"http:\/\/www.salesianos.edu\/familiasalesiana\/#\/schema\/person\/a379b91cdbdb13a276ccd4465b96104e","name":"antoninogomez","image":{"@type":"ImageObject","inLanguage":"es","@id":"https:\/\/secure.gravatar.com\/avatar\/7ec9a9a03fb85ee41fe7eaf1bac753f58d6718a944b75d031135858e327f16cf?s=96&d=mm&r=g","url":"https:\/\/secure.gravatar.com\/avatar\/7ec9a9a03fb85ee41fe7eaf1bac753f58d6718a944b75d031135858e327f16cf?s=96&d=mm&r=g","contentUrl":"https:\/\/secure.gravatar.com\/avatar\/7ec9a9a03fb85ee41fe7eaf1bac753f58d6718a944b75d031135858e327f16cf?s=96&d=mm&r=g","caption":"antoninogomez"}}]}},"_links":{"self":[{"href":"https:\/\/www.salesianos.edu\/familiasalesiana\/wp-json\/wp\/v2\/posts\/9845","targetHints":{"allow":["GET"]}}],"collection":[{"href":"https:\/\/www.salesianos.edu\/familiasalesiana\/wp-json\/wp\/v2\/posts"}],"about":[{"href":"https:\/\/www.salesianos.edu\/familiasalesiana\/wp-json\/wp\/v2\/types\/post"}],"author":[{"embeddable":true,"href":"https:\/\/www.salesianos.edu\/familiasalesiana\/wp-json\/wp\/v2\/users\/31"}],"replies":[{"embeddable":true,"href":"https:\/\/www.salesianos.edu\/familiasalesiana\/wp-json\/wp\/v2\/comments?post=9845"}],"version-history":[{"count":57,"href":"https:\/\/www.salesianos.edu\/familiasalesiana\/wp-json\/wp\/v2\/posts\/9845\/revisions"}],"predecessor-version":[{"id":10021,"href":"https:\/\/www.salesianos.edu\/familiasalesiana\/wp-json\/wp\/v2\/posts\/9845\/revisions\/10021"}],"wp:featuredmedia":[{"embeddable":true,"href":"https:\/\/www.salesianos.edu\/familiasalesiana\/wp-json\/wp\/v2\/media\/9846"}],"wp:attachment":[{"href":"https:\/\/www.salesianos.edu\/familiasalesiana\/wp-json\/wp\/v2\/media?parent=9845"}],"wp:term":[{"taxonomy":"category","embeddable":true,"href":"https:\/\/www.salesianos.edu\/familiasalesiana\/wp-json\/wp\/v2\/categories?post=9845"},{"taxonomy":"post_tag","embeddable":true,"href":"https:\/\/www.salesianos.edu\/familiasalesiana\/wp-json\/wp\/v2\/tags?post=9845"}],"curies":[{"name":"wp","href":"https:\/\/api.w.org\/{rel}","templated":true}]}}