{"id":9806,"date":"2021-11-24T12:56:13","date_gmt":"2021-11-24T11:56:13","guid":{"rendered":"https:\/\/www.salesianos.edu\/familiasalesiana\/?p=9806"},"modified":"2021-11-24T12:56:16","modified_gmt":"2021-11-24T11:56:16","slug":"reunion-del-consejo-de-adma-tenerife","status":"publish","type":"post","link":"https:\/\/www.salesianos.edu\/familiasalesiana\/reunion-del-consejo-de-adma-tenerife\/","title":{"rendered":"Reuni\u00f3n del Consejo de ADMA Tenerife"},"content":{"rendered":"<div id=\"fb-root\"><\/div>\n<p>[et_pb_section fb_built=\u00bb1&#8243; admin_label=\u00bbsection\u00bb _builder_version=\u00bb3.22&#8243; global_colors_info=\u00bb{}\u00bb][et_pb_row admin_label=\u00bbrow\u00bb _builder_version=\u00bb3.25&#8243; background_size=\u00bbinitial\u00bb background_position=\u00bbtop_left\u00bb background_repeat=\u00bbrepeat\u00bb global_colors_info=\u00bb{}\u00bb][et_pb_column type=\u00bb4_4&#8243; _builder_version=\u00bb3.25&#8243; custom_padding=\u00bb|||\u00bb global_colors_info=\u00bb{}\u00bb custom_padding__hover=\u00bb|||\u00bb][et_pb_text _builder_version=\u00bb4.14.0&#8243; _module_preset=\u00bbdefault\u00bb hover_enabled=\u00bb0&#8243; sticky_enabled=\u00bb0&#8243;]<\/p>\n<p>Por ADMA.<\/p>\n<p>El d\u00eda 18 de noviembre de 2021 se reuni\u00f3 el Consejo de ADMA Tenerife, donde participaron las asociaciones de Santa Cruz, La Orotava y La Cuesta.<\/p>\n<blockquote>\n<p>\u00abEn este encuentro hemos compartido las acciones que se est\u00e1n realizando y las propuestas para el pr\u00f3ximo a\u00f1o. Acordando que el siguiente encuentro se realizar\u00e1 el d\u00eda 10 de febrero de 2022 en Santa Cruz\u00bb, compart\u00edan.<\/p>\n<\/blockquote>\n<p>[\/et_pb_text][et_pb_image _builder_version=\u00bb4.14.0&#8243; _module_preset=\u00bbdefault\u00bb title_text=\u00bbADMA Canarias\u00bb src=\u00bbhttp:\/\/www.salesianos.edu\/familiasalesiana\/wp-content\/uploads\/sites\/5\/2021\/11\/ADMA-Canarias.jpeg\u00bb hover_enabled=\u00bb0&#8243; sticky_enabled=\u00bb0&#8243;][\/et_pb_image][\/et_pb_column][\/et_pb_row][\/et_pb_section]<\/p>\n","protected":false},"excerpt":{"rendered":"<p>Participaron las asociaciones de Santa Cruz, La Orotava y La Cuesta. <\/p>\n","protected":false},"author":31,"featured_media":9809,"comment_status":"open","ping_status":"open","sticky":false,"template":"","format":"standard","meta":{"_et_pb_use_builder":"on","_et_pb_old_content":"","_et_gb_content_width":"","footnotes":""},"categories":[53,60,1],"tags":[],"class_list":["post-9806","post","type-post","status-publish","format-standard","has-post-thumbnail","hentry","category-adma","category-curso21-22","category-uncategorized"],"yoast_head":"<!-- This site is optimized with the Yoast SEO plugin v27.5 - https:\/\/yoast.com\/product\/yoast-seo-wordpress\/ -->\n<title>Reuni\u00f3n del Consejo de ADMA Tenerife - Familia Salesiana<\/title>\n<meta name=\"robots\" content=\"index, follow, max-snippet:-1, max-image-preview:large, max-video-preview:-1\" \/>\n<link rel=\"canonical\" href=\"https:\/\/www.salesianos.edu\/familiasalesiana\/reunion-del-consejo-de-adma-tenerife\/\" \/>\n<meta property=\"og:locale\" content=\"es_ES\" \/>\n<meta property=\"og:type\" content=\"article\" \/>\n<meta property=\"og:title\" content=\"Reuni\u00f3n del Consejo de ADMA Tenerife - Familia Salesiana\" \/>\n<meta property=\"og:description\" content=\"Participaron las asociaciones de Santa Cruz, La Orotava y La Cuesta.\" \/>\n<meta property=\"og:url\" content=\"https:\/\/www.salesianos.edu\/familiasalesiana\/reunion-del-consejo-de-adma-tenerife\/\" \/>\n<meta property=\"og:site_name\" content=\"Familia Salesiana\" \/>\n<meta property=\"article:published_time\" content=\"2021-11-24T11:56:13+00:00\" \/>\n<meta property=\"article:modified_time\" content=\"2021-11-24T11:56:16+00:00\" \/>\n<meta property=\"og:image\" content=\"https:\/\/www.salesianos.edu\/familiasalesiana\/wp-content\/uploads\/sites\/5\/2021\/11\/ADMA-Canarias-Foto-grupo.jpeg\" \/>\n\t<meta property=\"og:image:width\" content=\"1600\" \/>\n\t<meta property=\"og:image:height\" content=\"1200\" \/>\n\t<meta property=\"og:image:type\" content=\"image\/jpeg\" \/>\n<meta name=\"author\" content=\"antoninogomez\" \/>\n<meta name=\"twitter:card\" content=\"summary_large_image\" \/>\n<meta name=\"twitter:label1\" content=\"Escrito por\" \/>\n\t<meta name=\"twitter:data1\" content=\"antoninogomez\" \/>\n\t<meta name=\"twitter:label2\" content=\"Tiempo de lectura\" \/>\n\t<meta name=\"twitter:data2\" content=\"1 minuto\" \/>\n<script type=\"application\/ld+json\" class=\"yoast-schema-graph\">{\"@context\":\"https:\\\/\\\/schema.org\",\"@graph\":[{\"@type\":\"Article\",\"@id\":\"https:\\\/\\\/www.salesianos.edu\\\/familiasalesiana\\\/reunion-del-consejo-de-adma-tenerife\\\/#article\",\"isPartOf\":{\"@id\":\"https:\\\/\\\/www.salesianos.edu\\\/familiasalesiana\\\/reunion-del-consejo-de-adma-tenerife\\\/\"},\"author\":{\"name\":\"antoninogomez\",\"@id\":\"http:\\\/\\\/www.salesianos.edu\\\/familiasalesiana\\\/#\\\/schema\\\/person\\\/a379b91cdbdb13a276ccd4465b96104e\"},\"headline\":\"Reuni\u00f3n del Consejo de ADMA Tenerife\",\"datePublished\":\"2021-11-24T11:56:13+00:00\",\"dateModified\":\"2021-11-24T11:56:16+00:00\",\"mainEntityOfPage\":{\"@id\":\"https:\\\/\\\/www.salesianos.edu\\\/familiasalesiana\\\/reunion-del-consejo-de-adma-tenerife\\\/\"},\"wordCount\":175,\"commentCount\":0,\"image\":{\"@id\":\"https:\\\/\\\/www.salesianos.edu\\\/familiasalesiana\\\/reunion-del-consejo-de-adma-tenerife\\\/#primaryimage\"},\"thumbnailUrl\":\"https:\\\/\\\/www.salesianos.edu\\\/familiasalesiana\\\/wp-content\\\/uploads\\\/sites\\\/5\\\/2021\\\/11\\\/ADMA-Canarias-Foto-grupo.jpeg\",\"articleSection\":[\"ADMA\",\"Curso21-22\",\"Uncategorized\"],\"inLanguage\":\"es\",\"potentialAction\":[{\"@type\":\"CommentAction\",\"name\":\"Comment\",\"target\":[\"https:\\\/\\\/www.salesianos.edu\\\/familiasalesiana\\\/reunion-del-consejo-de-adma-tenerife\\\/#respond\"]}]},{\"@type\":\"WebPage\",\"@id\":\"https:\\\/\\\/www.salesianos.edu\\\/familiasalesiana\\\/reunion-del-consejo-de-adma-tenerife\\\/\",\"url\":\"https:\\\/\\\/www.salesianos.edu\\\/familiasalesiana\\\/reunion-del-consejo-de-adma-tenerife\\\/\",\"name\":\"Reuni\u00f3n del Consejo de ADMA Tenerife - Familia Salesiana\",\"isPartOf\":{\"@id\":\"http:\\\/\\\/www.salesianos.edu\\\/familiasalesiana\\\/#website\"},\"primaryImageOfPage\":{\"@id\":\"https:\\\/\\\/www.salesianos.edu\\\/familiasalesiana\\\/reunion-del-consejo-de-adma-tenerife\\\/#primaryimage\"},\"image\":{\"@id\":\"https:\\\/\\\/www.salesianos.edu\\\/familiasalesiana\\\/reunion-del-consejo-de-adma-tenerife\\\/#primaryimage\"},\"thumbnailUrl\":\"https:\\\/\\\/www.salesianos.edu\\\/familiasalesiana\\\/wp-content\\\/uploads\\\/sites\\\/5\\\/2021\\\/11\\\/ADMA-Canarias-Foto-grupo.jpeg\",\"datePublished\":\"2021-11-24T11:56:13+00:00\",\"dateModified\":\"2021-11-24T11:56:16+00:00\",\"author\":{\"@id\":\"http:\\\/\\\/www.salesianos.edu\\\/familiasalesiana\\\/#\\\/schema\\\/person\\\/a379b91cdbdb13a276ccd4465b96104e\"},\"breadcrumb\":{\"@id\":\"https:\\\/\\\/www.salesianos.edu\\\/familiasalesiana\\\/reunion-del-consejo-de-adma-tenerife\\\/#breadcrumb\"},\"inLanguage\":\"es\",\"potentialAction\":[{\"@type\":\"ReadAction\",\"target\":[\"https:\\\/\\\/www.salesianos.edu\\\/familiasalesiana\\\/reunion-del-consejo-de-adma-tenerife\\\/\"]}]},{\"@type\":\"ImageObject\",\"inLanguage\":\"es\",\"@id\":\"https:\\\/\\\/www.salesianos.edu\\\/familiasalesiana\\\/reunion-del-consejo-de-adma-tenerife\\\/#primaryimage\",\"url\":\"https:\\\/\\\/www.salesianos.edu\\\/familiasalesiana\\\/wp-content\\\/uploads\\\/sites\\\/5\\\/2021\\\/11\\\/ADMA-Canarias-Foto-grupo.jpeg\",\"contentUrl\":\"https:\\\/\\\/www.salesianos.edu\\\/familiasalesiana\\\/wp-content\\\/uploads\\\/sites\\\/5\\\/2021\\\/11\\\/ADMA-Canarias-Foto-grupo.jpeg\",\"width\":1600,\"height\":1200},{\"@type\":\"BreadcrumbList\",\"@id\":\"https:\\\/\\\/www.salesianos.edu\\\/familiasalesiana\\\/reunion-del-consejo-de-adma-tenerife\\\/#breadcrumb\",\"itemListElement\":[{\"@type\":\"ListItem\",\"position\":1,\"name\":\"Portada\",\"item\":\"http:\\\/\\\/www.salesianos.edu\\\/familiasalesiana\\\/\"},{\"@type\":\"ListItem\",\"position\":2,\"name\":\"Reuni\u00f3n del Consejo de ADMA Tenerife\"}]},{\"@type\":\"WebSite\",\"@id\":\"http:\\\/\\\/www.salesianos.edu\\\/familiasalesiana\\\/#website\",\"url\":\"http:\\\/\\\/www.salesianos.edu\\\/familiasalesiana\\\/\",\"name\":\"Familia Salesiana\",\"description\":\"P\u00e1gina oficial de Inspector\u00eda Salesiana Mar\u00eda Auxiliadora\",\"potentialAction\":[{\"@type\":\"SearchAction\",\"target\":{\"@type\":\"EntryPoint\",\"urlTemplate\":\"http:\\\/\\\/www.salesianos.edu\\\/familiasalesiana\\\/?s={search_term_string}\"},\"query-input\":{\"@type\":\"PropertyValueSpecification\",\"valueRequired\":true,\"valueName\":\"search_term_string\"}}],\"inLanguage\":\"es\"},{\"@type\":\"Person\",\"@id\":\"http:\\\/\\\/www.salesianos.edu\\\/familiasalesiana\\\/#\\\/schema\\\/person\\\/a379b91cdbdb13a276ccd4465b96104e\",\"name\":\"antoninogomez\",\"image\":{\"@type\":\"ImageObject\",\"inLanguage\":\"es\",\"@id\":\"https:\\\/\\\/secure.gravatar.com\\\/avatar\\\/7ec9a9a03fb85ee41fe7eaf1bac753f58d6718a944b75d031135858e327f16cf?s=96&d=mm&r=g\",\"url\":\"https:\\\/\\\/secure.gravatar.com\\\/avatar\\\/7ec9a9a03fb85ee41fe7eaf1bac753f58d6718a944b75d031135858e327f16cf?s=96&d=mm&r=g\",\"contentUrl\":\"https:\\\/\\\/secure.gravatar.com\\\/avatar\\\/7ec9a9a03fb85ee41fe7eaf1bac753f58d6718a944b75d031135858e327f16cf?s=96&d=mm&r=g\",\"caption\":\"antoninogomez\"}}]}<\/script>\n<!-- \/ Yoast SEO plugin. -->","yoast_head_json":{"title":"Reuni\u00f3n del Consejo de ADMA Tenerife - Familia Salesiana","robots":{"index":"index","follow":"follow","max-snippet":"max-snippet:-1","max-image-preview":"max-image-preview:large","max-video-preview":"max-video-preview:-1"},"canonical":"https:\/\/www.salesianos.edu\/familiasalesiana\/reunion-del-consejo-de-adma-tenerife\/","og_locale":"es_ES","og_type":"article","og_title":"Reuni\u00f3n del Consejo de ADMA Tenerife - Familia Salesiana","og_description":"Participaron las asociaciones de Santa Cruz, La Orotava y La Cuesta.","og_url":"https:\/\/www.salesianos.edu\/familiasalesiana\/reunion-del-consejo-de-adma-tenerife\/","og_site_name":"Familia Salesiana","article_published_time":"2021-11-24T11:56:13+00:00","article_modified_time":"2021-11-24T11:56:16+00:00","og_image":[{"width":1600,"height":1200,"url":"https:\/\/www.salesianos.edu\/familiasalesiana\/wp-content\/uploads\/sites\/5\/2021\/11\/ADMA-Canarias-Foto-grupo.jpeg","type":"image\/jpeg"}],"author":"antoninogomez","twitter_card":"summary_large_image","twitter_misc":{"Escrito por":"antoninogomez","Tiempo de lectura":"1 minuto"},"schema":{"@context":"https:\/\/schema.org","@graph":[{"@type":"Article","@id":"https:\/\/www.salesianos.edu\/familiasalesiana\/reunion-del-consejo-de-adma-tenerife\/#article","isPartOf":{"@id":"https:\/\/www.salesianos.edu\/familiasalesiana\/reunion-del-consejo-de-adma-tenerife\/"},"author":{"name":"antoninogomez","@id":"http:\/\/www.salesianos.edu\/familiasalesiana\/#\/schema\/person\/a379b91cdbdb13a276ccd4465b96104e"},"headline":"Reuni\u00f3n del Consejo de ADMA Tenerife","datePublished":"2021-11-24T11:56:13+00:00","dateModified":"2021-11-24T11:56:16+00:00","mainEntityOfPage":{"@id":"https:\/\/www.salesianos.edu\/familiasalesiana\/reunion-del-consejo-de-adma-tenerife\/"},"wordCount":175,"commentCount":0,"image":{"@id":"https:\/\/www.salesianos.edu\/familiasalesiana\/reunion-del-consejo-de-adma-tenerife\/#primaryimage"},"thumbnailUrl":"https:\/\/www.salesianos.edu\/familiasalesiana\/wp-content\/uploads\/sites\/5\/2021\/11\/ADMA-Canarias-Foto-grupo.jpeg","articleSection":["ADMA","Curso21-22","Uncategorized"],"inLanguage":"es","potentialAction":[{"@type":"CommentAction","name":"Comment","target":["https:\/\/www.salesianos.edu\/familiasalesiana\/reunion-del-consejo-de-adma-tenerife\/#respond"]}]},{"@type":"WebPage","@id":"https:\/\/www.salesianos.edu\/familiasalesiana\/reunion-del-consejo-de-adma-tenerife\/","url":"https:\/\/www.salesianos.edu\/familiasalesiana\/reunion-del-consejo-de-adma-tenerife\/","name":"Reuni\u00f3n del Consejo de ADMA Tenerife - Familia Salesiana","isPartOf":{"@id":"http:\/\/www.salesianos.edu\/familiasalesiana\/#website"},"primaryImageOfPage":{"@id":"https:\/\/www.salesianos.edu\/familiasalesiana\/reunion-del-consejo-de-adma-tenerife\/#primaryimage"},"image":{"@id":"https:\/\/www.salesianos.edu\/familiasalesiana\/reunion-del-consejo-de-adma-tenerife\/#primaryimage"},"thumbnailUrl":"https:\/\/www.salesianos.edu\/familiasalesiana\/wp-content\/uploads\/sites\/5\/2021\/11\/ADMA-Canarias-Foto-grupo.jpeg","datePublished":"2021-11-24T11:56:13+00:00","dateModified":"2021-11-24T11:56:16+00:00","author":{"@id":"http:\/\/www.salesianos.edu\/familiasalesiana\/#\/schema\/person\/a379b91cdbdb13a276ccd4465b96104e"},"breadcrumb":{"@id":"https:\/\/www.salesianos.edu\/familiasalesiana\/reunion-del-consejo-de-adma-tenerife\/#breadcrumb"},"inLanguage":"es","potentialAction":[{"@type":"ReadAction","target":["https:\/\/www.salesianos.edu\/familiasalesiana\/reunion-del-consejo-de-adma-tenerife\/"]}]},{"@type":"ImageObject","inLanguage":"es","@id":"https:\/\/www.salesianos.edu\/familiasalesiana\/reunion-del-consejo-de-adma-tenerife\/#primaryimage","url":"https:\/\/www.salesianos.edu\/familiasalesiana\/wp-content\/uploads\/sites\/5\/2021\/11\/ADMA-Canarias-Foto-grupo.jpeg","contentUrl":"https:\/\/www.salesianos.edu\/familiasalesiana\/wp-content\/uploads\/sites\/5\/2021\/11\/ADMA-Canarias-Foto-grupo.jpeg","width":1600,"height":1200},{"@type":"BreadcrumbList","@id":"https:\/\/www.salesianos.edu\/familiasalesiana\/reunion-del-consejo-de-adma-tenerife\/#breadcrumb","itemListElement":[{"@type":"ListItem","position":1,"name":"Portada","item":"http:\/\/www.salesianos.edu\/familiasalesiana\/"},{"@type":"ListItem","position":2,"name":"Reuni\u00f3n del Consejo de ADMA Tenerife"}]},{"@type":"WebSite","@id":"http:\/\/www.salesianos.edu\/familiasalesiana\/#website","url":"http:\/\/www.salesianos.edu\/familiasalesiana\/","name":"Familia Salesiana","description":"P\u00e1gina oficial de Inspector\u00eda Salesiana Mar\u00eda Auxiliadora","potentialAction":[{"@type":"SearchAction","target":{"@type":"EntryPoint","urlTemplate":"http:\/\/www.salesianos.edu\/familiasalesiana\/?s={search_term_string}"},"query-input":{"@type":"PropertyValueSpecification","valueRequired":true,"valueName":"search_term_string"}}],"inLanguage":"es"},{"@type":"Person","@id":"http:\/\/www.salesianos.edu\/familiasalesiana\/#\/schema\/person\/a379b91cdbdb13a276ccd4465b96104e","name":"antoninogomez","image":{"@type":"ImageObject","inLanguage":"es","@id":"https:\/\/secure.gravatar.com\/avatar\/7ec9a9a03fb85ee41fe7eaf1bac753f58d6718a944b75d031135858e327f16cf?s=96&d=mm&r=g","url":"https:\/\/secure.gravatar.com\/avatar\/7ec9a9a03fb85ee41fe7eaf1bac753f58d6718a944b75d031135858e327f16cf?s=96&d=mm&r=g","contentUrl":"https:\/\/secure.gravatar.com\/avatar\/7ec9a9a03fb85ee41fe7eaf1bac753f58d6718a944b75d031135858e327f16cf?s=96&d=mm&r=g","caption":"antoninogomez"}}]}},"_links":{"self":[{"href":"https:\/\/www.salesianos.edu\/familiasalesiana\/wp-json\/wp\/v2\/posts\/9806","targetHints":{"allow":["GET"]}}],"collection":[{"href":"https:\/\/www.salesianos.edu\/familiasalesiana\/wp-json\/wp\/v2\/posts"}],"about":[{"href":"https:\/\/www.salesianos.edu\/familiasalesiana\/wp-json\/wp\/v2\/types\/post"}],"author":[{"embeddable":true,"href":"https:\/\/www.salesianos.edu\/familiasalesiana\/wp-json\/wp\/v2\/users\/31"}],"replies":[{"embeddable":true,"href":"https:\/\/www.salesianos.edu\/familiasalesiana\/wp-json\/wp\/v2\/comments?post=9806"}],"version-history":[{"count":3,"href":"https:\/\/www.salesianos.edu\/familiasalesiana\/wp-json\/wp\/v2\/posts\/9806\/revisions"}],"predecessor-version":[{"id":9812,"href":"https:\/\/www.salesianos.edu\/familiasalesiana\/wp-json\/wp\/v2\/posts\/9806\/revisions\/9812"}],"wp:featuredmedia":[{"embeddable":true,"href":"https:\/\/www.salesianos.edu\/familiasalesiana\/wp-json\/wp\/v2\/media\/9809"}],"wp:attachment":[{"href":"https:\/\/www.salesianos.edu\/familiasalesiana\/wp-json\/wp\/v2\/media?parent=9806"}],"wp:term":[{"taxonomy":"category","embeddable":true,"href":"https:\/\/www.salesianos.edu\/familiasalesiana\/wp-json\/wp\/v2\/categories?post=9806"},{"taxonomy":"post_tag","embeddable":true,"href":"https:\/\/www.salesianos.edu\/familiasalesiana\/wp-json\/wp\/v2\/tags?post=9806"}],"curies":[{"name":"wp","href":"https:\/\/api.w.org\/{rel}","templated":true}]}}