{"id":9757,"date":"2021-10-18T09:26:01","date_gmt":"2021-10-18T08:26:01","guid":{"rendered":"https:\/\/www.salesianos.edu\/familiasalesiana\/?p=9757"},"modified":"2021-10-18T09:26:04","modified_gmt":"2021-10-18T08:26:04","slug":"celebrado-el-encuentro-regional-joven","status":"publish","type":"post","link":"https:\/\/www.salesianos.edu\/familiasalesiana\/celebrado-el-encuentro-regional-joven\/","title":{"rendered":"Celebrado el encuentro regional joven"},"content":{"rendered":"<div id=\"fb-root\"><\/div>\n<p>[et_pb_section fb_built=\u00bb1&#8243; _builder_version=\u00bb4.11.3&#8243; _module_preset=\u00bbdefault\u00bb][et_pb_row _builder_version=\u00bb4.11.3&#8243; _module_preset=\u00bbdefault\u00bb][et_pb_column _builder_version=\u00bb4.11.3&#8243; _module_preset=\u00bbdefault\u00bb type=\u00bb4_4&#8243;][et_pb_text _builder_version=\u00bb4.11.3&#8243; _module_preset=\u00bbdefault\u00bb hover_enabled=\u00bb0&#8243; sticky_enabled=\u00bb0&#8243;]<\/p>\n<p><em>Por Esther Ruz Guirado<\/em><\/p>\n<p>Gracias a la mejora de la situaci\u00f3n sanitaria por la COVID-19, el Encuentro Regional Joven de 2021 ha podido realizarse en Granada, ciudad en la que no se pudo hacer el a\u00f1o pasado por las restricciones. Pese a esta situaci\u00f3n, no se ha producido una merma en el n\u00famero de asistentes sino justo todo lo contrario, ha habido un aumento tanto en los j\u00f3venes como en las casas de procedencia. As\u00ed, pudimos contar con treinta y cuatro antiguos alumnos de las casas de Sevilla-Trinidad, M\u00e1laga, Montilla, Pozoblanco, Linares y, por supuesto, Granada.<\/p>\n<p>Este a\u00f1o, como novedad y, retomando la forma de los antiguos ERJ, el Encuentro ha sido de tres d\u00edas, comenzando el viernes 1 de octubre por la tarde y terminando el domingo d\u00eda 3 al mediod\u00eda. Respecto al lugar, el Encuentro se ha celebrado a caballo entre la Casa Salesiana de Virgen de las Nieves y el Colegio Salesiano San Juan Bosco.<\/p>\n<p>El lema elegido para este Encuentro Regional Joven ha sido \u201cVolvamos a so\u00f1ar\u201d. Esta consigna no se qued\u00f3 en una frase vac\u00eda que adornara un cartel, sino que durante este fin de semana hemos so\u00f1ado realmente. Todo el Encuentro ha tenido este hilo conductor, y si algo nos ha quedado claro es que como hijos de Don Bosco tenemos la obligaci\u00f3n de dar testimonio de sus sue\u00f1os y de seguir so\u00f1ando como lo hizo \u00e9l.<\/p>\n<p>Nada m\u00e1s llegar todos los j\u00f3venes, nos reunimos para realizar una oraci\u00f3n de bienvenida, un canto, leer el evangelio, hacer una reflexi\u00f3n personal para saber qu\u00e9 quer\u00edamos conseguir cada uno en el Encuentro y, terminar con una entretenida din\u00e1mica de conocimiento. Tras esto, cenamos una barbacoa, seguida de una velada muy divertida organizada por un antiguo alumno de la Asociaci\u00f3n de Linares y una antigua alumna de la Asociaci\u00f3n de Montilla. Dadas las buenas noches, nos fuimos a descansar.<\/p>\n<p>El s\u00e1bado 2 de octubre comenz\u00f3, con posterioridad al desayuno, con una oraci\u00f3n donde visualizamos el Aguinaldo del Rector Mayor para este 2021. Al terminar, nos desplazamos al Colegio Salesiano San Juan Bosco, situado en el barrio del Zaid\u00edn. All\u00ed, recibimos una formaci\u00f3n sobre los sue\u00f1os de Don Bosco y, sobre los mismos, tuvimos la oportunidad de reflexionar bajo una din\u00e1mica en grupos. Concluida la formaci\u00f3n, dimos paso a la celebraci\u00f3n de la asamblea, la misma sirvi\u00f3 para que desde la Ejecutiva Federal nos dieran todas las novedades en lo que cierne a los j\u00f3venes de la Federaci\u00f3n. Tuvimos la ocasi\u00f3n de repasar lo que ha sido todo este a\u00f1o y los distintos grupos pudieron comentar la realidad que han tenido en este tiempo.<\/p>\n<p>Terminada la asamblea, fuimos a almorzar a la Casa Hermandad de la Hermandad Salesiana del Cristo de la Redenci\u00f3n y Salud, donde nos esperaba una enorme paella. Cuando comimos, nos dirigimos al centro de Granada para hacer una visita cultural y ver algunas de las maravillas de la ciudad Nazar\u00ed. M\u00e1s tarde, volvimos al barrio del Zaid\u00edn para regresar a la Casa Salesiana de Virgen de las Nieves. De vuelta a la Casa, nos arreglamos para cerrar la tarde noche del s\u00e1bado.<\/p>\n<p>Bajo una luz tenue, realizamos una de las partes m\u00e1s profundas del Encuentro: nuestra vigilia. Preparada por la Regional, reflexionamos sobre uno de los sue\u00f1os m\u00e1s interesantes de Don Bosco. El sacrificio para llegar a conseguir nuestros objetivos fue el tema sobre el que pivot\u00f3 la vigilia. Tras esto y, habiendo dado previamente las buenas noches nuestro Presidente Regional, Diego Arag\u00f3n, nos fuimos a cenar a uno de los bares de tapas m\u00e1s famosos de Granada. Despu\u00e9s de cenar, nos dividimos en dos grupos: los que quer\u00edan conocer la noche granadina y los que prefirieron descansar de este d\u00eda tan ajetreado.<\/p>\n<p>El \u00faltimo d\u00eda, tras un desayuno de churros, bajamos al Colegio. Una vez all\u00ed, comenzamos con una peque\u00f1a oraci\u00f3n. Seguidamente, terminamos con la asamblea comenzada el s\u00e1bado con la revisi\u00f3n del Encuentro y la elecci\u00f3n de la sede del pr\u00f3ximo ERJ. En cuanto al primer punto, las conclusiones que sacaron fueron muy positivas. Respecto a la elecci\u00f3n de la sede, se decidi\u00f3 por unanimidad que fuera Pozoblanco.<\/p>\n<p>La Eucarist\u00eda fue el \u00faltimo de los momentos de este Encuentro. Con una emotiva celebraci\u00f3n en la Iglesia de Mar\u00eda Auxiliadora, que cont\u00f3 con la presencia de nuestro Delegado Inspectorial para la Familia Salesiana, Luis Fernando \u00c1lvarez, concluimos nuestro Encuentro Regional Joven Granada 2021.<\/p>\n<p>Para m\u00ed, que ha sido la segunda vez que asisto al Encuentro, ha sido un placer volver a repetir, sobretodo, al haber tenido lugar en mi ciudad. Hace dos a\u00f1os, conoc\u00ed a personas maravillosas y viv\u00ed una experiencia inolvidable, tanto en el \u00e1mbito personal como espiritual. Este a\u00f1o, he vuelto a confirmar que este fin de semana es imborrable. Espero que nos volvamos a ver todos muy pronto, y que cada a\u00f1o asistan m\u00e1s personas, ya que para los j\u00f3venes que compartimos el esp\u00edritu salesiano es un gran honor celebrarlo siempre. Sin m\u00e1s, nos vemos en Sevilla, mientras tanto: <em>\u00a1Sigamos so\u00f1ando!<\/em><\/p>\n<p>&nbsp;<\/p>\n<p>[\/et_pb_text][\/et_pb_column][\/et_pb_row][et_pb_row _builder_version=\u00bb4.11.3&#8243; _module_preset=\u00bbdefault\u00bb column_structure=\u00bb1_3,1_3,1_3&#8243;][et_pb_column _builder_version=\u00bb4.11.3&#8243; _module_preset=\u00bbdefault\u00bb type=\u00bb1_3&#8243;][et_pb_image _builder_version=\u00bb4.11.3&#8243; _module_preset=\u00bbdefault\u00bb title_text=\u00bbERJ 2&#8243; src=\u00bbhttp:\/\/www.salesianos.edu\/familiasalesiana\/wp-content\/uploads\/sites\/5\/2021\/10\/ERJ-2.jpeg\u00bb hover_enabled=\u00bb0&#8243; sticky_enabled=\u00bb0&#8243;][\/et_pb_image][\/et_pb_column][et_pb_column _builder_version=\u00bb4.11.3&#8243; _module_preset=\u00bbdefault\u00bb type=\u00bb1_3&#8243;][et_pb_image _builder_version=\u00bb4.11.3&#8243; _module_preset=\u00bbdefault\u00bb title_text=\u00bbERJ 3&#8243; src=\u00bbhttp:\/\/www.salesianos.edu\/familiasalesiana\/wp-content\/uploads\/sites\/5\/2021\/10\/ERJ-3.jpeg\u00bb hover_enabled=\u00bb0&#8243; sticky_enabled=\u00bb0&#8243;][\/et_pb_image][\/et_pb_column][et_pb_column _builder_version=\u00bb4.11.3&#8243; _module_preset=\u00bbdefault\u00bb type=\u00bb1_3&#8243;][et_pb_image _builder_version=\u00bb4.11.3&#8243; _module_preset=\u00bbdefault\u00bb title_text=\u00bbERJ 4&#8243; src=\u00bbhttp:\/\/www.salesianos.edu\/familiasalesiana\/wp-content\/uploads\/sites\/5\/2021\/10\/ERJ-4.jpeg\u00bb hover_enabled=\u00bb0&#8243; sticky_enabled=\u00bb0&#8243;][\/et_pb_image][\/et_pb_column][\/et_pb_row][\/et_pb_section]<\/p>\n","protected":false},"excerpt":{"rendered":"<p>Por Esther Ruz Guirado Gracias a la mejora de la situaci\u00f3n sanitaria por la COVID-19, el Encuentro Regional Joven de 2021 ha podido realizarse en Granada, ciudad en la que no se pudo hacer el a\u00f1o pasado por las restricciones. Pese a esta situaci\u00f3n, no se ha producido una merma en el n\u00famero de asistentes [&hellip;]<\/p>\n","protected":false},"author":31,"featured_media":9761,"comment_status":"open","ping_status":"open","sticky":false,"template":"","format":"standard","meta":{"_et_pb_use_builder":"on","_et_pb_old_content":"","_et_gb_content_width":"","footnotes":""},"categories":[54,60,27],"tags":[],"class_list":["post-9757","post","type-post","status-publish","format-standard","has-post-thumbnail","hentry","category-antiguos-alumnos","category-curso21-22","category-fasa"],"yoast_head":"<!-- This site is optimized with the Yoast SEO plugin v27.5 - https:\/\/yoast.com\/product\/yoast-seo-wordpress\/ -->\n<title>Celebrado el encuentro regional joven - Familia Salesiana<\/title>\n<meta name=\"robots\" content=\"index, follow, max-snippet:-1, max-image-preview:large, max-video-preview:-1\" \/>\n<link rel=\"canonical\" href=\"https:\/\/www.salesianos.edu\/familiasalesiana\/celebrado-el-encuentro-regional-joven\/\" \/>\n<meta property=\"og:locale\" content=\"es_ES\" \/>\n<meta property=\"og:type\" content=\"article\" \/>\n<meta property=\"og:title\" content=\"Celebrado el encuentro regional joven - Familia Salesiana\" \/>\n<meta property=\"og:description\" content=\"Titulo p\u00e1ginas Subtitulo 1 Lorem Ipsum es simplemente el texto de relleno de las imprentas y archivos de texto. Lorem Ipsum ha sido el texto de relleno est\u00e1ndar de las industrias desde el a\u00f1o 1500, cuando un impresor (N. del T. persona que se dedica a la imprenta) desconocido us\u00f3 una galer\u00eda de textos y [&hellip;]\" \/>\n<meta property=\"og:url\" content=\"https:\/\/www.salesianos.edu\/familiasalesiana\/celebrado-el-encuentro-regional-joven\/\" \/>\n<meta property=\"og:site_name\" content=\"Familia Salesiana\" \/>\n<meta property=\"article:published_time\" content=\"2021-10-18T08:26:01+00:00\" \/>\n<meta property=\"article:modified_time\" content=\"2021-10-18T08:26:04+00:00\" \/>\n<meta property=\"og:image\" content=\"https:\/\/www.salesianos.edu\/familiasalesiana\/wp-content\/uploads\/sites\/5\/2021\/10\/ERJ-2.jpeg\" \/>\n\t<meta property=\"og:image:width\" content=\"1600\" \/>\n\t<meta property=\"og:image:height\" content=\"1200\" \/>\n\t<meta property=\"og:image:type\" content=\"image\/jpeg\" \/>\n<meta name=\"author\" content=\"antoninogomez\" \/>\n<meta name=\"twitter:card\" content=\"summary_large_image\" \/>\n<meta name=\"twitter:label1\" content=\"Escrito por\" \/>\n\t<meta name=\"twitter:data1\" content=\"antoninogomez\" \/>\n\t<meta name=\"twitter:label2\" content=\"Tiempo de lectura\" \/>\n\t<meta name=\"twitter:data2\" content=\"5 minutos\" \/>\n<script type=\"application\/ld+json\" class=\"yoast-schema-graph\">{\"@context\":\"https:\\\/\\\/schema.org\",\"@graph\":[{\"@type\":\"Article\",\"@id\":\"https:\\\/\\\/www.salesianos.edu\\\/familiasalesiana\\\/celebrado-el-encuentro-regional-joven\\\/#article\",\"isPartOf\":{\"@id\":\"https:\\\/\\\/www.salesianos.edu\\\/familiasalesiana\\\/celebrado-el-encuentro-regional-joven\\\/\"},\"author\":{\"name\":\"antoninogomez\",\"@id\":\"http:\\\/\\\/www.salesianos.edu\\\/familiasalesiana\\\/#\\\/schema\\\/person\\\/a379b91cdbdb13a276ccd4465b96104e\"},\"headline\":\"Celebrado el encuentro regional joven\",\"datePublished\":\"2021-10-18T08:26:01+00:00\",\"dateModified\":\"2021-10-18T08:26:04+00:00\",\"mainEntityOfPage\":{\"@id\":\"https:\\\/\\\/www.salesianos.edu\\\/familiasalesiana\\\/celebrado-el-encuentro-regional-joven\\\/\"},\"wordCount\":1085,\"commentCount\":1,\"image\":{\"@id\":\"https:\\\/\\\/www.salesianos.edu\\\/familiasalesiana\\\/celebrado-el-encuentro-regional-joven\\\/#primaryimage\"},\"thumbnailUrl\":\"https:\\\/\\\/www.salesianos.edu\\\/familiasalesiana\\\/wp-content\\\/uploads\\\/sites\\\/5\\\/2021\\\/10\\\/ERJ-2.jpeg\",\"articleSection\":[\"Antiguos Alumnos\",\"Curso21-22\",\"Familia Salesiana\"],\"inLanguage\":\"es\",\"potentialAction\":[{\"@type\":\"CommentAction\",\"name\":\"Comment\",\"target\":[\"https:\\\/\\\/www.salesianos.edu\\\/familiasalesiana\\\/celebrado-el-encuentro-regional-joven\\\/#respond\"]}]},{\"@type\":\"WebPage\",\"@id\":\"https:\\\/\\\/www.salesianos.edu\\\/familiasalesiana\\\/celebrado-el-encuentro-regional-joven\\\/\",\"url\":\"https:\\\/\\\/www.salesianos.edu\\\/familiasalesiana\\\/celebrado-el-encuentro-regional-joven\\\/\",\"name\":\"Celebrado el encuentro regional joven - Familia Salesiana\",\"isPartOf\":{\"@id\":\"http:\\\/\\\/www.salesianos.edu\\\/familiasalesiana\\\/#website\"},\"primaryImageOfPage\":{\"@id\":\"https:\\\/\\\/www.salesianos.edu\\\/familiasalesiana\\\/celebrado-el-encuentro-regional-joven\\\/#primaryimage\"},\"image\":{\"@id\":\"https:\\\/\\\/www.salesianos.edu\\\/familiasalesiana\\\/celebrado-el-encuentro-regional-joven\\\/#primaryimage\"},\"thumbnailUrl\":\"https:\\\/\\\/www.salesianos.edu\\\/familiasalesiana\\\/wp-content\\\/uploads\\\/sites\\\/5\\\/2021\\\/10\\\/ERJ-2.jpeg\",\"datePublished\":\"2021-10-18T08:26:01+00:00\",\"dateModified\":\"2021-10-18T08:26:04+00:00\",\"author\":{\"@id\":\"http:\\\/\\\/www.salesianos.edu\\\/familiasalesiana\\\/#\\\/schema\\\/person\\\/a379b91cdbdb13a276ccd4465b96104e\"},\"breadcrumb\":{\"@id\":\"https:\\\/\\\/www.salesianos.edu\\\/familiasalesiana\\\/celebrado-el-encuentro-regional-joven\\\/#breadcrumb\"},\"inLanguage\":\"es\",\"potentialAction\":[{\"@type\":\"ReadAction\",\"target\":[\"https:\\\/\\\/www.salesianos.edu\\\/familiasalesiana\\\/celebrado-el-encuentro-regional-joven\\\/\"]}]},{\"@type\":\"ImageObject\",\"inLanguage\":\"es\",\"@id\":\"https:\\\/\\\/www.salesianos.edu\\\/familiasalesiana\\\/celebrado-el-encuentro-regional-joven\\\/#primaryimage\",\"url\":\"https:\\\/\\\/www.salesianos.edu\\\/familiasalesiana\\\/wp-content\\\/uploads\\\/sites\\\/5\\\/2021\\\/10\\\/ERJ-2.jpeg\",\"contentUrl\":\"https:\\\/\\\/www.salesianos.edu\\\/familiasalesiana\\\/wp-content\\\/uploads\\\/sites\\\/5\\\/2021\\\/10\\\/ERJ-2.jpeg\",\"width\":1600,\"height\":1200},{\"@type\":\"BreadcrumbList\",\"@id\":\"https:\\\/\\\/www.salesianos.edu\\\/familiasalesiana\\\/celebrado-el-encuentro-regional-joven\\\/#breadcrumb\",\"itemListElement\":[{\"@type\":\"ListItem\",\"position\":1,\"name\":\"Portada\",\"item\":\"http:\\\/\\\/www.salesianos.edu\\\/familiasalesiana\\\/\"},{\"@type\":\"ListItem\",\"position\":2,\"name\":\"Celebrado el encuentro regional joven\"}]},{\"@type\":\"WebSite\",\"@id\":\"http:\\\/\\\/www.salesianos.edu\\\/familiasalesiana\\\/#website\",\"url\":\"http:\\\/\\\/www.salesianos.edu\\\/familiasalesiana\\\/\",\"name\":\"Familia Salesiana\",\"description\":\"P\u00e1gina oficial de Inspector\u00eda Salesiana Mar\u00eda Auxiliadora\",\"potentialAction\":[{\"@type\":\"SearchAction\",\"target\":{\"@type\":\"EntryPoint\",\"urlTemplate\":\"http:\\\/\\\/www.salesianos.edu\\\/familiasalesiana\\\/?s={search_term_string}\"},\"query-input\":{\"@type\":\"PropertyValueSpecification\",\"valueRequired\":true,\"valueName\":\"search_term_string\"}}],\"inLanguage\":\"es\"},{\"@type\":\"Person\",\"@id\":\"http:\\\/\\\/www.salesianos.edu\\\/familiasalesiana\\\/#\\\/schema\\\/person\\\/a379b91cdbdb13a276ccd4465b96104e\",\"name\":\"antoninogomez\",\"image\":{\"@type\":\"ImageObject\",\"inLanguage\":\"es\",\"@id\":\"https:\\\/\\\/secure.gravatar.com\\\/avatar\\\/7ec9a9a03fb85ee41fe7eaf1bac753f58d6718a944b75d031135858e327f16cf?s=96&d=mm&r=g\",\"url\":\"https:\\\/\\\/secure.gravatar.com\\\/avatar\\\/7ec9a9a03fb85ee41fe7eaf1bac753f58d6718a944b75d031135858e327f16cf?s=96&d=mm&r=g\",\"contentUrl\":\"https:\\\/\\\/secure.gravatar.com\\\/avatar\\\/7ec9a9a03fb85ee41fe7eaf1bac753f58d6718a944b75d031135858e327f16cf?s=96&d=mm&r=g\",\"caption\":\"antoninogomez\"}}]}<\/script>\n<!-- \/ Yoast SEO plugin. -->","yoast_head_json":{"title":"Celebrado el encuentro regional joven - Familia Salesiana","robots":{"index":"index","follow":"follow","max-snippet":"max-snippet:-1","max-image-preview":"max-image-preview:large","max-video-preview":"max-video-preview:-1"},"canonical":"https:\/\/www.salesianos.edu\/familiasalesiana\/celebrado-el-encuentro-regional-joven\/","og_locale":"es_ES","og_type":"article","og_title":"Celebrado el encuentro regional joven - Familia Salesiana","og_description":"Titulo p\u00e1ginas Subtitulo 1 Lorem Ipsum es simplemente el texto de relleno de las imprentas y archivos de texto. Lorem Ipsum ha sido el texto de relleno est\u00e1ndar de las industrias desde el a\u00f1o 1500, cuando un impresor (N. del T. persona que se dedica a la imprenta) desconocido us\u00f3 una galer\u00eda de textos y [&hellip;]","og_url":"https:\/\/www.salesianos.edu\/familiasalesiana\/celebrado-el-encuentro-regional-joven\/","og_site_name":"Familia Salesiana","article_published_time":"2021-10-18T08:26:01+00:00","article_modified_time":"2021-10-18T08:26:04+00:00","og_image":[{"width":1600,"height":1200,"url":"https:\/\/www.salesianos.edu\/familiasalesiana\/wp-content\/uploads\/sites\/5\/2021\/10\/ERJ-2.jpeg","type":"image\/jpeg"}],"author":"antoninogomez","twitter_card":"summary_large_image","twitter_misc":{"Escrito por":"antoninogomez","Tiempo de lectura":"5 minutos"},"schema":{"@context":"https:\/\/schema.org","@graph":[{"@type":"Article","@id":"https:\/\/www.salesianos.edu\/familiasalesiana\/celebrado-el-encuentro-regional-joven\/#article","isPartOf":{"@id":"https:\/\/www.salesianos.edu\/familiasalesiana\/celebrado-el-encuentro-regional-joven\/"},"author":{"name":"antoninogomez","@id":"http:\/\/www.salesianos.edu\/familiasalesiana\/#\/schema\/person\/a379b91cdbdb13a276ccd4465b96104e"},"headline":"Celebrado el encuentro regional joven","datePublished":"2021-10-18T08:26:01+00:00","dateModified":"2021-10-18T08:26:04+00:00","mainEntityOfPage":{"@id":"https:\/\/www.salesianos.edu\/familiasalesiana\/celebrado-el-encuentro-regional-joven\/"},"wordCount":1085,"commentCount":1,"image":{"@id":"https:\/\/www.salesianos.edu\/familiasalesiana\/celebrado-el-encuentro-regional-joven\/#primaryimage"},"thumbnailUrl":"https:\/\/www.salesianos.edu\/familiasalesiana\/wp-content\/uploads\/sites\/5\/2021\/10\/ERJ-2.jpeg","articleSection":["Antiguos Alumnos","Curso21-22","Familia Salesiana"],"inLanguage":"es","potentialAction":[{"@type":"CommentAction","name":"Comment","target":["https:\/\/www.salesianos.edu\/familiasalesiana\/celebrado-el-encuentro-regional-joven\/#respond"]}]},{"@type":"WebPage","@id":"https:\/\/www.salesianos.edu\/familiasalesiana\/celebrado-el-encuentro-regional-joven\/","url":"https:\/\/www.salesianos.edu\/familiasalesiana\/celebrado-el-encuentro-regional-joven\/","name":"Celebrado el encuentro regional joven - Familia Salesiana","isPartOf":{"@id":"http:\/\/www.salesianos.edu\/familiasalesiana\/#website"},"primaryImageOfPage":{"@id":"https:\/\/www.salesianos.edu\/familiasalesiana\/celebrado-el-encuentro-regional-joven\/#primaryimage"},"image":{"@id":"https:\/\/www.salesianos.edu\/familiasalesiana\/celebrado-el-encuentro-regional-joven\/#primaryimage"},"thumbnailUrl":"https:\/\/www.salesianos.edu\/familiasalesiana\/wp-content\/uploads\/sites\/5\/2021\/10\/ERJ-2.jpeg","datePublished":"2021-10-18T08:26:01+00:00","dateModified":"2021-10-18T08:26:04+00:00","author":{"@id":"http:\/\/www.salesianos.edu\/familiasalesiana\/#\/schema\/person\/a379b91cdbdb13a276ccd4465b96104e"},"breadcrumb":{"@id":"https:\/\/www.salesianos.edu\/familiasalesiana\/celebrado-el-encuentro-regional-joven\/#breadcrumb"},"inLanguage":"es","potentialAction":[{"@type":"ReadAction","target":["https:\/\/www.salesianos.edu\/familiasalesiana\/celebrado-el-encuentro-regional-joven\/"]}]},{"@type":"ImageObject","inLanguage":"es","@id":"https:\/\/www.salesianos.edu\/familiasalesiana\/celebrado-el-encuentro-regional-joven\/#primaryimage","url":"https:\/\/www.salesianos.edu\/familiasalesiana\/wp-content\/uploads\/sites\/5\/2021\/10\/ERJ-2.jpeg","contentUrl":"https:\/\/www.salesianos.edu\/familiasalesiana\/wp-content\/uploads\/sites\/5\/2021\/10\/ERJ-2.jpeg","width":1600,"height":1200},{"@type":"BreadcrumbList","@id":"https:\/\/www.salesianos.edu\/familiasalesiana\/celebrado-el-encuentro-regional-joven\/#breadcrumb","itemListElement":[{"@type":"ListItem","position":1,"name":"Portada","item":"http:\/\/www.salesianos.edu\/familiasalesiana\/"},{"@type":"ListItem","position":2,"name":"Celebrado el encuentro regional joven"}]},{"@type":"WebSite","@id":"http:\/\/www.salesianos.edu\/familiasalesiana\/#website","url":"http:\/\/www.salesianos.edu\/familiasalesiana\/","name":"Familia Salesiana","description":"P\u00e1gina oficial de Inspector\u00eda Salesiana Mar\u00eda Auxiliadora","potentialAction":[{"@type":"SearchAction","target":{"@type":"EntryPoint","urlTemplate":"http:\/\/www.salesianos.edu\/familiasalesiana\/?s={search_term_string}"},"query-input":{"@type":"PropertyValueSpecification","valueRequired":true,"valueName":"search_term_string"}}],"inLanguage":"es"},{"@type":"Person","@id":"http:\/\/www.salesianos.edu\/familiasalesiana\/#\/schema\/person\/a379b91cdbdb13a276ccd4465b96104e","name":"antoninogomez","image":{"@type":"ImageObject","inLanguage":"es","@id":"https:\/\/secure.gravatar.com\/avatar\/7ec9a9a03fb85ee41fe7eaf1bac753f58d6718a944b75d031135858e327f16cf?s=96&d=mm&r=g","url":"https:\/\/secure.gravatar.com\/avatar\/7ec9a9a03fb85ee41fe7eaf1bac753f58d6718a944b75d031135858e327f16cf?s=96&d=mm&r=g","contentUrl":"https:\/\/secure.gravatar.com\/avatar\/7ec9a9a03fb85ee41fe7eaf1bac753f58d6718a944b75d031135858e327f16cf?s=96&d=mm&r=g","caption":"antoninogomez"}}]}},"_links":{"self":[{"href":"https:\/\/www.salesianos.edu\/familiasalesiana\/wp-json\/wp\/v2\/posts\/9757","targetHints":{"allow":["GET"]}}],"collection":[{"href":"https:\/\/www.salesianos.edu\/familiasalesiana\/wp-json\/wp\/v2\/posts"}],"about":[{"href":"https:\/\/www.salesianos.edu\/familiasalesiana\/wp-json\/wp\/v2\/types\/post"}],"author":[{"embeddable":true,"href":"https:\/\/www.salesianos.edu\/familiasalesiana\/wp-json\/wp\/v2\/users\/31"}],"replies":[{"embeddable":true,"href":"https:\/\/www.salesianos.edu\/familiasalesiana\/wp-json\/wp\/v2\/comments?post=9757"}],"version-history":[{"count":7,"href":"https:\/\/www.salesianos.edu\/familiasalesiana\/wp-json\/wp\/v2\/posts\/9757\/revisions"}],"predecessor-version":[{"id":9768,"href":"https:\/\/www.salesianos.edu\/familiasalesiana\/wp-json\/wp\/v2\/posts\/9757\/revisions\/9768"}],"wp:featuredmedia":[{"embeddable":true,"href":"https:\/\/www.salesianos.edu\/familiasalesiana\/wp-json\/wp\/v2\/media\/9761"}],"wp:attachment":[{"href":"https:\/\/www.salesianos.edu\/familiasalesiana\/wp-json\/wp\/v2\/media?parent=9757"}],"wp:term":[{"taxonomy":"category","embeddable":true,"href":"https:\/\/www.salesianos.edu\/familiasalesiana\/wp-json\/wp\/v2\/categories?post=9757"},{"taxonomy":"post_tag","embeddable":true,"href":"https:\/\/www.salesianos.edu\/familiasalesiana\/wp-json\/wp\/v2\/tags?post=9757"}],"curies":[{"name":"wp","href":"https:\/\/api.w.org\/{rel}","templated":true}]}}