{"id":9747,"date":"2021-10-18T09:12:19","date_gmt":"2021-10-18T08:12:19","guid":{"rendered":"https:\/\/www.salesianos.edu\/familiasalesiana\/?p=9747"},"modified":"2021-10-18T09:12:22","modified_gmt":"2021-10-18T08:12:22","slug":"encuentro-de-delegados-y-presidentes-de-la-federacion-regional-de-valencia-de-aa-aa-de-don-bosco-carlos-gastini","status":"publish","type":"post","link":"https:\/\/www.salesianos.edu\/familiasalesiana\/encuentro-de-delegados-y-presidentes-de-la-federacion-regional-de-valencia-de-aa-aa-de-don-bosco-carlos-gastini\/","title":{"rendered":"Encuentro de Delegados y Presidentes de la Federaci\u00f3n Regional de Valencia de AA.AA. de Don Bosco \u00abCarlos Gastini\u00bb"},"content":{"rendered":"<div id=\"fb-root\"><\/div>\n<p>[et_pb_section fb_built=\u00bb1&#8243; _builder_version=\u00bb4.11.3&#8243; _module_preset=\u00bbdefault\u00bb][et_pb_row _builder_version=\u00bb4.11.3&#8243; _module_preset=\u00bbdefault\u00bb][et_pb_column _builder_version=\u00bb4.11.3&#8243; _module_preset=\u00bbdefault\u00bb type=\u00bb4_4&#8243;][et_pb_text _builder_version=\u00bb4.11.3&#8243; _module_preset=\u00bbdefault\u00bb hover_enabled=\u00bb0&#8243; sticky_enabled=\u00bb0&#8243;]<\/p>\n<p>Presidentes y delegados de las asociaciones locales que constituyen la Federaci\u00f3n Regional de Valencia de Antiguos Alumnos de Don Bosco \u00abCarlos Gastini\u00bb se reunieron en el Colegio Salesiano S. Vicente Ferrer de Alcoy el domingo 3 de octubre para revisar objetivos y l\u00edneas de acci\u00f3n de cara al curso 2021-22, tener un momento de formaci\u00f3n, a la par que compartir la vida que late en cada una de las asociaciones, al comunicar informaci\u00f3n sobre las actividades que promueve cada una.<\/p>\n<p>Esta ocasi\u00f3n supuso volver a tener un encuentro presencial desde la Asamblea Federal celebrada en Alicante en febrero 2020. Respondiendo a la convocatoria del Delegado Federal D. Eduardo Ardu\u00f1a, participaron representantes de las asociaciones de Alcoy San Vicente Ferrer, Alicante, Cabezo de Torres, Elche, Villena, as\u00ed como componentes de la ejecutiva de la Federaci\u00f3n Regional. La asociaci\u00f3n de Valencia que excus\u00f3 su asistencia, se hizo presente por medio de un mensaje que ley\u00f3 a los presentes el Presidente Federal, Juan Carlos Sempere Pastor.<\/p>\n<p>Tras la oraci\u00f3n, preparada por D. Eduardo Ardu\u00f1a, el Inspector D. \u00c1ngel Asurmendi imparti\u00f3 el tema formativo, que concret\u00f3 en 3 palabras esenciales: Familia, Escucha y Evangelio.<\/p>\n<p>Aludi\u00f3 a la importancia de la familia c\u00e9lula b\u00e1sica de la sociedad, pese a las dificultades que atraviesa. Se refiri\u00f3 a la Familia Salesiana con las palabras del Rector Mayor a la conclusi\u00f3n del CG28: \u201cLa Familia Salesiana, junto con la realidad de la misi\u00f3n compartida con los seglares, ser\u00e1 el punto de llegada y la garant\u00eda de la misi\u00f3n salesiana\u201d. Anim\u00f3 a vivir el car\u00e1cter familiar, algo que otras realidades eclesiales no ten\u00edan.<\/p>\n<p>Motiv\u00f3 a escucharnos unos a otros en la Familia Salesiana y tambi\u00e9n en la sociedad, tan necesitada de escucha tras la pandemia.\u00a0 Anim\u00f3 a ejercitar la capacidad de escucha. Frente a rumores y malentendidos, la b\u00fasqueda de la verdad empezaba por la escucha, clave para evangelizar.<\/p>\n<p>Destac\u00f3 que a pesar del individualismo creciente, y la irrelevancia e indiferencia frente a escuchar la Palabra de Dios, esta daba sentido a la vida y comunicaba fuerza y esperanza para vivir. Record\u00f3 que estaba en la centralidad del actuar\u00a0 salesiano estaba la idea de Educar evangelizando, y evangelizar educando concretada en el lema Buenos cristianos y honrados ciudadanos.<\/p>\n<p>De acuerdo con la Evangelii Gaudium cit\u00f3 que \u201cTodo cristiano es misionero en la medida en que se ha encontrado con el amor de Dios en Cristo Jes\u00fas\u201d. Igualmente mencion\u00f3 como el Rector Mayor a la conclusi\u00f3n del CG28 insist\u00eda en la necesidad de evangelizar \u201cNos urge ayudar a que los j\u00f3venes (y sus familias) descubran la presencia de Cristo en sus propias vidas como clave de felicidad y de sentido\u201d.<\/p>\n<p>Para concluir dio 5 claves para vivir hoy Familia, Escucha y Evangelio: 1) Dar testimonio de tu amor 2) Defender la justicia social 3) Mirar la Creaci\u00f3n con ojos de asombro y contemplar la Tierra como casa com\u00fan 4) Testificar que las vidas rotas pueden reconstruirse 5) Testificar que Cristo vive.<\/p>\n<p>Tras las palabras del inspector, se abri\u00f3 el turno para que las diversas asociaciones locales comunicaran la situaci\u00f3n que estaban viviendo en el momento actual.<\/p>\n<p>Tambi\u00e9n dirigi\u00f3 unas palabras a los participantes en la reuni\u00f3n el Delegado Nacional de Antiguos Alumnos de Don Bosco el salesiano D. Eusebio Mart\u00ednez. Mencion\u00f3 que a pesar haber sido nombrado hac\u00eda 1 a\u00f1o y 2 meses, era la segunda vez que estaba en un encuentro presencial de antiguos alumnos. Aprovech\u00f3 para compartir con los presentes el Plan del Sexenio del Secretariado de la Familia Salesiana. Al mismo tiempo se\u00f1al\u00f3 que respondiendo a la necesidad de profundizar en la identidad de los delegados se hab\u00eda establecido un iter formativo para este curso cuyos temas eran: Aguinaldo 2021, Escuela de Delegados 2019, Carta de Identidad de la Familia Salesiana.<\/p>\n<p>Por \u00faltimo Fernando N\u00fa\u00f1ez, Presidente Nacional saliente, se dirigi\u00f3 a los presentes para agradecer que se le hubiera invitado a participar en este encuentro. Se refiri\u00f3 a la problem\u00e1tica que hab\u00eda tenido que abordar como presidente as\u00ed como la Ejecutiva Nacional en estos a\u00f1os, en cuanto a la econom\u00eda de la Confederaci\u00f3n y la Fundaci\u00f3n Juan Bosco Siglo XXI. Subray\u00f3 la necesidad de que prevaleciera la idea de unidad, no en vano las asociaciones locales de AA.AA. surgieron con el nombre de uni\u00f3n. Comunic\u00f3 el proceso por el que atravesaba la elecci\u00f3n de nuevo Presidente Nacional.<\/p>\n<p>La jornada finaliz\u00f3 con la celebraci\u00f3n de la Eucarist\u00eda y la comida de hermandad.<\/p>\n<p>[\/et_pb_text][\/et_pb_column][\/et_pb_row][et_pb_row _builder_version=\u00bb4.11.3&#8243; _module_preset=\u00bbdefault\u00bb column_structure=\u00bb1_3,1_3,1_3&#8243;][et_pb_column _builder_version=\u00bb4.11.3&#8243; _module_preset=\u00bbdefault\u00bb type=\u00bb1_3&#8243;][et_pb_image _builder_version=\u00bb4.11.3&#8243; _module_preset=\u00bbdefault\u00bb title_text=\u00bbIMG_1783&#8243; src=\u00bbhttp:\/\/www.salesianos.edu\/familiasalesiana\/wp-content\/uploads\/sites\/5\/2021\/10\/IMG_1783-scaled.jpg\u00bb hover_enabled=\u00bb0&#8243; sticky_enabled=\u00bb0&#8243;][\/et_pb_image][\/et_pb_column][et_pb_column _builder_version=\u00bb4.11.3&#8243; _module_preset=\u00bbdefault\u00bb type=\u00bb1_3&#8243;][et_pb_image _builder_version=\u00bb4.11.3&#8243; _module_preset=\u00bbdefault\u00bb title_text=\u00bbIMG_1778&#8243; src=\u00bbhttp:\/\/www.salesianos.edu\/familiasalesiana\/wp-content\/uploads\/sites\/5\/2021\/10\/IMG_1778-scaled.jpg\u00bb hover_enabled=\u00bb0&#8243; sticky_enabled=\u00bb0&#8243;][\/et_pb_image][\/et_pb_column][et_pb_column _builder_version=\u00bb4.11.3&#8243; _module_preset=\u00bbdefault\u00bb type=\u00bb1_3&#8243;][et_pb_image _builder_version=\u00bb4.11.3&#8243; _module_preset=\u00bbdefault\u00bb title_text=\u00bbIMG_1776&#8243; src=\u00bbhttp:\/\/www.salesianos.edu\/familiasalesiana\/wp-content\/uploads\/sites\/5\/2021\/10\/IMG_1776-scaled.jpg\u00bb hover_enabled=\u00bb0&#8243; sticky_enabled=\u00bb0&#8243;][\/et_pb_image][\/et_pb_column][\/et_pb_row][\/et_pb_section]<\/p>\n","protected":false},"excerpt":{"rendered":"<p>Presidentes y delegados de las asociaciones locales que constituyen la Federaci\u00f3n Regional de Valencia de Antiguos Alumnos de Don Bosco \u00abCarlos Gastini\u00bb se reunieron en el Colegio Salesiano S. Vicente Ferrer de Alcoy el domingo 3 de octubre para revisar objetivos y l\u00edneas de acci\u00f3n de cara al curso 2021-22, tener un momento de formaci\u00f3n, [&hellip;]<\/p>\n","protected":false},"author":31,"featured_media":9754,"comment_status":"open","ping_status":"open","sticky":false,"template":"","format":"standard","meta":{"_et_pb_use_builder":"on","_et_pb_old_content":"","_et_gb_content_width":"","footnotes":""},"categories":[54,60,27],"tags":[],"class_list":["post-9747","post","type-post","status-publish","format-standard","has-post-thumbnail","hentry","category-antiguos-alumnos","category-curso21-22","category-fasa"],"yoast_head":"<!-- This site is optimized with the Yoast SEO plugin v27.5 - https:\/\/yoast.com\/product\/yoast-seo-wordpress\/ -->\n<title>Encuentro de Delegados y Presidentes de la Federaci\u00f3n Regional de Valencia de AA.AA. de Don Bosco &quot;Carlos Gastini&quot; - Familia Salesiana<\/title>\n<meta name=\"robots\" content=\"index, follow, max-snippet:-1, max-image-preview:large, max-video-preview:-1\" \/>\n<link rel=\"canonical\" href=\"https:\/\/www.salesianos.edu\/familiasalesiana\/encuentro-de-delegados-y-presidentes-de-la-federacion-regional-de-valencia-de-aa-aa-de-don-bosco-carlos-gastini\/\" \/>\n<meta property=\"og:locale\" content=\"es_ES\" \/>\n<meta property=\"og:type\" content=\"article\" \/>\n<meta property=\"og:title\" content=\"Encuentro de Delegados y Presidentes de la Federaci\u00f3n Regional de Valencia de AA.AA. de Don Bosco &quot;Carlos Gastini&quot; - Familia Salesiana\" \/>\n<meta property=\"og:description\" content=\"Titulo p\u00e1ginas Subtitulo 1 Lorem Ipsum es simplemente el texto de relleno de las imprentas y archivos de texto. Lorem Ipsum ha sido el texto de relleno est\u00e1ndar de las industrias desde el a\u00f1o 1500, cuando un impresor (N. del T. persona que se dedica a la imprenta) desconocido us\u00f3 una galer\u00eda de textos y [&hellip;]\" \/>\n<meta property=\"og:url\" content=\"https:\/\/www.salesianos.edu\/familiasalesiana\/encuentro-de-delegados-y-presidentes-de-la-federacion-regional-de-valencia-de-aa-aa-de-don-bosco-carlos-gastini\/\" \/>\n<meta property=\"og:site_name\" content=\"Familia Salesiana\" \/>\n<meta property=\"article:published_time\" content=\"2021-10-18T08:12:19+00:00\" \/>\n<meta property=\"article:modified_time\" content=\"2021-10-18T08:12:22+00:00\" \/>\n<meta property=\"og:image\" content=\"https:\/\/www.salesianos.edu\/familiasalesiana\/wp-content\/uploads\/sites\/5\/2021\/10\/IMG_1783-1-scaled.jpg\" \/>\n\t<meta property=\"og:image:width\" content=\"2560\" \/>\n\t<meta property=\"og:image:height\" content=\"1077\" \/>\n\t<meta property=\"og:image:type\" content=\"image\/jpeg\" \/>\n<meta name=\"author\" content=\"antoninogomez\" \/>\n<meta name=\"twitter:card\" content=\"summary_large_image\" \/>\n<meta name=\"twitter:label1\" content=\"Escrito por\" \/>\n\t<meta name=\"twitter:data1\" content=\"antoninogomez\" \/>\n\t<meta name=\"twitter:label2\" content=\"Tiempo de lectura\" \/>\n\t<meta name=\"twitter:data2\" content=\"5 minutos\" \/>\n<script type=\"application\/ld+json\" class=\"yoast-schema-graph\">{\"@context\":\"https:\\\/\\\/schema.org\",\"@graph\":[{\"@type\":\"Article\",\"@id\":\"https:\\\/\\\/www.salesianos.edu\\\/familiasalesiana\\\/encuentro-de-delegados-y-presidentes-de-la-federacion-regional-de-valencia-de-aa-aa-de-don-bosco-carlos-gastini\\\/#article\",\"isPartOf\":{\"@id\":\"https:\\\/\\\/www.salesianos.edu\\\/familiasalesiana\\\/encuentro-de-delegados-y-presidentes-de-la-federacion-regional-de-valencia-de-aa-aa-de-don-bosco-carlos-gastini\\\/\"},\"author\":{\"name\":\"antoninogomez\",\"@id\":\"http:\\\/\\\/www.salesianos.edu\\\/familiasalesiana\\\/#\\\/schema\\\/person\\\/a379b91cdbdb13a276ccd4465b96104e\"},\"headline\":\"Encuentro de Delegados y Presidentes de la Federaci\u00f3n Regional de Valencia de AA.AA. de Don Bosco \u00abCarlos Gastini\u00bb\",\"datePublished\":\"2021-10-18T08:12:19+00:00\",\"dateModified\":\"2021-10-18T08:12:22+00:00\",\"mainEntityOfPage\":{\"@id\":\"https:\\\/\\\/www.salesianos.edu\\\/familiasalesiana\\\/encuentro-de-delegados-y-presidentes-de-la-federacion-regional-de-valencia-de-aa-aa-de-don-bosco-carlos-gastini\\\/\"},\"wordCount\":978,\"commentCount\":0,\"image\":{\"@id\":\"https:\\\/\\\/www.salesianos.edu\\\/familiasalesiana\\\/encuentro-de-delegados-y-presidentes-de-la-federacion-regional-de-valencia-de-aa-aa-de-don-bosco-carlos-gastini\\\/#primaryimage\"},\"thumbnailUrl\":\"https:\\\/\\\/www.salesianos.edu\\\/familiasalesiana\\\/wp-content\\\/uploads\\\/sites\\\/5\\\/2021\\\/10\\\/IMG_1783-1-scaled.jpg\",\"articleSection\":[\"Antiguos Alumnos\",\"Curso21-22\",\"Familia Salesiana\"],\"inLanguage\":\"es\",\"potentialAction\":[{\"@type\":\"CommentAction\",\"name\":\"Comment\",\"target\":[\"https:\\\/\\\/www.salesianos.edu\\\/familiasalesiana\\\/encuentro-de-delegados-y-presidentes-de-la-federacion-regional-de-valencia-de-aa-aa-de-don-bosco-carlos-gastini\\\/#respond\"]}]},{\"@type\":\"WebPage\",\"@id\":\"https:\\\/\\\/www.salesianos.edu\\\/familiasalesiana\\\/encuentro-de-delegados-y-presidentes-de-la-federacion-regional-de-valencia-de-aa-aa-de-don-bosco-carlos-gastini\\\/\",\"url\":\"https:\\\/\\\/www.salesianos.edu\\\/familiasalesiana\\\/encuentro-de-delegados-y-presidentes-de-la-federacion-regional-de-valencia-de-aa-aa-de-don-bosco-carlos-gastini\\\/\",\"name\":\"Encuentro de Delegados y Presidentes de la Federaci\u00f3n Regional de Valencia de AA.AA. de Don Bosco \\\"Carlos Gastini\\\" - Familia Salesiana\",\"isPartOf\":{\"@id\":\"http:\\\/\\\/www.salesianos.edu\\\/familiasalesiana\\\/#website\"},\"primaryImageOfPage\":{\"@id\":\"https:\\\/\\\/www.salesianos.edu\\\/familiasalesiana\\\/encuentro-de-delegados-y-presidentes-de-la-federacion-regional-de-valencia-de-aa-aa-de-don-bosco-carlos-gastini\\\/#primaryimage\"},\"image\":{\"@id\":\"https:\\\/\\\/www.salesianos.edu\\\/familiasalesiana\\\/encuentro-de-delegados-y-presidentes-de-la-federacion-regional-de-valencia-de-aa-aa-de-don-bosco-carlos-gastini\\\/#primaryimage\"},\"thumbnailUrl\":\"https:\\\/\\\/www.salesianos.edu\\\/familiasalesiana\\\/wp-content\\\/uploads\\\/sites\\\/5\\\/2021\\\/10\\\/IMG_1783-1-scaled.jpg\",\"datePublished\":\"2021-10-18T08:12:19+00:00\",\"dateModified\":\"2021-10-18T08:12:22+00:00\",\"author\":{\"@id\":\"http:\\\/\\\/www.salesianos.edu\\\/familiasalesiana\\\/#\\\/schema\\\/person\\\/a379b91cdbdb13a276ccd4465b96104e\"},\"breadcrumb\":{\"@id\":\"https:\\\/\\\/www.salesianos.edu\\\/familiasalesiana\\\/encuentro-de-delegados-y-presidentes-de-la-federacion-regional-de-valencia-de-aa-aa-de-don-bosco-carlos-gastini\\\/#breadcrumb\"},\"inLanguage\":\"es\",\"potentialAction\":[{\"@type\":\"ReadAction\",\"target\":[\"https:\\\/\\\/www.salesianos.edu\\\/familiasalesiana\\\/encuentro-de-delegados-y-presidentes-de-la-federacion-regional-de-valencia-de-aa-aa-de-don-bosco-carlos-gastini\\\/\"]}]},{\"@type\":\"ImageObject\",\"inLanguage\":\"es\",\"@id\":\"https:\\\/\\\/www.salesianos.edu\\\/familiasalesiana\\\/encuentro-de-delegados-y-presidentes-de-la-federacion-regional-de-valencia-de-aa-aa-de-don-bosco-carlos-gastini\\\/#primaryimage\",\"url\":\"https:\\\/\\\/www.salesianos.edu\\\/familiasalesiana\\\/wp-content\\\/uploads\\\/sites\\\/5\\\/2021\\\/10\\\/IMG_1783-1-scaled.jpg\",\"contentUrl\":\"https:\\\/\\\/www.salesianos.edu\\\/familiasalesiana\\\/wp-content\\\/uploads\\\/sites\\\/5\\\/2021\\\/10\\\/IMG_1783-1-scaled.jpg\",\"width\":2560,\"height\":1077},{\"@type\":\"BreadcrumbList\",\"@id\":\"https:\\\/\\\/www.salesianos.edu\\\/familiasalesiana\\\/encuentro-de-delegados-y-presidentes-de-la-federacion-regional-de-valencia-de-aa-aa-de-don-bosco-carlos-gastini\\\/#breadcrumb\",\"itemListElement\":[{\"@type\":\"ListItem\",\"position\":1,\"name\":\"Portada\",\"item\":\"http:\\\/\\\/www.salesianos.edu\\\/familiasalesiana\\\/\"},{\"@type\":\"ListItem\",\"position\":2,\"name\":\"Encuentro de Delegados y Presidentes de la Federaci\u00f3n Regional de Valencia de AA.AA. de Don Bosco \u00abCarlos Gastini\u00bb\"}]},{\"@type\":\"WebSite\",\"@id\":\"http:\\\/\\\/www.salesianos.edu\\\/familiasalesiana\\\/#website\",\"url\":\"http:\\\/\\\/www.salesianos.edu\\\/familiasalesiana\\\/\",\"name\":\"Familia Salesiana\",\"description\":\"P\u00e1gina oficial de Inspector\u00eda Salesiana Mar\u00eda Auxiliadora\",\"potentialAction\":[{\"@type\":\"SearchAction\",\"target\":{\"@type\":\"EntryPoint\",\"urlTemplate\":\"http:\\\/\\\/www.salesianos.edu\\\/familiasalesiana\\\/?s={search_term_string}\"},\"query-input\":{\"@type\":\"PropertyValueSpecification\",\"valueRequired\":true,\"valueName\":\"search_term_string\"}}],\"inLanguage\":\"es\"},{\"@type\":\"Person\",\"@id\":\"http:\\\/\\\/www.salesianos.edu\\\/familiasalesiana\\\/#\\\/schema\\\/person\\\/a379b91cdbdb13a276ccd4465b96104e\",\"name\":\"antoninogomez\",\"image\":{\"@type\":\"ImageObject\",\"inLanguage\":\"es\",\"@id\":\"https:\\\/\\\/secure.gravatar.com\\\/avatar\\\/7ec9a9a03fb85ee41fe7eaf1bac753f58d6718a944b75d031135858e327f16cf?s=96&d=mm&r=g\",\"url\":\"https:\\\/\\\/secure.gravatar.com\\\/avatar\\\/7ec9a9a03fb85ee41fe7eaf1bac753f58d6718a944b75d031135858e327f16cf?s=96&d=mm&r=g\",\"contentUrl\":\"https:\\\/\\\/secure.gravatar.com\\\/avatar\\\/7ec9a9a03fb85ee41fe7eaf1bac753f58d6718a944b75d031135858e327f16cf?s=96&d=mm&r=g\",\"caption\":\"antoninogomez\"}}]}<\/script>\n<!-- \/ Yoast SEO plugin. -->","yoast_head_json":{"title":"Encuentro de Delegados y Presidentes de la Federaci\u00f3n Regional de Valencia de AA.AA. de Don Bosco \"Carlos Gastini\" - Familia Salesiana","robots":{"index":"index","follow":"follow","max-snippet":"max-snippet:-1","max-image-preview":"max-image-preview:large","max-video-preview":"max-video-preview:-1"},"canonical":"https:\/\/www.salesianos.edu\/familiasalesiana\/encuentro-de-delegados-y-presidentes-de-la-federacion-regional-de-valencia-de-aa-aa-de-don-bosco-carlos-gastini\/","og_locale":"es_ES","og_type":"article","og_title":"Encuentro de Delegados y Presidentes de la Federaci\u00f3n Regional de Valencia de AA.AA. de Don Bosco \"Carlos Gastini\" - Familia Salesiana","og_description":"Titulo p\u00e1ginas Subtitulo 1 Lorem Ipsum es simplemente el texto de relleno de las imprentas y archivos de texto. Lorem Ipsum ha sido el texto de relleno est\u00e1ndar de las industrias desde el a\u00f1o 1500, cuando un impresor (N. del T. persona que se dedica a la imprenta) desconocido us\u00f3 una galer\u00eda de textos y [&hellip;]","og_url":"https:\/\/www.salesianos.edu\/familiasalesiana\/encuentro-de-delegados-y-presidentes-de-la-federacion-regional-de-valencia-de-aa-aa-de-don-bosco-carlos-gastini\/","og_site_name":"Familia Salesiana","article_published_time":"2021-10-18T08:12:19+00:00","article_modified_time":"2021-10-18T08:12:22+00:00","og_image":[{"width":2560,"height":1077,"url":"https:\/\/www.salesianos.edu\/familiasalesiana\/wp-content\/uploads\/sites\/5\/2021\/10\/IMG_1783-1-scaled.jpg","type":"image\/jpeg"}],"author":"antoninogomez","twitter_card":"summary_large_image","twitter_misc":{"Escrito por":"antoninogomez","Tiempo de lectura":"5 minutos"},"schema":{"@context":"https:\/\/schema.org","@graph":[{"@type":"Article","@id":"https:\/\/www.salesianos.edu\/familiasalesiana\/encuentro-de-delegados-y-presidentes-de-la-federacion-regional-de-valencia-de-aa-aa-de-don-bosco-carlos-gastini\/#article","isPartOf":{"@id":"https:\/\/www.salesianos.edu\/familiasalesiana\/encuentro-de-delegados-y-presidentes-de-la-federacion-regional-de-valencia-de-aa-aa-de-don-bosco-carlos-gastini\/"},"author":{"name":"antoninogomez","@id":"http:\/\/www.salesianos.edu\/familiasalesiana\/#\/schema\/person\/a379b91cdbdb13a276ccd4465b96104e"},"headline":"Encuentro de Delegados y Presidentes de la Federaci\u00f3n Regional de Valencia de AA.AA. de Don Bosco \u00abCarlos Gastini\u00bb","datePublished":"2021-10-18T08:12:19+00:00","dateModified":"2021-10-18T08:12:22+00:00","mainEntityOfPage":{"@id":"https:\/\/www.salesianos.edu\/familiasalesiana\/encuentro-de-delegados-y-presidentes-de-la-federacion-regional-de-valencia-de-aa-aa-de-don-bosco-carlos-gastini\/"},"wordCount":978,"commentCount":0,"image":{"@id":"https:\/\/www.salesianos.edu\/familiasalesiana\/encuentro-de-delegados-y-presidentes-de-la-federacion-regional-de-valencia-de-aa-aa-de-don-bosco-carlos-gastini\/#primaryimage"},"thumbnailUrl":"https:\/\/www.salesianos.edu\/familiasalesiana\/wp-content\/uploads\/sites\/5\/2021\/10\/IMG_1783-1-scaled.jpg","articleSection":["Antiguos Alumnos","Curso21-22","Familia Salesiana"],"inLanguage":"es","potentialAction":[{"@type":"CommentAction","name":"Comment","target":["https:\/\/www.salesianos.edu\/familiasalesiana\/encuentro-de-delegados-y-presidentes-de-la-federacion-regional-de-valencia-de-aa-aa-de-don-bosco-carlos-gastini\/#respond"]}]},{"@type":"WebPage","@id":"https:\/\/www.salesianos.edu\/familiasalesiana\/encuentro-de-delegados-y-presidentes-de-la-federacion-regional-de-valencia-de-aa-aa-de-don-bosco-carlos-gastini\/","url":"https:\/\/www.salesianos.edu\/familiasalesiana\/encuentro-de-delegados-y-presidentes-de-la-federacion-regional-de-valencia-de-aa-aa-de-don-bosco-carlos-gastini\/","name":"Encuentro de Delegados y Presidentes de la Federaci\u00f3n Regional de Valencia de AA.AA. de Don Bosco \"Carlos Gastini\" - Familia Salesiana","isPartOf":{"@id":"http:\/\/www.salesianos.edu\/familiasalesiana\/#website"},"primaryImageOfPage":{"@id":"https:\/\/www.salesianos.edu\/familiasalesiana\/encuentro-de-delegados-y-presidentes-de-la-federacion-regional-de-valencia-de-aa-aa-de-don-bosco-carlos-gastini\/#primaryimage"},"image":{"@id":"https:\/\/www.salesianos.edu\/familiasalesiana\/encuentro-de-delegados-y-presidentes-de-la-federacion-regional-de-valencia-de-aa-aa-de-don-bosco-carlos-gastini\/#primaryimage"},"thumbnailUrl":"https:\/\/www.salesianos.edu\/familiasalesiana\/wp-content\/uploads\/sites\/5\/2021\/10\/IMG_1783-1-scaled.jpg","datePublished":"2021-10-18T08:12:19+00:00","dateModified":"2021-10-18T08:12:22+00:00","author":{"@id":"http:\/\/www.salesianos.edu\/familiasalesiana\/#\/schema\/person\/a379b91cdbdb13a276ccd4465b96104e"},"breadcrumb":{"@id":"https:\/\/www.salesianos.edu\/familiasalesiana\/encuentro-de-delegados-y-presidentes-de-la-federacion-regional-de-valencia-de-aa-aa-de-don-bosco-carlos-gastini\/#breadcrumb"},"inLanguage":"es","potentialAction":[{"@type":"ReadAction","target":["https:\/\/www.salesianos.edu\/familiasalesiana\/encuentro-de-delegados-y-presidentes-de-la-federacion-regional-de-valencia-de-aa-aa-de-don-bosco-carlos-gastini\/"]}]},{"@type":"ImageObject","inLanguage":"es","@id":"https:\/\/www.salesianos.edu\/familiasalesiana\/encuentro-de-delegados-y-presidentes-de-la-federacion-regional-de-valencia-de-aa-aa-de-don-bosco-carlos-gastini\/#primaryimage","url":"https:\/\/www.salesianos.edu\/familiasalesiana\/wp-content\/uploads\/sites\/5\/2021\/10\/IMG_1783-1-scaled.jpg","contentUrl":"https:\/\/www.salesianos.edu\/familiasalesiana\/wp-content\/uploads\/sites\/5\/2021\/10\/IMG_1783-1-scaled.jpg","width":2560,"height":1077},{"@type":"BreadcrumbList","@id":"https:\/\/www.salesianos.edu\/familiasalesiana\/encuentro-de-delegados-y-presidentes-de-la-federacion-regional-de-valencia-de-aa-aa-de-don-bosco-carlos-gastini\/#breadcrumb","itemListElement":[{"@type":"ListItem","position":1,"name":"Portada","item":"http:\/\/www.salesianos.edu\/familiasalesiana\/"},{"@type":"ListItem","position":2,"name":"Encuentro de Delegados y Presidentes de la Federaci\u00f3n Regional de Valencia de AA.AA. de Don Bosco \u00abCarlos Gastini\u00bb"}]},{"@type":"WebSite","@id":"http:\/\/www.salesianos.edu\/familiasalesiana\/#website","url":"http:\/\/www.salesianos.edu\/familiasalesiana\/","name":"Familia Salesiana","description":"P\u00e1gina oficial de Inspector\u00eda Salesiana Mar\u00eda Auxiliadora","potentialAction":[{"@type":"SearchAction","target":{"@type":"EntryPoint","urlTemplate":"http:\/\/www.salesianos.edu\/familiasalesiana\/?s={search_term_string}"},"query-input":{"@type":"PropertyValueSpecification","valueRequired":true,"valueName":"search_term_string"}}],"inLanguage":"es"},{"@type":"Person","@id":"http:\/\/www.salesianos.edu\/familiasalesiana\/#\/schema\/person\/a379b91cdbdb13a276ccd4465b96104e","name":"antoninogomez","image":{"@type":"ImageObject","inLanguage":"es","@id":"https:\/\/secure.gravatar.com\/avatar\/7ec9a9a03fb85ee41fe7eaf1bac753f58d6718a944b75d031135858e327f16cf?s=96&d=mm&r=g","url":"https:\/\/secure.gravatar.com\/avatar\/7ec9a9a03fb85ee41fe7eaf1bac753f58d6718a944b75d031135858e327f16cf?s=96&d=mm&r=g","contentUrl":"https:\/\/secure.gravatar.com\/avatar\/7ec9a9a03fb85ee41fe7eaf1bac753f58d6718a944b75d031135858e327f16cf?s=96&d=mm&r=g","caption":"antoninogomez"}}]}},"_links":{"self":[{"href":"https:\/\/www.salesianos.edu\/familiasalesiana\/wp-json\/wp\/v2\/posts\/9747","targetHints":{"allow":["GET"]}}],"collection":[{"href":"https:\/\/www.salesianos.edu\/familiasalesiana\/wp-json\/wp\/v2\/posts"}],"about":[{"href":"https:\/\/www.salesianos.edu\/familiasalesiana\/wp-json\/wp\/v2\/types\/post"}],"author":[{"embeddable":true,"href":"https:\/\/www.salesianos.edu\/familiasalesiana\/wp-json\/wp\/v2\/users\/31"}],"replies":[{"embeddable":true,"href":"https:\/\/www.salesianos.edu\/familiasalesiana\/wp-json\/wp\/v2\/comments?post=9747"}],"version-history":[{"count":4,"href":"https:\/\/www.salesianos.edu\/familiasalesiana\/wp-json\/wp\/v2\/posts\/9747\/revisions"}],"predecessor-version":[{"id":9756,"href":"https:\/\/www.salesianos.edu\/familiasalesiana\/wp-json\/wp\/v2\/posts\/9747\/revisions\/9756"}],"wp:featuredmedia":[{"embeddable":true,"href":"https:\/\/www.salesianos.edu\/familiasalesiana\/wp-json\/wp\/v2\/media\/9754"}],"wp:attachment":[{"href":"https:\/\/www.salesianos.edu\/familiasalesiana\/wp-json\/wp\/v2\/media?parent=9747"}],"wp:term":[{"taxonomy":"category","embeddable":true,"href":"https:\/\/www.salesianos.edu\/familiasalesiana\/wp-json\/wp\/v2\/categories?post=9747"},{"taxonomy":"post_tag","embeddable":true,"href":"https:\/\/www.salesianos.edu\/familiasalesiana\/wp-json\/wp\/v2\/tags?post=9747"}],"curies":[{"name":"wp","href":"https:\/\/api.w.org\/{rel}","templated":true}]}}