{"id":9743,"date":"2021-10-18T10:03:39","date_gmt":"2021-10-18T09:03:39","guid":{"rendered":"https:\/\/www.salesianos.edu\/familiasalesiana\/?p=9743"},"modified":"2021-10-18T09:28:49","modified_gmt":"2021-10-18T08:28:49","slug":"el-centro-de-sevilla-acoge-la-exposicion-sobre-la-historia-y-devocion-de-archicofradia-de-maria-auxiliadora","status":"publish","type":"post","link":"https:\/\/www.salesianos.edu\/familiasalesiana\/el-centro-de-sevilla-acoge-la-exposicion-sobre-la-historia-y-devocion-de-archicofradia-de-maria-auxiliadora\/","title":{"rendered":"El centro de Sevilla acoge la exposici\u00f3n sobre la Historia y Devoci\u00f3n de Archicofrad\u00eda de Mar\u00eda Auxiliadora"},"content":{"rendered":"<div id=\"fb-root\"><\/div>\n<p>[et_pb_section fb_built=\u00bb1&#8243; _builder_version=\u00bb4.11.3&#8243; _module_preset=\u00bbdefault\u00bb global_colors_info=\u00bb{}\u00bb][et_pb_row _builder_version=\u00bb4.11.3&#8243; _module_preset=\u00bbdefault\u00bb global_colors_info=\u00bb{}\u00bb][et_pb_column type=\u00bb4_4&#8243; _builder_version=\u00bb4.11.3&#8243; _module_preset=\u00bbdefault\u00bb global_colors_info=\u00bb{}\u00bb][et_pb_text _builder_version=\u00bb4.11.3&#8243; _module_preset=\u00bbdefault\u00bb global_colors_info=\u00bb{}\u00bb]<\/p>\n<p>ADMA Trinidad<\/p>\n<p>La exposici\u00f3n suplir\u00e1 a la ya programada en el pasado mes de febrero que hubiera mostrado el recorrido hist\u00f3rico y devocional de la Archicofrad\u00eda, desde su fundaci\u00f3n, en el a\u00f1o 1896, hasta la actualidad, pero que debido a las medidas sanitarias decretadas por las autoridades con motivo de la COVID-19 en aquel momento, no fue posible su realizaci\u00f3n.<\/p>\n<p>La muestra fotogr\u00e1fica, que se inaugur\u00f3 el pasado viernes 15 y estar\u00e1 disponible hasta el 31 de octubre en la Plaza de la Encarnaci\u00f3n, est\u00e1 compuesta por 10 mupis a doble cara que han sido cedidos por el Ayuntamiento de Sevilla, a trav\u00e9s de EMASESA. La exposici\u00f3n hace un recorrido por la historia de la Archicofrad\u00eda, desde la llegada de la Sant\u00edsima Virgen a la ciudad de Sevilla hasta nuestros d\u00edas, mostrando de esta manera las efem\u00e9rides y acontecimientos m\u00e1s importantes. Adem\u00e1s, la exposici\u00f3n incorpora im\u00e1genes hist\u00f3ricas in\u00e9ditas de la Stma. Virgen acompa\u00f1adas de textos descriptivos que permitir\u00e1n a los viandantes conocer m\u00e1s de cerca la historia de la corporaci\u00f3n salesiana.<\/p>\n<p>Cada una de las fotograf\u00edas ir\u00e1 acompa\u00f1ada de un c\u00f3digo QR a trav\u00e9s del cual se podr\u00e1 acceder a breves v\u00eddeos explicativos que hacen revivir aquellos acontecimientos entre los que se encuentran: la llegada de la Virgen, fundaci\u00f3n de la corporaci\u00f3n, coronaci\u00f3n can\u00f3nica, concesi\u00f3n de la medalla de la ciudad y la primera celebraci\u00f3n del acto de la bajada de Mar\u00eda Auxiliadora.<\/p>\n<p>Las fotograf\u00edas son obra de los fot\u00f3grafos: Roc\u00edo Iglesias, Manuel J. Rechi, F\u00e9lix J. D\u00edaz, Carlos Mar\u00edn y Felipe Benigno; las fotograf\u00edas hist\u00f3ricas pertenecen al archivo de la Archicofrad\u00eda.<\/p>\n<p>[\/et_pb_text][\/et_pb_column][\/et_pb_row][\/et_pb_section]<\/p>\n","protected":false},"excerpt":{"rendered":"<p>Esta muestra de 20 fotograf\u00edas de gran formato estar\u00e1 expuesta en la Plaza de la Encarnaci\u00f3n del 15 al 31 de octubre con motivo del 125 aniversario fundacional.<\/p>\n","protected":false},"author":31,"featured_media":9744,"comment_status":"open","ping_status":"open","sticky":false,"template":"","format":"standard","meta":{"_et_pb_use_builder":"on","_et_pb_old_content":"","_et_gb_content_width":"","footnotes":""},"categories":[53,60,15],"tags":[],"class_list":["post-9743","post","type-post","status-publish","format-standard","has-post-thumbnail","hentry","category-adma","category-curso21-22","category-portada"],"yoast_head":"<!-- This site is optimized with the Yoast SEO plugin v27.5 - https:\/\/yoast.com\/product\/yoast-seo-wordpress\/ -->\n<title>El centro de Sevilla acoge la exposici\u00f3n sobre la Historia y Devoci\u00f3n de Archicofrad\u00eda de Mar\u00eda Auxiliadora - Familia Salesiana<\/title>\n<meta name=\"robots\" content=\"index, follow, max-snippet:-1, max-image-preview:large, max-video-preview:-1\" \/>\n<link rel=\"canonical\" href=\"https:\/\/www.salesianos.edu\/familiasalesiana\/el-centro-de-sevilla-acoge-la-exposicion-sobre-la-historia-y-devocion-de-archicofradia-de-maria-auxiliadora\/\" \/>\n<meta property=\"og:locale\" content=\"es_ES\" \/>\n<meta property=\"og:type\" content=\"article\" \/>\n<meta property=\"og:title\" content=\"El centro de Sevilla acoge la exposici\u00f3n sobre la Historia y Devoci\u00f3n de Archicofrad\u00eda de Mar\u00eda Auxiliadora - Familia Salesiana\" \/>\n<meta property=\"og:description\" content=\"Esta muestra de 20 fotograf\u00edas de gran formato estar\u00e1 expuesta en la Plaza de la Encarnaci\u00f3n del 15 al 31 de octubre con motivo del 125 aniversario fundacional.\" \/>\n<meta property=\"og:url\" content=\"https:\/\/www.salesianos.edu\/familiasalesiana\/el-centro-de-sevilla-acoge-la-exposicion-sobre-la-historia-y-devocion-de-archicofradia-de-maria-auxiliadora\/\" \/>\n<meta property=\"og:site_name\" content=\"Familia Salesiana\" \/>\n<meta property=\"article:published_time\" content=\"2021-10-18T09:03:39+00:00\" \/>\n<meta property=\"og:image\" content=\"https:\/\/www.salesianos.edu\/familiasalesiana\/wp-content\/uploads\/sites\/5\/2021\/10\/TrinidadADMA.jpeg\" \/>\n\t<meta property=\"og:image:width\" content=\"1280\" \/>\n\t<meta property=\"og:image:height\" content=\"960\" \/>\n\t<meta property=\"og:image:type\" content=\"image\/jpeg\" \/>\n<meta name=\"author\" content=\"antoninogomez\" \/>\n<meta name=\"twitter:card\" content=\"summary_large_image\" \/>\n<meta name=\"twitter:label1\" content=\"Escrito por\" \/>\n\t<meta name=\"twitter:data1\" content=\"antoninogomez\" \/>\n\t<meta name=\"twitter:label2\" content=\"Tiempo de lectura\" \/>\n\t<meta name=\"twitter:data2\" content=\"2 minutos\" \/>\n<script type=\"application\/ld+json\" class=\"yoast-schema-graph\">{\"@context\":\"https:\\\/\\\/schema.org\",\"@graph\":[{\"@type\":\"Article\",\"@id\":\"https:\\\/\\\/www.salesianos.edu\\\/familiasalesiana\\\/el-centro-de-sevilla-acoge-la-exposicion-sobre-la-historia-y-devocion-de-archicofradia-de-maria-auxiliadora\\\/#article\",\"isPartOf\":{\"@id\":\"https:\\\/\\\/www.salesianos.edu\\\/familiasalesiana\\\/el-centro-de-sevilla-acoge-la-exposicion-sobre-la-historia-y-devocion-de-archicofradia-de-maria-auxiliadora\\\/\"},\"author\":{\"name\":\"antoninogomez\",\"@id\":\"http:\\\/\\\/www.salesianos.edu\\\/familiasalesiana\\\/#\\\/schema\\\/person\\\/a379b91cdbdb13a276ccd4465b96104e\"},\"headline\":\"El centro de Sevilla acoge la exposici\u00f3n sobre la Historia y Devoci\u00f3n de Archicofrad\u00eda de Mar\u00eda Auxiliadora\",\"datePublished\":\"2021-10-18T09:03:39+00:00\",\"mainEntityOfPage\":{\"@id\":\"https:\\\/\\\/www.salesianos.edu\\\/familiasalesiana\\\/el-centro-de-sevilla-acoge-la-exposicion-sobre-la-historia-y-devocion-de-archicofradia-de-maria-auxiliadora\\\/\"},\"wordCount\":383,\"commentCount\":0,\"image\":{\"@id\":\"https:\\\/\\\/www.salesianos.edu\\\/familiasalesiana\\\/el-centro-de-sevilla-acoge-la-exposicion-sobre-la-historia-y-devocion-de-archicofradia-de-maria-auxiliadora\\\/#primaryimage\"},\"thumbnailUrl\":\"https:\\\/\\\/www.salesianos.edu\\\/familiasalesiana\\\/wp-content\\\/uploads\\\/sites\\\/5\\\/2021\\\/10\\\/TrinidadADMA.jpeg\",\"articleSection\":[\"ADMA\",\"Curso21-22\",\"portada\"],\"inLanguage\":\"es\",\"potentialAction\":[{\"@type\":\"CommentAction\",\"name\":\"Comment\",\"target\":[\"https:\\\/\\\/www.salesianos.edu\\\/familiasalesiana\\\/el-centro-de-sevilla-acoge-la-exposicion-sobre-la-historia-y-devocion-de-archicofradia-de-maria-auxiliadora\\\/#respond\"]}]},{\"@type\":\"WebPage\",\"@id\":\"https:\\\/\\\/www.salesianos.edu\\\/familiasalesiana\\\/el-centro-de-sevilla-acoge-la-exposicion-sobre-la-historia-y-devocion-de-archicofradia-de-maria-auxiliadora\\\/\",\"url\":\"https:\\\/\\\/www.salesianos.edu\\\/familiasalesiana\\\/el-centro-de-sevilla-acoge-la-exposicion-sobre-la-historia-y-devocion-de-archicofradia-de-maria-auxiliadora\\\/\",\"name\":\"El centro de Sevilla acoge la exposici\u00f3n sobre la Historia y Devoci\u00f3n de Archicofrad\u00eda de Mar\u00eda Auxiliadora - Familia Salesiana\",\"isPartOf\":{\"@id\":\"http:\\\/\\\/www.salesianos.edu\\\/familiasalesiana\\\/#website\"},\"primaryImageOfPage\":{\"@id\":\"https:\\\/\\\/www.salesianos.edu\\\/familiasalesiana\\\/el-centro-de-sevilla-acoge-la-exposicion-sobre-la-historia-y-devocion-de-archicofradia-de-maria-auxiliadora\\\/#primaryimage\"},\"image\":{\"@id\":\"https:\\\/\\\/www.salesianos.edu\\\/familiasalesiana\\\/el-centro-de-sevilla-acoge-la-exposicion-sobre-la-historia-y-devocion-de-archicofradia-de-maria-auxiliadora\\\/#primaryimage\"},\"thumbnailUrl\":\"https:\\\/\\\/www.salesianos.edu\\\/familiasalesiana\\\/wp-content\\\/uploads\\\/sites\\\/5\\\/2021\\\/10\\\/TrinidadADMA.jpeg\",\"datePublished\":\"2021-10-18T09:03:39+00:00\",\"author\":{\"@id\":\"http:\\\/\\\/www.salesianos.edu\\\/familiasalesiana\\\/#\\\/schema\\\/person\\\/a379b91cdbdb13a276ccd4465b96104e\"},\"breadcrumb\":{\"@id\":\"https:\\\/\\\/www.salesianos.edu\\\/familiasalesiana\\\/el-centro-de-sevilla-acoge-la-exposicion-sobre-la-historia-y-devocion-de-archicofradia-de-maria-auxiliadora\\\/#breadcrumb\"},\"inLanguage\":\"es\",\"potentialAction\":[{\"@type\":\"ReadAction\",\"target\":[\"https:\\\/\\\/www.salesianos.edu\\\/familiasalesiana\\\/el-centro-de-sevilla-acoge-la-exposicion-sobre-la-historia-y-devocion-de-archicofradia-de-maria-auxiliadora\\\/\"]}]},{\"@type\":\"ImageObject\",\"inLanguage\":\"es\",\"@id\":\"https:\\\/\\\/www.salesianos.edu\\\/familiasalesiana\\\/el-centro-de-sevilla-acoge-la-exposicion-sobre-la-historia-y-devocion-de-archicofradia-de-maria-auxiliadora\\\/#primaryimage\",\"url\":\"https:\\\/\\\/www.salesianos.edu\\\/familiasalesiana\\\/wp-content\\\/uploads\\\/sites\\\/5\\\/2021\\\/10\\\/TrinidadADMA.jpeg\",\"contentUrl\":\"https:\\\/\\\/www.salesianos.edu\\\/familiasalesiana\\\/wp-content\\\/uploads\\\/sites\\\/5\\\/2021\\\/10\\\/TrinidadADMA.jpeg\",\"width\":1280,\"height\":960},{\"@type\":\"BreadcrumbList\",\"@id\":\"https:\\\/\\\/www.salesianos.edu\\\/familiasalesiana\\\/el-centro-de-sevilla-acoge-la-exposicion-sobre-la-historia-y-devocion-de-archicofradia-de-maria-auxiliadora\\\/#breadcrumb\",\"itemListElement\":[{\"@type\":\"ListItem\",\"position\":1,\"name\":\"Portada\",\"item\":\"http:\\\/\\\/www.salesianos.edu\\\/familiasalesiana\\\/\"},{\"@type\":\"ListItem\",\"position\":2,\"name\":\"El centro de Sevilla acoge la exposici\u00f3n sobre la Historia y Devoci\u00f3n de Archicofrad\u00eda de Mar\u00eda Auxiliadora\"}]},{\"@type\":\"WebSite\",\"@id\":\"http:\\\/\\\/www.salesianos.edu\\\/familiasalesiana\\\/#website\",\"url\":\"http:\\\/\\\/www.salesianos.edu\\\/familiasalesiana\\\/\",\"name\":\"Familia Salesiana\",\"description\":\"P\u00e1gina oficial de Inspector\u00eda Salesiana Mar\u00eda Auxiliadora\",\"potentialAction\":[{\"@type\":\"SearchAction\",\"target\":{\"@type\":\"EntryPoint\",\"urlTemplate\":\"http:\\\/\\\/www.salesianos.edu\\\/familiasalesiana\\\/?s={search_term_string}\"},\"query-input\":{\"@type\":\"PropertyValueSpecification\",\"valueRequired\":true,\"valueName\":\"search_term_string\"}}],\"inLanguage\":\"es\"},{\"@type\":\"Person\",\"@id\":\"http:\\\/\\\/www.salesianos.edu\\\/familiasalesiana\\\/#\\\/schema\\\/person\\\/a379b91cdbdb13a276ccd4465b96104e\",\"name\":\"antoninogomez\",\"image\":{\"@type\":\"ImageObject\",\"inLanguage\":\"es\",\"@id\":\"https:\\\/\\\/secure.gravatar.com\\\/avatar\\\/7ec9a9a03fb85ee41fe7eaf1bac753f58d6718a944b75d031135858e327f16cf?s=96&d=mm&r=g\",\"url\":\"https:\\\/\\\/secure.gravatar.com\\\/avatar\\\/7ec9a9a03fb85ee41fe7eaf1bac753f58d6718a944b75d031135858e327f16cf?s=96&d=mm&r=g\",\"contentUrl\":\"https:\\\/\\\/secure.gravatar.com\\\/avatar\\\/7ec9a9a03fb85ee41fe7eaf1bac753f58d6718a944b75d031135858e327f16cf?s=96&d=mm&r=g\",\"caption\":\"antoninogomez\"}}]}<\/script>\n<!-- \/ Yoast SEO plugin. -->","yoast_head_json":{"title":"El centro de Sevilla acoge la exposici\u00f3n sobre la Historia y Devoci\u00f3n de Archicofrad\u00eda de Mar\u00eda Auxiliadora - Familia Salesiana","robots":{"index":"index","follow":"follow","max-snippet":"max-snippet:-1","max-image-preview":"max-image-preview:large","max-video-preview":"max-video-preview:-1"},"canonical":"https:\/\/www.salesianos.edu\/familiasalesiana\/el-centro-de-sevilla-acoge-la-exposicion-sobre-la-historia-y-devocion-de-archicofradia-de-maria-auxiliadora\/","og_locale":"es_ES","og_type":"article","og_title":"El centro de Sevilla acoge la exposici\u00f3n sobre la Historia y Devoci\u00f3n de Archicofrad\u00eda de Mar\u00eda Auxiliadora - Familia Salesiana","og_description":"Esta muestra de 20 fotograf\u00edas de gran formato estar\u00e1 expuesta en la Plaza de la Encarnaci\u00f3n del 15 al 31 de octubre con motivo del 125 aniversario fundacional.","og_url":"https:\/\/www.salesianos.edu\/familiasalesiana\/el-centro-de-sevilla-acoge-la-exposicion-sobre-la-historia-y-devocion-de-archicofradia-de-maria-auxiliadora\/","og_site_name":"Familia Salesiana","article_published_time":"2021-10-18T09:03:39+00:00","og_image":[{"width":1280,"height":960,"url":"https:\/\/www.salesianos.edu\/familiasalesiana\/wp-content\/uploads\/sites\/5\/2021\/10\/TrinidadADMA.jpeg","type":"image\/jpeg"}],"author":"antoninogomez","twitter_card":"summary_large_image","twitter_misc":{"Escrito por":"antoninogomez","Tiempo de lectura":"2 minutos"},"schema":{"@context":"https:\/\/schema.org","@graph":[{"@type":"Article","@id":"https:\/\/www.salesianos.edu\/familiasalesiana\/el-centro-de-sevilla-acoge-la-exposicion-sobre-la-historia-y-devocion-de-archicofradia-de-maria-auxiliadora\/#article","isPartOf":{"@id":"https:\/\/www.salesianos.edu\/familiasalesiana\/el-centro-de-sevilla-acoge-la-exposicion-sobre-la-historia-y-devocion-de-archicofradia-de-maria-auxiliadora\/"},"author":{"name":"antoninogomez","@id":"http:\/\/www.salesianos.edu\/familiasalesiana\/#\/schema\/person\/a379b91cdbdb13a276ccd4465b96104e"},"headline":"El centro de Sevilla acoge la exposici\u00f3n sobre la Historia y Devoci\u00f3n de Archicofrad\u00eda de Mar\u00eda Auxiliadora","datePublished":"2021-10-18T09:03:39+00:00","mainEntityOfPage":{"@id":"https:\/\/www.salesianos.edu\/familiasalesiana\/el-centro-de-sevilla-acoge-la-exposicion-sobre-la-historia-y-devocion-de-archicofradia-de-maria-auxiliadora\/"},"wordCount":383,"commentCount":0,"image":{"@id":"https:\/\/www.salesianos.edu\/familiasalesiana\/el-centro-de-sevilla-acoge-la-exposicion-sobre-la-historia-y-devocion-de-archicofradia-de-maria-auxiliadora\/#primaryimage"},"thumbnailUrl":"https:\/\/www.salesianos.edu\/familiasalesiana\/wp-content\/uploads\/sites\/5\/2021\/10\/TrinidadADMA.jpeg","articleSection":["ADMA","Curso21-22","portada"],"inLanguage":"es","potentialAction":[{"@type":"CommentAction","name":"Comment","target":["https:\/\/www.salesianos.edu\/familiasalesiana\/el-centro-de-sevilla-acoge-la-exposicion-sobre-la-historia-y-devocion-de-archicofradia-de-maria-auxiliadora\/#respond"]}]},{"@type":"WebPage","@id":"https:\/\/www.salesianos.edu\/familiasalesiana\/el-centro-de-sevilla-acoge-la-exposicion-sobre-la-historia-y-devocion-de-archicofradia-de-maria-auxiliadora\/","url":"https:\/\/www.salesianos.edu\/familiasalesiana\/el-centro-de-sevilla-acoge-la-exposicion-sobre-la-historia-y-devocion-de-archicofradia-de-maria-auxiliadora\/","name":"El centro de Sevilla acoge la exposici\u00f3n sobre la Historia y Devoci\u00f3n de Archicofrad\u00eda de Mar\u00eda Auxiliadora - Familia Salesiana","isPartOf":{"@id":"http:\/\/www.salesianos.edu\/familiasalesiana\/#website"},"primaryImageOfPage":{"@id":"https:\/\/www.salesianos.edu\/familiasalesiana\/el-centro-de-sevilla-acoge-la-exposicion-sobre-la-historia-y-devocion-de-archicofradia-de-maria-auxiliadora\/#primaryimage"},"image":{"@id":"https:\/\/www.salesianos.edu\/familiasalesiana\/el-centro-de-sevilla-acoge-la-exposicion-sobre-la-historia-y-devocion-de-archicofradia-de-maria-auxiliadora\/#primaryimage"},"thumbnailUrl":"https:\/\/www.salesianos.edu\/familiasalesiana\/wp-content\/uploads\/sites\/5\/2021\/10\/TrinidadADMA.jpeg","datePublished":"2021-10-18T09:03:39+00:00","author":{"@id":"http:\/\/www.salesianos.edu\/familiasalesiana\/#\/schema\/person\/a379b91cdbdb13a276ccd4465b96104e"},"breadcrumb":{"@id":"https:\/\/www.salesianos.edu\/familiasalesiana\/el-centro-de-sevilla-acoge-la-exposicion-sobre-la-historia-y-devocion-de-archicofradia-de-maria-auxiliadora\/#breadcrumb"},"inLanguage":"es","potentialAction":[{"@type":"ReadAction","target":["https:\/\/www.salesianos.edu\/familiasalesiana\/el-centro-de-sevilla-acoge-la-exposicion-sobre-la-historia-y-devocion-de-archicofradia-de-maria-auxiliadora\/"]}]},{"@type":"ImageObject","inLanguage":"es","@id":"https:\/\/www.salesianos.edu\/familiasalesiana\/el-centro-de-sevilla-acoge-la-exposicion-sobre-la-historia-y-devocion-de-archicofradia-de-maria-auxiliadora\/#primaryimage","url":"https:\/\/www.salesianos.edu\/familiasalesiana\/wp-content\/uploads\/sites\/5\/2021\/10\/TrinidadADMA.jpeg","contentUrl":"https:\/\/www.salesianos.edu\/familiasalesiana\/wp-content\/uploads\/sites\/5\/2021\/10\/TrinidadADMA.jpeg","width":1280,"height":960},{"@type":"BreadcrumbList","@id":"https:\/\/www.salesianos.edu\/familiasalesiana\/el-centro-de-sevilla-acoge-la-exposicion-sobre-la-historia-y-devocion-de-archicofradia-de-maria-auxiliadora\/#breadcrumb","itemListElement":[{"@type":"ListItem","position":1,"name":"Portada","item":"http:\/\/www.salesianos.edu\/familiasalesiana\/"},{"@type":"ListItem","position":2,"name":"El centro de Sevilla acoge la exposici\u00f3n sobre la Historia y Devoci\u00f3n de Archicofrad\u00eda de Mar\u00eda Auxiliadora"}]},{"@type":"WebSite","@id":"http:\/\/www.salesianos.edu\/familiasalesiana\/#website","url":"http:\/\/www.salesianos.edu\/familiasalesiana\/","name":"Familia Salesiana","description":"P\u00e1gina oficial de Inspector\u00eda Salesiana Mar\u00eda Auxiliadora","potentialAction":[{"@type":"SearchAction","target":{"@type":"EntryPoint","urlTemplate":"http:\/\/www.salesianos.edu\/familiasalesiana\/?s={search_term_string}"},"query-input":{"@type":"PropertyValueSpecification","valueRequired":true,"valueName":"search_term_string"}}],"inLanguage":"es"},{"@type":"Person","@id":"http:\/\/www.salesianos.edu\/familiasalesiana\/#\/schema\/person\/a379b91cdbdb13a276ccd4465b96104e","name":"antoninogomez","image":{"@type":"ImageObject","inLanguage":"es","@id":"https:\/\/secure.gravatar.com\/avatar\/7ec9a9a03fb85ee41fe7eaf1bac753f58d6718a944b75d031135858e327f16cf?s=96&d=mm&r=g","url":"https:\/\/secure.gravatar.com\/avatar\/7ec9a9a03fb85ee41fe7eaf1bac753f58d6718a944b75d031135858e327f16cf?s=96&d=mm&r=g","contentUrl":"https:\/\/secure.gravatar.com\/avatar\/7ec9a9a03fb85ee41fe7eaf1bac753f58d6718a944b75d031135858e327f16cf?s=96&d=mm&r=g","caption":"antoninogomez"}}]}},"_links":{"self":[{"href":"https:\/\/www.salesianos.edu\/familiasalesiana\/wp-json\/wp\/v2\/posts\/9743","targetHints":{"allow":["GET"]}}],"collection":[{"href":"https:\/\/www.salesianos.edu\/familiasalesiana\/wp-json\/wp\/v2\/posts"}],"about":[{"href":"https:\/\/www.salesianos.edu\/familiasalesiana\/wp-json\/wp\/v2\/types\/post"}],"author":[{"embeddable":true,"href":"https:\/\/www.salesianos.edu\/familiasalesiana\/wp-json\/wp\/v2\/users\/31"}],"replies":[{"embeddable":true,"href":"https:\/\/www.salesianos.edu\/familiasalesiana\/wp-json\/wp\/v2\/comments?post=9743"}],"version-history":[{"count":1,"href":"https:\/\/www.salesianos.edu\/familiasalesiana\/wp-json\/wp\/v2\/posts\/9743\/revisions"}],"predecessor-version":[{"id":9746,"href":"https:\/\/www.salesianos.edu\/familiasalesiana\/wp-json\/wp\/v2\/posts\/9743\/revisions\/9746"}],"wp:featuredmedia":[{"embeddable":true,"href":"https:\/\/www.salesianos.edu\/familiasalesiana\/wp-json\/wp\/v2\/media\/9744"}],"wp:attachment":[{"href":"https:\/\/www.salesianos.edu\/familiasalesiana\/wp-json\/wp\/v2\/media?parent=9743"}],"wp:term":[{"taxonomy":"category","embeddable":true,"href":"https:\/\/www.salesianos.edu\/familiasalesiana\/wp-json\/wp\/v2\/categories?post=9743"},{"taxonomy":"post_tag","embeddable":true,"href":"https:\/\/www.salesianos.edu\/familiasalesiana\/wp-json\/wp\/v2\/tags?post=9743"}],"curies":[{"name":"wp","href":"https:\/\/api.w.org\/{rel}","templated":true}]}}