{"id":9729,"date":"2021-09-30T10:33:03","date_gmt":"2021-09-30T09:33:03","guid":{"rendered":"https:\/\/www.salesianos.edu\/familiasalesiana\/?p=9729"},"modified":"2021-09-30T10:33:05","modified_gmt":"2021-09-30T09:33:05","slug":"presentacion-de-sor-reyes-como-nueva-delegada-para-adma","status":"publish","type":"post","link":"https:\/\/www.salesianos.edu\/familiasalesiana\/presentacion-de-sor-reyes-como-nueva-delegada-para-adma\/","title":{"rendered":"Presentaci\u00f3n de Sor Reyes como nueva delegada para ADMA"},"content":{"rendered":"<div id=\"fb-root\"><\/div>\n<p>[et_pb_section fb_built=\u00bb1&#8243; _builder_version=\u00bb4.10.8&#8243; _module_preset=\u00bbdefault\u00bb][et_pb_row _builder_version=\u00bb4.10.8&#8243; _module_preset=\u00bbdefault\u00bb][et_pb_column _builder_version=\u00bb4.10.8&#8243; _module_preset=\u00bbdefault\u00bb type=\u00bb4_4&#8243;][et_pb_text _builder_version=\u00bb4.10.8&#8243; _module_preset=\u00bbdefault\u00bb hover_enabled=\u00bb0&#8243; sticky_enabled=\u00bb0&#8243;]<\/p>\n<p><span style=\"font-weight: 400;\">Soy Mar\u00eda de los Reyes Ruiz Mateos Letr\u00e1n, natural \u00a0 de \u00a0 Rota (C\u00e1diz) pueblo muy Salesiano y devoto de la Virgen.<\/span><\/p>\n<p><span style=\"font-weight: 400;\">\u00a0M\u00aa Auxiliadora est\u00e1 ubicada en una de las entradas; por la otra, nuestra Patrona, la Virgen del Rosario, y si vienen de Chipiona, la Virgen de Regla y, obviamente, por el mar, la Virgen del Carmen, es que mi Pueblo es Mariano por todos los lados!<\/span><\/p>\n<p><span style=\"font-weight: 400;\">Le doy gracias a Dios porque la Virgen estuvo muy presente en mi nacimiento.<\/span><\/p>\n<p><span style=\"font-weight: 400;\">\u00a0Mis padres ten\u00edan un nombre para m\u00ed, pero mi t\u00eda,\u00a0 Carmen mujer de fe y amor a nuestra Madre,\u00a0 durante\u00a0 el Rosario de la aurora del 15 de Agosto, le\u00a0 prometi\u00f3\u00a0 a la Virgen de los Reyes, que si el parto era bueno y\u00a0 ven\u00eda una\u00a0 ni\u00f1a, me llamar\u00eda M\u00aa de los Reyes.<\/span><\/p>\n<p><span style=\"font-weight: 400;\">\u00a0Y as\u00ed fue, porque ella y mi madre siempre me lo recordaban y desde ah\u00ed sent\u00eda la cercan\u00eda y cuidado de Mar\u00eda! Adem\u00e1s de estar cerca de la Parroquia de Nuestra Se\u00f1ora de la O, viv\u00eda frente al castillo donde estaban las Hijas de Mar\u00eda Auxiliadora, que ten\u00edan el Colegio, San Ram\u00f3n y gracias a Ella, entr\u00e9 en el Colegio con las Hermanas.<\/span><\/p>\n<p><span style=\"font-weight: 400;\">\u00a0Desde peque\u00f1a he vivido tantos rosarios de la aurora con Don Sergio, SDB y las FMA; Fiestas de Mar\u00eda Auxiliadora con procesiones y fechas inolvidables\u2026<\/span><\/p>\n<p><span style=\"font-weight: 400;\">Hab\u00eda una portera con coraz\u00f3n Oratoriano que muchas veces me mandaba a la capilla a rezar a la Virgen, Sor Lorenza, que fue una acompa\u00f1ante que nunca olvidar\u00e9 en mi vida.\u00a0 Muchas veces me emociono como ella, con mi madre, me mandaban a llevar comida a los pobres.\u00a0 Yo, como ni\u00f1a, lo hac\u00eda con esfuerzo, pero \u00a1cu\u00e1nto me marc\u00f3 ver esas caras de alegr\u00eda al verme con la comida que mandaba la monja!\u00a0 Con el tiempo he comprendido esto!&#8230;<\/span><\/p>\n<p><span style=\"font-weight: 400;\">\u00a0MI primera Profesi\u00f3n la hice en el Templo de Nervi\u00f3n, el 5 de agosto de 1987 con 23 a\u00f1os.<\/span><\/p>\n<p><span style=\"font-weight: 400;\">\u00a0He estado casi 20 a\u00f1os en peque\u00f1as Comunidades de pueblo e inserci\u00f3n Social. Despu\u00e9s de estudiar Magisterio, en Colegios: Canarias, Jerez, Valverde del Camino, M .Auxiliadora de Nervi\u00f3n y actualmente, \u00a0 en M. Auxiliadora de San Vicente de Sevilla.\u00a0\u00a0<\/span><\/p>\n<p><span style=\"font-weight: 400;\">En n mi vida Salesiana, la Virgen ha sido un <\/span><b><i>pilar fuerte<\/i><\/b><span style=\"font-weight: 400;\"> en mi vocaci\u00f3n. Siento la Familia Salesiana como verdadera familia. He crecido con las Adma, Cooperadores y HDB que me han enriquecido y ayudado a vivir el Carisma.<\/span><\/p>\n<p><span style=\"font-weight: 400;\">Este verano al recibir la propuesta de la provincial, Sor M. del Rosario Garc\u00eda, no pude decir <\/span><b><i>no<\/i><\/b><span style=\"font-weight: 400;\"> porque la FASA es muy importante en mi vida y cuento con mi Auxiliadora que siempre me acompa\u00f1a y me sostiene.\u00a0 Por eso me pongo a disposici\u00f3n de la Vicaria, Sor Isabel P\u00e9rez, Delegada de FSA, de la Presidenta y todo el Consejo Provincial de ADMA.<\/span><\/p>\n<p><span style=\"font-weight: 400;\">Que nuestra Madre Auxiliadora nos ayude a todos y\u00a0 a todas\u00a0 a\u00a0 propagar\u00a0 esta devoci\u00f3n que D. Bosco y Madre Mazzarello nos transmitieron.<\/span><\/p>\n<p>[\/et_pb_text][\/et_pb_column][\/et_pb_row][\/et_pb_section]<\/p>\n","protected":false},"excerpt":{"rendered":"<p>Soy Mar\u00eda de los Reyes Ruiz Mateos Letr\u00e1n, natural \u00a0 de \u00a0 Rota (C\u00e1diz) pueblo muy Salesiano y devoto de la Virgen. \u00a0M\u00aa Auxiliadora est\u00e1 ubicada en una de las entradas; por la otra, nuestra Patrona, la Virgen del Rosario, y si vienen de Chipiona, la Virgen de Regla y, obviamente, por el mar, la [&hellip;]<\/p>\n","protected":false},"author":31,"featured_media":9734,"comment_status":"open","ping_status":"open","sticky":false,"template":"","format":"standard","meta":{"_et_pb_use_builder":"on","_et_pb_old_content":"","_et_gb_content_width":"","footnotes":""},"categories":[53,1],"tags":[],"class_list":["post-9729","post","type-post","status-publish","format-standard","has-post-thumbnail","hentry","category-adma","category-uncategorized"],"yoast_head":"<!-- This site is optimized with the Yoast SEO plugin v27.5 - https:\/\/yoast.com\/product\/yoast-seo-wordpress\/ -->\n<title>Presentaci\u00f3n de Sor Reyes como nueva delegada para ADMA - Familia Salesiana<\/title>\n<meta name=\"robots\" content=\"index, follow, max-snippet:-1, max-image-preview:large, max-video-preview:-1\" \/>\n<link rel=\"canonical\" href=\"https:\/\/www.salesianos.edu\/familiasalesiana\/presentacion-de-sor-reyes-como-nueva-delegada-para-adma\/\" \/>\n<meta property=\"og:locale\" content=\"es_ES\" \/>\n<meta property=\"og:type\" content=\"article\" \/>\n<meta property=\"og:title\" content=\"Presentaci\u00f3n de Sor Reyes como nueva delegada para ADMA - Familia Salesiana\" \/>\n<meta property=\"og:description\" content=\"Titulo p\u00e1ginas Subtitulo 1 Lorem Ipsum es simplemente el texto de relleno de las imprentas y archivos de texto. Lorem Ipsum ha sido el texto de relleno est\u00e1ndar de las industrias desde el a\u00f1o 1500, cuando un impresor (N. del T. persona que se dedica a la imprenta) desconocido us\u00f3 una galer\u00eda de textos y [&hellip;]\" \/>\n<meta property=\"og:url\" content=\"https:\/\/www.salesianos.edu\/familiasalesiana\/presentacion-de-sor-reyes-como-nueva-delegada-para-adma\/\" \/>\n<meta property=\"og:site_name\" content=\"Familia Salesiana\" \/>\n<meta property=\"article:published_time\" content=\"2021-09-30T09:33:03+00:00\" \/>\n<meta property=\"article:modified_time\" content=\"2021-09-30T09:33:05+00:00\" \/>\n<meta property=\"og:image\" content=\"https:\/\/www.salesianos.edu\/familiasalesiana\/wp-content\/uploads\/sites\/5\/2021\/09\/picture-frame-mockup-featuring-a-white-wooden-wall-and-a-plant-pot-542-el-1024x683.png\" \/>\n\t<meta property=\"og:image:width\" content=\"1024\" \/>\n\t<meta property=\"og:image:height\" content=\"683\" \/>\n\t<meta property=\"og:image:type\" content=\"image\/png\" \/>\n<meta name=\"author\" content=\"antoninogomez\" \/>\n<meta name=\"twitter:card\" content=\"summary_large_image\" \/>\n<meta name=\"twitter:label1\" content=\"Escrito por\" \/>\n\t<meta name=\"twitter:data1\" content=\"antoninogomez\" \/>\n\t<meta name=\"twitter:label2\" content=\"Tiempo de lectura\" \/>\n\t<meta name=\"twitter:data2\" content=\"3 minutos\" \/>\n<script type=\"application\/ld+json\" class=\"yoast-schema-graph\">{\"@context\":\"https:\\\/\\\/schema.org\",\"@graph\":[{\"@type\":\"Article\",\"@id\":\"https:\\\/\\\/www.salesianos.edu\\\/familiasalesiana\\\/presentacion-de-sor-reyes-como-nueva-delegada-para-adma\\\/#article\",\"isPartOf\":{\"@id\":\"https:\\\/\\\/www.salesianos.edu\\\/familiasalesiana\\\/presentacion-de-sor-reyes-como-nueva-delegada-para-adma\\\/\"},\"author\":{\"name\":\"antoninogomez\",\"@id\":\"http:\\\/\\\/www.salesianos.edu\\\/familiasalesiana\\\/#\\\/schema\\\/person\\\/a379b91cdbdb13a276ccd4465b96104e\"},\"headline\":\"Presentaci\u00f3n de Sor Reyes como nueva delegada para ADMA\",\"datePublished\":\"2021-09-30T09:33:03+00:00\",\"dateModified\":\"2021-09-30T09:33:05+00:00\",\"mainEntityOfPage\":{\"@id\":\"https:\\\/\\\/www.salesianos.edu\\\/familiasalesiana\\\/presentacion-de-sor-reyes-como-nueva-delegada-para-adma\\\/\"},\"wordCount\":580,\"commentCount\":5,\"image\":{\"@id\":\"https:\\\/\\\/www.salesianos.edu\\\/familiasalesiana\\\/presentacion-de-sor-reyes-como-nueva-delegada-para-adma\\\/#primaryimage\"},\"thumbnailUrl\":\"https:\\\/\\\/www.salesianos.edu\\\/familiasalesiana\\\/wp-content\\\/uploads\\\/sites\\\/5\\\/2021\\\/09\\\/picture-frame-mockup-featuring-a-white-wooden-wall-and-a-plant-pot-542-el.png\",\"articleSection\":[\"ADMA\",\"Uncategorized\"],\"inLanguage\":\"es\",\"potentialAction\":[{\"@type\":\"CommentAction\",\"name\":\"Comment\",\"target\":[\"https:\\\/\\\/www.salesianos.edu\\\/familiasalesiana\\\/presentacion-de-sor-reyes-como-nueva-delegada-para-adma\\\/#respond\"]}]},{\"@type\":\"WebPage\",\"@id\":\"https:\\\/\\\/www.salesianos.edu\\\/familiasalesiana\\\/presentacion-de-sor-reyes-como-nueva-delegada-para-adma\\\/\",\"url\":\"https:\\\/\\\/www.salesianos.edu\\\/familiasalesiana\\\/presentacion-de-sor-reyes-como-nueva-delegada-para-adma\\\/\",\"name\":\"Presentaci\u00f3n de Sor Reyes como nueva delegada para ADMA - Familia Salesiana\",\"isPartOf\":{\"@id\":\"http:\\\/\\\/www.salesianos.edu\\\/familiasalesiana\\\/#website\"},\"primaryImageOfPage\":{\"@id\":\"https:\\\/\\\/www.salesianos.edu\\\/familiasalesiana\\\/presentacion-de-sor-reyes-como-nueva-delegada-para-adma\\\/#primaryimage\"},\"image\":{\"@id\":\"https:\\\/\\\/www.salesianos.edu\\\/familiasalesiana\\\/presentacion-de-sor-reyes-como-nueva-delegada-para-adma\\\/#primaryimage\"},\"thumbnailUrl\":\"https:\\\/\\\/www.salesianos.edu\\\/familiasalesiana\\\/wp-content\\\/uploads\\\/sites\\\/5\\\/2021\\\/09\\\/picture-frame-mockup-featuring-a-white-wooden-wall-and-a-plant-pot-542-el.png\",\"datePublished\":\"2021-09-30T09:33:03+00:00\",\"dateModified\":\"2021-09-30T09:33:05+00:00\",\"author\":{\"@id\":\"http:\\\/\\\/www.salesianos.edu\\\/familiasalesiana\\\/#\\\/schema\\\/person\\\/a379b91cdbdb13a276ccd4465b96104e\"},\"breadcrumb\":{\"@id\":\"https:\\\/\\\/www.salesianos.edu\\\/familiasalesiana\\\/presentacion-de-sor-reyes-como-nueva-delegada-para-adma\\\/#breadcrumb\"},\"inLanguage\":\"es\",\"potentialAction\":[{\"@type\":\"ReadAction\",\"target\":[\"https:\\\/\\\/www.salesianos.edu\\\/familiasalesiana\\\/presentacion-de-sor-reyes-como-nueva-delegada-para-adma\\\/\"]}]},{\"@type\":\"ImageObject\",\"inLanguage\":\"es\",\"@id\":\"https:\\\/\\\/www.salesianos.edu\\\/familiasalesiana\\\/presentacion-de-sor-reyes-como-nueva-delegada-para-adma\\\/#primaryimage\",\"url\":\"https:\\\/\\\/www.salesianos.edu\\\/familiasalesiana\\\/wp-content\\\/uploads\\\/sites\\\/5\\\/2021\\\/09\\\/picture-frame-mockup-featuring-a-white-wooden-wall-and-a-plant-pot-542-el.png\",\"contentUrl\":\"https:\\\/\\\/www.salesianos.edu\\\/familiasalesiana\\\/wp-content\\\/uploads\\\/sites\\\/5\\\/2021\\\/09\\\/picture-frame-mockup-featuring-a-white-wooden-wall-and-a-plant-pot-542-el.png\",\"width\":1920,\"height\":1280},{\"@type\":\"BreadcrumbList\",\"@id\":\"https:\\\/\\\/www.salesianos.edu\\\/familiasalesiana\\\/presentacion-de-sor-reyes-como-nueva-delegada-para-adma\\\/#breadcrumb\",\"itemListElement\":[{\"@type\":\"ListItem\",\"position\":1,\"name\":\"Portada\",\"item\":\"http:\\\/\\\/www.salesianos.edu\\\/familiasalesiana\\\/\"},{\"@type\":\"ListItem\",\"position\":2,\"name\":\"Presentaci\u00f3n de Sor Reyes como nueva delegada para ADMA\"}]},{\"@type\":\"WebSite\",\"@id\":\"http:\\\/\\\/www.salesianos.edu\\\/familiasalesiana\\\/#website\",\"url\":\"http:\\\/\\\/www.salesianos.edu\\\/familiasalesiana\\\/\",\"name\":\"Familia Salesiana\",\"description\":\"P\u00e1gina oficial de Inspector\u00eda Salesiana Mar\u00eda Auxiliadora\",\"potentialAction\":[{\"@type\":\"SearchAction\",\"target\":{\"@type\":\"EntryPoint\",\"urlTemplate\":\"http:\\\/\\\/www.salesianos.edu\\\/familiasalesiana\\\/?s={search_term_string}\"},\"query-input\":{\"@type\":\"PropertyValueSpecification\",\"valueRequired\":true,\"valueName\":\"search_term_string\"}}],\"inLanguage\":\"es\"},{\"@type\":\"Person\",\"@id\":\"http:\\\/\\\/www.salesianos.edu\\\/familiasalesiana\\\/#\\\/schema\\\/person\\\/a379b91cdbdb13a276ccd4465b96104e\",\"name\":\"antoninogomez\",\"image\":{\"@type\":\"ImageObject\",\"inLanguage\":\"es\",\"@id\":\"https:\\\/\\\/secure.gravatar.com\\\/avatar\\\/7ec9a9a03fb85ee41fe7eaf1bac753f58d6718a944b75d031135858e327f16cf?s=96&d=mm&r=g\",\"url\":\"https:\\\/\\\/secure.gravatar.com\\\/avatar\\\/7ec9a9a03fb85ee41fe7eaf1bac753f58d6718a944b75d031135858e327f16cf?s=96&d=mm&r=g\",\"contentUrl\":\"https:\\\/\\\/secure.gravatar.com\\\/avatar\\\/7ec9a9a03fb85ee41fe7eaf1bac753f58d6718a944b75d031135858e327f16cf?s=96&d=mm&r=g\",\"caption\":\"antoninogomez\"}}]}<\/script>\n<!-- \/ Yoast SEO plugin. -->","yoast_head_json":{"title":"Presentaci\u00f3n de Sor Reyes como nueva delegada para ADMA - Familia Salesiana","robots":{"index":"index","follow":"follow","max-snippet":"max-snippet:-1","max-image-preview":"max-image-preview:large","max-video-preview":"max-video-preview:-1"},"canonical":"https:\/\/www.salesianos.edu\/familiasalesiana\/presentacion-de-sor-reyes-como-nueva-delegada-para-adma\/","og_locale":"es_ES","og_type":"article","og_title":"Presentaci\u00f3n de Sor Reyes como nueva delegada para ADMA - Familia Salesiana","og_description":"Titulo p\u00e1ginas Subtitulo 1 Lorem Ipsum es simplemente el texto de relleno de las imprentas y archivos de texto. Lorem Ipsum ha sido el texto de relleno est\u00e1ndar de las industrias desde el a\u00f1o 1500, cuando un impresor (N. del T. persona que se dedica a la imprenta) desconocido us\u00f3 una galer\u00eda de textos y [&hellip;]","og_url":"https:\/\/www.salesianos.edu\/familiasalesiana\/presentacion-de-sor-reyes-como-nueva-delegada-para-adma\/","og_site_name":"Familia Salesiana","article_published_time":"2021-09-30T09:33:03+00:00","article_modified_time":"2021-09-30T09:33:05+00:00","og_image":[{"width":1024,"height":683,"url":"https:\/\/www.salesianos.edu\/familiasalesiana\/wp-content\/uploads\/sites\/5\/2021\/09\/picture-frame-mockup-featuring-a-white-wooden-wall-and-a-plant-pot-542-el-1024x683.png","type":"image\/png"}],"author":"antoninogomez","twitter_card":"summary_large_image","twitter_misc":{"Escrito por":"antoninogomez","Tiempo de lectura":"3 minutos"},"schema":{"@context":"https:\/\/schema.org","@graph":[{"@type":"Article","@id":"https:\/\/www.salesianos.edu\/familiasalesiana\/presentacion-de-sor-reyes-como-nueva-delegada-para-adma\/#article","isPartOf":{"@id":"https:\/\/www.salesianos.edu\/familiasalesiana\/presentacion-de-sor-reyes-como-nueva-delegada-para-adma\/"},"author":{"name":"antoninogomez","@id":"http:\/\/www.salesianos.edu\/familiasalesiana\/#\/schema\/person\/a379b91cdbdb13a276ccd4465b96104e"},"headline":"Presentaci\u00f3n de Sor Reyes como nueva delegada para ADMA","datePublished":"2021-09-30T09:33:03+00:00","dateModified":"2021-09-30T09:33:05+00:00","mainEntityOfPage":{"@id":"https:\/\/www.salesianos.edu\/familiasalesiana\/presentacion-de-sor-reyes-como-nueva-delegada-para-adma\/"},"wordCount":580,"commentCount":5,"image":{"@id":"https:\/\/www.salesianos.edu\/familiasalesiana\/presentacion-de-sor-reyes-como-nueva-delegada-para-adma\/#primaryimage"},"thumbnailUrl":"https:\/\/www.salesianos.edu\/familiasalesiana\/wp-content\/uploads\/sites\/5\/2021\/09\/picture-frame-mockup-featuring-a-white-wooden-wall-and-a-plant-pot-542-el.png","articleSection":["ADMA","Uncategorized"],"inLanguage":"es","potentialAction":[{"@type":"CommentAction","name":"Comment","target":["https:\/\/www.salesianos.edu\/familiasalesiana\/presentacion-de-sor-reyes-como-nueva-delegada-para-adma\/#respond"]}]},{"@type":"WebPage","@id":"https:\/\/www.salesianos.edu\/familiasalesiana\/presentacion-de-sor-reyes-como-nueva-delegada-para-adma\/","url":"https:\/\/www.salesianos.edu\/familiasalesiana\/presentacion-de-sor-reyes-como-nueva-delegada-para-adma\/","name":"Presentaci\u00f3n de Sor Reyes como nueva delegada para ADMA - Familia Salesiana","isPartOf":{"@id":"http:\/\/www.salesianos.edu\/familiasalesiana\/#website"},"primaryImageOfPage":{"@id":"https:\/\/www.salesianos.edu\/familiasalesiana\/presentacion-de-sor-reyes-como-nueva-delegada-para-adma\/#primaryimage"},"image":{"@id":"https:\/\/www.salesianos.edu\/familiasalesiana\/presentacion-de-sor-reyes-como-nueva-delegada-para-adma\/#primaryimage"},"thumbnailUrl":"https:\/\/www.salesianos.edu\/familiasalesiana\/wp-content\/uploads\/sites\/5\/2021\/09\/picture-frame-mockup-featuring-a-white-wooden-wall-and-a-plant-pot-542-el.png","datePublished":"2021-09-30T09:33:03+00:00","dateModified":"2021-09-30T09:33:05+00:00","author":{"@id":"http:\/\/www.salesianos.edu\/familiasalesiana\/#\/schema\/person\/a379b91cdbdb13a276ccd4465b96104e"},"breadcrumb":{"@id":"https:\/\/www.salesianos.edu\/familiasalesiana\/presentacion-de-sor-reyes-como-nueva-delegada-para-adma\/#breadcrumb"},"inLanguage":"es","potentialAction":[{"@type":"ReadAction","target":["https:\/\/www.salesianos.edu\/familiasalesiana\/presentacion-de-sor-reyes-como-nueva-delegada-para-adma\/"]}]},{"@type":"ImageObject","inLanguage":"es","@id":"https:\/\/www.salesianos.edu\/familiasalesiana\/presentacion-de-sor-reyes-como-nueva-delegada-para-adma\/#primaryimage","url":"https:\/\/www.salesianos.edu\/familiasalesiana\/wp-content\/uploads\/sites\/5\/2021\/09\/picture-frame-mockup-featuring-a-white-wooden-wall-and-a-plant-pot-542-el.png","contentUrl":"https:\/\/www.salesianos.edu\/familiasalesiana\/wp-content\/uploads\/sites\/5\/2021\/09\/picture-frame-mockup-featuring-a-white-wooden-wall-and-a-plant-pot-542-el.png","width":1920,"height":1280},{"@type":"BreadcrumbList","@id":"https:\/\/www.salesianos.edu\/familiasalesiana\/presentacion-de-sor-reyes-como-nueva-delegada-para-adma\/#breadcrumb","itemListElement":[{"@type":"ListItem","position":1,"name":"Portada","item":"http:\/\/www.salesianos.edu\/familiasalesiana\/"},{"@type":"ListItem","position":2,"name":"Presentaci\u00f3n de Sor Reyes como nueva delegada para ADMA"}]},{"@type":"WebSite","@id":"http:\/\/www.salesianos.edu\/familiasalesiana\/#website","url":"http:\/\/www.salesianos.edu\/familiasalesiana\/","name":"Familia Salesiana","description":"P\u00e1gina oficial de Inspector\u00eda Salesiana Mar\u00eda Auxiliadora","potentialAction":[{"@type":"SearchAction","target":{"@type":"EntryPoint","urlTemplate":"http:\/\/www.salesianos.edu\/familiasalesiana\/?s={search_term_string}"},"query-input":{"@type":"PropertyValueSpecification","valueRequired":true,"valueName":"search_term_string"}}],"inLanguage":"es"},{"@type":"Person","@id":"http:\/\/www.salesianos.edu\/familiasalesiana\/#\/schema\/person\/a379b91cdbdb13a276ccd4465b96104e","name":"antoninogomez","image":{"@type":"ImageObject","inLanguage":"es","@id":"https:\/\/secure.gravatar.com\/avatar\/7ec9a9a03fb85ee41fe7eaf1bac753f58d6718a944b75d031135858e327f16cf?s=96&d=mm&r=g","url":"https:\/\/secure.gravatar.com\/avatar\/7ec9a9a03fb85ee41fe7eaf1bac753f58d6718a944b75d031135858e327f16cf?s=96&d=mm&r=g","contentUrl":"https:\/\/secure.gravatar.com\/avatar\/7ec9a9a03fb85ee41fe7eaf1bac753f58d6718a944b75d031135858e327f16cf?s=96&d=mm&r=g","caption":"antoninogomez"}}]}},"_links":{"self":[{"href":"https:\/\/www.salesianos.edu\/familiasalesiana\/wp-json\/wp\/v2\/posts\/9729","targetHints":{"allow":["GET"]}}],"collection":[{"href":"https:\/\/www.salesianos.edu\/familiasalesiana\/wp-json\/wp\/v2\/posts"}],"about":[{"href":"https:\/\/www.salesianos.edu\/familiasalesiana\/wp-json\/wp\/v2\/types\/post"}],"author":[{"embeddable":true,"href":"https:\/\/www.salesianos.edu\/familiasalesiana\/wp-json\/wp\/v2\/users\/31"}],"replies":[{"embeddable":true,"href":"https:\/\/www.salesianos.edu\/familiasalesiana\/wp-json\/wp\/v2\/comments?post=9729"}],"version-history":[{"count":3,"href":"https:\/\/www.salesianos.edu\/familiasalesiana\/wp-json\/wp\/v2\/posts\/9729\/revisions"}],"predecessor-version":[{"id":9735,"href":"https:\/\/www.salesianos.edu\/familiasalesiana\/wp-json\/wp\/v2\/posts\/9729\/revisions\/9735"}],"wp:featuredmedia":[{"embeddable":true,"href":"https:\/\/www.salesianos.edu\/familiasalesiana\/wp-json\/wp\/v2\/media\/9734"}],"wp:attachment":[{"href":"https:\/\/www.salesianos.edu\/familiasalesiana\/wp-json\/wp\/v2\/media?parent=9729"}],"wp:term":[{"taxonomy":"category","embeddable":true,"href":"https:\/\/www.salesianos.edu\/familiasalesiana\/wp-json\/wp\/v2\/categories?post=9729"},{"taxonomy":"post_tag","embeddable":true,"href":"https:\/\/www.salesianos.edu\/familiasalesiana\/wp-json\/wp\/v2\/tags?post=9729"}],"curies":[{"name":"wp","href":"https:\/\/api.w.org\/{rel}","templated":true}]}}