{"id":9703,"date":"2021-09-22T11:01:52","date_gmt":"2021-09-22T10:01:52","guid":{"rendered":"https:\/\/www.salesianos.edu\/familiasalesiana\/?p=9703"},"modified":"2021-09-22T11:11:38","modified_gmt":"2021-09-22T10:11:38","slug":"la-adma-primaria-retoma-desde-el-colle-don-bosco-presentan-el-camino-anual-de-formacion","status":"publish","type":"post","link":"https:\/\/www.salesianos.edu\/familiasalesiana\/la-adma-primaria-retoma-desde-el-colle-don-bosco-presentan-el-camino-anual-de-formacion\/","title":{"rendered":"La ADMA Primaria retoma desde el Colle Don Bosco: presentan el camino anual de formaci\u00f3n"},"content":{"rendered":"<div id=\"fb-root\"><\/div>\n<p>[et_pb_section fb_built=\u00bb1&#8243; _builder_version=\u00bb4.10.7&#8243; _module_preset=\u00bbdefault\u00bb global_colors_info=\u00bb{}\u00bb][et_pb_row _builder_version=\u00bb4.10.7&#8243; _module_preset=\u00bbdefault\u00bb global_colors_info=\u00bb{}\u00bb][et_pb_column type=\u00bb4_4&#8243; _builder_version=\u00bb4.10.7&#8243; _module_preset=\u00bbdefault\u00bb global_colors_info=\u00bb{}\u00bb][et_pb_text _builder_version=\u00bb4.10.7&#8243; _module_preset=\u00bbdefault\u00bb global_colors_info=\u00bb{}\u00bb]<\/p>\n<div class=\"itemIntroText\">\n<p><strong>(ANS &#8211; Castelnuovo Don Bosco)<\/strong>\u00a0&#8211; El domingo 19 de septiembre el Colle Don Bosco recibi\u00f3 a m\u00e1s de 200 miembros de la Asociaci\u00f3n de Mar\u00eda Auxiliadora (ADMA): representantes de los grupos de la ADMA Primaria de Tur\u00edn &#8211; \u00abFamilias\u00bb y \u00abSenior\u00bb, la ADMA de Asti y la ADMA de Mil\u00e1n con sus familias. Despu\u00e9s de m\u00e1s de un a\u00f1o de encuentros online o en peque\u00f1os grupos, fue posible volver a reunirse en los grandes espacios abiertos de la casa de Don Bosco, para empezar de nuevo y con mayor entusiasmo. Durante la jornada se present\u00f3 el itinerario formativo del a\u00f1o titulado \u00abAmor familiar, vocaci\u00f3n y camino de santidad\u00bb.<\/p>\n<\/div>\n<div class=\"itemFullText\">\n<p>Las actividades incluyeron momentos de oraci\u00f3n, adoraci\u00f3n, formaci\u00f3n e intercambio t\u00edpicamente salesianos.<\/p>\n<p>Dejando a los numerosos ni\u00f1os y j\u00f3venes en sus espacios de entretenimiento, la jornada de los miembros de la ADMA se abri\u00f3 con el rezo del Rosario en el patio de la \u201cCasetta di Don Bosco\u201d, y continu\u00f3 con la Misa en la Bas\u00edlica Inferior, celebrada por el padre Alejandro Guevara, Animador Espiritual Mundial de la ADMA, y por el padre Roberto Carelli, profesor de Teolog\u00eda en el Instituto Internacional de Tur\u00edn-Crocetta. Se destaca, por la compostura y la participaci\u00f3n atenta, la presencia que tuvieron los ni\u00f1os durante la Eucarist\u00eda. Luego se ofreci\u00f3 un momento de Adoraci\u00f3n Eucar\u00edstica, una pr\u00e1ctica tan querida por todos los grupos de la ADMA alrededor del mundo.<\/p>\n<p>Finalmente, se procedi\u00f3 a la presentaci\u00f3n del tema formativo: en el centro de la reflexi\u00f3n de todo el nuevo a\u00f1o asociativo estar\u00e1 la Carta Apost\u00f3lica del Papa Francisco, <em>Amoris Laetitia<\/em>, con un an\u00e1lisis en profundidad sobre aspectos espec\u00edficos y sobre las nuevas actitudes propuestas a cada miembro.<\/p>\n<p>\u00abLa familia, como vocaci\u00f3n continua y siempre renovada, es un camino de santidad que debe ampliar la mirada con igual compromiso: hacia la propia familia, hacia la Familia Salesiana, hacia la Iglesia, es decir, la familia de Jes\u00fas\u00bb, coment\u00f3 el padre Guevara.<\/p>\n<p>Las fuentes que nutrir\u00e1n el camino formativo ser\u00e1n la <em>Amoris Laetitia<\/em>, seg\u00fan la profundizaci\u00f3n que el Papa Francisco est\u00e1 ofreciendo a la Iglesia a trav\u00e9s de catequesis espec\u00edficas de cara al Encuentro Mundial de las Familias en 2022; lema del Aguinaldo del Rector Mayor para el 2021; y la C\u00e9dula de Identidad Carism\u00e1tica de la Familia Salesiana.<\/p>\n<p>\u201cFundamental, para un verdadero camino formativo, ser\u00e1 la escucha, la adhesi\u00f3n personal y la participaci\u00f3n, es decir, el protagonismo en la formaci\u00f3n. De hecho, la formaci\u00f3n debe significar conversi\u00f3n y esto implica: una escucha verdadera, una acogida sincera y apasionada de la Palabra de Dios que nos llega, y una voluntad personal de participar activamente en la formaci\u00f3n hacia los dem\u00e1s, seg\u00fan lo que cada uno pueda hacer\u201d, a\u00f1adi\u00f3 el padre Guevara.<\/p>\n<p>Para concluir, al final de la jornada se agradeci\u00f3 de coraz\u00f3n, al saliente Consejo de la ADMA Primaria, que ha trabajado en un per\u00edodo de tres a\u00f1os marcado por dificultades, pero tambi\u00e9n por muchas iniciativas que la pandemia ha estimulado. En la ocasi\u00f3n, Renato Valera, el presidente saliente, present\u00f3 a los candidatos de las elecciones que renovar\u00e1n el Consejo para los pr\u00f3ximos cuatro a\u00f1os, fijadas para la Jornada Mariana del 24 de octubre de 2021.<\/p>\n<\/div>\n<p>[\/et_pb_text][\/et_pb_column][\/et_pb_row][\/et_pb_section]<\/p>\n","protected":false},"excerpt":{"rendered":"<p>El domingo 19 de septiembre el Colle Don Bosco recibi\u00f3 a m\u00e1s de 200 miembros de la Asociaci\u00f3n de Mar\u00eda Auxiliadora (ADMA): representantes de los grupos de la ADMA Primaria de Tur\u00edn &#8211; \u00abFamilias\u00bb y \u00abSenior\u00bb, la ADMA de Asti y la ADMA de Mil\u00e1n con sus familias. Despu\u00e9s de m\u00e1s de un a\u00f1o de encuentros online o en peque\u00f1os grupos, fue posible volver a reunirse en los grandes espacios abiertos de la casa de Don Bosco, para empezar de nuevo y con mayor entusiasmo. Durante la jornada se present\u00f3 el itinerario formativo del a\u00f1o titulado \u00abAmor familiar, vocaci\u00f3n y camino de santidad\u00bb.<\/p>\n","protected":false},"author":31,"featured_media":9712,"comment_status":"open","ping_status":"open","sticky":false,"template":"","format":"standard","meta":{"_et_pb_use_builder":"on","_et_pb_old_content":"","_et_gb_content_width":"","footnotes":""},"categories":[53],"tags":[],"class_list":["post-9703","post","type-post","status-publish","format-standard","has-post-thumbnail","hentry","category-adma"],"yoast_head":"<!-- This site is optimized with the Yoast SEO plugin v27.5 - https:\/\/yoast.com\/product\/yoast-seo-wordpress\/ -->\n<title>La ADMA Primaria retoma desde el Colle Don Bosco: presentan el camino anual de formaci\u00f3n - Familia Salesiana<\/title>\n<meta name=\"robots\" content=\"index, follow, max-snippet:-1, max-image-preview:large, max-video-preview:-1\" \/>\n<link rel=\"canonical\" href=\"https:\/\/www.salesianos.edu\/familiasalesiana\/la-adma-primaria-retoma-desde-el-colle-don-bosco-presentan-el-camino-anual-de-formacion\/\" \/>\n<meta property=\"og:locale\" content=\"es_ES\" \/>\n<meta property=\"og:type\" content=\"article\" \/>\n<meta property=\"og:title\" content=\"La ADMA Primaria retoma desde el Colle Don Bosco: presentan el camino anual de formaci\u00f3n - Familia Salesiana\" \/>\n<meta property=\"og:description\" content=\"El domingo 19 de septiembre el Colle Don Bosco recibi\u00f3 a m\u00e1s de 200 miembros de la Asociaci\u00f3n de Mar\u00eda Auxiliadora (ADMA): representantes de los grupos de la ADMA Primaria de Tur\u00edn - &quot;Familias&quot; y &quot;Senior&quot;, la ADMA de Asti y la ADMA de Mil\u00e1n con sus familias. Despu\u00e9s de m\u00e1s de un a\u00f1o de encuentros online o en peque\u00f1os grupos, fue posible volver a reunirse en los grandes espacios abiertos de la casa de Don Bosco, para empezar de nuevo y con mayor entusiasmo. Durante la jornada se present\u00f3 el itinerario formativo del a\u00f1o titulado &quot;Amor familiar, vocaci\u00f3n y camino de santidad&quot;.\" \/>\n<meta property=\"og:url\" content=\"https:\/\/www.salesianos.edu\/familiasalesiana\/la-adma-primaria-retoma-desde-el-colle-don-bosco-presentan-el-camino-anual-de-formacion\/\" \/>\n<meta property=\"og:site_name\" content=\"Familia Salesiana\" \/>\n<meta property=\"article:published_time\" content=\"2021-09-22T10:01:52+00:00\" \/>\n<meta property=\"article:modified_time\" content=\"2021-09-22T10:11:38+00:00\" \/>\n<meta property=\"og:image\" content=\"https:\/\/www.salesianos.edu\/familiasalesiana\/wp-content\/uploads\/sites\/5\/2021\/09\/Captura-de-pantalla-2021-09-22-a-las-12.03.08-1024x436.png\" \/>\n\t<meta property=\"og:image:width\" content=\"1024\" \/>\n\t<meta property=\"og:image:height\" content=\"436\" \/>\n\t<meta property=\"og:image:type\" content=\"image\/png\" \/>\n<meta name=\"author\" content=\"antoninogomez\" \/>\n<meta name=\"twitter:card\" content=\"summary_large_image\" \/>\n<meta name=\"twitter:label1\" content=\"Escrito por\" \/>\n\t<meta name=\"twitter:data1\" content=\"antoninogomez\" \/>\n\t<meta name=\"twitter:label2\" content=\"Tiempo de lectura\" \/>\n\t<meta name=\"twitter:data2\" content=\"3 minutos\" \/>\n<script type=\"application\/ld+json\" class=\"yoast-schema-graph\">{\"@context\":\"https:\\\/\\\/schema.org\",\"@graph\":[{\"@type\":\"Article\",\"@id\":\"https:\\\/\\\/www.salesianos.edu\\\/familiasalesiana\\\/la-adma-primaria-retoma-desde-el-colle-don-bosco-presentan-el-camino-anual-de-formacion\\\/#article\",\"isPartOf\":{\"@id\":\"https:\\\/\\\/www.salesianos.edu\\\/familiasalesiana\\\/la-adma-primaria-retoma-desde-el-colle-don-bosco-presentan-el-camino-anual-de-formacion\\\/\"},\"author\":{\"name\":\"antoninogomez\",\"@id\":\"http:\\\/\\\/www.salesianos.edu\\\/familiasalesiana\\\/#\\\/schema\\\/person\\\/a379b91cdbdb13a276ccd4465b96104e\"},\"headline\":\"La ADMA Primaria retoma desde el Colle Don Bosco: presentan el camino anual de formaci\u00f3n\",\"datePublished\":\"2021-09-22T10:01:52+00:00\",\"dateModified\":\"2021-09-22T10:11:38+00:00\",\"mainEntityOfPage\":{\"@id\":\"https:\\\/\\\/www.salesianos.edu\\\/familiasalesiana\\\/la-adma-primaria-retoma-desde-el-colle-don-bosco-presentan-el-camino-anual-de-formacion\\\/\"},\"wordCount\":654,\"commentCount\":0,\"image\":{\"@id\":\"https:\\\/\\\/www.salesianos.edu\\\/familiasalesiana\\\/la-adma-primaria-retoma-desde-el-colle-don-bosco-presentan-el-camino-anual-de-formacion\\\/#primaryimage\"},\"thumbnailUrl\":\"https:\\\/\\\/www.salesianos.edu\\\/familiasalesiana\\\/wp-content\\\/uploads\\\/sites\\\/5\\\/2021\\\/09\\\/Captura-de-pantalla-2021-09-22-a-las-12.03.08.png\",\"articleSection\":[\"ADMA\"],\"inLanguage\":\"es\",\"potentialAction\":[{\"@type\":\"CommentAction\",\"name\":\"Comment\",\"target\":[\"https:\\\/\\\/www.salesianos.edu\\\/familiasalesiana\\\/la-adma-primaria-retoma-desde-el-colle-don-bosco-presentan-el-camino-anual-de-formacion\\\/#respond\"]}]},{\"@type\":\"WebPage\",\"@id\":\"https:\\\/\\\/www.salesianos.edu\\\/familiasalesiana\\\/la-adma-primaria-retoma-desde-el-colle-don-bosco-presentan-el-camino-anual-de-formacion\\\/\",\"url\":\"https:\\\/\\\/www.salesianos.edu\\\/familiasalesiana\\\/la-adma-primaria-retoma-desde-el-colle-don-bosco-presentan-el-camino-anual-de-formacion\\\/\",\"name\":\"La ADMA Primaria retoma desde el Colle Don Bosco: presentan el camino anual de formaci\u00f3n - Familia Salesiana\",\"isPartOf\":{\"@id\":\"http:\\\/\\\/www.salesianos.edu\\\/familiasalesiana\\\/#website\"},\"primaryImageOfPage\":{\"@id\":\"https:\\\/\\\/www.salesianos.edu\\\/familiasalesiana\\\/la-adma-primaria-retoma-desde-el-colle-don-bosco-presentan-el-camino-anual-de-formacion\\\/#primaryimage\"},\"image\":{\"@id\":\"https:\\\/\\\/www.salesianos.edu\\\/familiasalesiana\\\/la-adma-primaria-retoma-desde-el-colle-don-bosco-presentan-el-camino-anual-de-formacion\\\/#primaryimage\"},\"thumbnailUrl\":\"https:\\\/\\\/www.salesianos.edu\\\/familiasalesiana\\\/wp-content\\\/uploads\\\/sites\\\/5\\\/2021\\\/09\\\/Captura-de-pantalla-2021-09-22-a-las-12.03.08.png\",\"datePublished\":\"2021-09-22T10:01:52+00:00\",\"dateModified\":\"2021-09-22T10:11:38+00:00\",\"author\":{\"@id\":\"http:\\\/\\\/www.salesianos.edu\\\/familiasalesiana\\\/#\\\/schema\\\/person\\\/a379b91cdbdb13a276ccd4465b96104e\"},\"breadcrumb\":{\"@id\":\"https:\\\/\\\/www.salesianos.edu\\\/familiasalesiana\\\/la-adma-primaria-retoma-desde-el-colle-don-bosco-presentan-el-camino-anual-de-formacion\\\/#breadcrumb\"},\"inLanguage\":\"es\",\"potentialAction\":[{\"@type\":\"ReadAction\",\"target\":[\"https:\\\/\\\/www.salesianos.edu\\\/familiasalesiana\\\/la-adma-primaria-retoma-desde-el-colle-don-bosco-presentan-el-camino-anual-de-formacion\\\/\"]}]},{\"@type\":\"ImageObject\",\"inLanguage\":\"es\",\"@id\":\"https:\\\/\\\/www.salesianos.edu\\\/familiasalesiana\\\/la-adma-primaria-retoma-desde-el-colle-don-bosco-presentan-el-camino-anual-de-formacion\\\/#primaryimage\",\"url\":\"https:\\\/\\\/www.salesianos.edu\\\/familiasalesiana\\\/wp-content\\\/uploads\\\/sites\\\/5\\\/2021\\\/09\\\/Captura-de-pantalla-2021-09-22-a-las-12.03.08.png\",\"contentUrl\":\"https:\\\/\\\/www.salesianos.edu\\\/familiasalesiana\\\/wp-content\\\/uploads\\\/sites\\\/5\\\/2021\\\/09\\\/Captura-de-pantalla-2021-09-22-a-las-12.03.08.png\",\"width\":2358,\"height\":1004},{\"@type\":\"BreadcrumbList\",\"@id\":\"https:\\\/\\\/www.salesianos.edu\\\/familiasalesiana\\\/la-adma-primaria-retoma-desde-el-colle-don-bosco-presentan-el-camino-anual-de-formacion\\\/#breadcrumb\",\"itemListElement\":[{\"@type\":\"ListItem\",\"position\":1,\"name\":\"Portada\",\"item\":\"http:\\\/\\\/www.salesianos.edu\\\/familiasalesiana\\\/\"},{\"@type\":\"ListItem\",\"position\":2,\"name\":\"La ADMA Primaria retoma desde el Colle Don Bosco: presentan el camino anual de formaci\u00f3n\"}]},{\"@type\":\"WebSite\",\"@id\":\"http:\\\/\\\/www.salesianos.edu\\\/familiasalesiana\\\/#website\",\"url\":\"http:\\\/\\\/www.salesianos.edu\\\/familiasalesiana\\\/\",\"name\":\"Familia Salesiana\",\"description\":\"P\u00e1gina oficial de Inspector\u00eda Salesiana Mar\u00eda Auxiliadora\",\"potentialAction\":[{\"@type\":\"SearchAction\",\"target\":{\"@type\":\"EntryPoint\",\"urlTemplate\":\"http:\\\/\\\/www.salesianos.edu\\\/familiasalesiana\\\/?s={search_term_string}\"},\"query-input\":{\"@type\":\"PropertyValueSpecification\",\"valueRequired\":true,\"valueName\":\"search_term_string\"}}],\"inLanguage\":\"es\"},{\"@type\":\"Person\",\"@id\":\"http:\\\/\\\/www.salesianos.edu\\\/familiasalesiana\\\/#\\\/schema\\\/person\\\/a379b91cdbdb13a276ccd4465b96104e\",\"name\":\"antoninogomez\",\"image\":{\"@type\":\"ImageObject\",\"inLanguage\":\"es\",\"@id\":\"https:\\\/\\\/secure.gravatar.com\\\/avatar\\\/7ec9a9a03fb85ee41fe7eaf1bac753f58d6718a944b75d031135858e327f16cf?s=96&d=mm&r=g\",\"url\":\"https:\\\/\\\/secure.gravatar.com\\\/avatar\\\/7ec9a9a03fb85ee41fe7eaf1bac753f58d6718a944b75d031135858e327f16cf?s=96&d=mm&r=g\",\"contentUrl\":\"https:\\\/\\\/secure.gravatar.com\\\/avatar\\\/7ec9a9a03fb85ee41fe7eaf1bac753f58d6718a944b75d031135858e327f16cf?s=96&d=mm&r=g\",\"caption\":\"antoninogomez\"}}]}<\/script>\n<!-- \/ Yoast SEO plugin. -->","yoast_head_json":{"title":"La ADMA Primaria retoma desde el Colle Don Bosco: presentan el camino anual de formaci\u00f3n - Familia Salesiana","robots":{"index":"index","follow":"follow","max-snippet":"max-snippet:-1","max-image-preview":"max-image-preview:large","max-video-preview":"max-video-preview:-1"},"canonical":"https:\/\/www.salesianos.edu\/familiasalesiana\/la-adma-primaria-retoma-desde-el-colle-don-bosco-presentan-el-camino-anual-de-formacion\/","og_locale":"es_ES","og_type":"article","og_title":"La ADMA Primaria retoma desde el Colle Don Bosco: presentan el camino anual de formaci\u00f3n - Familia Salesiana","og_description":"El domingo 19 de septiembre el Colle Don Bosco recibi\u00f3 a m\u00e1s de 200 miembros de la Asociaci\u00f3n de Mar\u00eda Auxiliadora (ADMA): representantes de los grupos de la ADMA Primaria de Tur\u00edn - \"Familias\" y \"Senior\", la ADMA de Asti y la ADMA de Mil\u00e1n con sus familias. Despu\u00e9s de m\u00e1s de un a\u00f1o de encuentros online o en peque\u00f1os grupos, fue posible volver a reunirse en los grandes espacios abiertos de la casa de Don Bosco, para empezar de nuevo y con mayor entusiasmo. Durante la jornada se present\u00f3 el itinerario formativo del a\u00f1o titulado \"Amor familiar, vocaci\u00f3n y camino de santidad\".","og_url":"https:\/\/www.salesianos.edu\/familiasalesiana\/la-adma-primaria-retoma-desde-el-colle-don-bosco-presentan-el-camino-anual-de-formacion\/","og_site_name":"Familia Salesiana","article_published_time":"2021-09-22T10:01:52+00:00","article_modified_time":"2021-09-22T10:11:38+00:00","og_image":[{"width":1024,"height":436,"url":"https:\/\/www.salesianos.edu\/familiasalesiana\/wp-content\/uploads\/sites\/5\/2021\/09\/Captura-de-pantalla-2021-09-22-a-las-12.03.08-1024x436.png","type":"image\/png"}],"author":"antoninogomez","twitter_card":"summary_large_image","twitter_misc":{"Escrito por":"antoninogomez","Tiempo de lectura":"3 minutos"},"schema":{"@context":"https:\/\/schema.org","@graph":[{"@type":"Article","@id":"https:\/\/www.salesianos.edu\/familiasalesiana\/la-adma-primaria-retoma-desde-el-colle-don-bosco-presentan-el-camino-anual-de-formacion\/#article","isPartOf":{"@id":"https:\/\/www.salesianos.edu\/familiasalesiana\/la-adma-primaria-retoma-desde-el-colle-don-bosco-presentan-el-camino-anual-de-formacion\/"},"author":{"name":"antoninogomez","@id":"http:\/\/www.salesianos.edu\/familiasalesiana\/#\/schema\/person\/a379b91cdbdb13a276ccd4465b96104e"},"headline":"La ADMA Primaria retoma desde el Colle Don Bosco: presentan el camino anual de formaci\u00f3n","datePublished":"2021-09-22T10:01:52+00:00","dateModified":"2021-09-22T10:11:38+00:00","mainEntityOfPage":{"@id":"https:\/\/www.salesianos.edu\/familiasalesiana\/la-adma-primaria-retoma-desde-el-colle-don-bosco-presentan-el-camino-anual-de-formacion\/"},"wordCount":654,"commentCount":0,"image":{"@id":"https:\/\/www.salesianos.edu\/familiasalesiana\/la-adma-primaria-retoma-desde-el-colle-don-bosco-presentan-el-camino-anual-de-formacion\/#primaryimage"},"thumbnailUrl":"https:\/\/www.salesianos.edu\/familiasalesiana\/wp-content\/uploads\/sites\/5\/2021\/09\/Captura-de-pantalla-2021-09-22-a-las-12.03.08.png","articleSection":["ADMA"],"inLanguage":"es","potentialAction":[{"@type":"CommentAction","name":"Comment","target":["https:\/\/www.salesianos.edu\/familiasalesiana\/la-adma-primaria-retoma-desde-el-colle-don-bosco-presentan-el-camino-anual-de-formacion\/#respond"]}]},{"@type":"WebPage","@id":"https:\/\/www.salesianos.edu\/familiasalesiana\/la-adma-primaria-retoma-desde-el-colle-don-bosco-presentan-el-camino-anual-de-formacion\/","url":"https:\/\/www.salesianos.edu\/familiasalesiana\/la-adma-primaria-retoma-desde-el-colle-don-bosco-presentan-el-camino-anual-de-formacion\/","name":"La ADMA Primaria retoma desde el Colle Don Bosco: presentan el camino anual de formaci\u00f3n - Familia Salesiana","isPartOf":{"@id":"http:\/\/www.salesianos.edu\/familiasalesiana\/#website"},"primaryImageOfPage":{"@id":"https:\/\/www.salesianos.edu\/familiasalesiana\/la-adma-primaria-retoma-desde-el-colle-don-bosco-presentan-el-camino-anual-de-formacion\/#primaryimage"},"image":{"@id":"https:\/\/www.salesianos.edu\/familiasalesiana\/la-adma-primaria-retoma-desde-el-colle-don-bosco-presentan-el-camino-anual-de-formacion\/#primaryimage"},"thumbnailUrl":"https:\/\/www.salesianos.edu\/familiasalesiana\/wp-content\/uploads\/sites\/5\/2021\/09\/Captura-de-pantalla-2021-09-22-a-las-12.03.08.png","datePublished":"2021-09-22T10:01:52+00:00","dateModified":"2021-09-22T10:11:38+00:00","author":{"@id":"http:\/\/www.salesianos.edu\/familiasalesiana\/#\/schema\/person\/a379b91cdbdb13a276ccd4465b96104e"},"breadcrumb":{"@id":"https:\/\/www.salesianos.edu\/familiasalesiana\/la-adma-primaria-retoma-desde-el-colle-don-bosco-presentan-el-camino-anual-de-formacion\/#breadcrumb"},"inLanguage":"es","potentialAction":[{"@type":"ReadAction","target":["https:\/\/www.salesianos.edu\/familiasalesiana\/la-adma-primaria-retoma-desde-el-colle-don-bosco-presentan-el-camino-anual-de-formacion\/"]}]},{"@type":"ImageObject","inLanguage":"es","@id":"https:\/\/www.salesianos.edu\/familiasalesiana\/la-adma-primaria-retoma-desde-el-colle-don-bosco-presentan-el-camino-anual-de-formacion\/#primaryimage","url":"https:\/\/www.salesianos.edu\/familiasalesiana\/wp-content\/uploads\/sites\/5\/2021\/09\/Captura-de-pantalla-2021-09-22-a-las-12.03.08.png","contentUrl":"https:\/\/www.salesianos.edu\/familiasalesiana\/wp-content\/uploads\/sites\/5\/2021\/09\/Captura-de-pantalla-2021-09-22-a-las-12.03.08.png","width":2358,"height":1004},{"@type":"BreadcrumbList","@id":"https:\/\/www.salesianos.edu\/familiasalesiana\/la-adma-primaria-retoma-desde-el-colle-don-bosco-presentan-el-camino-anual-de-formacion\/#breadcrumb","itemListElement":[{"@type":"ListItem","position":1,"name":"Portada","item":"http:\/\/www.salesianos.edu\/familiasalesiana\/"},{"@type":"ListItem","position":2,"name":"La ADMA Primaria retoma desde el Colle Don Bosco: presentan el camino anual de formaci\u00f3n"}]},{"@type":"WebSite","@id":"http:\/\/www.salesianos.edu\/familiasalesiana\/#website","url":"http:\/\/www.salesianos.edu\/familiasalesiana\/","name":"Familia Salesiana","description":"P\u00e1gina oficial de Inspector\u00eda Salesiana Mar\u00eda Auxiliadora","potentialAction":[{"@type":"SearchAction","target":{"@type":"EntryPoint","urlTemplate":"http:\/\/www.salesianos.edu\/familiasalesiana\/?s={search_term_string}"},"query-input":{"@type":"PropertyValueSpecification","valueRequired":true,"valueName":"search_term_string"}}],"inLanguage":"es"},{"@type":"Person","@id":"http:\/\/www.salesianos.edu\/familiasalesiana\/#\/schema\/person\/a379b91cdbdb13a276ccd4465b96104e","name":"antoninogomez","image":{"@type":"ImageObject","inLanguage":"es","@id":"https:\/\/secure.gravatar.com\/avatar\/7ec9a9a03fb85ee41fe7eaf1bac753f58d6718a944b75d031135858e327f16cf?s=96&d=mm&r=g","url":"https:\/\/secure.gravatar.com\/avatar\/7ec9a9a03fb85ee41fe7eaf1bac753f58d6718a944b75d031135858e327f16cf?s=96&d=mm&r=g","contentUrl":"https:\/\/secure.gravatar.com\/avatar\/7ec9a9a03fb85ee41fe7eaf1bac753f58d6718a944b75d031135858e327f16cf?s=96&d=mm&r=g","caption":"antoninogomez"}}]}},"_links":{"self":[{"href":"https:\/\/www.salesianos.edu\/familiasalesiana\/wp-json\/wp\/v2\/posts\/9703","targetHints":{"allow":["GET"]}}],"collection":[{"href":"https:\/\/www.salesianos.edu\/familiasalesiana\/wp-json\/wp\/v2\/posts"}],"about":[{"href":"https:\/\/www.salesianos.edu\/familiasalesiana\/wp-json\/wp\/v2\/types\/post"}],"author":[{"embeddable":true,"href":"https:\/\/www.salesianos.edu\/familiasalesiana\/wp-json\/wp\/v2\/users\/31"}],"replies":[{"embeddable":true,"href":"https:\/\/www.salesianos.edu\/familiasalesiana\/wp-json\/wp\/v2\/comments?post=9703"}],"version-history":[{"count":5,"href":"https:\/\/www.salesianos.edu\/familiasalesiana\/wp-json\/wp\/v2\/posts\/9703\/revisions"}],"predecessor-version":[{"id":9714,"href":"https:\/\/www.salesianos.edu\/familiasalesiana\/wp-json\/wp\/v2\/posts\/9703\/revisions\/9714"}],"wp:featuredmedia":[{"embeddable":true,"href":"https:\/\/www.salesianos.edu\/familiasalesiana\/wp-json\/wp\/v2\/media\/9712"}],"wp:attachment":[{"href":"https:\/\/www.salesianos.edu\/familiasalesiana\/wp-json\/wp\/v2\/media?parent=9703"}],"wp:term":[{"taxonomy":"category","embeddable":true,"href":"https:\/\/www.salesianos.edu\/familiasalesiana\/wp-json\/wp\/v2\/categories?post=9703"},{"taxonomy":"post_tag","embeddable":true,"href":"https:\/\/www.salesianos.edu\/familiasalesiana\/wp-json\/wp\/v2\/tags?post=9703"}],"curies":[{"name":"wp","href":"https:\/\/api.w.org\/{rel}","templated":true}]}}