{"id":9688,"date":"2021-09-15T08:20:16","date_gmt":"2021-09-15T07:20:16","guid":{"rendered":"https:\/\/www.salesianos.edu\/familiasalesiana\/?p=9688"},"modified":"2021-09-15T08:20:19","modified_gmt":"2021-09-15T07:20:19","slug":"cronica-del-encuentro-coordinadora-nacional-adma-de-espana","status":"publish","type":"post","link":"https:\/\/www.salesianos.edu\/familiasalesiana\/cronica-del-encuentro-coordinadora-nacional-adma-de-espana\/","title":{"rendered":"Cr\u00f3nica del encuentro Coordinadora Nacional ADMA de Espa\u00f1a"},"content":{"rendered":"<div id=\"fb-root\"><\/div>\n<p>[et_pb_section fb_built=\u00bb1&#8243; _builder_version=\u00bb4.10.7&#8243; _module_preset=\u00bbdefault\u00bb][et_pb_row _builder_version=\u00bb4.10.7&#8243; _module_preset=\u00bbdefault\u00bb][et_pb_column _builder_version=\u00bb4.10.7&#8243; _module_preset=\u00bbdefault\u00bb type=\u00bb4_4&#8243;][et_pb_text _builder_version=\u00bb4.10.7&#8243; _module_preset=\u00bbdefault\u00bb hover_enabled=\u00bb0&#8243; sticky_enabled=\u00bb0&#8243;]<\/p>\n<p>\u00a1Apasionados por la Vida, as\u00ed nos quiere nuestra Madre! as\u00ed define el ambiente del encuentro celebrado en la Coordinadora Nacional ADMA Espa\u00f1a, el pasado 11 de septiembre, en Madrid. Reencontrarnos despu\u00e9s de un a\u00f1o y medio, sin reuniones presenciales fue un regalo, celebrar, agradecer, acoger, compartir, so\u00f1ar el curso y estar juntos.<\/p>\n<p>Comenzamos con la Eucarist\u00eda centro de nuestra vida como cristianos y salesianos, con una liturg\u00eda cuidada y significativa hasta el \u00faltimo detalle por Don Arcadio Cuadrado SDB, Don Joan Faner SDB y Sor M. Dolores Lozano FMA.\u00a0 En un lugar muy especial, unidos a toda la Familia Salesiana que nos ha precedido y que goza en el para\u00edso de la presencia del Padre y de nuestra Madre Auxiliadora, la Capilla de los M\u00e1rtires de Atocha<\/p>\n<p>Fue un encuentro deseado y preparado con un gran cari\u00f1o por todos y ese ambiente se percibi\u00f3 durante toda la jornada. Estuvieron representadas las seis zonas de animaci\u00f3n de las tres inspector\u00edas salesianas SDB y FMA. En el desarrollo de la reuni\u00f3n despedimos a Don Arcadio Cuadrado SDB, Sor M. Dolores Lozano FMA y Sor Ana Linares FMA, Animadores Espirituales de las zonas de Bilbao, Madrid, Le\u00f3n y Sevilla. Don Arcadio es un salesiano que ha acompa\u00f1ado a ADMA a nivel nacional desde el comienzo a\u00f1os ochenta, siempre al servicio con la humildad y su buen hacer en todo lo que le hemos solicitado para nuestra Asociaci\u00f3n, muchas gracias, Sor M. Dolores tambi\u00e9n lleva acompa\u00f1ando a nivel nacional ADMA desde los a\u00f1os noventa, con la alegr\u00eda y espiritu\u00a0 oratoniano mornesino, siempre dispuesta . gracias. Sor Ana nos ha acompa\u00f1ado este curso pasado, tambi\u00e9n gracias por lo compartido.<\/p>\n<p>Dimos la bienvenida a cuatro Animadores Espirituales a los salesianos Alfonso Aldasoro, SDB que animar\u00e1 la zona norte Bilbao, Jos\u00e9 Antonio Aguilera SDB, la zona de Valenc\u00eda y las Hijas de Maria Auxiliadora Sor M.Dolores Vicente FMA, zonas\u00a0 de Madrid y Le\u00f3n y Sor Reyes Ruiz FMA la zona de Sevilla.<\/p>\n<p>En este primer encuentro nos centramos en las orientaciones y objetivos para el curso a nivel mundial. ADMA Primaria comparte con todas las ADMA el carisma, el esp\u00edritu y los compromisos de vida que San Juan Bosco ideo para toda la Asociaci\u00f3n, en concreto a finales del curso pasado nos presentaron las Orientaciones para caminar de 2021-2025. En septiembre nos enviaban seis l\u00edneas de trabajo para este curso, con ellas comenz\u00f3 nuestra reflexi\u00f3n en el encuentro de la Coordinadora.<\/p>\n<p>La vida de nuestra Asociaci\u00f3n tiene su desarrollo en el \u00e1mbito local, y toda la estructura de ADMA, sirve a lo local, y tiene como misi\u00f3n colaborar y fomentar la comuni\u00f3n entre todas las ADMA desde la fidelidad a la identidad con la que nos ideo Don Bosco. El avanzar en sentido de pertenencia a la Familia Salesiana (FASA), se fomenta conociendo y plasmando aquellos objetivos comunes para todos los grupos de FASA a nivel Inspectorial, por ello ya en junio se presentaron el avance de las las Programaciones Inspectoriales y Calendarios. En este encuentro de septiembre tratamos el desarrollo de lineas de acci\u00f3n que solo se esbozaron en junio, a destacar todos los actos programados por el Instituto de las Hijas de Mar\u00eda Auxiliadora para celebrar el 150\u00ba aniversario de su fundaci\u00f3n y la celebraci\u00f3n del Cap\u00edtulo General XXIV.<\/p>\n<p>La Coordinadora expuso su Programaci\u00f3n para este curso y las Consejos Inspectoriales de ADMA de todas las zonas de Espa\u00f1a, tambi\u00e9n presentaron sus Objetivos, Iniciativas\u00a0 Calendarios y Efem\u00e9rides<\/p>\n<p>Trabajamos en com\u00fan proyectos, ilusi\u00f3n, ganas de servir y alegr\u00eda para este nuevo curso y proyectamos iniciativas a medio plazo, de las que os iremos haciendo participes a lo largo del curso.<\/p>\n<p>Encomendamos\u00a0\u00a0 este curso que comenzamos a nuestra Madre y pedimos a nuestro Se\u00f1or, su gracia nos inspire, sostenga y acompa\u00f1e en nuestro servicio a las ADMA.<\/p>\n<p>[\/et_pb_text][\/et_pb_column][\/et_pb_row][et_pb_row _builder_version=\u00bb4.10.7&#8243; _module_preset=\u00bbdefault\u00bb column_structure=\u00bb1_4,1_4,1_4,1_4&#8243;][et_pb_column _builder_version=\u00bb4.10.7&#8243; _module_preset=\u00bbdefault\u00bb type=\u00bb1_4&#8243;][et_pb_image _builder_version=\u00bb4.10.7&#8243; _module_preset=\u00bbdefault\u00bb title_text=\u00bb20210911_110948_007&#8243; src=\u00bbhttp:\/\/www.salesianos.edu\/familiasalesiana\/wp-content\/uploads\/sites\/5\/2021\/09\/20210911_110948_007-scaled.jpg\u00bb align=\u00bbcenter\u00bb box_shadow_style=\u00bbpreset1&#8243; border_radii=\u00bbon|6px|6px|6px|6px\u00bb border_color_all=\u00bbRGBA(0,0,0,0)\u00bb hover_enabled=\u00bb0&#8243; sticky_enabled=\u00bb0&#8243;][\/et_pb_image][\/et_pb_column][et_pb_column _builder_version=\u00bb4.10.7&#8243; _module_preset=\u00bbdefault\u00bb type=\u00bb1_4&#8243;][et_pb_image _builder_version=\u00bb4.10.7&#8243; _module_preset=\u00bbdefault\u00bb title_text=\u00bbIMG-20210911-WA0006&#8243; src=\u00bbhttp:\/\/www.salesianos.edu\/familiasalesiana\/wp-content\/uploads\/sites\/5\/2021\/09\/IMG-20210911-WA0006.jpg\u00bb align=\u00bbcenter\u00bb box_shadow_style=\u00bbpreset1&#8243; border_radii=\u00bbon|6px|6px|6px|6px\u00bb border_color_all=\u00bbRGBA(0,0,0,0)\u00bb hover_enabled=\u00bb0&#8243; sticky_enabled=\u00bb0&#8243;][\/et_pb_image][\/et_pb_column][et_pb_column _builder_version=\u00bb4.10.7&#8243; _module_preset=\u00bbdefault\u00bb type=\u00bb1_4&#8243;][et_pb_image _builder_version=\u00bb4.10.7&#8243; _module_preset=\u00bbdefault\u00bb title_text=\u00bbIMG-20210911-WA0013&#8243; src=\u00bbhttp:\/\/www.salesianos.edu\/familiasalesiana\/wp-content\/uploads\/sites\/5\/2021\/09\/IMG-20210911-WA0013.jpg\u00bb align=\u00bbcenter\u00bb box_shadow_style=\u00bbpreset1&#8243; border_radii=\u00bbon|6px|6px|6px|6px\u00bb border_color_all=\u00bbRGBA(0,0,0,0)\u00bb hover_enabled=\u00bb0&#8243; sticky_enabled=\u00bb0&#8243;][\/et_pb_image][\/et_pb_column][et_pb_column _builder_version=\u00bb4.10.7&#8243; _module_preset=\u00bbdefault\u00bb type=\u00bb1_4&#8243;][et_pb_image _builder_version=\u00bb4.10.7&#8243; _module_preset=\u00bbdefault\u00bb title_text=\u00bbCaptura de pantalla 2021-09-15 a las 9.09.48&#8243; src=\u00bbhttp:\/\/www.salesianos.edu\/familiasalesiana\/wp-content\/uploads\/sites\/5\/2021\/09\/Captura-de-pantalla-2021-09-15-a-las-9.09.48.png\u00bb align=\u00bbcenter\u00bb box_shadow_style=\u00bbpreset1&#8243; border_radii=\u00bbon|6px|6px|6px|6px\u00bb border_color_all=\u00bbRGBA(0,0,0,0)\u00bb hover_enabled=\u00bb0&#8243; sticky_enabled=\u00bb0&#8243;][\/et_pb_image][\/et_pb_column][\/et_pb_row][\/et_pb_section]<\/p>\n","protected":false},"excerpt":{"rendered":"<p>\u00a1Apasionados por la Vida, as\u00ed nos quiere nuestra Madre! as\u00ed define el ambiente del encuentro celebrado en la Coordinadora Nacional ADMA Espa\u00f1a, el pasado 11 de septiembre, en Madrid. Reencontrarnos despu\u00e9s de un a\u00f1o y medio, sin reuniones presenciales fue un regalo, celebrar, agradecer, acoger, compartir, so\u00f1ar el curso y estar juntos.<\/p>\n","protected":false},"author":31,"featured_media":9697,"comment_status":"open","ping_status":"open","sticky":false,"template":"","format":"standard","meta":{"_et_pb_use_builder":"on","_et_pb_old_content":"","_et_gb_content_width":"","footnotes":""},"categories":[53,60],"tags":[],"class_list":["post-9688","post","type-post","status-publish","format-standard","has-post-thumbnail","hentry","category-adma","category-curso21-22"],"yoast_head":"<!-- This site is optimized with the Yoast SEO plugin v27.5 - https:\/\/yoast.com\/product\/yoast-seo-wordpress\/ -->\n<title>Cr\u00f3nica del encuentro Coordinadora Nacional ADMA de Espa\u00f1a - Familia Salesiana<\/title>\n<meta name=\"robots\" content=\"index, follow, max-snippet:-1, max-image-preview:large, max-video-preview:-1\" \/>\n<link rel=\"canonical\" href=\"https:\/\/www.salesianos.edu\/familiasalesiana\/cronica-del-encuentro-coordinadora-nacional-adma-de-espana\/\" \/>\n<meta property=\"og:locale\" content=\"es_ES\" \/>\n<meta property=\"og:type\" content=\"article\" \/>\n<meta property=\"og:title\" content=\"Cr\u00f3nica del encuentro Coordinadora Nacional ADMA de Espa\u00f1a - Familia Salesiana\" \/>\n<meta property=\"og:description\" content=\"\u00a1Apasionados por la Vida, as\u00ed nos quiere nuestra Madre! as\u00ed define el ambiente del encuentro celebrado en la Coordinadora Nacional ADMA Espa\u00f1a, el pasado 11 de septiembre, en Madrid. Reencontrarnos despu\u00e9s de un a\u00f1o y medio, sin reuniones presenciales fue un regalo, celebrar, agradecer, acoger, compartir, so\u00f1ar el curso y estar juntos.\" \/>\n<meta property=\"og:url\" content=\"https:\/\/www.salesianos.edu\/familiasalesiana\/cronica-del-encuentro-coordinadora-nacional-adma-de-espana\/\" \/>\n<meta property=\"og:site_name\" content=\"Familia Salesiana\" \/>\n<meta property=\"article:published_time\" content=\"2021-09-15T07:20:16+00:00\" \/>\n<meta property=\"article:modified_time\" content=\"2021-09-15T07:20:19+00:00\" \/>\n<meta property=\"og:image\" content=\"https:\/\/www.salesianos.edu\/familiasalesiana\/wp-content\/uploads\/sites\/5\/2021\/09\/Captura-de-pantalla-2021-09-15-a-las-9.09.48.png\" \/>\n\t<meta property=\"og:image:width\" content=\"646\" \/>\n\t<meta property=\"og:image:height\" content=\"382\" \/>\n\t<meta property=\"og:image:type\" content=\"image\/png\" \/>\n<meta name=\"author\" content=\"antoninogomez\" \/>\n<meta name=\"twitter:card\" content=\"summary_large_image\" \/>\n<meta name=\"twitter:label1\" content=\"Escrito por\" \/>\n\t<meta name=\"twitter:data1\" content=\"antoninogomez\" \/>\n\t<meta name=\"twitter:label2\" content=\"Tiempo de lectura\" \/>\n\t<meta name=\"twitter:data2\" content=\"4 minutos\" \/>\n<script type=\"application\/ld+json\" class=\"yoast-schema-graph\">{\"@context\":\"https:\\\/\\\/schema.org\",\"@graph\":[{\"@type\":\"Article\",\"@id\":\"https:\\\/\\\/www.salesianos.edu\\\/familiasalesiana\\\/cronica-del-encuentro-coordinadora-nacional-adma-de-espana\\\/#article\",\"isPartOf\":{\"@id\":\"https:\\\/\\\/www.salesianos.edu\\\/familiasalesiana\\\/cronica-del-encuentro-coordinadora-nacional-adma-de-espana\\\/\"},\"author\":{\"name\":\"antoninogomez\",\"@id\":\"http:\\\/\\\/www.salesianos.edu\\\/familiasalesiana\\\/#\\\/schema\\\/person\\\/a379b91cdbdb13a276ccd4465b96104e\"},\"headline\":\"Cr\u00f3nica del encuentro Coordinadora Nacional ADMA de Espa\u00f1a\",\"datePublished\":\"2021-09-15T07:20:16+00:00\",\"dateModified\":\"2021-09-15T07:20:19+00:00\",\"mainEntityOfPage\":{\"@id\":\"https:\\\/\\\/www.salesianos.edu\\\/familiasalesiana\\\/cronica-del-encuentro-coordinadora-nacional-adma-de-espana\\\/\"},\"wordCount\":991,\"commentCount\":0,\"image\":{\"@id\":\"https:\\\/\\\/www.salesianos.edu\\\/familiasalesiana\\\/cronica-del-encuentro-coordinadora-nacional-adma-de-espana\\\/#primaryimage\"},\"thumbnailUrl\":\"https:\\\/\\\/www.salesianos.edu\\\/familiasalesiana\\\/wp-content\\\/uploads\\\/sites\\\/5\\\/2021\\\/09\\\/Captura-de-pantalla-2021-09-15-a-las-9.09.48.png\",\"articleSection\":[\"ADMA\",\"Curso21-22\"],\"inLanguage\":\"es\",\"potentialAction\":[{\"@type\":\"CommentAction\",\"name\":\"Comment\",\"target\":[\"https:\\\/\\\/www.salesianos.edu\\\/familiasalesiana\\\/cronica-del-encuentro-coordinadora-nacional-adma-de-espana\\\/#respond\"]}]},{\"@type\":\"WebPage\",\"@id\":\"https:\\\/\\\/www.salesianos.edu\\\/familiasalesiana\\\/cronica-del-encuentro-coordinadora-nacional-adma-de-espana\\\/\",\"url\":\"https:\\\/\\\/www.salesianos.edu\\\/familiasalesiana\\\/cronica-del-encuentro-coordinadora-nacional-adma-de-espana\\\/\",\"name\":\"Cr\u00f3nica del encuentro Coordinadora Nacional ADMA de Espa\u00f1a - Familia Salesiana\",\"isPartOf\":{\"@id\":\"http:\\\/\\\/www.salesianos.edu\\\/familiasalesiana\\\/#website\"},\"primaryImageOfPage\":{\"@id\":\"https:\\\/\\\/www.salesianos.edu\\\/familiasalesiana\\\/cronica-del-encuentro-coordinadora-nacional-adma-de-espana\\\/#primaryimage\"},\"image\":{\"@id\":\"https:\\\/\\\/www.salesianos.edu\\\/familiasalesiana\\\/cronica-del-encuentro-coordinadora-nacional-adma-de-espana\\\/#primaryimage\"},\"thumbnailUrl\":\"https:\\\/\\\/www.salesianos.edu\\\/familiasalesiana\\\/wp-content\\\/uploads\\\/sites\\\/5\\\/2021\\\/09\\\/Captura-de-pantalla-2021-09-15-a-las-9.09.48.png\",\"datePublished\":\"2021-09-15T07:20:16+00:00\",\"dateModified\":\"2021-09-15T07:20:19+00:00\",\"author\":{\"@id\":\"http:\\\/\\\/www.salesianos.edu\\\/familiasalesiana\\\/#\\\/schema\\\/person\\\/a379b91cdbdb13a276ccd4465b96104e\"},\"breadcrumb\":{\"@id\":\"https:\\\/\\\/www.salesianos.edu\\\/familiasalesiana\\\/cronica-del-encuentro-coordinadora-nacional-adma-de-espana\\\/#breadcrumb\"},\"inLanguage\":\"es\",\"potentialAction\":[{\"@type\":\"ReadAction\",\"target\":[\"https:\\\/\\\/www.salesianos.edu\\\/familiasalesiana\\\/cronica-del-encuentro-coordinadora-nacional-adma-de-espana\\\/\"]}]},{\"@type\":\"ImageObject\",\"inLanguage\":\"es\",\"@id\":\"https:\\\/\\\/www.salesianos.edu\\\/familiasalesiana\\\/cronica-del-encuentro-coordinadora-nacional-adma-de-espana\\\/#primaryimage\",\"url\":\"https:\\\/\\\/www.salesianos.edu\\\/familiasalesiana\\\/wp-content\\\/uploads\\\/sites\\\/5\\\/2021\\\/09\\\/Captura-de-pantalla-2021-09-15-a-las-9.09.48.png\",\"contentUrl\":\"https:\\\/\\\/www.salesianos.edu\\\/familiasalesiana\\\/wp-content\\\/uploads\\\/sites\\\/5\\\/2021\\\/09\\\/Captura-de-pantalla-2021-09-15-a-las-9.09.48.png\",\"width\":646,\"height\":382},{\"@type\":\"BreadcrumbList\",\"@id\":\"https:\\\/\\\/www.salesianos.edu\\\/familiasalesiana\\\/cronica-del-encuentro-coordinadora-nacional-adma-de-espana\\\/#breadcrumb\",\"itemListElement\":[{\"@type\":\"ListItem\",\"position\":1,\"name\":\"Portada\",\"item\":\"http:\\\/\\\/www.salesianos.edu\\\/familiasalesiana\\\/\"},{\"@type\":\"ListItem\",\"position\":2,\"name\":\"Cr\u00f3nica del encuentro Coordinadora Nacional ADMA de Espa\u00f1a\"}]},{\"@type\":\"WebSite\",\"@id\":\"http:\\\/\\\/www.salesianos.edu\\\/familiasalesiana\\\/#website\",\"url\":\"http:\\\/\\\/www.salesianos.edu\\\/familiasalesiana\\\/\",\"name\":\"Familia Salesiana\",\"description\":\"P\u00e1gina oficial de Inspector\u00eda Salesiana Mar\u00eda Auxiliadora\",\"potentialAction\":[{\"@type\":\"SearchAction\",\"target\":{\"@type\":\"EntryPoint\",\"urlTemplate\":\"http:\\\/\\\/www.salesianos.edu\\\/familiasalesiana\\\/?s={search_term_string}\"},\"query-input\":{\"@type\":\"PropertyValueSpecification\",\"valueRequired\":true,\"valueName\":\"search_term_string\"}}],\"inLanguage\":\"es\"},{\"@type\":\"Person\",\"@id\":\"http:\\\/\\\/www.salesianos.edu\\\/familiasalesiana\\\/#\\\/schema\\\/person\\\/a379b91cdbdb13a276ccd4465b96104e\",\"name\":\"antoninogomez\",\"image\":{\"@type\":\"ImageObject\",\"inLanguage\":\"es\",\"@id\":\"https:\\\/\\\/secure.gravatar.com\\\/avatar\\\/7ec9a9a03fb85ee41fe7eaf1bac753f58d6718a944b75d031135858e327f16cf?s=96&d=mm&r=g\",\"url\":\"https:\\\/\\\/secure.gravatar.com\\\/avatar\\\/7ec9a9a03fb85ee41fe7eaf1bac753f58d6718a944b75d031135858e327f16cf?s=96&d=mm&r=g\",\"contentUrl\":\"https:\\\/\\\/secure.gravatar.com\\\/avatar\\\/7ec9a9a03fb85ee41fe7eaf1bac753f58d6718a944b75d031135858e327f16cf?s=96&d=mm&r=g\",\"caption\":\"antoninogomez\"}}]}<\/script>\n<!-- \/ Yoast SEO plugin. -->","yoast_head_json":{"title":"Cr\u00f3nica del encuentro Coordinadora Nacional ADMA de Espa\u00f1a - Familia Salesiana","robots":{"index":"index","follow":"follow","max-snippet":"max-snippet:-1","max-image-preview":"max-image-preview:large","max-video-preview":"max-video-preview:-1"},"canonical":"https:\/\/www.salesianos.edu\/familiasalesiana\/cronica-del-encuentro-coordinadora-nacional-adma-de-espana\/","og_locale":"es_ES","og_type":"article","og_title":"Cr\u00f3nica del encuentro Coordinadora Nacional ADMA de Espa\u00f1a - Familia Salesiana","og_description":"\u00a1Apasionados por la Vida, as\u00ed nos quiere nuestra Madre! as\u00ed define el ambiente del encuentro celebrado en la Coordinadora Nacional ADMA Espa\u00f1a, el pasado 11 de septiembre, en Madrid. Reencontrarnos despu\u00e9s de un a\u00f1o y medio, sin reuniones presenciales fue un regalo, celebrar, agradecer, acoger, compartir, so\u00f1ar el curso y estar juntos.","og_url":"https:\/\/www.salesianos.edu\/familiasalesiana\/cronica-del-encuentro-coordinadora-nacional-adma-de-espana\/","og_site_name":"Familia Salesiana","article_published_time":"2021-09-15T07:20:16+00:00","article_modified_time":"2021-09-15T07:20:19+00:00","og_image":[{"width":646,"height":382,"url":"https:\/\/www.salesianos.edu\/familiasalesiana\/wp-content\/uploads\/sites\/5\/2021\/09\/Captura-de-pantalla-2021-09-15-a-las-9.09.48.png","type":"image\/png"}],"author":"antoninogomez","twitter_card":"summary_large_image","twitter_misc":{"Escrito por":"antoninogomez","Tiempo de lectura":"4 minutos"},"schema":{"@context":"https:\/\/schema.org","@graph":[{"@type":"Article","@id":"https:\/\/www.salesianos.edu\/familiasalesiana\/cronica-del-encuentro-coordinadora-nacional-adma-de-espana\/#article","isPartOf":{"@id":"https:\/\/www.salesianos.edu\/familiasalesiana\/cronica-del-encuentro-coordinadora-nacional-adma-de-espana\/"},"author":{"name":"antoninogomez","@id":"http:\/\/www.salesianos.edu\/familiasalesiana\/#\/schema\/person\/a379b91cdbdb13a276ccd4465b96104e"},"headline":"Cr\u00f3nica del encuentro Coordinadora Nacional ADMA de Espa\u00f1a","datePublished":"2021-09-15T07:20:16+00:00","dateModified":"2021-09-15T07:20:19+00:00","mainEntityOfPage":{"@id":"https:\/\/www.salesianos.edu\/familiasalesiana\/cronica-del-encuentro-coordinadora-nacional-adma-de-espana\/"},"wordCount":991,"commentCount":0,"image":{"@id":"https:\/\/www.salesianos.edu\/familiasalesiana\/cronica-del-encuentro-coordinadora-nacional-adma-de-espana\/#primaryimage"},"thumbnailUrl":"https:\/\/www.salesianos.edu\/familiasalesiana\/wp-content\/uploads\/sites\/5\/2021\/09\/Captura-de-pantalla-2021-09-15-a-las-9.09.48.png","articleSection":["ADMA","Curso21-22"],"inLanguage":"es","potentialAction":[{"@type":"CommentAction","name":"Comment","target":["https:\/\/www.salesianos.edu\/familiasalesiana\/cronica-del-encuentro-coordinadora-nacional-adma-de-espana\/#respond"]}]},{"@type":"WebPage","@id":"https:\/\/www.salesianos.edu\/familiasalesiana\/cronica-del-encuentro-coordinadora-nacional-adma-de-espana\/","url":"https:\/\/www.salesianos.edu\/familiasalesiana\/cronica-del-encuentro-coordinadora-nacional-adma-de-espana\/","name":"Cr\u00f3nica del encuentro Coordinadora Nacional ADMA de Espa\u00f1a - Familia Salesiana","isPartOf":{"@id":"http:\/\/www.salesianos.edu\/familiasalesiana\/#website"},"primaryImageOfPage":{"@id":"https:\/\/www.salesianos.edu\/familiasalesiana\/cronica-del-encuentro-coordinadora-nacional-adma-de-espana\/#primaryimage"},"image":{"@id":"https:\/\/www.salesianos.edu\/familiasalesiana\/cronica-del-encuentro-coordinadora-nacional-adma-de-espana\/#primaryimage"},"thumbnailUrl":"https:\/\/www.salesianos.edu\/familiasalesiana\/wp-content\/uploads\/sites\/5\/2021\/09\/Captura-de-pantalla-2021-09-15-a-las-9.09.48.png","datePublished":"2021-09-15T07:20:16+00:00","dateModified":"2021-09-15T07:20:19+00:00","author":{"@id":"http:\/\/www.salesianos.edu\/familiasalesiana\/#\/schema\/person\/a379b91cdbdb13a276ccd4465b96104e"},"breadcrumb":{"@id":"https:\/\/www.salesianos.edu\/familiasalesiana\/cronica-del-encuentro-coordinadora-nacional-adma-de-espana\/#breadcrumb"},"inLanguage":"es","potentialAction":[{"@type":"ReadAction","target":["https:\/\/www.salesianos.edu\/familiasalesiana\/cronica-del-encuentro-coordinadora-nacional-adma-de-espana\/"]}]},{"@type":"ImageObject","inLanguage":"es","@id":"https:\/\/www.salesianos.edu\/familiasalesiana\/cronica-del-encuentro-coordinadora-nacional-adma-de-espana\/#primaryimage","url":"https:\/\/www.salesianos.edu\/familiasalesiana\/wp-content\/uploads\/sites\/5\/2021\/09\/Captura-de-pantalla-2021-09-15-a-las-9.09.48.png","contentUrl":"https:\/\/www.salesianos.edu\/familiasalesiana\/wp-content\/uploads\/sites\/5\/2021\/09\/Captura-de-pantalla-2021-09-15-a-las-9.09.48.png","width":646,"height":382},{"@type":"BreadcrumbList","@id":"https:\/\/www.salesianos.edu\/familiasalesiana\/cronica-del-encuentro-coordinadora-nacional-adma-de-espana\/#breadcrumb","itemListElement":[{"@type":"ListItem","position":1,"name":"Portada","item":"http:\/\/www.salesianos.edu\/familiasalesiana\/"},{"@type":"ListItem","position":2,"name":"Cr\u00f3nica del encuentro Coordinadora Nacional ADMA de Espa\u00f1a"}]},{"@type":"WebSite","@id":"http:\/\/www.salesianos.edu\/familiasalesiana\/#website","url":"http:\/\/www.salesianos.edu\/familiasalesiana\/","name":"Familia Salesiana","description":"P\u00e1gina oficial de Inspector\u00eda Salesiana Mar\u00eda Auxiliadora","potentialAction":[{"@type":"SearchAction","target":{"@type":"EntryPoint","urlTemplate":"http:\/\/www.salesianos.edu\/familiasalesiana\/?s={search_term_string}"},"query-input":{"@type":"PropertyValueSpecification","valueRequired":true,"valueName":"search_term_string"}}],"inLanguage":"es"},{"@type":"Person","@id":"http:\/\/www.salesianos.edu\/familiasalesiana\/#\/schema\/person\/a379b91cdbdb13a276ccd4465b96104e","name":"antoninogomez","image":{"@type":"ImageObject","inLanguage":"es","@id":"https:\/\/secure.gravatar.com\/avatar\/7ec9a9a03fb85ee41fe7eaf1bac753f58d6718a944b75d031135858e327f16cf?s=96&d=mm&r=g","url":"https:\/\/secure.gravatar.com\/avatar\/7ec9a9a03fb85ee41fe7eaf1bac753f58d6718a944b75d031135858e327f16cf?s=96&d=mm&r=g","contentUrl":"https:\/\/secure.gravatar.com\/avatar\/7ec9a9a03fb85ee41fe7eaf1bac753f58d6718a944b75d031135858e327f16cf?s=96&d=mm&r=g","caption":"antoninogomez"}}]}},"_links":{"self":[{"href":"https:\/\/www.salesianos.edu\/familiasalesiana\/wp-json\/wp\/v2\/posts\/9688","targetHints":{"allow":["GET"]}}],"collection":[{"href":"https:\/\/www.salesianos.edu\/familiasalesiana\/wp-json\/wp\/v2\/posts"}],"about":[{"href":"https:\/\/www.salesianos.edu\/familiasalesiana\/wp-json\/wp\/v2\/types\/post"}],"author":[{"embeddable":true,"href":"https:\/\/www.salesianos.edu\/familiasalesiana\/wp-json\/wp\/v2\/users\/31"}],"replies":[{"embeddable":true,"href":"https:\/\/www.salesianos.edu\/familiasalesiana\/wp-json\/wp\/v2\/comments?post=9688"}],"version-history":[{"count":6,"href":"https:\/\/www.salesianos.edu\/familiasalesiana\/wp-json\/wp\/v2\/posts\/9688\/revisions"}],"predecessor-version":[{"id":9702,"href":"https:\/\/www.salesianos.edu\/familiasalesiana\/wp-json\/wp\/v2\/posts\/9688\/revisions\/9702"}],"wp:featuredmedia":[{"embeddable":true,"href":"https:\/\/www.salesianos.edu\/familiasalesiana\/wp-json\/wp\/v2\/media\/9697"}],"wp:attachment":[{"href":"https:\/\/www.salesianos.edu\/familiasalesiana\/wp-json\/wp\/v2\/media?parent=9688"}],"wp:term":[{"taxonomy":"category","embeddable":true,"href":"https:\/\/www.salesianos.edu\/familiasalesiana\/wp-json\/wp\/v2\/categories?post=9688"},{"taxonomy":"post_tag","embeddable":true,"href":"https:\/\/www.salesianos.edu\/familiasalesiana\/wp-json\/wp\/v2\/tags?post=9688"}],"curies":[{"name":"wp","href":"https:\/\/api.w.org\/{rel}","templated":true}]}}