{"id":9672,"date":"2021-09-07T07:46:57","date_gmt":"2021-09-07T06:46:57","guid":{"rendered":"https:\/\/www.salesianos.edu\/familiasalesiana\/?p=9672"},"modified":"2021-09-07T07:47:00","modified_gmt":"2021-09-07T06:47:00","slug":"jose-manuel-pozas-nuevo-delegado-de-la-federacion-regional-de-antiguos-alumnos-de-don-bosco-maria-auxiliadora-zona-sur","status":"publish","type":"post","link":"https:\/\/www.salesianos.edu\/familiasalesiana\/jose-manuel-pozas-nuevo-delegado-de-la-federacion-regional-de-antiguos-alumnos-de-don-bosco-maria-auxiliadora-zona-sur\/","title":{"rendered":"Jos\u00e9 Manuel Pozas, nuevo delegado de la Federaci\u00f3n Regional de Antiguos Alumnos de Don Bosco \u00abMar\u00eda auxiliadora\u00bb, zona sur."},"content":{"rendered":"<div id=\"fb-root\"><\/div>\n<p>[et_pb_section fb_built=\u00bb1&#8243; _builder_version=\u00bb4.10.5&#8243; _module_preset=\u00bbdefault\u00bb][et_pb_row _builder_version=\u00bb4.10.5&#8243; _module_preset=\u00bbdefault\u00bb][et_pb_column _builder_version=\u00bb4.10.5&#8243; _module_preset=\u00bbdefault\u00bb type=\u00bb4_4&#8243;][et_pb_text _builder_version=\u00bb4.10.5&#8243; _module_preset=\u00bbdefault\u00bb hover_enabled=\u00bb0&#8243; sticky_enabled=\u00bb0&#8243;]<\/p>\n<p>El Inspector Provincial, don \u00c1ngel Asumermendi, ha nombrado al salesiano don Jos\u00e9 Manuel Pozas, como nuevo delegado regional para los antiguos alumnos de la federaci\u00f3n regional de la zona sur.<\/p>\n<p>Don Jos\u00e9 Manuel es bastante conocido por todos los antiguos alumnos de dicha federaci\u00f3n, ya que fue delegado regional para los antiguos alumnos desde 1999 al 2002, en la actualidad ejerc\u00eda como delegado local de C\u00e1diz y San Fernando.<\/p>\n<p>La Federaci\u00f3n agradece a don Miguel \u00c1ngel \u00c1lvarez, la labor desarrollada como delegado durante este \u00faltimo sexenio.<\/p>\n<blockquote>\n<p>\u201cHemos tenido una gran suerte, hemos aprendido mucho de \u00e9l, ha sido un gran salesiano con nosotros\u201d, comentan desde la Federaci\u00f3n.<\/p>\n<\/blockquote>\n<p>[\/et_pb_text][\/et_pb_column][\/et_pb_row][\/et_pb_section]<\/p>\n","protected":false},"excerpt":{"rendered":"<p>El Inspector Provincial, don \u00c1ngel Asumermendi, ha nombrado al salesiano don Jos\u00e9 Manuel Pozas, como nuevo delegado regional para los antiguos alumnos de la federaci\u00f3n regional de la zona sur.<\/p>\n","protected":false},"author":31,"featured_media":9675,"comment_status":"open","ping_status":"open","sticky":false,"template":"","format":"standard","meta":{"_et_pb_use_builder":"on","_et_pb_old_content":"","_et_gb_content_width":"","footnotes":""},"categories":[54],"tags":[],"class_list":["post-9672","post","type-post","status-publish","format-standard","has-post-thumbnail","hentry","category-antiguos-alumnos"],"yoast_head":"<!-- This site is optimized with the Yoast SEO plugin v27.5 - https:\/\/yoast.com\/product\/yoast-seo-wordpress\/ -->\n<title>Jos\u00e9 Manuel Pozas, nuevo delegado de la Federaci\u00f3n Regional de Antiguos Alumnos de Don Bosco &quot;Mar\u00eda auxiliadora&quot;, zona sur. - Familia Salesiana<\/title>\n<meta name=\"robots\" content=\"index, follow, max-snippet:-1, max-image-preview:large, max-video-preview:-1\" \/>\n<link rel=\"canonical\" href=\"https:\/\/www.salesianos.edu\/familiasalesiana\/jose-manuel-pozas-nuevo-delegado-de-la-federacion-regional-de-antiguos-alumnos-de-don-bosco-maria-auxiliadora-zona-sur\/\" \/>\n<meta property=\"og:locale\" content=\"es_ES\" \/>\n<meta property=\"og:type\" content=\"article\" \/>\n<meta property=\"og:title\" content=\"Jos\u00e9 Manuel Pozas, nuevo delegado de la Federaci\u00f3n Regional de Antiguos Alumnos de Don Bosco &quot;Mar\u00eda auxiliadora&quot;, zona sur. - Familia Salesiana\" \/>\n<meta property=\"og:description\" content=\"El Inspector Provincial, don \u00c1ngel Asumermendi, ha nombrado al salesiano don Jos\u00e9 Manuel Pozas, como nuevo delegado regional para los antiguos alumnos de la federaci\u00f3n regional de la zona sur.\" \/>\n<meta property=\"og:url\" content=\"https:\/\/www.salesianos.edu\/familiasalesiana\/jose-manuel-pozas-nuevo-delegado-de-la-federacion-regional-de-antiguos-alumnos-de-don-bosco-maria-auxiliadora-zona-sur\/\" \/>\n<meta property=\"og:site_name\" content=\"Familia Salesiana\" \/>\n<meta property=\"article:published_time\" content=\"2021-09-07T06:46:57+00:00\" \/>\n<meta property=\"article:modified_time\" content=\"2021-09-07T06:47:00+00:00\" \/>\n<meta property=\"og:image\" content=\"https:\/\/www.salesianos.edu\/familiasalesiana\/wp-content\/uploads\/sites\/5\/2021\/09\/josemanuelsdb.png\" \/>\n\t<meta property=\"og:image:width\" content=\"672\" \/>\n\t<meta property=\"og:image:height\" content=\"487\" \/>\n\t<meta property=\"og:image:type\" content=\"image\/png\" \/>\n<meta name=\"author\" content=\"antoninogomez\" \/>\n<meta name=\"twitter:card\" content=\"summary_large_image\" \/>\n<meta name=\"twitter:label1\" content=\"Escrito por\" \/>\n\t<meta name=\"twitter:data1\" content=\"antoninogomez\" \/>\n\t<meta name=\"twitter:label2\" content=\"Tiempo de lectura\" \/>\n\t<meta name=\"twitter:data2\" content=\"1 minuto\" \/>\n<script type=\"application\/ld+json\" class=\"yoast-schema-graph\">{\"@context\":\"https:\\\/\\\/schema.org\",\"@graph\":[{\"@type\":\"Article\",\"@id\":\"https:\\\/\\\/www.salesianos.edu\\\/familiasalesiana\\\/jose-manuel-pozas-nuevo-delegado-de-la-federacion-regional-de-antiguos-alumnos-de-don-bosco-maria-auxiliadora-zona-sur\\\/#article\",\"isPartOf\":{\"@id\":\"https:\\\/\\\/www.salesianos.edu\\\/familiasalesiana\\\/jose-manuel-pozas-nuevo-delegado-de-la-federacion-regional-de-antiguos-alumnos-de-don-bosco-maria-auxiliadora-zona-sur\\\/\"},\"author\":{\"name\":\"antoninogomez\",\"@id\":\"http:\\\/\\\/www.salesianos.edu\\\/familiasalesiana\\\/#\\\/schema\\\/person\\\/a379b91cdbdb13a276ccd4465b96104e\"},\"headline\":\"Jos\u00e9 Manuel Pozas, nuevo delegado de la Federaci\u00f3n Regional de Antiguos Alumnos de Don Bosco \u00abMar\u00eda auxiliadora\u00bb, zona sur.\",\"datePublished\":\"2021-09-07T06:46:57+00:00\",\"dateModified\":\"2021-09-07T06:47:00+00:00\",\"mainEntityOfPage\":{\"@id\":\"https:\\\/\\\/www.salesianos.edu\\\/familiasalesiana\\\/jose-manuel-pozas-nuevo-delegado-de-la-federacion-regional-de-antiguos-alumnos-de-don-bosco-maria-auxiliadora-zona-sur\\\/\"},\"wordCount\":183,\"commentCount\":0,\"image\":{\"@id\":\"https:\\\/\\\/www.salesianos.edu\\\/familiasalesiana\\\/jose-manuel-pozas-nuevo-delegado-de-la-federacion-regional-de-antiguos-alumnos-de-don-bosco-maria-auxiliadora-zona-sur\\\/#primaryimage\"},\"thumbnailUrl\":\"https:\\\/\\\/www.salesianos.edu\\\/familiasalesiana\\\/wp-content\\\/uploads\\\/sites\\\/5\\\/2021\\\/09\\\/josemanuelsdb.png\",\"articleSection\":[\"Antiguos Alumnos\"],\"inLanguage\":\"es\",\"potentialAction\":[{\"@type\":\"CommentAction\",\"name\":\"Comment\",\"target\":[\"https:\\\/\\\/www.salesianos.edu\\\/familiasalesiana\\\/jose-manuel-pozas-nuevo-delegado-de-la-federacion-regional-de-antiguos-alumnos-de-don-bosco-maria-auxiliadora-zona-sur\\\/#respond\"]}]},{\"@type\":\"WebPage\",\"@id\":\"https:\\\/\\\/www.salesianos.edu\\\/familiasalesiana\\\/jose-manuel-pozas-nuevo-delegado-de-la-federacion-regional-de-antiguos-alumnos-de-don-bosco-maria-auxiliadora-zona-sur\\\/\",\"url\":\"https:\\\/\\\/www.salesianos.edu\\\/familiasalesiana\\\/jose-manuel-pozas-nuevo-delegado-de-la-federacion-regional-de-antiguos-alumnos-de-don-bosco-maria-auxiliadora-zona-sur\\\/\",\"name\":\"Jos\u00e9 Manuel Pozas, nuevo delegado de la Federaci\u00f3n Regional de Antiguos Alumnos de Don Bosco \\\"Mar\u00eda auxiliadora\\\", zona sur. - Familia Salesiana\",\"isPartOf\":{\"@id\":\"http:\\\/\\\/www.salesianos.edu\\\/familiasalesiana\\\/#website\"},\"primaryImageOfPage\":{\"@id\":\"https:\\\/\\\/www.salesianos.edu\\\/familiasalesiana\\\/jose-manuel-pozas-nuevo-delegado-de-la-federacion-regional-de-antiguos-alumnos-de-don-bosco-maria-auxiliadora-zona-sur\\\/#primaryimage\"},\"image\":{\"@id\":\"https:\\\/\\\/www.salesianos.edu\\\/familiasalesiana\\\/jose-manuel-pozas-nuevo-delegado-de-la-federacion-regional-de-antiguos-alumnos-de-don-bosco-maria-auxiliadora-zona-sur\\\/#primaryimage\"},\"thumbnailUrl\":\"https:\\\/\\\/www.salesianos.edu\\\/familiasalesiana\\\/wp-content\\\/uploads\\\/sites\\\/5\\\/2021\\\/09\\\/josemanuelsdb.png\",\"datePublished\":\"2021-09-07T06:46:57+00:00\",\"dateModified\":\"2021-09-07T06:47:00+00:00\",\"author\":{\"@id\":\"http:\\\/\\\/www.salesianos.edu\\\/familiasalesiana\\\/#\\\/schema\\\/person\\\/a379b91cdbdb13a276ccd4465b96104e\"},\"breadcrumb\":{\"@id\":\"https:\\\/\\\/www.salesianos.edu\\\/familiasalesiana\\\/jose-manuel-pozas-nuevo-delegado-de-la-federacion-regional-de-antiguos-alumnos-de-don-bosco-maria-auxiliadora-zona-sur\\\/#breadcrumb\"},\"inLanguage\":\"es\",\"potentialAction\":[{\"@type\":\"ReadAction\",\"target\":[\"https:\\\/\\\/www.salesianos.edu\\\/familiasalesiana\\\/jose-manuel-pozas-nuevo-delegado-de-la-federacion-regional-de-antiguos-alumnos-de-don-bosco-maria-auxiliadora-zona-sur\\\/\"]}]},{\"@type\":\"ImageObject\",\"inLanguage\":\"es\",\"@id\":\"https:\\\/\\\/www.salesianos.edu\\\/familiasalesiana\\\/jose-manuel-pozas-nuevo-delegado-de-la-federacion-regional-de-antiguos-alumnos-de-don-bosco-maria-auxiliadora-zona-sur\\\/#primaryimage\",\"url\":\"https:\\\/\\\/www.salesianos.edu\\\/familiasalesiana\\\/wp-content\\\/uploads\\\/sites\\\/5\\\/2021\\\/09\\\/josemanuelsdb.png\",\"contentUrl\":\"https:\\\/\\\/www.salesianos.edu\\\/familiasalesiana\\\/wp-content\\\/uploads\\\/sites\\\/5\\\/2021\\\/09\\\/josemanuelsdb.png\",\"width\":672,\"height\":487},{\"@type\":\"BreadcrumbList\",\"@id\":\"https:\\\/\\\/www.salesianos.edu\\\/familiasalesiana\\\/jose-manuel-pozas-nuevo-delegado-de-la-federacion-regional-de-antiguos-alumnos-de-don-bosco-maria-auxiliadora-zona-sur\\\/#breadcrumb\",\"itemListElement\":[{\"@type\":\"ListItem\",\"position\":1,\"name\":\"Portada\",\"item\":\"http:\\\/\\\/www.salesianos.edu\\\/familiasalesiana\\\/\"},{\"@type\":\"ListItem\",\"position\":2,\"name\":\"Jos\u00e9 Manuel Pozas, nuevo delegado de la Federaci\u00f3n Regional de Antiguos Alumnos de Don Bosco \u00abMar\u00eda auxiliadora\u00bb, zona sur.\"}]},{\"@type\":\"WebSite\",\"@id\":\"http:\\\/\\\/www.salesianos.edu\\\/familiasalesiana\\\/#website\",\"url\":\"http:\\\/\\\/www.salesianos.edu\\\/familiasalesiana\\\/\",\"name\":\"Familia Salesiana\",\"description\":\"P\u00e1gina oficial de Inspector\u00eda Salesiana Mar\u00eda Auxiliadora\",\"potentialAction\":[{\"@type\":\"SearchAction\",\"target\":{\"@type\":\"EntryPoint\",\"urlTemplate\":\"http:\\\/\\\/www.salesianos.edu\\\/familiasalesiana\\\/?s={search_term_string}\"},\"query-input\":{\"@type\":\"PropertyValueSpecification\",\"valueRequired\":true,\"valueName\":\"search_term_string\"}}],\"inLanguage\":\"es\"},{\"@type\":\"Person\",\"@id\":\"http:\\\/\\\/www.salesianos.edu\\\/familiasalesiana\\\/#\\\/schema\\\/person\\\/a379b91cdbdb13a276ccd4465b96104e\",\"name\":\"antoninogomez\",\"image\":{\"@type\":\"ImageObject\",\"inLanguage\":\"es\",\"@id\":\"https:\\\/\\\/secure.gravatar.com\\\/avatar\\\/7ec9a9a03fb85ee41fe7eaf1bac753f58d6718a944b75d031135858e327f16cf?s=96&d=mm&r=g\",\"url\":\"https:\\\/\\\/secure.gravatar.com\\\/avatar\\\/7ec9a9a03fb85ee41fe7eaf1bac753f58d6718a944b75d031135858e327f16cf?s=96&d=mm&r=g\",\"contentUrl\":\"https:\\\/\\\/secure.gravatar.com\\\/avatar\\\/7ec9a9a03fb85ee41fe7eaf1bac753f58d6718a944b75d031135858e327f16cf?s=96&d=mm&r=g\",\"caption\":\"antoninogomez\"}}]}<\/script>\n<!-- \/ Yoast SEO plugin. -->","yoast_head_json":{"title":"Jos\u00e9 Manuel Pozas, nuevo delegado de la Federaci\u00f3n Regional de Antiguos Alumnos de Don Bosco \"Mar\u00eda auxiliadora\", zona sur. - Familia Salesiana","robots":{"index":"index","follow":"follow","max-snippet":"max-snippet:-1","max-image-preview":"max-image-preview:large","max-video-preview":"max-video-preview:-1"},"canonical":"https:\/\/www.salesianos.edu\/familiasalesiana\/jose-manuel-pozas-nuevo-delegado-de-la-federacion-regional-de-antiguos-alumnos-de-don-bosco-maria-auxiliadora-zona-sur\/","og_locale":"es_ES","og_type":"article","og_title":"Jos\u00e9 Manuel Pozas, nuevo delegado de la Federaci\u00f3n Regional de Antiguos Alumnos de Don Bosco \"Mar\u00eda auxiliadora\", zona sur. - Familia Salesiana","og_description":"El Inspector Provincial, don \u00c1ngel Asumermendi, ha nombrado al salesiano don Jos\u00e9 Manuel Pozas, como nuevo delegado regional para los antiguos alumnos de la federaci\u00f3n regional de la zona sur.","og_url":"https:\/\/www.salesianos.edu\/familiasalesiana\/jose-manuel-pozas-nuevo-delegado-de-la-federacion-regional-de-antiguos-alumnos-de-don-bosco-maria-auxiliadora-zona-sur\/","og_site_name":"Familia Salesiana","article_published_time":"2021-09-07T06:46:57+00:00","article_modified_time":"2021-09-07T06:47:00+00:00","og_image":[{"width":672,"height":487,"url":"https:\/\/www.salesianos.edu\/familiasalesiana\/wp-content\/uploads\/sites\/5\/2021\/09\/josemanuelsdb.png","type":"image\/png"}],"author":"antoninogomez","twitter_card":"summary_large_image","twitter_misc":{"Escrito por":"antoninogomez","Tiempo de lectura":"1 minuto"},"schema":{"@context":"https:\/\/schema.org","@graph":[{"@type":"Article","@id":"https:\/\/www.salesianos.edu\/familiasalesiana\/jose-manuel-pozas-nuevo-delegado-de-la-federacion-regional-de-antiguos-alumnos-de-don-bosco-maria-auxiliadora-zona-sur\/#article","isPartOf":{"@id":"https:\/\/www.salesianos.edu\/familiasalesiana\/jose-manuel-pozas-nuevo-delegado-de-la-federacion-regional-de-antiguos-alumnos-de-don-bosco-maria-auxiliadora-zona-sur\/"},"author":{"name":"antoninogomez","@id":"http:\/\/www.salesianos.edu\/familiasalesiana\/#\/schema\/person\/a379b91cdbdb13a276ccd4465b96104e"},"headline":"Jos\u00e9 Manuel Pozas, nuevo delegado de la Federaci\u00f3n Regional de Antiguos Alumnos de Don Bosco \u00abMar\u00eda auxiliadora\u00bb, zona sur.","datePublished":"2021-09-07T06:46:57+00:00","dateModified":"2021-09-07T06:47:00+00:00","mainEntityOfPage":{"@id":"https:\/\/www.salesianos.edu\/familiasalesiana\/jose-manuel-pozas-nuevo-delegado-de-la-federacion-regional-de-antiguos-alumnos-de-don-bosco-maria-auxiliadora-zona-sur\/"},"wordCount":183,"commentCount":0,"image":{"@id":"https:\/\/www.salesianos.edu\/familiasalesiana\/jose-manuel-pozas-nuevo-delegado-de-la-federacion-regional-de-antiguos-alumnos-de-don-bosco-maria-auxiliadora-zona-sur\/#primaryimage"},"thumbnailUrl":"https:\/\/www.salesianos.edu\/familiasalesiana\/wp-content\/uploads\/sites\/5\/2021\/09\/josemanuelsdb.png","articleSection":["Antiguos Alumnos"],"inLanguage":"es","potentialAction":[{"@type":"CommentAction","name":"Comment","target":["https:\/\/www.salesianos.edu\/familiasalesiana\/jose-manuel-pozas-nuevo-delegado-de-la-federacion-regional-de-antiguos-alumnos-de-don-bosco-maria-auxiliadora-zona-sur\/#respond"]}]},{"@type":"WebPage","@id":"https:\/\/www.salesianos.edu\/familiasalesiana\/jose-manuel-pozas-nuevo-delegado-de-la-federacion-regional-de-antiguos-alumnos-de-don-bosco-maria-auxiliadora-zona-sur\/","url":"https:\/\/www.salesianos.edu\/familiasalesiana\/jose-manuel-pozas-nuevo-delegado-de-la-federacion-regional-de-antiguos-alumnos-de-don-bosco-maria-auxiliadora-zona-sur\/","name":"Jos\u00e9 Manuel Pozas, nuevo delegado de la Federaci\u00f3n Regional de Antiguos Alumnos de Don Bosco \"Mar\u00eda auxiliadora\", zona sur. - Familia Salesiana","isPartOf":{"@id":"http:\/\/www.salesianos.edu\/familiasalesiana\/#website"},"primaryImageOfPage":{"@id":"https:\/\/www.salesianos.edu\/familiasalesiana\/jose-manuel-pozas-nuevo-delegado-de-la-federacion-regional-de-antiguos-alumnos-de-don-bosco-maria-auxiliadora-zona-sur\/#primaryimage"},"image":{"@id":"https:\/\/www.salesianos.edu\/familiasalesiana\/jose-manuel-pozas-nuevo-delegado-de-la-federacion-regional-de-antiguos-alumnos-de-don-bosco-maria-auxiliadora-zona-sur\/#primaryimage"},"thumbnailUrl":"https:\/\/www.salesianos.edu\/familiasalesiana\/wp-content\/uploads\/sites\/5\/2021\/09\/josemanuelsdb.png","datePublished":"2021-09-07T06:46:57+00:00","dateModified":"2021-09-07T06:47:00+00:00","author":{"@id":"http:\/\/www.salesianos.edu\/familiasalesiana\/#\/schema\/person\/a379b91cdbdb13a276ccd4465b96104e"},"breadcrumb":{"@id":"https:\/\/www.salesianos.edu\/familiasalesiana\/jose-manuel-pozas-nuevo-delegado-de-la-federacion-regional-de-antiguos-alumnos-de-don-bosco-maria-auxiliadora-zona-sur\/#breadcrumb"},"inLanguage":"es","potentialAction":[{"@type":"ReadAction","target":["https:\/\/www.salesianos.edu\/familiasalesiana\/jose-manuel-pozas-nuevo-delegado-de-la-federacion-regional-de-antiguos-alumnos-de-don-bosco-maria-auxiliadora-zona-sur\/"]}]},{"@type":"ImageObject","inLanguage":"es","@id":"https:\/\/www.salesianos.edu\/familiasalesiana\/jose-manuel-pozas-nuevo-delegado-de-la-federacion-regional-de-antiguos-alumnos-de-don-bosco-maria-auxiliadora-zona-sur\/#primaryimage","url":"https:\/\/www.salesianos.edu\/familiasalesiana\/wp-content\/uploads\/sites\/5\/2021\/09\/josemanuelsdb.png","contentUrl":"https:\/\/www.salesianos.edu\/familiasalesiana\/wp-content\/uploads\/sites\/5\/2021\/09\/josemanuelsdb.png","width":672,"height":487},{"@type":"BreadcrumbList","@id":"https:\/\/www.salesianos.edu\/familiasalesiana\/jose-manuel-pozas-nuevo-delegado-de-la-federacion-regional-de-antiguos-alumnos-de-don-bosco-maria-auxiliadora-zona-sur\/#breadcrumb","itemListElement":[{"@type":"ListItem","position":1,"name":"Portada","item":"http:\/\/www.salesianos.edu\/familiasalesiana\/"},{"@type":"ListItem","position":2,"name":"Jos\u00e9 Manuel Pozas, nuevo delegado de la Federaci\u00f3n Regional de Antiguos Alumnos de Don Bosco \u00abMar\u00eda auxiliadora\u00bb, zona sur."}]},{"@type":"WebSite","@id":"http:\/\/www.salesianos.edu\/familiasalesiana\/#website","url":"http:\/\/www.salesianos.edu\/familiasalesiana\/","name":"Familia Salesiana","description":"P\u00e1gina oficial de Inspector\u00eda Salesiana Mar\u00eda Auxiliadora","potentialAction":[{"@type":"SearchAction","target":{"@type":"EntryPoint","urlTemplate":"http:\/\/www.salesianos.edu\/familiasalesiana\/?s={search_term_string}"},"query-input":{"@type":"PropertyValueSpecification","valueRequired":true,"valueName":"search_term_string"}}],"inLanguage":"es"},{"@type":"Person","@id":"http:\/\/www.salesianos.edu\/familiasalesiana\/#\/schema\/person\/a379b91cdbdb13a276ccd4465b96104e","name":"antoninogomez","image":{"@type":"ImageObject","inLanguage":"es","@id":"https:\/\/secure.gravatar.com\/avatar\/7ec9a9a03fb85ee41fe7eaf1bac753f58d6718a944b75d031135858e327f16cf?s=96&d=mm&r=g","url":"https:\/\/secure.gravatar.com\/avatar\/7ec9a9a03fb85ee41fe7eaf1bac753f58d6718a944b75d031135858e327f16cf?s=96&d=mm&r=g","contentUrl":"https:\/\/secure.gravatar.com\/avatar\/7ec9a9a03fb85ee41fe7eaf1bac753f58d6718a944b75d031135858e327f16cf?s=96&d=mm&r=g","caption":"antoninogomez"}}]}},"_links":{"self":[{"href":"https:\/\/www.salesianos.edu\/familiasalesiana\/wp-json\/wp\/v2\/posts\/9672","targetHints":{"allow":["GET"]}}],"collection":[{"href":"https:\/\/www.salesianos.edu\/familiasalesiana\/wp-json\/wp\/v2\/posts"}],"about":[{"href":"https:\/\/www.salesianos.edu\/familiasalesiana\/wp-json\/wp\/v2\/types\/post"}],"author":[{"embeddable":true,"href":"https:\/\/www.salesianos.edu\/familiasalesiana\/wp-json\/wp\/v2\/users\/31"}],"replies":[{"embeddable":true,"href":"https:\/\/www.salesianos.edu\/familiasalesiana\/wp-json\/wp\/v2\/comments?post=9672"}],"version-history":[{"count":6,"href":"https:\/\/www.salesianos.edu\/familiasalesiana\/wp-json\/wp\/v2\/posts\/9672\/revisions"}],"predecessor-version":[{"id":9680,"href":"https:\/\/www.salesianos.edu\/familiasalesiana\/wp-json\/wp\/v2\/posts\/9672\/revisions\/9680"}],"wp:featuredmedia":[{"embeddable":true,"href":"https:\/\/www.salesianos.edu\/familiasalesiana\/wp-json\/wp\/v2\/media\/9675"}],"wp:attachment":[{"href":"https:\/\/www.salesianos.edu\/familiasalesiana\/wp-json\/wp\/v2\/media?parent=9672"}],"wp:term":[{"taxonomy":"category","embeddable":true,"href":"https:\/\/www.salesianos.edu\/familiasalesiana\/wp-json\/wp\/v2\/categories?post=9672"},{"taxonomy":"post_tag","embeddable":true,"href":"https:\/\/www.salesianos.edu\/familiasalesiana\/wp-json\/wp\/v2\/tags?post=9672"}],"curies":[{"name":"wp","href":"https:\/\/api.w.org\/{rel}","templated":true}]}}