{"id":9660,"date":"2021-06-01T12:33:17","date_gmt":"2021-06-01T11:33:17","guid":{"rendered":"https:\/\/www.salesianos.edu\/familiasalesiana\/?p=9660"},"modified":"2021-06-01T14:14:07","modified_gmt":"2021-06-01T13:14:07","slug":"la-hermandad-de-la-borriquita-de-palma-del-rio-presenta-los-actos-de-su-cincuentenario","status":"publish","type":"post","link":"https:\/\/www.salesianos.edu\/familiasalesiana\/la-hermandad-de-la-borriquita-de-palma-del-rio-presenta-los-actos-de-su-cincuentenario\/","title":{"rendered":"La Hermandad de \u00abLa Borriquita\u00bb de Palma del R\u00edo presenta los actos de su cincuentenario"},"content":{"rendered":"<div id=\"fb-root\"><\/div>\n<p>[et_pb_section fb_built=\u00bb1&#8243; _builder_version=\u00bb4.9.4&#8243; _module_preset=\u00bbdefault\u00bb][et_pb_row _builder_version=\u00bb4.9.4&#8243; _module_preset=\u00bbdefault\u00bb][et_pb_column type=\u00bb4_4&#8243; _builder_version=\u00bb4.9.4&#8243; _module_preset=\u00bbdefault\u00bb][et_pb_text _builder_version=\u00bb4.9.4&#8243; _module_preset=\u00bbdefault\u00bb hover_enabled=\u00bb0&#8243; sticky_enabled=\u00bb0&#8243;]<\/p>\n<div class=\"gmail_quote\">\n<div dir=\"auto\">\n<div dir=\"auto\">\n<p>La Salesiana Hermandad de \u00abLa Borriquita\u00bb de Palma del R\u00edo se encuentra inmersa desde hoy, Domingo de la solemnidad de la Sant\u00edsima Trinidad, en los actos conmemorativos del Cincuentenario fundacional de la Cofrad\u00eda, un hecho que tuvo lugar el 1 de mayo de 1971 impulsado por la Adoraci\u00f3n Nocturna.<\/p>\n<\/div>\n<div dir=\"auto\">\n<p>Desde entonces, hasta nuestros d\u00edas, la casa salesiana de Palma del R\u00edo ha sido la sede can\u00f3nica para la popular cofrad\u00eda de los ni\u00f1os, cantera cofrade de la ciudad.<\/p>\n<\/div>\n<div dir=\"auto\">\n<p>Por delante una multitud de actos que se desarrollar\u00e1n hasta el 29 de mayo del pr\u00f3ximo a\u00f1o 2022 con una misa estacional de clausura.<\/p>\n<\/div>\n<div dir=\"auto\">\n<p>Hasta entonces tendr\u00e1n lugar el preg\u00f3n, convivencia fraterna y homenaje a sus hermanos fundadores, un Quinario Extraordinario Itinerante que recorrer\u00e1 los distintos templos de la ciudad y la esperada Salida Extraordinaria desde el templo parroquial de San Francisco en la solemnidad de Cristo Rey que es el acto externo m\u00e1s esperado despu\u00e9s de dos a\u00f1os sin Semana Santa en nuestras calles.<\/p>\n<\/div>\n<div dir=\"auto\">\n<p>Tambi\u00e9n la imagen titular de Mar\u00eda Stma de la Estrella ha sido designada de nuevo por el Consejo General de Hermandades y cofrad\u00edas para presidir el Via Crucis Cuaresmal con motivo de esta efem\u00e9ride.<\/p>\n<\/div>\n<div dir=\"auto\">\n<p>Es mucha la Ilusi\u00f3n que ha despertado este acontecimiento hist\u00f3rico entre los hermanos de la cofrad\u00eda y en la ciudad en general, pues la Hermandad de \u00abLa Borriquita\u00bb siempre despierta un cari\u00f1o especial al ser aquella en la que los ni\u00f1os son sus m\u00e1ximos protagonistas.<\/p>\n<\/div>\n<\/div>\n<\/div>\n<p>[\/et_pb_text][et_pb_gallery gallery_ids=\u00bb9667,9666,9665,9662&#8243; show_title_and_caption=\u00bboff\u00bb show_pagination=\u00bboff\u00bb _builder_version=\u00bb4.9.4&#8243; _module_preset=\u00bbdefault\u00bb][\/et_pb_gallery][\/et_pb_column][\/et_pb_row][\/et_pb_section]<\/p>\n","protected":false},"excerpt":{"rendered":"<p>Actos conmemorativos del Cincuentenario fundacional de la Cofrad\u00eda, un hecho que tuvo lugar el 1 de mayo de 1971 impulsado por la Adoraci\u00f3n Nocturna.<\/p>\n","protected":false},"author":12,"featured_media":9661,"comment_status":"open","ping_status":"open","sticky":false,"template":"","format":"standard","meta":{"_et_pb_use_builder":"on","_et_pb_old_content":"","_et_gb_content_width":"","footnotes":""},"categories":[59],"tags":[],"class_list":["post-9660","post","type-post","status-publish","format-standard","has-post-thumbnail","hentry","category-hermandades"],"yoast_head":"<!-- This site is optimized with the Yoast SEO plugin v27.5 - https:\/\/yoast.com\/product\/yoast-seo-wordpress\/ -->\n<title>La Hermandad de &quot;La Borriquita&quot; de Palma del R\u00edo presenta los actos de su cincuentenario - Familia Salesiana<\/title>\n<meta name=\"robots\" content=\"index, follow, max-snippet:-1, max-image-preview:large, max-video-preview:-1\" \/>\n<link rel=\"canonical\" href=\"http:\/\/www.salesianos.edu\/familiasalesiana\/la-hermandad-de-la-borriquita-de-palma-del-rio-presenta-los-actos-de-su-cincuentenario\/\" \/>\n<meta property=\"og:locale\" content=\"es_ES\" \/>\n<meta property=\"og:type\" content=\"article\" \/>\n<meta property=\"og:title\" content=\"La Hermandad de &quot;La Borriquita&quot; de Palma del R\u00edo presenta los actos de su cincuentenario - Familia Salesiana\" \/>\n<meta property=\"og:description\" content=\"Actos conmemorativos del Cincuentenario fundacional de la Cofrad\u00eda, un hecho que tuvo lugar el 1 de mayo de 1971 impulsado por la Adoraci\u00f3n Nocturna.\" \/>\n<meta property=\"og:url\" content=\"http:\/\/www.salesianos.edu\/familiasalesiana\/la-hermandad-de-la-borriquita-de-palma-del-rio-presenta-los-actos-de-su-cincuentenario\/\" \/>\n<meta property=\"og:site_name\" content=\"Familia Salesiana\" \/>\n<meta property=\"article:published_time\" content=\"2021-06-01T11:33:17+00:00\" \/>\n<meta property=\"article:modified_time\" content=\"2021-06-01T13:14:07+00:00\" \/>\n<meta property=\"og:image\" content=\"http:\/\/www.salesianos.edu\/familiasalesiana\/wp-content\/uploads\/sites\/5\/2021\/06\/IMG_20210530_135320-scaled.jpg\" \/>\n\t<meta property=\"og:image:width\" content=\"2560\" \/>\n\t<meta property=\"og:image:height\" content=\"1916\" \/>\n\t<meta property=\"og:image:type\" content=\"image\/jpeg\" \/>\n<meta name=\"author\" content=\"joseluisgarciamoscoso\" \/>\n<meta name=\"twitter:card\" content=\"summary_large_image\" \/>\n<meta name=\"twitter:label1\" content=\"Escrito por\" \/>\n\t<meta name=\"twitter:data1\" content=\"joseluisgarciamoscoso\" \/>\n\t<meta name=\"twitter:label2\" content=\"Tiempo de lectura\" \/>\n\t<meta name=\"twitter:data2\" content=\"2 minutos\" \/>\n<script type=\"application\/ld+json\" class=\"yoast-schema-graph\">{\"@context\":\"https:\\\/\\\/schema.org\",\"@graph\":[{\"@type\":\"Article\",\"@id\":\"http:\\\/\\\/www.salesianos.edu\\\/familiasalesiana\\\/la-hermandad-de-la-borriquita-de-palma-del-rio-presenta-los-actos-de-su-cincuentenario\\\/#article\",\"isPartOf\":{\"@id\":\"http:\\\/\\\/www.salesianos.edu\\\/familiasalesiana\\\/la-hermandad-de-la-borriquita-de-palma-del-rio-presenta-los-actos-de-su-cincuentenario\\\/\"},\"author\":{\"name\":\"joseluisgarciamoscoso\",\"@id\":\"http:\\\/\\\/www.salesianos.edu\\\/familiasalesiana\\\/#\\\/schema\\\/person\\\/a1d72ee5373cce7347fb2993ba9f47d6\"},\"headline\":\"La Hermandad de \u00abLa Borriquita\u00bb de Palma del R\u00edo presenta los actos de su cincuentenario\",\"datePublished\":\"2021-06-01T11:33:17+00:00\",\"dateModified\":\"2021-06-01T13:14:07+00:00\",\"mainEntityOfPage\":{\"@id\":\"http:\\\/\\\/www.salesianos.edu\\\/familiasalesiana\\\/la-hermandad-de-la-borriquita-de-palma-del-rio-presenta-los-actos-de-su-cincuentenario\\\/\"},\"wordCount\":353,\"commentCount\":0,\"image\":{\"@id\":\"http:\\\/\\\/www.salesianos.edu\\\/familiasalesiana\\\/la-hermandad-de-la-borriquita-de-palma-del-rio-presenta-los-actos-de-su-cincuentenario\\\/#primaryimage\"},\"thumbnailUrl\":\"https:\\\/\\\/www.salesianos.edu\\\/familiasalesiana\\\/wp-content\\\/uploads\\\/sites\\\/5\\\/2021\\\/06\\\/IMG_20210530_135320-scaled.jpg\",\"articleSection\":[\"Hermandades\"],\"inLanguage\":\"es\",\"potentialAction\":[{\"@type\":\"CommentAction\",\"name\":\"Comment\",\"target\":[\"http:\\\/\\\/www.salesianos.edu\\\/familiasalesiana\\\/la-hermandad-de-la-borriquita-de-palma-del-rio-presenta-los-actos-de-su-cincuentenario\\\/#respond\"]}]},{\"@type\":\"WebPage\",\"@id\":\"http:\\\/\\\/www.salesianos.edu\\\/familiasalesiana\\\/la-hermandad-de-la-borriquita-de-palma-del-rio-presenta-los-actos-de-su-cincuentenario\\\/\",\"url\":\"http:\\\/\\\/www.salesianos.edu\\\/familiasalesiana\\\/la-hermandad-de-la-borriquita-de-palma-del-rio-presenta-los-actos-de-su-cincuentenario\\\/\",\"name\":\"La Hermandad de \\\"La Borriquita\\\" de Palma del R\u00edo presenta los actos de su cincuentenario - Familia Salesiana\",\"isPartOf\":{\"@id\":\"http:\\\/\\\/www.salesianos.edu\\\/familiasalesiana\\\/#website\"},\"primaryImageOfPage\":{\"@id\":\"http:\\\/\\\/www.salesianos.edu\\\/familiasalesiana\\\/la-hermandad-de-la-borriquita-de-palma-del-rio-presenta-los-actos-de-su-cincuentenario\\\/#primaryimage\"},\"image\":{\"@id\":\"http:\\\/\\\/www.salesianos.edu\\\/familiasalesiana\\\/la-hermandad-de-la-borriquita-de-palma-del-rio-presenta-los-actos-de-su-cincuentenario\\\/#primaryimage\"},\"thumbnailUrl\":\"https:\\\/\\\/www.salesianos.edu\\\/familiasalesiana\\\/wp-content\\\/uploads\\\/sites\\\/5\\\/2021\\\/06\\\/IMG_20210530_135320-scaled.jpg\",\"datePublished\":\"2021-06-01T11:33:17+00:00\",\"dateModified\":\"2021-06-01T13:14:07+00:00\",\"author\":{\"@id\":\"http:\\\/\\\/www.salesianos.edu\\\/familiasalesiana\\\/#\\\/schema\\\/person\\\/a1d72ee5373cce7347fb2993ba9f47d6\"},\"breadcrumb\":{\"@id\":\"http:\\\/\\\/www.salesianos.edu\\\/familiasalesiana\\\/la-hermandad-de-la-borriquita-de-palma-del-rio-presenta-los-actos-de-su-cincuentenario\\\/#breadcrumb\"},\"inLanguage\":\"es\",\"potentialAction\":[{\"@type\":\"ReadAction\",\"target\":[\"http:\\\/\\\/www.salesianos.edu\\\/familiasalesiana\\\/la-hermandad-de-la-borriquita-de-palma-del-rio-presenta-los-actos-de-su-cincuentenario\\\/\"]}]},{\"@type\":\"ImageObject\",\"inLanguage\":\"es\",\"@id\":\"http:\\\/\\\/www.salesianos.edu\\\/familiasalesiana\\\/la-hermandad-de-la-borriquita-de-palma-del-rio-presenta-los-actos-de-su-cincuentenario\\\/#primaryimage\",\"url\":\"https:\\\/\\\/www.salesianos.edu\\\/familiasalesiana\\\/wp-content\\\/uploads\\\/sites\\\/5\\\/2021\\\/06\\\/IMG_20210530_135320-scaled.jpg\",\"contentUrl\":\"https:\\\/\\\/www.salesianos.edu\\\/familiasalesiana\\\/wp-content\\\/uploads\\\/sites\\\/5\\\/2021\\\/06\\\/IMG_20210530_135320-scaled.jpg\",\"width\":2560,\"height\":1916},{\"@type\":\"BreadcrumbList\",\"@id\":\"http:\\\/\\\/www.salesianos.edu\\\/familiasalesiana\\\/la-hermandad-de-la-borriquita-de-palma-del-rio-presenta-los-actos-de-su-cincuentenario\\\/#breadcrumb\",\"itemListElement\":[{\"@type\":\"ListItem\",\"position\":1,\"name\":\"Portada\",\"item\":\"http:\\\/\\\/www.salesianos.edu\\\/familiasalesiana\\\/\"},{\"@type\":\"ListItem\",\"position\":2,\"name\":\"La Hermandad de \u00abLa Borriquita\u00bb de Palma del R\u00edo presenta los actos de su cincuentenario\"}]},{\"@type\":\"WebSite\",\"@id\":\"http:\\\/\\\/www.salesianos.edu\\\/familiasalesiana\\\/#website\",\"url\":\"http:\\\/\\\/www.salesianos.edu\\\/familiasalesiana\\\/\",\"name\":\"Familia Salesiana\",\"description\":\"P\u00e1gina oficial de Inspector\u00eda Salesiana Mar\u00eda Auxiliadora\",\"potentialAction\":[{\"@type\":\"SearchAction\",\"target\":{\"@type\":\"EntryPoint\",\"urlTemplate\":\"http:\\\/\\\/www.salesianos.edu\\\/familiasalesiana\\\/?s={search_term_string}\"},\"query-input\":{\"@type\":\"PropertyValueSpecification\",\"valueRequired\":true,\"valueName\":\"search_term_string\"}}],\"inLanguage\":\"es\"},{\"@type\":\"Person\",\"@id\":\"http:\\\/\\\/www.salesianos.edu\\\/familiasalesiana\\\/#\\\/schema\\\/person\\\/a1d72ee5373cce7347fb2993ba9f47d6\",\"name\":\"joseluisgarciamoscoso\",\"image\":{\"@type\":\"ImageObject\",\"inLanguage\":\"es\",\"@id\":\"https:\\\/\\\/secure.gravatar.com\\\/avatar\\\/3fda3a0b2db3bc9a39871e47cbd526b42d6c3b74755b7ae1400a87b2913fea6a?s=96&d=mm&r=g\",\"url\":\"https:\\\/\\\/secure.gravatar.com\\\/avatar\\\/3fda3a0b2db3bc9a39871e47cbd526b42d6c3b74755b7ae1400a87b2913fea6a?s=96&d=mm&r=g\",\"contentUrl\":\"https:\\\/\\\/secure.gravatar.com\\\/avatar\\\/3fda3a0b2db3bc9a39871e47cbd526b42d6c3b74755b7ae1400a87b2913fea6a?s=96&d=mm&r=g\",\"caption\":\"joseluisgarciamoscoso\"}}]}<\/script>\n<!-- \/ Yoast SEO plugin. -->","yoast_head_json":{"title":"La Hermandad de \"La Borriquita\" de Palma del R\u00edo presenta los actos de su cincuentenario - Familia Salesiana","robots":{"index":"index","follow":"follow","max-snippet":"max-snippet:-1","max-image-preview":"max-image-preview:large","max-video-preview":"max-video-preview:-1"},"canonical":"http:\/\/www.salesianos.edu\/familiasalesiana\/la-hermandad-de-la-borriquita-de-palma-del-rio-presenta-los-actos-de-su-cincuentenario\/","og_locale":"es_ES","og_type":"article","og_title":"La Hermandad de \"La Borriquita\" de Palma del R\u00edo presenta los actos de su cincuentenario - Familia Salesiana","og_description":"Actos conmemorativos del Cincuentenario fundacional de la Cofrad\u00eda, un hecho que tuvo lugar el 1 de mayo de 1971 impulsado por la Adoraci\u00f3n Nocturna.","og_url":"http:\/\/www.salesianos.edu\/familiasalesiana\/la-hermandad-de-la-borriquita-de-palma-del-rio-presenta-los-actos-de-su-cincuentenario\/","og_site_name":"Familia Salesiana","article_published_time":"2021-06-01T11:33:17+00:00","article_modified_time":"2021-06-01T13:14:07+00:00","og_image":[{"width":2560,"height":1916,"url":"http:\/\/www.salesianos.edu\/familiasalesiana\/wp-content\/uploads\/sites\/5\/2021\/06\/IMG_20210530_135320-scaled.jpg","type":"image\/jpeg"}],"author":"joseluisgarciamoscoso","twitter_card":"summary_large_image","twitter_misc":{"Escrito por":"joseluisgarciamoscoso","Tiempo de lectura":"2 minutos"},"schema":{"@context":"https:\/\/schema.org","@graph":[{"@type":"Article","@id":"http:\/\/www.salesianos.edu\/familiasalesiana\/la-hermandad-de-la-borriquita-de-palma-del-rio-presenta-los-actos-de-su-cincuentenario\/#article","isPartOf":{"@id":"http:\/\/www.salesianos.edu\/familiasalesiana\/la-hermandad-de-la-borriquita-de-palma-del-rio-presenta-los-actos-de-su-cincuentenario\/"},"author":{"name":"joseluisgarciamoscoso","@id":"http:\/\/www.salesianos.edu\/familiasalesiana\/#\/schema\/person\/a1d72ee5373cce7347fb2993ba9f47d6"},"headline":"La Hermandad de \u00abLa Borriquita\u00bb de Palma del R\u00edo presenta los actos de su cincuentenario","datePublished":"2021-06-01T11:33:17+00:00","dateModified":"2021-06-01T13:14:07+00:00","mainEntityOfPage":{"@id":"http:\/\/www.salesianos.edu\/familiasalesiana\/la-hermandad-de-la-borriquita-de-palma-del-rio-presenta-los-actos-de-su-cincuentenario\/"},"wordCount":353,"commentCount":0,"image":{"@id":"http:\/\/www.salesianos.edu\/familiasalesiana\/la-hermandad-de-la-borriquita-de-palma-del-rio-presenta-los-actos-de-su-cincuentenario\/#primaryimage"},"thumbnailUrl":"https:\/\/www.salesianos.edu\/familiasalesiana\/wp-content\/uploads\/sites\/5\/2021\/06\/IMG_20210530_135320-scaled.jpg","articleSection":["Hermandades"],"inLanguage":"es","potentialAction":[{"@type":"CommentAction","name":"Comment","target":["http:\/\/www.salesianos.edu\/familiasalesiana\/la-hermandad-de-la-borriquita-de-palma-del-rio-presenta-los-actos-de-su-cincuentenario\/#respond"]}]},{"@type":"WebPage","@id":"http:\/\/www.salesianos.edu\/familiasalesiana\/la-hermandad-de-la-borriquita-de-palma-del-rio-presenta-los-actos-de-su-cincuentenario\/","url":"http:\/\/www.salesianos.edu\/familiasalesiana\/la-hermandad-de-la-borriquita-de-palma-del-rio-presenta-los-actos-de-su-cincuentenario\/","name":"La Hermandad de \"La Borriquita\" de Palma del R\u00edo presenta los actos de su cincuentenario - Familia Salesiana","isPartOf":{"@id":"http:\/\/www.salesianos.edu\/familiasalesiana\/#website"},"primaryImageOfPage":{"@id":"http:\/\/www.salesianos.edu\/familiasalesiana\/la-hermandad-de-la-borriquita-de-palma-del-rio-presenta-los-actos-de-su-cincuentenario\/#primaryimage"},"image":{"@id":"http:\/\/www.salesianos.edu\/familiasalesiana\/la-hermandad-de-la-borriquita-de-palma-del-rio-presenta-los-actos-de-su-cincuentenario\/#primaryimage"},"thumbnailUrl":"https:\/\/www.salesianos.edu\/familiasalesiana\/wp-content\/uploads\/sites\/5\/2021\/06\/IMG_20210530_135320-scaled.jpg","datePublished":"2021-06-01T11:33:17+00:00","dateModified":"2021-06-01T13:14:07+00:00","author":{"@id":"http:\/\/www.salesianos.edu\/familiasalesiana\/#\/schema\/person\/a1d72ee5373cce7347fb2993ba9f47d6"},"breadcrumb":{"@id":"http:\/\/www.salesianos.edu\/familiasalesiana\/la-hermandad-de-la-borriquita-de-palma-del-rio-presenta-los-actos-de-su-cincuentenario\/#breadcrumb"},"inLanguage":"es","potentialAction":[{"@type":"ReadAction","target":["http:\/\/www.salesianos.edu\/familiasalesiana\/la-hermandad-de-la-borriquita-de-palma-del-rio-presenta-los-actos-de-su-cincuentenario\/"]}]},{"@type":"ImageObject","inLanguage":"es","@id":"http:\/\/www.salesianos.edu\/familiasalesiana\/la-hermandad-de-la-borriquita-de-palma-del-rio-presenta-los-actos-de-su-cincuentenario\/#primaryimage","url":"https:\/\/www.salesianos.edu\/familiasalesiana\/wp-content\/uploads\/sites\/5\/2021\/06\/IMG_20210530_135320-scaled.jpg","contentUrl":"https:\/\/www.salesianos.edu\/familiasalesiana\/wp-content\/uploads\/sites\/5\/2021\/06\/IMG_20210530_135320-scaled.jpg","width":2560,"height":1916},{"@type":"BreadcrumbList","@id":"http:\/\/www.salesianos.edu\/familiasalesiana\/la-hermandad-de-la-borriquita-de-palma-del-rio-presenta-los-actos-de-su-cincuentenario\/#breadcrumb","itemListElement":[{"@type":"ListItem","position":1,"name":"Portada","item":"http:\/\/www.salesianos.edu\/familiasalesiana\/"},{"@type":"ListItem","position":2,"name":"La Hermandad de \u00abLa Borriquita\u00bb de Palma del R\u00edo presenta los actos de su cincuentenario"}]},{"@type":"WebSite","@id":"http:\/\/www.salesianos.edu\/familiasalesiana\/#website","url":"http:\/\/www.salesianos.edu\/familiasalesiana\/","name":"Familia Salesiana","description":"P\u00e1gina oficial de Inspector\u00eda Salesiana Mar\u00eda Auxiliadora","potentialAction":[{"@type":"SearchAction","target":{"@type":"EntryPoint","urlTemplate":"http:\/\/www.salesianos.edu\/familiasalesiana\/?s={search_term_string}"},"query-input":{"@type":"PropertyValueSpecification","valueRequired":true,"valueName":"search_term_string"}}],"inLanguage":"es"},{"@type":"Person","@id":"http:\/\/www.salesianos.edu\/familiasalesiana\/#\/schema\/person\/a1d72ee5373cce7347fb2993ba9f47d6","name":"joseluisgarciamoscoso","image":{"@type":"ImageObject","inLanguage":"es","@id":"https:\/\/secure.gravatar.com\/avatar\/3fda3a0b2db3bc9a39871e47cbd526b42d6c3b74755b7ae1400a87b2913fea6a?s=96&d=mm&r=g","url":"https:\/\/secure.gravatar.com\/avatar\/3fda3a0b2db3bc9a39871e47cbd526b42d6c3b74755b7ae1400a87b2913fea6a?s=96&d=mm&r=g","contentUrl":"https:\/\/secure.gravatar.com\/avatar\/3fda3a0b2db3bc9a39871e47cbd526b42d6c3b74755b7ae1400a87b2913fea6a?s=96&d=mm&r=g","caption":"joseluisgarciamoscoso"}}]}},"_links":{"self":[{"href":"https:\/\/www.salesianos.edu\/familiasalesiana\/wp-json\/wp\/v2\/posts\/9660","targetHints":{"allow":["GET"]}}],"collection":[{"href":"https:\/\/www.salesianos.edu\/familiasalesiana\/wp-json\/wp\/v2\/posts"}],"about":[{"href":"https:\/\/www.salesianos.edu\/familiasalesiana\/wp-json\/wp\/v2\/types\/post"}],"author":[{"embeddable":true,"href":"https:\/\/www.salesianos.edu\/familiasalesiana\/wp-json\/wp\/v2\/users\/12"}],"replies":[{"embeddable":true,"href":"https:\/\/www.salesianos.edu\/familiasalesiana\/wp-json\/wp\/v2\/comments?post=9660"}],"version-history":[{"count":3,"href":"https:\/\/www.salesianos.edu\/familiasalesiana\/wp-json\/wp\/v2\/posts\/9660\/revisions"}],"predecessor-version":[{"id":9670,"href":"https:\/\/www.salesianos.edu\/familiasalesiana\/wp-json\/wp\/v2\/posts\/9660\/revisions\/9670"}],"wp:featuredmedia":[{"embeddable":true,"href":"https:\/\/www.salesianos.edu\/familiasalesiana\/wp-json\/wp\/v2\/media\/9661"}],"wp:attachment":[{"href":"https:\/\/www.salesianos.edu\/familiasalesiana\/wp-json\/wp\/v2\/media?parent=9660"}],"wp:term":[{"taxonomy":"category","embeddable":true,"href":"https:\/\/www.salesianos.edu\/familiasalesiana\/wp-json\/wp\/v2\/categories?post=9660"},{"taxonomy":"post_tag","embeddable":true,"href":"https:\/\/www.salesianos.edu\/familiasalesiana\/wp-json\/wp\/v2\/tags?post=9660"}],"curies":[{"name":"wp","href":"https:\/\/api.w.org\/{rel}","templated":true}]}}