{"id":9656,"date":"2021-05-21T09:33:43","date_gmt":"2021-05-21T08:33:43","guid":{"rendered":"https:\/\/www.salesianos.edu\/familiasalesiana\/?p=9656"},"modified":"2021-05-21T09:33:43","modified_gmt":"2021-05-21T08:33:43","slug":"don-bosco-nos-dejo-una-gran-herencia-en-la-devocion-a-maria-auxiliadora","status":"publish","type":"post","link":"https:\/\/www.salesianos.edu\/familiasalesiana\/don-bosco-nos-dejo-una-gran-herencia-en-la-devocion-a-maria-auxiliadora\/","title":{"rendered":"\u00abDon Bosco nos dej\u00f3 una gran herencia en la devoci\u00f3n a Mar\u00eda Auxiliadora\u00bb"},"content":{"rendered":"<div id=\"fb-root\"><\/div>\n<p>[et_pb_section fb_built=\u00bb1&#8243; _builder_version=\u00bb4.9.4&#8243; _module_preset=\u00bbdefault\u00bb][et_pb_row _builder_version=\u00bb4.9.4&#8243; _module_preset=\u00bbdefault\u00bb][et_pb_column type=\u00bb4_4&#8243; _builder_version=\u00bb4.9.4&#8243; _module_preset=\u00bbdefault\u00bb][et_pb_text _builder_version=\u00bb4.9.4&#8243; _module_preset=\u00bbdefault\u00bb]<\/p>\n<div>Por Daniel Jim\u00e9nez<\/div>\n<div>\u00a0<\/div>\n<div>\n<p><b>P.- En septiembre de 2020 fuiste elegido como Animador espiritual mundial de ADMA, \u00bfc\u00f3mo llevas la elecci\u00f3n y qu\u00e9 trabajos has estado haciendo durante estos primeros meses?<\/b><\/p>\n<p>R.- El 20 de septiembre de 2020 tom\u00e9 oficialmente este nuevo cargo, en una ceremonia en Valdocco, en la Jornada Mariana. Fue un momento bonito, porque tuve la ocasi\u00f3n de estar con don Pierluigi Cameroni, mi predecesor en este servicio. Tuvimos una celebraci\u00f3n eucar\u00edstica en la Bas\u00edlica de Mar\u00eda Auxiliadora, donde fue un poco el signo, hicimos el gesto de lo que es el traspaso de este servicio. Fue de manera oficial el d\u00eda en que comenc\u00e9, como Animador Espiritual Mundial de ADMA, tambi\u00e9n como de delegado del Rector Mayor para la Asociaci\u00f3n.<\/p>\n<p>Lo vivo, en primer lugar, con un esp\u00edritu de agradecimiento. Doy gracias al Se\u00f1or que se ha fijado en m\u00ed, una vez m\u00e1s, y siempre que puedo no lo olvido. Doy gracias al Rector Mayor, don \u00c1ngel Fern\u00e1ndez Artime, que de todos los Salesianos de la Congregaci\u00f3n, se fij\u00f3 en m\u00ed para este servicio. Doy gracias tambi\u00e9n a las personas que han servido de mediaci\u00f3n para que mi nombre llegara al Rector Mayor. A todos, agradecimiento.<\/p>\n<p>Creo que de todos los Salesianos del mundo, seguramente habr\u00e1 un buen grupo de hermanos que pod\u00edan hacer este trabajo mucho mejor que yo. Somos elegidos, no por nuestros m\u00e9ritos o capacidades, sencillamente porque Dios ha querido.<\/p>\n<p>Este servicio, en segundo lugar, lo estoy viviendo con ilusi\u00f3n. Al mismo tiempo, con responsabilidad. Cada d\u00eda procuro prepararme, formarme, profundizar, leer, m\u00e1s todo lo que tiene que ver con Mar\u00eda, con Don Bosco, con la ADMA, porque hay que ofrecer un servicio de calidad a todos los hermanos, asociaciones y devotos, y cercanos a nuestra Madre.<\/p>\n<p>Lo estoy viviendo con ilusi\u00f3n, porque supone un nuevo desaf\u00edo para un salesiano. Durante mi vida salesiana, he vivido a nivel inspectorial. Ahora tengo una responsabilidad con un nivel mundial. Les dec\u00eda a algunos hermanos: Lo que en la Inspector\u00eda Mar\u00eda Auxiliadora (SMX) era algo muy grande, ahora es algo muy peque\u00f1o comparado con este servicio. Este servicio requiere conocer idiomas, entender husos horarios para concretar una reuni\u00f3n seg\u00fan el pa\u00eds. Son retos muy bonitos. Agradecimiento, ilusi\u00f3n y responsabilidad, son las tres palabras que definen esta primera parte de mi servicio.<\/p>\n<p>Me he dedicado fundamentalmente a conocer la realidad de ADMA en el mundo. Partiendo del conocimiento de los animadores espirituales inspectoriales. Es este el grupo con el que estoy trabajando m\u00e1s directamente. A lo largo de estos primeros meses, he tenido una primera reuni\u00f3n por Regiones, con esos animadores espirituales inspectoriales, y otra reuni\u00f3n de manera individual, con los 96 que forman parte de todo el mundo, uno por uno. Cu\u00e1l es su situaci\u00f3n, sus necesidades, aquellos desaf\u00edos que encuentran, pero, sobre todo, un ponerme a disposici\u00f3n de las necesidades de las Asociaciones Locales. Es importante que esta encomienda que he recibido y esta tarea que se me ha confiado, sirva para servir, servir a los Hermanos, a las Asociaciones, y tambi\u00e9n a los devotos.<\/p>\n<p>Por un lado, estoy trabajando con los animadores espirituales, y por otro lado, todos estos meses de pandemia, est\u00e1n sirviendo para gestar algunos proyectos nuevos que ver\u00e1n la luz a lo largo de los pr\u00f3ximos meses. Algunos cursos sobre Mar\u00eda Auxiliadora, concretamente sobre la Bas\u00edlica de Valdocco, alguna p\u00e1gina web que saldr\u00e1, que ser\u00e1 publicada en alguna fecha mariana de este a\u00f1o o primeros del pr\u00f3ximo, a nivel mundial. Y hay proyectos e ilusiones, porque estamos creando din\u00e1micas, grupos\u2026 Son cosas que no se ven, porque son semillas, sembradas, prepar\u00e1ndose para que poco a poco, a lo largo de los pr\u00f3ximos meses, vean la luz. A esto me he dedicado: conocer ADMA, conocer a los Hermanos y ponerme a disposici\u00f3n.<\/p>\n<p>Estamos haciendo un borrador, plan estrat\u00e9gico, para los pr\u00f3ximos 4 a\u00f1os para la ADMA del mundo, elabor\u00e1ndolo.<br \/><b><br \/>P.- En 2019, la ADMA Primaria de Tur\u00edn celebr\u00f3 sus 150 a\u00f1os de existencia. \u00bfQu\u00e9 supone llegar a esta efem\u00e9ride? \u00bfSe percibe un impulso revitalizador dentro de las Asociaciones Locales en todo el mundo?<\/b><\/p>\n<p>R.- Celebrar 150 a\u00f1os de cualquier grupo, y m\u00e1s de una Asociaci\u00f3n, tiene que ser un motivo de fiesta y de alegr\u00eda. No toda la gente celebra 150 a\u00f1os de existencia y, sin embargo, ADMA hoy es mucho m\u00e1s que hace 150 a\u00f1os. Aquello que fue una Bas\u00edlica aqu\u00ed, en Valdocco, y un primer grupo, el que fund\u00f3 Don Bosco en el a\u00f1o 1869, hoy es realmente es una realidad extendida por los cinco continentes.<\/p>\n<p>Nosotros tenemos una estad\u00edstica en la que tenemos contabilizadas 817 asociaciones de ADMA en todo el mundo. Con un total de m\u00e1s de 100 mil socios distribuidos por todos los sitios. 150 a\u00f1os, un grupo, una asociaci\u00f3n. 150 a\u00f1os despu\u00e9s, un aut\u00e9ntico crecimiento y una gran expansi\u00f3n.<\/p>\n<p>Los grupos locales se est\u00e1n rejuveneciendo y revitaliz\u00e1ndose. ADMA es una asociaci\u00f3n en crecimiento, en expansi\u00f3n. Crece hacia adentro y crece hacia afuera. Crece en espiritualidad, con dos columnas: la devoci\u00f3n a Mar\u00eda Auxiliadora y tambi\u00e9n a Jes\u00fas Sacramentado. Hacia fuera tambi\u00e9n, porque crece en solidaridad y en servicialidad. La realidad de ADMA hoy es mucho m\u00e1s rica, m\u00e1s hermosa y m\u00e1s grande que cuando la fund\u00f3 Don Bosco. Por eso, estamos de fiesta. El 150 aniversario ha sido un motivo para celebrar, con peregrinaciones, acontecimientos, un encuentro a nivel de toda la Italia salesiana en el mes de octubre, con otros distintos eventos para recordar este acontecimiento. Ha habido una carta de parte del Rector Mayor, con motivo de la efem\u00e9ride. Muchos eventos a lo largo del a\u00f1o pasado como para poder disfrutar todos de esta gran fiesta.<\/p>\n<p><b>P.- \u00bfCu\u00e1l es la importancia de las ADMA actualmente? \u00bfC\u00f3mo puede ser m\u00e1s efectiva la transmisi\u00f3n de la devoci\u00f3n mariana y al Sant\u00edsimo Sacramento en tiempos tan complejos, faltos de encuentros personales, del cara a cara, pero no del encuentro virtual?<\/b><\/p>\n<p>R.- Hoy, la Asociaci\u00f3n tiene un desaf\u00edo muy grande. Es reavivar en toda la Familia Salesiana la dimensi\u00f3n mariana. Lo ha dicho el Rector Mayor en la pen\u00faltima carta que escribi\u00f3 con motivo del 150 aniversario. La Familia Salesiana es una familia mariana y no se la puede entender sin la presencia de Mar\u00eda. No se puede entender a Don Bosco sin Mar\u00eda, a lo largo de su historia en tantas advocaciones, sobre todo, al final, con la de la Auxiliadora. Es un gran desaf\u00edo, muy hermoso, los que nos sentimos hijos de Mar\u00eda y socios de la Auxiliadora.<\/p>\n<p>Es llevar, transmitir, y nosotros tenemos que llevar esto por la identidad, porque todos los que pertenecemos a la Familia Salesiana somos marianos. Pero tambi\u00e9n lo tenemos que llevar por responsabilidad. Fue Don Bosco el que nos dej\u00f3 como herencia la devoci\u00f3n a la Auxiliadora. Siendo hijos, amigos de Don Bosco, estamos invitados a propagar y difundir la devoci\u00f3n a la Auxiliadora. Por espiritualidad\u2026 no se entiende sin Mar\u00eda. Somos marianos porque Mar\u00eda se presenta como figura para nuestra vida, Mar\u00eda ha acompa\u00f1ado a lo largo de la historia todos los momentos m\u00e1s importantes de la vida de Don Bosco, porque la Virgen est\u00e1 presente en la historia de la Familia Salesiana. Las fechas m\u00e1s significativas dedicadas a la Virgen son las que van jalonando el desarrollo y la evoluci\u00f3n de nuestra Congregaci\u00f3n y nuestra Familia Salesiana.<\/p>\n<p>Un desaf\u00edo enorme para poder responder hoy a esta devoci\u00f3n mariana.<\/p>\n<p><b>P.- \u00bfC\u00f3mo valoras los aniversarios que se est\u00e1n celebrando en 2020 y 2021 de Asociaciones como la de Utrera (125), Trinidad (125), Bilbao-Deusto (100), Matar\u00f3 (100), Rota SDB (50) o \u00dabeda (50)?<\/b><\/p>\n<p>R.- Estos acontecimientos son una gran ocasi\u00f3n y una gran oportunidad. Agradecer a tantas personas que a lo largo de tantos a\u00f1os han sido capaces de transmitir la devoci\u00f3n con una generosidad sorprendente, con una heroicidad asombrosa y con una ejemplaridad grand\u00edsima. Han sido hombres, mujeres, salesianos, laicos, fieles, de todos los lugares, los que han llevado a cabo esta devoci\u00f3n y este amor.<\/p>\n<p>Realmente es la oportunidad que tenemos para enamorarnos m\u00e1s de nuestra Madre. La ocasi\u00f3n que tenemos para acercarnos a Jes\u00fas. De nada sirve que celebremos todos estos acontecimientos si al final no amamos a nuestra Madre y m\u00e1s enamorados del Se\u00f1or.<\/p>\n<p>Creo que es una ocasi\u00f3n tambi\u00e9n para hacer historia, hacer memoria, los or\u00edgenes de las Asociaciones, sus desarrollos\u2026 Recordar estas personas y, sobre todo, actualizar, llevar la Asociaci\u00f3n al presente y contrastarla con lo que era Don Bosco.<\/p>\n<p>Hoy el reglamento de la ADMA presenta unas directrices claras para desarrollar una devoci\u00f3n recia, bien cimentada, en nuestra Madre Auxiliadora. Creo que la fidelidad al pensamiento de Don Bosco pasa hoy por un desarrollo evang\u00e9lico y salesiano del actual reglamento. Acudir al reglamento, creo que es, en estos acontecimientos, una oportunidad preciosa para decir \u2018somos fieles a Don Bosco\u2019. Hay una foto muy conocido en nuestra historia, cuando Don Bosco entrega el libro de las Constituciones a Don Cagliero, en aquella primera expedici\u00f3n misionera del 11 de noviembre de 1875. Don Bosco dijo no puedo ir con vosotros, pero s\u00ed que ir\u00e1n las constituciones. Un paralelismo: Don Bosco no est\u00e1 hoy presente, pero su reglamento est\u00e1 presente para poder llevarlo a cabo. Cumplir el reglamento es ser fieles tambi\u00e9n a Don Bosco.<\/p>\n<p>Esta efem\u00e9ride es una oportunidad. Ocasi\u00f3n preciosa para lanzar nuevos sue\u00f1os. No podemos dejar esta invitaci\u00f3n del papa Francisco a todos los salesianos del mundo a trav\u00e9s del CG28: \u201cSo\u00f1ar y hacer so\u00f1ar\u201d. Tenemos que so\u00f1ar con una ADMA que sea capaz de implicar a todo el mundo. Yo sue\u00f1o con una ADMA donde tienen cabida chicos, j\u00f3venes, familias y personas mayores. Sue\u00f1o con una ADMA que es capaz de difundir y transmitir el amor a nuestra Madre Auxiliadora. Sue\u00f1o con una ADMA que es solidaria, que las Asociaciones m\u00e1s desarrolladas, m\u00e1s numerosas, m\u00e1s capaces, ayuden a las Asociaciones m\u00e1s d\u00e9biles, m\u00e1s peque\u00f1as, m\u00e1s sencillas y m\u00e1s necesitadas. Sue\u00f1o con una ADMA que est\u00e1 bien estructurada y organizada para mejor amar y mejor servir. Sue\u00f1o con una ADMA que responde y quiera ser hoy lo que Don Bosco fuera hoy, en esta situaci\u00f3n pand\u00e9mica y la que vendr\u00e1 despu\u00e9s. Sue\u00f1o, en definitiva, con una ADMA que pone al centro a Mar\u00eda y a Jes\u00fas Eucarist\u00eda. Y poniendo a ellos en el centro no pueden faltar, para eso hay que prepararse, formarse, trabajar, pero con la ayuda de Jes\u00fas y con la ayuda de Mar\u00eda, no nos podemos equivocar.<\/p>\n<p><span style=\"font-size: x-large;\"><b>Datos de ADMA:<\/b><\/span><\/p>\n<p>817 Asociaciones Locales en un total de 50 pa\u00edses de todo el mundo.<\/p>\n<p>Seg\u00fan CG28, son m\u00e1s 100 mil los asociados\/as en el mundo.<\/p>\n<p>La Asociaci\u00f3n de Mar\u00eda Auxiliadora (ADMA), es grupo de la Familia Salesiana desde 1989. Es el m\u00e1s numeroso. El segundo son los Antiguos Alumnos.<\/p>\n<p>Actualmente Renato Varela es el Presidente Mundial de ADMA. Habr\u00e1 una renovaci\u00f3n del Consejo de ADMA de Valdocco en el mes de octubre de 2021. El Consilio de ADMA de Valdocco se re\u00fane puntualmente el primer-segundo s\u00e1bado de cada mes.<\/p>\n<\/div>\n<p>[\/et_pb_text][et_pb_button button_url=\u00bbhttps:\/\/salesianos.info\/don-bosco-nos-dejo-una-gran-herencia-en-la-devocion-a-maria-auxiliadora\/\u00bb url_new_window=\u00bbon\u00bb button_text=\u00bbPUEDES LEER LA NOTICIA COMPLETA\u00bb _builder_version=\u00bb4.9.4&#8243; custom_button=\u00bbon\u00bb button_text_size=\u00bb14px\u00bb button_text_color=\u00bb#ffffff\u00bb button_bg_color=\u00bb#dc001b\u00bb button_border_width=\u00bb8px\u00bb button_border_color=\u00bb#dc001b\u00bb button_border_radius=\u00bb7px\u00bb button_letter_spacing=\u00bb1px\u00bb button_font=\u00bbLato|600||on|||||\u00bb button_icon=\u00bb%%3%%\u00bb custom_margin=\u00bb10px|||\u00bb button_text_size__hover_enabled=\u00bboff\u00bb button_one_text_size__hover_enabled=\u00bboff\u00bb button_two_text_size__hover_enabled=\u00bboff\u00bb button_text_color__hover_enabled=\u00bboff\u00bb button_one_text_color__hover_enabled=\u00bboff\u00bb button_two_text_color__hover_enabled=\u00bboff\u00bb button_border_width__hover_enabled=\u00bboff\u00bb button_one_border_width__hover_enabled=\u00bboff\u00bb button_two_border_width__hover_enabled=\u00bboff\u00bb button_border_color__hover_enabled=\u00bboff\u00bb button_one_border_color__hover_enabled=\u00bboff\u00bb button_two_border_color__hover_enabled=\u00bboff\u00bb button_border_radius__hover_enabled=\u00bboff\u00bb button_one_border_radius__hover_enabled=\u00bboff\u00bb button_two_border_radius__hover_enabled=\u00bboff\u00bb button_letter_spacing__hover_enabled=\u00bboff\u00bb button_one_letter_spacing__hover_enabled=\u00bboff\u00bb button_two_letter_spacing__hover_enabled=\u00bboff\u00bb button_bg_color__hover_enabled=\u00bboff\u00bb button_one_bg_color__hover_enabled=\u00bboff\u00bb button_two_bg_color__hover_enabled=\u00bboff\u00bb][\/et_pb_button][\/et_pb_column][\/et_pb_row][\/et_pb_section]<\/p>\n","protected":false},"excerpt":{"rendered":"<p>Entrevista a Alejandro Guevara Rodr\u00edguez, Animador Espiritual Mundial de la Asociaci\u00f3n de Mar\u00eda Auxiliadora (ADMA) sobre el #MayoSalesiano dedicado a  la Virgen, Auxiliadora de los Cristianos.<\/p>\n","protected":false},"author":12,"featured_media":9657,"comment_status":"open","ping_status":"open","sticky":false,"template":"","format":"standard","meta":{"_et_pb_use_builder":"on","_et_pb_old_content":"","_et_gb_content_width":"","footnotes":""},"categories":[46,27],"tags":[],"class_list":["post-9656","post","type-post","status-publish","format-standard","has-post-thumbnail","hentry","category-curso20-21","category-fasa"],"yoast_head":"<!-- This site is optimized with the Yoast SEO plugin v27.5 - https:\/\/yoast.com\/product\/yoast-seo-wordpress\/ -->\n<title>\u00abDon Bosco nos dej\u00f3 una gran herencia en la devoci\u00f3n a Mar\u00eda Auxiliadora\u00bb - Familia Salesiana<\/title>\n<meta name=\"robots\" content=\"index, follow, max-snippet:-1, max-image-preview:large, max-video-preview:-1\" \/>\n<link rel=\"canonical\" href=\"https:\/\/www.salesianos.edu\/familiasalesiana\/don-bosco-nos-dejo-una-gran-herencia-en-la-devocion-a-maria-auxiliadora\/\" \/>\n<meta property=\"og:locale\" content=\"es_ES\" \/>\n<meta property=\"og:type\" content=\"article\" \/>\n<meta property=\"og:title\" content=\"\u00abDon Bosco nos dej\u00f3 una gran herencia en la devoci\u00f3n a Mar\u00eda Auxiliadora\u00bb - Familia Salesiana\" \/>\n<meta property=\"og:description\" content=\"Entrevista a Alejandro Guevara Rodr\u00edguez, Animador Espiritual Mundial de la Asociaci\u00f3n de Mar\u00eda Auxiliadora (ADMA) sobre el #MayoSalesiano dedicado a la Virgen, Auxiliadora de los Cristianos.\" \/>\n<meta property=\"og:url\" content=\"https:\/\/www.salesianos.edu\/familiasalesiana\/don-bosco-nos-dejo-una-gran-herencia-en-la-devocion-a-maria-auxiliadora\/\" \/>\n<meta property=\"og:site_name\" content=\"Familia Salesiana\" \/>\n<meta property=\"article:published_time\" content=\"2021-05-21T08:33:43+00:00\" \/>\n<meta property=\"og:image\" content=\"https:\/\/www.salesianos.edu\/familiasalesiana\/wp-content\/uploads\/sites\/5\/2021\/05\/Alejandro-1024x528.png\" \/>\n\t<meta property=\"og:image:width\" content=\"1024\" \/>\n\t<meta property=\"og:image:height\" content=\"528\" \/>\n\t<meta property=\"og:image:type\" content=\"image\/png\" \/>\n<meta name=\"author\" content=\"joseluisgarciamoscoso\" \/>\n<meta name=\"twitter:card\" content=\"summary_large_image\" \/>\n<meta name=\"twitter:label1\" content=\"Escrito por\" \/>\n\t<meta name=\"twitter:data1\" content=\"joseluisgarciamoscoso\" \/>\n\t<meta name=\"twitter:label2\" content=\"Tiempo de lectura\" \/>\n\t<meta name=\"twitter:data2\" content=\"11 minutos\" \/>\n<script type=\"application\/ld+json\" class=\"yoast-schema-graph\">{\"@context\":\"https:\\\/\\\/schema.org\",\"@graph\":[{\"@type\":\"Article\",\"@id\":\"https:\\\/\\\/www.salesianos.edu\\\/familiasalesiana\\\/don-bosco-nos-dejo-una-gran-herencia-en-la-devocion-a-maria-auxiliadora\\\/#article\",\"isPartOf\":{\"@id\":\"https:\\\/\\\/www.salesianos.edu\\\/familiasalesiana\\\/don-bosco-nos-dejo-una-gran-herencia-en-la-devocion-a-maria-auxiliadora\\\/\"},\"author\":{\"name\":\"joseluisgarciamoscoso\",\"@id\":\"http:\\\/\\\/www.salesianos.edu\\\/familiasalesiana\\\/#\\\/schema\\\/person\\\/a1d72ee5373cce7347fb2993ba9f47d6\"},\"headline\":\"\u00abDon Bosco nos dej\u00f3 una gran herencia en la devoci\u00f3n a Mar\u00eda Auxiliadora\u00bb\",\"datePublished\":\"2021-05-21T08:33:43+00:00\",\"mainEntityOfPage\":{\"@id\":\"https:\\\/\\\/www.salesianos.edu\\\/familiasalesiana\\\/don-bosco-nos-dejo-una-gran-herencia-en-la-devocion-a-maria-auxiliadora\\\/\"},\"wordCount\":2253,\"commentCount\":0,\"image\":{\"@id\":\"https:\\\/\\\/www.salesianos.edu\\\/familiasalesiana\\\/don-bosco-nos-dejo-una-gran-herencia-en-la-devocion-a-maria-auxiliadora\\\/#primaryimage\"},\"thumbnailUrl\":\"https:\\\/\\\/www.salesianos.edu\\\/familiasalesiana\\\/wp-content\\\/uploads\\\/sites\\\/5\\\/2021\\\/05\\\/Alejandro.png\",\"articleSection\":[\"Curso20-21\",\"Familia Salesiana\"],\"inLanguage\":\"es\",\"potentialAction\":[{\"@type\":\"CommentAction\",\"name\":\"Comment\",\"target\":[\"https:\\\/\\\/www.salesianos.edu\\\/familiasalesiana\\\/don-bosco-nos-dejo-una-gran-herencia-en-la-devocion-a-maria-auxiliadora\\\/#respond\"]}]},{\"@type\":\"WebPage\",\"@id\":\"https:\\\/\\\/www.salesianos.edu\\\/familiasalesiana\\\/don-bosco-nos-dejo-una-gran-herencia-en-la-devocion-a-maria-auxiliadora\\\/\",\"url\":\"https:\\\/\\\/www.salesianos.edu\\\/familiasalesiana\\\/don-bosco-nos-dejo-una-gran-herencia-en-la-devocion-a-maria-auxiliadora\\\/\",\"name\":\"\u00abDon Bosco nos dej\u00f3 una gran herencia en la devoci\u00f3n a Mar\u00eda Auxiliadora\u00bb - Familia Salesiana\",\"isPartOf\":{\"@id\":\"http:\\\/\\\/www.salesianos.edu\\\/familiasalesiana\\\/#website\"},\"primaryImageOfPage\":{\"@id\":\"https:\\\/\\\/www.salesianos.edu\\\/familiasalesiana\\\/don-bosco-nos-dejo-una-gran-herencia-en-la-devocion-a-maria-auxiliadora\\\/#primaryimage\"},\"image\":{\"@id\":\"https:\\\/\\\/www.salesianos.edu\\\/familiasalesiana\\\/don-bosco-nos-dejo-una-gran-herencia-en-la-devocion-a-maria-auxiliadora\\\/#primaryimage\"},\"thumbnailUrl\":\"https:\\\/\\\/www.salesianos.edu\\\/familiasalesiana\\\/wp-content\\\/uploads\\\/sites\\\/5\\\/2021\\\/05\\\/Alejandro.png\",\"datePublished\":\"2021-05-21T08:33:43+00:00\",\"author\":{\"@id\":\"http:\\\/\\\/www.salesianos.edu\\\/familiasalesiana\\\/#\\\/schema\\\/person\\\/a1d72ee5373cce7347fb2993ba9f47d6\"},\"breadcrumb\":{\"@id\":\"https:\\\/\\\/www.salesianos.edu\\\/familiasalesiana\\\/don-bosco-nos-dejo-una-gran-herencia-en-la-devocion-a-maria-auxiliadora\\\/#breadcrumb\"},\"inLanguage\":\"es\",\"potentialAction\":[{\"@type\":\"ReadAction\",\"target\":[\"https:\\\/\\\/www.salesianos.edu\\\/familiasalesiana\\\/don-bosco-nos-dejo-una-gran-herencia-en-la-devocion-a-maria-auxiliadora\\\/\"]}]},{\"@type\":\"ImageObject\",\"inLanguage\":\"es\",\"@id\":\"https:\\\/\\\/www.salesianos.edu\\\/familiasalesiana\\\/don-bosco-nos-dejo-una-gran-herencia-en-la-devocion-a-maria-auxiliadora\\\/#primaryimage\",\"url\":\"https:\\\/\\\/www.salesianos.edu\\\/familiasalesiana\\\/wp-content\\\/uploads\\\/sites\\\/5\\\/2021\\\/05\\\/Alejandro.png\",\"contentUrl\":\"https:\\\/\\\/www.salesianos.edu\\\/familiasalesiana\\\/wp-content\\\/uploads\\\/sites\\\/5\\\/2021\\\/05\\\/Alejandro.png\",\"width\":1906,\"height\":982},{\"@type\":\"BreadcrumbList\",\"@id\":\"https:\\\/\\\/www.salesianos.edu\\\/familiasalesiana\\\/don-bosco-nos-dejo-una-gran-herencia-en-la-devocion-a-maria-auxiliadora\\\/#breadcrumb\",\"itemListElement\":[{\"@type\":\"ListItem\",\"position\":1,\"name\":\"Portada\",\"item\":\"http:\\\/\\\/www.salesianos.edu\\\/familiasalesiana\\\/\"},{\"@type\":\"ListItem\",\"position\":2,\"name\":\"\u00abDon Bosco nos dej\u00f3 una gran herencia en la devoci\u00f3n a Mar\u00eda Auxiliadora\u00bb\"}]},{\"@type\":\"WebSite\",\"@id\":\"http:\\\/\\\/www.salesianos.edu\\\/familiasalesiana\\\/#website\",\"url\":\"http:\\\/\\\/www.salesianos.edu\\\/familiasalesiana\\\/\",\"name\":\"Familia Salesiana\",\"description\":\"P\u00e1gina oficial de Inspector\u00eda Salesiana Mar\u00eda Auxiliadora\",\"potentialAction\":[{\"@type\":\"SearchAction\",\"target\":{\"@type\":\"EntryPoint\",\"urlTemplate\":\"http:\\\/\\\/www.salesianos.edu\\\/familiasalesiana\\\/?s={search_term_string}\"},\"query-input\":{\"@type\":\"PropertyValueSpecification\",\"valueRequired\":true,\"valueName\":\"search_term_string\"}}],\"inLanguage\":\"es\"},{\"@type\":\"Person\",\"@id\":\"http:\\\/\\\/www.salesianos.edu\\\/familiasalesiana\\\/#\\\/schema\\\/person\\\/a1d72ee5373cce7347fb2993ba9f47d6\",\"name\":\"joseluisgarciamoscoso\",\"image\":{\"@type\":\"ImageObject\",\"inLanguage\":\"es\",\"@id\":\"https:\\\/\\\/secure.gravatar.com\\\/avatar\\\/3fda3a0b2db3bc9a39871e47cbd526b42d6c3b74755b7ae1400a87b2913fea6a?s=96&d=mm&r=g\",\"url\":\"https:\\\/\\\/secure.gravatar.com\\\/avatar\\\/3fda3a0b2db3bc9a39871e47cbd526b42d6c3b74755b7ae1400a87b2913fea6a?s=96&d=mm&r=g\",\"contentUrl\":\"https:\\\/\\\/secure.gravatar.com\\\/avatar\\\/3fda3a0b2db3bc9a39871e47cbd526b42d6c3b74755b7ae1400a87b2913fea6a?s=96&d=mm&r=g\",\"caption\":\"joseluisgarciamoscoso\"}}]}<\/script>\n<!-- \/ Yoast SEO plugin. -->","yoast_head_json":{"title":"\u00abDon Bosco nos dej\u00f3 una gran herencia en la devoci\u00f3n a Mar\u00eda Auxiliadora\u00bb - Familia Salesiana","robots":{"index":"index","follow":"follow","max-snippet":"max-snippet:-1","max-image-preview":"max-image-preview:large","max-video-preview":"max-video-preview:-1"},"canonical":"https:\/\/www.salesianos.edu\/familiasalesiana\/don-bosco-nos-dejo-una-gran-herencia-en-la-devocion-a-maria-auxiliadora\/","og_locale":"es_ES","og_type":"article","og_title":"\u00abDon Bosco nos dej\u00f3 una gran herencia en la devoci\u00f3n a Mar\u00eda Auxiliadora\u00bb - Familia Salesiana","og_description":"Entrevista a Alejandro Guevara Rodr\u00edguez, Animador Espiritual Mundial de la Asociaci\u00f3n de Mar\u00eda Auxiliadora (ADMA) sobre el #MayoSalesiano dedicado a la Virgen, Auxiliadora de los Cristianos.","og_url":"https:\/\/www.salesianos.edu\/familiasalesiana\/don-bosco-nos-dejo-una-gran-herencia-en-la-devocion-a-maria-auxiliadora\/","og_site_name":"Familia Salesiana","article_published_time":"2021-05-21T08:33:43+00:00","og_image":[{"width":1024,"height":528,"url":"https:\/\/www.salesianos.edu\/familiasalesiana\/wp-content\/uploads\/sites\/5\/2021\/05\/Alejandro-1024x528.png","type":"image\/png"}],"author":"joseluisgarciamoscoso","twitter_card":"summary_large_image","twitter_misc":{"Escrito por":"joseluisgarciamoscoso","Tiempo de lectura":"11 minutos"},"schema":{"@context":"https:\/\/schema.org","@graph":[{"@type":"Article","@id":"https:\/\/www.salesianos.edu\/familiasalesiana\/don-bosco-nos-dejo-una-gran-herencia-en-la-devocion-a-maria-auxiliadora\/#article","isPartOf":{"@id":"https:\/\/www.salesianos.edu\/familiasalesiana\/don-bosco-nos-dejo-una-gran-herencia-en-la-devocion-a-maria-auxiliadora\/"},"author":{"name":"joseluisgarciamoscoso","@id":"http:\/\/www.salesianos.edu\/familiasalesiana\/#\/schema\/person\/a1d72ee5373cce7347fb2993ba9f47d6"},"headline":"\u00abDon Bosco nos dej\u00f3 una gran herencia en la devoci\u00f3n a Mar\u00eda Auxiliadora\u00bb","datePublished":"2021-05-21T08:33:43+00:00","mainEntityOfPage":{"@id":"https:\/\/www.salesianos.edu\/familiasalesiana\/don-bosco-nos-dejo-una-gran-herencia-en-la-devocion-a-maria-auxiliadora\/"},"wordCount":2253,"commentCount":0,"image":{"@id":"https:\/\/www.salesianos.edu\/familiasalesiana\/don-bosco-nos-dejo-una-gran-herencia-en-la-devocion-a-maria-auxiliadora\/#primaryimage"},"thumbnailUrl":"https:\/\/www.salesianos.edu\/familiasalesiana\/wp-content\/uploads\/sites\/5\/2021\/05\/Alejandro.png","articleSection":["Curso20-21","Familia Salesiana"],"inLanguage":"es","potentialAction":[{"@type":"CommentAction","name":"Comment","target":["https:\/\/www.salesianos.edu\/familiasalesiana\/don-bosco-nos-dejo-una-gran-herencia-en-la-devocion-a-maria-auxiliadora\/#respond"]}]},{"@type":"WebPage","@id":"https:\/\/www.salesianos.edu\/familiasalesiana\/don-bosco-nos-dejo-una-gran-herencia-en-la-devocion-a-maria-auxiliadora\/","url":"https:\/\/www.salesianos.edu\/familiasalesiana\/don-bosco-nos-dejo-una-gran-herencia-en-la-devocion-a-maria-auxiliadora\/","name":"\u00abDon Bosco nos dej\u00f3 una gran herencia en la devoci\u00f3n a Mar\u00eda Auxiliadora\u00bb - Familia Salesiana","isPartOf":{"@id":"http:\/\/www.salesianos.edu\/familiasalesiana\/#website"},"primaryImageOfPage":{"@id":"https:\/\/www.salesianos.edu\/familiasalesiana\/don-bosco-nos-dejo-una-gran-herencia-en-la-devocion-a-maria-auxiliadora\/#primaryimage"},"image":{"@id":"https:\/\/www.salesianos.edu\/familiasalesiana\/don-bosco-nos-dejo-una-gran-herencia-en-la-devocion-a-maria-auxiliadora\/#primaryimage"},"thumbnailUrl":"https:\/\/www.salesianos.edu\/familiasalesiana\/wp-content\/uploads\/sites\/5\/2021\/05\/Alejandro.png","datePublished":"2021-05-21T08:33:43+00:00","author":{"@id":"http:\/\/www.salesianos.edu\/familiasalesiana\/#\/schema\/person\/a1d72ee5373cce7347fb2993ba9f47d6"},"breadcrumb":{"@id":"https:\/\/www.salesianos.edu\/familiasalesiana\/don-bosco-nos-dejo-una-gran-herencia-en-la-devocion-a-maria-auxiliadora\/#breadcrumb"},"inLanguage":"es","potentialAction":[{"@type":"ReadAction","target":["https:\/\/www.salesianos.edu\/familiasalesiana\/don-bosco-nos-dejo-una-gran-herencia-en-la-devocion-a-maria-auxiliadora\/"]}]},{"@type":"ImageObject","inLanguage":"es","@id":"https:\/\/www.salesianos.edu\/familiasalesiana\/don-bosco-nos-dejo-una-gran-herencia-en-la-devocion-a-maria-auxiliadora\/#primaryimage","url":"https:\/\/www.salesianos.edu\/familiasalesiana\/wp-content\/uploads\/sites\/5\/2021\/05\/Alejandro.png","contentUrl":"https:\/\/www.salesianos.edu\/familiasalesiana\/wp-content\/uploads\/sites\/5\/2021\/05\/Alejandro.png","width":1906,"height":982},{"@type":"BreadcrumbList","@id":"https:\/\/www.salesianos.edu\/familiasalesiana\/don-bosco-nos-dejo-una-gran-herencia-en-la-devocion-a-maria-auxiliadora\/#breadcrumb","itemListElement":[{"@type":"ListItem","position":1,"name":"Portada","item":"http:\/\/www.salesianos.edu\/familiasalesiana\/"},{"@type":"ListItem","position":2,"name":"\u00abDon Bosco nos dej\u00f3 una gran herencia en la devoci\u00f3n a Mar\u00eda Auxiliadora\u00bb"}]},{"@type":"WebSite","@id":"http:\/\/www.salesianos.edu\/familiasalesiana\/#website","url":"http:\/\/www.salesianos.edu\/familiasalesiana\/","name":"Familia Salesiana","description":"P\u00e1gina oficial de Inspector\u00eda Salesiana Mar\u00eda Auxiliadora","potentialAction":[{"@type":"SearchAction","target":{"@type":"EntryPoint","urlTemplate":"http:\/\/www.salesianos.edu\/familiasalesiana\/?s={search_term_string}"},"query-input":{"@type":"PropertyValueSpecification","valueRequired":true,"valueName":"search_term_string"}}],"inLanguage":"es"},{"@type":"Person","@id":"http:\/\/www.salesianos.edu\/familiasalesiana\/#\/schema\/person\/a1d72ee5373cce7347fb2993ba9f47d6","name":"joseluisgarciamoscoso","image":{"@type":"ImageObject","inLanguage":"es","@id":"https:\/\/secure.gravatar.com\/avatar\/3fda3a0b2db3bc9a39871e47cbd526b42d6c3b74755b7ae1400a87b2913fea6a?s=96&d=mm&r=g","url":"https:\/\/secure.gravatar.com\/avatar\/3fda3a0b2db3bc9a39871e47cbd526b42d6c3b74755b7ae1400a87b2913fea6a?s=96&d=mm&r=g","contentUrl":"https:\/\/secure.gravatar.com\/avatar\/3fda3a0b2db3bc9a39871e47cbd526b42d6c3b74755b7ae1400a87b2913fea6a?s=96&d=mm&r=g","caption":"joseluisgarciamoscoso"}}]}},"_links":{"self":[{"href":"https:\/\/www.salesianos.edu\/familiasalesiana\/wp-json\/wp\/v2\/posts\/9656","targetHints":{"allow":["GET"]}}],"collection":[{"href":"https:\/\/www.salesianos.edu\/familiasalesiana\/wp-json\/wp\/v2\/posts"}],"about":[{"href":"https:\/\/www.salesianos.edu\/familiasalesiana\/wp-json\/wp\/v2\/types\/post"}],"author":[{"embeddable":true,"href":"https:\/\/www.salesianos.edu\/familiasalesiana\/wp-json\/wp\/v2\/users\/12"}],"replies":[{"embeddable":true,"href":"https:\/\/www.salesianos.edu\/familiasalesiana\/wp-json\/wp\/v2\/comments?post=9656"}],"version-history":[{"count":0,"href":"https:\/\/www.salesianos.edu\/familiasalesiana\/wp-json\/wp\/v2\/posts\/9656\/revisions"}],"wp:featuredmedia":[{"embeddable":true,"href":"https:\/\/www.salesianos.edu\/familiasalesiana\/wp-json\/wp\/v2\/media\/9657"}],"wp:attachment":[{"href":"https:\/\/www.salesianos.edu\/familiasalesiana\/wp-json\/wp\/v2\/media?parent=9656"}],"wp:term":[{"taxonomy":"category","embeddable":true,"href":"https:\/\/www.salesianos.edu\/familiasalesiana\/wp-json\/wp\/v2\/categories?post=9656"},{"taxonomy":"post_tag","embeddable":true,"href":"https:\/\/www.salesianos.edu\/familiasalesiana\/wp-json\/wp\/v2\/tags?post=9656"}],"curies":[{"name":"wp","href":"https:\/\/api.w.org\/{rel}","templated":true}]}}