{"id":9636,"date":"2021-05-06T10:30:28","date_gmt":"2021-05-06T09:30:28","guid":{"rendered":"https:\/\/www.salesianos.edu\/familiasalesiana\/?p=9636"},"modified":"2021-05-06T10:30:31","modified_gmt":"2021-05-06T09:30:31","slug":"pregon-infantil-en-honor-a-maria-auxiliadora-de-salesianos-la-orotava","status":"publish","type":"post","link":"https:\/\/www.salesianos.edu\/familiasalesiana\/pregon-infantil-en-honor-a-maria-auxiliadora-de-salesianos-la-orotava\/","title":{"rendered":"Preg\u00f3n infantil en honor a Mar\u00eda Auxiliadora de Salesianos La Orotava"},"content":{"rendered":"<div id=\"fb-root\"><\/div>\n<p>[et_pb_section fb_built=\u00bb1&#8243; admin_label=\u00bbsection\u00bb _builder_version=\u00bb3.22&#8243;][et_pb_row admin_label=\u00bbrow\u00bb _builder_version=\u00bb3.25&#8243; background_size=\u00bbinitial\u00bb background_position=\u00bbtop_left\u00bb background_repeat=\u00bbrepeat\u00bb][et_pb_column type=\u00bb4_4&#8243; _builder_version=\u00bb3.25&#8243; custom_padding=\u00bb|||\u00bb custom_padding__hover=\u00bb|||\u00bb][et_pb_text _builder_version=\u00bb4.9.4&#8243; _module_preset=\u00bbdefault\u00bb hover_enabled=\u00bb0&#8243; sticky_enabled=\u00bb0&#8243;]<\/p>\n<div><em>Por Comunicaci\u00f3n ADMA<\/em><\/div>\n<div>\u00a0<\/div>\n<div>En la ma\u00f1ana del 4 de mayo, ha tenido lugar el primer Preg\u00f3n Infantil en honor a Mar\u00eda Auxiliadora de Salesianos La Orotava. Daniel Borges, de diez a\u00f1os de edad, ha sido el elegido para animar a todos sus compa\u00f1eros\/as del colegio a vivir esta fiesta con la mayor de las devociones hacia nuestra madre Auxiliadora.<\/div>\n<p>[\/et_pb_text][et_pb_video _builder_version=\u00bb4.9.4&#8243; _module_preset=\u00bbdefault\u00bb src=\u00bbhttps:\/\/www.youtube.com\/watch?fbclid=IwAR0Jlowmrtlwbn3g9S5hJJPC4QpwsX-m0uttoJC51eOLmXZEB-OuATs5Obg&#038;v=V_dJnN852Ac&#038;feature=youtu.be\u00bb hover_enabled=\u00bb0&#8243; sticky_enabled=\u00bb0&#8243;][\/et_pb_video][\/et_pb_column][\/et_pb_row][\/et_pb_section]<\/p>\n","protected":false},"excerpt":{"rendered":"<p>Daniel Borges, de diez a\u00f1os de edad, ha sido el elegido para animar a todos sus compa\u00f1eros\/as del colegio.<\/p>\n","protected":false},"author":7,"featured_media":9638,"comment_status":"open","ping_status":"open","sticky":false,"template":"","format":"standard","meta":{"_et_pb_use_builder":"on","_et_pb_old_content":"","_et_gb_content_width":"","footnotes":""},"categories":[53,27],"tags":[],"class_list":["post-9636","post","type-post","status-publish","format-standard","has-post-thumbnail","hentry","category-adma","category-fasa"],"yoast_head":"<!-- This site is optimized with the Yoast SEO plugin v27.5 - https:\/\/yoast.com\/product\/yoast-seo-wordpress\/ -->\n<title>Preg\u00f3n infantil en honor a Mar\u00eda Auxiliadora de Salesianos La Orotava - Familia Salesiana<\/title>\n<meta name=\"robots\" content=\"index, follow, max-snippet:-1, max-image-preview:large, max-video-preview:-1\" \/>\n<link rel=\"canonical\" href=\"http:\/\/www.salesianos.edu\/familiasalesiana\/pregon-infantil-en-honor-a-maria-auxiliadora-de-salesianos-la-orotava\/\" \/>\n<meta property=\"og:locale\" content=\"es_ES\" \/>\n<meta property=\"og:type\" content=\"article\" \/>\n<meta property=\"og:title\" content=\"Preg\u00f3n infantil en honor a Mar\u00eda Auxiliadora de Salesianos La Orotava - Familia Salesiana\" \/>\n<meta property=\"og:description\" content=\"Daniel Borges, de diez a\u00f1os de edad, ha sido el elegido para animar a todos sus compa\u00f1eros\/as del colegio.\" \/>\n<meta property=\"og:url\" content=\"http:\/\/www.salesianos.edu\/familiasalesiana\/pregon-infantil-en-honor-a-maria-auxiliadora-de-salesianos-la-orotava\/\" \/>\n<meta property=\"og:site_name\" content=\"Familia Salesiana\" \/>\n<meta property=\"article:published_time\" content=\"2021-05-06T09:30:28+00:00\" \/>\n<meta property=\"article:modified_time\" content=\"2021-05-06T09:30:31+00:00\" \/>\n<meta property=\"og:image\" content=\"http:\/\/www.salesianos.edu\/familiasalesiana\/wp-content\/uploads\/sites\/5\/2021\/05\/ADMA-La-Orotava.jpeg\" \/>\n\t<meta property=\"og:image:width\" content=\"1634\" \/>\n\t<meta property=\"og:image:height\" content=\"1034\" \/>\n\t<meta property=\"og:image:type\" content=\"image\/jpeg\" \/>\n<meta name=\"author\" content=\"carlosmartin\" \/>\n<meta name=\"twitter:card\" content=\"summary_large_image\" \/>\n<meta name=\"twitter:label1\" content=\"Escrito por\" \/>\n\t<meta name=\"twitter:data1\" content=\"carlosmartin\" \/>\n\t<meta name=\"twitter:label2\" content=\"Tiempo de lectura\" \/>\n\t<meta name=\"twitter:data2\" content=\"1 minuto\" \/>\n<script type=\"application\/ld+json\" class=\"yoast-schema-graph\">{\"@context\":\"https:\\\/\\\/schema.org\",\"@graph\":[{\"@type\":\"Article\",\"@id\":\"http:\\\/\\\/www.salesianos.edu\\\/familiasalesiana\\\/pregon-infantil-en-honor-a-maria-auxiliadora-de-salesianos-la-orotava\\\/#article\",\"isPartOf\":{\"@id\":\"http:\\\/\\\/www.salesianos.edu\\\/familiasalesiana\\\/pregon-infantil-en-honor-a-maria-auxiliadora-de-salesianos-la-orotava\\\/\"},\"author\":{\"name\":\"carlosmartin\",\"@id\":\"http:\\\/\\\/www.salesianos.edu\\\/familiasalesiana\\\/#\\\/schema\\\/person\\\/587f0aaa0bc79792a743343715597b2e\"},\"headline\":\"Preg\u00f3n infantil en honor a Mar\u00eda Auxiliadora de Salesianos La Orotava\",\"datePublished\":\"2021-05-06T09:30:28+00:00\",\"dateModified\":\"2021-05-06T09:30:31+00:00\",\"mainEntityOfPage\":{\"@id\":\"http:\\\/\\\/www.salesianos.edu\\\/familiasalesiana\\\/pregon-infantil-en-honor-a-maria-auxiliadora-de-salesianos-la-orotava\\\/\"},\"wordCount\":179,\"commentCount\":0,\"image\":{\"@id\":\"http:\\\/\\\/www.salesianos.edu\\\/familiasalesiana\\\/pregon-infantil-en-honor-a-maria-auxiliadora-de-salesianos-la-orotava\\\/#primaryimage\"},\"thumbnailUrl\":\"https:\\\/\\\/www.salesianos.edu\\\/familiasalesiana\\\/wp-content\\\/uploads\\\/sites\\\/5\\\/2021\\\/05\\\/ADMA-La-Orotava.jpeg\",\"articleSection\":[\"ADMA\",\"Familia Salesiana\"],\"inLanguage\":\"es\",\"potentialAction\":[{\"@type\":\"CommentAction\",\"name\":\"Comment\",\"target\":[\"http:\\\/\\\/www.salesianos.edu\\\/familiasalesiana\\\/pregon-infantil-en-honor-a-maria-auxiliadora-de-salesianos-la-orotava\\\/#respond\"]}]},{\"@type\":\"WebPage\",\"@id\":\"http:\\\/\\\/www.salesianos.edu\\\/familiasalesiana\\\/pregon-infantil-en-honor-a-maria-auxiliadora-de-salesianos-la-orotava\\\/\",\"url\":\"http:\\\/\\\/www.salesianos.edu\\\/familiasalesiana\\\/pregon-infantil-en-honor-a-maria-auxiliadora-de-salesianos-la-orotava\\\/\",\"name\":\"Preg\u00f3n infantil en honor a Mar\u00eda Auxiliadora de Salesianos La Orotava - Familia Salesiana\",\"isPartOf\":{\"@id\":\"http:\\\/\\\/www.salesianos.edu\\\/familiasalesiana\\\/#website\"},\"primaryImageOfPage\":{\"@id\":\"http:\\\/\\\/www.salesianos.edu\\\/familiasalesiana\\\/pregon-infantil-en-honor-a-maria-auxiliadora-de-salesianos-la-orotava\\\/#primaryimage\"},\"image\":{\"@id\":\"http:\\\/\\\/www.salesianos.edu\\\/familiasalesiana\\\/pregon-infantil-en-honor-a-maria-auxiliadora-de-salesianos-la-orotava\\\/#primaryimage\"},\"thumbnailUrl\":\"https:\\\/\\\/www.salesianos.edu\\\/familiasalesiana\\\/wp-content\\\/uploads\\\/sites\\\/5\\\/2021\\\/05\\\/ADMA-La-Orotava.jpeg\",\"datePublished\":\"2021-05-06T09:30:28+00:00\",\"dateModified\":\"2021-05-06T09:30:31+00:00\",\"author\":{\"@id\":\"http:\\\/\\\/www.salesianos.edu\\\/familiasalesiana\\\/#\\\/schema\\\/person\\\/587f0aaa0bc79792a743343715597b2e\"},\"breadcrumb\":{\"@id\":\"http:\\\/\\\/www.salesianos.edu\\\/familiasalesiana\\\/pregon-infantil-en-honor-a-maria-auxiliadora-de-salesianos-la-orotava\\\/#breadcrumb\"},\"inLanguage\":\"es\",\"potentialAction\":[{\"@type\":\"ReadAction\",\"target\":[\"http:\\\/\\\/www.salesianos.edu\\\/familiasalesiana\\\/pregon-infantil-en-honor-a-maria-auxiliadora-de-salesianos-la-orotava\\\/\"]}]},{\"@type\":\"ImageObject\",\"inLanguage\":\"es\",\"@id\":\"http:\\\/\\\/www.salesianos.edu\\\/familiasalesiana\\\/pregon-infantil-en-honor-a-maria-auxiliadora-de-salesianos-la-orotava\\\/#primaryimage\",\"url\":\"https:\\\/\\\/www.salesianos.edu\\\/familiasalesiana\\\/wp-content\\\/uploads\\\/sites\\\/5\\\/2021\\\/05\\\/ADMA-La-Orotava.jpeg\",\"contentUrl\":\"https:\\\/\\\/www.salesianos.edu\\\/familiasalesiana\\\/wp-content\\\/uploads\\\/sites\\\/5\\\/2021\\\/05\\\/ADMA-La-Orotava.jpeg\",\"width\":1634,\"height\":1034},{\"@type\":\"BreadcrumbList\",\"@id\":\"http:\\\/\\\/www.salesianos.edu\\\/familiasalesiana\\\/pregon-infantil-en-honor-a-maria-auxiliadora-de-salesianos-la-orotava\\\/#breadcrumb\",\"itemListElement\":[{\"@type\":\"ListItem\",\"position\":1,\"name\":\"Portada\",\"item\":\"http:\\\/\\\/www.salesianos.edu\\\/familiasalesiana\\\/\"},{\"@type\":\"ListItem\",\"position\":2,\"name\":\"Preg\u00f3n infantil en honor a Mar\u00eda Auxiliadora de Salesianos La Orotava\"}]},{\"@type\":\"WebSite\",\"@id\":\"http:\\\/\\\/www.salesianos.edu\\\/familiasalesiana\\\/#website\",\"url\":\"http:\\\/\\\/www.salesianos.edu\\\/familiasalesiana\\\/\",\"name\":\"Familia Salesiana\",\"description\":\"P\u00e1gina oficial de Inspector\u00eda Salesiana Mar\u00eda Auxiliadora\",\"potentialAction\":[{\"@type\":\"SearchAction\",\"target\":{\"@type\":\"EntryPoint\",\"urlTemplate\":\"http:\\\/\\\/www.salesianos.edu\\\/familiasalesiana\\\/?s={search_term_string}\"},\"query-input\":{\"@type\":\"PropertyValueSpecification\",\"valueRequired\":true,\"valueName\":\"search_term_string\"}}],\"inLanguage\":\"es\"},{\"@type\":\"Person\",\"@id\":\"http:\\\/\\\/www.salesianos.edu\\\/familiasalesiana\\\/#\\\/schema\\\/person\\\/587f0aaa0bc79792a743343715597b2e\",\"name\":\"carlosmartin\",\"image\":{\"@type\":\"ImageObject\",\"inLanguage\":\"es\",\"@id\":\"https:\\\/\\\/secure.gravatar.com\\\/avatar\\\/068204e325b7d19936f9561f323c3c719ed6f2c2a417a8c22c60e194a8bbdb21?s=96&d=mm&r=g\",\"url\":\"https:\\\/\\\/secure.gravatar.com\\\/avatar\\\/068204e325b7d19936f9561f323c3c719ed6f2c2a417a8c22c60e194a8bbdb21?s=96&d=mm&r=g\",\"contentUrl\":\"https:\\\/\\\/secure.gravatar.com\\\/avatar\\\/068204e325b7d19936f9561f323c3c719ed6f2c2a417a8c22c60e194a8bbdb21?s=96&d=mm&r=g\",\"caption\":\"carlosmartin\"}}]}<\/script>\n<!-- \/ Yoast SEO plugin. -->","yoast_head_json":{"title":"Preg\u00f3n infantil en honor a Mar\u00eda Auxiliadora de Salesianos La Orotava - Familia Salesiana","robots":{"index":"index","follow":"follow","max-snippet":"max-snippet:-1","max-image-preview":"max-image-preview:large","max-video-preview":"max-video-preview:-1"},"canonical":"http:\/\/www.salesianos.edu\/familiasalesiana\/pregon-infantil-en-honor-a-maria-auxiliadora-de-salesianos-la-orotava\/","og_locale":"es_ES","og_type":"article","og_title":"Preg\u00f3n infantil en honor a Mar\u00eda Auxiliadora de Salesianos La Orotava - Familia Salesiana","og_description":"Daniel Borges, de diez a\u00f1os de edad, ha sido el elegido para animar a todos sus compa\u00f1eros\/as del colegio.","og_url":"http:\/\/www.salesianos.edu\/familiasalesiana\/pregon-infantil-en-honor-a-maria-auxiliadora-de-salesianos-la-orotava\/","og_site_name":"Familia Salesiana","article_published_time":"2021-05-06T09:30:28+00:00","article_modified_time":"2021-05-06T09:30:31+00:00","og_image":[{"width":1634,"height":1034,"url":"http:\/\/www.salesianos.edu\/familiasalesiana\/wp-content\/uploads\/sites\/5\/2021\/05\/ADMA-La-Orotava.jpeg","type":"image\/jpeg"}],"author":"carlosmartin","twitter_card":"summary_large_image","twitter_misc":{"Escrito por":"carlosmartin","Tiempo de lectura":"1 minuto"},"schema":{"@context":"https:\/\/schema.org","@graph":[{"@type":"Article","@id":"http:\/\/www.salesianos.edu\/familiasalesiana\/pregon-infantil-en-honor-a-maria-auxiliadora-de-salesianos-la-orotava\/#article","isPartOf":{"@id":"http:\/\/www.salesianos.edu\/familiasalesiana\/pregon-infantil-en-honor-a-maria-auxiliadora-de-salesianos-la-orotava\/"},"author":{"name":"carlosmartin","@id":"http:\/\/www.salesianos.edu\/familiasalesiana\/#\/schema\/person\/587f0aaa0bc79792a743343715597b2e"},"headline":"Preg\u00f3n infantil en honor a Mar\u00eda Auxiliadora de Salesianos La Orotava","datePublished":"2021-05-06T09:30:28+00:00","dateModified":"2021-05-06T09:30:31+00:00","mainEntityOfPage":{"@id":"http:\/\/www.salesianos.edu\/familiasalesiana\/pregon-infantil-en-honor-a-maria-auxiliadora-de-salesianos-la-orotava\/"},"wordCount":179,"commentCount":0,"image":{"@id":"http:\/\/www.salesianos.edu\/familiasalesiana\/pregon-infantil-en-honor-a-maria-auxiliadora-de-salesianos-la-orotava\/#primaryimage"},"thumbnailUrl":"https:\/\/www.salesianos.edu\/familiasalesiana\/wp-content\/uploads\/sites\/5\/2021\/05\/ADMA-La-Orotava.jpeg","articleSection":["ADMA","Familia Salesiana"],"inLanguage":"es","potentialAction":[{"@type":"CommentAction","name":"Comment","target":["http:\/\/www.salesianos.edu\/familiasalesiana\/pregon-infantil-en-honor-a-maria-auxiliadora-de-salesianos-la-orotava\/#respond"]}]},{"@type":"WebPage","@id":"http:\/\/www.salesianos.edu\/familiasalesiana\/pregon-infantil-en-honor-a-maria-auxiliadora-de-salesianos-la-orotava\/","url":"http:\/\/www.salesianos.edu\/familiasalesiana\/pregon-infantil-en-honor-a-maria-auxiliadora-de-salesianos-la-orotava\/","name":"Preg\u00f3n infantil en honor a Mar\u00eda Auxiliadora de Salesianos La Orotava - Familia Salesiana","isPartOf":{"@id":"http:\/\/www.salesianos.edu\/familiasalesiana\/#website"},"primaryImageOfPage":{"@id":"http:\/\/www.salesianos.edu\/familiasalesiana\/pregon-infantil-en-honor-a-maria-auxiliadora-de-salesianos-la-orotava\/#primaryimage"},"image":{"@id":"http:\/\/www.salesianos.edu\/familiasalesiana\/pregon-infantil-en-honor-a-maria-auxiliadora-de-salesianos-la-orotava\/#primaryimage"},"thumbnailUrl":"https:\/\/www.salesianos.edu\/familiasalesiana\/wp-content\/uploads\/sites\/5\/2021\/05\/ADMA-La-Orotava.jpeg","datePublished":"2021-05-06T09:30:28+00:00","dateModified":"2021-05-06T09:30:31+00:00","author":{"@id":"http:\/\/www.salesianos.edu\/familiasalesiana\/#\/schema\/person\/587f0aaa0bc79792a743343715597b2e"},"breadcrumb":{"@id":"http:\/\/www.salesianos.edu\/familiasalesiana\/pregon-infantil-en-honor-a-maria-auxiliadora-de-salesianos-la-orotava\/#breadcrumb"},"inLanguage":"es","potentialAction":[{"@type":"ReadAction","target":["http:\/\/www.salesianos.edu\/familiasalesiana\/pregon-infantil-en-honor-a-maria-auxiliadora-de-salesianos-la-orotava\/"]}]},{"@type":"ImageObject","inLanguage":"es","@id":"http:\/\/www.salesianos.edu\/familiasalesiana\/pregon-infantil-en-honor-a-maria-auxiliadora-de-salesianos-la-orotava\/#primaryimage","url":"https:\/\/www.salesianos.edu\/familiasalesiana\/wp-content\/uploads\/sites\/5\/2021\/05\/ADMA-La-Orotava.jpeg","contentUrl":"https:\/\/www.salesianos.edu\/familiasalesiana\/wp-content\/uploads\/sites\/5\/2021\/05\/ADMA-La-Orotava.jpeg","width":1634,"height":1034},{"@type":"BreadcrumbList","@id":"http:\/\/www.salesianos.edu\/familiasalesiana\/pregon-infantil-en-honor-a-maria-auxiliadora-de-salesianos-la-orotava\/#breadcrumb","itemListElement":[{"@type":"ListItem","position":1,"name":"Portada","item":"http:\/\/www.salesianos.edu\/familiasalesiana\/"},{"@type":"ListItem","position":2,"name":"Preg\u00f3n infantil en honor a Mar\u00eda Auxiliadora de Salesianos La Orotava"}]},{"@type":"WebSite","@id":"http:\/\/www.salesianos.edu\/familiasalesiana\/#website","url":"http:\/\/www.salesianos.edu\/familiasalesiana\/","name":"Familia Salesiana","description":"P\u00e1gina oficial de Inspector\u00eda Salesiana Mar\u00eda Auxiliadora","potentialAction":[{"@type":"SearchAction","target":{"@type":"EntryPoint","urlTemplate":"http:\/\/www.salesianos.edu\/familiasalesiana\/?s={search_term_string}"},"query-input":{"@type":"PropertyValueSpecification","valueRequired":true,"valueName":"search_term_string"}}],"inLanguage":"es"},{"@type":"Person","@id":"http:\/\/www.salesianos.edu\/familiasalesiana\/#\/schema\/person\/587f0aaa0bc79792a743343715597b2e","name":"carlosmartin","image":{"@type":"ImageObject","inLanguage":"es","@id":"https:\/\/secure.gravatar.com\/avatar\/068204e325b7d19936f9561f323c3c719ed6f2c2a417a8c22c60e194a8bbdb21?s=96&d=mm&r=g","url":"https:\/\/secure.gravatar.com\/avatar\/068204e325b7d19936f9561f323c3c719ed6f2c2a417a8c22c60e194a8bbdb21?s=96&d=mm&r=g","contentUrl":"https:\/\/secure.gravatar.com\/avatar\/068204e325b7d19936f9561f323c3c719ed6f2c2a417a8c22c60e194a8bbdb21?s=96&d=mm&r=g","caption":"carlosmartin"}}]}},"_links":{"self":[{"href":"https:\/\/www.salesianos.edu\/familiasalesiana\/wp-json\/wp\/v2\/posts\/9636","targetHints":{"allow":["GET"]}}],"collection":[{"href":"https:\/\/www.salesianos.edu\/familiasalesiana\/wp-json\/wp\/v2\/posts"}],"about":[{"href":"https:\/\/www.salesianos.edu\/familiasalesiana\/wp-json\/wp\/v2\/types\/post"}],"author":[{"embeddable":true,"href":"https:\/\/www.salesianos.edu\/familiasalesiana\/wp-json\/wp\/v2\/users\/7"}],"replies":[{"embeddable":true,"href":"https:\/\/www.salesianos.edu\/familiasalesiana\/wp-json\/wp\/v2\/comments?post=9636"}],"version-history":[{"count":3,"href":"https:\/\/www.salesianos.edu\/familiasalesiana\/wp-json\/wp\/v2\/posts\/9636\/revisions"}],"predecessor-version":[{"id":9641,"href":"https:\/\/www.salesianos.edu\/familiasalesiana\/wp-json\/wp\/v2\/posts\/9636\/revisions\/9641"}],"wp:featuredmedia":[{"embeddable":true,"href":"https:\/\/www.salesianos.edu\/familiasalesiana\/wp-json\/wp\/v2\/media\/9638"}],"wp:attachment":[{"href":"https:\/\/www.salesianos.edu\/familiasalesiana\/wp-json\/wp\/v2\/media?parent=9636"}],"wp:term":[{"taxonomy":"category","embeddable":true,"href":"https:\/\/www.salesianos.edu\/familiasalesiana\/wp-json\/wp\/v2\/categories?post=9636"},{"taxonomy":"post_tag","embeddable":true,"href":"https:\/\/www.salesianos.edu\/familiasalesiana\/wp-json\/wp\/v2\/tags?post=9636"}],"curies":[{"name":"wp","href":"https:\/\/api.w.org\/{rel}","templated":true}]}}