{"id":9596,"date":"2021-04-25T09:14:43","date_gmt":"2021-04-25T08:14:43","guid":{"rendered":"https:\/\/www.salesianos.edu\/familiasalesiana\/?p=9596"},"modified":"2021-04-26T08:47:09","modified_gmt":"2021-04-26T07:47:09","slug":"los-centros-de-horta-monzon-y-mataro-se-encuentran-en-las-jornadas-de-acompanamiento-profesional-de-la-federacion-de-antiguos-alumnos-y-alumnas-mare-de-deu-de-la-merce-2","status":"publish","type":"post","link":"https:\/\/www.salesianos.edu\/familiasalesiana\/los-centros-de-horta-monzon-y-mataro-se-encuentran-en-las-jornadas-de-acompanamiento-profesional-de-la-federacion-de-antiguos-alumnos-y-alumnas-mare-de-deu-de-la-merce-2\/","title":{"rendered":"Los centros de Horta, Monz\u00f3n y Matar\u00f3 se encuentran en las Jornadas de Acompa\u00f1amiento Profesional de la Federaci\u00f3n de Antiguos Alumnos y Alumnas \u201cMare de D\u00e9u de la Merc\u00e8\u201d"},"content":{"rendered":"<div id=\"fb-root\"><\/div>\n<p>[et_pb_section fb_built=\u00bb1&#8243; _builder_version=\u00bb4.9.4&#8243; _module_preset=\u00bbdefault\u00bb][et_pb_row _builder_version=\u00bb4.9.4&#8243; _module_preset=\u00bbdefault\u00bb][et_pb_column type=\u00bb4_4&#8243; _builder_version=\u00bb4.9.4&#8243; _module_preset=\u00bbdefault\u00bb][et_pb_text _builder_version=\u00bb4.9.4&#8243; _module_preset=\u00bbdefault\u00bb]<\/p>\n<p>Por <em>Josep Mascar\u00f3<\/em><\/p>\n<p>[\/et_pb_text][et_pb_text _builder_version=\u00bb4.9.4&#8243; _module_preset=\u00bbdefault\u00bb]<\/p>\n<div>\n<p>La Federaci\u00f3n de Antiguos Alumnos y Alumnas \u201cMare de D\u00e9u de la Merc\u00e8\u201d, con sede en Barcelona, organiz\u00f3 durante tres s\u00e1bados matinales del mes de abril unas Jornadas de Acompa\u00f1amiento Profesional (JAP) dirigidas principalmente a los alumnos y alumnas de los centros de Bachillerato, familias y educadores con la finalidad de ayudarles en la orientaci\u00f3n y selecci\u00f3n de carreras. Un total de 18 profesionales han comentado en directo sus motivaciones en la elecci\u00f3n de carrera, su experiencia profesional, el camino seguido, ofreci\u00e9ndoles tambi\u00e9n unas orientaciones a la hora de escoger carrera, al acabar el bachillerato.<\/p>\n<\/div>\n<div><\/div>\n<div>\n<p>Se han repartido las experiencias en tres grandes grupos de carreras: profesiones cient\u00edfico \u2013 t\u00e9cnicas (10 abril), cient\u00edfico \u2013 sanitarias (17 abril) y social &#8211; human\u00edsticas (24 abril). La din\u00e1mica ha sido com\u00fan a todas las sesiones: Dos momentos con tres intervenciones de 15 minutos cada una, que acababan con una mesa redonda donde se respond\u00edan las preguntas que se formulaban v\u00eda chat, separados en un espacio de un cuarto de hora de descanso.<\/p>\n<\/div>\n<div><\/div>\n<p>[\/et_pb_text][\/et_pb_column][\/et_pb_row][et_pb_row column_structure=\u00bb1_3,1_3,1_3&#8243; _builder_version=\u00bb4.9.4&#8243; _module_preset=\u00bbdefault\u00bb][et_pb_column type=\u00bb1_3&#8243; _builder_version=\u00bb4.9.4&#8243; _module_preset=\u00bbdefault\u00bb][et_pb_code _builder_version=\u00bb4.9.4&#8243; _module_preset=\u00bbdefault\u00bb]<iframe loading=\"lazy\" width=\"1120\" height=\"630\" src=\"https:\/\/www.youtube.com\/embed\/4XqsbXcoGwY\" title=\"YouTube video player\" frameborder=\"0\" allow=\"accelerometer; autoplay; clipboard-write; encrypted-media; gyroscope; picture-in-picture\" allowfullscreen><\/iframe>[\/et_pb_code][\/et_pb_column][et_pb_column type=\u00bb1_3&#8243; _builder_version=\u00bb4.9.4&#8243; _module_preset=\u00bbdefault\u00bb][et_pb_code _builder_version=\u00bb4.9.4&#8243; _module_preset=\u00bbdefault\u00bb]<iframe loading=\"lazy\" width=\"1120\" height=\"630\" src=\"https:\/\/www.youtube.com\/embed\/1bNE-ek5q_Q\" title=\"YouTube video player\" frameborder=\"0\" allow=\"accelerometer; autoplay; clipboard-write; encrypted-media; gyroscope; picture-in-picture\" allowfullscreen><\/iframe>[\/et_pb_code][\/et_pb_column][et_pb_column type=\u00bb1_3&#8243; _builder_version=\u00bb4.9.4&#8243; _module_preset=\u00bbdefault\u00bb][et_pb_code _builder_version=\u00bb4.9.4&#8243; _module_preset=\u00bbdefault\u00bb]<iframe loading=\"lazy\" width=\"1120\" height=\"630\" src=\"https:\/\/www.youtube.com\/embed\/RvaOyTljzrQ\" title=\"YouTube video player\" frameborder=\"0\" allow=\"accelerometer; autoplay; clipboard-write; encrypted-media; gyroscope; picture-in-picture\" allowfullscreen><\/iframe>[\/et_pb_code][\/et_pb_column][\/et_pb_row][et_pb_row _builder_version=\u00bb4.9.4&#8243; _module_preset=\u00bbdefault\u00bb][et_pb_column type=\u00bb4_4&#8243; _builder_version=\u00bb4.9.4&#8243; _module_preset=\u00bbdefault\u00bb][et_pb_text _builder_version=\u00bb4.9.4&#8243; _module_preset=\u00bbdefault\u00bb]<\/p>\n<div>\n<p>\u00abAunque inicialmente, y como primera experiencia por ahora, participaron directamente los colegios de Horta, Monz\u00f3n y Matar\u00f3, al quedar estas Jornadas colgadas en el Youtube nos ha maravillado ver que han sido muy visitadas desde diferentes sitios, tambi\u00e9n fuera de nuestro \u00e1mbito.<\/p>\n<p>Conviene destacar que la preparaci\u00f3n de estas primeras Jornadas ya se inici\u00f3 en septiembre desde la Junta Federal de los AA.AA, a los que se unieron algunos voluntarios t\u00e9cnicos en transmisi\u00f3n que hac\u00edan sus estudios en la Escuela Universitaria Salesiana de Sarri\u00e1 (EUSS) y que posibilitaron todas las conexiones simult\u00e1neas y en directo, incluso desde fuera de Espa\u00f1a\u00bb, comparten desde la organizaci\u00f3n.<\/p>\n<\/div>\n<div><\/div>\n<div>\n<blockquote>\n<p>\u00abAgradecemos las facilidades y el apoyo dado por la EUSS, cediendo sus espacios y material de transmisi\u00f3n; la participaci\u00f3n de los conferenciantes, bastantes de ellos, Antiguos Alumnos salesianos, as\u00ed como el ingente trabajo del Presidente Federal, Joan Yebras, el Consiliario de los AA.AA de Horta, Cinto Hern\u00e1ndez, los voluntarios del centro universitario y del consiliario federal. Dado que las intervenciones han resultado muy interesantes, pr\u00e1cticas y concretas y que se han destacado cantidad de valores a tener presentes en la elecci\u00f3n de carreras, esperamos sectorizar cada intervenci\u00f3n y presentarlas por separado con algunas pautas y ofrecerlo como material \u00fatil para tutor\u00edas y reflexiones en grupo\u00bb, a\u00f1aden.<\/p>\n<\/blockquote>\n<\/div>\n<div><\/div>\n<div>\n<p>La cita fue tambi\u00e9n aprovechada para invitar a los alumnos que acaban su estancia en el colegio a solicitar a la direcci\u00f3n del centro la insignia de Antiguos Alumnos, suficientemente motivada, para entrar as\u00ed a formar parte de la Asociaci\u00f3n de Antiguos Alumnos, como parte de la Familia Salesiana.<\/p>\n<\/div>\n<p>[\/et_pb_text][\/et_pb_column][\/et_pb_row][\/et_pb_section]<\/p>\n","protected":false},"excerpt":{"rendered":"<p>Un total de 18 profesionales han comentado en directo sus motivaciones en la elecci\u00f3n de carrera, su experiencia profesional, el camino seguido, ofreci\u00e9ndoles tambi\u00e9n unas orientaciones a la hora de escoger carrera, al acabar el bachillerato.<\/p>\n","protected":false},"author":12,"featured_media":9595,"comment_status":"open","ping_status":"open","sticky":false,"template":"","format":"standard","meta":{"_et_pb_use_builder":"on","_et_pb_old_content":"","_et_gb_content_width":"","footnotes":""},"categories":[54,46,31,15],"tags":[],"class_list":["post-9596","post","type-post","status-publish","format-standard","has-post-thumbnail","hentry","category-antiguos-alumnos","category-curso20-21","category-escuelas","category-portada"],"yoast_head":"<!-- This site is optimized with the Yoast SEO plugin v27.5 - https:\/\/yoast.com\/product\/yoast-seo-wordpress\/ -->\n<title>Los centros de Horta, Monz\u00f3n y Matar\u00f3 se encuentran en las Jornadas de Acompa\u00f1amiento Profesional de la Federaci\u00f3n de Antiguos Alumnos y Alumnas \u201cMare de D\u00e9u de la Merc\u00e8\u201d - Familia Salesiana<\/title>\n<meta name=\"robots\" content=\"index, follow, max-snippet:-1, max-image-preview:large, max-video-preview:-1\" \/>\n<link rel=\"canonical\" href=\"https:\/\/www.salesianos.edu\/familiasalesiana\/los-centros-de-horta-monzon-y-mataro-se-encuentran-en-las-jornadas-de-acompanamiento-profesional-de-la-federacion-de-antiguos-alumnos-y-alumnas-mare-de-deu-de-la-merce-2\/\" \/>\n<meta property=\"og:locale\" content=\"es_ES\" \/>\n<meta property=\"og:type\" content=\"article\" \/>\n<meta property=\"og:title\" content=\"Los centros de Horta, Monz\u00f3n y Matar\u00f3 se encuentran en las Jornadas de Acompa\u00f1amiento Profesional de la Federaci\u00f3n de Antiguos Alumnos y Alumnas \u201cMare de D\u00e9u de la Merc\u00e8\u201d - Familia Salesiana\" \/>\n<meta property=\"og:description\" content=\"Un total de 18 profesionales han comentado en directo sus motivaciones en la elecci\u00f3n de carrera, su experiencia profesional, el camino seguido, ofreci\u00e9ndoles tambi\u00e9n unas orientaciones a la hora de escoger carrera, al acabar el bachillerato.\" \/>\n<meta property=\"og:url\" content=\"https:\/\/www.salesianos.edu\/familiasalesiana\/los-centros-de-horta-monzon-y-mataro-se-encuentran-en-las-jornadas-de-acompanamiento-profesional-de-la-federacion-de-antiguos-alumnos-y-alumnas-mare-de-deu-de-la-merce-2\/\" \/>\n<meta property=\"og:site_name\" content=\"Familia Salesiana\" \/>\n<meta property=\"article:published_time\" content=\"2021-04-25T08:14:43+00:00\" \/>\n<meta property=\"article:modified_time\" content=\"2021-04-26T07:47:09+00:00\" \/>\n<meta property=\"og:image\" content=\"https:\/\/www.salesianos.edu\/familiasalesiana\/wp-content\/uploads\/sites\/5\/2021\/04\/JornadasFPANtiguosAlumnos.jpg\" \/>\n\t<meta property=\"og:image:width\" content=\"1267\" \/>\n\t<meta property=\"og:image:height\" content=\"711\" \/>\n\t<meta property=\"og:image:type\" content=\"image\/jpeg\" \/>\n<meta name=\"author\" content=\"joseluisgarciamoscoso\" \/>\n<meta name=\"twitter:card\" content=\"summary_large_image\" \/>\n<meta name=\"twitter:label1\" content=\"Escrito por\" \/>\n\t<meta name=\"twitter:data1\" content=\"joseluisgarciamoscoso\" \/>\n\t<meta name=\"twitter:label2\" content=\"Tiempo de lectura\" \/>\n\t<meta name=\"twitter:data2\" content=\"3 minutos\" \/>\n<script type=\"application\/ld+json\" class=\"yoast-schema-graph\">{\"@context\":\"https:\\\/\\\/schema.org\",\"@graph\":[{\"@type\":\"Article\",\"@id\":\"https:\\\/\\\/www.salesianos.edu\\\/familiasalesiana\\\/los-centros-de-horta-monzon-y-mataro-se-encuentran-en-las-jornadas-de-acompanamiento-profesional-de-la-federacion-de-antiguos-alumnos-y-alumnas-mare-de-deu-de-la-merce-2\\\/#article\",\"isPartOf\":{\"@id\":\"https:\\\/\\\/www.salesianos.edu\\\/familiasalesiana\\\/los-centros-de-horta-monzon-y-mataro-se-encuentran-en-las-jornadas-de-acompanamiento-profesional-de-la-federacion-de-antiguos-alumnos-y-alumnas-mare-de-deu-de-la-merce-2\\\/\"},\"author\":{\"name\":\"joseluisgarciamoscoso\",\"@id\":\"http:\\\/\\\/www.salesianos.edu\\\/familiasalesiana\\\/#\\\/schema\\\/person\\\/a1d72ee5373cce7347fb2993ba9f47d6\"},\"headline\":\"Los centros de Horta, Monz\u00f3n y Matar\u00f3 se encuentran en las Jornadas de Acompa\u00f1amiento Profesional de la Federaci\u00f3n de Antiguos Alumnos y Alumnas \u201cMare de D\u00e9u de la Merc\u00e8\u201d\",\"datePublished\":\"2021-04-25T08:14:43+00:00\",\"dateModified\":\"2021-04-26T07:47:09+00:00\",\"mainEntityOfPage\":{\"@id\":\"https:\\\/\\\/www.salesianos.edu\\\/familiasalesiana\\\/los-centros-de-horta-monzon-y-mataro-se-encuentran-en-las-jornadas-de-acompanamiento-profesional-de-la-federacion-de-antiguos-alumnos-y-alumnas-mare-de-deu-de-la-merce-2\\\/\"},\"wordCount\":670,\"commentCount\":0,\"image\":{\"@id\":\"https:\\\/\\\/www.salesianos.edu\\\/familiasalesiana\\\/los-centros-de-horta-monzon-y-mataro-se-encuentran-en-las-jornadas-de-acompanamiento-profesional-de-la-federacion-de-antiguos-alumnos-y-alumnas-mare-de-deu-de-la-merce-2\\\/#primaryimage\"},\"thumbnailUrl\":\"https:\\\/\\\/www.salesianos.edu\\\/familiasalesiana\\\/wp-content\\\/uploads\\\/sites\\\/5\\\/2021\\\/04\\\/JornadasFPANtiguosAlumnos.jpg\",\"articleSection\":[\"Antiguos Alumnos\",\"Curso20-21\",\"Escuelas\",\"portada\"],\"inLanguage\":\"es\",\"potentialAction\":[{\"@type\":\"CommentAction\",\"name\":\"Comment\",\"target\":[\"https:\\\/\\\/www.salesianos.edu\\\/familiasalesiana\\\/los-centros-de-horta-monzon-y-mataro-se-encuentran-en-las-jornadas-de-acompanamiento-profesional-de-la-federacion-de-antiguos-alumnos-y-alumnas-mare-de-deu-de-la-merce-2\\\/#respond\"]}]},{\"@type\":\"WebPage\",\"@id\":\"https:\\\/\\\/www.salesianos.edu\\\/familiasalesiana\\\/los-centros-de-horta-monzon-y-mataro-se-encuentran-en-las-jornadas-de-acompanamiento-profesional-de-la-federacion-de-antiguos-alumnos-y-alumnas-mare-de-deu-de-la-merce-2\\\/\",\"url\":\"https:\\\/\\\/www.salesianos.edu\\\/familiasalesiana\\\/los-centros-de-horta-monzon-y-mataro-se-encuentran-en-las-jornadas-de-acompanamiento-profesional-de-la-federacion-de-antiguos-alumnos-y-alumnas-mare-de-deu-de-la-merce-2\\\/\",\"name\":\"Los centros de Horta, Monz\u00f3n y Matar\u00f3 se encuentran en las Jornadas de Acompa\u00f1amiento Profesional de la Federaci\u00f3n de Antiguos Alumnos y Alumnas \u201cMare de D\u00e9u de la Merc\u00e8\u201d - Familia Salesiana\",\"isPartOf\":{\"@id\":\"http:\\\/\\\/www.salesianos.edu\\\/familiasalesiana\\\/#website\"},\"primaryImageOfPage\":{\"@id\":\"https:\\\/\\\/www.salesianos.edu\\\/familiasalesiana\\\/los-centros-de-horta-monzon-y-mataro-se-encuentran-en-las-jornadas-de-acompanamiento-profesional-de-la-federacion-de-antiguos-alumnos-y-alumnas-mare-de-deu-de-la-merce-2\\\/#primaryimage\"},\"image\":{\"@id\":\"https:\\\/\\\/www.salesianos.edu\\\/familiasalesiana\\\/los-centros-de-horta-monzon-y-mataro-se-encuentran-en-las-jornadas-de-acompanamiento-profesional-de-la-federacion-de-antiguos-alumnos-y-alumnas-mare-de-deu-de-la-merce-2\\\/#primaryimage\"},\"thumbnailUrl\":\"https:\\\/\\\/www.salesianos.edu\\\/familiasalesiana\\\/wp-content\\\/uploads\\\/sites\\\/5\\\/2021\\\/04\\\/JornadasFPANtiguosAlumnos.jpg\",\"datePublished\":\"2021-04-25T08:14:43+00:00\",\"dateModified\":\"2021-04-26T07:47:09+00:00\",\"author\":{\"@id\":\"http:\\\/\\\/www.salesianos.edu\\\/familiasalesiana\\\/#\\\/schema\\\/person\\\/a1d72ee5373cce7347fb2993ba9f47d6\"},\"breadcrumb\":{\"@id\":\"https:\\\/\\\/www.salesianos.edu\\\/familiasalesiana\\\/los-centros-de-horta-monzon-y-mataro-se-encuentran-en-las-jornadas-de-acompanamiento-profesional-de-la-federacion-de-antiguos-alumnos-y-alumnas-mare-de-deu-de-la-merce-2\\\/#breadcrumb\"},\"inLanguage\":\"es\",\"potentialAction\":[{\"@type\":\"ReadAction\",\"target\":[\"https:\\\/\\\/www.salesianos.edu\\\/familiasalesiana\\\/los-centros-de-horta-monzon-y-mataro-se-encuentran-en-las-jornadas-de-acompanamiento-profesional-de-la-federacion-de-antiguos-alumnos-y-alumnas-mare-de-deu-de-la-merce-2\\\/\"]}]},{\"@type\":\"ImageObject\",\"inLanguage\":\"es\",\"@id\":\"https:\\\/\\\/www.salesianos.edu\\\/familiasalesiana\\\/los-centros-de-horta-monzon-y-mataro-se-encuentran-en-las-jornadas-de-acompanamiento-profesional-de-la-federacion-de-antiguos-alumnos-y-alumnas-mare-de-deu-de-la-merce-2\\\/#primaryimage\",\"url\":\"https:\\\/\\\/www.salesianos.edu\\\/familiasalesiana\\\/wp-content\\\/uploads\\\/sites\\\/5\\\/2021\\\/04\\\/JornadasFPANtiguosAlumnos.jpg\",\"contentUrl\":\"https:\\\/\\\/www.salesianos.edu\\\/familiasalesiana\\\/wp-content\\\/uploads\\\/sites\\\/5\\\/2021\\\/04\\\/JornadasFPANtiguosAlumnos.jpg\",\"width\":1267,\"height\":711},{\"@type\":\"BreadcrumbList\",\"@id\":\"https:\\\/\\\/www.salesianos.edu\\\/familiasalesiana\\\/los-centros-de-horta-monzon-y-mataro-se-encuentran-en-las-jornadas-de-acompanamiento-profesional-de-la-federacion-de-antiguos-alumnos-y-alumnas-mare-de-deu-de-la-merce-2\\\/#breadcrumb\",\"itemListElement\":[{\"@type\":\"ListItem\",\"position\":1,\"name\":\"Portada\",\"item\":\"http:\\\/\\\/www.salesianos.edu\\\/familiasalesiana\\\/\"},{\"@type\":\"ListItem\",\"position\":2,\"name\":\"Los centros de Horta, Monz\u00f3n y Matar\u00f3 se encuentran en las Jornadas de Acompa\u00f1amiento Profesional de la Federaci\u00f3n de Antiguos Alumnos y Alumnas \u201cMare de D\u00e9u de la Merc\u00e8\u201d\"}]},{\"@type\":\"WebSite\",\"@id\":\"http:\\\/\\\/www.salesianos.edu\\\/familiasalesiana\\\/#website\",\"url\":\"http:\\\/\\\/www.salesianos.edu\\\/familiasalesiana\\\/\",\"name\":\"Familia Salesiana\",\"description\":\"P\u00e1gina oficial de Inspector\u00eda Salesiana Mar\u00eda Auxiliadora\",\"potentialAction\":[{\"@type\":\"SearchAction\",\"target\":{\"@type\":\"EntryPoint\",\"urlTemplate\":\"http:\\\/\\\/www.salesianos.edu\\\/familiasalesiana\\\/?s={search_term_string}\"},\"query-input\":{\"@type\":\"PropertyValueSpecification\",\"valueRequired\":true,\"valueName\":\"search_term_string\"}}],\"inLanguage\":\"es\"},{\"@type\":\"Person\",\"@id\":\"http:\\\/\\\/www.salesianos.edu\\\/familiasalesiana\\\/#\\\/schema\\\/person\\\/a1d72ee5373cce7347fb2993ba9f47d6\",\"name\":\"joseluisgarciamoscoso\",\"image\":{\"@type\":\"ImageObject\",\"inLanguage\":\"es\",\"@id\":\"https:\\\/\\\/secure.gravatar.com\\\/avatar\\\/3fda3a0b2db3bc9a39871e47cbd526b42d6c3b74755b7ae1400a87b2913fea6a?s=96&d=mm&r=g\",\"url\":\"https:\\\/\\\/secure.gravatar.com\\\/avatar\\\/3fda3a0b2db3bc9a39871e47cbd526b42d6c3b74755b7ae1400a87b2913fea6a?s=96&d=mm&r=g\",\"contentUrl\":\"https:\\\/\\\/secure.gravatar.com\\\/avatar\\\/3fda3a0b2db3bc9a39871e47cbd526b42d6c3b74755b7ae1400a87b2913fea6a?s=96&d=mm&r=g\",\"caption\":\"joseluisgarciamoscoso\"}}]}<\/script>\n<!-- \/ Yoast SEO plugin. -->","yoast_head_json":{"title":"Los centros de Horta, Monz\u00f3n y Matar\u00f3 se encuentran en las Jornadas de Acompa\u00f1amiento Profesional de la Federaci\u00f3n de Antiguos Alumnos y Alumnas \u201cMare de D\u00e9u de la Merc\u00e8\u201d - Familia Salesiana","robots":{"index":"index","follow":"follow","max-snippet":"max-snippet:-1","max-image-preview":"max-image-preview:large","max-video-preview":"max-video-preview:-1"},"canonical":"https:\/\/www.salesianos.edu\/familiasalesiana\/los-centros-de-horta-monzon-y-mataro-se-encuentran-en-las-jornadas-de-acompanamiento-profesional-de-la-federacion-de-antiguos-alumnos-y-alumnas-mare-de-deu-de-la-merce-2\/","og_locale":"es_ES","og_type":"article","og_title":"Los centros de Horta, Monz\u00f3n y Matar\u00f3 se encuentran en las Jornadas de Acompa\u00f1amiento Profesional de la Federaci\u00f3n de Antiguos Alumnos y Alumnas \u201cMare de D\u00e9u de la Merc\u00e8\u201d - Familia Salesiana","og_description":"Un total de 18 profesionales han comentado en directo sus motivaciones en la elecci\u00f3n de carrera, su experiencia profesional, el camino seguido, ofreci\u00e9ndoles tambi\u00e9n unas orientaciones a la hora de escoger carrera, al acabar el bachillerato.","og_url":"https:\/\/www.salesianos.edu\/familiasalesiana\/los-centros-de-horta-monzon-y-mataro-se-encuentran-en-las-jornadas-de-acompanamiento-profesional-de-la-federacion-de-antiguos-alumnos-y-alumnas-mare-de-deu-de-la-merce-2\/","og_site_name":"Familia Salesiana","article_published_time":"2021-04-25T08:14:43+00:00","article_modified_time":"2021-04-26T07:47:09+00:00","og_image":[{"width":1267,"height":711,"url":"https:\/\/www.salesianos.edu\/familiasalesiana\/wp-content\/uploads\/sites\/5\/2021\/04\/JornadasFPANtiguosAlumnos.jpg","type":"image\/jpeg"}],"author":"joseluisgarciamoscoso","twitter_card":"summary_large_image","twitter_misc":{"Escrito por":"joseluisgarciamoscoso","Tiempo de lectura":"3 minutos"},"schema":{"@context":"https:\/\/schema.org","@graph":[{"@type":"Article","@id":"https:\/\/www.salesianos.edu\/familiasalesiana\/los-centros-de-horta-monzon-y-mataro-se-encuentran-en-las-jornadas-de-acompanamiento-profesional-de-la-federacion-de-antiguos-alumnos-y-alumnas-mare-de-deu-de-la-merce-2\/#article","isPartOf":{"@id":"https:\/\/www.salesianos.edu\/familiasalesiana\/los-centros-de-horta-monzon-y-mataro-se-encuentran-en-las-jornadas-de-acompanamiento-profesional-de-la-federacion-de-antiguos-alumnos-y-alumnas-mare-de-deu-de-la-merce-2\/"},"author":{"name":"joseluisgarciamoscoso","@id":"http:\/\/www.salesianos.edu\/familiasalesiana\/#\/schema\/person\/a1d72ee5373cce7347fb2993ba9f47d6"},"headline":"Los centros de Horta, Monz\u00f3n y Matar\u00f3 se encuentran en las Jornadas de Acompa\u00f1amiento Profesional de la Federaci\u00f3n de Antiguos Alumnos y Alumnas \u201cMare de D\u00e9u de la Merc\u00e8\u201d","datePublished":"2021-04-25T08:14:43+00:00","dateModified":"2021-04-26T07:47:09+00:00","mainEntityOfPage":{"@id":"https:\/\/www.salesianos.edu\/familiasalesiana\/los-centros-de-horta-monzon-y-mataro-se-encuentran-en-las-jornadas-de-acompanamiento-profesional-de-la-federacion-de-antiguos-alumnos-y-alumnas-mare-de-deu-de-la-merce-2\/"},"wordCount":670,"commentCount":0,"image":{"@id":"https:\/\/www.salesianos.edu\/familiasalesiana\/los-centros-de-horta-monzon-y-mataro-se-encuentran-en-las-jornadas-de-acompanamiento-profesional-de-la-federacion-de-antiguos-alumnos-y-alumnas-mare-de-deu-de-la-merce-2\/#primaryimage"},"thumbnailUrl":"https:\/\/www.salesianos.edu\/familiasalesiana\/wp-content\/uploads\/sites\/5\/2021\/04\/JornadasFPANtiguosAlumnos.jpg","articleSection":["Antiguos Alumnos","Curso20-21","Escuelas","portada"],"inLanguage":"es","potentialAction":[{"@type":"CommentAction","name":"Comment","target":["https:\/\/www.salesianos.edu\/familiasalesiana\/los-centros-de-horta-monzon-y-mataro-se-encuentran-en-las-jornadas-de-acompanamiento-profesional-de-la-federacion-de-antiguos-alumnos-y-alumnas-mare-de-deu-de-la-merce-2\/#respond"]}]},{"@type":"WebPage","@id":"https:\/\/www.salesianos.edu\/familiasalesiana\/los-centros-de-horta-monzon-y-mataro-se-encuentran-en-las-jornadas-de-acompanamiento-profesional-de-la-federacion-de-antiguos-alumnos-y-alumnas-mare-de-deu-de-la-merce-2\/","url":"https:\/\/www.salesianos.edu\/familiasalesiana\/los-centros-de-horta-monzon-y-mataro-se-encuentran-en-las-jornadas-de-acompanamiento-profesional-de-la-federacion-de-antiguos-alumnos-y-alumnas-mare-de-deu-de-la-merce-2\/","name":"Los centros de Horta, Monz\u00f3n y Matar\u00f3 se encuentran en las Jornadas de Acompa\u00f1amiento Profesional de la Federaci\u00f3n de Antiguos Alumnos y Alumnas \u201cMare de D\u00e9u de la Merc\u00e8\u201d - Familia Salesiana","isPartOf":{"@id":"http:\/\/www.salesianos.edu\/familiasalesiana\/#website"},"primaryImageOfPage":{"@id":"https:\/\/www.salesianos.edu\/familiasalesiana\/los-centros-de-horta-monzon-y-mataro-se-encuentran-en-las-jornadas-de-acompanamiento-profesional-de-la-federacion-de-antiguos-alumnos-y-alumnas-mare-de-deu-de-la-merce-2\/#primaryimage"},"image":{"@id":"https:\/\/www.salesianos.edu\/familiasalesiana\/los-centros-de-horta-monzon-y-mataro-se-encuentran-en-las-jornadas-de-acompanamiento-profesional-de-la-federacion-de-antiguos-alumnos-y-alumnas-mare-de-deu-de-la-merce-2\/#primaryimage"},"thumbnailUrl":"https:\/\/www.salesianos.edu\/familiasalesiana\/wp-content\/uploads\/sites\/5\/2021\/04\/JornadasFPANtiguosAlumnos.jpg","datePublished":"2021-04-25T08:14:43+00:00","dateModified":"2021-04-26T07:47:09+00:00","author":{"@id":"http:\/\/www.salesianos.edu\/familiasalesiana\/#\/schema\/person\/a1d72ee5373cce7347fb2993ba9f47d6"},"breadcrumb":{"@id":"https:\/\/www.salesianos.edu\/familiasalesiana\/los-centros-de-horta-monzon-y-mataro-se-encuentran-en-las-jornadas-de-acompanamiento-profesional-de-la-federacion-de-antiguos-alumnos-y-alumnas-mare-de-deu-de-la-merce-2\/#breadcrumb"},"inLanguage":"es","potentialAction":[{"@type":"ReadAction","target":["https:\/\/www.salesianos.edu\/familiasalesiana\/los-centros-de-horta-monzon-y-mataro-se-encuentran-en-las-jornadas-de-acompanamiento-profesional-de-la-federacion-de-antiguos-alumnos-y-alumnas-mare-de-deu-de-la-merce-2\/"]}]},{"@type":"ImageObject","inLanguage":"es","@id":"https:\/\/www.salesianos.edu\/familiasalesiana\/los-centros-de-horta-monzon-y-mataro-se-encuentran-en-las-jornadas-de-acompanamiento-profesional-de-la-federacion-de-antiguos-alumnos-y-alumnas-mare-de-deu-de-la-merce-2\/#primaryimage","url":"https:\/\/www.salesianos.edu\/familiasalesiana\/wp-content\/uploads\/sites\/5\/2021\/04\/JornadasFPANtiguosAlumnos.jpg","contentUrl":"https:\/\/www.salesianos.edu\/familiasalesiana\/wp-content\/uploads\/sites\/5\/2021\/04\/JornadasFPANtiguosAlumnos.jpg","width":1267,"height":711},{"@type":"BreadcrumbList","@id":"https:\/\/www.salesianos.edu\/familiasalesiana\/los-centros-de-horta-monzon-y-mataro-se-encuentran-en-las-jornadas-de-acompanamiento-profesional-de-la-federacion-de-antiguos-alumnos-y-alumnas-mare-de-deu-de-la-merce-2\/#breadcrumb","itemListElement":[{"@type":"ListItem","position":1,"name":"Portada","item":"http:\/\/www.salesianos.edu\/familiasalesiana\/"},{"@type":"ListItem","position":2,"name":"Los centros de Horta, Monz\u00f3n y Matar\u00f3 se encuentran en las Jornadas de Acompa\u00f1amiento Profesional de la Federaci\u00f3n de Antiguos Alumnos y Alumnas \u201cMare de D\u00e9u de la Merc\u00e8\u201d"}]},{"@type":"WebSite","@id":"http:\/\/www.salesianos.edu\/familiasalesiana\/#website","url":"http:\/\/www.salesianos.edu\/familiasalesiana\/","name":"Familia Salesiana","description":"P\u00e1gina oficial de Inspector\u00eda Salesiana Mar\u00eda Auxiliadora","potentialAction":[{"@type":"SearchAction","target":{"@type":"EntryPoint","urlTemplate":"http:\/\/www.salesianos.edu\/familiasalesiana\/?s={search_term_string}"},"query-input":{"@type":"PropertyValueSpecification","valueRequired":true,"valueName":"search_term_string"}}],"inLanguage":"es"},{"@type":"Person","@id":"http:\/\/www.salesianos.edu\/familiasalesiana\/#\/schema\/person\/a1d72ee5373cce7347fb2993ba9f47d6","name":"joseluisgarciamoscoso","image":{"@type":"ImageObject","inLanguage":"es","@id":"https:\/\/secure.gravatar.com\/avatar\/3fda3a0b2db3bc9a39871e47cbd526b42d6c3b74755b7ae1400a87b2913fea6a?s=96&d=mm&r=g","url":"https:\/\/secure.gravatar.com\/avatar\/3fda3a0b2db3bc9a39871e47cbd526b42d6c3b74755b7ae1400a87b2913fea6a?s=96&d=mm&r=g","contentUrl":"https:\/\/secure.gravatar.com\/avatar\/3fda3a0b2db3bc9a39871e47cbd526b42d6c3b74755b7ae1400a87b2913fea6a?s=96&d=mm&r=g","caption":"joseluisgarciamoscoso"}}]}},"_links":{"self":[{"href":"https:\/\/www.salesianos.edu\/familiasalesiana\/wp-json\/wp\/v2\/posts\/9596","targetHints":{"allow":["GET"]}}],"collection":[{"href":"https:\/\/www.salesianos.edu\/familiasalesiana\/wp-json\/wp\/v2\/posts"}],"about":[{"href":"https:\/\/www.salesianos.edu\/familiasalesiana\/wp-json\/wp\/v2\/types\/post"}],"author":[{"embeddable":true,"href":"https:\/\/www.salesianos.edu\/familiasalesiana\/wp-json\/wp\/v2\/users\/12"}],"replies":[{"embeddable":true,"href":"https:\/\/www.salesianos.edu\/familiasalesiana\/wp-json\/wp\/v2\/comments?post=9596"}],"version-history":[{"count":1,"href":"https:\/\/www.salesianos.edu\/familiasalesiana\/wp-json\/wp\/v2\/posts\/9596\/revisions"}],"predecessor-version":[{"id":9599,"href":"https:\/\/www.salesianos.edu\/familiasalesiana\/wp-json\/wp\/v2\/posts\/9596\/revisions\/9599"}],"wp:featuredmedia":[{"embeddable":true,"href":"https:\/\/www.salesianos.edu\/familiasalesiana\/wp-json\/wp\/v2\/media\/9595"}],"wp:attachment":[{"href":"https:\/\/www.salesianos.edu\/familiasalesiana\/wp-json\/wp\/v2\/media?parent=9596"}],"wp:term":[{"taxonomy":"category","embeddable":true,"href":"https:\/\/www.salesianos.edu\/familiasalesiana\/wp-json\/wp\/v2\/categories?post=9596"},{"taxonomy":"post_tag","embeddable":true,"href":"https:\/\/www.salesianos.edu\/familiasalesiana\/wp-json\/wp\/v2\/tags?post=9596"}],"curies":[{"name":"wp","href":"https:\/\/api.w.org\/{rel}","templated":true}]}}