{"id":9547,"date":"2021-04-20T09:23:47","date_gmt":"2021-04-20T08:23:47","guid":{"rendered":"https:\/\/www.salesianos.edu\/familiasalesiana\/?p=9547"},"modified":"2021-05-13T07:46:26","modified_gmt":"2021-05-13T06:46:26","slug":"lecturas-sobre-maria-d-mazarrello-con-el-consejo-inspectorial-de-la-asociacion-de-maria-auxiliadora","status":"publish","type":"post","link":"https:\/\/www.salesianos.edu\/familiasalesiana\/lecturas-sobre-maria-d-mazarrello-con-el-consejo-inspectorial-de-la-asociacion-de-maria-auxiliadora\/","title":{"rendered":"Lecturas sobre Mar\u00eda D. Mazarrello con el Consejo Inspectorial de la Asociaci\u00f3n de Mar\u00eda Auxiliadora"},"content":{"rendered":"<div id=\"fb-root\"><\/div>\n<p>[et_pb_section fb_built=\u00bb1&#8243; admin_label=\u00bbsection\u00bb _builder_version=\u00bb3.22&#8243;][et_pb_row admin_label=\u00bbrow\u00bb _builder_version=\u00bb4.9.4&#8243; background_size=\u00bbinitial\u00bb background_position=\u00bbtop_left\u00bb background_repeat=\u00bbrepeat\u00bb][et_pb_column type=\u00bb4_4&#8243; _builder_version=\u00bb3.25&#8243; custom_padding=\u00bb|||\u00bb custom_padding__hover=\u00bb|||\u00bb][et_pb_text _builder_version=\u00bb4.7.7&#8243;]<\/p>\n<div>Por ADMA\u00a0 \u00a0\u00a0<b><br \/><\/b><\/div>\n<p>[\/et_pb_text][et_pb_text _builder_version=\u00bb4.9.4&#8243;]<\/p>\n<p>El Consejo Inspectorial de ADMA de la zona de Sevilla desde mediados de abril ha ido preparando, con la ayuda de Salesianas de las diferentes Asociaciones, un proyecto que desde este martes 20 se pone en marcha.<\/p>\n<p>\u00abSubiremos a esta web diariamente un fragmento del libro \u201cUna mujer de ayer y hoy\u201d, escrito por Mar\u00eda Pia Giudici y Mara Borsi. Estas lecturas abarcar\u00e1n parte de la biograf\u00eda de Mar\u00eda D. Mazarrello.<\/p>\n<p>Desde el Consejo Inspectorial de ADMA se espera que todos gocen con las narraciones de estas audio-lecturas.<\/p>\n<p>[\/et_pb_text][et_pb_audio audio=\u00bbhttp:\/\/www.salesianos.edu\/familiasalesiana\/wp-content\/uploads\/sites\/5\/2021\/04\/Audio-20-de-abril-online-audio-converter.com_.mp3&#8243; title=\u00bb20 de abril\u00bb _builder_version=\u00bb4.9.4&#8243; _module_preset=\u00bbdefault\u00bb][\/et_pb_audio][et_pb_audio audio=\u00bbhttp:\/\/www.salesianos.edu\/familiasalesiana\/wp-content\/uploads\/sites\/5\/2021\/04\/21-abril.mp3&#8243; title=\u00bb21 de abril\u00bb disabled_on=\u00bboff|off|off\u00bb _builder_version=\u00bb4.9.4&#8243; _module_preset=\u00bbdefault\u00bb][\/et_pb_audio][et_pb_audio audio=\u00bbhttp:\/\/www.salesianos.edu\/familiasalesiana\/wp-content\/uploads\/sites\/5\/2021\/04\/22-de-abril.mp3&#8243; title=\u00bb22 de abril\u00bb disabled_on=\u00bboff|off|off\u00bb _builder_version=\u00bb4.9.4&#8243; _module_preset=\u00bbdefault\u00bb][\/et_pb_audio][et_pb_audio audio=\u00bbhttp:\/\/www.salesianos.edu\/familiasalesiana\/wp-content\/uploads\/sites\/5\/2021\/04\/23-abril.mp3&#8243; title=\u00bb23 de abril\u00bb artist_name=\u00bbSor Pilar &#8211; Casa Tenerife Salesianas\u00bb disabled_on=\u00bboff|off|off\u00bb _builder_version=\u00bb4.9.4&#8243; _module_preset=\u00bbdefault\u00bb][\/et_pb_audio][et_pb_audio audio=\u00bbhttp:\/\/www.salesianos.edu\/familiasalesiana\/wp-content\/uploads\/sites\/5\/2021\/04\/24.mp3&#8243; title=\u00bb24 de abril\u00bb artist_name=\u00bbSor Marisa, de la casa de \u00c9cija\u00bb disabled_on=\u00bboff|off|off\u00bb _builder_version=\u00bb4.9.4&#8243; _module_preset=\u00bbdefault\u00bb][\/et_pb_audio][et_pb_audio audio=\u00bbhttp:\/\/www.salesianos.edu\/familiasalesiana\/wp-content\/uploads\/sites\/5\/2021\/04\/25.mp3&#8243; title=\u00bb25 de abril\u00bb artist_name=\u00bbSor Reme, de la casa de C\u00e1diz\u00bb disabled_on=\u00bboff|off|off\u00bb _builder_version=\u00bb4.9.4&#8243; _module_preset=\u00bbdefault\u00bb][\/et_pb_audio][et_pb_audio audio=\u00bbhttp:\/\/www.salesianos.edu\/familiasalesiana\/wp-content\/uploads\/sites\/5\/2021\/04\/26.mp3&#8243; title=\u00bb26 de abril\u00bb artist_name=\u00bbSor Asun, de Guanarteme y \u00c1rbol Bonito\u00bb disabled_on=\u00bboff|off|off\u00bb _builder_version=\u00bb4.9.4&#8243; _module_preset=\u00bbdefault\u00bb][\/et_pb_audio][et_pb_audio audio=\u00bbhttp:\/\/www.salesianos.edu\/familiasalesiana\/wp-content\/uploads\/sites\/5\/2021\/04\/27.mp3&#8243; title=\u00bb27 de abril\u00bb artist_name=\u00bbSor Matilde, de la casa de Valverde y ADMA Cala\u00f1as\u00bb disabled_on=\u00bboff|off|off\u00bb _builder_version=\u00bb4.9.4&#8243; _module_preset=\u00bbdefault\u00bb][\/et_pb_audio][et_pb_audio audio=\u00bbhttp:\/\/www.salesianos.edu\/familiasalesiana\/wp-content\/uploads\/sites\/5\/2021\/04\/28-online-audio-converter.com_.mp3&#8243; title=\u00bb28 de abril\u00bb artist_name=\u00bbADMA Nervi\u00f3n\u00bb disabled_on=\u00bboff|off|off\u00bb _builder_version=\u00bb4.9.4&#8243; _module_preset=\u00bbdefault\u00bb][\/et_pb_audio][et_pb_audio audio=\u00bbhttp:\/\/www.salesianos.edu\/familiasalesiana\/wp-content\/uploads\/sites\/5\/2021\/04\/29.mp3&#8243; title=\u00bb29 de abril\u00bb artist_name=\u00bbSor Mercedes, de Las Palmas, Tom\u00e1s Morales\u00bb disabled_on=\u00bboff|off|off\u00bb _builder_version=\u00bb4.9.4&#8243; _module_preset=\u00bbdefault\u00bb][\/et_pb_audio][et_pb_audio audio=\u00bbhttp:\/\/www.salesianos.edu\/familiasalesiana\/wp-content\/uploads\/sites\/5\/2021\/04\/30.mp3&#8243; title=\u00bb30 de abril\u00bb artist_name=\u00bbMar\u00eda Marvizon, presidenta Antiguas Alumnas Salesianas\u00bb disabled_on=\u00bboff|off|off\u00bb _builder_version=\u00bb4.9.4&#8243; _module_preset=\u00bbdefault\u00bb][\/et_pb_audio][et_pb_audio audio=\u00bbhttp:\/\/www.salesianos.edu\/familiasalesiana\/wp-content\/uploads\/sites\/5\/2021\/04\/1.mp3&#8243; title=\u00bb1 de mayo\u00bb artist_name=\u00bbRoc\u00edo del Nido, Salesiana Cooperadora de la casa de San Vicente de Sevilla\u00bb disabled_on=\u00bboff|off|off\u00bb _builder_version=\u00bb4.9.4&#8243; _module_preset=\u00bbdefault\u00bb][\/et_pb_audio][et_pb_audio audio=\u00bbhttp:\/\/www.salesianos.edu\/familiasalesiana\/wp-content\/uploads\/sites\/5\/2021\/04\/2.mp3&#8243; title=\u00bb2 de mayo\u00bb artist_name=\u00bbADMA Jerez Monte Alto\u00bb disabled_on=\u00bboff|off|off\u00bb _builder_version=\u00bb4.9.4&#8243; _module_preset=\u00bbdefault\u00bb][\/et_pb_audio][et_pb_audio audio=\u00bbhttp:\/\/www.salesianos.edu\/familiasalesiana\/wp-content\/uploads\/sites\/5\/2021\/04\/3.mp3&#8243; title=\u00bb3 de mayo\u00bb artist_name=\u00bbADMA C\u00e1diz FMA\u00bb disabled_on=\u00bboff|off|off\u00bb _builder_version=\u00bb4.9.4&#8243; _module_preset=\u00bbdefault\u00bb][\/et_pb_audio][et_pb_audio audio=\u00bbhttp:\/\/www.salesianos.edu\/familiasalesiana\/wp-content\/uploads\/sites\/5\/2021\/04\/4.mp3&#8243; title=\u00bb4 de mayo\u00bb artist_name=\u00bbsor Luisa Lagares, de la casa Sor Eusebia de Sevilla, delegada de SSCC.\u00bb disabled_on=\u00bboff|off|off\u00bb _builder_version=\u00bb4.9.4&#8243; _module_preset=\u00bbdefault\u00bb][\/et_pb_audio][et_pb_audio audio=\u00bbhttp:\/\/www.salesianos.edu\/familiasalesiana\/wp-content\/uploads\/sites\/5\/2021\/04\/5.mp3&#8243; title=\u00bb5 de mayo\u00bb artist_name=\u00bbsor Virginia, de la casa de C\u00e1diz\u00bb disabled_on=\u00bboff|off|off\u00bb _builder_version=\u00bb4.9.4&#8243; _module_preset=\u00bbdefault\u00bb][\/et_pb_audio][et_pb_audio audio=\u00bbhttp:\/\/www.salesianos.edu\/familiasalesiana\/wp-content\/uploads\/sites\/5\/2021\/04\/6-online-audio-converter.com_.mp3&#8243; title=\u00bb6 de mayo\u00bb artist_name=\u00bbADMA Bollullos del Condado\u00bb disabled_on=\u00bboff|off|off\u00bb _builder_version=\u00bb4.9.4&#8243; _module_preset=\u00bbdefault\u00bb][\/et_pb_audio][et_pb_audio audio=\u00bbhttp:\/\/www.salesianos.edu\/familiasalesiana\/wp-content\/uploads\/sites\/5\/2021\/04\/7-online-audio-converter.com_.mp3&#8243; title=\u00bb7 de mayo\u00bb artist_name=\u00bbADMA M\u00e9rida-Colegio\u00bb disabled_on=\u00bboff|off|off\u00bb _builder_version=\u00bb4.9.4&#8243; _module_preset=\u00bbdefault\u00bb][\/et_pb_audio][et_pb_audio audio=\u00bbhttp:\/\/www.salesianos.edu\/familiasalesiana\/wp-content\/uploads\/sites\/5\/2021\/04\/8-online-audio-converter.com_.mp3&#8243; title=\u00bb8 de mayo\u00bb artist_name=\u00bbADMA C\u00e1diz, FMA\u00bb disabled_on=\u00bboff|off|off\u00bb _builder_version=\u00bb4.9.4&#8243; _module_preset=\u00bbdefault\u00bb][\/et_pb_audio][et_pb_audio audio=\u00bbhttp:\/\/www.salesianos.edu\/familiasalesiana\/wp-content\/uploads\/sites\/5\/2021\/04\/9-online-audio-converter.com_.mp3&#8243; title=\u00bb9 de mayo\u00bb artist_name=\u00bbDon Juan Manuel Melgar, sdb. Delegado Inspectorial de ADMA\u00bb disabled_on=\u00bboff|off|off\u00bb _builder_version=\u00bb4.9.4&#8243; _module_preset=\u00bbdefault\u00bb][\/et_pb_audio][et_pb_audio audio=\u00bbhttp:\/\/www.salesianos.edu\/familiasalesiana\/wp-content\/uploads\/sites\/5\/2021\/04\/10-online-audio-converter.com_.mp3&#8243; title=\u00bb10 de mayo\u00bb artist_name=\u00bbsor Milagros de la casa de Marbella\u00bb disabled_on=\u00bboff|off|off\u00bb _builder_version=\u00bb4.9.4&#8243; _module_preset=\u00bbdefault\u00bb][\/et_pb_audio][et_pb_audio audio=\u00bbhttp:\/\/www.salesianos.edu\/familiasalesiana\/wp-content\/uploads\/sites\/5\/2021\/04\/11-online-audio-converter.com-1.mp3&#8243; title=\u00bb11 de mayo\u00bb artist_name=\u00bbsor Ana de la casa de Marbella\u00bb disabled_on=\u00bboff|off|off\u00bb _builder_version=\u00bb4.9.4&#8243; _module_preset=\u00bbdefault\u00bb][\/et_pb_audio][et_pb_audio audio=\u00bbhttp:\/\/www.salesianos.edu\/familiasalesiana\/wp-content\/uploads\/sites\/5\/2021\/04\/12-online-audio-converter.com_.mp3&#8243; title=\u00bb12 de mayo\u00bb artist_name=\u00bbdon Luis Fernando \u00c1lvarez, sdb. Delegado Inspectorial Familia Salesiana\u00bb disabled_on=\u00bboff|off|off\u00bb _builder_version=\u00bb4.9.4&#8243; _module_preset=\u00bbdefault\u00bb][\/et_pb_audio][et_pb_audio audio=\u00bbhttp:\/\/www.salesianos.edu\/familiasalesiana\/wp-content\/uploads\/sites\/5\/2021\/04\/13-online-audio-converter.com_.mp3&#8243; title=\u00bb13 de mayo\u00bb artist_name=\u00bbsor Isabel P\u00e9rez, fma. Vicaria\u00bb disabled_on=\u00bboff|off|off\u00bb _builder_version=\u00bb4.9.4&#8243; _module_preset=\u00bbdefault\u00bb][\/et_pb_audio][\/et_pb_column][\/et_pb_row][\/et_pb_section]<\/p>\n","protected":false},"excerpt":{"rendered":"<p>El Consejo Inspectorial de ADMA compartir\u00e1 diariamente un fragmento sobre Mar\u00eda D. Mazarrello.<\/p>\n","protected":false},"author":7,"featured_media":9550,"comment_status":"open","ping_status":"open","sticky":false,"template":"","format":"standard","meta":{"_et_pb_use_builder":"on","_et_pb_old_content":"","_et_gb_content_width":"","footnotes":""},"categories":[53,46,15],"tags":[],"class_list":["post-9547","post","type-post","status-publish","format-standard","has-post-thumbnail","hentry","category-adma","category-curso20-21","category-portada"],"yoast_head":"<!-- This site is optimized with the Yoast SEO plugin v27.5 - https:\/\/yoast.com\/product\/yoast-seo-wordpress\/ -->\n<title>Lecturas sobre Mar\u00eda D. Mazarrello con el Consejo Inspectorial de la Asociaci\u00f3n de Mar\u00eda Auxiliadora - Familia Salesiana<\/title>\n<meta name=\"robots\" content=\"index, follow, max-snippet:-1, max-image-preview:large, max-video-preview:-1\" \/>\n<link rel=\"canonical\" href=\"https:\/\/www.salesianos.edu\/familiasalesiana\/lecturas-sobre-maria-d-mazarrello-con-el-consejo-inspectorial-de-la-asociacion-de-maria-auxiliadora\/\" \/>\n<meta property=\"og:locale\" content=\"es_ES\" \/>\n<meta property=\"og:type\" content=\"article\" \/>\n<meta property=\"og:title\" content=\"Lecturas sobre Mar\u00eda D. Mazarrello con el Consejo Inspectorial de la Asociaci\u00f3n de Mar\u00eda Auxiliadora - Familia Salesiana\" \/>\n<meta property=\"og:description\" content=\"El Consejo Inspectorial de ADMA compartir\u00e1 diariamente un fragmento sobre Mar\u00eda D. Mazarrello.\" \/>\n<meta property=\"og:url\" content=\"https:\/\/www.salesianos.edu\/familiasalesiana\/lecturas-sobre-maria-d-mazarrello-con-el-consejo-inspectorial-de-la-asociacion-de-maria-auxiliadora\/\" \/>\n<meta property=\"og:site_name\" content=\"Familia Salesiana\" \/>\n<meta property=\"article:published_time\" content=\"2021-04-20T08:23:47+00:00\" \/>\n<meta property=\"article:modified_time\" content=\"2021-05-13T06:46:26+00:00\" \/>\n<meta property=\"og:image\" content=\"https:\/\/www.salesianos.edu\/familiasalesiana\/wp-content\/uploads\/sites\/5\/2021\/04\/03_Main.jpeg\" \/>\n\t<meta property=\"og:image:width\" content=\"1280\" \/>\n\t<meta property=\"og:image:height\" content=\"800\" \/>\n\t<meta property=\"og:image:type\" content=\"image\/jpeg\" \/>\n<meta name=\"author\" content=\"carlosmartin\" \/>\n<meta name=\"twitter:card\" content=\"summary_large_image\" \/>\n<meta name=\"twitter:label1\" content=\"Escrito por\" \/>\n\t<meta name=\"twitter:data1\" content=\"carlosmartin\" \/>\n\t<meta name=\"twitter:label2\" content=\"Tiempo de lectura\" \/>\n\t<meta name=\"twitter:data2\" content=\"5 minutos\" \/>\n<script type=\"application\/ld+json\" class=\"yoast-schema-graph\">{\"@context\":\"https:\\\/\\\/schema.org\",\"@graph\":[{\"@type\":\"Article\",\"@id\":\"https:\\\/\\\/www.salesianos.edu\\\/familiasalesiana\\\/lecturas-sobre-maria-d-mazarrello-con-el-consejo-inspectorial-de-la-asociacion-de-maria-auxiliadora\\\/#article\",\"isPartOf\":{\"@id\":\"https:\\\/\\\/www.salesianos.edu\\\/familiasalesiana\\\/lecturas-sobre-maria-d-mazarrello-con-el-consejo-inspectorial-de-la-asociacion-de-maria-auxiliadora\\\/\"},\"author\":{\"name\":\"carlosmartin\",\"@id\":\"http:\\\/\\\/www.salesianos.edu\\\/familiasalesiana\\\/#\\\/schema\\\/person\\\/587f0aaa0bc79792a743343715597b2e\"},\"headline\":\"Lecturas sobre Mar\u00eda D. Mazarrello con el Consejo Inspectorial de la Asociaci\u00f3n de Mar\u00eda Auxiliadora\",\"datePublished\":\"2021-04-20T08:23:47+00:00\",\"dateModified\":\"2021-05-13T06:46:26+00:00\",\"mainEntityOfPage\":{\"@id\":\"https:\\\/\\\/www.salesianos.edu\\\/familiasalesiana\\\/lecturas-sobre-maria-d-mazarrello-con-el-consejo-inspectorial-de-la-asociacion-de-maria-auxiliadora\\\/\"},\"wordCount\":1081,\"commentCount\":18,\"image\":{\"@id\":\"https:\\\/\\\/www.salesianos.edu\\\/familiasalesiana\\\/lecturas-sobre-maria-d-mazarrello-con-el-consejo-inspectorial-de-la-asociacion-de-maria-auxiliadora\\\/#primaryimage\"},\"thumbnailUrl\":\"https:\\\/\\\/www.salesianos.edu\\\/familiasalesiana\\\/wp-content\\\/uploads\\\/sites\\\/5\\\/2021\\\/04\\\/03_Main.jpeg\",\"articleSection\":[\"ADMA\",\"Curso20-21\",\"portada\"],\"inLanguage\":\"es\",\"potentialAction\":[{\"@type\":\"CommentAction\",\"name\":\"Comment\",\"target\":[\"https:\\\/\\\/www.salesianos.edu\\\/familiasalesiana\\\/lecturas-sobre-maria-d-mazarrello-con-el-consejo-inspectorial-de-la-asociacion-de-maria-auxiliadora\\\/#respond\"]}]},{\"@type\":\"WebPage\",\"@id\":\"https:\\\/\\\/www.salesianos.edu\\\/familiasalesiana\\\/lecturas-sobre-maria-d-mazarrello-con-el-consejo-inspectorial-de-la-asociacion-de-maria-auxiliadora\\\/\",\"url\":\"https:\\\/\\\/www.salesianos.edu\\\/familiasalesiana\\\/lecturas-sobre-maria-d-mazarrello-con-el-consejo-inspectorial-de-la-asociacion-de-maria-auxiliadora\\\/\",\"name\":\"Lecturas sobre Mar\u00eda D. Mazarrello con el Consejo Inspectorial de la Asociaci\u00f3n de Mar\u00eda Auxiliadora - Familia Salesiana\",\"isPartOf\":{\"@id\":\"http:\\\/\\\/www.salesianos.edu\\\/familiasalesiana\\\/#website\"},\"primaryImageOfPage\":{\"@id\":\"https:\\\/\\\/www.salesianos.edu\\\/familiasalesiana\\\/lecturas-sobre-maria-d-mazarrello-con-el-consejo-inspectorial-de-la-asociacion-de-maria-auxiliadora\\\/#primaryimage\"},\"image\":{\"@id\":\"https:\\\/\\\/www.salesianos.edu\\\/familiasalesiana\\\/lecturas-sobre-maria-d-mazarrello-con-el-consejo-inspectorial-de-la-asociacion-de-maria-auxiliadora\\\/#primaryimage\"},\"thumbnailUrl\":\"https:\\\/\\\/www.salesianos.edu\\\/familiasalesiana\\\/wp-content\\\/uploads\\\/sites\\\/5\\\/2021\\\/04\\\/03_Main.jpeg\",\"datePublished\":\"2021-04-20T08:23:47+00:00\",\"dateModified\":\"2021-05-13T06:46:26+00:00\",\"author\":{\"@id\":\"http:\\\/\\\/www.salesianos.edu\\\/familiasalesiana\\\/#\\\/schema\\\/person\\\/587f0aaa0bc79792a743343715597b2e\"},\"breadcrumb\":{\"@id\":\"https:\\\/\\\/www.salesianos.edu\\\/familiasalesiana\\\/lecturas-sobre-maria-d-mazarrello-con-el-consejo-inspectorial-de-la-asociacion-de-maria-auxiliadora\\\/#breadcrumb\"},\"inLanguage\":\"es\",\"potentialAction\":[{\"@type\":\"ReadAction\",\"target\":[\"https:\\\/\\\/www.salesianos.edu\\\/familiasalesiana\\\/lecturas-sobre-maria-d-mazarrello-con-el-consejo-inspectorial-de-la-asociacion-de-maria-auxiliadora\\\/\"]}]},{\"@type\":\"ImageObject\",\"inLanguage\":\"es\",\"@id\":\"https:\\\/\\\/www.salesianos.edu\\\/familiasalesiana\\\/lecturas-sobre-maria-d-mazarrello-con-el-consejo-inspectorial-de-la-asociacion-de-maria-auxiliadora\\\/#primaryimage\",\"url\":\"https:\\\/\\\/www.salesianos.edu\\\/familiasalesiana\\\/wp-content\\\/uploads\\\/sites\\\/5\\\/2021\\\/04\\\/03_Main.jpeg\",\"contentUrl\":\"https:\\\/\\\/www.salesianos.edu\\\/familiasalesiana\\\/wp-content\\\/uploads\\\/sites\\\/5\\\/2021\\\/04\\\/03_Main.jpeg\",\"width\":1280,\"height\":800},{\"@type\":\"BreadcrumbList\",\"@id\":\"https:\\\/\\\/www.salesianos.edu\\\/familiasalesiana\\\/lecturas-sobre-maria-d-mazarrello-con-el-consejo-inspectorial-de-la-asociacion-de-maria-auxiliadora\\\/#breadcrumb\",\"itemListElement\":[{\"@type\":\"ListItem\",\"position\":1,\"name\":\"Portada\",\"item\":\"http:\\\/\\\/www.salesianos.edu\\\/familiasalesiana\\\/\"},{\"@type\":\"ListItem\",\"position\":2,\"name\":\"Lecturas sobre Mar\u00eda D. Mazarrello con el Consejo Inspectorial de la Asociaci\u00f3n de Mar\u00eda Auxiliadora\"}]},{\"@type\":\"WebSite\",\"@id\":\"http:\\\/\\\/www.salesianos.edu\\\/familiasalesiana\\\/#website\",\"url\":\"http:\\\/\\\/www.salesianos.edu\\\/familiasalesiana\\\/\",\"name\":\"Familia Salesiana\",\"description\":\"P\u00e1gina oficial de Inspector\u00eda Salesiana Mar\u00eda Auxiliadora\",\"potentialAction\":[{\"@type\":\"SearchAction\",\"target\":{\"@type\":\"EntryPoint\",\"urlTemplate\":\"http:\\\/\\\/www.salesianos.edu\\\/familiasalesiana\\\/?s={search_term_string}\"},\"query-input\":{\"@type\":\"PropertyValueSpecification\",\"valueRequired\":true,\"valueName\":\"search_term_string\"}}],\"inLanguage\":\"es\"},{\"@type\":\"Person\",\"@id\":\"http:\\\/\\\/www.salesianos.edu\\\/familiasalesiana\\\/#\\\/schema\\\/person\\\/587f0aaa0bc79792a743343715597b2e\",\"name\":\"carlosmartin\",\"image\":{\"@type\":\"ImageObject\",\"inLanguage\":\"es\",\"@id\":\"https:\\\/\\\/secure.gravatar.com\\\/avatar\\\/068204e325b7d19936f9561f323c3c719ed6f2c2a417a8c22c60e194a8bbdb21?s=96&d=mm&r=g\",\"url\":\"https:\\\/\\\/secure.gravatar.com\\\/avatar\\\/068204e325b7d19936f9561f323c3c719ed6f2c2a417a8c22c60e194a8bbdb21?s=96&d=mm&r=g\",\"contentUrl\":\"https:\\\/\\\/secure.gravatar.com\\\/avatar\\\/068204e325b7d19936f9561f323c3c719ed6f2c2a417a8c22c60e194a8bbdb21?s=96&d=mm&r=g\",\"caption\":\"carlosmartin\"}}]}<\/script>\n<!-- \/ Yoast SEO plugin. -->","yoast_head_json":{"title":"Lecturas sobre Mar\u00eda D. Mazarrello con el Consejo Inspectorial de la Asociaci\u00f3n de Mar\u00eda Auxiliadora - Familia Salesiana","robots":{"index":"index","follow":"follow","max-snippet":"max-snippet:-1","max-image-preview":"max-image-preview:large","max-video-preview":"max-video-preview:-1"},"canonical":"https:\/\/www.salesianos.edu\/familiasalesiana\/lecturas-sobre-maria-d-mazarrello-con-el-consejo-inspectorial-de-la-asociacion-de-maria-auxiliadora\/","og_locale":"es_ES","og_type":"article","og_title":"Lecturas sobre Mar\u00eda D. Mazarrello con el Consejo Inspectorial de la Asociaci\u00f3n de Mar\u00eda Auxiliadora - Familia Salesiana","og_description":"El Consejo Inspectorial de ADMA compartir\u00e1 diariamente un fragmento sobre Mar\u00eda D. Mazarrello.","og_url":"https:\/\/www.salesianos.edu\/familiasalesiana\/lecturas-sobre-maria-d-mazarrello-con-el-consejo-inspectorial-de-la-asociacion-de-maria-auxiliadora\/","og_site_name":"Familia Salesiana","article_published_time":"2021-04-20T08:23:47+00:00","article_modified_time":"2021-05-13T06:46:26+00:00","og_image":[{"width":1280,"height":800,"url":"https:\/\/www.salesianos.edu\/familiasalesiana\/wp-content\/uploads\/sites\/5\/2021\/04\/03_Main.jpeg","type":"image\/jpeg"}],"author":"carlosmartin","twitter_card":"summary_large_image","twitter_misc":{"Escrito por":"carlosmartin","Tiempo de lectura":"5 minutos"},"schema":{"@context":"https:\/\/schema.org","@graph":[{"@type":"Article","@id":"https:\/\/www.salesianos.edu\/familiasalesiana\/lecturas-sobre-maria-d-mazarrello-con-el-consejo-inspectorial-de-la-asociacion-de-maria-auxiliadora\/#article","isPartOf":{"@id":"https:\/\/www.salesianos.edu\/familiasalesiana\/lecturas-sobre-maria-d-mazarrello-con-el-consejo-inspectorial-de-la-asociacion-de-maria-auxiliadora\/"},"author":{"name":"carlosmartin","@id":"http:\/\/www.salesianos.edu\/familiasalesiana\/#\/schema\/person\/587f0aaa0bc79792a743343715597b2e"},"headline":"Lecturas sobre Mar\u00eda D. Mazarrello con el Consejo Inspectorial de la Asociaci\u00f3n de Mar\u00eda Auxiliadora","datePublished":"2021-04-20T08:23:47+00:00","dateModified":"2021-05-13T06:46:26+00:00","mainEntityOfPage":{"@id":"https:\/\/www.salesianos.edu\/familiasalesiana\/lecturas-sobre-maria-d-mazarrello-con-el-consejo-inspectorial-de-la-asociacion-de-maria-auxiliadora\/"},"wordCount":1081,"commentCount":18,"image":{"@id":"https:\/\/www.salesianos.edu\/familiasalesiana\/lecturas-sobre-maria-d-mazarrello-con-el-consejo-inspectorial-de-la-asociacion-de-maria-auxiliadora\/#primaryimage"},"thumbnailUrl":"https:\/\/www.salesianos.edu\/familiasalesiana\/wp-content\/uploads\/sites\/5\/2021\/04\/03_Main.jpeg","articleSection":["ADMA","Curso20-21","portada"],"inLanguage":"es","potentialAction":[{"@type":"CommentAction","name":"Comment","target":["https:\/\/www.salesianos.edu\/familiasalesiana\/lecturas-sobre-maria-d-mazarrello-con-el-consejo-inspectorial-de-la-asociacion-de-maria-auxiliadora\/#respond"]}]},{"@type":"WebPage","@id":"https:\/\/www.salesianos.edu\/familiasalesiana\/lecturas-sobre-maria-d-mazarrello-con-el-consejo-inspectorial-de-la-asociacion-de-maria-auxiliadora\/","url":"https:\/\/www.salesianos.edu\/familiasalesiana\/lecturas-sobre-maria-d-mazarrello-con-el-consejo-inspectorial-de-la-asociacion-de-maria-auxiliadora\/","name":"Lecturas sobre Mar\u00eda D. Mazarrello con el Consejo Inspectorial de la Asociaci\u00f3n de Mar\u00eda Auxiliadora - Familia Salesiana","isPartOf":{"@id":"http:\/\/www.salesianos.edu\/familiasalesiana\/#website"},"primaryImageOfPage":{"@id":"https:\/\/www.salesianos.edu\/familiasalesiana\/lecturas-sobre-maria-d-mazarrello-con-el-consejo-inspectorial-de-la-asociacion-de-maria-auxiliadora\/#primaryimage"},"image":{"@id":"https:\/\/www.salesianos.edu\/familiasalesiana\/lecturas-sobre-maria-d-mazarrello-con-el-consejo-inspectorial-de-la-asociacion-de-maria-auxiliadora\/#primaryimage"},"thumbnailUrl":"https:\/\/www.salesianos.edu\/familiasalesiana\/wp-content\/uploads\/sites\/5\/2021\/04\/03_Main.jpeg","datePublished":"2021-04-20T08:23:47+00:00","dateModified":"2021-05-13T06:46:26+00:00","author":{"@id":"http:\/\/www.salesianos.edu\/familiasalesiana\/#\/schema\/person\/587f0aaa0bc79792a743343715597b2e"},"breadcrumb":{"@id":"https:\/\/www.salesianos.edu\/familiasalesiana\/lecturas-sobre-maria-d-mazarrello-con-el-consejo-inspectorial-de-la-asociacion-de-maria-auxiliadora\/#breadcrumb"},"inLanguage":"es","potentialAction":[{"@type":"ReadAction","target":["https:\/\/www.salesianos.edu\/familiasalesiana\/lecturas-sobre-maria-d-mazarrello-con-el-consejo-inspectorial-de-la-asociacion-de-maria-auxiliadora\/"]}]},{"@type":"ImageObject","inLanguage":"es","@id":"https:\/\/www.salesianos.edu\/familiasalesiana\/lecturas-sobre-maria-d-mazarrello-con-el-consejo-inspectorial-de-la-asociacion-de-maria-auxiliadora\/#primaryimage","url":"https:\/\/www.salesianos.edu\/familiasalesiana\/wp-content\/uploads\/sites\/5\/2021\/04\/03_Main.jpeg","contentUrl":"https:\/\/www.salesianos.edu\/familiasalesiana\/wp-content\/uploads\/sites\/5\/2021\/04\/03_Main.jpeg","width":1280,"height":800},{"@type":"BreadcrumbList","@id":"https:\/\/www.salesianos.edu\/familiasalesiana\/lecturas-sobre-maria-d-mazarrello-con-el-consejo-inspectorial-de-la-asociacion-de-maria-auxiliadora\/#breadcrumb","itemListElement":[{"@type":"ListItem","position":1,"name":"Portada","item":"http:\/\/www.salesianos.edu\/familiasalesiana\/"},{"@type":"ListItem","position":2,"name":"Lecturas sobre Mar\u00eda D. Mazarrello con el Consejo Inspectorial de la Asociaci\u00f3n de Mar\u00eda Auxiliadora"}]},{"@type":"WebSite","@id":"http:\/\/www.salesianos.edu\/familiasalesiana\/#website","url":"http:\/\/www.salesianos.edu\/familiasalesiana\/","name":"Familia Salesiana","description":"P\u00e1gina oficial de Inspector\u00eda Salesiana Mar\u00eda Auxiliadora","potentialAction":[{"@type":"SearchAction","target":{"@type":"EntryPoint","urlTemplate":"http:\/\/www.salesianos.edu\/familiasalesiana\/?s={search_term_string}"},"query-input":{"@type":"PropertyValueSpecification","valueRequired":true,"valueName":"search_term_string"}}],"inLanguage":"es"},{"@type":"Person","@id":"http:\/\/www.salesianos.edu\/familiasalesiana\/#\/schema\/person\/587f0aaa0bc79792a743343715597b2e","name":"carlosmartin","image":{"@type":"ImageObject","inLanguage":"es","@id":"https:\/\/secure.gravatar.com\/avatar\/068204e325b7d19936f9561f323c3c719ed6f2c2a417a8c22c60e194a8bbdb21?s=96&d=mm&r=g","url":"https:\/\/secure.gravatar.com\/avatar\/068204e325b7d19936f9561f323c3c719ed6f2c2a417a8c22c60e194a8bbdb21?s=96&d=mm&r=g","contentUrl":"https:\/\/secure.gravatar.com\/avatar\/068204e325b7d19936f9561f323c3c719ed6f2c2a417a8c22c60e194a8bbdb21?s=96&d=mm&r=g","caption":"carlosmartin"}}]}},"_links":{"self":[{"href":"https:\/\/www.salesianos.edu\/familiasalesiana\/wp-json\/wp\/v2\/posts\/9547","targetHints":{"allow":["GET"]}}],"collection":[{"href":"https:\/\/www.salesianos.edu\/familiasalesiana\/wp-json\/wp\/v2\/posts"}],"about":[{"href":"https:\/\/www.salesianos.edu\/familiasalesiana\/wp-json\/wp\/v2\/types\/post"}],"author":[{"embeddable":true,"href":"https:\/\/www.salesianos.edu\/familiasalesiana\/wp-json\/wp\/v2\/users\/7"}],"replies":[{"embeddable":true,"href":"https:\/\/www.salesianos.edu\/familiasalesiana\/wp-json\/wp\/v2\/comments?post=9547"}],"version-history":[{"count":39,"href":"https:\/\/www.salesianos.edu\/familiasalesiana\/wp-json\/wp\/v2\/posts\/9547\/revisions"}],"predecessor-version":[{"id":9655,"href":"https:\/\/www.salesianos.edu\/familiasalesiana\/wp-json\/wp\/v2\/posts\/9547\/revisions\/9655"}],"wp:featuredmedia":[{"embeddable":true,"href":"https:\/\/www.salesianos.edu\/familiasalesiana\/wp-json\/wp\/v2\/media\/9550"}],"wp:attachment":[{"href":"https:\/\/www.salesianos.edu\/familiasalesiana\/wp-json\/wp\/v2\/media?parent=9547"}],"wp:term":[{"taxonomy":"category","embeddable":true,"href":"https:\/\/www.salesianos.edu\/familiasalesiana\/wp-json\/wp\/v2\/categories?post=9547"},{"taxonomy":"post_tag","embeddable":true,"href":"https:\/\/www.salesianos.edu\/familiasalesiana\/wp-json\/wp\/v2\/tags?post=9547"}],"curies":[{"name":"wp","href":"https:\/\/api.w.org\/{rel}","templated":true}]}}