{"id":9531,"date":"2021-04-12T07:08:26","date_gmt":"2021-04-12T06:08:26","guid":{"rendered":"https:\/\/www.salesianos.edu\/familiasalesiana\/?p=9531"},"modified":"2021-04-12T07:08:26","modified_gmt":"2021-04-12T06:08:26","slug":"los-salesianos-cooperadores-de-la-provincia-maria-auxiliadora-dan-la-bienvenida-al-nuevo-centro-local-de-salesianos-san-jose-del-valle","status":"publish","type":"post","link":"https:\/\/www.salesianos.edu\/familiasalesiana\/los-salesianos-cooperadores-de-la-provincia-maria-auxiliadora-dan-la-bienvenida-al-nuevo-centro-local-de-salesianos-san-jose-del-valle\/","title":{"rendered":"Los Salesianos Cooperadores de la Provincia Mar\u00eda Auxiliadora dan la bienvenida al nuevo centro local de Salesianos San Jos\u00e9 del Valle"},"content":{"rendered":"<div id=\"fb-root\"><\/div>\n<p>[et_pb_section fb_built=\u00bb1&#8243; _builder_version=\u00bb4.9.3&#8243; _module_preset=\u00bbdefault\u00bb][et_pb_row _builder_version=\u00bb4.9.3&#8243; _module_preset=\u00bbdefault\u00bb][et_pb_column type=\u00bb4_4&#8243; _builder_version=\u00bb4.9.3&#8243; _module_preset=\u00bbdefault\u00bb][et_pb_text _builder_version=\u00bb4.9.3&#8243; _module_preset=\u00bbdefault\u00bb]<\/p>\n<div dir=\"ltr\">\n<p>Los Salesianos Cooperadores de la Provincia Mar\u00eda Auxiliadora celebraron en la jornada del s\u00e1bado 10 de abril la incorporaci\u00f3n del nuevo centro local de Salesianos San Jos\u00e9 del Valle.<\/p>\n<\/div>\n<div dir=\"ltr\">\n<p>Despu\u00e9s de nueve a\u00f1os vinculados al Centro de Jerez, la casa vallense celebr\u00f3 el acto y Eucarist\u00eda de Erecci\u00f3n Can\u00f3nica para simbolizar el momento de iniciar un nuevo camino como consecuencia de la madurez alcanzada y de los frutos que se van consiguiendo en la\u00a0salesiana localidad.<\/p>\n<\/div>\n<p>[\/et_pb_text][et_pb_video src=\u00bbhttps:\/\/www.youtube.com\/watch?v=7FT0xKztd2w&#038;ab_channel=SSCCProvinciaM\u00aaAuxiliadora\u00bb _builder_version=\u00bb4.9.3&#8243; _module_preset=\u00bbdefault\u00bb][\/et_pb_video][et_pb_text _builder_version=\u00bb4.9.3&#8243; _module_preset=\u00bbdefault\u00bb]<\/p>\n<h3><b>Una historia con fruto abundante<\/b><\/h3>\n<div dir=\"ltr\">\n<p>La historia de los Salesianos Cooperadores en la localidad gaditana se desarrolla en las \u00faltimas d\u00e9cadas. En 1998 coincidiendo con la presencia de Don Francisco Alegr\u00eda Mellado (SDB), se realiz\u00f3 una propuesta para la formaci\u00f3n de un grupo de salesianos cooperadores. A esta convocatoria acuden un buen n\u00famero de personas de la localidad interesadas por formar parte de la asociaci\u00f3n y pertenecientes de un modo u otro a la familia salesiana. Dicha presentaci\u00f3n es realizada por el Centro de C\u00e1diz que una vez presentada se pone en contacto con personas que por cercan\u00eda podr\u00edan asumir el grupo, en concreto del centro de Jerez la Frontera.<\/p>\n<\/div>\n<div dir=\"ltr\">\n<p>Ya previamente en los campamentos Magone, Pepe N\u00fa\u00f1ez y Carmela de C\u00e1diz presentaron la vocaci\u00f3n. El grupo es asumido por Ana Mar\u00eda Bellido Borrego como formadora en su etapa inicial. Tras dos a\u00f1os se incorpor\u00f3 Jos\u00e9 Ram\u00f3n Alcal\u00e1- Zamora y Perez, salesiano cooperador procedente de Granada y resid\u00eda en Jerez, que acompa\u00f1\u00f3 a dicho grupo hasta su promesa el 5 de octubre de 2003. Durante este proceso fueron Delegados D, Francisco Alegr\u00eda Mellado (1997-2000) y posteriormente D, Jes\u00fas Gonz\u00e1lez.<\/p>\n<\/div>\n<div dir=\"ltr\">\n<p>Los primeros Salesianos Cooperadores de San Jos\u00e9 del Valle realizaron su promesa el 5 de Octubre de 2003 en la \u201cBas\u00edlica de Mar\u00eda Auxiliadora \u201cde Jerez de la Frontera. Dicho proceso fue paralelo al de la erecci\u00f3n can\u00f3nica del Centro de Jerez (2006) que en su d\u00eda se constituy\u00f3 como Jerez-El Valle instaurando su sede can\u00f3nica en el Colegio de Montealto de las Salesianas.<\/p>\n<\/div>\n<div dir=\"ltr\">\n<p>Las diversas realidades de las diferentes casas pertenecientes al Centro enriquecieron la experiencia vital de muchos de los salesianos cooperadores al compartir vivencias procedentes de diferentes entornos y pertenecientes a diversas casas ya fueran bajo la tutela de los SDB o de las FMA y bajo realidades sociales diferentes (Una rural y otra de car\u00e1cter\u00a0urbano).<\/p>\n<\/div>\n<div dir=\"ltr\">\n<p>Es el a\u00f1o 2012 en concreto el 19 de marzo cuando se realiza la propuesta de constituirnos en Centro en Formaci\u00f3n. Dicha propuesta es ratificada por el Consejo Provincial en el curso 2012-2013 y se presenta como el inicio de un nuevo ciclo para los cooperadores salesianos de San Jos\u00e9 del Valle.<\/p>\n<\/div>\n<div dir=\"ltr\">\n<p>El Consejo Local solicit\u00f3 en junio de 2019 iniciar los tr\u00e1mites de erecci\u00f3n mediante escrito al Consejo Provincial. El expediente fue valorado positivamente y la erecci\u00f3n prevista para junio de 2020 pero las circunstancias de la pandemia hicieron que se haya ido retrasando hasta el d\u00eda de hoy.<\/p>\n<\/div>\n<blockquote>\n<div dir=\"ltr\">\n<p>\u00abNuestro centro es una realidad viva a nivel pastoral y comunitario y as\u00ed lo reconoce hoy el Consejo Provincial. Nos sentimos adem\u00e1s muy satisfechos del servicio prestado en el mismo por un hermano nuestro como coordinador provincial estos \u00faltimos seis a\u00f1os, pero los salesianos cooperadores no existir\u00edan en nuestra ciudad sin la figura de Juan S\u00e1nchez, primer salesiano cooperador del Valle que se qued\u00f3 a las puertas de la promesa. Hoy la asociaci\u00f3n quiere rendirle el homenaje y reconocimiento que merece y entregarle la insignia de salesiano cooperador de la que se hizo merecedor en sus a\u00f1os de vida.\u00bb, comparten desde la casa.<\/p>\n<\/div>\n<\/blockquote>\n<p>[\/et_pb_text][\/et_pb_column][\/et_pb_row][\/et_pb_section]<\/p>\n","protected":false},"excerpt":{"rendered":"<p>En la jornada del s\u00e1bado 10 de abril, despu\u00e9s de nueve a\u00f1os vinculados al Centro de Jerez, la presencia salesiana vallense celebr\u00f3 el acto y Eucarist\u00eda de Erecci\u00f3n Can\u00f3nica para simbolizar el momento de iniciar un nuevo camino como consecuencia de la madurez alcanzada.<\/p>\n","protected":false},"author":12,"featured_media":9532,"comment_status":"open","ping_status":"open","sticky":false,"template":"","format":"standard","meta":{"_et_pb_use_builder":"on","_et_pb_old_content":"","_et_gb_content_width":"","footnotes":""},"categories":[15],"tags":[],"class_list":["post-9531","post","type-post","status-publish","format-standard","has-post-thumbnail","hentry","category-portada"],"yoast_head":"<!-- This site is optimized with the Yoast SEO plugin v27.5 - https:\/\/yoast.com\/product\/yoast-seo-wordpress\/ -->\n<title>Los Salesianos Cooperadores de la Provincia Mar\u00eda Auxiliadora dan la bienvenida al nuevo centro local de Salesianos San Jos\u00e9 del Valle - Familia Salesiana<\/title>\n<meta name=\"robots\" content=\"index, follow, max-snippet:-1, max-image-preview:large, max-video-preview:-1\" \/>\n<link rel=\"canonical\" href=\"https:\/\/www.salesianos.edu\/familiasalesiana\/los-salesianos-cooperadores-de-la-provincia-maria-auxiliadora-dan-la-bienvenida-al-nuevo-centro-local-de-salesianos-san-jose-del-valle\/\" \/>\n<meta property=\"og:locale\" content=\"es_ES\" \/>\n<meta property=\"og:type\" content=\"article\" \/>\n<meta property=\"og:title\" content=\"Los Salesianos Cooperadores de la Provincia Mar\u00eda Auxiliadora dan la bienvenida al nuevo centro local de Salesianos San Jos\u00e9 del Valle - Familia Salesiana\" \/>\n<meta property=\"og:description\" content=\"En la jornada del s\u00e1bado 10 de abril, despu\u00e9s de nueve a\u00f1os vinculados al Centro de Jerez, la presencia salesiana vallense celebr\u00f3 el acto y Eucarist\u00eda de Erecci\u00f3n Can\u00f3nica para simbolizar el momento de iniciar un nuevo camino como consecuencia de la madurez alcanzada.\" \/>\n<meta property=\"og:url\" content=\"https:\/\/www.salesianos.edu\/familiasalesiana\/los-salesianos-cooperadores-de-la-provincia-maria-auxiliadora-dan-la-bienvenida-al-nuevo-centro-local-de-salesianos-san-jose-del-valle\/\" \/>\n<meta property=\"og:site_name\" content=\"Familia Salesiana\" \/>\n<meta property=\"article:published_time\" content=\"2021-04-12T06:08:26+00:00\" \/>\n<meta property=\"og:image\" content=\"https:\/\/www.salesianos.edu\/familiasalesiana\/wp-content\/uploads\/sites\/5\/2021\/04\/ElValleCooperadores.jpeg\" \/>\n\t<meta property=\"og:image:width\" content=\"2016\" \/>\n\t<meta property=\"og:image:height\" content=\"1134\" \/>\n\t<meta property=\"og:image:type\" content=\"image\/jpeg\" \/>\n<meta name=\"author\" content=\"joseluisgarciamoscoso\" \/>\n<meta name=\"twitter:card\" content=\"summary_large_image\" \/>\n<meta name=\"twitter:label1\" content=\"Escrito por\" \/>\n\t<meta name=\"twitter:data1\" content=\"joseluisgarciamoscoso\" \/>\n\t<meta name=\"twitter:label2\" content=\"Tiempo de lectura\" \/>\n\t<meta name=\"twitter:data2\" content=\"4 minutos\" \/>\n<script type=\"application\/ld+json\" class=\"yoast-schema-graph\">{\"@context\":\"https:\\\/\\\/schema.org\",\"@graph\":[{\"@type\":\"Article\",\"@id\":\"https:\\\/\\\/www.salesianos.edu\\\/familiasalesiana\\\/los-salesianos-cooperadores-de-la-provincia-maria-auxiliadora-dan-la-bienvenida-al-nuevo-centro-local-de-salesianos-san-jose-del-valle\\\/#article\",\"isPartOf\":{\"@id\":\"https:\\\/\\\/www.salesianos.edu\\\/familiasalesiana\\\/los-salesianos-cooperadores-de-la-provincia-maria-auxiliadora-dan-la-bienvenida-al-nuevo-centro-local-de-salesianos-san-jose-del-valle\\\/\"},\"author\":{\"name\":\"joseluisgarciamoscoso\",\"@id\":\"http:\\\/\\\/www.salesianos.edu\\\/familiasalesiana\\\/#\\\/schema\\\/person\\\/a1d72ee5373cce7347fb2993ba9f47d6\"},\"headline\":\"Los Salesianos Cooperadores de la Provincia Mar\u00eda Auxiliadora dan la bienvenida al nuevo centro local de Salesianos San Jos\u00e9 del Valle\",\"datePublished\":\"2021-04-12T06:08:26+00:00\",\"mainEntityOfPage\":{\"@id\":\"https:\\\/\\\/www.salesianos.edu\\\/familiasalesiana\\\/los-salesianos-cooperadores-de-la-provincia-maria-auxiliadora-dan-la-bienvenida-al-nuevo-centro-local-de-salesianos-san-jose-del-valle\\\/\"},\"wordCount\":729,\"commentCount\":1,\"image\":{\"@id\":\"https:\\\/\\\/www.salesianos.edu\\\/familiasalesiana\\\/los-salesianos-cooperadores-de-la-provincia-maria-auxiliadora-dan-la-bienvenida-al-nuevo-centro-local-de-salesianos-san-jose-del-valle\\\/#primaryimage\"},\"thumbnailUrl\":\"https:\\\/\\\/www.salesianos.edu\\\/familiasalesiana\\\/wp-content\\\/uploads\\\/sites\\\/5\\\/2021\\\/04\\\/ElValleCooperadores.jpeg\",\"articleSection\":[\"portada\"],\"inLanguage\":\"es\",\"potentialAction\":[{\"@type\":\"CommentAction\",\"name\":\"Comment\",\"target\":[\"https:\\\/\\\/www.salesianos.edu\\\/familiasalesiana\\\/los-salesianos-cooperadores-de-la-provincia-maria-auxiliadora-dan-la-bienvenida-al-nuevo-centro-local-de-salesianos-san-jose-del-valle\\\/#respond\"]}]},{\"@type\":\"WebPage\",\"@id\":\"https:\\\/\\\/www.salesianos.edu\\\/familiasalesiana\\\/los-salesianos-cooperadores-de-la-provincia-maria-auxiliadora-dan-la-bienvenida-al-nuevo-centro-local-de-salesianos-san-jose-del-valle\\\/\",\"url\":\"https:\\\/\\\/www.salesianos.edu\\\/familiasalesiana\\\/los-salesianos-cooperadores-de-la-provincia-maria-auxiliadora-dan-la-bienvenida-al-nuevo-centro-local-de-salesianos-san-jose-del-valle\\\/\",\"name\":\"Los Salesianos Cooperadores de la Provincia Mar\u00eda Auxiliadora dan la bienvenida al nuevo centro local de Salesianos San Jos\u00e9 del Valle - Familia Salesiana\",\"isPartOf\":{\"@id\":\"http:\\\/\\\/www.salesianos.edu\\\/familiasalesiana\\\/#website\"},\"primaryImageOfPage\":{\"@id\":\"https:\\\/\\\/www.salesianos.edu\\\/familiasalesiana\\\/los-salesianos-cooperadores-de-la-provincia-maria-auxiliadora-dan-la-bienvenida-al-nuevo-centro-local-de-salesianos-san-jose-del-valle\\\/#primaryimage\"},\"image\":{\"@id\":\"https:\\\/\\\/www.salesianos.edu\\\/familiasalesiana\\\/los-salesianos-cooperadores-de-la-provincia-maria-auxiliadora-dan-la-bienvenida-al-nuevo-centro-local-de-salesianos-san-jose-del-valle\\\/#primaryimage\"},\"thumbnailUrl\":\"https:\\\/\\\/www.salesianos.edu\\\/familiasalesiana\\\/wp-content\\\/uploads\\\/sites\\\/5\\\/2021\\\/04\\\/ElValleCooperadores.jpeg\",\"datePublished\":\"2021-04-12T06:08:26+00:00\",\"author\":{\"@id\":\"http:\\\/\\\/www.salesianos.edu\\\/familiasalesiana\\\/#\\\/schema\\\/person\\\/a1d72ee5373cce7347fb2993ba9f47d6\"},\"breadcrumb\":{\"@id\":\"https:\\\/\\\/www.salesianos.edu\\\/familiasalesiana\\\/los-salesianos-cooperadores-de-la-provincia-maria-auxiliadora-dan-la-bienvenida-al-nuevo-centro-local-de-salesianos-san-jose-del-valle\\\/#breadcrumb\"},\"inLanguage\":\"es\",\"potentialAction\":[{\"@type\":\"ReadAction\",\"target\":[\"https:\\\/\\\/www.salesianos.edu\\\/familiasalesiana\\\/los-salesianos-cooperadores-de-la-provincia-maria-auxiliadora-dan-la-bienvenida-al-nuevo-centro-local-de-salesianos-san-jose-del-valle\\\/\"]}]},{\"@type\":\"ImageObject\",\"inLanguage\":\"es\",\"@id\":\"https:\\\/\\\/www.salesianos.edu\\\/familiasalesiana\\\/los-salesianos-cooperadores-de-la-provincia-maria-auxiliadora-dan-la-bienvenida-al-nuevo-centro-local-de-salesianos-san-jose-del-valle\\\/#primaryimage\",\"url\":\"https:\\\/\\\/www.salesianos.edu\\\/familiasalesiana\\\/wp-content\\\/uploads\\\/sites\\\/5\\\/2021\\\/04\\\/ElValleCooperadores.jpeg\",\"contentUrl\":\"https:\\\/\\\/www.salesianos.edu\\\/familiasalesiana\\\/wp-content\\\/uploads\\\/sites\\\/5\\\/2021\\\/04\\\/ElValleCooperadores.jpeg\",\"width\":2016,\"height\":1134},{\"@type\":\"BreadcrumbList\",\"@id\":\"https:\\\/\\\/www.salesianos.edu\\\/familiasalesiana\\\/los-salesianos-cooperadores-de-la-provincia-maria-auxiliadora-dan-la-bienvenida-al-nuevo-centro-local-de-salesianos-san-jose-del-valle\\\/#breadcrumb\",\"itemListElement\":[{\"@type\":\"ListItem\",\"position\":1,\"name\":\"Portada\",\"item\":\"http:\\\/\\\/www.salesianos.edu\\\/familiasalesiana\\\/\"},{\"@type\":\"ListItem\",\"position\":2,\"name\":\"Los Salesianos Cooperadores de la Provincia Mar\u00eda Auxiliadora dan la bienvenida al nuevo centro local de Salesianos San Jos\u00e9 del Valle\"}]},{\"@type\":\"WebSite\",\"@id\":\"http:\\\/\\\/www.salesianos.edu\\\/familiasalesiana\\\/#website\",\"url\":\"http:\\\/\\\/www.salesianos.edu\\\/familiasalesiana\\\/\",\"name\":\"Familia Salesiana\",\"description\":\"P\u00e1gina oficial de Inspector\u00eda Salesiana Mar\u00eda Auxiliadora\",\"potentialAction\":[{\"@type\":\"SearchAction\",\"target\":{\"@type\":\"EntryPoint\",\"urlTemplate\":\"http:\\\/\\\/www.salesianos.edu\\\/familiasalesiana\\\/?s={search_term_string}\"},\"query-input\":{\"@type\":\"PropertyValueSpecification\",\"valueRequired\":true,\"valueName\":\"search_term_string\"}}],\"inLanguage\":\"es\"},{\"@type\":\"Person\",\"@id\":\"http:\\\/\\\/www.salesianos.edu\\\/familiasalesiana\\\/#\\\/schema\\\/person\\\/a1d72ee5373cce7347fb2993ba9f47d6\",\"name\":\"joseluisgarciamoscoso\",\"image\":{\"@type\":\"ImageObject\",\"inLanguage\":\"es\",\"@id\":\"https:\\\/\\\/secure.gravatar.com\\\/avatar\\\/3fda3a0b2db3bc9a39871e47cbd526b42d6c3b74755b7ae1400a87b2913fea6a?s=96&d=mm&r=g\",\"url\":\"https:\\\/\\\/secure.gravatar.com\\\/avatar\\\/3fda3a0b2db3bc9a39871e47cbd526b42d6c3b74755b7ae1400a87b2913fea6a?s=96&d=mm&r=g\",\"contentUrl\":\"https:\\\/\\\/secure.gravatar.com\\\/avatar\\\/3fda3a0b2db3bc9a39871e47cbd526b42d6c3b74755b7ae1400a87b2913fea6a?s=96&d=mm&r=g\",\"caption\":\"joseluisgarciamoscoso\"}}]}<\/script>\n<!-- \/ Yoast SEO plugin. -->","yoast_head_json":{"title":"Los Salesianos Cooperadores de la Provincia Mar\u00eda Auxiliadora dan la bienvenida al nuevo centro local de Salesianos San Jos\u00e9 del Valle - Familia Salesiana","robots":{"index":"index","follow":"follow","max-snippet":"max-snippet:-1","max-image-preview":"max-image-preview:large","max-video-preview":"max-video-preview:-1"},"canonical":"https:\/\/www.salesianos.edu\/familiasalesiana\/los-salesianos-cooperadores-de-la-provincia-maria-auxiliadora-dan-la-bienvenida-al-nuevo-centro-local-de-salesianos-san-jose-del-valle\/","og_locale":"es_ES","og_type":"article","og_title":"Los Salesianos Cooperadores de la Provincia Mar\u00eda Auxiliadora dan la bienvenida al nuevo centro local de Salesianos San Jos\u00e9 del Valle - Familia Salesiana","og_description":"En la jornada del s\u00e1bado 10 de abril, despu\u00e9s de nueve a\u00f1os vinculados al Centro de Jerez, la presencia salesiana vallense celebr\u00f3 el acto y Eucarist\u00eda de Erecci\u00f3n Can\u00f3nica para simbolizar el momento de iniciar un nuevo camino como consecuencia de la madurez alcanzada.","og_url":"https:\/\/www.salesianos.edu\/familiasalesiana\/los-salesianos-cooperadores-de-la-provincia-maria-auxiliadora-dan-la-bienvenida-al-nuevo-centro-local-de-salesianos-san-jose-del-valle\/","og_site_name":"Familia Salesiana","article_published_time":"2021-04-12T06:08:26+00:00","og_image":[{"width":2016,"height":1134,"url":"https:\/\/www.salesianos.edu\/familiasalesiana\/wp-content\/uploads\/sites\/5\/2021\/04\/ElValleCooperadores.jpeg","type":"image\/jpeg"}],"author":"joseluisgarciamoscoso","twitter_card":"summary_large_image","twitter_misc":{"Escrito por":"joseluisgarciamoscoso","Tiempo de lectura":"4 minutos"},"schema":{"@context":"https:\/\/schema.org","@graph":[{"@type":"Article","@id":"https:\/\/www.salesianos.edu\/familiasalesiana\/los-salesianos-cooperadores-de-la-provincia-maria-auxiliadora-dan-la-bienvenida-al-nuevo-centro-local-de-salesianos-san-jose-del-valle\/#article","isPartOf":{"@id":"https:\/\/www.salesianos.edu\/familiasalesiana\/los-salesianos-cooperadores-de-la-provincia-maria-auxiliadora-dan-la-bienvenida-al-nuevo-centro-local-de-salesianos-san-jose-del-valle\/"},"author":{"name":"joseluisgarciamoscoso","@id":"http:\/\/www.salesianos.edu\/familiasalesiana\/#\/schema\/person\/a1d72ee5373cce7347fb2993ba9f47d6"},"headline":"Los Salesianos Cooperadores de la Provincia Mar\u00eda Auxiliadora dan la bienvenida al nuevo centro local de Salesianos San Jos\u00e9 del Valle","datePublished":"2021-04-12T06:08:26+00:00","mainEntityOfPage":{"@id":"https:\/\/www.salesianos.edu\/familiasalesiana\/los-salesianos-cooperadores-de-la-provincia-maria-auxiliadora-dan-la-bienvenida-al-nuevo-centro-local-de-salesianos-san-jose-del-valle\/"},"wordCount":729,"commentCount":1,"image":{"@id":"https:\/\/www.salesianos.edu\/familiasalesiana\/los-salesianos-cooperadores-de-la-provincia-maria-auxiliadora-dan-la-bienvenida-al-nuevo-centro-local-de-salesianos-san-jose-del-valle\/#primaryimage"},"thumbnailUrl":"https:\/\/www.salesianos.edu\/familiasalesiana\/wp-content\/uploads\/sites\/5\/2021\/04\/ElValleCooperadores.jpeg","articleSection":["portada"],"inLanguage":"es","potentialAction":[{"@type":"CommentAction","name":"Comment","target":["https:\/\/www.salesianos.edu\/familiasalesiana\/los-salesianos-cooperadores-de-la-provincia-maria-auxiliadora-dan-la-bienvenida-al-nuevo-centro-local-de-salesianos-san-jose-del-valle\/#respond"]}]},{"@type":"WebPage","@id":"https:\/\/www.salesianos.edu\/familiasalesiana\/los-salesianos-cooperadores-de-la-provincia-maria-auxiliadora-dan-la-bienvenida-al-nuevo-centro-local-de-salesianos-san-jose-del-valle\/","url":"https:\/\/www.salesianos.edu\/familiasalesiana\/los-salesianos-cooperadores-de-la-provincia-maria-auxiliadora-dan-la-bienvenida-al-nuevo-centro-local-de-salesianos-san-jose-del-valle\/","name":"Los Salesianos Cooperadores de la Provincia Mar\u00eda Auxiliadora dan la bienvenida al nuevo centro local de Salesianos San Jos\u00e9 del Valle - Familia Salesiana","isPartOf":{"@id":"http:\/\/www.salesianos.edu\/familiasalesiana\/#website"},"primaryImageOfPage":{"@id":"https:\/\/www.salesianos.edu\/familiasalesiana\/los-salesianos-cooperadores-de-la-provincia-maria-auxiliadora-dan-la-bienvenida-al-nuevo-centro-local-de-salesianos-san-jose-del-valle\/#primaryimage"},"image":{"@id":"https:\/\/www.salesianos.edu\/familiasalesiana\/los-salesianos-cooperadores-de-la-provincia-maria-auxiliadora-dan-la-bienvenida-al-nuevo-centro-local-de-salesianos-san-jose-del-valle\/#primaryimage"},"thumbnailUrl":"https:\/\/www.salesianos.edu\/familiasalesiana\/wp-content\/uploads\/sites\/5\/2021\/04\/ElValleCooperadores.jpeg","datePublished":"2021-04-12T06:08:26+00:00","author":{"@id":"http:\/\/www.salesianos.edu\/familiasalesiana\/#\/schema\/person\/a1d72ee5373cce7347fb2993ba9f47d6"},"breadcrumb":{"@id":"https:\/\/www.salesianos.edu\/familiasalesiana\/los-salesianos-cooperadores-de-la-provincia-maria-auxiliadora-dan-la-bienvenida-al-nuevo-centro-local-de-salesianos-san-jose-del-valle\/#breadcrumb"},"inLanguage":"es","potentialAction":[{"@type":"ReadAction","target":["https:\/\/www.salesianos.edu\/familiasalesiana\/los-salesianos-cooperadores-de-la-provincia-maria-auxiliadora-dan-la-bienvenida-al-nuevo-centro-local-de-salesianos-san-jose-del-valle\/"]}]},{"@type":"ImageObject","inLanguage":"es","@id":"https:\/\/www.salesianos.edu\/familiasalesiana\/los-salesianos-cooperadores-de-la-provincia-maria-auxiliadora-dan-la-bienvenida-al-nuevo-centro-local-de-salesianos-san-jose-del-valle\/#primaryimage","url":"https:\/\/www.salesianos.edu\/familiasalesiana\/wp-content\/uploads\/sites\/5\/2021\/04\/ElValleCooperadores.jpeg","contentUrl":"https:\/\/www.salesianos.edu\/familiasalesiana\/wp-content\/uploads\/sites\/5\/2021\/04\/ElValleCooperadores.jpeg","width":2016,"height":1134},{"@type":"BreadcrumbList","@id":"https:\/\/www.salesianos.edu\/familiasalesiana\/los-salesianos-cooperadores-de-la-provincia-maria-auxiliadora-dan-la-bienvenida-al-nuevo-centro-local-de-salesianos-san-jose-del-valle\/#breadcrumb","itemListElement":[{"@type":"ListItem","position":1,"name":"Portada","item":"http:\/\/www.salesianos.edu\/familiasalesiana\/"},{"@type":"ListItem","position":2,"name":"Los Salesianos Cooperadores de la Provincia Mar\u00eda Auxiliadora dan la bienvenida al nuevo centro local de Salesianos San Jos\u00e9 del Valle"}]},{"@type":"WebSite","@id":"http:\/\/www.salesianos.edu\/familiasalesiana\/#website","url":"http:\/\/www.salesianos.edu\/familiasalesiana\/","name":"Familia Salesiana","description":"P\u00e1gina oficial de Inspector\u00eda Salesiana Mar\u00eda Auxiliadora","potentialAction":[{"@type":"SearchAction","target":{"@type":"EntryPoint","urlTemplate":"http:\/\/www.salesianos.edu\/familiasalesiana\/?s={search_term_string}"},"query-input":{"@type":"PropertyValueSpecification","valueRequired":true,"valueName":"search_term_string"}}],"inLanguage":"es"},{"@type":"Person","@id":"http:\/\/www.salesianos.edu\/familiasalesiana\/#\/schema\/person\/a1d72ee5373cce7347fb2993ba9f47d6","name":"joseluisgarciamoscoso","image":{"@type":"ImageObject","inLanguage":"es","@id":"https:\/\/secure.gravatar.com\/avatar\/3fda3a0b2db3bc9a39871e47cbd526b42d6c3b74755b7ae1400a87b2913fea6a?s=96&d=mm&r=g","url":"https:\/\/secure.gravatar.com\/avatar\/3fda3a0b2db3bc9a39871e47cbd526b42d6c3b74755b7ae1400a87b2913fea6a?s=96&d=mm&r=g","contentUrl":"https:\/\/secure.gravatar.com\/avatar\/3fda3a0b2db3bc9a39871e47cbd526b42d6c3b74755b7ae1400a87b2913fea6a?s=96&d=mm&r=g","caption":"joseluisgarciamoscoso"}}]}},"_links":{"self":[{"href":"https:\/\/www.salesianos.edu\/familiasalesiana\/wp-json\/wp\/v2\/posts\/9531","targetHints":{"allow":["GET"]}}],"collection":[{"href":"https:\/\/www.salesianos.edu\/familiasalesiana\/wp-json\/wp\/v2\/posts"}],"about":[{"href":"https:\/\/www.salesianos.edu\/familiasalesiana\/wp-json\/wp\/v2\/types\/post"}],"author":[{"embeddable":true,"href":"https:\/\/www.salesianos.edu\/familiasalesiana\/wp-json\/wp\/v2\/users\/12"}],"replies":[{"embeddable":true,"href":"https:\/\/www.salesianos.edu\/familiasalesiana\/wp-json\/wp\/v2\/comments?post=9531"}],"version-history":[{"count":0,"href":"https:\/\/www.salesianos.edu\/familiasalesiana\/wp-json\/wp\/v2\/posts\/9531\/revisions"}],"wp:featuredmedia":[{"embeddable":true,"href":"https:\/\/www.salesianos.edu\/familiasalesiana\/wp-json\/wp\/v2\/media\/9532"}],"wp:attachment":[{"href":"https:\/\/www.salesianos.edu\/familiasalesiana\/wp-json\/wp\/v2\/media?parent=9531"}],"wp:term":[{"taxonomy":"category","embeddable":true,"href":"https:\/\/www.salesianos.edu\/familiasalesiana\/wp-json\/wp\/v2\/categories?post=9531"},{"taxonomy":"post_tag","embeddable":true,"href":"https:\/\/www.salesianos.edu\/familiasalesiana\/wp-json\/wp\/v2\/tags?post=9531"}],"curies":[{"name":"wp","href":"https:\/\/api.w.org\/{rel}","templated":true}]}}