{"id":9498,"date":"2021-04-16T11:43:04","date_gmt":"2021-04-16T10:43:04","guid":{"rendered":"https:\/\/www.salesianos.edu\/familiasalesiana\/?p=9498"},"modified":"2021-04-17T07:50:33","modified_gmt":"2021-04-17T06:50:33","slug":"todo-listo-para-la-celebracion-de-la-asamblea-de-las-asociaciones-de-maria-auxiliadora","status":"publish","type":"post","link":"https:\/\/www.salesianos.edu\/familiasalesiana\/todo-listo-para-la-celebracion-de-la-asamblea-de-las-asociaciones-de-maria-auxiliadora\/","title":{"rendered":"Todo listo para la celebraci\u00f3n de la Asamblea de las Asociaciones de Mar\u00eda Auxiliadora"},"content":{"rendered":"<div id=\"fb-root\"><\/div>\n<p>[et_pb_section fb_built=\u00bb1&#8243; _builder_version=\u00bb4.9.2&#8243; _module_preset=\u00bbdefault\u00bb][et_pb_row _builder_version=\u00bb4.9.2&#8243; _module_preset=\u00bbdefault\u00bb][et_pb_column type=\u00bb4_4&#8243; _builder_version=\u00bb4.9.2&#8243; _module_preset=\u00bbdefault\u00bb][et_pb_text _builder_version=\u00bb4.9.4&#8243; _module_preset=\u00bbdefault\u00bb]<\/p>\n<div>Comunicaci\u00f3n ADMA<\/div>\n<div>\u00a0<\/div>\n<div>\n<p>La Casa salesiana \u2018Nuestra Se\u00f1ora del Carmen\u2019 de Utrera ha sido elegida para albergar la asamblea inspectorial de Mar\u00eda Auxiliadora. El 17 de abril tendr\u00e1 lugar la decimocuarta edici\u00f3n de este evento, que visita la localidad utrerana con motivo del 125\u00ba aniversario fundacional de su asociaci\u00f3n de Mar\u00eda Auxiliadora.<\/p>\n<p>La crisis sanitaria actual, derivada de la pandemia de COVID-19, hace imposible que esta cita se desarrolle como es tradicional. La \u00faltima ocasi\u00f3n en la que Utrera fue sede de este encuentro, se dieron cita casi 1.500 personas, llegadas de diversos puntos de Andaluc\u00eda, Extremadura y Canarias. En esta ocasi\u00f3n, bajo el t\u00edtulo \u2018Mar\u00eda Auxiliadora, Madre de Esperanza\u2019, la asamblea se adapta a las circunstancias, pero logra salir adelante para mantener el encuentro anual en torno a la devoci\u00f3n impulsada por San Juan Bosco.<\/p>\n<p>As\u00ed, la organizaci\u00f3n ha programado una jornada con actividades que podr\u00e1n seguirse de manera telem\u00e1tica a trav\u00e9s del <a href=\"https:\/\/www.youtube.com\/channel\/UC6CLEyLwLUQ8VdXj6GZPJ1Q\">canal de YouTube<\/a> de la asociaci\u00f3n anfitriona y en la <a href=\"https:\/\/www.facebook.com\/admautrera\">p\u00e1gina de Facebook<\/a>. En cualquier caso, est\u00e1 invitada a participar presencialmente una representaci\u00f3n de las asociaciones que se encuentran en la provincia de Sevilla, para adaptarse a las restricciones que actualmente est\u00e1n en vigor; y los fieles de Utrera.<\/p>\n<p>&nbsp;<\/p>\n<\/div>\n<p>[\/et_pb_text][et_pb_video src=\u00bbhttps:\/\/www.youtube.com\/watch?v=LMtoeRaq_Kk&amp;ab_channel=Asociaci%C3%B3nMar%C3%ADaAuxiliadoraUtrera\u00bb _builder_version=\u00bb4.9.4&#8243; _module_preset=\u00bbdefault\u00bb][\/et_pb_video][et_pb_text _builder_version=\u00bb4.9.4&#8243; _module_preset=\u00bbdefault\u00bb]<\/p>\n<div>\n<p>El d\u00eda comenzar\u00e1 a las 11.30 horas con la celebraci\u00f3n de una eucarist\u00eda en la iglesia Nuestra Se\u00f1ora del Carmen, a los pies de la imagen de la Virgen que el propio Don Bosco envi\u00f3 a la \u2018Casa Madre\u2019 de los Salesianos en Espa\u00f1a. El encargado de presidirla ser\u00e1 el inspector, D. \u00c1ngel Asurmendi, que se desplazar\u00e1 a la ciudad con tal motivo.<\/p>\n<p>A su t\u00e9rmino, podr\u00e1 seguirse una emisi\u00f3n con diversos contenidos. Uno de ellos lo protagonizar\u00e1 sor Mar\u00eda Dolores Ruiz, una Hija de Mar\u00eda Auxiliadora que, desde Indonesia, nos har\u00e1 llegar c\u00f3mo se vive con coraz\u00f3n salesiano por aquellas lejanas tierras. Junto a su testimonio habr\u00e1 referencias a otros aspectos de la vida diaria de las asociaciones de Mar\u00eda Auxiliadora, como obras sociales, restauraciones, efem\u00e9rides y el proyecto \u2018ADMA joven\u2019 y una bendici\u00f3n muy especial desde Valdocco<\/p>\n<\/div>\n<p>[\/et_pb_text][et_pb_video src=\u00bbhttps:\/\/www.youtube.com\/watch?v=1zwoQpOdYts&amp;ab_channel=Asociaci%C3%B3nMar%C3%ADaAuxiliadoraUtrera\u00bb _builder_version=\u00bb4.9.4&#8243; _module_preset=\u00bbdefault\u00bb][\/et_pb_video][\/et_pb_column][\/et_pb_row][et_pb_row column_structure=\u00bb1_4,1_2,1_4&#8243; _builder_version=\u00bb4.9.2&#8243; _module_preset=\u00bbdefault\u00bb][et_pb_column type=\u00bb1_4&#8243; _builder_version=\u00bb4.9.2&#8243; _module_preset=\u00bbdefault\u00bb][\/et_pb_column][et_pb_column type=\u00bb1_2&#8243; _builder_version=\u00bb4.9.2&#8243; _module_preset=\u00bbdefault\u00bb][et_pb_image src=\u00bbhttp:\/\/www.salesianos.edu\/familiasalesiana\/wp-content\/uploads\/sites\/5\/2021\/03\/WhatsApp-Image-2021-03-23-at-07.54.22.jpeg\u00bb title_text=\u00bbWhatsApp Image 2021-03-23 at 07.54.22&#8243; _builder_version=\u00bb4.9.2&#8243; _module_preset=\u00bbdefault\u00bb][\/et_pb_image][\/et_pb_column][et_pb_column type=\u00bb1_4&#8243; _builder_version=\u00bb4.9.2&#8243; _module_preset=\u00bbdefault\u00bb][\/et_pb_column][\/et_pb_row][\/et_pb_section]<\/p>\n","protected":false},"excerpt":{"rendered":"<p>La Casa salesiana de Utrera, sede de la asamblea inspectorial de Mar\u00eda Auxiliadora. El formato cambia por completo este a\u00f1o, para adaptarse a la pandemia.<\/p>\n","protected":false},"author":12,"featured_media":9502,"comment_status":"open","ping_status":"open","sticky":false,"template":"","format":"standard","meta":{"_et_pb_use_builder":"on","_et_pb_old_content":"","_et_gb_content_width":"","footnotes":""},"categories":[53,1],"tags":[],"class_list":["post-9498","post","type-post","status-publish","format-standard","has-post-thumbnail","hentry","category-adma","category-uncategorized"],"yoast_head":"<!-- This site is optimized with the Yoast SEO plugin v27.5 - https:\/\/yoast.com\/product\/yoast-seo-wordpress\/ -->\n<title>Todo listo para la celebraci\u00f3n de la Asamblea de las Asociaciones de Mar\u00eda Auxiliadora - Familia Salesiana<\/title>\n<meta name=\"robots\" content=\"index, follow, max-snippet:-1, max-image-preview:large, max-video-preview:-1\" \/>\n<link rel=\"canonical\" href=\"https:\/\/www.salesianos.edu\/familiasalesiana\/todo-listo-para-la-celebracion-de-la-asamblea-de-las-asociaciones-de-maria-auxiliadora\/\" \/>\n<meta property=\"og:locale\" content=\"es_ES\" \/>\n<meta property=\"og:type\" content=\"article\" \/>\n<meta property=\"og:title\" content=\"Todo listo para la celebraci\u00f3n de la Asamblea de las Asociaciones de Mar\u00eda Auxiliadora - Familia Salesiana\" \/>\n<meta property=\"og:description\" content=\"La Casa salesiana de Utrera, sede de la asamblea inspectorial de Mar\u00eda Auxiliadora. El formato cambia por completo este a\u00f1o, para adaptarse a la pandemia.\" \/>\n<meta property=\"og:url\" content=\"https:\/\/www.salesianos.edu\/familiasalesiana\/todo-listo-para-la-celebracion-de-la-asamblea-de-las-asociaciones-de-maria-auxiliadora\/\" \/>\n<meta property=\"og:site_name\" content=\"Familia Salesiana\" \/>\n<meta property=\"article:published_time\" content=\"2021-04-16T10:43:04+00:00\" \/>\n<meta property=\"article:modified_time\" content=\"2021-04-17T06:50:33+00:00\" \/>\n<meta property=\"og:image\" content=\"https:\/\/www.salesianos.edu\/familiasalesiana\/wp-content\/uploads\/sites\/5\/2021\/03\/poster-mockup-at-a-contemporary-art-gallery-a10329-1024x768.png\" \/>\n\t<meta property=\"og:image:width\" content=\"1024\" \/>\n\t<meta property=\"og:image:height\" content=\"768\" \/>\n\t<meta property=\"og:image:type\" content=\"image\/png\" \/>\n<meta name=\"author\" content=\"joseluisgarciamoscoso\" \/>\n<meta name=\"twitter:card\" content=\"summary_large_image\" \/>\n<meta name=\"twitter:label1\" content=\"Escrito por\" \/>\n\t<meta name=\"twitter:data1\" content=\"joseluisgarciamoscoso\" \/>\n\t<meta name=\"twitter:label2\" content=\"Tiempo de lectura\" \/>\n\t<meta name=\"twitter:data2\" content=\"3 minutos\" \/>\n<script type=\"application\/ld+json\" class=\"yoast-schema-graph\">{\"@context\":\"https:\\\/\\\/schema.org\",\"@graph\":[{\"@type\":\"Article\",\"@id\":\"https:\\\/\\\/www.salesianos.edu\\\/familiasalesiana\\\/todo-listo-para-la-celebracion-de-la-asamblea-de-las-asociaciones-de-maria-auxiliadora\\\/#article\",\"isPartOf\":{\"@id\":\"https:\\\/\\\/www.salesianos.edu\\\/familiasalesiana\\\/todo-listo-para-la-celebracion-de-la-asamblea-de-las-asociaciones-de-maria-auxiliadora\\\/\"},\"author\":{\"name\":\"joseluisgarciamoscoso\",\"@id\":\"http:\\\/\\\/www.salesianos.edu\\\/familiasalesiana\\\/#\\\/schema\\\/person\\\/a1d72ee5373cce7347fb2993ba9f47d6\"},\"headline\":\"Todo listo para la celebraci\u00f3n de la Asamblea de las Asociaciones de Mar\u00eda Auxiliadora\",\"datePublished\":\"2021-04-16T10:43:04+00:00\",\"dateModified\":\"2021-04-17T06:50:33+00:00\",\"mainEntityOfPage\":{\"@id\":\"https:\\\/\\\/www.salesianos.edu\\\/familiasalesiana\\\/todo-listo-para-la-celebracion-de-la-asamblea-de-las-asociaciones-de-maria-auxiliadora\\\/\"},\"wordCount\":584,\"commentCount\":1,\"image\":{\"@id\":\"https:\\\/\\\/www.salesianos.edu\\\/familiasalesiana\\\/todo-listo-para-la-celebracion-de-la-asamblea-de-las-asociaciones-de-maria-auxiliadora\\\/#primaryimage\"},\"thumbnailUrl\":\"https:\\\/\\\/www.salesianos.edu\\\/familiasalesiana\\\/wp-content\\\/uploads\\\/sites\\\/5\\\/2021\\\/03\\\/poster-mockup-at-a-contemporary-art-gallery-a10329.png\",\"articleSection\":[\"ADMA\",\"Uncategorized\"],\"inLanguage\":\"es\",\"potentialAction\":[{\"@type\":\"CommentAction\",\"name\":\"Comment\",\"target\":[\"https:\\\/\\\/www.salesianos.edu\\\/familiasalesiana\\\/todo-listo-para-la-celebracion-de-la-asamblea-de-las-asociaciones-de-maria-auxiliadora\\\/#respond\"]}]},{\"@type\":\"WebPage\",\"@id\":\"https:\\\/\\\/www.salesianos.edu\\\/familiasalesiana\\\/todo-listo-para-la-celebracion-de-la-asamblea-de-las-asociaciones-de-maria-auxiliadora\\\/\",\"url\":\"https:\\\/\\\/www.salesianos.edu\\\/familiasalesiana\\\/todo-listo-para-la-celebracion-de-la-asamblea-de-las-asociaciones-de-maria-auxiliadora\\\/\",\"name\":\"Todo listo para la celebraci\u00f3n de la Asamblea de las Asociaciones de Mar\u00eda Auxiliadora - Familia Salesiana\",\"isPartOf\":{\"@id\":\"http:\\\/\\\/www.salesianos.edu\\\/familiasalesiana\\\/#website\"},\"primaryImageOfPage\":{\"@id\":\"https:\\\/\\\/www.salesianos.edu\\\/familiasalesiana\\\/todo-listo-para-la-celebracion-de-la-asamblea-de-las-asociaciones-de-maria-auxiliadora\\\/#primaryimage\"},\"image\":{\"@id\":\"https:\\\/\\\/www.salesianos.edu\\\/familiasalesiana\\\/todo-listo-para-la-celebracion-de-la-asamblea-de-las-asociaciones-de-maria-auxiliadora\\\/#primaryimage\"},\"thumbnailUrl\":\"https:\\\/\\\/www.salesianos.edu\\\/familiasalesiana\\\/wp-content\\\/uploads\\\/sites\\\/5\\\/2021\\\/03\\\/poster-mockup-at-a-contemporary-art-gallery-a10329.png\",\"datePublished\":\"2021-04-16T10:43:04+00:00\",\"dateModified\":\"2021-04-17T06:50:33+00:00\",\"author\":{\"@id\":\"http:\\\/\\\/www.salesianos.edu\\\/familiasalesiana\\\/#\\\/schema\\\/person\\\/a1d72ee5373cce7347fb2993ba9f47d6\"},\"breadcrumb\":{\"@id\":\"https:\\\/\\\/www.salesianos.edu\\\/familiasalesiana\\\/todo-listo-para-la-celebracion-de-la-asamblea-de-las-asociaciones-de-maria-auxiliadora\\\/#breadcrumb\"},\"inLanguage\":\"es\",\"potentialAction\":[{\"@type\":\"ReadAction\",\"target\":[\"https:\\\/\\\/www.salesianos.edu\\\/familiasalesiana\\\/todo-listo-para-la-celebracion-de-la-asamblea-de-las-asociaciones-de-maria-auxiliadora\\\/\"]}]},{\"@type\":\"ImageObject\",\"inLanguage\":\"es\",\"@id\":\"https:\\\/\\\/www.salesianos.edu\\\/familiasalesiana\\\/todo-listo-para-la-celebracion-de-la-asamblea-de-las-asociaciones-de-maria-auxiliadora\\\/#primaryimage\",\"url\":\"https:\\\/\\\/www.salesianos.edu\\\/familiasalesiana\\\/wp-content\\\/uploads\\\/sites\\\/5\\\/2021\\\/03\\\/poster-mockup-at-a-contemporary-art-gallery-a10329.png\",\"contentUrl\":\"https:\\\/\\\/www.salesianos.edu\\\/familiasalesiana\\\/wp-content\\\/uploads\\\/sites\\\/5\\\/2021\\\/03\\\/poster-mockup-at-a-contemporary-art-gallery-a10329.png\",\"width\":1920,\"height\":1440},{\"@type\":\"BreadcrumbList\",\"@id\":\"https:\\\/\\\/www.salesianos.edu\\\/familiasalesiana\\\/todo-listo-para-la-celebracion-de-la-asamblea-de-las-asociaciones-de-maria-auxiliadora\\\/#breadcrumb\",\"itemListElement\":[{\"@type\":\"ListItem\",\"position\":1,\"name\":\"Portada\",\"item\":\"http:\\\/\\\/www.salesianos.edu\\\/familiasalesiana\\\/\"},{\"@type\":\"ListItem\",\"position\":2,\"name\":\"Todo listo para la celebraci\u00f3n de la Asamblea de las Asociaciones de Mar\u00eda Auxiliadora\"}]},{\"@type\":\"WebSite\",\"@id\":\"http:\\\/\\\/www.salesianos.edu\\\/familiasalesiana\\\/#website\",\"url\":\"http:\\\/\\\/www.salesianos.edu\\\/familiasalesiana\\\/\",\"name\":\"Familia Salesiana\",\"description\":\"P\u00e1gina oficial de Inspector\u00eda Salesiana Mar\u00eda Auxiliadora\",\"potentialAction\":[{\"@type\":\"SearchAction\",\"target\":{\"@type\":\"EntryPoint\",\"urlTemplate\":\"http:\\\/\\\/www.salesianos.edu\\\/familiasalesiana\\\/?s={search_term_string}\"},\"query-input\":{\"@type\":\"PropertyValueSpecification\",\"valueRequired\":true,\"valueName\":\"search_term_string\"}}],\"inLanguage\":\"es\"},{\"@type\":\"Person\",\"@id\":\"http:\\\/\\\/www.salesianos.edu\\\/familiasalesiana\\\/#\\\/schema\\\/person\\\/a1d72ee5373cce7347fb2993ba9f47d6\",\"name\":\"joseluisgarciamoscoso\",\"image\":{\"@type\":\"ImageObject\",\"inLanguage\":\"es\",\"@id\":\"https:\\\/\\\/secure.gravatar.com\\\/avatar\\\/3fda3a0b2db3bc9a39871e47cbd526b42d6c3b74755b7ae1400a87b2913fea6a?s=96&d=mm&r=g\",\"url\":\"https:\\\/\\\/secure.gravatar.com\\\/avatar\\\/3fda3a0b2db3bc9a39871e47cbd526b42d6c3b74755b7ae1400a87b2913fea6a?s=96&d=mm&r=g\",\"contentUrl\":\"https:\\\/\\\/secure.gravatar.com\\\/avatar\\\/3fda3a0b2db3bc9a39871e47cbd526b42d6c3b74755b7ae1400a87b2913fea6a?s=96&d=mm&r=g\",\"caption\":\"joseluisgarciamoscoso\"}}]}<\/script>\n<!-- \/ Yoast SEO plugin. -->","yoast_head_json":{"title":"Todo listo para la celebraci\u00f3n de la Asamblea de las Asociaciones de Mar\u00eda Auxiliadora - Familia Salesiana","robots":{"index":"index","follow":"follow","max-snippet":"max-snippet:-1","max-image-preview":"max-image-preview:large","max-video-preview":"max-video-preview:-1"},"canonical":"https:\/\/www.salesianos.edu\/familiasalesiana\/todo-listo-para-la-celebracion-de-la-asamblea-de-las-asociaciones-de-maria-auxiliadora\/","og_locale":"es_ES","og_type":"article","og_title":"Todo listo para la celebraci\u00f3n de la Asamblea de las Asociaciones de Mar\u00eda Auxiliadora - Familia Salesiana","og_description":"La Casa salesiana de Utrera, sede de la asamblea inspectorial de Mar\u00eda Auxiliadora. El formato cambia por completo este a\u00f1o, para adaptarse a la pandemia.","og_url":"https:\/\/www.salesianos.edu\/familiasalesiana\/todo-listo-para-la-celebracion-de-la-asamblea-de-las-asociaciones-de-maria-auxiliadora\/","og_site_name":"Familia Salesiana","article_published_time":"2021-04-16T10:43:04+00:00","article_modified_time":"2021-04-17T06:50:33+00:00","og_image":[{"width":1024,"height":768,"url":"https:\/\/www.salesianos.edu\/familiasalesiana\/wp-content\/uploads\/sites\/5\/2021\/03\/poster-mockup-at-a-contemporary-art-gallery-a10329-1024x768.png","type":"image\/png"}],"author":"joseluisgarciamoscoso","twitter_card":"summary_large_image","twitter_misc":{"Escrito por":"joseluisgarciamoscoso","Tiempo de lectura":"3 minutos"},"schema":{"@context":"https:\/\/schema.org","@graph":[{"@type":"Article","@id":"https:\/\/www.salesianos.edu\/familiasalesiana\/todo-listo-para-la-celebracion-de-la-asamblea-de-las-asociaciones-de-maria-auxiliadora\/#article","isPartOf":{"@id":"https:\/\/www.salesianos.edu\/familiasalesiana\/todo-listo-para-la-celebracion-de-la-asamblea-de-las-asociaciones-de-maria-auxiliadora\/"},"author":{"name":"joseluisgarciamoscoso","@id":"http:\/\/www.salesianos.edu\/familiasalesiana\/#\/schema\/person\/a1d72ee5373cce7347fb2993ba9f47d6"},"headline":"Todo listo para la celebraci\u00f3n de la Asamblea de las Asociaciones de Mar\u00eda Auxiliadora","datePublished":"2021-04-16T10:43:04+00:00","dateModified":"2021-04-17T06:50:33+00:00","mainEntityOfPage":{"@id":"https:\/\/www.salesianos.edu\/familiasalesiana\/todo-listo-para-la-celebracion-de-la-asamblea-de-las-asociaciones-de-maria-auxiliadora\/"},"wordCount":584,"commentCount":1,"image":{"@id":"https:\/\/www.salesianos.edu\/familiasalesiana\/todo-listo-para-la-celebracion-de-la-asamblea-de-las-asociaciones-de-maria-auxiliadora\/#primaryimage"},"thumbnailUrl":"https:\/\/www.salesianos.edu\/familiasalesiana\/wp-content\/uploads\/sites\/5\/2021\/03\/poster-mockup-at-a-contemporary-art-gallery-a10329.png","articleSection":["ADMA","Uncategorized"],"inLanguage":"es","potentialAction":[{"@type":"CommentAction","name":"Comment","target":["https:\/\/www.salesianos.edu\/familiasalesiana\/todo-listo-para-la-celebracion-de-la-asamblea-de-las-asociaciones-de-maria-auxiliadora\/#respond"]}]},{"@type":"WebPage","@id":"https:\/\/www.salesianos.edu\/familiasalesiana\/todo-listo-para-la-celebracion-de-la-asamblea-de-las-asociaciones-de-maria-auxiliadora\/","url":"https:\/\/www.salesianos.edu\/familiasalesiana\/todo-listo-para-la-celebracion-de-la-asamblea-de-las-asociaciones-de-maria-auxiliadora\/","name":"Todo listo para la celebraci\u00f3n de la Asamblea de las Asociaciones de Mar\u00eda Auxiliadora - Familia Salesiana","isPartOf":{"@id":"http:\/\/www.salesianos.edu\/familiasalesiana\/#website"},"primaryImageOfPage":{"@id":"https:\/\/www.salesianos.edu\/familiasalesiana\/todo-listo-para-la-celebracion-de-la-asamblea-de-las-asociaciones-de-maria-auxiliadora\/#primaryimage"},"image":{"@id":"https:\/\/www.salesianos.edu\/familiasalesiana\/todo-listo-para-la-celebracion-de-la-asamblea-de-las-asociaciones-de-maria-auxiliadora\/#primaryimage"},"thumbnailUrl":"https:\/\/www.salesianos.edu\/familiasalesiana\/wp-content\/uploads\/sites\/5\/2021\/03\/poster-mockup-at-a-contemporary-art-gallery-a10329.png","datePublished":"2021-04-16T10:43:04+00:00","dateModified":"2021-04-17T06:50:33+00:00","author":{"@id":"http:\/\/www.salesianos.edu\/familiasalesiana\/#\/schema\/person\/a1d72ee5373cce7347fb2993ba9f47d6"},"breadcrumb":{"@id":"https:\/\/www.salesianos.edu\/familiasalesiana\/todo-listo-para-la-celebracion-de-la-asamblea-de-las-asociaciones-de-maria-auxiliadora\/#breadcrumb"},"inLanguage":"es","potentialAction":[{"@type":"ReadAction","target":["https:\/\/www.salesianos.edu\/familiasalesiana\/todo-listo-para-la-celebracion-de-la-asamblea-de-las-asociaciones-de-maria-auxiliadora\/"]}]},{"@type":"ImageObject","inLanguage":"es","@id":"https:\/\/www.salesianos.edu\/familiasalesiana\/todo-listo-para-la-celebracion-de-la-asamblea-de-las-asociaciones-de-maria-auxiliadora\/#primaryimage","url":"https:\/\/www.salesianos.edu\/familiasalesiana\/wp-content\/uploads\/sites\/5\/2021\/03\/poster-mockup-at-a-contemporary-art-gallery-a10329.png","contentUrl":"https:\/\/www.salesianos.edu\/familiasalesiana\/wp-content\/uploads\/sites\/5\/2021\/03\/poster-mockup-at-a-contemporary-art-gallery-a10329.png","width":1920,"height":1440},{"@type":"BreadcrumbList","@id":"https:\/\/www.salesianos.edu\/familiasalesiana\/todo-listo-para-la-celebracion-de-la-asamblea-de-las-asociaciones-de-maria-auxiliadora\/#breadcrumb","itemListElement":[{"@type":"ListItem","position":1,"name":"Portada","item":"http:\/\/www.salesianos.edu\/familiasalesiana\/"},{"@type":"ListItem","position":2,"name":"Todo listo para la celebraci\u00f3n de la Asamblea de las Asociaciones de Mar\u00eda Auxiliadora"}]},{"@type":"WebSite","@id":"http:\/\/www.salesianos.edu\/familiasalesiana\/#website","url":"http:\/\/www.salesianos.edu\/familiasalesiana\/","name":"Familia Salesiana","description":"P\u00e1gina oficial de Inspector\u00eda Salesiana Mar\u00eda Auxiliadora","potentialAction":[{"@type":"SearchAction","target":{"@type":"EntryPoint","urlTemplate":"http:\/\/www.salesianos.edu\/familiasalesiana\/?s={search_term_string}"},"query-input":{"@type":"PropertyValueSpecification","valueRequired":true,"valueName":"search_term_string"}}],"inLanguage":"es"},{"@type":"Person","@id":"http:\/\/www.salesianos.edu\/familiasalesiana\/#\/schema\/person\/a1d72ee5373cce7347fb2993ba9f47d6","name":"joseluisgarciamoscoso","image":{"@type":"ImageObject","inLanguage":"es","@id":"https:\/\/secure.gravatar.com\/avatar\/3fda3a0b2db3bc9a39871e47cbd526b42d6c3b74755b7ae1400a87b2913fea6a?s=96&d=mm&r=g","url":"https:\/\/secure.gravatar.com\/avatar\/3fda3a0b2db3bc9a39871e47cbd526b42d6c3b74755b7ae1400a87b2913fea6a?s=96&d=mm&r=g","contentUrl":"https:\/\/secure.gravatar.com\/avatar\/3fda3a0b2db3bc9a39871e47cbd526b42d6c3b74755b7ae1400a87b2913fea6a?s=96&d=mm&r=g","caption":"joseluisgarciamoscoso"}}]}},"_links":{"self":[{"href":"https:\/\/www.salesianos.edu\/familiasalesiana\/wp-json\/wp\/v2\/posts\/9498","targetHints":{"allow":["GET"]}}],"collection":[{"href":"https:\/\/www.salesianos.edu\/familiasalesiana\/wp-json\/wp\/v2\/posts"}],"about":[{"href":"https:\/\/www.salesianos.edu\/familiasalesiana\/wp-json\/wp\/v2\/types\/post"}],"author":[{"embeddable":true,"href":"https:\/\/www.salesianos.edu\/familiasalesiana\/wp-json\/wp\/v2\/users\/12"}],"replies":[{"embeddable":true,"href":"https:\/\/www.salesianos.edu\/familiasalesiana\/wp-json\/wp\/v2\/comments?post=9498"}],"version-history":[{"count":8,"href":"https:\/\/www.salesianos.edu\/familiasalesiana\/wp-json\/wp\/v2\/posts\/9498\/revisions"}],"predecessor-version":[{"id":9543,"href":"https:\/\/www.salesianos.edu\/familiasalesiana\/wp-json\/wp\/v2\/posts\/9498\/revisions\/9543"}],"wp:featuredmedia":[{"embeddable":true,"href":"https:\/\/www.salesianos.edu\/familiasalesiana\/wp-json\/wp\/v2\/media\/9502"}],"wp:attachment":[{"href":"https:\/\/www.salesianos.edu\/familiasalesiana\/wp-json\/wp\/v2\/media?parent=9498"}],"wp:term":[{"taxonomy":"category","embeddable":true,"href":"https:\/\/www.salesianos.edu\/familiasalesiana\/wp-json\/wp\/v2\/categories?post=9498"},{"taxonomy":"post_tag","embeddable":true,"href":"https:\/\/www.salesianos.edu\/familiasalesiana\/wp-json\/wp\/v2\/tags?post=9498"}],"curies":[{"name":"wp","href":"https:\/\/api.w.org\/{rel}","templated":true}]}}