{"id":9472,"date":"2021-03-22T14:34:35","date_gmt":"2021-03-22T13:34:35","guid":{"rendered":"https:\/\/www.salesianos.edu\/familiasalesiana\/?p=9472"},"modified":"2021-03-22T14:39:58","modified_gmt":"2021-03-22T13:39:58","slug":"jerez-de-la-frontera-vive-la-coronacion-liturgica-de-maria-santisima-madre-de-la-iglesia","status":"publish","type":"post","link":"https:\/\/www.salesianos.edu\/familiasalesiana\/jerez-de-la-frontera-vive-la-coronacion-liturgica-de-maria-santisima-madre-de-la-iglesia\/","title":{"rendered":"Jerez de la Frontera vive la Coronaci\u00f3n Lit\u00fargica de Mar\u00eda Sant\u00edsima Madre de la Iglesia"},"content":{"rendered":"<div id=\"fb-root\"><\/div>\n<p>[et_pb_section fb_built=\u00bb1&#8243; admin_label=\u00bbsection\u00bb _builder_version=\u00bb3.22&#8243;][et_pb_row admin_label=\u00bbrow\u00bb _builder_version=\u00bb3.25&#8243; background_size=\u00bbinitial\u00bb background_position=\u00bbtop_left\u00bb background_repeat=\u00bbrepeat\u00bb][et_pb_column type=\u00bb4_4&#8243; _builder_version=\u00bb3.25&#8243; custom_padding=\u00bb|||\u00bb custom_padding__hover=\u00bb|||\u00bb][et_pb_text _builder_version=\u00bb4.9.2&#8243; _module_preset=\u00bbdefault\u00bb]<\/p>\n<div><em>Por Comunicaci\u00f3n Hermandades<\/em><\/div>\n<p>&nbsp;<\/p>\n<div>\n<div dir=\"ltr\" data-smartmail=\"gmail_signature\">\n<div dir=\"ltr\">\n<div dir=\"ltr\">\n<div dir=\"ltr\">\n<div dir=\"ltr\">\n<div dir=\"ltr\">\n<div dir=\"ltr\">\n<div dir=\"ltr\">\n<div dir=\"ltr\">\n<div dir=\"ltr\">\n<div dir=\"ltr\">\n<div dir=\"ltr\">\n<div dir=\"ltr\">\n<div dir=\"ltr\">\n<div dir=\"ltr\">\n<div dir=\"ltr\">\n<div dir=\"ltr\">\n<p>La hermandad de La Redenci\u00f3n de Jerez de la\u00a0Frontera celebr\u00f3 el d\u00eda 20, durante la misa de 19:00, la coronaci\u00f3n lit\u00fargicamente de Mar\u00eda Sant\u00edsima Madre de la Iglesia, Auxiliadora del Pueblo de Dios en una celebraci\u00f3n presidida por el salesiano Mario Pardos Ruesca,\u00a0Director Espiritual de la hermandad.<\/p>\n<\/div>\n<div dir=\"ltr\">\n<p>El culto se inici\u00f3 con el rezo del santo rosario a las 18:30 y la posterior Eucarist\u00eda fue retransmitida a trav\u00e9s de la de P\u00e1gina Facebook. para que de este modo todos los Hermanos y Devotos que no pudieron estar presentes siguieran el acto por las redes sociales.<\/p>\n<\/div>\n<\/div>\n<\/div>\n<\/div>\n<\/div>\n<\/div>\n<\/div>\n<\/div>\n<\/div>\n<\/div>\n<\/div>\n<\/div>\n<\/div>\n<\/div>\n<\/div>\n<\/div>\n<\/div>\n<\/div>\n<p>[\/et_pb_text][et_pb_code _builder_version=\u00bb4.9.2&#8243; _module_preset=\u00bbdefault\u00bb]<iframe loading=\"lazy\" src=\"https:\/\/www.facebook.com\/plugins\/video.php?height=314&#038;href=https%3A%2F%2Fwww.facebook.com%2F959619447430755%2Fvideos%2F180360853895651%2F&#038;show_text=false&#038;width=560\" width=\"1080\" height=\"720<!-- [et_pb_line_break_holder] -->\u00bb style=\u00bbborder:none;overflow:hidden\u00bb scrolling=\u00bbno\u00bb frameborder=\u00bb0&#8243; allowfullscreen=\u00bbtrue\u00bb allow=\u00bbautoplay; clipboard-write; encrypted-media; picture-in-picture; web-share\u00bb allowFullScreen=\u00bbtrue\u00bb><\/iframe><!-- [et_pb_line_break_holder] -->[\/et_pb_code][et_pb_text _builder_version=\u00bb4.9.2&#8243; _module_preset=\u00bbdefault\u00bb]<\/p>\n<p>Cabe destacar que la Corona fue donada por los hermanos y sus numerosos devotos. \u00abGracias siempre al amor que se le profesa a ella\u00bb, compart\u00edan durante la celebraci\u00f3n al hacer referencia a esta muestra de agradecimiento. Adem\u00e1s, el matrimonio formado por D. \u00c1lvaro Domecq y D\u00aa Maribel Domecq (Camarera de la Virgen) firmaron la patente como padrinos de la Coronaci\u00f3n de Mar\u00eda Sant\u00edsima Madre De la Iglesia en una jornada para el recuerdo.<\/p>\n<p>[\/et_pb_text][et_pb_gallery _builder_version=\u00bb4.9.2&#8243; _module_preset=\u00bbdefault\u00bb gallery_ids=\u00bb9489,9490,9491,9492&#8243; show_title_and_caption=\u00bboff\u00bb show_pagination=\u00bboff\u00bb border_radii=\u00bbon|25px|25px|25px|25px\u00bb border_color_all=\u00bb#DC001B\u00bb border_width_all=\u00bb2px\u00bb hover_enabled=\u00bb0&#8243; sticky_enabled=\u00bb0&#8243;][\/et_pb_gallery][\/et_pb_column][\/et_pb_row][\/et_pb_section]<\/p>\n","protected":false},"excerpt":{"rendered":"<p>El matrimonio formado por D. \u00c1lvaro Domecq y D\u00aa Maribel Domecq (Camarera de la Virgen) firmaron la patente como padrinos de la Coronaci\u00f3n de Mar\u00eda Sant\u00edsima Madre De la Iglesia en una jornada para el recuerdo.<\/p>\n","protected":false},"author":12,"featured_media":9465,"comment_status":"open","ping_status":"open","sticky":false,"template":"","format":"standard","meta":{"_et_pb_use_builder":"on","_et_pb_old_content":"","_et_gb_content_width":"","footnotes":""},"categories":[27,59],"tags":[],"class_list":["post-9472","post","type-post","status-publish","format-standard","has-post-thumbnail","hentry","category-fasa","category-hermandades"],"yoast_head":"<!-- This site is optimized with the Yoast SEO plugin v27.5 - https:\/\/yoast.com\/product\/yoast-seo-wordpress\/ -->\n<title>Jerez de la Frontera vive la Coronaci\u00f3n Lit\u00fargica de Mar\u00eda Sant\u00edsima Madre de la Iglesia - Familia Salesiana<\/title>\n<meta name=\"robots\" content=\"index, follow, max-snippet:-1, max-image-preview:large, max-video-preview:-1\" \/>\n<link rel=\"canonical\" href=\"https:\/\/www.salesianos.edu\/familiasalesiana\/jerez-de-la-frontera-vive-la-coronacion-liturgica-de-maria-santisima-madre-de-la-iglesia\/\" \/>\n<meta property=\"og:locale\" content=\"es_ES\" \/>\n<meta property=\"og:type\" content=\"article\" \/>\n<meta property=\"og:title\" content=\"Jerez de la Frontera vive la Coronaci\u00f3n Lit\u00fargica de Mar\u00eda Sant\u00edsima Madre de la Iglesia - Familia Salesiana\" \/>\n<meta property=\"og:description\" content=\"El matrimonio formado por D. \u00c1lvaro Domecq y D\u00aa Maribel Domecq (Camarera de la Virgen) firmaron la patente como padrinos de la Coronaci\u00f3n de Mar\u00eda Sant\u00edsima Madre De la Iglesia en una jornada para el recuerdo.\" \/>\n<meta property=\"og:url\" content=\"https:\/\/www.salesianos.edu\/familiasalesiana\/jerez-de-la-frontera-vive-la-coronacion-liturgica-de-maria-santisima-madre-de-la-iglesia\/\" \/>\n<meta property=\"og:site_name\" content=\"Familia Salesiana\" \/>\n<meta property=\"article:published_time\" content=\"2021-03-22T13:34:35+00:00\" \/>\n<meta property=\"article:modified_time\" content=\"2021-03-22T13:39:58+00:00\" \/>\n<meta property=\"og:image\" content=\"https:\/\/www.salesianos.edu\/familiasalesiana\/wp-content\/uploads\/sites\/5\/2021\/03\/coronaaaa.jpg\" \/>\n\t<meta property=\"og:image:width\" content=\"1000\" \/>\n\t<meta property=\"og:image:height\" content=\"667\" \/>\n\t<meta property=\"og:image:type\" content=\"image\/jpeg\" \/>\n<meta name=\"author\" content=\"joseluisgarciamoscoso\" \/>\n<meta name=\"twitter:card\" content=\"summary_large_image\" \/>\n<meta name=\"twitter:label1\" content=\"Escrito por\" \/>\n\t<meta name=\"twitter:data1\" content=\"joseluisgarciamoscoso\" \/>\n\t<meta name=\"twitter:label2\" content=\"Tiempo de lectura\" \/>\n\t<meta name=\"twitter:data2\" content=\"1 minuto\" \/>\n<script type=\"application\/ld+json\" class=\"yoast-schema-graph\">{\"@context\":\"https:\\\/\\\/schema.org\",\"@graph\":[{\"@type\":\"Article\",\"@id\":\"https:\\\/\\\/www.salesianos.edu\\\/familiasalesiana\\\/jerez-de-la-frontera-vive-la-coronacion-liturgica-de-maria-santisima-madre-de-la-iglesia\\\/#article\",\"isPartOf\":{\"@id\":\"https:\\\/\\\/www.salesianos.edu\\\/familiasalesiana\\\/jerez-de-la-frontera-vive-la-coronacion-liturgica-de-maria-santisima-madre-de-la-iglesia\\\/\"},\"author\":{\"name\":\"joseluisgarciamoscoso\",\"@id\":\"http:\\\/\\\/www.salesianos.edu\\\/familiasalesiana\\\/#\\\/schema\\\/person\\\/a1d72ee5373cce7347fb2993ba9f47d6\"},\"headline\":\"Jerez de la Frontera vive la Coronaci\u00f3n Lit\u00fargica de Mar\u00eda Sant\u00edsima Madre de la Iglesia\",\"datePublished\":\"2021-03-22T13:34:35+00:00\",\"dateModified\":\"2021-03-22T13:39:58+00:00\",\"mainEntityOfPage\":{\"@id\":\"https:\\\/\\\/www.salesianos.edu\\\/familiasalesiana\\\/jerez-de-la-frontera-vive-la-coronacion-liturgica-de-maria-santisima-madre-de-la-iglesia\\\/\"},\"wordCount\":186,\"commentCount\":0,\"image\":{\"@id\":\"https:\\\/\\\/www.salesianos.edu\\\/familiasalesiana\\\/jerez-de-la-frontera-vive-la-coronacion-liturgica-de-maria-santisima-madre-de-la-iglesia\\\/#primaryimage\"},\"thumbnailUrl\":\"https:\\\/\\\/www.salesianos.edu\\\/familiasalesiana\\\/wp-content\\\/uploads\\\/sites\\\/5\\\/2021\\\/03\\\/coronaaaa.jpg\",\"articleSection\":[\"Familia Salesiana\",\"Hermandades\"],\"inLanguage\":\"es\",\"potentialAction\":[{\"@type\":\"CommentAction\",\"name\":\"Comment\",\"target\":[\"https:\\\/\\\/www.salesianos.edu\\\/familiasalesiana\\\/jerez-de-la-frontera-vive-la-coronacion-liturgica-de-maria-santisima-madre-de-la-iglesia\\\/#respond\"]}]},{\"@type\":\"WebPage\",\"@id\":\"https:\\\/\\\/www.salesianos.edu\\\/familiasalesiana\\\/jerez-de-la-frontera-vive-la-coronacion-liturgica-de-maria-santisima-madre-de-la-iglesia\\\/\",\"url\":\"https:\\\/\\\/www.salesianos.edu\\\/familiasalesiana\\\/jerez-de-la-frontera-vive-la-coronacion-liturgica-de-maria-santisima-madre-de-la-iglesia\\\/\",\"name\":\"Jerez de la Frontera vive la Coronaci\u00f3n Lit\u00fargica de Mar\u00eda Sant\u00edsima Madre de la Iglesia - Familia Salesiana\",\"isPartOf\":{\"@id\":\"http:\\\/\\\/www.salesianos.edu\\\/familiasalesiana\\\/#website\"},\"primaryImageOfPage\":{\"@id\":\"https:\\\/\\\/www.salesianos.edu\\\/familiasalesiana\\\/jerez-de-la-frontera-vive-la-coronacion-liturgica-de-maria-santisima-madre-de-la-iglesia\\\/#primaryimage\"},\"image\":{\"@id\":\"https:\\\/\\\/www.salesianos.edu\\\/familiasalesiana\\\/jerez-de-la-frontera-vive-la-coronacion-liturgica-de-maria-santisima-madre-de-la-iglesia\\\/#primaryimage\"},\"thumbnailUrl\":\"https:\\\/\\\/www.salesianos.edu\\\/familiasalesiana\\\/wp-content\\\/uploads\\\/sites\\\/5\\\/2021\\\/03\\\/coronaaaa.jpg\",\"datePublished\":\"2021-03-22T13:34:35+00:00\",\"dateModified\":\"2021-03-22T13:39:58+00:00\",\"author\":{\"@id\":\"http:\\\/\\\/www.salesianos.edu\\\/familiasalesiana\\\/#\\\/schema\\\/person\\\/a1d72ee5373cce7347fb2993ba9f47d6\"},\"breadcrumb\":{\"@id\":\"https:\\\/\\\/www.salesianos.edu\\\/familiasalesiana\\\/jerez-de-la-frontera-vive-la-coronacion-liturgica-de-maria-santisima-madre-de-la-iglesia\\\/#breadcrumb\"},\"inLanguage\":\"es\",\"potentialAction\":[{\"@type\":\"ReadAction\",\"target\":[\"https:\\\/\\\/www.salesianos.edu\\\/familiasalesiana\\\/jerez-de-la-frontera-vive-la-coronacion-liturgica-de-maria-santisima-madre-de-la-iglesia\\\/\"]}]},{\"@type\":\"ImageObject\",\"inLanguage\":\"es\",\"@id\":\"https:\\\/\\\/www.salesianos.edu\\\/familiasalesiana\\\/jerez-de-la-frontera-vive-la-coronacion-liturgica-de-maria-santisima-madre-de-la-iglesia\\\/#primaryimage\",\"url\":\"https:\\\/\\\/www.salesianos.edu\\\/familiasalesiana\\\/wp-content\\\/uploads\\\/sites\\\/5\\\/2021\\\/03\\\/coronaaaa.jpg\",\"contentUrl\":\"https:\\\/\\\/www.salesianos.edu\\\/familiasalesiana\\\/wp-content\\\/uploads\\\/sites\\\/5\\\/2021\\\/03\\\/coronaaaa.jpg\",\"width\":1000,\"height\":667},{\"@type\":\"BreadcrumbList\",\"@id\":\"https:\\\/\\\/www.salesianos.edu\\\/familiasalesiana\\\/jerez-de-la-frontera-vive-la-coronacion-liturgica-de-maria-santisima-madre-de-la-iglesia\\\/#breadcrumb\",\"itemListElement\":[{\"@type\":\"ListItem\",\"position\":1,\"name\":\"Portada\",\"item\":\"http:\\\/\\\/www.salesianos.edu\\\/familiasalesiana\\\/\"},{\"@type\":\"ListItem\",\"position\":2,\"name\":\"Jerez de la Frontera vive la Coronaci\u00f3n Lit\u00fargica de Mar\u00eda Sant\u00edsima Madre de la Iglesia\"}]},{\"@type\":\"WebSite\",\"@id\":\"http:\\\/\\\/www.salesianos.edu\\\/familiasalesiana\\\/#website\",\"url\":\"http:\\\/\\\/www.salesianos.edu\\\/familiasalesiana\\\/\",\"name\":\"Familia Salesiana\",\"description\":\"P\u00e1gina oficial de Inspector\u00eda Salesiana Mar\u00eda Auxiliadora\",\"potentialAction\":[{\"@type\":\"SearchAction\",\"target\":{\"@type\":\"EntryPoint\",\"urlTemplate\":\"http:\\\/\\\/www.salesianos.edu\\\/familiasalesiana\\\/?s={search_term_string}\"},\"query-input\":{\"@type\":\"PropertyValueSpecification\",\"valueRequired\":true,\"valueName\":\"search_term_string\"}}],\"inLanguage\":\"es\"},{\"@type\":\"Person\",\"@id\":\"http:\\\/\\\/www.salesianos.edu\\\/familiasalesiana\\\/#\\\/schema\\\/person\\\/a1d72ee5373cce7347fb2993ba9f47d6\",\"name\":\"joseluisgarciamoscoso\",\"image\":{\"@type\":\"ImageObject\",\"inLanguage\":\"es\",\"@id\":\"https:\\\/\\\/secure.gravatar.com\\\/avatar\\\/3fda3a0b2db3bc9a39871e47cbd526b42d6c3b74755b7ae1400a87b2913fea6a?s=96&d=mm&r=g\",\"url\":\"https:\\\/\\\/secure.gravatar.com\\\/avatar\\\/3fda3a0b2db3bc9a39871e47cbd526b42d6c3b74755b7ae1400a87b2913fea6a?s=96&d=mm&r=g\",\"contentUrl\":\"https:\\\/\\\/secure.gravatar.com\\\/avatar\\\/3fda3a0b2db3bc9a39871e47cbd526b42d6c3b74755b7ae1400a87b2913fea6a?s=96&d=mm&r=g\",\"caption\":\"joseluisgarciamoscoso\"}}]}<\/script>\n<!-- \/ Yoast SEO plugin. -->","yoast_head_json":{"title":"Jerez de la Frontera vive la Coronaci\u00f3n Lit\u00fargica de Mar\u00eda Sant\u00edsima Madre de la Iglesia - Familia Salesiana","robots":{"index":"index","follow":"follow","max-snippet":"max-snippet:-1","max-image-preview":"max-image-preview:large","max-video-preview":"max-video-preview:-1"},"canonical":"https:\/\/www.salesianos.edu\/familiasalesiana\/jerez-de-la-frontera-vive-la-coronacion-liturgica-de-maria-santisima-madre-de-la-iglesia\/","og_locale":"es_ES","og_type":"article","og_title":"Jerez de la Frontera vive la Coronaci\u00f3n Lit\u00fargica de Mar\u00eda Sant\u00edsima Madre de la Iglesia - Familia Salesiana","og_description":"El matrimonio formado por D. \u00c1lvaro Domecq y D\u00aa Maribel Domecq (Camarera de la Virgen) firmaron la patente como padrinos de la Coronaci\u00f3n de Mar\u00eda Sant\u00edsima Madre De la Iglesia en una jornada para el recuerdo.","og_url":"https:\/\/www.salesianos.edu\/familiasalesiana\/jerez-de-la-frontera-vive-la-coronacion-liturgica-de-maria-santisima-madre-de-la-iglesia\/","og_site_name":"Familia Salesiana","article_published_time":"2021-03-22T13:34:35+00:00","article_modified_time":"2021-03-22T13:39:58+00:00","og_image":[{"width":1000,"height":667,"url":"https:\/\/www.salesianos.edu\/familiasalesiana\/wp-content\/uploads\/sites\/5\/2021\/03\/coronaaaa.jpg","type":"image\/jpeg"}],"author":"joseluisgarciamoscoso","twitter_card":"summary_large_image","twitter_misc":{"Escrito por":"joseluisgarciamoscoso","Tiempo de lectura":"1 minuto"},"schema":{"@context":"https:\/\/schema.org","@graph":[{"@type":"Article","@id":"https:\/\/www.salesianos.edu\/familiasalesiana\/jerez-de-la-frontera-vive-la-coronacion-liturgica-de-maria-santisima-madre-de-la-iglesia\/#article","isPartOf":{"@id":"https:\/\/www.salesianos.edu\/familiasalesiana\/jerez-de-la-frontera-vive-la-coronacion-liturgica-de-maria-santisima-madre-de-la-iglesia\/"},"author":{"name":"joseluisgarciamoscoso","@id":"http:\/\/www.salesianos.edu\/familiasalesiana\/#\/schema\/person\/a1d72ee5373cce7347fb2993ba9f47d6"},"headline":"Jerez de la Frontera vive la Coronaci\u00f3n Lit\u00fargica de Mar\u00eda Sant\u00edsima Madre de la Iglesia","datePublished":"2021-03-22T13:34:35+00:00","dateModified":"2021-03-22T13:39:58+00:00","mainEntityOfPage":{"@id":"https:\/\/www.salesianos.edu\/familiasalesiana\/jerez-de-la-frontera-vive-la-coronacion-liturgica-de-maria-santisima-madre-de-la-iglesia\/"},"wordCount":186,"commentCount":0,"image":{"@id":"https:\/\/www.salesianos.edu\/familiasalesiana\/jerez-de-la-frontera-vive-la-coronacion-liturgica-de-maria-santisima-madre-de-la-iglesia\/#primaryimage"},"thumbnailUrl":"https:\/\/www.salesianos.edu\/familiasalesiana\/wp-content\/uploads\/sites\/5\/2021\/03\/coronaaaa.jpg","articleSection":["Familia Salesiana","Hermandades"],"inLanguage":"es","potentialAction":[{"@type":"CommentAction","name":"Comment","target":["https:\/\/www.salesianos.edu\/familiasalesiana\/jerez-de-la-frontera-vive-la-coronacion-liturgica-de-maria-santisima-madre-de-la-iglesia\/#respond"]}]},{"@type":"WebPage","@id":"https:\/\/www.salesianos.edu\/familiasalesiana\/jerez-de-la-frontera-vive-la-coronacion-liturgica-de-maria-santisima-madre-de-la-iglesia\/","url":"https:\/\/www.salesianos.edu\/familiasalesiana\/jerez-de-la-frontera-vive-la-coronacion-liturgica-de-maria-santisima-madre-de-la-iglesia\/","name":"Jerez de la Frontera vive la Coronaci\u00f3n Lit\u00fargica de Mar\u00eda Sant\u00edsima Madre de la Iglesia - Familia Salesiana","isPartOf":{"@id":"http:\/\/www.salesianos.edu\/familiasalesiana\/#website"},"primaryImageOfPage":{"@id":"https:\/\/www.salesianos.edu\/familiasalesiana\/jerez-de-la-frontera-vive-la-coronacion-liturgica-de-maria-santisima-madre-de-la-iglesia\/#primaryimage"},"image":{"@id":"https:\/\/www.salesianos.edu\/familiasalesiana\/jerez-de-la-frontera-vive-la-coronacion-liturgica-de-maria-santisima-madre-de-la-iglesia\/#primaryimage"},"thumbnailUrl":"https:\/\/www.salesianos.edu\/familiasalesiana\/wp-content\/uploads\/sites\/5\/2021\/03\/coronaaaa.jpg","datePublished":"2021-03-22T13:34:35+00:00","dateModified":"2021-03-22T13:39:58+00:00","author":{"@id":"http:\/\/www.salesianos.edu\/familiasalesiana\/#\/schema\/person\/a1d72ee5373cce7347fb2993ba9f47d6"},"breadcrumb":{"@id":"https:\/\/www.salesianos.edu\/familiasalesiana\/jerez-de-la-frontera-vive-la-coronacion-liturgica-de-maria-santisima-madre-de-la-iglesia\/#breadcrumb"},"inLanguage":"es","potentialAction":[{"@type":"ReadAction","target":["https:\/\/www.salesianos.edu\/familiasalesiana\/jerez-de-la-frontera-vive-la-coronacion-liturgica-de-maria-santisima-madre-de-la-iglesia\/"]}]},{"@type":"ImageObject","inLanguage":"es","@id":"https:\/\/www.salesianos.edu\/familiasalesiana\/jerez-de-la-frontera-vive-la-coronacion-liturgica-de-maria-santisima-madre-de-la-iglesia\/#primaryimage","url":"https:\/\/www.salesianos.edu\/familiasalesiana\/wp-content\/uploads\/sites\/5\/2021\/03\/coronaaaa.jpg","contentUrl":"https:\/\/www.salesianos.edu\/familiasalesiana\/wp-content\/uploads\/sites\/5\/2021\/03\/coronaaaa.jpg","width":1000,"height":667},{"@type":"BreadcrumbList","@id":"https:\/\/www.salesianos.edu\/familiasalesiana\/jerez-de-la-frontera-vive-la-coronacion-liturgica-de-maria-santisima-madre-de-la-iglesia\/#breadcrumb","itemListElement":[{"@type":"ListItem","position":1,"name":"Portada","item":"http:\/\/www.salesianos.edu\/familiasalesiana\/"},{"@type":"ListItem","position":2,"name":"Jerez de la Frontera vive la Coronaci\u00f3n Lit\u00fargica de Mar\u00eda Sant\u00edsima Madre de la Iglesia"}]},{"@type":"WebSite","@id":"http:\/\/www.salesianos.edu\/familiasalesiana\/#website","url":"http:\/\/www.salesianos.edu\/familiasalesiana\/","name":"Familia Salesiana","description":"P\u00e1gina oficial de Inspector\u00eda Salesiana Mar\u00eda Auxiliadora","potentialAction":[{"@type":"SearchAction","target":{"@type":"EntryPoint","urlTemplate":"http:\/\/www.salesianos.edu\/familiasalesiana\/?s={search_term_string}"},"query-input":{"@type":"PropertyValueSpecification","valueRequired":true,"valueName":"search_term_string"}}],"inLanguage":"es"},{"@type":"Person","@id":"http:\/\/www.salesianos.edu\/familiasalesiana\/#\/schema\/person\/a1d72ee5373cce7347fb2993ba9f47d6","name":"joseluisgarciamoscoso","image":{"@type":"ImageObject","inLanguage":"es","@id":"https:\/\/secure.gravatar.com\/avatar\/3fda3a0b2db3bc9a39871e47cbd526b42d6c3b74755b7ae1400a87b2913fea6a?s=96&d=mm&r=g","url":"https:\/\/secure.gravatar.com\/avatar\/3fda3a0b2db3bc9a39871e47cbd526b42d6c3b74755b7ae1400a87b2913fea6a?s=96&d=mm&r=g","contentUrl":"https:\/\/secure.gravatar.com\/avatar\/3fda3a0b2db3bc9a39871e47cbd526b42d6c3b74755b7ae1400a87b2913fea6a?s=96&d=mm&r=g","caption":"joseluisgarciamoscoso"}}]}},"_links":{"self":[{"href":"https:\/\/www.salesianos.edu\/familiasalesiana\/wp-json\/wp\/v2\/posts\/9472","targetHints":{"allow":["GET"]}}],"collection":[{"href":"https:\/\/www.salesianos.edu\/familiasalesiana\/wp-json\/wp\/v2\/posts"}],"about":[{"href":"https:\/\/www.salesianos.edu\/familiasalesiana\/wp-json\/wp\/v2\/types\/post"}],"author":[{"embeddable":true,"href":"https:\/\/www.salesianos.edu\/familiasalesiana\/wp-json\/wp\/v2\/users\/12"}],"replies":[{"embeddable":true,"href":"https:\/\/www.salesianos.edu\/familiasalesiana\/wp-json\/wp\/v2\/comments?post=9472"}],"version-history":[{"count":4,"href":"https:\/\/www.salesianos.edu\/familiasalesiana\/wp-json\/wp\/v2\/posts\/9472\/revisions"}],"predecessor-version":[{"id":9494,"href":"https:\/\/www.salesianos.edu\/familiasalesiana\/wp-json\/wp\/v2\/posts\/9472\/revisions\/9494"}],"wp:featuredmedia":[{"embeddable":true,"href":"https:\/\/www.salesianos.edu\/familiasalesiana\/wp-json\/wp\/v2\/media\/9465"}],"wp:attachment":[{"href":"https:\/\/www.salesianos.edu\/familiasalesiana\/wp-json\/wp\/v2\/media?parent=9472"}],"wp:term":[{"taxonomy":"category","embeddable":true,"href":"https:\/\/www.salesianos.edu\/familiasalesiana\/wp-json\/wp\/v2\/categories?post=9472"},{"taxonomy":"post_tag","embeddable":true,"href":"https:\/\/www.salesianos.edu\/familiasalesiana\/wp-json\/wp\/v2\/tags?post=9472"}],"curies":[{"name":"wp","href":"https:\/\/api.w.org\/{rel}","templated":true}]}}