{"id":9468,"date":"2021-03-22T14:25:21","date_gmt":"2021-03-22T13:25:21","guid":{"rendered":"https:\/\/www.salesianos.edu\/familiasalesiana\/?p=9468"},"modified":"2021-03-22T14:32:00","modified_gmt":"2021-03-22T13:32:00","slug":"una-emotiva-eucaristia-conmemoro-el-125o-aniversario-de-la-asociacion-de-maria-auxiliadora-de-utrera","status":"publish","type":"post","link":"https:\/\/www.salesianos.edu\/familiasalesiana\/una-emotiva-eucaristia-conmemoro-el-125o-aniversario-de-la-asociacion-de-maria-auxiliadora-de-utrera\/","title":{"rendered":"Una emotiva eucarist\u00eda conmemor\u00f3 el 125\u00ba aniversario de la asociaci\u00f3n de Mar\u00eda Auxiliadora de Utrera"},"content":{"rendered":"<div id=\"fb-root\"><\/div>\n<p>[et_pb_section fb_built=\u00bb1&#8243; _builder_version=\u00bb4.9.2&#8243; _module_preset=\u00bbdefault\u00bb][et_pb_row _builder_version=\u00bb4.9.2&#8243; _module_preset=\u00bbdefault\u00bb][et_pb_column type=\u00bb4_4&#8243; _builder_version=\u00bb4.9.2&#8243; _module_preset=\u00bbdefault\u00bb][et_pb_text _builder_version=\u00bb4.9.2&#8243; _module_preset=\u00bbdefault\u00bb]<\/p>\n<p>En la \u2018Casa Madre\u2019 de los Salesianos en Espa\u00f1a se encuentra tambi\u00e9n la asociaci\u00f3n de Mar\u00eda Auxiliadora m\u00e1s antigua del pa\u00eds, y la n\u00famero 17 de todo el planeta. Esta entidad se encuentra conmemorando sus 125 a\u00f1os de existencia, con motivo de lo cual se han programado diversos actos.<\/p>\n<p>Una de esas convocatorias ha sido la celebraci\u00f3n de una eucarist\u00eda de acci\u00f3n de gracias. El encargado de presidirla fue D. Juan Carlos P\u00e9rez Godoy, quien actualmente ejerce como consejero general para la Regi\u00f3n Mediterr\u00e1nea de los Salesianos. Junto a \u00e9l estuvo concelebrando esta misa el delegado inspectorial para la Familia Salesiana, D. Luis Fernando \u00c1lvarez; as\u00ed como los miembros de la comunidad de Utrera y otras personas cercanas a la Casa.<\/p>\n<p>Un nutrido grupo de devotos acudi\u00f3 a la iglesia Nuestra Se\u00f1ora del Carmen para participar en una misa que tambi\u00e9n sirvi\u00f3 para recordar a las personas que han dado vida a esta entidad salesiana desde que fuera erigida can\u00f3nicamente el 13 de marzo de 1896. Dicho recuerdo se materializ\u00f3 de manera especial con los \u00faltimos directores que han trabajado en la \u2018Casa Madre\u2019, as\u00ed como con las \u00faltimas presidentas de la asociaci\u00f3n. En el caso de los presb\u00edteros, pudo desplazarse hasta Utrera D. Fernando B\u00e1\u00f1ez, que se uni\u00f3 al actual salesiano en este cargo, D. Ram\u00f3n Ronda \u2013tambi\u00e9n se tuvo presente a D. Guillermo Gonz\u00e1lez, D. Carmelo Pulido, y al desaparecido D. Juan Jos\u00e9 Guti\u00e9rrez Galeote-. Por su parte, estuvieron las anteriores cuatro presidentas (Mar\u00eda de los \u00c1ngeles M\u00e1rquez, Isabel Gallardo, Encarnaci\u00f3n Al\u00e9 y Mar\u00eda Jos\u00e9 S\u00e1nchez). Todos ellos recibieron una r\u00e9plica del cartel anunciador de la efem\u00e9ride.<\/p>\n<p>En este acto estuvieron presentes los distintos grupos de la Familia Salesiana de Utrera, y tambi\u00e9n acudieron la delegada de Festejos del Ayuntamiento, la secretaria del Consejo Local de Hermandades y Cofrad\u00edas, y la superiora y otras miembros de la comunidad de las Hijas de Mar\u00eda Auxiliadora de la ciudad.<\/p>\n<p>La imagen de la Virgen que San Juan Bosc\u00f3 envi\u00f3 a la ciudad en 1885 fue la encargada de presidir este acto desde su camar\u00edn, luciendo de una forma in\u00e9dita, con un exorno floral especial ante esta celebraci\u00f3n por el siglo y cuarto de vida de la asociaci\u00f3n. Adem\u00e1s, port\u00f3 la presea de su coronaci\u00f3n can\u00f3nica, en un a\u00f1o en el que se cumple su cuadrag\u00e9simo aniversario.<\/p>\n<p>[\/et_pb_text][et_pb_gallery _builder_version=\u00bb4.9.2&#8243; _module_preset=\u00bbdefault\u00bb gallery_ids=\u00bb9471,9470,9469,9467&#8243; border_radii=\u00bbon|25px|25px|25px|25px\u00bb border_color_all=\u00bb#DC001B\u00bb show_title_and_caption=\u00bboff\u00bb show_pagination=\u00bboff\u00bb hover_enabled=\u00bb0&#8243; sticky_enabled=\u00bb0&#8243;][\/et_pb_gallery][\/et_pb_column][\/et_pb_row][\/et_pb_section]<\/p>\n","protected":false},"excerpt":{"rendered":"<p>En la misa se entregaron sendos recuerdos a los directores y anteriores presidentas de la entidad salesiana<\/p>\n","protected":false},"author":12,"featured_media":9471,"comment_status":"open","ping_status":"open","sticky":false,"template":"","format":"standard","meta":{"_et_pb_use_builder":"on","_et_pb_old_content":"","_et_gb_content_width":"","footnotes":""},"categories":[53,46,1],"tags":[],"class_list":["post-9468","post","type-post","status-publish","format-standard","has-post-thumbnail","hentry","category-adma","category-curso20-21","category-uncategorized"],"yoast_head":"<!-- This site is optimized with the Yoast SEO plugin v27.5 - https:\/\/yoast.com\/product\/yoast-seo-wordpress\/ -->\n<title>Una emotiva eucarist\u00eda conmemor\u00f3 el 125\u00ba aniversario de la asociaci\u00f3n de Mar\u00eda Auxiliadora de Utrera - Familia Salesiana<\/title>\n<meta name=\"robots\" content=\"index, follow, max-snippet:-1, max-image-preview:large, max-video-preview:-1\" \/>\n<link rel=\"canonical\" href=\"https:\/\/www.salesianos.edu\/familiasalesiana\/una-emotiva-eucaristia-conmemoro-el-125o-aniversario-de-la-asociacion-de-maria-auxiliadora-de-utrera\/\" \/>\n<meta property=\"og:locale\" content=\"es_ES\" \/>\n<meta property=\"og:type\" content=\"article\" \/>\n<meta property=\"og:title\" content=\"Una emotiva eucarist\u00eda conmemor\u00f3 el 125\u00ba aniversario de la asociaci\u00f3n de Mar\u00eda Auxiliadora de Utrera - Familia Salesiana\" \/>\n<meta property=\"og:description\" content=\"En la misa se entregaron sendos recuerdos a los directores y anteriores presidentas de la entidad salesiana\" \/>\n<meta property=\"og:url\" content=\"https:\/\/www.salesianos.edu\/familiasalesiana\/una-emotiva-eucaristia-conmemoro-el-125o-aniversario-de-la-asociacion-de-maria-auxiliadora-de-utrera\/\" \/>\n<meta property=\"og:site_name\" content=\"Familia Salesiana\" \/>\n<meta property=\"article:published_time\" content=\"2021-03-22T13:25:21+00:00\" \/>\n<meta property=\"article:modified_time\" content=\"2021-03-22T13:32:00+00:00\" \/>\n<meta property=\"og:image\" content=\"https:\/\/www.salesianos.edu\/familiasalesiana\/wp-content\/uploads\/sites\/5\/2021\/03\/ADMA-125oaniv-misa-accion-de-gracias-6-scaled.jpg\" \/>\n\t<meta property=\"og:image:width\" content=\"2560\" \/>\n\t<meta property=\"og:image:height\" content=\"1696\" \/>\n\t<meta property=\"og:image:type\" content=\"image\/jpeg\" \/>\n<meta name=\"author\" content=\"joseluisgarciamoscoso\" \/>\n<meta name=\"twitter:card\" content=\"summary_large_image\" \/>\n<meta name=\"twitter:label1\" content=\"Escrito por\" \/>\n\t<meta name=\"twitter:data1\" content=\"joseluisgarciamoscoso\" \/>\n\t<meta name=\"twitter:label2\" content=\"Tiempo de lectura\" \/>\n\t<meta name=\"twitter:data2\" content=\"3 minutos\" \/>\n<script type=\"application\/ld+json\" class=\"yoast-schema-graph\">{\"@context\":\"https:\\\/\\\/schema.org\",\"@graph\":[{\"@type\":\"Article\",\"@id\":\"https:\\\/\\\/www.salesianos.edu\\\/familiasalesiana\\\/una-emotiva-eucaristia-conmemoro-el-125o-aniversario-de-la-asociacion-de-maria-auxiliadora-de-utrera\\\/#article\",\"isPartOf\":{\"@id\":\"https:\\\/\\\/www.salesianos.edu\\\/familiasalesiana\\\/una-emotiva-eucaristia-conmemoro-el-125o-aniversario-de-la-asociacion-de-maria-auxiliadora-de-utrera\\\/\"},\"author\":{\"name\":\"joseluisgarciamoscoso\",\"@id\":\"http:\\\/\\\/www.salesianos.edu\\\/familiasalesiana\\\/#\\\/schema\\\/person\\\/a1d72ee5373cce7347fb2993ba9f47d6\"},\"headline\":\"Una emotiva eucarist\u00eda conmemor\u00f3 el 125\u00ba aniversario de la asociaci\u00f3n de Mar\u00eda Auxiliadora de Utrera\",\"datePublished\":\"2021-03-22T13:25:21+00:00\",\"dateModified\":\"2021-03-22T13:32:00+00:00\",\"mainEntityOfPage\":{\"@id\":\"https:\\\/\\\/www.salesianos.edu\\\/familiasalesiana\\\/una-emotiva-eucaristia-conmemoro-el-125o-aniversario-de-la-asociacion-de-maria-auxiliadora-de-utrera\\\/\"},\"wordCount\":525,\"commentCount\":0,\"image\":{\"@id\":\"https:\\\/\\\/www.salesianos.edu\\\/familiasalesiana\\\/una-emotiva-eucaristia-conmemoro-el-125o-aniversario-de-la-asociacion-de-maria-auxiliadora-de-utrera\\\/#primaryimage\"},\"thumbnailUrl\":\"https:\\\/\\\/www.salesianos.edu\\\/familiasalesiana\\\/wp-content\\\/uploads\\\/sites\\\/5\\\/2021\\\/03\\\/ADMA-125oaniv-misa-accion-de-gracias-6-scaled.jpg\",\"articleSection\":[\"ADMA\",\"Curso20-21\",\"Uncategorized\"],\"inLanguage\":\"es\",\"potentialAction\":[{\"@type\":\"CommentAction\",\"name\":\"Comment\",\"target\":[\"https:\\\/\\\/www.salesianos.edu\\\/familiasalesiana\\\/una-emotiva-eucaristia-conmemoro-el-125o-aniversario-de-la-asociacion-de-maria-auxiliadora-de-utrera\\\/#respond\"]}]},{\"@type\":\"WebPage\",\"@id\":\"https:\\\/\\\/www.salesianos.edu\\\/familiasalesiana\\\/una-emotiva-eucaristia-conmemoro-el-125o-aniversario-de-la-asociacion-de-maria-auxiliadora-de-utrera\\\/\",\"url\":\"https:\\\/\\\/www.salesianos.edu\\\/familiasalesiana\\\/una-emotiva-eucaristia-conmemoro-el-125o-aniversario-de-la-asociacion-de-maria-auxiliadora-de-utrera\\\/\",\"name\":\"Una emotiva eucarist\u00eda conmemor\u00f3 el 125\u00ba aniversario de la asociaci\u00f3n de Mar\u00eda Auxiliadora de Utrera - Familia Salesiana\",\"isPartOf\":{\"@id\":\"http:\\\/\\\/www.salesianos.edu\\\/familiasalesiana\\\/#website\"},\"primaryImageOfPage\":{\"@id\":\"https:\\\/\\\/www.salesianos.edu\\\/familiasalesiana\\\/una-emotiva-eucaristia-conmemoro-el-125o-aniversario-de-la-asociacion-de-maria-auxiliadora-de-utrera\\\/#primaryimage\"},\"image\":{\"@id\":\"https:\\\/\\\/www.salesianos.edu\\\/familiasalesiana\\\/una-emotiva-eucaristia-conmemoro-el-125o-aniversario-de-la-asociacion-de-maria-auxiliadora-de-utrera\\\/#primaryimage\"},\"thumbnailUrl\":\"https:\\\/\\\/www.salesianos.edu\\\/familiasalesiana\\\/wp-content\\\/uploads\\\/sites\\\/5\\\/2021\\\/03\\\/ADMA-125oaniv-misa-accion-de-gracias-6-scaled.jpg\",\"datePublished\":\"2021-03-22T13:25:21+00:00\",\"dateModified\":\"2021-03-22T13:32:00+00:00\",\"author\":{\"@id\":\"http:\\\/\\\/www.salesianos.edu\\\/familiasalesiana\\\/#\\\/schema\\\/person\\\/a1d72ee5373cce7347fb2993ba9f47d6\"},\"breadcrumb\":{\"@id\":\"https:\\\/\\\/www.salesianos.edu\\\/familiasalesiana\\\/una-emotiva-eucaristia-conmemoro-el-125o-aniversario-de-la-asociacion-de-maria-auxiliadora-de-utrera\\\/#breadcrumb\"},\"inLanguage\":\"es\",\"potentialAction\":[{\"@type\":\"ReadAction\",\"target\":[\"https:\\\/\\\/www.salesianos.edu\\\/familiasalesiana\\\/una-emotiva-eucaristia-conmemoro-el-125o-aniversario-de-la-asociacion-de-maria-auxiliadora-de-utrera\\\/\"]}]},{\"@type\":\"ImageObject\",\"inLanguage\":\"es\",\"@id\":\"https:\\\/\\\/www.salesianos.edu\\\/familiasalesiana\\\/una-emotiva-eucaristia-conmemoro-el-125o-aniversario-de-la-asociacion-de-maria-auxiliadora-de-utrera\\\/#primaryimage\",\"url\":\"https:\\\/\\\/www.salesianos.edu\\\/familiasalesiana\\\/wp-content\\\/uploads\\\/sites\\\/5\\\/2021\\\/03\\\/ADMA-125oaniv-misa-accion-de-gracias-6-scaled.jpg\",\"contentUrl\":\"https:\\\/\\\/www.salesianos.edu\\\/familiasalesiana\\\/wp-content\\\/uploads\\\/sites\\\/5\\\/2021\\\/03\\\/ADMA-125oaniv-misa-accion-de-gracias-6-scaled.jpg\",\"width\":2560,\"height\":1696},{\"@type\":\"BreadcrumbList\",\"@id\":\"https:\\\/\\\/www.salesianos.edu\\\/familiasalesiana\\\/una-emotiva-eucaristia-conmemoro-el-125o-aniversario-de-la-asociacion-de-maria-auxiliadora-de-utrera\\\/#breadcrumb\",\"itemListElement\":[{\"@type\":\"ListItem\",\"position\":1,\"name\":\"Portada\",\"item\":\"http:\\\/\\\/www.salesianos.edu\\\/familiasalesiana\\\/\"},{\"@type\":\"ListItem\",\"position\":2,\"name\":\"Una emotiva eucarist\u00eda conmemor\u00f3 el 125\u00ba aniversario de la asociaci\u00f3n de Mar\u00eda Auxiliadora de Utrera\"}]},{\"@type\":\"WebSite\",\"@id\":\"http:\\\/\\\/www.salesianos.edu\\\/familiasalesiana\\\/#website\",\"url\":\"http:\\\/\\\/www.salesianos.edu\\\/familiasalesiana\\\/\",\"name\":\"Familia Salesiana\",\"description\":\"P\u00e1gina oficial de Inspector\u00eda Salesiana Mar\u00eda Auxiliadora\",\"potentialAction\":[{\"@type\":\"SearchAction\",\"target\":{\"@type\":\"EntryPoint\",\"urlTemplate\":\"http:\\\/\\\/www.salesianos.edu\\\/familiasalesiana\\\/?s={search_term_string}\"},\"query-input\":{\"@type\":\"PropertyValueSpecification\",\"valueRequired\":true,\"valueName\":\"search_term_string\"}}],\"inLanguage\":\"es\"},{\"@type\":\"Person\",\"@id\":\"http:\\\/\\\/www.salesianos.edu\\\/familiasalesiana\\\/#\\\/schema\\\/person\\\/a1d72ee5373cce7347fb2993ba9f47d6\",\"name\":\"joseluisgarciamoscoso\",\"image\":{\"@type\":\"ImageObject\",\"inLanguage\":\"es\",\"@id\":\"https:\\\/\\\/secure.gravatar.com\\\/avatar\\\/3fda3a0b2db3bc9a39871e47cbd526b42d6c3b74755b7ae1400a87b2913fea6a?s=96&d=mm&r=g\",\"url\":\"https:\\\/\\\/secure.gravatar.com\\\/avatar\\\/3fda3a0b2db3bc9a39871e47cbd526b42d6c3b74755b7ae1400a87b2913fea6a?s=96&d=mm&r=g\",\"contentUrl\":\"https:\\\/\\\/secure.gravatar.com\\\/avatar\\\/3fda3a0b2db3bc9a39871e47cbd526b42d6c3b74755b7ae1400a87b2913fea6a?s=96&d=mm&r=g\",\"caption\":\"joseluisgarciamoscoso\"}}]}<\/script>\n<!-- \/ Yoast SEO plugin. -->","yoast_head_json":{"title":"Una emotiva eucarist\u00eda conmemor\u00f3 el 125\u00ba aniversario de la asociaci\u00f3n de Mar\u00eda Auxiliadora de Utrera - Familia Salesiana","robots":{"index":"index","follow":"follow","max-snippet":"max-snippet:-1","max-image-preview":"max-image-preview:large","max-video-preview":"max-video-preview:-1"},"canonical":"https:\/\/www.salesianos.edu\/familiasalesiana\/una-emotiva-eucaristia-conmemoro-el-125o-aniversario-de-la-asociacion-de-maria-auxiliadora-de-utrera\/","og_locale":"es_ES","og_type":"article","og_title":"Una emotiva eucarist\u00eda conmemor\u00f3 el 125\u00ba aniversario de la asociaci\u00f3n de Mar\u00eda Auxiliadora de Utrera - Familia Salesiana","og_description":"En la misa se entregaron sendos recuerdos a los directores y anteriores presidentas de la entidad salesiana","og_url":"https:\/\/www.salesianos.edu\/familiasalesiana\/una-emotiva-eucaristia-conmemoro-el-125o-aniversario-de-la-asociacion-de-maria-auxiliadora-de-utrera\/","og_site_name":"Familia Salesiana","article_published_time":"2021-03-22T13:25:21+00:00","article_modified_time":"2021-03-22T13:32:00+00:00","og_image":[{"width":2560,"height":1696,"url":"https:\/\/www.salesianos.edu\/familiasalesiana\/wp-content\/uploads\/sites\/5\/2021\/03\/ADMA-125oaniv-misa-accion-de-gracias-6-scaled.jpg","type":"image\/jpeg"}],"author":"joseluisgarciamoscoso","twitter_card":"summary_large_image","twitter_misc":{"Escrito por":"joseluisgarciamoscoso","Tiempo de lectura":"3 minutos"},"schema":{"@context":"https:\/\/schema.org","@graph":[{"@type":"Article","@id":"https:\/\/www.salesianos.edu\/familiasalesiana\/una-emotiva-eucaristia-conmemoro-el-125o-aniversario-de-la-asociacion-de-maria-auxiliadora-de-utrera\/#article","isPartOf":{"@id":"https:\/\/www.salesianos.edu\/familiasalesiana\/una-emotiva-eucaristia-conmemoro-el-125o-aniversario-de-la-asociacion-de-maria-auxiliadora-de-utrera\/"},"author":{"name":"joseluisgarciamoscoso","@id":"http:\/\/www.salesianos.edu\/familiasalesiana\/#\/schema\/person\/a1d72ee5373cce7347fb2993ba9f47d6"},"headline":"Una emotiva eucarist\u00eda conmemor\u00f3 el 125\u00ba aniversario de la asociaci\u00f3n de Mar\u00eda Auxiliadora de Utrera","datePublished":"2021-03-22T13:25:21+00:00","dateModified":"2021-03-22T13:32:00+00:00","mainEntityOfPage":{"@id":"https:\/\/www.salesianos.edu\/familiasalesiana\/una-emotiva-eucaristia-conmemoro-el-125o-aniversario-de-la-asociacion-de-maria-auxiliadora-de-utrera\/"},"wordCount":525,"commentCount":0,"image":{"@id":"https:\/\/www.salesianos.edu\/familiasalesiana\/una-emotiva-eucaristia-conmemoro-el-125o-aniversario-de-la-asociacion-de-maria-auxiliadora-de-utrera\/#primaryimage"},"thumbnailUrl":"https:\/\/www.salesianos.edu\/familiasalesiana\/wp-content\/uploads\/sites\/5\/2021\/03\/ADMA-125oaniv-misa-accion-de-gracias-6-scaled.jpg","articleSection":["ADMA","Curso20-21","Uncategorized"],"inLanguage":"es","potentialAction":[{"@type":"CommentAction","name":"Comment","target":["https:\/\/www.salesianos.edu\/familiasalesiana\/una-emotiva-eucaristia-conmemoro-el-125o-aniversario-de-la-asociacion-de-maria-auxiliadora-de-utrera\/#respond"]}]},{"@type":"WebPage","@id":"https:\/\/www.salesianos.edu\/familiasalesiana\/una-emotiva-eucaristia-conmemoro-el-125o-aniversario-de-la-asociacion-de-maria-auxiliadora-de-utrera\/","url":"https:\/\/www.salesianos.edu\/familiasalesiana\/una-emotiva-eucaristia-conmemoro-el-125o-aniversario-de-la-asociacion-de-maria-auxiliadora-de-utrera\/","name":"Una emotiva eucarist\u00eda conmemor\u00f3 el 125\u00ba aniversario de la asociaci\u00f3n de Mar\u00eda Auxiliadora de Utrera - Familia Salesiana","isPartOf":{"@id":"http:\/\/www.salesianos.edu\/familiasalesiana\/#website"},"primaryImageOfPage":{"@id":"https:\/\/www.salesianos.edu\/familiasalesiana\/una-emotiva-eucaristia-conmemoro-el-125o-aniversario-de-la-asociacion-de-maria-auxiliadora-de-utrera\/#primaryimage"},"image":{"@id":"https:\/\/www.salesianos.edu\/familiasalesiana\/una-emotiva-eucaristia-conmemoro-el-125o-aniversario-de-la-asociacion-de-maria-auxiliadora-de-utrera\/#primaryimage"},"thumbnailUrl":"https:\/\/www.salesianos.edu\/familiasalesiana\/wp-content\/uploads\/sites\/5\/2021\/03\/ADMA-125oaniv-misa-accion-de-gracias-6-scaled.jpg","datePublished":"2021-03-22T13:25:21+00:00","dateModified":"2021-03-22T13:32:00+00:00","author":{"@id":"http:\/\/www.salesianos.edu\/familiasalesiana\/#\/schema\/person\/a1d72ee5373cce7347fb2993ba9f47d6"},"breadcrumb":{"@id":"https:\/\/www.salesianos.edu\/familiasalesiana\/una-emotiva-eucaristia-conmemoro-el-125o-aniversario-de-la-asociacion-de-maria-auxiliadora-de-utrera\/#breadcrumb"},"inLanguage":"es","potentialAction":[{"@type":"ReadAction","target":["https:\/\/www.salesianos.edu\/familiasalesiana\/una-emotiva-eucaristia-conmemoro-el-125o-aniversario-de-la-asociacion-de-maria-auxiliadora-de-utrera\/"]}]},{"@type":"ImageObject","inLanguage":"es","@id":"https:\/\/www.salesianos.edu\/familiasalesiana\/una-emotiva-eucaristia-conmemoro-el-125o-aniversario-de-la-asociacion-de-maria-auxiliadora-de-utrera\/#primaryimage","url":"https:\/\/www.salesianos.edu\/familiasalesiana\/wp-content\/uploads\/sites\/5\/2021\/03\/ADMA-125oaniv-misa-accion-de-gracias-6-scaled.jpg","contentUrl":"https:\/\/www.salesianos.edu\/familiasalesiana\/wp-content\/uploads\/sites\/5\/2021\/03\/ADMA-125oaniv-misa-accion-de-gracias-6-scaled.jpg","width":2560,"height":1696},{"@type":"BreadcrumbList","@id":"https:\/\/www.salesianos.edu\/familiasalesiana\/una-emotiva-eucaristia-conmemoro-el-125o-aniversario-de-la-asociacion-de-maria-auxiliadora-de-utrera\/#breadcrumb","itemListElement":[{"@type":"ListItem","position":1,"name":"Portada","item":"http:\/\/www.salesianos.edu\/familiasalesiana\/"},{"@type":"ListItem","position":2,"name":"Una emotiva eucarist\u00eda conmemor\u00f3 el 125\u00ba aniversario de la asociaci\u00f3n de Mar\u00eda Auxiliadora de Utrera"}]},{"@type":"WebSite","@id":"http:\/\/www.salesianos.edu\/familiasalesiana\/#website","url":"http:\/\/www.salesianos.edu\/familiasalesiana\/","name":"Familia Salesiana","description":"P\u00e1gina oficial de Inspector\u00eda Salesiana Mar\u00eda Auxiliadora","potentialAction":[{"@type":"SearchAction","target":{"@type":"EntryPoint","urlTemplate":"http:\/\/www.salesianos.edu\/familiasalesiana\/?s={search_term_string}"},"query-input":{"@type":"PropertyValueSpecification","valueRequired":true,"valueName":"search_term_string"}}],"inLanguage":"es"},{"@type":"Person","@id":"http:\/\/www.salesianos.edu\/familiasalesiana\/#\/schema\/person\/a1d72ee5373cce7347fb2993ba9f47d6","name":"joseluisgarciamoscoso","image":{"@type":"ImageObject","inLanguage":"es","@id":"https:\/\/secure.gravatar.com\/avatar\/3fda3a0b2db3bc9a39871e47cbd526b42d6c3b74755b7ae1400a87b2913fea6a?s=96&d=mm&r=g","url":"https:\/\/secure.gravatar.com\/avatar\/3fda3a0b2db3bc9a39871e47cbd526b42d6c3b74755b7ae1400a87b2913fea6a?s=96&d=mm&r=g","contentUrl":"https:\/\/secure.gravatar.com\/avatar\/3fda3a0b2db3bc9a39871e47cbd526b42d6c3b74755b7ae1400a87b2913fea6a?s=96&d=mm&r=g","caption":"joseluisgarciamoscoso"}}]}},"_links":{"self":[{"href":"https:\/\/www.salesianos.edu\/familiasalesiana\/wp-json\/wp\/v2\/posts\/9468","targetHints":{"allow":["GET"]}}],"collection":[{"href":"https:\/\/www.salesianos.edu\/familiasalesiana\/wp-json\/wp\/v2\/posts"}],"about":[{"href":"https:\/\/www.salesianos.edu\/familiasalesiana\/wp-json\/wp\/v2\/types\/post"}],"author":[{"embeddable":true,"href":"https:\/\/www.salesianos.edu\/familiasalesiana\/wp-json\/wp\/v2\/users\/12"}],"replies":[{"embeddable":true,"href":"https:\/\/www.salesianos.edu\/familiasalesiana\/wp-json\/wp\/v2\/comments?post=9468"}],"version-history":[{"count":4,"href":"https:\/\/www.salesianos.edu\/familiasalesiana\/wp-json\/wp\/v2\/posts\/9468\/revisions"}],"predecessor-version":[{"id":9481,"href":"https:\/\/www.salesianos.edu\/familiasalesiana\/wp-json\/wp\/v2\/posts\/9468\/revisions\/9481"}],"wp:featuredmedia":[{"embeddable":true,"href":"https:\/\/www.salesianos.edu\/familiasalesiana\/wp-json\/wp\/v2\/media\/9471"}],"wp:attachment":[{"href":"https:\/\/www.salesianos.edu\/familiasalesiana\/wp-json\/wp\/v2\/media?parent=9468"}],"wp:term":[{"taxonomy":"category","embeddable":true,"href":"https:\/\/www.salesianos.edu\/familiasalesiana\/wp-json\/wp\/v2\/categories?post=9468"},{"taxonomy":"post_tag","embeddable":true,"href":"https:\/\/www.salesianos.edu\/familiasalesiana\/wp-json\/wp\/v2\/tags?post=9468"}],"curies":[{"name":"wp","href":"https:\/\/api.w.org\/{rel}","templated":true}]}}