{"id":9456,"date":"2021-03-22T08:16:06","date_gmt":"2021-03-22T07:16:06","guid":{"rendered":"https:\/\/www.salesianos.edu\/familiasalesiana\/la-familia-salesiana-vive-la-cuaresma-con-intensidad\/"},"modified":"2021-03-22T14:38:09","modified_gmt":"2021-03-22T13:38:09","slug":"la-familia-salesiana-vive-la-cuaresma-con-intensidad","status":"publish","type":"post","link":"https:\/\/www.salesianos.edu\/familiasalesiana\/la-familia-salesiana-vive-la-cuaresma-con-intensidad\/","title":{"rendered":"La Familia Salesiana vive la Cuaresma con intensidad"},"content":{"rendered":"<div id=\"fb-root\"><\/div>\n<p>[et_pb_section fb_built=\u00bb1&#8243; _builder_version=\u00bb4.9.2&#8243; _module_preset=\u00bbdefault\u00bb][et_pb_row _builder_version=\u00bb4.9.2&#8243; _module_preset=\u00bbdefault\u00bb][et_pb_column type=\u00bb4_4&#8243; _builder_version=\u00bb4.9.2&#8243; _module_preset=\u00bbdefault\u00bb][et_pb_text _builder_version=\u00bb4.9.2&#8243; _module_preset=\u00bbdefault\u00bb]<\/p>\n<div dir=\"ltr\">\n<p>Por <a href=\"http:\/\/www.salesianos.edu\/familiasalesiana\"><em>Familia Salesiana<\/em><\/a><\/p>\n<p>En la ma\u00f1ana del domingo d\u00eda 21 de marzo la Familia Salesiana con sede en Barcelona y formada por los grupos de Mare de D\u00e9u de la Merc\u00e8 (SDB) y Virgen del Pilar (FMA) celebraron la tercera edici\u00f3n de la fiesta de la FASA.<\/p>\n<\/div>\n<div dir=\"ltr\">\n<p>\u00abNo ha sido f\u00e1cil poder llevarla a t\u00e9rmino. El curso pasado, una semana antes de su celebraci\u00f3n, la pandemia nos lo impidi\u00f3. Este curso se intu\u00eda que ser\u00eda imposible celebrarla presencialmente y usar el formato virtual daba la impresi\u00f3n de que resultar\u00eda complicado y tal vez poco efectivo por la cantidad de encuentros virtuales a los que se nos ha acostumbrado\u00bb, comparten desde la organizaci\u00f3n sobre el evento celebrado.<\/p>\n<\/div>\n<blockquote>\n<div dir=\"ltr\">\n<p>\u00abA pesar de ello, el Consejo de la Familia Salesiana crey\u00f3 necesario y conveniente llevar a t\u00e9rmino un encuentro virtual, procurando que fuera variado, ameno, participativo y con temas de inter\u00e9s como fondo del encuentro.\u00a0Los dos motivos han sido, primero, la celebraci\u00f3n de los 150 a\u00f1os del inicio de los Antiguos Alumnos y Alumnas con el encuentro de Carlos Gastini con Don Bosco, perpetuado 50 a\u00f1os despu\u00e9s con el precioso monumento a Don Bosco ante la Bas\u00edlica de Mar\u00eda Auxiliadora. El segundo motivo ha sido la celebraci\u00f3n de los 100 a\u00f1os del nacimiento de D. Pablo Albera, el peque\u00f1o Don Bosco\u00bb, explica el coordinador Josep Mascar\u00f3.<\/p>\n<\/div>\n<\/blockquote>\n<div dir=\"ltr\">\n<p>\u00abLos dos motivos nos han empujado a celebrar esta fiesta y los hemos recogido en el Youtube que ten\u00e9is a vuestra disposici\u00f3n. Los primeros detalles despu\u00e9s de la emisi\u00f3n ya nos han dado a entender que ha sido, por ahora, muy bien aceptada por el n\u00famero de visionados y por los grupos que nos han enviado su comentario de alabanza y de felicitaci\u00f3n. La Familia Salesiana se lo merece\u00bb, a\u00f1ade el salesiano.<\/p>\n<\/div>\n<p>[\/et_pb_text][et_pb_video src=\u00bbhttps:\/\/youtu.be\/X4DrwF0WfXQ\u00bb _builder_version=\u00bb4.9.2&#8243; _module_preset=\u00bbdefault\u00bb][\/et_pb_video][\/et_pb_column][\/et_pb_row][et_pb_row _builder_version=\u00bb4.9.2&#8243; _module_preset=\u00bbdefault\u00bb][et_pb_column type=\u00bb4_4&#8243; _builder_version=\u00bb4.9.2&#8243; _module_preset=\u00bbdefault\u00bb][et_pb_text _builder_version=\u00bb4.9.2&#8243; _module_preset=\u00bbdefault\u00bb]<\/p>\n<div dir=\"ltr\">\n<h3><b>Por la cruz a la luz<\/b><\/h3>\n<div dir=\"ltr\"><\/div>\n<div dir=\"ltr\">\n<p>Desde\u00a0este domingo est\u00e1 a disposici\u00f3n el material para el retiro de preparaci\u00f3n inmediata a la celebraci\u00f3n del Triduo Pascual de la pasi\u00f3n, muerte y resurrecci\u00f3n del Se\u00f1or.<\/p>\n<\/div>\n<blockquote>\n<div dir=\"ltr\">\n<p>\u00abAgradezco a todos los que han colaborado en la elaboraci\u00f3n de estos materiales preparados por las delegaciones inspectoriales de Comunicaci\u00f3n, Familia Salesiana y Coordinaci\u00f3n de Animaci\u00f3n Vocacional. Tambi\u00e9n han ayudado algunos Colegiales del CMU Don Bosco\u00bb, explica Luis Fernando \u00c1lvarez, delegado inspectorial.<\/p>\n<\/div>\n<\/blockquote>\n<div dir=\"ltr\"><\/div>\n<div dir=\"ltr\">\n<p>Este retiro est\u00e1 organizado por el Consejo de la Familia Salesiana de Andaluc\u00eda, Canarias y Extremadura, que en la reuni\u00f3n del pasado 6 de febrero opt\u00f3 por atrasarlo a la fecha de la semana de Pasi\u00f3n con el doble objetivo de no interferir en los retiros que a manera de Ejercicios suelen ser numerosos durante el tiempo de Cuaresma y de servir como preparaci\u00f3n inmediata a una participaci\u00f3n lo m\u00e1s plena posible en el Triduo Pascual. Adem\u00e1s se opt\u00f3 por la modalidad on-line.<\/p>\n<p>El retiro quiere recoger los temas principales de: Un plan para resucitar (2020), y el cap\u00edtulo 2\u00ba de la enc\u00edclica Fratelli Tutti (2020) del papa Francisco; y el aguinaldo del Rector Mayor para el presente a\u00f1o 2021.<\/p>\n<\/div>\n<\/div>\n<p>[\/et_pb_text][et_pb_video src=\u00bbhttps:\/\/www.youtube.com\/watch?v=GO3FizWRjyY&#038;ab_channel=SalesianosSMX\u00bb _builder_version=\u00bb4.9.2&#8243; _module_preset=\u00bbdefault\u00bb][\/et_pb_video][et_pb_button button_url=\u00bbhttps:\/\/www.salesianos.edu\/familiasalesiana\/wp-content\/uploads\/sites\/5\/2021\/03\/Familia-Salesiana-Retiro-PAscual-1.pdf\u00bb url_new_window=\u00bbon\u00bb button_text=\u00bbDescarga el PDF\u00bb button_alignment=\u00bbcenter\u00bb _builder_version=\u00bb4.9.2&#8243; _module_preset=\u00bbdefault\u00bb custom_button=\u00bbon\u00bb button_text_size=\u00bb16px\u00bb button_text_color=\u00bb#FFFFFF\u00bb button_bg_color=\u00bb#DC001B\u00bb button_border_color=\u00bbRGBA(0,0,0,0)\u00bb button_border_radius=\u00bb16px\u00bb button_letter_spacing=\u00bb1px\u00bb button_icon=\u00bb%%47%%\u00bb box_shadow_style=\u00bbpreset3&#8243;][\/et_pb_button][\/et_pb_column][\/et_pb_row][et_pb_row column_structure=\u00bb1_4,1_4,1_4,1_4&#8243; _builder_version=\u00bb4.9.2&#8243; _module_preset=\u00bbdefault\u00bb][et_pb_column type=\u00bb1_4&#8243; _builder_version=\u00bb4.9.2&#8243; _module_preset=\u00bbdefault\u00bb][\/et_pb_column][et_pb_column type=\u00bb1_4&#8243; _builder_version=\u00bb4.9.2&#8243; _module_preset=\u00bbdefault\u00bb][et_pb_image src=\u00bbhttps:\/\/www.salesianos.edu\/wp-content\/uploads\/2021\/03\/FamiliaSalesiana2.png\u00bb title_text=\u00bbFamiliaSalesiana2&#8243; _builder_version=\u00bb4.9.2&#8243; _module_preset=\u00bbdefault\u00bb][\/et_pb_image][\/et_pb_column][et_pb_column type=\u00bb1_4&#8243; _builder_version=\u00bb4.9.2&#8243; _module_preset=\u00bbdefault\u00bb][et_pb_image src=\u00bbhttps:\/\/www.salesianos.edu\/wp-content\/uploads\/2021\/03\/FamiliaSalesiana.png\u00bb title_text=\u00bbFamiliaSalesiana\u00bb _builder_version=\u00bb4.9.2&#8243; _module_preset=\u00bbdefault\u00bb][\/et_pb_image][\/et_pb_column][et_pb_column type=\u00bb1_4&#8243; _builder_version=\u00bb4.9.2&#8243; _module_preset=\u00bbdefault\u00bb][\/et_pb_column][\/et_pb_row][\/et_pb_section]<\/p>\n","protected":false},"excerpt":{"rendered":"<p>Gracias a la celebraci\u00f3n de la 3\u00aa Fiesta de la Familia Salesiana de los grupos de Mare de D\u00e9u de la Merc\u00e8 (SDB) y Virgen del Pilar (FMA) y a la preparaci\u00f3n de los materiales para un retiro pascual el Consejo de la Familia Salesiana de Andaluc\u00eda, Canarias y Extremadura.<\/p>\n","protected":false},"author":12,"featured_media":9457,"comment_status":"open","ping_status":"open","sticky":false,"template":"","format":"standard","meta":{"_et_pb_use_builder":"on","_et_pb_old_content":"","_et_gb_content_width":"","footnotes":""},"categories":[46,27,59],"tags":[],"class_list":["post-9456","post","type-post","status-publish","format-standard","has-post-thumbnail","hentry","category-curso20-21","category-fasa","category-hermandades"],"yoast_head":"<!-- This site is optimized with the Yoast SEO plugin v27.5 - https:\/\/yoast.com\/product\/yoast-seo-wordpress\/ -->\n<title>La Familia Salesiana vive la Cuaresma con intensidad - Familia Salesiana<\/title>\n<meta name=\"robots\" content=\"index, follow, max-snippet:-1, max-image-preview:large, max-video-preview:-1\" \/>\n<link rel=\"canonical\" href=\"https:\/\/www.salesianos.edu\/familiasalesiana\/la-familia-salesiana-vive-la-cuaresma-con-intensidad\/\" \/>\n<meta property=\"og:locale\" content=\"es_ES\" \/>\n<meta property=\"og:type\" content=\"article\" \/>\n<meta property=\"og:title\" content=\"La Familia Salesiana vive la Cuaresma con intensidad - Familia Salesiana\" \/>\n<meta property=\"og:description\" content=\"Gracias a la celebraci\u00f3n de la 3\u00aa Fiesta de la Familia Salesiana de los grupos de Mare de D\u00e9u de la Merc\u00e8 (SDB) y Virgen del Pilar (FMA) y a la preparaci\u00f3n de los materiales para un retiro pascual el Consejo de la Familia Salesiana de Andaluc\u00eda, Canarias y Extremadura.\" \/>\n<meta property=\"og:url\" content=\"https:\/\/www.salesianos.edu\/familiasalesiana\/la-familia-salesiana-vive-la-cuaresma-con-intensidad\/\" \/>\n<meta property=\"og:site_name\" content=\"Familia Salesiana\" \/>\n<meta property=\"article:published_time\" content=\"2021-03-22T07:16:06+00:00\" \/>\n<meta property=\"article:modified_time\" content=\"2021-03-22T13:38:09+00:00\" \/>\n<meta property=\"og:image\" content=\"https:\/\/www.salesianos.edu\/familiasalesiana\/wp-content\/uploads\/sites\/5\/2021\/03\/FamiliaSalesiana2.png\" \/>\n\t<meta property=\"og:image:width\" content=\"1690\" \/>\n\t<meta property=\"og:image:height\" content=\"686\" \/>\n\t<meta property=\"og:image:type\" content=\"image\/png\" \/>\n<meta name=\"author\" content=\"joseluisgarciamoscoso\" \/>\n<meta name=\"twitter:card\" content=\"summary_large_image\" \/>\n<meta name=\"twitter:label1\" content=\"Escrito por\" \/>\n\t<meta name=\"twitter:data1\" content=\"joseluisgarciamoscoso\" \/>\n\t<meta name=\"twitter:label2\" content=\"Tiempo de lectura\" \/>\n\t<meta name=\"twitter:data2\" content=\"4 minutos\" \/>\n<script type=\"application\/ld+json\" class=\"yoast-schema-graph\">{\"@context\":\"https:\\\/\\\/schema.org\",\"@graph\":[{\"@type\":\"Article\",\"@id\":\"https:\\\/\\\/www.salesianos.edu\\\/familiasalesiana\\\/la-familia-salesiana-vive-la-cuaresma-con-intensidad\\\/#article\",\"isPartOf\":{\"@id\":\"https:\\\/\\\/www.salesianos.edu\\\/familiasalesiana\\\/la-familia-salesiana-vive-la-cuaresma-con-intensidad\\\/\"},\"author\":{\"name\":\"joseluisgarciamoscoso\",\"@id\":\"http:\\\/\\\/www.salesianos.edu\\\/familiasalesiana\\\/#\\\/schema\\\/person\\\/a1d72ee5373cce7347fb2993ba9f47d6\"},\"headline\":\"La Familia Salesiana vive la Cuaresma con intensidad\",\"datePublished\":\"2021-03-22T07:16:06+00:00\",\"dateModified\":\"2021-03-22T13:38:09+00:00\",\"mainEntityOfPage\":{\"@id\":\"https:\\\/\\\/www.salesianos.edu\\\/familiasalesiana\\\/la-familia-salesiana-vive-la-cuaresma-con-intensidad\\\/\"},\"wordCount\":839,\"commentCount\":0,\"image\":{\"@id\":\"https:\\\/\\\/www.salesianos.edu\\\/familiasalesiana\\\/la-familia-salesiana-vive-la-cuaresma-con-intensidad\\\/#primaryimage\"},\"thumbnailUrl\":\"https:\\\/\\\/www.salesianos.edu\\\/familiasalesiana\\\/wp-content\\\/uploads\\\/sites\\\/5\\\/2021\\\/03\\\/FamiliaSalesiana2.png\",\"articleSection\":[\"Curso20-21\",\"Familia Salesiana\",\"Hermandades\"],\"inLanguage\":\"es\",\"potentialAction\":[{\"@type\":\"CommentAction\",\"name\":\"Comment\",\"target\":[\"https:\\\/\\\/www.salesianos.edu\\\/familiasalesiana\\\/la-familia-salesiana-vive-la-cuaresma-con-intensidad\\\/#respond\"]}]},{\"@type\":\"WebPage\",\"@id\":\"https:\\\/\\\/www.salesianos.edu\\\/familiasalesiana\\\/la-familia-salesiana-vive-la-cuaresma-con-intensidad\\\/\",\"url\":\"https:\\\/\\\/www.salesianos.edu\\\/familiasalesiana\\\/la-familia-salesiana-vive-la-cuaresma-con-intensidad\\\/\",\"name\":\"La Familia Salesiana vive la Cuaresma con intensidad - Familia Salesiana\",\"isPartOf\":{\"@id\":\"http:\\\/\\\/www.salesianos.edu\\\/familiasalesiana\\\/#website\"},\"primaryImageOfPage\":{\"@id\":\"https:\\\/\\\/www.salesianos.edu\\\/familiasalesiana\\\/la-familia-salesiana-vive-la-cuaresma-con-intensidad\\\/#primaryimage\"},\"image\":{\"@id\":\"https:\\\/\\\/www.salesianos.edu\\\/familiasalesiana\\\/la-familia-salesiana-vive-la-cuaresma-con-intensidad\\\/#primaryimage\"},\"thumbnailUrl\":\"https:\\\/\\\/www.salesianos.edu\\\/familiasalesiana\\\/wp-content\\\/uploads\\\/sites\\\/5\\\/2021\\\/03\\\/FamiliaSalesiana2.png\",\"datePublished\":\"2021-03-22T07:16:06+00:00\",\"dateModified\":\"2021-03-22T13:38:09+00:00\",\"author\":{\"@id\":\"http:\\\/\\\/www.salesianos.edu\\\/familiasalesiana\\\/#\\\/schema\\\/person\\\/a1d72ee5373cce7347fb2993ba9f47d6\"},\"breadcrumb\":{\"@id\":\"https:\\\/\\\/www.salesianos.edu\\\/familiasalesiana\\\/la-familia-salesiana-vive-la-cuaresma-con-intensidad\\\/#breadcrumb\"},\"inLanguage\":\"es\",\"potentialAction\":[{\"@type\":\"ReadAction\",\"target\":[\"https:\\\/\\\/www.salesianos.edu\\\/familiasalesiana\\\/la-familia-salesiana-vive-la-cuaresma-con-intensidad\\\/\"]}]},{\"@type\":\"ImageObject\",\"inLanguage\":\"es\",\"@id\":\"https:\\\/\\\/www.salesianos.edu\\\/familiasalesiana\\\/la-familia-salesiana-vive-la-cuaresma-con-intensidad\\\/#primaryimage\",\"url\":\"https:\\\/\\\/www.salesianos.edu\\\/familiasalesiana\\\/wp-content\\\/uploads\\\/sites\\\/5\\\/2021\\\/03\\\/FamiliaSalesiana2.png\",\"contentUrl\":\"https:\\\/\\\/www.salesianos.edu\\\/familiasalesiana\\\/wp-content\\\/uploads\\\/sites\\\/5\\\/2021\\\/03\\\/FamiliaSalesiana2.png\",\"width\":1690,\"height\":686},{\"@type\":\"BreadcrumbList\",\"@id\":\"https:\\\/\\\/www.salesianos.edu\\\/familiasalesiana\\\/la-familia-salesiana-vive-la-cuaresma-con-intensidad\\\/#breadcrumb\",\"itemListElement\":[{\"@type\":\"ListItem\",\"position\":1,\"name\":\"Portada\",\"item\":\"http:\\\/\\\/www.salesianos.edu\\\/familiasalesiana\\\/\"},{\"@type\":\"ListItem\",\"position\":2,\"name\":\"La Familia Salesiana vive la Cuaresma con intensidad\"}]},{\"@type\":\"WebSite\",\"@id\":\"http:\\\/\\\/www.salesianos.edu\\\/familiasalesiana\\\/#website\",\"url\":\"http:\\\/\\\/www.salesianos.edu\\\/familiasalesiana\\\/\",\"name\":\"Familia Salesiana\",\"description\":\"P\u00e1gina oficial de Inspector\u00eda Salesiana Mar\u00eda Auxiliadora\",\"potentialAction\":[{\"@type\":\"SearchAction\",\"target\":{\"@type\":\"EntryPoint\",\"urlTemplate\":\"http:\\\/\\\/www.salesianos.edu\\\/familiasalesiana\\\/?s={search_term_string}\"},\"query-input\":{\"@type\":\"PropertyValueSpecification\",\"valueRequired\":true,\"valueName\":\"search_term_string\"}}],\"inLanguage\":\"es\"},{\"@type\":\"Person\",\"@id\":\"http:\\\/\\\/www.salesianos.edu\\\/familiasalesiana\\\/#\\\/schema\\\/person\\\/a1d72ee5373cce7347fb2993ba9f47d6\",\"name\":\"joseluisgarciamoscoso\",\"image\":{\"@type\":\"ImageObject\",\"inLanguage\":\"es\",\"@id\":\"https:\\\/\\\/secure.gravatar.com\\\/avatar\\\/3fda3a0b2db3bc9a39871e47cbd526b42d6c3b74755b7ae1400a87b2913fea6a?s=96&d=mm&r=g\",\"url\":\"https:\\\/\\\/secure.gravatar.com\\\/avatar\\\/3fda3a0b2db3bc9a39871e47cbd526b42d6c3b74755b7ae1400a87b2913fea6a?s=96&d=mm&r=g\",\"contentUrl\":\"https:\\\/\\\/secure.gravatar.com\\\/avatar\\\/3fda3a0b2db3bc9a39871e47cbd526b42d6c3b74755b7ae1400a87b2913fea6a?s=96&d=mm&r=g\",\"caption\":\"joseluisgarciamoscoso\"}}]}<\/script>\n<!-- \/ Yoast SEO plugin. -->","yoast_head_json":{"title":"La Familia Salesiana vive la Cuaresma con intensidad - Familia Salesiana","robots":{"index":"index","follow":"follow","max-snippet":"max-snippet:-1","max-image-preview":"max-image-preview:large","max-video-preview":"max-video-preview:-1"},"canonical":"https:\/\/www.salesianos.edu\/familiasalesiana\/la-familia-salesiana-vive-la-cuaresma-con-intensidad\/","og_locale":"es_ES","og_type":"article","og_title":"La Familia Salesiana vive la Cuaresma con intensidad - Familia Salesiana","og_description":"Gracias a la celebraci\u00f3n de la 3\u00aa Fiesta de la Familia Salesiana de los grupos de Mare de D\u00e9u de la Merc\u00e8 (SDB) y Virgen del Pilar (FMA) y a la preparaci\u00f3n de los materiales para un retiro pascual el Consejo de la Familia Salesiana de Andaluc\u00eda, Canarias y Extremadura.","og_url":"https:\/\/www.salesianos.edu\/familiasalesiana\/la-familia-salesiana-vive-la-cuaresma-con-intensidad\/","og_site_name":"Familia Salesiana","article_published_time":"2021-03-22T07:16:06+00:00","article_modified_time":"2021-03-22T13:38:09+00:00","og_image":[{"width":1690,"height":686,"url":"https:\/\/www.salesianos.edu\/familiasalesiana\/wp-content\/uploads\/sites\/5\/2021\/03\/FamiliaSalesiana2.png","type":"image\/png"}],"author":"joseluisgarciamoscoso","twitter_card":"summary_large_image","twitter_misc":{"Escrito por":"joseluisgarciamoscoso","Tiempo de lectura":"4 minutos"},"schema":{"@context":"https:\/\/schema.org","@graph":[{"@type":"Article","@id":"https:\/\/www.salesianos.edu\/familiasalesiana\/la-familia-salesiana-vive-la-cuaresma-con-intensidad\/#article","isPartOf":{"@id":"https:\/\/www.salesianos.edu\/familiasalesiana\/la-familia-salesiana-vive-la-cuaresma-con-intensidad\/"},"author":{"name":"joseluisgarciamoscoso","@id":"http:\/\/www.salesianos.edu\/familiasalesiana\/#\/schema\/person\/a1d72ee5373cce7347fb2993ba9f47d6"},"headline":"La Familia Salesiana vive la Cuaresma con intensidad","datePublished":"2021-03-22T07:16:06+00:00","dateModified":"2021-03-22T13:38:09+00:00","mainEntityOfPage":{"@id":"https:\/\/www.salesianos.edu\/familiasalesiana\/la-familia-salesiana-vive-la-cuaresma-con-intensidad\/"},"wordCount":839,"commentCount":0,"image":{"@id":"https:\/\/www.salesianos.edu\/familiasalesiana\/la-familia-salesiana-vive-la-cuaresma-con-intensidad\/#primaryimage"},"thumbnailUrl":"https:\/\/www.salesianos.edu\/familiasalesiana\/wp-content\/uploads\/sites\/5\/2021\/03\/FamiliaSalesiana2.png","articleSection":["Curso20-21","Familia Salesiana","Hermandades"],"inLanguage":"es","potentialAction":[{"@type":"CommentAction","name":"Comment","target":["https:\/\/www.salesianos.edu\/familiasalesiana\/la-familia-salesiana-vive-la-cuaresma-con-intensidad\/#respond"]}]},{"@type":"WebPage","@id":"https:\/\/www.salesianos.edu\/familiasalesiana\/la-familia-salesiana-vive-la-cuaresma-con-intensidad\/","url":"https:\/\/www.salesianos.edu\/familiasalesiana\/la-familia-salesiana-vive-la-cuaresma-con-intensidad\/","name":"La Familia Salesiana vive la Cuaresma con intensidad - Familia Salesiana","isPartOf":{"@id":"http:\/\/www.salesianos.edu\/familiasalesiana\/#website"},"primaryImageOfPage":{"@id":"https:\/\/www.salesianos.edu\/familiasalesiana\/la-familia-salesiana-vive-la-cuaresma-con-intensidad\/#primaryimage"},"image":{"@id":"https:\/\/www.salesianos.edu\/familiasalesiana\/la-familia-salesiana-vive-la-cuaresma-con-intensidad\/#primaryimage"},"thumbnailUrl":"https:\/\/www.salesianos.edu\/familiasalesiana\/wp-content\/uploads\/sites\/5\/2021\/03\/FamiliaSalesiana2.png","datePublished":"2021-03-22T07:16:06+00:00","dateModified":"2021-03-22T13:38:09+00:00","author":{"@id":"http:\/\/www.salesianos.edu\/familiasalesiana\/#\/schema\/person\/a1d72ee5373cce7347fb2993ba9f47d6"},"breadcrumb":{"@id":"https:\/\/www.salesianos.edu\/familiasalesiana\/la-familia-salesiana-vive-la-cuaresma-con-intensidad\/#breadcrumb"},"inLanguage":"es","potentialAction":[{"@type":"ReadAction","target":["https:\/\/www.salesianos.edu\/familiasalesiana\/la-familia-salesiana-vive-la-cuaresma-con-intensidad\/"]}]},{"@type":"ImageObject","inLanguage":"es","@id":"https:\/\/www.salesianos.edu\/familiasalesiana\/la-familia-salesiana-vive-la-cuaresma-con-intensidad\/#primaryimage","url":"https:\/\/www.salesianos.edu\/familiasalesiana\/wp-content\/uploads\/sites\/5\/2021\/03\/FamiliaSalesiana2.png","contentUrl":"https:\/\/www.salesianos.edu\/familiasalesiana\/wp-content\/uploads\/sites\/5\/2021\/03\/FamiliaSalesiana2.png","width":1690,"height":686},{"@type":"BreadcrumbList","@id":"https:\/\/www.salesianos.edu\/familiasalesiana\/la-familia-salesiana-vive-la-cuaresma-con-intensidad\/#breadcrumb","itemListElement":[{"@type":"ListItem","position":1,"name":"Portada","item":"http:\/\/www.salesianos.edu\/familiasalesiana\/"},{"@type":"ListItem","position":2,"name":"La Familia Salesiana vive la Cuaresma con intensidad"}]},{"@type":"WebSite","@id":"http:\/\/www.salesianos.edu\/familiasalesiana\/#website","url":"http:\/\/www.salesianos.edu\/familiasalesiana\/","name":"Familia Salesiana","description":"P\u00e1gina oficial de Inspector\u00eda Salesiana Mar\u00eda Auxiliadora","potentialAction":[{"@type":"SearchAction","target":{"@type":"EntryPoint","urlTemplate":"http:\/\/www.salesianos.edu\/familiasalesiana\/?s={search_term_string}"},"query-input":{"@type":"PropertyValueSpecification","valueRequired":true,"valueName":"search_term_string"}}],"inLanguage":"es"},{"@type":"Person","@id":"http:\/\/www.salesianos.edu\/familiasalesiana\/#\/schema\/person\/a1d72ee5373cce7347fb2993ba9f47d6","name":"joseluisgarciamoscoso","image":{"@type":"ImageObject","inLanguage":"es","@id":"https:\/\/secure.gravatar.com\/avatar\/3fda3a0b2db3bc9a39871e47cbd526b42d6c3b74755b7ae1400a87b2913fea6a?s=96&d=mm&r=g","url":"https:\/\/secure.gravatar.com\/avatar\/3fda3a0b2db3bc9a39871e47cbd526b42d6c3b74755b7ae1400a87b2913fea6a?s=96&d=mm&r=g","contentUrl":"https:\/\/secure.gravatar.com\/avatar\/3fda3a0b2db3bc9a39871e47cbd526b42d6c3b74755b7ae1400a87b2913fea6a?s=96&d=mm&r=g","caption":"joseluisgarciamoscoso"}}]}},"_links":{"self":[{"href":"https:\/\/www.salesianos.edu\/familiasalesiana\/wp-json\/wp\/v2\/posts\/9456","targetHints":{"allow":["GET"]}}],"collection":[{"href":"https:\/\/www.salesianos.edu\/familiasalesiana\/wp-json\/wp\/v2\/posts"}],"about":[{"href":"https:\/\/www.salesianos.edu\/familiasalesiana\/wp-json\/wp\/v2\/types\/post"}],"author":[{"embeddable":true,"href":"https:\/\/www.salesianos.edu\/familiasalesiana\/wp-json\/wp\/v2\/users\/12"}],"replies":[{"embeddable":true,"href":"https:\/\/www.salesianos.edu\/familiasalesiana\/wp-json\/wp\/v2\/comments?post=9456"}],"version-history":[{"count":1,"href":"https:\/\/www.salesianos.edu\/familiasalesiana\/wp-json\/wp\/v2\/posts\/9456\/revisions"}],"predecessor-version":[{"id":9493,"href":"https:\/\/www.salesianos.edu\/familiasalesiana\/wp-json\/wp\/v2\/posts\/9456\/revisions\/9493"}],"wp:featuredmedia":[{"embeddable":true,"href":"https:\/\/www.salesianos.edu\/familiasalesiana\/wp-json\/wp\/v2\/media\/9457"}],"wp:attachment":[{"href":"https:\/\/www.salesianos.edu\/familiasalesiana\/wp-json\/wp\/v2\/media?parent=9456"}],"wp:term":[{"taxonomy":"category","embeddable":true,"href":"https:\/\/www.salesianos.edu\/familiasalesiana\/wp-json\/wp\/v2\/categories?post=9456"},{"taxonomy":"post_tag","embeddable":true,"href":"https:\/\/www.salesianos.edu\/familiasalesiana\/wp-json\/wp\/v2\/tags?post=9456"}],"curies":[{"name":"wp","href":"https:\/\/api.w.org\/{rel}","templated":true}]}}