{"id":9422,"date":"2021-03-18T14:10:37","date_gmt":"2021-03-18T13:10:37","guid":{"rendered":"https:\/\/www.salesianos.edu\/familiasalesiana\/la-once-dedica-un-cupon-a-maria-auxiliadora-en-conmemoracion-del-125-aniversario-fundacional\/"},"modified":"2021-03-18T14:27:06","modified_gmt":"2021-03-18T13:27:06","slug":"la-once-dedica-un-cupon-a-maria-auxiliadora-en-conmemoracion-del-125-aniversario-fundacional","status":"publish","type":"post","link":"https:\/\/www.salesianos.edu\/familiasalesiana\/la-once-dedica-un-cupon-a-maria-auxiliadora-en-conmemoracion-del-125-aniversario-fundacional\/","title":{"rendered":"La ONCE dedica un cup\u00f3n a Mar\u00eda Auxiliadora en Conmemoraci\u00f3n del 125 aniversario fundacional"},"content":{"rendered":"<div id=\"fb-root\"><\/div>\n<p>[et_pb_section fb_built=\u00bb1&#8243; admin_label=\u00bbsection\u00bb _builder_version=\u00bb3.22&#8243;][et_pb_row admin_label=\u00bbrow\u00bb _builder_version=\u00bb3.25&#8243; background_size=\u00bbinitial\u00bb background_position=\u00bbtop_left\u00bb background_repeat=\u00bbrepeat\u00bb][et_pb_column type=\u00bb4_4&#8243; _builder_version=\u00bb3.25&#8243; custom_padding=\u00bb|||\u00bb custom_padding__hover=\u00bb|||\u00bb][et_pb_text _builder_version=\u00bb4.9.2&#8243;]<\/p>\n<p><em><span style=\"font-size: 10pt\">Por Salesianos Comunicaci\u00f3n.<\/span><\/em><\/p>\n<p>[\/et_pb_text][et_pb_text _builder_version=\u00bb4.9.2&#8243;]<\/p>\n<p>El pr\u00f3ximo 24 de marzo, la\u00a0<strong>ONCE<\/strong>\u00a0dedicar\u00e1 el cup\u00f3n del sorteo de ese d\u00eda a\u00a0<strong>Mar\u00eda Auxiliadora Coronada<\/strong>\u00a0de la Casa de la Trinidad, en conmemoraci\u00f3n por el\u00a0<strong>125 aniversario fundacional<\/strong> de la Asociaci\u00f3n de Mar\u00eda Auxiliadora en la presencia salesiana.<\/p>\n<p>Dicho d\u00eda se distribuir\u00e1n a lo largo y ancho de toda la geograf\u00eda nacional m\u00e1s de cinco millones de cupones con la imagen impresa de Mar\u00eda Auxiliadora, en un primer plano. De esta manera la ONCE contribuye a mantener viva la propagaci\u00f3n de la devoci\u00f3n y el auxilio de nuestra madre en estos duros y dif\u00edciles momentos en los que tanta falta hace en el Espa\u00f1a y en el resto del mundo.<\/p>\n<p>Con anterioridad a la celebraci\u00f3n del sorteo, se proceder\u00e1 a su\u00a0<strong>presentaci\u00f3n en la Bas\u00edlica de Mar\u00eda Auxiliadora de Sevilla<\/strong>. Dicho acto tendr\u00e1 lugar D.m. el pr\u00f3ximo d\u00eda\u00a0<strong>18 de marzo<\/strong>, a las\u00a0<strong>18:30 h<\/strong>. Se podr\u00e1 en seguir en directo a trav\u00e9s de<a href=\"https:\/\/www.youtube.com\/watch?v=POUG385sjkQ\"> YouTube<\/a>.<\/p>\n<p>La casa salesiana propone que el pr\u00f3ximo 24 de marzo te proponemos que, una se tenga el cup\u00f3n, se suba una foto a redes sociales mencion\u00e1ndonos con el hashtag <strong>#CuponONCEAuxiliadora @SalesianosSTRD<\/strong><\/p>\n<p>\u00abAnimamos a todas las Casas Salesianas y devotos de la Sant\u00edsima Virgen a acudir este pr\u00f3ximo d\u00eda 24 a los diferentes puntos de venta de nuestras localidades para colaborar en la misi\u00f3n que la ONCE desempe\u00f1a en toda Espa\u00f1a con la integraci\u00f3n laboral, de formaci\u00f3n y empleo para mejorar la vida de las personas invidentes o con discapacidad. Esos cupones se convertir\u00e1n en las manos de muchos, en una estampa m\u00e1s de la Sant\u00edsima Virgen\u00bb a\u00f1aden desde Salesianos Trinidad.<\/p>\n<p>[\/et_pb_text][et_pb_video src=\u00bbhttps:\/\/www.youtube.com\/watch?v=POUG385sjkQ\u00bb _builder_version=\u00bb4.9.2&#8243; _module_preset=\u00bbdefault\u00bb][\/et_pb_video][et_pb_text _builder_version=\u00bb4.9.2&#8243; _module_preset=\u00bbdefault\u00bb]<\/p>\n<h1 class=\"entry-title\"><strong><span style=\"font-size: 14pt\">150\u00ba Aniversario de la fundaci\u00f3n de la Asociaci\u00f3n de Mar\u00eda Auxiliadora (ADMA)<\/span><\/strong><\/h1>\n<p>En 2019 se celebr\u00f3 el 150 aniversario de la fundaci\u00f3n de la Asociaci\u00f3n de Mar\u00eda Auxiliadora. L<strong>os casi 800 grupos de ADMA extendidos por alrededor de 50 pa\u00edses del mundo<\/strong>, <b>participaron en multitud de actos dedicados la Virgen de Don Bosco.<\/b><\/p>\n<p>La celebraci\u00f3n del 150\u00ba aniversario confirm\u00f3 el deseo expresado por Don Bosco en 1869: \u201cLa Sant\u00edsima Virgen Mar\u00eda, que ha bendecido y favorecido a quienes la han implorado con el t\u00edtulo de Auxiliadora de los Cristianos, contin\u00faa difundiendo abundantes tesoros celestiales, no solo sobre los miembros de esta piadosa Asociaci\u00f3n, sino sobre todos aquellos que la invocar\u00e1n en sus necesidades espirituales o temporales, como signo de que todos tienen motivos para bendecirla en la tierra, para ir un d\u00eda a alabarla y agradecerla eternamente en el cielo\u201d.<\/p>\n<p>[\/et_pb_text][et_pb_button button_url=\u00bbhttps:\/\/salesianos.info\/150o-aniversario-de-la-fundacion-de-la-asociacion-de-maria-auxiliadora-adma\/\u00bb button_text=\u00bbConoce  m\u00e1s sobre el 150 aniversario de la fundaci\u00f3n de ADMA\u00bb _builder_version=\u00bb4.9.2&#8243; _module_preset=\u00bbdefault\u00bb][\/et_pb_button][\/et_pb_column][\/et_pb_row][\/et_pb_section]<\/p>\n","protected":false},"excerpt":{"rendered":"<p>El pr\u00f3ximo 24 de marzo cinco millones de cupones se distribuir\u00e1n por toda la geograf\u00eda nacional <\/p>\n","protected":false},"author":7,"featured_media":9423,"comment_status":"open","ping_status":"open","sticky":false,"template":"","format":"standard","meta":{"_et_pb_use_builder":"on","_et_pb_old_content":"","_et_gb_content_width":"","footnotes":""},"categories":[53,15],"tags":[],"class_list":["post-9422","post","type-post","status-publish","format-standard","has-post-thumbnail","hentry","category-adma","category-portada"],"yoast_head":"<!-- This site is optimized with the Yoast SEO plugin v27.5 - https:\/\/yoast.com\/product\/yoast-seo-wordpress\/ -->\n<title>La ONCE dedica un cup\u00f3n a Mar\u00eda Auxiliadora en Conmemoraci\u00f3n del 125 aniversario fundacional - Familia Salesiana<\/title>\n<meta name=\"robots\" content=\"index, follow, max-snippet:-1, max-image-preview:large, max-video-preview:-1\" \/>\n<link rel=\"canonical\" href=\"https:\/\/www.salesianos.edu\/familiasalesiana\/la-once-dedica-un-cupon-a-maria-auxiliadora-en-conmemoracion-del-125-aniversario-fundacional\/\" \/>\n<meta property=\"og:locale\" content=\"es_ES\" \/>\n<meta property=\"og:type\" content=\"article\" \/>\n<meta property=\"og:title\" content=\"La ONCE dedica un cup\u00f3n a Mar\u00eda Auxiliadora en Conmemoraci\u00f3n del 125 aniversario fundacional - Familia Salesiana\" \/>\n<meta property=\"og:description\" content=\"El pr\u00f3ximo 24 de marzo cinco millones de cupones se distribuir\u00e1n por toda la geograf\u00eda nacional\" \/>\n<meta property=\"og:url\" content=\"https:\/\/www.salesianos.edu\/familiasalesiana\/la-once-dedica-un-cupon-a-maria-auxiliadora-en-conmemoracion-del-125-aniversario-fundacional\/\" \/>\n<meta property=\"og:site_name\" content=\"Familia Salesiana\" \/>\n<meta property=\"article:published_time\" content=\"2021-03-18T13:10:37+00:00\" \/>\n<meta property=\"article:modified_time\" content=\"2021-03-18T13:27:06+00:00\" \/>\n<meta property=\"og:image\" content=\"https:\/\/www.salesianos.edu\/familiasalesiana\/wp-content\/uploads\/sites\/5\/2021\/03\/Cupo\u0301n-dedicado-a-Mari\u0301a-Auxiliadora.jpg\" \/>\n\t<meta property=\"og:image:width\" content=\"1540\" \/>\n\t<meta property=\"og:image:height\" content=\"896\" \/>\n\t<meta property=\"og:image:type\" content=\"image\/jpeg\" \/>\n<meta name=\"author\" content=\"carlosmartin\" \/>\n<meta name=\"twitter:card\" content=\"summary_large_image\" \/>\n<meta name=\"twitter:label1\" content=\"Escrito por\" \/>\n\t<meta name=\"twitter:data1\" content=\"carlosmartin\" \/>\n\t<meta name=\"twitter:label2\" content=\"Tiempo de lectura\" \/>\n\t<meta name=\"twitter:data2\" content=\"3 minutos\" \/>\n<script type=\"application\/ld+json\" class=\"yoast-schema-graph\">{\"@context\":\"https:\\\/\\\/schema.org\",\"@graph\":[{\"@type\":\"Article\",\"@id\":\"https:\\\/\\\/www.salesianos.edu\\\/familiasalesiana\\\/la-once-dedica-un-cupon-a-maria-auxiliadora-en-conmemoracion-del-125-aniversario-fundacional\\\/#article\",\"isPartOf\":{\"@id\":\"https:\\\/\\\/www.salesianos.edu\\\/familiasalesiana\\\/la-once-dedica-un-cupon-a-maria-auxiliadora-en-conmemoracion-del-125-aniversario-fundacional\\\/\"},\"author\":{\"name\":\"carlosmartin\",\"@id\":\"http:\\\/\\\/www.salesianos.edu\\\/familiasalesiana\\\/#\\\/schema\\\/person\\\/587f0aaa0bc79792a743343715597b2e\"},\"headline\":\"La ONCE dedica un cup\u00f3n a Mar\u00eda Auxiliadora en Conmemoraci\u00f3n del 125 aniversario fundacional\",\"datePublished\":\"2021-03-18T13:10:37+00:00\",\"dateModified\":\"2021-03-18T13:27:06+00:00\",\"mainEntityOfPage\":{\"@id\":\"https:\\\/\\\/www.salesianos.edu\\\/familiasalesiana\\\/la-once-dedica-un-cupon-a-maria-auxiliadora-en-conmemoracion-del-125-aniversario-fundacional\\\/\"},\"wordCount\":596,\"commentCount\":6,\"image\":{\"@id\":\"https:\\\/\\\/www.salesianos.edu\\\/familiasalesiana\\\/la-once-dedica-un-cupon-a-maria-auxiliadora-en-conmemoracion-del-125-aniversario-fundacional\\\/#primaryimage\"},\"thumbnailUrl\":\"https:\\\/\\\/www.salesianos.edu\\\/familiasalesiana\\\/wp-content\\\/uploads\\\/sites\\\/5\\\/2021\\\/03\\\/Cupo\u0301n-dedicado-a-Mari\u0301a-Auxiliadora.jpg\",\"articleSection\":[\"ADMA\",\"portada\"],\"inLanguage\":\"es\",\"potentialAction\":[{\"@type\":\"CommentAction\",\"name\":\"Comment\",\"target\":[\"https:\\\/\\\/www.salesianos.edu\\\/familiasalesiana\\\/la-once-dedica-un-cupon-a-maria-auxiliadora-en-conmemoracion-del-125-aniversario-fundacional\\\/#respond\"]}]},{\"@type\":\"WebPage\",\"@id\":\"https:\\\/\\\/www.salesianos.edu\\\/familiasalesiana\\\/la-once-dedica-un-cupon-a-maria-auxiliadora-en-conmemoracion-del-125-aniversario-fundacional\\\/\",\"url\":\"https:\\\/\\\/www.salesianos.edu\\\/familiasalesiana\\\/la-once-dedica-un-cupon-a-maria-auxiliadora-en-conmemoracion-del-125-aniversario-fundacional\\\/\",\"name\":\"La ONCE dedica un cup\u00f3n a Mar\u00eda Auxiliadora en Conmemoraci\u00f3n del 125 aniversario fundacional - Familia Salesiana\",\"isPartOf\":{\"@id\":\"http:\\\/\\\/www.salesianos.edu\\\/familiasalesiana\\\/#website\"},\"primaryImageOfPage\":{\"@id\":\"https:\\\/\\\/www.salesianos.edu\\\/familiasalesiana\\\/la-once-dedica-un-cupon-a-maria-auxiliadora-en-conmemoracion-del-125-aniversario-fundacional\\\/#primaryimage\"},\"image\":{\"@id\":\"https:\\\/\\\/www.salesianos.edu\\\/familiasalesiana\\\/la-once-dedica-un-cupon-a-maria-auxiliadora-en-conmemoracion-del-125-aniversario-fundacional\\\/#primaryimage\"},\"thumbnailUrl\":\"https:\\\/\\\/www.salesianos.edu\\\/familiasalesiana\\\/wp-content\\\/uploads\\\/sites\\\/5\\\/2021\\\/03\\\/Cupo\u0301n-dedicado-a-Mari\u0301a-Auxiliadora.jpg\",\"datePublished\":\"2021-03-18T13:10:37+00:00\",\"dateModified\":\"2021-03-18T13:27:06+00:00\",\"author\":{\"@id\":\"http:\\\/\\\/www.salesianos.edu\\\/familiasalesiana\\\/#\\\/schema\\\/person\\\/587f0aaa0bc79792a743343715597b2e\"},\"breadcrumb\":{\"@id\":\"https:\\\/\\\/www.salesianos.edu\\\/familiasalesiana\\\/la-once-dedica-un-cupon-a-maria-auxiliadora-en-conmemoracion-del-125-aniversario-fundacional\\\/#breadcrumb\"},\"inLanguage\":\"es\",\"potentialAction\":[{\"@type\":\"ReadAction\",\"target\":[\"https:\\\/\\\/www.salesianos.edu\\\/familiasalesiana\\\/la-once-dedica-un-cupon-a-maria-auxiliadora-en-conmemoracion-del-125-aniversario-fundacional\\\/\"]}]},{\"@type\":\"ImageObject\",\"inLanguage\":\"es\",\"@id\":\"https:\\\/\\\/www.salesianos.edu\\\/familiasalesiana\\\/la-once-dedica-un-cupon-a-maria-auxiliadora-en-conmemoracion-del-125-aniversario-fundacional\\\/#primaryimage\",\"url\":\"https:\\\/\\\/www.salesianos.edu\\\/familiasalesiana\\\/wp-content\\\/uploads\\\/sites\\\/5\\\/2021\\\/03\\\/Cupo\u0301n-dedicado-a-Mari\u0301a-Auxiliadora.jpg\",\"contentUrl\":\"https:\\\/\\\/www.salesianos.edu\\\/familiasalesiana\\\/wp-content\\\/uploads\\\/sites\\\/5\\\/2021\\\/03\\\/Cupo\u0301n-dedicado-a-Mari\u0301a-Auxiliadora.jpg\",\"width\":1540,\"height\":896},{\"@type\":\"BreadcrumbList\",\"@id\":\"https:\\\/\\\/www.salesianos.edu\\\/familiasalesiana\\\/la-once-dedica-un-cupon-a-maria-auxiliadora-en-conmemoracion-del-125-aniversario-fundacional\\\/#breadcrumb\",\"itemListElement\":[{\"@type\":\"ListItem\",\"position\":1,\"name\":\"Portada\",\"item\":\"http:\\\/\\\/www.salesianos.edu\\\/familiasalesiana\\\/\"},{\"@type\":\"ListItem\",\"position\":2,\"name\":\"La ONCE dedica un cup\u00f3n a Mar\u00eda Auxiliadora en Conmemoraci\u00f3n del 125 aniversario fundacional\"}]},{\"@type\":\"WebSite\",\"@id\":\"http:\\\/\\\/www.salesianos.edu\\\/familiasalesiana\\\/#website\",\"url\":\"http:\\\/\\\/www.salesianos.edu\\\/familiasalesiana\\\/\",\"name\":\"Familia Salesiana\",\"description\":\"P\u00e1gina oficial de Inspector\u00eda Salesiana Mar\u00eda Auxiliadora\",\"potentialAction\":[{\"@type\":\"SearchAction\",\"target\":{\"@type\":\"EntryPoint\",\"urlTemplate\":\"http:\\\/\\\/www.salesianos.edu\\\/familiasalesiana\\\/?s={search_term_string}\"},\"query-input\":{\"@type\":\"PropertyValueSpecification\",\"valueRequired\":true,\"valueName\":\"search_term_string\"}}],\"inLanguage\":\"es\"},{\"@type\":\"Person\",\"@id\":\"http:\\\/\\\/www.salesianos.edu\\\/familiasalesiana\\\/#\\\/schema\\\/person\\\/587f0aaa0bc79792a743343715597b2e\",\"name\":\"carlosmartin\",\"image\":{\"@type\":\"ImageObject\",\"inLanguage\":\"es\",\"@id\":\"https:\\\/\\\/secure.gravatar.com\\\/avatar\\\/068204e325b7d19936f9561f323c3c719ed6f2c2a417a8c22c60e194a8bbdb21?s=96&d=mm&r=g\",\"url\":\"https:\\\/\\\/secure.gravatar.com\\\/avatar\\\/068204e325b7d19936f9561f323c3c719ed6f2c2a417a8c22c60e194a8bbdb21?s=96&d=mm&r=g\",\"contentUrl\":\"https:\\\/\\\/secure.gravatar.com\\\/avatar\\\/068204e325b7d19936f9561f323c3c719ed6f2c2a417a8c22c60e194a8bbdb21?s=96&d=mm&r=g\",\"caption\":\"carlosmartin\"}}]}<\/script>\n<!-- \/ Yoast SEO plugin. -->","yoast_head_json":{"title":"La ONCE dedica un cup\u00f3n a Mar\u00eda Auxiliadora en Conmemoraci\u00f3n del 125 aniversario fundacional - Familia Salesiana","robots":{"index":"index","follow":"follow","max-snippet":"max-snippet:-1","max-image-preview":"max-image-preview:large","max-video-preview":"max-video-preview:-1"},"canonical":"https:\/\/www.salesianos.edu\/familiasalesiana\/la-once-dedica-un-cupon-a-maria-auxiliadora-en-conmemoracion-del-125-aniversario-fundacional\/","og_locale":"es_ES","og_type":"article","og_title":"La ONCE dedica un cup\u00f3n a Mar\u00eda Auxiliadora en Conmemoraci\u00f3n del 125 aniversario fundacional - Familia Salesiana","og_description":"El pr\u00f3ximo 24 de marzo cinco millones de cupones se distribuir\u00e1n por toda la geograf\u00eda nacional","og_url":"https:\/\/www.salesianos.edu\/familiasalesiana\/la-once-dedica-un-cupon-a-maria-auxiliadora-en-conmemoracion-del-125-aniversario-fundacional\/","og_site_name":"Familia Salesiana","article_published_time":"2021-03-18T13:10:37+00:00","article_modified_time":"2021-03-18T13:27:06+00:00","og_image":[{"width":1540,"height":896,"url":"https:\/\/www.salesianos.edu\/familiasalesiana\/wp-content\/uploads\/sites\/5\/2021\/03\/Cupo\u0301n-dedicado-a-Mari\u0301a-Auxiliadora.jpg","type":"image\/jpeg"}],"author":"carlosmartin","twitter_card":"summary_large_image","twitter_misc":{"Escrito por":"carlosmartin","Tiempo de lectura":"3 minutos"},"schema":{"@context":"https:\/\/schema.org","@graph":[{"@type":"Article","@id":"https:\/\/www.salesianos.edu\/familiasalesiana\/la-once-dedica-un-cupon-a-maria-auxiliadora-en-conmemoracion-del-125-aniversario-fundacional\/#article","isPartOf":{"@id":"https:\/\/www.salesianos.edu\/familiasalesiana\/la-once-dedica-un-cupon-a-maria-auxiliadora-en-conmemoracion-del-125-aniversario-fundacional\/"},"author":{"name":"carlosmartin","@id":"http:\/\/www.salesianos.edu\/familiasalesiana\/#\/schema\/person\/587f0aaa0bc79792a743343715597b2e"},"headline":"La ONCE dedica un cup\u00f3n a Mar\u00eda Auxiliadora en Conmemoraci\u00f3n del 125 aniversario fundacional","datePublished":"2021-03-18T13:10:37+00:00","dateModified":"2021-03-18T13:27:06+00:00","mainEntityOfPage":{"@id":"https:\/\/www.salesianos.edu\/familiasalesiana\/la-once-dedica-un-cupon-a-maria-auxiliadora-en-conmemoracion-del-125-aniversario-fundacional\/"},"wordCount":596,"commentCount":6,"image":{"@id":"https:\/\/www.salesianos.edu\/familiasalesiana\/la-once-dedica-un-cupon-a-maria-auxiliadora-en-conmemoracion-del-125-aniversario-fundacional\/#primaryimage"},"thumbnailUrl":"https:\/\/www.salesianos.edu\/familiasalesiana\/wp-content\/uploads\/sites\/5\/2021\/03\/Cupo\u0301n-dedicado-a-Mari\u0301a-Auxiliadora.jpg","articleSection":["ADMA","portada"],"inLanguage":"es","potentialAction":[{"@type":"CommentAction","name":"Comment","target":["https:\/\/www.salesianos.edu\/familiasalesiana\/la-once-dedica-un-cupon-a-maria-auxiliadora-en-conmemoracion-del-125-aniversario-fundacional\/#respond"]}]},{"@type":"WebPage","@id":"https:\/\/www.salesianos.edu\/familiasalesiana\/la-once-dedica-un-cupon-a-maria-auxiliadora-en-conmemoracion-del-125-aniversario-fundacional\/","url":"https:\/\/www.salesianos.edu\/familiasalesiana\/la-once-dedica-un-cupon-a-maria-auxiliadora-en-conmemoracion-del-125-aniversario-fundacional\/","name":"La ONCE dedica un cup\u00f3n a Mar\u00eda Auxiliadora en Conmemoraci\u00f3n del 125 aniversario fundacional - Familia Salesiana","isPartOf":{"@id":"http:\/\/www.salesianos.edu\/familiasalesiana\/#website"},"primaryImageOfPage":{"@id":"https:\/\/www.salesianos.edu\/familiasalesiana\/la-once-dedica-un-cupon-a-maria-auxiliadora-en-conmemoracion-del-125-aniversario-fundacional\/#primaryimage"},"image":{"@id":"https:\/\/www.salesianos.edu\/familiasalesiana\/la-once-dedica-un-cupon-a-maria-auxiliadora-en-conmemoracion-del-125-aniversario-fundacional\/#primaryimage"},"thumbnailUrl":"https:\/\/www.salesianos.edu\/familiasalesiana\/wp-content\/uploads\/sites\/5\/2021\/03\/Cupo\u0301n-dedicado-a-Mari\u0301a-Auxiliadora.jpg","datePublished":"2021-03-18T13:10:37+00:00","dateModified":"2021-03-18T13:27:06+00:00","author":{"@id":"http:\/\/www.salesianos.edu\/familiasalesiana\/#\/schema\/person\/587f0aaa0bc79792a743343715597b2e"},"breadcrumb":{"@id":"https:\/\/www.salesianos.edu\/familiasalesiana\/la-once-dedica-un-cupon-a-maria-auxiliadora-en-conmemoracion-del-125-aniversario-fundacional\/#breadcrumb"},"inLanguage":"es","potentialAction":[{"@type":"ReadAction","target":["https:\/\/www.salesianos.edu\/familiasalesiana\/la-once-dedica-un-cupon-a-maria-auxiliadora-en-conmemoracion-del-125-aniversario-fundacional\/"]}]},{"@type":"ImageObject","inLanguage":"es","@id":"https:\/\/www.salesianos.edu\/familiasalesiana\/la-once-dedica-un-cupon-a-maria-auxiliadora-en-conmemoracion-del-125-aniversario-fundacional\/#primaryimage","url":"https:\/\/www.salesianos.edu\/familiasalesiana\/wp-content\/uploads\/sites\/5\/2021\/03\/Cupo\u0301n-dedicado-a-Mari\u0301a-Auxiliadora.jpg","contentUrl":"https:\/\/www.salesianos.edu\/familiasalesiana\/wp-content\/uploads\/sites\/5\/2021\/03\/Cupo\u0301n-dedicado-a-Mari\u0301a-Auxiliadora.jpg","width":1540,"height":896},{"@type":"BreadcrumbList","@id":"https:\/\/www.salesianos.edu\/familiasalesiana\/la-once-dedica-un-cupon-a-maria-auxiliadora-en-conmemoracion-del-125-aniversario-fundacional\/#breadcrumb","itemListElement":[{"@type":"ListItem","position":1,"name":"Portada","item":"http:\/\/www.salesianos.edu\/familiasalesiana\/"},{"@type":"ListItem","position":2,"name":"La ONCE dedica un cup\u00f3n a Mar\u00eda Auxiliadora en Conmemoraci\u00f3n del 125 aniversario fundacional"}]},{"@type":"WebSite","@id":"http:\/\/www.salesianos.edu\/familiasalesiana\/#website","url":"http:\/\/www.salesianos.edu\/familiasalesiana\/","name":"Familia Salesiana","description":"P\u00e1gina oficial de Inspector\u00eda Salesiana Mar\u00eda Auxiliadora","potentialAction":[{"@type":"SearchAction","target":{"@type":"EntryPoint","urlTemplate":"http:\/\/www.salesianos.edu\/familiasalesiana\/?s={search_term_string}"},"query-input":{"@type":"PropertyValueSpecification","valueRequired":true,"valueName":"search_term_string"}}],"inLanguage":"es"},{"@type":"Person","@id":"http:\/\/www.salesianos.edu\/familiasalesiana\/#\/schema\/person\/587f0aaa0bc79792a743343715597b2e","name":"carlosmartin","image":{"@type":"ImageObject","inLanguage":"es","@id":"https:\/\/secure.gravatar.com\/avatar\/068204e325b7d19936f9561f323c3c719ed6f2c2a417a8c22c60e194a8bbdb21?s=96&d=mm&r=g","url":"https:\/\/secure.gravatar.com\/avatar\/068204e325b7d19936f9561f323c3c719ed6f2c2a417a8c22c60e194a8bbdb21?s=96&d=mm&r=g","contentUrl":"https:\/\/secure.gravatar.com\/avatar\/068204e325b7d19936f9561f323c3c719ed6f2c2a417a8c22c60e194a8bbdb21?s=96&d=mm&r=g","caption":"carlosmartin"}}]}},"_links":{"self":[{"href":"https:\/\/www.salesianos.edu\/familiasalesiana\/wp-json\/wp\/v2\/posts\/9422","targetHints":{"allow":["GET"]}}],"collection":[{"href":"https:\/\/www.salesianos.edu\/familiasalesiana\/wp-json\/wp\/v2\/posts"}],"about":[{"href":"https:\/\/www.salesianos.edu\/familiasalesiana\/wp-json\/wp\/v2\/types\/post"}],"author":[{"embeddable":true,"href":"https:\/\/www.salesianos.edu\/familiasalesiana\/wp-json\/wp\/v2\/users\/7"}],"replies":[{"embeddable":true,"href":"https:\/\/www.salesianos.edu\/familiasalesiana\/wp-json\/wp\/v2\/comments?post=9422"}],"version-history":[{"count":1,"href":"https:\/\/www.salesianos.edu\/familiasalesiana\/wp-json\/wp\/v2\/posts\/9422\/revisions"}],"predecessor-version":[{"id":9424,"href":"https:\/\/www.salesianos.edu\/familiasalesiana\/wp-json\/wp\/v2\/posts\/9422\/revisions\/9424"}],"wp:featuredmedia":[{"embeddable":true,"href":"https:\/\/www.salesianos.edu\/familiasalesiana\/wp-json\/wp\/v2\/media\/9423"}],"wp:attachment":[{"href":"https:\/\/www.salesianos.edu\/familiasalesiana\/wp-json\/wp\/v2\/media?parent=9422"}],"wp:term":[{"taxonomy":"category","embeddable":true,"href":"https:\/\/www.salesianos.edu\/familiasalesiana\/wp-json\/wp\/v2\/categories?post=9422"},{"taxonomy":"post_tag","embeddable":true,"href":"https:\/\/www.salesianos.edu\/familiasalesiana\/wp-json\/wp\/v2\/tags?post=9422"}],"curies":[{"name":"wp","href":"https:\/\/api.w.org\/{rel}","templated":true}]}}