{"id":9394,"date":"2021-03-24T08:12:23","date_gmt":"2021-03-24T07:12:23","guid":{"rendered":"http:\/\/www.salesianos.edu\/familiasalesiana\/?p=9394"},"modified":"2021-04-07T08:33:30","modified_gmt":"2021-04-07T07:33:30","slug":"adma-ofrece-recursos-para-celebrar-el-mes-dedicado-a-san-jose","status":"publish","type":"post","link":"https:\/\/www.salesianos.edu\/familiasalesiana\/adma-ofrece-recursos-para-celebrar-el-mes-dedicado-a-san-jose\/","title":{"rendered":"ADMA ofrece recursos para celebrar el mes dedicado a San Jos\u00e9"},"content":{"rendered":"<div id=\"fb-root\"><\/div>\n<p>[et_pb_section fb_built=\u00bb1&#8243; _builder_version=\u00bb4.9.0&#8243; _module_preset=\u00bbdefault\u00bb][et_pb_row _builder_version=\u00bb4.9.0&#8243; _module_preset=\u00bbdefault\u00bb][et_pb_column type=\u00bb4_4&#8243; _builder_version=\u00bb4.9.0&#8243; _module_preset=\u00bbdefault\u00bb][et_pb_text _builder_version=\u00bb4.9.0&#8243; _module_preset=\u00bbdefault\u00bb]<\/p>\n<p>Con motivo del A\u00f1o Santo de San Jos\u00e9 al cumplirse el 150 Aniversario de la declaraci\u00f3n de San Jos\u00e9 como Patrono de la Iglesia Universal, el Santo Padre public\u00f3 el 8 de diciembre de 2020 la Carta Apost\u00f3lica PATRIS CORDE.<\/p>\n<p>El Consejo Inspectorial de ADMA de la zona de Sevilla ha tenido a bien publicar cada mi\u00e9rcoles de este mes de Marzo, mes dedicado a San Jos\u00e9, parte de la Carta Apost\u00f3lica, la devoci\u00f3n del Primer Mi\u00e9rcoles a San Jos\u00e9 y algunas reflexiones sobre el santo Patriarca.<\/p>\n<p>[\/et_pb_text][\/et_pb_column][\/et_pb_row][et_pb_row _builder_version=\u00bb4.9.0&#8243; _module_preset=\u00bbdefault\u00bb background_color=\u00bbrgba(81,98,111,0.15)\u00bb custom_margin=\u00bb||||false|false\u00bb border_radii=\u00bbon|20px|20px|20px|20px\u00bb box_shadow_style=\u00bbpreset2&#8243; box_shadow_horizontal=\u00bb-3px\u00bb box_shadow_vertical=\u00bb0px\u00bb][et_pb_column type=\u00bb4_4&#8243; _builder_version=\u00bb4.9.0&#8243; _module_preset=\u00bbdefault\u00bb][et_pb_text _builder_version=\u00bb4.9.0&#8243; _module_preset=\u00bbdefault\u00bb custom_margin=\u00bb|37px|||false|false\u00bb]<\/p>\n<h3 style=\"padding-left: 40px\"><b>PRIMER MI\u00c9RCOLES A SAN JOS\u00c9 &#8211; 3 de marzo<\/b><\/h3>\n<div style=\"padding-left: 40px\">\u00a0<\/div>\n<div style=\"padding-left: 40px\">\n<p>La devoci\u00f3n del primer Mi\u00e9rcoles de mes a San Jos\u00e9 es muy recomendada para los verdaderos devotos del Santo Patriarca, el Se\u00f1or San Jos\u00e9. El 5 de Julio de 1883 el Papa Le\u00f3n XIII aprueba la dedicaci\u00f3n del mi\u00e9rcoles como el d\u00eda consagrado a la devoci\u00f3n de San Jos\u00e9 en toda la Iglesia Universal.<\/p>\n<\/div>\n<p>[\/et_pb_text][et_pb_toggle title=\u00bbLa oraci\u00f3n de cada Primer Mi\u00e9rcoles de mes a San Jos\u00e9\u00bb _builder_version=\u00bb4.9.0&#8243; _module_preset=\u00bbdefault\u00bb title_text_color=\u00bb#DC001B\u00bb title_font_size=\u00bb16px\u00bb border_radii=\u00bbon|20px|20px|20px|20px\u00bb]<\/p>\n<p>San Jos\u00e9, ruega a Jes\u00fas que venga a mi coraz\u00f3n y lo inflame de caridad. San Jos\u00e9, ruega a Jes\u00fas que venga a mi inteligencia y la ilumine. San Jos\u00e9, ruega a Jes\u00fas que venga a mi voluntad y la fortalezca. San Jos\u00e9, ruega a Jes\u00fas que venga a mis pensamientos y los purifique. San Jos\u00e9, ruega a Jes\u00fas que venga a mis afectos y los ordene.<br \/>San Jos\u00e9, ruega a Jes\u00fas que venga a mis deseos y los dirija. San Jos\u00e9, ruega a Jes\u00fas que venga a mis acciones y las bendiga.<\/p>\n<blockquote>\n<p>San Jos\u00e9, haz que Jes\u00fas me done su Santo Amor.<br \/>San Jos\u00e9, haz que Jes\u00fas me done la imitaci\u00f3n de sus virtudes.<br \/>San Jos\u00e9, haz que Jes\u00fas me done la verdadera humildad de esp\u00edritu.<br \/>San Jos\u00e9, haz que Jes\u00fas me done la paz del alma.<br \/>San Jos\u00e9, haz que Jes\u00fas me done el santo temor de Dios.<br \/>San Jos\u00e9, haz que Jes\u00fas me done el deseo de la perfecci\u00f3n.<br \/>San Jos\u00e9, haz que Jes\u00fas me done la dulzura de car\u00e1cter.<br \/>San Jos\u00e9, haz que Jes\u00fas me done un coraz\u00f3n puro y caritativo.<br \/>San Jos\u00e9, haz que Jes\u00fas me done la gracia de soportar con paciencia los sufrimientos de la vida.<br \/>San Jos\u00e9, por el amor que le diste a Jes\u00fas ay\u00fadame a amarlo de verdad. San Jos\u00e9, rec\u00edbeme y prot\u00e9geme como tu fiel devoto.<br \/>San Jos\u00e9, yo me pongo en tus manos, ac\u00e9ptame y soc\u00f3rreme.<br \/>San Jos\u00e9, no me abandones en la hora de mi muerte.<br \/>Am\u00e9n.<\/p>\n<\/blockquote>\n<p>[\/et_pb_toggle][et_pb_button button_url=\u00bbhttp:\/\/www.salesianos.edu\/familiasalesiana\/wp-content\/uploads\/sites\/5\/2021\/03\/CARTA-APOSTOLICA-PATRIS-CORDE-DEL-SANTO-PADRE-FRANCISCO-CON-MOTIVO-DEL-150.\u00b0-ANIVERSARIO-DE-LA-DECLARACION-DE-SAN-JOSE-COMO-PATRONO-DE-LA-IGLESIA-UNIVERSAL-Primera-parte.docx\u00bb url_new_window=\u00bbon\u00bb button_text=\u00bbCARTA APOST\u00d3LICA PATRIS CORDE DEL SANTO PADRE FRANCISCO CON MOTIVO DEL 150.\u00b0 ANIVERSARIO DE LA DECLARACI\u00d3N DE SAN JOS\u00c9 COMO PATRONO DE LA IGLESIA UNIVERSAL &#8211; Primera parte\u00bb button_alignment=\u00bbcenter\u00bb _builder_version=\u00bb4.9.0&#8243; _module_preset=\u00bbdefault\u00bb custom_button=\u00bbon\u00bb button_text_size=\u00bb15px\u00bb button_text_color=\u00bb#FFFFFF\u00bb button_bg_color=\u00bb#DC001B\u00bb button_border_radius=\u00bb14px\u00bb button_icon=\u00bb%%30%%\u00bb][\/et_pb_button][\/et_pb_column][\/et_pb_row][et_pb_row _builder_version=\u00bb4.9.0&#8243; _module_preset=\u00bbdefault\u00bb background_color=\u00bbrgba(81,98,111,0.15)\u00bb min_height=\u00bb298.9px\u00bb custom_margin=\u00bb26px||||false|false\u00bb border_radii=\u00bbon|20px|20px|20px|20px\u00bb box_shadow_style=\u00bbpreset2&#8243; box_shadow_horizontal=\u00bb-3px\u00bb box_shadow_vertical=\u00bb0px\u00bb][et_pb_column type=\u00bb4_4&#8243; _builder_version=\u00bb4.9.0&#8243; _module_preset=\u00bbdefault\u00bb][et_pb_text _builder_version=\u00bb4.9.0&#8243; _module_preset=\u00bbdefault\u00bb custom_margin=\u00bb|37px|||false|false\u00bb]<\/p>\n<h3 style=\"padding-left: 40px\"><b>SEGUNDO MI\u00c9RCOLES A SAN JOS\u00c9 &#8211; 10 de marzo<\/b><\/h3>\n<div style=\"padding-left: 40px\">\n<p>&nbsp;<\/p>\n<\/div>\n<p>[\/et_pb_text][et_pb_button button_url=\u00bb@ET-DC@eyJkeW5hbWljIjp0cnVlLCJjb250ZW50IjoicG9zdF9saW5rX3VybF9hdHRhY2htZW50Iiwic2V0dGluZ3MiOnsicG9zdF9pZCI6Ijk0MDYifX0=@\u00bb url_new_window=\u00bbon\u00bb button_text=\u00bbROSARIO A SAN JOS\u00c9\u00bb button_alignment=\u00bbcenter\u00bb _builder_version=\u00bb4.9.0&#8243; _dynamic_attributes=\u00bbbutton_url\u00bb _module_preset=\u00bbdefault\u00bb custom_button=\u00bbon\u00bb button_text_size=\u00bb15px\u00bb button_text_color=\u00bb#DC001B\u00bb button_bg_color=\u00bb#FFFFFF\u00bb button_border_radius=\u00bb14px\u00bb button_font=\u00bb|600|||||||\u00bb button_icon=\u00bb%%30%%\u00bb][\/et_pb_button][et_pb_button button_url=\u00bb@ET-DC@eyJkeW5hbWljIjp0cnVlLCJjb250ZW50IjoicG9zdF9saW5rX3VybF9hdHRhY2htZW50Iiwic2V0dGluZ3MiOnsicG9zdF9pZCI6Ijk0MDUifX0=@\u00bb url_new_window=\u00bbon\u00bb button_text=\u00bbCARTA APOST\u00d3LICA PATRIS CORDE DEL SANTO PADRE FRANCISCO CON MOTIVO DEL 150.\u00b0 ANIVERSARIO DE LA DECLARACI\u00d3N DE SAN JOS\u00c9 COMO PATRONO DE LA IGLESIA UNIVERSAL &#8211; Segunda parte\u00bb button_alignment=\u00bbcenter\u00bb _builder_version=\u00bb4.9.0&#8243; _dynamic_attributes=\u00bbbutton_url\u00bb _module_preset=\u00bbdefault\u00bb custom_button=\u00bbon\u00bb button_text_size=\u00bb15px\u00bb button_text_color=\u00bb#FFFFFF\u00bb button_bg_color=\u00bb#DC001B\u00bb button_border_radius=\u00bb14px\u00bb button_icon=\u00bb%%30%%\u00bb][\/et_pb_button][\/et_pb_column][\/et_pb_row][et_pb_row _builder_version=\u00bb4.9.0&#8243; _module_preset=\u00bbdefault\u00bb background_color=\u00bbrgba(81,98,111,0.15)\u00bb min_height=\u00bb298.9px\u00bb custom_margin=\u00bb26px||||false|false\u00bb border_radii=\u00bbon|20px|20px|20px|20px\u00bb box_shadow_style=\u00bbpreset2&#8243; box_shadow_horizontal=\u00bb-3px\u00bb box_shadow_vertical=\u00bb0px\u00bb][et_pb_column type=\u00bb4_4&#8243; _builder_version=\u00bb4.9.0&#8243; _module_preset=\u00bbdefault\u00bb][et_pb_text _builder_version=\u00bb4.9.2&#8243; _module_preset=\u00bbdefault\u00bb custom_margin=\u00bb|37px|||false|false\u00bb]<\/p>\n<h3 style=\"padding-left: 40px\"><b>TERCER MI\u00c9RCOLES A SAN JOS\u00c9 &#8211; 17 de marzo<\/b><\/h3>\n<div style=\"padding-left: 40px\">\n<p>&nbsp;<\/p>\n<\/div>\n<p>[\/et_pb_text][et_pb_video src=\u00bbhttps:\/\/youtu.be\/hj0K3OkYGJM\u00bb _builder_version=\u00bb4.9.2&#8243; _module_preset=\u00bbdefault\u00bb][\/et_pb_video][\/et_pb_column][\/et_pb_row][et_pb_row column_structure=\u00bb1_2,1_2&#8243; _builder_version=\u00bb4.9.2&#8243; _module_preset=\u00bbdefault\u00bb background_color=\u00bbrgba(81,98,111,0.15)\u00bb min_height=\u00bb298.9px\u00bb custom_margin=\u00bb26px||||false|false\u00bb border_radii=\u00bbon|20px|20px|20px|20px\u00bb box_shadow_style=\u00bbpreset2&#8243; box_shadow_horizontal=\u00bb-3px\u00bb box_shadow_vertical=\u00bb0px\u00bb][et_pb_column type=\u00bb1_2&#8243; _builder_version=\u00bb4.9.2&#8243; _module_preset=\u00bbdefault\u00bb][et_pb_text _builder_version=\u00bb4.9.2&#8243; _module_preset=\u00bbdefault\u00bb custom_margin=\u00bb|37px|||false|false\u00bb]<\/p>\n<h4 style=\"padding-left: 40px\"><b>D\u00cdA DE SAN JOS\u00c9 &#8211; 19 de marzo<\/b>\u00a0<\/h4>\n<p>[\/et_pb_text][et_pb_video src=\u00bbhttp:\/\/www.salesianos.edu\/familiasalesiana\/wp-content\/uploads\/sites\/5\/2021\/03\/alejandro.mp4&#8243; _builder_version=\u00bb4.9.2&#8243; _module_preset=\u00bbdefault\u00bb][\/et_pb_video][et_pb_text _builder_version=\u00bb4.9.2&#8243; _module_preset=\u00bbdefault\u00bb]<\/p>\n<blockquote>\n<p>V\u00eddeo explicaci\u00f3n del Altar y cuadro de San Jos\u00e9 y la Sagrada Familia en la Bas\u00edlica de Mar\u00eda Auxiliadora de Tur\u00edn, por Alejandro Guevara, SDB<\/p>\n<\/blockquote>\n<p>[\/et_pb_text][\/et_pb_column][et_pb_column type=\u00bb1_2&#8243; _builder_version=\u00bb4.9.2&#8243; _module_preset=\u00bbdefault\u00bb][et_pb_text _builder_version=\u00bb4.9.2&#8243; _module_preset=\u00bbdefault\u00bb custom_margin=\u00bb|37px|||false|false\u00bb]<\/p>\n<h4 style=\"padding-left: 40px\"><b>San Jos\u00e9 en la Historia del Arte<\/b><\/h4>\n<p>[\/et_pb_text][et_pb_video src=\u00bbhttps:\/\/www.youtube.com\/watch?v=PMTHNS8J3FM&amp;ab_channel=ADMAInspector%C3%ADaSalesianaSantiagoelMayor\u00bb _builder_version=\u00bb4.9.2&#8243; _module_preset=\u00bbdefault\u00bb][\/et_pb_video][\/et_pb_column][\/et_pb_row][et_pb_row _builder_version=\u00bb4.9.0&#8243; _module_preset=\u00bbdefault\u00bb background_color=\u00bbrgba(81,98,111,0.15)\u00bb min_height=\u00bb298.9px\u00bb custom_margin=\u00bb26px||||false|false\u00bb border_radii=\u00bbon|20px|20px|20px|20px\u00bb box_shadow_style=\u00bbpreset2&#8243; box_shadow_horizontal=\u00bb-3px\u00bb box_shadow_vertical=\u00bb0px\u00bb][et_pb_column type=\u00bb4_4&#8243; _builder_version=\u00bb4.9.0&#8243; _module_preset=\u00bbdefault\u00bb][et_pb_text _builder_version=\u00bb4.9.2&#8243; _module_preset=\u00bbdefault\u00bb custom_margin=\u00bb|37px|||false|false\u00bb]<\/p>\n<h3 style=\"padding-left: 40px\"><b>CUARTO MI\u00c9RCOLES A SAN JOS\u00c9 &#8211; 24 de marzo<\/b><\/h3>\n<div style=\"padding-left: 40px\">\n<p>&nbsp;<\/p>\n<\/div>\n<p>[\/et_pb_text][et_pb_button button_url=\u00bbhttp:\/\/www.salesianos.edu\/familiasalesiana\/wp-content\/uploads\/sites\/5\/2021\/03\/III-CONTINUACION-DE-LA-CARTA-APOSTOLICA-PATRIS-CORDE.pdf\u00bb url_new_window=\u00bbon\u00bb button_text=\u00bbCARTA APOST\u00d3LICA PATRIS CORDE DEL SANTO PADRE FRANCISCO CON MOTIVO DEL 150.\u00b0 ANIVERSARIO DE LA DECLARACI\u00d3N DE SAN JOS\u00c9 COMO PATRONO DE LA IGLESIA UNIVERSAL &#8211; Tercera parte\u00bb button_alignment=\u00bbcenter\u00bb _builder_version=\u00bb4.9.2&#8243; _module_preset=\u00bbdefault\u00bb custom_button=\u00bbon\u00bb button_text_size=\u00bb15px\u00bb button_text_color=\u00bb#FFFFFF\u00bb button_bg_color=\u00bb#DC001B\u00bb button_border_radius=\u00bb14px\u00bb button_icon=\u00bb%%30%%\u00bb][\/et_pb_button][et_pb_audio audio=\u00bbhttp:\/\/www.salesianos.edu\/familiasalesiana\/wp-content\/uploads\/sites\/5\/2021\/03\/SANJOSE-Cuarto-miercoles.mp3&#8243; title=\u00bbReflexi\u00f3n desde ADMA Rota (Salesianas)\u00bb artist_name=\u00bbLola\u00bb _builder_version=\u00bb4.9.2&#8243; _module_preset=\u00bbdefault\u00bb][\/et_pb_audio][\/et_pb_column][\/et_pb_row][et_pb_row _builder_version=\u00bb4.9.0&#8243; _module_preset=\u00bbdefault\u00bb background_color=\u00bbrgba(81,98,111,0.15)\u00bb min_height=\u00bb298.9px\u00bb custom_margin=\u00bb26px||||false|false\u00bb border_radii=\u00bbon|20px|20px|20px|20px\u00bb box_shadow_style=\u00bbpreset2&#8243; box_shadow_horizontal=\u00bb-3px\u00bb box_shadow_vertical=\u00bb0px\u00bb][et_pb_column type=\u00bb4_4&#8243; _builder_version=\u00bb4.9.0&#8243; _module_preset=\u00bbdefault\u00bb][et_pb_text _builder_version=\u00bb4.9.3&#8243; _module_preset=\u00bbdefault\u00bb custom_margin=\u00bb|37px|||false|false\u00bb]<\/p>\n<h3 style=\"padding-left: 40px\"><b>QUINTO MI\u00c9RCOLES A SAN JOS\u00c9 &#8211; 7 de abril<\/b><\/h3>\n<div style=\"padding-left: 40px\">\n<p>&nbsp;<\/p>\n<\/div>\n<p>[\/et_pb_text][et_pb_button button_url=\u00bbhttp:\/\/www.salesianos.edu\/familiasalesiana\/wp-content\/uploads\/sites\/5\/2021\/04\/An\u0303o-de-San-Jose\u0301.pdf\u00bb url_new_window=\u00bbon\u00bb button_text=\u00bbReflexi\u00f3n de don Antonio Rodriguez desde ADMA de la L\u00ednea de la Concepci\u00f3n\u00bb button_alignment=\u00bbcenter\u00bb _builder_version=\u00bb4.9.3&#8243; _module_preset=\u00bbdefault\u00bb custom_button=\u00bbon\u00bb button_text_size=\u00bb15px\u00bb button_text_color=\u00bb#FFFFFF\u00bb button_bg_color=\u00bb#DC001B\u00bb button_border_radius=\u00bb14px\u00bb button_icon=\u00bb%%30%%\u00bb][\/et_pb_button][\/et_pb_column][\/et_pb_row][\/et_pb_section]<\/p>\n","protected":false},"excerpt":{"rendered":"<p>Con motivo del A\u00f1o Santo de San Jos\u00e9 al cumplirse el 150 Aniversario de la declaraci\u00f3n de San Jos\u00e9 como Patrono de la Iglesia Universal, el Santo Padre public\u00f3 el 8 de diciembre de 2020 la Carta Apost\u00f3lica PATRIS CORDE.<\/p>\n","protected":false},"author":12,"featured_media":9397,"comment_status":"open","ping_status":"open","sticky":false,"template":"","format":"standard","meta":{"_et_pb_use_builder":"on","_et_pb_old_content":"","_et_gb_content_width":"","footnotes":""},"categories":[53],"tags":[],"class_list":["post-9394","post","type-post","status-publish","format-standard","has-post-thumbnail","hentry","category-adma"],"yoast_head":"<!-- This site is optimized with the Yoast SEO plugin v27.5 - https:\/\/yoast.com\/product\/yoast-seo-wordpress\/ -->\n<title>ADMA ofrece recursos para celebrar el mes dedicado a San Jos\u00e9 - Familia Salesiana<\/title>\n<meta name=\"robots\" content=\"index, follow, max-snippet:-1, max-image-preview:large, max-video-preview:-1\" \/>\n<link rel=\"canonical\" href=\"https:\/\/www.salesianos.edu\/familiasalesiana\/adma-ofrece-recursos-para-celebrar-el-mes-dedicado-a-san-jose\/\" \/>\n<meta property=\"og:locale\" content=\"es_ES\" \/>\n<meta property=\"og:type\" content=\"article\" \/>\n<meta property=\"og:title\" content=\"ADMA ofrece recursos para celebrar el mes dedicado a San Jos\u00e9 - Familia Salesiana\" \/>\n<meta property=\"og:description\" content=\"Con motivo del A\u00f1o Santo de San Jos\u00e9 al cumplirse el 150 Aniversario de la declaraci\u00f3n de San Jos\u00e9 como Patrono de la Iglesia Universal, el Santo Padre public\u00f3 el 8 de diciembre de 2020 la Carta Apost\u00f3lica PATRIS CORDE.\" \/>\n<meta property=\"og:url\" content=\"https:\/\/www.salesianos.edu\/familiasalesiana\/adma-ofrece-recursos-para-celebrar-el-mes-dedicado-a-san-jose\/\" \/>\n<meta property=\"og:site_name\" content=\"Familia Salesiana\" \/>\n<meta property=\"article:published_time\" content=\"2021-03-24T07:12:23+00:00\" \/>\n<meta property=\"article:modified_time\" content=\"2021-04-07T07:33:30+00:00\" \/>\n<meta property=\"og:image\" content=\"https:\/\/www.salesianos.edu\/familiasalesiana\/wp-content\/uploads\/sites\/5\/2021\/03\/0.jpeg\" \/>\n\t<meta property=\"og:image:width\" content=\"900\" \/>\n\t<meta property=\"og:image:height\" content=\"500\" \/>\n\t<meta property=\"og:image:type\" content=\"image\/jpeg\" \/>\n<meta name=\"author\" content=\"joseluisgarciamoscoso\" \/>\n<meta name=\"twitter:card\" content=\"summary_large_image\" \/>\n<meta name=\"twitter:label1\" content=\"Escrito por\" \/>\n\t<meta name=\"twitter:data1\" content=\"joseluisgarciamoscoso\" \/>\n\t<meta name=\"twitter:label2\" content=\"Tiempo de lectura\" \/>\n\t<meta name=\"twitter:data2\" content=\"8 minutos\" \/>\n<script type=\"application\/ld+json\" class=\"yoast-schema-graph\">{\"@context\":\"https:\\\/\\\/schema.org\",\"@graph\":[{\"@type\":\"Article\",\"@id\":\"https:\\\/\\\/www.salesianos.edu\\\/familiasalesiana\\\/adma-ofrece-recursos-para-celebrar-el-mes-dedicado-a-san-jose\\\/#article\",\"isPartOf\":{\"@id\":\"https:\\\/\\\/www.salesianos.edu\\\/familiasalesiana\\\/adma-ofrece-recursos-para-celebrar-el-mes-dedicado-a-san-jose\\\/\"},\"author\":{\"name\":\"joseluisgarciamoscoso\",\"@id\":\"http:\\\/\\\/www.salesianos.edu\\\/familiasalesiana\\\/#\\\/schema\\\/person\\\/a1d72ee5373cce7347fb2993ba9f47d6\"},\"headline\":\"ADMA ofrece recursos para celebrar el mes dedicado a San Jos\u00e9\",\"datePublished\":\"2021-03-24T07:12:23+00:00\",\"dateModified\":\"2021-04-07T07:33:30+00:00\",\"mainEntityOfPage\":{\"@id\":\"https:\\\/\\\/www.salesianos.edu\\\/familiasalesiana\\\/adma-ofrece-recursos-para-celebrar-el-mes-dedicado-a-san-jose\\\/\"},\"wordCount\":1588,\"commentCount\":1,\"image\":{\"@id\":\"https:\\\/\\\/www.salesianos.edu\\\/familiasalesiana\\\/adma-ofrece-recursos-para-celebrar-el-mes-dedicado-a-san-jose\\\/#primaryimage\"},\"thumbnailUrl\":\"https:\\\/\\\/www.salesianos.edu\\\/familiasalesiana\\\/wp-content\\\/uploads\\\/sites\\\/5\\\/2021\\\/03\\\/0.jpeg\",\"articleSection\":[\"ADMA\"],\"inLanguage\":\"es\",\"potentialAction\":[{\"@type\":\"CommentAction\",\"name\":\"Comment\",\"target\":[\"https:\\\/\\\/www.salesianos.edu\\\/familiasalesiana\\\/adma-ofrece-recursos-para-celebrar-el-mes-dedicado-a-san-jose\\\/#respond\"]}]},{\"@type\":\"WebPage\",\"@id\":\"https:\\\/\\\/www.salesianos.edu\\\/familiasalesiana\\\/adma-ofrece-recursos-para-celebrar-el-mes-dedicado-a-san-jose\\\/\",\"url\":\"https:\\\/\\\/www.salesianos.edu\\\/familiasalesiana\\\/adma-ofrece-recursos-para-celebrar-el-mes-dedicado-a-san-jose\\\/\",\"name\":\"ADMA ofrece recursos para celebrar el mes dedicado a San Jos\u00e9 - Familia Salesiana\",\"isPartOf\":{\"@id\":\"http:\\\/\\\/www.salesianos.edu\\\/familiasalesiana\\\/#website\"},\"primaryImageOfPage\":{\"@id\":\"https:\\\/\\\/www.salesianos.edu\\\/familiasalesiana\\\/adma-ofrece-recursos-para-celebrar-el-mes-dedicado-a-san-jose\\\/#primaryimage\"},\"image\":{\"@id\":\"https:\\\/\\\/www.salesianos.edu\\\/familiasalesiana\\\/adma-ofrece-recursos-para-celebrar-el-mes-dedicado-a-san-jose\\\/#primaryimage\"},\"thumbnailUrl\":\"https:\\\/\\\/www.salesianos.edu\\\/familiasalesiana\\\/wp-content\\\/uploads\\\/sites\\\/5\\\/2021\\\/03\\\/0.jpeg\",\"datePublished\":\"2021-03-24T07:12:23+00:00\",\"dateModified\":\"2021-04-07T07:33:30+00:00\",\"author\":{\"@id\":\"http:\\\/\\\/www.salesianos.edu\\\/familiasalesiana\\\/#\\\/schema\\\/person\\\/a1d72ee5373cce7347fb2993ba9f47d6\"},\"breadcrumb\":{\"@id\":\"https:\\\/\\\/www.salesianos.edu\\\/familiasalesiana\\\/adma-ofrece-recursos-para-celebrar-el-mes-dedicado-a-san-jose\\\/#breadcrumb\"},\"inLanguage\":\"es\",\"potentialAction\":[{\"@type\":\"ReadAction\",\"target\":[\"https:\\\/\\\/www.salesianos.edu\\\/familiasalesiana\\\/adma-ofrece-recursos-para-celebrar-el-mes-dedicado-a-san-jose\\\/\"]}]},{\"@type\":\"ImageObject\",\"inLanguage\":\"es\",\"@id\":\"https:\\\/\\\/www.salesianos.edu\\\/familiasalesiana\\\/adma-ofrece-recursos-para-celebrar-el-mes-dedicado-a-san-jose\\\/#primaryimage\",\"url\":\"https:\\\/\\\/www.salesianos.edu\\\/familiasalesiana\\\/wp-content\\\/uploads\\\/sites\\\/5\\\/2021\\\/03\\\/0.jpeg\",\"contentUrl\":\"https:\\\/\\\/www.salesianos.edu\\\/familiasalesiana\\\/wp-content\\\/uploads\\\/sites\\\/5\\\/2021\\\/03\\\/0.jpeg\",\"width\":900,\"height\":500},{\"@type\":\"BreadcrumbList\",\"@id\":\"https:\\\/\\\/www.salesianos.edu\\\/familiasalesiana\\\/adma-ofrece-recursos-para-celebrar-el-mes-dedicado-a-san-jose\\\/#breadcrumb\",\"itemListElement\":[{\"@type\":\"ListItem\",\"position\":1,\"name\":\"Portada\",\"item\":\"http:\\\/\\\/www.salesianos.edu\\\/familiasalesiana\\\/\"},{\"@type\":\"ListItem\",\"position\":2,\"name\":\"ADMA ofrece recursos para celebrar el mes dedicado a San Jos\u00e9\"}]},{\"@type\":\"WebSite\",\"@id\":\"http:\\\/\\\/www.salesianos.edu\\\/familiasalesiana\\\/#website\",\"url\":\"http:\\\/\\\/www.salesianos.edu\\\/familiasalesiana\\\/\",\"name\":\"Familia Salesiana\",\"description\":\"P\u00e1gina oficial de Inspector\u00eda Salesiana Mar\u00eda Auxiliadora\",\"potentialAction\":[{\"@type\":\"SearchAction\",\"target\":{\"@type\":\"EntryPoint\",\"urlTemplate\":\"http:\\\/\\\/www.salesianos.edu\\\/familiasalesiana\\\/?s={search_term_string}\"},\"query-input\":{\"@type\":\"PropertyValueSpecification\",\"valueRequired\":true,\"valueName\":\"search_term_string\"}}],\"inLanguage\":\"es\"},{\"@type\":\"Person\",\"@id\":\"http:\\\/\\\/www.salesianos.edu\\\/familiasalesiana\\\/#\\\/schema\\\/person\\\/a1d72ee5373cce7347fb2993ba9f47d6\",\"name\":\"joseluisgarciamoscoso\",\"image\":{\"@type\":\"ImageObject\",\"inLanguage\":\"es\",\"@id\":\"https:\\\/\\\/secure.gravatar.com\\\/avatar\\\/3fda3a0b2db3bc9a39871e47cbd526b42d6c3b74755b7ae1400a87b2913fea6a?s=96&d=mm&r=g\",\"url\":\"https:\\\/\\\/secure.gravatar.com\\\/avatar\\\/3fda3a0b2db3bc9a39871e47cbd526b42d6c3b74755b7ae1400a87b2913fea6a?s=96&d=mm&r=g\",\"contentUrl\":\"https:\\\/\\\/secure.gravatar.com\\\/avatar\\\/3fda3a0b2db3bc9a39871e47cbd526b42d6c3b74755b7ae1400a87b2913fea6a?s=96&d=mm&r=g\",\"caption\":\"joseluisgarciamoscoso\"}}]}<\/script>\n<!-- \/ Yoast SEO plugin. -->","yoast_head_json":{"title":"ADMA ofrece recursos para celebrar el mes dedicado a San Jos\u00e9 - Familia Salesiana","robots":{"index":"index","follow":"follow","max-snippet":"max-snippet:-1","max-image-preview":"max-image-preview:large","max-video-preview":"max-video-preview:-1"},"canonical":"https:\/\/www.salesianos.edu\/familiasalesiana\/adma-ofrece-recursos-para-celebrar-el-mes-dedicado-a-san-jose\/","og_locale":"es_ES","og_type":"article","og_title":"ADMA ofrece recursos para celebrar el mes dedicado a San Jos\u00e9 - Familia Salesiana","og_description":"Con motivo del A\u00f1o Santo de San Jos\u00e9 al cumplirse el 150 Aniversario de la declaraci\u00f3n de San Jos\u00e9 como Patrono de la Iglesia Universal, el Santo Padre public\u00f3 el 8 de diciembre de 2020 la Carta Apost\u00f3lica PATRIS CORDE.","og_url":"https:\/\/www.salesianos.edu\/familiasalesiana\/adma-ofrece-recursos-para-celebrar-el-mes-dedicado-a-san-jose\/","og_site_name":"Familia Salesiana","article_published_time":"2021-03-24T07:12:23+00:00","article_modified_time":"2021-04-07T07:33:30+00:00","og_image":[{"width":900,"height":500,"url":"https:\/\/www.salesianos.edu\/familiasalesiana\/wp-content\/uploads\/sites\/5\/2021\/03\/0.jpeg","type":"image\/jpeg"}],"author":"joseluisgarciamoscoso","twitter_card":"summary_large_image","twitter_misc":{"Escrito por":"joseluisgarciamoscoso","Tiempo de lectura":"8 minutos"},"schema":{"@context":"https:\/\/schema.org","@graph":[{"@type":"Article","@id":"https:\/\/www.salesianos.edu\/familiasalesiana\/adma-ofrece-recursos-para-celebrar-el-mes-dedicado-a-san-jose\/#article","isPartOf":{"@id":"https:\/\/www.salesianos.edu\/familiasalesiana\/adma-ofrece-recursos-para-celebrar-el-mes-dedicado-a-san-jose\/"},"author":{"name":"joseluisgarciamoscoso","@id":"http:\/\/www.salesianos.edu\/familiasalesiana\/#\/schema\/person\/a1d72ee5373cce7347fb2993ba9f47d6"},"headline":"ADMA ofrece recursos para celebrar el mes dedicado a San Jos\u00e9","datePublished":"2021-03-24T07:12:23+00:00","dateModified":"2021-04-07T07:33:30+00:00","mainEntityOfPage":{"@id":"https:\/\/www.salesianos.edu\/familiasalesiana\/adma-ofrece-recursos-para-celebrar-el-mes-dedicado-a-san-jose\/"},"wordCount":1588,"commentCount":1,"image":{"@id":"https:\/\/www.salesianos.edu\/familiasalesiana\/adma-ofrece-recursos-para-celebrar-el-mes-dedicado-a-san-jose\/#primaryimage"},"thumbnailUrl":"https:\/\/www.salesianos.edu\/familiasalesiana\/wp-content\/uploads\/sites\/5\/2021\/03\/0.jpeg","articleSection":["ADMA"],"inLanguage":"es","potentialAction":[{"@type":"CommentAction","name":"Comment","target":["https:\/\/www.salesianos.edu\/familiasalesiana\/adma-ofrece-recursos-para-celebrar-el-mes-dedicado-a-san-jose\/#respond"]}]},{"@type":"WebPage","@id":"https:\/\/www.salesianos.edu\/familiasalesiana\/adma-ofrece-recursos-para-celebrar-el-mes-dedicado-a-san-jose\/","url":"https:\/\/www.salesianos.edu\/familiasalesiana\/adma-ofrece-recursos-para-celebrar-el-mes-dedicado-a-san-jose\/","name":"ADMA ofrece recursos para celebrar el mes dedicado a San Jos\u00e9 - Familia Salesiana","isPartOf":{"@id":"http:\/\/www.salesianos.edu\/familiasalesiana\/#website"},"primaryImageOfPage":{"@id":"https:\/\/www.salesianos.edu\/familiasalesiana\/adma-ofrece-recursos-para-celebrar-el-mes-dedicado-a-san-jose\/#primaryimage"},"image":{"@id":"https:\/\/www.salesianos.edu\/familiasalesiana\/adma-ofrece-recursos-para-celebrar-el-mes-dedicado-a-san-jose\/#primaryimage"},"thumbnailUrl":"https:\/\/www.salesianos.edu\/familiasalesiana\/wp-content\/uploads\/sites\/5\/2021\/03\/0.jpeg","datePublished":"2021-03-24T07:12:23+00:00","dateModified":"2021-04-07T07:33:30+00:00","author":{"@id":"http:\/\/www.salesianos.edu\/familiasalesiana\/#\/schema\/person\/a1d72ee5373cce7347fb2993ba9f47d6"},"breadcrumb":{"@id":"https:\/\/www.salesianos.edu\/familiasalesiana\/adma-ofrece-recursos-para-celebrar-el-mes-dedicado-a-san-jose\/#breadcrumb"},"inLanguage":"es","potentialAction":[{"@type":"ReadAction","target":["https:\/\/www.salesianos.edu\/familiasalesiana\/adma-ofrece-recursos-para-celebrar-el-mes-dedicado-a-san-jose\/"]}]},{"@type":"ImageObject","inLanguage":"es","@id":"https:\/\/www.salesianos.edu\/familiasalesiana\/adma-ofrece-recursos-para-celebrar-el-mes-dedicado-a-san-jose\/#primaryimage","url":"https:\/\/www.salesianos.edu\/familiasalesiana\/wp-content\/uploads\/sites\/5\/2021\/03\/0.jpeg","contentUrl":"https:\/\/www.salesianos.edu\/familiasalesiana\/wp-content\/uploads\/sites\/5\/2021\/03\/0.jpeg","width":900,"height":500},{"@type":"BreadcrumbList","@id":"https:\/\/www.salesianos.edu\/familiasalesiana\/adma-ofrece-recursos-para-celebrar-el-mes-dedicado-a-san-jose\/#breadcrumb","itemListElement":[{"@type":"ListItem","position":1,"name":"Portada","item":"http:\/\/www.salesianos.edu\/familiasalesiana\/"},{"@type":"ListItem","position":2,"name":"ADMA ofrece recursos para celebrar el mes dedicado a San Jos\u00e9"}]},{"@type":"WebSite","@id":"http:\/\/www.salesianos.edu\/familiasalesiana\/#website","url":"http:\/\/www.salesianos.edu\/familiasalesiana\/","name":"Familia Salesiana","description":"P\u00e1gina oficial de Inspector\u00eda Salesiana Mar\u00eda Auxiliadora","potentialAction":[{"@type":"SearchAction","target":{"@type":"EntryPoint","urlTemplate":"http:\/\/www.salesianos.edu\/familiasalesiana\/?s={search_term_string}"},"query-input":{"@type":"PropertyValueSpecification","valueRequired":true,"valueName":"search_term_string"}}],"inLanguage":"es"},{"@type":"Person","@id":"http:\/\/www.salesianos.edu\/familiasalesiana\/#\/schema\/person\/a1d72ee5373cce7347fb2993ba9f47d6","name":"joseluisgarciamoscoso","image":{"@type":"ImageObject","inLanguage":"es","@id":"https:\/\/secure.gravatar.com\/avatar\/3fda3a0b2db3bc9a39871e47cbd526b42d6c3b74755b7ae1400a87b2913fea6a?s=96&d=mm&r=g","url":"https:\/\/secure.gravatar.com\/avatar\/3fda3a0b2db3bc9a39871e47cbd526b42d6c3b74755b7ae1400a87b2913fea6a?s=96&d=mm&r=g","contentUrl":"https:\/\/secure.gravatar.com\/avatar\/3fda3a0b2db3bc9a39871e47cbd526b42d6c3b74755b7ae1400a87b2913fea6a?s=96&d=mm&r=g","caption":"joseluisgarciamoscoso"}}]}},"_links":{"self":[{"href":"https:\/\/www.salesianos.edu\/familiasalesiana\/wp-json\/wp\/v2\/posts\/9394","targetHints":{"allow":["GET"]}}],"collection":[{"href":"https:\/\/www.salesianos.edu\/familiasalesiana\/wp-json\/wp\/v2\/posts"}],"about":[{"href":"https:\/\/www.salesianos.edu\/familiasalesiana\/wp-json\/wp\/v2\/types\/post"}],"author":[{"embeddable":true,"href":"https:\/\/www.salesianos.edu\/familiasalesiana\/wp-json\/wp\/v2\/users\/12"}],"replies":[{"embeddable":true,"href":"https:\/\/www.salesianos.edu\/familiasalesiana\/wp-json\/wp\/v2\/comments?post=9394"}],"version-history":[{"count":15,"href":"https:\/\/www.salesianos.edu\/familiasalesiana\/wp-json\/wp\/v2\/posts\/9394\/revisions"}],"predecessor-version":[{"id":9522,"href":"https:\/\/www.salesianos.edu\/familiasalesiana\/wp-json\/wp\/v2\/posts\/9394\/revisions\/9522"}],"wp:featuredmedia":[{"embeddable":true,"href":"https:\/\/www.salesianos.edu\/familiasalesiana\/wp-json\/wp\/v2\/media\/9397"}],"wp:attachment":[{"href":"https:\/\/www.salesianos.edu\/familiasalesiana\/wp-json\/wp\/v2\/media?parent=9394"}],"wp:term":[{"taxonomy":"category","embeddable":true,"href":"https:\/\/www.salesianos.edu\/familiasalesiana\/wp-json\/wp\/v2\/categories?post=9394"},{"taxonomy":"post_tag","embeddable":true,"href":"https:\/\/www.salesianos.edu\/familiasalesiana\/wp-json\/wp\/v2\/tags?post=9394"}],"curies":[{"name":"wp","href":"https:\/\/api.w.org\/{rel}","templated":true}]}}