{"id":9371,"date":"2021-03-02T09:45:49","date_gmt":"2021-03-02T08:45:49","guid":{"rendered":"http:\/\/www.salesianos.edu\/familiasalesiana\/cuadernos-de-maria-auxiliadora-un-recorrido-por-los-ocho-congresos-internacionales\/"},"modified":"2021-03-03T13:39:55","modified_gmt":"2021-03-03T12:39:55","slug":"cuadernos-de-maria-auxiliadora-un-recorrido-por-los-ocho-congresos-internacionales","status":"publish","type":"post","link":"https:\/\/www.salesianos.edu\/familiasalesiana\/cuadernos-de-maria-auxiliadora-un-recorrido-por-los-ocho-congresos-internacionales\/","title":{"rendered":"\u00abCuadernos de Mar\u00eda Auxiliadora\u00bb, un recorrido por los ocho congresos internacionales"},"content":{"rendered":"<div id=\"fb-root\"><\/div>\n<p>[et_pb_section fb_built=\u00bb1&#8243; admin_label=\u00bbsection\u00bb _builder_version=\u00bb3.22&#8243;][et_pb_row admin_label=\u00bbrow\u00bb _builder_version=\u00bb3.25&#8243; background_size=\u00bbinitial\u00bb background_position=\u00bbtop_left\u00bb background_repeat=\u00bbrepeat\u00bb][et_pb_column type=\u00bb4_4&#8243; _builder_version=\u00bb3.25&#8243; custom_padding=\u00bb|||\u00bb custom_padding__hover=\u00bb|||\u00bb][et_pb_text _builder_version=\u00bb4.9.0&#8243;]<\/p>\n<div dir=\"ltr\">\n<p>El salesiano Mario Pardos presenta en la editorial CCS su nuevo libro \u00abCuadernos de Mar\u00eda Auxiliadora\u00bb. Este trabajo, que estar\u00e1 a la venta a partir del 15 de marzo, recoge reflexiones, exposiciones y conferencias de expertos que son una muestra del amor mundial a Mar\u00eda Auxiliadora.<\/p>\n<\/div>\n<div dir=\"ltr\">\u00a0<\/div>\n<div dir=\"ltr\">\n<p>Desde primer Congreso Internacional de Mar\u00eda Auxiliadora, que se celebr\u00f3 en Tur\u00edn (Italia), el a\u00f1o 1988, hasta el octavo, que tuvo lugar en Buenos Aires (Argentina) en 2019, recogiendo conclusiones y determinaciones, talleres, celebraciones lit\u00fargicas y festivas que han realzado a\u00fan m\u00e1s estos eventos de amor a la Virgen y que han conseguido hacernos sentir, de verdad, Familia Salesiana unida a Ella y, con Ella, enviados a los j\u00f3venes y a las clases populares de la sociedad.<\/p>\n<\/div>\n<div dir=\"ltr\">\u00a0<\/div>\n<div dir=\"ltr\">\n<p>Los documentos publicados de los ocho Congresos Internacionales, se ofrecen hoy, en forma comprensible y organizada, a las Asociaciones de Mar\u00eda Auxiliadora para su formaci\u00f3n. Este es uno de los objetivos principales de la colecci\u00f3n \u00abCuadernos de Mar\u00eda Auxiliadora\u00bb.<\/p>\n<\/div>\n<p>[\/et_pb_text][et_pb_button button_url=\u00bbhttps:\/\/editorialccs.com\/libro\/5805\/maria-auxiliadora-devocion-de-salvacion\/%20&#8243; url_new_window=\u00bbon\u00bb button_text=\u00bbEl libro se puede adquirir en la p\u00e1gina web de la editorial CCS\u00bb button_alignment=\u00bbleft\u00bb _builder_version=\u00bb4.9.0&#8243; custom_button=\u00bbon\u00bb button_text_size=\u00bb15px\u00bb button_text_color=\u00bb#ffffff\u00bb button_bg_color=\u00bb#dc001b\u00bb button_border_radius=\u00bb26px\u00bb][\/et_pb_button][\/et_pb_column][\/et_pb_row][\/et_pb_section]<\/p>\n","protected":false},"excerpt":{"rendered":"<p>El salesiano Mario Pardos presenta su \u00faltimo libro en la editorial CCS en el que  recoge reflexiones, exposiciones y conferencias de expertos que son una muestra del amor mundial a Mar\u00eda Auxiliadora.<\/p>\n","protected":false},"author":12,"featured_media":9372,"comment_status":"open","ping_status":"open","sticky":false,"template":"","format":"standard","meta":{"_et_pb_use_builder":"on","_et_pb_old_content":"","_et_gb_content_width":"","footnotes":""},"categories":[53,52,27,32,15],"tags":[],"class_list":["post-9371","post","type-post","status-publish","format-standard","has-post-thumbnail","hentry","category-adma","category-css","category-fasa","category-formacion","category-portada"],"yoast_head":"<!-- This site is optimized with the Yoast SEO plugin v27.5 - https:\/\/yoast.com\/product\/yoast-seo-wordpress\/ -->\n<title>\u00abCuadernos de Mar\u00eda Auxiliadora\u00bb, un recorrido por los ocho congresos internacionales - Familia Salesiana<\/title>\n<meta name=\"robots\" content=\"index, follow, max-snippet:-1, max-image-preview:large, max-video-preview:-1\" \/>\n<link rel=\"canonical\" href=\"https:\/\/www.salesianos.edu\/familiasalesiana\/cuadernos-de-maria-auxiliadora-un-recorrido-por-los-ocho-congresos-internacionales\/\" \/>\n<meta property=\"og:locale\" content=\"es_ES\" \/>\n<meta property=\"og:type\" content=\"article\" \/>\n<meta property=\"og:title\" content=\"\u00abCuadernos de Mar\u00eda Auxiliadora\u00bb, un recorrido por los ocho congresos internacionales - Familia Salesiana\" \/>\n<meta property=\"og:description\" content=\"El salesiano Mario Pardos presenta su \u00faltimo libro en la editorial CCS en el que recoge reflexiones, exposiciones y conferencias de expertos que son una muestra del amor mundial a Mar\u00eda Auxiliadora.\" \/>\n<meta property=\"og:url\" content=\"https:\/\/www.salesianos.edu\/familiasalesiana\/cuadernos-de-maria-auxiliadora-un-recorrido-por-los-ocho-congresos-internacionales\/\" \/>\n<meta property=\"og:site_name\" content=\"Familia Salesiana\" \/>\n<meta property=\"article:published_time\" content=\"2021-03-02T08:45:49+00:00\" \/>\n<meta property=\"article:modified_time\" content=\"2021-03-03T12:39:55+00:00\" \/>\n<meta property=\"og:image\" content=\"https:\/\/www.salesianos.edu\/familiasalesiana\/wp-content\/uploads\/sites\/5\/2021\/03\/MAUX.jpg\" \/>\n\t<meta property=\"og:image:width\" content=\"2052\" \/>\n\t<meta property=\"og:image:height\" content=\"1181\" \/>\n\t<meta property=\"og:image:type\" content=\"image\/jpeg\" \/>\n<meta name=\"author\" content=\"joseluisgarciamoscoso\" \/>\n<meta name=\"twitter:card\" content=\"summary_large_image\" \/>\n<meta name=\"twitter:label1\" content=\"Escrito por\" \/>\n\t<meta name=\"twitter:data1\" content=\"joseluisgarciamoscoso\" \/>\n\t<meta name=\"twitter:label2\" content=\"Tiempo de lectura\" \/>\n\t<meta name=\"twitter:data2\" content=\"1 minuto\" \/>\n<script type=\"application\/ld+json\" class=\"yoast-schema-graph\">{\"@context\":\"https:\\\/\\\/schema.org\",\"@graph\":[{\"@type\":\"Article\",\"@id\":\"https:\\\/\\\/www.salesianos.edu\\\/familiasalesiana\\\/cuadernos-de-maria-auxiliadora-un-recorrido-por-los-ocho-congresos-internacionales\\\/#article\",\"isPartOf\":{\"@id\":\"https:\\\/\\\/www.salesianos.edu\\\/familiasalesiana\\\/cuadernos-de-maria-auxiliadora-un-recorrido-por-los-ocho-congresos-internacionales\\\/\"},\"author\":{\"name\":\"joseluisgarciamoscoso\",\"@id\":\"http:\\\/\\\/www.salesianos.edu\\\/familiasalesiana\\\/#\\\/schema\\\/person\\\/a1d72ee5373cce7347fb2993ba9f47d6\"},\"headline\":\"\u00abCuadernos de Mar\u00eda Auxiliadora\u00bb, un recorrido por los ocho congresos internacionales\",\"datePublished\":\"2021-03-02T08:45:49+00:00\",\"dateModified\":\"2021-03-03T12:39:55+00:00\",\"mainEntityOfPage\":{\"@id\":\"https:\\\/\\\/www.salesianos.edu\\\/familiasalesiana\\\/cuadernos-de-maria-auxiliadora-un-recorrido-por-los-ocho-congresos-internacionales\\\/\"},\"wordCount\":298,\"commentCount\":0,\"image\":{\"@id\":\"https:\\\/\\\/www.salesianos.edu\\\/familiasalesiana\\\/cuadernos-de-maria-auxiliadora-un-recorrido-por-los-ocho-congresos-internacionales\\\/#primaryimage\"},\"thumbnailUrl\":\"https:\\\/\\\/www.salesianos.edu\\\/familiasalesiana\\\/wp-content\\\/uploads\\\/sites\\\/5\\\/2021\\\/03\\\/MAUX.jpg\",\"articleSection\":[\"ADMA\",\"CSS\",\"Familia Salesiana\",\"Formaci\u00f3n\",\"portada\"],\"inLanguage\":\"es\",\"potentialAction\":[{\"@type\":\"CommentAction\",\"name\":\"Comment\",\"target\":[\"https:\\\/\\\/www.salesianos.edu\\\/familiasalesiana\\\/cuadernos-de-maria-auxiliadora-un-recorrido-por-los-ocho-congresos-internacionales\\\/#respond\"]}]},{\"@type\":\"WebPage\",\"@id\":\"https:\\\/\\\/www.salesianos.edu\\\/familiasalesiana\\\/cuadernos-de-maria-auxiliadora-un-recorrido-por-los-ocho-congresos-internacionales\\\/\",\"url\":\"https:\\\/\\\/www.salesianos.edu\\\/familiasalesiana\\\/cuadernos-de-maria-auxiliadora-un-recorrido-por-los-ocho-congresos-internacionales\\\/\",\"name\":\"\u00abCuadernos de Mar\u00eda Auxiliadora\u00bb, un recorrido por los ocho congresos internacionales - Familia Salesiana\",\"isPartOf\":{\"@id\":\"http:\\\/\\\/www.salesianos.edu\\\/familiasalesiana\\\/#website\"},\"primaryImageOfPage\":{\"@id\":\"https:\\\/\\\/www.salesianos.edu\\\/familiasalesiana\\\/cuadernos-de-maria-auxiliadora-un-recorrido-por-los-ocho-congresos-internacionales\\\/#primaryimage\"},\"image\":{\"@id\":\"https:\\\/\\\/www.salesianos.edu\\\/familiasalesiana\\\/cuadernos-de-maria-auxiliadora-un-recorrido-por-los-ocho-congresos-internacionales\\\/#primaryimage\"},\"thumbnailUrl\":\"https:\\\/\\\/www.salesianos.edu\\\/familiasalesiana\\\/wp-content\\\/uploads\\\/sites\\\/5\\\/2021\\\/03\\\/MAUX.jpg\",\"datePublished\":\"2021-03-02T08:45:49+00:00\",\"dateModified\":\"2021-03-03T12:39:55+00:00\",\"author\":{\"@id\":\"http:\\\/\\\/www.salesianos.edu\\\/familiasalesiana\\\/#\\\/schema\\\/person\\\/a1d72ee5373cce7347fb2993ba9f47d6\"},\"breadcrumb\":{\"@id\":\"https:\\\/\\\/www.salesianos.edu\\\/familiasalesiana\\\/cuadernos-de-maria-auxiliadora-un-recorrido-por-los-ocho-congresos-internacionales\\\/#breadcrumb\"},\"inLanguage\":\"es\",\"potentialAction\":[{\"@type\":\"ReadAction\",\"target\":[\"https:\\\/\\\/www.salesianos.edu\\\/familiasalesiana\\\/cuadernos-de-maria-auxiliadora-un-recorrido-por-los-ocho-congresos-internacionales\\\/\"]}]},{\"@type\":\"ImageObject\",\"inLanguage\":\"es\",\"@id\":\"https:\\\/\\\/www.salesianos.edu\\\/familiasalesiana\\\/cuadernos-de-maria-auxiliadora-un-recorrido-por-los-ocho-congresos-internacionales\\\/#primaryimage\",\"url\":\"https:\\\/\\\/www.salesianos.edu\\\/familiasalesiana\\\/wp-content\\\/uploads\\\/sites\\\/5\\\/2021\\\/03\\\/MAUX.jpg\",\"contentUrl\":\"https:\\\/\\\/www.salesianos.edu\\\/familiasalesiana\\\/wp-content\\\/uploads\\\/sites\\\/5\\\/2021\\\/03\\\/MAUX.jpg\",\"width\":2052,\"height\":1181},{\"@type\":\"BreadcrumbList\",\"@id\":\"https:\\\/\\\/www.salesianos.edu\\\/familiasalesiana\\\/cuadernos-de-maria-auxiliadora-un-recorrido-por-los-ocho-congresos-internacionales\\\/#breadcrumb\",\"itemListElement\":[{\"@type\":\"ListItem\",\"position\":1,\"name\":\"Portada\",\"item\":\"http:\\\/\\\/www.salesianos.edu\\\/familiasalesiana\\\/\"},{\"@type\":\"ListItem\",\"position\":2,\"name\":\"\u00abCuadernos de Mar\u00eda Auxiliadora\u00bb, un recorrido por los ocho congresos internacionales\"}]},{\"@type\":\"WebSite\",\"@id\":\"http:\\\/\\\/www.salesianos.edu\\\/familiasalesiana\\\/#website\",\"url\":\"http:\\\/\\\/www.salesianos.edu\\\/familiasalesiana\\\/\",\"name\":\"Familia Salesiana\",\"description\":\"P\u00e1gina oficial de Inspector\u00eda Salesiana Mar\u00eda Auxiliadora\",\"potentialAction\":[{\"@type\":\"SearchAction\",\"target\":{\"@type\":\"EntryPoint\",\"urlTemplate\":\"http:\\\/\\\/www.salesianos.edu\\\/familiasalesiana\\\/?s={search_term_string}\"},\"query-input\":{\"@type\":\"PropertyValueSpecification\",\"valueRequired\":true,\"valueName\":\"search_term_string\"}}],\"inLanguage\":\"es\"},{\"@type\":\"Person\",\"@id\":\"http:\\\/\\\/www.salesianos.edu\\\/familiasalesiana\\\/#\\\/schema\\\/person\\\/a1d72ee5373cce7347fb2993ba9f47d6\",\"name\":\"joseluisgarciamoscoso\",\"image\":{\"@type\":\"ImageObject\",\"inLanguage\":\"es\",\"@id\":\"https:\\\/\\\/secure.gravatar.com\\\/avatar\\\/3fda3a0b2db3bc9a39871e47cbd526b42d6c3b74755b7ae1400a87b2913fea6a?s=96&d=mm&r=g\",\"url\":\"https:\\\/\\\/secure.gravatar.com\\\/avatar\\\/3fda3a0b2db3bc9a39871e47cbd526b42d6c3b74755b7ae1400a87b2913fea6a?s=96&d=mm&r=g\",\"contentUrl\":\"https:\\\/\\\/secure.gravatar.com\\\/avatar\\\/3fda3a0b2db3bc9a39871e47cbd526b42d6c3b74755b7ae1400a87b2913fea6a?s=96&d=mm&r=g\",\"caption\":\"joseluisgarciamoscoso\"}}]}<\/script>\n<!-- \/ Yoast SEO plugin. -->","yoast_head_json":{"title":"\u00abCuadernos de Mar\u00eda Auxiliadora\u00bb, un recorrido por los ocho congresos internacionales - Familia Salesiana","robots":{"index":"index","follow":"follow","max-snippet":"max-snippet:-1","max-image-preview":"max-image-preview:large","max-video-preview":"max-video-preview:-1"},"canonical":"https:\/\/www.salesianos.edu\/familiasalesiana\/cuadernos-de-maria-auxiliadora-un-recorrido-por-los-ocho-congresos-internacionales\/","og_locale":"es_ES","og_type":"article","og_title":"\u00abCuadernos de Mar\u00eda Auxiliadora\u00bb, un recorrido por los ocho congresos internacionales - Familia Salesiana","og_description":"El salesiano Mario Pardos presenta su \u00faltimo libro en la editorial CCS en el que recoge reflexiones, exposiciones y conferencias de expertos que son una muestra del amor mundial a Mar\u00eda Auxiliadora.","og_url":"https:\/\/www.salesianos.edu\/familiasalesiana\/cuadernos-de-maria-auxiliadora-un-recorrido-por-los-ocho-congresos-internacionales\/","og_site_name":"Familia Salesiana","article_published_time":"2021-03-02T08:45:49+00:00","article_modified_time":"2021-03-03T12:39:55+00:00","og_image":[{"width":2052,"height":1181,"url":"https:\/\/www.salesianos.edu\/familiasalesiana\/wp-content\/uploads\/sites\/5\/2021\/03\/MAUX.jpg","type":"image\/jpeg"}],"author":"joseluisgarciamoscoso","twitter_card":"summary_large_image","twitter_misc":{"Escrito por":"joseluisgarciamoscoso","Tiempo de lectura":"1 minuto"},"schema":{"@context":"https:\/\/schema.org","@graph":[{"@type":"Article","@id":"https:\/\/www.salesianos.edu\/familiasalesiana\/cuadernos-de-maria-auxiliadora-un-recorrido-por-los-ocho-congresos-internacionales\/#article","isPartOf":{"@id":"https:\/\/www.salesianos.edu\/familiasalesiana\/cuadernos-de-maria-auxiliadora-un-recorrido-por-los-ocho-congresos-internacionales\/"},"author":{"name":"joseluisgarciamoscoso","@id":"http:\/\/www.salesianos.edu\/familiasalesiana\/#\/schema\/person\/a1d72ee5373cce7347fb2993ba9f47d6"},"headline":"\u00abCuadernos de Mar\u00eda Auxiliadora\u00bb, un recorrido por los ocho congresos internacionales","datePublished":"2021-03-02T08:45:49+00:00","dateModified":"2021-03-03T12:39:55+00:00","mainEntityOfPage":{"@id":"https:\/\/www.salesianos.edu\/familiasalesiana\/cuadernos-de-maria-auxiliadora-un-recorrido-por-los-ocho-congresos-internacionales\/"},"wordCount":298,"commentCount":0,"image":{"@id":"https:\/\/www.salesianos.edu\/familiasalesiana\/cuadernos-de-maria-auxiliadora-un-recorrido-por-los-ocho-congresos-internacionales\/#primaryimage"},"thumbnailUrl":"https:\/\/www.salesianos.edu\/familiasalesiana\/wp-content\/uploads\/sites\/5\/2021\/03\/MAUX.jpg","articleSection":["ADMA","CSS","Familia Salesiana","Formaci\u00f3n","portada"],"inLanguage":"es","potentialAction":[{"@type":"CommentAction","name":"Comment","target":["https:\/\/www.salesianos.edu\/familiasalesiana\/cuadernos-de-maria-auxiliadora-un-recorrido-por-los-ocho-congresos-internacionales\/#respond"]}]},{"@type":"WebPage","@id":"https:\/\/www.salesianos.edu\/familiasalesiana\/cuadernos-de-maria-auxiliadora-un-recorrido-por-los-ocho-congresos-internacionales\/","url":"https:\/\/www.salesianos.edu\/familiasalesiana\/cuadernos-de-maria-auxiliadora-un-recorrido-por-los-ocho-congresos-internacionales\/","name":"\u00abCuadernos de Mar\u00eda Auxiliadora\u00bb, un recorrido por los ocho congresos internacionales - Familia Salesiana","isPartOf":{"@id":"http:\/\/www.salesianos.edu\/familiasalesiana\/#website"},"primaryImageOfPage":{"@id":"https:\/\/www.salesianos.edu\/familiasalesiana\/cuadernos-de-maria-auxiliadora-un-recorrido-por-los-ocho-congresos-internacionales\/#primaryimage"},"image":{"@id":"https:\/\/www.salesianos.edu\/familiasalesiana\/cuadernos-de-maria-auxiliadora-un-recorrido-por-los-ocho-congresos-internacionales\/#primaryimage"},"thumbnailUrl":"https:\/\/www.salesianos.edu\/familiasalesiana\/wp-content\/uploads\/sites\/5\/2021\/03\/MAUX.jpg","datePublished":"2021-03-02T08:45:49+00:00","dateModified":"2021-03-03T12:39:55+00:00","author":{"@id":"http:\/\/www.salesianos.edu\/familiasalesiana\/#\/schema\/person\/a1d72ee5373cce7347fb2993ba9f47d6"},"breadcrumb":{"@id":"https:\/\/www.salesianos.edu\/familiasalesiana\/cuadernos-de-maria-auxiliadora-un-recorrido-por-los-ocho-congresos-internacionales\/#breadcrumb"},"inLanguage":"es","potentialAction":[{"@type":"ReadAction","target":["https:\/\/www.salesianos.edu\/familiasalesiana\/cuadernos-de-maria-auxiliadora-un-recorrido-por-los-ocho-congresos-internacionales\/"]}]},{"@type":"ImageObject","inLanguage":"es","@id":"https:\/\/www.salesianos.edu\/familiasalesiana\/cuadernos-de-maria-auxiliadora-un-recorrido-por-los-ocho-congresos-internacionales\/#primaryimage","url":"https:\/\/www.salesianos.edu\/familiasalesiana\/wp-content\/uploads\/sites\/5\/2021\/03\/MAUX.jpg","contentUrl":"https:\/\/www.salesianos.edu\/familiasalesiana\/wp-content\/uploads\/sites\/5\/2021\/03\/MAUX.jpg","width":2052,"height":1181},{"@type":"BreadcrumbList","@id":"https:\/\/www.salesianos.edu\/familiasalesiana\/cuadernos-de-maria-auxiliadora-un-recorrido-por-los-ocho-congresos-internacionales\/#breadcrumb","itemListElement":[{"@type":"ListItem","position":1,"name":"Portada","item":"http:\/\/www.salesianos.edu\/familiasalesiana\/"},{"@type":"ListItem","position":2,"name":"\u00abCuadernos de Mar\u00eda Auxiliadora\u00bb, un recorrido por los ocho congresos internacionales"}]},{"@type":"WebSite","@id":"http:\/\/www.salesianos.edu\/familiasalesiana\/#website","url":"http:\/\/www.salesianos.edu\/familiasalesiana\/","name":"Familia Salesiana","description":"P\u00e1gina oficial de Inspector\u00eda Salesiana Mar\u00eda Auxiliadora","potentialAction":[{"@type":"SearchAction","target":{"@type":"EntryPoint","urlTemplate":"http:\/\/www.salesianos.edu\/familiasalesiana\/?s={search_term_string}"},"query-input":{"@type":"PropertyValueSpecification","valueRequired":true,"valueName":"search_term_string"}}],"inLanguage":"es"},{"@type":"Person","@id":"http:\/\/www.salesianos.edu\/familiasalesiana\/#\/schema\/person\/a1d72ee5373cce7347fb2993ba9f47d6","name":"joseluisgarciamoscoso","image":{"@type":"ImageObject","inLanguage":"es","@id":"https:\/\/secure.gravatar.com\/avatar\/3fda3a0b2db3bc9a39871e47cbd526b42d6c3b74755b7ae1400a87b2913fea6a?s=96&d=mm&r=g","url":"https:\/\/secure.gravatar.com\/avatar\/3fda3a0b2db3bc9a39871e47cbd526b42d6c3b74755b7ae1400a87b2913fea6a?s=96&d=mm&r=g","contentUrl":"https:\/\/secure.gravatar.com\/avatar\/3fda3a0b2db3bc9a39871e47cbd526b42d6c3b74755b7ae1400a87b2913fea6a?s=96&d=mm&r=g","caption":"joseluisgarciamoscoso"}}]}},"_links":{"self":[{"href":"https:\/\/www.salesianos.edu\/familiasalesiana\/wp-json\/wp\/v2\/posts\/9371","targetHints":{"allow":["GET"]}}],"collection":[{"href":"https:\/\/www.salesianos.edu\/familiasalesiana\/wp-json\/wp\/v2\/posts"}],"about":[{"href":"https:\/\/www.salesianos.edu\/familiasalesiana\/wp-json\/wp\/v2\/types\/post"}],"author":[{"embeddable":true,"href":"https:\/\/www.salesianos.edu\/familiasalesiana\/wp-json\/wp\/v2\/users\/12"}],"replies":[{"embeddable":true,"href":"https:\/\/www.salesianos.edu\/familiasalesiana\/wp-json\/wp\/v2\/comments?post=9371"}],"version-history":[{"count":1,"href":"https:\/\/www.salesianos.edu\/familiasalesiana\/wp-json\/wp\/v2\/posts\/9371\/revisions"}],"predecessor-version":[{"id":9377,"href":"https:\/\/www.salesianos.edu\/familiasalesiana\/wp-json\/wp\/v2\/posts\/9371\/revisions\/9377"}],"wp:featuredmedia":[{"embeddable":true,"href":"https:\/\/www.salesianos.edu\/familiasalesiana\/wp-json\/wp\/v2\/media\/9372"}],"wp:attachment":[{"href":"https:\/\/www.salesianos.edu\/familiasalesiana\/wp-json\/wp\/v2\/media?parent=9371"}],"wp:term":[{"taxonomy":"category","embeddable":true,"href":"https:\/\/www.salesianos.edu\/familiasalesiana\/wp-json\/wp\/v2\/categories?post=9371"},{"taxonomy":"post_tag","embeddable":true,"href":"https:\/\/www.salesianos.edu\/familiasalesiana\/wp-json\/wp\/v2\/tags?post=9371"}],"curies":[{"name":"wp","href":"https:\/\/api.w.org\/{rel}","templated":true}]}}