{"id":9287,"date":"2021-02-08T08:15:25","date_gmt":"2021-02-08T07:15:25","guid":{"rendered":"http:\/\/www.salesianos.edu\/familiasalesiana\/una-imagen-de-maria-auxiliadora-llega-a-benin-desde-cordoba-para-cumplir-el-deseo-de-cesar\/"},"modified":"2021-03-03T13:40:01","modified_gmt":"2021-03-03T12:40:01","slug":"una-imagen-de-maria-auxiliadora-llega-a-benin-desde-cordoba-para-cumplir-el-deseo-de-cesar","status":"publish","type":"post","link":"https:\/\/www.salesianos.edu\/familiasalesiana\/una-imagen-de-maria-auxiliadora-llega-a-benin-desde-cordoba-para-cumplir-el-deseo-de-cesar\/","title":{"rendered":"Una imagen de Mar\u00eda Auxiliadora llega a Ben\u00edn desde C\u00f3rdoba para cumplir el deseo de C\u00e9sar"},"content":{"rendered":"<div id=\"fb-root\"><\/div>\n<p>[et_pb_section fb_built=\u00bb1&#8243; admin_label=\u00bbsection\u00bb _builder_version=\u00bb3.22&#8243;][et_pb_row admin_label=\u00bbrow\u00bb _builder_version=\u00bb4.8.2&#8243; background_size=\u00bbinitial\u00bb background_position=\u00bbtop_left\u00bb background_repeat=\u00bbrepeat\u00bb][et_pb_column type=\u00bb4_4&#8243; _builder_version=\u00bb4.8.2&#8243; custom_padding=\u00bb|||\u00bb custom_padding__hover=\u00bb|||\u00bb][et_pb_text _builder_version=\u00bb4.8.2&#8243;]<\/p>\n<div>\n<p>El pasado d\u00eda 1 de febrero llegaba a la Comunidad Salesiana de Porto Novo \u2013 Ben\u00edn una imagen de Mar\u00eda Auxiliadora, procedente de la Casa Salesiana de C\u00f3rdoba. Fue recibida con gran alegr\u00eda y expectaci\u00f3n por parte de los salesianos, los j\u00f3venes, y los ni\u00f1os de la calle. Las gestiones del viaje fueron coordinadas por la Procura de Misiones Salesianas.<\/p>\n<\/div>\n<div>\n<p>Esta imagen se hizo hace 25 a\u00f1os con la idea de sustituir en la procesi\u00f3n del 24 de mayo a la imagen que desde el a\u00f1o 1908 preside el altar del Santuario de Mar\u00eda Auxiliadora. El paso de los a\u00f1os vio conveniente que la imagen original fuera la que recibiera culto en todo momento (durante el a\u00f1o y en la procesi\u00f3n), y que la nueva imagen fuera retirada del culto p\u00fablico. Y as\u00ed ha estado en la capilla privada de la comunidad durante estos a\u00f1os.<\/p>\n<\/div>\n<div>\n<p>En la \u00faltima visita del misionero salesiano Antonio C\u00e9sar Fern\u00e1ndez Fern\u00e1ndez (natural de Pozoblanco) a la comunidad de C\u00f3rdoba expres\u00f3 el deseo de poder tener una imagen de Mar\u00eda Auxiliadora de estas caracter\u00edsticas en Porto Novo, en la Comunidad del Prenoviciado. <a href=\"https:\/\/www.salesianos.edu\/muere-asesinado-el-misionero-salesiano-antonio-c-sar-fern-ndez-fern-ndez\/\" target=\"_blank\" rel=\"noopener\" data-saferedirecturl=\"https:\/\/www.google.com\/url?q=https:\/\/www.salesianos.edu\/muere-asesinado-el-misionero-salesiano-antonio-c-sar-fern-ndez-fern-ndez\/&amp;source=gmail&amp;ust=1612854066266000&amp;usg=AFQjCNG3GnSGMTyM0f6qTPbqKJBXrrHb6g\">Tras su tr\u00e1gica muerte el 15 de febrero de 2019, tras recibir tres disparos a unos 40 kil\u00f3metros de la frontera sur de Burkina Faso,<\/a> la comunidad salesiana de C\u00f3rdoba vio la posibilidad de enviar esta bendita imagen y de esa forma cumplir su deseo.<\/p>\n<\/div>\n<div>\n<p>La imagen de Mar\u00eda Auxiliadora es obra del escultor cordob\u00e9s Marco Augusto Due\u00f1as Cepas. Se encarg\u00f3 el 15 de Julio de 1994 y se entreg\u00f3 a la comunidad salesiana de C\u00f3rdoba el 19 de marzo de 1995. La imagen fue bendecida en la Eucarist\u00eda del d\u00eda 24 de abril del mismo a\u00f1o.<\/p>\n<\/div>\n<blockquote>\n<div>\n<p>\u201cPara nosotros es un motivo de alegr\u00eda hacer esta donaci\u00f3n a la Comunidad Salesiana de Porto Novo a los 25 a\u00f1os de su bendici\u00f3n. Que la imagen de la Virgen, que fue bendecida en el mismo sitio donde nuestro hermano Antonio C\u00e9sar recibi\u00f3 el crucifijo de misionero, pueda estar ahora en esas tierras es un signo de comuni\u00f3n. Ella nos une y nos hace sentirnos m\u00e1s hermanos\u201d, dice el director de la Casa Salesiana de C\u00f3rdoba, el padre Jos\u00e9 Antonio Perdigones.<\/p>\n<\/div>\n<\/blockquote>\n<p>[\/et_pb_text][et_pb_gallery gallery_ids=\u00bb56009,56011,56012,56005,56013,56006,56008,56010,56004&#8243; show_title_and_caption=\u00bboff\u00bb show_pagination=\u00bboff\u00bb zoom_icon_color=\u00bb#dc001b\u00bb hover_overlay_color=\u00bbrgba(255,255,255,0.55)\u00bb hover_icon=\u00bb%%51%%\u00bb _builder_version=\u00bb4.8.2&#8243; _module_preset=\u00bbdefault\u00bb border_radii=\u00bbon|14px|14px|14px|14px\u00bb border_width_all=\u00bb3px\u00bb border_color_all=\u00bb#dc001b\u00bb][\/et_pb_gallery][\/et_pb_column][\/et_pb_row][\/et_pb_section]<\/p>\n","protected":false},"excerpt":{"rendered":"<p>La comunidad salesiana cumple de esta forma una de las \u00faltimas voluntades del misionero salesiano asesinado en Burkina Faso en febrero de 2019<\/p>\n","protected":false},"author":12,"featured_media":9288,"comment_status":"open","ping_status":"open","sticky":false,"template":"","format":"standard","meta":{"_et_pb_use_builder":"on","_et_pb_old_content":"","_et_gb_content_width":"","footnotes":""},"categories":[53,46,27],"tags":[],"class_list":["post-9287","post","type-post","status-publish","format-standard","has-post-thumbnail","hentry","category-adma","category-curso20-21","category-fasa"],"yoast_head":"<!-- This site is optimized with the Yoast SEO plugin v27.5 - https:\/\/yoast.com\/product\/yoast-seo-wordpress\/ -->\n<title>Una imagen de Mar\u00eda Auxiliadora llega a Ben\u00edn desde C\u00f3rdoba para cumplir el deseo de C\u00e9sar - Familia Salesiana<\/title>\n<meta name=\"robots\" content=\"index, follow, max-snippet:-1, max-image-preview:large, max-video-preview:-1\" \/>\n<link rel=\"canonical\" href=\"https:\/\/www.salesianos.edu\/familiasalesiana\/una-imagen-de-maria-auxiliadora-llega-a-benin-desde-cordoba-para-cumplir-el-deseo-de-cesar\/\" \/>\n<meta property=\"og:locale\" content=\"es_ES\" \/>\n<meta property=\"og:type\" content=\"article\" \/>\n<meta property=\"og:title\" content=\"Una imagen de Mar\u00eda Auxiliadora llega a Ben\u00edn desde C\u00f3rdoba para cumplir el deseo de C\u00e9sar - Familia Salesiana\" \/>\n<meta property=\"og:description\" content=\"La comunidad salesiana cumple de esta forma una de las \u00faltimas voluntades del misionero salesiano asesinado en Burkina Faso en febrero de 2019\" \/>\n<meta property=\"og:url\" content=\"https:\/\/www.salesianos.edu\/familiasalesiana\/una-imagen-de-maria-auxiliadora-llega-a-benin-desde-cordoba-para-cumplir-el-deseo-de-cesar\/\" \/>\n<meta property=\"og:site_name\" content=\"Familia Salesiana\" \/>\n<meta property=\"article:published_time\" content=\"2021-02-08T07:15:25+00:00\" \/>\n<meta property=\"article:modified_time\" content=\"2021-03-03T12:40:01+00:00\" \/>\n<meta property=\"og:image\" content=\"https:\/\/www.salesianos.edu\/familiasalesiana\/wp-content\/uploads\/sites\/5\/2021\/02\/1409997_1.jpg\" \/>\n\t<meta property=\"og:image:width\" content=\"774\" \/>\n\t<meta property=\"og:image:height\" content=\"535\" \/>\n\t<meta property=\"og:image:type\" content=\"image\/jpeg\" \/>\n<meta name=\"author\" content=\"joseluisgarciamoscoso\" \/>\n<meta name=\"twitter:card\" content=\"summary_large_image\" \/>\n<meta name=\"twitter:label1\" content=\"Escrito por\" \/>\n\t<meta name=\"twitter:data1\" content=\"joseluisgarciamoscoso\" \/>\n\t<meta name=\"twitter:label2\" content=\"Tiempo de lectura\" \/>\n\t<meta name=\"twitter:data2\" content=\"2 minutos\" \/>\n<script type=\"application\/ld+json\" class=\"yoast-schema-graph\">{\"@context\":\"https:\\\/\\\/schema.org\",\"@graph\":[{\"@type\":\"Article\",\"@id\":\"https:\\\/\\\/www.salesianos.edu\\\/familiasalesiana\\\/una-imagen-de-maria-auxiliadora-llega-a-benin-desde-cordoba-para-cumplir-el-deseo-de-cesar\\\/#article\",\"isPartOf\":{\"@id\":\"https:\\\/\\\/www.salesianos.edu\\\/familiasalesiana\\\/una-imagen-de-maria-auxiliadora-llega-a-benin-desde-cordoba-para-cumplir-el-deseo-de-cesar\\\/\"},\"author\":{\"name\":\"joseluisgarciamoscoso\",\"@id\":\"http:\\\/\\\/www.salesianos.edu\\\/familiasalesiana\\\/#\\\/schema\\\/person\\\/a1d72ee5373cce7347fb2993ba9f47d6\"},\"headline\":\"Una imagen de Mar\u00eda Auxiliadora llega a Ben\u00edn desde C\u00f3rdoba para cumplir el deseo de C\u00e9sar\",\"datePublished\":\"2021-02-08T07:15:25+00:00\",\"dateModified\":\"2021-03-03T12:40:01+00:00\",\"mainEntityOfPage\":{\"@id\":\"https:\\\/\\\/www.salesianos.edu\\\/familiasalesiana\\\/una-imagen-de-maria-auxiliadora-llega-a-benin-desde-cordoba-para-cumplir-el-deseo-de-cesar\\\/\"},\"wordCount\":515,\"commentCount\":0,\"image\":{\"@id\":\"https:\\\/\\\/www.salesianos.edu\\\/familiasalesiana\\\/una-imagen-de-maria-auxiliadora-llega-a-benin-desde-cordoba-para-cumplir-el-deseo-de-cesar\\\/#primaryimage\"},\"thumbnailUrl\":\"https:\\\/\\\/www.salesianos.edu\\\/familiasalesiana\\\/wp-content\\\/uploads\\\/sites\\\/5\\\/2021\\\/02\\\/1409997_1.jpg\",\"articleSection\":[\"ADMA\",\"Curso20-21\",\"Familia Salesiana\"],\"inLanguage\":\"es\",\"potentialAction\":[{\"@type\":\"CommentAction\",\"name\":\"Comment\",\"target\":[\"https:\\\/\\\/www.salesianos.edu\\\/familiasalesiana\\\/una-imagen-de-maria-auxiliadora-llega-a-benin-desde-cordoba-para-cumplir-el-deseo-de-cesar\\\/#respond\"]}]},{\"@type\":\"WebPage\",\"@id\":\"https:\\\/\\\/www.salesianos.edu\\\/familiasalesiana\\\/una-imagen-de-maria-auxiliadora-llega-a-benin-desde-cordoba-para-cumplir-el-deseo-de-cesar\\\/\",\"url\":\"https:\\\/\\\/www.salesianos.edu\\\/familiasalesiana\\\/una-imagen-de-maria-auxiliadora-llega-a-benin-desde-cordoba-para-cumplir-el-deseo-de-cesar\\\/\",\"name\":\"Una imagen de Mar\u00eda Auxiliadora llega a Ben\u00edn desde C\u00f3rdoba para cumplir el deseo de C\u00e9sar - Familia Salesiana\",\"isPartOf\":{\"@id\":\"http:\\\/\\\/www.salesianos.edu\\\/familiasalesiana\\\/#website\"},\"primaryImageOfPage\":{\"@id\":\"https:\\\/\\\/www.salesianos.edu\\\/familiasalesiana\\\/una-imagen-de-maria-auxiliadora-llega-a-benin-desde-cordoba-para-cumplir-el-deseo-de-cesar\\\/#primaryimage\"},\"image\":{\"@id\":\"https:\\\/\\\/www.salesianos.edu\\\/familiasalesiana\\\/una-imagen-de-maria-auxiliadora-llega-a-benin-desde-cordoba-para-cumplir-el-deseo-de-cesar\\\/#primaryimage\"},\"thumbnailUrl\":\"https:\\\/\\\/www.salesianos.edu\\\/familiasalesiana\\\/wp-content\\\/uploads\\\/sites\\\/5\\\/2021\\\/02\\\/1409997_1.jpg\",\"datePublished\":\"2021-02-08T07:15:25+00:00\",\"dateModified\":\"2021-03-03T12:40:01+00:00\",\"author\":{\"@id\":\"http:\\\/\\\/www.salesianos.edu\\\/familiasalesiana\\\/#\\\/schema\\\/person\\\/a1d72ee5373cce7347fb2993ba9f47d6\"},\"breadcrumb\":{\"@id\":\"https:\\\/\\\/www.salesianos.edu\\\/familiasalesiana\\\/una-imagen-de-maria-auxiliadora-llega-a-benin-desde-cordoba-para-cumplir-el-deseo-de-cesar\\\/#breadcrumb\"},\"inLanguage\":\"es\",\"potentialAction\":[{\"@type\":\"ReadAction\",\"target\":[\"https:\\\/\\\/www.salesianos.edu\\\/familiasalesiana\\\/una-imagen-de-maria-auxiliadora-llega-a-benin-desde-cordoba-para-cumplir-el-deseo-de-cesar\\\/\"]}]},{\"@type\":\"ImageObject\",\"inLanguage\":\"es\",\"@id\":\"https:\\\/\\\/www.salesianos.edu\\\/familiasalesiana\\\/una-imagen-de-maria-auxiliadora-llega-a-benin-desde-cordoba-para-cumplir-el-deseo-de-cesar\\\/#primaryimage\",\"url\":\"https:\\\/\\\/www.salesianos.edu\\\/familiasalesiana\\\/wp-content\\\/uploads\\\/sites\\\/5\\\/2021\\\/02\\\/1409997_1.jpg\",\"contentUrl\":\"https:\\\/\\\/www.salesianos.edu\\\/familiasalesiana\\\/wp-content\\\/uploads\\\/sites\\\/5\\\/2021\\\/02\\\/1409997_1.jpg\",\"width\":774,\"height\":535},{\"@type\":\"BreadcrumbList\",\"@id\":\"https:\\\/\\\/www.salesianos.edu\\\/familiasalesiana\\\/una-imagen-de-maria-auxiliadora-llega-a-benin-desde-cordoba-para-cumplir-el-deseo-de-cesar\\\/#breadcrumb\",\"itemListElement\":[{\"@type\":\"ListItem\",\"position\":1,\"name\":\"Portada\",\"item\":\"http:\\\/\\\/www.salesianos.edu\\\/familiasalesiana\\\/\"},{\"@type\":\"ListItem\",\"position\":2,\"name\":\"Una imagen de Mar\u00eda Auxiliadora llega a Ben\u00edn desde C\u00f3rdoba para cumplir el deseo de C\u00e9sar\"}]},{\"@type\":\"WebSite\",\"@id\":\"http:\\\/\\\/www.salesianos.edu\\\/familiasalesiana\\\/#website\",\"url\":\"http:\\\/\\\/www.salesianos.edu\\\/familiasalesiana\\\/\",\"name\":\"Familia Salesiana\",\"description\":\"P\u00e1gina oficial de Inspector\u00eda Salesiana Mar\u00eda Auxiliadora\",\"potentialAction\":[{\"@type\":\"SearchAction\",\"target\":{\"@type\":\"EntryPoint\",\"urlTemplate\":\"http:\\\/\\\/www.salesianos.edu\\\/familiasalesiana\\\/?s={search_term_string}\"},\"query-input\":{\"@type\":\"PropertyValueSpecification\",\"valueRequired\":true,\"valueName\":\"search_term_string\"}}],\"inLanguage\":\"es\"},{\"@type\":\"Person\",\"@id\":\"http:\\\/\\\/www.salesianos.edu\\\/familiasalesiana\\\/#\\\/schema\\\/person\\\/a1d72ee5373cce7347fb2993ba9f47d6\",\"name\":\"joseluisgarciamoscoso\",\"image\":{\"@type\":\"ImageObject\",\"inLanguage\":\"es\",\"@id\":\"https:\\\/\\\/secure.gravatar.com\\\/avatar\\\/3fda3a0b2db3bc9a39871e47cbd526b42d6c3b74755b7ae1400a87b2913fea6a?s=96&d=mm&r=g\",\"url\":\"https:\\\/\\\/secure.gravatar.com\\\/avatar\\\/3fda3a0b2db3bc9a39871e47cbd526b42d6c3b74755b7ae1400a87b2913fea6a?s=96&d=mm&r=g\",\"contentUrl\":\"https:\\\/\\\/secure.gravatar.com\\\/avatar\\\/3fda3a0b2db3bc9a39871e47cbd526b42d6c3b74755b7ae1400a87b2913fea6a?s=96&d=mm&r=g\",\"caption\":\"joseluisgarciamoscoso\"}}]}<\/script>\n<!-- \/ Yoast SEO plugin. -->","yoast_head_json":{"title":"Una imagen de Mar\u00eda Auxiliadora llega a Ben\u00edn desde C\u00f3rdoba para cumplir el deseo de C\u00e9sar - Familia Salesiana","robots":{"index":"index","follow":"follow","max-snippet":"max-snippet:-1","max-image-preview":"max-image-preview:large","max-video-preview":"max-video-preview:-1"},"canonical":"https:\/\/www.salesianos.edu\/familiasalesiana\/una-imagen-de-maria-auxiliadora-llega-a-benin-desde-cordoba-para-cumplir-el-deseo-de-cesar\/","og_locale":"es_ES","og_type":"article","og_title":"Una imagen de Mar\u00eda Auxiliadora llega a Ben\u00edn desde C\u00f3rdoba para cumplir el deseo de C\u00e9sar - Familia Salesiana","og_description":"La comunidad salesiana cumple de esta forma una de las \u00faltimas voluntades del misionero salesiano asesinado en Burkina Faso en febrero de 2019","og_url":"https:\/\/www.salesianos.edu\/familiasalesiana\/una-imagen-de-maria-auxiliadora-llega-a-benin-desde-cordoba-para-cumplir-el-deseo-de-cesar\/","og_site_name":"Familia Salesiana","article_published_time":"2021-02-08T07:15:25+00:00","article_modified_time":"2021-03-03T12:40:01+00:00","og_image":[{"width":774,"height":535,"url":"https:\/\/www.salesianos.edu\/familiasalesiana\/wp-content\/uploads\/sites\/5\/2021\/02\/1409997_1.jpg","type":"image\/jpeg"}],"author":"joseluisgarciamoscoso","twitter_card":"summary_large_image","twitter_misc":{"Escrito por":"joseluisgarciamoscoso","Tiempo de lectura":"2 minutos"},"schema":{"@context":"https:\/\/schema.org","@graph":[{"@type":"Article","@id":"https:\/\/www.salesianos.edu\/familiasalesiana\/una-imagen-de-maria-auxiliadora-llega-a-benin-desde-cordoba-para-cumplir-el-deseo-de-cesar\/#article","isPartOf":{"@id":"https:\/\/www.salesianos.edu\/familiasalesiana\/una-imagen-de-maria-auxiliadora-llega-a-benin-desde-cordoba-para-cumplir-el-deseo-de-cesar\/"},"author":{"name":"joseluisgarciamoscoso","@id":"http:\/\/www.salesianos.edu\/familiasalesiana\/#\/schema\/person\/a1d72ee5373cce7347fb2993ba9f47d6"},"headline":"Una imagen de Mar\u00eda Auxiliadora llega a Ben\u00edn desde C\u00f3rdoba para cumplir el deseo de C\u00e9sar","datePublished":"2021-02-08T07:15:25+00:00","dateModified":"2021-03-03T12:40:01+00:00","mainEntityOfPage":{"@id":"https:\/\/www.salesianos.edu\/familiasalesiana\/una-imagen-de-maria-auxiliadora-llega-a-benin-desde-cordoba-para-cumplir-el-deseo-de-cesar\/"},"wordCount":515,"commentCount":0,"image":{"@id":"https:\/\/www.salesianos.edu\/familiasalesiana\/una-imagen-de-maria-auxiliadora-llega-a-benin-desde-cordoba-para-cumplir-el-deseo-de-cesar\/#primaryimage"},"thumbnailUrl":"https:\/\/www.salesianos.edu\/familiasalesiana\/wp-content\/uploads\/sites\/5\/2021\/02\/1409997_1.jpg","articleSection":["ADMA","Curso20-21","Familia Salesiana"],"inLanguage":"es","potentialAction":[{"@type":"CommentAction","name":"Comment","target":["https:\/\/www.salesianos.edu\/familiasalesiana\/una-imagen-de-maria-auxiliadora-llega-a-benin-desde-cordoba-para-cumplir-el-deseo-de-cesar\/#respond"]}]},{"@type":"WebPage","@id":"https:\/\/www.salesianos.edu\/familiasalesiana\/una-imagen-de-maria-auxiliadora-llega-a-benin-desde-cordoba-para-cumplir-el-deseo-de-cesar\/","url":"https:\/\/www.salesianos.edu\/familiasalesiana\/una-imagen-de-maria-auxiliadora-llega-a-benin-desde-cordoba-para-cumplir-el-deseo-de-cesar\/","name":"Una imagen de Mar\u00eda Auxiliadora llega a Ben\u00edn desde C\u00f3rdoba para cumplir el deseo de C\u00e9sar - Familia Salesiana","isPartOf":{"@id":"http:\/\/www.salesianos.edu\/familiasalesiana\/#website"},"primaryImageOfPage":{"@id":"https:\/\/www.salesianos.edu\/familiasalesiana\/una-imagen-de-maria-auxiliadora-llega-a-benin-desde-cordoba-para-cumplir-el-deseo-de-cesar\/#primaryimage"},"image":{"@id":"https:\/\/www.salesianos.edu\/familiasalesiana\/una-imagen-de-maria-auxiliadora-llega-a-benin-desde-cordoba-para-cumplir-el-deseo-de-cesar\/#primaryimage"},"thumbnailUrl":"https:\/\/www.salesianos.edu\/familiasalesiana\/wp-content\/uploads\/sites\/5\/2021\/02\/1409997_1.jpg","datePublished":"2021-02-08T07:15:25+00:00","dateModified":"2021-03-03T12:40:01+00:00","author":{"@id":"http:\/\/www.salesianos.edu\/familiasalesiana\/#\/schema\/person\/a1d72ee5373cce7347fb2993ba9f47d6"},"breadcrumb":{"@id":"https:\/\/www.salesianos.edu\/familiasalesiana\/una-imagen-de-maria-auxiliadora-llega-a-benin-desde-cordoba-para-cumplir-el-deseo-de-cesar\/#breadcrumb"},"inLanguage":"es","potentialAction":[{"@type":"ReadAction","target":["https:\/\/www.salesianos.edu\/familiasalesiana\/una-imagen-de-maria-auxiliadora-llega-a-benin-desde-cordoba-para-cumplir-el-deseo-de-cesar\/"]}]},{"@type":"ImageObject","inLanguage":"es","@id":"https:\/\/www.salesianos.edu\/familiasalesiana\/una-imagen-de-maria-auxiliadora-llega-a-benin-desde-cordoba-para-cumplir-el-deseo-de-cesar\/#primaryimage","url":"https:\/\/www.salesianos.edu\/familiasalesiana\/wp-content\/uploads\/sites\/5\/2021\/02\/1409997_1.jpg","contentUrl":"https:\/\/www.salesianos.edu\/familiasalesiana\/wp-content\/uploads\/sites\/5\/2021\/02\/1409997_1.jpg","width":774,"height":535},{"@type":"BreadcrumbList","@id":"https:\/\/www.salesianos.edu\/familiasalesiana\/una-imagen-de-maria-auxiliadora-llega-a-benin-desde-cordoba-para-cumplir-el-deseo-de-cesar\/#breadcrumb","itemListElement":[{"@type":"ListItem","position":1,"name":"Portada","item":"http:\/\/www.salesianos.edu\/familiasalesiana\/"},{"@type":"ListItem","position":2,"name":"Una imagen de Mar\u00eda Auxiliadora llega a Ben\u00edn desde C\u00f3rdoba para cumplir el deseo de C\u00e9sar"}]},{"@type":"WebSite","@id":"http:\/\/www.salesianos.edu\/familiasalesiana\/#website","url":"http:\/\/www.salesianos.edu\/familiasalesiana\/","name":"Familia Salesiana","description":"P\u00e1gina oficial de Inspector\u00eda Salesiana Mar\u00eda Auxiliadora","potentialAction":[{"@type":"SearchAction","target":{"@type":"EntryPoint","urlTemplate":"http:\/\/www.salesianos.edu\/familiasalesiana\/?s={search_term_string}"},"query-input":{"@type":"PropertyValueSpecification","valueRequired":true,"valueName":"search_term_string"}}],"inLanguage":"es"},{"@type":"Person","@id":"http:\/\/www.salesianos.edu\/familiasalesiana\/#\/schema\/person\/a1d72ee5373cce7347fb2993ba9f47d6","name":"joseluisgarciamoscoso","image":{"@type":"ImageObject","inLanguage":"es","@id":"https:\/\/secure.gravatar.com\/avatar\/3fda3a0b2db3bc9a39871e47cbd526b42d6c3b74755b7ae1400a87b2913fea6a?s=96&d=mm&r=g","url":"https:\/\/secure.gravatar.com\/avatar\/3fda3a0b2db3bc9a39871e47cbd526b42d6c3b74755b7ae1400a87b2913fea6a?s=96&d=mm&r=g","contentUrl":"https:\/\/secure.gravatar.com\/avatar\/3fda3a0b2db3bc9a39871e47cbd526b42d6c3b74755b7ae1400a87b2913fea6a?s=96&d=mm&r=g","caption":"joseluisgarciamoscoso"}}]}},"_links":{"self":[{"href":"https:\/\/www.salesianos.edu\/familiasalesiana\/wp-json\/wp\/v2\/posts\/9287","targetHints":{"allow":["GET"]}}],"collection":[{"href":"https:\/\/www.salesianos.edu\/familiasalesiana\/wp-json\/wp\/v2\/posts"}],"about":[{"href":"https:\/\/www.salesianos.edu\/familiasalesiana\/wp-json\/wp\/v2\/types\/post"}],"author":[{"embeddable":true,"href":"https:\/\/www.salesianos.edu\/familiasalesiana\/wp-json\/wp\/v2\/users\/12"}],"replies":[{"embeddable":true,"href":"https:\/\/www.salesianos.edu\/familiasalesiana\/wp-json\/wp\/v2\/comments?post=9287"}],"version-history":[{"count":1,"href":"https:\/\/www.salesianos.edu\/familiasalesiana\/wp-json\/wp\/v2\/posts\/9287\/revisions"}],"predecessor-version":[{"id":9378,"href":"https:\/\/www.salesianos.edu\/familiasalesiana\/wp-json\/wp\/v2\/posts\/9287\/revisions\/9378"}],"wp:featuredmedia":[{"embeddable":true,"href":"https:\/\/www.salesianos.edu\/familiasalesiana\/wp-json\/wp\/v2\/media\/9288"}],"wp:attachment":[{"href":"https:\/\/www.salesianos.edu\/familiasalesiana\/wp-json\/wp\/v2\/media?parent=9287"}],"wp:term":[{"taxonomy":"category","embeddable":true,"href":"https:\/\/www.salesianos.edu\/familiasalesiana\/wp-json\/wp\/v2\/categories?post=9287"},{"taxonomy":"post_tag","embeddable":true,"href":"https:\/\/www.salesianos.edu\/familiasalesiana\/wp-json\/wp\/v2\/tags?post=9287"}],"curies":[{"name":"wp","href":"https:\/\/api.w.org\/{rel}","templated":true}]}}