{"id":9250,"date":"2021-01-25T09:36:34","date_gmt":"2021-01-25T08:36:34","guid":{"rendered":"http:\/\/www.salesianos.edu\/familiasalesiana\/?p=9250"},"modified":"2021-03-03T13:40:06","modified_gmt":"2021-03-03T12:40:06","slug":"la-asociacion-de-maria-auxiliadora-de-utrera-comienza-a-festejar-su-125o-aniversario-fundacional","status":"publish","type":"post","link":"https:\/\/www.salesianos.edu\/familiasalesiana\/la-asociacion-de-maria-auxiliadora-de-utrera-comienza-a-festejar-su-125o-aniversario-fundacional\/","title":{"rendered":"La asociaci\u00f3n de Mar\u00eda Auxiliadora de Utrera comienza a festejar su 125\u00ba aniversario fundacional"},"content":{"rendered":"<div id=\"fb-root\"><\/div>\n<p>[et_pb_section fb_built=\u00bb1&#8243; admin_label=\u00bbsection\u00bb _builder_version=\u00bb3.22&#8243;][et_pb_row column_structure=\u00bb1_2,1_2&#8243; admin_label=\u00bbrow\u00bb _builder_version=\u00bb3.25&#8243; background_size=\u00bbinitial\u00bb background_position=\u00bbtop_left\u00bb background_repeat=\u00bbrepeat\u00bb][et_pb_column type=\u00bb1_2&#8243; _builder_version=\u00bb3.25&#8243; custom_padding=\u00bb|||\u00bb custom_padding__hover=\u00bb|||\u00bb][et_pb_text _builder_version=\u00bb4.8.1&#8243;]<\/p>\n<p><em><span style=\"font-size: 10pt\">Por ADMA Utrera<\/span><\/em><\/p>\n<p>[\/et_pb_text][et_pb_text _builder_version=\u00bb4.8.1&#8243; hover_enabled=\u00bb0&#8243; sticky_enabled=\u00bb0&#8243;]<\/p>\n<p>Ya se ha presentado el cartel y el logotipo conmemorativo, y se han dado a conocer los primeros actos de la efem\u00e9ride La asociaci\u00f3n de Mar\u00eda Auxiliadora de Utrera ha comenzado a celebrar su 125\u00ba aniversario fundacional, con la presentaci\u00f3n del cartel y el logotipo conmemorativos, as\u00ed como de los primeros actos de la efem\u00e9ride.<\/p>\n<p>Esta entidad salesiana es la m\u00e1s antigua de cuantas existen en Espa\u00f1a para rendir culto a la Virgen de Don Bosco, siendo la n\u00famero 17 en antig\u00fcedad de todo el planeta. La primera convocatoria de este aniversario ha tra\u00eddo consigo la presentaci\u00f3n del cartel anunciador, obra del utrerano Antonio Rodr\u00edguez Ledesma. El s\u00edmbolo principal que protagoniza el cartel gira en torno al auxilio, ra\u00edz del nombre de la Virgen, y un aspecto fundamental tanto en la actualidad como a lo largo de la historia de la asociaci\u00f3n. Ese argumento se sustenta con la presencia de una mano que desciende de la parte superior de la composici\u00f3n, lo celestial -en referencia a San Juan Bosco-, que ayuda a una persona cuya mano nace de Utrera \u2013representada con una vista de la ciudad en la que, entre otros edificios, se contempla la fachada de la Casa salesiana-. Precisamente como lema del aniversario puede leerse la frase \u201c125 a\u00f1os de auxilio en Utrera\u201d. Este s\u00edmbolo de las dos manos se funde con la imagen de Mar\u00eda Auxiliadora y del Ni\u00f1o Jes\u00fas, en la parte superior. La Virgen luce las preseas de su coronaci\u00f3n can\u00f3nica, as\u00ed como los pendientes que le regal\u00f3 el desaparecido director de la Casa salesiana de Utrera, Juan Jos\u00e9 Guti\u00e9rrez Galeote.<\/p>\n<p>Toda la composici\u00f3n aparece enmarcada con una hornacina que representa a las capillitas domiciliarias de las celadoras, que hacen que la devoci\u00f3n a Mar\u00eda Auxiliadora llegue a numerosos hogares utreranos. Envolviendo toda la obra aparecen los colores rosa y celeste, caracter\u00edsticos de esta advocaci\u00f3n y que, en algunas ocasiones, marcan el color del cielo durante el atardecer. Por otro lado, el gui\u00f1o a Don Bosco a trav\u00e9s de la mano que desciende del cielo tambi\u00e9n hace referencia a que fue precisamente \u00e9l quien hizo posible que la Virgen llegara a Utrera en 1885, cuatro a\u00f1os despu\u00e9s de que se fundara en la ciudad la primera Casa salesiana de Espa\u00f1a.<\/p>\n<p>La obra queda completada con el logotipo del aniversario y la referencia a las fechas que recuerdan la efem\u00e9ride que se conmemora (1896-2021), as\u00ed como el nombre de la asociaci\u00f3n de Mar\u00eda Auxiliadora de Utrera. T\u00e9cnicamente, la obra est\u00e1 realizada con acr\u00edlico, \u00f3leo, collage, carboncillo y l\u00e1pices de madera, sobre tabla, con unas dimensiones de un metro de alto por 60 cent\u00edmetros de ancho.<\/p>\n<p>[\/et_pb_text][\/et_pb_column][et_pb_column type=\u00bb1_2&#8243; _builder_version=\u00bb3.25&#8243; custom_padding=\u00bb|||\u00bb custom_padding__hover=\u00bb|||\u00bb][et_pb_image src=\u00bbhttp:\/\/www.salesianos.edu\/familiasalesiana\/wp-content\/uploads\/sites\/5\/2021\/01\/125-aniversario-ADMA-Utrera-Cartel.jpg\u00bb title_text=\u00bb125 aniversario ADMA Utrera &#8211; Cartel\u00bb _builder_version=\u00bb4.8.1&#8243; _module_preset=\u00bbdefault\u00bb][\/et_pb_image][et_pb_image src=\u00bbhttp:\/\/www.salesianos.edu\/familiasalesiana\/wp-content\/uploads\/sites\/5\/2021\/01\/125-aniversario-ADMA-Utrera-Logotipo.jpg\u00bb title_text=\u00bb125 aniversario ADMA Utrera &#8211; Logotipo\u00bb _builder_version=\u00bb4.8.1&#8243; _module_preset=\u00bbdefault\u00bb][\/et_pb_image][\/et_pb_column][\/et_pb_row][et_pb_row admin_label=\u00bbrow\u00bb _builder_version=\u00bb3.25&#8243; background_size=\u00bbinitial\u00bb background_position=\u00bbtop_left\u00bb background_repeat=\u00bbrepeat\u00bb][et_pb_column type=\u00bb4_4&#8243; _builder_version=\u00bb3.25&#8243; custom_padding=\u00bb|||\u00bb custom_padding__hover=\u00bb|||\u00bb][et_pb_text _builder_version=\u00bb4.8.1&#8243; hover_enabled=\u00bb0&#8243; sticky_enabled=\u00bb0&#8243;]<\/p>\n<p>Tambi\u00e9n se ha mostrado el logotipo conmemorativo del 125\u00ba aniversario, realizado por el tambi\u00e9n utrerano Pepe Florido. En \u00e9l aparece destacada la aureola de Mar\u00eda Auxiliadora, con sus 12 estrellas. En la Iglesia cat\u00f3lica, ese n\u00famero es especial destacado al estar presente en diverso \u00e1mbitos: las 12 tribus de Israel, los 12 ap\u00f3stoles,\u2026 Adem\u00e1s, ese n\u00famero representa la perfecci\u00f3n, y tambi\u00e9n se cita en el libro del Apocalipsis cuando, al hablar de la Virgen, se refiere a Ella como \u00abuna Mujer, vestida del sol, con la luna bajo sus pies, y una corona de doce estrellas sobre su cabeza\u00bb. Bajo la aureola, pueden contemplarse las preseas de Mar\u00eda Auxiliadora y del Ni\u00f1o Jes\u00fas, realizadas con motivo de la coronaci\u00f3n can\u00f3nica. Completan el logotipo el n\u00famero 125, en referencia al aniversario; las fechas de la efem\u00e9ride (1896-2021), y el nombre de la asociaci\u00f3n y de la ciudad de Utrera. En cuanto a los colores empleados en la confecci\u00f3n de esta obra, son el celeste y el rosa, que est\u00e1n tradicionalmente vinculados a esta advocaci\u00f3n mariana.<\/p>\n<p>Por otro lado, se han dado a conocer los primeros actos de esta efem\u00e9ride, que se desarrollar\u00e1n entre los meses de febrero y abril. El resto se ir\u00e1n comunicando conforme se vayan acercando las fechas, en funci\u00f3n de c\u00f3mo vaya evolucionando la crisis sanitaria. La asociaci\u00f3n sustenta su vida diaria en dos pilares. Uno es Mar\u00eda Auxiliadora; y el otro es el Sant\u00edsimo, la eucarist\u00eda. Por ese motivo, en febrero el Sant\u00edsimo Sacramento ser\u00e1 el protagonista, y en torno a \u00c9l se celebrar\u00e1 una especial adoraci\u00f3n de acci\u00f3n de gracias, el d\u00eda 24. La conmemoraci\u00f3n del 125\u00ba aniversario fundacional se recordar\u00e1 el 20 de marzo con una eucarist\u00eda de acci\u00f3n de gracias. Ser\u00e1 presidida por Juan Carlos P\u00e9rez Godoy, quien actualmente ejerce como consejero general para la Regi\u00f3n Mediterr\u00e1nea de los Salesianos. Semanas despu\u00e9s, concretamente el 17 de abril, se desarrollar\u00e1 la asamblea inspectorial de Mar\u00eda Auxiliadora. Es un evento que cada a\u00f1o re\u00fane a todas las asociaciones de nuestra inspector\u00eda salesiana, y que va cambiando de sede cada primavera. En esta ocasi\u00f3n, se celebrar\u00e1 en Utrera, aunque no con la presencia f\u00edsica de las entidades participantes, sino de manera virtual. Desde la iglesia Nuestra Se\u00f1ora del Carmen se retransmitir\u00e1 una eucarist\u00eda que podr\u00e1 seguirse por parte de todas las asociaciones.<\/p>\n<p>Por otro lado, el 24 de mayo ser\u00e1 festivo local en Utrera. Este fue un acuerdo de la corporaci\u00f3n municipal, que ha querido as\u00ed sumarse a esta celebraci\u00f3n y poner en valor la importancia de Mar\u00eda Auxiliadora en la ciudad.\u00a0<\/p>\n<p>[\/et_pb_text][et_pb_video src=\u00bbhttps:\/\/www.youtube.com\/watch?v=Hopm0RR-Wik&amp;feature=youtu.be&amp;ab_channel=Asociaci%C3%B3nMar%C3%ADaAuxiliadoraUtrera\u00bb _builder_version=\u00bb4.8.1&#8243; _module_preset=\u00bbdefault\u00bb][\/et_pb_video][\/et_pb_column][\/et_pb_row][\/et_pb_section]<\/p>\n","protected":false},"excerpt":{"rendered":"<p>El comienzo de la efem\u00e9ride se producir\u00e1 el 24 de enero, con la presentaci\u00f3n del cartel, el logotipo y los primeros actos<\/p>\n","protected":false},"author":7,"featured_media":9254,"comment_status":"open","ping_status":"open","sticky":false,"template":"","format":"standard","meta":{"_et_pb_use_builder":"on","_et_pb_old_content":"","_et_gb_content_width":"","footnotes":""},"categories":[53,15],"tags":[],"class_list":["post-9250","post","type-post","status-publish","format-standard","has-post-thumbnail","hentry","category-adma","category-portada"],"yoast_head":"<!-- This site is optimized with the Yoast SEO plugin v27.5 - https:\/\/yoast.com\/product\/yoast-seo-wordpress\/ -->\n<title>La asociaci\u00f3n de Mar\u00eda Auxiliadora de Utrera comienza a festejar su 125\u00ba aniversario fundacional - Familia Salesiana<\/title>\n<meta name=\"robots\" content=\"index, follow, max-snippet:-1, max-image-preview:large, max-video-preview:-1\" \/>\n<link rel=\"canonical\" href=\"https:\/\/www.salesianos.edu\/familiasalesiana\/la-asociacion-de-maria-auxiliadora-de-utrera-comienza-a-festejar-su-125o-aniversario-fundacional\/\" \/>\n<meta property=\"og:locale\" content=\"es_ES\" \/>\n<meta property=\"og:type\" content=\"article\" \/>\n<meta property=\"og:title\" content=\"La asociaci\u00f3n de Mar\u00eda Auxiliadora de Utrera comienza a festejar su 125\u00ba aniversario fundacional - Familia Salesiana\" \/>\n<meta property=\"og:description\" content=\"El comienzo de la efem\u00e9ride se producir\u00e1 el 24 de enero, con la presentaci\u00f3n del cartel, el logotipo y los primeros actos\" \/>\n<meta property=\"og:url\" content=\"https:\/\/www.salesianos.edu\/familiasalesiana\/la-asociacion-de-maria-auxiliadora-de-utrera-comienza-a-festejar-su-125o-aniversario-fundacional\/\" \/>\n<meta property=\"og:site_name\" content=\"Familia Salesiana\" \/>\n<meta property=\"article:published_time\" content=\"2021-01-25T08:36:34+00:00\" \/>\n<meta property=\"article:modified_time\" content=\"2021-03-03T12:40:06+00:00\" \/>\n<meta property=\"og:image\" content=\"https:\/\/www.salesianos.edu\/familiasalesiana\/wp-content\/uploads\/sites\/5\/2021\/01\/125-aniversario-ADMA-Utrera-Presentacio\u0301n-cartel-y-logotipo.jpg\" \/>\n\t<meta property=\"og:image:width\" content=\"1896\" \/>\n\t<meta property=\"og:image:height\" content=\"1338\" \/>\n\t<meta property=\"og:image:type\" content=\"image\/jpeg\" \/>\n<meta name=\"author\" content=\"carlosmartin\" \/>\n<meta name=\"twitter:card\" content=\"summary_large_image\" \/>\n<meta name=\"twitter:label1\" content=\"Escrito por\" \/>\n\t<meta name=\"twitter:data1\" content=\"carlosmartin\" \/>\n\t<meta name=\"twitter:label2\" content=\"Tiempo de lectura\" \/>\n\t<meta name=\"twitter:data2\" content=\"6 minutos\" \/>\n<script type=\"application\/ld+json\" class=\"yoast-schema-graph\">{\"@context\":\"https:\\\/\\\/schema.org\",\"@graph\":[{\"@type\":\"Article\",\"@id\":\"https:\\\/\\\/www.salesianos.edu\\\/familiasalesiana\\\/la-asociacion-de-maria-auxiliadora-de-utrera-comienza-a-festejar-su-125o-aniversario-fundacional\\\/#article\",\"isPartOf\":{\"@id\":\"https:\\\/\\\/www.salesianos.edu\\\/familiasalesiana\\\/la-asociacion-de-maria-auxiliadora-de-utrera-comienza-a-festejar-su-125o-aniversario-fundacional\\\/\"},\"author\":{\"name\":\"carlosmartin\",\"@id\":\"http:\\\/\\\/www.salesianos.edu\\\/familiasalesiana\\\/#\\\/schema\\\/person\\\/587f0aaa0bc79792a743343715597b2e\"},\"headline\":\"La asociaci\u00f3n de Mar\u00eda Auxiliadora de Utrera comienza a festejar su 125\u00ba aniversario fundacional\",\"datePublished\":\"2021-01-25T08:36:34+00:00\",\"dateModified\":\"2021-03-03T12:40:06+00:00\",\"mainEntityOfPage\":{\"@id\":\"https:\\\/\\\/www.salesianos.edu\\\/familiasalesiana\\\/la-asociacion-de-maria-auxiliadora-de-utrera-comienza-a-festejar-su-125o-aniversario-fundacional\\\/\"},\"wordCount\":1183,\"commentCount\":0,\"image\":{\"@id\":\"https:\\\/\\\/www.salesianos.edu\\\/familiasalesiana\\\/la-asociacion-de-maria-auxiliadora-de-utrera-comienza-a-festejar-su-125o-aniversario-fundacional\\\/#primaryimage\"},\"thumbnailUrl\":\"https:\\\/\\\/www.salesianos.edu\\\/familiasalesiana\\\/wp-content\\\/uploads\\\/sites\\\/5\\\/2021\\\/01\\\/125-aniversario-ADMA-Utrera-Presentacio\u0301n-cartel-y-logotipo.jpg\",\"articleSection\":[\"ADMA\",\"portada\"],\"inLanguage\":\"es\",\"potentialAction\":[{\"@type\":\"CommentAction\",\"name\":\"Comment\",\"target\":[\"https:\\\/\\\/www.salesianos.edu\\\/familiasalesiana\\\/la-asociacion-de-maria-auxiliadora-de-utrera-comienza-a-festejar-su-125o-aniversario-fundacional\\\/#respond\"]}]},{\"@type\":\"WebPage\",\"@id\":\"https:\\\/\\\/www.salesianos.edu\\\/familiasalesiana\\\/la-asociacion-de-maria-auxiliadora-de-utrera-comienza-a-festejar-su-125o-aniversario-fundacional\\\/\",\"url\":\"https:\\\/\\\/www.salesianos.edu\\\/familiasalesiana\\\/la-asociacion-de-maria-auxiliadora-de-utrera-comienza-a-festejar-su-125o-aniversario-fundacional\\\/\",\"name\":\"La asociaci\u00f3n de Mar\u00eda Auxiliadora de Utrera comienza a festejar su 125\u00ba aniversario fundacional - Familia Salesiana\",\"isPartOf\":{\"@id\":\"http:\\\/\\\/www.salesianos.edu\\\/familiasalesiana\\\/#website\"},\"primaryImageOfPage\":{\"@id\":\"https:\\\/\\\/www.salesianos.edu\\\/familiasalesiana\\\/la-asociacion-de-maria-auxiliadora-de-utrera-comienza-a-festejar-su-125o-aniversario-fundacional\\\/#primaryimage\"},\"image\":{\"@id\":\"https:\\\/\\\/www.salesianos.edu\\\/familiasalesiana\\\/la-asociacion-de-maria-auxiliadora-de-utrera-comienza-a-festejar-su-125o-aniversario-fundacional\\\/#primaryimage\"},\"thumbnailUrl\":\"https:\\\/\\\/www.salesianos.edu\\\/familiasalesiana\\\/wp-content\\\/uploads\\\/sites\\\/5\\\/2021\\\/01\\\/125-aniversario-ADMA-Utrera-Presentacio\u0301n-cartel-y-logotipo.jpg\",\"datePublished\":\"2021-01-25T08:36:34+00:00\",\"dateModified\":\"2021-03-03T12:40:06+00:00\",\"author\":{\"@id\":\"http:\\\/\\\/www.salesianos.edu\\\/familiasalesiana\\\/#\\\/schema\\\/person\\\/587f0aaa0bc79792a743343715597b2e\"},\"breadcrumb\":{\"@id\":\"https:\\\/\\\/www.salesianos.edu\\\/familiasalesiana\\\/la-asociacion-de-maria-auxiliadora-de-utrera-comienza-a-festejar-su-125o-aniversario-fundacional\\\/#breadcrumb\"},\"inLanguage\":\"es\",\"potentialAction\":[{\"@type\":\"ReadAction\",\"target\":[\"https:\\\/\\\/www.salesianos.edu\\\/familiasalesiana\\\/la-asociacion-de-maria-auxiliadora-de-utrera-comienza-a-festejar-su-125o-aniversario-fundacional\\\/\"]}]},{\"@type\":\"ImageObject\",\"inLanguage\":\"es\",\"@id\":\"https:\\\/\\\/www.salesianos.edu\\\/familiasalesiana\\\/la-asociacion-de-maria-auxiliadora-de-utrera-comienza-a-festejar-su-125o-aniversario-fundacional\\\/#primaryimage\",\"url\":\"https:\\\/\\\/www.salesianos.edu\\\/familiasalesiana\\\/wp-content\\\/uploads\\\/sites\\\/5\\\/2021\\\/01\\\/125-aniversario-ADMA-Utrera-Presentacio\u0301n-cartel-y-logotipo.jpg\",\"contentUrl\":\"https:\\\/\\\/www.salesianos.edu\\\/familiasalesiana\\\/wp-content\\\/uploads\\\/sites\\\/5\\\/2021\\\/01\\\/125-aniversario-ADMA-Utrera-Presentacio\u0301n-cartel-y-logotipo.jpg\",\"width\":1896,\"height\":1338},{\"@type\":\"BreadcrumbList\",\"@id\":\"https:\\\/\\\/www.salesianos.edu\\\/familiasalesiana\\\/la-asociacion-de-maria-auxiliadora-de-utrera-comienza-a-festejar-su-125o-aniversario-fundacional\\\/#breadcrumb\",\"itemListElement\":[{\"@type\":\"ListItem\",\"position\":1,\"name\":\"Portada\",\"item\":\"http:\\\/\\\/www.salesianos.edu\\\/familiasalesiana\\\/\"},{\"@type\":\"ListItem\",\"position\":2,\"name\":\"La asociaci\u00f3n de Mar\u00eda Auxiliadora de Utrera comienza a festejar su 125\u00ba aniversario fundacional\"}]},{\"@type\":\"WebSite\",\"@id\":\"http:\\\/\\\/www.salesianos.edu\\\/familiasalesiana\\\/#website\",\"url\":\"http:\\\/\\\/www.salesianos.edu\\\/familiasalesiana\\\/\",\"name\":\"Familia Salesiana\",\"description\":\"P\u00e1gina oficial de Inspector\u00eda Salesiana Mar\u00eda Auxiliadora\",\"potentialAction\":[{\"@type\":\"SearchAction\",\"target\":{\"@type\":\"EntryPoint\",\"urlTemplate\":\"http:\\\/\\\/www.salesianos.edu\\\/familiasalesiana\\\/?s={search_term_string}\"},\"query-input\":{\"@type\":\"PropertyValueSpecification\",\"valueRequired\":true,\"valueName\":\"search_term_string\"}}],\"inLanguage\":\"es\"},{\"@type\":\"Person\",\"@id\":\"http:\\\/\\\/www.salesianos.edu\\\/familiasalesiana\\\/#\\\/schema\\\/person\\\/587f0aaa0bc79792a743343715597b2e\",\"name\":\"carlosmartin\",\"image\":{\"@type\":\"ImageObject\",\"inLanguage\":\"es\",\"@id\":\"https:\\\/\\\/secure.gravatar.com\\\/avatar\\\/068204e325b7d19936f9561f323c3c719ed6f2c2a417a8c22c60e194a8bbdb21?s=96&d=mm&r=g\",\"url\":\"https:\\\/\\\/secure.gravatar.com\\\/avatar\\\/068204e325b7d19936f9561f323c3c719ed6f2c2a417a8c22c60e194a8bbdb21?s=96&d=mm&r=g\",\"contentUrl\":\"https:\\\/\\\/secure.gravatar.com\\\/avatar\\\/068204e325b7d19936f9561f323c3c719ed6f2c2a417a8c22c60e194a8bbdb21?s=96&d=mm&r=g\",\"caption\":\"carlosmartin\"}}]}<\/script>\n<!-- \/ Yoast SEO plugin. -->","yoast_head_json":{"title":"La asociaci\u00f3n de Mar\u00eda Auxiliadora de Utrera comienza a festejar su 125\u00ba aniversario fundacional - Familia Salesiana","robots":{"index":"index","follow":"follow","max-snippet":"max-snippet:-1","max-image-preview":"max-image-preview:large","max-video-preview":"max-video-preview:-1"},"canonical":"https:\/\/www.salesianos.edu\/familiasalesiana\/la-asociacion-de-maria-auxiliadora-de-utrera-comienza-a-festejar-su-125o-aniversario-fundacional\/","og_locale":"es_ES","og_type":"article","og_title":"La asociaci\u00f3n de Mar\u00eda Auxiliadora de Utrera comienza a festejar su 125\u00ba aniversario fundacional - Familia Salesiana","og_description":"El comienzo de la efem\u00e9ride se producir\u00e1 el 24 de enero, con la presentaci\u00f3n del cartel, el logotipo y los primeros actos","og_url":"https:\/\/www.salesianos.edu\/familiasalesiana\/la-asociacion-de-maria-auxiliadora-de-utrera-comienza-a-festejar-su-125o-aniversario-fundacional\/","og_site_name":"Familia Salesiana","article_published_time":"2021-01-25T08:36:34+00:00","article_modified_time":"2021-03-03T12:40:06+00:00","og_image":[{"width":1896,"height":1338,"url":"https:\/\/www.salesianos.edu\/familiasalesiana\/wp-content\/uploads\/sites\/5\/2021\/01\/125-aniversario-ADMA-Utrera-Presentacio\u0301n-cartel-y-logotipo.jpg","type":"image\/jpeg"}],"author":"carlosmartin","twitter_card":"summary_large_image","twitter_misc":{"Escrito por":"carlosmartin","Tiempo de lectura":"6 minutos"},"schema":{"@context":"https:\/\/schema.org","@graph":[{"@type":"Article","@id":"https:\/\/www.salesianos.edu\/familiasalesiana\/la-asociacion-de-maria-auxiliadora-de-utrera-comienza-a-festejar-su-125o-aniversario-fundacional\/#article","isPartOf":{"@id":"https:\/\/www.salesianos.edu\/familiasalesiana\/la-asociacion-de-maria-auxiliadora-de-utrera-comienza-a-festejar-su-125o-aniversario-fundacional\/"},"author":{"name":"carlosmartin","@id":"http:\/\/www.salesianos.edu\/familiasalesiana\/#\/schema\/person\/587f0aaa0bc79792a743343715597b2e"},"headline":"La asociaci\u00f3n de Mar\u00eda Auxiliadora de Utrera comienza a festejar su 125\u00ba aniversario fundacional","datePublished":"2021-01-25T08:36:34+00:00","dateModified":"2021-03-03T12:40:06+00:00","mainEntityOfPage":{"@id":"https:\/\/www.salesianos.edu\/familiasalesiana\/la-asociacion-de-maria-auxiliadora-de-utrera-comienza-a-festejar-su-125o-aniversario-fundacional\/"},"wordCount":1183,"commentCount":0,"image":{"@id":"https:\/\/www.salesianos.edu\/familiasalesiana\/la-asociacion-de-maria-auxiliadora-de-utrera-comienza-a-festejar-su-125o-aniversario-fundacional\/#primaryimage"},"thumbnailUrl":"https:\/\/www.salesianos.edu\/familiasalesiana\/wp-content\/uploads\/sites\/5\/2021\/01\/125-aniversario-ADMA-Utrera-Presentacio\u0301n-cartel-y-logotipo.jpg","articleSection":["ADMA","portada"],"inLanguage":"es","potentialAction":[{"@type":"CommentAction","name":"Comment","target":["https:\/\/www.salesianos.edu\/familiasalesiana\/la-asociacion-de-maria-auxiliadora-de-utrera-comienza-a-festejar-su-125o-aniversario-fundacional\/#respond"]}]},{"@type":"WebPage","@id":"https:\/\/www.salesianos.edu\/familiasalesiana\/la-asociacion-de-maria-auxiliadora-de-utrera-comienza-a-festejar-su-125o-aniversario-fundacional\/","url":"https:\/\/www.salesianos.edu\/familiasalesiana\/la-asociacion-de-maria-auxiliadora-de-utrera-comienza-a-festejar-su-125o-aniversario-fundacional\/","name":"La asociaci\u00f3n de Mar\u00eda Auxiliadora de Utrera comienza a festejar su 125\u00ba aniversario fundacional - Familia Salesiana","isPartOf":{"@id":"http:\/\/www.salesianos.edu\/familiasalesiana\/#website"},"primaryImageOfPage":{"@id":"https:\/\/www.salesianos.edu\/familiasalesiana\/la-asociacion-de-maria-auxiliadora-de-utrera-comienza-a-festejar-su-125o-aniversario-fundacional\/#primaryimage"},"image":{"@id":"https:\/\/www.salesianos.edu\/familiasalesiana\/la-asociacion-de-maria-auxiliadora-de-utrera-comienza-a-festejar-su-125o-aniversario-fundacional\/#primaryimage"},"thumbnailUrl":"https:\/\/www.salesianos.edu\/familiasalesiana\/wp-content\/uploads\/sites\/5\/2021\/01\/125-aniversario-ADMA-Utrera-Presentacio\u0301n-cartel-y-logotipo.jpg","datePublished":"2021-01-25T08:36:34+00:00","dateModified":"2021-03-03T12:40:06+00:00","author":{"@id":"http:\/\/www.salesianos.edu\/familiasalesiana\/#\/schema\/person\/587f0aaa0bc79792a743343715597b2e"},"breadcrumb":{"@id":"https:\/\/www.salesianos.edu\/familiasalesiana\/la-asociacion-de-maria-auxiliadora-de-utrera-comienza-a-festejar-su-125o-aniversario-fundacional\/#breadcrumb"},"inLanguage":"es","potentialAction":[{"@type":"ReadAction","target":["https:\/\/www.salesianos.edu\/familiasalesiana\/la-asociacion-de-maria-auxiliadora-de-utrera-comienza-a-festejar-su-125o-aniversario-fundacional\/"]}]},{"@type":"ImageObject","inLanguage":"es","@id":"https:\/\/www.salesianos.edu\/familiasalesiana\/la-asociacion-de-maria-auxiliadora-de-utrera-comienza-a-festejar-su-125o-aniversario-fundacional\/#primaryimage","url":"https:\/\/www.salesianos.edu\/familiasalesiana\/wp-content\/uploads\/sites\/5\/2021\/01\/125-aniversario-ADMA-Utrera-Presentacio\u0301n-cartel-y-logotipo.jpg","contentUrl":"https:\/\/www.salesianos.edu\/familiasalesiana\/wp-content\/uploads\/sites\/5\/2021\/01\/125-aniversario-ADMA-Utrera-Presentacio\u0301n-cartel-y-logotipo.jpg","width":1896,"height":1338},{"@type":"BreadcrumbList","@id":"https:\/\/www.salesianos.edu\/familiasalesiana\/la-asociacion-de-maria-auxiliadora-de-utrera-comienza-a-festejar-su-125o-aniversario-fundacional\/#breadcrumb","itemListElement":[{"@type":"ListItem","position":1,"name":"Portada","item":"http:\/\/www.salesianos.edu\/familiasalesiana\/"},{"@type":"ListItem","position":2,"name":"La asociaci\u00f3n de Mar\u00eda Auxiliadora de Utrera comienza a festejar su 125\u00ba aniversario fundacional"}]},{"@type":"WebSite","@id":"http:\/\/www.salesianos.edu\/familiasalesiana\/#website","url":"http:\/\/www.salesianos.edu\/familiasalesiana\/","name":"Familia Salesiana","description":"P\u00e1gina oficial de Inspector\u00eda Salesiana Mar\u00eda Auxiliadora","potentialAction":[{"@type":"SearchAction","target":{"@type":"EntryPoint","urlTemplate":"http:\/\/www.salesianos.edu\/familiasalesiana\/?s={search_term_string}"},"query-input":{"@type":"PropertyValueSpecification","valueRequired":true,"valueName":"search_term_string"}}],"inLanguage":"es"},{"@type":"Person","@id":"http:\/\/www.salesianos.edu\/familiasalesiana\/#\/schema\/person\/587f0aaa0bc79792a743343715597b2e","name":"carlosmartin","image":{"@type":"ImageObject","inLanguage":"es","@id":"https:\/\/secure.gravatar.com\/avatar\/068204e325b7d19936f9561f323c3c719ed6f2c2a417a8c22c60e194a8bbdb21?s=96&d=mm&r=g","url":"https:\/\/secure.gravatar.com\/avatar\/068204e325b7d19936f9561f323c3c719ed6f2c2a417a8c22c60e194a8bbdb21?s=96&d=mm&r=g","contentUrl":"https:\/\/secure.gravatar.com\/avatar\/068204e325b7d19936f9561f323c3c719ed6f2c2a417a8c22c60e194a8bbdb21?s=96&d=mm&r=g","caption":"carlosmartin"}}]}},"_links":{"self":[{"href":"https:\/\/www.salesianos.edu\/familiasalesiana\/wp-json\/wp\/v2\/posts\/9250","targetHints":{"allow":["GET"]}}],"collection":[{"href":"https:\/\/www.salesianos.edu\/familiasalesiana\/wp-json\/wp\/v2\/posts"}],"about":[{"href":"https:\/\/www.salesianos.edu\/familiasalesiana\/wp-json\/wp\/v2\/types\/post"}],"author":[{"embeddable":true,"href":"https:\/\/www.salesianos.edu\/familiasalesiana\/wp-json\/wp\/v2\/users\/7"}],"replies":[{"embeddable":true,"href":"https:\/\/www.salesianos.edu\/familiasalesiana\/wp-json\/wp\/v2\/comments?post=9250"}],"version-history":[{"count":5,"href":"https:\/\/www.salesianos.edu\/familiasalesiana\/wp-json\/wp\/v2\/posts\/9250\/revisions"}],"predecessor-version":[{"id":9261,"href":"https:\/\/www.salesianos.edu\/familiasalesiana\/wp-json\/wp\/v2\/posts\/9250\/revisions\/9261"}],"wp:featuredmedia":[{"embeddable":true,"href":"https:\/\/www.salesianos.edu\/familiasalesiana\/wp-json\/wp\/v2\/media\/9254"}],"wp:attachment":[{"href":"https:\/\/www.salesianos.edu\/familiasalesiana\/wp-json\/wp\/v2\/media?parent=9250"}],"wp:term":[{"taxonomy":"category","embeddable":true,"href":"https:\/\/www.salesianos.edu\/familiasalesiana\/wp-json\/wp\/v2\/categories?post=9250"},{"taxonomy":"post_tag","embeddable":true,"href":"https:\/\/www.salesianos.edu\/familiasalesiana\/wp-json\/wp\/v2\/tags?post=9250"}],"curies":[{"name":"wp","href":"https:\/\/api.w.org\/{rel}","templated":true}]}}