{"id":9215,"date":"2021-01-18T10:16:28","date_gmt":"2021-01-18T09:16:28","guid":{"rendered":"http:\/\/www.salesianos.edu\/familiasalesiana\/?p=9215"},"modified":"2021-01-23T19:18:08","modified_gmt":"2021-01-23T18:18:08","slug":"la-federacion-regional-de-los-antiguos-alumnos-homenajea-a-los-delegados-y-consiliarios-con-motivo-del-150-aniversario-de-la-fundacion-de-la-asociacion-mundial","status":"publish","type":"post","link":"https:\/\/www.salesianos.edu\/familiasalesiana\/la-federacion-regional-de-los-antiguos-alumnos-homenajea-a-los-delegados-y-consiliarios-con-motivo-del-150-aniversario-de-la-fundacion-de-la-asociacion-mundial\/","title":{"rendered":"La Federaci\u00f3n Regional de los Antiguos Alumnos homenajea a los delegados y consiliarios con motivo del 150 aniversario de la fundaci\u00f3n de la asociaci\u00f3n mundial"},"content":{"rendered":"<div id=\"fb-root\"><\/div>\n<p>[et_pb_section fb_built=\u00bb1&#8243; admin_label=\u00bbsection\u00bb _builder_version=\u00bb3.22&#8243;][et_pb_row admin_label=\u00bbrow\u00bb _builder_version=\u00bb3.25&#8243; background_size=\u00bbinitial\u00bb background_position=\u00bbtop_left\u00bb background_repeat=\u00bbrepeat\u00bb][et_pb_column type=\u00bb4_4&#8243; _builder_version=\u00bb3.25&#8243; custom_padding=\u00bb|||\u00bb custom_padding__hover=\u00bb|||\u00bb][et_pb_text _builder_version=\u00bb4.8.1&#8243;]<\/p>\n<p><em><span style=\"font-size: 10pt\">Por Diego Arag\u00f3n, Presidente Regional <\/span><\/em><\/p>\n<p>[\/et_pb_text][et_pb_video src=\u00bbhttps:\/\/www.youtube.com\/watch?v=MCZ-C5nCIRo&amp;ab_channel=Federaci%C3%B3nRegionalAntiguosAlumnosDonBoscoSur\u00bb _builder_version=\u00bb4.8.1&#8243; _module_preset=\u00bbdefault\u00bb][\/et_pb_video][et_pb_text _builder_version=\u00bb4.8.1&#8243;]<\/p>\n<p>Con motivo de la celebraci\u00f3n del 150 aniversario de la fundaci\u00f3n de la Asociaci\u00f3n Mundial de los Antiguos Alumnos y Antiguas Alumnas, la Federaci\u00f3n Regional de la Zona Sur proyect\u00f3 varias iniciativas para celebrar tan importante efem\u00e9ride. La situaci\u00f3n actual obligaba a que los actos celebrativos fueran compatibles con la realidad que vivimos.<\/p>\n<p>Una de las iniciativas que se est\u00e1 llevando a cabo en este momento es un homenaje\/recordatorio a todos los consiliarios y delegados que nos han animado durante estos a\u00f1os pasados. Estamos teniendo un recuerdo tanto con los que han desempe\u00f1ado su labor en la reunificada Federaci\u00f3n de la actual Zona Sur, como de aquellos que lo hicieron en las primigenias regionales de Sevilla y C\u00f3rdoba, de cuya fusi\u00f3n somos herederos.<\/p>\n<p>Destacar y valorar la importancia de los salesianos en nuestro movimiento de de antiguos alumnos es algo obvio. Partiendo de Don Bosco, pasando por Don Felipe Rinaldi han sido innumerables los salesianos que han compartido nuestra labor y misi\u00f3n. Ayudados y protegidos por ellos, en uni\u00f3n perfecta hemos hecho camino salesiano. Queremos que este recuerdo sea testimonio de la labor impagable que han realizado. Los que est\u00e1n simbolizan el gran cari\u00f1o y celo que la Congregaci\u00f3n siempre ha dispensado a los Antiguos Alumnos y representan a todos sus hermanos de los que tanta ayuda, cari\u00f1o y cercan\u00eda hemos recibido.<\/p>\n<p>El agradecimiento est\u00e1 siempre presente en el ADN de los antiguos alumnos, que sirva esta iniciativa a modo de agradecimiento sincero y eterno.\u00a0<\/p>\n<p>[\/et_pb_text][et_pb_video src=\u00bbhttps:\/\/www.youtube.com\/watch?v=_ih5msVwJ-k&amp;ab_channel=Federaci%C3%B3nRegionalAntiguosAlumnosDonBoscoSur\u00bb _builder_version=\u00bb4.8.1&#8243; _module_preset=\u00bbdefault\u00bb][\/et_pb_video][\/et_pb_column][\/et_pb_row][\/et_pb_section]<\/p>\n","protected":false},"excerpt":{"rendered":"<p>Con motivo de la celebraci\u00f3n del 150 aniversario de la fundaci\u00f3n de la Asociaci\u00f3n Mundial de los Antiguos Alumnos y Antiguas Alumnas, la Federaci\u00f3n Regional proyect\u00f3 varias iniciativas para celebrar tan importante efem\u00e9ride.<\/p>\n","protected":false},"author":7,"featured_media":9217,"comment_status":"open","ping_status":"open","sticky":false,"template":"","format":"standard","meta":{"_et_pb_use_builder":"on","_et_pb_old_content":"","_et_gb_content_width":"","footnotes":""},"categories":[27,15],"tags":[],"class_list":["post-9215","post","type-post","status-publish","format-standard","has-post-thumbnail","hentry","category-fasa","category-portada"],"yoast_head":"<!-- This site is optimized with the Yoast SEO plugin v27.5 - https:\/\/yoast.com\/product\/yoast-seo-wordpress\/ -->\n<title>La Federaci\u00f3n Regional de los Antiguos Alumnos homenajea a los delegados y consiliarios con motivo del 150 aniversario de la fundaci\u00f3n de la asociaci\u00f3n mundial - Familia Salesiana<\/title>\n<meta name=\"robots\" content=\"index, follow, max-snippet:-1, max-image-preview:large, max-video-preview:-1\" \/>\n<link rel=\"canonical\" href=\"https:\/\/www.salesianos.edu\/familiasalesiana\/la-federacion-regional-de-los-antiguos-alumnos-homenajea-a-los-delegados-y-consiliarios-con-motivo-del-150-aniversario-de-la-fundacion-de-la-asociacion-mundial\/\" \/>\n<meta property=\"og:locale\" content=\"es_ES\" \/>\n<meta property=\"og:type\" content=\"article\" \/>\n<meta property=\"og:title\" content=\"La Federaci\u00f3n Regional de los Antiguos Alumnos homenajea a los delegados y consiliarios con motivo del 150 aniversario de la fundaci\u00f3n de la asociaci\u00f3n mundial - Familia Salesiana\" \/>\n<meta property=\"og:description\" content=\"Con motivo de la celebraci\u00f3n del 150 aniversario de la fundaci\u00f3n de la Asociaci\u00f3n Mundial de los Antiguos Alumnos y Antiguas Alumnas, la Federaci\u00f3n Regional proyect\u00f3 varias iniciativas para celebrar tan importante efem\u00e9ride.\" \/>\n<meta property=\"og:url\" content=\"https:\/\/www.salesianos.edu\/familiasalesiana\/la-federacion-regional-de-los-antiguos-alumnos-homenajea-a-los-delegados-y-consiliarios-con-motivo-del-150-aniversario-de-la-fundacion-de-la-asociacion-mundial\/\" \/>\n<meta property=\"og:site_name\" content=\"Familia Salesiana\" \/>\n<meta property=\"article:published_time\" content=\"2021-01-18T09:16:28+00:00\" \/>\n<meta property=\"article:modified_time\" content=\"2021-01-23T18:18:08+00:00\" \/>\n<meta property=\"og:image\" content=\"https:\/\/www.salesianos.edu\/familiasalesiana\/wp-content\/uploads\/sites\/5\/2021\/01\/AAAADB.png\" \/>\n\t<meta property=\"og:image:width\" content=\"1203\" \/>\n\t<meta property=\"og:image:height\" content=\"607\" \/>\n\t<meta property=\"og:image:type\" content=\"image\/png\" \/>\n<meta name=\"author\" content=\"carlosmartin\" \/>\n<meta name=\"twitter:card\" content=\"summary_large_image\" \/>\n<meta name=\"twitter:label1\" content=\"Escrito por\" \/>\n\t<meta name=\"twitter:data1\" content=\"carlosmartin\" \/>\n\t<meta name=\"twitter:label2\" content=\"Tiempo de lectura\" \/>\n\t<meta name=\"twitter:data2\" content=\"2 minutos\" \/>\n<script type=\"application\/ld+json\" class=\"yoast-schema-graph\">{\"@context\":\"https:\\\/\\\/schema.org\",\"@graph\":[{\"@type\":\"Article\",\"@id\":\"https:\\\/\\\/www.salesianos.edu\\\/familiasalesiana\\\/la-federacion-regional-de-los-antiguos-alumnos-homenajea-a-los-delegados-y-consiliarios-con-motivo-del-150-aniversario-de-la-fundacion-de-la-asociacion-mundial\\\/#article\",\"isPartOf\":{\"@id\":\"https:\\\/\\\/www.salesianos.edu\\\/familiasalesiana\\\/la-federacion-regional-de-los-antiguos-alumnos-homenajea-a-los-delegados-y-consiliarios-con-motivo-del-150-aniversario-de-la-fundacion-de-la-asociacion-mundial\\\/\"},\"author\":{\"name\":\"carlosmartin\",\"@id\":\"http:\\\/\\\/www.salesianos.edu\\\/familiasalesiana\\\/#\\\/schema\\\/person\\\/587f0aaa0bc79792a743343715597b2e\"},\"headline\":\"La Federaci\u00f3n Regional de los Antiguos Alumnos homenajea a los delegados y consiliarios con motivo del 150 aniversario de la fundaci\u00f3n de la asociaci\u00f3n mundial\",\"datePublished\":\"2021-01-18T09:16:28+00:00\",\"dateModified\":\"2021-01-23T18:18:08+00:00\",\"mainEntityOfPage\":{\"@id\":\"https:\\\/\\\/www.salesianos.edu\\\/familiasalesiana\\\/la-federacion-regional-de-los-antiguos-alumnos-homenajea-a-los-delegados-y-consiliarios-con-motivo-del-150-aniversario-de-la-fundacion-de-la-asociacion-mundial\\\/\"},\"wordCount\":414,\"commentCount\":0,\"image\":{\"@id\":\"https:\\\/\\\/www.salesianos.edu\\\/familiasalesiana\\\/la-federacion-regional-de-los-antiguos-alumnos-homenajea-a-los-delegados-y-consiliarios-con-motivo-del-150-aniversario-de-la-fundacion-de-la-asociacion-mundial\\\/#primaryimage\"},\"thumbnailUrl\":\"https:\\\/\\\/www.salesianos.edu\\\/familiasalesiana\\\/wp-content\\\/uploads\\\/sites\\\/5\\\/2021\\\/01\\\/AAAADB.png\",\"articleSection\":[\"Familia Salesiana\",\"portada\"],\"inLanguage\":\"es\",\"potentialAction\":[{\"@type\":\"CommentAction\",\"name\":\"Comment\",\"target\":[\"https:\\\/\\\/www.salesianos.edu\\\/familiasalesiana\\\/la-federacion-regional-de-los-antiguos-alumnos-homenajea-a-los-delegados-y-consiliarios-con-motivo-del-150-aniversario-de-la-fundacion-de-la-asociacion-mundial\\\/#respond\"]}]},{\"@type\":\"WebPage\",\"@id\":\"https:\\\/\\\/www.salesianos.edu\\\/familiasalesiana\\\/la-federacion-regional-de-los-antiguos-alumnos-homenajea-a-los-delegados-y-consiliarios-con-motivo-del-150-aniversario-de-la-fundacion-de-la-asociacion-mundial\\\/\",\"url\":\"https:\\\/\\\/www.salesianos.edu\\\/familiasalesiana\\\/la-federacion-regional-de-los-antiguos-alumnos-homenajea-a-los-delegados-y-consiliarios-con-motivo-del-150-aniversario-de-la-fundacion-de-la-asociacion-mundial\\\/\",\"name\":\"La Federaci\u00f3n Regional de los Antiguos Alumnos homenajea a los delegados y consiliarios con motivo del 150 aniversario de la fundaci\u00f3n de la asociaci\u00f3n mundial - Familia Salesiana\",\"isPartOf\":{\"@id\":\"http:\\\/\\\/www.salesianos.edu\\\/familiasalesiana\\\/#website\"},\"primaryImageOfPage\":{\"@id\":\"https:\\\/\\\/www.salesianos.edu\\\/familiasalesiana\\\/la-federacion-regional-de-los-antiguos-alumnos-homenajea-a-los-delegados-y-consiliarios-con-motivo-del-150-aniversario-de-la-fundacion-de-la-asociacion-mundial\\\/#primaryimage\"},\"image\":{\"@id\":\"https:\\\/\\\/www.salesianos.edu\\\/familiasalesiana\\\/la-federacion-regional-de-los-antiguos-alumnos-homenajea-a-los-delegados-y-consiliarios-con-motivo-del-150-aniversario-de-la-fundacion-de-la-asociacion-mundial\\\/#primaryimage\"},\"thumbnailUrl\":\"https:\\\/\\\/www.salesianos.edu\\\/familiasalesiana\\\/wp-content\\\/uploads\\\/sites\\\/5\\\/2021\\\/01\\\/AAAADB.png\",\"datePublished\":\"2021-01-18T09:16:28+00:00\",\"dateModified\":\"2021-01-23T18:18:08+00:00\",\"author\":{\"@id\":\"http:\\\/\\\/www.salesianos.edu\\\/familiasalesiana\\\/#\\\/schema\\\/person\\\/587f0aaa0bc79792a743343715597b2e\"},\"breadcrumb\":{\"@id\":\"https:\\\/\\\/www.salesianos.edu\\\/familiasalesiana\\\/la-federacion-regional-de-los-antiguos-alumnos-homenajea-a-los-delegados-y-consiliarios-con-motivo-del-150-aniversario-de-la-fundacion-de-la-asociacion-mundial\\\/#breadcrumb\"},\"inLanguage\":\"es\",\"potentialAction\":[{\"@type\":\"ReadAction\",\"target\":[\"https:\\\/\\\/www.salesianos.edu\\\/familiasalesiana\\\/la-federacion-regional-de-los-antiguos-alumnos-homenajea-a-los-delegados-y-consiliarios-con-motivo-del-150-aniversario-de-la-fundacion-de-la-asociacion-mundial\\\/\"]}]},{\"@type\":\"ImageObject\",\"inLanguage\":\"es\",\"@id\":\"https:\\\/\\\/www.salesianos.edu\\\/familiasalesiana\\\/la-federacion-regional-de-los-antiguos-alumnos-homenajea-a-los-delegados-y-consiliarios-con-motivo-del-150-aniversario-de-la-fundacion-de-la-asociacion-mundial\\\/#primaryimage\",\"url\":\"https:\\\/\\\/www.salesianos.edu\\\/familiasalesiana\\\/wp-content\\\/uploads\\\/sites\\\/5\\\/2021\\\/01\\\/AAAADB.png\",\"contentUrl\":\"https:\\\/\\\/www.salesianos.edu\\\/familiasalesiana\\\/wp-content\\\/uploads\\\/sites\\\/5\\\/2021\\\/01\\\/AAAADB.png\",\"width\":1203,\"height\":607},{\"@type\":\"BreadcrumbList\",\"@id\":\"https:\\\/\\\/www.salesianos.edu\\\/familiasalesiana\\\/la-federacion-regional-de-los-antiguos-alumnos-homenajea-a-los-delegados-y-consiliarios-con-motivo-del-150-aniversario-de-la-fundacion-de-la-asociacion-mundial\\\/#breadcrumb\",\"itemListElement\":[{\"@type\":\"ListItem\",\"position\":1,\"name\":\"Portada\",\"item\":\"http:\\\/\\\/www.salesianos.edu\\\/familiasalesiana\\\/\"},{\"@type\":\"ListItem\",\"position\":2,\"name\":\"La Federaci\u00f3n Regional de los Antiguos Alumnos homenajea a los delegados y consiliarios con motivo del 150 aniversario de la fundaci\u00f3n de la asociaci\u00f3n mundial\"}]},{\"@type\":\"WebSite\",\"@id\":\"http:\\\/\\\/www.salesianos.edu\\\/familiasalesiana\\\/#website\",\"url\":\"http:\\\/\\\/www.salesianos.edu\\\/familiasalesiana\\\/\",\"name\":\"Familia Salesiana\",\"description\":\"P\u00e1gina oficial de Inspector\u00eda Salesiana Mar\u00eda Auxiliadora\",\"potentialAction\":[{\"@type\":\"SearchAction\",\"target\":{\"@type\":\"EntryPoint\",\"urlTemplate\":\"http:\\\/\\\/www.salesianos.edu\\\/familiasalesiana\\\/?s={search_term_string}\"},\"query-input\":{\"@type\":\"PropertyValueSpecification\",\"valueRequired\":true,\"valueName\":\"search_term_string\"}}],\"inLanguage\":\"es\"},{\"@type\":\"Person\",\"@id\":\"http:\\\/\\\/www.salesianos.edu\\\/familiasalesiana\\\/#\\\/schema\\\/person\\\/587f0aaa0bc79792a743343715597b2e\",\"name\":\"carlosmartin\",\"image\":{\"@type\":\"ImageObject\",\"inLanguage\":\"es\",\"@id\":\"https:\\\/\\\/secure.gravatar.com\\\/avatar\\\/068204e325b7d19936f9561f323c3c719ed6f2c2a417a8c22c60e194a8bbdb21?s=96&d=mm&r=g\",\"url\":\"https:\\\/\\\/secure.gravatar.com\\\/avatar\\\/068204e325b7d19936f9561f323c3c719ed6f2c2a417a8c22c60e194a8bbdb21?s=96&d=mm&r=g\",\"contentUrl\":\"https:\\\/\\\/secure.gravatar.com\\\/avatar\\\/068204e325b7d19936f9561f323c3c719ed6f2c2a417a8c22c60e194a8bbdb21?s=96&d=mm&r=g\",\"caption\":\"carlosmartin\"}}]}<\/script>\n<!-- \/ Yoast SEO plugin. -->","yoast_head_json":{"title":"La Federaci\u00f3n Regional de los Antiguos Alumnos homenajea a los delegados y consiliarios con motivo del 150 aniversario de la fundaci\u00f3n de la asociaci\u00f3n mundial - Familia Salesiana","robots":{"index":"index","follow":"follow","max-snippet":"max-snippet:-1","max-image-preview":"max-image-preview:large","max-video-preview":"max-video-preview:-1"},"canonical":"https:\/\/www.salesianos.edu\/familiasalesiana\/la-federacion-regional-de-los-antiguos-alumnos-homenajea-a-los-delegados-y-consiliarios-con-motivo-del-150-aniversario-de-la-fundacion-de-la-asociacion-mundial\/","og_locale":"es_ES","og_type":"article","og_title":"La Federaci\u00f3n Regional de los Antiguos Alumnos homenajea a los delegados y consiliarios con motivo del 150 aniversario de la fundaci\u00f3n de la asociaci\u00f3n mundial - Familia Salesiana","og_description":"Con motivo de la celebraci\u00f3n del 150 aniversario de la fundaci\u00f3n de la Asociaci\u00f3n Mundial de los Antiguos Alumnos y Antiguas Alumnas, la Federaci\u00f3n Regional proyect\u00f3 varias iniciativas para celebrar tan importante efem\u00e9ride.","og_url":"https:\/\/www.salesianos.edu\/familiasalesiana\/la-federacion-regional-de-los-antiguos-alumnos-homenajea-a-los-delegados-y-consiliarios-con-motivo-del-150-aniversario-de-la-fundacion-de-la-asociacion-mundial\/","og_site_name":"Familia Salesiana","article_published_time":"2021-01-18T09:16:28+00:00","article_modified_time":"2021-01-23T18:18:08+00:00","og_image":[{"width":1203,"height":607,"url":"https:\/\/www.salesianos.edu\/familiasalesiana\/wp-content\/uploads\/sites\/5\/2021\/01\/AAAADB.png","type":"image\/png"}],"author":"carlosmartin","twitter_card":"summary_large_image","twitter_misc":{"Escrito por":"carlosmartin","Tiempo de lectura":"2 minutos"},"schema":{"@context":"https:\/\/schema.org","@graph":[{"@type":"Article","@id":"https:\/\/www.salesianos.edu\/familiasalesiana\/la-federacion-regional-de-los-antiguos-alumnos-homenajea-a-los-delegados-y-consiliarios-con-motivo-del-150-aniversario-de-la-fundacion-de-la-asociacion-mundial\/#article","isPartOf":{"@id":"https:\/\/www.salesianos.edu\/familiasalesiana\/la-federacion-regional-de-los-antiguos-alumnos-homenajea-a-los-delegados-y-consiliarios-con-motivo-del-150-aniversario-de-la-fundacion-de-la-asociacion-mundial\/"},"author":{"name":"carlosmartin","@id":"http:\/\/www.salesianos.edu\/familiasalesiana\/#\/schema\/person\/587f0aaa0bc79792a743343715597b2e"},"headline":"La Federaci\u00f3n Regional de los Antiguos Alumnos homenajea a los delegados y consiliarios con motivo del 150 aniversario de la fundaci\u00f3n de la asociaci\u00f3n mundial","datePublished":"2021-01-18T09:16:28+00:00","dateModified":"2021-01-23T18:18:08+00:00","mainEntityOfPage":{"@id":"https:\/\/www.salesianos.edu\/familiasalesiana\/la-federacion-regional-de-los-antiguos-alumnos-homenajea-a-los-delegados-y-consiliarios-con-motivo-del-150-aniversario-de-la-fundacion-de-la-asociacion-mundial\/"},"wordCount":414,"commentCount":0,"image":{"@id":"https:\/\/www.salesianos.edu\/familiasalesiana\/la-federacion-regional-de-los-antiguos-alumnos-homenajea-a-los-delegados-y-consiliarios-con-motivo-del-150-aniversario-de-la-fundacion-de-la-asociacion-mundial\/#primaryimage"},"thumbnailUrl":"https:\/\/www.salesianos.edu\/familiasalesiana\/wp-content\/uploads\/sites\/5\/2021\/01\/AAAADB.png","articleSection":["Familia Salesiana","portada"],"inLanguage":"es","potentialAction":[{"@type":"CommentAction","name":"Comment","target":["https:\/\/www.salesianos.edu\/familiasalesiana\/la-federacion-regional-de-los-antiguos-alumnos-homenajea-a-los-delegados-y-consiliarios-con-motivo-del-150-aniversario-de-la-fundacion-de-la-asociacion-mundial\/#respond"]}]},{"@type":"WebPage","@id":"https:\/\/www.salesianos.edu\/familiasalesiana\/la-federacion-regional-de-los-antiguos-alumnos-homenajea-a-los-delegados-y-consiliarios-con-motivo-del-150-aniversario-de-la-fundacion-de-la-asociacion-mundial\/","url":"https:\/\/www.salesianos.edu\/familiasalesiana\/la-federacion-regional-de-los-antiguos-alumnos-homenajea-a-los-delegados-y-consiliarios-con-motivo-del-150-aniversario-de-la-fundacion-de-la-asociacion-mundial\/","name":"La Federaci\u00f3n Regional de los Antiguos Alumnos homenajea a los delegados y consiliarios con motivo del 150 aniversario de la fundaci\u00f3n de la asociaci\u00f3n mundial - Familia Salesiana","isPartOf":{"@id":"http:\/\/www.salesianos.edu\/familiasalesiana\/#website"},"primaryImageOfPage":{"@id":"https:\/\/www.salesianos.edu\/familiasalesiana\/la-federacion-regional-de-los-antiguos-alumnos-homenajea-a-los-delegados-y-consiliarios-con-motivo-del-150-aniversario-de-la-fundacion-de-la-asociacion-mundial\/#primaryimage"},"image":{"@id":"https:\/\/www.salesianos.edu\/familiasalesiana\/la-federacion-regional-de-los-antiguos-alumnos-homenajea-a-los-delegados-y-consiliarios-con-motivo-del-150-aniversario-de-la-fundacion-de-la-asociacion-mundial\/#primaryimage"},"thumbnailUrl":"https:\/\/www.salesianos.edu\/familiasalesiana\/wp-content\/uploads\/sites\/5\/2021\/01\/AAAADB.png","datePublished":"2021-01-18T09:16:28+00:00","dateModified":"2021-01-23T18:18:08+00:00","author":{"@id":"http:\/\/www.salesianos.edu\/familiasalesiana\/#\/schema\/person\/587f0aaa0bc79792a743343715597b2e"},"breadcrumb":{"@id":"https:\/\/www.salesianos.edu\/familiasalesiana\/la-federacion-regional-de-los-antiguos-alumnos-homenajea-a-los-delegados-y-consiliarios-con-motivo-del-150-aniversario-de-la-fundacion-de-la-asociacion-mundial\/#breadcrumb"},"inLanguage":"es","potentialAction":[{"@type":"ReadAction","target":["https:\/\/www.salesianos.edu\/familiasalesiana\/la-federacion-regional-de-los-antiguos-alumnos-homenajea-a-los-delegados-y-consiliarios-con-motivo-del-150-aniversario-de-la-fundacion-de-la-asociacion-mundial\/"]}]},{"@type":"ImageObject","inLanguage":"es","@id":"https:\/\/www.salesianos.edu\/familiasalesiana\/la-federacion-regional-de-los-antiguos-alumnos-homenajea-a-los-delegados-y-consiliarios-con-motivo-del-150-aniversario-de-la-fundacion-de-la-asociacion-mundial\/#primaryimage","url":"https:\/\/www.salesianos.edu\/familiasalesiana\/wp-content\/uploads\/sites\/5\/2021\/01\/AAAADB.png","contentUrl":"https:\/\/www.salesianos.edu\/familiasalesiana\/wp-content\/uploads\/sites\/5\/2021\/01\/AAAADB.png","width":1203,"height":607},{"@type":"BreadcrumbList","@id":"https:\/\/www.salesianos.edu\/familiasalesiana\/la-federacion-regional-de-los-antiguos-alumnos-homenajea-a-los-delegados-y-consiliarios-con-motivo-del-150-aniversario-de-la-fundacion-de-la-asociacion-mundial\/#breadcrumb","itemListElement":[{"@type":"ListItem","position":1,"name":"Portada","item":"http:\/\/www.salesianos.edu\/familiasalesiana\/"},{"@type":"ListItem","position":2,"name":"La Federaci\u00f3n Regional de los Antiguos Alumnos homenajea a los delegados y consiliarios con motivo del 150 aniversario de la fundaci\u00f3n de la asociaci\u00f3n mundial"}]},{"@type":"WebSite","@id":"http:\/\/www.salesianos.edu\/familiasalesiana\/#website","url":"http:\/\/www.salesianos.edu\/familiasalesiana\/","name":"Familia Salesiana","description":"P\u00e1gina oficial de Inspector\u00eda Salesiana Mar\u00eda Auxiliadora","potentialAction":[{"@type":"SearchAction","target":{"@type":"EntryPoint","urlTemplate":"http:\/\/www.salesianos.edu\/familiasalesiana\/?s={search_term_string}"},"query-input":{"@type":"PropertyValueSpecification","valueRequired":true,"valueName":"search_term_string"}}],"inLanguage":"es"},{"@type":"Person","@id":"http:\/\/www.salesianos.edu\/familiasalesiana\/#\/schema\/person\/587f0aaa0bc79792a743343715597b2e","name":"carlosmartin","image":{"@type":"ImageObject","inLanguage":"es","@id":"https:\/\/secure.gravatar.com\/avatar\/068204e325b7d19936f9561f323c3c719ed6f2c2a417a8c22c60e194a8bbdb21?s=96&d=mm&r=g","url":"https:\/\/secure.gravatar.com\/avatar\/068204e325b7d19936f9561f323c3c719ed6f2c2a417a8c22c60e194a8bbdb21?s=96&d=mm&r=g","contentUrl":"https:\/\/secure.gravatar.com\/avatar\/068204e325b7d19936f9561f323c3c719ed6f2c2a417a8c22c60e194a8bbdb21?s=96&d=mm&r=g","caption":"carlosmartin"}}]}},"_links":{"self":[{"href":"https:\/\/www.salesianos.edu\/familiasalesiana\/wp-json\/wp\/v2\/posts\/9215","targetHints":{"allow":["GET"]}}],"collection":[{"href":"https:\/\/www.salesianos.edu\/familiasalesiana\/wp-json\/wp\/v2\/posts"}],"about":[{"href":"https:\/\/www.salesianos.edu\/familiasalesiana\/wp-json\/wp\/v2\/types\/post"}],"author":[{"embeddable":true,"href":"https:\/\/www.salesianos.edu\/familiasalesiana\/wp-json\/wp\/v2\/users\/7"}],"replies":[{"embeddable":true,"href":"https:\/\/www.salesianos.edu\/familiasalesiana\/wp-json\/wp\/v2\/comments?post=9215"}],"version-history":[{"count":5,"href":"https:\/\/www.salesianos.edu\/familiasalesiana\/wp-json\/wp\/v2\/posts\/9215\/revisions"}],"predecessor-version":[{"id":9235,"href":"https:\/\/www.salesianos.edu\/familiasalesiana\/wp-json\/wp\/v2\/posts\/9215\/revisions\/9235"}],"wp:featuredmedia":[{"embeddable":true,"href":"https:\/\/www.salesianos.edu\/familiasalesiana\/wp-json\/wp\/v2\/media\/9217"}],"wp:attachment":[{"href":"https:\/\/www.salesianos.edu\/familiasalesiana\/wp-json\/wp\/v2\/media?parent=9215"}],"wp:term":[{"taxonomy":"category","embeddable":true,"href":"https:\/\/www.salesianos.edu\/familiasalesiana\/wp-json\/wp\/v2\/categories?post=9215"},{"taxonomy":"post_tag","embeddable":true,"href":"https:\/\/www.salesianos.edu\/familiasalesiana\/wp-json\/wp\/v2\/tags?post=9215"}],"curies":[{"name":"wp","href":"https:\/\/api.w.org\/{rel}","templated":true}]}}