{"id":9178,"date":"2021-01-18T10:42:10","date_gmt":"2021-01-18T09:42:10","guid":{"rendered":"http:\/\/www.salesianos.edu\/familiasalesiana\/entrenarse-para-la-esperanza-el-reto-nacido-de-las-xxxix-jornadas-de-espiritualidad-de-la-familia-salesiana\/"},"modified":"2021-03-03T13:41:23","modified_gmt":"2021-03-03T12:41:23","slug":"entrenarse-para-la-esperanza-el-reto-nacido-de-las-xxxix-jornadas-de-espiritualidad-de-la-familia-salesiana","status":"publish","type":"post","link":"https:\/\/www.salesianos.edu\/familiasalesiana\/entrenarse-para-la-esperanza-el-reto-nacido-de-las-xxxix-jornadas-de-espiritualidad-de-la-familia-salesiana\/","title":{"rendered":"Entrenarse para la Esperanza: el reto nacido de las XXXIX Jornadas de Espiritualidad de la Familia Salesiana"},"content":{"rendered":"<div id=\"fb-root\"><\/div>\n<p>[et_pb_section fb_built=\u00bb1&#8243; admin_label=\u00bbsection\u00bb _builder_version=\u00bb3.22&#8243;][et_pb_row admin_label=\u00bbrow\u00bb _builder_version=\u00bb3.25&#8243; background_size=\u00bbinitial\u00bb background_position=\u00bbtop_left\u00bb background_repeat=\u00bbrepeat\u00bb][et_pb_column type=\u00bb4_4&#8243; _builder_version=\u00bb3.25&#8243; custom_padding=\u00bb|||\u00bb custom_padding__hover=\u00bb|||\u00bb][et_pb_text _builder_version=\u00bb4.8.1&#8243;]<em><span style=\"font-size: 10pt\">Por Marian Serrano.<\/span><\/em><br \/>\n[\/et_pb_text][et_pb_text _builder_version=\u00bb4.8.1&#8243;]<\/p>\n<p>Con una gran participaci\u00f3n, cerca de 8.000 personas de todo el mundo, participaron del 15 al 17 de enero. De una manera innovadora, arrojaron luz sobre el mensaje del Aguinaldo 2021. El encuentro pudo llevarse a cabo gracias a\u00a0un gran esfuerzo de organizaci\u00f3n y comunicaci\u00f3n, con oficinas en todo el mundo (Roma, Lisboa, Madrid, Brasilia, Chennai, Quito \u2013 Vietnam \u2013 Timor Oriental) y una traducci\u00f3n simult\u00e1nea en m\u00e1s de una docena de idiomas.<\/p>\n<p>El 15 de enero, Asia Oriental y Ocean\u00eda comenzaban sus trabajos en grupo a las 9,30 de la ma\u00f1ana (hora italiana) y posteriormente se unieron al inicio de las actividades comunes: oraci\u00f3n y presentaci\u00f3n del Aguinaldo a cargo del Rector Mayor, don <strong>\u00c1ngel Fern\u00e1ndez Artime<\/strong>.<\/p>\n<p>Con su discurso de presentaci\u00f3n, el Rector Mayor ilustr\u00f3 en detalle la invitaci\u00f3n que \u00e9l mismo formul\u00f3 a toda la Familia Salesiana para este 2021, \u00abante una realidad global que nos desaf\u00eda y que no podemos ignorar\u00bb.<\/p>\n<p><strong>Una idea: hay que entrenarse para la esperanza<\/strong>. El propio Rector Mayor present\u00f3 las 7 propuestas que desarrolla en el Aguinaldo 2021: \u201cNos Mueve la Esperanza. Quiero hacer nuevas todas las Cosas. AP 21,5\u201d.<\/p>\n<p>[\/et_pb_text][et_pb_video src=\u00bbhttps:\/\/www.youtube.com\/watch?v=f3p-a_QD3EY\u00bb _builder_version=\u00bb4.8.1&#8243; _module_preset=\u00bbdefault\u00bb][\/et_pb_video][et_pb_text _builder_version=\u00bb4.8.1&#8243; _module_preset=\u00bbdefault\u00bb]<\/p>\n<p>La ma\u00f1ana se completaba con la ponencia de Mons. <strong>Derio Olivero<\/strong>, obispo de Pinerolo, invitado a ofrecer su lectura -bajo la luz de la esperanza- en el tiempo que toda la humanidad est\u00e1 viviendo.<\/p>\n<p>Bajo la luz de la esperanza con un lenguaje de verdad, de posibilidad, para suscitar la fe; con un lenguaje de belleza, porque solo la belleza mueve el deseo; siendo significativos y con un estilo de gratuidad, viviendo lo concreto y la cotidianidad: \u201csi la iglesia se pone como regalo para el mundo, ser\u00e1 sal para los hombres y generar\u00e1 esperanza\u201d, afirmaba.<\/p>\n<p><b>Preparando el entrenamiento<\/b><br \/>El grupo de Espa\u00f1a se dio cita a las 6 de la tarde. Animados por <strong>Eusebio Mart\u00ednez<\/strong>, delegado nacional para la Familia Salesiana y Josean Hern\u00e1ndez, delegado de Familia Salesiana de Salesianos Santiago el Mayor. Los 170 participantes tuvieron la\u00a0<a href=\"https:\/\/donboscoalsud.it\/virtualtour\/es\" target=\"_blank\" rel=\"noopener\" data-saferedirecturl=\"https:\/\/www.google.com\/url?q=https:\/\/donboscoalsud.it\/virtualtour\/es&amp;source=gmail&amp;ust=1611045735779000&amp;usg=AFQjCNG_dw_uzjpaNJC9CsT6XUQ208-B7w\">oportunidad de visitar la Casa Museo de Don Bosco<\/a>, escuchar las experiencias de esperanza de j\u00f3venes de todo el mundo y reunirse en grupos para reflexionar y proponer el dec\u00e1logo de la Familia Salesiana para dar forma a la estrategia que permita, como dec\u00eda el Rector Mayor es su intervenci\u00f3n: entrenar la esperanza.<\/p>\n<p>Finaliz\u00f3 el d\u00eda con una oraci\u00f3n preparada por <strong>Luis Fernando \u00c1lvarez<\/strong>, delegado de Familia Salesiana de la inspector\u00eda Salesianos Mar\u00eda Auxiliadora. Y con las Buenas Noches de la inspectora de las Hijas de Mar\u00eda Auxiliadora, Rosario Garc\u00eda, quien puso como ejemplo de joven de esperanza a Laura Vicu\u00f1a.<\/p>\n<p>[\/et_pb_text][et_pb_video src=\u00bbhttps:\/\/www.youtube.com\/watch?v=nr2gD_JFe5I\u00bb _builder_version=\u00bb4.8.1&#8243; _module_preset=\u00bbdefault\u00bb][\/et_pb_video][et_pb_text _builder_version=\u00bb4.8.1&#8243; _module_preset=\u00bbdefault\u00bb]<\/p>\n<p><b>La Voz de los Grupos de Familia Salesiana en el mundo<\/b><br \/>El s\u00e1bado 16 continu\u00f3 el trabajo com\u00fan en los canales indicados anteriormente y a partir de las 13 horas se transmiti\u00f3 en directo \u201cLa voz de los Grupos de la Familia Salesiana en el mundo\u201d. \u201cNos centraremos sobre todo en compartir los \u2018testimonios de esperanza\u2019 vividos en la Familia Salesiana: escucharemos c\u00f3mo miembros de diferentes grupos y pa\u00edses han tra\u00eddo esperanza en tiempos de pandemia, nos hablar\u00e1n, a trav\u00e9s de v\u00eddeos, j\u00f3venes llenos de empuje desde todo el mundo, y recordaremos a los testigos cre\u00edbles de esperanza en tiempos dif\u00edciles\u201d dijo el Delegado Central del Rector Mayor para la Familia Salesiana, <strong>Joan Llu\u00eds Play\u00e0<\/strong>.<\/p>\n<p>Paralelamente a los trabajos comunes, se realizaron los divididos por idiomas, que fueron gestionados por los distintos centros de coordinaci\u00f3n.<\/p>\n<p>El programa dominical fue el mismo para todos, con la misa de clausura presidida por el <strong>Rector Mayor<\/strong> a las 12.30 horas de Italia. Desde all\u00ed mismo, el Rector Mayor ced\u00eda la palabra a\u00a0<strong>Alejandro Guevara,<\/strong> delegado mundial de ADMA quien recog\u00eda el sentir y la propuesta del Secretariado Mundial para la Familia Salesiana: \u201cEn este momento final del programa, desde el Secretariado de Familia Salesiana. Valorando la presencia en estas jornadas de m\u00e1s de 100 pa\u00edses, gracias a la tecnolog\u00eda y la vitalidad de las inspector\u00edas. Delante del altar de Mar\u00eda Auxiliadora sinti\u00e9ndonos como familia debemos agradecer, la colaboraci\u00f3n y la participaci\u00f3n, que nos da un profundo sentido que enciende el futuro de esperanza salesiana\u201d.<\/p>\n<p>Se clausuraron las jornadas, en el marco de la misma Eucarist\u00eda, delante del mismo altar de Mar\u00eda Auxiliadora donde Don Bosco llor\u00f3 al final de sus d\u00edas, donde lo comprendi\u00f3 todo. \u201cEl trabajo ha sido intenso, todav\u00eda siguen llegando las conclusiones de las regiones, el equipo del secretariado las estudiar\u00e1 y\u00a0 tendr\u00e1 en cuenta para abrir nuevos horizontes para la Familia Salesiana. Para decir a las nuevas generaciones que Vengan y Vean. Para mirar a Cristo con los ojos de Mar\u00eda y la realidad con los ojos de Don Bosco siendo como Familia, signos de esperanza para todo el mundo\u201d, concluy\u00f3 el Rector Mayor.<\/p>\n<p>Desde la primera edici\u00f3n de la Semana de Espiritualidad de la Familia Salesiana es la primera vez en la historia que tantas personas pueden participar en el evento. Este es ya un primer testimonio de esa esperanza que la Familia Salesiana se prepara para profundizar y celebrar. En una \u00e9poca de crisis y pandemia, los miembros de la Familia de Don Bosco consiguen acercarse como nunca, transformando un problema en una oportunidad: gracias a las tecnolog\u00edas, pero sobre todo en comuni\u00f3n de oraci\u00f3n y arraigado en un carisma com\u00fan.<\/p>\n<p>[\/et_pb_text][et_pb_button button_url=\u00bbhttps:\/\/recursos.salesianos.info\/jornadadeespiritualidad\/\u00bb url_new_window=\u00bbon\u00bb button_text=\u00bbRevive todos los momentos\u00bb button_alignment=\u00bbleft\u00bb _builder_version=\u00bb4.8.1&#8243; custom_button=\u00bbon\u00bb button_text_size=\u00bb15px\u00bb button_text_color=\u00bb#ffffff\u00bb button_bg_color=\u00bb#dc001b\u00bb button_border_radius=\u00bb26px\u00bb][\/et_pb_button][et_pb_video src=\u00bbhttps:\/\/www.youtube.com\/watch?v=f0Paxr3fb38&#8243; _builder_version=\u00bb4.8.1&#8243; _module_preset=\u00bbdefault\u00bb][\/et_pb_video][\/et_pb_column][\/et_pb_row][et_pb_row column_structure=\u00bb1_4,1_4,1_4,1_4&#8243; _builder_version=\u00bb4.8.1&#8243; _module_preset=\u00bbdefault\u00bb][et_pb_column type=\u00bb1_4&#8243; _builder_version=\u00bb4.8.1&#8243; _module_preset=\u00bbdefault\u00bb][et_pb_image src=\u00bbhttp:\/\/www.salesianos.edu\/familiasalesiana\/wp-content\/uploads\/sites\/5\/2021\/01\/ADMA-FASA-6.jpeg\u00bb title_text=\u00bbADMA FASA 6&#8243; _builder_version=\u00bb4.8.1&#8243; _module_preset=\u00bbdefault\u00bb hover_enabled=\u00bb0&#8243; sticky_enabled=\u00bb0&#8243;][\/et_pb_image][et_pb_image src=\u00bbhttp:\/\/www.salesianos.edu\/familiasalesiana\/wp-content\/uploads\/sites\/5\/2021\/01\/ADMA-FASA-5.jpeg\u00bb title_text=\u00bbADMA FASA 5&#8243; _builder_version=\u00bb4.8.1&#8243; _module_preset=\u00bbdefault\u00bb][\/et_pb_image][et_pb_image src=\u00bbhttps:\/\/www.salesianos.edu\/wp-content\/uploads\/2021\/01\/50845197182_e2bd0123a7_c.jpg\u00bb title_text=\u00bbAlejandro Guevara\u00bb _builder_version=\u00bb4.8.1&#8243; _module_preset=\u00bbdefault\u00bb][\/et_pb_image][\/et_pb_column][et_pb_column type=\u00bb1_4&#8243; _builder_version=\u00bb4.8.1&#8243; _module_preset=\u00bbdefault\u00bb][et_pb_image src=\u00bbhttp:\/\/www.salesianos.edu\/familiasalesiana\/wp-content\/uploads\/sites\/5\/2021\/01\/ADMA-FASA-8.jpeg\u00bb title_text=\u00bbADMA FASA 8&#8243; _builder_version=\u00bb4.8.1&#8243; _module_preset=\u00bbdefault\u00bb][\/et_pb_image][et_pb_image src=\u00bbhttp:\/\/www.salesianos.edu\/familiasalesiana\/wp-content\/uploads\/sites\/5\/2021\/01\/ADMA-FASA-4.jpeg\u00bb title_text=\u00bbADMA FASA 4&#8243; _builder_version=\u00bb4.8.1&#8243; _module_preset=\u00bbdefault\u00bb][\/et_pb_image][et_pb_image src=\u00bbhttps:\/\/www.salesianos.edu\/wp-content\/uploads\/2021\/01\/50841121313_6e921a1523_k.jpg\u00bb title_text=\u00bbRM Familia Salesiana\u00bb _builder_version=\u00bb4.8.1&#8243; _module_preset=\u00bbdefault\u00bb][\/et_pb_image][\/et_pb_column][et_pb_column type=\u00bb1_4&#8243; _builder_version=\u00bb4.8.1&#8243; _module_preset=\u00bbdefault\u00bb][et_pb_image src=\u00bbhttp:\/\/www.salesianos.edu\/familiasalesiana\/wp-content\/uploads\/sites\/5\/2021\/01\/ADMA-FASA-1.jpeg\u00bb title_text=\u00bbADMA FASA 1&#8243; _builder_version=\u00bb4.8.1&#8243; _module_preset=\u00bbdefault\u00bb][\/et_pb_image][et_pb_image src=\u00bbhttp:\/\/www.salesianos.edu\/familiasalesiana\/wp-content\/uploads\/sites\/5\/2021\/01\/ADMA-FASA-3.jpeg\u00bb title_text=\u00bbADMA FASA 3&#8243; _builder_version=\u00bb4.8.1&#8243; _module_preset=\u00bbdefault\u00bb][\/et_pb_image][et_pb_image src=\u00bbhttps:\/\/www.salesianos.edu\/wp-content\/uploads\/2021\/01\/50838304767_16d7855115_c.jpg\u00bb title_text=\u00bbRM Familia Salesiana Jornada\u00bb _builder_version=\u00bb4.8.1&#8243; _module_preset=\u00bbdefault\u00bb][\/et_pb_image][\/et_pb_column][et_pb_column type=\u00bb1_4&#8243; _builder_version=\u00bb4.8.1&#8243; _module_preset=\u00bbdefault\u00bb][et_pb_image src=\u00bbhttp:\/\/www.salesianos.edu\/familiasalesiana\/wp-content\/uploads\/sites\/5\/2021\/01\/ADMA-FASA-9.jpg\u00bb title_text=\u00bbADMA FASA 9&#8243; _builder_version=\u00bb4.8.1&#8243; _module_preset=\u00bbdefault\u00bb][\/et_pb_image][et_pb_image src=\u00bbhttp:\/\/www.salesianos.edu\/familiasalesiana\/wp-content\/uploads\/sites\/5\/2021\/01\/ADMA-FASA-2.jpeg\u00bb title_text=\u00bbADMA FASA 2&#8243; _builder_version=\u00bb4.8.1&#8243; _module_preset=\u00bbdefault\u00bb][\/et_pb_image][et_pb_image src=\u00bbhttps:\/\/www.salesianos.edu\/wp-content\/uploads\/2021\/01\/50802868046_d157f3911b_c.jpg\u00bb title_text=\u00bbsalesianas\u00bb _builder_version=\u00bb4.8.1&#8243; _module_preset=\u00bbdefault\u00bb][\/et_pb_image][\/et_pb_column][\/et_pb_row][et_pb_row _builder_version=\u00bb4.8.1&#8243; _module_preset=\u00bbdefault\u00bb][et_pb_column type=\u00bb4_4&#8243; _builder_version=\u00bb4.8.1&#8243; _module_preset=\u00bbdefault\u00bb][et_pb_button button_url=\u00bbhttps:\/\/www.flickr.com\/photos\/130162259@N04\/\u00bb button_text=\u00bbVisita la galer\u00eda de im\u00e1genes\u00bb _builder_version=\u00bb4.8.1&#8243; _module_preset=\u00bbdefault\u00bb][\/et_pb_button][\/et_pb_column][\/et_pb_row][\/et_pb_section]<\/p>\n","protected":false},"excerpt":{"rendered":"<p>Con una gran participaci\u00f3n, cerca de 8.000 personas de todo el mundo, participaron del 15 al 17 de enero. De una manera innovadora, arrojaron luz sobre el mensaje del Aguilnaldo 2021.<\/p>\n","protected":false},"author":12,"featured_media":9179,"comment_status":"open","ping_status":"open","sticky":false,"template":"","format":"standard","meta":{"_et_pb_use_builder":"on","_et_pb_old_content":"","_et_gb_content_width":"","footnotes":""},"categories":[53,38,46,15],"tags":[],"class_list":["post-9178","post","type-post","status-publish","format-standard","has-post-thumbnail","hentry","category-adma","category-congregacion","category-curso20-21","category-portada"],"yoast_head":"<!-- This site is optimized with the Yoast SEO plugin v27.5 - https:\/\/yoast.com\/product\/yoast-seo-wordpress\/ -->\n<title>Entrenarse para la Esperanza: el reto nacido de las XXXIX Jornadas de Espiritualidad de la Familia Salesiana - Familia Salesiana<\/title>\n<meta name=\"robots\" content=\"index, follow, max-snippet:-1, max-image-preview:large, max-video-preview:-1\" \/>\n<link rel=\"canonical\" href=\"https:\/\/www.salesianos.edu\/familiasalesiana\/entrenarse-para-la-esperanza-el-reto-nacido-de-las-xxxix-jornadas-de-espiritualidad-de-la-familia-salesiana\/\" \/>\n<meta property=\"og:locale\" content=\"es_ES\" \/>\n<meta property=\"og:type\" content=\"article\" \/>\n<meta property=\"og:title\" content=\"Entrenarse para la Esperanza: el reto nacido de las XXXIX Jornadas de Espiritualidad de la Familia Salesiana - Familia Salesiana\" \/>\n<meta property=\"og:description\" content=\"Con una gran participaci\u00f3n, cerca de 8.000 personas de todo el mundo, participaron del 15 al 17 de enero. De una manera innovadora, arrojaron luz sobre el mensaje del Aguilnaldo 2021.\" \/>\n<meta property=\"og:url\" content=\"https:\/\/www.salesianos.edu\/familiasalesiana\/entrenarse-para-la-esperanza-el-reto-nacido-de-las-xxxix-jornadas-de-espiritualidad-de-la-familia-salesiana\/\" \/>\n<meta property=\"og:site_name\" content=\"Familia Salesiana\" \/>\n<meta property=\"article:published_time\" content=\"2021-01-18T09:42:10+00:00\" \/>\n<meta property=\"article:modified_time\" content=\"2021-03-03T12:41:23+00:00\" \/>\n<meta property=\"og:image\" content=\"https:\/\/www.salesianos.edu\/familiasalesiana\/wp-content\/uploads\/sites\/5\/2021\/01\/50841123198_cbe686984c_k.jpg\" \/>\n\t<meta property=\"og:image:width\" content=\"2048\" \/>\n\t<meta property=\"og:image:height\" content=\"1367\" \/>\n\t<meta property=\"og:image:type\" content=\"image\/jpeg\" \/>\n<meta name=\"author\" content=\"joseluisgarciamoscoso\" \/>\n<meta name=\"twitter:card\" content=\"summary_large_image\" \/>\n<meta name=\"twitter:label1\" content=\"Escrito por\" \/>\n\t<meta name=\"twitter:data1\" content=\"joseluisgarciamoscoso\" \/>\n\t<meta name=\"twitter:label2\" content=\"Tiempo de lectura\" \/>\n\t<meta name=\"twitter:data2\" content=\"8 minutos\" \/>\n<script type=\"application\/ld+json\" class=\"yoast-schema-graph\">{\"@context\":\"https:\\\/\\\/schema.org\",\"@graph\":[{\"@type\":\"Article\",\"@id\":\"https:\\\/\\\/www.salesianos.edu\\\/familiasalesiana\\\/entrenarse-para-la-esperanza-el-reto-nacido-de-las-xxxix-jornadas-de-espiritualidad-de-la-familia-salesiana\\\/#article\",\"isPartOf\":{\"@id\":\"https:\\\/\\\/www.salesianos.edu\\\/familiasalesiana\\\/entrenarse-para-la-esperanza-el-reto-nacido-de-las-xxxix-jornadas-de-espiritualidad-de-la-familia-salesiana\\\/\"},\"author\":{\"name\":\"joseluisgarciamoscoso\",\"@id\":\"http:\\\/\\\/www.salesianos.edu\\\/familiasalesiana\\\/#\\\/schema\\\/person\\\/a1d72ee5373cce7347fb2993ba9f47d6\"},\"headline\":\"Entrenarse para la Esperanza: el reto nacido de las XXXIX Jornadas de Espiritualidad de la Familia Salesiana\",\"datePublished\":\"2021-01-18T09:42:10+00:00\",\"dateModified\":\"2021-03-03T12:41:23+00:00\",\"mainEntityOfPage\":{\"@id\":\"https:\\\/\\\/www.salesianos.edu\\\/familiasalesiana\\\/entrenarse-para-la-esperanza-el-reto-nacido-de-las-xxxix-jornadas-de-espiritualidad-de-la-familia-salesiana\\\/\"},\"wordCount\":1568,\"commentCount\":0,\"image\":{\"@id\":\"https:\\\/\\\/www.salesianos.edu\\\/familiasalesiana\\\/entrenarse-para-la-esperanza-el-reto-nacido-de-las-xxxix-jornadas-de-espiritualidad-de-la-familia-salesiana\\\/#primaryimage\"},\"thumbnailUrl\":\"https:\\\/\\\/www.salesianos.edu\\\/familiasalesiana\\\/wp-content\\\/uploads\\\/sites\\\/5\\\/2021\\\/01\\\/50841123198_cbe686984c_k.jpg\",\"articleSection\":[\"ADMA\",\"Congregaci\u00f3n\",\"Curso20-21\",\"portada\"],\"inLanguage\":\"es\",\"potentialAction\":[{\"@type\":\"CommentAction\",\"name\":\"Comment\",\"target\":[\"https:\\\/\\\/www.salesianos.edu\\\/familiasalesiana\\\/entrenarse-para-la-esperanza-el-reto-nacido-de-las-xxxix-jornadas-de-espiritualidad-de-la-familia-salesiana\\\/#respond\"]}]},{\"@type\":\"WebPage\",\"@id\":\"https:\\\/\\\/www.salesianos.edu\\\/familiasalesiana\\\/entrenarse-para-la-esperanza-el-reto-nacido-de-las-xxxix-jornadas-de-espiritualidad-de-la-familia-salesiana\\\/\",\"url\":\"https:\\\/\\\/www.salesianos.edu\\\/familiasalesiana\\\/entrenarse-para-la-esperanza-el-reto-nacido-de-las-xxxix-jornadas-de-espiritualidad-de-la-familia-salesiana\\\/\",\"name\":\"Entrenarse para la Esperanza: el reto nacido de las XXXIX Jornadas de Espiritualidad de la Familia Salesiana - Familia Salesiana\",\"isPartOf\":{\"@id\":\"http:\\\/\\\/www.salesianos.edu\\\/familiasalesiana\\\/#website\"},\"primaryImageOfPage\":{\"@id\":\"https:\\\/\\\/www.salesianos.edu\\\/familiasalesiana\\\/entrenarse-para-la-esperanza-el-reto-nacido-de-las-xxxix-jornadas-de-espiritualidad-de-la-familia-salesiana\\\/#primaryimage\"},\"image\":{\"@id\":\"https:\\\/\\\/www.salesianos.edu\\\/familiasalesiana\\\/entrenarse-para-la-esperanza-el-reto-nacido-de-las-xxxix-jornadas-de-espiritualidad-de-la-familia-salesiana\\\/#primaryimage\"},\"thumbnailUrl\":\"https:\\\/\\\/www.salesianos.edu\\\/familiasalesiana\\\/wp-content\\\/uploads\\\/sites\\\/5\\\/2021\\\/01\\\/50841123198_cbe686984c_k.jpg\",\"datePublished\":\"2021-01-18T09:42:10+00:00\",\"dateModified\":\"2021-03-03T12:41:23+00:00\",\"author\":{\"@id\":\"http:\\\/\\\/www.salesianos.edu\\\/familiasalesiana\\\/#\\\/schema\\\/person\\\/a1d72ee5373cce7347fb2993ba9f47d6\"},\"breadcrumb\":{\"@id\":\"https:\\\/\\\/www.salesianos.edu\\\/familiasalesiana\\\/entrenarse-para-la-esperanza-el-reto-nacido-de-las-xxxix-jornadas-de-espiritualidad-de-la-familia-salesiana\\\/#breadcrumb\"},\"inLanguage\":\"es\",\"potentialAction\":[{\"@type\":\"ReadAction\",\"target\":[\"https:\\\/\\\/www.salesianos.edu\\\/familiasalesiana\\\/entrenarse-para-la-esperanza-el-reto-nacido-de-las-xxxix-jornadas-de-espiritualidad-de-la-familia-salesiana\\\/\"]}]},{\"@type\":\"ImageObject\",\"inLanguage\":\"es\",\"@id\":\"https:\\\/\\\/www.salesianos.edu\\\/familiasalesiana\\\/entrenarse-para-la-esperanza-el-reto-nacido-de-las-xxxix-jornadas-de-espiritualidad-de-la-familia-salesiana\\\/#primaryimage\",\"url\":\"https:\\\/\\\/www.salesianos.edu\\\/familiasalesiana\\\/wp-content\\\/uploads\\\/sites\\\/5\\\/2021\\\/01\\\/50841123198_cbe686984c_k.jpg\",\"contentUrl\":\"https:\\\/\\\/www.salesianos.edu\\\/familiasalesiana\\\/wp-content\\\/uploads\\\/sites\\\/5\\\/2021\\\/01\\\/50841123198_cbe686984c_k.jpg\",\"width\":2048,\"height\":1367},{\"@type\":\"BreadcrumbList\",\"@id\":\"https:\\\/\\\/www.salesianos.edu\\\/familiasalesiana\\\/entrenarse-para-la-esperanza-el-reto-nacido-de-las-xxxix-jornadas-de-espiritualidad-de-la-familia-salesiana\\\/#breadcrumb\",\"itemListElement\":[{\"@type\":\"ListItem\",\"position\":1,\"name\":\"Portada\",\"item\":\"http:\\\/\\\/www.salesianos.edu\\\/familiasalesiana\\\/\"},{\"@type\":\"ListItem\",\"position\":2,\"name\":\"Entrenarse para la Esperanza: el reto nacido de las XXXIX Jornadas de Espiritualidad de la Familia Salesiana\"}]},{\"@type\":\"WebSite\",\"@id\":\"http:\\\/\\\/www.salesianos.edu\\\/familiasalesiana\\\/#website\",\"url\":\"http:\\\/\\\/www.salesianos.edu\\\/familiasalesiana\\\/\",\"name\":\"Familia Salesiana\",\"description\":\"P\u00e1gina oficial de Inspector\u00eda Salesiana Mar\u00eda Auxiliadora\",\"potentialAction\":[{\"@type\":\"SearchAction\",\"target\":{\"@type\":\"EntryPoint\",\"urlTemplate\":\"http:\\\/\\\/www.salesianos.edu\\\/familiasalesiana\\\/?s={search_term_string}\"},\"query-input\":{\"@type\":\"PropertyValueSpecification\",\"valueRequired\":true,\"valueName\":\"search_term_string\"}}],\"inLanguage\":\"es\"},{\"@type\":\"Person\",\"@id\":\"http:\\\/\\\/www.salesianos.edu\\\/familiasalesiana\\\/#\\\/schema\\\/person\\\/a1d72ee5373cce7347fb2993ba9f47d6\",\"name\":\"joseluisgarciamoscoso\",\"image\":{\"@type\":\"ImageObject\",\"inLanguage\":\"es\",\"@id\":\"https:\\\/\\\/secure.gravatar.com\\\/avatar\\\/3fda3a0b2db3bc9a39871e47cbd526b42d6c3b74755b7ae1400a87b2913fea6a?s=96&d=mm&r=g\",\"url\":\"https:\\\/\\\/secure.gravatar.com\\\/avatar\\\/3fda3a0b2db3bc9a39871e47cbd526b42d6c3b74755b7ae1400a87b2913fea6a?s=96&d=mm&r=g\",\"contentUrl\":\"https:\\\/\\\/secure.gravatar.com\\\/avatar\\\/3fda3a0b2db3bc9a39871e47cbd526b42d6c3b74755b7ae1400a87b2913fea6a?s=96&d=mm&r=g\",\"caption\":\"joseluisgarciamoscoso\"}}]}<\/script>\n<!-- \/ Yoast SEO plugin. -->","yoast_head_json":{"title":"Entrenarse para la Esperanza: el reto nacido de las XXXIX Jornadas de Espiritualidad de la Familia Salesiana - Familia Salesiana","robots":{"index":"index","follow":"follow","max-snippet":"max-snippet:-1","max-image-preview":"max-image-preview:large","max-video-preview":"max-video-preview:-1"},"canonical":"https:\/\/www.salesianos.edu\/familiasalesiana\/entrenarse-para-la-esperanza-el-reto-nacido-de-las-xxxix-jornadas-de-espiritualidad-de-la-familia-salesiana\/","og_locale":"es_ES","og_type":"article","og_title":"Entrenarse para la Esperanza: el reto nacido de las XXXIX Jornadas de Espiritualidad de la Familia Salesiana - Familia Salesiana","og_description":"Con una gran participaci\u00f3n, cerca de 8.000 personas de todo el mundo, participaron del 15 al 17 de enero. De una manera innovadora, arrojaron luz sobre el mensaje del Aguilnaldo 2021.","og_url":"https:\/\/www.salesianos.edu\/familiasalesiana\/entrenarse-para-la-esperanza-el-reto-nacido-de-las-xxxix-jornadas-de-espiritualidad-de-la-familia-salesiana\/","og_site_name":"Familia Salesiana","article_published_time":"2021-01-18T09:42:10+00:00","article_modified_time":"2021-03-03T12:41:23+00:00","og_image":[{"width":2048,"height":1367,"url":"https:\/\/www.salesianos.edu\/familiasalesiana\/wp-content\/uploads\/sites\/5\/2021\/01\/50841123198_cbe686984c_k.jpg","type":"image\/jpeg"}],"author":"joseluisgarciamoscoso","twitter_card":"summary_large_image","twitter_misc":{"Escrito por":"joseluisgarciamoscoso","Tiempo de lectura":"8 minutos"},"schema":{"@context":"https:\/\/schema.org","@graph":[{"@type":"Article","@id":"https:\/\/www.salesianos.edu\/familiasalesiana\/entrenarse-para-la-esperanza-el-reto-nacido-de-las-xxxix-jornadas-de-espiritualidad-de-la-familia-salesiana\/#article","isPartOf":{"@id":"https:\/\/www.salesianos.edu\/familiasalesiana\/entrenarse-para-la-esperanza-el-reto-nacido-de-las-xxxix-jornadas-de-espiritualidad-de-la-familia-salesiana\/"},"author":{"name":"joseluisgarciamoscoso","@id":"http:\/\/www.salesianos.edu\/familiasalesiana\/#\/schema\/person\/a1d72ee5373cce7347fb2993ba9f47d6"},"headline":"Entrenarse para la Esperanza: el reto nacido de las XXXIX Jornadas de Espiritualidad de la Familia Salesiana","datePublished":"2021-01-18T09:42:10+00:00","dateModified":"2021-03-03T12:41:23+00:00","mainEntityOfPage":{"@id":"https:\/\/www.salesianos.edu\/familiasalesiana\/entrenarse-para-la-esperanza-el-reto-nacido-de-las-xxxix-jornadas-de-espiritualidad-de-la-familia-salesiana\/"},"wordCount":1568,"commentCount":0,"image":{"@id":"https:\/\/www.salesianos.edu\/familiasalesiana\/entrenarse-para-la-esperanza-el-reto-nacido-de-las-xxxix-jornadas-de-espiritualidad-de-la-familia-salesiana\/#primaryimage"},"thumbnailUrl":"https:\/\/www.salesianos.edu\/familiasalesiana\/wp-content\/uploads\/sites\/5\/2021\/01\/50841123198_cbe686984c_k.jpg","articleSection":["ADMA","Congregaci\u00f3n","Curso20-21","portada"],"inLanguage":"es","potentialAction":[{"@type":"CommentAction","name":"Comment","target":["https:\/\/www.salesianos.edu\/familiasalesiana\/entrenarse-para-la-esperanza-el-reto-nacido-de-las-xxxix-jornadas-de-espiritualidad-de-la-familia-salesiana\/#respond"]}]},{"@type":"WebPage","@id":"https:\/\/www.salesianos.edu\/familiasalesiana\/entrenarse-para-la-esperanza-el-reto-nacido-de-las-xxxix-jornadas-de-espiritualidad-de-la-familia-salesiana\/","url":"https:\/\/www.salesianos.edu\/familiasalesiana\/entrenarse-para-la-esperanza-el-reto-nacido-de-las-xxxix-jornadas-de-espiritualidad-de-la-familia-salesiana\/","name":"Entrenarse para la Esperanza: el reto nacido de las XXXIX Jornadas de Espiritualidad de la Familia Salesiana - Familia Salesiana","isPartOf":{"@id":"http:\/\/www.salesianos.edu\/familiasalesiana\/#website"},"primaryImageOfPage":{"@id":"https:\/\/www.salesianos.edu\/familiasalesiana\/entrenarse-para-la-esperanza-el-reto-nacido-de-las-xxxix-jornadas-de-espiritualidad-de-la-familia-salesiana\/#primaryimage"},"image":{"@id":"https:\/\/www.salesianos.edu\/familiasalesiana\/entrenarse-para-la-esperanza-el-reto-nacido-de-las-xxxix-jornadas-de-espiritualidad-de-la-familia-salesiana\/#primaryimage"},"thumbnailUrl":"https:\/\/www.salesianos.edu\/familiasalesiana\/wp-content\/uploads\/sites\/5\/2021\/01\/50841123198_cbe686984c_k.jpg","datePublished":"2021-01-18T09:42:10+00:00","dateModified":"2021-03-03T12:41:23+00:00","author":{"@id":"http:\/\/www.salesianos.edu\/familiasalesiana\/#\/schema\/person\/a1d72ee5373cce7347fb2993ba9f47d6"},"breadcrumb":{"@id":"https:\/\/www.salesianos.edu\/familiasalesiana\/entrenarse-para-la-esperanza-el-reto-nacido-de-las-xxxix-jornadas-de-espiritualidad-de-la-familia-salesiana\/#breadcrumb"},"inLanguage":"es","potentialAction":[{"@type":"ReadAction","target":["https:\/\/www.salesianos.edu\/familiasalesiana\/entrenarse-para-la-esperanza-el-reto-nacido-de-las-xxxix-jornadas-de-espiritualidad-de-la-familia-salesiana\/"]}]},{"@type":"ImageObject","inLanguage":"es","@id":"https:\/\/www.salesianos.edu\/familiasalesiana\/entrenarse-para-la-esperanza-el-reto-nacido-de-las-xxxix-jornadas-de-espiritualidad-de-la-familia-salesiana\/#primaryimage","url":"https:\/\/www.salesianos.edu\/familiasalesiana\/wp-content\/uploads\/sites\/5\/2021\/01\/50841123198_cbe686984c_k.jpg","contentUrl":"https:\/\/www.salesianos.edu\/familiasalesiana\/wp-content\/uploads\/sites\/5\/2021\/01\/50841123198_cbe686984c_k.jpg","width":2048,"height":1367},{"@type":"BreadcrumbList","@id":"https:\/\/www.salesianos.edu\/familiasalesiana\/entrenarse-para-la-esperanza-el-reto-nacido-de-las-xxxix-jornadas-de-espiritualidad-de-la-familia-salesiana\/#breadcrumb","itemListElement":[{"@type":"ListItem","position":1,"name":"Portada","item":"http:\/\/www.salesianos.edu\/familiasalesiana\/"},{"@type":"ListItem","position":2,"name":"Entrenarse para la Esperanza: el reto nacido de las XXXIX Jornadas de Espiritualidad de la Familia Salesiana"}]},{"@type":"WebSite","@id":"http:\/\/www.salesianos.edu\/familiasalesiana\/#website","url":"http:\/\/www.salesianos.edu\/familiasalesiana\/","name":"Familia Salesiana","description":"P\u00e1gina oficial de Inspector\u00eda Salesiana Mar\u00eda Auxiliadora","potentialAction":[{"@type":"SearchAction","target":{"@type":"EntryPoint","urlTemplate":"http:\/\/www.salesianos.edu\/familiasalesiana\/?s={search_term_string}"},"query-input":{"@type":"PropertyValueSpecification","valueRequired":true,"valueName":"search_term_string"}}],"inLanguage":"es"},{"@type":"Person","@id":"http:\/\/www.salesianos.edu\/familiasalesiana\/#\/schema\/person\/a1d72ee5373cce7347fb2993ba9f47d6","name":"joseluisgarciamoscoso","image":{"@type":"ImageObject","inLanguage":"es","@id":"https:\/\/secure.gravatar.com\/avatar\/3fda3a0b2db3bc9a39871e47cbd526b42d6c3b74755b7ae1400a87b2913fea6a?s=96&d=mm&r=g","url":"https:\/\/secure.gravatar.com\/avatar\/3fda3a0b2db3bc9a39871e47cbd526b42d6c3b74755b7ae1400a87b2913fea6a?s=96&d=mm&r=g","contentUrl":"https:\/\/secure.gravatar.com\/avatar\/3fda3a0b2db3bc9a39871e47cbd526b42d6c3b74755b7ae1400a87b2913fea6a?s=96&d=mm&r=g","caption":"joseluisgarciamoscoso"}}]}},"_links":{"self":[{"href":"https:\/\/www.salesianos.edu\/familiasalesiana\/wp-json\/wp\/v2\/posts\/9178","targetHints":{"allow":["GET"]}}],"collection":[{"href":"https:\/\/www.salesianos.edu\/familiasalesiana\/wp-json\/wp\/v2\/posts"}],"about":[{"href":"https:\/\/www.salesianos.edu\/familiasalesiana\/wp-json\/wp\/v2\/types\/post"}],"author":[{"embeddable":true,"href":"https:\/\/www.salesianos.edu\/familiasalesiana\/wp-json\/wp\/v2\/users\/12"}],"replies":[{"embeddable":true,"href":"https:\/\/www.salesianos.edu\/familiasalesiana\/wp-json\/wp\/v2\/comments?post=9178"}],"version-history":[{"count":2,"href":"https:\/\/www.salesianos.edu\/familiasalesiana\/wp-json\/wp\/v2\/posts\/9178\/revisions"}],"predecessor-version":[{"id":9195,"href":"https:\/\/www.salesianos.edu\/familiasalesiana\/wp-json\/wp\/v2\/posts\/9178\/revisions\/9195"}],"wp:featuredmedia":[{"embeddable":true,"href":"https:\/\/www.salesianos.edu\/familiasalesiana\/wp-json\/wp\/v2\/media\/9179"}],"wp:attachment":[{"href":"https:\/\/www.salesianos.edu\/familiasalesiana\/wp-json\/wp\/v2\/media?parent=9178"}],"wp:term":[{"taxonomy":"category","embeddable":true,"href":"https:\/\/www.salesianos.edu\/familiasalesiana\/wp-json\/wp\/v2\/categories?post=9178"},{"taxonomy":"post_tag","embeddable":true,"href":"https:\/\/www.salesianos.edu\/familiasalesiana\/wp-json\/wp\/v2\/tags?post=9178"}],"curies":[{"name":"wp","href":"https:\/\/api.w.org\/{rel}","templated":true}]}}