{"id":9115,"date":"2021-01-23T10:48:24","date_gmt":"2021-01-23T09:48:24","guid":{"rendered":"http:\/\/www.salesianos.edu\/familiasalesiana\/?p=9115"},"modified":"2021-03-03T13:40:13","modified_gmt":"2021-03-03T12:40:13","slug":"lecturas-de-enero-con-el-consejo-inspectorial-de-la-asociacion-de-maria-auxiliadora","status":"publish","type":"post","link":"https:\/\/www.salesianos.edu\/familiasalesiana\/lecturas-de-enero-con-el-consejo-inspectorial-de-la-asociacion-de-maria-auxiliadora\/","title":{"rendered":"Lecturas de enero con el Consejo Inspectorial de la Asociaci\u00f3n de Mar\u00eda Auxiliadora"},"content":{"rendered":"<div id=\"fb-root\"><\/div>\n<p>[et_pb_section fb_built=\u00bb1&#8243; admin_label=\u00bbsection\u00bb _builder_version=\u00bb3.22&#8243;][et_pb_row admin_label=\u00bbrow\u00bb _builder_version=\u00bb3.25&#8243; background_size=\u00bbinitial\u00bb background_position=\u00bbtop_left\u00bb background_repeat=\u00bbrepeat\u00bb][et_pb_column type=\u00bb4_4&#8243; _builder_version=\u00bb3.25&#8243; custom_padding=\u00bb|||\u00bb custom_padding__hover=\u00bb|||\u00bb][et_pb_text _builder_version=\u00bb4.7.7&#8243;]<\/p>\n<div>Por ADMA\u00a0 \u00a0\u00a0<b><br \/><\/b><\/div>\n<p>[\/et_pb_text][et_pb_text _builder_version=\u00bb4.7.7&#8243;]<\/p>\n<p>El Consejo Inspectorial de ADMA de la zona de Sevilla desde principios de diciembre ha ido preparando con la ayuda de personas de las diferentes Asociaciones un proyecto que desde este 1 de enero se pone en marcha. <\/p>\n<p>\u00abSubiremos a esta web diariamente un fragmento del libro Memorias del Oratorio, escrito por Don Bosco. Estas memorias abarcan en el tiempo hasta 1854, por lo que las lecturas que corresponden desde ah\u00ed hasta la muerte de Don Bosco, han sido tomadas de otras biograf\u00edas, estas lecturas se corresponden a los \u00faltimos d\u00edas de enero\u00bb, comparten desde la organizaci\u00f3n.<\/p>\n<p>El mismo Don Bosco escribe al principio de estas Memorias:<\/p>\n<p>\u201cSe trata de un padre que se deleita hablando de sus cosas a sus hijos queridos; quienes, por su parte, gozan al conocer las peque\u00f1as aventuras del que tanto los am\u00f3 y siempre, as\u00ed en los asuntos peque\u00f1os como en los grandes, se afan\u00f3 trabajando por su provecho espiritual y material\u201d<\/p>\n<p>Desde el Consejo Inspectorial de ADMA se espera que todos gocen con las narraciones de estas \u201cpeque\u00f1as aventuras\u201d.<\/p>\n<p>[\/et_pb_text][et_pb_audio audio=\u00bbhttp:\/\/www.salesianos.edu\/familiasalesiana\/wp-content\/uploads\/sites\/5\/2020\/12\/Audio-1-Diez-an\u0303os-de-infancia-\u2013-Muerte-del-padre-\u2013-Penurias-familiares-\u2013-La-madre-viuda.ogg\u00bb title=\u00bb1 de enero\u00bb album_name=\u00bbDiez a\u00f1os de infancia \u2013 Muerte del padre \u2013 Penurias familiares \u2013 La madre viuda\u00bb _builder_version=\u00bb4.7.7&#8243; _module_preset=\u00bbdefault\u00bb][\/et_pb_audio][et_pb_audio audio=\u00bbhttp:\/\/www.salesianos.edu\/familiasalesiana\/wp-content\/uploads\/sites\/5\/2020\/12\/Audio-dia-2.mp3&#8243; title=\u00bb2 de enero\u00bb album_name=\u00bbPrimera comuni\u00f3n \u2013 Sermones de la misi\u00f3n \u2013 Don Calosso \u2013 Escuela de Morialdo\u00bb _builder_version=\u00bb4.7.7&#8243; _module_preset=\u00bbdefault\u00bb][\/et_pb_audio][et_pb_audio audio=\u00bbhttp:\/\/www.salesianos.edu\/familiasalesiana\/wp-content\/uploads\/sites\/5\/2020\/12\/Dia-3.mp3&#8243; title=\u00bb3 de enero\u00bb _builder_version=\u00bb4.7.7&#8243; _module_preset=\u00bbdefault\u00bb][\/et_pb_audio][et_pb_audio audio=\u00bbhttp:\/\/www.salesianos.edu\/familiasalesiana\/wp-content\/uploads\/sites\/5\/2020\/12\/Di\u0301a-4.ogg\u00bb title=\u00bb4 de enero\u00bb disabled_on=\u00bboff|off|off\u00bb _builder_version=\u00bb4.7.7&#8243; _module_preset=\u00bbdefault\u00bb locked=\u00bboff\u00bb][\/et_pb_audio][et_pb_audio audio=\u00bbhttp:\/\/www.salesianos.edu\/familiasalesiana\/wp-content\/uploads\/sites\/5\/2020\/12\/Di\u0301a-5-.mp3&#8243; title=\u00bb5 de enero\u00bb disabled_on=\u00bboff|off|off\u00bb _builder_version=\u00bb4.7.7&#8243; _module_preset=\u00bbdefault\u00bb locked=\u00bboff\u00bb][\/et_pb_audio][et_pb_audio audio=\u00bbhttp:\/\/www.salesianos.edu\/familiasalesiana\/wp-content\/uploads\/sites\/5\/2020\/12\/Di\u0301a-6.ogg\u00bb title=\u00bb6 de enero\u00bb disabled_on=\u00bboff|off|off\u00bb _builder_version=\u00bb4.7.7&#8243; _module_preset=\u00bbdefault\u00bb locked=\u00bboff\u00bb][\/et_pb_audio][et_pb_audio audio=\u00bbhttp:\/\/www.salesianos.edu\/familiasalesiana\/wp-content\/uploads\/sites\/5\/2020\/12\/Di\u0301a-7-parte-1.mp3&#8243; title=\u00bb7 de enero &#8211; parte 1&#8243; disabled_on=\u00bboff|off|off\u00bb _builder_version=\u00bb4.7.7&#8243; _module_preset=\u00bbdefault\u00bb locked=\u00bboff\u00bb][\/et_pb_audio][et_pb_audio audio=\u00bbhttp:\/\/www.salesianos.edu\/familiasalesiana\/wp-content\/uploads\/sites\/5\/2020\/12\/Di\u0301a-7-parte-2.mp3&#8243; title=\u00bb7 de enero &#8211; parte 2&#8243; disabled_on=\u00bboff|off|off\u00bb _builder_version=\u00bb4.7.7&#8243; _module_preset=\u00bbdefault\u00bb locked=\u00bboff\u00bb][\/et_pb_audio][et_pb_audio audio=\u00bbhttp:\/\/www.salesianos.edu\/familiasalesiana\/wp-content\/uploads\/sites\/5\/2020\/12\/Di\u0301a-8-parte-1-online-audio-converter.com_.mp3&#8243; title=\u00bb8 de enero &#8211; parte 1&#8243; disabled_on=\u00bboff|off|off\u00bb _builder_version=\u00bb4.7.7&#8243; _module_preset=\u00bbdefault\u00bb locked=\u00bboff\u00bb][\/et_pb_audio][et_pb_audio audio=\u00bbhttp:\/\/www.salesianos.edu\/familiasalesiana\/wp-content\/uploads\/sites\/5\/2020\/12\/Di\u0301a-8-parte-2.ogg\u00bb title=\u00bb8 de enero &#8211; parte 2&#8243; disabled_on=\u00bboff|off|off\u00bb _builder_version=\u00bb4.7.7&#8243; _module_preset=\u00bbdefault\u00bb locked=\u00bboff\u00bb][\/et_pb_audio][et_pb_audio audio=\u00bbhttp:\/\/www.salesianos.edu\/familiasalesiana\/wp-content\/uploads\/sites\/5\/2020\/12\/9-de-enero-parte-1.mp3&#8243; title=\u00bb9 de enero &#8211; parte 1&#8243; disabled_on=\u00bboff|off|off\u00bb _builder_version=\u00bb4.7.7&#8243; _module_preset=\u00bbdefault\u00bb locked=\u00bboff\u00bb][\/et_pb_audio][et_pb_audio audio=\u00bbhttp:\/\/www.salesianos.edu\/familiasalesiana\/wp-content\/uploads\/sites\/5\/2020\/12\/9-de-enero-parte-2.mp3&#8243; title=\u00bb9 de enero &#8211; parte 2&#8243; disabled_on=\u00bboff|off|off\u00bb _builder_version=\u00bb4.7.7&#8243; _module_preset=\u00bbdefault\u00bb locked=\u00bboff\u00bb][\/et_pb_audio][et_pb_audio audio=\u00bbhttp:\/\/www.salesianos.edu\/familiasalesiana\/wp-content\/uploads\/sites\/5\/2020\/12\/di\u0301a-10.ogg\u00bb title=\u00bb10 de enero\u00bb disabled_on=\u00bboff|off|off\u00bb _builder_version=\u00bb4.7.7&#8243; _module_preset=\u00bbdefault\u00bb locked=\u00bboff\u00bb][\/et_pb_audio][et_pb_audio audio=\u00bbhttp:\/\/www.salesianos.edu\/familiasalesiana\/wp-content\/uploads\/sites\/5\/2020\/12\/di\u0301a-11.ogg\u00bb title=\u00bb11 de enero\u00bb disabled_on=\u00bboff|off|off\u00bb _builder_version=\u00bb4.7.7&#8243; _module_preset=\u00bbdefault\u00bb locked=\u00bboff\u00bb][\/et_pb_audio][et_pb_audio audio=\u00bbhttp:\/\/www.salesianos.edu\/familiasalesiana\/wp-content\/uploads\/sites\/5\/2020\/12\/di\u0301a-12.ogg\u00bb title=\u00bb12 de enero\u00bb disabled_on=\u00bboff|off|off\u00bb _builder_version=\u00bb4.7.7&#8243; _module_preset=\u00bbdefault\u00bb locked=\u00bboff\u00bb][\/et_pb_audio][et_pb_audio audio=\u00bbhttp:\/\/www.salesianos.edu\/familiasalesiana\/wp-content\/uploads\/sites\/5\/2020\/12\/di\u0301a-13.mp3&#8243; title=\u00bb13 de enero\u00bb disabled_on=\u00bboff|off|off\u00bb _builder_version=\u00bb4.7.7&#8243; _module_preset=\u00bbdefault\u00bb locked=\u00bboff\u00bb][\/et_pb_audio][et_pb_audio audio=\u00bbhttp:\/\/www.salesianos.edu\/familiasalesiana\/wp-content\/uploads\/sites\/5\/2020\/12\/di\u0301a-14.mp3&#8243; title=\u00bb14 de enero\u00bb disabled_on=\u00bboff|off|off\u00bb _builder_version=\u00bb4.7.7&#8243; _module_preset=\u00bbdefault\u00bb locked=\u00bboff\u00bb][\/et_pb_audio][et_pb_audio audio=\u00bbhttp:\/\/www.salesianos.edu\/familiasalesiana\/wp-content\/uploads\/sites\/5\/2020\/12\/di\u0301a-15.mp3&#8243; title=\u00bb15 de enero\u00bb disabled_on=\u00bboff|off|off\u00bb _builder_version=\u00bb4.7.7&#8243; _module_preset=\u00bbdefault\u00bb locked=\u00bboff\u00bb][\/et_pb_audio][et_pb_audio audio=\u00bbhttp:\/\/www.salesianos.edu\/familiasalesiana\/wp-content\/uploads\/sites\/5\/2020\/12\/di\u0301a-16.mp3&#8243; title=\u00bb16 de enero\u00bb disabled_on=\u00bboff|off|off\u00bb _builder_version=\u00bb4.7.7&#8243; _module_preset=\u00bbdefault\u00bb locked=\u00bboff\u00bb][\/et_pb_audio][et_pb_audio audio=\u00bbhttp:\/\/www.salesianos.edu\/familiasalesiana\/wp-content\/uploads\/sites\/5\/2020\/12\/di\u0301a-17.mp3&#8243; title=\u00bb17 de enero\u00bb disabled_on=\u00bboff|off|off\u00bb _builder_version=\u00bb4.7.7&#8243; _module_preset=\u00bbdefault\u00bb locked=\u00bboff\u00bb][\/et_pb_audio][et_pb_audio audio=\u00bbhttp:\/\/www.salesianos.edu\/familiasalesiana\/wp-content\/uploads\/sites\/5\/2020\/12\/di\u0301a-18.mp3&#8243; title=\u00bb18 de enero\u00bb disabled_on=\u00bboff|off|off\u00bb _builder_version=\u00bb4.7.7&#8243; _module_preset=\u00bbdefault\u00bb locked=\u00bboff\u00bb][\/et_pb_audio][et_pb_audio audio=\u00bbhttp:\/\/www.salesianos.edu\/familiasalesiana\/wp-content\/uploads\/sites\/5\/2020\/12\/audio-19.mp3&#8243; title=\u00bb19 de enero\u00bb disabled_on=\u00bboff|off|off\u00bb _builder_version=\u00bb4.8.1&#8243; _module_preset=\u00bbdefault\u00bb locked=\u00bboff\u00bb][\/et_pb_audio][et_pb_audio audio=\u00bbhttp:\/\/www.salesianos.edu\/familiasalesiana\/wp-content\/uploads\/sites\/5\/2020\/12\/audio-20.mp3&#8243; title=\u00bb20 de enero\u00bb disabled_on=\u00bboff|off|off\u00bb _builder_version=\u00bb4.8.1&#8243; _module_preset=\u00bbdefault\u00bb locked=\u00bboff\u00bb][\/et_pb_audio][et_pb_audio audio=\u00bbhttp:\/\/www.salesianos.edu\/familiasalesiana\/wp-content\/uploads\/sites\/5\/2020\/12\/audio-21.ogg\u00bb title=\u00bb21 de enero\u00bb disabled_on=\u00bboff|off|off\u00bb _builder_version=\u00bb4.8.1&#8243; _module_preset=\u00bbdefault\u00bb locked=\u00bboff\u00bb][\/et_pb_audio][et_pb_audio audio=\u00bbhttp:\/\/www.salesianos.edu\/familiasalesiana\/wp-content\/uploads\/sites\/5\/2020\/12\/audio-22.ogg\u00bb title=\u00bb22 de enero\u00bb disabled_on=\u00bboff|off|off\u00bb _builder_version=\u00bb4.8.1&#8243; _module_preset=\u00bbdefault\u00bb locked=\u00bboff\u00bb][\/et_pb_audio][et_pb_audio audio=\u00bbhttp:\/\/www.salesianos.edu\/familiasalesiana\/wp-content\/uploads\/sites\/5\/2020\/12\/audio-23.ogg\u00bb title=\u00bb23 de enero\u00bb disabled_on=\u00bboff|off|off\u00bb _builder_version=\u00bb4.8.1&#8243; _module_preset=\u00bbdefault\u00bb locked=\u00bboff\u00bb][\/et_pb_audio][et_pb_audio audio=\u00bbhttp:\/\/www.salesianos.edu\/familiasalesiana\/wp-content\/uploads\/sites\/5\/2020\/12\/audio-24.mp3&#8243; title=\u00bb24 de enero\u00bb disabled_on=\u00bboff|off|off\u00bb _builder_version=\u00bb4.8.1&#8243; _module_preset=\u00bbdefault\u00bb locked=\u00bboff\u00bb][\/et_pb_audio][et_pb_audio audio=\u00bbhttp:\/\/www.salesianos.edu\/familiasalesiana\/wp-content\/uploads\/sites\/5\/2020\/12\/audio-25.ogg\u00bb title=\u00bb25 de enero\u00bb disabled_on=\u00bboff|off|off\u00bb _builder_version=\u00bb4.8.1&#8243; _module_preset=\u00bbdefault\u00bb locked=\u00bboff\u00bb][\/et_pb_audio][et_pb_audio audio=\u00bbhttp:\/\/www.salesianos.edu\/familiasalesiana\/wp-content\/uploads\/sites\/5\/2020\/12\/audio-26.ogg\u00bb title=\u00bb26 de enero\u00bb disabled_on=\u00bboff|off|off\u00bb _builder_version=\u00bb4.8.1&#8243; _module_preset=\u00bbdefault\u00bb locked=\u00bboff\u00bb][\/et_pb_audio][et_pb_text _builder_version=\u00bb4.8.1&#8243;]<\/p>\n<p>Terminadas las lecturas del libro \u00abMemorias del Oratorio\u00bb escrito por Don Bosco comenzamos hasta el d\u00eda 31 las lecturas de los \u00faltimos a\u00f1os de su vida dtomadas del libro \u00abDon Bosco: Una Nueva Biograf\u00eda \u00bb de Teresio Bosco.<\/p>\n<p>Para estos \u00faltimos cinco d\u00edas de enero las voces las pondr\u00e1n personas muy cercanas y queridas por todos.<\/p>\n<p>El d\u00eda 27, sor Ana Linares, delegada para ADMA . <br data-mce-fragment=\"1\" \/>El d\u00eda 28, do\u00f1a Laura Barneto, Coordinadora Nacional de ADMA.<br data-mce-fragment=\"1\" \/>El d\u00eda 29, y coincidiendo con la lectura sobre el env\u00edo de los primeros misioneros a Argentina, do\u00f1a Norma Oviedo, Salesiana Cooperadora de la regi\u00f3n de la Patagonia.<br data-mce-fragment=\"1\" \/>El d\u00eda 30, oiremos a don Juan Manuel Melgar, Delegado para ADMA y el d\u00eda 31, don Luis Fernando \u00c1lvarez, Delegado Inspectorial de la Familia Salesiana, ser\u00e1 qui\u00e9n nos narre los \u00faltimos d\u00edas de Don Bosco entre sus salesianos.<\/p>\n<p>El Consejo Inspectorial de ADMA zona Sevilla espera que todos hayamos disfrutado de est\u00e1s lecturas tan entra\u00f1ables.\u200b<\/p>\n<p>[\/et_pb_text][et_pb_audio audio=\u00bbhttp:\/\/www.salesianos.edu\/familiasalesiana\/wp-content\/uploads\/sites\/5\/2021\/01\/dia-27.mp3&#8243; title=\u00bb27 de enero\u00bb disabled_on=\u00bboff|off|off\u00bb _builder_version=\u00bb4.8.1&#8243; _module_preset=\u00bbdefault\u00bb locked=\u00bboff\u00bb][\/et_pb_audio][et_pb_audio audio=\u00bbhttp:\/\/www.salesianos.edu\/familiasalesiana\/wp-content\/uploads\/sites\/5\/2021\/01\/WhatsApp-Audio-2021-01-29-at-11.18.57-online-audio-converter.com_.mp3&#8243; title=\u00bb28 de enero\u00bb disabled_on=\u00bboff|off|off\u00bb _builder_version=\u00bb4.8.1&#8243; _module_preset=\u00bbdefault\u00bb link_option_url=\u00bbhttp:\/\/www.salesianos.edu\/familiasalesiana\/wp-content\/uploads\/sites\/5\/2021\/01\/WhatsApp-Audio-2021-01-29-at-11.18.57.ogg\u00bb locked=\u00bboff\u00bb][\/et_pb_audio][et_pb_audio audio=\u00bbhttp:\/\/www.salesianos.edu\/familiasalesiana\/wp-content\/uploads\/sites\/5\/2021\/01\/WhatsApp-Audio-2021-01-29-at-11.18.57.ogg\u00bb title=\u00bb29 de enero\u00bb disabled_on=\u00bboff|off|off\u00bb _builder_version=\u00bb4.8.1&#8243; _module_preset=\u00bbdefault\u00bb link_option_url=\u00bbhttp:\/\/www.salesianos.edu\/familiasalesiana\/wp-content\/uploads\/sites\/5\/2021\/01\/WhatsApp-Audio-2021-01-29-at-11.18.57.ogg\u00bb hover_enabled=\u00bb0&#8243; locked=\u00bboff\u00bb sticky_enabled=\u00bb0&#8243;][\/et_pb_audio][et_pb_audio audio=\u00bbhttp:\/\/www.salesianos.edu\/familiasalesiana\/wp-content\/uploads\/sites\/5\/2021\/01\/di\u0301a-30.mp3&#8243; title=\u00bb30 de enero\u00bb disabled_on=\u00bboff|off|off\u00bb _builder_version=\u00bb4.8.1&#8243; _module_preset=\u00bbdefault\u00bb locked=\u00bboff\u00bb][\/et_pb_audio][et_pb_audio audio=\u00bbhttp:\/\/www.salesianos.edu\/familiasalesiana\/wp-content\/uploads\/sites\/5\/2021\/01\/31-de-enero-.mp3&#8243; title=\u00bb31 de enero\u00bb disabled_on=\u00bboff|off|off\u00bb _builder_version=\u00bb4.8.1&#8243; _module_preset=\u00bbdefault\u00bb hover_enabled=\u00bb0&#8243; locked=\u00bboff\u00bb title_text=\u00bb31 de enero\u00bb sticky_enabled=\u00bb0&#8243;][\/et_pb_audio][\/et_pb_column][\/et_pb_row][\/et_pb_section]<\/p>\n","protected":false},"excerpt":{"rendered":"<p>El Consejo Inspectorial de ADMA compartir\u00e1 diariamente un fragmento del libro Memorias del Oratorio durante el mes de enero.<\/p>\n","protected":false},"author":7,"featured_media":9118,"comment_status":"open","ping_status":"open","sticky":false,"template":"","format":"standard","meta":{"_et_pb_use_builder":"on","_et_pb_old_content":"","_et_gb_content_width":"","footnotes":""},"categories":[53,46,15],"tags":[],"class_list":["post-9115","post","type-post","status-publish","format-standard","has-post-thumbnail","hentry","category-adma","category-curso20-21","category-portada"],"yoast_head":"<!-- This site is optimized with the Yoast SEO plugin v27.5 - https:\/\/yoast.com\/product\/yoast-seo-wordpress\/ -->\n<title>Lecturas de enero con el Consejo Inspectorial de la Asociaci\u00f3n de Mar\u00eda Auxiliadora - Familia Salesiana<\/title>\n<meta name=\"robots\" content=\"index, follow, max-snippet:-1, max-image-preview:large, max-video-preview:-1\" \/>\n<link rel=\"canonical\" href=\"https:\/\/www.salesianos.edu\/familiasalesiana\/lecturas-de-enero-con-el-consejo-inspectorial-de-la-asociacion-de-maria-auxiliadora\/\" \/>\n<meta property=\"og:locale\" content=\"es_ES\" \/>\n<meta property=\"og:type\" content=\"article\" \/>\n<meta property=\"og:title\" content=\"Lecturas de enero con el Consejo Inspectorial de la Asociaci\u00f3n de Mar\u00eda Auxiliadora - Familia Salesiana\" \/>\n<meta property=\"og:description\" content=\"El Consejo Inspectorial de ADMA compartir\u00e1 diariamente un fragmento del libro Memorias del Oratorio durante el mes de enero.\" \/>\n<meta property=\"og:url\" content=\"https:\/\/www.salesianos.edu\/familiasalesiana\/lecturas-de-enero-con-el-consejo-inspectorial-de-la-asociacion-de-maria-auxiliadora\/\" \/>\n<meta property=\"og:site_name\" content=\"Familia Salesiana\" \/>\n<meta property=\"article:published_time\" content=\"2021-01-23T09:48:24+00:00\" \/>\n<meta property=\"article:modified_time\" content=\"2021-03-03T12:40:13+00:00\" \/>\n<meta property=\"og:image\" content=\"https:\/\/www.salesianos.edu\/familiasalesiana\/wp-content\/uploads\/sites\/5\/2020\/12\/memorias-del-oratorio-731x1024.jpg\" \/>\n\t<meta property=\"og:image:width\" content=\"731\" \/>\n\t<meta property=\"og:image:height\" content=\"1024\" \/>\n\t<meta property=\"og:image:type\" content=\"image\/jpeg\" \/>\n<meta name=\"author\" content=\"carlosmartin\" \/>\n<meta name=\"twitter:card\" content=\"summary_large_image\" \/>\n<meta name=\"twitter:label1\" content=\"Escrito por\" \/>\n\t<meta name=\"twitter:data1\" content=\"carlosmartin\" \/>\n\t<meta name=\"twitter:label2\" content=\"Tiempo de lectura\" \/>\n\t<meta name=\"twitter:data2\" content=\"8 minutos\" \/>\n<script type=\"application\/ld+json\" class=\"yoast-schema-graph\">{\"@context\":\"https:\\\/\\\/schema.org\",\"@graph\":[{\"@type\":\"Article\",\"@id\":\"https:\\\/\\\/www.salesianos.edu\\\/familiasalesiana\\\/lecturas-de-enero-con-el-consejo-inspectorial-de-la-asociacion-de-maria-auxiliadora\\\/#article\",\"isPartOf\":{\"@id\":\"https:\\\/\\\/www.salesianos.edu\\\/familiasalesiana\\\/lecturas-de-enero-con-el-consejo-inspectorial-de-la-asociacion-de-maria-auxiliadora\\\/\"},\"author\":{\"name\":\"carlosmartin\",\"@id\":\"http:\\\/\\\/www.salesianos.edu\\\/familiasalesiana\\\/#\\\/schema\\\/person\\\/587f0aaa0bc79792a743343715597b2e\"},\"headline\":\"Lecturas de enero con el Consejo Inspectorial de la Asociaci\u00f3n de Mar\u00eda Auxiliadora\",\"datePublished\":\"2021-01-23T09:48:24+00:00\",\"dateModified\":\"2021-03-03T12:40:13+00:00\",\"mainEntityOfPage\":{\"@id\":\"https:\\\/\\\/www.salesianos.edu\\\/familiasalesiana\\\/lecturas-de-enero-con-el-consejo-inspectorial-de-la-asociacion-de-maria-auxiliadora\\\/\"},\"wordCount\":1629,\"commentCount\":0,\"image\":{\"@id\":\"https:\\\/\\\/www.salesianos.edu\\\/familiasalesiana\\\/lecturas-de-enero-con-el-consejo-inspectorial-de-la-asociacion-de-maria-auxiliadora\\\/#primaryimage\"},\"thumbnailUrl\":\"https:\\\/\\\/www.salesianos.edu\\\/familiasalesiana\\\/wp-content\\\/uploads\\\/sites\\\/5\\\/2020\\\/12\\\/memorias-del-oratorio.jpg\",\"articleSection\":[\"ADMA\",\"Curso20-21\",\"portada\"],\"inLanguage\":\"es\",\"potentialAction\":[{\"@type\":\"CommentAction\",\"name\":\"Comment\",\"target\":[\"https:\\\/\\\/www.salesianos.edu\\\/familiasalesiana\\\/lecturas-de-enero-con-el-consejo-inspectorial-de-la-asociacion-de-maria-auxiliadora\\\/#respond\"]}]},{\"@type\":\"WebPage\",\"@id\":\"https:\\\/\\\/www.salesianos.edu\\\/familiasalesiana\\\/lecturas-de-enero-con-el-consejo-inspectorial-de-la-asociacion-de-maria-auxiliadora\\\/\",\"url\":\"https:\\\/\\\/www.salesianos.edu\\\/familiasalesiana\\\/lecturas-de-enero-con-el-consejo-inspectorial-de-la-asociacion-de-maria-auxiliadora\\\/\",\"name\":\"Lecturas de enero con el Consejo Inspectorial de la Asociaci\u00f3n de Mar\u00eda Auxiliadora - Familia Salesiana\",\"isPartOf\":{\"@id\":\"http:\\\/\\\/www.salesianos.edu\\\/familiasalesiana\\\/#website\"},\"primaryImageOfPage\":{\"@id\":\"https:\\\/\\\/www.salesianos.edu\\\/familiasalesiana\\\/lecturas-de-enero-con-el-consejo-inspectorial-de-la-asociacion-de-maria-auxiliadora\\\/#primaryimage\"},\"image\":{\"@id\":\"https:\\\/\\\/www.salesianos.edu\\\/familiasalesiana\\\/lecturas-de-enero-con-el-consejo-inspectorial-de-la-asociacion-de-maria-auxiliadora\\\/#primaryimage\"},\"thumbnailUrl\":\"https:\\\/\\\/www.salesianos.edu\\\/familiasalesiana\\\/wp-content\\\/uploads\\\/sites\\\/5\\\/2020\\\/12\\\/memorias-del-oratorio.jpg\",\"datePublished\":\"2021-01-23T09:48:24+00:00\",\"dateModified\":\"2021-03-03T12:40:13+00:00\",\"author\":{\"@id\":\"http:\\\/\\\/www.salesianos.edu\\\/familiasalesiana\\\/#\\\/schema\\\/person\\\/587f0aaa0bc79792a743343715597b2e\"},\"breadcrumb\":{\"@id\":\"https:\\\/\\\/www.salesianos.edu\\\/familiasalesiana\\\/lecturas-de-enero-con-el-consejo-inspectorial-de-la-asociacion-de-maria-auxiliadora\\\/#breadcrumb\"},\"inLanguage\":\"es\",\"potentialAction\":[{\"@type\":\"ReadAction\",\"target\":[\"https:\\\/\\\/www.salesianos.edu\\\/familiasalesiana\\\/lecturas-de-enero-con-el-consejo-inspectorial-de-la-asociacion-de-maria-auxiliadora\\\/\"]}]},{\"@type\":\"ImageObject\",\"inLanguage\":\"es\",\"@id\":\"https:\\\/\\\/www.salesianos.edu\\\/familiasalesiana\\\/lecturas-de-enero-con-el-consejo-inspectorial-de-la-asociacion-de-maria-auxiliadora\\\/#primaryimage\",\"url\":\"https:\\\/\\\/www.salesianos.edu\\\/familiasalesiana\\\/wp-content\\\/uploads\\\/sites\\\/5\\\/2020\\\/12\\\/memorias-del-oratorio.jpg\",\"contentUrl\":\"https:\\\/\\\/www.salesianos.edu\\\/familiasalesiana\\\/wp-content\\\/uploads\\\/sites\\\/5\\\/2020\\\/12\\\/memorias-del-oratorio.jpg\",\"width\":1800,\"height\":2520,\"caption\":\"diapo2\"},{\"@type\":\"BreadcrumbList\",\"@id\":\"https:\\\/\\\/www.salesianos.edu\\\/familiasalesiana\\\/lecturas-de-enero-con-el-consejo-inspectorial-de-la-asociacion-de-maria-auxiliadora\\\/#breadcrumb\",\"itemListElement\":[{\"@type\":\"ListItem\",\"position\":1,\"name\":\"Portada\",\"item\":\"http:\\\/\\\/www.salesianos.edu\\\/familiasalesiana\\\/\"},{\"@type\":\"ListItem\",\"position\":2,\"name\":\"Lecturas de enero con el Consejo Inspectorial de la Asociaci\u00f3n de Mar\u00eda Auxiliadora\"}]},{\"@type\":\"WebSite\",\"@id\":\"http:\\\/\\\/www.salesianos.edu\\\/familiasalesiana\\\/#website\",\"url\":\"http:\\\/\\\/www.salesianos.edu\\\/familiasalesiana\\\/\",\"name\":\"Familia Salesiana\",\"description\":\"P\u00e1gina oficial de Inspector\u00eda Salesiana Mar\u00eda Auxiliadora\",\"potentialAction\":[{\"@type\":\"SearchAction\",\"target\":{\"@type\":\"EntryPoint\",\"urlTemplate\":\"http:\\\/\\\/www.salesianos.edu\\\/familiasalesiana\\\/?s={search_term_string}\"},\"query-input\":{\"@type\":\"PropertyValueSpecification\",\"valueRequired\":true,\"valueName\":\"search_term_string\"}}],\"inLanguage\":\"es\"},{\"@type\":\"Person\",\"@id\":\"http:\\\/\\\/www.salesianos.edu\\\/familiasalesiana\\\/#\\\/schema\\\/person\\\/587f0aaa0bc79792a743343715597b2e\",\"name\":\"carlosmartin\",\"image\":{\"@type\":\"ImageObject\",\"inLanguage\":\"es\",\"@id\":\"https:\\\/\\\/secure.gravatar.com\\\/avatar\\\/068204e325b7d19936f9561f323c3c719ed6f2c2a417a8c22c60e194a8bbdb21?s=96&d=mm&r=g\",\"url\":\"https:\\\/\\\/secure.gravatar.com\\\/avatar\\\/068204e325b7d19936f9561f323c3c719ed6f2c2a417a8c22c60e194a8bbdb21?s=96&d=mm&r=g\",\"contentUrl\":\"https:\\\/\\\/secure.gravatar.com\\\/avatar\\\/068204e325b7d19936f9561f323c3c719ed6f2c2a417a8c22c60e194a8bbdb21?s=96&d=mm&r=g\",\"caption\":\"carlosmartin\"}}]}<\/script>\n<!-- \/ Yoast SEO plugin. -->","yoast_head_json":{"title":"Lecturas de enero con el Consejo Inspectorial de la Asociaci\u00f3n de Mar\u00eda Auxiliadora - Familia Salesiana","robots":{"index":"index","follow":"follow","max-snippet":"max-snippet:-1","max-image-preview":"max-image-preview:large","max-video-preview":"max-video-preview:-1"},"canonical":"https:\/\/www.salesianos.edu\/familiasalesiana\/lecturas-de-enero-con-el-consejo-inspectorial-de-la-asociacion-de-maria-auxiliadora\/","og_locale":"es_ES","og_type":"article","og_title":"Lecturas de enero con el Consejo Inspectorial de la Asociaci\u00f3n de Mar\u00eda Auxiliadora - Familia Salesiana","og_description":"El Consejo Inspectorial de ADMA compartir\u00e1 diariamente un fragmento del libro Memorias del Oratorio durante el mes de enero.","og_url":"https:\/\/www.salesianos.edu\/familiasalesiana\/lecturas-de-enero-con-el-consejo-inspectorial-de-la-asociacion-de-maria-auxiliadora\/","og_site_name":"Familia Salesiana","article_published_time":"2021-01-23T09:48:24+00:00","article_modified_time":"2021-03-03T12:40:13+00:00","og_image":[{"width":731,"height":1024,"url":"https:\/\/www.salesianos.edu\/familiasalesiana\/wp-content\/uploads\/sites\/5\/2020\/12\/memorias-del-oratorio-731x1024.jpg","type":"image\/jpeg"}],"author":"carlosmartin","twitter_card":"summary_large_image","twitter_misc":{"Escrito por":"carlosmartin","Tiempo de lectura":"8 minutos"},"schema":{"@context":"https:\/\/schema.org","@graph":[{"@type":"Article","@id":"https:\/\/www.salesianos.edu\/familiasalesiana\/lecturas-de-enero-con-el-consejo-inspectorial-de-la-asociacion-de-maria-auxiliadora\/#article","isPartOf":{"@id":"https:\/\/www.salesianos.edu\/familiasalesiana\/lecturas-de-enero-con-el-consejo-inspectorial-de-la-asociacion-de-maria-auxiliadora\/"},"author":{"name":"carlosmartin","@id":"http:\/\/www.salesianos.edu\/familiasalesiana\/#\/schema\/person\/587f0aaa0bc79792a743343715597b2e"},"headline":"Lecturas de enero con el Consejo Inspectorial de la Asociaci\u00f3n de Mar\u00eda Auxiliadora","datePublished":"2021-01-23T09:48:24+00:00","dateModified":"2021-03-03T12:40:13+00:00","mainEntityOfPage":{"@id":"https:\/\/www.salesianos.edu\/familiasalesiana\/lecturas-de-enero-con-el-consejo-inspectorial-de-la-asociacion-de-maria-auxiliadora\/"},"wordCount":1629,"commentCount":0,"image":{"@id":"https:\/\/www.salesianos.edu\/familiasalesiana\/lecturas-de-enero-con-el-consejo-inspectorial-de-la-asociacion-de-maria-auxiliadora\/#primaryimage"},"thumbnailUrl":"https:\/\/www.salesianos.edu\/familiasalesiana\/wp-content\/uploads\/sites\/5\/2020\/12\/memorias-del-oratorio.jpg","articleSection":["ADMA","Curso20-21","portada"],"inLanguage":"es","potentialAction":[{"@type":"CommentAction","name":"Comment","target":["https:\/\/www.salesianos.edu\/familiasalesiana\/lecturas-de-enero-con-el-consejo-inspectorial-de-la-asociacion-de-maria-auxiliadora\/#respond"]}]},{"@type":"WebPage","@id":"https:\/\/www.salesianos.edu\/familiasalesiana\/lecturas-de-enero-con-el-consejo-inspectorial-de-la-asociacion-de-maria-auxiliadora\/","url":"https:\/\/www.salesianos.edu\/familiasalesiana\/lecturas-de-enero-con-el-consejo-inspectorial-de-la-asociacion-de-maria-auxiliadora\/","name":"Lecturas de enero con el Consejo Inspectorial de la Asociaci\u00f3n de Mar\u00eda Auxiliadora - Familia Salesiana","isPartOf":{"@id":"http:\/\/www.salesianos.edu\/familiasalesiana\/#website"},"primaryImageOfPage":{"@id":"https:\/\/www.salesianos.edu\/familiasalesiana\/lecturas-de-enero-con-el-consejo-inspectorial-de-la-asociacion-de-maria-auxiliadora\/#primaryimage"},"image":{"@id":"https:\/\/www.salesianos.edu\/familiasalesiana\/lecturas-de-enero-con-el-consejo-inspectorial-de-la-asociacion-de-maria-auxiliadora\/#primaryimage"},"thumbnailUrl":"https:\/\/www.salesianos.edu\/familiasalesiana\/wp-content\/uploads\/sites\/5\/2020\/12\/memorias-del-oratorio.jpg","datePublished":"2021-01-23T09:48:24+00:00","dateModified":"2021-03-03T12:40:13+00:00","author":{"@id":"http:\/\/www.salesianos.edu\/familiasalesiana\/#\/schema\/person\/587f0aaa0bc79792a743343715597b2e"},"breadcrumb":{"@id":"https:\/\/www.salesianos.edu\/familiasalesiana\/lecturas-de-enero-con-el-consejo-inspectorial-de-la-asociacion-de-maria-auxiliadora\/#breadcrumb"},"inLanguage":"es","potentialAction":[{"@type":"ReadAction","target":["https:\/\/www.salesianos.edu\/familiasalesiana\/lecturas-de-enero-con-el-consejo-inspectorial-de-la-asociacion-de-maria-auxiliadora\/"]}]},{"@type":"ImageObject","inLanguage":"es","@id":"https:\/\/www.salesianos.edu\/familiasalesiana\/lecturas-de-enero-con-el-consejo-inspectorial-de-la-asociacion-de-maria-auxiliadora\/#primaryimage","url":"https:\/\/www.salesianos.edu\/familiasalesiana\/wp-content\/uploads\/sites\/5\/2020\/12\/memorias-del-oratorio.jpg","contentUrl":"https:\/\/www.salesianos.edu\/familiasalesiana\/wp-content\/uploads\/sites\/5\/2020\/12\/memorias-del-oratorio.jpg","width":1800,"height":2520,"caption":"diapo2"},{"@type":"BreadcrumbList","@id":"https:\/\/www.salesianos.edu\/familiasalesiana\/lecturas-de-enero-con-el-consejo-inspectorial-de-la-asociacion-de-maria-auxiliadora\/#breadcrumb","itemListElement":[{"@type":"ListItem","position":1,"name":"Portada","item":"http:\/\/www.salesianos.edu\/familiasalesiana\/"},{"@type":"ListItem","position":2,"name":"Lecturas de enero con el Consejo Inspectorial de la Asociaci\u00f3n de Mar\u00eda Auxiliadora"}]},{"@type":"WebSite","@id":"http:\/\/www.salesianos.edu\/familiasalesiana\/#website","url":"http:\/\/www.salesianos.edu\/familiasalesiana\/","name":"Familia Salesiana","description":"P\u00e1gina oficial de Inspector\u00eda Salesiana Mar\u00eda Auxiliadora","potentialAction":[{"@type":"SearchAction","target":{"@type":"EntryPoint","urlTemplate":"http:\/\/www.salesianos.edu\/familiasalesiana\/?s={search_term_string}"},"query-input":{"@type":"PropertyValueSpecification","valueRequired":true,"valueName":"search_term_string"}}],"inLanguage":"es"},{"@type":"Person","@id":"http:\/\/www.salesianos.edu\/familiasalesiana\/#\/schema\/person\/587f0aaa0bc79792a743343715597b2e","name":"carlosmartin","image":{"@type":"ImageObject","inLanguage":"es","@id":"https:\/\/secure.gravatar.com\/avatar\/068204e325b7d19936f9561f323c3c719ed6f2c2a417a8c22c60e194a8bbdb21?s=96&d=mm&r=g","url":"https:\/\/secure.gravatar.com\/avatar\/068204e325b7d19936f9561f323c3c719ed6f2c2a417a8c22c60e194a8bbdb21?s=96&d=mm&r=g","contentUrl":"https:\/\/secure.gravatar.com\/avatar\/068204e325b7d19936f9561f323c3c719ed6f2c2a417a8c22c60e194a8bbdb21?s=96&d=mm&r=g","caption":"carlosmartin"}}]}},"_links":{"self":[{"href":"https:\/\/www.salesianos.edu\/familiasalesiana\/wp-json\/wp\/v2\/posts\/9115","targetHints":{"allow":["GET"]}}],"collection":[{"href":"https:\/\/www.salesianos.edu\/familiasalesiana\/wp-json\/wp\/v2\/posts"}],"about":[{"href":"https:\/\/www.salesianos.edu\/familiasalesiana\/wp-json\/wp\/v2\/types\/post"}],"author":[{"embeddable":true,"href":"https:\/\/www.salesianos.edu\/familiasalesiana\/wp-json\/wp\/v2\/users\/7"}],"replies":[{"embeddable":true,"href":"https:\/\/www.salesianos.edu\/familiasalesiana\/wp-json\/wp\/v2\/comments?post=9115"}],"version-history":[{"count":43,"href":"https:\/\/www.salesianos.edu\/familiasalesiana\/wp-json\/wp\/v2\/posts\/9115\/revisions"}],"predecessor-version":[{"id":9286,"href":"https:\/\/www.salesianos.edu\/familiasalesiana\/wp-json\/wp\/v2\/posts\/9115\/revisions\/9286"}],"wp:featuredmedia":[{"embeddable":true,"href":"https:\/\/www.salesianos.edu\/familiasalesiana\/wp-json\/wp\/v2\/media\/9118"}],"wp:attachment":[{"href":"https:\/\/www.salesianos.edu\/familiasalesiana\/wp-json\/wp\/v2\/media?parent=9115"}],"wp:term":[{"taxonomy":"category","embeddable":true,"href":"https:\/\/www.salesianos.edu\/familiasalesiana\/wp-json\/wp\/v2\/categories?post=9115"},{"taxonomy":"post_tag","embeddable":true,"href":"https:\/\/www.salesianos.edu\/familiasalesiana\/wp-json\/wp\/v2\/tags?post=9115"}],"curies":[{"name":"wp","href":"https:\/\/api.w.org\/{rel}","templated":true}]}}