{"id":9099,"date":"2020-12-15T13:51:30","date_gmt":"2020-12-15T12:51:30","guid":{"rendered":"http:\/\/www.salesianos.edu\/familiasalesiana\/se-acercan-las-jornadas-de-espiritualidad-de-la-familia-salesiana-2021\/"},"modified":"2020-12-15T13:51:30","modified_gmt":"2020-12-15T12:51:30","slug":"se-acercan-las-jornadas-de-espiritualidad-de-la-familia-salesiana-2021","status":"publish","type":"post","link":"https:\/\/www.salesianos.edu\/familiasalesiana\/se-acercan-las-jornadas-de-espiritualidad-de-la-familia-salesiana-2021\/","title":{"rendered":"Se acercan las Jornadas de Espiritualidad de la Familia Salesiana 2021"},"content":{"rendered":"<div id=\"fb-root\"><\/div>\n<p>[et_pb_section fb_built=\u00bb1&#8243; admin_label=\u00bbsection\u00bb _builder_version=\u00bb3.22&#8243;][et_pb_row admin_label=\u00bbrow\u00bb _builder_version=\u00bb3.25&#8243; background_size=\u00bbinitial\u00bb background_position=\u00bbtop_left\u00bb background_repeat=\u00bbrepeat\u00bb][et_pb_column type=\u00bb4_4&#8243; _builder_version=\u00bb3.25&#8243; custom_padding=\u00bb|||\u00bb custom_padding__hover=\u00bb|||\u00bb][et_pb_text _builder_version=\u00bb4.7.7&#8243;]<\/p>\n<p><em><span style=\"font-size: 10pt;\">Por Salesianos Comunicaci\u00f3n<\/span><\/em><\/p>\n<p>[\/et_pb_text][et_pb_text _builder_version=\u00bb4.7.7&#8243;]<\/p>\n<div dir=\"ltr\">\n<p>Las Jornadas de Espiritualidad de la Familia Salesiana 2021 se celebrar\u00e1n de forma virtual con Tur\u00edn-Valdocco como epicentro. Tendr\u00e1n lugar del 15 al 17 de enero y estar\u00e1n centradas, como es costumbre, en el tema del Aguinaldo del Rector Mayor. La l\u00ednea que gu\u00eda esta 39\u00b0 edici\u00f3n ser\u00e1 cel lema: \u00abNOS MUEVE LA ESPERANZA: \u201cQuiero hacer nuevas todas las cosas\u201d\u00bb (Ap. 21,5)\u201d.<\/p>\n<\/div>\n<div dir=\"ltr\">\n<p>La Familia Salesiana, con la presencia de la treintena de grupos que la componen, se encontrar\u00e1 de forma on line para compartir diferentes momentos de reflexi\u00f3n, oraci\u00f3n, compartir y encuentro al estilo de Don Bosco.<\/p>\n<\/div>\n<div dir=\"ltr\">\u00a0<\/div>\n<div dir=\"ltr\">\n<div dir=\"ltr\">\n<p>\u00abLas JEFS sirven para profundizar el mensaje que el Rector Mayor conf\u00eda a la Familia Salesiana con el Aguinaldo y pretenden en particular tomar conciencia de este gran valor de la esperanza en el carisma salesiano\u00bb, comparte\u00a0 Joan Llu\u00eds Play\u00e0, Delegado del Rector Mayor para la Familia Salesiana, sobre el encuentro.<\/p>\n<\/div>\n<blockquote>\n<div dir=\"ltr\">\n<p>\u00abY esta organizaci\u00f3n, que es una novedad de este a\u00f1o, originalmente motivada por la pandemia, creo que servir\u00e1 en cambio para involucrar a muchas m\u00e1s personas que en a\u00f1os anteriores, y hacer que todos sientan la realidad activa y difundida de la Familia Salesiana en el mundo. En definitiva, respondemos a la globalizaci\u00f3n de la pandemia con la globalizaci\u00f3n de la esperanza y del esp\u00edritu salesiano. Y lo hacemos porque estamos arraigados en nuestra fe, que nos dice, como recuerda el lema del Aguinaldo, que el Se\u00f1or hace nuevas todas las cosas\u00bb, a\u00f1ade Play\u00e1.<\/p>\n<\/div>\n<\/blockquote>\n<\/div>\n<div dir=\"ltr\">\n<p>Durante los d\u00edas del encuentro la Agencia iNfo Salesiana (ANS) emitir\u00e1 diferentes eventos en su p\u00e1gina de Facebook, entre los que se destacan la presentaci\u00f3n del Aguinaldo y, por supuesto, la Santa Misa Dominical presidida por el Rector Mayor y el encuentro final. De esta manera, todos los participantes que lo deseen podr\u00e1n seguir de cerca el desarrollo de las Jornadas de Espiritualidad de la Familia Salesiana a trav\u00e9s de las redes.<\/p>\n<\/div>\n<div dir=\"ltr\">\n<p>Los miembros de la Familia Salesiana que deseen participar de forma activa en los momentos de grupo de habla espa\u00f1ola podr\u00e1 hacerlo tras inscribirse en el formulario habilitado para la ocasi\u00f3n<\/p>\n<\/div>\n<p>[\/et_pb_text][et_pb_button button_url=\u00bbhttps:\/\/forms.gle\/A1ggigBkfkCdwr2S6%20&#8243; url_new_window=\u00bbon\u00bb button_text=\u00bbEnlace para la inscripci\u00f3n\u00bb button_alignment=\u00bbleft\u00bb _builder_version=\u00bb4.7.7&#8243; custom_button=\u00bbon\u00bb button_text_size=\u00bb15px\u00bb button_text_color=\u00bb#ffffff\u00bb button_bg_color=\u00bb#dc001b\u00bb button_border_radius=\u00bb26px\u00bb][\/et_pb_button][\/et_pb_column][\/et_pb_row][et_pb_row _builder_version=\u00bb4.7.7&#8243; _module_preset=\u00bbdefault\u00bb][et_pb_column type=\u00bb4_4&#8243; _builder_version=\u00bb4.7.7&#8243; _module_preset=\u00bbdefault\u00bb][et_pb_text _builder_version=\u00bb4.7.7&#8243; _module_preset=\u00bbdefault\u00bb min_height=\u00bb30px\u00bb]<\/p>\n<h2><b>TIEMPO EN COM\u00daN PARA TODAS LAS REGIONES DEL MUNDO<\/b><\/h2>\n<p>[\/et_pb_text][\/et_pb_column][\/et_pb_row][et_pb_row column_structure=\u00bb1_3,1_3,1_3&#8243; _builder_version=\u00bb4.7.7&#8243; _module_preset=\u00bbdefault\u00bb min_height=\u00bb213px\u00bb custom_margin=\u00bb-80px||||false|false\u00bb][et_pb_column type=\u00bb1_3&#8243; _builder_version=\u00bb4.7.7&#8243; _module_preset=\u00bbdefault\u00bb][et_pb_text _builder_version=\u00bb4.7.7&#8243;]<\/p>\n<h3 dir=\"ltr\"><b>Viernes 15 de enero (13:00 &#8211; 15:00)<\/b><\/h3>\n<ul>\n<li dir=\"ltr\">Sesi\u00f3n inaugural<\/li>\n<li dir=\"ltr\">Oraci\u00f3n<\/li>\n<li dir=\"ltr\">Presentaci\u00f3n de las Jornadas<\/li>\n<li dir=\"ltr\">Presentaci\u00f3n del Aguinaldo por parte del Rector Mayor<\/li>\n<li dir=\"ltr\">Intervenci\u00f3n de Mons. Derio Olivero, obispo de Pinerolo (Piemonte)<\/li>\n<\/ul>\n<p>[\/et_pb_text][\/et_pb_column][et_pb_column type=\u00bb1_3&#8243; _builder_version=\u00bb4.7.7&#8243; _module_preset=\u00bbdefault\u00bb][et_pb_text _builder_version=\u00bb4.7.7&#8243;]<\/p>\n<h3 dir=\"ltr\"><b>S\u00e1bado 16 de enero (13:00 &#8211; 15:00)<\/b><\/h3>\n<ul>\n<li dir=\"ltr\">Presentaci\u00f3n de los Grupos de la Familia Salesiana y comunicaci\u00f3n del trabajo de grupo de las distintas regiones<\/li>\n<\/ul>\n<p>[\/et_pb_text][\/et_pb_column][et_pb_column type=\u00bb1_3&#8243; _builder_version=\u00bb4.7.7&#8243; _module_preset=\u00bbdefault\u00bb][et_pb_text _builder_version=\u00bb4.7.7&#8243;]<\/p>\n<h3 dir=\"ltr\"><b>Domingo 17 de enero (12:30h.)<\/b><\/h3>\n<ul>\n<li dir=\"ltr\">Eucarist\u00eda final presidida por el Rector Mayor<\/li>\n<li dir=\"ltr\">Sesi\u00f3n de clausura<\/li>\n<\/ul>\n<p>[\/et_pb_text][\/et_pb_column][\/et_pb_row][et_pb_row column_structure=\u00bb1_2,1_2&#8243; _builder_version=\u00bb4.7.7&#8243; _module_preset=\u00bbdefault\u00bb custom_margin=\u00bb-30px||||false|false\u00bb][et_pb_column type=\u00bb1_2&#8243; _builder_version=\u00bb4.7.7&#8243; _module_preset=\u00bbdefault\u00bb][et_pb_text _builder_version=\u00bb4.7.7&#8243;]<\/p>\n<h3 dir=\"ltr\"><b>TIEMPO PROPIO EN LENGUA ESPA\u00d1OLA<\/b><\/h3>\n<ul>\n<li dir=\"ltr\">Visita virtual a la Casa Don Bosco de Valdocco<\/li>\n<li dir=\"ltr\">Testimonios y experiencias de Familia Salesiana<\/li>\n<\/ul>\n<p style=\"padding-left: 80px;\">&#8211; Youth Voice (J\u00f3venes del MJS)<br \/>&#8211; Iglesia perseguida (pakist\u00e1n)<br \/>&#8211; Mazzarello &#8211; Anuarite (Salesianas Congo)<br \/>&#8211; El reconocimiento de Mons. Cognata (Salesianas Oblatas del Sagrado Coraz\u00f3n)<br \/>&#8211; Don Pablo Albera. El mundo en los ojos.<br \/>&#8211; Momentos de trabajo en grupo<br \/>&#8211; Momentos de oraci\u00f3n<\/p>\n<p>[\/et_pb_text][\/et_pb_column][et_pb_column type=\u00bb1_2&#8243; _builder_version=\u00bb4.7.7&#8243; _module_preset=\u00bbdefault\u00bb][et_pb_button button_url=\u00bbhttps:\/\/recursos.salesianos.info\/jornadadeespiritualidad\/\u00bb url_new_window=\u00bbon\u00bb button_text=\u00bbPara todos los participantes de Salesianos Espa\u00f1a se ha habilitado un espacio web con el que compartir el desarrollo de las jornadas\u00bb button_alignment=\u00bbcenter\u00bb _builder_version=\u00bb4.7.7&#8243; custom_button=\u00bbon\u00bb button_text_size=\u00bb15px\u00bb button_text_color=\u00bb#ffffff\u00bb button_bg_color=\u00bb#dc001b\u00bb button_border_radius=\u00bb26px\u00bb][\/et_pb_button][\/et_pb_column][\/et_pb_row][\/et_pb_section]<\/p>\n","protected":false},"excerpt":{"rendered":"<p>Para todos los participantes de Salesianos Espa\u00f1a se ha habilitado un espacio web con el que compartir el desarrollo de las jornadas en www.recursos.salesianos.info\/jornadadeespiritualidad\/<\/p>\n","protected":false},"author":12,"featured_media":9100,"comment_status":"open","ping_status":"open","sticky":false,"template":"","format":"standard","meta":{"_et_pb_use_builder":"on","_et_pb_old_content":"","_et_gb_content_width":"","footnotes":""},"categories":[46,27,15,41],"tags":[],"class_list":["post-9099","post","type-post","status-publish","format-standard","has-post-thumbnail","hentry","category-curso20-21","category-fasa","category-portada","category-rector-mayor"],"yoast_head":"<!-- This site is optimized with the Yoast SEO plugin v27.5 - https:\/\/yoast.com\/product\/yoast-seo-wordpress\/ -->\n<title>Se acercan las Jornadas de Espiritualidad de la Familia Salesiana 2021 - Familia Salesiana<\/title>\n<meta name=\"robots\" content=\"index, follow, max-snippet:-1, max-image-preview:large, max-video-preview:-1\" \/>\n<link rel=\"canonical\" href=\"https:\/\/www.salesianos.edu\/familiasalesiana\/se-acercan-las-jornadas-de-espiritualidad-de-la-familia-salesiana-2021\/\" \/>\n<meta property=\"og:locale\" content=\"es_ES\" \/>\n<meta property=\"og:type\" content=\"article\" \/>\n<meta property=\"og:title\" content=\"Se acercan las Jornadas de Espiritualidad de la Familia Salesiana 2021 - Familia Salesiana\" \/>\n<meta property=\"og:description\" content=\"Para todos los participantes de Salesianos Espa\u00f1a se ha habilitado un espacio web con el que compartir el desarrollo de las jornadas en www.recursos.salesianos.info\/jornadadeespiritualidad\/\" \/>\n<meta property=\"og:url\" content=\"https:\/\/www.salesianos.edu\/familiasalesiana\/se-acercan-las-jornadas-de-espiritualidad-de-la-familia-salesiana-2021\/\" \/>\n<meta property=\"og:site_name\" content=\"Familia Salesiana\" \/>\n<meta property=\"article:published_time\" content=\"2020-12-15T12:51:30+00:00\" \/>\n<meta property=\"og:image\" content=\"https:\/\/www.salesianos.edu\/familiasalesiana\/wp-content\/uploads\/sites\/5\/2020\/12\/FASA-copia.png\" \/>\n\t<meta property=\"og:image:width\" content=\"1536\" \/>\n\t<meta property=\"og:image:height\" content=\"645\" \/>\n\t<meta property=\"og:image:type\" content=\"image\/png\" \/>\n<meta name=\"author\" content=\"joseluisgarciamoscoso\" \/>\n<meta name=\"twitter:card\" content=\"summary_large_image\" \/>\n<meta name=\"twitter:label1\" content=\"Escrito por\" \/>\n\t<meta name=\"twitter:data1\" content=\"joseluisgarciamoscoso\" \/>\n\t<meta name=\"twitter:label2\" content=\"Tiempo de lectura\" \/>\n\t<meta name=\"twitter:data2\" content=\"4 minutos\" \/>\n<script type=\"application\/ld+json\" class=\"yoast-schema-graph\">{\"@context\":\"https:\\\/\\\/schema.org\",\"@graph\":[{\"@type\":\"Article\",\"@id\":\"https:\\\/\\\/www.salesianos.edu\\\/familiasalesiana\\\/se-acercan-las-jornadas-de-espiritualidad-de-la-familia-salesiana-2021\\\/#article\",\"isPartOf\":{\"@id\":\"https:\\\/\\\/www.salesianos.edu\\\/familiasalesiana\\\/se-acercan-las-jornadas-de-espiritualidad-de-la-familia-salesiana-2021\\\/\"},\"author\":{\"name\":\"joseluisgarciamoscoso\",\"@id\":\"http:\\\/\\\/www.salesianos.edu\\\/familiasalesiana\\\/#\\\/schema\\\/person\\\/a1d72ee5373cce7347fb2993ba9f47d6\"},\"headline\":\"Se acercan las Jornadas de Espiritualidad de la Familia Salesiana 2021\",\"datePublished\":\"2020-12-15T12:51:30+00:00\",\"mainEntityOfPage\":{\"@id\":\"https:\\\/\\\/www.salesianos.edu\\\/familiasalesiana\\\/se-acercan-las-jornadas-de-espiritualidad-de-la-familia-salesiana-2021\\\/\"},\"wordCount\":886,\"commentCount\":0,\"image\":{\"@id\":\"https:\\\/\\\/www.salesianos.edu\\\/familiasalesiana\\\/se-acercan-las-jornadas-de-espiritualidad-de-la-familia-salesiana-2021\\\/#primaryimage\"},\"thumbnailUrl\":\"https:\\\/\\\/www.salesianos.edu\\\/familiasalesiana\\\/wp-content\\\/uploads\\\/sites\\\/5\\\/2020\\\/12\\\/FASA-copia.png\",\"articleSection\":[\"Curso20-21\",\"Familia Salesiana\",\"portada\",\"Rector Mayor\"],\"inLanguage\":\"es\",\"potentialAction\":[{\"@type\":\"CommentAction\",\"name\":\"Comment\",\"target\":[\"https:\\\/\\\/www.salesianos.edu\\\/familiasalesiana\\\/se-acercan-las-jornadas-de-espiritualidad-de-la-familia-salesiana-2021\\\/#respond\"]}]},{\"@type\":\"WebPage\",\"@id\":\"https:\\\/\\\/www.salesianos.edu\\\/familiasalesiana\\\/se-acercan-las-jornadas-de-espiritualidad-de-la-familia-salesiana-2021\\\/\",\"url\":\"https:\\\/\\\/www.salesianos.edu\\\/familiasalesiana\\\/se-acercan-las-jornadas-de-espiritualidad-de-la-familia-salesiana-2021\\\/\",\"name\":\"Se acercan las Jornadas de Espiritualidad de la Familia Salesiana 2021 - Familia Salesiana\",\"isPartOf\":{\"@id\":\"http:\\\/\\\/www.salesianos.edu\\\/familiasalesiana\\\/#website\"},\"primaryImageOfPage\":{\"@id\":\"https:\\\/\\\/www.salesianos.edu\\\/familiasalesiana\\\/se-acercan-las-jornadas-de-espiritualidad-de-la-familia-salesiana-2021\\\/#primaryimage\"},\"image\":{\"@id\":\"https:\\\/\\\/www.salesianos.edu\\\/familiasalesiana\\\/se-acercan-las-jornadas-de-espiritualidad-de-la-familia-salesiana-2021\\\/#primaryimage\"},\"thumbnailUrl\":\"https:\\\/\\\/www.salesianos.edu\\\/familiasalesiana\\\/wp-content\\\/uploads\\\/sites\\\/5\\\/2020\\\/12\\\/FASA-copia.png\",\"datePublished\":\"2020-12-15T12:51:30+00:00\",\"author\":{\"@id\":\"http:\\\/\\\/www.salesianos.edu\\\/familiasalesiana\\\/#\\\/schema\\\/person\\\/a1d72ee5373cce7347fb2993ba9f47d6\"},\"breadcrumb\":{\"@id\":\"https:\\\/\\\/www.salesianos.edu\\\/familiasalesiana\\\/se-acercan-las-jornadas-de-espiritualidad-de-la-familia-salesiana-2021\\\/#breadcrumb\"},\"inLanguage\":\"es\",\"potentialAction\":[{\"@type\":\"ReadAction\",\"target\":[\"https:\\\/\\\/www.salesianos.edu\\\/familiasalesiana\\\/se-acercan-las-jornadas-de-espiritualidad-de-la-familia-salesiana-2021\\\/\"]}]},{\"@type\":\"ImageObject\",\"inLanguage\":\"es\",\"@id\":\"https:\\\/\\\/www.salesianos.edu\\\/familiasalesiana\\\/se-acercan-las-jornadas-de-espiritualidad-de-la-familia-salesiana-2021\\\/#primaryimage\",\"url\":\"https:\\\/\\\/www.salesianos.edu\\\/familiasalesiana\\\/wp-content\\\/uploads\\\/sites\\\/5\\\/2020\\\/12\\\/FASA-copia.png\",\"contentUrl\":\"https:\\\/\\\/www.salesianos.edu\\\/familiasalesiana\\\/wp-content\\\/uploads\\\/sites\\\/5\\\/2020\\\/12\\\/FASA-copia.png\",\"width\":1536,\"height\":645},{\"@type\":\"BreadcrumbList\",\"@id\":\"https:\\\/\\\/www.salesianos.edu\\\/familiasalesiana\\\/se-acercan-las-jornadas-de-espiritualidad-de-la-familia-salesiana-2021\\\/#breadcrumb\",\"itemListElement\":[{\"@type\":\"ListItem\",\"position\":1,\"name\":\"Portada\",\"item\":\"http:\\\/\\\/www.salesianos.edu\\\/familiasalesiana\\\/\"},{\"@type\":\"ListItem\",\"position\":2,\"name\":\"Se acercan las Jornadas de Espiritualidad de la Familia Salesiana 2021\"}]},{\"@type\":\"WebSite\",\"@id\":\"http:\\\/\\\/www.salesianos.edu\\\/familiasalesiana\\\/#website\",\"url\":\"http:\\\/\\\/www.salesianos.edu\\\/familiasalesiana\\\/\",\"name\":\"Familia Salesiana\",\"description\":\"P\u00e1gina oficial de Inspector\u00eda Salesiana Mar\u00eda Auxiliadora\",\"potentialAction\":[{\"@type\":\"SearchAction\",\"target\":{\"@type\":\"EntryPoint\",\"urlTemplate\":\"http:\\\/\\\/www.salesianos.edu\\\/familiasalesiana\\\/?s={search_term_string}\"},\"query-input\":{\"@type\":\"PropertyValueSpecification\",\"valueRequired\":true,\"valueName\":\"search_term_string\"}}],\"inLanguage\":\"es\"},{\"@type\":\"Person\",\"@id\":\"http:\\\/\\\/www.salesianos.edu\\\/familiasalesiana\\\/#\\\/schema\\\/person\\\/a1d72ee5373cce7347fb2993ba9f47d6\",\"name\":\"joseluisgarciamoscoso\",\"image\":{\"@type\":\"ImageObject\",\"inLanguage\":\"es\",\"@id\":\"https:\\\/\\\/secure.gravatar.com\\\/avatar\\\/3fda3a0b2db3bc9a39871e47cbd526b42d6c3b74755b7ae1400a87b2913fea6a?s=96&d=mm&r=g\",\"url\":\"https:\\\/\\\/secure.gravatar.com\\\/avatar\\\/3fda3a0b2db3bc9a39871e47cbd526b42d6c3b74755b7ae1400a87b2913fea6a?s=96&d=mm&r=g\",\"contentUrl\":\"https:\\\/\\\/secure.gravatar.com\\\/avatar\\\/3fda3a0b2db3bc9a39871e47cbd526b42d6c3b74755b7ae1400a87b2913fea6a?s=96&d=mm&r=g\",\"caption\":\"joseluisgarciamoscoso\"}}]}<\/script>\n<!-- \/ Yoast SEO plugin. -->","yoast_head_json":{"title":"Se acercan las Jornadas de Espiritualidad de la Familia Salesiana 2021 - Familia Salesiana","robots":{"index":"index","follow":"follow","max-snippet":"max-snippet:-1","max-image-preview":"max-image-preview:large","max-video-preview":"max-video-preview:-1"},"canonical":"https:\/\/www.salesianos.edu\/familiasalesiana\/se-acercan-las-jornadas-de-espiritualidad-de-la-familia-salesiana-2021\/","og_locale":"es_ES","og_type":"article","og_title":"Se acercan las Jornadas de Espiritualidad de la Familia Salesiana 2021 - Familia Salesiana","og_description":"Para todos los participantes de Salesianos Espa\u00f1a se ha habilitado un espacio web con el que compartir el desarrollo de las jornadas en www.recursos.salesianos.info\/jornadadeespiritualidad\/","og_url":"https:\/\/www.salesianos.edu\/familiasalesiana\/se-acercan-las-jornadas-de-espiritualidad-de-la-familia-salesiana-2021\/","og_site_name":"Familia Salesiana","article_published_time":"2020-12-15T12:51:30+00:00","og_image":[{"width":1536,"height":645,"url":"https:\/\/www.salesianos.edu\/familiasalesiana\/wp-content\/uploads\/sites\/5\/2020\/12\/FASA-copia.png","type":"image\/png"}],"author":"joseluisgarciamoscoso","twitter_card":"summary_large_image","twitter_misc":{"Escrito por":"joseluisgarciamoscoso","Tiempo de lectura":"4 minutos"},"schema":{"@context":"https:\/\/schema.org","@graph":[{"@type":"Article","@id":"https:\/\/www.salesianos.edu\/familiasalesiana\/se-acercan-las-jornadas-de-espiritualidad-de-la-familia-salesiana-2021\/#article","isPartOf":{"@id":"https:\/\/www.salesianos.edu\/familiasalesiana\/se-acercan-las-jornadas-de-espiritualidad-de-la-familia-salesiana-2021\/"},"author":{"name":"joseluisgarciamoscoso","@id":"http:\/\/www.salesianos.edu\/familiasalesiana\/#\/schema\/person\/a1d72ee5373cce7347fb2993ba9f47d6"},"headline":"Se acercan las Jornadas de Espiritualidad de la Familia Salesiana 2021","datePublished":"2020-12-15T12:51:30+00:00","mainEntityOfPage":{"@id":"https:\/\/www.salesianos.edu\/familiasalesiana\/se-acercan-las-jornadas-de-espiritualidad-de-la-familia-salesiana-2021\/"},"wordCount":886,"commentCount":0,"image":{"@id":"https:\/\/www.salesianos.edu\/familiasalesiana\/se-acercan-las-jornadas-de-espiritualidad-de-la-familia-salesiana-2021\/#primaryimage"},"thumbnailUrl":"https:\/\/www.salesianos.edu\/familiasalesiana\/wp-content\/uploads\/sites\/5\/2020\/12\/FASA-copia.png","articleSection":["Curso20-21","Familia Salesiana","portada","Rector Mayor"],"inLanguage":"es","potentialAction":[{"@type":"CommentAction","name":"Comment","target":["https:\/\/www.salesianos.edu\/familiasalesiana\/se-acercan-las-jornadas-de-espiritualidad-de-la-familia-salesiana-2021\/#respond"]}]},{"@type":"WebPage","@id":"https:\/\/www.salesianos.edu\/familiasalesiana\/se-acercan-las-jornadas-de-espiritualidad-de-la-familia-salesiana-2021\/","url":"https:\/\/www.salesianos.edu\/familiasalesiana\/se-acercan-las-jornadas-de-espiritualidad-de-la-familia-salesiana-2021\/","name":"Se acercan las Jornadas de Espiritualidad de la Familia Salesiana 2021 - Familia Salesiana","isPartOf":{"@id":"http:\/\/www.salesianos.edu\/familiasalesiana\/#website"},"primaryImageOfPage":{"@id":"https:\/\/www.salesianos.edu\/familiasalesiana\/se-acercan-las-jornadas-de-espiritualidad-de-la-familia-salesiana-2021\/#primaryimage"},"image":{"@id":"https:\/\/www.salesianos.edu\/familiasalesiana\/se-acercan-las-jornadas-de-espiritualidad-de-la-familia-salesiana-2021\/#primaryimage"},"thumbnailUrl":"https:\/\/www.salesianos.edu\/familiasalesiana\/wp-content\/uploads\/sites\/5\/2020\/12\/FASA-copia.png","datePublished":"2020-12-15T12:51:30+00:00","author":{"@id":"http:\/\/www.salesianos.edu\/familiasalesiana\/#\/schema\/person\/a1d72ee5373cce7347fb2993ba9f47d6"},"breadcrumb":{"@id":"https:\/\/www.salesianos.edu\/familiasalesiana\/se-acercan-las-jornadas-de-espiritualidad-de-la-familia-salesiana-2021\/#breadcrumb"},"inLanguage":"es","potentialAction":[{"@type":"ReadAction","target":["https:\/\/www.salesianos.edu\/familiasalesiana\/se-acercan-las-jornadas-de-espiritualidad-de-la-familia-salesiana-2021\/"]}]},{"@type":"ImageObject","inLanguage":"es","@id":"https:\/\/www.salesianos.edu\/familiasalesiana\/se-acercan-las-jornadas-de-espiritualidad-de-la-familia-salesiana-2021\/#primaryimage","url":"https:\/\/www.salesianos.edu\/familiasalesiana\/wp-content\/uploads\/sites\/5\/2020\/12\/FASA-copia.png","contentUrl":"https:\/\/www.salesianos.edu\/familiasalesiana\/wp-content\/uploads\/sites\/5\/2020\/12\/FASA-copia.png","width":1536,"height":645},{"@type":"BreadcrumbList","@id":"https:\/\/www.salesianos.edu\/familiasalesiana\/se-acercan-las-jornadas-de-espiritualidad-de-la-familia-salesiana-2021\/#breadcrumb","itemListElement":[{"@type":"ListItem","position":1,"name":"Portada","item":"http:\/\/www.salesianos.edu\/familiasalesiana\/"},{"@type":"ListItem","position":2,"name":"Se acercan las Jornadas de Espiritualidad de la Familia Salesiana 2021"}]},{"@type":"WebSite","@id":"http:\/\/www.salesianos.edu\/familiasalesiana\/#website","url":"http:\/\/www.salesianos.edu\/familiasalesiana\/","name":"Familia Salesiana","description":"P\u00e1gina oficial de Inspector\u00eda Salesiana Mar\u00eda Auxiliadora","potentialAction":[{"@type":"SearchAction","target":{"@type":"EntryPoint","urlTemplate":"http:\/\/www.salesianos.edu\/familiasalesiana\/?s={search_term_string}"},"query-input":{"@type":"PropertyValueSpecification","valueRequired":true,"valueName":"search_term_string"}}],"inLanguage":"es"},{"@type":"Person","@id":"http:\/\/www.salesianos.edu\/familiasalesiana\/#\/schema\/person\/a1d72ee5373cce7347fb2993ba9f47d6","name":"joseluisgarciamoscoso","image":{"@type":"ImageObject","inLanguage":"es","@id":"https:\/\/secure.gravatar.com\/avatar\/3fda3a0b2db3bc9a39871e47cbd526b42d6c3b74755b7ae1400a87b2913fea6a?s=96&d=mm&r=g","url":"https:\/\/secure.gravatar.com\/avatar\/3fda3a0b2db3bc9a39871e47cbd526b42d6c3b74755b7ae1400a87b2913fea6a?s=96&d=mm&r=g","contentUrl":"https:\/\/secure.gravatar.com\/avatar\/3fda3a0b2db3bc9a39871e47cbd526b42d6c3b74755b7ae1400a87b2913fea6a?s=96&d=mm&r=g","caption":"joseluisgarciamoscoso"}}]}},"_links":{"self":[{"href":"https:\/\/www.salesianos.edu\/familiasalesiana\/wp-json\/wp\/v2\/posts\/9099","targetHints":{"allow":["GET"]}}],"collection":[{"href":"https:\/\/www.salesianos.edu\/familiasalesiana\/wp-json\/wp\/v2\/posts"}],"about":[{"href":"https:\/\/www.salesianos.edu\/familiasalesiana\/wp-json\/wp\/v2\/types\/post"}],"author":[{"embeddable":true,"href":"https:\/\/www.salesianos.edu\/familiasalesiana\/wp-json\/wp\/v2\/users\/12"}],"replies":[{"embeddable":true,"href":"https:\/\/www.salesianos.edu\/familiasalesiana\/wp-json\/wp\/v2\/comments?post=9099"}],"version-history":[{"count":0,"href":"https:\/\/www.salesianos.edu\/familiasalesiana\/wp-json\/wp\/v2\/posts\/9099\/revisions"}],"wp:featuredmedia":[{"embeddable":true,"href":"https:\/\/www.salesianos.edu\/familiasalesiana\/wp-json\/wp\/v2\/media\/9100"}],"wp:attachment":[{"href":"https:\/\/www.salesianos.edu\/familiasalesiana\/wp-json\/wp\/v2\/media?parent=9099"}],"wp:term":[{"taxonomy":"category","embeddable":true,"href":"https:\/\/www.salesianos.edu\/familiasalesiana\/wp-json\/wp\/v2\/categories?post=9099"},{"taxonomy":"post_tag","embeddable":true,"href":"https:\/\/www.salesianos.edu\/familiasalesiana\/wp-json\/wp\/v2\/tags?post=9099"}],"curies":[{"name":"wp","href":"https:\/\/api.w.org\/{rel}","templated":true}]}}